{"id":14263,"date":"2024-11-03T22:47:21","date_gmt":"2024-11-03T21:47:21","guid":{"rendered":"https:\/\/faber-etec.de\/?p=14263"},"modified":"2024-11-28T16:56:10","modified_gmt":"2024-11-28T15:56:10","slug":"klimaschutz-energiepolitik","status":"publish","type":"post","link":"https:\/\/faber-etec.de\/en\/news\/klimaschutz-energiepolitik\/","title":{"rendered":"Climate protection and energy policy in Germany"},"content":{"rendered":"\t\t<div data-elementor-type=\"wp-post\" data-elementor-id=\"14263\" class=\"elementor elementor-14263\" data-elementor-post-type=\"post\">\n\t\t\t\t<div class=\"elementor-element elementor-element-49c408b e-flex e-con-boxed e-con e-parent\" data-id=\"49c408b\" data-element_type=\"container\" data-e-type=\"container\">\n\t\t\t\t\t<div class=\"e-con-inner\">\n\t\t\t\t<div class=\"elementor-element elementor-element-18e2a88 elementor-widget elementor-widget-heading\" data-id=\"18e2a88\" data-element_type=\"widget\" data-e-type=\"widget\" data-widget_type=\"heading.default\">\n\t\t\t\t<div class=\"elementor-widget-container\">\n\t\t\t\t\t<h2 class=\"elementor-heading-title elementor-size-default\">Nachhaltige Energieversorgung mit Trafostationen und Trafo - Beton - Kompaktstationen\n<\/h2>\t\t\t\t<\/div>\n\t\t\t\t<\/div>\n\t\t\t\t<div class=\"elementor-element elementor-element-bc2a999 elementor-widget elementor-widget-text-editor\" data-id=\"bc2a999\" data-element_type=\"widget\" data-e-type=\"widget\" data-widget_type=\"text-editor.default\">\n\t\t\t\t<div class=\"elementor-widget-container\">\n\t\t\t\t\t\t\t\t\t<div class=\"flex max-w-full flex-col flex-grow\"><div class=\"min-h-8 text-message flex w-full flex-col items-end gap-2 whitespace-normal break-words [.text-message+&amp;]:mt-5\" dir=\"auto\" data-message-author-role=\"assistant\" data-message-id=\"fd4a5385-bebe-4301-8075-204f346af79e\" data-message-model-slug=\"gpt-4o\"><div class=\"flex w-full flex-col gap-1 empty:hidden first:pt-[3px]\"><div class=\"markdown prose w-full break-words dark:prose-invert light\"><p><strong>Trafostationen<\/strong> und <strong>Beton-Kompaktstationen<\/strong> sichern eine zuverl\u00e4ssige und umweltfreundliche <strong>Stromversorgung<\/strong>. Sie unterst\u00fctzen die Nutzung erneuerbarer Energien und tragen zur Erreichung der Klimaziele in Deutschland bei. Diese robusten Anlagen sorgen f\u00fcr eine stabile Energieinfrastruktur und eine nachhaltige Zukunft.<\/p><\/div><\/div><\/div><\/div>\t\t\t\t\t\t\t\t<\/div>\n\t\t\t\t<\/div>\n\t\t\t\t<div class=\"elementor-element elementor-element-7e5ce7d elementor-widget elementor-widget-text-editor\" data-id=\"7e5ce7d\" data-element_type=\"widget\" data-e-type=\"widget\" data-widget_type=\"text-editor.default\">\n\t\t\t\t<div class=\"elementor-widget-container\">\n\t\t\t\t\t\t\t\t\t<h3>Klimaschutz und Energiepolitik in Deutschland: Die Rolle von Trafostationen und Kompaktstationen f\u00fcr eine nachhaltige Energiezukunft<\/h3><p>Die Auswirkungen des Klimawandels und der Bedarf an nachhaltigen Energiesystemen stellen Deutschland vor immense Herausforderungen. Die Bundesregierung verfolgt ehrgeizige Ziele, um eine klimaneutrale Energieversorgung zu schaffen und die <strong>CO\u2082-Emissionen<\/strong> drastisch zu senken. Trafostationen und Kompaktstationen wie jene von Faber E-Tec in B\u00fcnde spielen dabei eine zentrale Rolle, indem sie die Energieinfrastruktur unterst\u00fctzen und eine stabile Energieversorgung gew\u00e4hrleisten.<\/p>\t\t\t\t\t\t\t\t<\/div>\n\t\t\t\t<\/div>\n\t\t\t\t<div class=\"elementor-element elementor-element-2bdb205 elementor-widget elementor-widget-image\" data-id=\"2bdb205\" data-element_type=\"widget\" data-e-type=\"widget\" data-widget_type=\"image.default\">\n\t\t\t\t<div class=\"elementor-widget-container\">\n\t\t\t\t\t\t\t\t\t\t\t\t<figure class=\"wp-caption\">\n\t\t\t\t\t\t\t\t\t\t<img fetchpriority=\"high\" decoding=\"async\" width=\"768\" height=\"430\" src=\"https:\/\/faber-etec.de\/wp-content\/uploads\/sites\/3\/2024\/11\/solaranlage_industrieanlage_erneuerbare_energien_nachhaltigkeit-768x430.avif\" class=\"attachment-medium_large size-medium_large wp-image-14273\" alt=\"Solaranlage vor Industrieanlage f\u00fcr nachhaltige Energieversorgung und Klimaschutz - L\u00f6sung kompaktstation trafo, trafo kompaktstation, kompaktstation und Trafostation von Faber E-Tec\" srcset=\"https:\/\/faber-etec.de\/wp-content\/uploads\/sites\/3\/2024\/11\/solaranlage_industrieanlage_erneuerbare_energien_nachhaltigkeit-768x430.avif 768w, https:\/\/faber-etec.de\/wp-content\/uploads\/sites\/3\/2024\/11\/solaranlage_industrieanlage_erneuerbare_energien_nachhaltigkeit-300x168.avif 300w, https:\/\/faber-etec.de\/wp-content\/uploads\/sites\/3\/2024\/11\/solaranlage_industrieanlage_erneuerbare_energien_nachhaltigkeit-1024x574.avif 1024w, https:\/\/faber-etec.de\/wp-content\/uploads\/sites\/3\/2024\/11\/solaranlage_industrieanlage_erneuerbare_energien_nachhaltigkeit-1536x861.avif 1536w, https:\/\/faber-etec.de\/wp-content\/uploads\/sites\/3\/2024\/11\/solaranlage_industrieanlage_erneuerbare_energien_nachhaltigkeit-18x10.avif 18w, https:\/\/faber-etec.de\/wp-content\/uploads\/sites\/3\/2024\/11\/solaranlage_industrieanlage_erneuerbare_energien_nachhaltigkeit.avif 2000w\" sizes=\"(max-width: 768px) 100vw, 768px\" title=\"Solaranlage und Industrieanlage f\u00fcr nachhaltige Energie und Klimaschutz, Trafostation von Faber E-Tec\" \/>\t\t\t\t\t\t\t\t\t\t\t<figcaption class=\"widget-image-caption wp-caption-text\">Eine Solaranlage neben einer Industrieanlage, die den Einsatz erneuerbarer Energien und Nachhaltigkeit unterst\u00fctzt. Diese Kombination zeigt, wie Betonkompaktstationen und Kompakttrafostationen in modernen Energiesystemen zur Umsetzung der Klimaschutz- und Energiepolitik in Deutschland beitragen k\u00f6nnen.<\/figcaption>\n\t\t\t\t\t\t\t\t\t\t<\/figure>\n\t\t\t\t\t\t\t\t\t<\/div>\n\t\t\t\t<\/div>\n\t\t\t\t<div class=\"elementor-element elementor-element-4b692c9 elementor-widget elementor-widget-text-editor\" data-id=\"4b692c9\" data-element_type=\"widget\" data-e-type=\"widget\" data-widget_type=\"text-editor.default\">\n\t\t\t\t<div class=\"elementor-widget-container\">\n\t\t\t\t\t\t\t\t\t<h2>Deutschland auf dem Weg zur Klimaneutralit\u00e4t<\/h2><p>Laut dem <a href=\"https:\/\/www.bmz.de\/de\/themen\/klimawandel-und-entwicklung\/energie-und-klima\" title=\"Energie Und Klima - Bundesministerium f\u00fcr wirtschaftliche Zusammenarbeit und Entwicklung (BMZ)\" target=\"_new\" rel=\"noopener\">Bundesministerium f\u00fcr wirtschaftliche Zusammenarbeit und Entwicklung (BMZ)<\/a> ist eine klimaneutrale Energieversorgung essentiell, um die wirtschaftliche und soziale Entwicklung nachhaltig zu gestalten (<a  href=\"#quelle\" title=\" - Zu den Quellen\">Zu den Quellen<\/a>)\u200b. Ma\u00dfnahmen zur F\u00f6rderung erneuerbarer Energien, wie die Bereitstellung von Krediten \u00fcber die <a href=\"https:\/\/www.bmz.de\/de\/service\/lexikon\/kfw-entwicklungsbank-14592\" title=\"Kfw Entwicklungsbank 14592 - KfW\" target=\"_new\" rel=\"noopener\">KfW<\/a> f\u00fcr klimafreundliche Projekte, sollen den Wandel beschleunigen. Das Ziel: Energie effizienter nutzen und die Abh\u00e4ngigkeit von fossilen Brennstoffen reduzieren. Diese Bestrebungen unterstreichen, wie wichtig der Ausbau der Infrastruktur, insbesondere durch Trafostationen und Kompaktstationen, f\u00fcr die Energiepolitik in Deutschland ist.<\/p>\t\t\t\t\t\t\t\t<\/div>\n\t\t\t\t<\/div>\n\t\t\t\t<div class=\"elementor-element elementor-element-a2dcd89 elementor-widget elementor-widget-text-editor\" data-id=\"a2dcd89\" data-element_type=\"widget\" data-e-type=\"widget\" data-widget_type=\"text-editor.default\">\n\t\t\t\t<div class=\"elementor-widget-container\">\n\t\t\t\t\t\t\t\t\t<h2>Der Ausbau erneuerbarer Energien und die Rolle von Kompaktstationen<\/h2><p>Um die Klimaziele zu erreichen, muss der Anteil erneuerbarer Energien weiter steigen. Die Bundesregierung strebt bis 2030 einen Anteil von 80 Prozent erneuerbarer Energien am Stromverbrauch an. Bereits im ersten Halbjahr 2024 deckten Erneuerbare Energien 57 Prozent des verbrauchten Stroms in Deutschland\u200b (<a href=\"https:\/\/faber-etec.de\/?p=14263&#038;elementor-preview=14263&#038;ver=1730670526#quelle\" title=\" - Zu den Quellen\">Zu den Quellen<\/a>)\u200b\u200b. Damit die Verteilung dieser nachhaltigen Energie effizient und stabil bleibt, ist eine zuverl\u00e4ssige Infrastruktur von entscheidender Bedeutung. Hier kommen spezialisierte Kompaktstationen und Betonkompaktstationen zum Einsatz, die als zentrale Knotenpunkte im Niederspannungsnetz dienen und f\u00fcr eine stabile Verteilung sorgen.<\/p>\t\t\t\t\t\t\t\t<\/div>\n\t\t\t\t<\/div>\n\t\t\t\t<div class=\"elementor-element elementor-element-93894e5 elementor-widget elementor-widget-text-editor\" data-id=\"93894e5\" data-element_type=\"widget\" data-e-type=\"widget\" data-widget_type=\"text-editor.default\">\n\t\t\t\t<div class=\"elementor-widget-container\">\n\t\t\t\t\t\t\t\t\t<h3>Gesetzliche Rahmenbedingungen und Investitionen in die Infrastruktur<\/h3><p>Die deutsche <b>Energiepolitik <\/b>orientiert sich an drei Hauptzielen: Versorgungssicherheit, Wirtschaftlichkeit und \u00f6kologische Vertr\u00e4glichkeit. Im Rahmen des <a href=\"https:\/\/www.energiewechsel.de\/KAENEF\/Navigation\/DE\/Energiewechsel\/Erneuerbare-Energien\/erneuerbare-energien\" title=\"Erneuerbare Energien - Erneuerbare-Energien-Gesetzes (EEG)\" target=\"_new\" rel=\"noopener\">Erneuerbare-Energien-Gesetzes (EEG)<\/a> und des <a href=\"https:\/\/www.wwf.de\/themen-projekte\/klimaschutz\/klimaschutz-deutschland\/klimaschutzgesetz\" title=\"Klimaschutzgesetz - Bundes-Klimaschutzgesetzes\" target=\"_new\" rel=\"noopener\">Bundes-Klimaschutzgesetzes<\/a> verpflichtet sich Deutschland, bis 2045 klimaneutral zu werden (<a href=\"https:\/\/faber-etec.de\/?p=14263&#038;elementor-preview=14263&#038;ver=1730670526#quelle\" title=\" - Zu den Quellen\">Zu den Quellen<\/a>). \u00a0Dies setzt eine moderne und flexible Infrastruktur voraus, die mithilfe von Betonbau-Trafostationen und Trafostationen im Niederspannungsbereich realisiert wird. Diese Anlagen sind nicht nur effizient, sondern auch langlebig und widerstandsf\u00e4hig, was sie zu einer wichtigen S\u00e4ule in der klimafreundlichen Energiepolitik macht.<\/p>\t\t\t\t\t\t\t\t<\/div>\n\t\t\t\t<\/div>\n\t\t\t\t<div class=\"elementor-element elementor-element-82c4022 elementor-widget-divider--view-line elementor-widget elementor-widget-divider\" data-id=\"82c4022\" data-element_type=\"widget\" data-e-type=\"widget\" data-widget_type=\"divider.default\">\n\t\t\t\t<div class=\"elementor-widget-container\">\n\t\t\t\t\t\t\t<div class=\"elementor-divider\">\n\t\t\t<span class=\"elementor-divider-separator\">\n\t\t\t\t\t\t<\/span>\n\t\t<\/div>\n\t\t\t\t\t\t<\/div>\n\t\t\t\t<\/div>\n\t\t\t\t<div class=\"elementor-element elementor-element-a6d32eb elementor-widget elementor-widget-heading\" data-id=\"a6d32eb\" data-element_type=\"widget\" data-e-type=\"widget\" data-widget_type=\"heading.default\">\n\t\t\t\t<div class=\"elementor-widget-container\">\n\t\t\t\t\t<h2 class=\"elementor-heading-title elementor-size-default\">Die Bedeutung von Trafostationen und Kompaktstationen in der Energiepolitik<\/h2>\t\t\t\t<\/div>\n\t\t\t\t<\/div>\n\t\t\t\t<div class=\"elementor-element elementor-element-d4500ed elementor-widget elementor-widget-image\" data-id=\"d4500ed\" data-element_type=\"widget\" data-e-type=\"widget\" data-widget_type=\"image.default\">\n\t\t\t\t<div class=\"elementor-widget-container\">\n\t\t\t\t\t\t\t\t\t\t\t\t<figure class=\"wp-caption\">\n\t\t\t\t\t\t\t\t\t\t<img decoding=\"async\" width=\"768\" height=\"512\" src=\"https:\/\/faber-etec.de\/wp-content\/uploads\/sites\/3\/2024\/10\/Trafostation-E-Auto-Allego-Rewe-Paderbon-OKT-2024-016-768x512.webp\" class=\"attachment-medium_large size-medium_large wp-image-13660\" alt=\"Eine moderne Trafostation von Faber E-Tec in B\u00fcnde, die ma\u00dfgeblich zur sicheren und nachhaltigen Energieversorgung beitr\u00e4gt. Diese Betonkompaktstation ist speziell f\u00fcr den Einsatz in der klimafreundlichen Energieinfrastruktur konzipiert und unterst\u00fctzt die Ziele der deutschen Energiepolitik f\u00fcr eine stabile Stromversorgung und den Ausbau erneuerbarer Energien. Trafostation von Faber E-Tec f\u00fcr nachhaltige Energieversorgung und Klimaschutz in Deutschland\" srcset=\"https:\/\/faber-etec.de\/wp-content\/uploads\/sites\/3\/2024\/10\/Trafostation-E-Auto-Allego-Rewe-Paderbon-OKT-2024-016-768x512.webp 768w, https:\/\/faber-etec.de\/wp-content\/uploads\/sites\/3\/2024\/10\/Trafostation-E-Auto-Allego-Rewe-Paderbon-OKT-2024-016-300x200.webp 300w, https:\/\/faber-etec.de\/wp-content\/uploads\/sites\/3\/2024\/10\/Trafostation-E-Auto-Allego-Rewe-Paderbon-OKT-2024-016-1024x683.webp 1024w, https:\/\/faber-etec.de\/wp-content\/uploads\/sites\/3\/2024\/10\/Trafostation-E-Auto-Allego-Rewe-Paderbon-OKT-2024-016-1536x1024.webp 1536w, https:\/\/faber-etec.de\/wp-content\/uploads\/sites\/3\/2024\/10\/Trafostation-E-Auto-Allego-Rewe-Paderbon-OKT-2024-016-2048x1365.webp 2048w, https:\/\/faber-etec.de\/wp-content\/uploads\/sites\/3\/2024\/10\/Trafostation-E-Auto-Allego-Rewe-Paderbon-OKT-2024-016-18x12.webp 18w\" sizes=\"(max-width: 768px) 100vw, 768px\" title=\"Trafostation von Faber E-Tec f\u00fcr nachhaltige Energieversorgung und Klimaschutz in Deutschland\" \/>\t\t\t\t\t\t\t\t\t\t\t<figcaption class=\"widget-image-caption wp-caption-text\">Eine moderne Trafostation von Faber E-Tec in B\u00fcnde, die ma\u00dfgeblich zur sicheren und nachhaltigen Energieversorgung beitr\u00e4gt. Diese Betonkompaktstation ist speziell f\u00fcr den Einsatz in der klimafreundlichen Energieinfrastruktur konzipiert und unterst\u00fctzt die Ziele der deutschen Energiepolitik f\u00fcr eine stabile Stromversorgung und den Ausbau erneuerbarer Energien.<\/figcaption>\n\t\t\t\t\t\t\t\t\t\t<\/figure>\n\t\t\t\t\t\t\t\t\t<\/div>\n\t\t\t\t<\/div>\n\t\t\t\t<div class=\"elementor-element elementor-element-e89fb6b elementor-widget elementor-widget-text-editor\" data-id=\"e89fb6b\" data-element_type=\"widget\" data-e-type=\"widget\" data-widget_type=\"text-editor.default\">\n\t\t\t\t<div class=\"elementor-widget-container\">\n\t\t\t\t\t\t\t\t\t<div class=\"flex max-w-full flex-col flex-grow\"><div class=\"min-h-8 text-message flex w-full flex-col items-end gap-2 whitespace-normal break-words [.text-message+&amp;]:mt-5\" dir=\"auto\" data-message-author-role=\"assistant\" data-message-id=\"b378fe05-4ad8-40ba-8cd9-2393a228c151\" data-message-model-slug=\"gpt-4o\"><div class=\"flex w-full flex-col gap-1 empty:hidden first:pt-[3px]\"><div class=\"markdown prose w-full break-words dark:prose-invert light\"><h3>Kompaktstationen von Faber E-Tec: Schl\u00fcssel zur sicheren und effizienten Energieversorgung<\/h3><\/div><\/div><\/div><\/div><p>Kompaktstationen und Betonstationen, wie sie Faber E-Tec in B\u00fcnde entwickelt, tragen erheblich zur Sicherheit und Effizienz der Stromversorgung bei. Mit steigenden Anforderungen an die Energieinfrastruktur durch die Energiewende sind stabile und nachhaltige Kompakttrafostationen essenziell f\u00fcr den Erfolg der deutschen Klimapolitik. Sie gew\u00e4hrleisten die n\u00f6tige Flexibilit\u00e4t im Stromnetz, um Schwankungen durch die Einspeisung erneuerbarer Energiequellen wie Wind und Sonne auszugleichen.<\/p><p>Laut einer aktuellen Analyse des <a href=\"https:\/\/www.umweltbundesamt.de\/themen\/klima-energie\/klimaschutz-energiepolitik-in-deutschland\" title=\"Klimaschutz Energiepolitik In Deutschland - Umweltbundesamtes\" target=\"_new\" rel=\"noopener\">Umweltbundesamtes<\/a> unterst\u00fctzt die Bundesregierung den Ausbau dieser kritischen Infrastruktur durch Anreize und gesetzliche Ma\u00dfnahmen (<a href=\"https:\/\/faber-etec.de\/?p=14263&#038;elementor-preview=14263&#038;ver=1730670526#quelle\" title=\" - Zu den Quellen\">Zu den Quellen<\/a>)\u200b\u200b.\u00a0So wird etwa der Bau von Betonbau-Trafostationen und anderen Einrichtungen im Rahmen des Klimaschutzprogramms 2030 gef\u00f6rdert. Diese Anlagen sind ein elementarer Bestandteil einer nachhaltigen Infrastruktur und leisten einen wichtigen Beitrag zum Klimaschutz.<\/p>\t\t\t\t\t\t\t\t<\/div>\n\t\t\t\t<\/div>\n\t\t\t\t<div class=\"elementor-element elementor-element-6a3b245 elementor-widget-divider--view-line elementor-widget elementor-widget-divider\" data-id=\"6a3b245\" data-element_type=\"widget\" data-e-type=\"widget\" data-widget_type=\"divider.default\">\n\t\t\t\t<div class=\"elementor-widget-container\">\n\t\t\t\t\t\t\t<div class=\"elementor-divider\">\n\t\t\t<span class=\"elementor-divider-separator\">\n\t\t\t\t\t\t<\/span>\n\t\t<\/div>\n\t\t\t\t\t\t<\/div>\n\t\t\t\t<\/div>\n\t\t\t\t<div class=\"elementor-element elementor-element-5593ed9 elementor-widget elementor-widget-text-editor\" data-id=\"5593ed9\" data-element_type=\"widget\" data-e-type=\"widget\" data-widget_type=\"text-editor.default\">\n\t\t\t\t<div class=\"elementor-widget-container\">\n\t\t\t\t\t\t\t\t\t<h3>Fazit: Investitionen in eine gr\u00fcne Infrastruktur<\/h3><p>Um die <b>Klimaschutzziele <\/b>zu erreichen und eine nachhaltige Energieversorgung sicherzustellen, ist eine moderne Infrastruktur unabdingbar. Trafostationen und Kompaktstationen, die speziell f\u00fcr die Anforderungen einer dezentralisierten und klimafreundlichen Energieerzeugung entwickelt wurden, sind dabei entscheidend. Mit der Unterst\u00fctzung der deutschen Energiepolitik, die auf einen raschen Ausbau erneuerbarer Energien setzt, schafft Faber E-Tec in B\u00fcnde L\u00f6sungen, die den Wandel zur Klimaneutralit\u00e4t aktiv mitgestalten.<\/p><p><b>Deutschland <\/b>steht auf dem Weg zur Klimaneutralit\u00e4t vor einer wichtigen Herausforderung. Der Erfolg der Energiepolitik h\u00e4ngt nicht nur von politischen Entscheidungen, sondern auch von technischen Innovationen und der nachhaltigen Entwicklung der Energieinfrastruktur ab. Trafostationen und Kompaktstationen sind dabei unverzichtbare Bausteine, die eine klimafreundliche Energiezukunft erm\u00f6glichen und die deutsche Klimapolitik entscheidend unterst\u00fctzen.<\/p>\t\t\t\t\t\t\t\t<\/div>\n\t\t\t\t<\/div>\n\t\t\t\t<div class=\"elementor-element elementor-element-23eed14 elementor-widget-divider--view-line elementor-widget elementor-widget-divider\" data-id=\"23eed14\" data-element_type=\"widget\" data-e-type=\"widget\" data-widget_type=\"divider.default\">\n\t\t\t\t<div class=\"elementor-widget-container\">\n\t\t\t\t\t\t\t<div class=\"elementor-divider\">\n\t\t\t<span class=\"elementor-divider-separator\">\n\t\t\t\t\t\t<\/span>\n\t\t<\/div>\n\t\t\t\t\t\t<\/div>\n\t\t\t\t<\/div>\n\t\t\t\t<div class=\"elementor-element elementor-element-b909f4b elementor-widget elementor-widget-text-editor\" data-id=\"b909f4b\" data-element_type=\"widget\" data-e-type=\"widget\" id=\"quelle\" data-widget_type=\"text-editor.default\">\n\t\t\t\t<div class=\"elementor-widget-container\">\n\t\t\t\t\t\t\t\t\t<h4>Quellen<\/h4><ul><li><p>Bundesministerium f\u00fcr wirtschaftliche Zusammenarbeit und Entwicklung (BMZ): <a href=\"https:\/\/www.bmz.de\/de\/themen\/klimawandel-und-entwicklung\/energie-und-klima\" title=\"Energie Und Klima - Klimawandel und Entwicklung \u2013 Energie und Klima\" target=\"_new\" rel=\"noopener\">Klimawandel und Entwicklung \u2013 Energie und Klima<\/a>\u200b<\/p><\/li><li><p>WWF: <a href=\"https:\/\/www.wwf.de\/themen-projekte\/klimaschutz\/klimaschutz-deutschland\" title=\"Klimaschutz Deutschland - Klimaschutz und Energiewende in Deutschland\" target=\"_new\" rel=\"noopener\">Klimaschutz und Energiewende in Deutschland<\/a>\u200b<\/p><\/li><li><p>Tatsachen \u00fcber Deutschland: <a href=\"https:\/\/www.tatsachen-ueber-deutschland.de\/de\/klima-und-energie\" title=\"Klima Und Energie - Klima und Energie\" target=\"_new\" rel=\"noopener\">Klima und Energie<\/a>\u200b<\/p><\/li><li><p>Umweltbundesamt: <a href=\"https:\/\/www.umweltbundesamt.de\/themen\/klima-energie\/klimaschutz-energiepolitik-in-deutschland\" title=\"Klimaschutz Energiepolitik In Deutschland - Klimaschutz- und Energiepolitik in Deutschland\" target=\"_new\" rel=\"noopener\">Klimaschutz- und Energiepolitik in Deutschland<\/a>\u200b<\/p><\/li><\/ul>\t\t\t\t\t\t\t\t<\/div>\n\t\t\t\t<\/div>\n\t\t\t\t\t<\/div>\n\t\t\t\t<\/div>\n\t\t\t\t<\/div>\n\t\t","protected":false},"excerpt":{"rendered":"<p>Germany is relying on transformer stations, compact stations and compact concrete stations to drive forward climate protection and energy policy and achieve the climate targets by 2045.<\/p>","protected":false},"author":2,"featured_media":14262,"comment_status":"closed","ping_status":"open","sticky":false,"template":"","format":"standard","meta":{"_acf_changed":false,"footnotes":""},"categories":[1],"tags":[],"class_list":["post-14263","post","type-post","status-publish","format-standard","has-post-thumbnail","hentry","category-news"],"acf":[],"_links":{"self":[{"href":"https:\/\/faber-etec.de\/en\/wp-json\/wp\/v2\/posts\/14263","targetHints":{"allow":["GET"]}}],"collection":[{"href":"https:\/\/faber-etec.de\/en\/wp-json\/wp\/v2\/posts"}],"about":[{"href":"https:\/\/faber-etec.de\/en\/wp-json\/wp\/v2\/types\/post"}],"author":[{"embeddable":true,"href":"https:\/\/faber-etec.de\/en\/wp-json\/wp\/v2\/users\/2"}],"replies":[{"embeddable":true,"href":"https:\/\/faber-etec.de\/en\/wp-json\/wp\/v2\/comments?post=14263"}],"version-history":[{"count":6,"href":"https:\/\/faber-etec.de\/en\/wp-json\/wp\/v2\/posts\/14263\/revisions"}],"predecessor-version":[{"id":15028,"href":"https:\/\/faber-etec.de\/en\/wp-json\/wp\/v2\/posts\/14263\/revisions\/15028"}],"wp:featuredmedia":[{"embeddable":true,"href":"https:\/\/faber-etec.de\/en\/wp-json\/wp\/v2\/media\/14262"}],"wp:attachment":[{"href":"https:\/\/faber-etec.de\/en\/wp-json\/wp\/v2\/media?parent=14263"}],"wp:term":[{"taxonomy":"category","embeddable":true,"href":"https:\/\/faber-etec.de\/en\/wp-json\/wp\/v2\/categories?post=14263"},{"taxonomy":"post_tag","embeddable":true,"href":"https:\/\/faber-etec.de\/en\/wp-json\/wp\/v2\/tags?post=14263"}],"curies":[{"name":"wp","href":"https:\/\/api.w.org\/{rel}","templated":true}]}}