{"id":58,"count":3,"description":"Blog: Los eventos y las ferias son plataformas indispensables para presentar los \u00faltimos avances en el suministro de energ\u00eda y en el \u00e1mbito de los centros de transformaci\u00f3n, las estaciones compactas y las estaciones de transferencia, as\u00ed como para intercambiar ideas con expertos. Esta categor\u00eda contiene art\u00edculos que tratan de la participaci\u00f3n en ferias nacionales e internacionales en las que las empresas presentan sus innovaciones en tecnolog\u00eda de conmutaci\u00f3n, tecnolog\u00eda de centros de transformaci\u00f3n y generaci\u00f3n de energ\u00eda sostenible. Quien desee encargar un centro de transformaci\u00f3n o informarse sobre una estaci\u00f3n compacta puede informarse en estos eventos sobre las \u00faltimas tecnolog\u00edas y tendencias que configuran el futuro del suministro energ\u00e9tico.\r\n\r\nEn las ferias no s\u00f3lo se presentan innovaciones t\u00e9cnicas, sino que tambi\u00e9n se debaten nuevos est\u00e1ndares y normas cruciales para la planificaci\u00f3n e instalaci\u00f3n conforme a la normativa de centros y subestaciones de transformaci\u00f3n. Las empresas que presentan sus soluciones en los eventos suelen ofrecer la oportunidad de recibir presupuestos personalizados y encargar directamente un centro de transformaci\u00f3n o subestaci\u00f3n transformadora. Para los profesionales implicados en la planificaci\u00f3n de infraestructuras energ\u00e9ticas, las ferias son la oportunidad ideal para informarse sobre las nuevas subestaciones compactas que cumplen los requisitos de las redes urbanas o rurales modernas.\r\n\r\nLa categor\u00eda \u201eEventos y ferias\u201c tambi\u00e9n contiene informaci\u00f3n sobre eventos especiales relacionados con las energ\u00edas renovables, como los parques solares, y sobre c\u00f3mo integrar eficazmente los sistemas fotovoltaicos en la red el\u00e9ctrica existente. Los interesados en instalar un sistema fotovoltaico pueden hablar directamente con fabricantes y expertos en las ferias e informarse sobre c\u00f3mo integrar en el sistema una estaci\u00f3n transformadora o una estaci\u00f3n compacta para optimizar la distribuci\u00f3n de la energ\u00eda solar generada. Estos art\u00edculos ofrecen informaci\u00f3n valiosa sobre los \u00faltimos avances en proyectos fotovoltaicos y muestran c\u00f3mo se planifican y operan las estaciones solares de parque interior.\r\n\r\nAdem\u00e1s, los art\u00edculos de esta categor\u00eda ofrecen informes de eventos especializados en los que se presentan nuevas tecnolog\u00edas de control y supervisi\u00f3n de centros de transformaci\u00f3n y estaciones compactas. Estos sistemas son esenciales para la distribuci\u00f3n eficaz y segura de la electricidad, especialmente cuando se integran fuentes de energ\u00eda renovables como la solar. Al participar en estos eventos, los profesionales pueden conocer en profundidad las soluciones m\u00e1s avanzadas y aprender c\u00f3mo la moderna tecnolog\u00eda de conmutaci\u00f3n mejora el funcionamiento de los centros de transformaci\u00f3n al tiempo que garantiza la estabilidad de la red.\r\n\r\nEn resumen, la categor\u00eda \u201eEventos y ferias\u201c ofrece informaci\u00f3n completa sobre eventos centrados en temas importantes como los centros de transformaci\u00f3n, los centros compactos, las estaciones transformadoras y las estaciones de transferencia. Estos eventos son una valiosa oportunidad para conocer los \u00faltimos avances e innovaciones, establecer contactos y encontrar las mejores soluciones para su propia infraestructura energ\u00e9tica. Tanto si desea encargar un centro de transformaci\u00f3n como informarse sobre una estaci\u00f3n compacta, en estos eventos recibir\u00e1 toda la informaci\u00f3n que necesita y podr\u00e1 obtener asesoramiento de expertos que le ayudar\u00e1n a tomar la decisi\u00f3n correcta para sus proyectos energ\u00e9ticos.","link":"https:\/\/faber-etec.de\/es\/events\/","name":"Eventos y ferias","slug":"eventos","taxonomy":"category","parent":0,"meta":[],"acf":[],"_links":{"self":[{"href":"https:\/\/faber-etec.de\/es\/wp-json\/wp\/v2\/categories\/58","targetHints":{"allow":["GET"]}}],"collection":[{"href":"https:\/\/faber-etec.de\/es\/wp-json\/wp\/v2\/categories"}],"about":[{"href":"https:\/\/faber-etec.de\/es\/wp-json\/wp\/v2\/taxonomies\/category"}],"wp:post_type":[{"href":"https:\/\/faber-etec.de\/es\/wp-json\/wp\/v2\/posts?categories=58"}],"curies":[{"name":"wp","href":"https:\/\/api.w.org\/{rel}","templated":true}]}}