{"id":13354,"date":"2024-09-16T11:23:34","date_gmt":"2024-09-16T09:23:34","guid":{"rendered":"https:\/\/faber-etec.de\/?p=13354"},"modified":"2025-10-30T01:01:13","modified_gmt":"2025-10-30T00:01:13","slug":"pedir-centros-de-transformacion","status":"publish","type":"post","link":"https:\/\/faber-etec.de\/es\/forschung-und-entwicklung\/trafostationen-bestellen\/","title":{"rendered":"Pedir un centro de transformaci\u00f3n - Infraestructura moderna"},"content":{"rendered":"<div data-elementor-type=\"wp-post\" data-elementor-id=\"13354\" class=\"elementor elementor-13354\" data-elementor-post-type=\"post\">\n\t\t\t\t<div class=\"elementor-element elementor-element-470472c2 e-flex e-con-boxed e-con e-parent\" data-id=\"470472c2\" data-element_type=\"container\" data-e-type=\"container\">\n\t\t\t\t\t<div class=\"e-con-inner\">\n\t\t\t\t<div class=\"elementor-element elementor-element-c6e6162 elementor-widget elementor-widget-heading\" data-id=\"c6e6162\" data-element_type=\"widget\" data-e-type=\"widget\" data-widget_type=\"heading.default\">\n\t\t\t\t<div class=\"elementor-widget-container\">\n\t\t\t\t\t<h2 class=\"elementor-heading-title elementor-size-default\">Comprar centros de transformaci\u00f3n compactos<\/h2>\t\t\t\t<\/div>\n\t\t\t\t<\/div>\n\t\t\t\t<div class=\"elementor-element elementor-element-a02fd32 elementor-widget elementor-widget-text-editor\" data-id=\"a02fd32\" data-element_type=\"widget\" data-e-type=\"widget\" data-widget_type=\"text-editor.default\">\n\t\t\t\t<div class=\"elementor-widget-container\">\n\t\t\t\t\t\t\t\t\t<p>Pedidos de centros de transformaci\u00f3n: Nunca se insistir\u00e1 lo suficiente en la importancia de los centros de transformaci\u00f3n en la infraestructura energ\u00e9tica actual. Estas estaciones son el n\u00facleo de cualquier sistema de distribuci\u00f3n de energ\u00eda, ya que convierten la electricidad de las redes de alta o media tensi\u00f3n a un nivel que puede utilizarse en hogares, empresas y aplicaciones industriales. En nuestra <a  href=\"https:\/\/faber-etec.de\/es\/estacion-transformadora-2\/\" title=\"Centro de transformaci\u00f3n - parte inferior del centro de transformaci\u00f3n\">Parte inferior de la estaci\u00f3n transformadora<\/a> para saber m\u00e1s sobre c\u00f3mo nuestras soluciones se adaptan a los requisitos de los distintos proyectos energ\u00e9ticos.<\/p>\t\t\t\t\t\t\t\t<\/div>\n\t\t\t\t<\/div>\n\t\t\t\t<div class=\"elementor-element elementor-element-cbd1e74 elementor-widget-divider--view-line elementor-widget elementor-widget-divider\" data-id=\"cbd1e74\" data-element_type=\"widget\" data-e-type=\"widget\" data-widget_type=\"divider.default\">\n\t\t\t\t<div class=\"elementor-widget-container\">\n\t\t\t\t\t\t\t<div class=\"elementor-divider\">\n\t\t\t<span class=\"elementor-divider-separator\">\n\t\t\t\t\t\t<\/span>\n\t\t<\/div>\n\t\t\t\t\t\t<\/div>\n\t\t\t\t<\/div>\n\t\t\t\t<div class=\"elementor-element elementor-element-4078e4f elementor-widget elementor-widget-text-editor\" data-id=\"4078e4f\" data-element_type=\"widget\" data-e-type=\"widget\" data-widget_type=\"text-editor.default\">\n\t\t\t\t<div class=\"elementor-widget-container\">\n\t\t\t\t\t\t\t\t\t<h3 class=\"wp-block-heading\"><strong>\u00bfPor qu\u00e9 encargar centros de transformaci\u00f3n a Faber E-Tec?<\/strong><\/h3>\n<p>Con m\u00e1s de 25 a\u00f1os de experiencia <b>Faber E-Tec<\/b> Centros de transformaci\u00f3n que impresionan por su durabilidad, eficiencia y flexibilidad. Nuestros centros de transformaci\u00f3n se planifican y fabrican individualmente para satisfacer los requisitos espec\u00edficos de los proyectos, ya sean plantas industriales, parques solares o redes urbanas. <a  href=\"https:\/\/faber-etec.de\/es\/estacion-transformadora-2\/#warum\" title=\"Centro de transformaci\u00f3n - M\u00e1s informaci\u00f3n en nuestra p\u00e1gina sobre centros de transformaci\u00f3n\">M\u00e1s informaci\u00f3n en nuestra p\u00e1gina sobre centros de transformaci\u00f3n<\/a>.<\/p>\t\t\t\t\t\t\t\t<\/div>\n\t\t\t\t<\/div>\n\t\t\t\t<div class=\"elementor-element elementor-element-aa15347 elementor-widget-divider--view-line elementor-widget elementor-widget-divider\" data-id=\"aa15347\" data-element_type=\"widget\" data-e-type=\"widget\" data-widget_type=\"divider.default\">\n\t\t\t\t<div class=\"elementor-widget-container\">\n\t\t\t\t\t\t\t<div class=\"elementor-divider\">\n\t\t\t<span class=\"elementor-divider-separator\">\n\t\t\t\t\t\t<\/span>\n\t\t<\/div>\n\t\t\t\t\t\t<\/div>\n\t\t\t\t<\/div>\n\t\t\t\t<div class=\"elementor-element elementor-element-3b842f8a elementor-widget elementor-widget-text-editor\" data-id=\"3b842f8a\" data-element_type=\"widget\" data-e-type=\"widget\" data-widget_type=\"text-editor.default\">\n\t\t\t\t<div class=\"elementor-widget-container\">\n\t\t\t\t\t\t\t\t\t<h3 class=\"wp-block-heading\"><strong>Centros de transformaci\u00f3n para proyectos solares \/ fotovoltaicos<\/strong><\/h3>\n<p>Los sistemas fotovoltaicos se benefician enormemente de nuestra <b>Centros de transformaci\u00f3n<\/b>que garantizan una conversi\u00f3n eficiente y segura de la energ\u00eda. Al convertir la electricidad generada al nivel de tensi\u00f3n adecuado, se puede maximizar el rendimiento de sus proyectos fotovoltaicos. <a  href=\"https:\/\/faber-etec.de\/es\/estacion-transformadora-2\/#weitere-produkte\" title=\"Centro de transformaci\u00f3n - M\u00e1s informaci\u00f3n sobre nuestros centros de transformaci\u00f3n fotovoltaicos\">M\u00e1s informaci\u00f3n sobre nuestros centros de transformaci\u00f3n fotovoltaicos<\/a>.<\/p>\t\t\t\t\t\t\t\t<\/div>\n\t\t\t\t<\/div>\n\t\t\t\t<div class=\"elementor-element elementor-element-a9aee04 elementor-widget elementor-widget-image\" data-id=\"a9aee04\" data-element_type=\"widget\" data-e-type=\"widget\" data-widget_type=\"image.default\">\n\t\t\t\t<div class=\"elementor-widget-container\">\n\t\t\t\t\t\t\t\t\t\t\t\t<figure class=\"wp-caption\">\n\t\t\t\t\t\t\t\t\t\t\t<a  href=\"https:\/\/faber-etec.de\/es\/estacion-del-parque-solar\/\" title=\"Estaci\u00f3n del parque solar - \">\n\t\t\t\t\t\t\t<img decoding=\"async\" src=\"https:\/\/faber-etec.de\/wp-content\/uploads\/sites\/3\/elementor\/thumbs\/solarparkstation-trafo-photovoltaik-solarpark-kompakstation-qsjez4vvzba3w1ddsny21zrh1ztk7uc6clbh2hml54.webp\" title=\"Estaci\u00f3n solar para transformadores y fotovoltaica en parques solares y proyectos fotovoltaicos - Faber E-Tec\" alt=\"Estaci\u00f3n solar para transformadores y fotovoltaica en parques solares - Faber E-Tec\" loading=\"lazy\" \/>\t\t\t\t\t\t\t\t<\/a>\n\t\t\t\t\t\t\t\t\t\t\t<figcaption class=\"widget-image-caption wp-caption-text\">Estaci\u00f3n de parque solar - Transformador de alto rendimiento para parques solares fotovoltaicos<\/figcaption>\n\t\t\t\t\t\t\t\t\t\t<\/figure>\n\t\t\t\t\t\t\t\t\t<\/div>\n\t\t\t\t<\/div>\n\t\t\t\t<div class=\"elementor-element elementor-element-b27e331 elementor-align-center elementor-widget elementor-widget-button\" data-id=\"b27e331\" data-element_type=\"widget\" data-e-type=\"widget\" data-widget_type=\"button.default\">\n\t\t\t\t<div class=\"elementor-widget-container\">\n\t\t\t\t\t\t\t\t\t<div class=\"elementor-button-wrapper\">\n\t\t\t\t\t<a class=\"elementor-button elementor-button-link elementor-size-sm\"  href=\"https:\/\/faber-etec.de\/es\/estacion-del-parque-solar\/\" title=\"Estaci\u00f3n de parque solar - Solicitar estaci\u00f3n transformadora de parque solar\">\n\t\t\t\t\t\t<span class=\"elementor-button-content-wrapper\">\n\t\t\t\t\t\t<span class=\"elementor-button-icon\">\n\t\t\t\t<i aria-hidden=\"true\" class=\"fas fa-angle-right\"><\/i>\t\t\t<\/span>\n\t\t\t\t\t\t\t\t\t<span class=\"elementor-button-text\">Solicitud parque solar estaci\u00f3n transformadora<\/span>\n\t\t\t\t\t<\/span>\n\t\t\t\t\t<\/a>\n\t\t\t\t<\/div>\n\t\t\t\t\t\t\t\t<\/div>\n\t\t\t\t<\/div>\n\t\t\t\t<div class=\"elementor-element elementor-element-e6ade9f elementor-widget elementor-widget-text-editor\" data-id=\"e6ade9f\" data-element_type=\"widget\" data-e-type=\"widget\" data-widget_type=\"text-editor.default\">\n\t\t\t\t<div class=\"elementor-widget-container\">\n\t\t\t\t\t\t\t\t\t<p><span style=\"color: var( --e-global-color-text ); font-family: var( --e-global-typography-text-font-family ), sans-serif; font-size: var( --e-global-typography-text-font-size ); font-weight: var( --e-global-typography-text-font-weight ); text-align: var(--text-align);\">Si tiene un <\/span><a style=\"font-family: var( --e-global-typography-text-font-family ), sans-serif; font-size: var( --e-global-typography-text-font-size ); font-weight: var( --e-global-typography-text-font-weight ); text-align: var(--text-align); background-color: #ffffff;\" href=\"https:\/\/faber-solartechnik.de\/epc\/\" title=\"Epc - Quiere construir un parque solar\" target=\"_blank\" rel=\"noopener\">quiere construir un parque solar<\/a><span style=\"color: var( --e-global-color-text ); font-family: var( --e-global-typography-text-font-family ), sans-serif; font-size: var( --e-global-typography-text-font-size ); font-weight: var( --e-global-typography-text-font-weight ); text-align: var(--text-align);\"> o necesita ayuda con su proyecto fotovoltaico, en nuestro sitio web encontrar\u00e1 toda la informaci\u00f3n que necesita de <\/span><a style=\"font-family: var( --e-global-typography-text-font-family ), sans-serif; font-size: var( --e-global-typography-text-font-size ); font-weight: var( --e-global-typography-text-font-weight ); text-align: var(--text-align); background-color: #ffffff;\" href=\"https:\/\/faber-solartechnik.de\/\" title=\" - Tecnolog\u00eda solar Faber\" target=\"_blank\" rel=\"noopener\">Tecnolog\u00eda solar Faber<\/a><span style=\"color: var( --e-global-color-text ); font-family: var( --e-global-typography-text-font-family ), sans-serif; font-size: var( --e-global-typography-text-font-size ); font-weight: var( --e-global-typography-text-font-weight ); text-align: var(--text-align);\"> toda la informaci\u00f3n importante y un servicio integral. Ofrecemos soluciones personalizadas y asesoramiento profesional para que su proyecto se lleve a cabo con \u00e9xito. Desde el <\/span><a style=\"font-family: var( --e-global-typography-text-font-family ), sans-serif; font-size: var( --e-global-typography-text-font-size ); font-weight: var( --e-global-typography-text-font-weight ); text-align: var(--text-align); background-color: #ffffff;\" href=\"https:\/\/faber-solartechnik.de\/solartechnik\/\" title=\"Tecnolog\u00eda solar: de la planificaci\u00f3n a la puesta en marcha\" target=\"_blank\" rel=\"noopener\">Desde la planificaci\u00f3n hasta la puesta en marcha<\/a><span style=\"color: var( --e-global-color-text ); font-family: var( --e-global-typography-text-font-family ), sans-serif; font-size: var( --e-global-typography-text-font-size ); font-weight: var( --e-global-typography-text-font-weight ); text-align: var(--text-align);\"> estamos a su lado con nuestra experiencia.<\/span><\/p>\t\t\t\t\t\t\t\t<\/div>\n\t\t\t\t<\/div>\n\t\t\t\t<div class=\"elementor-element elementor-element-c470138 elementor-widget-divider--view-line elementor-widget elementor-widget-divider\" data-id=\"c470138\" data-element_type=\"widget\" data-e-type=\"widget\" data-widget_type=\"divider.default\">\n\t\t\t\t<div class=\"elementor-widget-container\">\n\t\t\t\t\t\t\t<div class=\"elementor-divider\">\n\t\t\t<span class=\"elementor-divider-separator\">\n\t\t\t\t\t\t<\/span>\n\t\t<\/div>\n\t\t\t\t\t\t<\/div>\n\t\t\t\t<\/div>\n\t\t\t\t<div class=\"elementor-element elementor-element-f5f23b5 elementor-widget elementor-widget-text-editor\" data-id=\"f5f23b5\" data-element_type=\"widget\" data-e-type=\"widget\" data-widget_type=\"text-editor.default\">\n\t\t\t\t<div class=\"elementor-widget-container\">\n\t\t\t\t\t\t\t\t\t<h3 class=\"wp-block-heading\">Centros de transformaci\u00f3n de pedidos - E-mobility \/ infraestructura de recarga<\/h3>\n<p>La electromovilidad requiere infraestructuras de recarga fiables. Nuestros centros de transformaci\u00f3n para electromovilidad est\u00e1n especialmente dise\u00f1ados para cumplir los requisitos de las estaciones de recarga de veh\u00edculos el\u00e9ctricos. Garantizan una distribuci\u00f3n estable y segura de la energ\u00eda y apoyan as\u00ed la expansi\u00f3n de la movilidad sostenible. <a href=\"https:\/\/faber-etec.de\/es\/e-movilidad\/\" title=\"E Mobilitaet - M\u00e1s informaci\u00f3n sobre nuestros centros de transformaci\u00f3n de movilidad el\u00e9ctrica\">M\u00e1s informaci\u00f3n sobre nuestros centros de transformaci\u00f3n de movilidad el\u00e9ctrica<\/a>.<\/p>\t\t\t\t\t\t\t\t<\/div>\n\t\t\t\t<\/div>\n\t\t\t\t<div class=\"elementor-element elementor-element-2d11a43 elementor-widget elementor-widget-image\" data-id=\"2d11a43\" data-element_type=\"widget\" data-e-type=\"widget\" data-widget_type=\"image.default\">\n\t\t\t\t<div class=\"elementor-widget-container\">\n\t\t\t\t\t\t\t\t\t\t\t\t<figure class=\"wp-caption\">\n\t\t\t\t\t\t\t\t\t\t\t<a href=\"https:\/\/faber-etec.de\/es\/e-movilidad\/\" title=\"E Movilidad - \">\n\t\t\t\t\t\t\t<img decoding=\"async\" src=\"https:\/\/faber-etec.de\/wp-content\/uploads\/sites\/3\/elementor\/thumbs\/trafo-e-mobilitaet-ladesaeulen-ladeinfrastruktur-elektrofahrzeuge-eauto-parkplatz-qsjezyyq20fa7k5ox0y49s682bpb25nl4q70fcdzm0.webp\" title=\"Transformador para e-movilidad - Alimentaci\u00f3n fiable para estaciones de recarga\" alt=\"Estaci\u00f3n transformadora compacta para movilidad el\u00e9ctrica, infraestructura de estaci\u00f3n de carga para veh\u00edculos el\u00e9ctricos. Esta estaci\u00f3n transformadora de hormig\u00f3n ofrece una distribuci\u00f3n de energ\u00eda fiable para veh\u00edculos el\u00e9ctricos. La robusta estaci\u00f3n transformadora de hormig\u00f3n garantiza un suministro el\u00e9ctrico eficiente. Nuestra estaci\u00f3n transformadora compacta es ideal para su uso en proyectos de e-movilidad.\" loading=\"lazy\" \/>\t\t\t\t\t\t\t\t<\/a>\n\t\t\t\t\t\t\t\t\t\t\t<figcaption class=\"widget-image-caption wp-caption-text\">Transformador de Faber E-Tec, desarrollado para el suministro fiable de energ\u00eda en e-movilidad. Ideal para estaciones de carga e infraestructuras de suministro a veh\u00edculos el\u00e9ctricos.<\/figcaption>\n\t\t\t\t\t\t\t\t\t\t<\/figure>\n\t\t\t\t\t\t\t\t\t<\/div>\n\t\t\t\t<\/div>\n\t\t\t\t<div class=\"elementor-element elementor-element-c7efc0f elementor-align-center elementor-widget elementor-widget-button\" data-id=\"c7efc0f\" data-element_type=\"widget\" data-e-type=\"widget\" data-widget_type=\"button.default\">\n\t\t\t\t<div class=\"elementor-widget-container\">\n\t\t\t\t\t\t\t\t\t<div class=\"elementor-button-wrapper\">\n\t\t\t\t\t<a class=\"elementor-button elementor-button-link elementor-size-sm\" href=\"https:\/\/faber-etec.de\/es\/e-movilidad\/#produktanfrage\" title=\"E Mobilitaet - Estaciones de carga - Solicitar estaci\u00f3n transformadora\">\n\t\t\t\t\t\t<span class=\"elementor-button-content-wrapper\">\n\t\t\t\t\t\t<span class=\"elementor-button-icon\">\n\t\t\t\t<i aria-hidden=\"true\" class=\"fas fa-angle-right\"><\/i>\t\t\t<\/span>\n\t\t\t\t\t\t\t\t\t<span class=\"elementor-button-text\">Solicitar estaciones de carga - estaci\u00f3n transformadora<\/span>\n\t\t\t\t\t<\/span>\n\t\t\t\t\t<\/a>\n\t\t\t\t<\/div>\n\t\t\t\t\t\t\t\t<\/div>\n\t\t\t\t<\/div>\n\t\t\t\t<div class=\"elementor-element elementor-element-ea34a86 elementor-widget-divider--view-line elementor-widget elementor-widget-divider\" data-id=\"ea34a86\" data-element_type=\"widget\" data-e-type=\"widget\" data-widget_type=\"divider.default\">\n\t\t\t\t<div class=\"elementor-widget-container\">\n\t\t\t\t\t\t\t<div class=\"elementor-divider\">\n\t\t\t<span class=\"elementor-divider-separator\">\n\t\t\t\t\t\t<\/span>\n\t\t<\/div>\n\t\t\t\t\t\t<\/div>\n\t\t\t\t<\/div>\n\t\t\t\t<div class=\"elementor-element elementor-element-f10ce06 elementor-widget elementor-widget-text-editor\" data-id=\"f10ce06\" data-element_type=\"widget\" data-e-type=\"widget\" data-widget_type=\"text-editor.default\">\n\t\t\t\t<div class=\"elementor-widget-container\">\n\t\t\t\t\t\t\t\t\t<h3 class=\"wp-block-heading\"><strong style=\"color: inherit; text-align: var(--text-align);\">Nuestros servicios para su centro de transformaci\u00f3n<\/strong><\/h3>\n<p>En Faber E-Tec ofrecemos servicios integrales para centros de transformaci\u00f3n, desde la planificaci\u00f3n inicial hasta el mantenimiento. Garantizamos una puesta en servicio segura y puntual, as\u00ed como la integraci\u00f3n en las redes existentes. De este modo, garantizamos que cada centro de transformaci\u00f3n cumpla los requisitos de sus proyectos energ\u00e9ticos. <a href=\"https:\/\/faber-etec.de\/es\/servicios\/\" title=\"Servicios - M\u00e1s informaci\u00f3n sobre nuestros servicios\">M\u00e1s informaci\u00f3n sobre nuestros servicios<\/a>.<\/p>\t\t\t\t\t\t\t\t<\/div>\n\t\t\t\t<\/div>\n\t\t\t\t<div class=\"elementor-element elementor-element-0790117 elementor-widget-divider--view-line elementor-widget elementor-widget-divider\" data-id=\"0790117\" data-element_type=\"widget\" data-e-type=\"widget\" data-widget_type=\"divider.default\">\n\t\t\t\t<div class=\"elementor-widget-container\">\n\t\t\t\t\t\t\t<div class=\"elementor-divider\">\n\t\t\t<span class=\"elementor-divider-separator\">\n\t\t\t\t\t\t<\/span>\n\t\t<\/div>\n\t\t\t\t\t\t<\/div>\n\t\t\t\t<\/div>\n\t\t\t\t<div class=\"elementor-element elementor-element-9f82db0 elementor-widget elementor-widget-text-editor\" data-id=\"9f82db0\" data-element_type=\"widget\" data-e-type=\"widget\" data-widget_type=\"text-editor.default\">\n\t\t\t\t<div class=\"elementor-widget-container\">\n\t\t\t\t\t\t\t\t\t<h3 class=\"wp-block-heading\"><strong>Pedir centros de transformaci\u00f3n en l\u00ednea<\/strong><\/h3>\n<p>Gracias a nuestra moderna plataforma en l\u00ednea, ahora puede realizar sus pedidos de centros de transformaci\u00f3n c\u00f3moda y f\u00e1cilmente en l\u00ednea. Ya sea para aplicaciones industriales, proyectos fotovoltaicos o movilidad el\u00e9ctrica, le ofrecemos una amplia selecci\u00f3n de centros de transformaci\u00f3n de alta calidad. Visite nuestra\u00a0<a href=\"https:\/\/faber-etec.de\/es\/productos\/\" title=\"Productos - P\u00e1gina de productos\">P\u00e1gina del producto<\/a>para encontrar la soluci\u00f3n adecuada a sus necesidades y encargar su centro de transformaci\u00f3n directamente en l\u00ednea.<\/p>\t\t\t\t\t\t\t\t<\/div>\n\t\t\t\t<\/div>\n\t\t\t\t<div class=\"elementor-element elementor-element-68ba907 elementor-widget elementor-widget-button\" data-id=\"68ba907\" data-element_type=\"widget\" data-e-type=\"widget\" data-widget_type=\"button.default\">\n\t\t\t\t<div class=\"elementor-widget-container\">\n\t\t\t\t\t\t\t\t\t<div class=\"elementor-button-wrapper\">\n\t\t\t\t\t<a class=\"elementor-button elementor-button-link elementor-size-sm\" href=\"https:\/\/faber-etec.de\/es\/solicitar\/\" title=\"Consultas - Configurar el centro de transformaci\u00f3n\">\n\t\t\t\t\t\t<span class=\"elementor-button-content-wrapper\">\n\t\t\t\t\t\t<span class=\"elementor-button-icon\">\n\t\t\t\t<i aria-hidden=\"true\" class=\"fas fa-angle-right\"><\/i>\t\t\t<\/span>\n\t\t\t\t\t\t\t\t\t<span class=\"elementor-button-text\">Configurar el centro de transformaci\u00f3n<\/span>\n\t\t\t\t\t<\/span>\n\t\t\t\t\t<\/a>\n\t\t\t\t<\/div>\n\t\t\t\t\t\t\t\t<\/div>\n\t\t\t\t<\/div>\n\t\t\t\t<div class=\"elementor-element elementor-element-fa3acd5 elementor-widget-divider--view-line elementor-widget elementor-widget-divider\" data-id=\"fa3acd5\" data-element_type=\"widget\" data-e-type=\"widget\" data-widget_type=\"divider.default\">\n\t\t\t\t<div class=\"elementor-widget-container\">\n\t\t\t\t\t\t\t<div class=\"elementor-divider\">\n\t\t\t<span class=\"elementor-divider-separator\">\n\t\t\t\t\t\t<\/span>\n\t\t<\/div>\n\t\t\t\t\t\t<\/div>\n\t\t\t\t<\/div>\n\t\t\t\t<div class=\"elementor-element elementor-element-5527e38 elementor-widget elementor-widget-text-editor\" data-id=\"5527e38\" data-element_type=\"widget\" data-e-type=\"widget\" data-widget_type=\"text-editor.default\">\n\t\t\t\t<div class=\"elementor-widget-container\">\n\t\t\t\t\t\t\t\t\t<h3 class=\"wp-block-heading\"><strong style=\"color: inherit; text-align: var(--text-align);\">Diferentes \u00e1mbitos de aplicaci\u00f3n de los centros de transformaci\u00f3n<\/strong><\/h3>\n<p>Los centros de transformaci\u00f3n pueden utilizarse de muy diversas formas, ya sea en plantas industriales, para centrales fotovoltaicas o e\u00f3licas, o en redes municipales. Nuestra\u00a0<a href=\"https:\/\/faber-etec.de\/es\/estacion-transformadora-2\/\" title=\"Centro de transformaci\u00f3n - Panorama de los distintos centros de transformaci\u00f3n\">Vista general de varios centros de transformaci\u00f3n<\/a>\u00a0muestra las soluciones que ofrecemos para diferentes requisitos, desde <a href=\"https:\/\/faber-etec.de\/es\/estaciones-compactas\/\" title=\"Estaciones compactas - Estaciones compactas\">Estaciones compactas<\/a> hasta estaciones de contenedores para un suministro flexible de energ\u00eda.<\/p>\t\t\t\t\t\t\t\t<\/div>\n\t\t\t\t<\/div>\n\t\t\t\t<div class=\"elementor-element elementor-element-1d3591d elementor-widget elementor-widget-gallery\" data-id=\"1d3591d\" data-element_type=\"widget\" data-e-type=\"widget\" data-settings=\"{&quot;columns&quot;:3,&quot;lazyload&quot;:&quot;yes&quot;,&quot;gallery_layout&quot;:&quot;grid&quot;,&quot;columns_tablet&quot;:2,&quot;columns_mobile&quot;:1,&quot;gap&quot;:{&quot;unit&quot;:&quot;px&quot;,&quot;size&quot;:10,&quot;sizes&quot;:[]},&quot;gap_laptop&quot;:{&quot;unit&quot;:&quot;px&quot;,&quot;size&quot;:10,&quot;sizes&quot;:[]},&quot;gap_tablet_extra&quot;:{&quot;unit&quot;:&quot;px&quot;,&quot;size&quot;:10,&quot;sizes&quot;:[]},&quot;gap_tablet&quot;:{&quot;unit&quot;:&quot;px&quot;,&quot;size&quot;:10,&quot;sizes&quot;:[]},&quot;gap_mobile&quot;:{&quot;unit&quot;:&quot;px&quot;,&quot;size&quot;:10,&quot;sizes&quot;:[]},&quot;link_to&quot;:&quot;file&quot;,&quot;aspect_ratio&quot;:&quot;3:2&quot;,&quot;overlay_background&quot;:&quot;yes&quot;,&quot;content_hover_animation&quot;:&quot;fade-in&quot;}\" data-widget_type=\"gallery.default\">\n\t\t\t\t<div class=\"elementor-widget-container\">\n\t\t\t\t\t\t\t<div class=\"elementor-gallery__container\">\n\t\t\t\t\t\t\t<a class=\"e-gallery-item elementor-gallery-item elementor-animated-content\" href=\"https:\/\/faber-etec.de\/wp-content\/uploads\/sites\/3\/2024\/08\/Transformatoren-fuer-E-Mobilitaets-Infrastruktur-Ladesaeuleninfrastruktur-Trafo-fuer-E-Mobilitaet-Footer-BG-comp.webp\" title=\"Transformadores Para E Mobility Infraestructura Columna De Carga Transformador Para E Mobility Footer BG Comp.webp - \" data-elementor-open-lightbox=\"yes\" data-elementor-lightbox-slideshow=\"1d3591d\" data-e-action-hash=\"#elementor-action%3Aaction%3Dlightbox%26settings%3DeyJpZCI6MTIwNzcsInVybCI6Imh0dHBzOlwvXC9mYWJlci1ldGVjLmRlXC93cC1jb250ZW50XC91cGxvYWRzXC9zaXRlc1wvM1wvMjAyNFwvMDhcL1RyYW5zZm9ybWF0b3Jlbi1mdWVyLUUtTW9iaWxpdGFldHMtSW5mcmFzdHJ1a3R1ci1MYWRlc2FldWxlbmluZnJhc3RydWt0dXItVHJhZm8tZnVlci1FLU1vYmlsaXRhZXQtRm9vdGVyLUJHLWNvbXAud2VicCIsInNsaWRlc2hvdyI6IjFkMzU5MWQifQ%3D%3D\">\n\t\t\t\t\t<div class=\"e-gallery-image elementor-gallery-item__image\" data-thumbnail=\"https:\/\/faber-etec.de\/wp-content\/uploads\/sites\/3\/2024\/08\/Transformatoren-fuer-E-Mobilitaets-Infrastruktur-Ladesaeuleninfrastruktur-Trafo-fuer-E-Mobilitaet-Footer-BG-comp-768x384.webp\" data-width=\"768\" data-height=\"384\" aria-label=\"adestaci\u00f3n para veh\u00edculos el\u00e9ctricos con transformador de estaci\u00f3n compacto y transformadores para un suministro el\u00e9ctrico fiable\" role=\"img\" ><\/div>\n\t\t\t\t\t\t\t\t\t\t\t<div class=\"elementor-gallery-item__overlay\"><\/div>\n\t\t\t\t\t\t\t\t\t\t\t\t\t\t<\/a>\n\t\t\t\t\t\t\t<a class=\"e-gallery-item elementor-gallery-item elementor-animated-content\" href=\"https:\/\/faber-etec.de\/wp-content\/uploads\/sites\/3\/2024\/08\/Windrader-Windkraft-Kompaktstationen-Faber-E-Tec-Trafostationen-Footer-BG-comp.webp\" title=\"Aerogeneradores Centrales compactas e\u00f3licas Centros de transformaci\u00f3n Faber E Tec Pie de p\u00e1gina BG Comp.webp - \" data-elementor-open-lightbox=\"yes\" data-elementor-lightbox-slideshow=\"1d3591d\" data-e-action-hash=\"#elementor-action%3Aaction%3Dlightbox%26settings%3DeyJpZCI6MTIwNzgsInVybCI6Imh0dHBzOlwvXC9mYWJlci1ldGVjLmRlXC93cC1jb250ZW50XC91cGxvYWRzXC9zaXRlc1wvM1wvMjAyNFwvMDhcL1dpbmRyYWRlci1XaW5ka3JhZnQtS29tcGFrdHN0YXRpb25lbi1GYWJlci1FLVRlYy1UcmFmb3N0YXRpb25lbi1Gb290ZXItQkctY29tcC53ZWJwIiwic2xpZGVzaG93IjoiMWQzNTkxZCJ9\">\n\t\t\t\t\t<div class=\"e-gallery-image elementor-gallery-item__image\" data-thumbnail=\"https:\/\/faber-etec.de\/wp-content\/uploads\/sites\/3\/2024\/08\/Windrader-Windkraft-Kompaktstationen-Faber-E-Tec-Trafostationen-Footer-BG-comp-768x432.webp\" data-width=\"768\" data-height=\"432\" aria-label=\"Aerogeneradores con estaci\u00f3n transformadora compacta y estaci\u00f3n transformadora compacta de E-Tec para una transmisi\u00f3n de energ\u00eda estable\" role=\"img\" ><\/div>\n\t\t\t\t\t\t\t\t\t\t\t<div class=\"elementor-gallery-item__overlay\"><\/div>\n\t\t\t\t\t\t\t\t\t\t\t\t\t\t<\/a>\n\t\t\t\t\t\t\t<a class=\"e-gallery-item elementor-gallery-item elementor-animated-content\" href=\"https:\/\/faber-etec.de\/wp-content\/uploads\/sites\/3\/2024\/08\/Ladeinfrastruktur-fuer-Elektrofahrzeuge-Kompakstationen.webp\" title=\"Infraestructura de recarga para veh\u00edculos el\u00e9ctricos Kompakstationen.webp - \" data-elementor-open-lightbox=\"yes\" data-elementor-lightbox-slideshow=\"1d3591d\" data-e-action-hash=\"#elementor-action%3Aaction%3Dlightbox%26settings%3DeyJpZCI6MTI1NzQsInVybCI6Imh0dHBzOlwvXC9mYWJlci1ldGVjLmRlXC93cC1jb250ZW50XC91cGxvYWRzXC9zaXRlc1wvM1wvMjAyNFwvMDhcL0xhZGVpbmZyYXN0cnVrdHVyLWZ1ZXItRWxla3Ryb2ZhaHJ6ZXVnZS1Lb21wYWtzdGF0aW9uZW4ud2VicCIsInNsaWRlc2hvdyI6IjFkMzU5MWQifQ%3D%3D\">\n\t\t\t\t\t<div class=\"e-gallery-image elementor-gallery-item__image\" data-thumbnail=\"https:\/\/faber-etec.de\/wp-content\/uploads\/sites\/3\/2024\/08\/Ladeinfrastruktur-fuer-Elektrofahrzeuge-Kompakstationen-768x430.webp\" data-width=\"768\" data-height=\"430\" aria-label=\"Infraestructura de carga para veh\u00edculos el\u00e9ctricos con un moderno sistema de recarga\" role=\"img\" ><\/div>\n\t\t\t\t\t\t\t\t\t\t\t<div class=\"elementor-gallery-item__overlay\"><\/div>\n\t\t\t\t\t\t\t\t\t\t\t\t\t\t<\/a>\n\t\t\t\t\t\t\t<a class=\"e-gallery-item elementor-gallery-item elementor-animated-content\" href=\"https:\/\/faber-etec.de\/wp-content\/uploads\/sites\/3\/2024\/09\/Netzbetreiber-Trafostation-1.webp\" title=\"Operador de red Centro de transformaci\u00f3n 1.webp - \" data-elementor-open-lightbox=\"yes\" data-elementor-lightbox-slideshow=\"1d3591d\" data-e-action-hash=\"#elementor-action%3Aaction%3Dlightbox%26settings%3DeyJpZCI6MTMzMjcsInVybCI6Imh0dHBzOlwvXC9mYWJlci1ldGVjLmRlXC93cC1jb250ZW50XC91cGxvYWRzXC9zaXRlc1wvM1wvMjAyNFwvMDlcL05ldHpiZXRyZWliZXItVHJhZm9zdGF0aW9uLTEud2VicCIsInNsaWRlc2hvdyI6IjFkMzU5MWQifQ%3D%3D\">\n\t\t\t\t\t<div class=\"e-gallery-image elementor-gallery-item__image\" data-thumbnail=\"https:\/\/faber-etec.de\/wp-content\/uploads\/sites\/3\/2024\/09\/Netzbetreiber-Trafostation-1-768x510.webp\" data-width=\"768\" data-height=\"510\" aria-label=\"Estaci\u00f3n transformadora: las estaciones de la red local en Alemania transmiten energ\u00eda el\u00e9ctrica de media a baja tensi\u00f3n.\" role=\"img\" ><\/div>\n\t\t\t\t\t\t\t\t\t\t\t<div class=\"elementor-gallery-item__overlay\"><\/div>\n\t\t\t\t\t\t\t\t\t\t\t\t\t\t<\/a>\n\t\t\t\t\t\t\t<a class=\"e-gallery-item elementor-gallery-item elementor-animated-content\" href=\"https:\/\/faber-etec.de\/wp-content\/uploads\/sites\/3\/2024\/08\/Solarpark-Freiland-Footer-BG-comp.webp\" title=\"Solarpark Freiland Pie BG Comp.webp - \" data-elementor-open-lightbox=\"yes\" data-elementor-lightbox-slideshow=\"1d3591d\" data-e-action-hash=\"#elementor-action%3Aaction%3Dlightbox%26settings%3DeyJpZCI6MTIwODAsInVybCI6Imh0dHBzOlwvXC9mYWJlci1ldGVjLmRlXC93cC1jb250ZW50XC91cGxvYWRzXC9zaXRlc1wvM1wvMjAyNFwvMDhcL1NvbGFycGFyay1GcmVpbGFuZC1Gb290ZXItQkctY29tcC53ZWJwIiwic2xpZGVzaG93IjoiMWQzNTkxZCJ9\">\n\t\t\t\t\t<div class=\"e-gallery-image elementor-gallery-item__image\" data-thumbnail=\"https:\/\/faber-etec.de\/wp-content\/uploads\/sites\/3\/2024\/08\/Solarpark-Freiland-Footer-BG-comp-768x405.webp\" data-width=\"768\" data-height=\"405\" aria-label=\"Gran parque solar en espacio abierto al amanecer con estaci\u00f3n compacta y centro de transformaci\u00f3n compacto para la generaci\u00f3n de energ\u00eda respetuosa con el medio ambiente\" role=\"img\" ><\/div>\n\t\t\t\t\t\t\t\t\t\t\t<div class=\"elementor-gallery-item__overlay\"><\/div>\n\t\t\t\t\t\t\t\t\t\t\t\t\t\t<\/a>\n\t\t\t\t\t\t\t<a class=\"e-gallery-item elementor-gallery-item elementor-animated-content\" href=\"https:\/\/faber-etec.de\/wp-content\/uploads\/sites\/3\/2024\/08\/Industrie-und-urbane-Energieversorgung-Kompakstationen.webp\" title=\"Industria Y Abastecimiento Energ\u00e9tico Urbano Estaciones Compactas.webp - \" data-elementor-open-lightbox=\"yes\" data-elementor-lightbox-slideshow=\"1d3591d\" data-e-action-hash=\"#elementor-action%3Aaction%3Dlightbox%26settings%3DeyJpZCI6MTI1NzYsInVybCI6Imh0dHBzOlwvXC9mYWJlci1ldGVjLmRlXC93cC1jb250ZW50XC91cGxvYWRzXC9zaXRlc1wvM1wvMjAyNFwvMDhcL0luZHVzdHJpZS11bmQtdXJiYW5lLUVuZXJnaWV2ZXJzb3JndW5nLUtvbXBha3N0YXRpb25lbi53ZWJwIiwic2xpZGVzaG93IjoiMWQzNTkxZCJ9\">\n\t\t\t\t\t<div class=\"e-gallery-image elementor-gallery-item__image\" data-thumbnail=\"https:\/\/faber-etec.de\/wp-content\/uploads\/sites\/3\/2024\/08\/Industrie-und-urbane-Energieversorgung-Kompakstationen-768x432.webp\" data-width=\"768\" data-height=\"432\" aria-label=\"Industria y abastecimiento energ\u00e9tico urbano con centrales compactas\" role=\"img\" ><\/div>\n\t\t\t\t\t\t\t\t\t\t\t<div class=\"elementor-gallery-item__overlay\"><\/div>\n\t\t\t\t\t\t\t\t\t\t\t\t\t\t<\/a>\n\t\t\t\t\t<\/div>\n\t\t\t\t\t<\/div>\n\t\t\t\t<\/div>\n\t\t\t\t<div class=\"elementor-element elementor-element-8ffc627 elementor-widget elementor-widget-text-editor\" data-id=\"8ffc627\" data-element_type=\"widget\" data-e-type=\"widget\" data-widget_type=\"text-editor.default\">\n\t\t\t\t<div class=\"elementor-widget-container\">\n\t\t\t\t\t\t\t\t\t<h3 class=\"wp-block-heading\">P\u00f3ngase en contacto con nosotros para personalizar su centro de transformaci\u00f3n<\/h3>\n<p><!-- \/wp:heading --><!-- wp:paragraph --><\/p>\n<p>Visite <a href=\"https:\/\/faber-etec.de\/es\/contacto\/\" title=\"Contacto - Preguntas sobre nuestros centros de transformaci\u00f3n\">Preguntas sobre nuestros centros de transformaci\u00f3n<\/a> o \u00bfnecesita una oferta sin compromiso? Nuestro equipo de expertos estar\u00e1 encantado de ayudarle. Utilice nuestro <a href=\"https:\/\/faber-etec.de\/es\/servicio-de-devolucion-de-llamada\/\" title=\"Servicio de devoluci\u00f3n de llamada - Servicio de devoluci\u00f3n de llamada\">Servicio de devoluci\u00f3n de llamada<\/a> para un asesoramiento r\u00e1pido y sin complicaciones.<\/p>\n<p><!-- \/wp:paragraph --><!-- wp:paragraph --><\/p>\n<p>Descubra el mundo de los centros de transformaci\u00f3n y c\u00f3mo desempe\u00f1an un papel crucial en la distribuci\u00f3n moderna de energ\u00eda. Trabajemos juntos para encontrar la soluci\u00f3n \u00f3ptima para sus necesidades. <a href=\"https:\/\/faber-etec.de\/es\/estacion-transformadora-2\/\" title=\"Centro de transformaci\u00f3n - Inf\u00f3rmese ahora sobre los centros de transformaci\u00f3n\">M\u00e1s informaci\u00f3n sobre centros de transformaci\u00f3n<\/a>.<\/p>\t\t\t\t\t\t\t\t<\/div>\n\t\t\t\t<\/div>\n\t\t\t\t<div class=\"elementor-element elementor-element-1d2724f elementor-widget-divider--view-line elementor-widget elementor-widget-divider\" data-id=\"1d2724f\" data-element_type=\"widget\" data-e-type=\"widget\" data-widget_type=\"divider.default\">\n\t\t\t\t<div class=\"elementor-widget-container\">\n\t\t\t\t\t\t\t<div class=\"elementor-divider\">\n\t\t\t<span class=\"elementor-divider-separator\">\n\t\t\t\t\t\t<\/span>\n\t\t<\/div>\n\t\t\t\t\t\t<\/div>\n\t\t\t\t<\/div>\n\t\t\t\t<div class=\"elementor-element elementor-element-9d6097d elementor-widget elementor-widget-text-editor\" data-id=\"9d6097d\" data-element_type=\"widget\" data-e-type=\"widget\" data-widget_type=\"text-editor.default\">\n\t\t\t\t<div class=\"elementor-widget-container\">\n\t\t\t\t\t\t\t\t\t<h2>Conclusi\u00f3n<\/h2>\n<p><!-- wp:paragraph --><\/p>\n<p>Un centro de transformaci\u00f3n , tambi\u00e9n <strong>Centro de transformaci\u00f3n<\/strong> o <strong>Subestaci\u00f3n<\/strong> es un componente clave de la infraestructura energ\u00e9tica. Realiza la tarea de convertir la energ\u00eda el\u00e9ctrica de un nivel de tensi\u00f3n m\u00e1s alto, como la red de media tensi\u00f3n, a un nivel de tensi\u00f3n m\u00e1s bajo, como la red de baja tensi\u00f3n. Esto lleva la electricidad a un nivel de tensi\u00f3n seguro y utilizable para los consumidores finales, ya sean hogares o empresas.<\/p>\n<p><!-- \/wp:paragraph --><!-- wp:paragraph --><\/p>\n<p><b>Centros de transformaci\u00f3n <\/b>constan de un transformador y diversas tecnolog\u00edas de conmutaci\u00f3n y control. El propio transformador es la pieza central que convierte la tensi\u00f3n, mientras que la tecnolog\u00eda de conmutaci\u00f3n distribuye y protege la electricidad. En los centros de transformaci\u00f3n modernos tambi\u00e9n se hace hincapi\u00e9 en la alta eficiencia y la seguridad para minimizar la p\u00e9rdida de energ\u00eda y garantizar un funcionamiento sin problemas.<\/p>\n<p><!-- \/wp:paragraph --><!-- wp:paragraph --><\/p>\n<p>Los \u00e1mbitos de aplicaci\u00f3n de los centros de transformaci\u00f3n son diversos. Se utilizan en redes urbanas para garantizar el suministro energ\u00e9tico de zonas residenciales y comerciales. En la industria, se utilizan para alimentar grandes sistemas y m\u00e1quinas que requieren un suministro estable de energ\u00eda. Tambi\u00e9n desempe\u00f1an un papel crucial en los proyectos de energ\u00edas renovables, como las centrales fotovoltaicas y e\u00f3licas, al inyectar en la red la electricidad generada.<\/p>\n<p><!-- \/wp:paragraph --><!-- wp:paragraph --><\/p>\n<p>En definitiva, los centros de transformaci\u00f3n son indispensables para una distribuci\u00f3n el\u00e9ctrica fiable y eficaz. Garantizan que la energ\u00eda el\u00e9ctrica llegue donde se necesita con la tensi\u00f3n y la calidad adecuadas.<\/p>\n<p><!-- \/wp:paragraph --><!-- wp:paragraph --><!-- \/wp:paragraph --><!-- wp:paragraph --><!-- \/wp:paragraph --><\/p>\t\t\t\t\t\t\t\t<\/div>\n\t\t\t\t<\/div>\n\t\t\t\t<div class=\"elementor-element elementor-element-4e000d3 elementor-widget elementor-widget-button\" data-id=\"4e000d3\" data-element_type=\"widget\" data-e-type=\"widget\" data-widget_type=\"button.default\">\n\t\t\t\t<div class=\"elementor-widget-container\">\n\t\t\t\t\t\t\t\t\t<div class=\"elementor-button-wrapper\">\n\t\t\t\t\t<a class=\"elementor-button elementor-button-link elementor-size-sm\" href=\"https:\/\/faber-etec.de\/es\/solicitar\/\" title=\"Consultas - Pida ya centros de transformaci\u00f3n\">\n\t\t\t\t\t\t<span class=\"elementor-button-content-wrapper\">\n\t\t\t\t\t\t<span class=\"elementor-button-icon\">\n\t\t\t\t<i aria-hidden=\"true\" class=\"fas fa-angle-right\"><\/i>\t\t\t<\/span>\n\t\t\t\t\t\t\t\t\t<span class=\"elementor-button-text\">Pedir centros de transformaci\u00f3n ahora<\/span>\n\t\t\t\t\t<\/span>\n\t\t\t\t\t<\/a>\n\t\t\t\t<\/div>\n\t\t\t\t\t\t\t\t<\/div>\n\t\t\t\t<\/div>\n\t\t\t\t\t<\/div>\n\t\t\t\t<\/div>\n\t\t\t\t<\/div>","protected":false},"excerpt":{"rendered":"<p>Un centro de transformaci\u00f3n es crucial para la conversi\u00f3n de energ\u00eda el\u00e9ctrica de media tensi\u00f3n a baja tensi\u00f3n y, por tanto, para un suministro el\u00e9ctrico fiable. Garantiza una distribuci\u00f3n eficiente de la energ\u00eda para hogares, empresas y plantas industriales.<\/p>","protected":false},"author":2,"featured_media":10648,"comment_status":"closed","ping_status":"open","sticky":false,"template":"","format":"standard","meta":{"_acf_changed":false,"footnotes":""},"categories":[52],"tags":[48,44,37],"class_list":["post-13354","post","type-post","status-publish","format-standard","has-post-thumbnail","hentry","category-forschung-und-entwicklung","tag-energieversorgung","tag-made-in-germany","tag-trafostation"],"acf":[],"_links":{"self":[{"href":"https:\/\/faber-etec.de\/es\/wp-json\/wp\/v2\/posts\/13354","targetHints":{"allow":["GET"]}}],"collection":[{"href":"https:\/\/faber-etec.de\/es\/wp-json\/wp\/v2\/posts"}],"about":[{"href":"https:\/\/faber-etec.de\/es\/wp-json\/wp\/v2\/types\/post"}],"author":[{"embeddable":true,"href":"https:\/\/faber-etec.de\/es\/wp-json\/wp\/v2\/users\/2"}],"replies":[{"embeddable":true,"href":"https:\/\/faber-etec.de\/es\/wp-json\/wp\/v2\/comments?post=13354"}],"version-history":[{"count":12,"href":"https:\/\/faber-etec.de\/es\/wp-json\/wp\/v2\/posts\/13354\/revisions"}],"predecessor-version":[{"id":16185,"href":"https:\/\/faber-etec.de\/es\/wp-json\/wp\/v2\/posts\/13354\/revisions\/16185"}],"wp:featuredmedia":[{"embeddable":true,"href":"https:\/\/faber-etec.de\/es\/wp-json\/wp\/v2\/media\/10648"}],"wp:attachment":[{"href":"https:\/\/faber-etec.de\/es\/wp-json\/wp\/v2\/media?parent=13354"}],"wp:term":[{"taxonomy":"category","embeddable":true,"href":"https:\/\/faber-etec.de\/es\/wp-json\/wp\/v2\/categories?post=13354"},{"taxonomy":"post_tag","embeddable":true,"href":"https:\/\/faber-etec.de\/es\/wp-json\/wp\/v2\/tags?post=13354"}],"curies":[{"name":"wp","href":"https:\/\/api.w.org\/{rel}","templated":true}]}}