{"id":13529,"date":"2024-09-17T09:55:18","date_gmt":"2024-09-17T07:55:18","guid":{"rendered":"https:\/\/faber-etec.de\/?p=13529"},"modified":"2024-11-14T23:45:56","modified_gmt":"2024-11-14T22:45:56","slug":"seleccionar-centro-de-transformacion-2","status":"publish","type":"post","link":"https:\/\/faber-etec.de\/es\/forschung-und-entwicklung\/trafostation-auswaehlen\/","title":{"rendered":"Selecci\u00f3n de un centro de transformaci\u00f3n - Gu\u00eda para una buena elecci\u00f3n"},"content":{"rendered":"<div data-elementor-type=\"wp-post\" data-elementor-id=\"13529\" class=\"elementor elementor-13529\" data-elementor-post-type=\"post\">\n\t\t\t\t<div class=\"elementor-element elementor-element-b1ac1ae e-flex e-con-boxed e-con e-parent\" data-id=\"b1ac1ae\" data-element_type=\"container\" data-e-type=\"container\">\n\t\t\t\t\t<div class=\"e-con-inner\">\n\t\t\t\t<div class=\"elementor-element elementor-element-b070be0 elementor-widget elementor-widget-heading\" data-id=\"b070be0\" data-element_type=\"widget\" data-e-type=\"widget\" data-widget_type=\"heading.default\">\n\t\t\t\t<div class=\"elementor-widget-container\">\n\t\t\t\t\t<h2 class=\"elementor-heading-title elementor-size-default\">Seleccionar centro de transformaci\u00f3n<\/h2>\t\t\t\t<\/div>\n\t\t\t\t<\/div>\n\t\t\t\t<div class=\"elementor-element elementor-element-8b6f0c1 elementor-widget elementor-widget-text-editor\" data-id=\"8b6f0c1\" data-element_type=\"widget\" data-e-type=\"widget\" data-widget_type=\"text-editor.default\">\n\t\t\t\t<div class=\"elementor-widget-container\">\n\t\t\t\t\t\t\t\t\t<p><strong>Seleccionar centro de transformaci\u00f3n<\/strong> y benef\u00edciese de una distribuci\u00f3n \u00f3ptima de la energ\u00eda. Nuestra gu\u00eda le ayudar\u00e1 a encontrar la soluci\u00f3n adecuada a sus necesidades, ya se trate de parques solares, movilidad el\u00e9ctrica o aplicaciones industriales. \u00a1Descubra ahora el centro de transformaci\u00f3n ideal e implemente con \u00e9xito proyectos energ\u00e9ticos!<\/p><p>Elegir bien <a  href=\"https:\/\/faber-etec.de\/es\/estacion-transformadora-2\/\" title=\"Centro de transformaci\u00f3n - Centro de transformaci\u00f3n \">Centro de transformaci\u00f3n <\/a>es crucial para el \u00e9xito de su proyecto energ\u00e9tico. Independientemente de si <strong>Centro de transformaci\u00f3n para parques solares<\/strong>una soluci\u00f3n para el <strong>Infraestructura de estaciones de carga<\/strong> o un <strong>Estaci\u00f3n transformadora m\u00f3vil<\/strong> hay varios factores que debe tener en cuenta. En este art\u00edculo, le daremos una visi\u00f3n general de los diferentes <a  href=\"https:\/\/faber-etec.de\/es\/estaciones-compactas\/\" title=\"Centros compactos - Centros de transformaci\u00f3n compactos\">Centros de transformaci\u00f3n compactos<\/a> y c\u00f3mo encontrar la soluci\u00f3n adecuada a sus necesidades.<\/p>\t\t\t\t\t\t\t\t<\/div>\n\t\t\t\t<\/div>\n\t\t\t\t<div class=\"elementor-element elementor-element-bb69fdd elementor-widget-divider--view-line elementor-widget elementor-widget-divider\" data-id=\"bb69fdd\" data-element_type=\"widget\" data-e-type=\"widget\" data-widget_type=\"divider.default\">\n\t\t\t\t<div class=\"elementor-widget-container\">\n\t\t\t\t\t\t\t<div class=\"elementor-divider\">\n\t\t\t<span class=\"elementor-divider-separator\">\n\t\t\t\t\t\t<\/span>\n\t\t<\/div>\n\t\t\t\t\t\t<\/div>\n\t\t\t\t<\/div>\n\t\t\t\t<div class=\"elementor-element elementor-element-bae8ac9 elementor-widget elementor-widget-heading\" data-id=\"bae8ac9\" data-element_type=\"widget\" data-e-type=\"widget\" data-widget_type=\"heading.default\">\n\t\t\t\t<div class=\"elementor-widget-container\">\n\t\t\t\t\t<h3 class=\"elementor-heading-title elementor-size-default\">Estaci\u00f3n de transferencia y estaciones transformadoras compactas\n<\/h3>\t\t\t\t<\/div>\n\t\t\t\t<\/div>\n\t\t\t\t<div class=\"elementor-element elementor-element-423eeec elementor-widget elementor-widget-text-editor\" data-id=\"423eeec\" data-element_type=\"widget\" data-e-type=\"widget\" data-widget_type=\"text-editor.default\">\n\t\t\t\t<div class=\"elementor-widget-container\">\n\t\t\t\t\t\t\t\t\t<p>Un <strong>Estaci\u00f3n de transferencia<\/strong> es ideal si necesita transferir energ\u00eda entre distintos niveles de red. Se utiliza cuando hay que transferir energ\u00eda del nivel de media tensi\u00f3n al de baja tensi\u00f3n o viceversa. Este <strong>Estaciones compactas<\/strong> son perfectos para aplicaciones industriales o edificios que requieren una fuente de alimentaci\u00f3n fiable.<\/p>\t\t\t\t\t\t\t\t<\/div>\n\t\t\t\t<\/div>\n\t\t<div class=\"elementor-element elementor-element-ee7647b e-con-full e-flex e-con e-child\" data-id=\"ee7647b\" data-element_type=\"container\" data-e-type=\"container\" data-settings=\"{&quot;background_background&quot;:&quot;classic&quot;}\">\n\t\t<div class=\"elementor-element elementor-element-4856d7a e-con-full e-flex e-con e-child\" data-id=\"4856d7a\" data-element_type=\"container\" data-e-type=\"container\">\n\t\t\t\t<div class=\"elementor-element elementor-element-85b6ecd elementor-widget elementor-widget-image\" data-id=\"85b6ecd\" data-element_type=\"widget\" data-e-type=\"widget\" data-widget_type=\"image.default\">\n\t\t\t\t<div class=\"elementor-widget-container\">\n\t\t\t\t\t\t\t\t\t\t\t\t<figure class=\"wp-caption\">\n\t\t\t\t\t\t\t\t\t\t\t<a  href=\"https:\/\/faber-etec.de\/es\/estacion-compacta\/\" title=\"Estaci\u00f3n compacta - \">\n\t\t\t\t\t\t\t<img decoding=\"async\" src=\"https:\/\/faber-etec.de\/wp-content\/uploads\/sites\/3\/elementor\/thumbs\/kompaktstation-trafo-photovoltaik-windkraft-e-mobilitaet-uebergabestation-trafostation-qsjez06hq0fwwxb8r0476l21s9fyk9f4cm06whl31c.webp\" title=\"Estaci\u00f3n compacta - Distribuci\u00f3n eficiente de energ\u00eda para fotovoltaica, e\u00f3lica y movilidad el\u00e9ctrica\" alt=\"Estaci\u00f3n compacta para transformadores, energ\u00eda fotovoltaica, energ\u00eda e\u00f3lica y movilidad el\u00e9ctrica\" loading=\"lazy\" \/>\t\t\t\t\t\t\t\t<\/a>\n\t\t\t\t\t\t\t\t\t\t\t<figcaption class=\"widget-image-caption wp-caption-text\">Estaci\u00f3n compacta de Faber E-Tec, ideal para la distribuci\u00f3n eficiente de energ\u00eda en sistemas fotovoltaicos, proyectos de energ\u00eda e\u00f3lica y e-movilidad. Fiable y compacta para aplicaciones vers\u00e1tiles.<\/figcaption>\n\t\t\t\t\t\t\t\t\t\t<\/figure>\n\t\t\t\t\t\t\t\t\t<\/div>\n\t\t\t\t<\/div>\n\t\t\t\t<\/div>\n\t\t<div class=\"elementor-element elementor-element-0c457b5 e-con-full e-flex e-con e-child\" data-id=\"0c457b5\" data-element_type=\"container\" data-e-type=\"container\">\n\t\t\t\t<div class=\"elementor-element elementor-element-6359744 elementor-widget elementor-widget-heading\" data-id=\"6359744\" data-element_type=\"widget\" data-e-type=\"widget\" data-widget_type=\"heading.default\">\n\t\t\t\t<div class=\"elementor-widget-container\">\n\t\t\t\t\t<h4 class=\"elementor-heading-title elementor-size-default\">Estaciones compactas Ejemplo:<\/h4>\t\t\t\t<\/div>\n\t\t\t\t<\/div>\n\t\t\t\t<div class=\"elementor-element elementor-element-a6a5d6a elementor-widget elementor-widget-text-editor\" data-id=\"a6a5d6a\" data-element_type=\"widget\" data-e-type=\"widget\" data-widget_type=\"text-editor.default\">\n\t\t\t\t<div class=\"elementor-widget-container\">\n\t\t\t\t\t\t\t\t\t<p>Una empresa mediana planea ampliar su nave de producci\u00f3n y necesita una estaci\u00f3n transformadora para ampliar la infraestructura existente. La estaci\u00f3n transformadora se integra en la red existente y garantiza una transmisi\u00f3n fluida de la energ\u00eda. M\u00e1s informaci\u00f3n <a  href=\"https:\/\/faber-etec.de\/es\/estacion-compacta\/\" title=\"Estaci\u00f3n compacta - Estaci\u00f3n de transferencia y estaciones transformadoras compactas\" rel=\"noopener\">Estaci\u00f3n de transferencia y estaciones transformadoras compactas<\/a> y c\u00f3mo pueden utilizarse en su proyecto.<\/p>\t\t\t\t\t\t\t\t<\/div>\n\t\t\t\t<\/div>\n\t\t\t\t<div class=\"elementor-element elementor-element-1241e77 elementor-widget elementor-widget-button\" data-id=\"1241e77\" data-element_type=\"widget\" data-e-type=\"widget\" data-widget_type=\"button.default\">\n\t\t\t\t<div class=\"elementor-widget-container\">\n\t\t\t\t\t\t\t\t\t<div class=\"elementor-button-wrapper\">\n\t\t\t\t\t<a class=\"elementor-button elementor-button-link elementor-size-sm\"  href=\"https:\/\/faber-etec.de\/es\/estacion-compacta\/\" title=\"Centro compacto - Centro compacto transformador\">\n\t\t\t\t\t\t<span class=\"elementor-button-content-wrapper\">\n\t\t\t\t\t\t<span class=\"elementor-button-icon\">\n\t\t\t\t<i aria-hidden=\"true\" class=\"fas fa-angle-right\"><\/i>\t\t\t<\/span>\n\t\t\t\t\t\t\t\t\t<span class=\"elementor-button-text\">Centro de transformaci\u00f3n compacto<\/span>\n\t\t\t\t\t<\/span>\n\t\t\t\t\t<\/a>\n\t\t\t\t<\/div>\n\t\t\t\t\t\t\t\t<\/div>\n\t\t\t\t<\/div>\n\t\t\t\t<\/div>\n\t\t\t\t<\/div>\n\t\t\t\t<div class=\"elementor-element elementor-element-0126e0e elementor-widget-divider--view-line elementor-widget elementor-widget-divider\" data-id=\"0126e0e\" data-element_type=\"widget\" data-e-type=\"widget\" data-widget_type=\"divider.default\">\n\t\t\t\t<div class=\"elementor-widget-container\">\n\t\t\t\t\t\t\t<div class=\"elementor-divider\">\n\t\t\t<span class=\"elementor-divider-separator\">\n\t\t\t\t\t\t<\/span>\n\t\t<\/div>\n\t\t\t\t\t\t<\/div>\n\t\t\t\t<\/div>\n\t\t\t\t<div class=\"elementor-element elementor-element-b1959ba elementor-widget elementor-widget-heading\" data-id=\"b1959ba\" data-element_type=\"widget\" data-e-type=\"widget\" data-widget_type=\"heading.default\">\n\t\t\t\t<div class=\"elementor-widget-container\">\n\t\t\t\t\t<h3 class=\"elementor-heading-title elementor-size-default\">Estaci\u00f3n solar<\/h3>\t\t\t\t<\/div>\n\t\t\t\t<\/div>\n\t\t\t\t<div class=\"elementor-element elementor-element-247ced7 elementor-widget elementor-widget-text-editor\" data-id=\"247ced7\" data-element_type=\"widget\" data-e-type=\"widget\" data-widget_type=\"text-editor.default\">\n\t\t\t\t<div class=\"elementor-widget-container\">\n\t\t\t\t\t\t\t\t\t<p>Para <strong>Sistemas fotovoltaicos<\/strong> y parques solares (fotovoltaica montada en el suelo), las estaciones de parque solar especialmente desarrolladas son la mejor opci\u00f3n. Estos centros de transformaci\u00f3n garantizan que la energ\u00eda generada se inyecte eficazmente en la red el\u00e9ctrica y son ideales para grandes proyectos solares. Est\u00e1n dise\u00f1ados para cumplir los requisitos especiales de los sistemas fotovoltaicos y garantizar una distribuci\u00f3n fiable de la energ\u00eda.<\/p>\t\t\t\t\t\t\t\t<\/div>\n\t\t\t\t<\/div>\n\t\t<div class=\"elementor-element elementor-element-db73903 e-con-full e-flex e-con e-child\" data-id=\"db73903\" data-element_type=\"container\" data-e-type=\"container\" data-settings=\"{&quot;background_background&quot;:&quot;classic&quot;}\">\n\t\t<div class=\"elementor-element elementor-element-cad5e9f e-con-full e-flex e-con e-child\" data-id=\"cad5e9f\" data-element_type=\"container\" data-e-type=\"container\">\n\t\t\t\t<div class=\"elementor-element elementor-element-bdb80da elementor-widget elementor-widget-image\" data-id=\"bdb80da\" data-element_type=\"widget\" data-e-type=\"widget\" data-widget_type=\"image.default\">\n\t\t\t\t<div class=\"elementor-widget-container\">\n\t\t\t\t\t\t\t\t\t\t\t\t<figure class=\"wp-caption\">\n\t\t\t\t\t\t\t\t\t\t<img decoding=\"async\" src=\"https:\/\/faber-etec.de\/wp-content\/uploads\/sites\/3\/elementor\/thumbs\/Solarpark-Freiland-Footer-BG-comp-qsi71klrcjkvmyfj7f4o5nji6k4g8r8pl8v7t6e3kw.webp\" title=\"Parque solar al amanecer\" alt=\"Gran parque solar en espacio abierto al amanecer con estaci\u00f3n compacta y centro de transformaci\u00f3n compacto para la generaci\u00f3n de energ\u00eda respetuosa con el medio ambiente\" loading=\"lazy\" \/>\t\t\t\t\t\t\t\t\t\t\t<figcaption class=\"widget-image-caption wp-caption-text\">Un impresionante parque solar situado en un espacio abierto en el campo. Los m\u00f3dulos solares cubren una gran superficie y convierten la luz solar en energ\u00eda limpia.<\/figcaption>\n\t\t\t\t\t\t\t\t\t\t<\/figure>\n\t\t\t\t\t\t\t\t\t<\/div>\n\t\t\t\t<\/div>\n\t\t\t\t<\/div>\n\t\t<div class=\"elementor-element elementor-element-25a8a86 e-con-full e-flex e-con e-child\" data-id=\"25a8a86\" data-element_type=\"container\" data-e-type=\"container\">\n\t\t\t\t<div class=\"elementor-element elementor-element-71e58d3 elementor-widget elementor-widget-heading\" data-id=\"71e58d3\" data-element_type=\"widget\" data-e-type=\"widget\" data-widget_type=\"heading.default\">\n\t\t\t\t<div class=\"elementor-widget-container\">\n\t\t\t\t\t<h4 class=\"elementor-heading-title elementor-size-default\">Ejemplo de parque solar:<\/h4>\t\t\t\t<\/div>\n\t\t\t\t<\/div>\n\t\t\t\t<div class=\"elementor-element elementor-element-e47a076 elementor-widget elementor-widget-text-editor\" data-id=\"e47a076\" data-element_type=\"widget\" data-e-type=\"widget\" data-widget_type=\"text-editor.default\">\n\t\t\t\t<div class=\"elementor-widget-container\">\n\t\t\t\t\t\t\t\t\t<p>Un parque solar con una capacidad instalada de 5 MW requiere una estaci\u00f3n transformadora que inyecte la electricidad generada en la red de forma segura y eficiente. Nuestra estaci\u00f3n de parque solar est\u00e1 dise\u00f1ada para cumplir estos requisitos y garantiza una distribuci\u00f3n \u00f3ptima de la energ\u00eda.<\/p><p>M\u00e1s informaci\u00f3n <a  href=\"https:\/\/faber-etec.de\/es\/estacion-del-parque-solar\/\" title=\"Estaci\u00f3n de huertas solares - Estaci\u00f3n de huertas solares \">Estaci\u00f3n solar <\/a>y c\u00f3mo puede ayudarle en su proyecto fotovoltaico<\/p>\t\t\t\t\t\t\t\t<\/div>\n\t\t\t\t<\/div>\n\t\t\t\t<div class=\"elementor-element elementor-element-3339144 elementor-widget elementor-widget-button\" data-id=\"3339144\" data-element_type=\"widget\" data-e-type=\"widget\" data-widget_type=\"button.default\">\n\t\t\t\t<div class=\"elementor-widget-container\">\n\t\t\t\t\t\t\t\t\t<div class=\"elementor-button-wrapper\">\n\t\t\t\t\t<a class=\"elementor-button elementor-button-link elementor-size-sm\"  href=\"https:\/\/faber-etec.de\/es\/estacion-del-parque-solar\/\" title=\"Estaci\u00f3n transformadora del parque solar\">\n\t\t\t\t\t\t<span class=\"elementor-button-content-wrapper\">\n\t\t\t\t\t\t<span class=\"elementor-button-icon\">\n\t\t\t\t<i aria-hidden=\"true\" class=\"fas fa-angle-right\"><\/i>\t\t\t<\/span>\n\t\t\t\t\t\t\t\t\t<span class=\"elementor-button-text\">Parque solar Centro de transformaci\u00f3n<\/span>\n\t\t\t\t\t<\/span>\n\t\t\t\t\t<\/a>\n\t\t\t\t<\/div>\n\t\t\t\t\t\t\t\t<\/div>\n\t\t\t\t<\/div>\n\t\t\t\t<\/div>\n\t\t\t\t<\/div>\n\t\t\t\t<div class=\"elementor-element elementor-element-ad54396 elementor-widget-divider--view-line elementor-widget elementor-widget-divider\" data-id=\"ad54396\" data-element_type=\"widget\" data-e-type=\"widget\" data-widget_type=\"divider.default\">\n\t\t\t\t<div class=\"elementor-widget-container\">\n\t\t\t\t\t\t\t<div class=\"elementor-divider\">\n\t\t\t<span class=\"elementor-divider-separator\">\n\t\t\t\t\t\t<\/span>\n\t\t<\/div>\n\t\t\t\t\t\t<\/div>\n\t\t\t\t<\/div>\n\t\t\t\t<div class=\"elementor-element elementor-element-e096eb2 elementor-widget elementor-widget-heading\" data-id=\"e096eb2\" data-element_type=\"widget\" data-e-type=\"widget\" data-widget_type=\"heading.default\">\n\t\t\t\t<div class=\"elementor-widget-container\">\n\t\t\t\t\t<h3 class=\"elementor-heading-title elementor-size-default\">Estaci\u00f3n de movilidad el\u00e9ctrica<\/h3>\t\t\t\t<\/div>\n\t\t\t\t<\/div>\n\t\t\t\t<div class=\"elementor-element elementor-element-c8de88b elementor-widget elementor-widget-text-editor\" data-id=\"c8de88b\" data-element_type=\"widget\" data-e-type=\"widget\" data-widget_type=\"text-editor.default\">\n\t\t\t\t<div class=\"elementor-widget-container\">\n\t\t\t\t\t\t\t\t\t<p>En <strong>Estaci\u00f3n de movilidad el\u00e9ctrica<\/strong> se ha desarrollado especialmente para la infraestructura de carga de veh\u00edculos el\u00e9ctricos. Proporciona la potencia necesaria y favorece la integraci\u00f3n de estaciones de carga r\u00e1pida y otros puntos de recarga para coches el\u00e9ctricos. Estos centros de transformaci\u00f3n son ideales para servicios p\u00fablicos municipales, empresas e instituciones p\u00fablicas que deseen establecer una infraestructura de estaciones de carga fiable.<\/p>\t\t\t\t\t\t\t\t<\/div>\n\t\t\t\t<\/div>\n\t\t<div class=\"elementor-element elementor-element-10b3233 e-con-full e-flex e-con e-child\" data-id=\"10b3233\" data-element_type=\"container\" data-e-type=\"container\" data-settings=\"{&quot;background_background&quot;:&quot;classic&quot;}\">\n\t\t<div class=\"elementor-element elementor-element-b67ef4f e-con-full e-flex e-con e-child\" data-id=\"b67ef4f\" data-element_type=\"container\" data-e-type=\"container\">\n\t\t\t\t<div class=\"elementor-element elementor-element-4587496 elementor-widget elementor-widget-image\" data-id=\"4587496\" data-element_type=\"widget\" data-e-type=\"widget\" data-widget_type=\"image.default\">\n\t\t\t\t<div class=\"elementor-widget-container\">\n\t\t\t\t\t\t\t\t\t\t\t\t<figure class=\"wp-caption\">\n\t\t\t\t\t\t\t\t\t\t\t<a  href=\"https:\/\/faber-etec.de\/es\/e-movilidad\/\" title=\"E Movilidad - \">\n\t\t\t\t\t\t\t<img decoding=\"async\" src=\"https:\/\/faber-etec.de\/wp-content\/uploads\/sites\/3\/elementor\/thumbs\/Transformatoren-fuer-E-Mobilitaets-Infrastruktur-Ladesaeuleninfrastruktur-Trafo-fuer-E-Mobilitaet-Footer-BG-comp-qsi71eyq7jd5panq4cowqoyqm8w8ykmbkgyaximgm8.webp\" title=\"Transformadores para infraestructuras de estaciones de recarga de movilidad el\u00e9ctrica\" alt=\"adestaci\u00f3n para veh\u00edculos el\u00e9ctricos con transformador de estaci\u00f3n compacto y transformadores para un suministro el\u00e9ctrico fiable\" loading=\"lazy\" \/>\t\t\t\t\t\t\t\t<\/a>\n\t\t\t\t\t\t\t\t\t\t\t<figcaption class=\"widget-image-caption wp-caption-text\">Una moderna estaci\u00f3n de carga para veh\u00edculos el\u00e9ctricos, equipada con transformadores que garantizan un suministro el\u00e9ctrico estable y eficiente. Ideal para ampliar la infraestructura de e-movilidad.<\/figcaption>\n\t\t\t\t\t\t\t\t\t\t<\/figure>\n\t\t\t\t\t\t\t\t\t<\/div>\n\t\t\t\t<\/div>\n\t\t\t\t<\/div>\n\t\t<div class=\"elementor-element elementor-element-8c362e5 e-con-full e-flex e-con e-child\" data-id=\"8c362e5\" data-element_type=\"container\" data-e-type=\"container\">\n\t\t\t\t<div class=\"elementor-element elementor-element-a38f713 elementor-widget elementor-widget-heading\" data-id=\"a38f713\" data-element_type=\"widget\" data-e-type=\"widget\" data-widget_type=\"heading.default\">\n\t\t\t\t<div class=\"elementor-widget-container\">\n\t\t\t\t\t<h4 class=\"elementor-heading-title elementor-size-default\">Infraestructura de estaciones de carga Ejemplo:<\/h4>\t\t\t\t<\/div>\n\t\t\t\t<\/div>\n\t\t\t\t<div class=\"elementor-element elementor-element-11b19e7 elementor-widget elementor-widget-text-editor\" data-id=\"11b19e7\" data-element_type=\"widget\" data-e-type=\"widget\" data-widget_type=\"text-editor.default\">\n\t\t\t\t<div class=\"elementor-widget-container\">\n\t\t\t\t\t\t\t\t\t<p>Un centro comercial tiene previsto instalar una infraestructura de estaciones de carga para sus clientes. La estaci\u00f3n de e-movilidad garantiza el suministro de la energ\u00eda necesaria para el funcionamiento simult\u00e1neo de varias estaciones de carga r\u00e1pida y permite una distribuci\u00f3n eficiente de la energ\u00eda.<\/p><p>M\u00e1s informaci\u00f3n <a  href=\"https:\/\/faber-etec.de\/es\/e-movilidad\/\" title=\"E Mobilitaet - Estaci\u00f3n de movilidad el\u00e9ctrica\">Estaci\u00f3n de movilidad el\u00e9ctrica<\/a> y c\u00f3mo apoya su proyecto de infraestructura de recarga.<\/p>\t\t\t\t\t\t\t\t<\/div>\n\t\t\t\t<\/div>\n\t\t\t\t<div class=\"elementor-element elementor-element-c3b1ff2 elementor-widget elementor-widget-button\" data-id=\"c3b1ff2\" data-element_type=\"widget\" data-e-type=\"widget\" data-widget_type=\"button.default\">\n\t\t\t\t<div class=\"elementor-widget-container\">\n\t\t\t\t\t\t\t\t\t<div class=\"elementor-button-wrapper\">\n\t\t\t\t\t<a class=\"elementor-button elementor-button-link elementor-size-sm\"  href=\"https:\/\/faber-etec.de\/es\/e-movilidad\/\" title=\"E Mobilitaet - Estaci\u00f3n transformadora de movilidad el\u00e9ctrica\">\n\t\t\t\t\t\t<span class=\"elementor-button-content-wrapper\">\n\t\t\t\t\t\t<span class=\"elementor-button-icon\">\n\t\t\t\t<i aria-hidden=\"true\" class=\"fas fa-angle-right\"><\/i>\t\t\t<\/span>\n\t\t\t\t\t\t\t\t\t<span class=\"elementor-button-text\">Estaci\u00f3n transformadora de movilidad el\u00e9ctrica<\/span>\n\t\t\t\t\t<\/span>\n\t\t\t\t\t<\/a>\n\t\t\t\t<\/div>\n\t\t\t\t\t\t\t\t<\/div>\n\t\t\t\t<\/div>\n\t\t\t\t<\/div>\n\t\t\t\t<\/div>\n\t\t\t\t<div class=\"elementor-element elementor-element-a6fbc71 elementor-widget-divider--view-line elementor-widget elementor-widget-divider\" data-id=\"a6fbc71\" data-element_type=\"widget\" data-e-type=\"widget\" data-widget_type=\"divider.default\">\n\t\t\t\t<div class=\"elementor-widget-container\">\n\t\t\t\t\t\t\t<div class=\"elementor-divider\">\n\t\t\t<span class=\"elementor-divider-separator\">\n\t\t\t\t\t\t<\/span>\n\t\t<\/div>\n\t\t\t\t\t\t<\/div>\n\t\t\t\t<\/div>\n\t\t\t\t<div class=\"elementor-element elementor-element-ed760e0 elementor-widget elementor-widget-heading\" data-id=\"ed760e0\" data-element_type=\"widget\" data-e-type=\"widget\" data-widget_type=\"heading.default\">\n\t\t\t\t<div class=\"elementor-widget-container\">\n\t\t\t\t\t<h3 class=\"elementor-heading-title elementor-size-default\">Estaci\u00f3n de contenedores<\/h3>\t\t\t\t<\/div>\n\t\t\t\t<\/div>\n\t\t\t\t<div class=\"elementor-element elementor-element-81e7327 elementor-widget elementor-widget-text-editor\" data-id=\"81e7327\" data-element_type=\"widget\" data-e-type=\"widget\" data-widget_type=\"text-editor.default\">\n\t\t\t\t<div class=\"elementor-widget-container\">\n\t\t\t\t\t\t\t\t\t<p>Para proyectos que requieren flexibilidad y movilidad, nuestros <strong>Estaci\u00f3n de contenedores<\/strong> la soluci\u00f3n \u00f3ptima. Especialmente desarrollado para parques solares, nuestro <strong>Centros de transformaci\u00f3n en contenedores<\/strong> una soluci\u00f3n compacta y m\u00f3vil para proyectos temporales o remotos. Descubra el Container Revolution de 7200 kW de Faber E-Tec: una eficiente estaci\u00f3n transformadora para grandes parques solares.<\/p><p>Esta estaci\u00f3n de contenedores permite una evaluaci\u00f3n digital completa de todos los inversores, as\u00ed como de todos los valores relevantes de corriente y tensi\u00f3n, temperaturas y mediciones de humedad. No solo ofrece un manejo sencillo, sino tambi\u00e9n la m\u00e1xima seguridad y fiabilidad gracias a los sensores integrados y al innovador concepto de ventilaci\u00f3n.<\/p>\t\t\t\t\t\t\t\t<\/div>\n\t\t\t\t<\/div>\n\t\t<div class=\"elementor-element elementor-element-c34bff4 e-con-full e-flex e-con e-child\" data-id=\"c34bff4\" data-element_type=\"container\" data-e-type=\"container\" data-settings=\"{&quot;background_background&quot;:&quot;classic&quot;}\">\n\t\t<div class=\"elementor-element elementor-element-f5890f7 e-con-full e-flex e-con e-child\" data-id=\"f5890f7\" data-element_type=\"container\" data-e-type=\"container\">\n\t\t\t\t<div class=\"elementor-element elementor-element-01bbf0b elementor-widget elementor-widget-image\" data-id=\"01bbf0b\" data-element_type=\"widget\" data-e-type=\"widget\" data-widget_type=\"image.default\">\n\t\t\t\t<div class=\"elementor-widget-container\">\n\t\t\t\t\t\t\t\t\t\t\t\t<figure class=\"wp-caption\">\n\t\t\t\t\t\t\t\t\t\t\t<a  href=\"https:\/\/faber-etec.de\/es\/estacion-de-contenedores\/\" title=\"Estaci\u00f3n de contenedores - \">\n\t\t\t\t\t\t\t<img decoding=\"async\" src=\"https:\/\/faber-etec.de\/wp-content\/uploads\/sites\/3\/elementor\/thumbs\/containerstation-trafo-solarparks-container-trafostation-pv-qsjezpk4ujf82zmnyvrl30hi7if2lz721l44vx2few.webp\" title=\"Estaci\u00f3n de contenedores - Distribuci\u00f3n flexible de energ\u00eda para parques solares e industria\" alt=\"Estaci\u00f3n de contenedores para transformadores en parques solares, movilidad el\u00e9ctrica e industria\" loading=\"lazy\" \/>\t\t\t\t\t\t\t\t<\/a>\n\t\t\t\t\t\t\t\t\t\t\t<figcaption class=\"widget-image-caption wp-caption-text\">La estaci\u00f3n de contenedores de Faber E-Tec ofrece una distribuci\u00f3n de energ\u00eda flexible y fiable para parques solares, movilidad el\u00e9ctrica y aplicaciones industriales. Ideal para una instalaci\u00f3n r\u00e1pida y soluciones transportables.<\/figcaption>\n\t\t\t\t\t\t\t\t\t\t<\/figure>\n\t\t\t\t\t\t\t\t\t<\/div>\n\t\t\t\t<\/div>\n\t\t\t\t<\/div>\n\t\t<div class=\"elementor-element elementor-element-1dc0a85 e-con-full e-flex e-con e-child\" data-id=\"1dc0a85\" data-element_type=\"container\" data-e-type=\"container\">\n\t\t\t\t<div class=\"elementor-element elementor-element-1a3fcf8 elementor-widget elementor-widget-heading\" data-id=\"1a3fcf8\" data-element_type=\"widget\" data-e-type=\"widget\" data-widget_type=\"heading.default\">\n\t\t\t\t<div class=\"elementor-widget-container\">\n\t\t\t\t\t<h4 class=\"elementor-heading-title elementor-size-default\">Ejemplo de estaci\u00f3n de contenedores:<\/h4>\t\t\t\t<\/div>\n\t\t\t\t<\/div>\n\t\t\t\t<div class=\"elementor-element elementor-element-68f752c elementor-widget elementor-widget-text-editor\" data-id=\"68f752c\" data-element_type=\"widget\" data-e-type=\"widget\" data-widget_type=\"text-editor.default\">\n\t\t\t\t<div class=\"elementor-widget-container\">\n\t\t\t\t\t\t\t\t\t<p>Un parque solar necesita una potente estaci\u00f3n transformadora interna que sea flexible y f\u00e1cil de instalar. Nuestra estaci\u00f3n en contenedor de 7.200 kW ofrece exactamente eso. Con dos disyuntores de 3.200 amperios, se pueden conectar hasta 18 inversores con una potencia de hasta 350 kW CA cada uno. La estaci\u00f3n tambi\u00e9n puede conectarse a redes internas del parque de hasta 30 kV mediante una aparamenta de media tensi\u00f3n de Schneider Electric.\u00a0<\/p><p><span style=\"color: var( --e-global-color-text ); font-family: var( --e-global-typography-text-font-family ), sans-serif; font-size: var( --e-global-typography-text-font-size ); font-weight: var( --e-global-typography-text-font-weight ); text-align: var(--text-align); background-color: var( --e-global-color-cf23183 );\">M\u00e1s informaci\u00f3n <\/span><a style=\"font-family: var( --e-global-typography-text-font-family ), sans-serif; font-size: var( --e-global-typography-text-font-size ); font-weight: var( --e-global-typography-text-font-weight ); text-align: var(--text-align);\"  href=\"https:\/\/faber-etec.de\/es\/estacion-de-contenedores\/\" title=\"Estaci\u00f3n de contenedores - Estaci\u00f3n de contenedores\">Estaci\u00f3n de contenedores<\/a><span style=\"color: var( --e-global-color-text ); font-family: var( --e-global-typography-text-font-family ), sans-serif; font-size: var( --e-global-typography-text-font-size ); font-weight: var( --e-global-typography-text-font-weight ); text-align: var(--text-align); background-color: var( --e-global-color-cf23183 );\"> y c\u00f3mo permite una distribuci\u00f3n eficiente y fiable de la energ\u00eda mediante la integraci\u00f3n en su parque solar.<\/span><\/p>\t\t\t\t\t\t\t\t<\/div>\n\t\t\t\t<\/div>\n\t\t\t\t<div class=\"elementor-element elementor-element-1d13d33 elementor-widget elementor-widget-button\" data-id=\"1d13d33\" data-element_type=\"widget\" data-e-type=\"widget\" data-widget_type=\"button.default\">\n\t\t\t\t<div class=\"elementor-widget-container\">\n\t\t\t\t\t\t\t\t\t<div class=\"elementor-button-wrapper\">\n\t\t\t\t\t<a class=\"elementor-button elementor-button-link elementor-size-sm\"  href=\"https:\/\/faber-etec.de\/es\/estacion-de-contenedores\/\" title=\"Estaci\u00f3n de contenedores - Estaci\u00f3n transformadora de contenedores\">\n\t\t\t\t\t\t<span class=\"elementor-button-content-wrapper\">\n\t\t\t\t\t\t<span class=\"elementor-button-icon\">\n\t\t\t\t<i aria-hidden=\"true\" class=\"fas fa-angle-right\"><\/i>\t\t\t<\/span>\n\t\t\t\t\t\t\t\t\t<span class=\"elementor-button-text\">Estaci\u00f3n transformadora de contenedores<\/span>\n\t\t\t\t\t<\/span>\n\t\t\t\t\t<\/a>\n\t\t\t\t<\/div>\n\t\t\t\t\t\t\t\t<\/div>\n\t\t\t\t<\/div>\n\t\t\t\t<\/div>\n\t\t\t\t<\/div>\n\t\t\t\t<div class=\"elementor-element elementor-element-0225020 elementor-widget-divider--view-line elementor-widget elementor-widget-divider\" data-id=\"0225020\" data-element_type=\"widget\" data-e-type=\"widget\" data-widget_type=\"divider.default\">\n\t\t\t\t<div class=\"elementor-widget-container\">\n\t\t\t\t\t\t\t<div class=\"elementor-divider\">\n\t\t\t<span class=\"elementor-divider-separator\">\n\t\t\t\t\t\t<\/span>\n\t\t<\/div>\n\t\t\t\t\t\t<\/div>\n\t\t\t\t<\/div>\n\t\t\t\t<div class=\"elementor-element elementor-element-8c76573 elementor-widget elementor-widget-heading\" data-id=\"8c76573\" data-element_type=\"widget\" data-e-type=\"widget\" data-widget_type=\"heading.default\">\n\t\t\t\t<div class=\"elementor-widget-container\">\n\t\t\t\t\t<h3 class=\"elementor-heading-title elementor-size-default\">En qu\u00e9 fijarse al elegir<\/h3>\t\t\t\t<\/div>\n\t\t\t\t<\/div>\n\t\t\t\t<div class=\"elementor-element elementor-element-9dd3b84 elementor-widget elementor-widget-text-editor\" data-id=\"9dd3b84\" data-element_type=\"widget\" data-e-type=\"widget\" data-widget_type=\"text-editor.default\">\n\t\t\t\t<div class=\"elementor-widget-container\">\n\t\t\t\t\t\t\t\t\t<ul><li>\u00c1mbito de aplicaci\u00f3n: determine si el centro de transformaci\u00f3n es necesario para un parque solar, una infraestructura de estaci\u00f3n de carga o aplicaciones industriales.<\/li><li>Potencia necesaria: determine la potencia necesaria para seleccionar el centro de transformaci\u00f3n adecuado.<\/li><li>Flexibilidad: considere si necesita una soluci\u00f3n fija o m\u00f3vil, como una estaci\u00f3n de contenedores.<\/li><li>Conexi\u00f3n: Comprobar las condiciones de conexi\u00f3n a la red para garantizar la integraci\u00f3n del centro de transformaci\u00f3n.<\/li><\/ul>\t\t\t\t\t\t\t\t<\/div>\n\t\t\t\t<\/div>\n\t\t\t\t<div class=\"elementor-element elementor-element-501439e elementor-widget-divider--view-line elementor-widget elementor-widget-divider\" data-id=\"501439e\" data-element_type=\"widget\" data-e-type=\"widget\" data-widget_type=\"divider.default\">\n\t\t\t\t<div class=\"elementor-widget-container\">\n\t\t\t\t\t\t\t<div class=\"elementor-divider\">\n\t\t\t<span class=\"elementor-divider-separator\">\n\t\t\t\t\t\t<\/span>\n\t\t<\/div>\n\t\t\t\t\t\t<\/div>\n\t\t\t\t<\/div>\n\t\t\t\t<div class=\"elementor-element elementor-element-cd4bf5f elementor-widget elementor-widget-heading\" data-id=\"cd4bf5f\" data-element_type=\"widget\" data-e-type=\"widget\" data-widget_type=\"heading.default\">\n\t\t\t\t<div class=\"elementor-widget-container\">\n\t\t\t\t\t<h2 class=\"elementor-heading-title elementor-size-default\">\u00bfPor qu\u00e9 Faber E-Tec?<\/h2>\t\t\t\t<\/div>\n\t\t\t\t<\/div>\n\t\t\t\t<div class=\"elementor-element elementor-element-4e30f18 elementor-widget elementor-widget-text-editor\" data-id=\"4e30f18\" data-element_type=\"widget\" data-e-type=\"widget\" data-widget_type=\"text-editor.default\">\n\t\t\t\t<div class=\"elementor-widget-container\">\n\t\t\t\t\t\t\t\t\t<p>En Faber E-Tec ofrecemos una amplia gama de centros de transformaci\u00f3n y estaciones compactas para diversas aplicaciones. Tanto si est\u00e1 planificando una estaci\u00f3n transformadora para un parque solar, como si est\u00e1 creando una infraestructura de estaci\u00f3n de carga o necesita una estaci\u00f3n transformadora m\u00f3vil, tenemos la soluci\u00f3n adecuada para usted. Nuestros productos se caracterizan por su alta calidad, eficacia y rapidez de entrega. P\u00f3ngase en contacto con nosotros para comprar, hacer un pedido o solicitar informaci\u00f3n sobre su centro de transformaci\u00f3n.<\/p>\t\t\t\t\t\t\t\t<\/div>\n\t\t\t\t<\/div>\n\t\t<div class=\"elementor-element elementor-element-0674878 e-con-full e-flex e-con e-child\" data-id=\"0674878\" data-element_type=\"container\" data-e-type=\"container\" data-settings=\"{&quot;background_background&quot;:&quot;classic&quot;}\">\n\t\t<div class=\"elementor-element elementor-element-b0cb3c5 e-con-full e-flex e-con e-child\" data-id=\"b0cb3c5\" data-element_type=\"container\" data-e-type=\"container\">\n\t\t\t\t<div class=\"elementor-element elementor-element-f8d1568 elementor-widget elementor-widget-heading\" data-id=\"f8d1568\" data-element_type=\"widget\" data-e-type=\"widget\" data-widget_type=\"heading.default\">\n\t\t\t\t<div class=\"elementor-widget-container\">\n\t\t\t\t\t<h3 class=\"elementor-heading-title elementor-size-default\">Fotovoltaica y EPC <\/h3>\t\t\t\t<\/div>\n\t\t\t\t<\/div>\n\t\t\t\t<div class=\"elementor-element elementor-element-39e7374 elementor-widget elementor-widget-text-editor\" data-id=\"39e7374\" data-element_type=\"widget\" data-e-type=\"widget\" data-widget_type=\"text-editor.default\">\n\t\t\t\t<div class=\"elementor-widget-container\">\n\t\t\t\t\t\t\t\t\t<p>Visite tambi\u00e9n nuestro sitio asociado <a href=\"https:\/\/faber-solartechnik.de\/\" title=\" - Tecnolog\u00eda solar Faber\" target=\"_new\" rel=\"noopener\">Tecnolog\u00eda solar Faber<\/a> para m\u00e1s informaci\u00f3n sobre sistemas fotovoltaicos y nuestra <a href=\"https:\/\/faber-solartechnik.de\/epc\/\" title=\"Epc - Oferta EPC\" target=\"_new\" rel=\"noopener\">Oferta EPC<\/a> para soluciones completas en el campo de la energ\u00eda solar.<\/p>\t\t\t\t\t\t\t\t<\/div>\n\t\t\t\t<\/div>\n\t\t\t\t<\/div>\n\t\t<div class=\"elementor-element elementor-element-b717664 e-con-full e-flex e-con e-child\" data-id=\"b717664\" data-element_type=\"container\" data-e-type=\"container\">\n\t\t\t\t<div class=\"elementor-element elementor-element-2ca81b3 elementor-widget elementor-widget-image\" data-id=\"2ca81b3\" data-element_type=\"widget\" data-e-type=\"widget\" data-widget_type=\"image.default\">\n\t\t\t\t<div class=\"elementor-widget-container\">\n\t\t\t\t\t\t\t\t\t\t\t\t\t\t\t<img decoding=\"async\" width=\"332\" height=\"107\" src=\"https:\/\/faber-etec.de\/wp-content\/uploads\/sites\/3\/2020\/05\/Faber_Solartechnik_Logo_PNG.png\" class=\"attachment-full size-full wp-image-1281\" alt=\"-\" srcset=\"https:\/\/faber-etec.de\/wp-content\/uploads\/sites\/3\/2020\/05\/Faber_Solartechnik_Logo_PNG.png 332w, https:\/\/faber-etec.de\/wp-content\/uploads\/sites\/3\/2020\/05\/Faber_Solartechnik_Logo_PNG-300x97.png 300w\" sizes=\"(max-width: 332px) 100vw, 332px\" title=\"Faber_Solar_Technology_Logo_PNG\">\t\t\t\t\t\t\t\t\t\t\t\t\t\t\t<\/div>\n\t\t\t\t<\/div>\n\t\t\t\t<\/div>\n\t\t\t\t<\/div>\n\t\t\t\t<div class=\"elementor-element elementor-element-9ffdd92 elementor-widget-divider--view-line elementor-widget elementor-widget-divider\" data-id=\"9ffdd92\" data-element_type=\"widget\" data-e-type=\"widget\" data-widget_type=\"divider.default\">\n\t\t\t\t<div class=\"elementor-widget-container\">\n\t\t\t\t\t\t\t<div class=\"elementor-divider\">\n\t\t\t<span class=\"elementor-divider-separator\">\n\t\t\t\t\t\t<\/span>\n\t\t<\/div>\n\t\t\t\t\t\t<\/div>\n\t\t\t\t<\/div>\n\t\t\t\t<div class=\"elementor-element elementor-element-a0bbf60 elementor-widget elementor-widget-heading\" data-id=\"a0bbf60\" data-element_type=\"widget\" data-e-type=\"widget\" data-widget_type=\"heading.default\">\n\t\t\t\t<div class=\"elementor-widget-container\">\n\t\t\t\t\t<h2 class=\"elementor-heading-title elementor-size-default\">Conclusi\u00f3n:\n<\/h2>\t\t\t\t<\/div>\n\t\t\t\t<\/div>\n\t\t\t\t<div class=\"elementor-element elementor-element-e9dd26c elementor-widget elementor-widget-text-editor\" data-id=\"e9dd26c\" data-element_type=\"widget\" data-e-type=\"widget\" data-widget_type=\"text-editor.default\">\n\t\t\t\t<div class=\"elementor-widget-container\">\n\t\t\t\t\t\t\t\t\t<p>La elecci\u00f3n del centro de transformaci\u00f3n adecuado depende de los requisitos espec\u00edficos de su proyecto. Tanto si necesita una estaci\u00f3n de transferencia, una estaci\u00f3n de parque solar, una estaci\u00f3n de movilidad el\u00e9ctrica o una estaci\u00f3n de contenedores, en Faber E-Tec encontrar\u00e1 la soluci\u00f3n adecuada. Nuestros expertos estar\u00e1n encantados de ayudarle a encontrar el mejor centro de transformaci\u00f3n para su proyecto. Cons\u00faltenos ahora y benef\u00edciese de nuestra r\u00e1pida entrega.<\/p>\t\t\t\t\t\t\t\t<\/div>\n\t\t\t\t<\/div>\n\t\t\t\t<div class=\"elementor-element elementor-element-b43e9b7 elementor-widget elementor-widget-spacer\" data-id=\"b43e9b7\" data-element_type=\"widget\" data-e-type=\"widget\" data-widget_type=\"spacer.default\">\n\t\t\t\t<div class=\"elementor-widget-container\">\n\t\t\t\t\t\t\t<div class=\"elementor-spacer\">\n\t\t\t<div class=\"elementor-spacer-inner\"><\/div>\n\t\t<\/div>\n\t\t\t\t\t\t<\/div>\n\t\t\t\t<\/div>\n\t\t\t\t\t<\/div>\n\t\t\t\t<\/div>\n\t\t\t\t<\/div>","protected":false},"excerpt":{"rendered":"<p>Descubra c\u00f3mo elegir el centro de transformaci\u00f3n adecuado para su proyecto. Nuestra gu\u00eda le ayudar\u00e1 a encontrar la soluci\u00f3n adecuada entre estaciones de transferencia, estaciones de huertos solares, estaciones de e-movilidad y estaciones de contenedores.<\/p>","protected":false},"author":2,"featured_media":13572,"comment_status":"closed","ping_status":"open","sticky":false,"template":"","format":"standard","meta":{"_acf_changed":false,"footnotes":""},"categories":[52],"tags":[],"class_list":["post-13529","post","type-post","status-publish","format-standard","has-post-thumbnail","hentry","category-forschung-und-entwicklung"],"acf":[],"_links":{"self":[{"href":"https:\/\/faber-etec.de\/es\/wp-json\/wp\/v2\/posts\/13529","targetHints":{"allow":["GET"]}}],"collection":[{"href":"https:\/\/faber-etec.de\/es\/wp-json\/wp\/v2\/posts"}],"about":[{"href":"https:\/\/faber-etec.de\/es\/wp-json\/wp\/v2\/types\/post"}],"author":[{"embeddable":true,"href":"https:\/\/faber-etec.de\/es\/wp-json\/wp\/v2\/users\/2"}],"replies":[{"embeddable":true,"href":"https:\/\/faber-etec.de\/es\/wp-json\/wp\/v2\/comments?post=13529"}],"version-history":[{"count":3,"href":"https:\/\/faber-etec.de\/es\/wp-json\/wp\/v2\/posts\/13529\/revisions"}],"predecessor-version":[{"id":14866,"href":"https:\/\/faber-etec.de\/es\/wp-json\/wp\/v2\/posts\/13529\/revisions\/14866"}],"wp:featuredmedia":[{"embeddable":true,"href":"https:\/\/faber-etec.de\/es\/wp-json\/wp\/v2\/media\/13572"}],"wp:attachment":[{"href":"https:\/\/faber-etec.de\/es\/wp-json\/wp\/v2\/media?parent=13529"}],"wp:term":[{"taxonomy":"category","embeddable":true,"href":"https:\/\/faber-etec.de\/es\/wp-json\/wp\/v2\/categories?post=13529"},{"taxonomy":"post_tag","embeddable":true,"href":"https:\/\/faber-etec.de\/es\/wp-json\/wp\/v2\/tags?post=13529"}],"curies":[{"name":"wp","href":"https:\/\/api.w.org\/{rel}","templated":true}]}}