{"id":13653,"date":"2024-10-22T10:54:42","date_gmt":"2024-10-22T08:54:42","guid":{"rendered":"https:\/\/faber-etec.de\/?p=13653"},"modified":"2025-10-30T21:06:10","modified_gmt":"2025-10-30T20:06:10","slug":"kompaktstation-ladestation-paderborn","status":"publish","type":"post","link":"https:\/\/faber-etec.de\/es\/projekte\/kompaktstation-ladestation-paderborn\/","title":{"rendered":"Centro de transformaci\u00f3n para estaci\u00f3n de recarga de coches el\u00e9ctricos en Paderborn"},"content":{"rendered":"<div data-elementor-type=\"wp-post\" data-elementor-id=\"13653\" class=\"elementor elementor-13653\" data-elementor-post-type=\"post\">\n\t\t\t\t<div class=\"elementor-element elementor-element-38b3fd4 e-con-full e-flex e-con e-parent\" data-id=\"38b3fd4\" data-element_type=\"container\" data-e-type=\"container\">\n\t\t\t\t<div class=\"elementor-element elementor-element-59822a3 elementor-widget elementor-widget-heading\" data-id=\"59822a3\" data-element_type=\"widget\" data-e-type=\"widget\" data-widget_type=\"heading.default\">\n\t\t\t\t<div class=\"elementor-widget-container\">\n\t\t\t\t\t<h2 class=\"elementor-heading-title elementor-size-default\">Nuestro papel en el fomento de la electromovilidad en Renania del Norte-Westfalia<\/h2>\t\t\t\t<\/div>\n\t\t\t\t<\/div>\n\t\t\t\t<div class=\"elementor-element elementor-element-e4d8ea6 elementor-widget elementor-widget-text-editor\" data-id=\"e4d8ea6\" data-element_type=\"widget\" data-e-type=\"widget\" data-widget_type=\"text-editor.default\">\n\t\t\t\t<div class=\"elementor-widget-container\">\n\t\t\t\t\t\t\t\t\t<p><strong>Electromovilidad<\/strong> es cada vez m\u00e1s importante, y estamos orgullosos de contribuir a ello con nuestra estaci\u00f3n transformadora compacta de Paderborn. Ahora pueden cargarse simult\u00e1neamente ocho coches el\u00e9ctricos en el aparcamiento del supermercado. Esta innovadora soluci\u00f3n demuestra c\u00f3mo estamos mejorando la infraestructura para veh\u00edculos el\u00e9ctricos y facilitando la vida cotidiana de los conductores. Nuestras estaciones de carga no s\u00f3lo ofrecen comodidad, sino tambi\u00e9n una soluci\u00f3n de futuro para la movilidad sostenible. Descubra lo r\u00e1pido y f\u00e1cil que puede ser cargar su coche el\u00e9ctrico. \u00danase a nosotros en el futuro de la movilidad.<\/p>\t\t\t\t\t\t\t\t<\/div>\n\t\t\t\t<\/div>\n\t\t\t\t<div class=\"elementor-element elementor-element-25fec9a elementor-widget elementor-widget-gallery\" data-id=\"25fec9a\" data-element_type=\"widget\" data-e-type=\"widget\" data-settings=\"{&quot;gallery_layout&quot;:&quot;justified&quot;,&quot;ideal_row_height&quot;:{&quot;unit&quot;:&quot;px&quot;,&quot;size&quot;:201,&quot;sizes&quot;:[]},&quot;lazyload&quot;:&quot;yes&quot;,&quot;ideal_row_height_laptop&quot;:{&quot;unit&quot;:&quot;px&quot;,&quot;size&quot;:150,&quot;sizes&quot;:[]},&quot;ideal_row_height_tablet_extra&quot;:{&quot;unit&quot;:&quot;px&quot;,&quot;size&quot;:150,&quot;sizes&quot;:[]},&quot;ideal_row_height_tablet&quot;:{&quot;unit&quot;:&quot;px&quot;,&quot;size&quot;:150,&quot;sizes&quot;:[]},&quot;ideal_row_height_mobile&quot;:{&quot;unit&quot;:&quot;px&quot;,&quot;size&quot;:150,&quot;sizes&quot;:[]},&quot;gap&quot;:{&quot;unit&quot;:&quot;px&quot;,&quot;size&quot;:10,&quot;sizes&quot;:[]},&quot;gap_laptop&quot;:{&quot;unit&quot;:&quot;px&quot;,&quot;size&quot;:10,&quot;sizes&quot;:[]},&quot;gap_tablet_extra&quot;:{&quot;unit&quot;:&quot;px&quot;,&quot;size&quot;:10,&quot;sizes&quot;:[]},&quot;gap_tablet&quot;:{&quot;unit&quot;:&quot;px&quot;,&quot;size&quot;:10,&quot;sizes&quot;:[]},&quot;gap_mobile&quot;:{&quot;unit&quot;:&quot;px&quot;,&quot;size&quot;:10,&quot;sizes&quot;:[]},&quot;link_to&quot;:&quot;file&quot;,&quot;overlay_background&quot;:&quot;yes&quot;,&quot;content_hover_animation&quot;:&quot;fade-in&quot;}\" data-widget_type=\"gallery.default\">\n\t\t\t\t<div class=\"elementor-widget-container\">\n\t\t\t\t\t\t\t<div class=\"elementor-gallery__container\">\n\t\t\t\t\t\t\t<a class=\"e-gallery-item elementor-gallery-item elementor-animated-content\"  href=\"https:\/\/faber-etec.de\/wp-content\/uploads\/sites\/3\/2024\/10\/Trafostation-E-Auto-Allego-Rewe-Paderbon-OKT-2024-032-scaled.webp\" title=\"Centro de transformaci\u00f3n E Auto Allego Rewe Paderbon OKT 2024 032 Scaled.webp - \" data-elementor-open-lightbox=\"yes\" data-elementor-lightbox-slideshow=\"25fec9a\" data-e-action-hash=\"#elementor-action%3Aaction%3Dlightbox%26settings%3DeyJpZCI6MTM2NjUsInVybCI6Imh0dHBzOlwvXC9mYWJlci1ldGVjLmRlXC93cC1jb250ZW50XC91cGxvYWRzXC9zaXRlc1wvM1wvMjAyNFwvMTBcL1RyYWZvc3RhdGlvbi1FLUF1dG8tQWxsZWdvLVJld2UtUGFkZXJib24tT0tULTIwMjQtMDMyLXNjYWxlZC53ZWJwIiwic2xpZGVzaG93IjoiMjVmZWM5YSJ9\">\n\t\t\t\t\t<div class=\"e-gallery-image elementor-gallery-item__image\" data-thumbnail=\"https:\/\/faber-etec.de\/wp-content\/uploads\/sites\/3\/2024\/10\/Trafostation-E-Auto-Allego-Rewe-Paderbon-OKT-2024-032-768x512.webp\" data-width=\"768\" data-height=\"512\" aria-label=\"Centro de transformaci\u00f3n para estaci\u00f3n de recarga de coches el\u00e9ctricos en el aparcamiento REWE de Paderborn\" role=\"img\" ><\/div>\n\t\t\t\t\t\t\t\t\t\t\t<div class=\"elementor-gallery-item__overlay\"><\/div>\n\t\t\t\t\t\t\t\t\t\t\t\t\t\t<\/a>\n\t\t\t\t\t\t\t<a class=\"e-gallery-item elementor-gallery-item elementor-animated-content\"  href=\"https:\/\/faber-etec.de\/wp-content\/uploads\/sites\/3\/2024\/10\/Trafostation-E-Auto-Allego-Rewe-Paderbon-OKT-2024-001-scaled.jpg\" title=\"Centro de transformaci\u00f3n E Auto Allego Rewe Paderbon OKT 2024 001 Scaled.jpg - - - \" data-elementor-open-lightbox=\"yes\" data-elementor-lightbox-slideshow=\"25fec9a\" data-e-action-hash=\"#elementor-action%3Aaction%3Dlightbox%26settings%3DeyJpZCI6MTM2NTUsInVybCI6Imh0dHBzOlwvXC9mYWJlci1ldGVjLmRlXC93cC1jb250ZW50XC91cGxvYWRzXC9zaXRlc1wvM1wvMjAyNFwvMTBcL1RyYWZvc3RhdGlvbi1FLUF1dG8tQWxsZWdvLVJld2UtUGFkZXJib24tT0tULTIwMjQtMDAxLXNjYWxlZC5qcGciLCJzbGlkZXNob3ciOiIyNWZlYzlhIn0%3D\">\n\t\t\t\t\t<div class=\"e-gallery-image elementor-gallery-item__image\" data-thumbnail=\"https:\/\/faber-etec.de\/wp-content\/uploads\/sites\/3\/2024\/10\/Trafostation-E-Auto-Allego-Rewe-Paderbon-OKT-2024-001-768x365.jpg\" data-width=\"768\" data-height=\"365\" aria-label=\"Cuatro puntos de recarga con plazas para ocho coches el\u00e9ctricos en Paderborn\" role=\"img\" ><\/div>\n\t\t\t\t\t\t\t\t\t\t\t<div class=\"elementor-gallery-item__overlay\"><\/div>\n\t\t\t\t\t\t\t\t\t\t\t\t\t\t<\/a>\n\t\t\t\t\t<\/div>\n\t\t\t\t\t<\/div>\n\t\t\t\t<\/div>\n\t\t\t\t<div class=\"elementor-element elementor-element-f74c26d elementor-widget elementor-widget-spacer\" data-id=\"f74c26d\" data-element_type=\"widget\" data-e-type=\"widget\" data-widget_type=\"spacer.default\">\n\t\t\t\t<div class=\"elementor-widget-container\">\n\t\t\t\t\t\t\t<div class=\"elementor-spacer\">\n\t\t\t<div class=\"elementor-spacer-inner\"><\/div>\n\t\t<\/div>\n\t\t\t\t\t\t<\/div>\n\t\t\t\t<\/div>\n\t\t\t\t<div class=\"elementor-element elementor-element-3e4645d elementor-widget elementor-widget-heading\" data-id=\"3e4645d\" data-element_type=\"widget\" data-e-type=\"widget\" data-widget_type=\"heading.default\">\n\t\t\t\t<div class=\"elementor-widget-container\">\n\t\t\t\t\t<h3 class=\"elementor-heading-title elementor-size-default\">Descripci\u00f3n del proyecto<\/h3>\t\t\t\t<\/div>\n\t\t\t\t<\/div>\n\t\t\t\t<div class=\"elementor-element elementor-element-3b9b504 elementor-widget elementor-widget-heading\" data-id=\"3b9b504\" data-element_type=\"widget\" data-e-type=\"widget\" data-widget_type=\"heading.default\">\n\t\t\t\t<div class=\"elementor-widget-container\">\n\t\t\t\t\t<h3 class=\"elementor-heading-title elementor-size-default\">Estaci\u00f3n transformadora compacta a medida<\/h3>\t\t\t\t<\/div>\n\t\t\t\t<\/div>\n\t\t\t\t<div class=\"elementor-element elementor-element-4b702cb elementor-widget elementor-widget-text-editor\" data-id=\"4b702cb\" data-element_type=\"widget\" data-e-type=\"widget\" data-widget_type=\"text-editor.default\">\n\t\t\t\t<div class=\"elementor-widget-container\">\n\t\t\t\t\t\t\t\t\t<p>Para nuestros clientes\u00a0<a href=\"https:\/\/www.allego.eu\/de\/\" title=\"De - Allego GmbH\" target=\"_blank\" rel=\"noopener\">Allego GmbH<\/a>proveedor l\u00edder de soluciones de recarga para veh\u00edculos el\u00e9ctricos, hemos desarrollado un compacto <a href=\"https:\/\/faber-etec.de\/es\/estacion-transformadora-2\/\" title=\"Centro de transformaci\u00f3n - Centro de transformaci\u00f3n (pedir ahora)\">Centro de transformaci\u00f3n (pedir ahora)<\/a> proyectado, construido y entregado. La estaci\u00f3n, hecha a medida, soporta una estaci\u00f3n de carga de coches el\u00e9ctricos con cuatro puntos de recarga y permite la carga simult\u00e1nea de ocho veh\u00edculos. El emplazamiento est\u00e1 situado en una <a href=\"https:\/\/maps.app.goo.gl\/jnKZUb7HSQ7JQhtz6\" title=\"JnKZUb7HSQ7JQhtz6 - Aparcamiento REWE en Paderborn\" target=\"_blank\" rel=\"noopener\">Aparcamiento REWE en Paderborn<\/a>ciudad tecnol\u00f3gicamente importante de Renania del Norte-Westfalia.<\/p>\t\t\t\t\t\t\t\t<\/div>\n\t\t\t\t<\/div>\n\t\t\t\t<div class=\"elementor-element elementor-element-180dab9 elementor-widget elementor-widget-text-editor\" data-id=\"180dab9\" data-element_type=\"widget\" data-e-type=\"widget\" data-widget_type=\"text-editor.default\">\n\t\t\t\t<div class=\"elementor-widget-container\">\n\t\t\t\t\t\t\t\t\t<p>El centro de transformaci\u00f3n se desarroll\u00f3 en estrecha colaboraci\u00f3n con nuestro cliente y est\u00e1 especialmente adaptado a los requisitos de este proyecto.<\/p>\t\t\t\t\t\t\t\t<\/div>\n\t\t\t\t<\/div>\n\t\t\t\t<div class=\"elementor-element elementor-element-a35c483 elementor-cta--skin-cover elementor-cta--valign-middle elementor-bg-transform elementor-bg-transform-zoom-in elementor-widget elementor-widget-call-to-action\" data-id=\"a35c483\" data-element_type=\"widget\" data-e-type=\"widget\" data-widget_type=\"call-to-action.default\">\n\t\t\t\t<div class=\"elementor-widget-container\">\n\t\t\t\t\t\t\t<div class=\"elementor-cta\">\n\t\t\t\t\t<div class=\"elementor-cta__bg-wrapper\">\n\t\t\t\t<div class=\"elementor-cta__bg elementor-bg\" style=\"background-image: url(https:\/\/faber-etec.de\/wp-content\/uploads\/sites\/3\/2024\/09\/Ladeinfrastruktur-Elektromobilitaet-Trafostation-1024x396.webp);\" role=\"img\" aria-label=\"Centro de transformaci\u00f3n con infraestructura de recarga integrada para veh\u00edculos el\u00e9ctricos\"><\/div>\n\t\t\t\t<div class=\"elementor-cta__bg-overlay\"><\/div>\n\t\t\t<\/div>\n\t\t\t\t\t\t\t<div class=\"elementor-cta__content\">\n\t\t\t\t\n\t\t\t\t\t\t\t\t\t<h4 class=\"elementor-cta__title elementor-cta__content-item elementor-content-item\">\n\t\t\t\t\t\tCentros de transformaci\u00f3n de movilidad el\u00e9ctrica\t\t\t\t\t<\/h4>\n\t\t\t\t\n\t\t\t\t\t\t\t\t\t<div class=\"elementor-cta__description elementor-cta__content-item elementor-content-item\">\n\t\t\t\t\t\tNuestras estaciones transformadoras de e-movilidad est\u00e1n especialmente optimizadas para suministrar infraestructura de recarga.\t\t\t\t\t<\/div>\n\t\t\t\t\n\t\t\t\t\t\t\t\t\t<div class=\"elementor-cta__button-wrapper elementor-cta__content-item elementor-content-item\">\n\t\t\t\t\t<a class=\"elementor-cta__button elementor-button elementor-size-\" href=\"https:\/\/faber-etec.de\/es\/e-movilidad\/\" title=\"E Mobilitaet - Centros de transformaci\u00f3n para la movilidad el\u00e9ctrica\">\n\t\t\t\t\t\tCentros de transformaci\u00f3n para la movilidad el\u00e9ctrica <i aria-hidden=\"true\" class=\"fas fa-angle-right\"><\/i>\t\t\t\t\t<\/a>\n\t\t\t\t\t<\/div>\n\t\t\t\t\t\t\t<\/div>\n\t\t\t\t\t\t<\/div>\n\t\t\t\t\t\t<\/div>\n\t\t\t\t<\/div>\n\t\t\t\t<div class=\"elementor-element elementor-element-892e7de elementor-widget elementor-widget-spacer\" data-id=\"892e7de\" data-element_type=\"widget\" data-e-type=\"widget\" data-widget_type=\"spacer.default\">\n\t\t\t\t<div class=\"elementor-widget-container\">\n\t\t\t\t\t\t\t<div class=\"elementor-spacer\">\n\t\t\t<div class=\"elementor-spacer-inner\"><\/div>\n\t\t<\/div>\n\t\t\t\t\t\t<\/div>\n\t\t\t\t<\/div>\n\t\t\t\t<div class=\"elementor-element elementor-element-a992a27 elementor-widget elementor-widget-heading\" data-id=\"a992a27\" data-element_type=\"widget\" data-e-type=\"widget\" data-widget_type=\"heading.default\">\n\t\t\t\t<div class=\"elementor-widget-container\">\n\t\t\t\t\t<h3 class=\"elementor-heading-title elementor-size-default\">FE01WF2020HK.AL<\/h3>\t\t\t\t<\/div>\n\t\t\t\t<\/div>\n\t\t\t\t<div class=\"elementor-element elementor-element-9e190bc elementor-widget elementor-widget-heading\" data-id=\"9e190bc\" data-element_type=\"widget\" data-e-type=\"widget\" data-widget_type=\"heading.default\">\n\t\t\t\t<div class=\"elementor-widget-container\">\n\t\t\t\t\t<h3 class=\"elementor-heading-title elementor-size-default\">Datos y hechos sobre la estaci\u00f3n transformadora compacta<\/h3>\t\t\t\t<\/div>\n\t\t\t\t<\/div>\n\t\t\t\t<div class=\"elementor-element elementor-element-b4d9ac0 elementor-widget elementor-widget-text-editor\" data-id=\"b4d9ac0\" data-element_type=\"widget\" data-e-type=\"widget\" data-widget_type=\"text-editor.default\">\n\t\t\t\t<div class=\"elementor-widget-container\">\n\t\t\t\t\t\t\t\t\t<p>Para el proyecto de Paderborn, instalamos en el aparcamiento de REWE una estaci\u00f3n compacta especialmente desarrollada para el centro de transformaci\u00f3n que dise\u00f1amos y construimos. Este sistema garantiza el suministro ininterrumpido de energ\u00eda a las cuatro columnas de carga de la estaci\u00f3n de recarga de coches el\u00e9ctricos y la carga simult\u00e1nea de ocho coches el\u00e9ctricos. Para cumplir los requisitos de nuestro cliente, la estaci\u00f3n se adapt\u00f3 con precisi\u00f3n al proyecto y se fabric\u00f3 de acuerdo con las normas t\u00e9cnicas m\u00e1s recientes.<\/p><p>En <a href=\"https:\/\/faber-etec.de\/es\/investigacion-y-desarrollo\/pedir-centros-de-transformacion\/\" title=\"Pedir centros de transformaci\u00f3n - Centro de transformaci\u00f3n\">Centro de transformaci\u00f3n<\/a> con la designaci\u00f3n <b>FE01WF2020HK.AL<\/b> impresiona por su robusta construcci\u00f3n y un est\u00e9tico revestimiento exterior en blanco puro. Las puertas, las franjas y el techo est\u00e1n acabados en gris antracita RAL 7016, lo que permite que la estaci\u00f3n se integre armoniosamente en el entorno del aparcamiento. La selecci\u00f3n de colores se hizo espec\u00edficamente para garantizar no s\u00f3lo un aspecto moderno, sino tambi\u00e9n una resistencia duradera a la intemperie.<\/p>\t\t\t\t\t\t\t\t<\/div>\n\t\t\t\t<\/div>\n\t\t\t\t<div class=\"elementor-element elementor-element-8395b58 elementor-widget elementor-widget-image\" data-id=\"8395b58\" data-element_type=\"widget\" data-e-type=\"widget\" data-widget_type=\"image.default\">\n\t\t\t\t<div class=\"elementor-widget-container\">\n\t\t\t\t\t\t\t\t\t\t\t\t\t\t\t<img decoding=\"async\" src=\"https:\/\/faber-etec.de\/wp-content\/uploads\/sites\/3\/elementor\/thumbs\/Trafostation-E-Auto-Allego-Rewe-Paderbon-OKT-2024-013-scaled-qvxcmzuiafia4h3632rwi7ojp8m345zl5vmt2k56rs.webp\" title=\"Transformador de aceite de la estaci\u00f3n transformadora compacta para e-movilidad\" alt=\"Transformador de aceite para estaci\u00f3n transformadora en Paderborn\" loading=\"lazy\" \/>\t\t\t\t\t\t\t\t\t\t\t\t\t\t\t<\/div>\n\t\t\t\t<\/div>\n\t\t\t\t<div class=\"elementor-element elementor-element-d1b9f31 elementor-widget elementor-widget-gallery\" data-id=\"d1b9f31\" data-element_type=\"widget\" data-e-type=\"widget\" data-settings=\"{&quot;gallery_layout&quot;:&quot;justified&quot;,&quot;ideal_row_height&quot;:{&quot;unit&quot;:&quot;px&quot;,&quot;size&quot;:180,&quot;sizes&quot;:[]},&quot;lazyload&quot;:&quot;yes&quot;,&quot;ideal_row_height_laptop&quot;:{&quot;unit&quot;:&quot;px&quot;,&quot;size&quot;:150,&quot;sizes&quot;:[]},&quot;ideal_row_height_tablet_extra&quot;:{&quot;unit&quot;:&quot;px&quot;,&quot;size&quot;:150,&quot;sizes&quot;:[]},&quot;ideal_row_height_tablet&quot;:{&quot;unit&quot;:&quot;px&quot;,&quot;size&quot;:150,&quot;sizes&quot;:[]},&quot;ideal_row_height_mobile&quot;:{&quot;unit&quot;:&quot;px&quot;,&quot;size&quot;:150,&quot;sizes&quot;:[]},&quot;gap&quot;:{&quot;unit&quot;:&quot;px&quot;,&quot;size&quot;:10,&quot;sizes&quot;:[]},&quot;gap_laptop&quot;:{&quot;unit&quot;:&quot;px&quot;,&quot;size&quot;:10,&quot;sizes&quot;:[]},&quot;gap_tablet_extra&quot;:{&quot;unit&quot;:&quot;px&quot;,&quot;size&quot;:10,&quot;sizes&quot;:[]},&quot;gap_tablet&quot;:{&quot;unit&quot;:&quot;px&quot;,&quot;size&quot;:10,&quot;sizes&quot;:[]},&quot;gap_mobile&quot;:{&quot;unit&quot;:&quot;px&quot;,&quot;size&quot;:10,&quot;sizes&quot;:[]},&quot;link_to&quot;:&quot;file&quot;,&quot;overlay_background&quot;:&quot;yes&quot;,&quot;content_hover_animation&quot;:&quot;fade-in&quot;}\" data-widget_type=\"gallery.default\">\n\t\t\t\t<div class=\"elementor-widget-container\">\n\t\t\t\t\t\t\t<div class=\"elementor-gallery__container\">\n\t\t\t\t\t\t\t<a class=\"e-gallery-item elementor-gallery-item elementor-animated-content\" href=\"https:\/\/faber-etec.de\/wp-content\/uploads\/sites\/3\/2024\/10\/Trafostation-E-Auto-Allego-Rewe-Paderbon-OKT-2024-013-scaled.webp\" title=\"Centro de transformaci\u00f3n E Auto Allego Rewe Paderbon OKT 2024 013 Scaled.webp - \" data-elementor-open-lightbox=\"yes\" data-elementor-lightbox-slideshow=\"d1b9f31\" data-e-action-hash=\"#elementor-action%3Aaction%3Dlightbox%26settings%3DeyJpZCI6MTM2NTksInVybCI6Imh0dHBzOlwvXC9mYWJlci1ldGVjLmRlXC93cC1jb250ZW50XC91cGxvYWRzXC9zaXRlc1wvM1wvMjAyNFwvMTBcL1RyYWZvc3RhdGlvbi1FLUF1dG8tQWxsZWdvLVJld2UtUGFkZXJib24tT0tULTIwMjQtMDEzLXNjYWxlZC53ZWJwIiwic2xpZGVzaG93IjoiZDFiOWYzMSJ9\">\n\t\t\t\t\t<div class=\"e-gallery-image elementor-gallery-item__image\" data-thumbnail=\"https:\/\/faber-etec.de\/wp-content\/uploads\/sites\/3\/2024\/10\/Trafostation-E-Auto-Allego-Rewe-Paderbon-OKT-2024-013-768x512.webp\" data-width=\"768\" data-height=\"512\" aria-label=\"Transformador de aceite para estaci\u00f3n transformadora en Paderborn\" role=\"img\" ><\/div>\n\t\t\t\t\t\t\t\t\t\t\t<div class=\"elementor-gallery-item__overlay\"><\/div>\n\t\t\t\t\t\t\t\t\t\t\t\t\t\t<\/a>\n\t\t\t\t\t\t\t<a class=\"e-gallery-item elementor-gallery-item elementor-animated-content\" href=\"https:\/\/faber-etec.de\/wp-content\/uploads\/sites\/3\/2024\/10\/Trafostation-E-Auto-Allego-Rewe-Paderbon-OKT-2024-003-scaled.webp\" title=\"Centro de transformaci\u00f3n E Auto Allego Rewe Paderbon OKT 2024 003 Scaled.webp - \" data-elementor-open-lightbox=\"yes\" data-elementor-lightbox-slideshow=\"d1b9f31\" data-e-action-hash=\"#elementor-action%3Aaction%3Dlightbox%26settings%3DeyJpZCI6MTM2NTYsInVybCI6Imh0dHBzOlwvXC9mYWJlci1ldGVjLmRlXC93cC1jb250ZW50XC91cGxvYWRzXC9zaXRlc1wvM1wvMjAyNFwvMTBcL1RyYWZvc3RhdGlvbi1FLUF1dG8tQWxsZWdvLVJld2UtUGFkZXJib24tT0tULTIwMjQtMDAzLXNjYWxlZC53ZWJwIiwic2xpZGVzaG93IjoiZDFiOWYzMSJ9\">\n\t\t\t\t\t<div class=\"e-gallery-image elementor-gallery-item__image\" data-thumbnail=\"https:\/\/faber-etec.de\/wp-content\/uploads\/sites\/3\/2024\/10\/Trafostation-E-Auto-Allego-Rewe-Paderbon-OKT-2024-003-768x512.webp\" data-width=\"768\" data-height=\"512\" aria-label=\"Centro de transformaci\u00f3n compacto en construcci\u00f3n de hormig\u00f3n, que muestra un moderno centro de transformaci\u00f3n compacto. Ideal para aplicaciones como la energ\u00eda fotovoltaica, la movilidad el\u00e9ctrica y los operadores de red. Este centro de transformaci\u00f3n es sin\u00f3nimo de eficiencia y ahorro de espacio.\" role=\"img\" ><\/div>\n\t\t\t\t\t\t\t\t\t\t\t<div class=\"elementor-gallery-item__overlay\"><\/div>\n\t\t\t\t\t\t\t\t\t\t\t\t\t\t<\/a>\n\t\t\t\t\t\t\t<a class=\"e-gallery-item elementor-gallery-item elementor-animated-content\" href=\"https:\/\/faber-etec.de\/wp-content\/uploads\/sites\/3\/2024\/10\/Trafostation-E-Auto-Allego-Rewe-Paderbon-OKT-2024-020-scaled.webp\" title=\"Centro de transformaci\u00f3n E Auto Allego Rewe Paderbon OKT 2024 020 Scaled.webp - \" data-elementor-open-lightbox=\"yes\" data-elementor-lightbox-slideshow=\"d1b9f31\" data-e-action-hash=\"#elementor-action%3Aaction%3Dlightbox%26settings%3DeyJpZCI6MTM2NjIsInVybCI6Imh0dHBzOlwvXC9mYWJlci1ldGVjLmRlXC93cC1jb250ZW50XC91cGxvYWRzXC9zaXRlc1wvM1wvMjAyNFwvMTBcL1RyYWZvc3RhdGlvbi1FLUF1dG8tQWxsZWdvLVJld2UtUGFkZXJib24tT0tULTIwMjQtMDIwLXNjYWxlZC53ZWJwIiwic2xpZGVzaG93IjoiZDFiOWYzMSJ9\">\n\t\t\t\t\t<div class=\"e-gallery-image elementor-gallery-item__image\" data-thumbnail=\"https:\/\/faber-etec.de\/wp-content\/uploads\/sites\/3\/2024\/10\/Trafostation-E-Auto-Allego-Rewe-Paderbon-OKT-2024-020-768x512.webp\" data-width=\"768\" data-height=\"512\" aria-label=\"Cuatro puntos de recarga con plazas para ocho coches el\u00e9ctricos en Paderborn\" role=\"img\" ><\/div>\n\t\t\t\t\t\t\t\t\t\t\t<div class=\"elementor-gallery-item__overlay\"><\/div>\n\t\t\t\t\t\t\t\t\t\t\t\t\t\t<\/a>\n\t\t\t\t\t\t\t<a class=\"e-gallery-item elementor-gallery-item elementor-animated-content\" href=\"https:\/\/faber-etec.de\/wp-content\/uploads\/sites\/3\/2024\/10\/Trafostation-E-Auto-Allego-Rewe-Paderbon-OKT-2024-029-scaled.webp\" title=\"Centro de transformaci\u00f3n E Auto Allego Rewe Paderbon OKT 2024 029 Scaled.webp - \" data-elementor-open-lightbox=\"yes\" data-elementor-lightbox-slideshow=\"d1b9f31\" data-e-action-hash=\"#elementor-action%3Aaction%3Dlightbox%26settings%3DeyJpZCI6MTM2NjMsInVybCI6Imh0dHBzOlwvXC9mYWJlci1ldGVjLmRlXC93cC1jb250ZW50XC91cGxvYWRzXC9zaXRlc1wvM1wvMjAyNFwvMTBcL1RyYWZvc3RhdGlvbi1FLUF1dG8tQWxsZWdvLVJld2UtUGFkZXJib24tT0tULTIwMjQtMDI5LXNjYWxlZC53ZWJwIiwic2xpZGVzaG93IjoiZDFiOWYzMSJ9\">\n\t\t\t\t\t<div class=\"e-gallery-image elementor-gallery-item__image\" data-thumbnail=\"https:\/\/faber-etec.de\/wp-content\/uploads\/sites\/3\/2024\/10\/Trafostation-E-Auto-Allego-Rewe-Paderbon-OKT-2024-029-768x512.webp\" data-width=\"768\" data-height=\"512\" aria-label=\"Cuatro puntos de recarga con plazas para ocho coches el\u00e9ctricos en Paderborn\" role=\"img\" ><\/div>\n\t\t\t\t\t\t\t\t\t\t\t<div class=\"elementor-gallery-item__overlay\"><\/div>\n\t\t\t\t\t\t\t\t\t\t\t\t\t\t<\/a>\n\t\t\t\t\t\t\t<a class=\"e-gallery-item elementor-gallery-item elementor-animated-content\" href=\"https:\/\/faber-etec.de\/wp-content\/uploads\/sites\/3\/2024\/10\/Trafostation-E-Auto-Allego-Rewe-Paderbon-OKT-2024-046-scaled.webp\" title=\"Centro de transformaci\u00f3n E Auto Allego Rewe Paderbon OKT 2024 046 Scaled.webp - \" data-elementor-open-lightbox=\"yes\" data-elementor-lightbox-slideshow=\"d1b9f31\" data-e-action-hash=\"#elementor-action%3Aaction%3Dlightbox%26settings%3DeyJpZCI6MTM2NjksInVybCI6Imh0dHBzOlwvXC9mYWJlci1ldGVjLmRlXC93cC1jb250ZW50XC91cGxvYWRzXC9zaXRlc1wvM1wvMjAyNFwvMTBcL1RyYWZvc3RhdGlvbi1FLUF1dG8tQWxsZWdvLVJld2UtUGFkZXJib24tT0tULTIwMjQtMDQ2LXNjYWxlZC53ZWJwIiwic2xpZGVzaG93IjoiZDFiOWYzMSJ9\">\n\t\t\t\t\t<div class=\"e-gallery-image elementor-gallery-item__image\" data-thumbnail=\"https:\/\/faber-etec.de\/wp-content\/uploads\/sites\/3\/2024\/10\/Trafostation-E-Auto-Allego-Rewe-Paderbon-OKT-2024-046-768x512.jpg\" data-width=\"768\" data-height=\"512\" aria-label=\"Centro de transformaci\u00f3n para estaci\u00f3n de recarga de coches el\u00e9ctricos en el aparcamiento REWE de Paderborn\" role=\"img\" ><\/div>\n\t\t\t\t\t\t\t\t\t\t\t<div class=\"elementor-gallery-item__overlay\"><\/div>\n\t\t\t\t\t\t\t\t\t\t\t\t\t\t<\/a>\n\t\t\t\t\t\t\t<a class=\"e-gallery-item elementor-gallery-item elementor-animated-content\" href=\"https:\/\/faber-etec.de\/wp-content\/uploads\/sites\/3\/2024\/10\/Allego-Rewe-Paderbon-OKT-2024-022-scaled.jpg\" title=\"Allego Rewe Paderbon OKT 2024 022 Escala.jpg - - - \" data-elementor-open-lightbox=\"yes\" data-elementor-lightbox-slideshow=\"d1b9f31\" data-e-action-hash=\"#elementor-action%3Aaction%3Dlightbox%26settings%3DeyJpZCI6MTM3MDQsInVybCI6Imh0dHBzOlwvXC9mYWJlci1ldGVjLmRlXC93cC1jb250ZW50XC91cGxvYWRzXC9zaXRlc1wvM1wvMjAyNFwvMTBcL0FsbGVnby1SZXdlLVBhZGVyYm9uLU9LVC0yMDI0LTAyMi1zY2FsZWQuanBnIiwic2xpZGVzaG93IjoiZDFiOWYzMSJ9\">\n\t\t\t\t\t<div class=\"e-gallery-image elementor-gallery-item__image\" data-thumbnail=\"https:\/\/faber-etec.de\/wp-content\/uploads\/sites\/3\/2024\/10\/Allego-Rewe-Paderbon-OKT-2024-022-768x512.jpg\" data-width=\"768\" data-height=\"512\" aria-label=\"\" role=\"img\" ><\/div>\n\t\t\t\t\t\t\t\t\t\t\t<div class=\"elementor-gallery-item__overlay\"><\/div>\n\t\t\t\t\t\t\t\t\t\t\t\t\t\t<\/a>\n\t\t\t\t\t<\/div>\n\t\t\t\t\t<\/div>\n\t\t\t\t<\/div>\n\t\t\t\t<div class=\"elementor-element elementor-element-1a152d9 elementor-widget elementor-widget-text-editor\" data-id=\"1a152d9\" data-element_type=\"widget\" data-e-type=\"widget\" data-widget_type=\"text-editor.default\">\n\t\t\t\t<div class=\"elementor-widget-container\">\n\t\t\t\t\t\t\t\t\t<p><span style=\"color: var( --e-global-color-text ); font-family: var( --e-global-typography-text-font-family ), sans-serif; font-size: var( --e-global-typography-text-font-size ); font-weight: var( --e-global-typography-text-font-weight ); text-align: var(--text-align);\">En el interior de la estaci\u00f3n hay un transformador de aceite con una potencia nominal de <strong>1000 kVA<\/strong> para su uso. El transformador es conmutable y garantiza una conversi\u00f3n eficaz entre 400 voltios de baja tensi\u00f3n y 1020 kV de media tensi\u00f3n. Esta flexibilidad t\u00e9cnica hace que el sistema sea ideal para su uso en el campo de la electromovilidad, ya que garantiza un suministro fiable de energ\u00eda para las estaciones de carga.<\/span><\/p><p>La estaci\u00f3n tambi\u00e9n est\u00e1 equipada con tecnolog\u00eda avanzada de protecci\u00f3n y control. El rel\u00e9 de protecci\u00f3n Symap Compact+F3 supervisa el sistema y garantiza su funcionamiento fiable incluso con cargas elevadas. La c\u00e9lula de medida se configura seg\u00fan las especificaciones del operador de red, con el transformador de corriente dispuesto en modo \"corriente antes que tensi\u00f3n\" para garantizar un registro preciso de los flujos de corriente. El interruptor de baja tensi\u00f3n NS1600 N 3P (400V\/1600A) integrado garantiza una distribuci\u00f3n estable de la corriente y protege el sistema de sobrecargas. Todos los componentes del centro de transformaci\u00f3n se adaptaron con precisi\u00f3n entre s\u00ed y cumplen todas las normas aplicables, lo que garantiza el funcionamiento fluido y seguro del sistema. El proyecto completo dur\u00f3 s\u00f3lo 25 semanas, desde la planificaci\u00f3n hasta la entrega.<\/p><p>Nuestra estaci\u00f3n transformadora compacta a medida no s\u00f3lo ofrece una soluci\u00f3n orientada al futuro para los requisitos actuales en el campo de la electromovilidad, sino tambi\u00e9n la flexibilidad necesaria para poder reaccionar ante futuros desarrollos. La estaci\u00f3n es un componente central del <strong>Infraestructura de recarga<\/strong> y garantiza que los veh\u00edculos el\u00e9ctricos puedan cargarse de forma fiable y r\u00e1pida.<\/p>\t\t\t\t\t\t\t\t<\/div>\n\t\t\t\t<\/div>\n\t\t\t\t<div class=\"elementor-element elementor-element-b29b928 elementor-widget elementor-widget-text-editor\" data-id=\"b29b928\" data-element_type=\"widget\" data-e-type=\"widget\" data-widget_type=\"text-editor.default\">\n\t\t\t\t<div class=\"elementor-widget-container\">\n\t\t\t\t\t\t\t\t\t<p>Gracias a la precisa planificaci\u00f3n y al dise\u00f1o de alta calidad, la estaci\u00f3n transformadora del aparcamiento de REWE en Paderborn es un proyecto escaparate y contribuye activamente al fomento de la electromovilidad.<\/p>\t\t\t\t\t\t\t\t<\/div>\n\t\t\t\t<\/div>\n\t\t\t\t<div class=\"elementor-element elementor-element-4fce859 elementor-cta--skin-cover elementor-cta--valign-middle elementor-bg-transform elementor-bg-transform-zoom-in elementor-widget elementor-widget-call-to-action\" data-id=\"4fce859\" data-element_type=\"widget\" data-e-type=\"widget\" data-widget_type=\"call-to-action.default\">\n\t\t\t\t<div class=\"elementor-widget-container\">\n\t\t\t\t\t\t\t<div class=\"elementor-cta\">\n\t\t\t\t\t<div class=\"elementor-cta__bg-wrapper\">\n\t\t\t\t<div class=\"elementor-cta__bg elementor-bg\" style=\"background-image: url(https:\/\/faber-etec.de\/wp-content\/uploads\/sites\/3\/2024\/08\/trafo-e-mobilitaet-ladesaeulen-ladeinfrastruktur-elektrofahrzeuge-eauto-parkplatz-1024x655.webp);\" role=\"img\" aria-label=\"Estaci\u00f3n transformadora compacta para movilidad el\u00e9ctrica, infraestructura de estaci\u00f3n de carga para veh\u00edculos el\u00e9ctricos. Esta estaci\u00f3n transformadora de hormig\u00f3n ofrece una distribuci\u00f3n de energ\u00eda fiable para veh\u00edculos el\u00e9ctricos. La robusta estaci\u00f3n transformadora de hormig\u00f3n garantiza un suministro el\u00e9ctrico eficiente. Nuestra estaci\u00f3n transformadora compacta es ideal para su uso en proyectos de e-movilidad.\"><\/div>\n\t\t\t\t<div class=\"elementor-cta__bg-overlay\"><\/div>\n\t\t\t<\/div>\n\t\t\t\t\t\t\t<div class=\"elementor-cta__content\">\n\t\t\t\t\n\t\t\t\t\t\t\t\t\t<h4 class=\"elementor-cta__title elementor-cta__content-item elementor-content-item\">\n\t\t\t\t\t\tCentros de transformaci\u00f3n para <br> Sus necesidades energ\u00e9ticas\t\t\t\t\t<\/h4>\n\t\t\t\t\n\t\t\t\t\n\t\t\t\t\t\t\t\t\t<div class=\"elementor-cta__button-wrapper elementor-cta__content-item elementor-content-item\">\n\t\t\t\t\t<a class=\"elementor-cta__button elementor-button elementor-size-\" href=\"https:\/\/faber-etec.de\/es\/productos\/\" title=\"Productos - Nuestra estaci\u00f3n compacta\">\n\t\t\t\t\t\tNuestra estaci\u00f3n compacta <i aria-hidden=\"true\" class=\"fas fa-angle-right\"><\/i>\t\t\t\t\t<\/a>\n\t\t\t\t\t<\/div>\n\t\t\t\t\t\t\t<\/div>\n\t\t\t\t\t\t<\/div>\n\t\t\t\t\t\t<\/div>\n\t\t\t\t<\/div>\n\t\t\t\t<div class=\"elementor-element elementor-element-70b2c11 elementor-widget elementor-widget-spacer\" data-id=\"70b2c11\" data-element_type=\"widget\" data-e-type=\"widget\" data-widget_type=\"spacer.default\">\n\t\t\t\t<div class=\"elementor-widget-container\">\n\t\t\t\t\t\t\t<div class=\"elementor-spacer\">\n\t\t\t<div class=\"elementor-spacer-inner\"><\/div>\n\t\t<\/div>\n\t\t\t\t\t\t<\/div>\n\t\t\t\t<\/div>\n\t\t\t\t<div class=\"elementor-element elementor-element-1f1d551 elementor-widget elementor-widget-heading\" data-id=\"1f1d551\" data-element_type=\"widget\" data-e-type=\"widget\" data-widget_type=\"heading.default\">\n\t\t\t\t<div class=\"elementor-widget-container\">\n\t\t\t\t\t<h3 class=\"elementor-heading-title elementor-size-default\">Ubicaci\u00f3n: Energ\u00eda para el futuro<\/h3>\t\t\t\t<\/div>\n\t\t\t\t<\/div>\n\t\t\t\t<div class=\"elementor-element elementor-element-1441cd2 elementor-widget elementor-widget-heading\" data-id=\"1441cd2\" data-element_type=\"widget\" data-e-type=\"widget\" data-widget_type=\"heading.default\">\n\t\t\t\t<div class=\"elementor-widget-container\">\n\t\t\t\t\t<h3 class=\"elementor-heading-title elementor-size-default\">El centro de la e-movilidad en Paderborn<\/h3>\t\t\t\t<\/div>\n\t\t\t\t<\/div>\n\t\t\t\t<div class=\"elementor-element elementor-element-ad6f0dc elementor-widget elementor-widget-text-editor\" data-id=\"ad6f0dc\" data-element_type=\"widget\" data-e-type=\"widget\" data-widget_type=\"text-editor.default\">\n\t\t\t\t<div class=\"elementor-widget-container\">\n\t\t\t\t\t\t\t\t\t<p>La estaci\u00f3n transformadora se instal\u00f3 en el aparcamiento de REWE en <a href=\"https:\/\/de.wikipedia.org\/wiki\/Paderborn\" title=\"Paderborn - Paderborn\" target=\"_blank\" rel=\"noopener\">Paderborn<\/a> centro neur\u00e1lgico de la electromovilidad en la regi\u00f3n. Paderborn, ciudad situada al este de Renania del Norte-Westfalia, no s\u00f3lo es conocida por su larga historia y por la catedral de Paderborn, sino que tambi\u00e9n es un lugar importante para las TI y la tecnolog\u00eda. Con sus excelentes infraestructuras, Paderborn ofrece condiciones \u00f3ptimas para la instalaci\u00f3n de modernas infraestructuras de recarga.<\/p>\t\t\t\t\t\t\t\t<\/div>\n\t\t\t\t<\/div>\n\t\t\t\t<div class=\"elementor-element elementor-element-f9c2e5e elementor-widget elementor-widget-image\" data-id=\"f9c2e5e\" data-element_type=\"widget\" data-e-type=\"widget\" data-widget_type=\"image.default\">\n\t\t\t\t<div class=\"elementor-widget-container\">\n\t\t\t\t\t\t\t\t\t\t\t\t<figure class=\"wp-caption\">\n\t\t\t\t\t\t\t\t\t\t<img decoding=\"async\" src=\"https:\/\/faber-etec.de\/wp-content\/uploads\/sites\/3\/elementor\/thumbs\/Wasserschloss-Schloss-Neuhaus-in-Paderborn-Westfalen-Von-mojolo-scaled-qvxj8d1a5aga7syy77thxd90a1w1jhazfh4vxjgn0c.jpeg\" title=\"Castillo de Neuhaus en Paderborn, Westfalia\" alt=\"Castillo de Neuhaus en Paderborn, Westfalia\" loading=\"lazy\" \/>\t\t\t\t\t\t\t\t\t\t\t<figcaption class=\"widget-image-caption wp-caption-text\">\u00a9 mojolo | Moritz Loew 2012<\/figcaption>\n\t\t\t\t\t\t\t\t\t\t<\/figure>\n\t\t\t\t\t\t\t\t\t<\/div>\n\t\t\t\t<\/div>\n\t\t\t\t<div class=\"elementor-element elementor-element-4b4b062 elementor-widget elementor-widget-text-editor\" data-id=\"4b4b062\" data-element_type=\"widget\" data-e-type=\"widget\" data-widget_type=\"text-editor.default\">\n\t\t\t\t<div class=\"elementor-widget-container\">\n\t\t\t\t\t\t\t\t\t<p>En\u00a0<a href=\"https:\/\/www.rewe.de\/\" title=\" - Supermercado REWE\" target=\"_blank\" rel=\"noopener\">Supermercado REWE<\/a>\u00a0de Paderborn forma parte de una de las mayores cadenas de supermercados de Alemania. Con la instalaci\u00f3n de la estaci\u00f3n transformadora en el aparcamiento, REWE contribuye activamente a fomentar la electromovilidad al permitir a los clientes cargar sus veh\u00edculos mientras compran. La ubicaci\u00f3n es ideal, ya que las tiendas REWE son frecuentadas por muchos conductores cada d\u00eda, lo que maximiza la utilizaci\u00f3n de la estaci\u00f3n de carga.<\/p><p>Adem\u00e1s de su excelente accesibilidad, el emplazamiento cuenta con excelentes conexiones infraestructurales. El suministro el\u00e9ctrico corre a cargo del operador de la red regional\u00a0<a href=\"https:\/\/www.ww-netz.com\/\" title=\" - Westfalen Weser Netz GmbH\" target=\"_blank\" rel=\"noopener\">Westfalen Weser Netz GmbH<\/a>\u00a0que es conocida en la regi\u00f3n por su suministro fiable y estable de energ\u00eda. Gracias a la conexi\u00f3n con la zona de control de\u00a0<a href=\"https:\/\/www.tennet.eu\/de\" title=\"De - TenneT TSO GmbH\" target=\"_blank\" rel=\"noopener\">TenneT TSO GmbH<\/a>uno de los mayores gestores de redes de transporte de Europa, el suministro el\u00e9ctrico est\u00e1 garantizado incluso en momentos de gran demanda.<\/p><p>La elecci\u00f3n del emplazamiento subraya la creciente importancia de la movilidad sostenible en las zonas urbanas y demuestra lo importante que es para el futuro de la electromovilidad la infraestructura de recarga en lugares c\u00e9ntricos como los supermercados.<\/p>\t\t\t\t\t\t\t\t<\/div>\n\t\t\t\t<\/div>\n\t\t<div class=\"elementor-element elementor-element-a8beb71 e-flex e-con-boxed e-con e-child\" data-id=\"a8beb71\" data-element_type=\"container\" data-e-type=\"container\">\n\t\t\t\t\t<div class=\"e-con-inner\">\n\t\t\t\t<div class=\"elementor-element elementor-element-84cfa2d elementor-widget elementor-widget-button\" data-id=\"84cfa2d\" data-element_type=\"widget\" data-e-type=\"widget\" data-widget_type=\"button.default\">\n\t\t\t\t<div class=\"elementor-widget-container\">\n\t\t\t\t\t\t\t\t\t<div class=\"elementor-button-wrapper\">\n\t\t\t\t\t<a class=\"elementor-button elementor-button-link elementor-size-sm\" href=\"https:\/\/maps.app.goo.gl\/MQkXLDmfA4gd52ob8\" title=\"MQkXLDmfA4gd52ob8 - Abrir mapa Google\" target=\"_blank\" rel=\"noopener\">\n\t\t\t\t\t\t<span class=\"elementor-button-content-wrapper\">\n\t\t\t\t\t\t<span class=\"elementor-button-icon\">\n\t\t\t\t<i aria-hidden=\"true\" class=\"fas fa-map-marker-alt\"><\/i>\t\t\t<\/span>\n\t\t\t\t\t\t\t\t\t<span class=\"elementor-button-text\">Abrir el mapa de Google<\/span>\n\t\t\t\t\t<\/span>\n\t\t\t\t\t<\/a>\n\t\t\t\t<\/div>\n\t\t\t\t\t\t\t\t<\/div>\n\t\t\t\t<\/div>\n\t\t\t\t\t<\/div>\n\t\t\t\t<\/div>\n\t\t\t\t<div class=\"elementor-element elementor-element-4e25da7 elementor-widget-divider--view-line elementor-widget elementor-widget-divider\" data-id=\"4e25da7\" data-element_type=\"widget\" data-e-type=\"widget\" data-widget_type=\"divider.default\">\n\t\t\t\t<div class=\"elementor-widget-container\">\n\t\t\t\t\t\t\t<div class=\"elementor-divider\">\n\t\t\t<span class=\"elementor-divider-separator\">\n\t\t\t\t\t\t<\/span>\n\t\t<\/div>\n\t\t\t\t\t\t<\/div>\n\t\t\t\t<\/div>\n\t\t\t\t<div class=\"elementor-element elementor-element-6f872df elementor-widget elementor-widget-heading\" data-id=\"6f872df\" data-element_type=\"widget\" data-e-type=\"widget\" data-widget_type=\"heading.default\">\n\t\t\t\t<div class=\"elementor-widget-container\">\n\t\t\t\t\t<h3 class=\"elementor-heading-title elementor-size-default\">Palabras finales<\/h3>\t\t\t\t<\/div>\n\t\t\t\t<\/div>\n\t\t\t\t<div class=\"elementor-element elementor-element-8b87f1c elementor-widget elementor-widget-heading\" data-id=\"8b87f1c\" data-element_type=\"widget\" data-e-type=\"widget\" data-widget_type=\"heading.default\">\n\t\t\t\t<div class=\"elementor-widget-container\">\n\t\t\t\t\t<h4 class=\"elementor-heading-title elementor-size-default\">Energ\u00eda sostenible para el ma\u00f1ana: centros de transformaci\u00f3n a medida como clave de la electromovilidad<\/h4>\t\t\t\t<\/div>\n\t\t\t\t<\/div>\n\t\t\t\t<div class=\"elementor-element elementor-element-72b0524 elementor-widget elementor-widget-text-editor\" data-id=\"72b0524\" data-element_type=\"widget\" data-e-type=\"widget\" data-widget_type=\"text-editor.default\">\n\t\t\t\t<div class=\"elementor-widget-container\">\n\t\t\t\t\t\t\t\t\t<p>Este proyecto demuestra c\u00f3mo unos centros de transformaci\u00f3n bien pensados y personalizados pueden contribuir a fomentar la electromovilidad. Con la exitosa implantaci\u00f3n en el aparcamiento REWE de Paderborn, no solo contribuimos a una infraestructura energ\u00e9tica moderna, sino tambi\u00e9n a promover un futuro sostenible.<\/p>\t\t\t\t\t\t\t\t<\/div>\n\t\t\t\t<\/div>\n\t\t\t\t<div class=\"elementor-element elementor-element-236a067 elementor-widget-divider--view-line elementor-widget elementor-widget-divider\" data-id=\"236a067\" data-element_type=\"widget\" data-e-type=\"widget\" data-widget_type=\"divider.default\">\n\t\t\t\t<div class=\"elementor-widget-container\">\n\t\t\t\t\t\t\t<div class=\"elementor-divider\">\n\t\t\t<span class=\"elementor-divider-separator\">\n\t\t\t\t\t\t<\/span>\n\t\t<\/div>\n\t\t\t\t\t\t<\/div>\n\t\t\t\t<\/div>\n\t\t\t\t<div class=\"elementor-element elementor-element-f9d0108 elementor-widget elementor-widget-heading\" data-id=\"f9d0108\" data-element_type=\"widget\" data-e-type=\"widget\" data-widget_type=\"heading.default\">\n\t\t\t\t<div class=\"elementor-widget-container\">\n\t\t\t\t\t<h2 class=\"elementor-heading-title elementor-size-default\">\u00bfEst\u00e1 planeando su propio proyecto de movilidad el\u00e9ctrica? <\/h2>\t\t\t\t<\/div>\n\t\t\t\t<\/div>\n\t\t\t\t<div class=\"elementor-element elementor-element-c567992 elementor-widget elementor-widget-heading\" data-id=\"c567992\" data-element_type=\"widget\" data-e-type=\"widget\" data-widget_type=\"heading.default\">\n\t\t\t\t<div class=\"elementor-widget-container\">\n\t\t\t\t\t<h3 class=\"elementor-heading-title elementor-size-default\">\u00a1Tenemos la soluci\u00f3n!<\/h3>\t\t\t\t<\/div>\n\t\t\t\t<\/div>\n\t\t\t\t<div class=\"elementor-element elementor-element-d992556 elementor-widget elementor-widget-text-editor\" data-id=\"d992556\" data-element_type=\"widget\" data-e-type=\"widget\" data-widget_type=\"text-editor.default\">\n\t\t\t\t<div class=\"elementor-widget-container\">\n\t\t\t\t\t\t\t\t\t<p>Ya sea para supermercados, empresas o aparcamientos p\u00fablicos, nuestros centros de transformaci\u00f3n compactos personalizados son la soluci\u00f3n perfecta para sus proyectos de movilidad el\u00e9ctrica. Con nuestros muchos a\u00f1os de experiencia en planificaci\u00f3n, producci\u00f3n e instalaci\u00f3n, le ofrecemos centros de transformaci\u00f3n personalizados que se adaptan con precisi\u00f3n a sus requisitos.<\/p><p>Desde un suministro el\u00e9ctrico fiable hasta una moderna tecnolog\u00eda de protecci\u00f3n y control: nuestras soluciones est\u00e1n preparadas para el futuro y contribuyen de forma importante a una infraestructura sostenible. Conf\u00ede en nuestra experiencia e impulsemos juntos la electromovilidad.<\/p><p>P\u00f3ngase en contacto con nosotros hoy mismo y descubra c\u00f3mo podemos ayudarle en su proyecto con nuestra innovadora tecnolog\u00eda.<\/p>\t\t\t\t\t\t\t\t<\/div>\n\t\t\t\t<\/div>\n\t\t<div class=\"elementor-element elementor-element-56bbc6c e-flex e-con-boxed e-con e-child\" data-id=\"56bbc6c\" data-element_type=\"container\" data-e-type=\"container\">\n\t\t\t\t\t<div class=\"e-con-inner\">\n\t\t\t\t<div class=\"elementor-element elementor-element-470d7d9 elementor-widget elementor-widget-button\" data-id=\"470d7d9\" data-element_type=\"widget\" data-e-type=\"widget\" data-widget_type=\"button.default\">\n\t\t\t\t<div class=\"elementor-widget-container\">\n\t\t\t\t\t\t\t\t\t<div class=\"elementor-button-wrapper\">\n\t\t\t\t\t<a class=\"elementor-button elementor-button-link elementor-size-sm\" href=\"https:\/\/faber-etec.de\/es\/e-movilidad\/#produktanfrage\" title=\"E Mobilitaet - Enviar solicitud\">\n\t\t\t\t\t\t<span class=\"elementor-button-content-wrapper\">\n\t\t\t\t\t\t<span class=\"elementor-button-icon\">\n\t\t\t\t<i aria-hidden=\"true\" class=\"fas fa-arrow-right\"><\/i>\t\t\t<\/span>\n\t\t\t\t\t\t\t\t\t<span class=\"elementor-button-text\">Anfragen senden<\/span>\n\t\t\t\t\t<\/span>\n\t\t\t\t\t<\/a>\n\t\t\t\t<\/div>\n\t\t\t\t\t\t\t\t<\/div>\n\t\t\t\t<\/div>\n\t\t\t\t<div class=\"elementor-element elementor-element-66c1f37 elementor-widget elementor-widget-button\" data-id=\"66c1f37\" data-element_type=\"widget\" data-e-type=\"widget\" data-widget_type=\"button.default\">\n\t\t\t\t<div class=\"elementor-widget-container\">\n\t\t\t\t\t\t\t\t\t<div class=\"elementor-button-wrapper\">\n\t\t\t\t\t<a class=\"elementor-button elementor-button-link elementor-size-sm\" href=\"https:\/\/faber-etec.de\/es\/e-movilidad\/\" title=\"E Mobilitaet - M\u00e1s sobre movilidad el\u00e9ctrica\">\n\t\t\t\t\t\t<span class=\"elementor-button-content-wrapper\">\n\t\t\t\t\t\t<span class=\"elementor-button-icon\">\n\t\t\t\t<i aria-hidden=\"true\" class=\"fas fa-arrow-right\"><\/i>\t\t\t<\/span>\n\t\t\t\t\t\t\t\t\t<span class=\"elementor-button-text\">M\u00e1s sobre movilidad el\u00e9ctrica<\/span>\n\t\t\t\t\t<\/span>\n\t\t\t\t\t<\/a>\n\t\t\t\t<\/div>\n\t\t\t\t\t\t\t\t<\/div>\n\t\t\t\t<\/div>\n\t\t\t\t\t<\/div>\n\t\t\t\t<\/div>\n\t\t\t\t<\/div>\n\t\t\t\t<\/div>","protected":false},"excerpt":{"rendered":"<p>Nuestra estaci\u00f3n transformadora compacta hecha a medida en Paderborn permite la carga simult\u00e1nea de ocho coches el\u00e9ctricos en el aparcamiento del supermercado. Con una tecnolog\u00eda innovadora y una planificaci\u00f3n a medida, contribuimos activamente a la electromovilidad sostenible.<\/p>","protected":false},"author":2,"featured_media":13672,"comment_status":"closed","ping_status":"open","sticky":false,"template":"","format":"standard","meta":{"_acf_changed":false,"footnotes":""},"categories":[9],"tags":[66,37],"class_list":["post-13653","post","type-post","status-publish","format-standard","has-post-thumbnail","hentry","category-projekte","tag-paderborn","tag-trafostation"],"acf":[],"_links":{"self":[{"href":"https:\/\/faber-etec.de\/es\/wp-json\/wp\/v2\/posts\/13653","targetHints":{"allow":["GET"]}}],"collection":[{"href":"https:\/\/faber-etec.de\/es\/wp-json\/wp\/v2\/posts"}],"about":[{"href":"https:\/\/faber-etec.de\/es\/wp-json\/wp\/v2\/types\/post"}],"author":[{"embeddable":true,"href":"https:\/\/faber-etec.de\/es\/wp-json\/wp\/v2\/users\/2"}],"replies":[{"embeddable":true,"href":"https:\/\/faber-etec.de\/es\/wp-json\/wp\/v2\/comments?post=13653"}],"version-history":[{"count":9,"href":"https:\/\/faber-etec.de\/es\/wp-json\/wp\/v2\/posts\/13653\/revisions"}],"predecessor-version":[{"id":16230,"href":"https:\/\/faber-etec.de\/es\/wp-json\/wp\/v2\/posts\/13653\/revisions\/16230"}],"wp:featuredmedia":[{"embeddable":true,"href":"https:\/\/faber-etec.de\/es\/wp-json\/wp\/v2\/media\/13672"}],"wp:attachment":[{"href":"https:\/\/faber-etec.de\/es\/wp-json\/wp\/v2\/media?parent=13653"}],"wp:term":[{"taxonomy":"category","embeddable":true,"href":"https:\/\/faber-etec.de\/es\/wp-json\/wp\/v2\/categories?post=13653"},{"taxonomy":"post_tag","embeddable":true,"href":"https:\/\/faber-etec.de\/es\/wp-json\/wp\/v2\/tags?post=13653"}],"curies":[{"name":"wp","href":"https:\/\/api.w.org\/{rel}","templated":true}]}}