{"id":14370,"date":"2024-11-07T21:27:24","date_gmt":"2024-11-07T20:27:24","guid":{"rendered":"https:\/\/faber-etec.de\/?p=14370"},"modified":"2024-11-17T00:49:22","modified_gmt":"2024-11-16T23:49:22","slug":"pv-aufdachanlage-dortmund-trafostationen","status":"publish","type":"post","link":"https:\/\/faber-etec.de\/es\/news\/pv-aufdachanlage-dortmund-trafostationen\/","title":{"rendered":"Inicio de una instalaci\u00f3n fotovoltaica sobre cubierta en Dortmund"},"content":{"rendered":"<div data-elementor-type=\"wp-post\" data-elementor-id=\"14370\" class=\"elementor elementor-14370\" data-elementor-post-type=\"post\">\n\t\t\t\t<div class=\"elementor-element elementor-element-94dd862 e-flex e-con-boxed e-con e-parent\" data-id=\"94dd862\" data-element_type=\"container\" data-e-type=\"container\">\n\t\t\t\t\t<div class=\"e-con-inner\">\n\t\t\t\t<div class=\"elementor-element elementor-element-d0aba11 elementor-widget elementor-widget-heading\" data-id=\"d0aba11\" data-element_type=\"widget\" data-e-type=\"widget\" data-widget_type=\"heading.default\">\n\t\t\t\t<div class=\"elementor-widget-container\">\n\t\t\t\t\t<h2 class=\"elementor-heading-title elementor-size-default\">Faber Solartechnik y Faber E-Tec realizan proyectos fotovoltaicos y de transformadores sostenibles, tambi\u00e9n en oto\u00f1o<\/h2>\t\t\t\t<\/div>\n\t\t\t\t<\/div>\n\t\t\t\t<div class=\"elementor-element elementor-element-53ca6a4 elementor-widget elementor-widget-text-editor\" data-id=\"53ca6a4\" data-element_type=\"widget\" data-e-type=\"widget\" data-widget_type=\"text-editor.default\">\n\t\t\t\t<div class=\"elementor-widget-container\">\n\t\t\t\t\t\t\t\t\t<p>Faber Solartechnik y Faber E-Tec prosiguen sus proyectos sostenibles de energ\u00eda fotovoltaica y transformadores en oto\u00f1o y garantizan un suministro energ\u00e9tico fiable con soluciones de alto rendimiento, independientemente de la estaci\u00f3n del a\u00f1o.<\/p>\t\t\t\t\t\t\t\t<\/div>\n\t\t\t\t<\/div>\n\t\t\t\t<div class=\"elementor-element elementor-element-e3d25ea elementor-widget elementor-widget-text-editor\" data-id=\"e3d25ea\" data-element_type=\"widget\" data-e-type=\"widget\" data-widget_type=\"text-editor.default\">\n\t\t\t\t<div class=\"elementor-widget-container\">\n\t\t\t\t\t\t\t\t\t<p>Las coloridas hojas de los \u00e1rboles ya est\u00e1n cayendo y es la \u00e9poca del a\u00f1o en que la gente prefiere quedarse en casa. Pero haga el tiempo que haga\u00a0<a href=\"https:\/\/faber-solartechnik.de\/\" title=\" - Tecnolog\u00eda solar Faber\" target=\"_blank\" rel=\"noopener\">Tecnolog\u00eda solar Faber<\/a>\u00a0y <a title=\"Qui\u00e9nes somos\" href=\"https:\/\/faber-etec.de\/es\/empresa\/\" target=\"_blank\" rel=\"noopener\">Faber E-Tec - Centros de transformaci\u00f3n<\/a> siempre est\u00e1n dispuestos a crear soluciones innovadoras para el suministro de energ\u00eda. Incluso en el dorado oto\u00f1o, la instalaci\u00f3n de un sistema fotovoltaico a gran escala en Dortmund est\u00e1 en pleno apogeo. Una mirada a los tejados no s\u00f3lo muestra la belleza de la estaci\u00f3n, sino tambi\u00e9n c\u00f3mo puede aprovecharse la energ\u00eda solar con tecnolog\u00eda punta.<\/p>\t\t\t\t\t\t\t\t<\/div>\n\t\t\t\t<\/div>\n\t\t\t\t<div class=\"elementor-element elementor-element-ba975b3 elementor-widget__width-initial elementor-widget elementor-widget-gallery\" data-id=\"ba975b3\" data-element_type=\"widget\" data-e-type=\"widget\" data-settings=\"{&quot;gallery_layout&quot;:&quot;justified&quot;,&quot;ideal_row_height_mobile&quot;:{&quot;unit&quot;:&quot;px&quot;,&quot;size&quot;:115,&quot;sizes&quot;:[]},&quot;lazyload&quot;:&quot;yes&quot;,&quot;ideal_row_height&quot;:{&quot;unit&quot;:&quot;px&quot;,&quot;size&quot;:200,&quot;sizes&quot;:[]},&quot;ideal_row_height_laptop&quot;:{&quot;unit&quot;:&quot;px&quot;,&quot;size&quot;:150,&quot;sizes&quot;:[]},&quot;ideal_row_height_tablet_extra&quot;:{&quot;unit&quot;:&quot;px&quot;,&quot;size&quot;:150,&quot;sizes&quot;:[]},&quot;ideal_row_height_tablet&quot;:{&quot;unit&quot;:&quot;px&quot;,&quot;size&quot;:150,&quot;sizes&quot;:[]},&quot;gap&quot;:{&quot;unit&quot;:&quot;px&quot;,&quot;size&quot;:10,&quot;sizes&quot;:[]},&quot;gap_laptop&quot;:{&quot;unit&quot;:&quot;px&quot;,&quot;size&quot;:10,&quot;sizes&quot;:[]},&quot;gap_tablet_extra&quot;:{&quot;unit&quot;:&quot;px&quot;,&quot;size&quot;:10,&quot;sizes&quot;:[]},&quot;gap_tablet&quot;:{&quot;unit&quot;:&quot;px&quot;,&quot;size&quot;:10,&quot;sizes&quot;:[]},&quot;gap_mobile&quot;:{&quot;unit&quot;:&quot;px&quot;,&quot;size&quot;:10,&quot;sizes&quot;:[]},&quot;overlay_background&quot;:&quot;yes&quot;,&quot;content_hover_animation&quot;:&quot;fade-in&quot;}\" data-widget_type=\"gallery.default\">\n\t\t\t\t<div class=\"elementor-widget-container\">\n\t\t\t\t\t\t\t<div class=\"elementor-gallery__container\">\n\t\t\t\t\t\t\t<div class=\"e-gallery-item elementor-gallery-item elementor-animated-content\">\n\t\t\t\t\t<div class=\"e-gallery-image elementor-gallery-item__image\" data-thumbnail=\"https:\/\/faber-etec.de\/wp-content\/uploads\/sites\/3\/2024\/11\/13-Photovoltaik-Trafostation-Kompaktstation-Dortmund-Aufdach-OKT-2024-768x512.avif\" data-width=\"768\" data-height=\"512\" aria-label=\"Instalaci\u00f3n de una estaci\u00f3n transformadora para un sistema fotovoltaico en Renania del Norte-Westfalia para inyectar energ\u00eda solar a la red\" role=\"img\" ><\/div>\n\t\t\t\t\t\t\t\t\t\t\t<div class=\"elementor-gallery-item__overlay\"><\/div>\n\t\t\t\t\t\t\t\t\t\t\t\t\t\t<\/div>\n\t\t\t\t\t\t\t<div class=\"e-gallery-item elementor-gallery-item elementor-animated-content\">\n\t\t\t\t\t<div class=\"e-gallery-image elementor-gallery-item__image\" data-thumbnail=\"https:\/\/faber-etec.de\/wp-content\/uploads\/sites\/3\/2024\/11\/14-Photovoltaik-Trafostation-Kompaktstation-Dortmund-Aufdach-OKT-2024-768x512.avif\" data-width=\"768\" data-height=\"512\" aria-label=\"Instalaci\u00f3n de una estaci\u00f3n transformadora para un sistema fotovoltaico en Renania del Norte-Westfalia para inyectar energ\u00eda solar a la red\" role=\"img\" ><\/div>\n\t\t\t\t\t\t\t\t\t\t\t<div class=\"elementor-gallery-item__overlay\"><\/div>\n\t\t\t\t\t\t\t\t\t\t\t\t\t\t<\/div>\n\t\t\t\t\t<\/div>\n\t\t\t\t\t<\/div>\n\t\t\t\t<\/div>\n\t\t\t\t<div class=\"elementor-element elementor-element-98b34b3 elementor-widget elementor-widget-gallery\" data-id=\"98b34b3\" data-element_type=\"widget\" data-e-type=\"widget\" data-settings=\"{&quot;gallery_layout&quot;:&quot;justified&quot;,&quot;lazyload&quot;:&quot;yes&quot;,&quot;ideal_row_height&quot;:{&quot;unit&quot;:&quot;px&quot;,&quot;size&quot;:200,&quot;sizes&quot;:[]},&quot;ideal_row_height_laptop&quot;:{&quot;unit&quot;:&quot;px&quot;,&quot;size&quot;:150,&quot;sizes&quot;:[]},&quot;ideal_row_height_tablet_extra&quot;:{&quot;unit&quot;:&quot;px&quot;,&quot;size&quot;:150,&quot;sizes&quot;:[]},&quot;ideal_row_height_tablet&quot;:{&quot;unit&quot;:&quot;px&quot;,&quot;size&quot;:150,&quot;sizes&quot;:[]},&quot;ideal_row_height_mobile&quot;:{&quot;unit&quot;:&quot;px&quot;,&quot;size&quot;:150,&quot;sizes&quot;:[]},&quot;gap&quot;:{&quot;unit&quot;:&quot;px&quot;,&quot;size&quot;:10,&quot;sizes&quot;:[]},&quot;gap_laptop&quot;:{&quot;unit&quot;:&quot;px&quot;,&quot;size&quot;:10,&quot;sizes&quot;:[]},&quot;gap_tablet_extra&quot;:{&quot;unit&quot;:&quot;px&quot;,&quot;size&quot;:10,&quot;sizes&quot;:[]},&quot;gap_tablet&quot;:{&quot;unit&quot;:&quot;px&quot;,&quot;size&quot;:10,&quot;sizes&quot;:[]},&quot;gap_mobile&quot;:{&quot;unit&quot;:&quot;px&quot;,&quot;size&quot;:10,&quot;sizes&quot;:[]},&quot;overlay_background&quot;:&quot;yes&quot;,&quot;content_hover_animation&quot;:&quot;fade-in&quot;}\" data-widget_type=\"gallery.default\">\n\t\t\t\t<div class=\"elementor-widget-container\">\n\t\t\t\t\t\t\t<div class=\"elementor-gallery__container\">\n\t\t\t\t\t\t\t<div class=\"e-gallery-item elementor-gallery-item elementor-animated-content\">\n\t\t\t\t\t<div class=\"e-gallery-image elementor-gallery-item__image\" data-thumbnail=\"https:\/\/faber-etec.de\/wp-content\/uploads\/sites\/3\/2024\/11\/05-Photovoltaik-Trafostation-Kompaktstation-Dortmund-Aufdach-OKT-2024-768x1152.avif\" data-width=\"768\" data-height=\"1152\" aria-label=\"Estaciones de hormig\u00f3n para el funcionamiento seguro de transformadores y estaciones transformadoras para instalaciones solares, estaci\u00f3n transformadora compacta para estaci\u00f3n transformadora solar y estaci\u00f3n solar en oto\u00f1o en Renania del Norte-Westfalia\" role=\"img\" ><\/div>\n\t\t\t\t\t\t\t\t\t\t\t<div class=\"elementor-gallery-item__overlay\"><\/div>\n\t\t\t\t\t\t\t\t\t\t\t\t\t\t<\/div>\n\t\t\t\t\t\t\t<div class=\"e-gallery-item elementor-gallery-item elementor-animated-content\">\n\t\t\t\t\t<div class=\"e-gallery-image elementor-gallery-item__image\" data-thumbnail=\"https:\/\/faber-etec.de\/wp-content\/uploads\/sites\/3\/2024\/11\/08-Photovoltaik-Trafostation-Kompaktstation-Dortmund-Aufdach-OKT-2024-768x464.avif\" data-width=\"768\" data-height=\"464\" aria-label=\"Transformador de media tensi\u00f3n para conectar un sistema fotovoltaico a la red el\u00e9ctrica\" role=\"img\" ><\/div>\n\t\t\t\t\t\t\t\t\t\t\t<div class=\"elementor-gallery-item__overlay\"><\/div>\n\t\t\t\t\t\t\t\t\t\t\t\t\t\t<\/div>\n\t\t\t\t\t\t\t<div class=\"e-gallery-item elementor-gallery-item elementor-animated-content\">\n\t\t\t\t\t<div class=\"e-gallery-image elementor-gallery-item__image\" data-thumbnail=\"https:\/\/faber-etec.de\/wp-content\/uploads\/sites\/3\/2024\/11\/03-Photovoltaik-Trafostation-Kompaktstation-Dortmund-Aufdach-OKT-2024-768x512.avif\" data-width=\"768\" data-height=\"512\" aria-label=\"Instalaci\u00f3n fotovoltaica con estaci\u00f3n transformadora y estaci\u00f3n transformadora compacta de Faber E-Tec en Dortmund\" role=\"img\" ><\/div>\n\t\t\t\t\t\t\t\t\t\t\t<div class=\"elementor-gallery-item__overlay\"><\/div>\n\t\t\t\t\t\t\t\t\t\t\t\t\t\t<\/div>\n\t\t\t\t\t\t\t<div class=\"e-gallery-item elementor-gallery-item elementor-animated-content\">\n\t\t\t\t\t<div class=\"e-gallery-image elementor-gallery-item__image\" data-thumbnail=\"https:\/\/faber-etec.de\/wp-content\/uploads\/sites\/3\/2024\/11\/02-Photovoltaik-Trafostation-Kompaktstation-Dortmund-Aufdach-OKT-2024-768x512.avif\" data-width=\"768\" data-height=\"512\" aria-label=\"Centro de transformaci\u00f3n compacto para la transformaci\u00f3n de la tensi\u00f3n de red para instalaciones fotovoltaicas\" role=\"img\" ><\/div>\n\t\t\t\t\t\t\t\t\t\t\t<div class=\"elementor-gallery-item__overlay\"><\/div>\n\t\t\t\t\t\t\t\t\t\t\t\t\t\t<\/div>\n\t\t\t\t\t\t\t<div class=\"e-gallery-item elementor-gallery-item elementor-animated-content\">\n\t\t\t\t\t<div class=\"e-gallery-image elementor-gallery-item__image\" data-thumbnail=\"https:\/\/faber-etec.de\/wp-content\/uploads\/sites\/3\/2024\/11\/07-Photovoltaik-Trafostation-Kompaktstation-Dortmund-Aufdach-OKT-2024-768x1152.avif\" data-width=\"768\" data-height=\"1152\" aria-label=\"Estaci\u00f3n compacta de transformadores Faber E-Tec para sistemas fotovoltaicos en Alemania\" role=\"img\" ><\/div>\n\t\t\t\t\t\t\t\t\t\t\t<div class=\"elementor-gallery-item__overlay\"><\/div>\n\t\t\t\t\t\t\t\t\t\t\t\t\t\t<\/div>\n\t\t\t\t\t\t\t<div class=\"e-gallery-item elementor-gallery-item elementor-animated-content\">\n\t\t\t\t\t<div class=\"e-gallery-image elementor-gallery-item__image\" data-thumbnail=\"https:\/\/faber-etec.de\/wp-content\/uploads\/sites\/3\/2024\/11\/04-Photovoltaik-Trafostation-Kompaktstation-Dortmund-Aufdach-OKT-2024-768x512.avif\" data-width=\"768\" data-height=\"512\" aria-label=\"Instalaci\u00f3n fotovoltaica oto\u00f1al en el tejado con estaci\u00f3n transformadora para un suministro el\u00e9ctrico eficiente\" role=\"img\" ><\/div>\n\t\t\t\t\t\t\t\t\t\t\t<div class=\"elementor-gallery-item__overlay\"><\/div>\n\t\t\t\t\t\t\t\t\t\t\t\t\t\t<\/div>\n\t\t\t\t\t<\/div>\n\t\t\t\t\t<\/div>\n\t\t\t\t<\/div>\n\t\t\t\t<div class=\"elementor-element elementor-element-bf05b5f elementor-widget elementor-widget-text-editor\" data-id=\"bf05b5f\" data-element_type=\"widget\" data-e-type=\"widget\" data-widget_type=\"text-editor.default\">\n\t\t\t\t<div class=\"elementor-widget-container\">\n\t\t\t\t\t\t\t\t\t<p>Para este proyecto, Faber Solartechnik es responsable de la instalaci\u00f3n del\u00a0<a href=\"https:\/\/faber-solartechnik.de\/epc\/\" title=\"Epc - Sistema fotovoltaico\" target=\"_blank\" rel=\"noopener\">Sistema fotovoltaico<\/a>que genera electricidad de forma eficiente y la pone a disposici\u00f3n para su uso. El sitio <strong>Centro de transformaci\u00f3n<\/strong>\u00a0\/\u00a0<a href=\"https:\/\/faber-etec.de\/es\/estacion-compacta\/\" title=\"Centro compacto - Centro compacto transformador\">Centro de transformaci\u00f3n compacto<\/a>suministrados por Faber E-Tec, son componentes esenciales de la infraestructura. Garantizan que la energ\u00eda solar generada se inyecte en la red de forma segura y eficaz. Los centros de transformaci\u00f3n compactos desempe\u00f1an un papel crucial en un proyecto de esta envergadura para garantizar el buen funcionamiento y el alto rendimiento del sistema.<\/p><p>Pero <strong>\u00bfQu\u00e9 hace un transformador?<\/strong> \u00bfexactamente? Los centros compactos de transformaci\u00f3n y las estaciones transformadoras se encargan en gran medida de transformar la energ\u00eda generada a la media tensi\u00f3n necesaria e integrarla en la red de suministro. Ya sea en <strong>Transformador de media tensi\u00f3n<\/strong>, <strong>Centro de transformaci\u00f3n<\/strong> o estaciones de hormig\u00f3n - como fabricante experimentado, Faber E-Tec apuesta por tecnolog\u00eda probada y soluciones innovadoras especialmente dise\u00f1adas para sistemas fotovoltaicos como estos en <strong>NRW<\/strong> se desarrollaron.<\/p><p><strong>Techo industrial <\/strong>Sistema FV<strong>: <\/strong>Faber Solartechnik y Faber E-Tec operan en toda Alemania con su experiencia y tambi\u00e9n son especialmente solicitadas en Renania del Norte-Westfalia cuando se trata de proyectos de energ\u00eda sostenible. Especialmente <strong>Estaciones de hormig\u00f3n<\/strong>como se utilizan aqu\u00ed son estables y duraderas y ofrecen la seguridad necesaria para <strong>Salidas del transformador<\/strong>como se requiere para los sistemas solares. La combinaci\u00f3n de <strong>Transformador solar<\/strong> y la estaci\u00f3n transformadora muestran c\u00f3mo se suministra energ\u00eda solar de forma fiable desde el sol hasta el enchufe.<\/p>\t\t\t\t\t\t\t\t<\/div>\n\t\t\t\t<\/div>\n\t\t\t\t<div class=\"elementor-element elementor-element-d8aa080 elementor-widget elementor-widget-image\" data-id=\"d8aa080\" data-element_type=\"widget\" data-e-type=\"widget\" data-widget_type=\"image.default\">\n\t\t\t\t<div class=\"elementor-widget-container\">\n\t\t\t\t\t\t\t\t\t\t\t\t\t\t\t\t<a href=\"https:\/\/faber-etec.de\/wp-content\/uploads\/sites\/3\/2024\/11\/15-Photovoltaik-Trafostation-Kompaktstation-Dortmund-Aufdach-OKT-2024.avif\" title=\"15 Estaci\u00f3n transformadora fotovoltaica estaci\u00f3n compacta Dortmund cubierta OKT 2024.avif - \" data-elementor-open-lightbox=\"yes\" data-e-action-hash=\"#elementor-action%3Aaction%3Dlightbox%26settings%3DeyJpZCI6MTQzOTcsInVybCI6Imh0dHBzOlwvXC9mYWJlci1ldGVjLmRlXC93cC1jb250ZW50XC91cGxvYWRzXC9zaXRlc1wvM1wvMjAyNFwvMTFcLzE1LVBob3Rvdm9sdGFpay1UcmFmb3N0YXRpb24tS29tcGFrdHN0YXRpb24tRG9ydG11bmQtQXVmZGFjaC1PS1QtMjAyNC5hdmlmIn0%3D\">\n\t\t\t\t\t\t\t<img fetchpriority=\"high\" decoding=\"async\" width=\"800\" height=\"534\" src=\"https:\/\/faber-etec.de\/wp-content\/uploads\/sites\/3\/2024\/11\/15-Photovoltaik-Trafostation-Kompaktstation-Dortmund-Aufdach-OKT-2024-1024x683.avif\" class=\"attachment-large size-large wp-image-14397\" alt=\"Instalaci\u00f3n fotovoltaica con estaci\u00f3n transformadora y estaci\u00f3n transformadora compacta de Faber E-Tec en Dortmund\" srcset=\"https:\/\/faber-etec.de\/wp-content\/uploads\/sites\/3\/2024\/11\/15-Photovoltaik-Trafostation-Kompaktstation-Dortmund-Aufdach-OKT-2024-1024x683.avif 1024w, https:\/\/faber-etec.de\/wp-content\/uploads\/sites\/3\/2024\/11\/15-Photovoltaik-Trafostation-Kompaktstation-Dortmund-Aufdach-OKT-2024-300x200.avif 300w, https:\/\/faber-etec.de\/wp-content\/uploads\/sites\/3\/2024\/11\/15-Photovoltaik-Trafostation-Kompaktstation-Dortmund-Aufdach-OKT-2024-768x512.avif 768w, https:\/\/faber-etec.de\/wp-content\/uploads\/sites\/3\/2024\/11\/15-Photovoltaik-Trafostation-Kompaktstation-Dortmund-Aufdach-OKT-2024-1536x1024.avif 1536w, https:\/\/faber-etec.de\/wp-content\/uploads\/sites\/3\/2024\/11\/15-Photovoltaik-Trafostation-Kompaktstation-Dortmund-Aufdach-OKT-2024-2048x1366.avif 2048w, https:\/\/faber-etec.de\/wp-content\/uploads\/sites\/3\/2024\/11\/15-Photovoltaik-Trafostation-Kompaktstation-Dortmund-Aufdach-OKT-2024-18x12.avif 18w\" sizes=\"(max-width: 800px) 100vw, 800px\" title=\"Instalaci\u00f3n fotovoltaica con estaci\u00f3n transformadora y estaci\u00f3n transformadora compacta de Faber E-Tec en Dortmund\" \/>\t\t\t\t\t\t\t\t<\/a>\n\t\t\t\t\t\t\t\t\t\t\t\t\t\t\t<\/div>\n\t\t\t\t<\/div>\n\t\t\t\t<div class=\"elementor-element elementor-element-f7bfbd5 elementor-widget elementor-widget-gallery\" data-id=\"f7bfbd5\" data-element_type=\"widget\" data-e-type=\"widget\" data-settings=\"{&quot;gallery_layout&quot;:&quot;justified&quot;,&quot;lazyload&quot;:&quot;yes&quot;,&quot;ideal_row_height&quot;:{&quot;unit&quot;:&quot;px&quot;,&quot;size&quot;:200,&quot;sizes&quot;:[]},&quot;ideal_row_height_laptop&quot;:{&quot;unit&quot;:&quot;px&quot;,&quot;size&quot;:150,&quot;sizes&quot;:[]},&quot;ideal_row_height_tablet_extra&quot;:{&quot;unit&quot;:&quot;px&quot;,&quot;size&quot;:150,&quot;sizes&quot;:[]},&quot;ideal_row_height_tablet&quot;:{&quot;unit&quot;:&quot;px&quot;,&quot;size&quot;:150,&quot;sizes&quot;:[]},&quot;ideal_row_height_mobile&quot;:{&quot;unit&quot;:&quot;px&quot;,&quot;size&quot;:150,&quot;sizes&quot;:[]},&quot;gap&quot;:{&quot;unit&quot;:&quot;px&quot;,&quot;size&quot;:10,&quot;sizes&quot;:[]},&quot;gap_laptop&quot;:{&quot;unit&quot;:&quot;px&quot;,&quot;size&quot;:10,&quot;sizes&quot;:[]},&quot;gap_tablet_extra&quot;:{&quot;unit&quot;:&quot;px&quot;,&quot;size&quot;:10,&quot;sizes&quot;:[]},&quot;gap_tablet&quot;:{&quot;unit&quot;:&quot;px&quot;,&quot;size&quot;:10,&quot;sizes&quot;:[]},&quot;gap_mobile&quot;:{&quot;unit&quot;:&quot;px&quot;,&quot;size&quot;:10,&quot;sizes&quot;:[]},&quot;overlay_background&quot;:&quot;yes&quot;,&quot;content_hover_animation&quot;:&quot;fade-in&quot;}\" data-widget_type=\"gallery.default\">\n\t\t\t\t<div class=\"elementor-widget-container\">\n\t\t\t\t\t\t\t<div class=\"elementor-gallery__container\">\n\t\t\t\t\t\t\t<div class=\"e-gallery-item elementor-gallery-item elementor-animated-content\">\n\t\t\t\t\t<div class=\"e-gallery-image elementor-gallery-item__image\" data-thumbnail=\"https:\/\/faber-etec.de\/wp-content\/uploads\/sites\/3\/2024\/11\/06-Photovoltaik-Trafostation-Kompaktstation-Dortmund-Aufdach-OKT-2024-768x512.avif\" data-width=\"768\" data-height=\"512\" aria-label=\"Estaciones de hormig\u00f3n para el funcionamiento seguro de transformadores y estaciones transformadoras para sistemas solares\" role=\"img\" ><\/div>\n\t\t\t\t\t\t\t\t\t\t\t<div class=\"elementor-gallery-item__overlay\"><\/div>\n\t\t\t\t\t\t\t\t\t\t\t\t\t\t<\/div>\n\t\t\t\t\t\t\t<div class=\"e-gallery-item elementor-gallery-item elementor-animated-content\">\n\t\t\t\t\t<div class=\"e-gallery-image elementor-gallery-item__image\" data-thumbnail=\"https:\/\/faber-etec.de\/wp-content\/uploads\/sites\/3\/2024\/11\/09-Photovoltaik-Trafostation-Kompaktstation-Dortmund-Aufdach-OKT-2024-768x469.avif\" data-width=\"768\" data-height=\"469\" aria-label=\"Instalaci\u00f3n fotovoltaica con estaci\u00f3n transformadora y estaci\u00f3n transformadora compacta de Faber E-Tec en Dortmund\" role=\"img\" ><\/div>\n\t\t\t\t\t\t\t\t\t\t\t<div class=\"elementor-gallery-item__overlay\"><\/div>\n\t\t\t\t\t\t\t\t\t\t\t\t\t\t<\/div>\n\t\t\t\t\t\t\t<div class=\"e-gallery-item elementor-gallery-item elementor-animated-content\">\n\t\t\t\t\t<div class=\"e-gallery-image elementor-gallery-item__image\" data-thumbnail=\"https:\/\/faber-etec.de\/wp-content\/uploads\/sites\/3\/2024\/11\/11-Photovoltaik-Trafostation-Kompaktstation-Dortmund-Aufdach-OKT-2024-768x512.avif\" data-width=\"768\" data-height=\"512\" aria-label=\"Estaci\u00f3n transformadora compacta para estaci\u00f3n transformadora solar y estaci\u00f3n solar en oto\u00f1o en Renania del Norte-Westfalia\" role=\"img\" ><\/div>\n\t\t\t\t\t\t\t\t\t\t\t<div class=\"elementor-gallery-item__overlay\"><\/div>\n\t\t\t\t\t\t\t\t\t\t\t\t\t\t<\/div>\n\t\t\t\t\t\t\t<div class=\"e-gallery-item elementor-gallery-item elementor-animated-content\">\n\t\t\t\t\t<div class=\"e-gallery-image elementor-gallery-item__image\" data-thumbnail=\"https:\/\/faber-etec.de\/wp-content\/uploads\/sites\/3\/2024\/11\/10-Photovoltaik-Trafostation-Kompaktstation-Dortmund-Aufdach-OKT-2024-768x512.avif\" data-width=\"768\" data-height=\"512\" aria-label=\"Instalaci\u00f3n fotovoltaica con estaci\u00f3n transformadora y estaci\u00f3n transformadora compacta de Faber E-Tec en Dortmund\" role=\"img\" ><\/div>\n\t\t\t\t\t\t\t\t\t\t\t<div class=\"elementor-gallery-item__overlay\"><\/div>\n\t\t\t\t\t\t\t\t\t\t\t\t\t\t<\/div>\n\t\t\t\t\t\t\t<div class=\"e-gallery-item elementor-gallery-item elementor-animated-content\">\n\t\t\t\t\t<div class=\"e-gallery-image elementor-gallery-item__image\" data-thumbnail=\"https:\/\/faber-etec.de\/wp-content\/uploads\/sites\/3\/2024\/11\/01-Photovoltaik-Trafostation-Kompaktstation-Dortmund-Aufdach-OKT-2024-768x1152.avif\" data-width=\"768\" data-height=\"1152\" aria-label=\"Estaci\u00f3n compacta de transformaci\u00f3n de tensi\u00f3n de red para sistema fotovoltaico, transformador de media tensi\u00f3n para conectar un sistema fotovoltaico a la red el\u00e9ctrica\" role=\"img\" ><\/div>\n\t\t\t\t\t\t\t\t\t\t\t<div class=\"elementor-gallery-item__overlay\"><\/div>\n\t\t\t\t\t\t\t\t\t\t\t\t\t\t<\/div>\n\t\t\t\t\t\t\t<div class=\"e-gallery-item elementor-gallery-item elementor-animated-content\">\n\t\t\t\t\t<div class=\"e-gallery-image elementor-gallery-item__image\" data-thumbnail=\"https:\/\/faber-etec.de\/wp-content\/uploads\/sites\/3\/2024\/11\/12-Photovoltaik-Trafostation-Kompaktstation-Dortmund-Aufdach-OKT-2024-768x512.avif\" data-width=\"768\" data-height=\"512\" aria-label=\"Estaci\u00f3n transformadora compacta para estaci\u00f3n transformadora solar y estaci\u00f3n solar en oto\u00f1o en Renania del Norte-Westfalia\" role=\"img\" ><\/div>\n\t\t\t\t\t\t\t\t\t\t\t<div class=\"elementor-gallery-item__overlay\"><\/div>\n\t\t\t\t\t\t\t\t\t\t\t\t\t\t<\/div>\n\t\t\t\t\t<\/div>\n\t\t\t\t\t<\/div>\n\t\t\t\t<\/div>\n\t\t\t\t<div class=\"elementor-element elementor-element-d5354a6 elementor-widget-divider--view-line elementor-widget elementor-widget-divider\" data-id=\"d5354a6\" data-element_type=\"widget\" data-e-type=\"widget\" data-widget_type=\"divider.default\">\n\t\t\t\t<div class=\"elementor-widget-container\">\n\t\t\t\t\t\t\t<div class=\"elementor-divider\">\n\t\t\t<span class=\"elementor-divider-separator\">\n\t\t\t\t\t\t<\/span>\n\t\t<\/div>\n\t\t\t\t\t\t<\/div>\n\t\t\t\t<\/div>\n\t\t\t\t<div class=\"elementor-element elementor-element-5e86871 elementor-widget elementor-widget-heading\" data-id=\"5e86871\" data-element_type=\"widget\" data-e-type=\"widget\" data-widget_type=\"heading.default\">\n\t\t\t\t<div class=\"elementor-widget-container\">\n\t\t\t\t\t<h3 class=\"elementor-heading-title elementor-size-default\">M\u00e1s informaci\u00f3n sobre nuestro proyecto en Dortmund.\n<\/h3>\t\t\t\t<\/div>\n\t\t\t\t<\/div>\n\t\t\t\t<div class=\"elementor-element elementor-element-2508222 elementor-widget elementor-widget-text-editor\" data-id=\"2508222\" data-element_type=\"widget\" data-e-type=\"widget\" data-widget_type=\"text-editor.default\">\n\t\t\t\t<div class=\"elementor-widget-container\">\n\t\t\t\t\t\t\t\t\t<p>Si desea saber m\u00e1s sobre este apasionante proyecto o le interesan los \u00faltimos avances relacionados con los centros de transformaci\u00f3n y los centros compactos de transformaci\u00f3n, s\u00edganos en Facebook, Instagram, Threads, LinkedIn, X (Twitter) y YouTube. All\u00ed le mantendremos al d\u00eda con m\u00e1s informaci\u00f3n y actualizaciones sobre nuestros proyectos.<\/p>\t\t\t\t\t\t\t\t<\/div>\n\t\t\t\t<\/div>\n\t\t\t\t<div class=\"elementor-element elementor-element-543af26 elementor-widget elementor-widget-heading\" data-id=\"543af26\" data-element_type=\"widget\" data-e-type=\"widget\" data-widget_type=\"heading.default\">\n\t\t\t\t<div class=\"elementor-widget-container\">\n\t\t\t\t\t<h4 class=\"elementor-heading-title elementor-size-default\">S\u00edganos.<\/h4>\t\t\t\t<\/div>\n\t\t\t\t<\/div>\n\t\t\t\t<div class=\"elementor-element elementor-element-58f04c6 e-grid-align-left elementor-shape-rounded elementor-grid-0 elementor-widget elementor-widget-social-icons\" data-id=\"58f04c6\" data-element_type=\"widget\" data-e-type=\"widget\" data-widget_type=\"social-icons.default\">\n\t\t\t\t<div class=\"elementor-widget-container\">\n\t\t\t\t\t\t\t<div class=\"elementor-social-icons-wrapper elementor-grid\" role=\"list\">\n\t\t\t\t\t\t\t<span class=\"elementor-grid-item\" role=\"listitem\">\n\t\t\t\t\t<a class=\"elementor-icon elementor-social-icon elementor-social-icon-instagram elementor-animation-grow elementor-repeater-item-c4ec2f4\" href=\"https:\/\/www.instagram.com\/faber.energy\/\" target=\"_blank\" title=\"S\u00edguenos en Instagram\" rel=\"noopener\">\n\t\t\t\t\t\t<span class=\"elementor-screen-only\">Instagram<\/span>\n\t\t\t\t\t\t<i aria-hidden=\"true\" class=\"fab fa-instagram\"><\/i>\t\t\t\t\t<\/a>\n\t\t\t\t<\/span>\n\t\t\t\t\t\t\t<span class=\"elementor-grid-item\" role=\"listitem\">\n\t\t\t\t\t<a class=\"elementor-icon elementor-social-icon elementor-social-icon-facebook elementor-animation-grow elementor-repeater-item-2651a5f\" href=\"https:\/\/www.facebook.com\/profile.php?id=61566434640105\" target=\"_blank\" title=\"S\u00edguenos en Facebook\" rel=\"noopener\">\n\t\t\t\t\t\t<span class=\"elementor-screen-only\">Facebook<\/span>\n\t\t\t\t\t\t<i aria-hidden=\"true\" class=\"fab fa-facebook\"><\/i>\t\t\t\t\t<\/a>\n\t\t\t\t<\/span>\n\t\t\t\t\t\t\t<span class=\"elementor-grid-item\" role=\"listitem\">\n\t\t\t\t\t<a class=\"elementor-icon elementor-social-icon elementor-social-icon-threads elementor-animation-grow elementor-repeater-item-c864bea\" href=\"https:\/\/www.threads.net\/@faber.energy\" target=\"_blank\" title=\"S\u00edguenos en hilos\" rel=\"noopener\">\n\t\t\t\t\t\t<span class=\"elementor-screen-only\">Hilos<\/span>\n\t\t\t\t\t\t<i aria-hidden=\"true\" class=\"fab fa-threads\"><\/i>\t\t\t\t\t<\/a>\n\t\t\t\t<\/span>\n\t\t\t\t\t\t\t<span class=\"elementor-grid-item\" role=\"listitem\">\n\t\t\t\t\t<a class=\"elementor-icon elementor-social-icon elementor-social-icon-linkedin elementor-animation-grow elementor-repeater-item-2b87a25\" href=\"https:\/\/www.linkedin.com\/company\/faber-etec\/\" target=\"_blank\" title=\"S\u00edguenos en Linkedin\" rel=\"noopener\">\n\t\t\t\t\t\t<span class=\"elementor-screen-only\">Linkedin<\/span>\n\t\t\t\t\t\t<i aria-hidden=\"true\" class=\"fab fa-linkedin\"><\/i>\t\t\t\t\t<\/a>\n\t\t\t\t<\/span>\n\t\t\t\t\t\t\t<span class=\"elementor-grid-item\" role=\"listitem\">\n\t\t\t\t\t<a class=\"elementor-icon elementor-social-icon elementor-social-icon-x-twitter elementor-animation-grow elementor-repeater-item-4ef3195\" href=\"https:\/\/x.com\/Faber_Energy\" target=\"_blank\" title=\"S\u00edguenos en X Twitter\">\n\t\t\t\t\t\t<span class=\"elementor-screen-only\">X-twitter<\/span>\n\t\t\t\t\t\t<i aria-hidden=\"true\" class=\"fab fa-x-twitter\"><\/i>\t\t\t\t\t<\/a>\n\t\t\t\t<\/span>\n\t\t\t\t\t\t\t<span class=\"elementor-grid-item\" role=\"listitem\">\n\t\t\t\t\t<a class=\"elementor-icon elementor-social-icon elementor-social-icon-youtube elementor-animation-grow elementor-repeater-item-837340d\" href=\"https:\/\/www.youtube.com\/@Faber.Energy\" target=\"_blank\" title=\"S\u00edganos en Youtube\" rel=\"noopener\">\n\t\t\t\t\t\t<span class=\"elementor-screen-only\">Youtube<\/span>\n\t\t\t\t\t\t<i aria-hidden=\"true\" class=\"fab fa-youtube\"><\/i>\t\t\t\t\t<\/a>\n\t\t\t\t<\/span>\n\t\t\t\t\t<\/div>\n\t\t\t\t\t\t<\/div>\n\t\t\t\t<\/div>\n\t\t\t\t<div class=\"elementor-element elementor-element-8cfe629 elementor-widget-divider--view-line elementor-widget elementor-widget-divider\" data-id=\"8cfe629\" data-element_type=\"widget\" data-e-type=\"widget\" data-widget_type=\"divider.default\">\n\t\t\t\t<div class=\"elementor-widget-container\">\n\t\t\t\t\t\t\t<div class=\"elementor-divider\">\n\t\t\t<span class=\"elementor-divider-separator\">\n\t\t\t\t\t\t<\/span>\n\t\t<\/div>\n\t\t\t\t\t\t<\/div>\n\t\t\t\t<\/div>\n\t\t\t\t<div class=\"elementor-element elementor-element-e06302b elementor-widget elementor-widget-heading\" data-id=\"e06302b\" data-element_type=\"widget\" data-e-type=\"widget\" data-widget_type=\"heading.default\">\n\t\t\t\t<div class=\"elementor-widget-container\">\n\t\t\t\t\t<h2 class=\"elementor-heading-title elementor-size-default\">Centros de transformaci\u00f3n para sistemas fotovoltaicos<\/h2>\t\t\t\t<\/div>\n\t\t\t\t<\/div>\n\t\t\t\t<div class=\"elementor-element elementor-element-b8f89cd elementor-widget elementor-widget-text-editor\" data-id=\"b8f89cd\" data-element_type=\"widget\" data-e-type=\"widget\" data-widget_type=\"text-editor.default\">\n\t\t\t\t<div class=\"elementor-widget-container\">\n\t\t\t\t\t\t\t\t\tLos centros de transformaci\u00f3n son un componente esencial de toda instalaci\u00f3n fotovoltaica y transforman la energ\u00eda solar generada en la tensi\u00f3n de red necesaria para una inyecci\u00f3n eficiente. Faber E-Tec ofrece estaciones transformadoras y estaciones transformadoras compactas especialmente adaptadas para un suministro energ\u00e9tico sostenible.\t\t\t\t\t\t\t\t<\/div>\n\t\t\t\t<\/div>\n\t\t\t\t<div class=\"elementor-element elementor-element-874800f elementor-align-center elementor-mobile-align-justify elementor-widget elementor-widget-button\" data-id=\"874800f\" data-element_type=\"widget\" data-e-type=\"widget\" data-widget_type=\"button.default\">\n\t\t\t\t<div class=\"elementor-widget-container\">\n\t\t\t\t\t\t\t\t\t<div class=\"elementor-button-wrapper\">\n\t\t\t\t\t<a class=\"elementor-button elementor-button-link elementor-size-sm\" href=\"https:\/\/faber-etec.de\/es\/productos\/\" title=\"Productos - Descubra nuestros centros de transformaci\u00f3n\">\n\t\t\t\t\t\t<span class=\"elementor-button-content-wrapper\">\n\t\t\t\t\t\t<span class=\"elementor-button-icon\">\n\t\t\t\t<i aria-hidden=\"true\" class=\"fas fa-arrow-right\"><\/i>\t\t\t<\/span>\n\t\t\t\t\t\t\t\t\t<span class=\"elementor-button-text\">Descubra nuestros centros de transformaci\u00f3n<\/span>\n\t\t\t\t\t<\/span>\n\t\t\t\t\t<\/a>\n\t\t\t\t<\/div>\n\t\t\t\t\t\t\t\t<\/div>\n\t\t\t\t<\/div>\n\t\t\t\t<div class=\"elementor-element elementor-element-ff95cd8 elementor-widget elementor-widget-image\" data-id=\"ff95cd8\" data-element_type=\"widget\" data-e-type=\"widget\" data-widget_type=\"image.default\">\n\t\t\t\t<div class=\"elementor-widget-container\">\n\t\t\t\t\t\t\t\t\t\t\t\t<figure class=\"wp-caption\">\n\t\t\t\t\t\t\t\t\t\t\t<a href=\"https:\/\/faber-etec.de\/es\/estacion-del-parque-solar\/\" title=\"Consulta sobre la estaci\u00f3n solar Faber E-Tec\">\n\t\t\t\t\t\t\t<img decoding=\"async\" width=\"800\" height=\"512\" src=\"https:\/\/faber-etec.de\/wp-content\/uploads\/sites\/3\/2024\/11\/Trafostation-fuer-Solarparks-Solarpark-Netzanschluss-Kompaktstationen-Kompakt-Trafostationen-Transformatorkompaktstationen-1024x655.avif\" class=\"attachment-large size-large wp-image-14351\" alt=\"Centro de transformaci\u00f3n para la conexi\u00f3n a la red de parques solares con centro compacto Centros de transformaci\u00f3n y centros de transformaci\u00f3n compactos para una transmisi\u00f3n fiable de la energ\u00eda y un suministro energ\u00e9tico sostenible.\" srcset=\"https:\/\/faber-etec.de\/wp-content\/uploads\/sites\/3\/2024\/11\/Trafostation-fuer-Solarparks-Solarpark-Netzanschluss-Kompaktstationen-Kompakt-Trafostationen-Transformatorkompaktstationen-1024x655.avif 1024w, https:\/\/faber-etec.de\/wp-content\/uploads\/sites\/3\/2024\/11\/Trafostation-fuer-Solarparks-Solarpark-Netzanschluss-Kompaktstationen-Kompakt-Trafostationen-Transformatorkompaktstationen-300x192.avif 300w, https:\/\/faber-etec.de\/wp-content\/uploads\/sites\/3\/2024\/11\/Trafostation-fuer-Solarparks-Solarpark-Netzanschluss-Kompaktstationen-Kompakt-Trafostationen-Transformatorkompaktstationen-768x491.avif 768w, https:\/\/faber-etec.de\/wp-content\/uploads\/sites\/3\/2024\/11\/Trafostation-fuer-Solarparks-Solarpark-Netzanschluss-Kompaktstationen-Kompakt-Trafostationen-Transformatorkompaktstationen-1536x983.avif 1536w, https:\/\/faber-etec.de\/wp-content\/uploads\/sites\/3\/2024\/11\/Trafostation-fuer-Solarparks-Solarpark-Netzanschluss-Kompaktstationen-Kompakt-Trafostationen-Transformatorkompaktstationen-2048x1310.avif 2048w, https:\/\/faber-etec.de\/wp-content\/uploads\/sites\/3\/2024\/11\/Trafostation-fuer-Solarparks-Solarpark-Netzanschluss-Kompaktstationen-Kompakt-Trafostationen-Transformatorkompaktstationen-18x12.avif 18w\" sizes=\"(max-width: 800px) 100vw, 800px\" title=\"Centro de transformaci\u00f3n para parques solares con centro de transformaci\u00f3n compacto y conexi\u00f3n a la red\" \/>\t\t\t\t\t\t\t\t<\/a>\n\t\t\t\t\t\t\t\t\t\t\t<figcaption class=\"widget-image-caption wp-caption-text\">Centro de transformaci\u00f3n para la conexi\u00f3n a la red de parques solares con centro compacto Centros de transformaci\u00f3n y centros de transformaci\u00f3n compactos para una transmisi\u00f3n fiable de la energ\u00eda y un suministro energ\u00e9tico sostenible.<\/figcaption>\n\t\t\t\t\t\t\t\t\t\t<\/figure>\n\t\t\t\t\t\t\t\t\t<\/div>\n\t\t\t\t<\/div>\n\t\t\t\t<div class=\"elementor-element elementor-element-6ac5876 elementor-widget elementor-widget-text-editor\" data-id=\"6ac5876\" data-element_type=\"widget\" data-e-type=\"widget\" data-widget_type=\"text-editor.default\">\n\t\t\t\t<div class=\"elementor-widget-container\">\n\t\t\t\t\t\t\t\t\t<p>Los centros de transformaci\u00f3n son un componente esencial de toda instalaci\u00f3n fotovoltaica. Su funci\u00f3n es transformar la energ\u00eda solar generada en la tensi\u00f3n de red necesaria y garantizar as\u00ed una inyecci\u00f3n eficaz a la red p\u00fablica. Los centros de transformaci\u00f3n fiables y potentes son esenciales, especialmente para las instalaciones solares a gran escala. Faber E-Tec ofrece soluciones personalizadas para centros de transformaci\u00f3n y centros de transformaci\u00f3n compactos que se adaptan de forma \u00f3ptima a los requisitos de las instalaciones fotovoltaicas y contribuyen a un suministro energ\u00e9tico fiable y sostenible.<\/p>\t\t\t\t\t\t\t\t<\/div>\n\t\t\t\t<\/div>\n\t\t\t\t<div class=\"elementor-element elementor-element-3c86e8b elementor-align-center elementor-mobile-align-justify elementor-widget elementor-widget-button\" data-id=\"3c86e8b\" data-element_type=\"widget\" data-e-type=\"widget\" data-widget_type=\"button.default\">\n\t\t\t\t<div class=\"elementor-widget-container\">\n\t\t\t\t\t\t\t\t\t<div class=\"elementor-button-wrapper\">\n\t\t\t\t\t<a class=\"elementor-button elementor-button-link elementor-size-sm\" href=\"https:\/\/faber-etec.de\/es\/estacion-compacta\/#produktanfrage\" title=\"Estaci\u00f3n compacta - Solicitar estaci\u00f3n compacta\">\n\t\t\t\t\t\t<span class=\"elementor-button-content-wrapper\">\n\t\t\t\t\t\t<span class=\"elementor-button-icon\">\n\t\t\t\t<i aria-hidden=\"true\" class=\"fas fa-arrow-right\"><\/i>\t\t\t<\/span>\n\t\t\t\t\t\t\t\t\t<span class=\"elementor-button-text\">Solicitar estaci\u00f3n compacta<\/span>\n\t\t\t\t\t<\/span>\n\t\t\t\t\t<\/a>\n\t\t\t\t<\/div>\n\t\t\t\t\t\t\t\t<\/div>\n\t\t\t\t<\/div>\n\t\t\t\t<div class=\"elementor-element elementor-element-b0b1fb6 elementor-widget elementor-widget-spacer\" data-id=\"b0b1fb6\" data-element_type=\"widget\" data-e-type=\"widget\" data-widget_type=\"spacer.default\">\n\t\t\t\t<div class=\"elementor-widget-container\">\n\t\t\t\t\t\t\t<div class=\"elementor-spacer\">\n\t\t\t<div class=\"elementor-spacer-inner\"><\/div>\n\t\t<\/div>\n\t\t\t\t\t\t<\/div>\n\t\t\t\t<\/div>\n\t\t\t\t<div class=\"elementor-element elementor-element-38c1114 elementor-widget elementor-widget-heading\" data-id=\"38c1114\" data-element_type=\"widget\" data-e-type=\"widget\" data-widget_type=\"heading.default\">\n\t\t\t\t<div class=\"elementor-widget-container\">\n\t\t\t\t\t<h3 class=\"elementor-heading-title elementor-size-default\">\u00bfPor qu\u00e9 sistemas fotovoltaicos completos?<\/h3>\t\t\t\t<\/div>\n\t\t\t\t<\/div>\n\t\t\t\t<div class=\"elementor-element elementor-element-f09d4d0 elementor-widget elementor-widget-text-editor\" data-id=\"f09d4d0\" data-element_type=\"widget\" data-e-type=\"widget\" data-widget_type=\"text-editor.default\">\n\t\t\t\t<div class=\"elementor-widget-container\">\n\t\t\t\t\t\t\t\t\t<p><a title=\"Sistemas fotovoltaicos completos\" href=\"https:\/\/faber-solartechnik.de\/solartechnik\/\" target=\"_blank\" rel=\"noopener\">Sistemas fotovoltaicos completos<\/a> ofrecen una soluci\u00f3n integral para la generaci\u00f3n de energ\u00eda sostenible. Desde la planificaci\u00f3n y la instalaci\u00f3n hasta la puesta en marcha y el mantenimiento, cubren todos los pasos necesarios para optimizar el uso del sol para generar electricidad. Estas soluciones completas facilitan la puesta en marcha de la energ\u00eda solar y ofrecen la m\u00e1xima eficiencia, as\u00ed como un ahorro a largo plazo en los costes energ\u00e9ticos.<\/p>\t\t\t\t\t\t\t\t<\/div>\n\t\t\t\t<\/div>\n\t\t\t\t<div class=\"elementor-element elementor-element-1f4db70 elementor-widget elementor-widget-spacer\" data-id=\"1f4db70\" data-element_type=\"widget\" data-e-type=\"widget\" data-widget_type=\"spacer.default\">\n\t\t\t\t<div class=\"elementor-widget-container\">\n\t\t\t\t\t\t\t<div class=\"elementor-spacer\">\n\t\t\t<div class=\"elementor-spacer-inner\"><\/div>\n\t\t<\/div>\n\t\t\t\t\t\t<\/div>\n\t\t\t\t<\/div>\n\t\t\t\t<div class=\"elementor-element elementor-element-c076db5 elementor-widget elementor-widget-heading\" data-id=\"c076db5\" data-element_type=\"widget\" data-e-type=\"widget\" data-widget_type=\"heading.default\">\n\t\t\t\t<div class=\"elementor-widget-container\">\n\t\t\t\t\t<h4 class=\"elementor-heading-title elementor-size-default\">Descubra las ventajas de los sistemas fotovoltaicos completos<\/h4>\t\t\t\t<\/div>\n\t\t\t\t<\/div>\n\t\t\t\t<div class=\"elementor-element elementor-element-26c9ab9 elementor-widget elementor-widget-text-editor\" data-id=\"26c9ab9\" data-element_type=\"widget\" data-e-type=\"widget\" data-widget_type=\"text-editor.default\">\n\t\t\t\t<div class=\"elementor-widget-container\">\n\t\t\t\t\t\t\t\t\t<p>Los sistemas fotovoltaicos completos no s\u00f3lo ofrecen una fuente de energ\u00eda respetuosa con el medio ambiente, sino tambi\u00e9n ventajas econ\u00f3micas: Los costes energ\u00e9ticos pueden reducirse considerablemente mediante el autoconsumo y la inyecci\u00f3n a la red de la electricidad sobrante. Los sistemas completos est\u00e1n especialmente dise\u00f1ados para funcionar de forma fiable y eficiente, por lo que son ideales para hogares y empresas que quieran contribuir a la transici\u00f3n energ\u00e9tica.<\/p>\t\t\t\t\t\t\t\t<\/div>\n\t\t\t\t<\/div>\n\t\t\t\t<div class=\"elementor-element elementor-element-3f1eaa2 elementor-widget elementor-widget-spacer\" data-id=\"3f1eaa2\" data-element_type=\"widget\" data-e-type=\"widget\" data-widget_type=\"spacer.default\">\n\t\t\t\t<div class=\"elementor-widget-container\">\n\t\t\t\t\t\t\t<div class=\"elementor-spacer\">\n\t\t\t<div class=\"elementor-spacer-inner\"><\/div>\n\t\t<\/div>\n\t\t\t\t\t\t<\/div>\n\t\t\t\t<\/div>\n\t\t\t\t<div class=\"elementor-element elementor-element-7048ace elementor-widget elementor-widget-heading\" data-id=\"7048ace\" data-element_type=\"widget\" data-e-type=\"widget\" data-widget_type=\"heading.default\">\n\t\t\t\t<div class=\"elementor-widget-container\">\n\t\t\t\t\t<h3 class=\"elementor-heading-title elementor-size-default\">Centro de transformaci\u00f3n para la conexi\u00f3n de<\/h3>\t\t\t\t<\/div>\n\t\t\t\t<\/div>\n\t\t\t\t<div class=\"elementor-element elementor-element-262adeb elementor-widget elementor-widget-text-editor\" data-id=\"262adeb\" data-element_type=\"widget\" data-e-type=\"widget\" data-widget_type=\"text-editor.default\">\n\t\t\t\t<div class=\"elementor-widget-container\">\n\t\t\t\t\t\t\t\t\t<p>Una estaci\u00f3n transformadora es esencial para conectar un sistema de energ\u00eda solar a la red el\u00e9ctrica. Transforma la energ\u00eda generada por la instalaci\u00f3n fotovoltaica a la tensi\u00f3n de red necesaria y permite una inyecci\u00f3n fiable. El uso de una estaci\u00f3n transformadora compacta especialmente dise\u00f1ada garantiza una transmisi\u00f3n eficiente de la energ\u00eda, un componente importante para la utilizaci\u00f3n fiable de la energ\u00eda solar a gran escala.<\/p>\t\t\t\t\t\t\t\t<\/div>\n\t\t\t\t<\/div>\n\t\t\t\t<div class=\"elementor-element elementor-element-2e465c6 elementor-align-center elementor-widget elementor-widget-button\" data-id=\"2e465c6\" data-element_type=\"widget\" data-e-type=\"widget\" data-widget_type=\"button.default\">\n\t\t\t\t<div class=\"elementor-widget-container\">\n\t\t\t\t\t\t\t\t\t<div class=\"elementor-button-wrapper\">\n\t\t\t\t\t<a class=\"elementor-button elementor-button-link elementor-size-sm\" href=\"https:\/\/faber-etec.de\/es\/solicitar\/\" title=\"Consultas - Solicite un centro de transformaci\u00f3n en l\u00ednea\">\n\t\t\t\t\t\t<span class=\"elementor-button-content-wrapper\">\n\t\t\t\t\t\t<span class=\"elementor-button-icon\">\n\t\t\t\t<i aria-hidden=\"true\" class=\"fas fa-arrow-right\"><\/i>\t\t\t<\/span>\n\t\t\t\t\t\t\t\t\t<span class=\"elementor-button-text\">Solicitar centro de transformaci\u00f3n en l\u00ednea<\/span>\n\t\t\t\t\t<\/span>\n\t\t\t\t\t<\/a>\n\t\t\t\t<\/div>\n\t\t\t\t\t\t\t\t<\/div>\n\t\t\t\t<\/div>\n\t\t\t\t\t<\/div>\n\t\t\t\t<\/div>\n\t\t\t\t<\/div>","protected":false},"excerpt":{"rendered":"<p>Las coloridas hojas caen de los \u00e1rboles y llega la dorada estaci\u00f3n oto\u00f1al. Para Faber Solartechnik y Faber E-Tec, es el momento perfecto para seguir adelante con la instalaci\u00f3n de un sistema fotovoltaico a gran escala en Dortmund. Una potente estaci\u00f3n transformadora y una estaci\u00f3n transformadora compacta se encargan de suministrar la energ\u00eda limpia e inyectarla en la red.<\/p>","protected":false},"author":2,"featured_media":14371,"comment_status":"closed","ping_status":"open","sticky":false,"template":"","format":"standard","meta":{"_acf_changed":false,"footnotes":""},"categories":[1,9],"tags":[48,38,46,37],"class_list":["post-14370","post","type-post","status-publish","format-standard","has-post-thumbnail","hentry","category-news","category-projekte","tag-energieversorgung","tag-photovoltaik","tag-photovoltaikanlage","tag-trafostation"],"acf":[],"_links":{"self":[{"href":"https:\/\/faber-etec.de\/es\/wp-json\/wp\/v2\/posts\/14370","targetHints":{"allow":["GET"]}}],"collection":[{"href":"https:\/\/faber-etec.de\/es\/wp-json\/wp\/v2\/posts"}],"about":[{"href":"https:\/\/faber-etec.de\/es\/wp-json\/wp\/v2\/types\/post"}],"author":[{"embeddable":true,"href":"https:\/\/faber-etec.de\/es\/wp-json\/wp\/v2\/users\/2"}],"replies":[{"embeddable":true,"href":"https:\/\/faber-etec.de\/es\/wp-json\/wp\/v2\/comments?post=14370"}],"version-history":[{"count":6,"href":"https:\/\/faber-etec.de\/es\/wp-json\/wp\/v2\/posts\/14370\/revisions"}],"predecessor-version":[{"id":14965,"href":"https:\/\/faber-etec.de\/es\/wp-json\/wp\/v2\/posts\/14370\/revisions\/14965"}],"wp:featuredmedia":[{"embeddable":true,"href":"https:\/\/faber-etec.de\/es\/wp-json\/wp\/v2\/media\/14371"}],"wp:attachment":[{"href":"https:\/\/faber-etec.de\/es\/wp-json\/wp\/v2\/media?parent=14370"}],"wp:term":[{"taxonomy":"category","embeddable":true,"href":"https:\/\/faber-etec.de\/es\/wp-json\/wp\/v2\/categories?post=14370"},{"taxonomy":"post_tag","embeddable":true,"href":"https:\/\/faber-etec.de\/es\/wp-json\/wp\/v2\/tags?post=14370"}],"curies":[{"name":"wp","href":"https:\/\/api.w.org\/{rel}","templated":true}]}}