{"id":14774,"date":"2024-11-14T11:23:59","date_gmt":"2024-11-14T10:23:59","guid":{"rendered":"https:\/\/faber-etec.de\/?p=14774"},"modified":"2025-10-28T15:21:17","modified_gmt":"2025-10-28T14:21:17","slug":"trafostation-wiki","status":"publish","type":"post","link":"https:\/\/faber-etec.de\/es\/forschung-und-entwicklung\/trafostation-wiki\/","title":{"rendered":"Wiki del centro de transformaci\u00f3n - Funci\u00f3n"},"content":{"rendered":"<div data-elementor-type=\"wp-post\" data-elementor-id=\"14774\" class=\"elementor elementor-14774\" data-elementor-post-type=\"post\">\n\t\t\t\t<div class=\"elementor-element elementor-element-8bc4657 e-flex e-con-boxed e-con e-parent\" data-id=\"8bc4657\" data-element_type=\"container\" data-e-type=\"container\">\n\t\t\t\t\t<div class=\"e-con-inner\">\n\t\t\t\t<div class=\"elementor-element elementor-element-7e35268 elementor-widget elementor-widget-heading\" data-id=\"7e35268\" data-element_type=\"widget\" data-e-type=\"widget\" data-widget_type=\"heading.default\">\n\t\t\t\t<div class=\"elementor-widget-container\">\n\t\t\t\t\t<h2 class=\"elementor-heading-title elementor-size-default\">\u00bfQu\u00e9 es un centro de transformaci\u00f3n? Funci\u00f3n, estructura e importancia para el suministro el\u00e9ctrico\n\n<\/h2>\t\t\t\t<\/div>\n\t\t\t\t<\/div>\n\t\t\t\t<div class=\"elementor-element elementor-element-15ac814 elementor-widget elementor-widget-text-editor\" data-id=\"15ac814\" data-element_type=\"widget\" data-e-type=\"widget\" data-widget_type=\"text-editor.default\">\n\t\t\t\t<div class=\"elementor-widget-container\">\n\t\t\t\t\t\t\t\t\t<p><b>Estaciones transformadoras<\/b> tambi\u00e9n como <b>Subestaciones<\/b> o estaciones de red, son componentes esenciales de nuestra red el\u00e9ctrica. Garantizan un transporte eficaz de la energ\u00eda el\u00e9ctrica desde la central hasta el consumidor final. Pero, \u00bfc\u00f3mo funcionan exactamente y por qu\u00e9 son tan importantes para nuestro suministro energ\u00e9tico? Descubra m\u00e1s en nuestro art\u00edculo sobre centros de transformaci\u00f3n.<\/p>\t\t\t\t\t\t\t\t<\/div>\n\t\t\t\t<\/div>\n\t\t\t\t<div class=\"elementor-element elementor-element-160bb6a elementor-cta--skin-cover elementor-cta--valign-middle elementor-bg-transform elementor-bg-transform-zoom-in elementor-widget elementor-widget-call-to-action\" data-id=\"160bb6a\" data-element_type=\"widget\" data-e-type=\"widget\" data-widget_type=\"call-to-action.default\">\n\t\t\t\t<div class=\"elementor-widget-container\">\n\t\t\t\t\t\t\t<div class=\"elementor-cta\">\n\t\t\t\t\t<div class=\"elementor-cta__bg-wrapper\">\n\t\t\t\t<div class=\"elementor-cta__bg elementor-bg\" style=\"background-image: url(https:\/\/faber-etec.de\/wp-content\/uploads\/sites\/3\/2024\/04\/Trafo-Kompaktstation-fuer-PV-kaufen-1024x537.jpg);\" role=\"img\" aria-label=\"Estaciones compactas o centros de transformaci\u00f3n compactos para una distribuci\u00f3n eficiente de la energ\u00eda en exteriores\"><\/div>\n\t\t\t\t<div class=\"elementor-cta__bg-overlay\"><\/div>\n\t\t\t<\/div>\n\t\t\t\t\t\t\t<div class=\"elementor-cta__content\">\n\t\t\t\t\n\t\t\t\t\t\t\t\t\t<h3 class=\"elementor-cta__title elementor-cta__content-item elementor-content-item\">\n\t\t\t\t\t\t\u00a1Compra una estaci\u00f3n transformadora!\t\t\t\t\t<\/h3>\n\t\t\t\t\n\t\t\t\t\n\t\t\t\t\t\t\t\t\t<div class=\"elementor-cta__button-wrapper elementor-cta__content-item elementor-content-item\">\n\t\t\t\t\t<a class=\"elementor-cta__button elementor-button elementor-size-\"  href=\"https:\/\/faber-etec.de\/es\/anfrage\/\" title=\"Consulta - Solicitud de centro de transformaci\u00f3n\">\n\t\t\t\t\t\tSolicitar estaci\u00f3n transformadora <i aria-hidden=\"true\" class=\"fas fa-angle-right\"><\/i>\t\t\t\t\t<\/a>\n\t\t\t\t\t<\/div>\n\t\t\t\t\t\t\t<\/div>\n\t\t\t\t\t\t<\/div>\n\t\t\t\t\t\t<\/div>\n\t\t\t\t<\/div>\n\t\t\t\t<div class=\"elementor-element elementor-element-9e9d081 elementor-widget elementor-widget-gallery\" data-id=\"9e9d081\" data-element_type=\"widget\" data-e-type=\"widget\" data-settings=\"{&quot;gallery_layout&quot;:&quot;justified&quot;,&quot;ideal_row_height&quot;:{&quot;unit&quot;:&quot;px&quot;,&quot;size&quot;:255,&quot;sizes&quot;:[]},&quot;lazyload&quot;:&quot;yes&quot;,&quot;ideal_row_height_laptop&quot;:{&quot;unit&quot;:&quot;px&quot;,&quot;size&quot;:150,&quot;sizes&quot;:[]},&quot;ideal_row_height_tablet_extra&quot;:{&quot;unit&quot;:&quot;px&quot;,&quot;size&quot;:150,&quot;sizes&quot;:[]},&quot;ideal_row_height_tablet&quot;:{&quot;unit&quot;:&quot;px&quot;,&quot;size&quot;:150,&quot;sizes&quot;:[]},&quot;ideal_row_height_mobile&quot;:{&quot;unit&quot;:&quot;px&quot;,&quot;size&quot;:150,&quot;sizes&quot;:[]},&quot;gap&quot;:{&quot;unit&quot;:&quot;px&quot;,&quot;size&quot;:10,&quot;sizes&quot;:[]},&quot;gap_laptop&quot;:{&quot;unit&quot;:&quot;px&quot;,&quot;size&quot;:10,&quot;sizes&quot;:[]},&quot;gap_tablet_extra&quot;:{&quot;unit&quot;:&quot;px&quot;,&quot;size&quot;:10,&quot;sizes&quot;:[]},&quot;gap_tablet&quot;:{&quot;unit&quot;:&quot;px&quot;,&quot;size&quot;:10,&quot;sizes&quot;:[]},&quot;gap_mobile&quot;:{&quot;unit&quot;:&quot;px&quot;,&quot;size&quot;:10,&quot;sizes&quot;:[]},&quot;link_to&quot;:&quot;file&quot;,&quot;overlay_background&quot;:&quot;yes&quot;,&quot;content_hover_animation&quot;:&quot;fade-in&quot;}\" data-widget_type=\"gallery.default\">\n\t\t\t\t<div class=\"elementor-widget-container\">\n\t\t\t\t\t\t\t<div class=\"elementor-gallery__container\">\n\t\t\t\t\t\t\t<a class=\"e-gallery-item elementor-gallery-item elementor-animated-content\"  href=\"https:\/\/faber-etec.de\/wp-content\/uploads\/sites\/3\/2024\/07\/016-Trafostation-Faber-E-Tec-Solarparkstation-Kompaktstation-E-Mobilitaet.webp\" title=\"016 Estaci\u00f3n transformadora Faber E Tec Estaci\u00f3n de parque solar Estaci\u00f3n compacta E Mobilitaet.webp - \" data-elementor-open-lightbox=\"yes\" data-elementor-lightbox-slideshow=\"9e9d081\" data-e-action-hash=\"#elementor-action%3Aaction%3Dlightbox%26settings%3DeyJpZCI6OTQyMCwidXJsIjoiaHR0cHM6XC9cL2ZhYmVyLWV0ZWMuZGVcL3dwLWNvbnRlbnRcL3VwbG9hZHNcL3NpdGVzXC8zXC8yMDI0XC8wN1wvMDE2LVRyYWZvc3RhdGlvbi1GYWJlci1FLVRlYy1Tb2xhcnBhcmtzdGF0aW9uLUtvbXBha3RzdGF0aW9uLUUtTW9iaWxpdGFldC53ZWJwIiwic2xpZGVzaG93IjoiOWU5ZDA4MSJ9\">\n\t\t\t\t\t<div class=\"e-gallery-image elementor-gallery-item__image\" data-thumbnail=\"https:\/\/faber-etec.de\/wp-content\/uploads\/sites\/3\/elementor\/thumbs\/016-Trafostation-Faber-E-Tec-Solarparkstation-Kompaktstation-E-Mobilitaet-qrgkhpmi6rgugbalk6biw49cuf6nw56pslnzuwy45q.webp\" data-width=\"400\" data-height=\"\" aria-label=\"Centro de transformaci\u00f3n compacto el\u00e9ctrico abierto con aparamenta y componentes de control\" role=\"img\" ><\/div>\n\t\t\t\t\t\t\t\t\t\t\t<div class=\"elementor-gallery-item__overlay\"><\/div>\n\t\t\t\t\t\t\t\t\t\t\t\t\t\t<\/a>\n\t\t\t\t\t\t\t<a class=\"e-gallery-item elementor-gallery-item elementor-animated-content\"  href=\"https:\/\/faber-etec.de\/wp-content\/uploads\/sites\/3\/2024\/07\/015-Trafostation-Faber-E-Tec-Solarparkstation-Kompaktstation-E-Mobilitaet.webp\" title=\"015 Estaci\u00f3n transformadora Faber E Tec Estaci\u00f3n de parque solar Estaci\u00f3n compacta E Mobilitaet.webp - \" data-elementor-open-lightbox=\"yes\" data-elementor-lightbox-slideshow=\"9e9d081\" data-e-action-hash=\"#elementor-action%3Aaction%3Dlightbox%26settings%3DeyJpZCI6OTQxOSwidXJsIjoiaHR0cHM6XC9cL2ZhYmVyLWV0ZWMuZGVcL3dwLWNvbnRlbnRcL3VwbG9hZHNcL3NpdGVzXC8zXC8yMDI0XC8wN1wvMDE1LVRyYWZvc3RhdGlvbi1GYWJlci1FLVRlYy1Tb2xhcnBhcmtzdGF0aW9uLUtvbXBha3RzdGF0aW9uLUUtTW9iaWxpdGFldC53ZWJwIiwic2xpZGVzaG93IjoiOWU5ZDA4MSJ9\">\n\t\t\t\t\t<div class=\"e-gallery-image elementor-gallery-item__image\" data-thumbnail=\"https:\/\/faber-etec.de\/wp-content\/uploads\/sites\/3\/elementor\/thumbs\/015-Trafostation-Faber-E-Tec-Solarparkstation-Kompaktstation-E-Mobilitaet-qrgkhjzh1r94inish3vrh5ola3yglykbrtr2z96h72.webp\" data-width=\"400\" data-height=\"\" aria-label=\"Vista interior de una estaci\u00f3n compacta de transformadores el\u00e9ctricos con tecnolog\u00eda de conmutaci\u00f3n y protecci\u00f3n\" role=\"img\" ><\/div>\n\t\t\t\t\t\t\t\t\t\t\t<div class=\"elementor-gallery-item__overlay\"><\/div>\n\t\t\t\t\t\t\t\t\t\t\t\t\t\t<\/a>\n\t\t\t\t\t<\/div>\n\t\t\t\t\t<\/div>\n\t\t\t\t<\/div>\n\t\t\t\t<div class=\"elementor-element elementor-element-8c87905 elementor-widget-divider--view-line elementor-widget elementor-widget-divider\" data-id=\"8c87905\" data-element_type=\"widget\" data-e-type=\"widget\" data-widget_type=\"divider.default\">\n\t\t\t\t<div class=\"elementor-widget-container\">\n\t\t\t\t\t\t\t<div class=\"elementor-divider\">\n\t\t\t<span class=\"elementor-divider-separator\">\n\t\t\t\t\t\t<\/span>\n\t\t<\/div>\n\t\t\t\t\t\t<\/div>\n\t\t\t\t<\/div>\n\t\t\t\t<div class=\"elementor-element elementor-element-766ebb1 elementor-widget elementor-widget-text-editor\" data-id=\"766ebb1\" data-element_type=\"widget\" data-e-type=\"widget\" data-widget_type=\"text-editor.default\">\n\t\t\t\t<div class=\"elementor-widget-container\">\n\t\t\t\t\t\t\t\t\t<h3>Definici\u00f3n y funci\u00f3n:<\/h3><p>Un centro de transformaci\u00f3n es una instalaci\u00f3n que suministra energ\u00eda el\u00e9ctrica a partir de un <b>Red de media tensi\u00f3n <\/b>(normalmente de 10 kV a 36 kV) a la tensi\u00f3n necesaria para <b>Redes de baja tensi\u00f3n <\/b>requiere 400\/230 V. Esta transformaci\u00f3n garantiza un suministro fiable y eficiente a hogares y empresas. Sin subestaciones de red, ser\u00eda imposible utilizar la electricidad de la forma habitual hoy en d\u00eda.<\/p>\t\t\t\t\t\t\t\t<\/div>\n\t\t\t\t<\/div>\n\t\t\t\t<div class=\"elementor-element elementor-element-f5e2578 elementor-widget elementor-widget-image\" data-id=\"f5e2578\" data-element_type=\"widget\" data-e-type=\"widget\" data-widget_type=\"image.default\">\n\t\t\t\t<div class=\"elementor-widget-container\">\n\t\t\t\t\t\t\t\t\t\t\t\t<figure class=\"wp-caption\">\n\t\t\t\t\t\t\t\t\t\t\t<a  href=\"https:\/\/faber-etec.de\/wp-content\/uploads\/sites\/3\/2024\/07\/SL10241.jpg\" title=\"SL10241.jpg - \" data-elementor-open-lightbox=\"yes\" data-e-action-hash=\"#elementor-action%3Aaction%3Dlightbox%26settings%3DeyJpZCI6OTUyMSwidXJsIjoiaHR0cHM6XC9cL2ZhYmVyLWV0ZWMuZGVcL3dwLWNvbnRlbnRcL3VwbG9hZHNcL3NpdGVzXC8zXC8yMDI0XC8wN1wvU0wxMDI0MS5qcGcifQ%3D%3D\">\n\t\t\t\t\t\t\t<img fetchpriority=\"high\" decoding=\"async\" width=\"768\" height=\"507\" src=\"https:\/\/faber-etec.de\/wp-content\/uploads\/sites\/3\/2024\/07\/SL10241-768x507.jpg\" class=\"attachment-medium_large size-medium_large wp-image-9521\" alt=\"Vista exterior de un centro de transformaci\u00f3n de dise\u00f1o compacto para un suministro el\u00e9ctrico eficaz en zonas urbanas.\" srcset=\"https:\/\/faber-etec.de\/wp-content\/uploads\/sites\/3\/2024\/07\/SL10241-768x507.jpg 768w, https:\/\/faber-etec.de\/wp-content\/uploads\/sites\/3\/2024\/07\/SL10241-300x198.jpg 300w, https:\/\/faber-etec.de\/wp-content\/uploads\/sites\/3\/2024\/07\/SL10241-1024x677.jpg 1024w, https:\/\/faber-etec.de\/wp-content\/uploads\/sites\/3\/2024\/07\/SL10241-1536x1015.jpg 1536w, https:\/\/faber-etec.de\/wp-content\/uploads\/sites\/3\/2024\/07\/SL10241-2048x1353.jpg 2048w, https:\/\/faber-etec.de\/wp-content\/uploads\/sites\/3\/2024\/07\/SL10241-18x12.jpg 18w\" sizes=\"(max-width: 768px) 100vw, 768px\" title=\"El centro de transformaci\u00f3n como estaci\u00f3n compacta para el suministro urbano de energ\u00eda\" \/>\t\t\t\t\t\t\t\t<\/a>\n\t\t\t\t\t\t\t\t\t\t\t<figcaption class=\"widget-image-caption wp-caption-text\">Estaci\u00f3n compacta abierta de Faber E-Tec, ideal para aplicaciones industriales como parques solares y estaciones de carga. La aparamenta de media tensi\u00f3n y la distribuci\u00f3n de baja tensi\u00f3n son visibles.<\/figcaption>\n\t\t\t\t\t\t\t\t\t\t<\/figure>\n\t\t\t\t\t\t\t\t\t<\/div>\n\t\t\t\t<\/div>\n\t\t\t\t<div class=\"elementor-element elementor-element-ecf3c39 elementor-widget-divider--view-line elementor-widget elementor-widget-divider\" data-id=\"ecf3c39\" data-element_type=\"widget\" data-e-type=\"widget\" data-widget_type=\"divider.default\">\n\t\t\t\t<div class=\"elementor-widget-container\">\n\t\t\t\t\t\t\t<div class=\"elementor-divider\">\n\t\t\t<span class=\"elementor-divider-separator\">\n\t\t\t\t\t\t<\/span>\n\t\t<\/div>\n\t\t\t\t\t\t<\/div>\n\t\t\t\t<\/div>\n\t\t\t\t<div class=\"elementor-element elementor-element-76f0d85 elementor-widget elementor-widget-text-editor\" data-id=\"76f0d85\" data-element_type=\"widget\" data-e-type=\"widget\" data-widget_type=\"text-editor.default\">\n\t\t\t\t<div class=\"elementor-widget-container\">\n\t\t\t\t\t\t\t\t\t<h4>Construcci\u00f3n de un centro de transformaci\u00f3n (Trafo-Wiki):<\/h4><ol><li><strong>Transformador<\/strong> - la pieza central de la estaci\u00f3n transformadora, que convierte la tensi\u00f3n.<\/li><li><strong>Aparamenta de media tensi\u00f3n<\/strong> - conecta la estaci\u00f3n a la red de media tensi\u00f3n y permite conmutar y proteger el sistema.<\/li><li><strong>Distribuci\u00f3n de baja tensi\u00f3n<\/strong> - distribuye la baja tensi\u00f3n convertida al consumidor final.<\/li><\/ol><h4>M\u00e9todos de construcci\u00f3n de centros de transformaci\u00f3n:<\/h4><ol><li><a  href=\"https:\/\/faber-etec.de\/es\/news\/tipos-de-construccion-centro-de-transformacion-no-accesible\/\" title=\"Tipos de construcci\u00f3n Centro de transformaci\u00f3n no accesible - Centros accesibles:\">Estaciones sin cita previa:<\/a> Sistemas m\u00e1s grandes que ofrecen espacio suficiente para las tareas de mantenimiento.<\/li><li><a  href=\"https:\/\/faber-etec.de\/es\/estaciones-compactas\/\" title=\"Estaciones compactas - Estaciones compactas\">Estaciones compactas<\/a>Unidades que ahorran espacio y suelen utilizarse en zonas urbanas.<\/li><li><a  href=\"https:\/\/faber-etec.de\/es\/estacion-de-contenedores\/\" title=\"Estaci\u00f3n de contenedores - Estaciones de contenedores\">Estaciones de contenedores<\/a>Centros de transformaci\u00f3n m\u00f3viles en contenedores: ideales para un uso flexible y temporal en la industria.<\/li><\/ol>\t\t\t\t\t\t\t\t<\/div>\n\t\t\t\t<\/div>\n\t\t\t\t<div class=\"elementor-element elementor-element-035f749 elementor-widget elementor-widget-image\" data-id=\"035f749\" data-element_type=\"widget\" data-e-type=\"widget\" data-widget_type=\"image.default\">\n\t\t\t\t<div class=\"elementor-widget-container\">\n\t\t\t\t\t\t\t\t\t\t\t\t<figure class=\"wp-caption\">\n\t\t\t\t\t\t\t\t\t\t\t<a  href=\"https:\/\/faber-etec.de\/wp-content\/uploads\/sites\/3\/2024\/08\/Container-Trafostation-fuer-Solarparks-Faber-E-Tec-weiss-scaled.jpg\" title=\"Centro de transformaci\u00f3n de contenedores para parques solares Faber E Tec Weiss Scaled.jpg - - \" data-elementor-open-lightbox=\"yes\" data-e-action-hash=\"#elementor-action%3Aaction%3Dlightbox%26settings%3DeyJpZCI6MTE5NzUsInVybCI6Imh0dHBzOlwvXC9mYWJlci1ldGVjLmRlXC93cC1jb250ZW50XC91cGxvYWRzXC9zaXRlc1wvM1wvMjAyNFwvMDhcL0NvbnRhaW5lci1UcmFmb3N0YXRpb24tZnVlci1Tb2xhcnBhcmtzLUZhYmVyLUUtVGVjLXdlaXNzLXNjYWxlZC5qcGcifQ%3D%3D\">\n\t\t\t\t\t\t\t<img decoding=\"async\" src=\"https:\/\/faber-etec.de\/wp-content\/uploads\/sites\/3\/elementor\/thumbs\/Container-Trafostation-fuer-Solarparks-Faber-E-Tec-weiss-scaled-qshm1lwpgy2qzlhq9soerp6htwttr5ef7xk5b9i4sg.jpg\" title=\"Centro de transformaci\u00f3n en contenedor para parques solares - Centro de transformaci\u00f3n en contenedor de Faber E-Tec\" alt=\"Centro de transformaci\u00f3n en contenedor para parques solares, centro de transformaci\u00f3n en contenedor vista en 45\" loading=\"lazy\" \/>\t\t\t\t\t\t\t\t<\/a>\n\t\t\t\t\t\t\t\t\t\t\t<figcaption class=\"widget-image-caption wp-caption-text\">Ilustraci\u00f3n de una estaci\u00f3n transformadora de contenedores para parques solares. Esta soluci\u00f3n de contenedor ofrece una soluci\u00f3n de distribuci\u00f3n de energ\u00eda eficiente y flexible como centro de transformaci\u00f3n, ideal para su uso en parques solares y otros proyectos energ\u00e9ticos.<\/figcaption>\n\t\t\t\t\t\t\t\t\t\t<\/figure>\n\t\t\t\t\t\t\t\t\t<\/div>\n\t\t\t\t<\/div>\n\t\t\t\t<div class=\"elementor-element elementor-element-e0f291d elementor-widget-divider--view-line elementor-widget elementor-widget-divider\" data-id=\"e0f291d\" data-element_type=\"widget\" data-e-type=\"widget\" data-widget_type=\"divider.default\">\n\t\t\t\t<div class=\"elementor-widget-container\">\n\t\t\t\t\t\t\t<div class=\"elementor-divider\">\n\t\t\t<span class=\"elementor-divider-separator\">\n\t\t\t\t\t\t<\/span>\n\t\t<\/div>\n\t\t\t\t\t\t<\/div>\n\t\t\t\t<\/div>\n\t\t\t\t<div class=\"elementor-element elementor-element-4b6b4e7 elementor-widget elementor-widget-text-editor\" data-id=\"4b6b4e7\" data-element_type=\"widget\" data-e-type=\"widget\" data-widget_type=\"text-editor.default\">\n\t\t\t\t<div class=\"elementor-widget-container\">\n\t\t\t\t\t\t\t\t\t<h4><strong>Significado para la fuente de alimentaci\u00f3n:<\/strong><\/h4><p>Los transformadores\/centrales son indispensables para suministrar energ\u00eda cerca del consumidor final. Garantizan un transporte seguro y eficaz de la energ\u00eda el\u00e9ctrica desde el generador hasta el consumidor. Por tanto, estas estaciones contribuyen significativamente a la estabilidad y fiabilidad de la red el\u00e9ctrica.<\/p>\t\t\t\t\t\t\t\t<\/div>\n\t\t\t\t<\/div>\n\t\t\t\t<div class=\"elementor-element elementor-element-9407cb6 elementor-widget elementor-widget-image\" data-id=\"9407cb6\" data-element_type=\"widget\" data-e-type=\"widget\" data-widget_type=\"image.default\">\n\t\t\t\t<div class=\"elementor-widget-container\">\n\t\t\t\t\t\t\t\t\t\t\t\t<figure class=\"wp-caption\">\n\t\t\t\t\t\t\t\t\t\t\t<a  href=\"https:\/\/faber-etec.de\/wp-content\/uploads\/sites\/3\/2024\/07\/SL358D1.jpg\" title=\"SL358D1.jpg - \" data-elementor-open-lightbox=\"yes\" data-e-action-hash=\"#elementor-action%3Aaction%3Dlightbox%26settings%3DeyJpZCI6OTUxOCwidXJsIjoiaHR0cHM6XC9cL2ZhYmVyLWV0ZWMuZGVcL3dwLWNvbnRlbnRcL3VwbG9hZHNcL3NpdGVzXC8zXC8yMDI0XC8wN1wvU0wzNThEMS5qcGcifQ%3D%3D\">\n\t\t\t\t\t\t\t<img decoding=\"async\" width=\"768\" height=\"507\" src=\"https:\/\/faber-etec.de\/wp-content\/uploads\/sites\/3\/2024\/07\/SL358D1-768x507.jpg\" class=\"attachment-medium_large size-medium_large wp-image-9518\" alt=\"Centro de transformaci\u00f3n con transformador y distribuci\u00f3n de baja tensi\u00f3n para el ajuste de la tensi\u00f3n y un suministro el\u00e9ctrico fiable.\" srcset=\"https:\/\/faber-etec.de\/wp-content\/uploads\/sites\/3\/2024\/07\/SL358D1-768x507.jpg 768w, https:\/\/faber-etec.de\/wp-content\/uploads\/sites\/3\/2024\/07\/SL358D1-300x198.jpg 300w, https:\/\/faber-etec.de\/wp-content\/uploads\/sites\/3\/2024\/07\/SL358D1-1024x677.jpg 1024w, https:\/\/faber-etec.de\/wp-content\/uploads\/sites\/3\/2024\/07\/SL358D1-1536x1015.jpg 1536w, https:\/\/faber-etec.de\/wp-content\/uploads\/sites\/3\/2024\/07\/SL358D1-2048x1353.jpg 2048w, https:\/\/faber-etec.de\/wp-content\/uploads\/sites\/3\/2024\/07\/SL358D1-18x12.jpg 18w\" sizes=\"(max-width: 768px) 100vw, 768px\" title=\"Transformador Wiki: Funcionalidad de una estaci\u00f3n compacta\" \/>\t\t\t\t\t\t\t\t<\/a>\n\t\t\t\t\t\t\t\t\t\t\t<figcaption class=\"widget-image-caption wp-caption-text\">Estaci\u00f3n abierta de parque solar de Faber E-Tec, especialmente dise\u00f1ada para la distribuci\u00f3n interna de energ\u00eda en parques solares. Muestra los elementos de conmutaci\u00f3n y ventiladores integrados para una gesti\u00f3n eficiente de la energ\u00eda y la refrigeraci\u00f3n.<\/figcaption>\n\t\t\t\t\t\t\t\t\t\t<\/figure>\n\t\t\t\t\t\t\t\t\t<\/div>\n\t\t\t\t<\/div>\n\t\t\t\t<div class=\"elementor-element elementor-element-fb20f82 elementor-cta--skin-cover elementor-cta--valign-middle elementor-bg-transform elementor-bg-transform-zoom-in elementor-widget elementor-widget-call-to-action\" data-id=\"fb20f82\" data-element_type=\"widget\" data-e-type=\"widget\" data-widget_type=\"call-to-action.default\">\n\t\t\t\t<div class=\"elementor-widget-container\">\n\t\t\t\t\t\t\t<div class=\"elementor-cta\">\n\t\t\t\t\t<div class=\"elementor-cta__bg-wrapper\">\n\t\t\t\t<div class=\"elementor-cta__bg elementor-bg\" style=\"background-image: url(https:\/\/faber-etec.de\/wp-content\/uploads\/sites\/3\/2024\/11\/Trafostation-fuer-Solarparks-Solarpark-Netzanschluss-Kompaktstationen-Kompakt-Trafostationen-Transformatorkompaktstationen-1024x655.avif);\" role=\"img\" aria-label=\"Centro de transformaci\u00f3n para la conexi\u00f3n a la red de parques solares con centro compacto Centros de transformaci\u00f3n y centros de transformaci\u00f3n compactos para una transmisi\u00f3n fiable de la energ\u00eda y un suministro energ\u00e9tico sostenible.\"><\/div>\n\t\t\t\t<div class=\"elementor-cta__bg-overlay\"><\/div>\n\t\t\t<\/div>\n\t\t\t\t\t\t\t<div class=\"elementor-cta__content\">\n\t\t\t\t\n\t\t\t\t\t\t\t\t\t<h3 class=\"elementor-cta__title elementor-cta__content-item elementor-content-item\">\n\t\t\t\t\t\tCentro de transformaci\u00f3n compacto - \u00a1Entrega r\u00e1pida!\t\t\t\t\t<\/h3>\n\t\t\t\t\n\t\t\t\t\n\t\t\t\t\t\t\t\t\t<div class=\"elementor-cta__button-wrapper elementor-cta__content-item elementor-content-item\">\n\t\t\t\t\t<a class=\"elementor-cta__button elementor-button elementor-size-\"  href=\"https:\/\/faber-etec.de\/es\/estacion-compacta\/\" title=\"Estaci\u00f3n compacta - Solicitar estaci\u00f3n compacta\">\n\t\t\t\t\t\tSolicitar estaci\u00f3n compacta <i aria-hidden=\"true\" class=\"fas fa-angle-right\"><\/i>\t\t\t\t\t<\/a>\n\t\t\t\t\t<\/div>\n\t\t\t\t\t\t\t<\/div>\n\t\t\t\t\t\t<\/div>\n\t\t\t\t\t\t<\/div>\n\t\t\t\t<\/div>\n\t\t\t\t<div class=\"elementor-element elementor-element-35451c9 elementor-widget-divider--view-line elementor-widget elementor-widget-divider\" data-id=\"35451c9\" data-element_type=\"widget\" data-e-type=\"widget\" data-widget_type=\"divider.default\">\n\t\t\t\t<div class=\"elementor-widget-container\">\n\t\t\t\t\t\t\t<div class=\"elementor-divider\">\n\t\t\t<span class=\"elementor-divider-separator\">\n\t\t\t\t\t\t<\/span>\n\t\t<\/div>\n\t\t\t\t\t\t<\/div>\n\t\t\t\t<\/div>\n\t\t\t\t<div class=\"elementor-element elementor-element-7215e9a elementor-widget elementor-widget-text-editor\" data-id=\"7215e9a\" data-element_type=\"widget\" data-e-type=\"widget\" data-widget_type=\"text-editor.default\">\n\t\t\t\t<div class=\"elementor-widget-container\">\n\t\t\t\t\t\t\t\t\t<h3>Aspectos de seguridad (wiki del centro de transformaci\u00f3n):<\/h3><p>Los centros de transformaci\u00f3n generan campos magn\u00e9ticos de baja frecuencia cuya intensidad depende de la carga y la distancia. En la pared exterior de las estaciones compactas pueden producirse densidades de flujo magn\u00e9tico de unos 100 microteslas, lo que corresponde al valor l\u00edmite de la 26\u00aa Ordenanza de Aplicaci\u00f3n de la Ley Federal de Control de Inmisiones (26\u00aa BImSchV).<\/p>\t\t\t\t\t\t\t\t<\/div>\n\t\t\t\t<\/div>\n\t\t\t\t<div class=\"elementor-element elementor-element-e4f0204 elementor-widget elementor-widget-gallery\" data-id=\"e4f0204\" data-element_type=\"widget\" data-e-type=\"widget\" data-settings=\"{&quot;gallery_layout&quot;:&quot;justified&quot;,&quot;ideal_row_height&quot;:{&quot;unit&quot;:&quot;px&quot;,&quot;size&quot;:255,&quot;sizes&quot;:[]},&quot;lazyload&quot;:&quot;yes&quot;,&quot;ideal_row_height_laptop&quot;:{&quot;unit&quot;:&quot;px&quot;,&quot;size&quot;:150,&quot;sizes&quot;:[]},&quot;ideal_row_height_tablet_extra&quot;:{&quot;unit&quot;:&quot;px&quot;,&quot;size&quot;:150,&quot;sizes&quot;:[]},&quot;ideal_row_height_tablet&quot;:{&quot;unit&quot;:&quot;px&quot;,&quot;size&quot;:150,&quot;sizes&quot;:[]},&quot;ideal_row_height_mobile&quot;:{&quot;unit&quot;:&quot;px&quot;,&quot;size&quot;:150,&quot;sizes&quot;:[]},&quot;gap&quot;:{&quot;unit&quot;:&quot;px&quot;,&quot;size&quot;:10,&quot;sizes&quot;:[]},&quot;gap_laptop&quot;:{&quot;unit&quot;:&quot;px&quot;,&quot;size&quot;:10,&quot;sizes&quot;:[]},&quot;gap_tablet_extra&quot;:{&quot;unit&quot;:&quot;px&quot;,&quot;size&quot;:10,&quot;sizes&quot;:[]},&quot;gap_tablet&quot;:{&quot;unit&quot;:&quot;px&quot;,&quot;size&quot;:10,&quot;sizes&quot;:[]},&quot;gap_mobile&quot;:{&quot;unit&quot;:&quot;px&quot;,&quot;size&quot;:10,&quot;sizes&quot;:[]},&quot;link_to&quot;:&quot;file&quot;,&quot;overlay_background&quot;:&quot;yes&quot;,&quot;content_hover_animation&quot;:&quot;fade-in&quot;}\" data-widget_type=\"gallery.default\">\n\t\t\t\t<div class=\"elementor-widget-container\">\n\t\t\t\t\t\t\t<div class=\"elementor-gallery__container\">\n\t\t\t\t\t\t\t<a class=\"e-gallery-item elementor-gallery-item elementor-animated-content\"  href=\"https:\/\/faber-etec.de\/wp-content\/uploads\/sites\/3\/2024\/07\/SLIDER1.jpg\" title=\"SLIDER1.jpg - \" data-elementor-open-lightbox=\"yes\" data-elementor-lightbox-slideshow=\"e4f0204\" data-e-action-hash=\"#elementor-action%3Aaction%3Dlightbox%26settings%3DeyJpZCI6OTUxMCwidXJsIjoiaHR0cHM6XC9cL2ZhYmVyLWV0ZWMuZGVcL3dwLWNvbnRlbnRcL3VwbG9hZHNcL3NpdGVzXC8zXC8yMDI0XC8wN1wvU0xJREVSMS5qcGciLCJzbGlkZXNob3ciOiJlNGYwMjA0In0%3D\">\n\t\t\t\t\t<div class=\"e-gallery-image elementor-gallery-item__image\" data-thumbnail=\"https:\/\/faber-etec.de\/wp-content\/uploads\/sites\/3\/elementor\/thumbs\/SLIDER1-qrh9l0ixz40rpv72wmsl26884qx50r8hzja6rplzyo.jpg\" data-width=\"400\" data-height=\"\" aria-label=\"estaci\u00f3n transformadora que ahorra espacio para una distribuci\u00f3n fiable de la energ\u00eda en Renania del Norte-Westfalia.\" role=\"img\" ><\/div>\n\t\t\t\t\t\t\t\t\t\t\t<div class=\"elementor-gallery-item__overlay\"><\/div>\n\t\t\t\t\t\t\t\t\t\t\t\t\t\t<\/a>\n\t\t\t\t\t\t\t<a class=\"e-gallery-item elementor-gallery-item elementor-animated-content\"  href=\"https:\/\/faber-etec.de\/wp-content\/uploads\/sites\/3\/2024\/07\/001-Trafostation-Faber-E-Tec-Solarparkstation-Kompaktstation-E-Mobilitaet.webp\" title=\"001 Estaci\u00f3n transformadora Faber E Tec Estaci\u00f3n de parque solar Estaci\u00f3n compacta E Mobilitaet.webp - \" data-elementor-open-lightbox=\"yes\" data-elementor-lightbox-slideshow=\"e4f0204\" data-e-action-hash=\"#elementor-action%3Aaction%3Dlightbox%26settings%3DeyJpZCI6OTQwNSwidXJsIjoiaHR0cHM6XC9cL2ZhYmVyLWV0ZWMuZGVcL3dwLWNvbnRlbnRcL3VwbG9hZHNcL3NpdGVzXC8zXC8yMDI0XC8wN1wvMDAxLVRyYWZvc3RhdGlvbi1GYWJlci1FLVRlYy1Tb2xhcnBhcmtzdGF0aW9uLUtvbXBha3RzdGF0aW9uLUUtTW9iaWxpdGFldC53ZWJwIiwic2xpZGVzaG93IjoiZTRmMDIwNCJ9\">\n\t\t\t\t\t<div class=\"e-gallery-image elementor-gallery-item__image\" data-thumbnail=\"https:\/\/faber-etec.de\/wp-content\/uploads\/sites\/3\/elementor\/thumbs\/001-Trafostation-Faber-E-Tec-Solarparkstation-Kompaktstation-E-Mobilitaet-qrgkex1rvhn5y1covgufzbn1a6ye0j3fqrv1ib37wk.webp\" data-width=\"400\" data-height=\"\" aria-label=\"Centro de transformaci\u00f3n con transformador y distribuci\u00f3n de baja tensi\u00f3n para el ajuste de la tensi\u00f3n y un suministro el\u00e9ctrico fiable.\" role=\"img\" ><\/div>\n\t\t\t\t\t\t\t\t\t\t\t<div class=\"elementor-gallery-item__overlay\"><\/div>\n\t\t\t\t\t\t\t\t\t\t\t\t\t\t<\/a>\n\t\t\t\t\t\t\t<a class=\"e-gallery-item elementor-gallery-item elementor-animated-content\"  href=\"https:\/\/faber-etec.de\/wp-content\/uploads\/sites\/3\/2024\/07\/002-Trafostation-Faber-E-Tec-Solarparkstation-Kompaktstation-E-Mobilitaet.webp\" title=\"002 Estaci\u00f3n transformadora Faber E Tec Estaci\u00f3n de parque solar Estaci\u00f3n compacta E Mobilitaet.webp - \" data-elementor-open-lightbox=\"yes\" data-elementor-lightbox-slideshow=\"e4f0204\" data-e-action-hash=\"#elementor-action%3Aaction%3Dlightbox%26settings%3DeyJpZCI6OTQwNiwidXJsIjoiaHR0cHM6XC9cL2ZhYmVyLWV0ZWMuZGVcL3dwLWNvbnRlbnRcL3VwbG9hZHNcL3NpdGVzXC8zXC8yMDI0XC8wN1wvMDAyLVRyYWZvc3RhdGlvbi1GYWJlci1FLVRlYy1Tb2xhcnBhcmtzdGF0aW9uLUtvbXBha3RzdGF0aW9uLUUtTW9iaWxpdGFldC53ZWJwIiwic2xpZGVzaG93IjoiZTRmMDIwNCJ9\">\n\t\t\t\t\t<div class=\"e-gallery-image elementor-gallery-item__image\" data-thumbnail=\"https:\/\/faber-etec.de\/wp-content\/uploads\/sites\/3\/elementor\/thumbs\/002-Trafostation-Faber-E-Tec-Solarparkstation-Kompaktstation-E-Mobilitaet-qrgkf3mn7bw67b34t1otyrz9fw1yietk3offv8tgka.webp\" data-width=\"400\" data-height=\"\" aria-label=\"Moderna estaci\u00f3n transformadora para apoyar la expansi\u00f3n de la red y adaptar la distribuci\u00f3n de electricidad a las crecientes necesidades energ\u00e9ticas.\" role=\"img\" ><\/div>\n\t\t\t\t\t\t\t\t\t\t\t<div class=\"elementor-gallery-item__overlay\"><\/div>\n\t\t\t\t\t\t\t\t\t\t\t\t\t\t<\/a>\n\t\t\t\t\t\t\t<a class=\"e-gallery-item elementor-gallery-item elementor-animated-content\"  href=\"https:\/\/faber-etec.de\/wp-content\/uploads\/sites\/3\/2024\/07\/SLAD0A1.jpg\" title=\"SLAD0A1.jpg - \" data-elementor-open-lightbox=\"yes\" data-elementor-lightbox-slideshow=\"e4f0204\" data-e-action-hash=\"#elementor-action%3Aaction%3Dlightbox%26settings%3DeyJpZCI6OTUxNiwidXJsIjoiaHR0cHM6XC9cL2ZhYmVyLWV0ZWMuZGVcL3dwLWNvbnRlbnRcL3VwbG9hZHNcL3NpdGVzXC8zXC8yMDI0XC8wN1wvU0xBRDBBMS5qcGciLCJzbGlkZXNob3ciOiJlNGYwMjA0In0%3D\">\n\t\t\t\t\t<div class=\"e-gallery-image elementor-gallery-item__image\" data-thumbnail=\"https:\/\/faber-etec.de\/wp-content\/uploads\/sites\/3\/elementor\/thumbs\/SLAD0A1-qrh9o5bkr8b6f2n8lzjtddrjezh6ofoaf1kgcwyr80.jpg\" data-width=\"400\" data-height=\"\" aria-label=\"Instalaci\u00f3n exterior de un centro de transformaci\u00f3n para la distribuci\u00f3n eficaz de electricidad de media tensi\u00f3n en zonas residenciales alemanas.\" role=\"img\" ><\/div>\n\t\t\t\t\t\t\t\t\t\t\t<div class=\"elementor-gallery-item__overlay\"><\/div>\n\t\t\t\t\t\t\t\t\t\t\t\t\t\t<\/a>\n\t\t\t\t\t<\/div>\n\t\t\t\t\t<\/div>\n\t\t\t\t<\/div>\n\t\t\t\t<div class=\"elementor-element elementor-element-34cfcb6 elementor-widget elementor-widget-text-editor\" data-id=\"34cfcb6\" data-element_type=\"widget\" data-e-type=\"widget\" data-widget_type=\"text-editor.default\">\n\t\t\t\t<div class=\"elementor-widget-container\">\n\t\t\t\t\t\t\t\t\t<h3>Conclusi\u00f3n - Trafo-Wiki:<\/h3><p>Los centros de transformaci\u00f3n desempe\u00f1an un papel fundamental en el suministro el\u00e9ctrico moderno. Permiten la conversi\u00f3n y distribuci\u00f3n necesarias de la energ\u00eda el\u00e9ctrica y contribuyen as\u00ed de forma significativa a la estabilidad y fiabilidad de nuestra red el\u00e9ctrica. Un centro de transformaci\u00f3n tiende un puente entre la media tensi\u00f3n y la baja tensi\u00f3n de forma segura y eficiente: una parte indispensable de cualquier infraestructura energ\u00e9tica moderna.<\/p>\t\t\t\t\t\t\t\t<\/div>\n\t\t\t\t<\/div>\n\t\t\t\t<div class=\"elementor-element elementor-element-a286c5a elementor-widget elementor-widget-image\" data-id=\"a286c5a\" data-element_type=\"widget\" data-e-type=\"widget\" data-widget_type=\"image.default\">\n\t\t\t\t<div class=\"elementor-widget-container\">\n\t\t\t\t\t\t\t\t\t\t\t\t<figure class=\"wp-caption\">\n\t\t\t\t\t\t\t\t\t\t\t<a  href=\"https:\/\/faber-etec.de\/wp-content\/uploads\/sites\/3\/2024\/07\/SLAB8F1.jpg\" title=\"SLAB8F1.jpg - \" data-elementor-open-lightbox=\"yes\" data-e-action-hash=\"#elementor-action%3Aaction%3Dlightbox%26settings%3DeyJpZCI6OTUyMiwidXJsIjoiaHR0cHM6XC9cL2ZhYmVyLWV0ZWMuZGVcL3dwLWNvbnRlbnRcL3VwbG9hZHNcL3NpdGVzXC8zXC8yMDI0XC8wN1wvU0xBQjhGMS5qcGcifQ%3D%3D\">\n\t\t\t\t\t\t\t<img decoding=\"async\" src=\"https:\/\/faber-etec.de\/wp-content\/uploads\/sites\/3\/elementor\/thumbs\/SLAB8F1-qrh9vk9uxo8p3xru3gneyw6q4y4bzic9aiea7d6590.jpg\" title=\"Centro de transformaci\u00f3n con carcasa de hormig\u00f3n para mayor seguridad\" alt=\"Centro de transformaci\u00f3n de hormig\u00f3n que cumple elevados requisitos de seguridad y controla los campos magn\u00e9ticos.\" loading=\"lazy\" \/>\t\t\t\t\t\t\t\t<\/a>\n\t\t\t\t\t\t\t\t\t\t\t<figcaption class=\"widget-image-caption wp-caption-text\">Estaci\u00f3n de parque solar cerrada de Faber E-Tec. La carcasa compacta y resistente a la intemperie protege la tecnolog\u00eda interna y garantiza un suministro de energ\u00eda fiable.<\/figcaption>\n\t\t\t\t\t\t\t\t\t\t<\/figure>\n\t\t\t\t\t\t\t\t\t<\/div>\n\t\t\t\t<\/div>\n\t\t\t\t<div class=\"elementor-element elementor-element-c3229d5 elementor-widget-divider--view-line elementor-widget elementor-widget-divider\" data-id=\"c3229d5\" data-element_type=\"widget\" data-e-type=\"widget\" data-widget_type=\"divider.default\">\n\t\t\t\t<div class=\"elementor-widget-container\">\n\t\t\t\t\t\t\t<div class=\"elementor-divider\">\n\t\t\t<span class=\"elementor-divider-separator\">\n\t\t\t\t\t\t<\/span>\n\t\t<\/div>\n\t\t\t\t\t\t<\/div>\n\t\t\t\t<\/div>\n\t\t\t\t<div class=\"elementor-element elementor-element-dd1748f elementor-widget elementor-widget-heading\" data-id=\"dd1748f\" data-element_type=\"widget\" data-e-type=\"widget\" data-widget_type=\"heading.default\">\n\t\t\t\t<div class=\"elementor-widget-container\">\n\t\t\t\t\t<h2 class=\"elementor-heading-title elementor-size-default\">PREGUNTAS FRECUENTES: Otras preguntas <\/h2>\t\t\t\t<\/div>\n\t\t\t\t<\/div>\n\t\t\t\t<div class=\"elementor-element elementor-element-7b28902 faqaccordion elementor-widget elementor-widget-n-accordion\" data-id=\"7b28902\" data-element_type=\"widget\" data-e-type=\"widget\" data-settings=\"{&quot;default_state&quot;:&quot;all_collapsed&quot;,&quot;max_items_expended&quot;:&quot;one&quot;,&quot;n_accordion_animation_duration&quot;:{&quot;unit&quot;:&quot;ms&quot;,&quot;size&quot;:400,&quot;sizes&quot;:[]}}\" data-widget_type=\"nested-accordion.default\">\n\t\t\t\t<div class=\"elementor-widget-container\">\n\t\t\t\t\t\t\t<div class=\"e-n-accordion\" aria-label=\"Acorde\u00f3n. Abra los enlaces con Intro o Espacio, ci\u00e9rrelos con Escape y navegue con las teclas de flecha.\">\n\t\t\t\t\t\t<details id=\"e-n-accordion-item-1290\" class=\"e-n-accordion-item\" >\n\t\t\t\t<summary class=\"e-n-accordion-item-title\" data-accordion-index=\"1\" tabindex=\"0\" aria-expanded=\"false\" aria-controls=\"e-n-accordion-item-1290\" >\n\t\t\t\t\t<span class='e-n-accordion-item-title-header'><div class=\"e-n-accordion-item-title-text\"> \u00bfCu\u00e1ndo necesito un centro de transformaci\u00f3n? <\/div><\/span>\n\t\t\t\t\t\t\t<span class='e-n-accordion-item-title-icon'>\n\t\t\t<span class='e-opened' ><i aria-hidden=\"true\" class=\"fas fa-minus\"><\/i><\/span>\n\t\t\t<span class='e-closed'><i aria-hidden=\"true\" class=\"fas fa-plus\"><\/i><\/span>\n\t\t<\/span>\n\n\t\t\t\t\t\t<\/summary>\n\t\t\t\t<div role=\"region\" aria-labelledby=\"e-n-accordion-item-1290\" class=\"elementor-element elementor-element-8f21c11 e-con-full e-flex e-con e-child\" data-id=\"8f21c11\" data-element_type=\"container\" data-e-type=\"container\">\n\t\t\t\t<div class=\"elementor-element elementor-element-7d45894 elementor-widget elementor-widget-text-editor\" data-id=\"7d45894\" data-element_type=\"widget\" data-e-type=\"widget\" data-widget_type=\"text-editor.default\">\n\t\t\t\t<div class=\"elementor-widget-container\">\n\t\t\t\t\t\t\t\t\t<p>Una estaci\u00f3n transformadora es necesaria cuando hay que convertir energ\u00eda el\u00e9ctrica de media a baja tensi\u00f3n. Es el caso, sobre todo, de proyectos energ\u00e9ticos de mayor envergadura, como plantas industriales, estaciones de carga y parques solares.<\/p>\t\t\t\t\t\t\t\t<\/div>\n\t\t\t\t<\/div>\n\t\t\t\t<\/div>\n\t\t\t\t\t<\/details>\n\t\t\t\t\t\t<details id=\"e-n-accordion-item-1291\" class=\"e-n-accordion-item\" >\n\t\t\t\t<summary class=\"e-n-accordion-item-title\" data-accordion-index=\"2\" tabindex=\"-1\" aria-expanded=\"false\" aria-controls=\"e-n-accordion-item-1291\" >\n\t\t\t\t\t<span class='e-n-accordion-item-title-header'><div class=\"e-n-accordion-item-title-text\"> \u00bfQu\u00e9 hace un centro de transformaci\u00f3n? <\/div><\/span>\n\t\t\t\t\t\t\t<span class='e-n-accordion-item-title-icon'>\n\t\t\t<span class='e-opened' ><i aria-hidden=\"true\" class=\"fas fa-minus\"><\/i><\/span>\n\t\t\t<span class='e-closed'><i aria-hidden=\"true\" class=\"fas fa-plus\"><\/i><\/span>\n\t\t<\/span>\n\n\t\t\t\t\t\t<\/summary>\n\t\t\t\t<div role=\"region\" aria-labelledby=\"e-n-accordion-item-1291\" class=\"elementor-element elementor-element-ad75eaa e-con-full e-flex e-con e-child\" data-id=\"ad75eaa\" data-element_type=\"container\" data-e-type=\"container\">\n\t\t\t\t<div class=\"elementor-element elementor-element-7dfbcd5 elementor-widget elementor-widget-text-editor\" data-id=\"7dfbcd5\" data-element_type=\"widget\" data-e-type=\"widget\" data-widget_type=\"text-editor.default\">\n\t\t\t\t<div class=\"elementor-widget-container\">\n\t\t\t\t\t\t\t\t\t<p>Un centro de transformaci\u00f3n convierte la media tensi\u00f3n en baja tensi\u00f3n y distribuye la electricidad de forma segura a los distintos consumidores finales. As\u00ed garantiza un suministro el\u00e9ctrico estable y protege la red de sobrecargas.<\/p>\t\t\t\t\t\t\t\t<\/div>\n\t\t\t\t<\/div>\n\t\t\t\t<\/div>\n\t\t\t\t\t<\/details>\n\t\t\t\t\t\t<details id=\"e-n-accordion-item-1292\" class=\"e-n-accordion-item\" >\n\t\t\t\t<summary class=\"e-n-accordion-item-title\" data-accordion-index=\"3\" tabindex=\"-1\" aria-expanded=\"false\" aria-controls=\"e-n-accordion-item-1292\" >\n\t\t\t\t\t<span class='e-n-accordion-item-title-header'><div class=\"e-n-accordion-item-title-text\"> \u00bfCu\u00e1ntos kW tiene un centro de transformaci\u00f3n? <\/div><\/span>\n\t\t\t\t\t\t\t<span class='e-n-accordion-item-title-icon'>\n\t\t\t<span class='e-opened' ><i aria-hidden=\"true\" class=\"fas fa-minus\"><\/i><\/span>\n\t\t\t<span class='e-closed'><i aria-hidden=\"true\" class=\"fas fa-plus\"><\/i><\/span>\n\t\t<\/span>\n\n\t\t\t\t\t\t<\/summary>\n\t\t\t\t<div role=\"region\" aria-labelledby=\"e-n-accordion-item-1292\" class=\"elementor-element elementor-element-f2ab2e4 e-con-full e-flex e-con e-child\" data-id=\"f2ab2e4\" data-element_type=\"container\" data-e-type=\"container\">\n\t\t\t\t<div class=\"elementor-element elementor-element-fd6104e elementor-widget elementor-widget-text-editor\" data-id=\"fd6104e\" data-element_type=\"widget\" data-e-type=\"widget\" data-widget_type=\"text-editor.default\">\n\t\t\t\t<div class=\"elementor-widget-container\">\n\t\t\t\t\t\t\t\t\t<p>La potencia de un centro de transformaci\u00f3n puede variar mucho y suele oscilar entre 100 kW y varios megavatios. La potencia exacta depende de los requisitos de cada proyecto. <a  href=\"https:\/\/faber-etec.de\/es\/productos\/\" title=\"Productos - Todos los productos\">Todos los productos<\/a><\/p>\t\t\t\t\t\t\t\t<\/div>\n\t\t\t\t<\/div>\n\t\t\t\t<\/div>\n\t\t\t\t\t<\/details>\n\t\t\t\t\t\t<details id=\"e-n-accordion-item-1293\" class=\"e-n-accordion-item\" >\n\t\t\t\t<summary class=\"e-n-accordion-item-title\" data-accordion-index=\"4\" tabindex=\"-1\" aria-expanded=\"false\" aria-controls=\"e-n-accordion-item-1293\" >\n\t\t\t\t\t<span class='e-n-accordion-item-title-header'><div class=\"e-n-accordion-item-title-text\"> \u00bfCu\u00e1nto cuesta un centro de transformaci\u00f3n? <\/div><\/span>\n\t\t\t\t\t\t\t<span class='e-n-accordion-item-title-icon'>\n\t\t\t<span class='e-opened' ><i aria-hidden=\"true\" class=\"fas fa-minus\"><\/i><\/span>\n\t\t\t<span class='e-closed'><i aria-hidden=\"true\" class=\"fas fa-plus\"><\/i><\/span>\n\t\t<\/span>\n\n\t\t\t\t\t\t<\/summary>\n\t\t\t\t<div role=\"region\" aria-labelledby=\"e-n-accordion-item-1293\" class=\"elementor-element elementor-element-701412f e-con-full e-flex e-con e-child\" data-id=\"701412f\" data-element_type=\"container\" data-e-type=\"container\">\n\t\t\t\t<div class=\"elementor-element elementor-element-a735e25 elementor-widget elementor-widget-text-editor\" data-id=\"a735e25\" data-element_type=\"widget\" data-e-type=\"widget\" data-widget_type=\"text-editor.default\">\n\t\t\t\t<div class=\"elementor-widget-container\">\n\t\t\t\t\t\t\t\t\t<p>El coste de un centro de transformaci\u00f3n depende de su tama\u00f1o y \u00e1mbito de aplicaci\u00f3n. Normalmente, los costes oscilan entre varias decenas de miles y cientos de miles de euros. <a  href=\"https:\/\/faber-etec.de\/es\/solicitar\/\" title=\"Consultas - Enviar consulta sobre transformadores\">Enviar solicitud de transformador<\/a><\/p>\t\t\t\t\t\t\t\t<\/div>\n\t\t\t\t<\/div>\n\t\t\t\t<\/div>\n\t\t\t\t\t<\/details>\n\t\t\t\t\t\t<details id=\"e-n-accordion-item-1294\" class=\"e-n-accordion-item\" >\n\t\t\t\t<summary class=\"e-n-accordion-item-title\" data-accordion-index=\"5\" tabindex=\"-1\" aria-expanded=\"false\" aria-controls=\"e-n-accordion-item-1294\" >\n\t\t\t\t\t<span class='e-n-accordion-item-title-header'><div class=\"e-n-accordion-item-title-text\"> \u00bfCon qu\u00e9 frecuencia hay que realizar el mantenimiento de un centro de transformaci\u00f3n? <\/div><\/span>\n\t\t\t\t\t\t\t<span class='e-n-accordion-item-title-icon'>\n\t\t\t<span class='e-opened' ><i aria-hidden=\"true\" class=\"fas fa-minus\"><\/i><\/span>\n\t\t\t<span class='e-closed'><i aria-hidden=\"true\" class=\"fas fa-plus\"><\/i><\/span>\n\t\t<\/span>\n\n\t\t\t\t\t\t<\/summary>\n\t\t\t\t<div role=\"region\" aria-labelledby=\"e-n-accordion-item-1294\" class=\"elementor-element elementor-element-9f18bf9 e-con-full e-flex e-con e-child\" data-id=\"9f18bf9\" data-element_type=\"container\" data-e-type=\"container\">\n\t\t\t\t<div class=\"elementor-element elementor-element-a7f801b elementor-widget elementor-widget-text-editor\" data-id=\"a7f801b\" data-element_type=\"widget\" data-e-type=\"widget\" data-widget_type=\"text-editor.default\">\n\t\t\t\t<div class=\"elementor-widget-container\">\n\t\t\t\t\t\t\t\t\t<p>Un centro de transformaci\u00f3n debe someterse a revisiones peri\u00f3dicas, normalmente anuales, para garantizar su rendimiento y seguridad a largo plazo.<a  href=\"https:\/\/faber-etec.de\/es\/investigacion-y-desarrollo\/trafostation-reinigen\/\" title=\"Limpieza de centros de transformaci\u00f3n - M\u00e1s informaci\u00f3n sobre la limpieza de centros de transformaci\u00f3n\"> M\u00e1s informaci\u00f3n sobre la limpieza de centros de transformaci\u00f3n<\/a><\/p>\t\t\t\t\t\t\t\t<\/div>\n\t\t\t\t<\/div>\n\t\t\t\t<\/div>\n\t\t\t\t\t<\/details>\n\t\t\t\t\t<\/div>\n\t\t\t\t\t\n\t\t\t\t\t\t\t<\/div>\n\t\t\t\t<\/div>\n\t\t\t\t<div class=\"elementor-element elementor-element-c0234f7 elementor-align-center elementor-widget__width-auto elementor-widget elementor-widget-button\" data-id=\"c0234f7\" data-element_type=\"widget\" data-e-type=\"widget\" data-widget_type=\"button.default\">\n\t\t\t\t<div class=\"elementor-widget-container\">\n\t\t\t\t\t\t\t\t\t<div class=\"elementor-button-wrapper\">\n\t\t\t\t\t<a class=\"elementor-button elementor-button-link elementor-size-sm\"  href=\"https:\/\/faber-etec.de\/es\/faq\/\" title=\"Faq - FAQs: Preguntas y respuestas\" target=\"_blank\">\n\t\t\t\t\t\t<span class=\"elementor-button-content-wrapper\">\n\t\t\t\t\t\t<span class=\"elementor-button-icon\">\n\t\t\t\t<i aria-hidden=\"true\" class=\"fas fa-angle-right\"><\/i>\t\t\t<\/span>\n\t\t\t\t\t\t\t\t\t<span class=\"elementor-button-text\">Preguntas y respuestas<\/span>\n\t\t\t\t\t<\/span>\n\t\t\t\t\t<\/a>\n\t\t\t\t<\/div>\n\t\t\t\t\t\t\t\t<\/div>\n\t\t\t\t<\/div>\n\t\t\t\t<div class=\"elementor-element elementor-element-16f2c60 elementor-widget-divider--view-line elementor-widget elementor-widget-divider\" data-id=\"16f2c60\" data-element_type=\"widget\" data-e-type=\"widget\" data-widget_type=\"divider.default\">\n\t\t\t\t<div class=\"elementor-widget-container\">\n\t\t\t\t\t\t\t<div class=\"elementor-divider\">\n\t\t\t<span class=\"elementor-divider-separator\">\n\t\t\t\t\t\t<\/span>\n\t\t<\/div>\n\t\t\t\t\t\t<\/div>\n\t\t\t\t<\/div>\n\t\t\t\t<div class=\"elementor-element elementor-element-2abd892 elementor-widget elementor-widget-heading\" data-id=\"2abd892\" data-element_type=\"widget\" data-e-type=\"widget\" data-widget_type=\"heading.default\">\n\t\t\t\t<div class=\"elementor-widget-container\">\n\t\t\t\t\t<h3 class=\"elementor-heading-title elementor-size-default\">M\u00e1s informaci\u00f3n y enlaces externos\n<\/h3>\t\t\t\t<\/div>\n\t\t\t\t<\/div>\n\t\t\t\t<div class=\"elementor-element elementor-element-4231cdf elementor-widget elementor-widget-text-editor\" data-id=\"4231cdf\" data-element_type=\"widget\" data-e-type=\"widget\" data-widget_type=\"text-editor.default\">\n\t\t\t\t<div class=\"elementor-widget-container\">\n\t\t\t\t\t\t\t\t\t<ul><li><a href=\"https:\/\/de.wikipedia.org\/wiki\/Transformatorenstation\" title=\"Centro de transformaci\u00f3n - Wikipedia - Centro de transformaci\u00f3n\" target=\"_blank\" rel=\"noopener\">Wikipedia - Centro de transformaci\u00f3n<\/a><\/li><li><a href=\"https:\/\/de.wikipedia.org\/wiki\/Transformator\" title=\"Transformador - Wikipedia - Transformador\" target=\"_blank\" rel=\"nofollow noopener\">Wikipedia - Transformador<\/a><\/li><li><a href=\"https:\/\/de.wikipedia.org\/wiki\/Leistungstransformator\" title=\"Transformador de potencia - Wikipedia - Transformador de potencia\" target=\"_blank\" rel=\"nofollow noopener\">Wikipedia - Transformador de potencia<\/a><\/li><li><a href=\"https:\/\/sync.einsatzleiterwiki.de\/doku.php?id=brand:trafostation\" title=\"Doku.php - Wiki del jefe de explotaci\u00f3n - Centro de transformaci\u00f3n \/ subestaci\u00f3n\" target=\"_blank\" rel=\"nofollow noopener\">Einsatzleiterwiki - Centro de transformaci\u00f3n \/ subestaci\u00f3n<\/a><\/li><\/ul>\t\t\t\t\t\t\t\t<\/div>\n\t\t\t\t<\/div>\n\t\t\t\t\t<\/div>\n\t\t\t\t<\/div>\n\t\t\t\t<\/div>","protected":false},"excerpt":{"rendered":"<p>Los centros de transformaci\u00f3n son nodos importantes de la red el\u00e9ctrica. Convierten la media tensi\u00f3n en la baja tensi\u00f3n necesaria y garantizan as\u00ed un suministro el\u00e9ctrico fiable para plantas industriales, estaciones de carga, parques solares y otras aplicaciones a gran escala.<\/p>","protected":false},"author":2,"featured_media":14811,"comment_status":"closed","ping_status":"open","sticky":false,"template":"","format":"standard","meta":{"_acf_changed":false,"footnotes":""},"categories":[52],"tags":[37],"class_list":["post-14774","post","type-post","status-publish","format-standard","has-post-thumbnail","hentry","category-forschung-und-entwicklung","tag-trafostation"],"acf":[],"_links":{"self":[{"href":"https:\/\/faber-etec.de\/es\/wp-json\/wp\/v2\/posts\/14774","targetHints":{"allow":["GET"]}}],"collection":[{"href":"https:\/\/faber-etec.de\/es\/wp-json\/wp\/v2\/posts"}],"about":[{"href":"https:\/\/faber-etec.de\/es\/wp-json\/wp\/v2\/types\/post"}],"author":[{"embeddable":true,"href":"https:\/\/faber-etec.de\/es\/wp-json\/wp\/v2\/users\/2"}],"replies":[{"embeddable":true,"href":"https:\/\/faber-etec.de\/es\/wp-json\/wp\/v2\/comments?post=14774"}],"version-history":[{"count":11,"href":"https:\/\/faber-etec.de\/es\/wp-json\/wp\/v2\/posts\/14774\/revisions"}],"predecessor-version":[{"id":17411,"href":"https:\/\/faber-etec.de\/es\/wp-json\/wp\/v2\/posts\/14774\/revisions\/17411"}],"wp:featuredmedia":[{"embeddable":true,"href":"https:\/\/faber-etec.de\/es\/wp-json\/wp\/v2\/media\/14811"}],"wp:attachment":[{"href":"https:\/\/faber-etec.de\/es\/wp-json\/wp\/v2\/media?parent=14774"}],"wp:term":[{"taxonomy":"category","embeddable":true,"href":"https:\/\/faber-etec.de\/es\/wp-json\/wp\/v2\/categories?post=14774"},{"taxonomy":"post_tag","embeddable":true,"href":"https:\/\/faber-etec.de\/es\/wp-json\/wp\/v2\/tags?post=14774"}],"curies":[{"name":"wp","href":"https:\/\/api.w.org\/{rel}","templated":true}]}}