{"id":15047,"date":"2024-12-02T01:46:57","date_gmt":"2024-12-02T00:46:57","guid":{"rendered":"https:\/\/faber-etec.de\/?p=15047"},"modified":"2024-12-09T15:20:15","modified_gmt":"2024-12-09T14:20:15","slug":"trafostation-supercharger","status":"publish","type":"post","link":"https:\/\/faber-etec.de\/es\/projekte\/trafostation-supercharger\/","title":{"rendered":"Centros de transformaci\u00f3n compactos a medida para estaciones de recarga r\u00e1pida"},"content":{"rendered":"<div data-elementor-type=\"wp-post\" data-elementor-id=\"15047\" class=\"elementor elementor-15047\" data-elementor-post-type=\"post\">\n\t\t\t\t<div class=\"elementor-element elementor-element-0f59f83 e-flex e-con-boxed e-con e-parent\" data-id=\"0f59f83\" data-element_type=\"container\" data-e-type=\"container\">\n\t\t\t\t\t<div class=\"e-con-inner\">\n\t\t\t\t<div class=\"elementor-element elementor-element-32965d9 elementor-widget elementor-widget-heading\" data-id=\"32965d9\" data-element_type=\"widget\" data-e-type=\"widget\" data-widget_type=\"heading.default\">\n\t\t\t\t<div class=\"elementor-widget-container\">\n\t\t\t\t\t<h2 class=\"elementor-heading-title elementor-size-default\">Suministro de energ\u00eda perfecto para estaciones de carga r\u00e1pida en Bissendorf: nuestra estaci\u00f3n transformadora compacta en funcionamiento<\/h2>\t\t\t\t<\/div>\n\t\t\t\t<\/div>\n\t\t\t\t<div class=\"elementor-element elementor-element-1d134c4 elementor-widget elementor-widget-text-editor\" data-id=\"1d134c4\" data-element_type=\"widget\" data-e-type=\"widget\" data-widget_type=\"text-editor.default\">\n\t\t\t\t<div class=\"elementor-widget-container\">\n\t\t\t\t\t\t\t\t\t<p>La creciente demanda de movilidad el\u00e9ctrica requiere soluciones innovadoras y potentes para la infraestructura de recarga. Aqu\u00ed es precisamente donde nuestra <strong>Transformador <a  href=\"https:\/\/faber-etec.de\/es\/estacion-compacta\/\" title=\"Estaci\u00f3n compacta - Estaci\u00f3n compacta\">Estaci\u00f3n compacta<\/a><\/strong> que hemos desarrollado especialmente para el nuevo <a title=\"\" href=\"https:\/\/de.wikipedia.org\/wiki\/Ladestation_(Elektrofahrzeug)\" target=\"_blank\" rel=\"noopener\">Estaciones de recarga r\u00e1pida<\/a>\u00a0-en Bissendorf. Con 16 puntos de recarga y una capacidad de carga de hasta 250 kW por estaci\u00f3n, esta ubicaci\u00f3n garantiza una recarga r\u00e1pida y eficiente las 24 horas del d\u00eda.<\/p>\t\t\t\t\t\t\t\t<\/div>\n\t\t\t\t<\/div>\n\t\t\t\t<div class=\"elementor-element elementor-element-f33b454 elementor-widget elementor-widget-image\" data-id=\"f33b454\" data-element_type=\"widget\" data-e-type=\"widget\" data-widget_type=\"image.default\">\n\t\t\t\t<div class=\"elementor-widget-container\">\n\t\t\t\t\t\t\t\t\t\t\t\t<figure class=\"wp-caption\">\n\t\t\t\t\t\t\t\t\t\t<img fetchpriority=\"high\" decoding=\"async\" width=\"800\" height=\"449\" src=\"https:\/\/faber-etec.de\/wp-content\/uploads\/sites\/3\/2024\/12\/027-Supercharger-Faber-E-Tec-Kompakt-Trafostation-Schnellladestationen-Elektromobilitaet-1024x575.jpg\" class=\"attachment-large size-large wp-image-15055\" alt=\"Estaci\u00f3n transformadora compacta a medida para el parque de recarga de Tesla\" srcset=\"https:\/\/faber-etec.de\/wp-content\/uploads\/sites\/3\/2024\/12\/027-Supercharger-Faber-E-Tec-Kompakt-Trafostation-Schnellladestationen-Elektromobilitaet-1024x575.jpg 1024w, https:\/\/faber-etec.de\/wp-content\/uploads\/sites\/3\/2024\/12\/027-Supercharger-Faber-E-Tec-Kompakt-Trafostation-Schnellladestationen-Elektromobilitaet-300x168.jpg 300w, https:\/\/faber-etec.de\/wp-content\/uploads\/sites\/3\/2024\/12\/027-Supercharger-Faber-E-Tec-Kompakt-Trafostation-Schnellladestationen-Elektromobilitaet-768x431.jpg 768w, https:\/\/faber-etec.de\/wp-content\/uploads\/sites\/3\/2024\/12\/027-Supercharger-Faber-E-Tec-Kompakt-Trafostation-Schnellladestationen-Elektromobilitaet-18x10.jpg 18w, https:\/\/faber-etec.de\/wp-content\/uploads\/sites\/3\/2024\/12\/027-Supercharger-Faber-E-Tec-Kompakt-Trafostation-Schnellladestationen-Elektromobilitaet.jpg 1500w\" sizes=\"(max-width: 800px) 100vw, 800px\" title=\"Estaci\u00f3n transformadora compacta para potentes estaciones de carga el\u00e9ctrica\" \/>\t\t\t\t\t\t\t\t\t\t\t<figcaption class=\"widget-image-caption wp-caption-text\">La imagen muestra la estaci\u00f3n transformadora compacta de la estaci\u00f3n de carga r\u00e1pida de Bissendorf. La estaci\u00f3n se dise\u00f1\u00f3 para cumplir con precisi\u00f3n los requisitos de la infraestructura de recarga y se integra armoniosamente en el entorno con la gasolinera, Netto y otras instalaciones.<\/figcaption>\n\t\t\t\t\t\t\t\t\t\t<\/figure>\n\t\t\t\t\t\t\t\t\t<\/div>\n\t\t\t\t<\/div>\n\t\t\t\t<div class=\"elementor-element elementor-element-45dc452 elementor-widget elementor-widget-heading\" data-id=\"45dc452\" data-element_type=\"widget\" data-e-type=\"widget\" data-widget_type=\"heading.default\">\n\t\t\t\t<div class=\"elementor-widget-container\">\n\t\t\t\t\t<h3 class=\"elementor-heading-title elementor-size-default\">Tecnolog\u00eda a medida para estaciones de recarga r\u00e1pida de coches el\u00e9ctricos<\/h3>\t\t\t\t<\/div>\n\t\t\t\t<\/div>\n\t\t\t\t<div class=\"elementor-element elementor-element-90a8b17 elementor-widget elementor-widget-text-editor\" data-id=\"90a8b17\" data-element_type=\"widget\" data-e-type=\"widget\" data-widget_type=\"text-editor.default\">\n\t\t\t\t<div class=\"elementor-widget-container\">\n\t\t\t\t\t\t\t\t\t<p>Nuestra <strong>Centro de transformaci\u00f3n compacto<\/strong> es la pieza central de este parque de recarga y proporciona una fuente de alimentaci\u00f3n fiable para las estaciones de recarga r\u00e1pida. La estaci\u00f3n no solo se adapt\u00f3 t\u00e9cnicamente a los requisitos del cliente, sino tambi\u00e9n visualmente: la pintura se realiz\u00f3 en el color <strong>Colores del dise\u00f1o corporativo<\/strong> del cliente, que no s\u00f3lo es funcional sino tambi\u00e9n est\u00e9ticamente agradable. Por ello, nuestra estaci\u00f3n transformadora se integra perfectamente en el aspecto de la instalaci\u00f3n.<\/p><h4>Ventajas de nuestra estaci\u00f3n transformadora compacta:<\/h4><ul><li><strong>Alto rendimiento para la e-movilidad<\/strong>Con un dise\u00f1o robusto y tecnolog\u00eda punta, la estaci\u00f3n es ideal para parques de recarga como \u00e9ste, que necesitan suministrar grandes cantidades de energ\u00eda de forma fiable.<\/li><li>Adaptabilidad: El dise\u00f1o individual en los colores del cliente demuestra la flexibilidad con la que podemos responder a sus deseos.<\/li><li>Sostenibilidad: nuestras estaciones transformadoras compactas est\u00e1n dise\u00f1adas para ofrecer la m\u00e1xima eficiencia y durabilidad, lo que no s\u00f3lo ahorra costes sino que contribuye a la transici\u00f3n energ\u00e9tica.<\/li><\/ul>\t\t\t\t\t\t\t\t<\/div>\n\t\t\t\t<\/div>\n\t\t\t\t<div class=\"elementor-element elementor-element-8ff2dc0 elementor-widget__width-initial elementor-widget elementor-widget-gallery\" data-id=\"8ff2dc0\" data-element_type=\"widget\" data-e-type=\"widget\" data-settings=\"{&quot;gallery_layout&quot;:&quot;justified&quot;,&quot;ideal_row_height_mobile&quot;:{&quot;unit&quot;:&quot;px&quot;,&quot;size&quot;:115,&quot;sizes&quot;:[]},&quot;lazyload&quot;:&quot;yes&quot;,&quot;ideal_row_height&quot;:{&quot;unit&quot;:&quot;px&quot;,&quot;size&quot;:200,&quot;sizes&quot;:[]},&quot;ideal_row_height_laptop&quot;:{&quot;unit&quot;:&quot;px&quot;,&quot;size&quot;:150,&quot;sizes&quot;:[]},&quot;ideal_row_height_tablet_extra&quot;:{&quot;unit&quot;:&quot;px&quot;,&quot;size&quot;:150,&quot;sizes&quot;:[]},&quot;ideal_row_height_tablet&quot;:{&quot;unit&quot;:&quot;px&quot;,&quot;size&quot;:150,&quot;sizes&quot;:[]},&quot;gap&quot;:{&quot;unit&quot;:&quot;px&quot;,&quot;size&quot;:10,&quot;sizes&quot;:[]},&quot;gap_laptop&quot;:{&quot;unit&quot;:&quot;px&quot;,&quot;size&quot;:10,&quot;sizes&quot;:[]},&quot;gap_tablet_extra&quot;:{&quot;unit&quot;:&quot;px&quot;,&quot;size&quot;:10,&quot;sizes&quot;:[]},&quot;gap_tablet&quot;:{&quot;unit&quot;:&quot;px&quot;,&quot;size&quot;:10,&quot;sizes&quot;:[]},&quot;gap_mobile&quot;:{&quot;unit&quot;:&quot;px&quot;,&quot;size&quot;:10,&quot;sizes&quot;:[]},&quot;overlay_background&quot;:&quot;yes&quot;,&quot;content_hover_animation&quot;:&quot;fade-in&quot;}\" data-widget_type=\"gallery.default\">\n\t\t\t\t<div class=\"elementor-widget-container\">\n\t\t\t\t\t\t\t<div class=\"elementor-gallery__container\">\n\t\t\t\t\t\t\t<div class=\"e-gallery-item elementor-gallery-item elementor-animated-content\">\n\t\t\t\t\t<div class=\"e-gallery-image elementor-gallery-item__image\" data-thumbnail=\"https:\/\/faber-etec.de\/wp-content\/uploads\/sites\/3\/2024\/12\/Supercharger-Faber-E-Tec-Kompakt-Trafostation-Schnellladestationen-Elektromobilitaet_19-768x512.jpg\" data-width=\"768\" data-height=\"512\" aria-label=\"Centro de transformaci\u00f3n compacto con los colores del cliente para la estaci\u00f3n de recarga de coches el\u00e9ctricos de Bissendorf\" role=\"img\" ><\/div>\n\t\t\t\t\t\t\t\t\t\t\t<div class=\"elementor-gallery-item__overlay\"><\/div>\n\t\t\t\t\t\t\t\t\t\t\t\t\t\t<\/div>\n\t\t\t\t\t\t\t<div class=\"e-gallery-item elementor-gallery-item elementor-animated-content\">\n\t\t\t\t\t<div class=\"e-gallery-image elementor-gallery-item__image\" data-thumbnail=\"https:\/\/faber-etec.de\/wp-content\/uploads\/sites\/3\/2024\/12\/035-Supercharger-Faber-E-Tec-Kompakt-Trafostation-Schnellladestationen-Elektromobilitaet-768x430.jpg\" data-width=\"768\" data-height=\"430\" aria-label=\"Centro de transformaci\u00f3n compacto para estaci\u00f3n de carga en Bissendorf\" role=\"img\" ><\/div>\n\t\t\t\t\t\t\t\t\t\t\t<div class=\"elementor-gallery-item__overlay\"><\/div>\n\t\t\t\t\t\t\t\t\t\t\t\t\t\t<\/div>\n\t\t\t\t\t<\/div>\n\t\t\t\t\t<\/div>\n\t\t\t\t<\/div>\n\t\t\t\t<div class=\"elementor-element elementor-element-11a59fd elementor-widget elementor-widget-text-editor\" data-id=\"11a59fd\" data-element_type=\"widget\" data-e-type=\"widget\" data-widget_type=\"text-editor.default\">\n\t\t\t\t<div class=\"elementor-widget-container\">\n\t\t\t\t\t\t\t\t\t<h4>Estaciones de carga r\u00e1pida para coches el\u00e9ctricos en Bissendorf<\/h4><p>La ubicaci\u00f3n no s\u00f3lo impresiona por sus excelentes conexiones con las autopistas A30 y A33, sino tambi\u00e9n por los servicios adicionales in situ:<\/p><ul><li>Acceso a las estaciones de carga las 24 horas del d\u00eda.<\/li><li>Establecimientos comerciales como Netto y Getr\u00e4nke Hoffmann, as\u00ed como establecimientos de restauraci\u00f3n como la gasolinera Westfalen, la panader\u00eda Wellmann y otras tiendas.<\/li><li>Una c\u00f3moda experiencia de carga con modernas conexiones compatibles con CCS.<\/li><\/ul><p>Los visitantes elogian especialmente la proximidad a la autopista, la r\u00e1pida accesibilidad y la posibilidad de aprovechar el tiempo de carga para hacer recados o descansos. Nuestra estaci\u00f3n transformadora compacta se encarga de que todo esto funcione sin problemas.<\/p>\t\t\t\t\t\t\t\t<\/div>\n\t\t\t\t<\/div>\n\t\t\t\t<div class=\"elementor-element elementor-element-1df176b elementor-widget elementor-widget-image\" data-id=\"1df176b\" data-element_type=\"widget\" data-e-type=\"widget\" data-widget_type=\"image.default\">\n\t\t\t\t<div class=\"elementor-widget-container\">\n\t\t\t\t\t\t\t\t\t\t\t\t<figure class=\"wp-caption\">\n\t\t\t\t\t\t\t\t\t\t<img decoding=\"async\" width=\"800\" height=\"448\" src=\"https:\/\/faber-etec.de\/wp-content\/uploads\/sites\/3\/2024\/12\/2-Supercharger-Faber-E-Tec-Kompakt-Trafostation-Schnellladestationen-Elektromobilitaet-1024x574.avif\" class=\"attachment-large size-large wp-image-15049\" alt=\"Centro de transformaci\u00f3n pintado a medida para la movilidad el\u00e9ctrica en Baja Sajonia\" srcset=\"https:\/\/faber-etec.de\/wp-content\/uploads\/sites\/3\/2024\/12\/2-Supercharger-Faber-E-Tec-Kompakt-Trafostation-Schnellladestationen-Elektromobilitaet-1024x574.avif 1024w, https:\/\/faber-etec.de\/wp-content\/uploads\/sites\/3\/2024\/12\/2-Supercharger-Faber-E-Tec-Kompakt-Trafostation-Schnellladestationen-Elektromobilitaet-300x168.avif 300w, https:\/\/faber-etec.de\/wp-content\/uploads\/sites\/3\/2024\/12\/2-Supercharger-Faber-E-Tec-Kompakt-Trafostation-Schnellladestationen-Elektromobilitaet-768x431.avif 768w, https:\/\/faber-etec.de\/wp-content\/uploads\/sites\/3\/2024\/12\/2-Supercharger-Faber-E-Tec-Kompakt-Trafostation-Schnellladestationen-Elektromobilitaet-18x10.avif 18w, https:\/\/faber-etec.de\/wp-content\/uploads\/sites\/3\/2024\/12\/2-Supercharger-Faber-E-Tec-Kompakt-Trafostation-Schnellladestationen-Elektromobilitaet.avif 1500w\" sizes=\"(max-width: 800px) 100vw, 800px\" title=\"Centro de transformaci\u00f3n dise\u00f1ado individualmente con los colores del cliente\" \/>\t\t\t\t\t\t\t\t\t\t\t<figcaption class=\"widget-image-caption wp-caption-text\">Nuestra estaci\u00f3n transformadora compacta a medida garantiza un suministro el\u00e9ctrico fiable para la estaci\u00f3n de carga r\u00e1pida. Gracias a su dise\u00f1o compacto y a su tecnolog\u00eda de vanguardia, permite un uso eficiente del espacio, ideal para estaciones de carga r\u00e1pida en la infraestructura de e-movilidad.<\/figcaption>\n\t\t\t\t\t\t\t\t\t\t<\/figure>\n\t\t\t\t\t\t\t\t\t<\/div>\n\t\t\t\t<\/div>\n\t\t\t\t<div class=\"elementor-element elementor-element-9a0b08d elementor-widget elementor-widget-heading\" data-id=\"9a0b08d\" data-element_type=\"widget\" data-e-type=\"widget\" data-widget_type=\"heading.default\">\n\t\t\t\t<div class=\"elementor-widget-container\">\n\t\t\t\t\t<h2 class=\"elementor-heading-title elementor-size-default\">\u00bfPor qu\u00e9 Faber E-Tec?<\/h2>\t\t\t\t<\/div>\n\t\t\t\t<\/div>\n\t\t\t\t<div class=\"elementor-element elementor-element-924bcfa elementor-widget elementor-widget-text-editor\" data-id=\"924bcfa\" data-element_type=\"widget\" data-e-type=\"widget\" data-widget_type=\"text-editor.default\">\n\t\t\t\t<div class=\"elementor-widget-container\">\n\t\t\t\t\t\t\t\t\t<p>En Faber E-Tec, somos sin\u00f3nimo de calidad y fiabilidad en el campo de <strong>Centros de transformaci\u00f3n compactos<\/strong> y <strong>Centros de transformaci\u00f3n<\/strong>. Ya se trate de estaciones de carga el\u00e9ctrica, aplicaciones industriales o sistemas fotovoltaicos, nuestras soluciones se adaptan siempre a las necesidades espec\u00edficas de nuestros clientes. Con nuestra experiencia y la posibilidad de personalizaci\u00f3n, establecemos nuevos est\u00e1ndares en el suministro de energ\u00eda.<\/p><p>\u00bfEst\u00e1 interesado en un <strong>Centro de transformaci\u00f3n compacto<\/strong> para su proyecto? P\u00f3ngase en contacto con nosotros: estaremos encantados de asesorarle y convertir sus requisitos en la soluci\u00f3n perfecta.<\/p>\t\t\t\t\t\t\t\t<\/div>\n\t\t\t\t<\/div>\n\t\t\t\t<div class=\"elementor-element elementor-element-bceab22 elementor-align-center elementor-mobile-align-justify elementor-widget elementor-widget-button\" data-id=\"bceab22\" data-element_type=\"widget\" data-e-type=\"widget\" data-widget_type=\"button.default\">\n\t\t\t\t<div class=\"elementor-widget-container\">\n\t\t\t\t\t\t\t\t\t<div class=\"elementor-button-wrapper\">\n\t\t\t\t\t<a class=\"elementor-button elementor-button-link elementor-size-sm\" href=\"https:\/\/faber-etec.de\/es\/e-movilidad\/\" title=\"E Mobilitaet - Solicite un transformador para la e-movilidad\">\n\t\t\t\t\t\t<span class=\"elementor-button-content-wrapper\">\n\t\t\t\t\t\t<span class=\"elementor-button-icon\">\n\t\t\t\t<i aria-hidden=\"true\" class=\"fas fa-arrow-right\"><\/i>\t\t\t<\/span>\n\t\t\t\t\t\t\t\t\t<span class=\"elementor-button-text\">Solicitud de transformador para movilidad el\u00e9ctrica<\/span>\n\t\t\t\t\t<\/span>\n\t\t\t\t\t<\/a>\n\t\t\t\t<\/div>\n\t\t\t\t\t\t\t\t<\/div>\n\t\t\t\t<\/div>\n\t\t\t\t<div class=\"elementor-element elementor-element-860beca elementor-widget elementor-widget-image\" data-id=\"860beca\" data-element_type=\"widget\" data-e-type=\"widget\" data-widget_type=\"image.default\">\n\t\t\t\t<div class=\"elementor-widget-container\">\n\t\t\t\t\t\t\t\t\t\t\t\t<figure class=\"wp-caption\">\n\t\t\t\t\t\t\t\t\t\t\t<a href=\"https:\/\/faber-etec.de\/es\/estacion-del-parque-solar\/\" title=\"Consulta sobre la estaci\u00f3n solar Faber E-Tec\">\n\t\t\t\t\t\t\t<img decoding=\"async\" width=\"800\" height=\"512\" src=\"https:\/\/faber-etec.de\/wp-content\/uploads\/sites\/3\/2024\/08\/trafo-e-mobilitaet-ladesaeulen-ladeinfrastruktur-elektrofahrzeuge-eauto-parkplatz-1024x655.jpg\" class=\"attachment-large size-large wp-image-12093\" alt=\"Centro de transformaci\u00f3n para puntos de recarga de coches el\u00e9ctricos y veh\u00edculos el\u00e9ctricos en el aparcamiento\" srcset=\"https:\/\/faber-etec.de\/wp-content\/uploads\/sites\/3\/2024\/08\/trafo-e-mobilitaet-ladesaeulen-ladeinfrastruktur-elektrofahrzeuge-eauto-parkplatz-1024x655.jpg 1024w, https:\/\/faber-etec.de\/wp-content\/uploads\/sites\/3\/2024\/08\/trafo-e-mobilitaet-ladesaeulen-ladeinfrastruktur-elektrofahrzeuge-eauto-parkplatz-300x192.jpg 300w, https:\/\/faber-etec.de\/wp-content\/uploads\/sites\/3\/2024\/08\/trafo-e-mobilitaet-ladesaeulen-ladeinfrastruktur-elektrofahrzeuge-eauto-parkplatz-768x492.jpg 768w, https:\/\/faber-etec.de\/wp-content\/uploads\/sites\/3\/2024\/08\/trafo-e-mobilitaet-ladesaeulen-ladeinfrastruktur-elektrofahrzeuge-eauto-parkplatz-1536x983.jpg 1536w, https:\/\/faber-etec.de\/wp-content\/uploads\/sites\/3\/2024\/08\/trafo-e-mobilitaet-ladesaeulen-ladeinfrastruktur-elektrofahrzeuge-eauto-parkplatz-2048x1311.jpg 2048w, https:\/\/faber-etec.de\/wp-content\/uploads\/sites\/3\/2024\/08\/trafo-e-mobilitaet-ladesaeulen-ladeinfrastruktur-elektrofahrzeuge-eauto-parkplatz-18x12.jpg 18w\" sizes=\"(max-width: 800px) 100vw, 800px\" title=\"Estaci\u00f3n transformadora compacta para movilidad el\u00e9ctrica e infraestructura de recarga\" \/>\t\t\t\t\t\t\t\t<\/a>\n\t\t\t\t\t\t\t\t\t\t\t<figcaption class=\"widget-image-caption wp-caption-text\"><\/figcaption>\n\t\t\t\t\t\t\t\t\t\t<\/figure>\n\t\t\t\t\t\t\t\t\t<\/div>\n\t\t\t\t<\/div>\n\t\t\t\t<div class=\"elementor-element elementor-element-9428121 elementor-widget elementor-widget-heading\" data-id=\"9428121\" data-element_type=\"widget\" data-e-type=\"widget\" data-widget_type=\"heading.default\">\n\t\t\t\t<div class=\"elementor-widget-container\">\n\t\t\t\t\t<h2 class=\"elementor-heading-title elementor-size-default\">Solic\u00edtenos directamente transformadores para infraestructuras de movilidad el\u00e9ctrica<\/h2>\t\t\t\t<\/div>\n\t\t\t\t<\/div>\n\t\t\t\t<div class=\"elementor-element elementor-element-7908cc2 elementor-widget elementor-widget-text-editor\" data-id=\"7908cc2\" data-element_type=\"widget\" data-e-type=\"widget\" data-widget_type=\"text-editor.default\">\n\t\t\t\t<div class=\"elementor-widget-container\">\n\t\t\t\t\t\t\t\t\t<p>Nuestros centros de transformaci\u00f3n y centros de transformaci\u00f3n compactos ofrecen la soluci\u00f3n ideal para los crecientes requisitos de la infraestructura de movilidad el\u00e9ctrica. Con una capacidad de transformaci\u00f3n de hasta 2.500 kVA y la opci\u00f3n de conectarse directamente a la red de distribuci\u00f3n p\u00fablica, garantizamos la m\u00e1xima eficiencia y flexibilidad.<\/p><p>Gracias a un espacio m\u00ednimo de menos de 10 m\u00b2, nuestros centros de transformaci\u00f3n compactos permiten un uso \u00f3ptimo del espacio, lo que resulta ideal para aparcamientos y aparcamientos de recarga. Los innovadores disyuntores del lado de baja tensi\u00f3n garantizan una alta eficiencia, una baja generaci\u00f3n de calor y un mantenimiento sencillo.<\/p><p>Ya sea como subestaci\u00f3n o como soluci\u00f3n de red directa, nuestros centros de transformaci\u00f3n est\u00e1n preparados para cualquier reto. Solic\u00edtenos ahora su estaci\u00f3n personalizada para infraestructuras de movilidad el\u00e9ctrica y conf\u00ede en la tecnolog\u00eda m\u00e1s avanzada y la m\u00e1xima calidad.<\/p>\t\t\t\t\t\t\t\t<\/div>\n\t\t\t\t<\/div>\n\t\t\t\t<div class=\"elementor-element elementor-element-3a04b2c elementor-widget-divider--view-line elementor-widget elementor-widget-divider\" data-id=\"3a04b2c\" data-element_type=\"widget\" data-e-type=\"widget\" data-widget_type=\"divider.default\">\n\t\t\t\t<div class=\"elementor-widget-container\">\n\t\t\t\t\t\t\t<div class=\"elementor-divider\">\n\t\t\t<span class=\"elementor-divider-separator\">\n\t\t\t\t\t\t<\/span>\n\t\t<\/div>\n\t\t\t\t\t\t<\/div>\n\t\t\t\t<\/div>\n\t\t\t\t<div class=\"elementor-element elementor-element-99a4078 elementor-widget elementor-widget-heading\" data-id=\"99a4078\" data-element_type=\"widget\" data-e-type=\"widget\" data-widget_type=\"heading.default\">\n\t\t\t\t<div class=\"elementor-widget-container\">\n\t\t\t\t\t<h2 class=\"elementor-heading-title elementor-size-default\">Solicite ahora una estaci\u00f3n compacta personalizada<\/h2>\t\t\t\t<\/div>\n\t\t\t\t<\/div>\n\t\t\t\t<div class=\"elementor-element elementor-element-94a9f8a elementor-widget elementor-widget-text-editor\" data-id=\"94a9f8a\" data-element_type=\"widget\" data-e-type=\"widget\" data-widget_type=\"text-editor.default\">\n\t\t\t\t<div class=\"elementor-widget-container\">\n\t\t\t\t\t\t\t\t\t<p>Nuestras subestaciones compactas impresionan por su versatilidad, dise\u00f1o compacto y tecnolog\u00eda punta. Ya sea para la industria, el comercio o la e-movilidad, con potencias de transformador de hasta 2.500 kVA, ofrecemos la soluci\u00f3n perfecta para cada necesidad.<\/p>\t\t\t\t\t\t\t\t<\/div>\n\t\t\t\t<\/div>\n\t\t\t\t<div class=\"elementor-element elementor-element-f0b08d6 elementor-align-center elementor-mobile-align-justify elementor-widget elementor-widget-button\" data-id=\"f0b08d6\" data-element_type=\"widget\" data-e-type=\"widget\" data-widget_type=\"button.default\">\n\t\t\t\t<div class=\"elementor-widget-container\">\n\t\t\t\t\t\t\t\t\t<div class=\"elementor-button-wrapper\">\n\t\t\t\t\t<a class=\"elementor-button elementor-button-link elementor-size-sm\" href=\"https:\/\/faber-etec.de\/es\/estacion-compacta\/#produktanfrage\" title=\"Estaci\u00f3n compacta - Solicitar estaci\u00f3n compacta\">\n\t\t\t\t\t\t<span class=\"elementor-button-content-wrapper\">\n\t\t\t\t\t\t<span class=\"elementor-button-icon\">\n\t\t\t\t<i aria-hidden=\"true\" class=\"fas fa-arrow-right\"><\/i>\t\t\t<\/span>\n\t\t\t\t\t\t\t\t\t<span class=\"elementor-button-text\">Solicitar estaci\u00f3n compacta<\/span>\n\t\t\t\t\t<\/span>\n\t\t\t\t\t<\/a>\n\t\t\t\t<\/div>\n\t\t\t\t\t\t\t\t<\/div>\n\t\t\t\t<\/div>\n\t\t\t\t<div class=\"elementor-element elementor-element-a3e0d28 elementor-widget-divider--view-line elementor-widget elementor-widget-divider\" data-id=\"a3e0d28\" data-element_type=\"widget\" data-e-type=\"widget\" data-widget_type=\"divider.default\">\n\t\t\t\t<div class=\"elementor-widget-container\">\n\t\t\t\t\t\t\t<div class=\"elementor-divider\">\n\t\t\t<span class=\"elementor-divider-separator\">\n\t\t\t\t\t\t<\/span>\n\t\t<\/div>\n\t\t\t\t\t\t<\/div>\n\t\t\t\t<\/div>\n\t\t\t\t<div class=\"elementor-element elementor-element-71ebabb elementor-widget elementor-widget-heading\" data-id=\"71ebabb\" data-element_type=\"widget\" data-e-type=\"widget\" data-widget_type=\"heading.default\">\n\t\t\t\t<div class=\"elementor-widget-container\">\n\t\t\t\t\t<h3 class=\"elementor-heading-title elementor-size-default\">Solicite un centro de transformaci\u00f3n en l\u00ednea - r\u00e1pido y f\u00e1cil<\/h3>\t\t\t\t<\/div>\n\t\t\t\t<\/div>\n\t\t\t\t<div class=\"elementor-element elementor-element-e37c1cf elementor-widget elementor-widget-text-editor\" data-id=\"e37c1cf\" data-element_type=\"widget\" data-e-type=\"widget\" data-widget_type=\"text-editor.default\">\n\t\t\t\t<div class=\"elementor-widget-container\">\n\t\t\t\t\t\t\t\t\t<p>Solicite informaci\u00f3n en l\u00ednea sobre su centro de transformaci\u00f3n y reciba soluciones personalizadas para sus necesidades, de forma r\u00e1pida, sencilla y directamente de los expertos. P\u00f3ngase en contacto con nosotros para planificar y realizar su estaci\u00f3n compacta individual. Ofrecemos soluciones personalizadas que se adaptan con precisi\u00f3n a sus necesidades.<\/p>\t\t\t\t\t\t\t\t<\/div>\n\t\t\t\t<\/div>\n\t\t\t\t<div class=\"elementor-element elementor-element-82a1c1f elementor-align-center elementor-widget elementor-widget-button\" data-id=\"82a1c1f\" data-element_type=\"widget\" data-e-type=\"widget\" data-widget_type=\"button.default\">\n\t\t\t\t<div class=\"elementor-widget-container\">\n\t\t\t\t\t\t\t\t\t<div class=\"elementor-button-wrapper\">\n\t\t\t\t\t<a class=\"elementor-button elementor-button-link elementor-size-sm\" href=\"https:\/\/faber-etec.de\/es\/solicitar\/\" title=\"Consultas - Solicite un centro de transformaci\u00f3n en l\u00ednea\">\n\t\t\t\t\t\t<span class=\"elementor-button-content-wrapper\">\n\t\t\t\t\t\t<span class=\"elementor-button-icon\">\n\t\t\t\t<i aria-hidden=\"true\" class=\"fas fa-arrow-right\"><\/i>\t\t\t<\/span>\n\t\t\t\t\t\t\t\t\t<span class=\"elementor-button-text\">Solicitar centro de transformaci\u00f3n en l\u00ednea<\/span>\n\t\t\t\t\t<\/span>\n\t\t\t\t\t<\/a>\n\t\t\t\t<\/div>\n\t\t\t\t\t\t\t\t<\/div>\n\t\t\t\t<\/div>\n\t\t\t\t<div class=\"elementor-element elementor-element-e4f6c52 elementor-widget-divider--view-line elementor-widget elementor-widget-divider\" data-id=\"e4f6c52\" data-element_type=\"widget\" data-e-type=\"widget\" data-widget_type=\"divider.default\">\n\t\t\t\t<div class=\"elementor-widget-container\">\n\t\t\t\t\t\t\t<div class=\"elementor-divider\">\n\t\t\t<span class=\"elementor-divider-separator\">\n\t\t\t\t\t\t<\/span>\n\t\t<\/div>\n\t\t\t\t\t\t<\/div>\n\t\t\t\t<\/div>\n\t\t\t\t<div class=\"elementor-element elementor-element-2689a99 elementor-widget elementor-widget-heading\" data-id=\"2689a99\" data-element_type=\"widget\" data-e-type=\"widget\" data-widget_type=\"heading.default\">\n\t\t\t\t<div class=\"elementor-widget-container\">\n\t\t\t\t\t<h4 class=\"elementor-heading-title elementor-size-default\">S\u00edganos.<\/h4>\t\t\t\t<\/div>\n\t\t\t\t<\/div>\n\t\t\t\t<div class=\"elementor-element elementor-element-c02b8b3 e-grid-align-left elementor-shape-rounded elementor-grid-0 elementor-widget elementor-widget-social-icons\" data-id=\"c02b8b3\" data-element_type=\"widget\" data-e-type=\"widget\" data-widget_type=\"social-icons.default\">\n\t\t\t\t<div class=\"elementor-widget-container\">\n\t\t\t\t\t\t\t<div class=\"elementor-social-icons-wrapper elementor-grid\" role=\"list\">\n\t\t\t\t\t\t\t<span class=\"elementor-grid-item\" role=\"listitem\">\n\t\t\t\t\t<a class=\"elementor-icon elementor-social-icon elementor-social-icon-instagram elementor-animation-grow elementor-repeater-item-c4ec2f4\" href=\"https:\/\/www.instagram.com\/faber.energy\/\" target=\"_blank\" title=\"S\u00edguenos en Instagram\" rel=\"noopener\">\n\t\t\t\t\t\t<span class=\"elementor-screen-only\">Instagram<\/span>\n\t\t\t\t\t\t<i aria-hidden=\"true\" class=\"fab fa-instagram\"><\/i>\t\t\t\t\t<\/a>\n\t\t\t\t<\/span>\n\t\t\t\t\t\t\t<span class=\"elementor-grid-item\" role=\"listitem\">\n\t\t\t\t\t<a class=\"elementor-icon elementor-social-icon elementor-social-icon-facebook elementor-animation-grow elementor-repeater-item-2651a5f\" href=\"https:\/\/www.facebook.com\/profile.php?id=61566434640105\" target=\"_blank\" title=\"S\u00edguenos en Facebook\" rel=\"noopener\">\n\t\t\t\t\t\t<span class=\"elementor-screen-only\">Facebook<\/span>\n\t\t\t\t\t\t<i aria-hidden=\"true\" class=\"fab fa-facebook\"><\/i>\t\t\t\t\t<\/a>\n\t\t\t\t<\/span>\n\t\t\t\t\t\t\t<span class=\"elementor-grid-item\" role=\"listitem\">\n\t\t\t\t\t<a class=\"elementor-icon elementor-social-icon elementor-social-icon-threads elementor-animation-grow elementor-repeater-item-c864bea\" href=\"https:\/\/www.threads.net\/@faber.energy\" target=\"_blank\" title=\"S\u00edguenos en hilos\" rel=\"noopener\">\n\t\t\t\t\t\t<span class=\"elementor-screen-only\">Hilos<\/span>\n\t\t\t\t\t\t<i aria-hidden=\"true\" class=\"fab fa-threads\"><\/i>\t\t\t\t\t<\/a>\n\t\t\t\t<\/span>\n\t\t\t\t\t\t\t<span class=\"elementor-grid-item\" role=\"listitem\">\n\t\t\t\t\t<a class=\"elementor-icon elementor-social-icon elementor-social-icon-linkedin elementor-animation-grow elementor-repeater-item-2b87a25\" href=\"https:\/\/www.linkedin.com\/company\/faber-etec\/\" target=\"_blank\" title=\"S\u00edguenos en Linkedin\" rel=\"noopener\">\n\t\t\t\t\t\t<span class=\"elementor-screen-only\">Linkedin<\/span>\n\t\t\t\t\t\t<i aria-hidden=\"true\" class=\"fab fa-linkedin\"><\/i>\t\t\t\t\t<\/a>\n\t\t\t\t<\/span>\n\t\t\t\t\t\t\t<span class=\"elementor-grid-item\" role=\"listitem\">\n\t\t\t\t\t<a class=\"elementor-icon elementor-social-icon elementor-social-icon-x-twitter elementor-animation-grow elementor-repeater-item-4ef3195\" href=\"https:\/\/x.com\/Faber_Energy\" target=\"_blank\" title=\"S\u00edguenos en X Twitter\">\n\t\t\t\t\t\t<span class=\"elementor-screen-only\">X-twitter<\/span>\n\t\t\t\t\t\t<i aria-hidden=\"true\" class=\"fab fa-x-twitter\"><\/i>\t\t\t\t\t<\/a>\n\t\t\t\t<\/span>\n\t\t\t\t\t\t\t<span class=\"elementor-grid-item\" role=\"listitem\">\n\t\t\t\t\t<a class=\"elementor-icon elementor-social-icon elementor-social-icon-youtube elementor-animation-grow elementor-repeater-item-837340d\" href=\"https:\/\/www.youtube.com\/@Faber.Energy\" target=\"_blank\" title=\"S\u00edganos en Youtube\" rel=\"noopener\">\n\t\t\t\t\t\t<span class=\"elementor-screen-only\">Youtube<\/span>\n\t\t\t\t\t\t<i aria-hidden=\"true\" class=\"fab fa-youtube\"><\/i>\t\t\t\t\t<\/a>\n\t\t\t\t<\/span>\n\t\t\t\t\t<\/div>\n\t\t\t\t\t\t<\/div>\n\t\t\t\t<\/div>\n\t\t\t\t\t<\/div>\n\t\t\t\t<\/div>\n\t\t\t\t<\/div>","protected":false},"excerpt":{"rendered":"<p>La estaci\u00f3n transformadora compacta de dise\u00f1o individual abastece las estaciones de carga r\u00e1pida de Bissendorf: potente, eficiente y con los colores del cliente.<\/p>","protected":false},"author":2,"featured_media":15048,"comment_status":"closed","ping_status":"open","sticky":false,"template":"","format":"standard","meta":{"_acf_changed":false,"footnotes":""},"categories":[9],"tags":[48,67],"class_list":["post-15047","post","type-post","status-publish","format-standard","has-post-thumbnail","hentry","category-projekte","tag-energieversorgung","tag-supercharger"],"acf":[],"_links":{"self":[{"href":"https:\/\/faber-etec.de\/es\/wp-json\/wp\/v2\/posts\/15047","targetHints":{"allow":["GET"]}}],"collection":[{"href":"https:\/\/faber-etec.de\/es\/wp-json\/wp\/v2\/posts"}],"about":[{"href":"https:\/\/faber-etec.de\/es\/wp-json\/wp\/v2\/types\/post"}],"author":[{"embeddable":true,"href":"https:\/\/faber-etec.de\/es\/wp-json\/wp\/v2\/users\/2"}],"replies":[{"embeddable":true,"href":"https:\/\/faber-etec.de\/es\/wp-json\/wp\/v2\/comments?post=15047"}],"version-history":[{"count":23,"href":"https:\/\/faber-etec.de\/es\/wp-json\/wp\/v2\/posts\/15047\/revisions"}],"predecessor-version":[{"id":15085,"href":"https:\/\/faber-etec.de\/es\/wp-json\/wp\/v2\/posts\/15047\/revisions\/15085"}],"wp:featuredmedia":[{"embeddable":true,"href":"https:\/\/faber-etec.de\/es\/wp-json\/wp\/v2\/media\/15048"}],"wp:attachment":[{"href":"https:\/\/faber-etec.de\/es\/wp-json\/wp\/v2\/media?parent=15047"}],"wp:term":[{"taxonomy":"category","embeddable":true,"href":"https:\/\/faber-etec.de\/es\/wp-json\/wp\/v2\/categories?post=15047"},{"taxonomy":"post_tag","embeddable":true,"href":"https:\/\/faber-etec.de\/es\/wp-json\/wp\/v2\/tags?post=15047"}],"curies":[{"name":"wp","href":"https:\/\/api.w.org\/{rel}","templated":true}]}}