{"id":15088,"date":"2024-12-12T15:05:16","date_gmt":"2024-12-12T14:05:16","guid":{"rendered":"https:\/\/faber-etec.de\/?p=15088"},"modified":"2025-10-30T20:58:44","modified_gmt":"2025-10-30T19:58:44","slug":"repowering-solarparks","status":"publish","type":"post","link":"https:\/\/faber-etec.de\/es\/news\/repowering-solarparks\/","title":{"rendered":"Nueva construcci\u00f3n y repotenciaci\u00f3n de un parque solar en Ohorn"},"content":{"rendered":"<div data-elementor-type=\"wp-post\" data-elementor-id=\"15088\" class=\"elementor elementor-15088\" data-elementor-post-type=\"post\">\n\t\t\t\t<div class=\"elementor-element elementor-element-49f85ac e-flex e-con-boxed e-con e-parent\" data-id=\"49f85ac\" data-element_type=\"container\" data-e-type=\"container\">\n\t\t\t\t\t<div class=\"e-con-inner\">\n\t\t\t\t<div class=\"elementor-element elementor-element-1ae167e elementor-widget elementor-widget-heading\" data-id=\"1ae167e\" data-element_type=\"widget\" data-e-type=\"widget\" data-widget_type=\"heading.default\">\n\t\t\t\t<div class=\"elementor-widget-container\">\n\t\t\t\t\t<span class=\"elementor-heading-title elementor-size-default\">REPOTENCIACI\u00d3N DEL PARQUE SOLAR<\/span>\t\t\t\t<\/div>\n\t\t\t\t<\/div>\n\t\t\t\t<div class=\"elementor-element elementor-element-b89c319 elementor-widget elementor-widget-heading\" data-id=\"b89c319\" data-element_type=\"widget\" data-e-type=\"widget\" data-widget_type=\"heading.default\">\n\t\t\t\t<div class=\"elementor-widget-container\">\n\t\t\t\t\t<h2 class=\"elementor-heading-title elementor-size-default\">Trabajar juntos en proyectos energ\u00e9ticos sostenibles y eficientes: la combinaci\u00f3n ideal<\/h2>\t\t\t\t<\/div>\n\t\t\t\t<\/div>\n\t\t\t\t<div class=\"elementor-element elementor-element-5d02981 elementor-widget elementor-widget-text-editor\" data-id=\"5d02981\" data-element_type=\"widget\" data-e-type=\"widget\" data-widget_type=\"text-editor.default\">\n\t\t\t\t<div class=\"elementor-widget-container\">\n\t\t\t\t\t\t\t\t\t<p>En Ohorn (Sajonia) se est\u00e1 construyendo un moderno parque solar con una potencia total de 3,3 megavatios. El parque combina un sistema fotovoltaico de nueva construcci\u00f3n con un sistema existente modernizado que se est\u00e1 poniendo de nuevo en servicio. Esta combinaci\u00f3n garantiza un nivel especialmente alto de eficiencia y rentabilidad.<\/p>\t\t\t\t\t\t\t\t<\/div>\n\t\t\t\t<\/div>\n\t\t\t\t<div class=\"elementor-element elementor-element-49fb8ef elementor-widget elementor-widget-image\" data-id=\"49fb8ef\" data-element_type=\"widget\" data-e-type=\"widget\" data-widget_type=\"image.default\">\n\t\t\t\t<div class=\"elementor-widget-container\">\n\t\t\t\t\t\t\t\t\t\t\t\t<figure class=\"wp-caption\">\n\t\t\t\t\t\t\t\t\t\t<img fetchpriority=\"high\" decoding=\"async\" width=\"800\" height=\"534\" src=\"https:\/\/faber-etec.de\/wp-content\/uploads\/sites\/3\/2024\/12\/Ohorn-Solarpark-2024-DSC02587-1024x683.jpg\" class=\"attachment-large size-large wp-image-15114\" alt=\"-\" srcset=\"https:\/\/faber-etec.de\/wp-content\/uploads\/sites\/3\/2024\/12\/Ohorn-Solarpark-2024-DSC02587-1024x683.jpg 1024w, https:\/\/faber-etec.de\/wp-content\/uploads\/sites\/3\/2024\/12\/Ohorn-Solarpark-2024-DSC02587-300x200.jpg 300w, https:\/\/faber-etec.de\/wp-content\/uploads\/sites\/3\/2024\/12\/Ohorn-Solarpark-2024-DSC02587-768x512.jpg 768w, https:\/\/faber-etec.de\/wp-content\/uploads\/sites\/3\/2024\/12\/Ohorn-Solarpark-2024-DSC02587-18x12.jpg 18w, https:\/\/faber-etec.de\/wp-content\/uploads\/sites\/3\/2024\/12\/Ohorn-Solarpark-2024-DSC02587.jpg 1500w\" sizes=\"(max-width: 800px) 100vw, 800px\" title=\"Parque Solar Ohorn 2024 - DSC02587\">\t\t\t\t\t\t\t\t\t\t\t<figcaption class=\"widget-image-caption wp-caption-text\"><\/figcaption>\n\t\t\t\t\t\t\t\t\t\t<\/figure>\n\t\t\t\t\t\t\t\t\t<\/div>\n\t\t\t\t<\/div>\n\t\t\t\t<div class=\"elementor-element elementor-element-8e9a426 elementor-widget elementor-widget-text-editor\" data-id=\"8e9a426\" data-element_type=\"widget\" data-e-type=\"widget\" data-widget_type=\"text-editor.default\">\n\t\t\t\t<div class=\"elementor-widget-container\">\n\t\t\t\t\t\t\t\t\t<p>La realizaci\u00f3n con \u00e9xito del <b>Parques solares <\/b>en\u00a0<a href=\"https:\/\/www.ohorn-sachsen.de\/aktuelles.html\" title=\"Noticias.html - Ohorn\" target=\"_blank\" rel=\"noopener\">Ohorn<\/a>\u00a0demuestra de manera impresionante la fuerza de la cooperaci\u00f3n entre\u00a0<a href=\"https:\/\/faber-solartechnik.de\/\" title=\" - Tecnolog\u00eda solar Faber\" target=\"_blank\" rel=\"noopener\">Tecnolog\u00eda solar Faber<\/a>\u00a0y Faber<a href=\"https:\/\/faber-etec.de\/es\/\" title=\" - E-Tec\" target=\"_blank\" rel=\"noopener\"> E-Tec<\/a>. Esta combinaci\u00f3n \u00fanica de dos divisiones especializadas nos permite ofrecer proyectos desde la planificaci\u00f3n y la construcci\u00f3n hasta soluciones de conexi\u00f3n a la red de un solo proveedor.<\/p><p>Faber E-Tec complementa estas competencias con innovadoras <strong>Centros de transformaci\u00f3n compactos<\/strong>que se adaptan especialmente a los requisitos de parques solares, infraestructuras de movilidad el\u00e9ctrica y proyectos industriales. La conexi\u00f3n precisa a la red de media tensi\u00f3n y la fiabilidad de la tecnolog\u00eda garantizan el rendimiento y la eficiencia a largo plazo de los sistemas.<\/p><p>Gracias a la estrecha colaboraci\u00f3n entre Faber Solartechnik y Faber E-Tec, realizamos proyectos de forma eficiente, con la m\u00e1xima calidad y en el menor tiempo posible. Juntos establecemos nuevos est\u00e1ndares con soluciones sostenibles y preparadas para el futuro.<\/p>\t\t\t\t\t\t\t\t<\/div>\n\t\t\t\t<\/div>\n\t\t\t\t<div class=\"elementor-element elementor-element-143a9aa elementor-widget elementor-widget-image\" data-id=\"143a9aa\" data-element_type=\"widget\" data-e-type=\"widget\" data-widget_type=\"image.default\">\n\t\t\t\t<div class=\"elementor-widget-container\">\n\t\t\t\t\t\t\t\t\t\t\t\t<figure class=\"wp-caption\">\n\t\t\t\t\t\t\t\t\t\t<img decoding=\"async\" width=\"800\" height=\"400\" src=\"https:\/\/faber-etec.de\/wp-content\/uploads\/sites\/3\/2024\/12\/Ohorn-Solarpark-Drohne-4-1024x512.avif\" class=\"attachment-large size-large wp-image-15095\" alt=\"Vista con dron de la instalaci\u00f3n de m\u00f3dulos retr\u00e1ctiles en el parque solar de Ohorn. Nueva estaci\u00f3n transformadora compacta \/ estaci\u00f3n compacta de Faber E-Tec.\" srcset=\"https:\/\/faber-etec.de\/wp-content\/uploads\/sites\/3\/2024\/12\/Ohorn-Solarpark-Drohne-4-1024x512.avif 1024w, https:\/\/faber-etec.de\/wp-content\/uploads\/sites\/3\/2024\/12\/Ohorn-Solarpark-Drohne-4-300x150.avif 300w, https:\/\/faber-etec.de\/wp-content\/uploads\/sites\/3\/2024\/12\/Ohorn-Solarpark-Drohne-4-768x384.avif 768w, https:\/\/faber-etec.de\/wp-content\/uploads\/sites\/3\/2024\/12\/Ohorn-Solarpark-Drohne-4-1536x768.avif 1536w, https:\/\/faber-etec.de\/wp-content\/uploads\/sites\/3\/2024\/12\/Ohorn-Solarpark-Drohne-4-2048x1024.avif 2048w, https:\/\/faber-etec.de\/wp-content\/uploads\/sites\/3\/2024\/12\/Ohorn-Solarpark-Drohne-4-18x9.avif 18w\" sizes=\"(max-width: 800px) 100vw, 800px\" title=\"Retrato de m\u00f3dulos en el parque solar de Ohorn - imagen de dron\" \/>\t\t\t\t\t\t\t\t\t\t\t<figcaption class=\"widget-image-caption wp-caption-text\">Esta imagen de dron muestra la instalaci\u00f3n de los m\u00f3dulos retr\u00e1ctiles orientados al sur en el parque solar de Ohorn, para lograr la m\u00e1xima eficiencia durante todo el a\u00f1o.<\/figcaption>\n\t\t\t\t\t\t\t\t\t\t<\/figure>\n\t\t\t\t\t\t\t\t\t<\/div>\n\t\t\t\t<\/div>\n\t\t\t\t<div class=\"elementor-element elementor-element-af4b162 elementor-widget-divider--view-line elementor-widget elementor-widget-divider\" data-id=\"af4b162\" data-element_type=\"widget\" data-e-type=\"widget\" data-widget_type=\"divider.default\">\n\t\t\t\t<div class=\"elementor-widget-container\">\n\t\t\t\t\t\t\t<div class=\"elementor-divider\">\n\t\t\t<span class=\"elementor-divider-separator\">\n\t\t\t\t\t\t<\/span>\n\t\t<\/div>\n\t\t\t\t\t\t<\/div>\n\t\t\t\t<\/div>\n\t\t\t\t<div class=\"elementor-element elementor-element-a61a37d elementor-widget elementor-widget-heading\" data-id=\"a61a37d\" data-element_type=\"widget\" data-e-type=\"widget\" data-widget_type=\"heading.default\">\n\t\t\t\t<div class=\"elementor-widget-container\">\n\t\t\t\t\t<h3 class=\"elementor-heading-title elementor-size-default\">El parque solar de Ohorn se caracteriza por las siguientes particularidades<\/h3>\t\t\t\t<\/div>\n\t\t\t\t<\/div>\n\t\t\t\t<div class=\"elementor-element elementor-element-4927f5f elementor-widget elementor-widget-text-editor\" data-id=\"4927f5f\" data-element_type=\"widget\" data-e-type=\"widget\" data-widget_type=\"text-editor.default\">\n\t\t\t\t<div class=\"elementor-widget-container\">\n\t\t\t\t\t\t\t\t\t<h4>Nueva instalaci\u00f3n y repotenciaci\u00f3n<\/h4><p>Dos tercios de la producci\u00f3n total proceden de un sistema fotovoltaico reci\u00e9n instalado, orientado al sur y con tres m\u00f3dulos retr\u00e1ctiles. Esta orientaci\u00f3n garantiza un rendimiento el\u00e9ctrico \u00f3ptimo durante todo el a\u00f1o. Un tercio del parque consiste en un sistema de repotenciaci\u00f3n, que permite al cliente seguir utilizando la tarifa EEG existente. Estas tarifas suelen ser significativamente superiores a las actuales tarifas de alimentaci\u00f3n, lo que aumenta considerablemente la rentabilidad del parque.<\/p><h4>Construcci\u00f3n invernal: retos y soluciones<\/h4><p>La construcci\u00f3n se lleva a cabo espec\u00edficamente en invierno, ya que el rendimiento el\u00e9ctrico del sistema fotovoltaico es bajo en esta \u00e9poca del a\u00f1o de todos modos. Esto reduce los posibles tiempos de inactividad en la generaci\u00f3n de energ\u00eda. A pesar de las condiciones meteorol\u00f3gicas adversas, como la nieve, las heladas y el deshielo, la maquinaria de alta calidad de Faber Solartechnik y los experimentados equipos de construcci\u00f3n garantizan una realizaci\u00f3n sin problemas in situ.<\/p>\t\t\t\t\t\t\t\t<\/div>\n\t\t\t\t<\/div>\n\t\t\t\t<div class=\"elementor-element elementor-element-dc7c326 elementor-widget__width-initial elementor-widget elementor-widget-gallery\" data-id=\"dc7c326\" data-element_type=\"widget\" data-e-type=\"widget\" data-settings=\"{&quot;gallery_layout&quot;:&quot;masonry&quot;,&quot;columns&quot;:2,&quot;lazyload&quot;:&quot;yes&quot;,&quot;columns_tablet&quot;:2,&quot;columns_mobile&quot;:1,&quot;gap&quot;:{&quot;unit&quot;:&quot;px&quot;,&quot;size&quot;:10,&quot;sizes&quot;:[]},&quot;gap_laptop&quot;:{&quot;unit&quot;:&quot;px&quot;,&quot;size&quot;:10,&quot;sizes&quot;:[]},&quot;gap_tablet_extra&quot;:{&quot;unit&quot;:&quot;px&quot;,&quot;size&quot;:10,&quot;sizes&quot;:[]},&quot;gap_tablet&quot;:{&quot;unit&quot;:&quot;px&quot;,&quot;size&quot;:10,&quot;sizes&quot;:[]},&quot;gap_mobile&quot;:{&quot;unit&quot;:&quot;px&quot;,&quot;size&quot;:10,&quot;sizes&quot;:[]},&quot;overlay_background&quot;:&quot;yes&quot;,&quot;content_hover_animation&quot;:&quot;fade-in&quot;}\" data-widget_type=\"gallery.default\">\n\t\t\t\t<div class=\"elementor-widget-container\">\n\t\t\t\t\t\t\t<div class=\"elementor-gallery__container\">\n\t\t\t\t\t\t\t<div class=\"e-gallery-item elementor-gallery-item elementor-animated-content\">\n\t\t\t\t\t<div class=\"e-gallery-image elementor-gallery-item__image\" data-thumbnail=\"https:\/\/faber-etec.de\/wp-content\/uploads\/sites\/3\/2024\/12\/Ohorn-Solarpark-2024-DSC02327-768x512.jpg\" data-width=\"768\" data-height=\"512\" aria-label=\"\" role=\"img\" ><\/div>\n\t\t\t\t\t\t\t\t\t\t\t<div class=\"elementor-gallery-item__overlay\"><\/div>\n\t\t\t\t\t\t\t\t\t\t\t\t\t\t<\/div>\n\t\t\t\t\t\t\t<div class=\"e-gallery-item elementor-gallery-item elementor-animated-content\">\n\t\t\t\t\t<div class=\"e-gallery-image elementor-gallery-item__image\" data-thumbnail=\"https:\/\/faber-etec.de\/wp-content\/uploads\/sites\/3\/2024\/12\/Ohorn-Solarpark-2024-DSC02138-768x512.jpg\" data-width=\"768\" data-height=\"512\" aria-label=\"\" role=\"img\" ><\/div>\n\t\t\t\t\t\t\t\t\t\t\t<div class=\"elementor-gallery-item__overlay\"><\/div>\n\t\t\t\t\t\t\t\t\t\t\t\t\t\t<\/div>\n\t\t\t\t\t\t\t<div class=\"e-gallery-item elementor-gallery-item elementor-animated-content\">\n\t\t\t\t\t<div class=\"e-gallery-image elementor-gallery-item__image\" data-thumbnail=\"https:\/\/faber-etec.de\/wp-content\/uploads\/sites\/3\/2024\/12\/Ohorn-Solarpark-2024-DSC02087-768x512.jpg\" data-width=\"768\" data-height=\"512\" aria-label=\"\" role=\"img\" ><\/div>\n\t\t\t\t\t\t\t\t\t\t\t<div class=\"elementor-gallery-item__overlay\"><\/div>\n\t\t\t\t\t\t\t\t\t\t\t\t\t\t<\/div>\n\t\t\t\t\t\t\t<div class=\"e-gallery-item elementor-gallery-item elementor-animated-content\">\n\t\t\t\t\t<div class=\"e-gallery-image elementor-gallery-item__image\" data-thumbnail=\"https:\/\/faber-etec.de\/wp-content\/uploads\/sites\/3\/2024\/12\/Ohorn-Solarpark-2024-DSC02381-768x512.jpg\" data-width=\"768\" data-height=\"512\" aria-label=\"\" role=\"img\" ><\/div>\n\t\t\t\t\t\t\t\t\t\t\t<div class=\"elementor-gallery-item__overlay\"><\/div>\n\t\t\t\t\t\t\t\t\t\t\t\t\t\t<\/div>\n\t\t\t\t\t<\/div>\n\t\t\t\t\t<\/div>\n\t\t\t\t<\/div>\n\t\t\t\t<div class=\"elementor-element elementor-element-0d631c9 elementor-widget-divider--view-line elementor-widget elementor-widget-divider\" data-id=\"0d631c9\" data-element_type=\"widget\" data-e-type=\"widget\" data-widget_type=\"divider.default\">\n\t\t\t\t<div class=\"elementor-widget-container\">\n\t\t\t\t\t\t\t<div class=\"elementor-divider\">\n\t\t\t<span class=\"elementor-divider-separator\">\n\t\t\t\t\t\t<\/span>\n\t\t<\/div>\n\t\t\t\t\t\t<\/div>\n\t\t\t\t<\/div>\n\t\t\t\t<div class=\"elementor-element elementor-element-46a64fa elementor-widget elementor-widget-text-editor\" data-id=\"46a64fa\" data-element_type=\"widget\" data-e-type=\"widget\" data-widget_type=\"text-editor.default\">\n\t\t\t\t<div class=\"elementor-widget-container\">\n\t\t\t\t\t\t\t\t\t<h3>Faber E-Tec: la estaci\u00f3n transformadora en el punto de mira<\/h3><p>Un aspecto central del proyecto es la <a href=\"https:\/\/faber-etec.de\/es\/estacion-compacta\/\" title=\"Centro compacto - Centro compacto transformador\">Centro de transformaci\u00f3n compacto<\/a> de Faber E-Tec, que conecta eficazmente el parque solar a la <a href=\"https:\/\/faber-etec.de\/es\/productos\/\" title=\"Productos - Red de media tensi\u00f3n\">Red de media tensi\u00f3n<\/a> conectados. Nuestra innovadora tecnolog\u00eda ofrece numerosas ventajas:<\/p><h4>Potente transformador<\/h4><p>El parque solar est\u00e1 conectado a la infraestructura existente con un transformador de 3.150 kVA. Esta robusta soluci\u00f3n garantiza que se pueda cubrir sin problemas el aumento de la demanda de energ\u00eda.<\/p><h4>Aparamenta moderna<\/h4><p>La conexi\u00f3n se realiza mediante un sistema de conmutaci\u00f3n de alta calidad de Schneider Electric, especialmente dise\u00f1ado para su uso en proyectos exigentes. Adem\u00e1s, se realiza un cambio de transformador para cumplir los nuevos requisitos de rendimiento.<\/p><h4>Ejecuci\u00f3n eficiente desde una \u00fanica fuente<\/h4><p>Gracias a la cooperaci\u00f3n entre Faber Solartechnik y Faber E-Tec, todo el proyecto se realiza con personal propio. Esto permite una realizaci\u00f3n r\u00e1pida y rentable, una verdadera ventaja para nuestros clientes.<\/p>\t\t\t\t\t\t\t\t<\/div>\n\t\t\t\t<\/div>\n\t\t\t\t<div class=\"elementor-element elementor-element-075fd80 elementor-widget elementor-widget-image\" data-id=\"075fd80\" data-element_type=\"widget\" data-e-type=\"widget\" data-widget_type=\"image.default\">\n\t\t\t\t<div class=\"elementor-widget-container\">\n\t\t\t\t\t\t\t\t\t\t\t\t<figure class=\"wp-caption\">\n\t\t\t\t\t\t\t\t\t\t<img decoding=\"async\" width=\"800\" height=\"452\" src=\"https:\/\/faber-etec.de\/wp-content\/uploads\/sites\/3\/2024\/12\/Ohorn-Solarpark-2024-DSC02193-1024x578.jpg\" class=\"attachment-large size-large wp-image-15127\" alt=\"-\" srcset=\"https:\/\/faber-etec.de\/wp-content\/uploads\/sites\/3\/2024\/12\/Ohorn-Solarpark-2024-DSC02193-1024x578.jpg 1024w, https:\/\/faber-etec.de\/wp-content\/uploads\/sites\/3\/2024\/12\/Ohorn-Solarpark-2024-DSC02193-300x169.jpg 300w, https:\/\/faber-etec.de\/wp-content\/uploads\/sites\/3\/2024\/12\/Ohorn-Solarpark-2024-DSC02193-768x433.jpg 768w, https:\/\/faber-etec.de\/wp-content\/uploads\/sites\/3\/2024\/12\/Ohorn-Solarpark-2024-DSC02193-18x10.jpg 18w, https:\/\/faber-etec.de\/wp-content\/uploads\/sites\/3\/2024\/12\/Ohorn-Solarpark-2024-DSC02193.jpg 1500w\" sizes=\"(max-width: 800px) 100vw, 800px\" title=\"Parque solar de Ohorn 2024 - DSC02193\">\t\t\t\t\t\t\t\t\t\t\t<figcaption class=\"widget-image-caption wp-caption-text\"><\/figcaption>\n\t\t\t\t\t\t\t\t\t\t<\/figure>\n\t\t\t\t\t\t\t\t\t<\/div>\n\t\t\t\t<\/div>\n\t\t\t\t<div class=\"elementor-element elementor-element-f3cabe4 elementor-widget__width-initial elementor-widget elementor-widget-gallery\" data-id=\"f3cabe4\" data-element_type=\"widget\" data-e-type=\"widget\" data-settings=\"{&quot;gallery_layout&quot;:&quot;masonry&quot;,&quot;columns&quot;:2,&quot;lazyload&quot;:&quot;yes&quot;,&quot;columns_tablet&quot;:2,&quot;columns_mobile&quot;:1,&quot;gap&quot;:{&quot;unit&quot;:&quot;px&quot;,&quot;size&quot;:10,&quot;sizes&quot;:[]},&quot;gap_laptop&quot;:{&quot;unit&quot;:&quot;px&quot;,&quot;size&quot;:10,&quot;sizes&quot;:[]},&quot;gap_tablet_extra&quot;:{&quot;unit&quot;:&quot;px&quot;,&quot;size&quot;:10,&quot;sizes&quot;:[]},&quot;gap_tablet&quot;:{&quot;unit&quot;:&quot;px&quot;,&quot;size&quot;:10,&quot;sizes&quot;:[]},&quot;gap_mobile&quot;:{&quot;unit&quot;:&quot;px&quot;,&quot;size&quot;:10,&quot;sizes&quot;:[]},&quot;overlay_background&quot;:&quot;yes&quot;,&quot;content_hover_animation&quot;:&quot;fade-in&quot;}\" data-widget_type=\"gallery.default\">\n\t\t\t\t<div class=\"elementor-widget-container\">\n\t\t\t\t\t\t\t<div class=\"elementor-gallery__container\">\n\t\t\t\t\t\t\t<div class=\"e-gallery-item elementor-gallery-item elementor-animated-content\">\n\t\t\t\t\t<div class=\"e-gallery-image elementor-gallery-item__image\" data-thumbnail=\"https:\/\/faber-etec.de\/wp-content\/uploads\/sites\/3\/2024\/12\/Ohorn-Solarpark-2024-DSC02099-768x512.jpg\" data-width=\"768\" data-height=\"512\" aria-label=\"\" role=\"img\" ><\/div>\n\t\t\t\t\t\t\t\t\t\t\t<div class=\"elementor-gallery-item__overlay\"><\/div>\n\t\t\t\t\t\t\t\t\t\t\t\t\t\t<\/div>\n\t\t\t\t\t\t\t<div class=\"e-gallery-item elementor-gallery-item elementor-animated-content\">\n\t\t\t\t\t<div class=\"e-gallery-image elementor-gallery-item__image\" data-thumbnail=\"https:\/\/faber-etec.de\/wp-content\/uploads\/sites\/3\/2024\/12\/Ohorn-Solarpark-2024-DSC02454-768x512.jpg\" data-width=\"768\" data-height=\"512\" aria-label=\"\" role=\"img\" ><\/div>\n\t\t\t\t\t\t\t\t\t\t\t<div class=\"elementor-gallery-item__overlay\"><\/div>\n\t\t\t\t\t\t\t\t\t\t\t\t\t\t<\/div>\n\t\t\t\t\t\t\t<div class=\"e-gallery-item elementor-gallery-item elementor-animated-content\">\n\t\t\t\t\t<div class=\"e-gallery-image elementor-gallery-item__image\" data-thumbnail=\"https:\/\/faber-etec.de\/wp-content\/uploads\/sites\/3\/2024\/12\/Ohorn-Solarpark-2024-DSC02517-768x512.jpg\" data-width=\"768\" data-height=\"512\" aria-label=\"\" role=\"img\" ><\/div>\n\t\t\t\t\t\t\t\t\t\t\t<div class=\"elementor-gallery-item__overlay\"><\/div>\n\t\t\t\t\t\t\t\t\t\t\t\t\t\t<\/div>\n\t\t\t\t\t\t\t<div class=\"e-gallery-item elementor-gallery-item elementor-animated-content\">\n\t\t\t\t\t<div class=\"e-gallery-image elementor-gallery-item__image\" data-thumbnail=\"https:\/\/faber-etec.de\/wp-content\/uploads\/sites\/3\/2024\/12\/Ohorn-Solarpark-2024-DSC01991-768x512.jpg\" data-width=\"768\" data-height=\"512\" aria-label=\"\" role=\"img\" ><\/div>\n\t\t\t\t\t\t\t\t\t\t\t<div class=\"elementor-gallery-item__overlay\"><\/div>\n\t\t\t\t\t\t\t\t\t\t\t\t\t\t<\/div>\n\t\t\t\t\t\t\t<div class=\"e-gallery-item elementor-gallery-item elementor-animated-content\">\n\t\t\t\t\t<div class=\"e-gallery-image elementor-gallery-item__image\" data-thumbnail=\"https:\/\/faber-etec.de\/wp-content\/uploads\/sites\/3\/2024\/12\/Ohorn-Solarpark-Drohne-2-768x384.avif\" data-width=\"768\" data-height=\"384\" aria-label=\"Imagen de dron de la estaci\u00f3n transformadora compacta en el parque solar de Ohorn. Nueva estaci\u00f3n transformadora compacta \/ estaci\u00f3n compacta de Faber E-Tec.\" role=\"img\" ><\/div>\n\t\t\t\t\t\t\t\t\t\t\t<div class=\"elementor-gallery-item__overlay\"><\/div>\n\t\t\t\t\t\t\t\t\t\t\t\t\t\t<\/div>\n\t\t\t\t\t\t\t<div class=\"e-gallery-item elementor-gallery-item elementor-animated-content\">\n\t\t\t\t\t<div class=\"e-gallery-image elementor-gallery-item__image\" data-thumbnail=\"https:\/\/faber-etec.de\/wp-content\/uploads\/sites\/3\/2024\/12\/Ohorn-Solarpark-Drohne-1-768x384.avif\" data-width=\"768\" data-height=\"384\" aria-label=\"Vista a\u00e9rea del parque solar de Ohorn con el terreno cubierto de nieve en invierno. Nueva estaci\u00f3n transformadora compacta \/ estaci\u00f3n compacta de Faber E-Tec\" role=\"img\" ><\/div>\n\t\t\t\t\t\t\t\t\t\t\t<div class=\"elementor-gallery-item__overlay\"><\/div>\n\t\t\t\t\t\t\t\t\t\t\t\t\t\t<\/div>\n\t\t\t\t\t\t\t<div class=\"e-gallery-item elementor-gallery-item elementor-animated-content\">\n\t\t\t\t\t<div class=\"e-gallery-image elementor-gallery-item__image\" data-thumbnail=\"https:\/\/faber-etec.de\/wp-content\/uploads\/sites\/3\/2024\/12\/Ohorn-Solarpark-2024-DSC02121-768x512.jpg\" data-width=\"768\" data-height=\"512\" aria-label=\"\" role=\"img\" ><\/div>\n\t\t\t\t\t\t\t\t\t\t\t<div class=\"elementor-gallery-item__overlay\"><\/div>\n\t\t\t\t\t\t\t\t\t\t\t\t\t\t<\/div>\n\t\t\t\t\t\t\t<div class=\"e-gallery-item elementor-gallery-item elementor-animated-content\">\n\t\t\t\t\t<div class=\"e-gallery-image elementor-gallery-item__image\" data-thumbnail=\"https:\/\/faber-etec.de\/wp-content\/uploads\/sites\/3\/2024\/12\/Ohorn-Solarpark-Drohne-3-768x384.avif\" data-width=\"768\" data-height=\"384\" aria-label=\"Vista a\u00e9rea de la zona de repotenciaci\u00f3n en el parque solar de Ohorn con el paisaje cubierto de nieve. Nueva estaci\u00f3n transformadora compacta \/ estaci\u00f3n compacta de Faber E-Tec.\" role=\"img\" ><\/div>\n\t\t\t\t\t\t\t\t\t\t\t<div class=\"elementor-gallery-item__overlay\"><\/div>\n\t\t\t\t\t\t\t\t\t\t\t\t\t\t<\/div>\n\t\t\t\t\t\t\t<div class=\"e-gallery-item elementor-gallery-item elementor-animated-content\">\n\t\t\t\t\t<div class=\"e-gallery-image elementor-gallery-item__image\" data-thumbnail=\"https:\/\/faber-etec.de\/wp-content\/uploads\/sites\/3\/2024\/12\/Ohorn-Solarpark-2024-DSC02465-768x1152.jpg\" data-width=\"768\" data-height=\"1152\" aria-label=\"\" role=\"img\" ><\/div>\n\t\t\t\t\t\t\t\t\t\t\t<div class=\"elementor-gallery-item__overlay\"><\/div>\n\t\t\t\t\t\t\t\t\t\t\t\t\t\t<\/div>\n\t\t\t\t\t\t\t<div class=\"e-gallery-item elementor-gallery-item elementor-animated-content\">\n\t\t\t\t\t<div class=\"e-gallery-image elementor-gallery-item__image\" data-thumbnail=\"https:\/\/faber-etec.de\/wp-content\/uploads\/sites\/3\/2024\/12\/Ohorn-Solarpark-2024-DSC02378-768x512.jpg\" data-width=\"768\" data-height=\"512\" aria-label=\"\" role=\"img\" ><\/div>\n\t\t\t\t\t\t\t\t\t\t\t<div class=\"elementor-gallery-item__overlay\"><\/div>\n\t\t\t\t\t\t\t\t\t\t\t\t\t\t<\/div>\n\t\t\t\t\t\t\t<div class=\"e-gallery-item elementor-gallery-item elementor-animated-content\">\n\t\t\t\t\t<div class=\"e-gallery-image elementor-gallery-item__image\" data-thumbnail=\"https:\/\/faber-etec.de\/wp-content\/uploads\/sites\/3\/2024\/12\/Ohorn-Solarpark-Drohne-5-768x423.avif\" data-width=\"768\" data-height=\"423\" aria-label=\"Instalaciones fotovoltaicas orientadas al sur en el parque solar de Ohorn. Nueva estaci\u00f3n transformadora compacta \/ estaci\u00f3n compacta de Faber E-Tec\" role=\"img\" ><\/div>\n\t\t\t\t\t\t\t\t\t\t\t<div class=\"elementor-gallery-item__overlay\"><\/div>\n\t\t\t\t\t\t\t\t\t\t\t\t\t\t<\/div>\n\t\t\t\t\t\t\t<div class=\"e-gallery-item elementor-gallery-item elementor-animated-content\">\n\t\t\t\t\t<div class=\"e-gallery-image elementor-gallery-item__image\" data-thumbnail=\"https:\/\/faber-etec.de\/wp-content\/uploads\/sites\/3\/2024\/12\/Ohorn-Solarpark-2024-DSC02576-768x512.jpg\" data-width=\"768\" data-height=\"512\" aria-label=\"\" role=\"img\" ><\/div>\n\t\t\t\t\t\t\t\t\t\t\t<div class=\"elementor-gallery-item__overlay\"><\/div>\n\t\t\t\t\t\t\t\t\t\t\t\t\t\t<\/div>\n\t\t\t\t\t<\/div>\n\t\t\t\t\t<\/div>\n\t\t\t\t<\/div>\n\t\t\t\t<div class=\"elementor-element elementor-element-eb1a183 elementor-widget-divider--view-line elementor-widget elementor-widget-divider\" data-id=\"eb1a183\" data-element_type=\"widget\" data-e-type=\"widget\" data-widget_type=\"divider.default\">\n\t\t\t\t<div class=\"elementor-widget-container\">\n\t\t\t\t\t\t\t<div class=\"elementor-divider\">\n\t\t\t<span class=\"elementor-divider-separator\">\n\t\t\t\t\t\t<\/span>\n\t\t<\/div>\n\t\t\t\t\t\t<\/div>\n\t\t\t\t<\/div>\n\t\t\t\t<div class=\"elementor-element elementor-element-a825d5b elementor-widget elementor-widget-heading\" data-id=\"a825d5b\" data-element_type=\"widget\" data-e-type=\"widget\" data-widget_type=\"heading.default\">\n\t\t\t\t<div class=\"elementor-widget-container\">\n\t\t\t\t\t<h2 class=\"elementor-heading-title elementor-size-default\">Un proyecto ejemplar en t\u00e9rminos de sostenibilidad<\/h2>\t\t\t\t<\/div>\n\t\t\t\t<\/div>\n\t\t\t\t<div class=\"elementor-element elementor-element-6c2a07e elementor-widget elementor-widget-text-editor\" data-id=\"6c2a07e\" data-element_type=\"widget\" data-e-type=\"widget\" data-widget_type=\"text-editor.default\">\n\t\t\t\t<div class=\"elementor-widget-container\">\n\t\t\t\t\t\t\t\t\t<p>El parque solar de Ohorn demuestra de forma impresionante c\u00f3mo la moderna tecnolog\u00eda solar y unas conexiones a la red bien pensadas pueden trabajar juntas para realizar proyectos energ\u00e9ticos sostenibles al m\u00e1s alto nivel. Est\u00e1 previsto que las obras concluyan en el plazo previsto, de modo que las primeras partes de la planta puedan entrar en servicio antes de finales de a\u00f1o y est\u00e9n aseguradas en t\u00e9rminos de remuneraci\u00f3n.<\/p><p>Con proyectos como \u00e9ste, en Faber E-Tec y Faber Solartechnik subrayamos nuestro compromiso con la transici\u00f3n energ\u00e9tica. Nuestro <strong>Centros de transformaci\u00f3n compactos<\/strong> desempe\u00f1an un papel clave al garantizar un suministro el\u00e9ctrico fiable y la seguridad de la red.<\/p>\t\t\t\t\t\t\t\t<\/div>\n\t\t\t\t<\/div>\n\t\t\t\t<div class=\"elementor-element elementor-element-33ae9de elementor-align-center elementor-mobile-align-justify elementor-widget elementor-widget-button\" data-id=\"33ae9de\" data-element_type=\"widget\" data-e-type=\"widget\" data-widget_type=\"button.default\">\n\t\t\t\t<div class=\"elementor-widget-container\">\n\t\t\t\t\t\t\t\t\t<div class=\"elementor-button-wrapper\">\n\t\t\t\t\t<a class=\"elementor-button elementor-button-link elementor-size-sm\" href=\"https:\/\/faber-etec.de\/es\/estacion-de-contenedores\/\" title=\"Estaci\u00f3n de contenedores - Parque solar Contenedor como estaci\u00f3n transformadora\">\n\t\t\t\t\t\t<span class=\"elementor-button-content-wrapper\">\n\t\t\t\t\t\t<span class=\"elementor-button-icon\">\n\t\t\t\t<i aria-hidden=\"true\" class=\"fas fa-arrow-right\"><\/i>\t\t\t<\/span>\n\t\t\t\t\t\t\t\t\t<span class=\"elementor-button-text\">Contenedor de huerta solar como centro de transformaci\u00f3n<\/span>\n\t\t\t\t\t<\/span>\n\t\t\t\t\t<\/a>\n\t\t\t\t<\/div>\n\t\t\t\t\t\t\t\t<\/div>\n\t\t\t\t<\/div>\n\t\t\t\t<div class=\"elementor-element elementor-element-1772b49 elementor-widget elementor-widget-image\" data-id=\"1772b49\" data-element_type=\"widget\" data-e-type=\"widget\" data-widget_type=\"image.default\">\n\t\t\t\t<div class=\"elementor-widget-container\">\n\t\t\t\t\t\t\t\t\t\t\t\t<figure class=\"wp-caption\">\n\t\t\t\t\t\t\t\t\t\t\t<a href=\"https:\/\/faber-etec.de\/es\/estacion-de-contenedores\/\" title=\"Consulta sobre la estaci\u00f3n solar Faber E-Tec\">\n\t\t\t\t\t\t\t<img loading=\"lazy\" decoding=\"async\" width=\"800\" height=\"512\" src=\"https:\/\/faber-etec.de\/wp-content\/uploads\/sites\/3\/2024\/08\/containerstation-trafo-solarparks-container-trafostation-pv-1024x655.jpg\" class=\"attachment-large size-large wp-image-12092\" alt=\"Estaci\u00f3n de contenedores para transformadores en parques solares, movilidad el\u00e9ctrica e industria\" srcset=\"https:\/\/faber-etec.de\/wp-content\/uploads\/sites\/3\/2024\/08\/containerstation-trafo-solarparks-container-trafostation-pv-1024x655.jpg 1024w, https:\/\/faber-etec.de\/wp-content\/uploads\/sites\/3\/2024\/08\/containerstation-trafo-solarparks-container-trafostation-pv-300x192.jpg 300w, https:\/\/faber-etec.de\/wp-content\/uploads\/sites\/3\/2024\/08\/containerstation-trafo-solarparks-container-trafostation-pv-768x492.jpg 768w, https:\/\/faber-etec.de\/wp-content\/uploads\/sites\/3\/2024\/08\/containerstation-trafo-solarparks-container-trafostation-pv-1536x983.jpg 1536w, https:\/\/faber-etec.de\/wp-content\/uploads\/sites\/3\/2024\/08\/containerstation-trafo-solarparks-container-trafostation-pv-2048x1311.jpg 2048w, https:\/\/faber-etec.de\/wp-content\/uploads\/sites\/3\/2024\/08\/containerstation-trafo-solarparks-container-trafostation-pv-18x12.jpg 18w\" sizes=\"(max-width: 800px) 100vw, 800px\" title=\"Estaci\u00f3n de contenedores - Distribuci\u00f3n flexible de energ\u00eda para parques solares e industria\" \/>\t\t\t\t\t\t\t\t<\/a>\n\t\t\t\t\t\t\t\t\t\t\t<figcaption class=\"widget-image-caption wp-caption-text\">La estaci\u00f3n de contenedores de Faber E-Tec ofrece una soluci\u00f3n flexible y fiable para la distribuci\u00f3n de energ\u00eda en parques solares, proyectos de movilidad el\u00e9ctrica y aplicaciones industriales. Se caracteriza por su r\u00e1pida instalaci\u00f3n y transportabilidad, lo que la convierte en la opci\u00f3n ideal para una amplia gama de aplicaciones.<\/figcaption>\n\t\t\t\t\t\t\t\t\t\t<\/figure>\n\t\t\t\t\t\t\t\t\t<\/div>\n\t\t\t\t<\/div>\n\t\t\t\t<div class=\"elementor-element elementor-element-caa74a1 elementor-widget-divider--view-line elementor-widget elementor-widget-divider\" data-id=\"caa74a1\" data-element_type=\"widget\" data-e-type=\"widget\" data-widget_type=\"divider.default\">\n\t\t\t\t<div class=\"elementor-widget-container\">\n\t\t\t\t\t\t\t<div class=\"elementor-divider\">\n\t\t\t<span class=\"elementor-divider-separator\">\n\t\t\t\t\t\t<\/span>\n\t\t<\/div>\n\t\t\t\t\t\t<\/div>\n\t\t\t\t<\/div>\n\t\t\t\t<div class=\"elementor-element elementor-element-354d842 elementor-widget elementor-widget-heading\" data-id=\"354d842\" data-element_type=\"widget\" data-e-type=\"widget\" data-widget_type=\"heading.default\">\n\t\t\t\t<div class=\"elementor-widget-container\">\n\t\t\t\t\t<h2 class=\"elementor-heading-title elementor-size-default\">Su socio para centros de transformaci\u00f3n y proyectos solares<\/h2>\t\t\t\t<\/div>\n\t\t\t\t<\/div>\n\t\t\t\t<div class=\"elementor-element elementor-element-8627874 elementor-widget elementor-widget-text-editor\" data-id=\"8627874\" data-element_type=\"widget\" data-e-type=\"widget\" data-widget_type=\"text-editor.default\">\n\t\t\t\t<div class=\"elementor-widget-container\">\n\t\t\t\t\t\t\t\t\t<p>Ya se trate de nuevas construcciones, repotenciaci\u00f3n o conexi\u00f3n a la red: con nuestros centros de transformaci\u00f3n de alto rendimiento y soluciones personalizadas, somos su socio de confianza. P\u00f3ngase en contacto con nosotros hoy mismo para hacer realidad su idea juntos. Tambi\u00e9n puede seguirnos en nuestras redes sociales para descubrir m\u00e1s proyectos interesantes y noticias del mundo de los centros de transformaci\u00f3n y la tecnolog\u00eda solar.<\/p>\t\t\t\t\t\t\t\t<\/div>\n\t\t\t\t<\/div>\n\t\t\t\t<div class=\"elementor-element elementor-element-37e38ca elementor-align-center elementor-mobile-align-justify elementor-widget elementor-widget-button\" data-id=\"37e38ca\" data-element_type=\"widget\" data-e-type=\"widget\" data-widget_type=\"button.default\">\n\t\t\t\t<div class=\"elementor-widget-container\">\n\t\t\t\t\t\t\t\t\t<div class=\"elementor-button-wrapper\">\n\t\t\t\t\t<a class=\"elementor-button elementor-button-link elementor-size-sm\" href=\"https:\/\/faber-etec.de\/es\/estacion-del-parque-solar\/\" title=\"Estaci\u00f3n de parque solar - Estaci\u00f3n transformadora para parques solares\">\n\t\t\t\t\t\t<span class=\"elementor-button-content-wrapper\">\n\t\t\t\t\t\t<span class=\"elementor-button-icon\">\n\t\t\t\t<i aria-hidden=\"true\" class=\"fas fa-arrow-right\"><\/i>\t\t\t<\/span>\n\t\t\t\t\t\t\t\t\t<span class=\"elementor-button-text\">Centro de transformaci\u00f3n para parques solares<\/span>\n\t\t\t\t\t<\/span>\n\t\t\t\t\t<\/a>\n\t\t\t\t<\/div>\n\t\t\t\t\t\t\t\t<\/div>\n\t\t\t\t<\/div>\n\t\t\t\t<div class=\"elementor-element elementor-element-3696b7b elementor-widget elementor-widget-image\" data-id=\"3696b7b\" data-element_type=\"widget\" data-e-type=\"widget\" data-widget_type=\"image.default\">\n\t\t\t\t<div class=\"elementor-widget-container\">\n\t\t\t\t\t\t\t\t\t\t\t\t<figure class=\"wp-caption\">\n\t\t\t\t\t\t\t\t\t\t\t<a href=\"https:\/\/faber-etec.de\/es\/estacion-del-parque-solar\/\" title=\"Consulta sobre la estaci\u00f3n solar Faber E-Tec\">\n\t\t\t\t\t\t\t<img loading=\"lazy\" decoding=\"async\" width=\"800\" height=\"512\" src=\"https:\/\/faber-etec.de\/wp-content\/uploads\/sites\/3\/2024\/11\/Trafostation-fuer-Solarparks-Solarpark-Netzanschluss-Kompaktstationen-Kompakt-Trafostationen-Transformatorkompaktstationen-1024x655.avif\" class=\"attachment-large size-large wp-image-14351\" alt=\"Centro de transformaci\u00f3n para la conexi\u00f3n a la red de parques solares con centro compacto Centros de transformaci\u00f3n y centros de transformaci\u00f3n compactos para una transmisi\u00f3n fiable de la energ\u00eda y un suministro energ\u00e9tico sostenible.\" srcset=\"https:\/\/faber-etec.de\/wp-content\/uploads\/sites\/3\/2024\/11\/Trafostation-fuer-Solarparks-Solarpark-Netzanschluss-Kompaktstationen-Kompakt-Trafostationen-Transformatorkompaktstationen-1024x655.avif 1024w, https:\/\/faber-etec.de\/wp-content\/uploads\/sites\/3\/2024\/11\/Trafostation-fuer-Solarparks-Solarpark-Netzanschluss-Kompaktstationen-Kompakt-Trafostationen-Transformatorkompaktstationen-300x192.avif 300w, https:\/\/faber-etec.de\/wp-content\/uploads\/sites\/3\/2024\/11\/Trafostation-fuer-Solarparks-Solarpark-Netzanschluss-Kompaktstationen-Kompakt-Trafostationen-Transformatorkompaktstationen-768x491.avif 768w, https:\/\/faber-etec.de\/wp-content\/uploads\/sites\/3\/2024\/11\/Trafostation-fuer-Solarparks-Solarpark-Netzanschluss-Kompaktstationen-Kompakt-Trafostationen-Transformatorkompaktstationen-1536x983.avif 1536w, https:\/\/faber-etec.de\/wp-content\/uploads\/sites\/3\/2024\/11\/Trafostation-fuer-Solarparks-Solarpark-Netzanschluss-Kompaktstationen-Kompakt-Trafostationen-Transformatorkompaktstationen-2048x1310.avif 2048w, https:\/\/faber-etec.de\/wp-content\/uploads\/sites\/3\/2024\/11\/Trafostation-fuer-Solarparks-Solarpark-Netzanschluss-Kompaktstationen-Kompakt-Trafostationen-Transformatorkompaktstationen-18x12.avif 18w\" sizes=\"(max-width: 800px) 100vw, 800px\" title=\"Centro de transformaci\u00f3n para parques solares con centro de transformaci\u00f3n compacto y conexi\u00f3n a la red\" \/>\t\t\t\t\t\t\t\t<\/a>\n\t\t\t\t\t\t\t\t\t\t\t<figcaption class=\"widget-image-caption wp-caption-text\">Centros de transformaci\u00f3n para la conexi\u00f3n a la red del parque solar: Nuestros centros de transformaci\u00f3n compactos garantizan una transmisi\u00f3n fiable de la energ\u00eda y aseguran un suministro energ\u00e9tico sostenible.<\/figcaption>\n\t\t\t\t\t\t\t\t\t\t<\/figure>\n\t\t\t\t\t\t\t\t\t<\/div>\n\t\t\t\t<\/div>\n\t\t\t\t<div class=\"elementor-element elementor-element-099b433 elementor-widget-divider--view-line elementor-widget elementor-widget-divider\" data-id=\"099b433\" data-element_type=\"widget\" data-e-type=\"widget\" data-widget_type=\"divider.default\">\n\t\t\t\t<div class=\"elementor-widget-container\">\n\t\t\t\t\t\t\t<div class=\"elementor-divider\">\n\t\t\t<span class=\"elementor-divider-separator\">\n\t\t\t\t\t\t<\/span>\n\t\t<\/div>\n\t\t\t\t\t\t<\/div>\n\t\t\t\t<\/div>\n\t\t<div class=\"elementor-element elementor-element-1d06f7c e-con-full e-flex e-con e-child\" data-id=\"1d06f7c\" data-element_type=\"container\" data-e-type=\"container\" data-settings=\"{&quot;background_background&quot;:&quot;classic&quot;}\">\n\t\t\t\t<div class=\"elementor-element elementor-element-fbd61f3 elementor-widget elementor-widget-heading\" data-id=\"fbd61f3\" data-element_type=\"widget\" data-e-type=\"widget\" data-widget_type=\"heading.default\">\n\t\t\t\t<div class=\"elementor-widget-container\">\n\t\t\t\t\t<h3 class=\"elementor-heading-title elementor-size-default\">Centros de transformaci\u00f3n compactos para parques solares\n<\/h3>\t\t\t\t<\/div>\n\t\t\t\t<\/div>\n\t\t\t\t<div class=\"elementor-element elementor-element-bb7777e elementor-widget elementor-widget-text-editor\" data-id=\"bb7777e\" data-element_type=\"widget\" data-e-type=\"widget\" data-widget_type=\"text-editor.default\">\n\t\t\t\t<div class=\"elementor-widget-container\">\n\t\t\t\t\t\t\t\t\t<p>Faber E-Tec es sin\u00f3nimo de centros de transformaci\u00f3n compactos, innovadores y personalizados que se adaptan perfectamente a los requisitos de los parques solares. Nuestras soluciones garantizan una conexi\u00f3n fiable a la red y la m\u00e1xima eficiencia energ\u00e9tica, tanto en proyectos de nueva construcci\u00f3n como en sistemas de repotenciaci\u00f3n.<\/p><p>Con tecnolog\u00eda punta y d\u00e9cadas de experiencia, suministramos centros de transformaci\u00f3n compactos que garantizan la m\u00e1xima calidad y seguridad. Conf\u00ede en Faber E-Tec cuando se trate de la conexi\u00f3n perfecta entre su parque solar y la red el\u00e9ctrica.<\/p><p>P\u00f3ngase en contacto con nosotros hoy mismo y conf\u00ede en soluciones de futuro para sus proyectos energ\u00e9ticos.<\/p>\t\t\t\t\t\t\t\t<\/div>\n\t\t\t\t<\/div>\n\t\t\t\t<div class=\"elementor-element elementor-element-e7b339b elementor-align-center elementor-mobile-align-justify elementor-widget elementor-widget-button\" data-id=\"e7b339b\" data-element_type=\"widget\" data-e-type=\"widget\" data-widget_type=\"button.default\">\n\t\t\t\t<div class=\"elementor-widget-container\">\n\t\t\t\t\t\t\t\t\t<div class=\"elementor-button-wrapper\">\n\t\t\t\t\t<a class=\"elementor-button elementor-button-link elementor-size-sm\" href=\"https:\/\/faber-etec.de\/es\/estacion-compacta\/#produktanfrage\" title=\"Estaci\u00f3n compacta - Solicite una estaci\u00f3n transformadora compacta\">\n\t\t\t\t\t\t<span class=\"elementor-button-content-wrapper\">\n\t\t\t\t\t\t<span class=\"elementor-button-icon\">\n\t\t\t\t<i aria-hidden=\"true\" class=\"fas fa-arrow-right\"><\/i>\t\t\t<\/span>\n\t\t\t\t\t\t\t\t\t<span class=\"elementor-button-text\">Solicitud de centro de transformaci\u00f3n compacto<\/span>\n\t\t\t\t\t<\/span>\n\t\t\t\t\t<\/a>\n\t\t\t\t<\/div>\n\t\t\t\t\t\t\t\t<\/div>\n\t\t\t\t<\/div>\n\t\t\t\t<\/div>\n\t\t<div class=\"elementor-element elementor-element-9420e3b e-con-full e-flex e-con e-child\" data-id=\"9420e3b\" data-element_type=\"container\" data-e-type=\"container\" data-settings=\"{&quot;background_background&quot;:&quot;classic&quot;}\">\n\t\t\t\t<div class=\"elementor-element elementor-element-748bfeb elementor-widget elementor-widget-heading\" data-id=\"748bfeb\" data-element_type=\"widget\" data-e-type=\"widget\" data-widget_type=\"heading.default\">\n\t\t\t\t<div class=\"elementor-widget-container\">\n\t\t\t\t\t<h4 class=\"elementor-heading-title elementor-size-default\">S\u00edganos.<\/h4>\t\t\t\t<\/div>\n\t\t\t\t<\/div>\n\t\t\t\t<div class=\"elementor-element elementor-element-21103b1 e-grid-align-left elementor-shape-rounded elementor-grid-0 elementor-widget elementor-widget-social-icons\" data-id=\"21103b1\" data-element_type=\"widget\" data-e-type=\"widget\" data-widget_type=\"social-icons.default\">\n\t\t\t\t<div class=\"elementor-widget-container\">\n\t\t\t\t\t\t\t<div class=\"elementor-social-icons-wrapper elementor-grid\" role=\"list\">\n\t\t\t\t\t\t\t<span class=\"elementor-grid-item\" role=\"listitem\">\n\t\t\t\t\t<a class=\"elementor-icon elementor-social-icon elementor-social-icon-instagram elementor-animation-grow elementor-repeater-item-c4ec2f4\" href=\"https:\/\/www.instagram.com\/faber.energy\/\" target=\"_blank\" title=\"S\u00edguenos en Instagram\" rel=\"noopener\">\n\t\t\t\t\t\t<span class=\"elementor-screen-only\">Instagram<\/span>\n\t\t\t\t\t\t<i aria-hidden=\"true\" class=\"fab fa-instagram\"><\/i>\t\t\t\t\t<\/a>\n\t\t\t\t<\/span>\n\t\t\t\t\t\t\t<span class=\"elementor-grid-item\" role=\"listitem\">\n\t\t\t\t\t<a class=\"elementor-icon elementor-social-icon elementor-social-icon-facebook elementor-animation-grow elementor-repeater-item-2651a5f\" href=\"https:\/\/www.facebook.com\/profile.php?id=61566434640105\" target=\"_blank\" title=\"S\u00edguenos en Facebook\" rel=\"noopener\">\n\t\t\t\t\t\t<span class=\"elementor-screen-only\">Facebook<\/span>\n\t\t\t\t\t\t<i aria-hidden=\"true\" class=\"fab fa-facebook\"><\/i>\t\t\t\t\t<\/a>\n\t\t\t\t<\/span>\n\t\t\t\t\t\t\t<span class=\"elementor-grid-item\" role=\"listitem\">\n\t\t\t\t\t<a class=\"elementor-icon elementor-social-icon elementor-social-icon-threads elementor-animation-grow elementor-repeater-item-c864bea\" href=\"https:\/\/www.threads.net\/@faber.energy\" target=\"_blank\" title=\"S\u00edguenos en hilos\" rel=\"noopener\">\n\t\t\t\t\t\t<span class=\"elementor-screen-only\">Hilos<\/span>\n\t\t\t\t\t\t<i aria-hidden=\"true\" class=\"fab fa-threads\"><\/i>\t\t\t\t\t<\/a>\n\t\t\t\t<\/span>\n\t\t\t\t\t\t\t<span class=\"elementor-grid-item\" role=\"listitem\">\n\t\t\t\t\t<a class=\"elementor-icon elementor-social-icon elementor-social-icon-linkedin elementor-animation-grow elementor-repeater-item-2b87a25\" href=\"https:\/\/www.linkedin.com\/company\/faber-etec\/\" target=\"_blank\" title=\"S\u00edguenos en Linkedin\" rel=\"noopener\">\n\t\t\t\t\t\t<span class=\"elementor-screen-only\">Linkedin<\/span>\n\t\t\t\t\t\t<i aria-hidden=\"true\" class=\"fab fa-linkedin\"><\/i>\t\t\t\t\t<\/a>\n\t\t\t\t<\/span>\n\t\t\t\t\t\t\t<span class=\"elementor-grid-item\" role=\"listitem\">\n\t\t\t\t\t<a class=\"elementor-icon elementor-social-icon elementor-social-icon-x-twitter elementor-animation-grow elementor-repeater-item-4ef3195\" href=\"https:\/\/x.com\/Faber_Energy\" target=\"_blank\" title=\"S\u00edguenos en X Twitter\">\n\t\t\t\t\t\t<span class=\"elementor-screen-only\">X-twitter<\/span>\n\t\t\t\t\t\t<i aria-hidden=\"true\" class=\"fab fa-x-twitter\"><\/i>\t\t\t\t\t<\/a>\n\t\t\t\t<\/span>\n\t\t\t\t\t\t\t<span class=\"elementor-grid-item\" role=\"listitem\">\n\t\t\t\t\t<a class=\"elementor-icon elementor-social-icon elementor-social-icon-youtube elementor-animation-grow elementor-repeater-item-837340d\" href=\"https:\/\/www.youtube.com\/@Faber.Energy\" target=\"_blank\" title=\"S\u00edganos en Youtube\" rel=\"noopener\">\n\t\t\t\t\t\t<span class=\"elementor-screen-only\">Youtube<\/span>\n\t\t\t\t\t\t<i aria-hidden=\"true\" class=\"fab fa-youtube\"><\/i>\t\t\t\t\t<\/a>\n\t\t\t\t<\/span>\n\t\t\t\t\t<\/div>\n\t\t\t\t\t\t<\/div>\n\t\t\t\t<\/div>\n\t\t\t\t<\/div>\n\t\t\t\t\t<\/div>\n\t\t\t\t<\/div>\n\t\t\t\t<\/div>","protected":false},"excerpt":{"rendered":"<p>En Ohorn, Sajonia, se est\u00e1 construyendo un moderno parque solar con una potencia de 3,3 MWp, una combinaci\u00f3n de nueva construcci\u00f3n y repotenciaci\u00f3n. Gracias a la estaci\u00f3n transformadora compacta de Faber E-Tec, el parque solar se conectar\u00e1 de forma fiable a la red de media tensi\u00f3n.<\/p>","protected":false},"author":2,"featured_media":15097,"comment_status":"closed","ping_status":"open","sticky":false,"template":"","format":"standard","meta":{"_acf_changed":false,"footnotes":""},"categories":[1,9],"tags":[38,34,37],"class_list":["post-15088","post","type-post","status-publish","format-standard","has-post-thumbnail","hentry","category-news","category-projekte","tag-photovoltaik","tag-solarpark","tag-trafostation"],"acf":[],"_links":{"self":[{"href":"https:\/\/faber-etec.de\/es\/wp-json\/wp\/v2\/posts\/15088","targetHints":{"allow":["GET"]}}],"collection":[{"href":"https:\/\/faber-etec.de\/es\/wp-json\/wp\/v2\/posts"}],"about":[{"href":"https:\/\/faber-etec.de\/es\/wp-json\/wp\/v2\/types\/post"}],"author":[{"embeddable":true,"href":"https:\/\/faber-etec.de\/es\/wp-json\/wp\/v2\/users\/2"}],"replies":[{"embeddable":true,"href":"https:\/\/faber-etec.de\/es\/wp-json\/wp\/v2\/comments?post=15088"}],"version-history":[{"count":41,"href":"https:\/\/faber-etec.de\/es\/wp-json\/wp\/v2\/posts\/15088\/revisions"}],"predecessor-version":[{"id":16212,"href":"https:\/\/faber-etec.de\/es\/wp-json\/wp\/v2\/posts\/15088\/revisions\/16212"}],"wp:featuredmedia":[{"embeddable":true,"href":"https:\/\/faber-etec.de\/es\/wp-json\/wp\/v2\/media\/15097"}],"wp:attachment":[{"href":"https:\/\/faber-etec.de\/es\/wp-json\/wp\/v2\/media?parent=15088"}],"wp:term":[{"taxonomy":"category","embeddable":true,"href":"https:\/\/faber-etec.de\/es\/wp-json\/wp\/v2\/categories?post=15088"},{"taxonomy":"post_tag","embeddable":true,"href":"https:\/\/faber-etec.de\/es\/wp-json\/wp\/v2\/tags?post=15088"}],"curies":[{"name":"wp","href":"https:\/\/api.w.org\/{rel}","templated":true}]}}