{"id":15152,"date":"2025-01-01T15:29:00","date_gmt":"2025-01-01T14:29:00","guid":{"rendered":"https:\/\/faber-etec.de\/?p=15152"},"modified":"2025-10-28T15:05:18","modified_gmt":"2025-10-28T14:05:18","slug":"schnelle-lieferung-trafostation","status":"publish","type":"post","link":"https:\/\/faber-etec.de\/es\/news\/schnelle-lieferung-trafostation\/","title":{"rendered":"Entrega r\u00e1pida de una estaci\u00f3n transformadora compacta a MARKTKAUF L\u00f6hne"},"content":{"rendered":"<div data-elementor-type=\"wp-post\" data-elementor-id=\"15152\" class=\"elementor elementor-15152\" data-elementor-post-type=\"post\">\n\t\t\t\t<div class=\"elementor-element elementor-element-762d3c8 e-con-full e-flex e-con e-parent\" data-id=\"762d3c8\" data-element_type=\"container\" data-e-type=\"container\">\n\t\t\t\t<div class=\"elementor-element elementor-element-85cd925 elementor-widget elementor-widget-heading\" data-id=\"85cd925\" data-element_type=\"widget\" data-e-type=\"widget\" data-widget_type=\"heading.default\">\n\t\t\t\t<div class=\"elementor-widget-container\">\n\t\t\t\t\t<h2 class=\"elementor-heading-title elementor-size-default\">Entrega r\u00e1pida de una estaci\u00f3n transformadora compacta a EDEKA-MIHA Charge<\/h2>\t\t\t\t<\/div>\n\t\t\t\t<\/div>\n\t\t\t\t<div class=\"elementor-element elementor-element-4a9cd07 elementor-widget elementor-widget-text-editor\" data-id=\"4a9cd07\" data-element_type=\"widget\" data-e-type=\"widget\" data-widget_type=\"text-editor.default\">\n\t\t\t\t<div class=\"elementor-widget-container\">\n\t\t\t\t\t\t\t\t\t<p>La demanda de suministro el\u00e9ctrico para soluciones de movilidad el\u00e9ctrica aumenta constantemente. El suministro fiable y r\u00e1pido de estaciones transformadoras es crucial. Un proyecto actual para EDEKA-MIHA Charge GmbH demuestra lo flexibles y orientados a las soluciones que somos en Faber E-Tec.<\/p>\t\t\t\t\t\t\t\t<\/div>\n\t\t\t\t<\/div>\n\t\t\t\t<div class=\"elementor-element elementor-element-2cb316c elementor-widget elementor-widget-gallery\" data-id=\"2cb316c\" data-element_type=\"widget\" data-e-type=\"widget\" data-settings=\"{&quot;gallery_layout&quot;:&quot;justified&quot;,&quot;ideal_row_height&quot;:{&quot;unit&quot;:&quot;px&quot;,&quot;size&quot;:201,&quot;sizes&quot;:[]},&quot;lazyload&quot;:&quot;yes&quot;,&quot;ideal_row_height_laptop&quot;:{&quot;unit&quot;:&quot;px&quot;,&quot;size&quot;:150,&quot;sizes&quot;:[]},&quot;ideal_row_height_tablet_extra&quot;:{&quot;unit&quot;:&quot;px&quot;,&quot;size&quot;:150,&quot;sizes&quot;:[]},&quot;ideal_row_height_tablet&quot;:{&quot;unit&quot;:&quot;px&quot;,&quot;size&quot;:150,&quot;sizes&quot;:[]},&quot;ideal_row_height_mobile&quot;:{&quot;unit&quot;:&quot;px&quot;,&quot;size&quot;:150,&quot;sizes&quot;:[]},&quot;gap&quot;:{&quot;unit&quot;:&quot;px&quot;,&quot;size&quot;:10,&quot;sizes&quot;:[]},&quot;gap_laptop&quot;:{&quot;unit&quot;:&quot;px&quot;,&quot;size&quot;:10,&quot;sizes&quot;:[]},&quot;gap_tablet_extra&quot;:{&quot;unit&quot;:&quot;px&quot;,&quot;size&quot;:10,&quot;sizes&quot;:[]},&quot;gap_tablet&quot;:{&quot;unit&quot;:&quot;px&quot;,&quot;size&quot;:10,&quot;sizes&quot;:[]},&quot;gap_mobile&quot;:{&quot;unit&quot;:&quot;px&quot;,&quot;size&quot;:10,&quot;sizes&quot;:[]},&quot;link_to&quot;:&quot;file&quot;,&quot;overlay_background&quot;:&quot;yes&quot;,&quot;content_hover_animation&quot;:&quot;fade-in&quot;}\" data-widget_type=\"gallery.default\">\n\t\t\t\t<div class=\"elementor-widget-container\">\n\t\t\t\t\t\t\t<div class=\"elementor-gallery__container\">\n\t\t\t\t\t\t\t<a class=\"e-gallery-item elementor-gallery-item elementor-animated-content\"  href=\"https:\/\/faber-etec.de\/wp-content\/uploads\/sites\/3\/2024\/10\/Trafostation-E-Auto-Allego-Rewe-Paderbon-OKT-2024-032-scaled.webp\" title=\"Centro de transformaci\u00f3n E Auto Allego Rewe Paderbon OKT 2024 032 Scaled.webp - \" data-elementor-open-lightbox=\"yes\" data-elementor-lightbox-slideshow=\"2cb316c\" data-e-action-hash=\"#elementor-action%3Aaction%3Dlightbox%26settings%3DeyJpZCI6MTM2NjUsInVybCI6Imh0dHBzOlwvXC9mYWJlci1ldGVjLmRlXC93cC1jb250ZW50XC91cGxvYWRzXC9zaXRlc1wvM1wvMjAyNFwvMTBcL1RyYWZvc3RhdGlvbi1FLUF1dG8tQWxsZWdvLVJld2UtUGFkZXJib24tT0tULTIwMjQtMDMyLXNjYWxlZC53ZWJwIiwic2xpZGVzaG93IjoiMmNiMzE2YyJ9\">\n\t\t\t\t\t<div class=\"e-gallery-image elementor-gallery-item__image\" data-thumbnail=\"https:\/\/faber-etec.de\/wp-content\/uploads\/sites\/3\/2024\/10\/Trafostation-E-Auto-Allego-Rewe-Paderbon-OKT-2024-032-768x512.webp\" data-width=\"768\" data-height=\"512\" aria-label=\"Centro de transformaci\u00f3n para estaci\u00f3n de recarga de coches el\u00e9ctricos en el aparcamiento REWE de Paderborn\" role=\"img\" ><\/div>\n\t\t\t\t\t\t\t\t\t\t\t<div class=\"elementor-gallery-item__overlay\"><\/div>\n\t\t\t\t\t\t\t\t\t\t\t\t\t\t<\/a>\n\t\t\t\t\t\t\t<a class=\"e-gallery-item elementor-gallery-item elementor-animated-content\"  href=\"https:\/\/faber-etec.de\/wp-content\/uploads\/sites\/3\/2024\/10\/Trafostation-E-Auto-Allego-Rewe-Paderbon-OKT-2024-001-scaled.jpg\" title=\"Centro de transformaci\u00f3n E Auto Allego Rewe Paderbon OKT 2024 001 Scaled.jpg - - - \" data-elementor-open-lightbox=\"yes\" data-elementor-lightbox-slideshow=\"2cb316c\" data-e-action-hash=\"#elementor-action%3Aaction%3Dlightbox%26settings%3DeyJpZCI6MTM2NTUsInVybCI6Imh0dHBzOlwvXC9mYWJlci1ldGVjLmRlXC93cC1jb250ZW50XC91cGxvYWRzXC9zaXRlc1wvM1wvMjAyNFwvMTBcL1RyYWZvc3RhdGlvbi1FLUF1dG8tQWxsZWdvLVJld2UtUGFkZXJib24tT0tULTIwMjQtMDAxLXNjYWxlZC5qcGciLCJzbGlkZXNob3ciOiIyY2IzMTZjIn0%3D\">\n\t\t\t\t\t<div class=\"e-gallery-image elementor-gallery-item__image\" data-thumbnail=\"https:\/\/faber-etec.de\/wp-content\/uploads\/sites\/3\/2024\/10\/Trafostation-E-Auto-Allego-Rewe-Paderbon-OKT-2024-001-768x365.jpg\" data-width=\"768\" data-height=\"365\" aria-label=\"Cuatro puntos de recarga con plazas para ocho coches el\u00e9ctricos en Paderborn\" role=\"img\" ><\/div>\n\t\t\t\t\t\t\t\t\t\t\t<div class=\"elementor-gallery-item__overlay\"><\/div>\n\t\t\t\t\t\t\t\t\t\t\t\t\t\t<\/a>\n\t\t\t\t\t<\/div>\n\t\t\t\t\t<\/div>\n\t\t\t\t<\/div>\n\t\t\t\t<div class=\"elementor-element elementor-element-43a79cd elementor-widget elementor-widget-heading\" data-id=\"43a79cd\" data-element_type=\"widget\" data-e-type=\"widget\" data-widget_type=\"heading.default\">\n\t\t\t\t<div class=\"elementor-widget-container\">\n\t\t\t\t\t<h3 class=\"elementor-heading-title elementor-size-default\">Consulta urgente - respuesta r\u00e1pida<\/h3>\t\t\t\t<\/div>\n\t\t\t\t<\/div>\n\t\t\t\t<div class=\"elementor-element elementor-element-ebc71d6 elementor-widget elementor-widget-text-editor\" data-id=\"ebc71d6\" data-element_type=\"widget\" data-e-type=\"widget\" data-widget_type=\"text-editor.default\">\n\t\t\t\t<div class=\"elementor-widget-container\">\n\t\t\t\t\t\t\t\t\t<p>El 12 de julio recibimos una consulta urgente: debido a retrasos considerables en la entrega por parte del fabricante original, el cliente necesitaba a corto plazo un centro de transformaci\u00f3n compacto para el aparcamiento de un supermercado en L\u00f6hne, nuestra ciudad vecina. Gracias a nuestras amplias existencias y a la flexibilidad de nuestros procesos, pudimos actuar de inmediato.<\/p>\t\t\t\t\t\t\t\t<\/div>\n\t\t\t\t<\/div>\n\t\t\t\t<div class=\"elementor-element elementor-element-5687f2b elementor-cta--skin-cover elementor-cta--valign-middle elementor-bg-transform elementor-bg-transform-zoom-in elementor-widget elementor-widget-call-to-action\" data-id=\"5687f2b\" data-element_type=\"widget\" data-e-type=\"widget\" data-widget_type=\"call-to-action.default\">\n\t\t\t\t<div class=\"elementor-widget-container\">\n\t\t\t\t\t\t\t<div class=\"elementor-cta\">\n\t\t\t\t\t<div class=\"elementor-cta__bg-wrapper\">\n\t\t\t\t<div class=\"elementor-cta__bg elementor-bg\" style=\"background-image: url(https:\/\/faber-etec.de\/wp-content\/uploads\/sites\/3\/2024\/09\/Ladeinfrastruktur-Elektromobilitaet-Trafostation-1024x396.webp);\" role=\"img\" aria-label=\"Centro de transformaci\u00f3n con infraestructura de recarga integrada para veh\u00edculos el\u00e9ctricos\"><\/div>\n\t\t\t\t<div class=\"elementor-cta__bg-overlay\"><\/div>\n\t\t\t<\/div>\n\t\t\t\t\t\t\t<div class=\"elementor-cta__content\">\n\t\t\t\t\n\t\t\t\t\t\t\t\t\t<h4 class=\"elementor-cta__title elementor-cta__content-item elementor-content-item\">\n\t\t\t\t\t\tCentros de transformaci\u00f3n de movilidad el\u00e9ctrica\t\t\t\t\t<\/h4>\n\t\t\t\t\n\t\t\t\t\t\t\t\t\t<div class=\"elementor-cta__description elementor-cta__content-item elementor-content-item\">\n\t\t\t\t\t\tNuestros centros de transformaci\u00f3n de movilidad el\u00e9ctrica est\u00e1n especialmente optimizados para <b>Infraestructura de recarga<\/b> suministro.\t\t\t\t\t<\/div>\n\t\t\t\t\n\t\t\t\t\t\t\t\t\t<div class=\"elementor-cta__button-wrapper elementor-cta__content-item elementor-content-item\">\n\t\t\t\t\t<a class=\"elementor-cta__button elementor-button elementor-size-\"  href=\"https:\/\/faber-etec.de\/es\/e-movilidad\/\" title=\"E Mobilitaet - Centros de transformaci\u00f3n para la movilidad el\u00e9ctrica\">\n\t\t\t\t\t\tCentros de transformaci\u00f3n para la movilidad el\u00e9ctrica <i aria-hidden=\"true\" class=\"fas fa-angle-right\"><\/i>\t\t\t\t\t<\/a>\n\t\t\t\t\t<\/div>\n\t\t\t\t\t\t\t<\/div>\n\t\t\t\t\t\t<\/div>\n\t\t\t\t\t\t<\/div>\n\t\t\t\t<\/div>\n\t\t\t\t<div class=\"elementor-element elementor-element-dde7ed1 elementor-widget elementor-widget-heading\" data-id=\"dde7ed1\" data-element_type=\"widget\" data-e-type=\"widget\" data-widget_type=\"heading.default\">\n\t\t\t\t<div class=\"elementor-widget-container\">\n\t\t\t\t\t<h3 class=\"elementor-heading-title elementor-size-default\">Compruebe la disponibilidad e inicie la aplicaci\u00f3n<\/h3>\t\t\t\t<\/div>\n\t\t\t\t<\/div>\n\t\t\t\t<div class=\"elementor-element elementor-element-b520655 elementor-widget elementor-widget-text-editor\" data-id=\"b520655\" data-element_type=\"widget\" data-e-type=\"widget\" data-widget_type=\"text-editor.default\">\n\t\t\t\t<div class=\"elementor-widget-container\">\n\t\t\t\t\t\t\t\t\t<p>Tras una r\u00e1pida comprobaci\u00f3n, qued\u00f3 claro que dispon\u00edamos de un transformador adecuado a corto plazo. El resto de componentes ya estaban en stock. Nuestros buenos contactos con el operador local de la red, Westfalen Weser Netz GmbH (WWN), nos permitieron seguir adelante con el proyecto de inmediato.<\/p>\t\t\t\t\t\t\t\t<\/div>\n\t\t\t\t<\/div>\n\t\t\t\t<div class=\"elementor-element elementor-element-7c1c2da elementor-widget elementor-widget-spacer\" data-id=\"7c1c2da\" data-element_type=\"widget\" data-e-type=\"widget\" data-widget_type=\"spacer.default\">\n\t\t\t\t<div class=\"elementor-widget-container\">\n\t\t\t\t\t\t\t<div class=\"elementor-spacer\">\n\t\t\t<div class=\"elementor-spacer-inner\"><\/div>\n\t\t<\/div>\n\t\t\t\t\t\t<\/div>\n\t\t\t\t<\/div>\n\t\t\t\t<div class=\"elementor-element elementor-element-6921c75 elementor-widget elementor-widget-heading\" data-id=\"6921c75\" data-element_type=\"widget\" data-e-type=\"widget\" data-widget_type=\"heading.default\">\n\t\t\t\t<div class=\"elementor-widget-container\">\n\t\t\t\t\t<h4 class=\"elementor-heading-title elementor-size-default\">Un equipo comprometido<\/h4>\t\t\t\t<\/div>\n\t\t\t\t<\/div>\n\t\t\t\t<div class=\"elementor-element elementor-element-9c563c7 elementor-widget elementor-widget-text-editor\" data-id=\"9c563c7\" data-element_type=\"widget\" data-e-type=\"widget\" data-widget_type=\"text-editor.default\">\n\t\t\t\t<div class=\"elementor-widget-container\">\n\t\t\t\t\t\t\t\t\t<p>Mathias Lehn ya estaba trabajando en la f\u00e1brica el s\u00e1bado siguiente a la recepci\u00f3n de la factura de anticipo. Redact\u00f3 todos los documentos necesarios, incluidos los esquemas de circuitos, las hojas electr\u00f3nicas y la documentaci\u00f3n, y los present\u00f3 a WWN GmbH. Nuestra experiencia y conocimiento de los requisitos del operador de red garantizaron la r\u00e1pida aprobaci\u00f3n de los esquemas de circuitos.<\/p>\t\t\t\t\t\t\t\t<\/div>\n\t\t\t\t<\/div>\n\t\t\t\t<div class=\"elementor-element elementor-element-17535eb elementor-widget elementor-widget-spacer\" data-id=\"17535eb\" data-element_type=\"widget\" data-e-type=\"widget\" data-widget_type=\"spacer.default\">\n\t\t\t\t<div class=\"elementor-widget-container\">\n\t\t\t\t\t\t\t<div class=\"elementor-spacer\">\n\t\t\t<div class=\"elementor-spacer-inner\"><\/div>\n\t\t<\/div>\n\t\t\t\t\t\t<\/div>\n\t\t\t\t<\/div>\n\t\t\t\t<div class=\"elementor-element elementor-element-95c5880 elementor-widget elementor-widget-heading\" data-id=\"95c5880\" data-element_type=\"widget\" data-e-type=\"widget\" data-widget_type=\"heading.default\">\n\t\t\t\t<div class=\"elementor-widget-container\">\n\t\t\t\t\t<h4 class=\"elementor-heading-title elementor-size-default\">Desaf\u00edos superados<\/h4>\t\t\t\t<\/div>\n\t\t\t\t<\/div>\n\t\t\t\t<div class=\"elementor-element elementor-element-36be7fa elementor-widget elementor-widget-text-editor\" data-id=\"36be7fa\" data-element_type=\"widget\" data-e-type=\"widget\" data-widget_type=\"text-editor.default\">\n\t\t\t\t<div class=\"elementor-widget-container\">\n\t\t\t\t\t\t\t\t\t<p>A pesar del periodo de vacaciones y de las dificultades asociadas para conseguir los convertidores proporcionados por el operador de la red, la construcci\u00f3n de la estaci\u00f3n se complet\u00f3 en el plazo previsto. Cuando por fin llegaron los convertidores, la estaci\u00f3n estaba casi terminada.<\/p>\t\t\t\t\t\t\t\t<\/div>\n\t\t\t\t<\/div>\n\t\t\t\t<div class=\"elementor-element elementor-element-3f2d9db elementor-widget elementor-widget-spacer\" data-id=\"3f2d9db\" data-element_type=\"widget\" data-e-type=\"widget\" data-widget_type=\"spacer.default\">\n\t\t\t\t<div class=\"elementor-widget-container\">\n\t\t\t\t\t\t\t<div class=\"elementor-spacer\">\n\t\t\t<div class=\"elementor-spacer-inner\"><\/div>\n\t\t<\/div>\n\t\t\t\t\t\t<\/div>\n\t\t\t\t<\/div>\n\t\t\t\t<div class=\"elementor-element elementor-element-2fa7c28 elementor-widget elementor-widget-heading\" data-id=\"2fa7c28\" data-element_type=\"widget\" data-e-type=\"widget\" data-widget_type=\"heading.default\">\n\t\t\t\t<div class=\"elementor-widget-container\">\n\t\t\t\t\t<h4 class=\"elementor-heading-title elementor-size-default\">Entrega e instalaci\u00f3n puntuales<\/h4>\t\t\t\t<\/div>\n\t\t\t\t<\/div>\n\t\t\t\t<div class=\"elementor-element elementor-element-97881eb elementor-widget elementor-widget-text-editor\" data-id=\"97881eb\" data-element_type=\"widget\" data-e-type=\"widget\" data-widget_type=\"text-editor.default\">\n\t\t\t\t<div class=\"elementor-widget-container\">\n\t\t\t\t\t\t\t\t\t<p>La estaci\u00f3n se coloc\u00f3 en la fosa de excavaci\u00f3n preparada en el aparcamiento de Marktkauf a mediados de septiembre. Todos los detalles relativos a las condiciones del terreno se aclararon de antemano. S\u00f3lo transcurrieron ocho semanas entre la recepci\u00f3n de la factura del anticipo y la instalaci\u00f3n definitiva de la estaci\u00f3n, a pesar de los imprevistos y los periodos vacacionales.<\/p>\t\t\t\t\t\t\t\t<\/div>\n\t\t\t\t<\/div>\n\t\t\t\t<div class=\"elementor-element elementor-element-1ea09ee elementor-widget elementor-widget-spacer\" data-id=\"1ea09ee\" data-element_type=\"widget\" data-e-type=\"widget\" data-widget_type=\"spacer.default\">\n\t\t\t\t<div class=\"elementor-widget-container\">\n\t\t\t\t\t\t\t<div class=\"elementor-spacer\">\n\t\t\t<div class=\"elementor-spacer-inner\"><\/div>\n\t\t<\/div>\n\t\t\t\t\t\t<\/div>\n\t\t\t\t<\/div>\n\t\t\t\t<div class=\"elementor-element elementor-element-86a94cf elementor-widget elementor-widget-heading\" data-id=\"86a94cf\" data-element_type=\"widget\" data-e-type=\"widget\" data-widget_type=\"heading.default\">\n\t\t\t\t<div class=\"elementor-widget-container\">\n\t\t\t\t\t<h2 class=\"elementor-heading-title elementor-size-default\">Entrega de centros de transformaci\u00f3n<\/h2>\t\t\t\t<\/div>\n\t\t\t\t<\/div>\n\t\t\t\t<div class=\"elementor-element elementor-element-62ef82a elementor-widget elementor-widget-heading\" data-id=\"62ef82a\" data-element_type=\"widget\" data-e-type=\"widget\" data-widget_type=\"heading.default\">\n\t\t\t\t<div class=\"elementor-widget-container\">\n\t\t\t\t\t<h3 class=\"elementor-heading-title elementor-size-default\">Conclusi\u00f3n: flexibilidad y experiencia de uso<\/h3>\t\t\t\t<\/div>\n\t\t\t\t<\/div>\n\t\t\t\t<div class=\"elementor-element elementor-element-9114f4b elementor-widget elementor-widget-text-editor\" data-id=\"9114f4b\" data-element_type=\"widget\" data-e-type=\"widget\" data-widget_type=\"text-editor.default\">\n\t\t\t\t<div class=\"elementor-widget-container\">\n\t\t\t\t\t\t\t\t\t<p>Este proyecto demuestra que la rapidez y la flexibilidad son nuestras principales competencias. Gracias a un equipo especializado, a la estrecha colaboraci\u00f3n con los operadores de red y a un amplio stock, pudimos cumplir a tiempo los requisitos de EDEKA-MIHA Charge GmbH.<\/p><p>Estamos orgullosos de poder ofrecer a nuestros clientes la mejor soluci\u00f3n, incluso en casos urgentes, de forma fiable, r\u00e1pida y competente.<\/p>\t\t\t\t\t\t\t\t<\/div>\n\t\t\t\t<\/div>\n\t\t\t\t<div class=\"elementor-element elementor-element-6ad38e2 elementor-widget elementor-widget-image\" data-id=\"6ad38e2\" data-element_type=\"widget\" data-e-type=\"widget\" data-widget_type=\"image.default\">\n\t\t\t\t<div class=\"elementor-widget-container\">\n\t\t\t\t\t\t\t\t\t\t\t\t\t\t\t<img decoding=\"async\" src=\"https:\/\/faber-etec.de\/wp-content\/uploads\/sites\/3\/elementor\/thumbs\/Trafostation-E-Auto-Allego-Rewe-Paderbon-OKT-2024-013-scaled-qvxcmzuiafia4h3632rwi7ojp8m345zl5vmt2k56rs.webp\" title=\"Transformador de aceite de la estaci\u00f3n transformadora compacta para e-movilidad\" alt=\"Transformador de aceite para estaci\u00f3n transformadora en Paderborn\" loading=\"lazy\" \/>\t\t\t\t\t\t\t\t\t\t\t\t\t\t\t<\/div>\n\t\t\t\t<\/div>\n\t\t\t\t<div class=\"elementor-element elementor-element-472b138 elementor-widget elementor-widget-gallery\" data-id=\"472b138\" data-element_type=\"widget\" data-e-type=\"widget\" data-settings=\"{&quot;gallery_layout&quot;:&quot;justified&quot;,&quot;ideal_row_height&quot;:{&quot;unit&quot;:&quot;px&quot;,&quot;size&quot;:180,&quot;sizes&quot;:[]},&quot;lazyload&quot;:&quot;yes&quot;,&quot;ideal_row_height_laptop&quot;:{&quot;unit&quot;:&quot;px&quot;,&quot;size&quot;:150,&quot;sizes&quot;:[]},&quot;ideal_row_height_tablet_extra&quot;:{&quot;unit&quot;:&quot;px&quot;,&quot;size&quot;:150,&quot;sizes&quot;:[]},&quot;ideal_row_height_tablet&quot;:{&quot;unit&quot;:&quot;px&quot;,&quot;size&quot;:150,&quot;sizes&quot;:[]},&quot;ideal_row_height_mobile&quot;:{&quot;unit&quot;:&quot;px&quot;,&quot;size&quot;:150,&quot;sizes&quot;:[]},&quot;gap&quot;:{&quot;unit&quot;:&quot;px&quot;,&quot;size&quot;:10,&quot;sizes&quot;:[]},&quot;gap_laptop&quot;:{&quot;unit&quot;:&quot;px&quot;,&quot;size&quot;:10,&quot;sizes&quot;:[]},&quot;gap_tablet_extra&quot;:{&quot;unit&quot;:&quot;px&quot;,&quot;size&quot;:10,&quot;sizes&quot;:[]},&quot;gap_tablet&quot;:{&quot;unit&quot;:&quot;px&quot;,&quot;size&quot;:10,&quot;sizes&quot;:[]},&quot;gap_mobile&quot;:{&quot;unit&quot;:&quot;px&quot;,&quot;size&quot;:10,&quot;sizes&quot;:[]},&quot;link_to&quot;:&quot;file&quot;,&quot;overlay_background&quot;:&quot;yes&quot;,&quot;content_hover_animation&quot;:&quot;fade-in&quot;}\" data-widget_type=\"gallery.default\">\n\t\t\t\t<div class=\"elementor-widget-container\">\n\t\t\t\t\t\t\t<div class=\"elementor-gallery__container\">\n\t\t\t\t\t\t\t<a class=\"e-gallery-item elementor-gallery-item elementor-animated-content\"  href=\"https:\/\/faber-etec.de\/wp-content\/uploads\/sites\/3\/2024\/10\/Trafostation-E-Auto-Allego-Rewe-Paderbon-OKT-2024-013-scaled.webp\" title=\"Centro de transformaci\u00f3n E Auto Allego Rewe Paderbon OKT 2024 013 Scaled.webp - \" data-elementor-open-lightbox=\"yes\" data-elementor-lightbox-slideshow=\"472b138\" data-e-action-hash=\"#elementor-action%3Aaction%3Dlightbox%26settings%3DeyJpZCI6MTM2NTksInVybCI6Imh0dHBzOlwvXC9mYWJlci1ldGVjLmRlXC93cC1jb250ZW50XC91cGxvYWRzXC9zaXRlc1wvM1wvMjAyNFwvMTBcL1RyYWZvc3RhdGlvbi1FLUF1dG8tQWxsZWdvLVJld2UtUGFkZXJib24tT0tULTIwMjQtMDEzLXNjYWxlZC53ZWJwIiwic2xpZGVzaG93IjoiNDcyYjEzOCJ9\">\n\t\t\t\t\t<div class=\"e-gallery-image elementor-gallery-item__image\" data-thumbnail=\"https:\/\/faber-etec.de\/wp-content\/uploads\/sites\/3\/2024\/10\/Trafostation-E-Auto-Allego-Rewe-Paderbon-OKT-2024-013-768x512.webp\" data-width=\"768\" data-height=\"512\" aria-label=\"Transformador de aceite para estaci\u00f3n transformadora en Paderborn\" role=\"img\" ><\/div>\n\t\t\t\t\t\t\t\t\t\t\t<div class=\"elementor-gallery-item__overlay\"><\/div>\n\t\t\t\t\t\t\t\t\t\t\t\t\t\t<\/a>\n\t\t\t\t\t\t\t<a class=\"e-gallery-item elementor-gallery-item elementor-animated-content\"  href=\"https:\/\/faber-etec.de\/wp-content\/uploads\/sites\/3\/2024\/10\/Trafostation-E-Auto-Allego-Rewe-Paderbon-OKT-2024-003-scaled.webp\" title=\"Centro de transformaci\u00f3n E Auto Allego Rewe Paderbon OKT 2024 003 Scaled.webp - \" data-elementor-open-lightbox=\"yes\" data-elementor-lightbox-slideshow=\"472b138\" data-e-action-hash=\"#elementor-action%3Aaction%3Dlightbox%26settings%3DeyJpZCI6MTM2NTYsInVybCI6Imh0dHBzOlwvXC9mYWJlci1ldGVjLmRlXC93cC1jb250ZW50XC91cGxvYWRzXC9zaXRlc1wvM1wvMjAyNFwvMTBcL1RyYWZvc3RhdGlvbi1FLUF1dG8tQWxsZWdvLVJld2UtUGFkZXJib24tT0tULTIwMjQtMDAzLXNjYWxlZC53ZWJwIiwic2xpZGVzaG93IjoiNDcyYjEzOCJ9\">\n\t\t\t\t\t<div class=\"e-gallery-image elementor-gallery-item__image\" data-thumbnail=\"https:\/\/faber-etec.de\/wp-content\/uploads\/sites\/3\/2024\/10\/Trafostation-E-Auto-Allego-Rewe-Paderbon-OKT-2024-003-768x512.webp\" data-width=\"768\" data-height=\"512\" aria-label=\"Centro de transformaci\u00f3n compacto en construcci\u00f3n de hormig\u00f3n, que muestra un moderno centro de transformaci\u00f3n compacto. Ideal para aplicaciones como la energ\u00eda fotovoltaica, la movilidad el\u00e9ctrica y los operadores de red. Este centro de transformaci\u00f3n es sin\u00f3nimo de eficiencia y ahorro de espacio.\" role=\"img\" ><\/div>\n\t\t\t\t\t\t\t\t\t\t\t<div class=\"elementor-gallery-item__overlay\"><\/div>\n\t\t\t\t\t\t\t\t\t\t\t\t\t\t<\/a>\n\t\t\t\t\t\t\t<a class=\"e-gallery-item elementor-gallery-item elementor-animated-content\"  href=\"https:\/\/faber-etec.de\/wp-content\/uploads\/sites\/3\/2024\/10\/Trafostation-E-Auto-Allego-Rewe-Paderbon-OKT-2024-020-scaled.webp\" title=\"Centro de transformaci\u00f3n E Auto Allego Rewe Paderbon OKT 2024 020 Scaled.webp - \" data-elementor-open-lightbox=\"yes\" data-elementor-lightbox-slideshow=\"472b138\" data-e-action-hash=\"#elementor-action%3Aaction%3Dlightbox%26settings%3DeyJpZCI6MTM2NjIsInVybCI6Imh0dHBzOlwvXC9mYWJlci1ldGVjLmRlXC93cC1jb250ZW50XC91cGxvYWRzXC9zaXRlc1wvM1wvMjAyNFwvMTBcL1RyYWZvc3RhdGlvbi1FLUF1dG8tQWxsZWdvLVJld2UtUGFkZXJib24tT0tULTIwMjQtMDIwLXNjYWxlZC53ZWJwIiwic2xpZGVzaG93IjoiNDcyYjEzOCJ9\">\n\t\t\t\t\t<div class=\"e-gallery-image elementor-gallery-item__image\" data-thumbnail=\"https:\/\/faber-etec.de\/wp-content\/uploads\/sites\/3\/2024\/10\/Trafostation-E-Auto-Allego-Rewe-Paderbon-OKT-2024-020-768x512.webp\" data-width=\"768\" data-height=\"512\" aria-label=\"Cuatro puntos de recarga con plazas para ocho coches el\u00e9ctricos en Paderborn\" role=\"img\" ><\/div>\n\t\t\t\t\t\t\t\t\t\t\t<div class=\"elementor-gallery-item__overlay\"><\/div>\n\t\t\t\t\t\t\t\t\t\t\t\t\t\t<\/a>\n\t\t\t\t\t\t\t<a class=\"e-gallery-item elementor-gallery-item elementor-animated-content\"  href=\"https:\/\/faber-etec.de\/wp-content\/uploads\/sites\/3\/2024\/10\/Trafostation-E-Auto-Allego-Rewe-Paderbon-OKT-2024-029-scaled.webp\" title=\"Centro de transformaci\u00f3n E Auto Allego Rewe Paderbon OKT 2024 029 Scaled.webp - \" data-elementor-open-lightbox=\"yes\" data-elementor-lightbox-slideshow=\"472b138\" data-e-action-hash=\"#elementor-action%3Aaction%3Dlightbox%26settings%3DeyJpZCI6MTM2NjMsInVybCI6Imh0dHBzOlwvXC9mYWJlci1ldGVjLmRlXC93cC1jb250ZW50XC91cGxvYWRzXC9zaXRlc1wvM1wvMjAyNFwvMTBcL1RyYWZvc3RhdGlvbi1FLUF1dG8tQWxsZWdvLVJld2UtUGFkZXJib24tT0tULTIwMjQtMDI5LXNjYWxlZC53ZWJwIiwic2xpZGVzaG93IjoiNDcyYjEzOCJ9\">\n\t\t\t\t\t<div class=\"e-gallery-image elementor-gallery-item__image\" data-thumbnail=\"https:\/\/faber-etec.de\/wp-content\/uploads\/sites\/3\/2024\/10\/Trafostation-E-Auto-Allego-Rewe-Paderbon-OKT-2024-029-768x512.webp\" data-width=\"768\" data-height=\"512\" aria-label=\"Cuatro puntos de recarga con plazas para ocho coches el\u00e9ctricos en Paderborn\" role=\"img\" ><\/div>\n\t\t\t\t\t\t\t\t\t\t\t<div class=\"elementor-gallery-item__overlay\"><\/div>\n\t\t\t\t\t\t\t\t\t\t\t\t\t\t<\/a>\n\t\t\t\t\t\t\t<a class=\"e-gallery-item elementor-gallery-item elementor-animated-content\"  href=\"https:\/\/faber-etec.de\/wp-content\/uploads\/sites\/3\/2024\/10\/Trafostation-E-Auto-Allego-Rewe-Paderbon-OKT-2024-046-scaled.webp\" title=\"Centro de transformaci\u00f3n E Auto Allego Rewe Paderbon OKT 2024 046 Scaled.webp - \" data-elementor-open-lightbox=\"yes\" data-elementor-lightbox-slideshow=\"472b138\" data-e-action-hash=\"#elementor-action%3Aaction%3Dlightbox%26settings%3DeyJpZCI6MTM2NjksInVybCI6Imh0dHBzOlwvXC9mYWJlci1ldGVjLmRlXC93cC1jb250ZW50XC91cGxvYWRzXC9zaXRlc1wvM1wvMjAyNFwvMTBcL1RyYWZvc3RhdGlvbi1FLUF1dG8tQWxsZWdvLVJld2UtUGFkZXJib24tT0tULTIwMjQtMDQ2LXNjYWxlZC53ZWJwIiwic2xpZGVzaG93IjoiNDcyYjEzOCJ9\">\n\t\t\t\t\t<div class=\"e-gallery-image elementor-gallery-item__image\" data-thumbnail=\"https:\/\/faber-etec.de\/wp-content\/uploads\/sites\/3\/2024\/10\/Trafostation-E-Auto-Allego-Rewe-Paderbon-OKT-2024-046-768x512.jpg\" data-width=\"768\" data-height=\"512\" aria-label=\"Centro de transformaci\u00f3n para estaci\u00f3n de recarga de coches el\u00e9ctricos en el aparcamiento REWE de Paderborn\" role=\"img\" ><\/div>\n\t\t\t\t\t\t\t\t\t\t\t<div class=\"elementor-gallery-item__overlay\"><\/div>\n\t\t\t\t\t\t\t\t\t\t\t\t\t\t<\/a>\n\t\t\t\t\t\t\t<a class=\"e-gallery-item elementor-gallery-item elementor-animated-content\"  href=\"https:\/\/faber-etec.de\/wp-content\/uploads\/sites\/3\/2024\/10\/Allego-Rewe-Paderbon-OKT-2024-022-scaled.jpg\" title=\"Allego Rewe Paderbon OKT 2024 022 Escala.jpg - - - \" data-elementor-open-lightbox=\"yes\" data-elementor-lightbox-slideshow=\"472b138\" data-e-action-hash=\"#elementor-action%3Aaction%3Dlightbox%26settings%3DeyJpZCI6MTM3MDQsInVybCI6Imh0dHBzOlwvXC9mYWJlci1ldGVjLmRlXC93cC1jb250ZW50XC91cGxvYWRzXC9zaXRlc1wvM1wvMjAyNFwvMTBcL0FsbGVnby1SZXdlLVBhZGVyYm9uLU9LVC0yMDI0LTAyMi1zY2FsZWQuanBnIiwic2xpZGVzaG93IjoiNDcyYjEzOCJ9\">\n\t\t\t\t\t<div class=\"e-gallery-image elementor-gallery-item__image\" data-thumbnail=\"https:\/\/faber-etec.de\/wp-content\/uploads\/sites\/3\/2024\/10\/Allego-Rewe-Paderbon-OKT-2024-022-768x512.jpg\" data-width=\"768\" data-height=\"512\" aria-label=\"\" role=\"img\" ><\/div>\n\t\t\t\t\t\t\t\t\t\t\t<div class=\"elementor-gallery-item__overlay\"><\/div>\n\t\t\t\t\t\t\t\t\t\t\t\t\t\t<\/a>\n\t\t\t\t\t<\/div>\n\t\t\t\t\t<\/div>\n\t\t\t\t<\/div>\n\t\t\t\t<div class=\"elementor-element elementor-element-742c6d4 elementor-widget-divider--view-line elementor-widget elementor-widget-divider\" data-id=\"742c6d4\" data-element_type=\"widget\" data-e-type=\"widget\" data-widget_type=\"divider.default\">\n\t\t\t\t<div class=\"elementor-widget-container\">\n\t\t\t\t\t\t\t<div class=\"elementor-divider\">\n\t\t\t<span class=\"elementor-divider-separator\">\n\t\t\t\t\t\t<\/span>\n\t\t<\/div>\n\t\t\t\t\t\t<\/div>\n\t\t\t\t<\/div>\n\t\t\t\t<div class=\"elementor-element elementor-element-1d6da09 elementor-widget elementor-widget-heading\" data-id=\"1d6da09\" data-element_type=\"widget\" data-e-type=\"widget\" data-widget_type=\"heading.default\">\n\t\t\t\t<div class=\"elementor-widget-container\">\n\t\t\t\t\t<h2 class=\"elementor-heading-title elementor-size-default\">Moderna infraestructura de recarga para la regi\u00f3n<\/h2>\t\t\t\t<\/div>\n\t\t\t\t<\/div>\n\t\t\t\t<div class=\"elementor-element elementor-element-f0b4752 elementor-widget elementor-widget-heading\" data-id=\"f0b4752\" data-element_type=\"widget\" data-e-type=\"widget\" data-widget_type=\"heading.default\">\n\t\t\t\t<div class=\"elementor-widget-container\">\n\t\t\t\t\t<h3 class=\"elementor-heading-title elementor-size-default\">Salarios en camino hacia un futuro sostenible<\/h3>\t\t\t\t<\/div>\n\t\t\t\t<\/div>\n\t\t\t\t<div class=\"elementor-element elementor-element-7fb94d2 elementor-widget elementor-widget-text-editor\" data-id=\"7fb94d2\" data-element_type=\"widget\" data-e-type=\"widget\" data-widget_type=\"text-editor.default\">\n\t\t\t\t<div class=\"elementor-widget-container\">\n\t\t\t\t\t\t\t\t\t<p>En <a title=\"Ciudad de L\u00f6hne\" href=\"https:\/\/www.loehne.de\/\" target=\"_blank\" rel=\"noopener\">Ciudad de L\u00f6hne<\/a>conocida como la \"Ciudad Mundial de las Cocinas\", se centra cada vez m\u00e1s en infraestructuras preparadas para el futuro con el fin de satisfacer la creciente demanda de electromovilidad. Una moderna infraestructura de estaciones de recarga es la clave para un suministro energ\u00e9tico eficiente y respetuoso con el medio ambiente en la regi\u00f3n.<\/p>\t\t\t\t\t\t\t\t<\/div>\n\t\t\t\t<\/div>\n\t\t\t\t<div class=\"elementor-element elementor-element-0219e91 elementor-widget elementor-widget-image\" data-id=\"0219e91\" data-element_type=\"widget\" data-e-type=\"widget\" data-widget_type=\"image.default\">\n\t\t\t\t<div class=\"elementor-widget-container\">\n\t\t\t\t\t\t\t\t\t\t\t\t<figure class=\"wp-caption\">\n\t\t\t\t\t\t\t\t\t\t<img decoding=\"async\" src=\"https:\/\/faber-etec.de\/wp-content\/uploads\/sites\/3\/elementor\/thumbs\/Stadt-Loehne-in-Westfalen-OWL-NRW-ai-komp-scaled-qymxwlzt7nu3ityrt9c272wydfrscecbup0oetsbr0.avif\" title=\"Marktkauf in L\u00f6hne - Vista a\u00e9rea desde Ostwestfalen-Lippe (OWL)\" alt=\"Vista a\u00e9rea de Marktkauf en L\u00f6hne (OWL) con aparcamiento, gr\u00faa y entorno verde en Renania del Norte-Westfalia. Gr\u00faa, pol\u00edgono industrial, estaci\u00f3n transformadora, entrega, instalaci\u00f3n.\" loading=\"lazy\" \/>\t\t\t\t\t\t\t\t\t\t\t<figcaption class=\"widget-image-caption wp-caption-text\">Marktkauf en L\u00f6hne, Ostwestfalen-Lippe (OWL) - vista a\u00e9rea.<\/figcaption>\n\t\t\t\t\t\t\t\t\t\t<\/figure>\n\t\t\t\t\t\t\t\t\t<\/div>\n\t\t\t\t<\/div>\n\t\t\t\t<div class=\"elementor-element elementor-element-3d90e48 elementor-widget elementor-widget-text-editor\" data-id=\"3d90e48\" data-element_type=\"widget\" data-e-type=\"widget\" data-widget_type=\"text-editor.default\">\n\t\t\t\t<div class=\"elementor-widget-container\">\n\t\t\t\t\t\t\t\t\t<p>La ampliaci\u00f3n de los puntos de recarga, como en el aparcamiento de Marktkauf, no s\u00f3lo har\u00e1 la ciudad m\u00e1s atractiva para visitantes y viajeros, sino que tambi\u00e9n dar\u00e1 un paso importante hacia la protecci\u00f3n del clima y la movilidad sostenible. Las empresas, las ciudades y los operadores de redes colaboran para que la regi\u00f3n est\u00e9 preparada para el futuro e impulse la transici\u00f3n hacia la movilidad el\u00e9ctrica.<\/p><p>L\u00f6hne demuestra que la realizaci\u00f3n fiable y r\u00e1pida de este tipo de proyectos -como la entrega de la estaci\u00f3n transformadora compacta- es crucial para la expansi\u00f3n sostenible de la infraestructura energ\u00e9tica y para marcar el rumbo de la movilidad sostenible.<\/p><p>Ostwestfalen-Lippe (OWL) une regiones rurales y ciudades econ\u00f3micamente fuertes como L\u00f6hne y B\u00fcnde, donde tambi\u00e9n nos sentimos como en casa. Como parte importante de esta regi\u00f3n, apoyamos la expansi\u00f3n de la movilidad el\u00e9ctrica para reforzar la sostenibilidad y la viabilidad futura de OWL.<\/p>\t\t\t\t\t\t\t\t<\/div>\n\t\t\t\t<\/div>\n\t\t\t\t<div class=\"elementor-element elementor-element-9344f36 elementor-widget elementor-widget-button\" data-id=\"9344f36\" data-element_type=\"widget\" data-e-type=\"widget\" data-widget_type=\"button.default\">\n\t\t\t\t<div class=\"elementor-widget-container\">\n\t\t\t\t\t\t\t\t\t<div class=\"elementor-button-wrapper\">\n\t\t\t\t\t<a class=\"elementor-button elementor-button-link elementor-size-sm\" href=\"https:\/\/maps.app.goo.gl\/Lv4eoEDJZfChzAYW7\" title=\"Lv4eoEDJZfChzAYW7 - Abrir mapa Google\" target=\"_blank\" rel=\"noopener\">\n\t\t\t\t\t\t<span class=\"elementor-button-content-wrapper\">\n\t\t\t\t\t\t<span class=\"elementor-button-icon\">\n\t\t\t\t<i aria-hidden=\"true\" class=\"fas fa-map-marker-alt\"><\/i>\t\t\t<\/span>\n\t\t\t\t\t\t\t\t\t<span class=\"elementor-button-text\">Abrir el mapa de Google<\/span>\n\t\t\t\t\t<\/span>\n\t\t\t\t\t<\/a>\n\t\t\t\t<\/div>\n\t\t\t\t\t\t\t\t<\/div>\n\t\t\t\t<\/div>\n\t\t\t\t<div class=\"elementor-element elementor-element-ec90521 elementor-widget-divider--view-line elementor-widget elementor-widget-divider\" data-id=\"ec90521\" data-element_type=\"widget\" data-e-type=\"widget\" data-widget_type=\"divider.default\">\n\t\t\t\t<div class=\"elementor-widget-container\">\n\t\t\t\t\t\t\t<div class=\"elementor-divider\">\n\t\t\t<span class=\"elementor-divider-separator\">\n\t\t\t\t\t\t<\/span>\n\t\t<\/div>\n\t\t\t\t\t\t<\/div>\n\t\t\t\t<\/div>\n\t\t\t\t<div class=\"elementor-element elementor-element-be024dd elementor-widget elementor-widget-heading\" data-id=\"be024dd\" data-element_type=\"widget\" data-e-type=\"widget\" data-widget_type=\"heading.default\">\n\t\t\t\t<div class=\"elementor-widget-container\">\n\t\t\t\t\t<h2 class=\"elementor-heading-title elementor-size-default\">\u00bfEst\u00e1 planeando su propio proyecto de movilidad el\u00e9ctrica? <\/h2>\t\t\t\t<\/div>\n\t\t\t\t<\/div>\n\t\t\t\t<div class=\"elementor-element elementor-element-c6adf32 elementor-widget elementor-widget-heading\" data-id=\"c6adf32\" data-element_type=\"widget\" data-e-type=\"widget\" data-widget_type=\"heading.default\">\n\t\t\t\t<div class=\"elementor-widget-container\">\n\t\t\t\t\t<h3 class=\"elementor-heading-title elementor-size-default\">\u00a1Tenemos la soluci\u00f3n!<\/h3>\t\t\t\t<\/div>\n\t\t\t\t<\/div>\n\t\t\t\t<div class=\"elementor-element elementor-element-b097b59 elementor-widget elementor-widget-text-editor\" data-id=\"b097b59\" data-element_type=\"widget\" data-e-type=\"widget\" data-widget_type=\"text-editor.default\">\n\t\t\t\t<div class=\"elementor-widget-container\">\n\t\t\t\t\t\t\t\t\t<p>Ya sea para supermercados, empresas o aparcamientos p\u00fablicos, nuestros centros de transformaci\u00f3n compactos personalizados son la soluci\u00f3n perfecta para sus proyectos de movilidad el\u00e9ctrica. Con nuestros muchos a\u00f1os de experiencia en planificaci\u00f3n, producci\u00f3n e instalaci\u00f3n, le ofrecemos centros de transformaci\u00f3n personalizados que se adaptan con precisi\u00f3n a sus requisitos.<\/p><p>Desde un suministro el\u00e9ctrico fiable hasta una moderna tecnolog\u00eda de protecci\u00f3n y control: nuestras soluciones est\u00e1n preparadas para el futuro y contribuyen de forma importante a una infraestructura sostenible. Conf\u00ede en nuestra experiencia e impulsemos juntos la electromovilidad.<\/p><p>P\u00f3ngase en contacto con nosotros hoy mismo y descubra c\u00f3mo podemos ayudarle en su proyecto con nuestra innovadora tecnolog\u00eda.<\/p>\t\t\t\t\t\t\t\t<\/div>\n\t\t\t\t<\/div>\n\t\t<div class=\"elementor-element elementor-element-8e0c5bf e-flex e-con-boxed e-con e-child\" data-id=\"8e0c5bf\" data-element_type=\"container\" data-e-type=\"container\">\n\t\t\t\t\t<div class=\"e-con-inner\">\n\t\t\t\t<div class=\"elementor-element elementor-element-706f689 elementor-widget elementor-widget-button\" data-id=\"706f689\" data-element_type=\"widget\" data-e-type=\"widget\" data-widget_type=\"button.default\">\n\t\t\t\t<div class=\"elementor-widget-container\">\n\t\t\t\t\t\t\t\t\t<div class=\"elementor-button-wrapper\">\n\t\t\t\t\t<a class=\"elementor-button elementor-button-link elementor-size-sm\" href=\"https:\/\/faber-etec.de\/es\/e-movilidad\/#produktanfrage\" title=\"E Mobilitaet - Enviar solicitud\">\n\t\t\t\t\t\t<span class=\"elementor-button-content-wrapper\">\n\t\t\t\t\t\t<span class=\"elementor-button-icon\">\n\t\t\t\t<i aria-hidden=\"true\" class=\"fas fa-arrow-right\"><\/i>\t\t\t<\/span>\n\t\t\t\t\t\t\t\t\t<span class=\"elementor-button-text\">Anfragen senden<\/span>\n\t\t\t\t\t<\/span>\n\t\t\t\t\t<\/a>\n\t\t\t\t<\/div>\n\t\t\t\t\t\t\t\t<\/div>\n\t\t\t\t<\/div>\n\t\t\t\t<div class=\"elementor-element elementor-element-a5ca0eb elementor-widget elementor-widget-button\" data-id=\"a5ca0eb\" data-element_type=\"widget\" data-e-type=\"widget\" data-widget_type=\"button.default\">\n\t\t\t\t<div class=\"elementor-widget-container\">\n\t\t\t\t\t\t\t\t\t<div class=\"elementor-button-wrapper\">\n\t\t\t\t\t<a class=\"elementor-button elementor-button-link elementor-size-sm\" href=\"https:\/\/faber-etec.de\/es\/e-movilidad\/\" title=\"E Mobilitaet - M\u00e1s sobre movilidad el\u00e9ctrica\">\n\t\t\t\t\t\t<span class=\"elementor-button-content-wrapper\">\n\t\t\t\t\t\t<span class=\"elementor-button-icon\">\n\t\t\t\t<i aria-hidden=\"true\" class=\"fas fa-arrow-right\"><\/i>\t\t\t<\/span>\n\t\t\t\t\t\t\t\t\t<span class=\"elementor-button-text\">M\u00e1s sobre movilidad el\u00e9ctrica<\/span>\n\t\t\t\t\t<\/span>\n\t\t\t\t\t<\/a>\n\t\t\t\t<\/div>\n\t\t\t\t\t\t\t\t<\/div>\n\t\t\t\t<\/div>\n\t\t\t\t\t<\/div>\n\t\t\t\t<\/div>\n\t\t\t\t<\/div>\n\t\t\t\t<\/div>","protected":false},"excerpt":{"rendered":"<p>Faber E-Tec suministra a EDEKA-MIHA Charge GmbH una estaci\u00f3n transformadora compacta para la tienda Marktkauf de L\u00f6hne en s\u00f3lo 8 semanas. Realizaci\u00f3n r\u00e1pida, procesos flexibles y soluciones fiables, incluso para pedidos urgentes.<\/p>","protected":false},"author":2,"featured_media":15207,"comment_status":"closed","ping_status":"open","sticky":false,"template":"","format":"standard","meta":{"_acf_changed":false,"footnotes":""},"categories":[1],"tags":[],"class_list":["post-15152","post","type-post","status-publish","format-standard","has-post-thumbnail","hentry","category-news"],"acf":[],"_links":{"self":[{"href":"https:\/\/faber-etec.de\/es\/wp-json\/wp\/v2\/posts\/15152","targetHints":{"allow":["GET"]}}],"collection":[{"href":"https:\/\/faber-etec.de\/es\/wp-json\/wp\/v2\/posts"}],"about":[{"href":"https:\/\/faber-etec.de\/es\/wp-json\/wp\/v2\/types\/post"}],"author":[{"embeddable":true,"href":"https:\/\/faber-etec.de\/es\/wp-json\/wp\/v2\/users\/2"}],"replies":[{"embeddable":true,"href":"https:\/\/faber-etec.de\/es\/wp-json\/wp\/v2\/comments?post=15152"}],"version-history":[{"count":41,"href":"https:\/\/faber-etec.de\/es\/wp-json\/wp\/v2\/posts\/15152\/revisions"}],"predecessor-version":[{"id":16078,"href":"https:\/\/faber-etec.de\/es\/wp-json\/wp\/v2\/posts\/15152\/revisions\/16078"}],"wp:featuredmedia":[{"embeddable":true,"href":"https:\/\/faber-etec.de\/es\/wp-json\/wp\/v2\/media\/15207"}],"wp:attachment":[{"href":"https:\/\/faber-etec.de\/es\/wp-json\/wp\/v2\/media?parent=15152"}],"wp:term":[{"taxonomy":"category","embeddable":true,"href":"https:\/\/faber-etec.de\/es\/wp-json\/wp\/v2\/categories?post=15152"},{"taxonomy":"post_tag","embeddable":true,"href":"https:\/\/faber-etec.de\/es\/wp-json\/wp\/v2\/tags?post=15152"}],"curies":[{"name":"wp","href":"https:\/\/api.w.org\/{rel}","templated":true}]}}