{"id":15297,"date":"2025-02-04T11:20:20","date_gmt":"2025-02-04T10:20:20","guid":{"rendered":"https:\/\/faber-etec.de\/?p=15297"},"modified":"2025-10-30T15:05:29","modified_gmt":"2025-10-30T14:05:29","slug":"platz-1-solartechnik-faber","status":"publish","type":"post","link":"https:\/\/faber-etec.de\/es\/news\/platz-1-solartechnik-faber\/","title":{"rendered":"\u00a1Faber Energy Group en el 1er puesto de la clasificaci\u00f3n de gestores de Regio!"},"content":{"rendered":"<div data-elementor-type=\"wp-post\" data-elementor-id=\"15297\" class=\"elementor elementor-15297\" data-elementor-post-type=\"post\">\n\t\t\t\t<div class=\"elementor-element elementor-element-60df408 e-flex e-con-boxed e-con e-parent\" data-id=\"60df408\" data-element_type=\"container\" data-e-type=\"container\">\n\t\t\t\t\t<div class=\"e-con-inner\">\n\t\t\t\t<div class=\"elementor-element elementor-element-ce54698 elementor-widget elementor-widget-text-editor\" data-id=\"ce54698\" data-element_type=\"widget\" data-e-type=\"widget\" data-widget_type=\"text-editor.default\">\n\t\t\t\t<div class=\"elementor-widget-container\">\n\t\t\t\t\t\t\t\t\t<h2>Nuestra empresa matriz es l\u00edder en tecnolog\u00eda solar en Renania del Norte-Westfalia.<\/h2><p>En <strong>Faber Energy Group<\/strong>nuestra empresa matriz, \u00a1lo ha conseguido! Seg\u00fan la actual <strong>Director Regional<\/strong> El Grupo ocupa el primer puesto entre los mayores proveedores de tecnolog\u00eda solar de B\u00fcnde, el distrito de Herford, Westfalia Oriental-Lippe y toda Alemania. <strong>NRW<\/strong>\u00a1! \ud83c\udf1e\ud83d\ude80<\/p><p>Este premio confirma la s\u00f3lida posici\u00f3n de Faber Energy Group en el mercado y subraya nuestro compromiso conjunto con un futuro energ\u00e9tico sostenible.<\/p>\t\t\t\t\t\t\t\t<\/div>\n\t\t\t\t<\/div>\n\t\t\t\t<div class=\"elementor-element elementor-element-3696132 elementor-widget elementor-widget-image\" data-id=\"3696132\" data-element_type=\"widget\" data-e-type=\"widget\" data-widget_type=\"image.default\">\n\t\t\t\t<div class=\"elementor-widget-container\">\n\t\t\t\t\t\t\t\t\t\t\t\t\t\t\t<img fetchpriority=\"high\" decoding=\"async\" width=\"768\" height=\"214\" src=\"https:\/\/faber-etec.de\/wp-content\/uploads\/sites\/3\/2025\/02\/FEG-Logo-PNG-Farbe-768x214.png\" class=\"attachment-medium_large size-medium_large wp-image-15301\" alt=\"Logotipo de Faber Energy Group, proveedor l\u00edder de tecnolog\u00eda solar y soluciones energ\u00e9ticas en Renania del Norte-Westfalia.\" srcset=\"https:\/\/faber-etec.de\/wp-content\/uploads\/sites\/3\/2025\/02\/FEG-Logo-PNG-Farbe-768x214.png 768w, https:\/\/faber-etec.de\/wp-content\/uploads\/sites\/3\/2025\/02\/FEG-Logo-PNG-Farbe-300x84.png 300w, https:\/\/faber-etec.de\/wp-content\/uploads\/sites\/3\/2025\/02\/FEG-Logo-PNG-Farbe-1024x285.png 1024w, https:\/\/faber-etec.de\/wp-content\/uploads\/sites\/3\/2025\/02\/FEG-Logo-PNG-Farbe-1536x428.png 1536w, https:\/\/faber-etec.de\/wp-content\/uploads\/sites\/3\/2025\/02\/FEG-Logo-PNG-Farbe-18x5.png 18w, https:\/\/faber-etec.de\/wp-content\/uploads\/sites\/3\/2025\/02\/FEG-Logo-PNG-Farbe.png 1590w\" sizes=\"(max-width: 768px) 100vw, 768px\" title=\"Faber Energy Group - Expertos en energ\u00edas renovables y tecnolog\u00eda solar\" \/>\t\t\t\t\t\t\t\t\t\t\t\t\t\t\t<\/div>\n\t\t\t\t<\/div>\n\t\t\t\t<div class=\"elementor-element elementor-element-57c4437 elementor-widget-divider--view-line elementor-widget elementor-widget-divider\" data-id=\"57c4437\" data-element_type=\"widget\" data-e-type=\"widget\" data-widget_type=\"divider.default\">\n\t\t\t\t<div class=\"elementor-widget-container\">\n\t\t\t\t\t\t\t<div class=\"elementor-divider\">\n\t\t\t<span class=\"elementor-divider-separator\">\n\t\t\t\t\t\t<\/span>\n\t\t<\/div>\n\t\t\t\t\t\t<\/div>\n\t\t\t\t<\/div>\n\t\t\t\t<div class=\"elementor-element elementor-element-05dbe19 elementor-widget elementor-widget-text-editor\" data-id=\"05dbe19\" data-element_type=\"widget\" data-e-type=\"widget\" data-widget_type=\"text-editor.default\">\n\t\t\t\t<div class=\"elementor-widget-container\">\n\t\t\t\t\t\t\t\t\t<h3>\u00bfQu\u00e9 es el Gestor Regio?<\/h3><p>Regio Manager es una consolidada plataforma empresarial que eval\u00faa a las empresas en funci\u00f3n de diversos criterios y las incluye en clasificaciones sectoriales. Estas clasificaciones se basan en el volumen de negocio, el n\u00famero de empleados y otros factores econ\u00f3micos. Las empresas que ocupan los primeros puestos se encuentran entre las m\u00e1s fuertes de su sector.<\/p><h4>Faber Energy Group se impuso en cuatro categor\u00edas, obteniendo el primer puesto en cada una de ellas:<\/h4><ul><li>\u2705 El mayor t\u00e9cnico solar de B\u00fcnde<\/li><li>\u2705 El mayor t\u00e9cnico solar del distrito de Herford<\/li><li>\u2705 El mayor t\u00e9cnico solar de Westfalia Oriental-Lippe<\/li><li>\u2705 Mayor t\u00e9cnico solar de Renania del Norte-Westfalia<\/li><\/ul><h5>Estos primeros puestos lo demuestran:<\/h5><p>Faber es l\u00edder en el sector y marca la pauta en tecnolog\u00eda solar.<\/p>\t\t\t\t\t\t\t\t<\/div>\n\t\t\t\t<\/div>\n\t\t\t\t<div class=\"elementor-element elementor-element-6932b69 elementor-widget elementor-widget-gallery\" data-id=\"6932b69\" data-element_type=\"widget\" data-e-type=\"widget\" data-settings=\"{&quot;gallery_layout&quot;:&quot;justified&quot;,&quot;ideal_row_height&quot;:{&quot;unit&quot;:&quot;px&quot;,&quot;size&quot;:220,&quot;sizes&quot;:[]},&quot;gap&quot;:{&quot;unit&quot;:&quot;px&quot;,&quot;size&quot;:15,&quot;sizes&quot;:[]},&quot;lazyload&quot;:&quot;yes&quot;,&quot;ideal_row_height_laptop&quot;:{&quot;unit&quot;:&quot;px&quot;,&quot;size&quot;:150,&quot;sizes&quot;:[]},&quot;ideal_row_height_tablet_extra&quot;:{&quot;unit&quot;:&quot;px&quot;,&quot;size&quot;:150,&quot;sizes&quot;:[]},&quot;ideal_row_height_tablet&quot;:{&quot;unit&quot;:&quot;px&quot;,&quot;size&quot;:150,&quot;sizes&quot;:[]},&quot;ideal_row_height_mobile&quot;:{&quot;unit&quot;:&quot;px&quot;,&quot;size&quot;:150,&quot;sizes&quot;:[]},&quot;gap_laptop&quot;:{&quot;unit&quot;:&quot;px&quot;,&quot;size&quot;:10,&quot;sizes&quot;:[]},&quot;gap_tablet_extra&quot;:{&quot;unit&quot;:&quot;px&quot;,&quot;size&quot;:10,&quot;sizes&quot;:[]},&quot;gap_tablet&quot;:{&quot;unit&quot;:&quot;px&quot;,&quot;size&quot;:10,&quot;sizes&quot;:[]},&quot;gap_mobile&quot;:{&quot;unit&quot;:&quot;px&quot;,&quot;size&quot;:10,&quot;sizes&quot;:[]},&quot;link_to&quot;:&quot;file&quot;,&quot;overlay_background&quot;:&quot;yes&quot;,&quot;content_hover_animation&quot;:&quot;fade-in&quot;}\" data-widget_type=\"gallery.default\">\n\t\t\t\t<div class=\"elementor-widget-container\">\n\t\t\t\t\t\t\t<div class=\"elementor-gallery__container\">\n\t\t\t\t\t\t\t<a class=\"e-gallery-item elementor-gallery-item elementor-animated-content\"  href=\"https:\/\/faber-etec.de\/wp-content\/uploads\/sites\/3\/2025\/02\/Regio-Manager-Platz-1-Ranking-r1_c1.jpg\" title=\"Regio Manager Lugar 1 Clasificaci\u00f3n R1 C1.jpg - - \" data-elementor-open-lightbox=\"yes\" data-elementor-lightbox-slideshow=\"6932b69\" data-e-action-hash=\"#elementor-action%3Aaction%3Dlightbox%26settings%3DeyJpZCI6MTUzMDgsInVybCI6Imh0dHBzOlwvXC9mYWJlci1ldGVjLmRlXC93cC1jb250ZW50XC91cGxvYWRzXC9zaXRlc1wvM1wvMjAyNVwvMDJcL1JlZ2lvLU1hbmFnZXItUGxhdHotMS1SYW5raW5nLXIxX2MxLmpwZyIsInNsaWRlc2hvdyI6IjY5MzJiNjkifQ%3D%3D\">\n\t\t\t\t\t<div class=\"e-gallery-image elementor-gallery-item__image\" data-thumbnail=\"https:\/\/faber-etec.de\/wp-content\/uploads\/sites\/3\/2025\/02\/Regio-Manager-Platz-1-Ranking-r1_c1-768x361.jpg\" data-width=\"768\" data-height=\"361\" aria-label=\"Instalaci\u00f3n fotovoltaica en una gran nave industrial: suministro energ\u00e9tico sostenible para empresas.\" role=\"img\" ><\/div>\n\t\t\t\t\t\t\t\t\t\t\t<div class=\"elementor-gallery-item__overlay\"><\/div>\n\t\t\t\t\t\t\t\t\t\t\t\t\t\t<\/a>\n\t\t\t\t\t\t\t<a class=\"e-gallery-item elementor-gallery-item elementor-animated-content\"  href=\"https:\/\/faber-etec.de\/wp-content\/uploads\/sites\/3\/2025\/02\/Regio-Manager-Platz-1-Ranking-r1_c9.jpg\" title=\"Regio Manager 1er puesto clasificaci\u00f3n R1 C9.jpg - - \" data-elementor-open-lightbox=\"yes\" data-elementor-lightbox-slideshow=\"6932b69\" data-e-action-hash=\"#elementor-action%3Aaction%3Dlightbox%26settings%3DeyJpZCI6MTUzMTAsInVybCI6Imh0dHBzOlwvXC9mYWJlci1ldGVjLmRlXC93cC1jb250ZW50XC91cGxvYWRzXC9zaXRlc1wvM1wvMjAyNVwvMDJcL1JlZ2lvLU1hbmFnZXItUGxhdHotMS1SYW5raW5nLXIxX2M5LmpwZyIsInNsaWRlc2hvdyI6IjY5MzJiNjkifQ%3D%3D\">\n\t\t\t\t\t<div class=\"e-gallery-image elementor-gallery-item__image\" data-thumbnail=\"https:\/\/faber-etec.de\/wp-content\/uploads\/sites\/3\/2025\/02\/Regio-Manager-Platz-1-Ranking-r1_c9-768x577.jpg\" data-width=\"768\" data-height=\"577\" aria-label=\"Combinaci\u00f3n de un sistema fotovoltaico en un tejado y un parque solar en el campo para la generaci\u00f3n de energ\u00eda sostenible.\" role=\"img\" ><\/div>\n\t\t\t\t\t\t\t\t\t\t\t<div class=\"elementor-gallery-item__overlay\"><\/div>\n\t\t\t\t\t\t\t\t\t\t\t\t\t\t<\/a>\n\t\t\t\t\t\t\t<a class=\"e-gallery-item elementor-gallery-item elementor-animated-content\"  href=\"https:\/\/faber-etec.de\/wp-content\/uploads\/sites\/3\/2025\/02\/Regio-Manager-Platz-1-Ranking-r4_c1.jpg\" title=\"Regio Manager 1er puesto clasificaci\u00f3n R4 C1.jpg - - \" data-elementor-open-lightbox=\"yes\" data-elementor-lightbox-slideshow=\"6932b69\" data-e-action-hash=\"#elementor-action%3Aaction%3Dlightbox%26settings%3DeyJpZCI6MTUzMTEsInVybCI6Imh0dHBzOlwvXC9mYWJlci1ldGVjLmRlXC93cC1jb250ZW50XC91cGxvYWRzXC9zaXRlc1wvM1wvMjAyNVwvMDJcL1JlZ2lvLU1hbmFnZXItUGxhdHotMS1SYW5raW5nLXI0X2MxLmpwZyIsInNsaWRlc2hvdyI6IjY5MzJiNjkifQ%3D%3D\">\n\t\t\t\t\t<div class=\"e-gallery-image elementor-gallery-item__image\" data-thumbnail=\"https:\/\/faber-etec.de\/wp-content\/uploads\/sites\/3\/2025\/02\/Regio-Manager-Platz-1-Ranking-r4_c1-768x593.jpg\" data-width=\"768\" data-height=\"593\" aria-label=\"Gran campo solar de uso comercial e industrial para la generaci\u00f3n sostenible de electricidad.\" role=\"img\" ><\/div>\n\t\t\t\t\t\t\t\t\t\t\t<div class=\"elementor-gallery-item__overlay\"><\/div>\n\t\t\t\t\t\t\t\t\t\t\t\t\t\t<\/a>\n\t\t\t\t\t\t\t<a class=\"e-gallery-item elementor-gallery-item elementor-animated-content\"  href=\"https:\/\/faber-etec.de\/wp-content\/uploads\/sites\/3\/2025\/02\/Regio-Manager-Platz-1-Ranking-r1_c5.jpg\" title=\"Regio Manager 1er puesto clasificaci\u00f3n R1 C5.jpg - - \" data-elementor-open-lightbox=\"yes\" data-elementor-lightbox-slideshow=\"6932b69\" data-e-action-hash=\"#elementor-action%3Aaction%3Dlightbox%26settings%3DeyJpZCI6MTUzMDksInVybCI6Imh0dHBzOlwvXC9mYWJlci1ldGVjLmRlXC93cC1jb250ZW50XC91cGxvYWRzXC9zaXRlc1wvM1wvMjAyNVwvMDJcL1JlZ2lvLU1hbmFnZXItUGxhdHotMS1SYW5raW5nLXIxX2M1LmpwZyIsInNsaWRlc2hvdyI6IjY5MzJiNjkifQ%3D%3D\">\n\t\t\t\t\t<div class=\"e-gallery-image elementor-gallery-item__image\" data-thumbnail=\"https:\/\/faber-etec.de\/wp-content\/uploads\/sites\/3\/2025\/02\/Regio-Manager-Platz-1-Ranking-r1_c5-768x387.jpg\" data-width=\"768\" data-height=\"387\" aria-label=\"Instalaci\u00f3n fotovoltaica en un centro log\u00edstico para el uso sostenible de la electricidad propia.\" role=\"img\" ><\/div>\n\t\t\t\t\t\t\t\t\t\t\t<div class=\"elementor-gallery-item__overlay\"><\/div>\n\t\t\t\t\t\t\t\t\t\t\t\t\t\t<\/a>\n\t\t\t\t\t\t\t<a class=\"e-gallery-item elementor-gallery-item elementor-animated-content\"  href=\"https:\/\/faber-etec.de\/wp-content\/uploads\/sites\/3\/2025\/02\/Regio-Manager-Platz-1-Ranking-r4_c3.jpg\" title=\"Regio Manager 1er puesto clasificaci\u00f3n R4 C3.jpg - - \" data-elementor-open-lightbox=\"yes\" data-elementor-lightbox-slideshow=\"6932b69\" data-e-action-hash=\"#elementor-action%3Aaction%3Dlightbox%26settings%3DeyJpZCI6MTUzMTIsInVybCI6Imh0dHBzOlwvXC9mYWJlci1ldGVjLmRlXC93cC1jb250ZW50XC91cGxvYWRzXC9zaXRlc1wvM1wvMjAyNVwvMDJcL1JlZ2lvLU1hbmFnZXItUGxhdHotMS1SYW5raW5nLXI0X2MzLmpwZyIsInNsaWRlc2hvdyI6IjY5MzJiNjkifQ%3D%3D\">\n\t\t\t\t\t<div class=\"e-gallery-image elementor-gallery-item__image\" data-thumbnail=\"https:\/\/faber-etec.de\/wp-content\/uploads\/sites\/3\/2025\/02\/Regio-Manager-Platz-1-Ranking-r4_c3-768x376.jpg\" data-width=\"768\" data-height=\"376\" aria-label=\"Un parque solar con m\u00f3dulos fotovoltaicos a gran escala para generar energ\u00eda sostenible.\" role=\"img\" ><\/div>\n\t\t\t\t\t\t\t\t\t\t\t<div class=\"elementor-gallery-item__overlay\"><\/div>\n\t\t\t\t\t\t\t\t\t\t\t\t\t\t<\/a>\n\t\t\t\t\t\t\t<a class=\"e-gallery-item elementor-gallery-item elementor-animated-content\"  href=\"https:\/\/faber-etec.de\/wp-content\/uploads\/sites\/3\/2025\/02\/Regio-Manager-Platz-1-Ranking-r4_c7.jpg\" title=\"Regio Manager 1er puesto clasificaci\u00f3n R4 C7.jpg - - \" data-elementor-open-lightbox=\"yes\" data-elementor-lightbox-slideshow=\"6932b69\" data-e-action-hash=\"#elementor-action%3Aaction%3Dlightbox%26settings%3DeyJpZCI6MTUzMTMsInVybCI6Imh0dHBzOlwvXC9mYWJlci1ldGVjLmRlXC93cC1jb250ZW50XC91cGxvYWRzXC9zaXRlc1wvM1wvMjAyNVwvMDJcL1JlZ2lvLU1hbmFnZXItUGxhdHotMS1SYW5raW5nLXI0X2M3LmpwZyIsInNsaWRlc2hvdyI6IjY5MzJiNjkifQ%3D%3D\">\n\t\t\t\t\t<div class=\"e-gallery-image elementor-gallery-item__image\" data-thumbnail=\"https:\/\/faber-etec.de\/wp-content\/uploads\/sites\/3\/2025\/02\/Regio-Manager-Platz-1-Ranking-r4_c7-768x364.jpg\" data-width=\"768\" data-height=\"364\" aria-label=\"Moderna tecnolog\u00eda solar en edificios comerciales para optimizar la eficiencia energ\u00e9tica.\" role=\"img\" ><\/div>\n\t\t\t\t\t\t\t\t\t\t\t<div class=\"elementor-gallery-item__overlay\"><\/div>\n\t\t\t\t\t\t\t\t\t\t\t\t\t\t<\/a>\n\t\t\t\t\t<\/div>\n\t\t\t\t\t<\/div>\n\t\t\t\t<\/div>\n\t\t\t\t<div class=\"elementor-element elementor-element-5b6f723 elementor-widget-divider--view-line elementor-widget elementor-widget-divider\" data-id=\"5b6f723\" data-element_type=\"widget\" data-e-type=\"widget\" data-widget_type=\"divider.default\">\n\t\t\t\t<div class=\"elementor-widget-container\">\n\t\t\t\t\t\t\t<div class=\"elementor-divider\">\n\t\t\t<span class=\"elementor-divider-separator\">\n\t\t\t\t\t\t<\/span>\n\t\t<\/div>\n\t\t\t\t\t\t<\/div>\n\t\t\t\t<\/div>\n\t\t\t\t<div class=\"elementor-element elementor-element-09705e0 elementor-widget elementor-widget-text-editor\" data-id=\"09705e0\" data-element_type=\"widget\" data-e-type=\"widget\" data-widget_type=\"text-editor.default\">\n\t\t\t\t<div class=\"elementor-widget-container\">\n\t\t\t\t\t\t\t\t\t<h3>Importancia para Faber E-Tec<\/h3><p>Como parte del Grupo Faber, en Faber E-Tec nos beneficiamos de este \u00e9xito. Nuestra empresa matriz impulsa la transici\u00f3n energ\u00e9tica sostenible con su experiencia en el campo de la tecnolog\u00eda solar. Con nuestra <strong>Centros de transformaci\u00f3n<\/strong> para la e-movilidad, la industria y las energ\u00edas renovables en tecnolog\u00edas de futuro.<\/p><p>Este premio subraya nuestra visi\u00f3n com\u00fan: \u00a1Infraestructuras energ\u00e9ticas innovadoras para un futuro sostenible!<\/p><p><strong>Le damos las gracias.<\/strong><br \/>Esta clasificaci\u00f3n no habr\u00eda sido posible sin nuestro s\u00f3lido equipo, nuestros leales clientes y nuestros socios. Sigamos impulsando juntos la transici\u00f3n energ\u00e9tica.<\/p><p>\ud83d\udd17 M\u00e1s informaci\u00f3n en el ranking de Regio Manager:<br \/>\ud83d\udc49 <a href=\"https:\/\/www.regiomanager.de\/unternehmen\/faber-energy-group-gmbh\/\" title=\"Faber Energy Group Gmbh - https:\/\/www.regiomanager.de\/unternehmen\/faber-energy-group-gmbh\/\" target=\"_new\" rel=\"noopener\">https:\/\/www.regiomanager.de\/unternehmen\/faber-energy-group-gmbh\/<\/a><\/p>\t\t\t\t\t\t\t\t<\/div>\n\t\t\t\t<\/div>\n\t\t\t\t<div class=\"elementor-element elementor-element-cb258ae elementor-widget elementor-widget-gallery\" data-id=\"cb258ae\" data-element_type=\"widget\" data-e-type=\"widget\" data-settings=\"{&quot;gallery_layout&quot;:&quot;justified&quot;,&quot;ideal_row_height&quot;:{&quot;unit&quot;:&quot;px&quot;,&quot;size&quot;:280,&quot;sizes&quot;:[]},&quot;gap&quot;:{&quot;unit&quot;:&quot;px&quot;,&quot;size&quot;:15,&quot;sizes&quot;:[]},&quot;lazyload&quot;:&quot;yes&quot;,&quot;ideal_row_height_laptop&quot;:{&quot;unit&quot;:&quot;px&quot;,&quot;size&quot;:150,&quot;sizes&quot;:[]},&quot;ideal_row_height_tablet_extra&quot;:{&quot;unit&quot;:&quot;px&quot;,&quot;size&quot;:150,&quot;sizes&quot;:[]},&quot;ideal_row_height_tablet&quot;:{&quot;unit&quot;:&quot;px&quot;,&quot;size&quot;:150,&quot;sizes&quot;:[]},&quot;ideal_row_height_mobile&quot;:{&quot;unit&quot;:&quot;px&quot;,&quot;size&quot;:150,&quot;sizes&quot;:[]},&quot;gap_laptop&quot;:{&quot;unit&quot;:&quot;px&quot;,&quot;size&quot;:10,&quot;sizes&quot;:[]},&quot;gap_tablet_extra&quot;:{&quot;unit&quot;:&quot;px&quot;,&quot;size&quot;:10,&quot;sizes&quot;:[]},&quot;gap_tablet&quot;:{&quot;unit&quot;:&quot;px&quot;,&quot;size&quot;:10,&quot;sizes&quot;:[]},&quot;gap_mobile&quot;:{&quot;unit&quot;:&quot;px&quot;,&quot;size&quot;:10,&quot;sizes&quot;:[]},&quot;link_to&quot;:&quot;file&quot;,&quot;overlay_background&quot;:&quot;yes&quot;,&quot;content_hover_animation&quot;:&quot;fade-in&quot;}\" data-widget_type=\"gallery.default\">\n\t\t\t\t<div class=\"elementor-widget-container\">\n\t\t\t\t\t\t\t<div class=\"elementor-gallery__container\">\n\t\t\t\t\t\t\t<a class=\"e-gallery-item elementor-gallery-item elementor-animated-content\" href=\"https:\/\/faber-etec.de\/wp-content\/uploads\/sites\/3\/2025\/02\/Solartechnik-in-der-Region-NRW-_r1_c1.jpg\" title=\"Tecnolog\u00eda solar en la regi\u00f3n de Renania del Norte-Westfalia R1 C1.jpg - - \" data-elementor-open-lightbox=\"yes\" data-elementor-lightbox-slideshow=\"cb258ae\" data-e-action-hash=\"#elementor-action%3Aaction%3Dlightbox%26settings%3DeyJpZCI6MTUzMTUsInVybCI6Imh0dHBzOlwvXC9mYWJlci1ldGVjLmRlXC93cC1jb250ZW50XC91cGxvYWRzXC9zaXRlc1wvM1wvMjAyNVwvMDJcL1NvbGFydGVjaG5pay1pbi1kZXItUmVnaW9uLU5SVy1fcjFfYzEuanBnIiwic2xpZGVzaG93IjoiY2IyNThhZSJ9\">\n\t\t\t\t\t<div class=\"e-gallery-image elementor-gallery-item__image\" data-thumbnail=\"https:\/\/faber-etec.de\/wp-content\/uploads\/sites\/3\/2025\/02\/Solartechnik-in-der-Region-NRW-_r1_c1-768x332.jpg\" data-width=\"768\" data-height=\"332\" aria-label=\"Trabajadores cualificados montan una estaci\u00f3n transformadora en una nave de producci\u00f3n con una gr\u00faa.\" role=\"img\" ><\/div>\n\t\t\t\t\t\t\t\t\t\t\t<div class=\"elementor-gallery-item__overlay\"><\/div>\n\t\t\t\t\t\t\t\t\t\t\t\t\t\t<\/a>\n\t\t\t\t\t\t\t<a class=\"e-gallery-item elementor-gallery-item elementor-animated-content\" href=\"https:\/\/faber-etec.de\/wp-content\/uploads\/sites\/3\/2025\/02\/Solartechnik-in-der-Region-NRW-_r3_c4.jpg\" title=\"Tecnolog\u00eda solar en la regi\u00f3n de Renania del Norte-Westfalia R3 C4.jpg - - \" data-elementor-open-lightbox=\"yes\" data-elementor-lightbox-slideshow=\"cb258ae\" data-e-action-hash=\"#elementor-action%3Aaction%3Dlightbox%26settings%3DeyJpZCI6MTUzMTQsInVybCI6Imh0dHBzOlwvXC9mYWJlci1ldGVjLmRlXC93cC1jb250ZW50XC91cGxvYWRzXC9zaXRlc1wvM1wvMjAyNVwvMDJcL1NvbGFydGVjaG5pay1pbi1kZXItUmVnaW9uLU5SVy1fcjNfYzQuanBnIiwic2xpZGVzaG93IjoiY2IyNThhZSJ9\">\n\t\t\t\t\t<div class=\"e-gallery-image elementor-gallery-item__image\" data-thumbnail=\"https:\/\/faber-etec.de\/wp-content\/uploads\/sites\/3\/2025\/02\/Solartechnik-in-der-Region-NRW-_r3_c4-768x695.jpg\" data-width=\"768\" data-height=\"695\" aria-label=\"Un instalador con casco y chaleco de alta visibilidad instala un m\u00f3dulo fotovoltaico en una estructura met\u00e1lica.\" role=\"img\" ><\/div>\n\t\t\t\t\t\t\t\t\t\t\t<div class=\"elementor-gallery-item__overlay\"><\/div>\n\t\t\t\t\t\t\t\t\t\t\t\t\t\t<\/a>\n\t\t\t\t\t\t\t<a class=\"e-gallery-item elementor-gallery-item elementor-animated-content\" href=\"https:\/\/faber-etec.de\/wp-content\/uploads\/sites\/3\/2025\/02\/Solartechnik-in-der-Region-NRW-_r3_c2.jpg\" title=\"Tecnolog\u00eda solar en la regi\u00f3n de Renania del Norte-Westfalia R3 C2.jpg - - \" data-elementor-open-lightbox=\"yes\" data-elementor-lightbox-slideshow=\"cb258ae\" data-e-action-hash=\"#elementor-action%3Aaction%3Dlightbox%26settings%3DeyJpZCI6MTUzMTYsInVybCI6Imh0dHBzOlwvXC9mYWJlci1ldGVjLmRlXC93cC1jb250ZW50XC91cGxvYWRzXC9zaXRlc1wvM1wvMjAyNVwvMDJcL1NvbGFydGVjaG5pay1pbi1kZXItUmVnaW9uLU5SVy1fcjNfYzIuanBnIiwic2xpZGVzaG93IjoiY2IyNThhZSJ9\">\n\t\t\t\t\t<div class=\"e-gallery-image elementor-gallery-item__image\" data-thumbnail=\"https:\/\/faber-etec.de\/wp-content\/uploads\/sites\/3\/2025\/02\/Solartechnik-in-der-Region-NRW-_r3_c2-768x682.jpg\" data-width=\"768\" data-height=\"682\" aria-label=\"Dos obreros con chalecos y cascos de protecci\u00f3n montan la subestructura de un parque solar con una m\u00e1quina apiladora.\" role=\"img\" ><\/div>\n\t\t\t\t\t\t\t\t\t\t\t<div class=\"elementor-gallery-item__overlay\"><\/div>\n\t\t\t\t\t\t\t\t\t\t\t\t\t\t<\/a>\n\t\t\t\t\t<\/div>\n\t\t\t\t\t<\/div>\n\t\t\t\t<\/div>\n\t\t\t\t<div class=\"elementor-element elementor-element-c32a988 elementor-widget elementor-widget-image\" data-id=\"c32a988\" data-element_type=\"widget\" data-e-type=\"widget\" data-widget_type=\"image.default\">\n\t\t\t\t<div class=\"elementor-widget-container\">\n\t\t\t\t\t\t\t\t\t\t\t\t<figure class=\"wp-caption\">\n\t\t\t\t\t\t\t\t\t\t\t<a href=\"https:\/\/faber-etec.de\/es\/estacion-del-parque-solar\/\" title=\"Consulta sobre la estaci\u00f3n solar Faber E-Tec\">\n\t\t\t\t\t\t\t<img decoding=\"async\" width=\"800\" height=\"512\" src=\"https:\/\/faber-etec.de\/wp-content\/uploads\/sites\/3\/2024\/11\/Trafostation-fuer-Solarparks-Solarpark-Netzanschluss-Kompaktstationen-Kompakt-Trafostationen-Transformatorkompaktstationen-1024x655.avif\" class=\"attachment-large size-large wp-image-14351\" alt=\"Centro de transformaci\u00f3n para la conexi\u00f3n a la red de parques solares con centro compacto Centros de transformaci\u00f3n y centros de transformaci\u00f3n compactos para una transmisi\u00f3n fiable de la energ\u00eda y un suministro energ\u00e9tico sostenible.\" srcset=\"https:\/\/faber-etec.de\/wp-content\/uploads\/sites\/3\/2024\/11\/Trafostation-fuer-Solarparks-Solarpark-Netzanschluss-Kompaktstationen-Kompakt-Trafostationen-Transformatorkompaktstationen-1024x655.avif 1024w, https:\/\/faber-etec.de\/wp-content\/uploads\/sites\/3\/2024\/11\/Trafostation-fuer-Solarparks-Solarpark-Netzanschluss-Kompaktstationen-Kompakt-Trafostationen-Transformatorkompaktstationen-300x192.avif 300w, https:\/\/faber-etec.de\/wp-content\/uploads\/sites\/3\/2024\/11\/Trafostation-fuer-Solarparks-Solarpark-Netzanschluss-Kompaktstationen-Kompakt-Trafostationen-Transformatorkompaktstationen-768x491.avif 768w, https:\/\/faber-etec.de\/wp-content\/uploads\/sites\/3\/2024\/11\/Trafostation-fuer-Solarparks-Solarpark-Netzanschluss-Kompaktstationen-Kompakt-Trafostationen-Transformatorkompaktstationen-1536x983.avif 1536w, https:\/\/faber-etec.de\/wp-content\/uploads\/sites\/3\/2024\/11\/Trafostation-fuer-Solarparks-Solarpark-Netzanschluss-Kompaktstationen-Kompakt-Trafostationen-Transformatorkompaktstationen-2048x1310.avif 2048w, https:\/\/faber-etec.de\/wp-content\/uploads\/sites\/3\/2024\/11\/Trafostation-fuer-Solarparks-Solarpark-Netzanschluss-Kompaktstationen-Kompakt-Trafostationen-Transformatorkompaktstationen-18x12.avif 18w\" sizes=\"(max-width: 800px) 100vw, 800px\" title=\"Centro de transformaci\u00f3n para parques solares con centro de transformaci\u00f3n compacto y conexi\u00f3n a la red\" \/>\t\t\t\t\t\t\t\t<\/a>\n\t\t\t\t\t\t\t\t\t\t\t<figcaption class=\"widget-image-caption wp-caption-text\">Centros de transformaci\u00f3n para la conexi\u00f3n a la red del parque solar: Nuestros centros de transformaci\u00f3n compactos garantizan una transmisi\u00f3n fiable de la energ\u00eda y aseguran un suministro energ\u00e9tico sostenible.<\/figcaption>\n\t\t\t\t\t\t\t\t\t\t<\/figure>\n\t\t\t\t\t\t\t\t\t<\/div>\n\t\t\t\t<\/div>\n\t\t\t\t<div class=\"elementor-element elementor-element-5d842cb elementor-widget-divider--view-line elementor-widget elementor-widget-divider\" data-id=\"5d842cb\" data-element_type=\"widget\" data-e-type=\"widget\" data-widget_type=\"divider.default\">\n\t\t\t\t<div class=\"elementor-widget-container\">\n\t\t\t\t\t\t\t<div class=\"elementor-divider\">\n\t\t\t<span class=\"elementor-divider-separator\">\n\t\t\t\t\t\t<\/span>\n\t\t<\/div>\n\t\t\t\t\t\t<\/div>\n\t\t\t\t<\/div>\n\t\t<div class=\"elementor-element elementor-element-1b2518c e-con-full e-flex e-con e-child\" data-id=\"1b2518c\" data-element_type=\"container\" data-e-type=\"container\" data-settings=\"{&quot;background_background&quot;:&quot;classic&quot;}\">\n\t\t\t\t<div class=\"elementor-element elementor-element-d2314d3 elementor-widget elementor-widget-text-editor\" data-id=\"d2314d3\" data-element_type=\"widget\" data-e-type=\"widget\" data-widget_type=\"text-editor.default\">\n\t\t\t\t<div class=\"elementor-widget-container\">\n\t\t\t\t\t\t\t\t\t<h3>S\u00edguenos en las redes sociales<\/h3><p>Mant\u00e9ngase al d\u00eda y s\u00edganos en nuestras redes sociales para conocer las \u00faltimas noticias, proyectos interesantes y lo que se cuece entre bastidores.<\/p>\t\t\t\t\t\t\t\t<\/div>\n\t\t\t\t<\/div>\n\t\t\t\t<div class=\"elementor-element elementor-element-53775f3 e-grid-align-left elementor-shape-rounded elementor-grid-0 elementor-widget elementor-widget-social-icons\" data-id=\"53775f3\" data-element_type=\"widget\" data-e-type=\"widget\" data-widget_type=\"social-icons.default\">\n\t\t\t\t<div class=\"elementor-widget-container\">\n\t\t\t\t\t\t\t<div class=\"elementor-social-icons-wrapper elementor-grid\" role=\"list\">\n\t\t\t\t\t\t\t<span class=\"elementor-grid-item\" role=\"listitem\">\n\t\t\t\t\t<a class=\"elementor-icon elementor-social-icon elementor-social-icon-instagram elementor-animation-grow elementor-repeater-item-c4ec2f4\" href=\"https:\/\/www.instagram.com\/faber.energy\/\" target=\"_blank\" title=\"S\u00edguenos en Instagram\" rel=\"noopener\">\n\t\t\t\t\t\t<span class=\"elementor-screen-only\">Instagram<\/span>\n\t\t\t\t\t\t<i aria-hidden=\"true\" class=\"fab fa-instagram\"><\/i>\t\t\t\t\t<\/a>\n\t\t\t\t<\/span>\n\t\t\t\t\t\t\t<span class=\"elementor-grid-item\" role=\"listitem\">\n\t\t\t\t\t<a class=\"elementor-icon elementor-social-icon elementor-social-icon-facebook elementor-animation-grow elementor-repeater-item-2651a5f\" href=\"https:\/\/www.facebook.com\/profile.php?id=61566434640105\" target=\"_blank\" title=\"S\u00edguenos en Facebook\" rel=\"noopener\">\n\t\t\t\t\t\t<span class=\"elementor-screen-only\">Facebook<\/span>\n\t\t\t\t\t\t<i aria-hidden=\"true\" class=\"fab fa-facebook\"><\/i>\t\t\t\t\t<\/a>\n\t\t\t\t<\/span>\n\t\t\t\t\t\t\t<span class=\"elementor-grid-item\" role=\"listitem\">\n\t\t\t\t\t<a class=\"elementor-icon elementor-social-icon elementor-social-icon-threads elementor-animation-grow elementor-repeater-item-c864bea\" href=\"https:\/\/www.threads.net\/@faber.energy\" target=\"_blank\" title=\"S\u00edguenos en hilos\" rel=\"noopener\">\n\t\t\t\t\t\t<span class=\"elementor-screen-only\">Hilos<\/span>\n\t\t\t\t\t\t<i aria-hidden=\"true\" class=\"fab fa-threads\"><\/i>\t\t\t\t\t<\/a>\n\t\t\t\t<\/span>\n\t\t\t\t\t\t\t<span class=\"elementor-grid-item\" role=\"listitem\">\n\t\t\t\t\t<a class=\"elementor-icon elementor-social-icon elementor-social-icon-linkedin elementor-animation-grow elementor-repeater-item-2b87a25\" href=\"https:\/\/www.linkedin.com\/company\/faber-etec\/\" target=\"_blank\" title=\"S\u00edguenos en Linkedin\" rel=\"noopener\">\n\t\t\t\t\t\t<span class=\"elementor-screen-only\">Linkedin<\/span>\n\t\t\t\t\t\t<i aria-hidden=\"true\" class=\"fab fa-linkedin\"><\/i>\t\t\t\t\t<\/a>\n\t\t\t\t<\/span>\n\t\t\t\t\t\t\t<span class=\"elementor-grid-item\" role=\"listitem\">\n\t\t\t\t\t<a class=\"elementor-icon elementor-social-icon elementor-social-icon-x-twitter elementor-animation-grow elementor-repeater-item-4ef3195\" href=\"https:\/\/x.com\/Faber_Energy\" target=\"_blank\" title=\"S\u00edguenos en X Twitter\">\n\t\t\t\t\t\t<span class=\"elementor-screen-only\">X-twitter<\/span>\n\t\t\t\t\t\t<i aria-hidden=\"true\" class=\"fab fa-x-twitter\"><\/i>\t\t\t\t\t<\/a>\n\t\t\t\t<\/span>\n\t\t\t\t\t\t\t<span class=\"elementor-grid-item\" role=\"listitem\">\n\t\t\t\t\t<a class=\"elementor-icon elementor-social-icon elementor-social-icon-youtube elementor-animation-grow elementor-repeater-item-837340d\" href=\"https:\/\/www.youtube.com\/@Faber.Energy\" target=\"_blank\" title=\"S\u00edganos en Youtube\" rel=\"noopener\">\n\t\t\t\t\t\t<span class=\"elementor-screen-only\">Youtube<\/span>\n\t\t\t\t\t\t<i aria-hidden=\"true\" class=\"fab fa-youtube\"><\/i>\t\t\t\t\t<\/a>\n\t\t\t\t<\/span>\n\t\t\t\t\t<\/div>\n\t\t\t\t\t\t<\/div>\n\t\t\t\t<\/div>\n\t\t\t\t<\/div>\n\t\t\t\t<div class=\"elementor-element elementor-element-3ed889a elementor-widget-divider--view-line elementor-widget elementor-widget-divider\" data-id=\"3ed889a\" data-element_type=\"widget\" data-e-type=\"widget\" data-widget_type=\"divider.default\">\n\t\t\t\t<div class=\"elementor-widget-container\">\n\t\t\t\t\t\t\t<div class=\"elementor-divider\">\n\t\t\t<span class=\"elementor-divider-separator\">\n\t\t\t\t\t\t<\/span>\n\t\t<\/div>\n\t\t\t\t\t\t<\/div>\n\t\t\t\t<\/div>\n\t\t\t\t<div class=\"elementor-element elementor-element-04306bc elementor-widget elementor-widget-text-editor\" data-id=\"04306bc\" data-element_type=\"widget\" data-e-type=\"widget\" data-widget_type=\"text-editor.default\">\n\t\t\t\t<div class=\"elementor-widget-container\">\n\t\t\t\t\t\t\t\t\t<h2>Faber Solartechnik: Innovaci\u00f3n para un futuro sostenible<\/h2><p>En <a title=\"Faber Solar Technology GmbH\" href=\"https:\/\/faber-solartechnik.de\/\" target=\"_blank\" rel=\"noopener\">Tecnolog\u00eda solar Faber<\/a> es un componente central del grupo Faber Energy y uno de los principales proveedores de soluciones fotovoltaicas en Renania del Norte-Westfalia. Con muchos a\u00f1os de experiencia en el desarrollo y la realizaci\u00f3n de parques solares, sistemas fotovoltaicos comerciales y soluciones de almacenamiento de energ\u00eda, realizamos una importante contribuci\u00f3n a la transici\u00f3n energ\u00e9tica.<\/p><h3>Nos centramos en:<\/h3><ul><li>\u2705 Sistemas fotovoltaicos industriales para el autoabastecimiento sostenible de electricidad.<\/li><li>Parques solares para el aprovechamiento a gran escala de la energ\u00eda solar.<\/li><li>\u2705 Infraestructuras energ\u00e9ticas para empresas, municipios y comercio.<\/li><li>\u2705 Integraci\u00f3n de centros de transformaci\u00f3n para una conexi\u00f3n eficaz a la red.<\/li><\/ul><p>Nuestras soluciones personalizadas proporcionan a nuestros clientes un suministro el\u00e9ctrico seguro, ecol\u00f3gico y econ\u00f3mico.<\/p>\t\t\t\t\t\t\t\t<\/div>\n\t\t\t\t<\/div>\n\t\t\t\t<div class=\"elementor-element elementor-element-d3fac30 elementor-widget-divider--view-line elementor-widget elementor-widget-divider\" data-id=\"d3fac30\" data-element_type=\"widget\" data-e-type=\"widget\" data-widget_type=\"divider.default\">\n\t\t\t\t<div class=\"elementor-widget-container\">\n\t\t\t\t\t\t\t<div class=\"elementor-divider\">\n\t\t\t<span class=\"elementor-divider-separator\">\n\t\t\t\t\t\t<\/span>\n\t\t<\/div>\n\t\t\t\t\t\t<\/div>\n\t\t\t\t<\/div>\n\t\t\t\t<div class=\"elementor-element elementor-element-6551215 elementor-widget elementor-widget-text-editor\" data-id=\"6551215\" data-element_type=\"widget\" data-e-type=\"widget\" data-widget_type=\"text-editor.default\">\n\t\t\t\t<div class=\"elementor-widget-container\">\n\t\t\t\t\t\t\t\t\t<h2>Renania del Norte-Westfalia: un punto caliente para las energ\u00edas renovables<\/h2>\n<p>Renania del Norte-Westfalia (NRW) es uno de los centros econ\u00f3micos m\u00e1s importantes de Alemania y desempe\u00f1a un papel clave en el campo de las energ\u00edas renovables. Aunque hist\u00f3ricamente el estado se ha caracterizado en gran medida por la energ\u00eda del carb\u00f3n, ahora est\u00e1 experimentando una transici\u00f3n hacia fuentes de energ\u00eda sostenibles como la fotovoltaica, la e\u00f3lica y la hidroel\u00e9ctrica.<\/p>\n<h3>Por qu\u00e9 NRW es un lugar importante:<\/h3>\n<ul>\n<li>\u2705 Alta densidad industrial y comercial con creciente demanda de electricidad sostenible.<\/li>\n<li>\u2705 Programas estatales de financiaci\u00f3n de energ\u00edas renovables y reducci\u00f3n de CO\u2082<\/li>\n<li>\u2705 Muchas zonas de tejado sin utilizar en edificios comerciales que son ideales para sistemas fotovoltaicos.<\/li>\n<li>\u2705 Radiaci\u00f3n solar elevada, sobre todo en Westfalia Oriental-Lippe.<\/li>\n<\/ul>\n<p><br \/>Faber Energy Group contribuye de forma importante a que Renania del Norte-Westfalia alcance sus objetivos clim\u00e1ticos y desempe\u00f1e un papel de liderazgo en la transici\u00f3n energ\u00e9tica.<\/p>\t\t\t\t\t\t\t\t<\/div>\n\t\t\t\t<\/div>\n\t\t\t\t<div class=\"elementor-element elementor-element-1ea4f11 elementor-widget elementor-widget-image\" data-id=\"1ea4f11\" data-element_type=\"widget\" data-e-type=\"widget\" data-widget_type=\"image.default\">\n\t\t\t\t<div class=\"elementor-widget-container\">\n\t\t\t\t\t\t\t\t\t\t\t\t<figure class=\"wp-caption\">\n\t\t\t\t\t\t\t\t\t\t\t<a href=\"https:\/\/www.land.nrw\/\" target=\"_blank\" title=\"Consulta sobre la estaci\u00f3n solar Faber E-Tec\" rel=\"noopener\">\n\t\t\t\t\t\t\t<img decoding=\"async\" width=\"768\" height=\"513\" src=\"https:\/\/faber-etec.de\/wp-content\/uploads\/sites\/3\/2025\/02\/NRW-Nordrhein-Westfalen-768x513.avif\" class=\"attachment-medium_large size-medium_large wp-image-15322\" alt=\"-\" srcset=\"https:\/\/faber-etec.de\/wp-content\/uploads\/sites\/3\/2025\/02\/NRW-Nordrhein-Westfalen-768x513.avif 768w, https:\/\/faber-etec.de\/wp-content\/uploads\/sites\/3\/2025\/02\/NRW-Nordrhein-Westfalen-300x200.avif 300w, https:\/\/faber-etec.de\/wp-content\/uploads\/sites\/3\/2025\/02\/NRW-Nordrhein-Westfalen-1024x684.avif 1024w, https:\/\/faber-etec.de\/wp-content\/uploads\/sites\/3\/2025\/02\/NRW-Nordrhein-Westfalen-1536x1025.avif 1536w, https:\/\/faber-etec.de\/wp-content\/uploads\/sites\/3\/2025\/02\/NRW-Nordrhein-Westfalen-18x12.avif 18w, https:\/\/faber-etec.de\/wp-content\/uploads\/sites\/3\/2025\/02\/NRW-Nordrhein-Westfalen.avif 1600w\" sizes=\"(max-width: 768px) 100vw, 768px\" title=\"NRW - Renania del Norte-Westfalia\">\t\t\t\t\t\t\t\t<\/a>\n\t\t\t\t\t\t\t\t\t\t\t<figcaption class=\"widget-image-caption wp-caption-text\">Renania del Norte-Westfalia es un lugar l\u00edder en energ\u00edas renovables, con una creciente expansi\u00f3n de parques solares, sistemas fotovoltaicos e infraestructuras de energ\u00eda sostenible.<\/figcaption>\n\t\t\t\t\t\t\t\t\t\t<\/figure>\n\t\t\t\t\t\t\t\t\t<\/div>\n\t\t\t\t<\/div>\n\t\t\t\t\t<\/div>\n\t\t\t\t<\/div>\n\t\t\t\t<\/div>","protected":false},"excerpt":{"rendered":"<p>Faber Energy Group consigue el primer puesto en el ranking de Regio Manager como empresa l\u00edder en tecnolog\u00eda solar en Renania del Norte-Westfalia: \u00a1un hito para la energ\u00eda sostenible!<\/p>","protected":false},"author":2,"featured_media":15299,"comment_status":"closed","ping_status":"open","sticky":false,"template":"","format":"standard","meta":{"_acf_changed":false,"footnotes":""},"categories":[1],"tags":[69],"class_list":["post-15297","post","type-post","status-publish","format-standard","has-post-thumbnail","hentry","category-news","tag-faber-energy-group"],"acf":[],"_links":{"self":[{"href":"https:\/\/faber-etec.de\/es\/wp-json\/wp\/v2\/posts\/15297","targetHints":{"allow":["GET"]}}],"collection":[{"href":"https:\/\/faber-etec.de\/es\/wp-json\/wp\/v2\/posts"}],"about":[{"href":"https:\/\/faber-etec.de\/es\/wp-json\/wp\/v2\/types\/post"}],"author":[{"embeddable":true,"href":"https:\/\/faber-etec.de\/es\/wp-json\/wp\/v2\/users\/2"}],"replies":[{"embeddable":true,"href":"https:\/\/faber-etec.de\/es\/wp-json\/wp\/v2\/comments?post=15297"}],"version-history":[{"count":16,"href":"https:\/\/faber-etec.de\/es\/wp-json\/wp\/v2\/posts\/15297\/revisions"}],"predecessor-version":[{"id":16188,"href":"https:\/\/faber-etec.de\/es\/wp-json\/wp\/v2\/posts\/15297\/revisions\/16188"}],"wp:featuredmedia":[{"embeddable":true,"href":"https:\/\/faber-etec.de\/es\/wp-json\/wp\/v2\/media\/15299"}],"wp:attachment":[{"href":"https:\/\/faber-etec.de\/es\/wp-json\/wp\/v2\/media?parent=15297"}],"wp:term":[{"taxonomy":"category","embeddable":true,"href":"https:\/\/faber-etec.de\/es\/wp-json\/wp\/v2\/categories?post=15297"},{"taxonomy":"post_tag","embeddable":true,"href":"https:\/\/faber-etec.de\/es\/wp-json\/wp\/v2\/tags?post=15297"}],"curies":[{"name":"wp","href":"https:\/\/api.w.org\/{rel}","templated":true}]}}