{"id":15830,"date":"2025-06-17T20:26:00","date_gmt":"2025-06-17T18:26:00","guid":{"rendered":"https:\/\/faber-etec.de\/?p=15830"},"modified":"2025-10-30T20:59:30","modified_gmt":"2025-10-30T19:59:30","slug":"solarpark-oelde-ennigerloh-netzanschluss","status":"publish","type":"post","link":"https:\/\/faber-etec.de\/es\/news\/solarpark-oelde-ennigerloh-netzanschluss\/","title":{"rendered":"Realizado con \u00e9xito: parque solar entre Oelde y Ennigerloh conectado a la red"},"content":{"rendered":"<div data-elementor-type=\"wp-post\" data-elementor-id=\"15830\" class=\"elementor elementor-15830\" data-elementor-post-type=\"post\">\n\t\t\t\t<div class=\"elementor-element elementor-element-4c3a53b e-con-full e-flex e-con e-parent\" data-id=\"4c3a53b\" data-element_type=\"container\" data-e-type=\"container\">\n\t\t\t\t<div class=\"elementor-element elementor-element-ffcdb9f elementor-widget elementor-widget-heading\" data-id=\"ffcdb9f\" data-element_type=\"widget\" data-e-type=\"widget\" data-widget_type=\"heading.default\">\n\t\t\t\t<div class=\"elementor-widget-container\">\n\t\t\t\t\t<h2 class=\"elementor-heading-title elementor-size-default\">\u00c9xito de la conexi\u00f3n a la red del nuevo parque solar de M\u00fcnsterland<\/h2>\t\t\t\t<\/div>\n\t\t\t\t<\/div>\n\t\t\t\t<div class=\"elementor-element elementor-element-27bb492 elementor-widget elementor-widget-text-editor\" data-id=\"27bb492\" data-element_type=\"widget\" data-e-type=\"widget\" data-widget_type=\"text-editor.default\">\n\t\t\t\t<div class=\"elementor-widget-container\">\n\t\t\t\t\t\t\t\t\t<h3><strong data-start=\"506\" data-end=\"556\">Tecnolog\u00eda s\u00f3lida. Socios fuertes. Una regi\u00f3n fuerte.<\/strong><\/h3><p>Entre <strong data-start=\"568\" data-end=\"592\">Oelde <\/strong>y <strong data-start=\"568\" data-end=\"592\">Ennigerloh<\/strong> En las \u00faltimas semanas se ha construido un nuevo parque solar, como parte de la creciente cartera de proyectos del proveedor integrado de energ\u00eda. <strong data-start=\"734\" data-end=\"751\">LichtBlick SE<\/strong>. En estrecha colaboraci\u00f3n con la <strong data-start=\"785\" data-end=\"804\">SolarBlick GmbH<\/strong>, Faber Solartechnik como proveedor de servicios EPC y nosotros, Faber E-Tec, como especialistas en estaciones transformadoras y tecnolog\u00eda de conexi\u00f3n a la red, el proyecto ya se ha realizado con \u00e9xito y se ha conectado a la red.<\/p>\t\t\t\t\t\t\t\t<\/div>\n\t\t\t\t<\/div>\n\t\t\t\t<div class=\"elementor-element elementor-element-68d611c elementor-widget elementor-widget-image\" data-id=\"68d611c\" data-element_type=\"widget\" data-e-type=\"widget\" data-widget_type=\"image.default\">\n\t\t\t\t<div class=\"elementor-widget-container\">\n\t\t\t\t\t\t\t\t\t\t\t\t\t\t\t\t<a  href=\"https:\/\/faber-etec.de\/wp-content\/uploads\/sites\/3\/2025\/06\/Oelde-Ennigerloh-LichtBlick-SolarBlick-Faber-EPC-2025-DSC07625.jpg\" title=\"Oelde Ennigerloh LichtBlick SolarBlick Faber EPC 2025 DSC07625.jpg - - \" data-elementor-open-lightbox=\"yes\" data-e-action-hash=\"#elementor-action%3Aaction%3Dlightbox%26settings%3DeyJpZCI6MTU4ODYsInVybCI6Imh0dHBzOlwvXC9mYWJlci1ldGVjLmRlXC93cC1jb250ZW50XC91cGxvYWRzXC9zaXRlc1wvM1wvMjAyNVwvMDZcL09lbGRlLUVubmlnZXJsb2gtTGljaHRCbGljay1Tb2xhckJsaWNrLUZhYmVyLUVQQy0yMDI1LURTQzA3NjI1LmpwZyJ9\">\n\t\t\t\t\t\t\t<img decoding=\"async\" src=\"https:\/\/faber-etec.de\/wp-content\/uploads\/sites\/3\/elementor\/thumbs\/Oelde-Ennigerloh-LichtBlick-SolarBlick-Faber-EPC-2025-DSC07625-r7gp2dd5yucel4n3vr8km9otkqnldbk1h0r3fo34i0.jpg\" title=\"Estaci\u00f3n transformadora compacta en construcci\u00f3n sobre un fondo paisaj\u00edstico en M\u00fcnsterland\" alt=\"Estaci\u00f3n transformadora compacta en construcci\u00f3n sobre un fondo paisaj\u00edstico en M\u00fcnsterland. Estaci\u00f3n transformadora compacta de Faber E-Tec en uso en el proyecto solar de Ennigerloh.\" loading=\"lazy\" \/>\t\t\t\t\t\t\t\t<\/a>\n\t\t\t\t\t\t\t\t\t\t\t\t\t\t\t<\/div>\n\t\t\t\t<\/div>\n\t\t\t\t<div class=\"elementor-element elementor-element-2ac00fe elementor-widget elementor-widget-gallery\" data-id=\"2ac00fe\" data-element_type=\"widget\" data-e-type=\"widget\" data-settings=\"{&quot;gallery_layout&quot;:&quot;justified&quot;,&quot;ideal_row_height&quot;:{&quot;unit&quot;:&quot;px&quot;,&quot;size&quot;:201,&quot;sizes&quot;:[]},&quot;lazyload&quot;:&quot;yes&quot;,&quot;ideal_row_height_laptop&quot;:{&quot;unit&quot;:&quot;px&quot;,&quot;size&quot;:150,&quot;sizes&quot;:[]},&quot;ideal_row_height_tablet_extra&quot;:{&quot;unit&quot;:&quot;px&quot;,&quot;size&quot;:150,&quot;sizes&quot;:[]},&quot;ideal_row_height_tablet&quot;:{&quot;unit&quot;:&quot;px&quot;,&quot;size&quot;:150,&quot;sizes&quot;:[]},&quot;ideal_row_height_mobile&quot;:{&quot;unit&quot;:&quot;px&quot;,&quot;size&quot;:150,&quot;sizes&quot;:[]},&quot;gap&quot;:{&quot;unit&quot;:&quot;px&quot;,&quot;size&quot;:10,&quot;sizes&quot;:[]},&quot;gap_laptop&quot;:{&quot;unit&quot;:&quot;px&quot;,&quot;size&quot;:10,&quot;sizes&quot;:[]},&quot;gap_tablet_extra&quot;:{&quot;unit&quot;:&quot;px&quot;,&quot;size&quot;:10,&quot;sizes&quot;:[]},&quot;gap_tablet&quot;:{&quot;unit&quot;:&quot;px&quot;,&quot;size&quot;:10,&quot;sizes&quot;:[]},&quot;gap_mobile&quot;:{&quot;unit&quot;:&quot;px&quot;,&quot;size&quot;:10,&quot;sizes&quot;:[]},&quot;link_to&quot;:&quot;file&quot;,&quot;overlay_background&quot;:&quot;yes&quot;,&quot;content_hover_animation&quot;:&quot;fade-in&quot;}\" data-widget_type=\"gallery.default\">\n\t\t\t\t<div class=\"elementor-widget-container\">\n\t\t\t\t\t\t\t<div class=\"elementor-gallery__container\">\n\t\t\t\t\t\t\t<a class=\"e-gallery-item elementor-gallery-item elementor-animated-content\"  href=\"https:\/\/faber-etec.de\/wp-content\/uploads\/sites\/3\/2025\/06\/Oelde-Ennigerloh-LichtBlick-SolarBlick-Faber-EPC-2025-DSC06784_1.jpg\" title=\"Oelde Ennigerloh LichtBlick SolarBlick Faber EPC 2025 DSC06784 1.jpg - - \" data-elementor-open-lightbox=\"yes\" data-elementor-lightbox-slideshow=\"2ac00fe\" data-e-action-hash=\"#elementor-action%3Aaction%3Dlightbox%26settings%3DeyJpZCI6MTU4NjYsInVybCI6Imh0dHBzOlwvXC9mYWJlci1ldGVjLmRlXC93cC1jb250ZW50XC91cGxvYWRzXC9zaXRlc1wvM1wvMjAyNVwvMDZcL09lbGRlLUVubmlnZXJsb2gtTGljaHRCbGljay1Tb2xhckJsaWNrLUZhYmVyLUVQQy0yMDI1LURTQzA2Nzg0XzEuanBnIiwic2xpZGVzaG93IjoiMmFjMDBmZSJ9\">\n\t\t\t\t\t<div class=\"e-gallery-image elementor-gallery-item__image\" data-thumbnail=\"https:\/\/faber-etec.de\/wp-content\/uploads\/sites\/3\/2025\/06\/Oelde-Ennigerloh-LichtBlick-SolarBlick-Faber-EPC-2025-DSC06784_1-768x1152.jpg\" data-width=\"768\" data-height=\"1152\" aria-label=\"Proyecto EPC de Faber Energy Group con centros de transformaci\u00f3n compactos y sistema fotovoltaico\" role=\"img\" ><\/div>\n\t\t\t\t\t\t\t\t\t\t\t<div class=\"elementor-gallery-item__overlay\"><\/div>\n\t\t\t\t\t\t\t\t\t\t\t\t\t\t<\/a>\n\t\t\t\t\t\t\t<a class=\"e-gallery-item elementor-gallery-item elementor-animated-content\"  href=\"https:\/\/faber-etec.de\/wp-content\/uploads\/sites\/3\/2025\/06\/Oelde-Ennigerloh-LichtBlick-SolarBlick-Faber-EPC-2025-DSC06749_1.jpg\" title=\"Oelde Ennigerloh LichtBlick SolarBlick Faber EPC 2025 DSC06749 1.jpg - - \" data-elementor-open-lightbox=\"yes\" data-elementor-lightbox-slideshow=\"2ac00fe\" data-e-action-hash=\"#elementor-action%3Aaction%3Dlightbox%26settings%3DeyJpZCI6MTU4NjUsInVybCI6Imh0dHBzOlwvXC9mYWJlci1ldGVjLmRlXC93cC1jb250ZW50XC91cGxvYWRzXC9zaXRlc1wvM1wvMjAyNVwvMDZcL09lbGRlLUVubmlnZXJsb2gtTGljaHRCbGljay1Tb2xhckJsaWNrLUZhYmVyLUVQQy0yMDI1LURTQzA2NzQ5XzEuanBnIiwic2xpZGVzaG93IjoiMmFjMDBmZSJ9\">\n\t\t\t\t\t<div class=\"e-gallery-image elementor-gallery-item__image\" data-thumbnail=\"https:\/\/faber-etec.de\/wp-content\/uploads\/sites\/3\/2025\/06\/Oelde-Ennigerloh-LichtBlick-SolarBlick-Faber-EPC-2025-DSC06749_1-768x512.jpg\" data-width=\"768\" data-height=\"512\" aria-label=\"Proyecto EPC de Faber Energy Group con centros de transformaci\u00f3n compactos y sistema fotovoltaico\" role=\"img\" ><\/div>\n\t\t\t\t\t\t\t\t\t\t\t<div class=\"elementor-gallery-item__overlay\"><\/div>\n\t\t\t\t\t\t\t\t\t\t\t\t\t\t<\/a>\n\t\t\t\t\t\t\t<a class=\"e-gallery-item elementor-gallery-item elementor-animated-content\"  href=\"https:\/\/faber-etec.de\/wp-content\/uploads\/sites\/3\/2025\/06\/Oelde-Ennigerloh-LichtBlick-SolarBlick-Faber-EPC-2025-DSC06717_1.jpg\" title=\"Oelde Ennigerloh LichtBlick SolarBlick Faber EPC 2025 DSC06717 1.jpg - - \" data-elementor-open-lightbox=\"yes\" data-elementor-lightbox-slideshow=\"2ac00fe\" data-e-action-hash=\"#elementor-action%3Aaction%3Dlightbox%26settings%3DeyJpZCI6MTU4NjQsInVybCI6Imh0dHBzOlwvXC9mYWJlci1ldGVjLmRlXC93cC1jb250ZW50XC91cGxvYWRzXC9zaXRlc1wvM1wvMjAyNVwvMDZcL09lbGRlLUVubmlnZXJsb2gtTGljaHRCbGljay1Tb2xhckJsaWNrLUZhYmVyLUVQQy0yMDI1LURTQzA2NzE3XzEuanBnIiwic2xpZGVzaG93IjoiMmFjMDBmZSJ9\">\n\t\t\t\t\t<div class=\"e-gallery-image elementor-gallery-item__image\" data-thumbnail=\"https:\/\/faber-etec.de\/wp-content\/uploads\/sites\/3\/2025\/06\/Oelde-Ennigerloh-LichtBlick-SolarBlick-Faber-EPC-2025-DSC06717_1-768x443.jpg\" data-width=\"768\" data-height=\"443\" aria-label=\"Proyecto energ\u00e9tico entre Oelde y Ennigerloh: parque solar de Faber Energy Group\" role=\"img\" ><\/div>\n\t\t\t\t\t\t\t\t\t\t\t<div class=\"elementor-gallery-item__overlay\"><\/div>\n\t\t\t\t\t\t\t\t\t\t\t\t\t\t<\/a>\n\t\t\t\t\t\t\t<a class=\"e-gallery-item elementor-gallery-item elementor-animated-content\"  href=\"https:\/\/faber-etec.de\/wp-content\/uploads\/sites\/3\/2025\/06\/Oelde-Ennigerloh-LichtBlick-SolarBlick-Faber-EPC-2025-DSC06674_1.jpg\" title=\"Oelde Ennigerloh LichtBlick SolarBlick Faber EPC 2025 DSC06674 1.jpg - - \" data-elementor-open-lightbox=\"yes\" data-elementor-lightbox-slideshow=\"2ac00fe\" data-e-action-hash=\"#elementor-action%3Aaction%3Dlightbox%26settings%3DeyJpZCI6MTU4NjIsInVybCI6Imh0dHBzOlwvXC9mYWJlci1ldGVjLmRlXC93cC1jb250ZW50XC91cGxvYWRzXC9zaXRlc1wvM1wvMjAyNVwvMDZcL09lbGRlLUVubmlnZXJsb2gtTGljaHRCbGljay1Tb2xhckJsaWNrLUZhYmVyLUVQQy0yMDI1LURTQzA2Njc0XzEuanBnIiwic2xpZGVzaG93IjoiMmFjMDBmZSJ9\">\n\t\t\t\t\t<div class=\"e-gallery-image elementor-gallery-item__image\" data-thumbnail=\"https:\/\/faber-etec.de\/wp-content\/uploads\/sites\/3\/2025\/06\/Oelde-Ennigerloh-LichtBlick-SolarBlick-Faber-EPC-2025-DSC06674_1-768x492.jpg\" data-width=\"768\" data-height=\"492\" aria-label=\"Proyecto energ\u00e9tico entre Oelde y Ennigerloh: parque solar de Faber Energy Group\" role=\"img\" ><\/div>\n\t\t\t\t\t\t\t\t\t\t\t<div class=\"elementor-gallery-item__overlay\"><\/div>\n\t\t\t\t\t\t\t\t\t\t\t\t\t\t<\/a>\n\t\t\t\t\t\t\t<a class=\"e-gallery-item elementor-gallery-item elementor-animated-content\"  href=\"https:\/\/faber-etec.de\/wp-content\/uploads\/sites\/3\/2025\/06\/Oelde-Ennigerloh-LichtBlick-SolarBlick-Faber-EPC-2025-DSC06990.jpg\" title=\"Oelde Ennigerloh LichtBlick SolarBlick Faber EPC 2025 DSC06990.jpg - - \" data-elementor-open-lightbox=\"yes\" data-elementor-lightbox-slideshow=\"2ac00fe\" data-e-action-hash=\"#elementor-action%3Aaction%3Dlightbox%26settings%3DeyJpZCI6MTU4NzIsInVybCI6Imh0dHBzOlwvXC9mYWJlci1ldGVjLmRlXC93cC1jb250ZW50XC91cGxvYWRzXC9zaXRlc1wvM1wvMjAyNVwvMDZcL09lbGRlLUVubmlnZXJsb2gtTGljaHRCbGljay1Tb2xhckJsaWNrLUZhYmVyLUVQQy0yMDI1LURTQzA2OTkwLmpwZyIsInNsaWRlc2hvdyI6IjJhYzAwZmUifQ%3D%3D\">\n\t\t\t\t\t<div class=\"e-gallery-image elementor-gallery-item__image\" data-thumbnail=\"https:\/\/faber-etec.de\/wp-content\/uploads\/sites\/3\/2025\/06\/Oelde-Ennigerloh-LichtBlick-SolarBlick-Faber-EPC-2025-DSC06990-768x512.jpg\" data-width=\"768\" data-height=\"512\" aria-label=\"En el proyecto entre Oelde y Ennigerloh, el grupo Faber Energy apost\u00f3 por estructuras EPC de eficacia probada, con centros de transformaci\u00f3n compactos de Faber E-Tec.\" role=\"img\" ><\/div>\n\t\t\t\t\t\t\t\t\t\t\t<div class=\"elementor-gallery-item__overlay\"><\/div>\n\t\t\t\t\t\t\t\t\t\t\t\t\t\t<\/a>\n\t\t\t\t\t\t\t<a class=\"e-gallery-item elementor-gallery-item elementor-animated-content\"  href=\"https:\/\/faber-etec.de\/wp-content\/uploads\/sites\/3\/2025\/06\/Oelde-Ennigerloh-LichtBlick-SolarBlick-Faber-EPC-2025-Luft-DJI_20250613143947_0667_D.jpg\" title=\"Oelde Ennigerloh LichtBlick SolarBlick Faber EPC 2025 Air DJI 20250613143947 0667 D.jpg - - - \" data-elementor-open-lightbox=\"yes\" data-elementor-lightbox-slideshow=\"2ac00fe\" data-e-action-hash=\"#elementor-action%3Aaction%3Dlightbox%26settings%3DeyJpZCI6MTU4OTIsInVybCI6Imh0dHBzOlwvXC9mYWJlci1ldGVjLmRlXC93cC1jb250ZW50XC91cGxvYWRzXC9zaXRlc1wvM1wvMjAyNVwvMDZcL09lbGRlLUVubmlnZXJsb2gtTGljaHRCbGljay1Tb2xhckJsaWNrLUZhYmVyLUVQQy0yMDI1LUx1ZnQtREpJXzIwMjUwNjEzMTQzOTQ3XzA2NjdfRC5qcGciLCJzbGlkZXNob3ciOiIyYWMwMGZlIn0%3D\">\n\t\t\t\t\t<div class=\"e-gallery-image elementor-gallery-item__image\" data-thumbnail=\"https:\/\/faber-etec.de\/wp-content\/uploads\/sites\/3\/2025\/06\/Oelde-Ennigerloh-LichtBlick-SolarBlick-Faber-EPC-2025-Luft-DJI_20250613143947_0667_D-768x576.jpg\" data-width=\"768\" data-height=\"576\" aria-label=\"Una mirada a la tecnolog\u00eda: Hermann Kromm abre la estaci\u00f3n compacta a los visitantes interesados\" role=\"img\" ><\/div>\n\t\t\t\t\t\t\t\t\t\t\t<div class=\"elementor-gallery-item__overlay\"><\/div>\n\t\t\t\t\t\t\t\t\t\t\t\t\t\t<\/a>\n\t\t\t\t\t\t\t<a class=\"e-gallery-item elementor-gallery-item elementor-animated-content\"  href=\"https:\/\/faber-etec.de\/wp-content\/uploads\/sites\/3\/2025\/06\/Oelde-Ennigerloh-LichtBlick-SolarBlick-Faber-EPC-2025-DSC07557.jpg\" title=\"Oelde Ennigerloh LichtBlick SolarBlick Faber EPC 2025 DSC07557.jpg - - \" data-elementor-open-lightbox=\"yes\" data-elementor-lightbox-slideshow=\"2ac00fe\" data-e-action-hash=\"#elementor-action%3Aaction%3Dlightbox%26settings%3DeyJpZCI6MTU4ODQsInVybCI6Imh0dHBzOlwvXC9mYWJlci1ldGVjLmRlXC93cC1jb250ZW50XC91cGxvYWRzXC9zaXRlc1wvM1wvMjAyNVwvMDZcL09lbGRlLUVubmlnZXJsb2gtTGljaHRCbGljay1Tb2xhckJsaWNrLUZhYmVyLUVQQy0yMDI1LURTQzA3NTU3LmpwZyIsInNsaWRlc2hvdyI6IjJhYzAwZmUifQ%3D%3D\">\n\t\t\t\t\t<div class=\"e-gallery-image elementor-gallery-item__image\" data-thumbnail=\"https:\/\/faber-etec.de\/wp-content\/uploads\/sites\/3\/2025\/06\/Oelde-Ennigerloh-LichtBlick-SolarBlick-Faber-EPC-2025-DSC07557-768x512.jpg\" data-width=\"768\" data-height=\"512\" aria-label=\"Hermann Kromm explica a los visitantes la estaci\u00f3n transformadora compacta del parque solar de Oelde Ennigerloh.\" role=\"img\" ><\/div>\n\t\t\t\t\t\t\t\t\t\t\t<div class=\"elementor-gallery-item__overlay\"><\/div>\n\t\t\t\t\t\t\t\t\t\t\t\t\t\t<\/a>\n\t\t\t\t\t\t\t<a class=\"e-gallery-item elementor-gallery-item elementor-animated-content\"  href=\"https:\/\/faber-etec.de\/wp-content\/uploads\/sites\/3\/2025\/06\/Oelde-Ennigerloh-LichtBlick-SolarBlick-Faber-EPC-2025-DSC07449.jpg\" title=\"Oelde Ennigerloh LichtBlick SolarBlick Faber EPC 2025 DSC07449.jpg - - \" data-elementor-open-lightbox=\"yes\" data-elementor-lightbox-slideshow=\"2ac00fe\" data-e-action-hash=\"#elementor-action%3Aaction%3Dlightbox%26settings%3DeyJpZCI6MTU4NzksInVybCI6Imh0dHBzOlwvXC9mYWJlci1ldGVjLmRlXC93cC1jb250ZW50XC91cGxvYWRzXC9zaXRlc1wvM1wvMjAyNVwvMDZcL09lbGRlLUVubmlnZXJsb2gtTGljaHRCbGljay1Tb2xhckJsaWNrLUZhYmVyLUVQQy0yMDI1LURTQzA3NDQ5LmpwZyIsInNsaWRlc2hvdyI6IjJhYzAwZmUifQ%3D%3D\">\n\t\t\t\t\t<div class=\"e-gallery-image elementor-gallery-item__image\" data-thumbnail=\"https:\/\/faber-etec.de\/wp-content\/uploads\/sites\/3\/2025\/06\/Oelde-Ennigerloh-LichtBlick-SolarBlick-Faber-EPC-2025-DSC07449-768x512.jpg\" data-width=\"768\" data-height=\"512\" aria-label=\"Hermann Kromm presenta su tecnolog\u00eda en el parque solar de M\u00fcnsterland\" role=\"img\" ><\/div>\n\t\t\t\t\t\t\t\t\t\t\t<div class=\"elementor-gallery-item__overlay\"><\/div>\n\t\t\t\t\t\t\t\t\t\t\t\t\t\t<\/a>\n\t\t\t\t\t\t\t<a class=\"e-gallery-item elementor-gallery-item elementor-animated-content\"  href=\"https:\/\/faber-etec.de\/wp-content\/uploads\/sites\/3\/2025\/06\/Oelde-Ennigerloh-LichtBlick-SolarBlick-Faber-EPC-2025-DSC07362.jpg\" title=\"Oelde Ennigerloh LichtBlick SolarBlick Faber EPC 2025 DSC07362.jpg - - \" data-elementor-open-lightbox=\"yes\" data-elementor-lightbox-slideshow=\"2ac00fe\" data-e-action-hash=\"#elementor-action%3Aaction%3Dlightbox%26settings%3DeyJpZCI6MTU4NzgsInVybCI6Imh0dHBzOlwvXC9mYWJlci1ldGVjLmRlXC93cC1jb250ZW50XC91cGxvYWRzXC9zaXRlc1wvM1wvMjAyNVwvMDZcL09lbGRlLUVubmlnZXJsb2gtTGljaHRCbGljay1Tb2xhckJsaWNrLUZhYmVyLUVQQy0yMDI1LURTQzA3MzYyLmpwZyIsInNsaWRlc2hvdyI6IjJhYzAwZmUifQ%3D%3D\">\n\t\t\t\t\t<div class=\"e-gallery-image elementor-gallery-item__image\" data-thumbnail=\"https:\/\/faber-etec.de\/wp-content\/uploads\/sites\/3\/2025\/06\/Oelde-Ennigerloh-LichtBlick-SolarBlick-Faber-EPC-2025-DSC07362-768x485.jpg\" data-width=\"768\" data-height=\"485\" aria-label=\"Instalaci\u00f3n fotovoltaica en suelo con centros de transformaci\u00f3n y estaci\u00f3n de transferencia para la conexi\u00f3n a la red\" role=\"img\" ><\/div>\n\t\t\t\t\t\t\t\t\t\t\t<div class=\"elementor-gallery-item__overlay\"><\/div>\n\t\t\t\t\t\t\t\t\t\t\t\t\t\t<\/a>\n\t\t\t\t\t<\/div>\n\t\t\t\t\t<\/div>\n\t\t\t\t<\/div>\n\t\t\t\t<div class=\"elementor-element elementor-element-c372162 elementor-widget elementor-widget-heading\" data-id=\"c372162\" data-element_type=\"widget\" data-e-type=\"widget\" data-widget_type=\"heading.default\">\n\t\t\t\t<div class=\"elementor-widget-container\">\n\t\t\t\t\t<h3 class=\"elementor-heading-title elementor-size-default\">Inauguraci\u00f3n con invitados y tecnolog\u00eda pr\u00e1ctica\n<\/h3>\t\t\t\t<\/div>\n\t\t\t\t<\/div>\n\t\t\t\t<div class=\"elementor-element elementor-element-6966400 elementor-widget elementor-widget-text-editor\" data-id=\"6966400\" data-element_type=\"widget\" data-e-type=\"widget\" data-widget_type=\"text-editor.default\">\n\t\t\t\t<div class=\"elementor-widget-container\">\n\t\t\t\t\t\t\t\t\t<p data-start=\"303\" data-end=\"664\">Para celebrar la finalizaci\u00f3n del parque solar se celebr\u00f3 una peque\u00f1a ceremonia de inauguraci\u00f3n in situ. Alrededor de 30 invitados de la administraci\u00f3n, el entorno del proyecto y las empresas asociadas acudieron a celebrar juntos el \u00e9xito de la finalizaci\u00f3n. Entre aperitivos y bebidas, todos los implicados aprovecharon la oportunidad para hablar, adquirir conocimientos y conocerse en persona.<\/p>\n<p data-start=\"666\" data-end=\"1055\">Un punto especialmente destacado fue la presentaci\u00f3n tecnol\u00f3gica de Faber Energy Group: junto con Hermann Kromm, inauguramos una de las estaciones transformadoras compactas instaladas y ofrecimos a los invitados una visi\u00f3n exclusiva del coraz\u00f3n de la tecnolog\u00eda de conexi\u00f3n a la red. Explicamos claramente c\u00f3mo se transfiere de forma fiable la electricidad de los sistemas fotovoltaicos a la red de media tensi\u00f3n.<\/p>\n<p data-start=\"1057\" data-end=\"1299\">Tambi\u00e9n explicamos in situ los pasos clave en la construcci\u00f3n de un parque solar, desde la ceremonia de colocaci\u00f3n de la primera piedra hasta la puesta en servicio. Una peque\u00f1a galer\u00eda de fotos con impresiones de la obra complet\u00f3 la categorizaci\u00f3n t\u00e9cnica.<\/p>\t\t\t\t\t\t\t\t<\/div>\n\t\t\t\t<\/div>\n\t\t\t\t<div class=\"elementor-element elementor-element-86cdc66 elementor-widget elementor-widget-image\" data-id=\"86cdc66\" data-element_type=\"widget\" data-e-type=\"widget\" data-widget_type=\"image.default\">\n\t\t\t\t<div class=\"elementor-widget-container\">\n\t\t\t\t\t\t\t\t\t\t\t\t\t\t\t\t<a  href=\"https:\/\/faber-etec.de\/wp-content\/uploads\/sites\/3\/2025\/06\/Oelde-Ennigerloh-LichtBlick-SolarBlick-Faber-EPC-2025-Luft-DJI_20250613135509_0629_D.jpg\" title=\"Oelde Ennigerloh LichtBlick SolarBlick Faber EPC 2025 Air DJI 20250613135509 0629 D.jpg - - - \" data-elementor-open-lightbox=\"yes\" data-e-action-hash=\"#elementor-action%3Aaction%3Dlightbox%26settings%3DeyJpZCI6MTU4ODgsInVybCI6Imh0dHBzOlwvXC9mYWJlci1ldGVjLmRlXC93cC1jb250ZW50XC91cGxvYWRzXC9zaXRlc1wvM1wvMjAyNVwvMDZcL09lbGRlLUVubmlnZXJsb2gtTGljaHRCbGljay1Tb2xhckJsaWNrLUZhYmVyLUVQQy0yMDI1LUx1ZnQtREpJXzIwMjUwNjEzMTM1NTA5XzA2MjlfRC5qcGcifQ%3D%3D\">\n\t\t\t\t\t\t\t<img decoding=\"async\" src=\"https:\/\/faber-etec.de\/wp-content\/uploads\/sites\/3\/elementor\/thumbs\/Oelde-Ennigerloh-LichtBlick-SolarBlick-Faber-EPC-2025-Luft-DJI_20250613135509_0629_D-r7gp2j073uk4isewytoc189l51vsni6fhso0bburgo.jpg\" title=\"Instalaci\u00f3n fotovoltaica con centro de transformaci\u00f3n compacto de Faber Energy Group\" alt=\"Instalaci\u00f3n fotovoltaica con centro de transformaci\u00f3n compacto de Faber Energy Group\" loading=\"lazy\" \/>\t\t\t\t\t\t\t\t<\/a>\n\t\t\t\t\t\t\t\t\t\t\t\t\t\t\t<\/div>\n\t\t\t\t<\/div>\n\t\t\t\t<div class=\"elementor-element elementor-element-4d482de elementor-widget elementor-widget-gallery\" data-id=\"4d482de\" data-element_type=\"widget\" data-e-type=\"widget\" data-settings=\"{&quot;gallery_layout&quot;:&quot;justified&quot;,&quot;ideal_row_height&quot;:{&quot;unit&quot;:&quot;px&quot;,&quot;size&quot;:201,&quot;sizes&quot;:[]},&quot;lazyload&quot;:&quot;yes&quot;,&quot;ideal_row_height_laptop&quot;:{&quot;unit&quot;:&quot;px&quot;,&quot;size&quot;:150,&quot;sizes&quot;:[]},&quot;ideal_row_height_tablet_extra&quot;:{&quot;unit&quot;:&quot;px&quot;,&quot;size&quot;:150,&quot;sizes&quot;:[]},&quot;ideal_row_height_tablet&quot;:{&quot;unit&quot;:&quot;px&quot;,&quot;size&quot;:150,&quot;sizes&quot;:[]},&quot;ideal_row_height_mobile&quot;:{&quot;unit&quot;:&quot;px&quot;,&quot;size&quot;:150,&quot;sizes&quot;:[]},&quot;gap&quot;:{&quot;unit&quot;:&quot;px&quot;,&quot;size&quot;:10,&quot;sizes&quot;:[]},&quot;gap_laptop&quot;:{&quot;unit&quot;:&quot;px&quot;,&quot;size&quot;:10,&quot;sizes&quot;:[]},&quot;gap_tablet_extra&quot;:{&quot;unit&quot;:&quot;px&quot;,&quot;size&quot;:10,&quot;sizes&quot;:[]},&quot;gap_tablet&quot;:{&quot;unit&quot;:&quot;px&quot;,&quot;size&quot;:10,&quot;sizes&quot;:[]},&quot;gap_mobile&quot;:{&quot;unit&quot;:&quot;px&quot;,&quot;size&quot;:10,&quot;sizes&quot;:[]},&quot;link_to&quot;:&quot;file&quot;,&quot;overlay_background&quot;:&quot;yes&quot;,&quot;content_hover_animation&quot;:&quot;fade-in&quot;}\" data-widget_type=\"gallery.default\">\n\t\t\t\t<div class=\"elementor-widget-container\">\n\t\t\t\t\t\t\t<div class=\"elementor-gallery__container\">\n\t\t\t\t\t\t\t<a class=\"e-gallery-item elementor-gallery-item elementor-animated-content\"  href=\"https:\/\/faber-etec.de\/wp-content\/uploads\/sites\/3\/2025\/06\/Oelde-Ennigerloh-LichtBlick-SolarBlick-Faber-EPC-2025-DSC07481.jpg\" title=\"Oelde Ennigerloh LichtBlick SolarBlick Faber EPC 2025 DSC07481.jpg - - \" data-elementor-open-lightbox=\"yes\" data-elementor-lightbox-slideshow=\"4d482de\" data-e-action-hash=\"#elementor-action%3Aaction%3Dlightbox%26settings%3DeyJpZCI6MTU4ODAsInVybCI6Imh0dHBzOlwvXC9mYWJlci1ldGVjLmRlXC93cC1jb250ZW50XC91cGxvYWRzXC9zaXRlc1wvM1wvMjAyNVwvMDZcL09lbGRlLUVubmlnZXJsb2gtTGljaHRCbGljay1Tb2xhckJsaWNrLUZhYmVyLUVQQy0yMDI1LURTQzA3NDgxLmpwZyIsInNsaWRlc2hvdyI6IjRkNDgyZGUifQ%3D%3D\">\n\t\t\t\t\t<div class=\"e-gallery-image elementor-gallery-item__image\" data-thumbnail=\"https:\/\/faber-etec.de\/wp-content\/uploads\/sites\/3\/2025\/06\/Oelde-Ennigerloh-LichtBlick-SolarBlick-Faber-EPC-2025-DSC07481-768x512.jpg\" data-width=\"768\" data-height=\"512\" aria-label=\"Faber Energy Group en la realizaci\u00f3n de un proyecto EPC llave en mano en M\u00fcnsterland\" role=\"img\" ><\/div>\n\t\t\t\t\t\t\t\t\t\t\t<div class=\"elementor-gallery-item__overlay\"><\/div>\n\t\t\t\t\t\t\t\t\t\t\t\t\t\t<\/a>\n\t\t\t\t\t\t\t<a class=\"e-gallery-item elementor-gallery-item elementor-animated-content\"  href=\"https:\/\/faber-etec.de\/wp-content\/uploads\/sites\/3\/2025\/06\/Oelde-Ennigerloh-LichtBlick-SolarBlick-Faber-EPC-2025-DSC07286.jpg\" title=\"Oelde Ennigerloh LichtBlick SolarBlick Faber EPC 2025 DSC07286.jpg - - \" data-elementor-open-lightbox=\"yes\" data-elementor-lightbox-slideshow=\"4d482de\" data-e-action-hash=\"#elementor-action%3Aaction%3Dlightbox%26settings%3DeyJpZCI6MTU4NzYsInVybCI6Imh0dHBzOlwvXC9mYWJlci1ldGVjLmRlXC93cC1jb250ZW50XC91cGxvYWRzXC9zaXRlc1wvM1wvMjAyNVwvMDZcL09lbGRlLUVubmlnZXJsb2gtTGljaHRCbGljay1Tb2xhckJsaWNrLUZhYmVyLUVQQy0yMDI1LURTQzA3Mjg2LmpwZyIsInNsaWRlc2hvdyI6IjRkNDgyZGUifQ%3D%3D\">\n\t\t\t\t\t<div class=\"e-gallery-image elementor-gallery-item__image\" data-thumbnail=\"https:\/\/faber-etec.de\/wp-content\/uploads\/sites\/3\/2025\/06\/Oelde-Ennigerloh-LichtBlick-SolarBlick-Faber-EPC-2025-DSC07286-768x512.jpg\" data-width=\"768\" data-height=\"512\" aria-label=\"Proyecto energ\u00e9tico entre Oelde y Ennigerloh: parque solar de Faber Energy Group\" role=\"img\" ><\/div>\n\t\t\t\t\t\t\t\t\t\t\t<div class=\"elementor-gallery-item__overlay\"><\/div>\n\t\t\t\t\t\t\t\t\t\t\t\t\t\t<\/a>\n\t\t\t\t\t\t\t<a class=\"e-gallery-item elementor-gallery-item elementor-animated-content\"  href=\"https:\/\/faber-etec.de\/wp-content\/uploads\/sites\/3\/2025\/06\/Oelde-Ennigerloh-LichtBlick-SolarBlick-Faber-EPC-2025-DSC07551.jpg\" title=\"Oelde Ennigerloh LichtBlick SolarBlick Faber EPC 2025 DSC07551.jpg - - \" data-elementor-open-lightbox=\"yes\" data-elementor-lightbox-slideshow=\"4d482de\" data-e-action-hash=\"#elementor-action%3Aaction%3Dlightbox%26settings%3DeyJpZCI6MTU4ODMsInVybCI6Imh0dHBzOlwvXC9mYWJlci1ldGVjLmRlXC93cC1jb250ZW50XC91cGxvYWRzXC9zaXRlc1wvM1wvMjAyNVwvMDZcL09lbGRlLUVubmlnZXJsb2gtTGljaHRCbGljay1Tb2xhckJsaWNrLUZhYmVyLUVQQy0yMDI1LURTQzA3NTUxLmpwZyIsInNsaWRlc2hvdyI6IjRkNDgyZGUifQ%3D%3D\">\n\t\t\t\t\t<div class=\"e-gallery-image elementor-gallery-item__image\" data-thumbnail=\"https:\/\/faber-etec.de\/wp-content\/uploads\/sites\/3\/2025\/06\/Oelde-Ennigerloh-LichtBlick-SolarBlick-Faber-EPC-2025-DSC07551-768x512.jpg\" data-width=\"768\" data-height=\"512\" aria-label=\"\" role=\"img\" ><\/div>\n\t\t\t\t\t\t\t\t\t\t\t<div class=\"elementor-gallery-item__overlay\"><\/div>\n\t\t\t\t\t\t\t\t\t\t\t\t\t\t<\/a>\n\t\t\t\t\t\t\t<a class=\"e-gallery-item elementor-gallery-item elementor-animated-content\"  href=\"https:\/\/faber-etec.de\/wp-content\/uploads\/sites\/3\/2025\/06\/Oelde-Ennigerloh-LichtBlick-SolarBlick-Faber-EPC-2025-DSC07532.jpg\" title=\"Oelde Ennigerloh LichtBlick SolarBlick Faber EPC 2025 DSC07532.jpg - - \" data-elementor-open-lightbox=\"yes\" data-elementor-lightbox-slideshow=\"4d482de\" data-e-action-hash=\"#elementor-action%3Aaction%3Dlightbox%26settings%3DeyJpZCI6MTU4ODEsInVybCI6Imh0dHBzOlwvXC9mYWJlci1ldGVjLmRlXC93cC1jb250ZW50XC91cGxvYWRzXC9zaXRlc1wvM1wvMjAyNVwvMDZcL09lbGRlLUVubmlnZXJsb2gtTGljaHRCbGljay1Tb2xhckJsaWNrLUZhYmVyLUVQQy0yMDI1LURTQzA3NTMyLmpwZyIsInNsaWRlc2hvdyI6IjRkNDgyZGUifQ%3D%3D\">\n\t\t\t\t\t<div class=\"e-gallery-image elementor-gallery-item__image\" data-thumbnail=\"https:\/\/faber-etec.de\/wp-content\/uploads\/sites\/3\/2025\/06\/Oelde-Ennigerloh-LichtBlick-SolarBlick-Faber-EPC-2025-DSC07532-768x1152.jpg\" data-width=\"768\" data-height=\"1152\" aria-label=\"Estaci\u00f3n transformadora compacta de Faber E-Tec en uso en el proyecto solar de Ennigerloh\" role=\"img\" ><\/div>\n\t\t\t\t\t\t\t\t\t\t\t<div class=\"elementor-gallery-item__overlay\"><\/div>\n\t\t\t\t\t\t\t\t\t\t\t\t\t\t<\/a>\n\t\t\t\t\t\t\t<a class=\"e-gallery-item elementor-gallery-item elementor-animated-content\"  href=\"https:\/\/faber-etec.de\/wp-content\/uploads\/sites\/3\/2025\/06\/Oelde-Ennigerloh-LichtBlick-SolarBlick-Faber-EPC-2025-DSC07346.jpg\" title=\"Oelde Ennigerloh LichtBlick SolarBlick Faber EPC 2025 DSC07346.jpg - - \" data-elementor-open-lightbox=\"yes\" data-elementor-lightbox-slideshow=\"4d482de\" data-e-action-hash=\"#elementor-action%3Aaction%3Dlightbox%26settings%3DeyJpZCI6MTU4NzcsInVybCI6Imh0dHBzOlwvXC9mYWJlci1ldGVjLmRlXC93cC1jb250ZW50XC91cGxvYWRzXC9zaXRlc1wvM1wvMjAyNVwvMDZcL09lbGRlLUVubmlnZXJsb2gtTGljaHRCbGljay1Tb2xhckJsaWNrLUZhYmVyLUVQQy0yMDI1LURTQzA3MzQ2LmpwZyIsInNsaWRlc2hvdyI6IjRkNDgyZGUifQ%3D%3D\">\n\t\t\t\t\t<div class=\"e-gallery-image elementor-gallery-item__image\" data-thumbnail=\"https:\/\/faber-etec.de\/wp-content\/uploads\/sites\/3\/2025\/06\/Oelde-Ennigerloh-LichtBlick-SolarBlick-Faber-EPC-2025-DSC07346-768x512.jpg\" data-width=\"768\" data-height=\"512\" aria-label=\"Proyecto energ\u00e9tico entre Oelde y Ennigerloh: parque solar de Faber Energy Group\" role=\"img\" ><\/div>\n\t\t\t\t\t\t\t\t\t\t\t<div class=\"elementor-gallery-item__overlay\"><\/div>\n\t\t\t\t\t\t\t\t\t\t\t\t\t\t<\/a>\n\t\t\t\t\t\t\t<a class=\"e-gallery-item elementor-gallery-item elementor-animated-content\"  href=\"https:\/\/faber-etec.de\/wp-content\/uploads\/sites\/3\/2025\/06\/Oelde-Ennigerloh-LichtBlick-SolarBlick-Faber-EPC-2025-DSC07548.jpg\" title=\"Oelde Ennigerloh LichtBlick SolarBlick Faber EPC 2025 DSC07548.jpg - - \" data-elementor-open-lightbox=\"yes\" data-elementor-lightbox-slideshow=\"4d482de\" data-e-action-hash=\"#elementor-action%3Aaction%3Dlightbox%26settings%3DeyJpZCI6MTU4ODIsInVybCI6Imh0dHBzOlwvXC9mYWJlci1ldGVjLmRlXC93cC1jb250ZW50XC91cGxvYWRzXC9zaXRlc1wvM1wvMjAyNVwvMDZcL09lbGRlLUVubmlnZXJsb2gtTGljaHRCbGljay1Tb2xhckJsaWNrLUZhYmVyLUVQQy0yMDI1LURTQzA3NTQ4LmpwZyIsInNsaWRlc2hvdyI6IjRkNDgyZGUifQ%3D%3D\">\n\t\t\t\t\t<div class=\"e-gallery-image elementor-gallery-item__image\" data-thumbnail=\"https:\/\/faber-etec.de\/wp-content\/uploads\/sites\/3\/2025\/06\/Oelde-Ennigerloh-LichtBlick-SolarBlick-Faber-EPC-2025-DSC07548-768x512.jpg\" data-width=\"768\" data-height=\"512\" aria-label=\"\" role=\"img\" ><\/div>\n\t\t\t\t\t\t\t\t\t\t\t<div class=\"elementor-gallery-item__overlay\"><\/div>\n\t\t\t\t\t\t\t\t\t\t\t\t\t\t<\/a>\n\t\t\t\t\t<\/div>\n\t\t\t\t\t<\/div>\n\t\t\t\t<\/div>\n\t\t\t\t<div class=\"elementor-element elementor-element-aae4e83 elementor-widget-divider--view-line elementor-widget elementor-widget-divider\" data-id=\"aae4e83\" data-element_type=\"widget\" data-e-type=\"widget\" data-widget_type=\"divider.default\">\n\t\t\t\t<div class=\"elementor-widget-container\">\n\t\t\t\t\t\t\t<div class=\"elementor-divider\">\n\t\t\t<span class=\"elementor-divider-separator\">\n\t\t\t\t\t\t<\/span>\n\t\t<\/div>\n\t\t\t\t\t\t<\/div>\n\t\t\t\t<\/div>\n\t\t\t\t<div class=\"elementor-element elementor-element-4126769 elementor-widget elementor-widget-heading\" data-id=\"4126769\" data-element_type=\"widget\" data-e-type=\"widget\" data-widget_type=\"heading.default\">\n\t\t\t\t<div class=\"elementor-widget-container\">\n\t\t\t\t\t<h2 class=\"elementor-heading-title elementor-size-default\">EPC: Faber Solartechnik + Faber E-Tec\n<\/h2>\t\t\t\t<\/div>\n\t\t\t\t<\/div>\n\t\t\t\t<div class=\"elementor-element elementor-element-48f6f32 elementor-widget elementor-widget-text-editor\" data-id=\"48f6f32\" data-element_type=\"widget\" data-e-type=\"widget\" data-widget_type=\"text-editor.default\">\n\t\t\t\t<div class=\"elementor-widget-container\">\n\t\t\t\t\t\t\t\t\t<p data-start=\"860\" data-end=\"1141\">La planta ocupa una superficie de unas diez hect\u00e1reas y tiene una potencia instalada de 11.732,04 kWp. Faber Solartechnik se encarg\u00f3 de la construcci\u00f3n llave en mano del parque solar, desde la planificaci\u00f3n t\u00e9cnica hasta la puesta en servicio. Faber E-Tec se encarg\u00f3 de la realizaci\u00f3n t\u00e9cnica de la conexi\u00f3n a la red y suministr\u00f3 los siguientes componentes:<\/p><p data-start=\"1249\" data-end=\"1395\">\u2705 4 centros de transformaci\u00f3n compactos para transformaci\u00f3n e inyecci\u00f3n a red<br data-start=\"1314\" data-end=\"1317\" \/>\u2705 1 estaci\u00f3n de transferencia para la conexi\u00f3n a la red p\u00fablica de media tensi\u00f3n<\/p><p data-start=\"1397\" data-end=\"1559\">De este modo, garantizamos que la electricidad generada se transfiera a la red de forma estable, segura y conforme a las normas, un componente clave del \u00e9xito de todo proyecto fotovoltaico a gran escala.<\/p>\t\t\t\t\t\t\t\t<\/div>\n\t\t\t\t<\/div>\n\t\t\t\t<div class=\"elementor-element elementor-element-b94cb92 elementor-cta--skin-cover elementor-cta--valign-middle elementor-bg-transform elementor-bg-transform-zoom-in elementor-widget elementor-widget-call-to-action\" data-id=\"b94cb92\" data-element_type=\"widget\" data-e-type=\"widget\" data-widget_type=\"call-to-action.default\">\n\t\t\t\t<div class=\"elementor-widget-container\">\n\t\t\t\t\t\t\t<div class=\"elementor-cta\">\n\t\t\t\t\t<div class=\"elementor-cta__bg-wrapper\">\n\t\t\t\t<div class=\"elementor-cta__bg elementor-bg\" style=\"background-image: url(https:\/\/faber-etec.de\/wp-content\/uploads\/sites\/3\/2025\/02\/Solartechnik-in-der-Region-NRW-_r1_c1-1024x443.jpg);\" role=\"img\" aria-label=\"Trabajadores cualificados montan una estaci\u00f3n transformadora en una nave de producci\u00f3n con una gr\u00faa.\"><\/div>\n\t\t\t\t<div class=\"elementor-cta__bg-overlay\"><\/div>\n\t\t\t<\/div>\n\t\t\t\t\t\t\t<div class=\"elementor-cta__content\">\n\t\t\t\t\n\t\t\t\t\t\t\t\t\t<h4 class=\"elementor-cta__title elementor-cta__content-item elementor-content-item\">\n\t\t\t\t\t\tCentros de transformaci\u00f3n compactos\t\t\t\t\t<\/h4>\n\t\t\t\t\n\t\t\t\t\n\t\t\t\t\t\t\t\t\t<div class=\"elementor-cta__button-wrapper elementor-cta__content-item elementor-content-item\">\n\t\t\t\t\t<a class=\"elementor-cta__button elementor-button elementor-size-\"  href=\"https:\/\/faber-etec.de\/es\/estacion-del-parque-solar\/\" title=\"Estaci\u00f3n de parque solar - Estaciones transformadoras para parques solares\">\n\t\t\t\t\t\tCentros de transformaci\u00f3n para parque solar <i aria-hidden=\"true\" class=\"fas fa-angle-right\"><\/i>\t\t\t\t\t<\/a>\n\t\t\t\t\t<\/div>\n\t\t\t\t\t\t\t<\/div>\n\t\t\t\t\t\t<\/div>\n\t\t\t\t\t\t<\/div>\n\t\t\t\t<\/div>\n\t\t\t\t<div class=\"elementor-element elementor-element-879a446 elementor-widget elementor-widget-heading\" data-id=\"879a446\" data-element_type=\"widget\" data-e-type=\"widget\" data-widget_type=\"heading.default\">\n\t\t\t\t<div class=\"elementor-widget-container\">\n\t\t\t\t\t<h3 class=\"elementor-heading-title elementor-size-default\">Cooperaci\u00f3n intermunicipal: Oelde y Ennigerloh dan ejemplo<\/h3>\t\t\t\t<\/div>\n\t\t\t\t<\/div>\n\t\t\t\t<div class=\"elementor-element elementor-element-35d2469 elementor-widget elementor-widget-text-editor\" data-id=\"35d2469\" data-element_type=\"widget\" data-e-type=\"widget\" data-widget_type=\"text-editor.default\">\n\t\t\t\t<div class=\"elementor-widget-container\">\n\t\t\t\t\t\t\t\t\t<p data-start=\"1735\" data-end=\"2003\">Una caracter\u00edstica especial del proyecto es el \u00e9xito de su ejecuci\u00f3n intermunicipal por parte de las ciudades de Oelde y Ennigerloh. Ambos municipios han apoyado activamente el proyecto y lo han hecho posible juntos: un claro ejemplo de cooperaci\u00f3n regional.<\/p><p data-start=\"2005\" data-end=\"2307\">Nuestro especial agradecimiento a Karin Rodeheger, alcaldesa de la ciudad de Oelde, y a Berthold L\u00fclf, alcalde de la ciudad de Ennigerloh.<br data-start=\"2154\" data-end=\"2157\" \/>Su apoyo orientado a las soluciones, con visi\u00f3n de futuro y de confianza fue decisivo para la realizaci\u00f3n con \u00e9xito de este proyecto fotovoltaico a gran escala.<\/p>\t\t\t\t\t\t\t\t<\/div>\n\t\t\t\t<\/div>\n\t\t\t\t<div class=\"elementor-element elementor-element-756a46f elementor-widget elementor-widget-image\" data-id=\"756a46f\" data-element_type=\"widget\" data-e-type=\"widget\" data-widget_type=\"image.default\">\n\t\t\t\t<div class=\"elementor-widget-container\">\n\t\t\t\t\t\t\t\t\t\t\t\t\t\t\t<img decoding=\"async\" src=\"https:\/\/faber-etec.de\/wp-content\/uploads\/sites\/3\/elementor\/thumbs\/Oelde-Ennigerloh-LichtBlick-SolarBlick-Faber-EPC-2025-DSC06689_1-r7gp0b3wyxir3xmyxd51nafenatlh8d8ut7qit585k.jpg\" title=\"Proyecto energ\u00e9tico entre Oelde y Ennigerloh: parque solar de Faber Energy Group\" alt=\"Proyecto energ\u00e9tico entre Oelde y Ennigerloh: parque solar de Faber Energy Group\" loading=\"lazy\" \/>\t\t\t\t\t\t\t\t\t\t\t\t\t\t\t<\/div>\n\t\t\t\t<\/div>\n\t\t\t\t<div class=\"elementor-element elementor-element-6b12790 elementor-widget elementor-widget-gallery\" data-id=\"6b12790\" data-element_type=\"widget\" data-e-type=\"widget\" data-settings=\"{&quot;gallery_layout&quot;:&quot;justified&quot;,&quot;ideal_row_height&quot;:{&quot;unit&quot;:&quot;px&quot;,&quot;size&quot;:201,&quot;sizes&quot;:[]},&quot;lazyload&quot;:&quot;yes&quot;,&quot;ideal_row_height_laptop&quot;:{&quot;unit&quot;:&quot;px&quot;,&quot;size&quot;:150,&quot;sizes&quot;:[]},&quot;ideal_row_height_tablet_extra&quot;:{&quot;unit&quot;:&quot;px&quot;,&quot;size&quot;:150,&quot;sizes&quot;:[]},&quot;ideal_row_height_tablet&quot;:{&quot;unit&quot;:&quot;px&quot;,&quot;size&quot;:150,&quot;sizes&quot;:[]},&quot;ideal_row_height_mobile&quot;:{&quot;unit&quot;:&quot;px&quot;,&quot;size&quot;:150,&quot;sizes&quot;:[]},&quot;gap&quot;:{&quot;unit&quot;:&quot;px&quot;,&quot;size&quot;:10,&quot;sizes&quot;:[]},&quot;gap_laptop&quot;:{&quot;unit&quot;:&quot;px&quot;,&quot;size&quot;:10,&quot;sizes&quot;:[]},&quot;gap_tablet_extra&quot;:{&quot;unit&quot;:&quot;px&quot;,&quot;size&quot;:10,&quot;sizes&quot;:[]},&quot;gap_tablet&quot;:{&quot;unit&quot;:&quot;px&quot;,&quot;size&quot;:10,&quot;sizes&quot;:[]},&quot;gap_mobile&quot;:{&quot;unit&quot;:&quot;px&quot;,&quot;size&quot;:10,&quot;sizes&quot;:[]},&quot;link_to&quot;:&quot;file&quot;,&quot;overlay_background&quot;:&quot;yes&quot;,&quot;content_hover_animation&quot;:&quot;fade-in&quot;}\" data-widget_type=\"gallery.default\">\n\t\t\t\t<div class=\"elementor-widget-container\">\n\t\t\t\t\t\t\t<div class=\"elementor-gallery__container\">\n\t\t\t\t\t\t\t<a class=\"e-gallery-item elementor-gallery-item elementor-animated-content\"  href=\"https:\/\/faber-etec.de\/wp-content\/uploads\/sites\/3\/2025\/06\/Oelde-Ennigerloh-LichtBlick-SolarBlick-Faber-EPC-2025-DSC07608.jpg\" title=\"Oelde Ennigerloh LichtBlick SolarBlick Faber EPC 2025 DSC07608.jpg - - \" data-elementor-open-lightbox=\"yes\" data-elementor-lightbox-slideshow=\"6b12790\" data-e-action-hash=\"#elementor-action%3Aaction%3Dlightbox%26settings%3DeyJpZCI6MTU4ODUsInVybCI6Imh0dHBzOlwvXC9mYWJlci1ldGVjLmRlXC93cC1jb250ZW50XC91cGxvYWRzXC9zaXRlc1wvM1wvMjAyNVwvMDZcL09lbGRlLUVubmlnZXJsb2gtTGljaHRCbGljay1Tb2xhckJsaWNrLUZhYmVyLUVQQy0yMDI1LURTQzA3NjA4LmpwZyIsInNsaWRlc2hvdyI6IjZiMTI3OTAifQ%3D%3D\">\n\t\t\t\t\t<div class=\"e-gallery-image elementor-gallery-item__image\" data-thumbnail=\"https:\/\/faber-etec.de\/wp-content\/uploads\/sites\/3\/2025\/06\/Oelde-Ennigerloh-LichtBlick-SolarBlick-Faber-EPC-2025-DSC07608-768x1152.jpg\" data-width=\"768\" data-height=\"1152\" aria-label=\"Vista del parque solar casi terminado con la estaci\u00f3n tecnol\u00f3gica en primer plano\" role=\"img\" ><\/div>\n\t\t\t\t\t\t\t\t\t\t\t<div class=\"elementor-gallery-item__overlay\"><\/div>\n\t\t\t\t\t\t\t\t\t\t\t\t\t\t<\/a>\n\t\t\t\t\t\t\t<a class=\"e-gallery-item elementor-gallery-item elementor-animated-content\"  href=\"https:\/\/faber-etec.de\/wp-content\/uploads\/sites\/3\/2025\/06\/Oelde-Ennigerloh-LichtBlick-SolarBlick-Faber-EPC-2025-DSC06862_1.jpg\" title=\"Oelde Ennigerloh LichtBlick SolarBlick Faber EPC 2025 DSC06862 1.jpg - - \" data-elementor-open-lightbox=\"yes\" data-elementor-lightbox-slideshow=\"6b12790\" data-e-action-hash=\"#elementor-action%3Aaction%3Dlightbox%26settings%3DeyJpZCI6MTU4NjgsInVybCI6Imh0dHBzOlwvXC9mYWJlci1ldGVjLmRlXC93cC1jb250ZW50XC91cGxvYWRzXC9zaXRlc1wvM1wvMjAyNVwvMDZcL09lbGRlLUVubmlnZXJsb2gtTGljaHRCbGljay1Tb2xhckJsaWNrLUZhYmVyLUVQQy0yMDI1LURTQzA2ODYyXzEuanBnIiwic2xpZGVzaG93IjoiNmIxMjc5MCJ9\">\n\t\t\t\t\t<div class=\"e-gallery-image elementor-gallery-item__image\" data-thumbnail=\"https:\/\/faber-etec.de\/wp-content\/uploads\/sites\/3\/2025\/06\/Oelde-Ennigerloh-LichtBlick-SolarBlick-Faber-EPC-2025-DSC06862_1-768x512.jpg\" data-width=\"768\" data-height=\"512\" aria-label=\"Parque solar en M\u00fcnsterland - Fotovoltaica, conexi\u00f3n a red y tecnolog\u00eda - Logo Faber Solartechnik Trafostation\" role=\"img\" ><\/div>\n\t\t\t\t\t\t\t\t\t\t\t<div class=\"elementor-gallery-item__overlay\"><\/div>\n\t\t\t\t\t\t\t\t\t\t\t\t\t\t<\/a>\n\t\t\t\t\t\t\t<a class=\"e-gallery-item elementor-gallery-item elementor-animated-content\"  href=\"https:\/\/faber-etec.de\/wp-content\/uploads\/sites\/3\/2025\/06\/Oelde-Ennigerloh-LichtBlick-SolarBlick-Faber-EPC-2025-DSC01579.jpg\" title=\"Oelde Ennigerloh LichtBlick SolarBlick Faber EPC 2025 DSC01579.jpg - - \" data-elementor-open-lightbox=\"yes\" data-elementor-lightbox-slideshow=\"6b12790\" data-e-action-hash=\"#elementor-action%3Aaction%3Dlightbox%26settings%3DeyJpZCI6MTU4OTQsInVybCI6Imh0dHBzOlwvXC9mYWJlci1ldGVjLmRlXC93cC1jb250ZW50XC91cGxvYWRzXC9zaXRlc1wvM1wvMjAyNVwvMDZcL09lbGRlLUVubmlnZXJsb2gtTGljaHRCbGljay1Tb2xhckJsaWNrLUZhYmVyLUVQQy0yMDI1LURTQzAxNTc5LmpwZyIsInNsaWRlc2hvdyI6IjZiMTI3OTAifQ%3D%3D\">\n\t\t\t\t\t<div class=\"e-gallery-image elementor-gallery-item__image\" data-thumbnail=\"https:\/\/faber-etec.de\/wp-content\/uploads\/sites\/3\/2025\/06\/Oelde-Ennigerloh-LichtBlick-SolarBlick-Faber-EPC-2025-DSC01579-768x512.jpg\" data-width=\"768\" data-height=\"512\" aria-label=\"\" role=\"img\" ><\/div>\n\t\t\t\t\t\t\t\t\t\t\t<div class=\"elementor-gallery-item__overlay\"><\/div>\n\t\t\t\t\t\t\t\t\t\t\t\t\t\t<\/a>\n\t\t\t\t\t\t\t<a class=\"e-gallery-item elementor-gallery-item elementor-animated-content\"  href=\"https:\/\/faber-etec.de\/wp-content\/uploads\/sites\/3\/2025\/06\/Oelde-Ennigerloh-LichtBlick-SolarBlick-Faber-EPC-2025-Luft-DJI_20250613143953_0668_D.jpg\" title=\"Oelde Ennigerloh LichtBlick SolarBlick Faber EPC 2025 Air DJI 20250613143953 0668 D.jpg - - - \" data-elementor-open-lightbox=\"yes\" data-elementor-lightbox-slideshow=\"6b12790\" data-e-action-hash=\"#elementor-action%3Aaction%3Dlightbox%26settings%3DeyJpZCI6MTU4OTMsInVybCI6Imh0dHBzOlwvXC9mYWJlci1ldGVjLmRlXC93cC1jb250ZW50XC91cGxvYWRzXC9zaXRlc1wvM1wvMjAyNVwvMDZcL09lbGRlLUVubmlnZXJsb2gtTGljaHRCbGljay1Tb2xhckJsaWNrLUZhYmVyLUVQQy0yMDI1LUx1ZnQtREpJXzIwMjUwNjEzMTQzOTUzXzA2NjhfRC5qcGciLCJzbGlkZXNob3ciOiI2YjEyNzkwIn0%3D\">\n\t\t\t\t\t<div class=\"e-gallery-image elementor-gallery-item__image\" data-thumbnail=\"https:\/\/faber-etec.de\/wp-content\/uploads\/sites\/3\/2025\/06\/Oelde-Ennigerloh-LichtBlick-SolarBlick-Faber-EPC-2025-Luft-DJI_20250613143953_0668_D-768x576.jpg\" data-width=\"768\" data-height=\"576\" aria-label=\"Vista a\u00e9rea del parque solar de M\u00fcnsterland entre Oelde y Ennigerloh\" role=\"img\" ><\/div>\n\t\t\t\t\t\t\t\t\t\t\t<div class=\"elementor-gallery-item__overlay\"><\/div>\n\t\t\t\t\t\t\t\t\t\t\t\t\t\t<\/a>\n\t\t\t\t\t\t\t<a class=\"e-gallery-item elementor-gallery-item elementor-animated-content\"  href=\"https:\/\/faber-etec.de\/wp-content\/uploads\/sites\/3\/2025\/06\/Oelde-Ennigerloh-LichtBlick-SolarBlick-Faber-EPC-2025-Luft-DJI_20250613135836_0637_D.jpg\" title=\"Oelde Ennigerloh LichtBlick SolarBlick Faber EPC 2025 Air DJI 20250613135836 0637 D.jpg - - - \" data-elementor-open-lightbox=\"yes\" data-elementor-lightbox-slideshow=\"6b12790\" data-e-action-hash=\"#elementor-action%3Aaction%3Dlightbox%26settings%3DeyJpZCI6MTU4OTAsInVybCI6Imh0dHBzOlwvXC9mYWJlci1ldGVjLmRlXC93cC1jb250ZW50XC91cGxvYWRzXC9zaXRlc1wvM1wvMjAyNVwvMDZcL09lbGRlLUVubmlnZXJsb2gtTGljaHRCbGljay1Tb2xhckJsaWNrLUZhYmVyLUVQQy0yMDI1LUx1ZnQtREpJXzIwMjUwNjEzMTM1ODM2XzA2MzdfRC5qcGciLCJzbGlkZXNob3ciOiI2YjEyNzkwIn0%3D\">\n\t\t\t\t\t<div class=\"e-gallery-image elementor-gallery-item__image\" data-thumbnail=\"https:\/\/faber-etec.de\/wp-content\/uploads\/sites\/3\/2025\/06\/Oelde-Ennigerloh-LichtBlick-SolarBlick-Faber-EPC-2025-Luft-DJI_20250613135836_0637_D-768x1024.jpg\" data-width=\"768\" data-height=\"1024\" aria-label=\"Vista a\u00e9rea del parque solar de M\u00fcnsterland entre Oelde y Ennigerloh\" role=\"img\" ><\/div>\n\t\t\t\t\t\t\t\t\t\t\t<div class=\"elementor-gallery-item__overlay\"><\/div>\n\t\t\t\t\t\t\t\t\t\t\t\t\t\t<\/a>\n\t\t\t\t\t\t\t<a class=\"e-gallery-item elementor-gallery-item elementor-animated-content\"  href=\"https:\/\/faber-etec.de\/wp-content\/uploads\/sites\/3\/2025\/06\/Oelde-Ennigerloh-LichtBlick-SolarBlick-Faber-EPC-2025-Luft-DJI_20250613135434_0622_D.jpg\" title=\"Oelde Ennigerloh LichtBlick SolarBlick Faber EPC 2025 Air DJI 20250613135434 0622 D.jpg - - - \" data-elementor-open-lightbox=\"yes\" data-elementor-lightbox-slideshow=\"6b12790\" data-e-action-hash=\"#elementor-action%3Aaction%3Dlightbox%26settings%3DeyJpZCI6MTU4ODcsInVybCI6Imh0dHBzOlwvXC9mYWJlci1ldGVjLmRlXC93cC1jb250ZW50XC91cGxvYWRzXC9zaXRlc1wvM1wvMjAyNVwvMDZcL09lbGRlLUVubmlnZXJsb2gtTGljaHRCbGljay1Tb2xhckJsaWNrLUZhYmVyLUVQQy0yMDI1LUx1ZnQtREpJXzIwMjUwNjEzMTM1NDM0XzA2MjJfRC5qcGciLCJzbGlkZXNob3ciOiI2YjEyNzkwIn0%3D\">\n\t\t\t\t\t<div class=\"e-gallery-image elementor-gallery-item__image\" data-thumbnail=\"https:\/\/faber-etec.de\/wp-content\/uploads\/sites\/3\/2025\/06\/Oelde-Ennigerloh-LichtBlick-SolarBlick-Faber-EPC-2025-Luft-DJI_20250613135434_0622_D-768x576.jpg\" data-width=\"768\" data-height=\"576\" aria-label=\"Instalaci\u00f3n fotovoltaica con centro de transformaci\u00f3n compacto de Faber Energy Group\" role=\"img\" ><\/div>\n\t\t\t\t\t\t\t\t\t\t\t<div class=\"elementor-gallery-item__overlay\"><\/div>\n\t\t\t\t\t\t\t\t\t\t\t\t\t\t<\/a>\n\t\t\t\t\t<\/div>\n\t\t\t\t\t<\/div>\n\t\t\t\t<\/div>\n\t\t\t\t<div class=\"elementor-element elementor-element-622d961 elementor-widget-divider--view-line elementor-widget elementor-widget-divider\" data-id=\"622d961\" data-element_type=\"widget\" data-e-type=\"widget\" data-widget_type=\"divider.default\">\n\t\t\t\t<div class=\"elementor-widget-container\">\n\t\t\t\t\t\t\t<div class=\"elementor-divider\">\n\t\t\t<span class=\"elementor-divider-separator\">\n\t\t\t\t\t\t<\/span>\n\t\t<\/div>\n\t\t\t\t\t\t<\/div>\n\t\t\t\t<\/div>\n\t\t\t\t<div class=\"elementor-element elementor-element-9e2daf0 elementor-widget elementor-widget-heading\" data-id=\"9e2daf0\" data-element_type=\"widget\" data-e-type=\"widget\" data-widget_type=\"heading.default\">\n\t\t\t\t<div class=\"elementor-widget-container\">\n\t\t\t\t\t<h3 class=\"elementor-heading-title elementor-size-default\">Realizaci\u00f3n a trav\u00e9s de socios fuertes<\/h3>\t\t\t\t<\/div>\n\t\t\t\t<\/div>\n\t\t\t\t<div class=\"elementor-element elementor-element-156c4f4 elementor-widget elementor-widget-text-editor\" data-id=\"156c4f4\" data-element_type=\"widget\" data-e-type=\"widget\" data-widget_type=\"text-editor.default\">\n\t\t\t\t<div class=\"elementor-widget-container\">\n\t\t\t\t\t\t\t\t\t<p data-start=\"2388\" data-end=\"2548\">La decisi\u00f3n de LichtBlick de trabajar con SolarBlick y el Grupo Faber subraya una vez m\u00e1s la importancia de las asociaciones t\u00e9cnicas bien establecidas, especialmente para proyectos desafiantes de esta magnitud.<\/p>\t\t\t\t\t\t\t\t<\/div>\n\t\t\t\t<\/div>\n\t\t\t\t<div class=\"elementor-element elementor-element-dfcd756 elementor-widget elementor-widget-image\" data-id=\"dfcd756\" data-element_type=\"widget\" data-e-type=\"widget\" data-widget_type=\"image.default\">\n\t\t\t\t<div class=\"elementor-widget-container\">\n\t\t\t\t\t\t\t\t\t\t\t\t\t\t\t<img decoding=\"async\" src=\"https:\/\/faber-etec.de\/wp-content\/uploads\/sites\/3\/elementor\/thumbs\/Oelde-Ennigerloh-LichtBlick-SolarBlick-Faber-EPC-2025-DSC06963-r7gp0ylvpsex66ou45apvmhxhxlrtnyja1iviq6du0.jpg\" title=\"El parque solar de M\u00fcnsterland es un ejemplo del \u00e9xito de la realizaci\u00f3n de proyectos de energ\u00edas renovables con una clara competencia t\u00e9cnica y de red.\" alt=\"El parque solar de M\u00fcnsterland es un ejemplo del \u00e9xito de la realizaci\u00f3n de proyectos de energ\u00edas renovables con una clara competencia t\u00e9cnica y de red.\" loading=\"lazy\" \/>\t\t\t\t\t\t\t\t\t\t\t\t\t\t\t<\/div>\n\t\t\t\t<\/div>\n\t\t\t\t<div class=\"elementor-element elementor-element-75f4c7d elementor-widget elementor-widget-gallery\" data-id=\"75f4c7d\" data-element_type=\"widget\" data-e-type=\"widget\" data-settings=\"{&quot;gallery_layout&quot;:&quot;justified&quot;,&quot;ideal_row_height&quot;:{&quot;unit&quot;:&quot;px&quot;,&quot;size&quot;:201,&quot;sizes&quot;:[]},&quot;lazyload&quot;:&quot;yes&quot;,&quot;ideal_row_height_laptop&quot;:{&quot;unit&quot;:&quot;px&quot;,&quot;size&quot;:150,&quot;sizes&quot;:[]},&quot;ideal_row_height_tablet_extra&quot;:{&quot;unit&quot;:&quot;px&quot;,&quot;size&quot;:150,&quot;sizes&quot;:[]},&quot;ideal_row_height_tablet&quot;:{&quot;unit&quot;:&quot;px&quot;,&quot;size&quot;:150,&quot;sizes&quot;:[]},&quot;ideal_row_height_mobile&quot;:{&quot;unit&quot;:&quot;px&quot;,&quot;size&quot;:150,&quot;sizes&quot;:[]},&quot;gap&quot;:{&quot;unit&quot;:&quot;px&quot;,&quot;size&quot;:10,&quot;sizes&quot;:[]},&quot;gap_laptop&quot;:{&quot;unit&quot;:&quot;px&quot;,&quot;size&quot;:10,&quot;sizes&quot;:[]},&quot;gap_tablet_extra&quot;:{&quot;unit&quot;:&quot;px&quot;,&quot;size&quot;:10,&quot;sizes&quot;:[]},&quot;gap_tablet&quot;:{&quot;unit&quot;:&quot;px&quot;,&quot;size&quot;:10,&quot;sizes&quot;:[]},&quot;gap_mobile&quot;:{&quot;unit&quot;:&quot;px&quot;,&quot;size&quot;:10,&quot;sizes&quot;:[]},&quot;link_to&quot;:&quot;file&quot;,&quot;overlay_background&quot;:&quot;yes&quot;,&quot;content_hover_animation&quot;:&quot;fade-in&quot;}\" data-widget_type=\"gallery.default\">\n\t\t\t\t<div class=\"elementor-widget-container\">\n\t\t\t\t\t\t\t<div class=\"elementor-gallery__container\">\n\t\t\t\t\t\t\t<a class=\"e-gallery-item elementor-gallery-item elementor-animated-content\"  href=\"https:\/\/faber-etec.de\/wp-content\/uploads\/sites\/3\/2025\/06\/Oelde-Ennigerloh-LichtBlick-SolarBlick-Faber-EPC-2025-DSC07047.jpg\" title=\"Oelde Ennigerloh LichtBlick SolarBlick Faber EPC 2025 DSC07047.jpg - - \" data-elementor-open-lightbox=\"yes\" data-elementor-lightbox-slideshow=\"75f4c7d\" data-e-action-hash=\"#elementor-action%3Aaction%3Dlightbox%26settings%3DeyJpZCI6MTU4NzQsInVybCI6Imh0dHBzOlwvXC9mYWJlci1ldGVjLmRlXC93cC1jb250ZW50XC91cGxvYWRzXC9zaXRlc1wvM1wvMjAyNVwvMDZcL09lbGRlLUVubmlnZXJsb2gtTGljaHRCbGljay1Tb2xhckJsaWNrLUZhYmVyLUVQQy0yMDI1LURTQzA3MDQ3LmpwZyIsInNsaWRlc2hvdyI6Ijc1ZjRjN2QifQ%3D%3D\">\n\t\t\t\t\t<div class=\"e-gallery-image elementor-gallery-item__image\" data-thumbnail=\"https:\/\/faber-etec.de\/wp-content\/uploads\/sites\/3\/2025\/06\/Oelde-Ennigerloh-LichtBlick-SolarBlick-Faber-EPC-2025-DSC07047-768x512.jpg\" data-width=\"768\" data-height=\"512\" aria-label=\"Faber Energy Group en la realizaci\u00f3n de un proyecto EPC llave en mano en M\u00fcnsterland\" role=\"img\" ><\/div>\n\t\t\t\t\t\t\t\t\t\t\t<div class=\"elementor-gallery-item__overlay\"><\/div>\n\t\t\t\t\t\t\t\t\t\t\t\t\t\t<\/a>\n\t\t\t\t\t\t\t<a class=\"e-gallery-item elementor-gallery-item elementor-animated-content\"  href=\"https:\/\/faber-etec.de\/wp-content\/uploads\/sites\/3\/2025\/06\/Oelde-Ennigerloh-LichtBlick-SolarBlick-Faber-EPC-2025-DSC06829_1.jpg\" title=\"Oelde Ennigerloh LichtBlick SolarBlick Faber EPC 2025 DSC06829 1.jpg - - \" data-elementor-open-lightbox=\"yes\" data-elementor-lightbox-slideshow=\"75f4c7d\" data-e-action-hash=\"#elementor-action%3Aaction%3Dlightbox%26settings%3DeyJpZCI6MTU4NjcsInVybCI6Imh0dHBzOlwvXC9mYWJlci1ldGVjLmRlXC93cC1jb250ZW50XC91cGxvYWRzXC9zaXRlc1wvM1wvMjAyNVwvMDZcL09lbGRlLUVubmlnZXJsb2gtTGljaHRCbGljay1Tb2xhckJsaWNrLUZhYmVyLUVQQy0yMDI1LURTQzA2ODI5XzEuanBnIiwic2xpZGVzaG93IjoiNzVmNGM3ZCJ9\">\n\t\t\t\t\t<div class=\"e-gallery-image elementor-gallery-item__image\" data-thumbnail=\"https:\/\/faber-etec.de\/wp-content\/uploads\/sites\/3\/2025\/06\/Oelde-Ennigerloh-LichtBlick-SolarBlick-Faber-EPC-2025-DSC06829_1-768x512.jpg\" data-width=\"768\" data-height=\"512\" aria-label=\"Proyecto EPC de Faber Energy Group con centros de transformaci\u00f3n compactos y sistema fotovoltaico\" role=\"img\" ><\/div>\n\t\t\t\t\t\t\t\t\t\t\t<div class=\"elementor-gallery-item__overlay\"><\/div>\n\t\t\t\t\t\t\t\t\t\t\t\t\t\t<\/a>\n\t\t\t\t\t\t\t<a class=\"e-gallery-item elementor-gallery-item elementor-animated-content\"  href=\"https:\/\/faber-etec.de\/wp-content\/uploads\/sites\/3\/2025\/06\/Oelde-Ennigerloh-LichtBlick-SolarBlick-Faber-EPC-2025-DSC07072.jpg\" title=\"Oelde Ennigerloh LichtBlick SolarBlick Faber EPC 2025 DSC07072.jpg - - \" data-elementor-open-lightbox=\"yes\" data-elementor-lightbox-slideshow=\"75f4c7d\" data-e-action-hash=\"#elementor-action%3Aaction%3Dlightbox%26settings%3DeyJpZCI6MTU4NzUsInVybCI6Imh0dHBzOlwvXC9mYWJlci1ldGVjLmRlXC93cC1jb250ZW50XC91cGxvYWRzXC9zaXRlc1wvM1wvMjAyNVwvMDZcL09lbGRlLUVubmlnZXJsb2gtTGljaHRCbGljay1Tb2xhckJsaWNrLUZhYmVyLUVQQy0yMDI1LURTQzA3MDcyLmpwZyIsInNsaWRlc2hvdyI6Ijc1ZjRjN2QifQ%3D%3D\">\n\t\t\t\t\t<div class=\"e-gallery-image elementor-gallery-item__image\" data-thumbnail=\"https:\/\/faber-etec.de\/wp-content\/uploads\/sites\/3\/2025\/06\/Oelde-Ennigerloh-LichtBlick-SolarBlick-Faber-EPC-2025-DSC07072-768x512.jpg\" data-width=\"768\" data-height=\"512\" aria-label=\"Proyecto energ\u00e9tico entre Oelde y Ennigerloh - parque solar de EPC Faber Solartechnik y Faber E-Tec\" role=\"img\" ><\/div>\n\t\t\t\t\t\t\t\t\t\t\t<div class=\"elementor-gallery-item__overlay\"><\/div>\n\t\t\t\t\t\t\t\t\t\t\t\t\t\t<\/a>\n\t\t\t\t\t\t\t<a class=\"e-gallery-item elementor-gallery-item elementor-animated-content\"  href=\"https:\/\/faber-etec.de\/wp-content\/uploads\/sites\/3\/2025\/06\/Oelde-Ennigerloh-LichtBlick-SolarBlick-Faber-EPC-2025-DSC06864.jpg\" title=\"Oelde Ennigerloh LichtBlick SolarBlick Faber EPC 2025 DSC06864.jpg - - \" data-elementor-open-lightbox=\"yes\" data-elementor-lightbox-slideshow=\"75f4c7d\" data-e-action-hash=\"#elementor-action%3Aaction%3Dlightbox%26settings%3DeyJpZCI6MTU4NjksInVybCI6Imh0dHBzOlwvXC9mYWJlci1ldGVjLmRlXC93cC1jb250ZW50XC91cGxvYWRzXC9zaXRlc1wvM1wvMjAyNVwvMDZcL09lbGRlLUVubmlnZXJsb2gtTGljaHRCbGljay1Tb2xhckJsaWNrLUZhYmVyLUVQQy0yMDI1LURTQzA2ODY0LmpwZyIsInNsaWRlc2hvdyI6Ijc1ZjRjN2QifQ%3D%3D\">\n\t\t\t\t\t<div class=\"e-gallery-image elementor-gallery-item__image\" data-thumbnail=\"https:\/\/faber-etec.de\/wp-content\/uploads\/sites\/3\/2025\/06\/Oelde-Ennigerloh-LichtBlick-SolarBlick-Faber-EPC-2025-DSC06864-768x512.jpg\" data-width=\"768\" data-height=\"512\" aria-label=\"Parque solar en M\u00fcnsterland: fotovoltaica, conexi\u00f3n a la red y tecnolog\u00eda\" role=\"img\" ><\/div>\n\t\t\t\t\t\t\t\t\t\t\t<div class=\"elementor-gallery-item__overlay\"><\/div>\n\t\t\t\t\t\t\t\t\t\t\t\t\t\t<\/a>\n\t\t\t\t\t\t\t<a class=\"e-gallery-item elementor-gallery-item elementor-animated-content\"  href=\"https:\/\/faber-etec.de\/wp-content\/uploads\/sites\/3\/2025\/06\/Oelde-Ennigerloh-LichtBlick-SolarBlick-Faber-EPC-2025-DSC01635_1.jpg\" title=\"Oelde Ennigerloh LichtBlick SolarBlick Faber EPC 2025 DSC01635 1.jpg - - \" data-elementor-open-lightbox=\"yes\" data-elementor-lightbox-slideshow=\"75f4c7d\" data-e-action-hash=\"#elementor-action%3Aaction%3Dlightbox%26settings%3DeyJpZCI6MTU4NjAsInVybCI6Imh0dHBzOlwvXC9mYWJlci1ldGVjLmRlXC93cC1jb250ZW50XC91cGxvYWRzXC9zaXRlc1wvM1wvMjAyNVwvMDZcL09lbGRlLUVubmlnZXJsb2gtTGljaHRCbGljay1Tb2xhckJsaWNrLUZhYmVyLUVQQy0yMDI1LURTQzAxNjM1XzEuanBnIiwic2xpZGVzaG93IjoiNzVmNGM3ZCJ9\">\n\t\t\t\t\t<div class=\"e-gallery-image elementor-gallery-item__image\" data-thumbnail=\"https:\/\/faber-etec.de\/wp-content\/uploads\/sites\/3\/2025\/06\/Oelde-Ennigerloh-LichtBlick-SolarBlick-Faber-EPC-2025-DSC01635_1-768x512.jpg\" data-width=\"768\" data-height=\"512\" aria-label=\"Proyecto energ\u00e9tico entre Oelde y Ennigerloh: parque solar de Faber Energy Group\" role=\"img\" ><\/div>\n\t\t\t\t\t\t\t\t\t\t\t<div class=\"elementor-gallery-item__overlay\"><\/div>\n\t\t\t\t\t\t\t\t\t\t\t\t\t\t<\/a>\n\t\t\t\t\t\t\t<a class=\"e-gallery-item elementor-gallery-item elementor-animated-content\"  href=\"https:\/\/faber-etec.de\/wp-content\/uploads\/sites\/3\/2025\/06\/Oelde-Ennigerloh-LichtBlick-SolarBlick-Faber-EPC-2025-DSC07014.jpg\" title=\"Oelde Ennigerloh LichtBlick SolarBlick Faber EPC 2025 DSC07014.jpg - - \" data-elementor-open-lightbox=\"yes\" data-elementor-lightbox-slideshow=\"75f4c7d\" data-e-action-hash=\"#elementor-action%3Aaction%3Dlightbox%26settings%3DeyJpZCI6MTU4NzMsInVybCI6Imh0dHBzOlwvXC9mYWJlci1ldGVjLmRlXC93cC1jb250ZW50XC91cGxvYWRzXC9zaXRlc1wvM1wvMjAyNVwvMDZcL09lbGRlLUVubmlnZXJsb2gtTGljaHRCbGljay1Tb2xhckJsaWNrLUZhYmVyLUVQQy0yMDI1LURTQzA3MDE0LmpwZyIsInNsaWRlc2hvdyI6Ijc1ZjRjN2QifQ%3D%3D\">\n\t\t\t\t\t<div class=\"e-gallery-image elementor-gallery-item__image\" data-thumbnail=\"https:\/\/faber-etec.de\/wp-content\/uploads\/sites\/3\/2025\/06\/Oelde-Ennigerloh-LichtBlick-SolarBlick-Faber-EPC-2025-DSC07014-768x512.jpg\" data-width=\"768\" data-height=\"512\" aria-label=\"Construcci\u00f3n y puesta en marcha de un parque solar en Oelde-Ennigerloh - LichtBlick Logo Helm\" role=\"img\" ><\/div>\n\t\t\t\t\t\t\t\t\t\t\t<div class=\"elementor-gallery-item__overlay\"><\/div>\n\t\t\t\t\t\t\t\t\t\t\t\t\t\t<\/a>\n\t\t\t\t\t<\/div>\n\t\t\t\t\t<\/div>\n\t\t\t\t<\/div>\n\t\t\t\t<div class=\"elementor-element elementor-element-df7b679 elementor-widget-divider--view-line elementor-widget elementor-widget-divider\" data-id=\"df7b679\" data-element_type=\"widget\" data-e-type=\"widget\" data-widget_type=\"divider.default\">\n\t\t\t\t<div class=\"elementor-widget-container\">\n\t\t\t\t\t\t\t<div class=\"elementor-divider\">\n\t\t\t<span class=\"elementor-divider-separator\">\n\t\t\t\t\t\t<\/span>\n\t\t<\/div>\n\t\t\t\t\t\t<\/div>\n\t\t\t\t<\/div>\n\t\t\t\t<div class=\"elementor-element elementor-element-cc73359 elementor-widget elementor-widget-heading\" data-id=\"cc73359\" data-element_type=\"widget\" data-e-type=\"widget\" data-widget_type=\"heading.default\">\n\t\t\t\t<div class=\"elementor-widget-container\">\n\t\t\t\t\t<h4 class=\"elementor-heading-title elementor-size-default\">Tecnolog\u00eda, confianza y responsabilidad para el futuro de la energ\u00eda\n<\/h4>\t\t\t\t<\/div>\n\t\t\t\t<\/div>\n\t\t\t\t<div class=\"elementor-element elementor-element-8d06e4a elementor-widget elementor-widget-text-editor\" data-id=\"8d06e4a\" data-element_type=\"widget\" data-e-type=\"widget\" data-widget_type=\"text-editor.default\">\n\t\t\t\t<div class=\"elementor-widget-container\">\n\t\t\t\t\t\t\t\t\t<p data-start=\"2864\" data-end=\"3116\">Faber E-Tec quiere agradecer a LichtBlick SE su confianza en nuestra tecnolog\u00eda y a SolarBlick GmbH su profesionalidad en el desarrollo del proyecto. Nuestro agradecimiento tambi\u00e9n a Faber Solartechnik por la s\u00f3lida cooperaci\u00f3n a nivel EPC.<\/p><p data-start=\"3118\" data-end=\"3304\">Juntos mostramos c\u00f3mo pueden planificarse regionalmente proyectos de energ\u00edas renovables a gran escala, ejecutarse de forma t\u00e9cnicamente s\u00f3lida y explotarse a largo plazo, para conseguir un suministro energ\u00e9tico sostenible y seguro.<\/p><p data-start=\"3306\" data-end=\"3524\">\u27a1\ufe0f A la publicaci\u00f3n oficial de LinkedIn de LichtBlick:<br data-start=\"3361\" data-end=\"3364\" \/><a class=\"\" href=\"https:\/\/www.linkedin.com\/posts\/lichtblick-se_gro%C3%9Fartige-news-unser-neuer-solarpark-im-activity-7340662483940007937-u78m?utm_source=share&#038;utm_medium=member_desktop&#038;rcm=ACoAADaoTvkB_BMCy0p3hfTbW7wluh5m4xuJyww\" title=\"Lichtblick Se Gro%C3%9Fartige News Unser Neuer Solarpark Im Activity 7340662483940007937 U78m - \ud83d\udd17 Beitrag auf LinkedIn ansehen\" target=\"_new\" rel=\"noopener\" data-start=\"3364\" data-end=\"3524\">\ud83d\udd17 Ver publicaci\u00f3n en LinkedIn<\/a><\/p>\t\t\t\t\t\t\t\t<\/div>\n\t\t\t\t<\/div>\n\t\t\t\t<div class=\"elementor-element elementor-element-eef7e64 elementor-widget-divider--view-line elementor-widget elementor-widget-divider\" data-id=\"eef7e64\" data-element_type=\"widget\" data-e-type=\"widget\" data-widget_type=\"divider.default\">\n\t\t\t\t<div class=\"elementor-widget-container\">\n\t\t\t\t\t\t\t<div class=\"elementor-divider\">\n\t\t\t<span class=\"elementor-divider-separator\">\n\t\t\t\t\t\t<\/span>\n\t\t<\/div>\n\t\t\t\t\t\t<\/div>\n\t\t\t\t<\/div>\n\t\t\t\t<div class=\"elementor-element elementor-element-3456145 elementor-widget elementor-widget-heading\" data-id=\"3456145\" data-element_type=\"widget\" data-e-type=\"widget\" data-widget_type=\"heading.default\">\n\t\t\t\t<div class=\"elementor-widget-container\">\n\t\t\t\t\t<h2 class=\"elementor-heading-title elementor-size-default\">Ciudad de Oelde - Modelar el futuro mediante proyectos energ\u00e9ticos regionales<\/h2>\t\t\t\t<\/div>\n\t\t\t\t<\/div>\n\t\t\t\t<div class=\"elementor-element elementor-element-63440b7 elementor-widget elementor-widget-heading\" data-id=\"63440b7\" data-element_type=\"widget\" data-e-type=\"widget\" data-widget_type=\"heading.default\">\n\t\t\t\t<div class=\"elementor-widget-container\">\n\t\t\t\t\t<h3 class=\"elementor-heading-title elementor-size-default\">Oelde apoya la transici\u00f3n energ\u00e9tica regional con un proyecto de parque solar\n\n<\/h3>\t\t\t\t<\/div>\n\t\t\t\t<\/div>\n\t\t\t\t<div class=\"elementor-element elementor-element-4fc2163 elementor-widget elementor-widget-text-editor\" data-id=\"4fc2163\" data-element_type=\"widget\" data-e-type=\"widget\" data-widget_type=\"text-editor.default\">\n\t\t\t\t<div class=\"elementor-widget-container\">\n\t\t\t\t\t\t\t\t\t<p data-start=\"339\" data-end=\"647\">Con su participaci\u00f3n en el parque solar entre Oelde y Ennigerloh, la ciudad de Oelde muestra c\u00f3mo puede ser en la pr\u00e1ctica la responsabilidad municipal.<br data-start=\"487\" data-end=\"490\" \/>Con previsi\u00f3n, apertura a nuevos conceptos energ\u00e9ticos y una gesti\u00f3n orientada a las soluciones, el proyecto recibi\u00f3 apoyo y acompa\u00f1amiento activo desde el principio.<\/p><p data-start=\"649\" data-end=\"1011\">La alcaldesa Karin Rodeheger colabor\u00f3 con todos los implicados para garantizar que el desarrollo del emplazamiento y la realizaci\u00f3n del proyecto se llevaran a cabo de forma eficiente y en inter\u00e9s de la regi\u00f3n. Oelde contribuye as\u00ed de forma importante a la transici\u00f3n energ\u00e9tica regional y demuestra que los proyectos de infraestructuras con visi\u00f3n de futuro son posibles y pueden realizarse en las regiones rurales.<\/p>\t\t\t\t\t\t\t\t<\/div>\n\t\t\t\t<\/div>\n\t\t\t\t<div class=\"elementor-element elementor-element-caa0bbc elementor-widget elementor-widget-image\" data-id=\"caa0bbc\" data-element_type=\"widget\" data-e-type=\"widget\" data-widget_type=\"image.default\">\n\t\t\t\t<div class=\"elementor-widget-container\">\n\t\t\t\t\t\t\t\t\t\t\t\t<figure class=\"wp-caption\">\n\t\t\t\t\t\t\t\t\t\t<img decoding=\"async\" src=\"https:\/\/faber-etec.de\/wp-content\/uploads\/sites\/3\/elementor\/thumbs\/Oelde-Stadt-Blick-auf-die-Kreuzkirche-im-Wallfahrtsort-Stromberg-einem-Ortsteil-der-Stadt-Oelde-im-Muensterland-r7fzfpybi9baktihoh16w5eeati8fxoqx2h0xbdfng.avif\" title=\"Oelde Stadt - Vista de la iglesia Kreuzkirche en la ciudad de peregrinaci\u00f3n de Stromberg, un distrito de la ciudad de Oelde en M\u00fcnsterland.\" alt=\"Vista de la iglesia Kreuzkirche en el barrio Stromberg de la ciudad de Oelde en M\u00fcnsterland\" loading=\"lazy\" \/>\t\t\t\t\t\t\t\t\t\t\t<figcaption class=\"widget-image-caption wp-caption-text\">La iglesia Kreuzkirche de la ciudad de peregrinaci\u00f3n de Stromberg, distrito de Oelde, ejemplifica la identidad cultural e hist\u00f3rica de la localidad de M\u00fcnsterland. \u00a9 Pixel62<\/figcaption>\n\t\t\t\t\t\t\t\t\t\t<\/figure>\n\t\t\t\t\t\t\t\t\t<\/div>\n\t\t\t\t<\/div>\n\t\t<div class=\"elementor-element elementor-element-2492510 e-flex e-con-boxed e-con e-child\" data-id=\"2492510\" data-element_type=\"container\" data-e-type=\"container\">\n\t\t\t\t\t<div class=\"e-con-inner\">\n\t\t\t\t<div class=\"elementor-element elementor-element-7589d47 elementor-widget elementor-widget-button\" data-id=\"7589d47\" data-element_type=\"widget\" data-e-type=\"widget\" data-widget_type=\"button.default\">\n\t\t\t\t<div class=\"elementor-widget-container\">\n\t\t\t\t\t\t\t\t\t<div class=\"elementor-button-wrapper\">\n\t\t\t\t\t<a class=\"elementor-button elementor-button-link elementor-size-sm\" href=\"https:\/\/maps.app.goo.gl\/MRmVqe2CxMJJNXW7A\" title=\"MRmVqe2CxMJJNXW7A - Mapa de Google - Oelde\" target=\"_blank\" rel=\"noopener\">\n\t\t\t\t\t\t<span class=\"elementor-button-content-wrapper\">\n\t\t\t\t\t\t<span class=\"elementor-button-icon\">\n\t\t\t\t<i aria-hidden=\"true\" class=\"fas fa-map-marker-alt\"><\/i>\t\t\t<\/span>\n\t\t\t\t\t\t\t\t\t<span class=\"elementor-button-text\">Mapa de Google - Oelde<\/span>\n\t\t\t\t\t<\/span>\n\t\t\t\t\t<\/a>\n\t\t\t\t<\/div>\n\t\t\t\t\t\t\t\t<\/div>\n\t\t\t\t<\/div>\n\t\t\t\t<div class=\"elementor-element elementor-element-6843211 elementor-widget elementor-widget-button\" data-id=\"6843211\" data-element_type=\"widget\" data-e-type=\"widget\" data-widget_type=\"button.default\">\n\t\t\t\t<div class=\"elementor-widget-container\">\n\t\t\t\t\t\t\t\t\t<div class=\"elementor-button-wrapper\">\n\t\t\t\t\t<a class=\"elementor-button elementor-button-link elementor-size-sm\" href=\"https:\/\/www.oelde.de\/de\/\" title=\"De - www.oelde.de\" target=\"_blank\" rel=\"noopener\">\n\t\t\t\t\t\t<span class=\"elementor-button-content-wrapper\">\n\t\t\t\t\t\t<span class=\"elementor-button-icon\">\n\t\t\t\t<i aria-hidden=\"true\" class=\"fas fa-globe\"><\/i>\t\t\t<\/span>\n\t\t\t\t\t\t\t\t\t<span class=\"elementor-button-text\">www.oelde.de<\/span>\n\t\t\t\t\t<\/span>\n\t\t\t\t\t<\/a>\n\t\t\t\t<\/div>\n\t\t\t\t\t\t\t\t<\/div>\n\t\t\t\t<\/div>\n\t\t\t\t\t<\/div>\n\t\t\t\t<\/div>\n\t\t\t\t<div class=\"elementor-element elementor-element-ac49ef7 elementor-widget-divider--view-line elementor-widget elementor-widget-divider\" data-id=\"ac49ef7\" data-element_type=\"widget\" data-e-type=\"widget\" data-widget_type=\"divider.default\">\n\t\t\t\t<div class=\"elementor-widget-container\">\n\t\t\t\t\t\t\t<div class=\"elementor-divider\">\n\t\t\t<span class=\"elementor-divider-separator\">\n\t\t\t\t\t\t<\/span>\n\t\t<\/div>\n\t\t\t\t\t\t<\/div>\n\t\t\t\t<\/div>\n\t\t\t\t<div class=\"elementor-element elementor-element-f1ac047 elementor-widget elementor-widget-heading\" data-id=\"f1ac047\" data-element_type=\"widget\" data-e-type=\"widget\" data-widget_type=\"heading.default\">\n\t\t\t\t<div class=\"elementor-widget-container\">\n\t\t\t\t\t<h2 class=\"elementor-heading-title elementor-size-default\"> Ciudad de Ennigerloh - Compromiso con la sostenibilidad y la cooperaci\u00f3n<\/h2>\t\t\t\t<\/div>\n\t\t\t\t<\/div>\n\t\t\t\t<div class=\"elementor-element elementor-element-4b9c482 elementor-widget elementor-widget-heading\" data-id=\"4b9c482\" data-element_type=\"widget\" data-e-type=\"widget\" data-widget_type=\"heading.default\">\n\t\t\t\t<div class=\"elementor-widget-container\">\n\t\t\t\t\t<h3 class=\"elementor-heading-title elementor-size-default\">Ennigerloh apuesta por la energ\u00eda sostenible mediante la cooperaci\u00f3n municipal<\/h3>\t\t\t\t<\/div>\n\t\t\t\t<\/div>\n\t\t\t\t<div class=\"elementor-element elementor-element-6b2e7ba elementor-widget elementor-widget-text-editor\" data-id=\"6b2e7ba\" data-element_type=\"widget\" data-e-type=\"widget\" data-widget_type=\"text-editor.default\">\n\t\t\t\t<div class=\"elementor-widget-container\">\n\t\t\t\t\t\t\t\t\t<p data-start=\"1093\" data-end=\"1359\">La ciudad de Ennigerloh tambi\u00e9n ha sido un socio fiable en la planificaci\u00f3n y realizaci\u00f3n del parque solar desde el principio. Con su apertura a los proyectos de energ\u00edas renovables y su compromiso municipal, desempe\u00f1\u00f3 un papel clave en la configuraci\u00f3n del desarrollo del proyecto.<\/p><p data-start=\"1361\" data-end=\"1694\">Bajo el liderazgo del alcalde Berthold L\u00fclf, se apoy\u00f3 activamente el enfoque intermunicipal. La ciudad envi\u00f3 se\u00f1ales claras en favor de la cooperaci\u00f3n regional, el desarrollo sostenible de los emplazamientos y la responsabilidad hacia las generaciones futuras.<br data-start=\"1607\" data-end=\"1610\" \/>El resultado: un proyecto de \u00e9xito que repercute m\u00e1s all\u00e1 de los l\u00edmites de la ciudad.<\/p>\t\t\t\t\t\t\t\t<\/div>\n\t\t\t\t<\/div>\n\t\t\t\t<div class=\"elementor-element elementor-element-0baa0a0 elementor-widget elementor-widget-image\" data-id=\"0baa0a0\" data-element_type=\"widget\" data-e-type=\"widget\" data-widget_type=\"image.default\">\n\t\t\t\t<div class=\"elementor-widget-container\">\n\t\t\t\t\t\t\t\t\t\t\t\t<figure class=\"wp-caption\">\n\t\t\t\t\t\t\t\t\t\t<img decoding=\"async\" src=\"https:\/\/faber-etec.de\/wp-content\/uploads\/sites\/3\/elementor\/thumbs\/ennigerloh-windmuehle-muensterland-r7fzttj60sm4q917ckfqalbb2w0fwhnsuur82qgubg.avif\" title=\"Molino de viento de Ennigerloh, s\u00edmbolo de la regi\u00f3n de M\u00fcnsterland\" alt=\"El hist\u00f3rico molino de viento de Ennigerloh, en M\u00fcnsterland, soleado\" loading=\"lazy\" \/>\t\t\t\t\t\t\t\t\t\t\t<figcaption class=\"widget-image-caption wp-caption-text\">El molino de viento de Ennigerloh simboliza la conexi\u00f3n de la ciudad con su historia regional y el paisaje cultural natural de M\u00fcnsterland. Marcus Retkowietz<\/figcaption>\n\t\t\t\t\t\t\t\t\t\t<\/figure>\n\t\t\t\t\t\t\t\t\t<\/div>\n\t\t\t\t<\/div>\n\t\t<div class=\"elementor-element elementor-element-8f4e5bd e-flex e-con-boxed e-con e-child\" data-id=\"8f4e5bd\" data-element_type=\"container\" data-e-type=\"container\">\n\t\t\t\t\t<div class=\"e-con-inner\">\n\t\t\t\t<div class=\"elementor-element elementor-element-fdfcee3 elementor-widget elementor-widget-button\" data-id=\"fdfcee3\" data-element_type=\"widget\" data-e-type=\"widget\" data-widget_type=\"button.default\">\n\t\t\t\t<div class=\"elementor-widget-container\">\n\t\t\t\t\t\t\t\t\t<div class=\"elementor-button-wrapper\">\n\t\t\t\t\t<a class=\"elementor-button elementor-button-link elementor-size-sm\" href=\"https:\/\/maps.app.goo.gl\/FXfE3xx74YtB9GnG8\" title=\"FXfE3xx74YtB9GnG8 - Mapa de Google - Ennigerloh\" target=\"_blank\" rel=\"noopener\">\n\t\t\t\t\t\t<span class=\"elementor-button-content-wrapper\">\n\t\t\t\t\t\t<span class=\"elementor-button-icon\">\n\t\t\t\t<i aria-hidden=\"true\" class=\"fas fa-map-marker-alt\"><\/i>\t\t\t<\/span>\n\t\t\t\t\t\t\t\t\t<span class=\"elementor-button-text\">Mapa de Google - Ennigerloh <\/span>\n\t\t\t\t\t<\/span>\n\t\t\t\t\t<\/a>\n\t\t\t\t<\/div>\n\t\t\t\t\t\t\t\t<\/div>\n\t\t\t\t<\/div>\n\t\t\t\t<div class=\"elementor-element elementor-element-c640f99 elementor-widget elementor-widget-button\" data-id=\"c640f99\" data-element_type=\"widget\" data-e-type=\"widget\" data-widget_type=\"button.default\">\n\t\t\t\t<div class=\"elementor-widget-container\">\n\t\t\t\t\t\t\t\t\t<div class=\"elementor-button-wrapper\">\n\t\t\t\t\t<a class=\"elementor-button elementor-button-link elementor-size-sm\" href=\"https:\/\/www.ennigerloh.de\/\" title=\" - www.ennigerloh.de\" target=\"_blank\" rel=\"noopener\">\n\t\t\t\t\t\t<span class=\"elementor-button-content-wrapper\">\n\t\t\t\t\t\t<span class=\"elementor-button-icon\">\n\t\t\t\t<i aria-hidden=\"true\" class=\"fas fa-globe\"><\/i>\t\t\t<\/span>\n\t\t\t\t\t\t\t\t\t<span class=\"elementor-button-text\">www.ennigerloh.de<\/span>\n\t\t\t\t\t<\/span>\n\t\t\t\t\t<\/a>\n\t\t\t\t<\/div>\n\t\t\t\t\t\t\t\t<\/div>\n\t\t\t\t<\/div>\n\t\t\t\t\t<\/div>\n\t\t\t\t<\/div>\n\t\t\t\t<\/div>\n\t\t\t\t<\/div>","protected":false},"excerpt":{"rendered":"<p>Se ha conectado a la red un nuevo parque solar entre Oelde y Ennigerloh, un claro ejemplo de cooperaci\u00f3n fruct\u00edfera a nivel municipal, t\u00e9cnico y de proyecto.<\/p>","protected":false},"author":2,"featured_media":15831,"comment_status":"closed","ping_status":"open","sticky":false,"template":"","format":"standard","meta":{"_acf_changed":false,"footnotes":""},"categories":[1,58],"tags":[74,71,73,72],"class_list":["post-15830","post","type-post","status-publish","format-standard","has-post-thumbnail","hentry","category-news","category-events","tag-ennigerloh","tag-lichtblick","tag-oelde","tag-solarblick"],"acf":[],"_links":{"self":[{"href":"https:\/\/faber-etec.de\/es\/wp-json\/wp\/v2\/posts\/15830","targetHints":{"allow":["GET"]}}],"collection":[{"href":"https:\/\/faber-etec.de\/es\/wp-json\/wp\/v2\/posts"}],"about":[{"href":"https:\/\/faber-etec.de\/es\/wp-json\/wp\/v2\/types\/post"}],"author":[{"embeddable":true,"href":"https:\/\/faber-etec.de\/es\/wp-json\/wp\/v2\/users\/2"}],"replies":[{"embeddable":true,"href":"https:\/\/faber-etec.de\/es\/wp-json\/wp\/v2\/comments?post=15830"}],"version-history":[{"count":39,"href":"https:\/\/faber-etec.de\/es\/wp-json\/wp\/v2\/posts\/15830\/revisions"}],"predecessor-version":[{"id":16214,"href":"https:\/\/faber-etec.de\/es\/wp-json\/wp\/v2\/posts\/15830\/revisions\/16214"}],"wp:featuredmedia":[{"embeddable":true,"href":"https:\/\/faber-etec.de\/es\/wp-json\/wp\/v2\/media\/15831"}],"wp:attachment":[{"href":"https:\/\/faber-etec.de\/es\/wp-json\/wp\/v2\/media?parent=15830"}],"wp:term":[{"taxonomy":"category","embeddable":true,"href":"https:\/\/faber-etec.de\/es\/wp-json\/wp\/v2\/categories?post=15830"},{"taxonomy":"post_tag","embeddable":true,"href":"https:\/\/faber-etec.de\/es\/wp-json\/wp\/v2\/tags?post=15830"}],"curies":[{"name":"wp","href":"https:\/\/api.w.org\/{rel}","templated":true}]}}