{"id":15995,"date":"2025-10-27T20:21:09","date_gmt":"2025-10-27T19:21:09","guid":{"rendered":"https:\/\/faber-etec.de\/?p=15995"},"modified":"2025-10-27T22:39:15","modified_gmt":"2025-10-27T21:39:15","slug":"solarfeld-in-roedinghausen","status":"publish","type":"post","link":"https:\/\/faber-etec.de\/es\/news\/solarfeld-in-roedinghausen\/","title":{"rendered":"Nuevo campo solar en R\u00f6dinghausen-Bruchm\u00fchlen: Energ\u00eda sostenible a la vuelta de la esquina"},"content":{"rendered":"<div data-elementor-type=\"wp-post\" data-elementor-id=\"15995\" class=\"elementor elementor-15995\" data-elementor-post-type=\"post\">\n\t\t\t\t<div class=\"elementor-element elementor-element-aea8630 e-con-full e-flex e-con e-parent\" data-id=\"aea8630\" data-element_type=\"container\" data-e-type=\"container\">\n\t\t\t\t<div class=\"elementor-element elementor-element-91938fd elementor-widget elementor-widget-heading\" data-id=\"91938fd\" data-element_type=\"widget\" data-e-type=\"widget\" data-widget_type=\"heading.default\">\n\t\t\t\t<div class=\"elementor-widget-container\">\n\t\t\t\t\t<h2 class=\"elementor-heading-title elementor-size-default\">Sistema fotovoltaico en suelo y transformador<\/h2>\t\t\t\t<\/div>\n\t\t\t\t<\/div>\n\t\t\t\t<div class=\"elementor-element elementor-element-d85cddc elementor-widget elementor-widget-text-editor\" data-id=\"d85cddc\" data-element_type=\"widget\" data-e-type=\"widget\" data-widget_type=\"text-editor.default\">\n\t\t\t\t<div class=\"elementor-widget-container\">\n\t\t\t\t\t\t\t\t\t<p>En R\u00f6dinghausen-Bruchm\u00fchlen se est\u00e1 construyendo una nueva planta fotovoltaica sobre suelo con una potencia nominal de 3.234 kilovatios. En una superficie de unas 2,5 hect\u00e1reas a lo largo de la v\u00eda f\u00e9rrea en \u201eSchwarzer Weg\u201c, el grupo Faber Energy de B\u00fcnde est\u00e1 construyendo una planta que podr\u00e1 suministrar anualmente electricidad respetuosa con el medio ambiente a unas 711 viviendas unifamiliares.<\/p><p data-start=\"457\" data-end=\"746\">Un sistema moderno de suministro el\u00e9ctrico garantiza que la electricidad generada se vierta a la red de forma eficiente. <strong data-start=\"528\" data-end=\"552\">Centro de transformaci\u00f3n compacto<\/strong>, perfectamente adaptada a las necesidades de <strong data-start=\"592\" data-end=\"627\">Sistemas fotovoltaicos en suelo<\/strong> est\u00e1 armonizada.<br data-start=\"643\" data-end=\"646\" \/>La energ\u00eda se genera directamente in situ mediante un <strong data-start=\"691\" data-end=\"707\">Centro de transformaci\u00f3n<\/strong> a la red p\u00fablica.<\/p>\t\t\t\t\t\t\t\t<\/div>\n\t\t\t\t<\/div>\n\t\t\t\t<div class=\"elementor-element elementor-element-88bce4a elementor-align-left elementor-widget elementor-widget-button\" data-id=\"88bce4a\" data-element_type=\"widget\" data-e-type=\"widget\" data-widget_type=\"button.default\">\n\t\t\t\t<div class=\"elementor-widget-container\">\n\t\t\t\t\t\t\t\t\t<div class=\"elementor-button-wrapper\">\n\t\t\t\t\t<a class=\"elementor-button elementor-button-link elementor-size-sm\" href=\"https:\/\/www.roedinghausen.de\/Kurzmen%C3%BC\/Startseite\/Nachhaltige-Energieversorgung-Neues-Solarfeld-in-Bruchm%C3%BChlen.php?object=tx,3463.190&#038;ModID=7&#038;FID=3463.1039.1&#038;NavID=3463.1&#038;La=1&#038;NavID=3463.34\" title=\"Nachhaltige Energieversorgung Neues Solarfeld In Bruchm%C3%BChlen.php - Originalartikel der Stadt R\u00f6dinghausen\" target=\"_blank\" rel=\"noopener\">\n\t\t\t\t\t\t<span class=\"elementor-button-content-wrapper\">\n\t\t\t\t\t\t<span class=\"elementor-button-icon\">\n\t\t\t\t<i aria-hidden=\"true\" class=\"fas fa-link\"><\/i>\t\t\t<\/span>\n\t\t\t\t\t\t\t\t\t<span class=\"elementor-button-text\">Art\u00edculo original de la ciudad de R\u00f6dinghausen<\/span>\n\t\t\t\t\t<\/span>\n\t\t\t\t\t<\/a>\n\t\t\t\t<\/div>\n\t\t\t\t\t\t\t\t<\/div>\n\t\t\t\t<\/div>\n\t\t\t\t<div class=\"elementor-element elementor-element-41210e1 elementor-widget elementor-widget-image\" data-id=\"41210e1\" data-element_type=\"widget\" data-e-type=\"widget\" data-widget_type=\"image.default\">\n\t\t\t\t<div class=\"elementor-widget-container\">\n\t\t\t\t\t\t\t\t\t\t\t\t<figure class=\"wp-caption\">\n\t\t\t\t\t\t\t\t\t\t<img decoding=\"async\" src=\"https:\/\/faber-etec.de\/wp-content\/uploads\/sites\/3\/elementor\/thumbs\/faber-e-tec-trafo-kompaktstation-pv-anlage-roedinghausen-rdu60wq9rb1oywhdnojkzak998ty4m99rbfpo08oeg.webp\" title=\"Estaci\u00f3n transformadora Faber E-Tec cerca de R\u00f6dinghausen\" alt=\"Estaci\u00f3n transformadora Faber E-Tec bajo un cielo azul en una instalaci\u00f3n solar sobre suelo en R\u00f6dinghausen\" loading=\"lazy\" \/>\t\t\t\t\t\t\t\t\t\t\t<figcaption class=\"widget-image-caption wp-caption-text\">Estaci\u00f3n compacta Faber E-Tec para instalaci\u00f3n fotovoltaica en suelo en R\u00f6dinghausen<\/figcaption>\n\t\t\t\t\t\t\t\t\t\t<\/figure>\n\t\t\t\t\t\t\t\t\t<\/div>\n\t\t\t\t<\/div>\n\t\t\t\t<div class=\"elementor-element elementor-element-8da179e elementor-widget elementor-widget-heading\" data-id=\"8da179e\" data-element_type=\"widget\" data-e-type=\"widget\" data-widget_type=\"heading.default\">\n\t\t\t\t<div class=\"elementor-widget-container\">\n\t\t\t\t\t<h3 class=\"elementor-heading-title elementor-size-default\">Creaci\u00f3n de valor regional y suministro energ\u00e9tico<\/h3>\t\t\t\t<\/div>\n\t\t\t\t<\/div>\n\t\t\t\t<div class=\"elementor-element elementor-element-133b89e elementor-widget elementor-widget-text-editor\" data-id=\"133b89e\" data-element_type=\"widget\" data-e-type=\"widget\" data-widget_type=\"text-editor.default\">\n\t\t\t\t<div class=\"elementor-widget-container\">\n\t\t\t\t\t\t\t\t\t<p>\u201eLa planta solar de R\u00f6dinghausen, justo en nuestra puerta, no es nuestro mayor proyecto, pero s\u00ed uno muy especial por su proximidad\u201c, afirma el Director General Hermann Kromm.<\/p><p>S\u00f3lo unos minutos separan el emplazamiento de la sede de la empresa en B\u00fcnde, donde se planifican las plantas solares, se dise\u00f1an las conexiones a la red, se vierten las estaciones de hormig\u00f3n y se construyen los equipos de conmutaci\u00f3n. La mayor parte del valor a\u00f1adido se crea en la regi\u00f3n: desde el desarrollo del proyecto hasta la preparaci\u00f3n de la construcci\u00f3n y la instalaci\u00f3n, el proyecto es realizado \u00edntegramente por el equipo de B\u00fcnde. Los montadores tambi\u00e9n trabajan permanentemente para Faber Energy Group.<\/p><p>Todo el proceso de creaci\u00f3n de valor -desde la planificaci\u00f3n hasta la conexi\u00f3n a la red- tiene lugar a escala regional, con el apoyo de nuestras estaciones compactas de producci\u00f3n propia.<br data-start=\"964\" data-end=\"967\" \/>Cada centro de transformaci\u00f3n de Faber E-Tec es sin\u00f3nimo de calidad, precisi\u00f3n y un suministro fiable de energ\u00eda fabricado en Alemania.<\/p>\t\t\t\t\t\t\t\t<\/div>\n\t\t\t\t<\/div>\n\t\t\t\t<div class=\"elementor-element elementor-element-2426179 elementor-widget elementor-widget-image\" data-id=\"2426179\" data-element_type=\"widget\" data-e-type=\"widget\" data-widget_type=\"image.default\">\n\t\t\t\t<div class=\"elementor-widget-container\">\n\t\t\t\t\t\t\t\t\t\t\t\t<figure class=\"wp-caption\">\n\t\t\t\t\t\t\t\t\t\t<img decoding=\"async\" src=\"https:\/\/faber-etec.de\/wp-content\/uploads\/sites\/3\/elementor\/thumbs\/freiflaechen-photovoltaikanlage-roedinghausen-rdu61l62ozz5crhvoz3vs4e8p9hhoqyaioec578fwo.webp\" title=\"Campo fotovoltaico R\u00f6dinghausen\" alt=\"Campo fotovoltaico con m\u00f3dulos solares montados en una zona verde de R\u00f6dinghausen\" loading=\"lazy\" \/>\t\t\t\t\t\t\t\t\t\t\t<figcaption class=\"widget-image-caption wp-caption-text\">Instalaci\u00f3n sobre suelo del Faber Energy Group en R\u00f6dinghausen<\/figcaption>\n\t\t\t\t\t\t\t\t\t\t<\/figure>\n\t\t\t\t\t\t\t\t\t<\/div>\n\t\t\t\t<\/div>\n\t\t\t\t<div class=\"elementor-element elementor-element-0f5681d elementor-widget elementor-widget-heading\" data-id=\"0f5681d\" data-element_type=\"widget\" data-e-type=\"widget\" data-widget_type=\"heading.default\">\n\t\t\t\t<div class=\"elementor-widget-container\">\n\t\t\t\t\t<h3 class=\"elementor-heading-title elementor-size-default\">Tres millones de kilovatios hora de electricidad verde al a\u00f1o<\/h3>\t\t\t\t<\/div>\n\t\t\t\t<\/div>\n\t\t\t\t<div class=\"elementor-element elementor-element-952e8bb elementor-widget elementor-widget-text-editor\" data-id=\"952e8bb\" data-element_type=\"widget\" data-e-type=\"widget\" data-widget_type=\"text-editor.default\">\n\t\t\t\t<div class=\"elementor-widget-container\">\n\t\t\t\t\t\t\t\t\t<p>A partir del a\u00f1o que viene, la planta generar\u00e1 unos 3 millones de kilovatios hora de electricidad verde al a\u00f1o. La conexi\u00f3n a la red se prev\u00e9 para noviembre de 2025.<\/p><p>Tambi\u00e9n est\u00e1 previsto instalar un sistema de almacenamiento de bater\u00edas con una capacidad de m\u00e1s de 6 megavatios hora, m\u00e1s de 60 veces la capacidad de una bater\u00eda de coche el\u00e9ctrico grande.<br \/>Esto garantiza un suministro de energ\u00eda estable y eficiente.<\/p><p>El sistema se basa en una potente estaci\u00f3n transformadora compacta de Faber E-Tec para garantizar que la electricidad verde generada pueda transmitirse de forma eficiente y segura. Esto garantiza una tensi\u00f3n estable y la m\u00e1xima fiabilidad operativa en toda la red.<\/p>\t\t\t\t\t\t\t\t<\/div>\n\t\t\t\t<\/div>\n\t\t\t\t<div class=\"elementor-element elementor-element-bb3388b elementor-widget elementor-widget-image\" data-id=\"bb3388b\" data-element_type=\"widget\" data-e-type=\"widget\" data-widget_type=\"image.default\">\n\t\t\t\t<div class=\"elementor-widget-container\">\n\t\t\t\t\t\t\t\t\t\t\t\t<figure class=\"wp-caption\">\n\t\t\t\t\t\t\t\t\t\t<img decoding=\"async\" src=\"https:\/\/faber-etec.de\/wp-content\/uploads\/sites\/3\/elementor\/thumbs\/made-in-germany-faber-energy-group-pv-roedinghausen-rdu61qt3u06vaf9os1jn72z09kpoyxkojgb90v02vc.webp\" title=\"Sistema fotovoltaico Made in Germany y estaci\u00f3n transformadora compacta\" alt=\"Made in Germany - Instalaci\u00f3n fotovoltaica de Faber Energy Group en R\u00f6dinghausen\" loading=\"lazy\" \/>\t\t\t\t\t\t\t\t\t\t\t<figcaption class=\"widget-image-caption wp-caption-text\">Tecnolog\u00eda fotovoltaica de fabricaci\u00f3n regional y sistema de transformador compacto \u201eMade in Germany\u201c.\u201c<\/figcaption>\n\t\t\t\t\t\t\t\t\t\t<\/figure>\n\t\t\t\t\t\t\t\t\t<\/div>\n\t\t\t\t<\/div>\n\t\t\t\t<div class=\"elementor-element elementor-element-a3349f5 elementor-widget elementor-widget-heading\" data-id=\"a3349f5\" data-element_type=\"widget\" data-e-type=\"widget\" data-widget_type=\"heading.default\">\n\t\t\t\t<div class=\"elementor-widget-container\">\n\t\t\t\t\t<h3 class=\"elementor-heading-title elementor-size-default\">Importancia para el municipio de R\u00f6dinghausen<\/h3>\t\t\t\t<\/div>\n\t\t\t\t<\/div>\n\t\t\t\t<div class=\"elementor-element elementor-element-3df4871 elementor-widget elementor-widget-text-editor\" data-id=\"3df4871\" data-element_type=\"widget\" data-e-type=\"widget\" data-widget_type=\"text-editor.default\">\n\t\t\t\t<div class=\"elementor-widget-container\">\n\t\t\t\t\t\t\t\t\t<p>\u201eEste sistema fotovoltaico montado en el suelo es un importante proyecto piloto para el uso eficiente de las energ\u00edas renovables\u201c, subraya el alcalde Siegfried Lux. El municipio apoya el proyecto con el equivalente a 5.000 unidades de valor ecol\u00f3gico, aprobadas por la Comisi\u00f3n de Medio Ambiente, Clima y Movilidad.<\/p><p>Se plantar\u00e1 un seto en direcci\u00f3n a las zonas residenciales para marcar el l\u00edmite, se ajardinar\u00e1 la zona y se tomar\u00e1n medidas compensatorias directamente en el solar de \u201eSchwarzer Weg\u201c. Para R\u00f6dinghausen, el proyecto no s\u00f3lo significa progreso, sino tambi\u00e9n un refuerzo de la infraestructura regional. El uso de modernos centros de transformaci\u00f3n y estaciones compactas crear\u00e1 una base de futuro para el suministro sostenible de energ\u00eda en la regi\u00f3n.<\/p>\t\t\t\t\t\t\t\t<\/div>\n\t\t\t\t<\/div>\n\t\t\t\t<div class=\"elementor-element elementor-element-1bc36c6 elementor-cta--skin-cover elementor-cta--valign-middle elementor-bg-transform elementor-bg-transform-zoom-in elementor-widget elementor-widget-call-to-action\" data-id=\"1bc36c6\" data-element_type=\"widget\" data-e-type=\"widget\" data-widget_type=\"call-to-action.default\">\n\t\t\t\t<div class=\"elementor-widget-container\">\n\t\t\t\t\t\t\t<div class=\"elementor-cta\">\n\t\t\t\t\t<div class=\"elementor-cta__bg-wrapper\">\n\t\t\t\t<div class=\"elementor-cta__bg elementor-bg\" style=\"background-image: url(https:\/\/faber-etec.de\/wp-content\/uploads\/sites\/3\/2024\/09\/Ladeinfrastruktur-Elektromobilitaet-Trafostation-1024x396.webp);\" role=\"img\" aria-label=\"Centro de transformaci\u00f3n con infraestructura de recarga integrada para veh\u00edculos el\u00e9ctricos\"><\/div>\n\t\t\t\t<div class=\"elementor-cta__bg-overlay\"><\/div>\n\t\t\t<\/div>\n\t\t\t\t\t\t\t<div class=\"elementor-cta__content\">\n\t\t\t\t\n\t\t\t\t\t\t\t\t\t<h4 class=\"elementor-cta__title elementor-cta__content-item elementor-content-item\">\n\t\t\t\t\t\tInfraestructura de recarga\t\t\t\t\t<\/h4>\n\t\t\t\t\n\t\t\t\t\t\t\t\t\t<div class=\"elementor-cta__description elementor-cta__content-item elementor-content-item\">\n\t\t\t\t\t\tNuestras estaciones transformadoras compactas est\u00e1n especialmente dise\u00f1adas para suministrar una infraestructura de recarga fiable y potente para la electromovilidad.\t\t\t\t\t<\/div>\n\t\t\t\t\n\t\t\t\t\t\t\t\t\t<div class=\"elementor-cta__button-wrapper elementor-cta__content-item elementor-content-item\">\n\t\t\t\t\t<a class=\"elementor-cta__button elementor-button elementor-size-\" href=\"https:\/\/faber-etec.de\/es\/e-movilidad\/\" title=\"E Mobilitaet - Centros de transformaci\u00f3n para la movilidad el\u00e9ctrica\">\n\t\t\t\t\t\tCentros de transformaci\u00f3n para la movilidad el\u00e9ctrica <i aria-hidden=\"true\" class=\"fas fa-angle-right\"><\/i>\t\t\t\t\t<\/a>\n\t\t\t\t\t<\/div>\n\t\t\t\t\t\t\t<\/div>\n\t\t\t\t\t\t<\/div>\n\t\t\t\t\t\t<\/div>\n\t\t\t\t<\/div>\n\t\t\t\t<div class=\"elementor-element elementor-element-c1dc583 elementor-widget elementor-widget-text-editor\" data-id=\"c1dc583\" data-element_type=\"widget\" data-e-type=\"widget\" data-widget_type=\"text-editor.default\">\n\t\t\t\t<div class=\"elementor-widget-container\">\n\t\t\t\t\t\t\t\t\t<p>Nuestros centros de transformaci\u00f3n de movilidad el\u00e9ctrica est\u00e1n especialmente dise\u00f1ados para suministrar energ\u00eda de forma fiable a infraestructuras de carga de cualquier tama\u00f1o. Ya se trate de un parque de carga r\u00e1pida o de las instalaciones de una empresa, cada centro de transformaci\u00f3n Kompakt se adapta a las necesidades energ\u00e9ticas.<\/p>\t\t\t\t\t\t\t\t<\/div>\n\t\t\t\t<\/div>\n\t\t\t\t<div class=\"elementor-element elementor-element-dbc7c28 elementor-widget-divider--view-line elementor-widget elementor-widget-divider\" data-id=\"dbc7c28\" data-element_type=\"widget\" data-e-type=\"widget\" data-widget_type=\"divider.default\">\n\t\t\t\t<div class=\"elementor-widget-container\">\n\t\t\t\t\t\t\t<div class=\"elementor-divider\">\n\t\t\t<span class=\"elementor-divider-separator\">\n\t\t\t\t\t\t<\/span>\n\t\t<\/div>\n\t\t\t\t\t\t<\/div>\n\t\t\t\t<\/div>\n\t\t\t\t<div class=\"elementor-element elementor-element-3993809 elementor-widget elementor-widget-image\" data-id=\"3993809\" data-element_type=\"widget\" data-e-type=\"widget\" data-widget_type=\"image.default\">\n\t\t\t\t<div class=\"elementor-widget-container\">\n\t\t\t\t\t\t\t\t\t\t\t\t<figure class=\"wp-caption\">\n\t\t\t\t\t\t\t\t\t\t<img decoding=\"async\" src=\"https:\/\/faber-etec.de\/wp-content\/uploads\/sites\/3\/elementor\/thumbs\/montage-pv-module-faber-solartechnik-roedinghausen-rdu6223640mb5qtay6f6104je763jatgl052s6jcso.webp\" title=\"Montaje fotovoltaico R\u00f6dinghausen\" alt=\"Un montador de Faber Solartechnik instala un m\u00f3dulo solar en R\u00f6dinghausen\" loading=\"lazy\" \/>\t\t\t\t\t\t\t\t\t\t\t<figcaption class=\"widget-image-caption wp-caption-text\">Instalaci\u00f3n profesional de m\u00f3dulos solares por Faber Solartechnik<\/figcaption>\n\t\t\t\t\t\t\t\t\t\t<\/figure>\n\t\t\t\t\t\t\t\t\t<\/div>\n\t\t\t\t<\/div>\n\t\t\t\t<div class=\"elementor-element elementor-element-942924b elementor-widget elementor-widget-heading\" data-id=\"942924b\" data-element_type=\"widget\" data-e-type=\"widget\" data-widget_type=\"heading.default\">\n\t\t\t\t<div class=\"elementor-widget-container\">\n\t\t\t\t\t<h3 class=\"elementor-heading-title elementor-size-default\">Tecnolog\u00eda de B\u00fcnde: Faber E-Tec y Faber Solartechnik en acci\u00f3n<\/h3>\t\t\t\t<\/div>\n\t\t\t\t<\/div>\n\t\t\t\t<div class=\"elementor-element elementor-element-3a4e590 elementor-widget elementor-widget-text-editor\" data-id=\"3a4e590\" data-element_type=\"widget\" data-e-type=\"widget\" data-widget_type=\"text-editor.default\">\n\t\t\t\t<div class=\"elementor-widget-container\">\n\t\t\t\t\t\t\t\t\t<p>En este proyecto, los componentes t\u00e9cnicos y las instalaciones proceden de nuestras propias filas:<\/p><ul><li>Faber E-Tec suministra los centros de transformaci\u00f3n compactos y la tecnolog\u00eda de conmutaci\u00f3n,<\/li><li>Faber Solartechnik realiza la instalaci\u00f3n de los m\u00f3dulos fotovoltaicos,<\/li><li>El Faber Energy Group es responsable de la planificaci\u00f3n y gesti\u00f3n de proyectos.<\/li><\/ul><p><br \/>Esto significa que toda la infraestructura energ\u00e9tica, desde el sistema fotovoltaico hasta la estaci\u00f3n transformadora y la conexi\u00f3n a la red, se realiza a partir de un \u00fanico proveedor. Para la implementaci\u00f3n se utilizan soluciones probadas de B\u00fcnde: Faber E-Tec suministra las estaciones transformadoras compactas y la tecnolog\u00eda de conmutaci\u00f3n, mientras que Faber Solartechnik realiza la instalaci\u00f3n fotovoltaica. El resultado son soluciones completas con una tecnolog\u00eda de estaciones compactas perfectamente armonizada.<\/p>\t\t\t\t\t\t\t\t<\/div>\n\t\t\t\t<\/div>\n\t\t\t\t<div class=\"elementor-element elementor-element-290b366 elementor-widget elementor-widget-image\" data-id=\"290b366\" data-element_type=\"widget\" data-e-type=\"widget\" data-widget_type=\"image.default\">\n\t\t\t\t<div class=\"elementor-widget-container\">\n\t\t\t\t\t\t\t\t\t\t\t\t<figure class=\"wp-caption\">\n\t\t\t\t\t\t\t\t\t\t<img decoding=\"async\" src=\"https:\/\/faber-etec.de\/wp-content\/uploads\/sites\/3\/elementor\/thumbs\/faber-solartechnik-trafoinstallation-roedinghausen-rdu61el7d5q53hrfre9hso20jkdx6v865rtxs9i748.webp\" title=\"Instalaci\u00f3n de una estaci\u00f3n transformadora compacta en R\u00f6dinghausen\" alt=\"Instalaci\u00f3n fotovoltaica sobre suelo en R\u00f6dinghausen - instalaci\u00f3n de una estaci\u00f3n transformadora compacta por Faber Solartechnik\" loading=\"lazy\" \/>\t\t\t\t\t\t\t\t\t\t\t<figcaption class=\"widget-image-caption wp-caption-text\">Instalaci\u00f3n de la estaci\u00f3n transformadora por Faber Solartechnik en R\u00f6dinghausen<\/figcaption>\n\t\t\t\t\t\t\t\t\t\t<\/figure>\n\t\t\t\t\t\t\t\t\t<\/div>\n\t\t\t\t<\/div>\n\t\t\t\t<div class=\"elementor-element elementor-element-e16096c elementor-widget elementor-widget-image\" data-id=\"e16096c\" data-element_type=\"widget\" data-e-type=\"widget\" data-widget_type=\"image.default\">\n\t\t\t\t<div class=\"elementor-widget-container\">\n\t\t\t\t\t\t\t\t\t\t\t\t<figure class=\"wp-caption\">\n\t\t\t\t\t\t\t\t\t\t<img decoding=\"async\" src=\"https:\/\/faber-etec.de\/wp-content\/uploads\/sites\/3\/elementor\/thumbs\/pv-anlage-roedinghausen-faber-energy-group-rdu628o1fuvbf0jqvr9k0ggrjw9o16jkxwph549ll4.webp\" title=\"Campo solar de R\u00f6dinghausen\" alt=\"Sistema fotovoltaico a gran escala de Faber Energy Group en R\u00f6dinghausen\" loading=\"lazy\" \/>\t\t\t\t\t\t\t\t\t\t\t<figcaption class=\"widget-image-caption wp-caption-text\">Faber Energy Group construye una gran planta de producci\u00f3n sostenible de electricidad<\/figcaption>\n\t\t\t\t\t\t\t\t\t\t<\/figure>\n\t\t\t\t\t\t\t\t\t<\/div>\n\t\t\t\t<\/div>\n\t\t\t\t<div class=\"elementor-element elementor-element-a859900 elementor-widget elementor-widget-heading\" data-id=\"a859900\" data-element_type=\"widget\" data-e-type=\"widget\" data-widget_type=\"heading.default\">\n\t\t\t\t<div class=\"elementor-widget-container\">\n\t\t\t\t\t<h3 class=\"elementor-heading-title elementor-size-default\">Perspectivas: Energ\u00eda para los pr\u00f3ximos 30 a\u00f1os<\/h3>\t\t\t\t<\/div>\n\t\t\t\t<\/div>\n\t\t\t\t<div class=\"elementor-element elementor-element-e907bb1 elementor-widget elementor-widget-text-editor\" data-id=\"e907bb1\" data-element_type=\"widget\" data-e-type=\"widget\" data-widget_type=\"text-editor.default\">\n\t\t\t\t<div class=\"elementor-widget-container\">\n\t\t\t\t\t\t\t\t\t<p>\u201eEl almacenamiento en bater\u00edas es absolutamente esencial para compensar las fluctuaciones en la generaci\u00f3n de electricidad\u201c, explica el Director Gerente Hermann Kromm. Una vez conectado a la red, se espera que el sistema suministre electricidad limpia durante al menos 30 a\u00f1os, lo que supondr\u00e1 una valiosa contribuci\u00f3n a la transici\u00f3n energ\u00e9tica regional.<br \/><br \/>Seguiremos apostando por las estaciones transformadoras de \u00faltima generaci\u00f3n y las estaciones compactas, dise\u00f1adas para un funcionamiento fiable durante d\u00e9cadas. Cada centro de transformaci\u00f3n compacto est\u00e1 dise\u00f1ado de forma que pueda ampliarse con flexibilidad y adaptarse a nuevas necesidades energ\u00e9ticas.<\/p>\t\t\t\t\t\t\t\t<\/div>\n\t\t\t\t<\/div>\n\t\t\t\t<div class=\"elementor-element elementor-element-dae8c1d elementor-widget elementor-widget-image\" data-id=\"dae8c1d\" data-element_type=\"widget\" data-e-type=\"widget\" data-widget_type=\"image.default\">\n\t\t\t\t<div class=\"elementor-widget-container\">\n\t\t\t\t\t\t\t\t\t\t\t\t<figure class=\"wp-caption\">\n\t\t\t\t\t\t\t\t\t\t<img decoding=\"async\" src=\"https:\/\/faber-etec.de\/wp-content\/uploads\/sites\/3\/elementor\/thumbs\/solarpaneele-freiflaechenanlage-roedinghausen-rdu62eb2kv31cobjytpbff1j47hvbd5yyome0s18js.webp\" title=\"M\u00f3dulos fotovoltaicos R\u00f6dinghausen\" alt=\"M\u00f3dulos fotovoltaicos en la estructura met\u00e1lica del sistema de montaje en suelo de R\u00f6dinghausen\" loading=\"lazy\" \/>\t\t\t\t\t\t\t\t\t\t\t<figcaption class=\"widget-image-caption wp-caption-text\">M\u00f3dulos solares de la instalaci\u00f3n en suelo de R\u00f6dinghausen<\/figcaption>\n\t\t\t\t\t\t\t\t\t\t<\/figure>\n\t\t\t\t\t\t\t\t\t<\/div>\n\t\t\t\t<\/div>\n\t\t\t\t<div class=\"elementor-element elementor-element-d3035dc elementor-widget-divider--view-line elementor-widget elementor-widget-divider\" data-id=\"d3035dc\" data-element_type=\"widget\" data-e-type=\"widget\" data-widget_type=\"divider.default\">\n\t\t\t\t<div class=\"elementor-widget-container\">\n\t\t\t\t\t\t\t<div class=\"elementor-divider\">\n\t\t\t<span class=\"elementor-divider-separator\">\n\t\t\t\t\t\t<\/span>\n\t\t<\/div>\n\t\t\t\t\t\t<\/div>\n\t\t\t\t<\/div>\n\t\t\t\t<div class=\"elementor-element elementor-element-6654162 elementor-widget elementor-widget-heading\" data-id=\"6654162\" data-element_type=\"widget\" data-e-type=\"widget\" data-widget_type=\"heading.default\">\n\t\t\t\t<div class=\"elementor-widget-container\">\n\t\t\t\t\t<h2 class=\"elementor-heading-title elementor-size-default\">Comprar estaci\u00f3n transformadora compacta<\/h2>\t\t\t\t<\/div>\n\t\t\t\t<\/div>\n\t\t\t\t<div class=\"elementor-element elementor-element-114bf74 elementor-widget elementor-widget-text-editor\" data-id=\"114bf74\" data-element_type=\"widget\" data-e-type=\"widget\" data-widget_type=\"text-editor.default\">\n\t\t\t\t<div class=\"elementor-widget-container\">\n\t\t\t\t\t\t\t\t\t<p data-start=\"471\" data-end=\"797\">En Faber E-Tec desarrollamos y fabricamos <strong>Centros de transformaci\u00f3n<\/strong> y <strong>Centros de transformaci\u00f3n compactos<\/strong>, dise\u00f1ado para casi todos los escenarios y todas las aplicaciones energ\u00e9ticas: desde parques fotovoltaicos y e\u00f3licos hasta plantas industriales y proyectos de movilidad el\u00e9ctrica, pasando por <strong>BESS<\/strong>-sistemas (<strong>Sistemas de almacenamiento de energ\u00eda en bater\u00edas<\/strong>).<\/p><p data-start=\"799\" data-end=\"987\">Nuestras soluciones se planifican individualmente, se entregan listas para su instalaci\u00f3n y garantizan la m\u00e1xima fiabilidad - Made in Germany, from the <strong>Media tensi\u00f3n<\/strong> hasta la \u00faltima conexi\u00f3n de enchufe.<\/p>\t\t\t\t\t\t\t\t<\/div>\n\t\t\t\t<\/div>\n\t\t\t\t<div class=\"elementor-element elementor-element-179a70c elementor-cta--skin-cover elementor-cta--valign-middle elementor-bg-transform elementor-bg-transform-zoom-in elementor-widget elementor-widget-call-to-action\" data-id=\"179a70c\" data-element_type=\"widget\" data-e-type=\"widget\" data-widget_type=\"call-to-action.default\">\n\t\t\t\t<div class=\"elementor-widget-container\">\n\t\t\t\t\t\t\t<div class=\"elementor-cta\">\n\t\t\t\t\t<div class=\"elementor-cta__bg-wrapper\">\n\t\t\t\t<div class=\"elementor-cta__bg elementor-bg\" style=\"background-image: url(https:\/\/faber-etec.de\/wp-content\/uploads\/sites\/3\/2025\/02\/Solartechnik-in-der-Region-NRW-_r1_c1-1024x443.jpg);\" role=\"img\" aria-label=\"Trabajadores cualificados montan una estaci\u00f3n transformadora en una nave de producci\u00f3n con una gr\u00faa.\"><\/div>\n\t\t\t\t<div class=\"elementor-cta__bg-overlay\"><\/div>\n\t\t\t<\/div>\n\t\t\t\t\t\t\t<div class=\"elementor-cta__content\">\n\t\t\t\t\n\t\t\t\t\t\t\t\t\t<h4 class=\"elementor-cta__title elementor-cta__content-item elementor-content-item\">\n\t\t\t\t\t\tCentros de transformaci\u00f3n compactos\t\t\t\t\t<\/h4>\n\t\t\t\t\n\t\t\t\t\n\t\t\t\t\t\t\t\t\t<div class=\"elementor-cta__button-wrapper elementor-cta__content-item elementor-content-item\">\n\t\t\t\t\t<a class=\"elementor-cta__button elementor-button elementor-size-\" href=\"https:\/\/faber-etec.de\/es\/estacion-del-parque-solar\/\" title=\"Estaci\u00f3n de parque solar - Estaciones transformadoras para parques solares\">\n\t\t\t\t\t\tCentros de transformaci\u00f3n para parque solar <i aria-hidden=\"true\" class=\"fas fa-angle-right\"><\/i>\t\t\t\t\t<\/a>\n\t\t\t\t\t<\/div>\n\t\t\t\t\t\t\t<\/div>\n\t\t\t\t\t\t<\/div>\n\t\t\t\t\t\t<\/div>\n\t\t\t\t<\/div>\n\t\t\t\t<div class=\"elementor-element elementor-element-852a697 elementor-widget-divider--view-line elementor-widget elementor-widget-divider\" data-id=\"852a697\" data-element_type=\"widget\" data-e-type=\"widget\" data-widget_type=\"divider.default\">\n\t\t\t\t<div class=\"elementor-widget-container\">\n\t\t\t\t\t\t\t<div class=\"elementor-divider\">\n\t\t\t<span class=\"elementor-divider-separator\">\n\t\t\t\t\t\t<\/span>\n\t\t<\/div>\n\t\t\t\t\t\t<\/div>\n\t\t\t\t<\/div>\n\t\t\t\t<div class=\"elementor-element elementor-element-15733a3 elementor-widget elementor-widget-heading\" data-id=\"15733a3\" data-element_type=\"widget\" data-e-type=\"widget\" data-widget_type=\"heading.default\">\n\t\t\t\t<div class=\"elementor-widget-container\">\n\t\t\t\t\t<h3 class=\"elementor-heading-title elementor-size-default\">Energ\u00eda sostenible: \u00a1directamente de nuestra regi\u00f3n!<\/h3>\t\t\t\t<\/div>\n\t\t\t\t<\/div>\n\t\t\t\t<div class=\"elementor-element elementor-element-276c4e3 elementor-widget elementor-widget-text-editor\" data-id=\"276c4e3\" data-element_type=\"widget\" data-e-type=\"widget\" data-widget_type=\"text-editor.default\">\n\t\t\t\t<div class=\"elementor-widget-container\">\n\t\t\t\t\t\t\t\t\t<p>Energ\u00eda sostenible directamente desde nuestra casa: un proyecto que nos toca especialmente de cerca. \ud83d\udc9a En R\u00f6dinghausen se est\u00e1 construyendo una nueva instalaci\u00f3n fotovoltaica en el suelo, planificada y realizada por el Faber Energy Group de B\u00fcnde. A pocos minutos de nuestra sede, se est\u00e1 dando un paso m\u00e1s hacia un suministro energ\u00e9tico limpio y regional. Junto con el municipio de R\u00f6dinghausen, estamos creando un v\u00ednculo entre el progreso y el hogar, con energ\u00eda que dura. \u26a1<\/p>\t\t\t\t\t\t\t\t<\/div>\n\t\t\t\t<\/div>\n\t\t\t\t<div class=\"elementor-element elementor-element-35fa48d elementor-widget elementor-widget-button\" data-id=\"35fa48d\" data-element_type=\"widget\" data-e-type=\"widget\" data-widget_type=\"button.default\">\n\t\t\t\t<div class=\"elementor-widget-container\">\n\t\t\t\t\t\t\t\t\t<div class=\"elementor-button-wrapper\">\n\t\t\t\t\t<a class=\"elementor-button elementor-button-link elementor-size-sm\" href=\"https:\/\/www.roedinghausen.de\/\" title=\" - www.roedinghausen.de\" target=\"_blank\" rel=\"noopener\">\n\t\t\t\t\t\t<span class=\"elementor-button-content-wrapper\">\n\t\t\t\t\t\t<span class=\"elementor-button-icon\">\n\t\t\t\t<i aria-hidden=\"true\" class=\"fas fa-globe\"><\/i>\t\t\t<\/span>\n\t\t\t\t\t\t\t\t\t<span class=\"elementor-button-text\">www.roedinghausen.de<\/span>\n\t\t\t\t\t<\/span>\n\t\t\t\t\t<\/a>\n\t\t\t\t<\/div>\n\t\t\t\t\t\t\t\t<\/div>\n\t\t\t\t<\/div>\n\t\t\t\t<div class=\"elementor-element elementor-element-b79da6a elementor-widget elementor-widget-image\" data-id=\"b79da6a\" data-element_type=\"widget\" data-e-type=\"widget\" data-widget_type=\"image.default\">\n\t\t\t\t<div class=\"elementor-widget-container\">\n\t\t\t\t\t\t\t\t\t\t\t\t<figure class=\"wp-caption\">\n\t\t\t\t\t\t\t\t\t\t<img decoding=\"async\" src=\"https:\/\/faber-etec.de\/wp-content\/uploads\/sites\/3\/elementor\/thumbs\/faber-solartechnik-monteure-installation-pv-anlage-roedinghausen-rdu6172huhfuim2czb0h8pybshezhaebgqm1y1tci0.webp\" title=\"Trabajo en equipo en PV-Montage R\u00f6dinghausen\" alt=\"Dos montadores de Faber Solartechnik instalan m\u00f3dulos solares en un bastidor\" loading=\"lazy\" \/>\t\t\t\t\t\t\t\t\t\t\t<figcaption class=\"widget-image-caption wp-caption-text\">Empleados de Faber Solartechnik montan m\u00f3dulos para el sistema de montaje en suelo<\/figcaption>\n\t\t\t\t\t\t\t\t\t\t<\/figure>\n\t\t\t\t\t\t\t\t\t<\/div>\n\t\t\t\t<\/div>\n\t\t\t\t<div class=\"elementor-element elementor-element-7b912f7 elementor-widget-divider--view-line elementor-widget elementor-widget-divider\" data-id=\"7b912f7\" data-element_type=\"widget\" data-e-type=\"widget\" data-widget_type=\"divider.default\">\n\t\t\t\t<div class=\"elementor-widget-container\">\n\t\t\t\t\t\t\t<div class=\"elementor-divider\">\n\t\t\t<span class=\"elementor-divider-separator\">\n\t\t\t\t\t\t<\/span>\n\t\t<\/div>\n\t\t\t\t\t\t<\/div>\n\t\t\t\t<\/div>\n\t\t\t\t<div class=\"elementor-element elementor-element-a705df6 elementor-widget elementor-widget-heading\" data-id=\"a705df6\" data-element_type=\"widget\" data-e-type=\"widget\" data-widget_type=\"heading.default\">\n\t\t\t\t<div class=\"elementor-widget-container\">\n\t\t\t\t\t<h3 class=\"elementor-heading-title elementor-size-default\">Art\u00edculo en la Neue Westf\u00e4lische<\/h3>\t\t\t\t<\/div>\n\t\t\t\t<\/div>\n\t\t\t\t<div class=\"elementor-element elementor-element-d740931 elementor-widget elementor-widget-text-editor\" data-id=\"d740931\" data-element_type=\"widget\" data-e-type=\"widget\" data-widget_type=\"text-editor.default\">\n\t\t\t\t<div class=\"elementor-widget-container\">\n\t\t\t\t\t\t\t\t\t<p>El peri\u00f3dico Neue Westf\u00e4lische tambi\u00e9n informa sobre el campo solar de R\u00f6dinghausen, un apasionante proyecto en el que participa el Grupo Faber Energy.<\/p>\t\t\t\t\t\t\t\t<\/div>\n\t\t\t\t<\/div>\n\t\t\t\t<div class=\"elementor-element elementor-element-0a027ee elementor-align-left elementor-widget elementor-widget-button\" data-id=\"0a027ee\" data-element_type=\"widget\" data-e-type=\"widget\" data-widget_type=\"button.default\">\n\t\t\t\t<div class=\"elementor-widget-container\">\n\t\t\t\t\t\t\t\t\t<div class=\"elementor-button-wrapper\">\n\t\t\t\t\t<a class=\"elementor-button elementor-button-link elementor-size-sm\" href=\"https:\/\/www.nw.de\/lokal\/kreis_herford\/roedinghausen\/24200531_Solarfeld-in-Roedinghausen-soll-im-November-Strom-liefern.html\" title=\"24200531 El campo solar de Roedinghausen suministrar\u00e1 electricidad en noviembre.html - El campo solar de Roedinghausen suministrar\u00e1 electricidad en noviembre\" target=\"_blank\" rel=\"noopener\">\n\t\t\t\t\t\t<span class=\"elementor-button-content-wrapper\">\n\t\t\t\t\t\t<span class=\"elementor-button-icon\">\n\t\t\t\t<i aria-hidden=\"true\" class=\"fas fa-link\"><\/i>\t\t\t<\/span>\n\t\t\t\t\t\t\t\t\t<span class=\"elementor-button-text\">El campo solar de R\u00f6dinghausen suministrar\u00e1 electricidad en noviembre<\/span>\n\t\t\t\t\t<\/span>\n\t\t\t\t\t<\/a>\n\t\t\t\t<\/div>\n\t\t\t\t\t\t\t\t<\/div>\n\t\t\t\t<\/div>\n\t\t\t\t<\/div>\n\t\t\t\t<\/div>","protected":false},"excerpt":{"rendered":"<p>La ciudad recibe un suministro energ\u00e9tico fiable gracias a los centros de transformaci\u00f3n compactos de alta calidad de Faber E-Tec.<\/p>","protected":false},"author":2,"featured_media":15996,"comment_status":"closed","ping_status":"open","sticky":false,"template":"","format":"standard","meta":{"_acf_changed":false,"footnotes":""},"categories":[1,9],"tags":[75,48,38,34],"class_list":["post-15995","post","type-post","status-publish","format-standard","has-post-thumbnail","hentry","category-news","category-projekte","tag-bess","tag-energieversorgung","tag-photovoltaik","tag-solarpark"],"acf":[],"_links":{"self":[{"href":"https:\/\/faber-etec.de\/es\/wp-json\/wp\/v2\/posts\/15995","targetHints":{"allow":["GET"]}}],"collection":[{"href":"https:\/\/faber-etec.de\/es\/wp-json\/wp\/v2\/posts"}],"about":[{"href":"https:\/\/faber-etec.de\/es\/wp-json\/wp\/v2\/types\/post"}],"author":[{"embeddable":true,"href":"https:\/\/faber-etec.de\/es\/wp-json\/wp\/v2\/users\/2"}],"replies":[{"embeddable":true,"href":"https:\/\/faber-etec.de\/es\/wp-json\/wp\/v2\/comments?post=15995"}],"version-history":[{"count":16,"href":"https:\/\/faber-etec.de\/es\/wp-json\/wp\/v2\/posts\/15995\/revisions"}],"predecessor-version":[{"id":16026,"href":"https:\/\/faber-etec.de\/es\/wp-json\/wp\/v2\/posts\/15995\/revisions\/16026"}],"wp:featuredmedia":[{"embeddable":true,"href":"https:\/\/faber-etec.de\/es\/wp-json\/wp\/v2\/media\/15996"}],"wp:attachment":[{"href":"https:\/\/faber-etec.de\/es\/wp-json\/wp\/v2\/media?parent=15995"}],"wp:term":[{"taxonomy":"category","embeddable":true,"href":"https:\/\/faber-etec.de\/es\/wp-json\/wp\/v2\/categories?post=15995"},{"taxonomy":"post_tag","embeddable":true,"href":"https:\/\/faber-etec.de\/es\/wp-json\/wp\/v2\/tags?post=15995"}],"curies":[{"name":"wp","href":"https:\/\/api.w.org\/{rel}","templated":true}]}}