{"id":16033,"date":"2025-10-28T00:01:25","date_gmt":"2025-10-27T23:01:25","guid":{"rendered":"https:\/\/faber-etec.de\/?p=16033"},"modified":"2025-10-29T18:22:56","modified_gmt":"2025-10-29T17:22:56","slug":"trafostation-kaufen","status":"publish","type":"post","link":"https:\/\/faber-etec.de\/es\/news\/trafostation-kaufen\/","title":{"rendered":"Comprar estaci\u00f3n transformadora"},"content":{"rendered":"<div data-elementor-type=\"wp-post\" data-elementor-id=\"16033\" class=\"elementor elementor-16033\" data-elementor-post-type=\"post\">\n\t\t\t\t<div class=\"elementor-element elementor-element-4ceef313 e-flex e-con-boxed e-con e-parent\" data-id=\"4ceef313\" data-element_type=\"container\" data-e-type=\"container\">\n\t\t\t\t\t<div class=\"e-con-inner\">\n\t\t\t\t<div class=\"elementor-element elementor-element-f3a1609 elementor-widget elementor-widget-text-editor\" data-id=\"f3a1609\" data-element_type=\"widget\" data-e-type=\"widget\" data-widget_type=\"text-editor.default\">\n\t\t\t\t<div class=\"elementor-widget-container\">\n\t\t\t\t\t\t\t\t\t<h2 class=\"wp-block-heading\">Comprar estaci\u00f3n transformadora - Estaciones compactas del fabricante Faber E-Tec<\/h2>\n<p><!-- \/wp:heading --><!-- wp:paragraph --><\/p>\n<p>Si desea adquirir una subestaci\u00f3n compacta, la fiabilidad, la seguridad y la durabilidad son importantes. Faber E-Tec es su experimentado fabricante de centros de transformaci\u00f3n para centros de transformaci\u00f3n compactos personalizados y centros de transformaci\u00f3n de robusta construcci\u00f3n de hormig\u00f3n.<\/p>\n<p><!-- \/wp:paragraph --><!-- wp:paragraph --><\/p>\n<p>Nuestras estaciones compactas cumplen los m\u00e1s altos est\u00e1ndares de calidad y seguridad seg\u00fan VDE e IEC y ofrecen una soluci\u00f3n eficiente para la industria, el comercio, la infraestructura de carga y los sistemas fotovoltaicos. Tanto si se trata de estaciones compactas como de estaciones de transferencia, ofrecemos tecnolog\u00eda \u201eMade in Germany\u201c que impresiona.<\/p>\t\t\t\t\t\t\t\t<\/div>\n\t\t\t\t<\/div>\n\t\t\t\t<div class=\"elementor-element elementor-element-983a1e4 elementor-widget elementor-widget-text-editor\" data-id=\"983a1e4\" data-element_type=\"widget\" data-e-type=\"widget\" data-widget_type=\"text-editor.default\">\n\t\t\t\t<div class=\"elementor-widget-container\">\n\t\t\t\t\t\t\t\t\t<h3 class=\"wp-block-heading\">\u00bfPor qu\u00e9 comprar un centro de transformaci\u00f3n compacto en lugar de alquilarlo?<\/h3>\n<p><!-- \/wp:heading --><!-- wp:paragraph --><\/p>\n<p>Comprar un centro de transformaci\u00f3n compacto es una inversi\u00f3n en independencia y eficiencia. A diferencia del alquiler, usted se asegura una planificaci\u00f3n a largo plazo y ahorra costes recurrentes. Disponer de su propio centro de transformaci\u00f3n\/transferencia le garantiza un suministro de energ\u00eda estable, una personalizaci\u00f3n individual y opciones de ampliaci\u00f3n flexibles.<\/p>\n<p><!-- \/wp:paragraph --><!-- wp:paragraph --><\/p>\n<p>Adquirir un centro de transformaci\u00f3n compacto es especialmente rentable para empresas con sistemas fotovoltaicos, puntos de recarga de movilidad el\u00e9ctrica o sistemas industriales. Benef\u00edciese de nuestra experiencia como fabricante de centros de transformaci\u00f3n que personaliza cada centro de forma precisa seg\u00fan sus requisitos de red y potencia.<\/p>\t\t\t\t\t\t\t\t<\/div>\n\t\t\t\t<\/div>\n\t\t\t\t<div class=\"elementor-element elementor-element-8aa1da1 elementor-cta--skin-cover elementor-cta--valign-middle elementor-bg-transform elementor-bg-transform-zoom-in elementor-widget elementor-widget-call-to-action\" data-id=\"8aa1da1\" data-element_type=\"widget\" data-e-type=\"widget\" data-widget_type=\"call-to-action.default\">\n\t\t\t\t<div class=\"elementor-widget-container\">\n\t\t\t\t\t\t\t<div class=\"elementor-cta\">\n\t\t\t\t\t<div class=\"elementor-cta__bg-wrapper\">\n\t\t\t\t<div class=\"elementor-cta__bg elementor-bg\" style=\"background-image: url(https:\/\/faber-etec.de\/wp-content\/uploads\/sites\/3\/2025\/02\/Solartechnik-in-der-Region-NRW-_r1_c1-1024x443.jpg);\" role=\"img\" aria-label=\"Trabajadores cualificados montan una estaci\u00f3n transformadora en una nave de producci\u00f3n con una gr\u00faa.\"><\/div>\n\t\t\t\t<div class=\"elementor-cta__bg-overlay\"><\/div>\n\t\t\t<\/div>\n\t\t\t\t\t\t\t<div class=\"elementor-cta__content\">\n\t\t\t\t\n\t\t\t\t\t\t\t\t\t<h3 class=\"elementor-cta__title elementor-cta__content-item elementor-content-item\">\n\t\t\t\t\t\tCentros de transformaci\u00f3n compactos\t\t\t\t\t<\/h3>\n\t\t\t\t\n\t\t\t\t\n\t\t\t\t\t\t\t\t\t<div class=\"elementor-cta__button-wrapper elementor-cta__content-item elementor-content-item\">\n\t\t\t\t\t<a class=\"elementor-cta__button elementor-button elementor-size-\"  href=\"https:\/\/faber-etec.de\/es\/estacion-del-parque-solar\/\" title=\"Estaci\u00f3n de parque solar - Estaciones transformadoras para parques solares\">\n\t\t\t\t\t\tCentros de transformaci\u00f3n para parque solar <i aria-hidden=\"true\" class=\"fas fa-angle-right\"><\/i>\t\t\t\t\t<\/a>\n\t\t\t\t\t<\/div>\n\t\t\t\t\t\t\t<\/div>\n\t\t\t\t\t\t<\/div>\n\t\t\t\t\t\t<\/div>\n\t\t\t\t<\/div>\n\t\t\t\t<div class=\"elementor-element elementor-element-6ebecd8 elementor-widget elementor-widget-image\" data-id=\"6ebecd8\" data-element_type=\"widget\" data-e-type=\"widget\" data-widget_type=\"image.default\">\n\t\t\t\t<div class=\"elementor-widget-container\">\n\t\t\t\t\t\t\t\t\t\t\t\t<figure class=\"wp-caption\">\n\t\t\t\t\t\t\t\t\t\t<img decoding=\"async\" src=\"https:\/\/faber-etec.de\/wp-content\/uploads\/sites\/3\/elementor\/thumbs\/Trafostation-kaufen-\u2013-Kompaktstation-Trafo-vom-Hersteller-Faber-E-Tec-scaled-rdukjyz0fnjfknqncmzk3epoh6fbcbak2d21fs1vgc.webp\" title=\"Comprar estaci\u00f3n transformadora - Estaci\u00f3n compacta y transformador del fabricante Faber E-Tec\" alt=\"Comprar estaci\u00f3n transformadora directamente del fabricante Faber E-Tec Transformadores compactos y estaciones compactas para la industria, la energ\u00eda solar y la e-movilidad. \u00a1Solicite un presupuesto ahora!\" loading=\"lazy\" \/>\t\t\t\t\t\t\t\t\t\t\t<figcaption class=\"widget-image-caption wp-caption-text\">Comprar estaci\u00f3n transformadora directamente al fabricante Faber E-Tec.\nTransformadores compactos y estaciones compactas para la industria, la energ\u00eda solar y la e-movilidad. \u00a1Solicite un presupuesto ahora!<\/figcaption>\n\t\t\t\t\t\t\t\t\t\t<\/figure>\n\t\t\t\t\t\t\t\t\t<\/div>\n\t\t\t\t<\/div>\n\t\t\t\t<div class=\"elementor-element elementor-element-d86b422 elementor-widget elementor-widget-text-editor\" data-id=\"d86b422\" data-element_type=\"widget\" data-e-type=\"widget\" data-widget_type=\"text-editor.default\">\n\t\t\t\t<div class=\"elementor-widget-container\">\n\t\t\t\t\t\t\t\t\t<h2 class=\"wp-block-heading\">\u00bfQu\u00e9 estaci\u00f3n Trafo Compact es la adecuada para su proyecto?<\/h2>\n<p><!-- \/wp:heading --><!-- wp:paragraph --><\/p>\n<p>Cada proyecto requiere un centro de transformaci\u00f3n con una potencia, tama\u00f1o y dise\u00f1o espec\u00edficos, y nosotros fabricamos centros compactos, casas de transformaci\u00f3n y centros de transformaci\u00f3n de varias dimensiones y tama\u00f1os: desde 250 kVA hasta 400 kVA y 630 kVA. Tanto si necesita una estaci\u00f3n compacta de 250 kVA, como una de 400 kVA o una de 630 kVA, configuramos el sistema exactamente seg\u00fan sus necesidades. Nuestros centros de transformaci\u00f3n tienen una estructura modular, est\u00e1n dise\u00f1ados para su uso en exteriores y pueden ser fijos o m\u00f3viles. Tambi\u00e9n puede alquilarnos centros de transformaci\u00f3n m\u00f3viles, por ejemplo para proyectos temporales en Viersen o en toda Alemania.<\/p>\t\t\t\t\t\t\t\t<\/div>\n\t\t\t\t<\/div>\n\t\t\t\t<div class=\"elementor-element elementor-element-7eb5feb elementor-widget elementor-widget-text-editor\" data-id=\"7eb5feb\" data-element_type=\"widget\" data-e-type=\"widget\" data-widget_type=\"text-editor.default\">\n\t\t\t\t<div class=\"elementor-widget-container\">\n\t\t\t\t\t\t\t\t\t<h3 class=\"wp-block-heading\">Equipamiento y dise\u00f1o de su estaci\u00f3n compacta<\/h3>\n<p><!-- \/wp:heading --><!-- wp:paragraph --><\/p>\n<p>Nuestros centros de transformaci\u00f3n impresionan por su sofisticado dise\u00f1o:<\/p>\n<p><!-- \/wp:paragraph --><!-- wp:list --><\/p>\n<ul class=\"wp-block-list\">\n<li style=\"list-style-type: none;\">\n<ul class=\"wp-block-list\"><!-- wp:list-item --><\/ul>\n<\/li>\n<\/ul>\n<ul>\n<li>Caseta de transformador de hormig\u00f3n, resistente a la intemperie<!-- \/wp:list-item --><!-- wp:list-item --><\/li>\n<li>Ventilaci\u00f3n eficaz para una refrigeraci\u00f3n \u00f3ptima<!-- \/wp:list-item --><!-- wp:list-item --><\/li>\n<li>Distribuci\u00f3n de baja tensi\u00f3n integrada para una salida de energ\u00eda segura<!-- \/wp:list-item --><!-- wp:list-item --><\/li>\n<li>Opcional: Transformador de media tensi\u00f3n, transformador de alta tensi\u00f3n de 10 kV, conexiones de datos y sistemas de supervisi\u00f3n<\/li>\n<\/ul>\n<p><!-- \/wp:list-item --><\/p>\n<p><!-- \/wp:list --><!-- wp:paragraph --><\/p>\n<p>Ofrecemos soluciones personalizadas para centros de transformaci\u00f3n, incluidos tama\u00f1os individuales y adaptaciones t\u00e9cnicas a su entorno de red.<\/p>\t\t\t\t\t\t\t\t<\/div>\n\t\t\t\t<\/div>\n\t\t\t\t<div class=\"elementor-element elementor-element-a193d52 elementor-widget elementor-widget-image\" data-id=\"a193d52\" data-element_type=\"widget\" data-e-type=\"widget\" data-widget_type=\"image.default\">\n\t\t\t\t<div class=\"elementor-widget-container\">\n\t\t\t\t\t\t\t\t\t\t\t\t<figure class=\"wp-caption\">\n\t\t\t\t\t\t\t\t\t\t<img decoding=\"async\" src=\"https:\/\/faber-etec.de\/wp-content\/uploads\/sites\/3\/elementor\/thumbs\/trafostation-montage-bess-solarpark-speicher-pv-scaled-r934hra81lya4874hlus3qi8urpymk5hszigi09ll4.avif\" title=\"Comprar ahora: Puesta en servicio r\u00e1pida de un centro de transformaci\u00f3n BESS\" alt=\"Instalaci\u00f3n de una estaci\u00f3n transformadora compacta para sistemas de almacenamiento en bater\u00edas (BESS) mediante gr\u00faa: soluci\u00f3n de transformador compatible con la red con 400 V, 690 V u 800 V para reducci\u00f3n de picos, sistemas h\u00edbridos fotovoltaicos, energ\u00eda de control e infraestructura de almacenamiento industrial.\" loading=\"lazy\" \/>\t\t\t\t\t\t\t\t\t\t\t<figcaption class=\"widget-image-caption wp-caption-text\">Descubra estaciones compactas y transformadores eficientes directamente del fabricante.\nFaber E-Tec es sin\u00f3nimo de calidad, seguridad y experiencia energ\u00e9tica: Made in Germany.<\/figcaption>\n\t\t\t\t\t\t\t\t\t\t<\/figure>\n\t\t\t\t\t\t\t\t\t<\/div>\n\t\t\t\t<\/div>\n\t\t\t\t<div class=\"elementor-element elementor-element-44ebb888 elementor-widget elementor-widget-text-editor\" data-id=\"44ebb888\" data-element_type=\"widget\" data-e-type=\"widget\" data-widget_type=\"text-editor.default\">\n\t\t\t\t<div class=\"elementor-widget-container\">\n\t\t\t\t\t\t\t\t\t<h2>El proceso: as\u00ed funciona la compra de su centro de transformaci\u00f3n<\/h2>\n<p><!-- \/wp:paragraph --><!-- wp:heading --><\/p>\n<p><!-- \/wp:paragraph --><!-- wp:heading --><\/p>\n<p><!-- \/wp:heading --><!-- wp:paragraph --><\/p>\n<p>Si desea adquirir un centro de transformaci\u00f3n, le ofrecemos soluciones compactas especialmente adaptadas a la industria. Tanto si se trata de un centro compacto como de una caseta de transformador, estamos a su lado desde la consulta inicial hasta la puesta en servicio. Nuestra lista de precios de centros de transformaci\u00f3n Komapt y la informaci\u00f3n sobre dimensiones y tama\u00f1os le ayudar\u00e1n a tomar la decisi\u00f3n correcta. En estrecha colaboraci\u00f3n con los principales fabricantes de centros de transformaci\u00f3n, garantizamos la m\u00e1xima calidad.<\/p>\n<p><!-- \/wp:paragraph --><!-- wp:paragraph --><\/p>\n<p>Nuestros centros compactos, como los modelos de 630 kVA y 400 kVA, pueden adaptarse con flexibilidad a sus necesidades. Si lo desea, tambi\u00e9n puede adquirir un transformador usado para ahorrar costes. Reducimos sus \u201ecostes de estaci\u00f3n transformadora\u201c mediante una planificaci\u00f3n optimizada y soluciones individuales, incluyendo la ventilaci\u00f3n y el equipamiento. Aproveche nuestro servicio integral para su centro de media tensi\u00f3n y aseg\u00farese un suministro energ\u00e9tico eficiente.<\/p>\n<p><!-- \/wp:paragraph --><!-- wp:heading --><\/p>\n<p><!-- \/wp:paragraph --><\/p>\t\t\t\t\t\t\t\t<\/div>\n\t\t\t\t<\/div>\n\t\t\t\t<div class=\"elementor-element elementor-element-87ce7a5 elementor-widget elementor-widget-text-editor\" data-id=\"87ce7a5\" data-element_type=\"widget\" data-e-type=\"widget\" data-widget_type=\"text-editor.default\">\n\t\t\t\t<div class=\"elementor-widget-container\">\n\t\t\t\t\t\t\t\t\t<h3 class=\"wp-block-heading\">Sus ventajas como fabricante<\/h3>\n<p><!-- \/wp:heading --><!-- wp:paragraph --><\/p>\n<p>Al comprar un centro de transformaci\u00f3n para uso industrial, dispone de una amplia gama de opciones. Puede comprar una carcasa de transformador o elegir una soluci\u00f3n compacta de hormig\u00f3n para uso en exteriores. Nuestros centros de transformaci\u00f3n cumplen las normas VDE e IEC para garantizar un flujo de energ\u00eda seguro. Una persona de contacto le acompa\u00f1ar\u00e1 desde la planificaci\u00f3n hasta el servicio t\u00e9cnico. En la lista de precios encontrar\u00e1 varios modelos, como los centros compactos con 400 kVA. El precio del centro de transformaci\u00f3n compacto var\u00eda en funci\u00f3n del equipamiento. Gracias a nuestra producci\u00f3n propia, ofrecemos plazos de entrega cortos y un dise\u00f1o que facilita el mantenimiento. Tanto si necesita un centro de transformaci\u00f3n usado como un centro compacto nuevo, le ofrecemos soluciones personalizadas. Los fabricantes de centros de transformaci\u00f3n de renombre garantizan la calidad. Inf\u00f3rmese sobre las dimensiones de los centros de transformaci\u00f3n y los costes de su centro de transformaci\u00f3n compacto. Conf\u00ede en fabricantes de centros de transformaci\u00f3n experimentados para obtener fiabilidad y seguridad.<\/p>\t\t\t\t\t\t\t\t<\/div>\n\t\t\t\t<\/div>\n\t\t\t\t<div class=\"elementor-element elementor-element-8e379ec elementor-widget elementor-widget-image\" data-id=\"8e379ec\" data-element_type=\"widget\" data-e-type=\"widget\" data-widget_type=\"image.default\">\n\t\t\t\t<div class=\"elementor-widget-container\">\n\t\t\t\t\t\t\t\t\t\t\t\t<figure class=\"wp-caption\">\n\t\t\t\t\t\t\t\t\t\t<img decoding=\"async\" src=\"https:\/\/faber-etec.de\/wp-content\/uploads\/sites\/3\/elementor\/thumbs\/herstellung-betonkoerper-kompakttrafostation-r6sdbe21qca8vbc9b1n8szqup34pklmm8ycccxgebs.jpg\" title=\"Construcci\u00f3n de hormig\u00f3n para centros de transformaci\u00f3n - Fabricaci\u00f3n de un cuerpo de hormig\u00f3n para un centro de transformaci\u00f3n compacto\" alt=\"Construcci\u00f3n de hormig\u00f3n de un centro de transformaci\u00f3n - cuerpo de hormig\u00f3n de un centro de transformaci\u00f3n compacto durante el proceso de hormigonado con encofrado y armadura visibles\" loading=\"lazy\" \/>\t\t\t\t\t\t\t\t\t\t\t<figcaption class=\"widget-image-caption wp-caption-text\">Construcci\u00f3n de hormig\u00f3n para centros de transformaci\u00f3n - Visi\u00f3n del proceso de construcci\u00f3n: As\u00ed se crea el cuerpo macizo de hormig\u00f3n para un centro de transformaci\u00f3n compacto.<\/figcaption>\n\t\t\t\t\t\t\t\t\t\t<\/figure>\n\t\t\t\t\t\t\t\t\t<\/div>\n\t\t\t\t<\/div>\n\t\t\t\t<div class=\"elementor-element elementor-element-72b414d elementor-widget elementor-widget-text-editor\" data-id=\"72b414d\" data-element_type=\"widget\" data-e-type=\"widget\" data-widget_type=\"text-editor.default\">\n\t\t\t\t<div class=\"elementor-widget-container\">\n\t\t\t\t\t\t\t\t\t<h2 class=\"wp-block-heading\">Factores de coste y planificaci\u00f3n presupuestaria<\/h2>\n<p>Si desea comprar un centro de transformaci\u00f3n, le ofrecemos soluciones personalizadas y compactas para la industria. Nuestros fabricantes de centros de transformaci\u00f3n compactos est\u00e1n especializados en minimizar las necesidades de espacio y maximizar al mismo tiempo el rendimiento de los centros. Los costes del propio centro de transformaci\u00f3n pueden variar en funci\u00f3n de los requisitos espec\u00edficos y del equipamiento del centro de transformaci\u00f3n.<\/p>\n<p>Le proporcionamos informaci\u00f3n completa, como la ficha t\u00e9cnica del transformador de media tensi\u00f3n, para que pueda tomar la decisi\u00f3n correcta. Tanto si busca un centro de transformaci\u00f3n en venta como si necesita un nuevo centro de transformaci\u00f3n compacto, nuestras soluciones son vers\u00e1tiles. Desde transformadores de peque\u00f1o tama\u00f1o hasta unidades de mayor tama\u00f1o, ofrecemos una amplia gama de opciones. Nuestros modelos de construcci\u00f3n de hormig\u00f3n para transformadores garantizan durabilidad y estabilidad. Conf\u00ede en nuestra experiencia para sus necesidades industriales.<\/p>\n<p>En la industria, la adquisici\u00f3n de un centro de transformaci\u00f3n adecuado es crucial para cumplir requisitos espec\u00edficos. Los centros compactos ofrecen soluciones eficientes que ahorran espacio. Tambi\u00e9n puede alquilar un centro de transformaci\u00f3n m\u00f3vil para necesidades temporales. Esta flexibilidad le permite adaptarse r\u00e1pidamente a las necesidades cambiantes. Nuestro equipo de venta directa le ofrece condiciones justas y ofertas personalizadas. Puede confiar en nuestra experiencia y en la calidad de nuestros robustos centros de transformaci\u00f3n.<\/p>\t\t\t\t\t\t\t\t<\/div>\n\t\t\t\t<\/div>\n\t\t\t\t<div class=\"elementor-element elementor-element-2dd1735 elementor-cta--skin-cover elementor-cta--valign-middle elementor-bg-transform elementor-bg-transform-zoom-in elementor-widget elementor-widget-call-to-action\" data-id=\"2dd1735\" data-element_type=\"widget\" data-e-type=\"widget\" data-widget_type=\"call-to-action.default\">\n\t\t\t\t<div class=\"elementor-widget-container\">\n\t\t\t\t\t\t\t<div class=\"elementor-cta\">\n\t\t\t\t\t<div class=\"elementor-cta__bg-wrapper\">\n\t\t\t\t<div class=\"elementor-cta__bg elementor-bg\" style=\"background-image: url(https:\/\/faber-etec.de\/wp-content\/uploads\/sites\/3\/2024\/04\/Trafo-Kompaktstation-fuer-PV-kaufen-1024x537.jpg);\" role=\"img\" aria-label=\"Estaciones compactas o centros de transformaci\u00f3n compactos para una distribuci\u00f3n eficiente de la energ\u00eda en exteriores\"><\/div>\n\t\t\t\t<div class=\"elementor-cta__bg-overlay\"><\/div>\n\t\t\t<\/div>\n\t\t\t\t\t\t\t<div class=\"elementor-cta__content\">\n\t\t\t\t\n\t\t\t\t\t\t\t\t\t<h3 class=\"elementor-cta__title elementor-cta__content-item elementor-content-item\">\n\t\t\t\t\t\t\u00a1Compra una estaci\u00f3n transformadora!\t\t\t\t\t<\/h3>\n\t\t\t\t\n\t\t\t\t\n\t\t\t\t\t\t\t\t\t<div class=\"elementor-cta__button-wrapper elementor-cta__content-item elementor-content-item\">\n\t\t\t\t\t<a class=\"elementor-cta__button elementor-button elementor-size-\"  href=\"https:\/\/faber-etec.de\/es\/anfrage\/\" title=\"Consulta - Solicitud de centro de transformaci\u00f3n\">\n\t\t\t\t\t\tSolicitar estaci\u00f3n transformadora <i aria-hidden=\"true\" class=\"fas fa-angle-right\"><\/i>\t\t\t\t\t<\/a>\n\t\t\t\t\t<\/div>\n\t\t\t\t\t\t\t<\/div>\n\t\t\t\t\t\t<\/div>\n\t\t\t\t\t\t<\/div>\n\t\t\t\t<\/div>\n\t\t\t\t<div class=\"elementor-element elementor-element-5c169d5 elementor-widget elementor-widget-text-editor\" data-id=\"5c169d5\" data-element_type=\"widget\" data-e-type=\"widget\" data-widget_type=\"text-editor.default\">\n\t\t\t\t<div class=\"elementor-widget-container\">\n\t\t\t\t\t\t\t\t\t<h3 class=\"wp-block-heading\">Conclusi\u00f3n y llamada a la acci\u00f3n<\/h3>\n<p>Si desea comprar un centro de transformaci\u00f3n, Faber E-Tec le ofrece la combinaci\u00f3n perfecta de calidad, econom\u00eda y seguridad. Adquiera ya nuestra estaci\u00f3n transformadora compacta, porque son duraderas, f\u00e1ciles de mantener y est\u00e1n fabricadas con los m\u00e1s altos est\u00e1ndares.<\/p>\n<p>Tanto si desea adquirir un centro de transformaci\u00f3n, comprar un transformador usado o encargar una estaci\u00f3n compacta, le ofrecemos todo de un mismo proveedor. P\u00f3ngase en contacto con nosotros para una consulta personal o solicite directamente su oferta personalizada.<\/p>\n<p>Al adquirir un centro de transformaci\u00f3n compacto, puede elegir entre soluciones compactas especialmente adaptadas a sus necesidades industriales. Un centro de transformaci\u00f3n compacto, como el centro compacto de 630 kVA o 250 kVA, ofrece opciones de aplicaci\u00f3n flexibles. Los tama\u00f1os de los centros de transformaci\u00f3n var\u00edan para satisfacer requisitos espec\u00edficos.<\/p>\n<p>Los precios var\u00edan en funci\u00f3n del equipamiento y la potencia, como se indica en la \u201eLista de precios de centros de transformaci\u00f3n\u201c. Los fabricantes ofrecen una amplia gama de opciones para transformadores de media tensi\u00f3n y centros de transformaci\u00f3n. La distribuci\u00f3n de baja tensi\u00f3n en un centro de transformaci\u00f3n es decisiva para su rendimiento. Tambi\u00e9n se pueden alquilar centros de transformaci\u00f3n m\u00f3viles, como en Viersen.<\/p>\n<p>Al comprar un centro de transformaci\u00f3n nuevo o usado, como un centro compacto de 630 kVA, debe calcular cuidadosamente los \u201ecostes del centro de transformaci\u00f3n\u201c. Tener su propio centro compacto ofrece numerosas ventajas, pero la inversi\u00f3n requiere una planificaci\u00f3n precisa. Considere si desea comprar un centro de transformaci\u00f3n o adquirir un antiguo centro de transformaci\u00f3n. Preste atenci\u00f3n al tama\u00f1o del centro de transformaci\u00f3n y al equipamiento del mismo para asegurarse de que cumple sus requisitos.<\/p>\n<p>Otro punto importante es la ventilaci\u00f3n del centro de transformaci\u00f3n y la construcci\u00f3n de hormig\u00f3n para garantizar un entorno operativo \u00f3ptimo. Los distintos fabricantes de subestaciones compactas ofrecen soluciones para distintos requisitos, como subestaciones compactas de 250 kVA, 400 kVA o 630 kVA. Tenga en cuenta tambi\u00e9n los tama\u00f1os de los transformadores y las fichas t\u00e9cnicas de los fabricantes de transformadores de media tensi\u00f3n. La distribuci\u00f3n de baja tensi\u00f3n y el transformador de alta tensi\u00f3n de 10 kV son otros factores decisivos para el rendimiento de su estaci\u00f3n.<\/p>\t\t\t\t\t\t\t\t<\/div>\n\t\t\t\t<\/div>\n\t\t\t\t<div class=\"elementor-element elementor-element-0340e28 elementor-widget elementor-widget-image\" data-id=\"0340e28\" data-element_type=\"widget\" data-e-type=\"widget\" data-widget_type=\"image.default\">\n\t\t\t\t<div class=\"elementor-widget-container\">\n\t\t\t\t\t\t\t\t\t\t\t\t<figure class=\"wp-caption\">\n\t\t\t\t\t\t\t\t\t\t<img decoding=\"async\" src=\"https:\/\/faber-etec.de\/wp-content\/uploads\/sites\/3\/elementor\/thumbs\/faber-e-tec-trafo-kompaktstation-pv-anlage-roedinghausen-rdu60wq9rb1oywhdnojkzak998ty4m99rbfpo08oeg.webp\" title=\"Estaci\u00f3n transformadora Faber E-Tec cerca de R\u00f6dinghausen\" alt=\"Estaci\u00f3n transformadora Faber E-Tec bajo un cielo azul en una instalaci\u00f3n solar sobre suelo en R\u00f6dinghausen\" loading=\"lazy\" \/>\t\t\t\t\t\t\t\t\t\t\t<figcaption class=\"widget-image-caption wp-caption-text\">Estaci\u00f3n compacta Faber E-Tec para instalaci\u00f3n fotovoltaica en suelo en R\u00f6dinghausen<\/figcaption>\n\t\t\t\t\t\t\t\t\t\t<\/figure>\n\t\t\t\t\t\t\t\t\t<\/div>\n\t\t\t\t<\/div>\n\t\t\t\t<div class=\"elementor-element elementor-element-0a5a418 elementor-shape-rounded elementor-grid-0 e-grid-align-center elementor-widget elementor-widget-social-icons\" data-id=\"0a5a418\" data-element_type=\"widget\" data-e-type=\"widget\" data-widget_type=\"social-icons.default\">\n\t\t\t\t<div class=\"elementor-widget-container\">\n\t\t\t\t\t\t\t<div class=\"elementor-social-icons-wrapper elementor-grid\" role=\"list\">\n\t\t\t\t\t\t\t<span class=\"elementor-grid-item\" role=\"listitem\">\n\t\t\t\t\t<a class=\"elementor-icon elementor-social-icon elementor-social-icon-instagram elementor-animation-grow elementor-repeater-item-c4ec2f4\" href=\"https:\/\/www.instagram.com\/faber.energy\/\" target=\"_blank\" title=\"S\u00edguenos en Instagram\" rel=\"noopener\">\n\t\t\t\t\t\t<span class=\"elementor-screen-only\">Instagram<\/span>\n\t\t\t\t\t\t<i aria-hidden=\"true\" class=\"fab fa-instagram\"><\/i>\t\t\t\t\t<\/a>\n\t\t\t\t<\/span>\n\t\t\t\t\t\t\t<span class=\"elementor-grid-item\" role=\"listitem\">\n\t\t\t\t\t<a class=\"elementor-icon elementor-social-icon elementor-social-icon-facebook elementor-animation-grow elementor-repeater-item-2651a5f\" href=\"https:\/\/www.facebook.com\/profile.php?id=61566434640105\" target=\"_blank\" title=\"S\u00edguenos en Facebook\" rel=\"noopener\">\n\t\t\t\t\t\t<span class=\"elementor-screen-only\">Facebook<\/span>\n\t\t\t\t\t\t<i aria-hidden=\"true\" class=\"fab fa-facebook\"><\/i>\t\t\t\t\t<\/a>\n\t\t\t\t<\/span>\n\t\t\t\t\t\t\t<span class=\"elementor-grid-item\" role=\"listitem\">\n\t\t\t\t\t<a class=\"elementor-icon elementor-social-icon elementor-social-icon-threads elementor-animation-grow elementor-repeater-item-c864bea\" href=\"https:\/\/www.threads.net\/@faber.energy\" target=\"_blank\" title=\"S\u00edguenos en hilos\" rel=\"noopener\">\n\t\t\t\t\t\t<span class=\"elementor-screen-only\">Hilos<\/span>\n\t\t\t\t\t\t<i aria-hidden=\"true\" class=\"fab fa-threads\"><\/i>\t\t\t\t\t<\/a>\n\t\t\t\t<\/span>\n\t\t\t\t\t\t\t<span class=\"elementor-grid-item\" role=\"listitem\">\n\t\t\t\t\t<a class=\"elementor-icon elementor-social-icon elementor-social-icon-linkedin elementor-animation-grow elementor-repeater-item-2b87a25\" href=\"https:\/\/www.linkedin.com\/company\/faber-etec\/\" target=\"_blank\" title=\"S\u00edguenos en Linkedin\" rel=\"noopener\">\n\t\t\t\t\t\t<span class=\"elementor-screen-only\">Linkedin<\/span>\n\t\t\t\t\t\t<i aria-hidden=\"true\" class=\"fab fa-linkedin\"><\/i>\t\t\t\t\t<\/a>\n\t\t\t\t<\/span>\n\t\t\t\t\t\t\t<span class=\"elementor-grid-item\" role=\"listitem\">\n\t\t\t\t\t<a class=\"elementor-icon elementor-social-icon elementor-social-icon-x-twitter elementor-animation-grow elementor-repeater-item-4ef3195\" href=\"https:\/\/x.com\/Faber_Energy\" target=\"_blank\" title=\"S\u00edguenos en X Twitter\">\n\t\t\t\t\t\t<span class=\"elementor-screen-only\">X-twitter<\/span>\n\t\t\t\t\t\t<i aria-hidden=\"true\" class=\"fab fa-x-twitter\"><\/i>\t\t\t\t\t<\/a>\n\t\t\t\t<\/span>\n\t\t\t\t\t\t\t<span class=\"elementor-grid-item\" role=\"listitem\">\n\t\t\t\t\t<a class=\"elementor-icon elementor-social-icon elementor-social-icon-youtube elementor-animation-grow elementor-repeater-item-837340d\" href=\"https:\/\/www.youtube.com\/@Faber.Energy\" target=\"_blank\" title=\"S\u00edganos en Youtube\" rel=\"noopener\">\n\t\t\t\t\t\t<span class=\"elementor-screen-only\">Youtube<\/span>\n\t\t\t\t\t\t<i aria-hidden=\"true\" class=\"fab fa-youtube\"><\/i>\t\t\t\t\t<\/a>\n\t\t\t\t<\/span>\n\t\t\t\t\t<\/div>\n\t\t\t\t\t\t<\/div>\n\t\t\t\t<\/div>\n\t\t\t\t\t<\/div>\n\t\t\t\t<\/div>\n\t\t\t\t<\/div>","protected":false},"excerpt":{"rendered":"<p>Compre centros de transformaci\u00f3n directamente al fabricante Faber E-Tec. Centros de transformaci\u00f3n compactos en construcciones de hormig\u00f3n para la industria, la energ\u00eda solar y la movilidad el\u00e9ctrica. \u00a1Solicite un presupuesto ahora!<\/p>","protected":false},"author":2,"featured_media":16037,"comment_status":"closed","ping_status":"open","sticky":false,"template":"","format":"standard","meta":{"_acf_changed":false,"footnotes":""},"categories":[1],"tags":[],"class_list":["post-16033","post","type-post","status-publish","format-standard","has-post-thumbnail","hentry","category-news"],"acf":[],"_links":{"self":[{"href":"https:\/\/faber-etec.de\/es\/wp-json\/wp\/v2\/posts\/16033","targetHints":{"allow":["GET"]}}],"collection":[{"href":"https:\/\/faber-etec.de\/es\/wp-json\/wp\/v2\/posts"}],"about":[{"href":"https:\/\/faber-etec.de\/es\/wp-json\/wp\/v2\/types\/post"}],"author":[{"embeddable":true,"href":"https:\/\/faber-etec.de\/es\/wp-json\/wp\/v2\/users\/2"}],"replies":[{"embeddable":true,"href":"https:\/\/faber-etec.de\/es\/wp-json\/wp\/v2\/comments?post=16033"}],"version-history":[{"count":29,"href":"https:\/\/faber-etec.de\/es\/wp-json\/wp\/v2\/posts\/16033\/revisions"}],"predecessor-version":[{"id":16184,"href":"https:\/\/faber-etec.de\/es\/wp-json\/wp\/v2\/posts\/16033\/revisions\/16184"}],"wp:featuredmedia":[{"embeddable":true,"href":"https:\/\/faber-etec.de\/es\/wp-json\/wp\/v2\/media\/16037"}],"wp:attachment":[{"href":"https:\/\/faber-etec.de\/es\/wp-json\/wp\/v2\/media?parent=16033"}],"wp:term":[{"taxonomy":"category","embeddable":true,"href":"https:\/\/faber-etec.de\/es\/wp-json\/wp\/v2\/categories?post=16033"},{"taxonomy":"post_tag","embeddable":true,"href":"https:\/\/faber-etec.de\/es\/wp-json\/wp\/v2\/tags?post=16033"}],"curies":[{"name":"wp","href":"https:\/\/api.w.org\/{rel}","templated":true}]}}