{"id":17365,"date":"2025-11-21T14:03:16","date_gmt":"2025-11-21T13:03:16","guid":{"rendered":"https:\/\/faber-etec.de\/?p=17365"},"modified":"2025-11-21T16:29:02","modified_gmt":"2025-11-21T15:29:02","slug":"co2-ausstoss-reduzieren-mit-bess","status":"publish","type":"post","link":"https:\/\/faber-etec.de\/es\/forschung-und-entwicklung\/co2-ausstoss-reduzieren-mit-bess\/","title":{"rendered":"Reducir las emisiones de CO\u2082 con sistemas inteligentes de almacenamiento en bater\u00edas (BESS)"},"content":{"rendered":"<div data-elementor-type=\"wp-post\" data-elementor-id=\"17365\" class=\"elementor elementor-17365\" data-elementor-post-type=\"post\">\n\t\t\t\t<div class=\"elementor-element elementor-element-dba63be e-flex e-con-boxed e-con e-parent\" data-id=\"dba63be\" data-element_type=\"container\" data-e-type=\"container\">\n\t\t\t\t\t<div class=\"e-con-inner\">\n\t\t\t\t<div class=\"elementor-element elementor-element-342d805 elementor-widget elementor-widget-text-editor\" data-id=\"342d805\" data-element_type=\"widget\" data-e-type=\"widget\" data-widget_type=\"text-editor.default\">\n\t\t\t\t<div class=\"elementor-widget-container\">\n\t\t\t\t\t\t\t\t\t<h2>Por qu\u00e9 es crucial reducir las emisiones de CO\u2082 en la industria<\/h2><p>La presi\u00f3n sobre las empresas para <strong>Emisiones de CO\u2082<\/strong> aumenta constantemente. El aumento de los costes de la energ\u00eda, unas normas clim\u00e1ticas m\u00e1s estrictas y la creciente responsabilidad de una producci\u00f3n sostenible hacen que cada vez m\u00e1s empresas comerciales e industriales se centren en la eficiencia energ\u00e9tica y la descarbonizaci\u00f3n.<\/p><p>Una de las medidas m\u00e1s eficaces y con m\u00e1s visi\u00f3n de futuro es el uso de modernos sistemas de almacenamiento en bater\u00edas (<strong>BESS<\/strong>). Al fin y al cabo, hace tiempo que los sistemas de almacenamiento de energ\u00eda son algo m\u00e1s que un simple respaldo: son la pieza central de una infraestructura energ\u00e9tica inteligente, sostenible y baja en carbono.<\/p>\t\t\t\t\t\t\t\t<\/div>\n\t\t\t\t<\/div>\n\t\t\t\t<div class=\"elementor-element elementor-element-4c26913 elementor-widget-divider--view-line elementor-widget elementor-widget-divider\" data-id=\"4c26913\" data-element_type=\"widget\" data-e-type=\"widget\" data-widget_type=\"divider.default\">\n\t\t\t\t<div class=\"elementor-widget-container\">\n\t\t\t\t\t\t\t<div class=\"elementor-divider\">\n\t\t\t<span class=\"elementor-divider-separator\">\n\t\t\t\t\t\t<\/span>\n\t\t<\/div>\n\t\t\t\t\t\t<\/div>\n\t\t\t\t<\/div>\n\t\t\t\t<div class=\"elementor-element elementor-element-3b0e00b elementor-widget elementor-widget-text-editor\" data-id=\"3b0e00b\" data-element_type=\"widget\" data-e-type=\"widget\" data-widget_type=\"text-editor.default\">\n\t\t\t\t<div class=\"elementor-widget-container\">\n\t\t\t\t\t\t\t\t\t<h3>Ventajas del BESS en aplicaciones comerciales<\/h3><p>A BESS (<strong>Sistema de almacenamiento de energ\u00eda en bater\u00edas<\/strong>) permite aprovechar mejor las energ\u00edas renovables. En momentos de alta producci\u00f3n de electricidad -como cuando hay mucha radiaci\u00f3n solar o energ\u00eda e\u00f3lica-, el exceso de energ\u00eda se almacena temporalmente en el sistema de almacenamiento de bater\u00edas. En cuanto aumenta la demanda de energ\u00eda o se dispone de menos electricidad procedente de fuentes renovables, el sistema vuelve a liberar la energ\u00eda almacenada.<\/p><p>De este modo, se pueden evitar los picos de carga, aumentar el autoconsumo y reducir los combustibles f\u00f3siles de forma selectiva. El resultado: menos emisiones de CO\u2082, menores costes energ\u00e9ticos y mayor independencia de la red el\u00e9ctrica.<\/p>\t\t\t\t\t\t\t\t<\/div>\n\t\t\t\t<\/div>\n\t\t\t\t<div class=\"elementor-element elementor-element-6693a2f elementor-widget elementor-widget-image\" data-id=\"6693a2f\" data-element_type=\"widget\" data-e-type=\"widget\" data-widget_type=\"image.default\">\n\t\t\t\t<div class=\"elementor-widget-container\">\n\t\t\t\t\t\t\t\t\t\t\t\t<figure class=\"wp-caption\">\n\t\t\t\t\t\t\t\t\t\t<img decoding=\"async\" src=\"https:\/\/faber-etec.de\/wp-content\/uploads\/sites\/3\/elementor\/thumbs\/bess-co2-reduzierung-faber-etec-industrie-rf1a1q12oj6dff4yodfnglato0jmbiyxm73vgif918.avif\" title=\"Reduzca las emisiones de CO\u2082 con el BESS de Faber E-Tec: almacenamiento de energ\u00eda para la industria y el comercio.\" alt=\"Chimenea industrial con letras CO\u2082 hechas de humo: imagen simb\u00f3lica para la reducci\u00f3n de emisiones y CO\u2082 con almacenamiento en bater\u00edas BESS de Faber E-Tec.\" loading=\"lazy\" \/>\t\t\t\t\t\t\t\t\t\t\t<figcaption class=\"widget-image-caption wp-caption-text\">Foto simb\u00f3lica para la reducci\u00f3n de las emisiones de CO\u2082: Una chimenea industrial emite humo que forma las letras CO\u2082, s\u00edmbolo de la energ\u00eda sostenible y el uso de sistemas de almacenamiento de energ\u00eda en bater\u00edas (BESS) para reducir las emisiones en la industria.<\/figcaption>\n\t\t\t\t\t\t\t\t\t\t<\/figure>\n\t\t\t\t\t\t\t\t\t<\/div>\n\t\t\t\t<\/div>\n\t\t\t\t<div class=\"elementor-element elementor-element-3f26dea elementor-widget-divider--view-line elementor-widget elementor-widget-divider\" data-id=\"3f26dea\" data-element_type=\"widget\" data-e-type=\"widget\" data-widget_type=\"divider.default\">\n\t\t\t\t<div class=\"elementor-widget-container\">\n\t\t\t\t\t\t\t<div class=\"elementor-divider\">\n\t\t\t<span class=\"elementor-divider-separator\">\n\t\t\t\t\t\t<\/span>\n\t\t<\/div>\n\t\t\t\t\t\t<\/div>\n\t\t\t\t<\/div>\n\t\t\t\t<div class=\"elementor-element elementor-element-fdaefbe elementor-widget elementor-widget-text-editor\" data-id=\"fdaefbe\" data-element_type=\"widget\" data-e-type=\"widget\" data-widget_type=\"text-editor.default\">\n\t\t\t\t<div class=\"elementor-widget-container\">\n\t\t\t\t\t\t\t\t\t<h3>C\u00f3mo reducen las emisiones de CO\u2082 los sistemas de almacenamiento en bater\u00edas<\/h3><p>Las empresas que gestionan activamente sus flujos de energ\u00eda no s\u00f3lo pueden mejorar su huella de carbono, sino tambi\u00e9n beneficiarse econ\u00f3micamente. Un sistema de almacenamiento en bater\u00edas bien dimensionado ofrece varias ventajas:<\/p><ol><li>Optimizaci\u00f3n del autoconsumo:<br \/>La energ\u00eda solar autogenerada se utiliza directamente in situ: es neutra en emisiones de CO\u2082 y ahorra costes.<br \/><br \/><\/li><li>Gesti\u00f3n de picos de carga:<br \/>Los picos de carga se igualan, lo que significa que se necesita menos energ\u00eda f\u00f3sil de reserva.<br \/><br \/><\/li><li>Alimentaci\u00f3n de emergencia y funci\u00f3n de reserva:<br \/>BESS asegura el suministro de energ\u00eda en caso de fallo de la red, especialmente en procesos industriales cr\u00edticos.<br \/><br \/><\/li><li>Relieve de cuadr\u00edcula:<br \/>El almacenamiento local de energ\u00eda estabiliza la red el\u00e9ctrica p\u00fablica y alivia la carga de las centrales el\u00e9ctricas de carga m\u00e1xima, que emiten grandes cantidades de CO.<br \/><br \/><\/li><li>Integraci\u00f3n de energ\u00edas renovables:<br \/>La energ\u00eda solar y e\u00f3lica puede aprovecharse plenamente en lugar de perderse sin utilizar. Esto convierte a los sistemas BESS en un factor decisivo en el camino hacia una industria clim\u00e1ticamente neutra.<\/li><\/ol>\t\t\t\t\t\t\t\t<\/div>\n\t\t\t\t<\/div>\n\t\t\t\t<div class=\"elementor-element elementor-element-b115f47 elementor-cta--skin-cover elementor-cta--valign-middle elementor-bg-transform elementor-bg-transform-zoom-in elementor-widget elementor-widget-call-to-action\" data-id=\"b115f47\" data-element_type=\"widget\" data-e-type=\"widget\" data-widget_type=\"call-to-action.default\">\n\t\t\t\t<div class=\"elementor-widget-container\">\n\t\t\t\t\t\t\t<div class=\"elementor-cta\">\n\t\t\t\t\t<div class=\"elementor-cta__bg-wrapper\">\n\t\t\t\t<div class=\"elementor-cta__bg elementor-bg\" style=\"background-image: url(https:\/\/faber-etec.de\/wp-content\/uploads\/sites\/3\/2025\/11\/kompakt-trafostation-faber-etec-kompaktstation-von-unten-Perspektive-1024x444.avif);\" role=\"img\" aria-label=\"Centro de transformaci\u00f3n compacto para media tensi\u00f3n en exteriores - Faber E-Tec - centro de transformaci\u00f3n compacto, centro de transformaci\u00f3n, centro de transformaci\u00f3n compacto, centro de hormig\u00f3n, media tensi\u00f3n, instalaci\u00f3n fotovoltaica, energ\u00eda solar\"><\/div>\n\t\t\t\t<div class=\"elementor-cta__bg-overlay\"><\/div>\n\t\t\t<\/div>\n\t\t\t\t\t\t\t<div class=\"elementor-cta__content\">\n\t\t\t\t\n\t\t\t\t\t\t\t\t\t<h3 class=\"elementor-cta__title elementor-cta__content-item elementor-content-item\">\n\t\t\t\t\t\tEstaci\u00f3n compacta BESS\t\t\t\t\t<\/h3>\n\t\t\t\t\n\t\t\t\t\n\t\t\t\t\t\t\t\t\t<div class=\"elementor-cta__button-wrapper elementor-cta__content-item elementor-content-item\">\n\t\t\t\t\t<a class=\"elementor-cta__button elementor-button elementor-size-\"  href=\"https:\/\/faber-etec.de\/es\/estacion-compacta\/\" title=\"Estaci\u00f3n compacta - Solicitar estaci\u00f3n compacta\">\n\t\t\t\t\t\tSolicitar estaci\u00f3n compacta <i aria-hidden=\"true\" class=\"fas fa-angle-right\"><\/i>\t\t\t\t\t<\/a>\n\t\t\t\t\t<\/div>\n\t\t\t\t\t\t\t<\/div>\n\t\t\t\t\t\t<\/div>\n\t\t\t\t\t\t<\/div>\n\t\t\t\t<\/div>\n\t\t\t\t<div class=\"elementor-element elementor-element-1892acc elementor-widget-divider--view-line elementor-widget elementor-widget-divider\" data-id=\"1892acc\" data-element_type=\"widget\" data-e-type=\"widget\" data-widget_type=\"divider.default\">\n\t\t\t\t<div class=\"elementor-widget-container\">\n\t\t\t\t\t\t\t<div class=\"elementor-divider\">\n\t\t\t<span class=\"elementor-divider-separator\">\n\t\t\t\t\t\t<\/span>\n\t\t<\/div>\n\t\t\t\t\t\t<\/div>\n\t\t\t\t<\/div>\n\t\t\t\t<div class=\"elementor-element elementor-element-1c6b995 elementor-widget elementor-widget-text-editor\" data-id=\"1c6b995\" data-element_type=\"widget\" data-e-type=\"widget\" data-widget_type=\"text-editor.default\">\n\t\t\t\t<div class=\"elementor-widget-container\">\n\t\t\t\t\t\t\t\t\t<h3>Nuestras soluciones BESS de un vistazo<\/h3><h4>Bater\u00eda de 418 kWh: compacta y eficiente<\/h4><p>Ideal para empresas comerciales que utilizan ellas mismas la energ\u00eda solar y quieren evitar los picos de carga. Este sistema compacto de almacenamiento en bater\u00edas permite un alto \u00edndice de autoconsumo y estabiliza el suministro de la red, especialmente en combinaci\u00f3n con sistemas fotovoltaicos.<\/p><h4>Bater\u00eda de 836 kWh: la soluci\u00f3n modular para la industria<\/h4><p>Un sistema de almacenamiento de bater\u00edas escalable que controla de forma inteligente el flujo de energ\u00eda durante el funcionamiento. Con un EMS (Energy Management System) integrado y tecnolog\u00eda LFP, ofrece la m\u00e1xima seguridad y eficiencia.<\/p><h4>Contenedor BESS 3.340 kWh y 5.015 kWh + transformador + PCS<\/h4><p>Para huertos solares, centros industriales o infraestructuras de recarga: nuestros contenedores BESS son la respuesta potente a las crecientes necesidades energ\u00e9ticas, con refrigeraci\u00f3n l\u00edquida, extinci\u00f3n de incendios por aerosol y robusta protecci\u00f3n IP54. En combinaci\u00f3n con una estaci\u00f3n transformadora compacta Faber E-Tec, se crea una soluci\u00f3n energ\u00e9tica completa para proyectos industriales respetuosos con el clima.<\/p>\t\t\t\t\t\t\t\t<\/div>\n\t\t\t\t<\/div>\n\t\t\t\t<div class=\"elementor-element elementor-element-e1eadf7 elementor-widget-divider--view-line elementor-widget elementor-widget-divider\" data-id=\"e1eadf7\" data-element_type=\"widget\" data-e-type=\"widget\" data-widget_type=\"divider.default\">\n\t\t\t\t<div class=\"elementor-widget-container\">\n\t\t\t\t\t\t\t<div class=\"elementor-divider\">\n\t\t\t<span class=\"elementor-divider-separator\">\n\t\t\t\t\t\t<\/span>\n\t\t<\/div>\n\t\t\t\t\t\t<\/div>\n\t\t\t\t<\/div>\n\t\t\t\t<div class=\"elementor-element elementor-element-741ec9c elementor-widget elementor-widget-text-editor\" data-id=\"741ec9c\" data-element_type=\"widget\" data-e-type=\"widget\" data-widget_type=\"text-editor.default\">\n\t\t\t\t<div class=\"elementor-widget-container\">\n\t\t\t\t\t\t\t\t\t<h3>Faber E-Tec: soluciones integrales para infraestructuras de bajo CO\u2082 energ\u00e9tico<\/h3><p>Faber E-Tec es uno de los principales proveedores en el campo de las infraestructuras energ\u00e9ticas industriales, desde centros de transformaci\u00f3n compactos hasta soluciones modulares BESS. Nuestros productos no solo son tecnol\u00f3gicamente sofisticados, sino que tambi\u00e9n est\u00e1n dise\u00f1ados para ofrecer la m\u00e1xima sostenibilidad, eficiencia y seguridad.<\/p><p>Combinamos la estaci\u00f3n transformadora y el sistema de almacenamiento de bater\u00edas en una unidad inteligente: la energ\u00eda se genera, almacena, convierte y utiliza localmente, exactamente donde se necesita. Esto no solo reduce los costes operativos, sino tambi\u00e9n las emisiones de CO\u2082.<\/p>\t\t\t\t\t\t\t\t<\/div>\n\t\t\t\t<\/div>\n\t\t\t\t<div class=\"elementor-element elementor-element-0ed2b51 elementor-widget elementor-widget-image\" data-id=\"0ed2b51\" data-element_type=\"widget\" data-e-type=\"widget\" data-widget_type=\"image.default\">\n\t\t\t\t<div class=\"elementor-widget-container\">\n\t\t\t\t\t\t\t\t\t\t\t\t<figure class=\"wp-caption\">\n\t\t\t\t\t\t\t\t\t\t<img decoding=\"async\" src=\"https:\/\/faber-etec.de\/wp-content\/uploads\/sites\/3\/elementor\/thumbs\/batter-sunrise-scaled-re615yydrtl1vwtw9jpq8tiksz2smil24jrqe672o0.avif\" title=\"Sistemas de almacenamiento en bater\u00edas BESS de Faber E-Tec: soluciones sostenibles de almacenamiento de energ\u00eda para la industria y el comercio\" alt=\"Sistema de almacenamiento en bater\u00edas BESS de Faber E-Tec al amanecer: imagen simb\u00f3lica del almacenamiento de energ\u00eda sostenible y la eficiencia energ\u00e9tica industrial.\" loading=\"lazy\" \/>\t\t\t\t\t\t\t\t\t\t\t<figcaption class=\"widget-image-caption wp-caption-text\">Moderno contenedor de almacenamiento de bater\u00edas (BESS) de Faber E-Tec a la luz de la ma\u00f1ana. La imagen simboliza el cambio hacia soluciones sostenibles de almacenamiento de energ\u00eda y reducci\u00f3n de CO\u2082 en la industria y el comercio.<\/figcaption>\n\t\t\t\t\t\t\t\t\t\t<\/figure>\n\t\t\t\t\t\t\t\t\t<\/div>\n\t\t\t\t<\/div>\n\t\t\t\t<div class=\"elementor-element elementor-element-3384b8d elementor-widget-divider--view-line elementor-widget elementor-widget-divider\" data-id=\"3384b8d\" data-element_type=\"widget\" data-e-type=\"widget\" data-widget_type=\"divider.default\">\n\t\t\t\t<div class=\"elementor-widget-container\">\n\t\t\t\t\t\t\t<div class=\"elementor-divider\">\n\t\t\t<span class=\"elementor-divider-separator\">\n\t\t\t\t\t\t<\/span>\n\t\t<\/div>\n\t\t\t\t\t\t<\/div>\n\t\t\t\t<\/div>\n\t\t\t\t<div class=\"elementor-element elementor-element-3fe972e elementor-widget elementor-widget-text-editor\" data-id=\"3fe972e\" data-element_type=\"widget\" data-e-type=\"widget\" data-widget_type=\"text-editor.default\">\n\t\t\t\t<div class=\"elementor-widget-container\">\n\t\t\t\t\t\t\t\t\t<h2>BESS + estaci\u00f3n transformadora = eficiencia de CO\u2082 al m\u00e1ximo nivel.<\/h2><p data-start=\"4679\" data-end=\"4975\">Una estaci\u00f3n transformadora es el enlace entre la red y el sistema de almacenamiento. Faber E-Tec desarrolla centros de transformaci\u00f3n compactos especialmente dise\u00f1ados para su uso con sistemas BESS. Permiten una distribuci\u00f3n eficiente de la energ\u00eda, una frecuencia de red estable y la m\u00e1xima fiabilidad operativa.<\/p><p data-start=\"4977\" data-end=\"5207\">La combinaci\u00f3n de estaci\u00f3n transformadora y sistema de almacenamiento en bater\u00edas garantiza que la energ\u00eda almacenada pueda introducirse directamente en la infraestructura industrial, sin desv\u00edos, sin p\u00e9rdidas y con una reducci\u00f3n apreciable de las emisiones de CO\u2082.<\/p>\t\t\t\t\t\t\t\t<\/div>\n\t\t\t\t<\/div>\n\t\t\t\t<div class=\"elementor-element elementor-element-d61f3c2 elementor-widget-divider--view-line elementor-widget elementor-widget-divider\" data-id=\"d61f3c2\" data-element_type=\"widget\" data-e-type=\"widget\" data-widget_type=\"divider.default\">\n\t\t\t\t<div class=\"elementor-widget-container\">\n\t\t\t\t\t\t\t<div class=\"elementor-divider\">\n\t\t\t<span class=\"elementor-divider-separator\">\n\t\t\t\t\t\t<\/span>\n\t\t<\/div>\n\t\t\t\t\t\t<\/div>\n\t\t\t\t<\/div>\n\t\t\t\t<div class=\"elementor-element elementor-element-900e10f elementor-widget elementor-widget-text-editor\" data-id=\"900e10f\" data-element_type=\"widget\" data-e-type=\"widget\" data-widget_type=\"text-editor.default\">\n\t\t\t\t<div class=\"elementor-widget-container\">\n\t\t\t\t\t\t\t\t\t<h3>Conclusi\u00f3n: Reducci\u00f3n de CO\u2082 preparada para el futuro con Faber E-Tec<\/h3><p>Las empresas que quieren actuar de forma sostenible ya no pueden ignorar los sistemas de almacenamiento en bater\u00edas. Son la base de un futuro energ\u00e9tico respetuoso con el clima, econ\u00f3mico, seguro y eficiente.<\/p><p>Con los sistemas BESS y los centros de transformaci\u00f3n de Faber E-Tec, no solo obtendr\u00e1 tecnolog\u00eda punta, sino tambi\u00e9n una soluci\u00f3n completa que contribuye activamente a reducir las emisiones de CO\u2082 y lleva su suministro energ\u00e9tico al siguiente nivel.<\/p>\t\t\t\t\t\t\t\t<\/div>\n\t\t\t\t<\/div>\n\t\t\t\t<div class=\"elementor-element elementor-element-413c5ac elementor-widget-divider--view-line elementor-widget elementor-widget-divider\" data-id=\"413c5ac\" data-element_type=\"widget\" data-e-type=\"widget\" data-widget_type=\"divider.default\">\n\t\t\t\t<div class=\"elementor-widget-container\">\n\t\t\t\t\t\t\t<div class=\"elementor-divider\">\n\t\t\t<span class=\"elementor-divider-separator\">\n\t\t\t\t\t\t<\/span>\n\t\t<\/div>\n\t\t\t\t\t\t<\/div>\n\t\t\t\t<\/div>\n\t\t\t\t<div class=\"elementor-element elementor-element-70d1c26 elementor-widget elementor-widget-heading\" data-id=\"70d1c26\" data-element_type=\"widget\" data-e-type=\"widget\" data-widget_type=\"heading.default\">\n\t\t\t\t<div class=\"elementor-widget-container\">\n\t\t\t\t\t<h3 class=\"elementor-heading-title elementor-size-default\">FAQ: Reducci\u00f3n de las emisiones de CO\u2082 con sistemas inteligentes de almacenamiento en bater\u00edas (BESS)<\/h3>\t\t\t\t<\/div>\n\t\t\t\t<\/div>\n\t\t\t\t<div class=\"elementor-element elementor-element-61a034f faqaccordion elementor-widget elementor-widget-n-accordion\" data-id=\"61a034f\" data-element_type=\"widget\" data-e-type=\"widget\" data-settings=\"{&quot;default_state&quot;:&quot;all_collapsed&quot;,&quot;max_items_expended&quot;:&quot;one&quot;,&quot;n_accordion_animation_duration&quot;:{&quot;unit&quot;:&quot;ms&quot;,&quot;size&quot;:400,&quot;sizes&quot;:[]}}\" data-widget_type=\"nested-accordion.default\">\n\t\t\t\t<div class=\"elementor-widget-container\">\n\t\t\t\t\t\t\t<div class=\"e-n-accordion\" aria-label=\"Acorde\u00f3n. Abra los enlaces con Intro o Espacio, ci\u00e9rrelos con Escape y navegue con las teclas de flecha.\">\n\t\t\t\t\t\t<details id=\"e-n-accordion-item-1020\" class=\"e-n-accordion-item\" >\n\t\t\t\t<summary class=\"e-n-accordion-item-title\" data-accordion-index=\"1\" tabindex=\"0\" aria-expanded=\"false\" aria-controls=\"e-n-accordion-item-1020\" >\n\t\t\t\t\t<span class='e-n-accordion-item-title-header'><div class=\"e-n-accordion-item-title-text\"> C\u00f3mo contribuye activamente un BESS a la reducci\u00f3n de CO\u2082? <\/div><\/span>\n\t\t\t\t\t\t\t<span class='e-n-accordion-item-title-icon'>\n\t\t\t<span class='e-opened' ><i aria-hidden=\"true\" class=\"fas fa-minus\"><\/i><\/span>\n\t\t\t<span class='e-closed'><i aria-hidden=\"true\" class=\"fas fa-plus\"><\/i><\/span>\n\t\t<\/span>\n\n\t\t\t\t\t\t<\/summary>\n\t\t\t\t<div role=\"region\" aria-labelledby=\"e-n-accordion-item-1020\" class=\"elementor-element elementor-element-1e3c7fc e-con-full e-flex e-con e-child\" data-id=\"1e3c7fc\" data-element_type=\"container\" data-e-type=\"container\">\n\t\t\t\t<div class=\"elementor-element elementor-element-2b35d8a elementor-widget elementor-widget-text-editor\" data-id=\"2b35d8a\" data-element_type=\"widget\" data-e-type=\"widget\" data-widget_type=\"text-editor.default\">\n\t\t\t\t<div class=\"elementor-widget-container\">\n\t\t\t\t\t\t\t\t\t<p data-path-to-node=\"6\">Un sistema de almacenamiento de energ\u00eda en bater\u00eda (BESS) reduce las emisiones de CO\u2082 de dos maneras:<\/p><ol start=\"1\" data-path-to-node=\"7\"><li><p data-path-to-node=\"7,0,0\">Integraci\u00f3n de energ\u00edas renovables: almacena el excedente de electricidad procedente de centrales fotovoltaicas o e\u00f3licas y lo hace utilizable cuando no brilla el sol (por la noche o cuando est\u00e1 nublado). Esto significa que se necesita menos electricidad \u201egris\u201c de la red (procedente de combustibles f\u00f3siles).<\/p><\/li><li><p data-path-to-node=\"7,1,0\">Sustituci\u00f3n de la energ\u00eda f\u00f3sil de equilibrio: sin almacenamiento, las centrales el\u00e9ctricas de gas a menudo tienen que aumentar su potencia para absorber los picos de carga de la red. Un BESS asume esta tarea sin emisiones.<\/p><\/li><\/ol>\t\t\t\t\t\t\t\t<\/div>\n\t\t\t\t<\/div>\n\t\t\t\t<\/div>\n\t\t\t\t\t<\/details>\n\t\t\t\t\t\t<details id=\"e-n-accordion-item-1021\" class=\"e-n-accordion-item\" >\n\t\t\t\t<summary class=\"e-n-accordion-item-title\" data-accordion-index=\"2\" tabindex=\"-1\" aria-expanded=\"false\" aria-controls=\"e-n-accordion-item-1021\" >\n\t\t\t\t\t<span class='e-n-accordion-item-title-header'><div class=\"e-n-accordion-item-title-text\"> \u00bfPuede un sistema de almacenamiento en bater\u00edas sustituir a los generadores di\u00e9sel? <\/div><\/span>\n\t\t\t\t\t\t\t<span class='e-n-accordion-item-title-icon'>\n\t\t\t<span class='e-opened' ><i aria-hidden=\"true\" class=\"fas fa-minus\"><\/i><\/span>\n\t\t\t<span class='e-closed'><i aria-hidden=\"true\" class=\"fas fa-plus\"><\/i><\/span>\n\t\t<\/span>\n\n\t\t\t\t\t\t<\/summary>\n\t\t\t\t<div role=\"region\" aria-labelledby=\"e-n-accordion-item-1021\" class=\"elementor-element elementor-element-33def60 e-con-full e-flex e-con e-child\" data-id=\"33def60\" data-element_type=\"container\" data-e-type=\"container\">\n\t\t\t\t<div class=\"elementor-element elementor-element-79c1acc elementor-widget elementor-widget-text-editor\" data-id=\"79c1acc\" data-element_type=\"widget\" data-e-type=\"widget\" data-widget_type=\"text-editor.default\">\n\t\t\t\t<div class=\"elementor-widget-container\">\n\t\t\t\t\t\t\t\t\tS\u00ed, se trata de una de las palancas m\u00e1s eficaces para la protecci\u00f3n del clima en la industria. Hasta ahora, muchas empresas han utilizado grupos electr\u00f3genos di\u00e9sel para reducir los picos de consumo o como fuente de alimentaci\u00f3n de emergencia. Un BESS de Faber E-Tec sustituye por completo a estos grupos electr\u00f3genos: Funciona silenciosamente, requiere poco mantenimiento y no produce gases de escape localizados. Esto mejora inmediatamente la huella de carbono del emplazamiento.\t\t\t\t\t\t\t\t<\/div>\n\t\t\t\t<\/div>\n\t\t\t\t<\/div>\n\t\t\t\t\t<\/details>\n\t\t\t\t\t\t<details id=\"e-n-accordion-item-1022\" class=\"e-n-accordion-item\" >\n\t\t\t\t<summary class=\"e-n-accordion-item-title\" data-accordion-index=\"3\" tabindex=\"-1\" aria-expanded=\"false\" aria-controls=\"e-n-accordion-item-1022\" >\n\t\t\t\t\t<span class='e-n-accordion-item-title-header'><div class=\"e-n-accordion-item-title-text\"> \u00bfC\u00f3mo mejora el BESS el balance ESG de mi empresa? <\/div><\/span>\n\t\t\t\t\t\t\t<span class='e-n-accordion-item-title-icon'>\n\t\t\t<span class='e-opened' ><i aria-hidden=\"true\" class=\"fas fa-minus\"><\/i><\/span>\n\t\t\t<span class='e-closed'><i aria-hidden=\"true\" class=\"fas fa-plus\"><\/i><\/span>\n\t\t<\/span>\n\n\t\t\t\t\t\t<\/summary>\n\t\t\t\t<div role=\"region\" aria-labelledby=\"e-n-accordion-item-1022\" class=\"elementor-element elementor-element-53a3383 e-con-full e-flex e-con e-child\" data-id=\"53a3383\" data-element_type=\"container\" data-e-type=\"container\">\n\t\t\t\t<div class=\"elementor-element elementor-element-2ae05a0 elementor-widget elementor-widget-text-editor\" data-id=\"2ae05a0\" data-element_type=\"widget\" data-e-type=\"widget\" data-widget_type=\"text-editor.default\">\n\t\t\t\t<div class=\"elementor-widget-container\">\n\t\t\t\t\t\t\t\t\t<p>Como parte de los informes ESG (Environmental, Social, Governance), las empresas deben aportar pruebas de sus estrategias de descarbonizaci\u00f3n. La instalaci\u00f3n de un BESS se considera una medida activa para aumentar la eficiencia energ\u00e9tica y promover las energ\u00edas renovables. Esto mejora su calificaci\u00f3n ante bancos, inversores y clientes que valoran una \u201ecadena de suministro verde\u201c.<\/p>\t\t\t\t\t\t\t\t<\/div>\n\t\t\t\t<\/div>\n\t\t\t\t<\/div>\n\t\t\t\t\t<\/details>\n\t\t\t\t\t\t<details id=\"e-n-accordion-item-1023\" class=\"e-n-accordion-item\" >\n\t\t\t\t<summary class=\"e-n-accordion-item-title\" data-accordion-index=\"4\" tabindex=\"-1\" aria-expanded=\"false\" aria-controls=\"e-n-accordion-item-1023\" >\n\t\t\t\t\t<span class='e-n-accordion-item-title-header'><div class=\"e-n-accordion-item-title-text\"> \u00bfAumenta un BESS la cuota de autoconsumo de mi sistema fotovoltaico? <\/div><\/span>\n\t\t\t\t\t\t\t<span class='e-n-accordion-item-title-icon'>\n\t\t\t<span class='e-opened' ><i aria-hidden=\"true\" class=\"fas fa-minus\"><\/i><\/span>\n\t\t\t<span class='e-closed'><i aria-hidden=\"true\" class=\"fas fa-plus\"><\/i><\/span>\n\t\t<\/span>\n\n\t\t\t\t\t\t<\/summary>\n\t\t\t\t<div role=\"region\" aria-labelledby=\"e-n-accordion-item-1023\" class=\"elementor-element elementor-element-a4cc2fb e-con-full e-flex e-con e-child\" data-id=\"a4cc2fb\" data-element_type=\"container\" data-e-type=\"container\">\n\t\t\t\t<div class=\"elementor-element elementor-element-eadcbcc elementor-widget elementor-widget-text-editor\" data-id=\"eadcbcc\" data-element_type=\"widget\" data-e-type=\"widget\" data-widget_type=\"text-editor.default\">\n\t\t\t\t<div class=\"elementor-widget-container\">\n\t\t\t\t\t\t\t\t\t<p>Por supuesto. En la industria, la energ\u00eda solar suele producirse cuando la demanda es baja (por ejemplo, los fines de semana o durante las pausas). Sin almacenamiento, esta electricidad verde se vierte a la red. Con un BESS, se almacena y se utiliza cuando las m\u00e1quinas funcionan a plena carga. Esto maximiza el autoconsumo, reduce la factura el\u00e9ctrica y minimiza la huella de carbono por producto fabricado.<\/p>\t\t\t\t\t\t\t\t<\/div>\n\t\t\t\t<\/div>\n\t\t\t\t<\/div>\n\t\t\t\t\t<\/details>\n\t\t\t\t\t<\/div>\n\t\t\t\t\t\n\t\t\t\t\t\t\t<\/div>\n\t\t\t\t<\/div>\n\t\t\t\t\t<\/div>\n\t\t\t\t<\/div>\n\t\t\t\t<\/div>","protected":false},"excerpt":{"rendered":"<p>Los modernos sistemas de almacenamiento en bater\u00edas BESS de Faber E-Tec permiten una eficiencia energ\u00e9tica sostenible, menos emisiones y un suministro de energ\u00eda estable y preparado para el futuro para el comercio y la industria.<\/p>","protected":false},"author":2,"featured_media":16568,"comment_status":"closed","ping_status":"open","sticky":false,"template":"","format":"standard","meta":{"_acf_changed":false,"footnotes":""},"categories":[52],"tags":[],"class_list":["post-17365","post","type-post","status-publish","format-standard","has-post-thumbnail","hentry","category-forschung-und-entwicklung"],"acf":[],"_links":{"self":[{"href":"https:\/\/faber-etec.de\/es\/wp-json\/wp\/v2\/posts\/17365","targetHints":{"allow":["GET"]}}],"collection":[{"href":"https:\/\/faber-etec.de\/es\/wp-json\/wp\/v2\/posts"}],"about":[{"href":"https:\/\/faber-etec.de\/es\/wp-json\/wp\/v2\/types\/post"}],"author":[{"embeddable":true,"href":"https:\/\/faber-etec.de\/es\/wp-json\/wp\/v2\/users\/2"}],"replies":[{"embeddable":true,"href":"https:\/\/faber-etec.de\/es\/wp-json\/wp\/v2\/comments?post=17365"}],"version-history":[{"count":14,"href":"https:\/\/faber-etec.de\/es\/wp-json\/wp\/v2\/posts\/17365\/revisions"}],"predecessor-version":[{"id":17418,"href":"https:\/\/faber-etec.de\/es\/wp-json\/wp\/v2\/posts\/17365\/revisions\/17418"}],"wp:featuredmedia":[{"embeddable":true,"href":"https:\/\/faber-etec.de\/es\/wp-json\/wp\/v2\/media\/16568"}],"wp:attachment":[{"href":"https:\/\/faber-etec.de\/es\/wp-json\/wp\/v2\/media?parent=17365"}],"wp:term":[{"taxonomy":"category","embeddable":true,"href":"https:\/\/faber-etec.de\/es\/wp-json\/wp\/v2\/categories?post=17365"},{"taxonomy":"post_tag","embeddable":true,"href":"https:\/\/faber-etec.de\/es\/wp-json\/wp\/v2\/tags?post=17365"}],"curies":[{"name":"wp","href":"https:\/\/api.w.org\/{rel}","templated":true}]}}