{"id":17383,"date":"2025-11-22T15:09:00","date_gmt":"2025-11-22T14:09:00","guid":{"rendered":"https:\/\/faber-etec.de\/?p=17383"},"modified":"2025-11-21T16:24:39","modified_gmt":"2025-11-21T15:24:39","slug":"bess-spitzenlastmanagement","status":"publish","type":"post","link":"https:\/\/faber-etec.de\/es\/forschung-und-entwicklung\/bess-spitzenlastmanagement\/","title":{"rendered":"Gesti\u00f3n de picos de carga: control inteligente de la energ\u00eda con BESS"},"content":{"rendered":"<div data-elementor-type=\"wp-post\" data-elementor-id=\"17383\" class=\"elementor elementor-17383\" data-elementor-post-type=\"post\">\n\t\t\t\t<div class=\"elementor-element elementor-element-7bcf84d e-flex e-con-boxed e-con e-parent\" data-id=\"7bcf84d\" data-element_type=\"container\" data-e-type=\"container\">\n\t\t\t\t\t<div class=\"e-con-inner\">\n\t\t\t\t<div class=\"elementor-element elementor-element-8c46f2a elementor-widget elementor-widget-text-editor\" data-id=\"8c46f2a\" data-element_type=\"widget\" data-e-type=\"widget\" data-widget_type=\"text-editor.default\">\n\t\t\t\t<div class=\"elementor-widget-container\">\n\t\t\t\t\t\t\t\t\t<p>Gesti\u00f3n de picos de carga y sistemas BESS: En las operaciones industriales y comerciales modernas (<strong>Almacenamiento industrial<\/strong> &amp; <strong>Almac\u00e9n comercial<\/strong>), la energ\u00eda es algo m\u00e1s que un factor de coste: es un recurso estrat\u00e9gico. Sin embargo, sobre todo cuando se ponen en marcha grandes m\u00e1quinas o los procesos de producci\u00f3n funcionan en paralelo, pueden producirse cortes de energ\u00eda a corto plazo. <b>Picos de potencia<\/b> (picos de carga). El problema es que los proveedores de energ\u00eda suelen calcular las tarifas de red bas\u00e1ndose en el mayor consumo del a\u00f1o. Un solo valor at\u00edpico puede disparar la factura de la luz.<\/p><p data-path-to-node=\"9\">La soluci\u00f3n es tan eficaz como sencilla: <b>Gesti\u00f3n de picos de carga<\/b> (tambi\u00e9n conocido como <i>Reducci\u00f3n de picos<\/i>) con modernos <b>Sistema BESS <\/b>(sistemas de almacenamiento de energ\u00eda en bater\u00edas) de Faber E-Tec GmbH.<\/p>\t\t\t\t\t\t\t\t<\/div>\n\t\t\t\t<\/div>\n\t\t\t\t<div class=\"elementor-element elementor-element-7d5a311 elementor-widget-divider--view-line elementor-widget elementor-widget-divider\" data-id=\"7d5a311\" data-element_type=\"widget\" data-e-type=\"widget\" data-widget_type=\"divider.default\">\n\t\t\t\t<div class=\"elementor-widget-container\">\n\t\t\t\t\t\t\t<div class=\"elementor-divider\">\n\t\t\t<span class=\"elementor-divider-separator\">\n\t\t\t\t\t\t<\/span>\n\t\t<\/div>\n\t\t\t\t\t\t<\/div>\n\t\t\t\t<\/div>\n\t\t\t\t<div class=\"elementor-element elementor-element-3874cb9 elementor-widget elementor-widget-text-editor\" data-id=\"3874cb9\" data-element_type=\"widget\" data-e-type=\"widget\" data-widget_type=\"text-editor.default\">\n\t\t\t\t<div class=\"elementor-widget-container\">\n\t\t\t\t\t\t\t\t\t<h2>\u00bfQu\u00e9 es la gesti\u00f3n de picos de carga y por qu\u00e9 es esencial?<\/h2>\n<p>Con la gesti\u00f3n de picos de carga, su consumo de energ\u00eda se controla en tiempo real. El objetivo es suavizar los costosos \u201epicos\u201c de la curva de carga para lograr un perfil de consumo uniforme.<\/p>\n<p>As\u00ed funciona el principio:<\/p>\n<ol start=\"1\">\n<li>\n<p>Supervisi\u00f3n: el sistema mide continuamente la demanda de energ\u00eda.<\/p>\n<\/li>\n<li>\n<p>Descarga (<strong>Reducci\u00f3n de picos<\/strong>): Si la demanda supera un valor umbral definido, el BESS se enciende a la velocidad del rayo y suministra la energ\u00eda necesaria desde el sistema de almacenamiento en lugar de extraerla de la red.<\/p>\n<\/li>\n<li>\n<p>Carga: Si la carga vuelve a caer durante el funcionamiento, el BESS se recarga autom\u00e1ticamente (por ejemplo, a trav\u00e9s de la red el\u00e9ctrica de bajo coste o de tu propio sistema fotovoltaico).<br \/><br \/><\/p>\n<\/li>\n<\/ol>\n<p>El resultado para su empresa:<\/p>\n<ol>\n<li>\n<p>Reducci\u00f3n masiva de los costes: al reducir la carga m\u00e1xima, las tarifas de la red el\u00e9ctrica se reducen dr\u00e1sticamente.<\/p>\n<\/li>\n<li>\n<p>Adquisici\u00f3n coherente de energ\u00eda: seguridad de planificaci\u00f3n para su presupuesto.<\/p>\n<\/li>\n<li>\n<p>Alivio para la infraestructura: menos tensi\u00f3n para transformadores y cables.<\/p>\n<\/li>\n<\/ol>\t\t\t\t\t\t\t\t<\/div>\n\t\t\t\t<\/div>\n\t\t\t\t<div class=\"elementor-element elementor-element-2c9b0ad elementor-widget elementor-widget-image\" data-id=\"2c9b0ad\" data-element_type=\"widget\" data-e-type=\"widget\" data-widget_type=\"image.default\">\n\t\t\t\t<div class=\"elementor-widget-container\">\n\t\t\t\t\t\t\t\t\t\t\t\t<figure class=\"wp-caption\">\n\t\t\t\t\t\t\t\t\t\t<img decoding=\"async\" src=\"https:\/\/faber-etec.de\/wp-content\/uploads\/sites\/3\/elementor\/thumbs\/AdobeStock_584279663-scaled-re4wn7bfa0lokif2lsuca62j0v16mbfnqlrauet3lo.jpeg\" title=\"Soluciones BESS de Faber E-Tec para la gesti\u00f3n de picos de carga\" alt=\"Contenedor industrial de almacenamiento de bater\u00edas BESS para la gesti\u00f3n de picos de carga (peak shaving) con el fin de reducir las cargas de la red.\" loading=\"lazy\" \/>\t\t\t\t\t\t\t\t\t\t\t<figcaption class=\"widget-image-caption wp-caption-text\">Ahorro de picos - sistema energ\u00e9tico industrial \/ almacenamiento en bater\u00edas industriales: con los modernos sistemas BESS, los picos de carga pueden interceptarse de forma fiable. <\/figcaption>\n\t\t\t\t\t\t\t\t\t\t<\/figure>\n\t\t\t\t\t\t\t\t\t<\/div>\n\t\t\t\t<\/div>\n\t\t\t\t<div class=\"elementor-element elementor-element-b41c874 elementor-widget-divider--view-line elementor-widget elementor-widget-divider\" data-id=\"b41c874\" data-element_type=\"widget\" data-e-type=\"widget\" data-widget_type=\"divider.default\">\n\t\t\t\t<div class=\"elementor-widget-container\">\n\t\t\t\t\t\t\t<div class=\"elementor-divider\">\n\t\t\t<span class=\"elementor-divider-separator\">\n\t\t\t\t\t\t<\/span>\n\t\t<\/div>\n\t\t\t\t\t\t<\/div>\n\t\t\t\t<\/div>\n\t\t\t\t<div class=\"elementor-element elementor-element-c709f0b elementor-widget elementor-widget-text-editor\" data-id=\"c709f0b\" data-element_type=\"widget\" data-e-type=\"widget\" data-widget_type=\"text-editor.default\">\n\t\t\t\t<div class=\"elementor-widget-container\">\n\t\t\t\t\t\t\t\t\t<h3>Por qu\u00e9 el sistema BESS es la tecnolog\u00eda superior<\/h3>\n<p>En el pasado, las empresas utilizaban generadores di\u00e9sel o complejos contratos de deslastre de carga para evitar los picos. Un moderno sistema de almacenamiento de energ\u00eda en bater\u00edas (BESS) ofrece aqu\u00ed ventajas decisivas:<\/p>\n<p data-path-to-node=\"18,0,0\">Tiempo de respuesta en milisegundos: A diferencia de los generadores lentos, los sistemas BESS compensan los cambios de carga casi instant\u00e1neamente.<\/p>\n<p data-path-to-node=\"18,1,0\">Integraci\u00f3n perfecta: como socio EPC con experiencia, podemos integrar f\u00e1cilmente BESS en su infraestructura existente, ya sea una estaci\u00f3n transformadora, un sistema fotovoltaico o directamente en la nave industrial.<\/p>\n<p data-path-to-node=\"18,2,0\">Rentabilidad: un sistema de almacenamiento bien dimensionado suele amortizarse en pocos a\u00f1os gracias al ahorro en las tarifas de red.<\/p>\n<p data-path-to-node=\"18,3,0\">M\u00e1xima seguridad de suministro: gracias al sistema inteligente EMS (Energy Management System) y BMS (Battery Management System), el sistema funciona de forma segura en funcionamiento continuo.<\/p>\t\t\t\t\t\t\t\t<\/div>\n\t\t\t\t<\/div>\n\t\t\t\t<div class=\"elementor-element elementor-element-762bdc0 elementor-cta--skin-cover elementor-cta--valign-middle elementor-bg-transform elementor-bg-transform-zoom-in elementor-widget elementor-widget-call-to-action\" data-id=\"762bdc0\" data-element_type=\"widget\" data-e-type=\"widget\" data-widget_type=\"call-to-action.default\">\n\t\t\t\t<div class=\"elementor-widget-container\">\n\t\t\t\t\t\t\t<div class=\"elementor-cta\">\n\t\t\t\t\t<div class=\"elementor-cta__bg-wrapper\">\n\t\t\t\t<div class=\"elementor-cta__bg elementor-bg\" style=\"background-image: url(https:\/\/faber-etec.de\/wp-content\/uploads\/sites\/3\/2025\/11\/kompakt-trafostation-faber-etec-kompaktstation-von-unten-Perspektive-1024x444.avif);\" role=\"img\" aria-label=\"Centro de transformaci\u00f3n compacto para media tensi\u00f3n en exteriores - Faber E-Tec - centro de transformaci\u00f3n compacto, centro de transformaci\u00f3n, centro de transformaci\u00f3n compacto, centro de hormig\u00f3n, media tensi\u00f3n, instalaci\u00f3n fotovoltaica, energ\u00eda solar\"><\/div>\n\t\t\t\t<div class=\"elementor-cta__bg-overlay\"><\/div>\n\t\t\t<\/div>\n\t\t\t\t\t\t\t<div class=\"elementor-cta__content\">\n\t\t\t\t\n\t\t\t\t\t\t\t\t\t<h3 class=\"elementor-cta__title elementor-cta__content-item elementor-content-item\">\n\t\t\t\t\t\tEstaci\u00f3n compacta BESS\t\t\t\t\t<\/h3>\n\t\t\t\t\n\t\t\t\t\n\t\t\t\t\t\t\t\t\t<div class=\"elementor-cta__button-wrapper elementor-cta__content-item elementor-content-item\">\n\t\t\t\t\t<a class=\"elementor-cta__button elementor-button elementor-size-\"  href=\"https:\/\/faber-etec.de\/es\/estacion-compacta\/\" title=\"Estaci\u00f3n compacta - Solicitar estaci\u00f3n compacta\">\n\t\t\t\t\t\tSolicitar estaci\u00f3n compacta <i aria-hidden=\"true\" class=\"fas fa-angle-right\"><\/i>\t\t\t\t\t<\/a>\n\t\t\t\t\t<\/div>\n\t\t\t\t\t\t\t<\/div>\n\t\t\t\t\t\t<\/div>\n\t\t\t\t\t\t<\/div>\n\t\t\t\t<\/div>\n\t\t\t\t<div class=\"elementor-element elementor-element-d112e2c elementor-widget-divider--view-line elementor-widget elementor-widget-divider\" data-id=\"d112e2c\" data-element_type=\"widget\" data-e-type=\"widget\" data-widget_type=\"divider.default\">\n\t\t\t\t<div class=\"elementor-widget-container\">\n\t\t\t\t\t\t\t<div class=\"elementor-divider\">\n\t\t\t<span class=\"elementor-divider-separator\">\n\t\t\t\t\t\t<\/span>\n\t\t<\/div>\n\t\t\t\t\t\t<\/div>\n\t\t\t\t<\/div>\n\t\t\t\t<div class=\"elementor-element elementor-element-3ca16d3 elementor-widget elementor-widget-text-editor\" data-id=\"3ca16d3\" data-element_type=\"widget\" data-e-type=\"widget\" data-widget_type=\"text-editor.default\">\n\t\t\t\t<div class=\"elementor-widget-container\">\n\t\t\t\t\t\t\t\t\t<h3>Faber E-Tec: Su socio EPC para el almacenamiento integrado de energ\u00eda<\/h3>\n<p>En Faber E-Tec GmbH, no nos consideramos un mero proveedor, sino su socio EPC (ingenier\u00eda, adquisici\u00f3n y construcci\u00f3n). Esto significa que no le suministramos una \u201ecaja\u201c, sino un centro energ\u00e9tico llave en mano.<\/p>\n<p>Nuestras soluciones BESS son modulares, escalables y est\u00e1n dise\u00f1adas para el duro entorno industrial. Combinamos unidades de almacenamiento de alto rendimiento con nuestras estaciones transformadoras compactas de eficacia probada para garantizar la m\u00e1xima eficiencia y seguridad (VDE 4110\/4120, IEC 62619).<\/p>\t\t\t\t\t\t\t\t<\/div>\n\t\t\t\t<\/div>\n\t\t\t\t<div class=\"elementor-element elementor-element-070949e elementor-widget elementor-widget-text-editor\" data-id=\"070949e\" data-element_type=\"widget\" data-e-type=\"widget\" data-widget_type=\"text-editor.default\">\n\t\t\t\t<div class=\"elementor-widget-container\">\n\t\t\t\t\t\t\t\t\t<h4>Nuestras soluciones de productos BESS de un vistazo<\/h4>\n<p>Tanto si se trata de una mediana empresa como de un gran parque industrial, tenemos la escala adecuada.<\/p>\n<table style=\"width: 100%; border-collapse: collapse; text-align: left;\">\n<thead>\n<tr style=\"background-color: #f2f2f2; border-bottom: 2px solid #333;\">\n<th style=\"padding: 10px; border: 1px solid #ddd;\">Modelo<\/th>\n<th style=\"padding: 10px; border: 1px solid #ddd;\">Capacidad<\/th>\n<th style=\"padding: 10px; border: 1px solid #ddd;\">Aplicaci\u00f3n ideal<\/th>\n<\/tr>\n<\/thead>\n<tbody>\n<tr>\n<td style=\"padding: 10px; border: 1px solid #ddd;\"><strong>Greencube 418 kWh<\/strong><\/td>\n<td style=\"padding: 10px; border: 1px solid #ddd;\">418 kWh<\/td>\n<td style=\"padding: 10px; border: 1px solid #ddd;\">Perfecto para <strong>Comercio<\/strong>. Compacto e ideal para cubrir picos a corto plazo en sistemas peque\u00f1os.<\/td>\n<\/tr>\n<tr>\n<td style=\"padding: 10px; border: 1px solid #ddd;\"><strong>Greencube 835 kWh<\/strong><\/td>\n<td style=\"padding: 10px; border: 1px solid #ddd;\">835 kWh<\/td>\n<td style=\"padding: 10px; border: 1px solid #ddd;\">La soluci\u00f3n para el <strong>Clase media<\/strong>. Alta eficiencia gracias a la refrigeraci\u00f3n l\u00edquida y al control EMS.<\/td>\n<\/tr>\n<tr>\n<td style=\"padding: 10px; border: 1px solid #ddd;\"><strong>Contenedor BESS<\/strong><\/td>\n<td style=\"padding: 10px; border: 1px solid #ddd;\">3.340 - 5.015 kWh<\/td>\n<td style=\"padding: 10px; border: 1px solid #ddd;\">Soluciones de contenedores de alto rendimiento para <strong>Grandes parques industriales y energ\u00e9ticos<\/strong>. Potencia m\u00e1xima para la estabilizaci\u00f3n de la red y el funcionamiento tamp\u00f3n.<\/td>\n<\/tr>\n<\/tbody>\n<\/table>\t\t\t\t\t\t\t\t<\/div>\n\t\t\t\t<\/div>\n\t\t\t\t<div class=\"elementor-element elementor-element-b42a74f elementor-widget elementor-widget-text-editor\" data-id=\"b42a74f\" data-element_type=\"widget\" data-e-type=\"widget\" data-widget_type=\"text-editor.default\">\n\t\t\t\t<div class=\"elementor-widget-container\">\n\t\t\t\t\t\t\t\t\t<h3>Tecnolog\u00eda y seguridad<\/h3>\n<p>La seguridad es nuestra m\u00e1xima prioridad. Todos los sistemas Faber E-Tec utilizan la moderna tecnolog\u00eda de c\u00e9lulas LFP (fosfato de hierro y litio), que se considera especialmente segura y duradera. Complementados con una eficaz refrigeraci\u00f3n l\u00edquida y sistemas de extinci\u00f3n de incendios por aerosol integrados, nuestros sistemas de almacenamiento est\u00e1n equipados para un funcionamiento industrial continuo.<\/p>\t\t\t\t\t\t\t\t<\/div>\n\t\t\t\t<\/div>\n\t\t\t\t<div class=\"elementor-element elementor-element-f5ad339 elementor-widget-divider--view-line elementor-widget elementor-widget-divider\" data-id=\"f5ad339\" data-element_type=\"widget\" data-e-type=\"widget\" data-widget_type=\"divider.default\">\n\t\t\t\t<div class=\"elementor-widget-container\">\n\t\t\t\t\t\t\t<div class=\"elementor-divider\">\n\t\t\t<span class=\"elementor-divider-separator\">\n\t\t\t\t\t\t<\/span>\n\t\t<\/div>\n\t\t\t\t\t\t<\/div>\n\t\t\t\t<\/div>\n\t\t\t\t<div class=\"elementor-element elementor-element-010be0b elementor-widget elementor-widget-text-editor\" data-id=\"010be0b\" data-element_type=\"widget\" data-e-type=\"widget\" data-widget_type=\"text-editor.default\">\n\t\t\t\t<div class=\"elementor-widget-container\">\n\t\t\t\t\t\t\t\t\t<h2>Conclusi\u00f3n: Ventajas competitivas gracias a la energ\u00eda inteligente<\/h2>\n<p>La interacci\u00f3n de BESS y la gesti\u00f3n de picos de carga ya no es un lujo, sino una necesidad econ\u00f3mica. Con las soluciones de Faber E-Tec GmbH, se asegura tres ventajas decisivas:<\/p>\n<ol start=\"1\" data-path-to-node=\"31\">\n<li>\n<p data-path-to-node=\"31,0,0\">Reducci\u00f3n de costes en las tarifas de red.<br \/><br \/><\/p>\n<\/li>\n<li>\n<p data-path-to-node=\"31,1,0\">Fuente de alimentaci\u00f3n estable para mayor fiabilidad operativa.<br \/><br \/><\/p>\n<\/li>\n<li>\n<p data-path-to-node=\"31,2,0\">Preparada para el futuro gracias a la opci\u00f3n de integraci\u00f3n fotovoltaica y optimizaci\u00f3n del autoconsumo.<br \/><br \/><\/p>\n<\/li>\n<\/ol>\n<p data-path-to-node=\"32\">\u00bfQuiere saber cu\u00e1nto puede ahorrar con la reducci\u00f3n de picos? Perm\u00edtanos analizar su curva de carga. P\u00f3ngase en contacto con nosotros hoy mismo para una consulta sin compromiso.<\/p>\t\t\t\t\t\t\t\t<\/div>\n\t\t\t\t<\/div>\n\t\t\t\t<div class=\"elementor-element elementor-element-389f31e elementor-widget elementor-widget-image\" data-id=\"389f31e\" data-element_type=\"widget\" data-e-type=\"widget\" data-widget_type=\"image.default\">\n\t\t\t\t<div class=\"elementor-widget-container\">\n\t\t\t\t\t\t\t\t\t\t\t\t<figure class=\"wp-caption\">\n\t\t\t\t\t\t\t\t\t\t<img decoding=\"async\" src=\"https:\/\/faber-etec.de\/wp-content\/uploads\/sites\/3\/elementor\/thumbs\/batter-sunrise-scaled-re615yydrtl1vwtw9jpq8tiksz2smil24jrqe672o0.avif\" title=\"Sistemas de almacenamiento en bater\u00edas BESS de Faber E-Tec: soluciones sostenibles de almacenamiento de energ\u00eda para la industria y el comercio\" alt=\"Sistema de almacenamiento en bater\u00edas BESS de Faber E-Tec al amanecer: imagen simb\u00f3lica del almacenamiento de energ\u00eda sostenible y la eficiencia energ\u00e9tica industrial.\" loading=\"lazy\" \/>\t\t\t\t\t\t\t\t\t\t\t<figcaption class=\"widget-image-caption wp-caption-text\">Moderno contenedor de almacenamiento de bater\u00edas (BESS) de Faber E-Tec a la luz de la ma\u00f1ana. La imagen simboliza el cambio hacia soluciones sostenibles de almacenamiento de energ\u00eda y reducci\u00f3n de CO\u2082 en la industria y el comercio.<\/figcaption>\n\t\t\t\t\t\t\t\t\t\t<\/figure>\n\t\t\t\t\t\t\t\t\t<\/div>\n\t\t\t\t<\/div>\n\t\t\t\t<div class=\"elementor-element elementor-element-4b2c2ce elementor-widget elementor-widget-heading\" data-id=\"4b2c2ce\" data-element_type=\"widget\" data-e-type=\"widget\" data-widget_type=\"heading.default\">\n\t\t\t\t<div class=\"elementor-widget-container\">\n\t\t\t\t\t<h3 class=\"elementor-heading-title elementor-size-default\">Preguntas frecuentes sobre gesti\u00f3n de picos de carga y BESS<\/h3>\t\t\t\t<\/div>\n\t\t\t\t<\/div>\n\t\t\t\t<div class=\"elementor-element elementor-element-d9f2303 faqaccordion elementor-widget elementor-widget-n-accordion\" data-id=\"d9f2303\" data-element_type=\"widget\" data-e-type=\"widget\" data-settings=\"{&quot;default_state&quot;:&quot;all_collapsed&quot;,&quot;max_items_expended&quot;:&quot;one&quot;,&quot;n_accordion_animation_duration&quot;:{&quot;unit&quot;:&quot;ms&quot;,&quot;size&quot;:400,&quot;sizes&quot;:[]}}\" data-widget_type=\"nested-accordion.default\">\n\t\t\t\t<div class=\"elementor-widget-container\">\n\t\t\t\t\t\t\t<div class=\"e-n-accordion\" aria-label=\"Acorde\u00f3n. Abra los enlaces con Intro o Espacio, ci\u00e9rrelos con Escape y navegue con las teclas de flecha.\">\n\t\t\t\t\t\t<details id=\"e-n-accordion-item-2280\" class=\"e-n-accordion-item\" >\n\t\t\t\t<summary class=\"e-n-accordion-item-title\" data-accordion-index=\"1\" tabindex=\"0\" aria-expanded=\"false\" aria-controls=\"e-n-accordion-item-2280\" >\n\t\t\t\t\t<span class='e-n-accordion-item-title-header'><div class=\"e-n-accordion-item-title-text\"> \u00bfQu\u00e9 es la gesti\u00f3n de picos de carga? <\/div><\/span>\n\t\t\t\t\t\t\t<span class='e-n-accordion-item-title-icon'>\n\t\t\t<span class='e-opened' ><i aria-hidden=\"true\" class=\"fas fa-minus\"><\/i><\/span>\n\t\t\t<span class='e-closed'><i aria-hidden=\"true\" class=\"fas fa-plus\"><\/i><\/span>\n\t\t<\/span>\n\n\t\t\t\t\t\t<\/summary>\n\t\t\t\t<div role=\"region\" aria-labelledby=\"e-n-accordion-item-2280\" class=\"elementor-element elementor-element-49bb7a4 e-con-full e-flex e-con e-child\" data-id=\"49bb7a4\" data-element_type=\"container\" data-e-type=\"container\">\n\t\t\t\t<div class=\"elementor-element elementor-element-98a3be1 elementor-widget elementor-widget-text-editor\" data-id=\"98a3be1\" data-element_type=\"widget\" data-e-type=\"widget\" data-widget_type=\"text-editor.default\">\n\t\t\t\t<div class=\"elementor-widget-container\">\n\t\t\t\t\t\t\t\t\t<p>La gesti\u00f3n de picos de carga se refiere a la reducci\u00f3n selectiva o el desplazamiento del consumo de electricidad en momentos de demanda especialmente elevada. El objetivo es suavizar los llamados picos de carga. Esto es crucial para las empresas industriales con el fin de reducir las tarifas de la red, ya que a menudo se basan en la mayor producci\u00f3n medida en 15 minutos del a\u00f1o.<\/p>\t\t\t\t\t\t\t\t<\/div>\n\t\t\t\t<\/div>\n\t\t\t\t<\/div>\n\t\t\t\t\t<\/details>\n\t\t\t\t\t\t<details id=\"e-n-accordion-item-2281\" class=\"e-n-accordion-item\" >\n\t\t\t\t<summary class=\"e-n-accordion-item-title\" data-accordion-index=\"2\" tabindex=\"-1\" aria-expanded=\"false\" aria-controls=\"e-n-accordion-item-2281\" >\n\t\t\t\t\t<span class='e-n-accordion-item-title-header'><div class=\"e-n-accordion-item-title-text\"> \u00bfPor qu\u00e9 los picos de carga son tan caros para las empresas? <\/div><\/span>\n\t\t\t\t\t\t\t<span class='e-n-accordion-item-title-icon'>\n\t\t\t<span class='e-opened' ><i aria-hidden=\"true\" class=\"fas fa-minus\"><\/i><\/span>\n\t\t\t<span class='e-closed'><i aria-hidden=\"true\" class=\"fas fa-plus\"><\/i><\/span>\n\t\t<\/span>\n\n\t\t\t\t\t\t<\/summary>\n\t\t\t\t<div role=\"region\" aria-labelledby=\"e-n-accordion-item-2281\" class=\"elementor-element elementor-element-7a7a455 e-con-full e-flex e-con e-child\" data-id=\"7a7a455\" data-element_type=\"container\" data-e-type=\"container\">\n\t\t\t\t<div class=\"elementor-element elementor-element-fe221a3 elementor-widget elementor-widget-text-editor\" data-id=\"fe221a3\" data-element_type=\"widget\" data-e-type=\"widget\" data-widget_type=\"text-editor.default\">\n\t\t\t\t<div class=\"elementor-widget-container\">\n\t\t\t\t\t\t\t\t\tLos proveedores de energ\u00eda cobran a los clientes industriales de electricidad no s\u00f3lo el consumo real (precio de la mano de obra), sino tambi\u00e9n un precio de rendimiento. \u00c9ste se basa en el mayor consumo anual. Un solo pico corto -por ejemplo, cuando grandes m\u00e1quinas se ponen en marcha al mismo tiempo- puede disparar las tarifas de la red para todo el a\u00f1o.\t\t\t\t\t\t\t\t<\/div>\n\t\t\t\t<\/div>\n\t\t\t\t<\/div>\n\t\t\t\t\t<\/details>\n\t\t\t\t\t\t<details id=\"e-n-accordion-item-2282\" class=\"e-n-accordion-item\" >\n\t\t\t\t<summary class=\"e-n-accordion-item-title\" data-accordion-index=\"3\" tabindex=\"-1\" aria-expanded=\"false\" aria-controls=\"e-n-accordion-item-2282\" >\n\t\t\t\t\t<span class='e-n-accordion-item-title-header'><div class=\"e-n-accordion-item-title-text\"> \u00bfC\u00f3mo ayuda un sistema de almacenamiento de energ\u00eda en bater\u00edas (BESS) a gestionar los picos de carga? <\/div><\/span>\n\t\t\t\t\t\t\t<span class='e-n-accordion-item-title-icon'>\n\t\t\t<span class='e-opened' ><i aria-hidden=\"true\" class=\"fas fa-minus\"><\/i><\/span>\n\t\t\t<span class='e-closed'><i aria-hidden=\"true\" class=\"fas fa-plus\"><\/i><\/span>\n\t\t<\/span>\n\n\t\t\t\t\t\t<\/summary>\n\t\t\t\t<div role=\"region\" aria-labelledby=\"e-n-accordion-item-2282\" class=\"elementor-element elementor-element-daccf8b e-con-full e-flex e-con e-child\" data-id=\"daccf8b\" data-element_type=\"container\" data-e-type=\"container\">\n\t\t\t\t<div class=\"elementor-element elementor-element-8990eb5 elementor-widget elementor-widget-text-editor\" data-id=\"8990eb5\" data-element_type=\"widget\" data-e-type=\"widget\" data-widget_type=\"text-editor.default\">\n\t\t\t\t<div class=\"elementor-widget-container\">\n\t\t\t\t\t\t\t\t\t<p>Un BESS (sistema de almacenamiento de energ\u00eda en bater\u00edas) es el m\u00e9todo m\u00e1s conveniente para reducir los picos de carga. En lugar de desconectar las m\u00e1quinas (deslastre de carga), el sistema de almacenamiento interviene: suministra la energ\u00eda necesaria en el momento exacto en que se produce el pico de carga. La red p\u00fablica no se ve sobrecargada, el funcionamiento contin\u00faa sin perturbaciones y el pico de carga no se incluye en la facturaci\u00f3n.<\/p>\t\t\t\t\t\t\t\t<\/div>\n\t\t\t\t<\/div>\n\t\t\t\t<\/div>\n\t\t\t\t\t<\/details>\n\t\t\t\t\t\t<details id=\"e-n-accordion-item-2283\" class=\"e-n-accordion-item\" >\n\t\t\t\t<summary class=\"e-n-accordion-item-title\" data-accordion-index=\"4\" tabindex=\"-1\" aria-expanded=\"false\" aria-controls=\"e-n-accordion-item-2283\" >\n\t\t\t\t\t<span class='e-n-accordion-item-title-header'><div class=\"e-n-accordion-item-title-text\"> \u00bfQu\u00e9 m\u00e9todos existen para evitar los picos de carga? <\/div><\/span>\n\t\t\t\t\t\t\t<span class='e-n-accordion-item-title-icon'>\n\t\t\t<span class='e-opened' ><i aria-hidden=\"true\" class=\"fas fa-minus\"><\/i><\/span>\n\t\t\t<span class='e-closed'><i aria-hidden=\"true\" class=\"fas fa-plus\"><\/i><\/span>\n\t\t<\/span>\n\n\t\t\t\t\t\t<\/summary>\n\t\t\t\t<div role=\"region\" aria-labelledby=\"e-n-accordion-item-2283\" class=\"elementor-element elementor-element-898183b e-con-full e-flex e-con e-child\" data-id=\"898183b\" data-element_type=\"container\" data-e-type=\"container\">\n\t\t\t\t<div class=\"elementor-element elementor-element-cb148b9 elementor-widget elementor-widget-text-editor\" data-id=\"cb148b9\" data-element_type=\"widget\" data-e-type=\"widget\" data-widget_type=\"text-editor.default\">\n\t\t\t\t<div class=\"elementor-widget-container\">\n\t\t\t\t\t\t\t\t\t<p data-path-to-node=\"12\">Adem\u00e1s de la eficiencia energ\u00e9tica (reducci\u00f3n general del consumo), existen tres m\u00e9todos principales:<\/p><ol start=\"1\" data-path-to-node=\"13\"><li><p data-path-to-node=\"13,0,0\">Desconexi\u00f3n de cargas: desconexi\u00f3n de cargas no esenciales (desventaja: interferencias con el funcionamiento).<\/p><\/li><li><p data-path-to-node=\"13,1,0\">Respuesta a la demanda: Utilizaci\u00f3n de incentivos para reducir el consumo.<\/p><\/li><li><p data-path-to-node=\"13,2,0\">Sistemas de almacenamiento (BESS): Amortiguaci\u00f3n de picos de carga mediante bater\u00edas (ventaja: no se interrumpe el funcionamiento).<\/p><\/li><\/ol>\t\t\t\t\t\t\t\t<\/div>\n\t\t\t\t<\/div>\n\t\t\t\t<\/div>\n\t\t\t\t\t<\/details>\n\t\t\t\t\t\t<details id=\"e-n-accordion-item-2284\" class=\"e-n-accordion-item\" >\n\t\t\t\t<summary class=\"e-n-accordion-item-title\" data-accordion-index=\"5\" tabindex=\"-1\" aria-expanded=\"false\" aria-controls=\"e-n-accordion-item-2284\" >\n\t\t\t\t\t<span class='e-n-accordion-item-title-header'><div class=\"e-n-accordion-item-title-text\"> \u00bfCu\u00e1les son las ventajas de la gesti\u00f3n de picos de carga para la industria? <\/div><\/span>\n\t\t\t\t\t\t\t<span class='e-n-accordion-item-title-icon'>\n\t\t\t<span class='e-opened' ><i aria-hidden=\"true\" class=\"fas fa-minus\"><\/i><\/span>\n\t\t\t<span class='e-closed'><i aria-hidden=\"true\" class=\"fas fa-plus\"><\/i><\/span>\n\t\t<\/span>\n\n\t\t\t\t\t\t<\/summary>\n\t\t\t\t<div role=\"region\" aria-labelledby=\"e-n-accordion-item-2284\" class=\"elementor-element elementor-element-6ce5f45 e-con-full e-flex e-con e-child\" data-id=\"6ce5f45\" data-element_type=\"container\" data-e-type=\"container\">\n\t\t\t\t<div class=\"elementor-element elementor-element-f47326a elementor-widget elementor-widget-text-editor\" data-id=\"f47326a\" data-element_type=\"widget\" data-e-type=\"widget\" data-widget_type=\"text-editor.default\">\n\t\t\t\t<div class=\"elementor-widget-container\">\n\t\t\t\t\t\t\t\t\t<p>La mayor ventaja es la reducci\u00f3n inmediata de los costes de electricidad (tarifas de red). Tambi\u00e9n aumenta la seguridad del suministro, al disponer la empresa de sus propias reservas, y alivia la carga de la red el\u00e9ctrica p\u00fablica, lo que reduce la necesidad de ampliar costosas infraestructuras.<\/p>\t\t\t\t\t\t\t\t<\/div>\n\t\t\t\t<\/div>\n\t\t\t\t<\/div>\n\t\t\t\t\t<\/details>\n\t\t\t\t\t<\/div>\n\t\t\t\t\t\n\t\t\t\t\t\t\t<\/div>\n\t\t\t\t<\/div>\n\t\t\t\t\t<\/div>\n\t\t\t\t<\/div>\n\t\t\t\t<\/div>","protected":false},"excerpt":{"rendered":"<p>Reduzca eficazmente sus tarifas de red mediante la gesti\u00f3n de picos de carga (peak shaving). Descubra c\u00f3mo las soluciones BESS de Faber E-Tec pueden reducir permanentemente sus costes energ\u00e9ticos.<\/p>","protected":false},"author":2,"featured_media":17384,"comment_status":"closed","ping_status":"open","sticky":false,"template":"","format":"standard","meta":{"_acf_changed":false,"footnotes":""},"categories":[52],"tags":[],"class_list":["post-17383","post","type-post","status-publish","format-standard","has-post-thumbnail","hentry","category-forschung-und-entwicklung"],"acf":[],"_links":{"self":[{"href":"https:\/\/faber-etec.de\/es\/wp-json\/wp\/v2\/posts\/17383","targetHints":{"allow":["GET"]}}],"collection":[{"href":"https:\/\/faber-etec.de\/es\/wp-json\/wp\/v2\/posts"}],"about":[{"href":"https:\/\/faber-etec.de\/es\/wp-json\/wp\/v2\/types\/post"}],"author":[{"embeddable":true,"href":"https:\/\/faber-etec.de\/es\/wp-json\/wp\/v2\/users\/2"}],"replies":[{"embeddable":true,"href":"https:\/\/faber-etec.de\/es\/wp-json\/wp\/v2\/comments?post=17383"}],"version-history":[{"count":27,"href":"https:\/\/faber-etec.de\/es\/wp-json\/wp\/v2\/posts\/17383\/revisions"}],"predecessor-version":[{"id":17415,"href":"https:\/\/faber-etec.de\/es\/wp-json\/wp\/v2\/posts\/17383\/revisions\/17415"}],"wp:featuredmedia":[{"embeddable":true,"href":"https:\/\/faber-etec.de\/es\/wp-json\/wp\/v2\/media\/17384"}],"wp:attachment":[{"href":"https:\/\/faber-etec.de\/es\/wp-json\/wp\/v2\/media?parent=17383"}],"wp:term":[{"taxonomy":"category","embeddable":true,"href":"https:\/\/faber-etec.de\/es\/wp-json\/wp\/v2\/categories?post=17383"},{"taxonomy":"post_tag","embeddable":true,"href":"https:\/\/faber-etec.de\/es\/wp-json\/wp\/v2\/tags?post=17383"}],"curies":[{"name":"wp","href":"https:\/\/api.w.org\/{rel}","templated":true}]}}