{"id":17836,"date":"2025-12-15T23:47:16","date_gmt":"2025-12-15T22:47:16","guid":{"rendered":"https:\/\/faber-etec.de\/?p=17836"},"modified":"2025-12-15T23:53:08","modified_gmt":"2025-12-15T22:53:08","slug":"batteriespeicher-schnellladestation-bess","status":"publish","type":"post","link":"https:\/\/faber-etec.de\/es\/forschung-und-entwicklung\/batteriespeicher-schnellladestation-bess\/","title":{"rendered":"Almacenamiento de bater\u00edas para estaciones de carga r\u00e1pida - Rendimiento estable para el comercio y la industria"},"content":{"rendered":"<p>La electromovilidad crece r\u00e1pidamente y con ella la necesidad de una infraestructura de recarga eficiente. Sin embargo, empresas, centros log\u00edsticos, supermercados y operadores de aparcamientos se enfrentan a menudo a un obst\u00e1culo central: <strong>La conexi\u00f3n a la red existente no es suficiente.<\/strong><\/p>\n\n\n\n<p>Un <strong>Estaci\u00f3n de carga r\u00e1pida<\/strong> con 150 kW, 300 kW o m\u00e1s genera cargas punta extremas. Esto puede suponer un enorme aumento de los costes o hacer que la conexi\u00f3n sea t\u00e9cnicamente imposible. La soluci\u00f3n es moderna <strong>Sistemas de almacenamiento en bater\u00eda (BESS)<\/strong>. Act\u00faan como un amortiguador inteligente de energ\u00eda, reducen la carga de la red y permiten la carga de alta potencia (HPC) en casi cualquier lugar.<\/p>\n\n\n\n<h2 class=\"wp-block-heading\">Por qu\u00e9 las estaciones de recarga r\u00e1pida necesitan bater\u00edas<\/h2>\n\n\n\n<p>Muchos emplazamientos comerciales tienen una capacidad de conexi\u00f3n a la red limitada. El suministro directo de 300 kW para cargadores HPC a menudo solo puede realizarse con largos procedimientos de aprobaci\u00f3n y una ampliaci\u00f3n de la red extremadamente cara.<\/p>\n\n\n\n<p>A <strong>Almac\u00e9n comercial (BESS)<\/strong> resuelve este problema mediante el principio de <strong>Almacenamiento intermedio<\/strong>El sistema de almacenamiento se carga continuamente a baja potencia de la red (o de su propio sistema fotovoltaico) y suministra la energ\u00eda a los veh\u00edculos a alta potencia cuando es necesario. As\u00ed, la red p\u00fablica no tiene que cubrir los picos de carga, sino solo el consumo medio.<\/p>\n\n\n\n<h3 class=\"wp-block-heading\">Sus ventajas de un vistazo:<\/h3>\n\n\n\n<ul class=\"wp-block-list\">\n<li><strong>Ahorro de costes:<\/strong> No es necesario ampliar la red ni subvencionar los costes de construcci\u00f3n.<\/li>\n\n\n\n<li><strong>Flexibilidad de ubicaci\u00f3n:<\/strong> El cargador r\u00e1pido puede instalarse pr\u00e1cticamente en cualquier lugar.<\/li>\n\n\n\n<li><strong>Reducir los costes de explotaci\u00f3n:<\/strong> Reducci\u00f3n de los elevados precios de la electricidad y las tarifas de red.<\/li>\n\n\n\n<li><strong>Realizaci\u00f3n r\u00e1pida:<\/strong> Sin largos tiempos de espera para las actualizaciones del operador de red.<\/li>\n<\/ul>\n\n\n\n<h2 class=\"wp-block-heading\">Tecnolog\u00eda: C\u00f3mo BESS estabiliza la red el\u00e9ctrica<\/h2>\n\n\n\n<p>Un sistema de almacenamiento en bater\u00edas consta de m\u00f3dulos de bater\u00edas de alto rendimiento, un inversor (PCS), un sistema de control inteligente (EMS) y componentes de seguridad. El sistema monitoriza la demanda de energ\u00eda en tiempo real.<\/p>\n\n\n\n<h3 class=\"wp-block-heading\">Funciones clave de la infraestructura de tarificaci\u00f3n:<\/h3>\n\n\n\n<ol start=\"1\" class=\"wp-block-list\">\n<li><strong>Peak shaving (limitaci\u00f3n de picos de carga):<\/strong> El sistema de almacenamiento intercepta los picos de carga antes de que afecten a la red.<\/li>\n\n\n\n<li><strong>Aumento de potencia:<\/strong> Suministro de alta potencia de carga que la red por s\u00ed sola no podr\u00eda suministrar.<\/li>\n\n\n\n<li><strong>Estabilizaci\u00f3n de la red:<\/strong> Igualaci\u00f3n de las fluctuaciones de tensi\u00f3n para un funcionamiento seguro.<\/li>\n\n\n\n<li><strong>Integraci\u00f3n fotovoltaica:<\/strong> Uso directo de energ\u00eda solar propia para la flota electr\u00f3nica.<\/li>\n<\/ol>\n\n\n\n<blockquote class=\"wp-block-quote is-layout-flow wp-block-quote-is-layout-flow\">\n<p><strong>Importante:<\/strong> Cuanto mayor sea la capacidad del sistema de almacenamiento, mayor ser\u00e1 el desacoplamiento de la red el\u00e9ctrica p\u00fablica y m\u00e1s se podr\u00e1n amortiguar los procesos de carga.<\/p>\n<\/blockquote>\n\n\n\n<h2 class=\"wp-block-heading\">Nuestras soluciones BESS de Faber E-Tec<\/h2>\n\n\n\n<p>Ofrecemos soluciones de almacenamiento escalables que se adaptan con precisi\u00f3n a los requisitos de los centros de recarga y la industria:<\/p>\n\n\n\n<h3 class=\"wp-block-heading\">1. greencube 418 kWh - La soluci\u00f3n b\u00e1sica compacta<\/h3>\n\n\n\n<p>Ideal para lugares con puntos de recarga individuales en la zona de <strong>De 50 a 150 kW<\/strong>. Perfecto para concesionarios de autom\u00f3viles o flotas de peque\u00f1as empresas.<\/p>\n\n\n\n<h3 class=\"wp-block-heading\">2. greencube 835 kWh - energ\u00eda para los centros de carga<\/h3>\n\n\n\n<p>La opci\u00f3n ideal para gasolineras o supermercados con <strong>varias estaciones de recarga r\u00e1pida de 150 kW<\/strong>. Garantiza un suministro estable incluso cuando se cargan varios veh\u00edculos al mismo tiempo.<\/p>\n\n\n\n<h3 class=\"wp-block-heading\">3er Contenedor BESS 5.015 kWh - Carga ultrarr\u00e1pida<\/h3>\n\n\n\n<p>Con hasta <strong>Potencia de 2,5 MW<\/strong> este contenedor est\u00e1 dise\u00f1ado para grandes parques de recarga, centros log\u00edsticos y emplazamientos HPC. Todos los sistemas pueden combinarse opcionalmente con estaciones transformadoras compactas para garantizar una conexi\u00f3n de media tensi\u00f3n conforme a la normativa.<\/p>\n\n\n\n<h2 class=\"wp-block-heading\">Ejemplo pr\u00e1ctico: Eficiencia econ\u00f3mica gracias al almacenamiento en bater\u00edas<\/h2>\n\n\n\n<p><strong>La situaci\u00f3n:<\/strong> Un operador de supermercados tiene previsto instalar tres puntos de recarga de 150 kW. Sin embargo, el emplazamiento solo tiene una capacidad de red libre de 160 kW.<\/p>\n\n\n\n<ul class=\"wp-block-list\">\n<li><strong>Sin memoria:<\/strong> El proyecto ser\u00eda t\u00e9cnicamente imposible o costar\u00eda una suma de seis cifras ampliar la red.<\/li>\n\n\n\n<li><strong>Con BESS (835 kWh):<\/strong> El sistema de almacenamiento amortigua los picos de carga. Los puntos de carga pueden funcionar a plena potencia mientras la conexi\u00f3n a la red est\u00e1 protegida.<\/li>\n<\/ul>\n\n\n\n<p><strong>El resultado:<\/strong> El operador ahorra enormes costes de inversi\u00f3n y reduce permanentemente los gastos mensuales de servicio del proveedor de energ\u00eda.<\/p>\n\n\n\n<h2 class=\"wp-block-heading\">Conclusi\u00f3n: BESS hace posible la recarga r\u00e1pida en todas partes<\/h2>\n\n\n\n<p>Para las empresas, un sistema de almacenamiento en bater\u00edas no s\u00f3lo ofrece viabilidad t\u00e9cnica, sino tambi\u00e9n <strong>Planificaci\u00f3n y seguridad de los costes<\/strong>. Gracias a los sistemas de almacenamiento inteligente, ahora es posible aprovechar al m\u00e1ximo ubicaciones que antes no eran aptas para infraestructuras de recarga r\u00e1pida.<\/p>","protected":false},"excerpt":{"rendered":"<p>Evite la costosa ampliaci\u00f3n de la red: los sistemas de almacenamiento en bater\u00edas (BESS) para estaciones de carga r\u00e1pida garantizan una alta capacidad de carga y reducen los picos de carga. \u00a1Descubra soluciones ahora!<\/p>","protected":false},"author":2,"featured_media":12077,"comment_status":"closed","ping_status":"open","sticky":false,"template":"","format":"standard","meta":{"_acf_changed":false,"footnotes":""},"categories":[52],"tags":[],"class_list":["post-17836","post","type-post","status-publish","format-standard","has-post-thumbnail","hentry","category-forschung-und-entwicklung"],"acf":[],"_links":{"self":[{"href":"https:\/\/faber-etec.de\/es\/wp-json\/wp\/v2\/posts\/17836","targetHints":{"allow":["GET"]}}],"collection":[{"href":"https:\/\/faber-etec.de\/es\/wp-json\/wp\/v2\/posts"}],"about":[{"href":"https:\/\/faber-etec.de\/es\/wp-json\/wp\/v2\/types\/post"}],"author":[{"embeddable":true,"href":"https:\/\/faber-etec.de\/es\/wp-json\/wp\/v2\/users\/2"}],"replies":[{"embeddable":true,"href":"https:\/\/faber-etec.de\/es\/wp-json\/wp\/v2\/comments?post=17836"}],"version-history":[{"count":1,"href":"https:\/\/faber-etec.de\/es\/wp-json\/wp\/v2\/posts\/17836\/revisions"}],"predecessor-version":[{"id":17839,"href":"https:\/\/faber-etec.de\/es\/wp-json\/wp\/v2\/posts\/17836\/revisions\/17839"}],"wp:featuredmedia":[{"embeddable":true,"href":"https:\/\/faber-etec.de\/es\/wp-json\/wp\/v2\/media\/12077"}],"wp:attachment":[{"href":"https:\/\/faber-etec.de\/es\/wp-json\/wp\/v2\/media?parent=17836"}],"wp:term":[{"taxonomy":"category","embeddable":true,"href":"https:\/\/faber-etec.de\/es\/wp-json\/wp\/v2\/categories?post=17836"},{"taxonomy":"post_tag","embeddable":true,"href":"https:\/\/faber-etec.de\/es\/wp-json\/wp\/v2\/tags?post=17836"}],"curies":[{"name":"wp","href":"https:\/\/api.w.org\/{rel}","templated":true}]}}