{"id":17838,"date":"2025-12-15T23:52:52","date_gmt":"2025-12-15T22:52:52","guid":{"rendered":"https:\/\/faber-etec.de\/?p=17838"},"modified":"2025-12-15T23:52:59","modified_gmt":"2025-12-15T22:52:59","slug":"pv-solar-bess-zwischenspeicherung","status":"publish","type":"post","link":"https:\/\/faber-etec.de\/es\/forschung-und-entwicklung\/pv-solar-bess-zwischenspeicherung\/","title":{"rendered":"Almacenamiento fotovoltaico intermedio: uso eficiente de la energ\u00eda solar con sistemas comerciales de almacenamiento en bater\u00edas"},"content":{"rendered":"<p>Los sistemas fotovoltaicos desempe\u00f1an un papel central en la estrategia energ\u00e9tica moderna de las empresas. Sin embargo, los operadores se enfrentan a menudo a un problema f\u00edsico: la generaci\u00f3n de electricidad rara vez est\u00e1 sincronizada con el consumo. Al mediod\u00eda, el sistema fotovoltaico produce grandes excedentes, mientras que la demanda de energ\u00eda en producci\u00f3n y log\u00edstica suele ser mayor por la ma\u00f1ana o por la noche.<\/p>\n\n\n\n<p>Aqu\u00ed vienen <strong>Sistemas BESS (sistemas de almacenamiento de energ\u00eda en bater\u00edas)<\/strong> entran en juego. Cierran la brecha entre generaci\u00f3n y utilizaci\u00f3n actuando como sistemas inteligentes de almacenamiento de energ\u00eda.<\/p>\n\n\n\n<h2 class=\"wp-block-heading\">Por qu\u00e9 el almacenamiento intermedio fotovoltaico es crucial para el sector comercial<\/h2>\n\n\n\n<p>Con el aumento de los precios de la electricidad y la volatilidad de los mercados energ\u00e9ticos, la <strong>Consumo propio<\/strong> siempre es m\u00e1s valiosa que simplemente inyectarla a la red. Un sistema de almacenamiento en bater\u00edas garantiza que su energ\u00eda solar no se venda por unos c\u00e9ntimos, sino que se utilice internamente, exactamente cuando sus m\u00e1quinas o estaciones de carga la necesiten.<\/p>\n\n\n\n<p><strong>Las ventajas para las empresas de un vistazo:<\/strong><\/p>\n\n\n\n<ul class=\"wp-block-list\">\n<li><strong>Aumento del autoconsumo:<\/strong> M\u00e1ximo aprovechamiento de la electricidad de producci\u00f3n propia y bajo coste.<\/li>\n\n\n\n<li><strong>Reducci\u00f3n de costes:<\/strong> Adquisici\u00f3n menos costosa de la red del proveedor de energ\u00eda.<\/li>\n\n\n\n<li><strong>Peak shaving (gesti\u00f3n de picos de carga):<\/strong> Se evitan los caros picos de potencia que elevan las tarifas de la red.<\/li>\n\n\n\n<li><strong>Seguridad de abastecimiento:<\/strong> Suministro de energ\u00eda estable incluso durante las fluctuaciones de la red.<\/li>\n\n\n\n<li><strong>Independencia:<\/strong> Menor influencia de las subidas externas del precio de la electricidad.<\/li>\n<\/ul>\n\n\n\n<h2 class=\"wp-block-heading\">Tecnolog\u00eda: C\u00f3mo funciona el sistema BESS<\/h2>\n\n\n\n<p>Un sistema de almacenamiento comercial es algo m\u00e1s que una bater\u00eda. La pieza central es el <strong>EMS (Sistema de Gesti\u00f3n de la Energ\u00eda)<\/strong>. Los sistemas fotovoltaicos suministran corriente continua, que se amortigua en el sistema de almacenamiento. El EMS decide sobre los flujos de energ\u00eda en tiempo real y de forma totalmente autom\u00e1tica:<\/p>\n\n\n\n<ol start=\"1\" class=\"wp-block-list\">\n<li><strong>\u00bfCu\u00e1ndo se carga?<\/strong> (Con excedente fotovoltaico)<\/li>\n\n\n\n<li><strong>\u00bfCu\u00e1ndo se descarga?<\/strong> (Para consumos elevados o precios caros de la electricidad)<\/li>\n\n\n\n<li><strong>\u00bfCu\u00e1ndo se limitar\u00e1?<\/strong> (reducci\u00f3n de picos de carga)<\/li>\n<\/ol>\n\n\n\n<p>El resultado es un perfil energ\u00e9tico inteligente y din\u00e1mico que optimiza la estructura de costes de su empresa.<\/p>\n\n\n\n<h2 class=\"wp-block-heading\">\u00bfQu\u00e9 tama\u00f1o de almacenamiento tiene sentido para su empresa?<\/h2>\n\n\n\n<p>Faber E-Tec ofrece soluciones escalables que se adaptan con precisi\u00f3n a la capacidad de generaci\u00f3n de su sistema fotovoltaico y a su perfil de carga:<\/p>\n\n\n\n<h3 class=\"wp-block-heading\">Greencube 418 kWh - Para peque\u00f1as operaciones comerciales<\/h3>\n\n\n\n<p>La soluci\u00f3n b\u00e1sica es ideal para empresas artesanales o edificios de oficinas con una potencia fotovoltaica de aprox. <strong>50-150 kW<\/strong>.<\/p>\n\n\n\n<h3 class=\"wp-block-heading\">Greencube 835 kWh - El est\u00e1ndar para la mediana empresa<\/h3>\n\n\n\n<p>El tama\u00f1o perfecto para almacenes, concesionarios de autom\u00f3viles, supermercados o centros comerciales. Este sistema de almacenamiento ofrece capacidad suficiente para cubrir cargas base durante la noche.<\/p>\n\n\n\n<h3 class=\"wp-block-heading\">Contenedor BESS de 3.340 a 5.015 kWh - La soluci\u00f3n industrial<\/h3>\n\n\n\n<p>Para empresas industriales de alto consumo energ\u00e9tico y parques solares. El sitio <strong>5.015 kWh Contenedor<\/strong> convence con una actuaci\u00f3n de <strong>2,5 MW<\/strong> y ofrece ventajas decisivas:<\/p>\n\n\n\n<ul class=\"wp-block-list\">\n<li>Absorci\u00f3n de corrientes de carga extremadamente altas procedentes de grandes sistemas fotovoltaicos.<\/li>\n\n\n\n<li>Posibilidad de funcionamiento en paralelo de varios contenedores (gama de varios megavatios).<\/li>\n\n\n\n<li>M\u00e1xima optimizaci\u00f3n de la red y autosuficiencia.<\/li>\n<\/ul>\n\n\n\n<h2 class=\"wp-block-heading\">Ejemplo pr\u00e1ctico: aumentar el autoconsumo y reducir costes<\/h2>\n\n\n\n<p>\u00bfC\u00f3mo afecta realmente un almac\u00e9n a las cifras? Veamos una empresa con un <strong>Sistema fotovoltaico de 500 kWp<\/strong> en el tejado:<\/p>\n\n\n\n<ul class=\"wp-block-list\">\n<li><strong>Sin memoria:<\/strong> La proporci\u00f3n de autoconsumo suele ser s\u00f3lo de aprox. <strong>40 %<\/strong>. El resto se vierte a la red a bajo coste, mientras que la electricidad de red, cara, hay que comprarla.<\/li>\n\n\n\n<li><strong>Con BESS de 835 kWh:<\/strong> El autoconsumo aumenta hasta aprox. <strong>75 %<\/strong>.<\/li>\n\n\n\n<li><strong>Con contenedor de 5 MWh:<\/strong> Con un dise\u00f1o adecuado, los \u00edndices de autoconsumo de <strong>90 % y m\u00e1s<\/strong> posible.<\/li>\n<\/ul>\n\n\n\n<p>El ahorro econ\u00f3mico se debe a tres factores: Menor consumo de la red, menores cargas de la red debido a la reducci\u00f3n de los picos de carga y uso optimizado de la energ\u00eda propia.<\/p>\n\n\n\n<h2 class=\"wp-block-heading\">Todo de un mismo proveedor: integraci\u00f3n con centros de transformaci\u00f3n<\/h2>\n\n\n\n<p>Un sistema de almacenamiento por s\u00ed solo no suele ser suficiente: hay que garantizar la conexi\u00f3n a la red de media tensi\u00f3n. Faber E-Tec ofrece <strong>Centros de transformaci\u00f3n compactos<\/strong>.<\/p>\n\n\n\n<p>Esto le proporciona una infraestructura energ\u00e9tica completa y armonizada:<\/p>\n\n\n\n<ol start=\"1\" class=\"wp-block-list\">\n<li>Sistema fotovoltaico (integraci\u00f3n)<\/li>\n\n\n\n<li>Sistema de almacenamiento BESS<\/li>\n\n\n\n<li>Centro de transformaci\u00f3n<\/li>\n\n\n\n<li>Conexi\u00f3n a la red<\/li>\n<\/ol>\n\n\n\n<h2 class=\"wp-block-heading\">Conclusi\u00f3n: el almacenamiento fotovoltaico intermedio se est\u00e1 convirtiendo en la norma econ\u00f3mica<\/h2>\n\n\n\n<p>Si desea utilizar la energ\u00eda solar de forma eficiente a escala comercial, no hay forma de evitar los sistemas de almacenamiento en bater\u00edas. Los sistemas BESS convierten un sistema fotovoltaico sencillo en una central el\u00e9ctrica inteligente que reduce de forma sostenible los costes de explotaci\u00f3n y crea seguridad de planificaci\u00f3n.<\/p>","protected":false},"excerpt":{"rendered":"<p>Utilice su energ\u00eda solar de forma eficiente: los sistemas de almacenamiento en bater\u00edas comerciales (BESS) aumentan el autoconsumo hasta 90% y reducen los costes de red. M\u00e1s informaci\u00f3n<\/p>","protected":false},"author":2,"featured_media":17755,"comment_status":"closed","ping_status":"open","sticky":false,"template":"","format":"standard","meta":{"_acf_changed":false,"footnotes":""},"categories":[52],"tags":[],"class_list":["post-17838","post","type-post","status-publish","format-standard","has-post-thumbnail","hentry","category-forschung-und-entwicklung"],"acf":[],"_links":{"self":[{"href":"https:\/\/faber-etec.de\/es\/wp-json\/wp\/v2\/posts\/17838","targetHints":{"allow":["GET"]}}],"collection":[{"href":"https:\/\/faber-etec.de\/es\/wp-json\/wp\/v2\/posts"}],"about":[{"href":"https:\/\/faber-etec.de\/es\/wp-json\/wp\/v2\/types\/post"}],"author":[{"embeddable":true,"href":"https:\/\/faber-etec.de\/es\/wp-json\/wp\/v2\/users\/2"}],"replies":[{"embeddable":true,"href":"https:\/\/faber-etec.de\/es\/wp-json\/wp\/v2\/comments?post=17838"}],"version-history":[{"count":1,"href":"https:\/\/faber-etec.de\/es\/wp-json\/wp\/v2\/posts\/17838\/revisions"}],"predecessor-version":[{"id":17840,"href":"https:\/\/faber-etec.de\/es\/wp-json\/wp\/v2\/posts\/17838\/revisions\/17840"}],"wp:featuredmedia":[{"embeddable":true,"href":"https:\/\/faber-etec.de\/es\/wp-json\/wp\/v2\/media\/17755"}],"wp:attachment":[{"href":"https:\/\/faber-etec.de\/es\/wp-json\/wp\/v2\/media?parent=17838"}],"wp:term":[{"taxonomy":"category","embeddable":true,"href":"https:\/\/faber-etec.de\/es\/wp-json\/wp\/v2\/categories?post=17838"},{"taxonomy":"post_tag","embeddable":true,"href":"https:\/\/faber-etec.de\/es\/wp-json\/wp\/v2\/tags?post=17838"}],"curies":[{"name":"wp","href":"https:\/\/api.w.org\/{rel}","templated":true}]}}