{"id":17841,"date":"2025-12-15T23:57:48","date_gmt":"2025-12-15T22:57:48","guid":{"rendered":"https:\/\/faber-etec.de\/?p=17841"},"modified":"2025-12-15T23:57:56","modified_gmt":"2025-12-15T22:57:56","slug":"notstromversorgung-batteriespeicher","status":"publish","type":"post","link":"https:\/\/faber-etec.de\/es\/forschung-und-entwicklung\/notstromversorgung-batteriespeicher\/","title":{"rendered":"Fuente de alimentaci\u00f3n de emergencia con acumulador: soluci\u00f3n de seguridad fiable para el comercio y la industria"},"content":{"rendered":"<p>La dependencia de un suministro el\u00e9ctrico estable nunca ha sido mayor. En la industria, el comercio y las infraestructuras cr\u00edticas, incluso los problemas de red a corto plazo pueden provocar da\u00f1os masivos, elevados costes y p\u00e9rdidas de datos.<\/p>\n\n\n\n<p>Modernidad <strong>Sistemas de almacenamiento en bater\u00eda (BESS)<\/strong> ofrecen una soluci\u00f3n de futuro y de disponibilidad inmediata para la <strong>Suministro el\u00e9ctrico de emergencia<\/strong>. Protegen de forma fiable instalaciones de producci\u00f3n, salas de servidores, sistemas de control de m\u00e1quinas y procesos relevantes para la seguridad.<\/p>\n\n\n\n<h2 class=\"wp-block-heading\">Por qu\u00e9 BESS es la mejor soluci\u00f3n el\u00e9ctrica de emergencia<\/h2>\n\n\n\n<p>En comparaci\u00f3n con las soluciones tradicionales de energ\u00eda de emergencia (como los generadores di\u00e9sel), los sistemas de almacenamiento en bater\u00edas ofrecen una ventaja decisiva: el <strong>Tiempo de respuesta<\/strong>.<\/p>\n\n\n\n<p>Un BESS no arranca, sino que se conecta. La energ\u00eda ya est\u00e1 almacenada y disponible.<\/p>\n\n\n\n<p><strong>Sus ventajas con la fuente de alimentaci\u00f3n de emergencia BESS:<\/strong><\/p>\n\n\n\n<ul class=\"wp-block-list\">\n<li><strong>Disponibilidad inmediata:<\/strong> Cambiar a <strong>Milisegundos<\/strong> (funci\u00f3n UPS real).<\/li>\n\n\n\n<li><strong>Sin demora:<\/strong> No hay tiempo de arranque, como es necesario con los generadores.<\/li>\n\n\n\n<li><strong>Protecci\u00f3n contra da\u00f1os:<\/strong> Prevenci\u00f3n de la p\u00e9rdida de datos y da\u00f1os a infraestructuras sensibles.<\/li>\n\n\n\n<li><strong>Bajo mantenimiento:<\/strong> Menores costes de funcionamiento y mantenimiento que con los sistemas di\u00e9sel.<\/li>\n\n\n\n<li><strong>Respetuoso con el medio ambiente:<\/strong> Funcionamiento sin emisiones.<\/li>\n<\/ul>\n\n\n\n<blockquote class=\"wp-block-quote is-layout-flow wp-block-quote-is-layout-flow\">\n<p><strong>Importante:<\/strong> Los sistemas BESS pasan autom\u00e1ticamente al modo de alimentaci\u00f3n de emergencia en cuanto detectan un fallo en la red. El funcionamiento ininterrumpido est\u00e1 garantizado.<\/p>\n<\/blockquote>\n\n\n\n<h2 class=\"wp-block-heading\">Capacidad y rendimiento para aplicaciones cr\u00edticas<\/h2>\n\n\n\n<p>La capacidad del sistema de almacenamiento determina durante cu\u00e1nto tiempo se pueden puentear las cargas cr\u00edticas.<\/p>\n\n\n\n<p>Con una capacidad de descarga de hasta <strong>2,5 MW<\/strong> el <strong>5.015 kWh Contenedor<\/strong> de Faber E-Tec pueden suministrar f\u00e1cilmente a grandes sistemas industriales una fuente de alimentaci\u00f3n estable durante minutos u horas, en funci\u00f3n del perfil de carga de las cargas cr\u00edticas. Esto es esencial para las empresas que requieren tiempos de puenteo m\u00e1s largos.<\/p>\n\n\n\n<h3 class=\"wp-block-heading\">Empresas que se benefician del BESS:<\/h3>\n\n\n\n<ul class=\"wp-block-list\">\n<li><strong>Empresas de producci\u00f3n y fabricaci\u00f3n:<\/strong> Protecci\u00f3n de m\u00e1quinas y cadenas de procesos cr\u00edticos.<\/li>\n\n\n\n<li><strong>Centros de datos \/ empresas de TI:<\/strong> Protecci\u00f3n contra fallos del servidor y p\u00e9rdida de datos (funci\u00f3n SAI).<\/li>\n\n\n\n<li><strong>Cl\u00ednicas y laboratorios:<\/strong> Garantizar las funciones vitales y las cadenas de fr\u00edo.<\/li>\n\n\n\n<li><strong>Centros log\u00edsticos:<\/strong> Mantenimiento de la tecnolog\u00eda de transporte y control.<\/li>\n\n\n\n<li><strong>Empresas municipales y de seguridad:<\/strong> Garantizar la seguridad de las infraestructuras p\u00fablicas.<\/li>\n<\/ul>\n\n\n\n<h2 class=\"wp-block-heading\">Arquitectura de seguridad de los sistemas BESS modernos<\/h2>\n\n\n\n<p>La seguridad es la m\u00e1xima prioridad, especialmente en operaciones de emergencia. Nuestros modernos sistemas BESS ofrecen m\u00faltiples niveles de protecci\u00f3n:<\/p>\n\n\n\n<ul class=\"wp-block-list\">\n<li><strong>Monitorizaci\u00f3n celular:<\/strong> El BMS (sistema de gesti\u00f3n de la bater\u00eda) supervisa cada c\u00e9lula.<\/li>\n\n\n\n<li><strong>Protecci\u00f3n contra incendios:<\/strong> Extinci\u00f3n por aerosol, sistema de rociadores de emergencia y estructura celular LFP (para una gran estabilidad t\u00e9rmica).<\/li>\n\n\n\n<li><strong>Alojamiento y funcionamiento:<\/strong> Refrigeraci\u00f3n l\u00edquida, carcasa exterior IP54 y protecci\u00f3n contra incendios conforme a las directrices pertinentes (por ejemplo, NFPA).<\/li>\n<\/ul>\n\n\n\n<h2 class=\"wp-block-heading\">Integraci\u00f3n y flexibilidad del sistema energ\u00e9tico<\/h2>\n\n\n\n<p>Un sistema de almacenamiento en bater\u00edas puede suministrar algo m\u00e1s que energ\u00eda de emergencia. Se integra perfectamente en los sistemas energ\u00e9ticos existentes y futuros:<\/p>\n\n\n\n<ul class=\"wp-block-list\">\n<li><strong>Funci\u00f3n SAI:<\/strong> Transferencia de cargas cr\u00edticas sin interrupci\u00f3n.<\/li>\n\n\n\n<li><strong>Operaci\u00f3n isla:<\/strong> Aislamiento y abastecimiento de subzonas espec\u00edficas y prioritarias.<\/li>\n\n\n\n<li><strong>Combinaci\u00f3n:<\/strong> Utilizaci\u00f3n de la energ\u00eda fotovoltaica y de la energ\u00eda de la red en funcionamiento normal.<\/li>\n\n\n\n<li><strong>Conexi\u00f3n:<\/strong> F\u00e1cil integraci\u00f3n con una estaci\u00f3n compacta Faber E-Tec para conexi\u00f3n de media tensi\u00f3n.<\/li>\n<\/ul>\n\n\n\n<h2 class=\"wp-block-heading\">Conclusi\u00f3n: la alimentaci\u00f3n de emergencia moderna necesita bater\u00edas<\/h2>\n\n\n\n<p>Los sistemas BESS son la alternativa sostenible a los generadores. Son r\u00e1pidos, fiables, de uso flexible y ofrecen una funcionalidad significativamente mayor que las soluciones convencionales de alimentaci\u00f3n de emergencia.<\/p>\n\n\n\n<p>Para el comercio y la industria, el suministro el\u00e9ctrico de emergencia con sistemas de almacenamiento en bater\u00edas no s\u00f3lo significa salvaguardar los procesos, sino tambi\u00e9n un <strong>Garant\u00eda de calidad<\/strong> y <strong>Planificar la seguridad<\/strong> en caso de apag\u00f3n<\/p>\n\n\n\n<p><\/p>","protected":false},"excerpt":{"rendered":"<p>Suministro el\u00e9ctrico de emergencia instant\u00e1neo en milisegundos: Los sistemas BESS aseguran la producci\u00f3n, las salas de servidores y los procesos cr\u00edticos en el comercio y la industria.<\/p>","protected":false},"author":2,"featured_media":16508,"comment_status":"closed","ping_status":"open","sticky":false,"template":"","format":"standard","meta":{"_acf_changed":false,"footnotes":""},"categories":[52],"tags":[],"class_list":["post-17841","post","type-post","status-publish","format-standard","has-post-thumbnail","hentry","category-forschung-und-entwicklung"],"acf":[],"_links":{"self":[{"href":"https:\/\/faber-etec.de\/es\/wp-json\/wp\/v2\/posts\/17841","targetHints":{"allow":["GET"]}}],"collection":[{"href":"https:\/\/faber-etec.de\/es\/wp-json\/wp\/v2\/posts"}],"about":[{"href":"https:\/\/faber-etec.de\/es\/wp-json\/wp\/v2\/types\/post"}],"author":[{"embeddable":true,"href":"https:\/\/faber-etec.de\/es\/wp-json\/wp\/v2\/users\/2"}],"replies":[{"embeddable":true,"href":"https:\/\/faber-etec.de\/es\/wp-json\/wp\/v2\/comments?post=17841"}],"version-history":[{"count":1,"href":"https:\/\/faber-etec.de\/es\/wp-json\/wp\/v2\/posts\/17841\/revisions"}],"predecessor-version":[{"id":17842,"href":"https:\/\/faber-etec.de\/es\/wp-json\/wp\/v2\/posts\/17841\/revisions\/17842"}],"wp:featuredmedia":[{"embeddable":true,"href":"https:\/\/faber-etec.de\/es\/wp-json\/wp\/v2\/media\/16508"}],"wp:attachment":[{"href":"https:\/\/faber-etec.de\/es\/wp-json\/wp\/v2\/media?parent=17841"}],"wp:term":[{"taxonomy":"category","embeddable":true,"href":"https:\/\/faber-etec.de\/es\/wp-json\/wp\/v2\/categories?post=17841"},{"taxonomy":"post_tag","embeddable":true,"href":"https:\/\/faber-etec.de\/es\/wp-json\/wp\/v2\/tags?post=17841"}],"curies":[{"name":"wp","href":"https:\/\/api.w.org\/{rel}","templated":true}]}}