{"id":7024,"date":"2024-07-05T14:39:38","date_gmt":"2024-07-05T12:39:38","guid":{"rendered":"https:\/\/faber-etec.de\/?p=7024"},"modified":"2024-11-17T00:44:39","modified_gmt":"2024-11-16T23:44:39","slug":"centro-de-transformacion-en-contenedor-de-7200-kw-para-parques-solares","status":"publish","type":"post","link":"https:\/\/faber-etec.de\/es\/news\/7200-kw-container-trafostation-fuer-solarparks\/","title":{"rendered":"Gesti\u00f3n perfecta de la energ\u00eda: centro de transformaci\u00f3n eficiente para parques solares"},"content":{"rendered":"<div data-elementor-type=\"wp-post\" data-elementor-id=\"7024\" class=\"elementor elementor-7024\" data-elementor-post-type=\"post\">\n\t\t\t\t<div class=\"elementor-element elementor-element-170ab2ec e-flex e-con-boxed e-con e-parent\" data-id=\"170ab2ec\" data-element_type=\"container\" data-e-type=\"container\">\n\t\t\t\t\t<div class=\"e-con-inner\">\n\t\t\t\t<div class=\"elementor-element elementor-element-457d251a elementor-widget elementor-widget-text-editor\" data-id=\"457d251a\" data-element_type=\"widget\" data-e-type=\"widget\" data-widget_type=\"text-editor.default\">\n\t\t\t\t<div class=\"elementor-widget-container\">\n\t\t\t\t\t\t\t\t\t\n<h2 class=\"wp-block-heading\">Centro de transformaci\u00f3n para parques solares<\/h2>\n\n<p>Nos complace presentarle nuestro \u00faltimo producto: el contenedor 7200 KW de Faber E-Tec. Este innovador contenedor de transformadores ofrece un manejo sencillo y una evaluaci\u00f3n digital completa de todos los inversores, as\u00ed como todos los valores de corriente y tensi\u00f3n, temperaturas y mediciones de humedad necesarios. Esto lo convierte en el centro de transformaci\u00f3n interno ideal y rentable para grandes parques solares.<\/p>\n\n<h4 class=\"wp-block-heading\">Potencia de 7200 KW para grandes proyectos solares<\/h4>\n\n<p>Nuestra <a  href=\"https:\/\/faber-etec.de\/es\/estacion-de-contenedores\/\" title=\"Estaci\u00f3n de contenedores - Contenedor eficiente de 7200 KW\" data-type=\"page\" data-id=\"7452\">Eficiente contenedor de 7200 KW<\/a> est\u00e1 especialmente dise\u00f1ada para grandes proyectos solares. Con su impresionante potencia de 7200 KW, ofrece la capacidad necesaria para satisfacer incluso los requisitos m\u00e1s exigentes de los parques solares.<\/p>\n\n<h4 class=\"wp-block-heading\">Descubra las principales caracter\u00edsticas<\/h4>\n\n<p><strong>Puesta en servicio r\u00e1pida:<\/strong><br \/>Gracias a su robusto dise\u00f1o y a su tecnolog\u00eda inteligente, el contenedor de 7200 KW est\u00e1 r\u00e1pidamente listo para volver a utilizarse, lo que minimiza el tiempo de inactividad y maximiza la eficiencia.<\/p>\n\n<p><strong>Mando a distancia:<\/strong><br \/>El sistema puede manejarse a distancia tanto en media como en baja tensi\u00f3n. Esta opci\u00f3n de control remoto simplifica la gesti\u00f3n y reduce la necesidad de presencia in situ.<\/p>\n\n<p><strong>Innovador concepto de ventilaci\u00f3n:<\/strong><br \/>Nuestro avanzado concepto de ventilaci\u00f3n garantiza una refrigeraci\u00f3n eficaz de los componentes y prolonga su vida \u00fatil. La ventilaci\u00f3n optimizada mantiene estable el rendimiento del sistema.<\/p>\n\n<p><strong>Evaluaci\u00f3n completamente digital:<\/strong><br \/>Con la evaluaci\u00f3n integrada, completamente digital, se pueden supervisar y analizar con precisi\u00f3n todos los inversores y todos los par\u00e1metros relevantes, como los valores de corriente y tensi\u00f3n. Esta funci\u00f3n permite una supervisi\u00f3n detallada y fiable de todo el sistema.<\/p>\n\n<p><strong>Sensores integrados:<\/strong><br \/>El contenedor de 7200 KW est\u00e1 equipado con modernos sensores de calor y medici\u00f3n de la humedad. Estos sensores garantizan unas condiciones de funcionamiento \u00f3ptimas y contribuyen a la seguridad y eficiencia del sistema.<\/p>\n\n<p><strong>Separaci\u00f3n herm\u00e9tica:<\/strong><br \/>Para ofrecer la m\u00e1xima seguridad y fiabilidad, todas las \u00e1reas t\u00e9cnicas del contenedor est\u00e1n separadas herm\u00e9ticamente entre s\u00ed. Esta separaci\u00f3n herm\u00e9tica impide que la humedad y el polvo penetren en las zonas cr\u00edticas y protege la tecnolog\u00eda de influencias externas.<\/p>\n\n<h4 class=\"wp-block-heading\">Ficha t\u00e9cnica del producto<\/h4>\n\n<p>Para obtener informaci\u00f3n t\u00e9cnica detallada y datos espec\u00edficos, le invitamos a consultar la ficha t\u00e9cnica de nuestro contenedor 7200 KW. En ella encontrar\u00e1 informaci\u00f3n exhaustiva sobre todos los aspectos t\u00e9cnicos y podr\u00e1 hacerse una idea precisa de las sobresalientes caracter\u00edsticas de este producto.<\/p>\n\n<div class=\"wp-block-buttons is-layout-flex wp-block-buttons-is-layout-flex\">\n<div class=\"wp-block-button\"><a class=\"wp-block-button__link wp-element-button\"  href=\"https:\/\/faber-etec.de\/wp-content\/uploads\/sites\/3\/2024\/06\/7200-KW-Container-Datenblatt-Faber-E-Tec.pdf\" title=\"7200 KW Hoja de datos del contenedor Faber E Tec.pdf - Abrir hoja de datos en PDF\" target=\"_blank\" rel=\"noreferrer noopener\">Abrir hoja de datos en PDF<\/a><\/div>\n\n<div class=\"wp-block-button is-style-outline is-style-outline--2\"><a class=\"wp-block-button__link wp-element-button\"  href=\"https:\/\/faber-etec.de\/es\/estacion-de-contenedores\/\" title=\"Estaci\u00f3n de contenedores - Contenedor 7200 KW - P\u00e1gina de productos\" target=\"_blank\" rel=\"noreferrer noopener\">Contenedor 7200 KW - P\u00e1gina de producto<\/a><\/div>\n<\/div>\n<hr class=\"wp-block-separator has-alpha-channel-opacity\" \/>\n<p>El eficiente contenedor de 7200 KW de Faber E-Tec establece nuevos est\u00e1ndares en la gesti\u00f3n energ\u00e9tica de parques solares. Con su tecnolog\u00eda potente, fiable y de dise\u00f1o eficiente, apoya la producci\u00f3n de energ\u00eda sostenible y contribuye a la optimizaci\u00f3n de los procesos operativos en grandes proyectos solares. Descubra las posibilidades y ventajas de nuestro \u00faltimo producto y lleve sus proyectos solares al siguiente nivel.<\/p>\n\n<p>Estamos a su disposici\u00f3n para m\u00e1s informaci\u00f3n y consultas. Dise\u00f1emos juntos el futuro de la gesti\u00f3n energ\u00e9tica.<\/p>\n\t\t\t\t\t\t\t\t<\/div>\n\t\t\t\t<\/div>\n\t\t\t\t\t<\/div>\n\t\t\t\t<\/div>\n\t\t\t\t<\/div>","protected":false},"excerpt":{"rendered":"<p>Descubra la estaci\u00f3n transformadora en contenedor de 7200 KW para parques solares: la soluci\u00f3n perfecta para grandes proyectos solares.<\/p>","protected":false},"author":2,"featured_media":7450,"comment_status":"closed","ping_status":"open","sticky":false,"template":"","format":"standard","meta":{"_acf_changed":false,"footnotes":""},"categories":[1,9],"tags":[38,34,37],"class_list":["post-7024","post","type-post","status-publish","format-standard","has-post-thumbnail","hentry","category-news","category-projekte","tag-photovoltaik","tag-solarpark","tag-trafostation"],"acf":[],"_links":{"self":[{"href":"https:\/\/faber-etec.de\/es\/wp-json\/wp\/v2\/posts\/7024","targetHints":{"allow":["GET"]}}],"collection":[{"href":"https:\/\/faber-etec.de\/es\/wp-json\/wp\/v2\/posts"}],"about":[{"href":"https:\/\/faber-etec.de\/es\/wp-json\/wp\/v2\/types\/post"}],"author":[{"embeddable":true,"href":"https:\/\/faber-etec.de\/es\/wp-json\/wp\/v2\/users\/2"}],"replies":[{"embeddable":true,"href":"https:\/\/faber-etec.de\/es\/wp-json\/wp\/v2\/comments?post=7024"}],"version-history":[{"count":6,"href":"https:\/\/faber-etec.de\/es\/wp-json\/wp\/v2\/posts\/7024\/revisions"}],"predecessor-version":[{"id":14961,"href":"https:\/\/faber-etec.de\/es\/wp-json\/wp\/v2\/posts\/7024\/revisions\/14961"}],"wp:featuredmedia":[{"embeddable":true,"href":"https:\/\/faber-etec.de\/es\/wp-json\/wp\/v2\/media\/7450"}],"wp:attachment":[{"href":"https:\/\/faber-etec.de\/es\/wp-json\/wp\/v2\/media?parent=7024"}],"wp:term":[{"taxonomy":"category","embeddable":true,"href":"https:\/\/faber-etec.de\/es\/wp-json\/wp\/v2\/categories?post=7024"},{"taxonomy":"post_tag","embeddable":true,"href":"https:\/\/faber-etec.de\/es\/wp-json\/wp\/v2\/tags?post=7024"}],"curies":[{"name":"wp","href":"https:\/\/api.w.org\/{rel}","templated":true}]}}