{"id":7025,"date":"2024-07-05T14:43:14","date_gmt":"2024-07-05T12:43:14","guid":{"rendered":"https:\/\/faber-etec.de\/?p=7025"},"modified":"2025-10-29T18:12:11","modified_gmt":"2025-10-29T17:12:11","slug":"made-in-germany-la-primera-estacion-interior-de-parque-puramente-solar-de-faber-e-tec","status":"publish","type":"post","link":"https:\/\/faber-etec.de\/es\/forschung-und-entwicklung\/made-in-germany-die-erste-rein-solarparkinterne-station-von-faber-e-tec\/","title":{"rendered":"Made in Germany: Primera estaci\u00f3n interna solar"},"content":{"rendered":"<h2 class=\"wp-block-heading\">Especialmente dise\u00f1ado para sistemas inform\u00e1ticos<\/h2>\n\n\n\n<p>Nuestra estaci\u00f3n interior de parque solar est\u00e1 especialmente dise\u00f1ada para su uso en sistemas IT y est\u00e1 equipada con un dispositivo de control de aislamiento de \u00faltima generaci\u00f3n. Cuenta con un transformador de 3150 KVA que cumple el nivel 2 de la Directiva de dise\u00f1o ecol\u00f3gico y un lado de baja tensi\u00f3n completamente redise\u00f1ado para la conexi\u00f3n del inversor. A diferencia de las soluciones convencionales, este dise\u00f1o utiliza disyuntores termomagn\u00e9ticos inteligentes en lugar de los cl\u00e1sicos interruptores-seccionadores NH con fusibles.<\/p>\n\n\n\n<h3 class=\"wp-block-heading\">Beneficios<\/h3>\n\n\n\n<p><strong>Mayor eficacia:<\/strong><br>Al prescindir de los fusibles NH y utilizar interruptores inteligentes, se minimizan las p\u00e9rdidas innecesarias de calor. Esto maximiza la eficiencia y el rendimiento del parque solar. Adem\u00e1s, el sistema IT ahorra costes de tendido de cables gracias a la ausencia de conductor neutro.<\/p>\n\n\n\n<p><strong>Mayor vida \u00fatil y menor mantenimiento:<\/strong><br>La avanzada tecnolog\u00eda de conmutaci\u00f3n y la reducida generaci\u00f3n de calor contribuyen a prolongar la vida \u00fatil del sistema y a minimizar las tareas de mantenimiento.<\/p>\n\n\n\n<p><strong>Puesta en servicio r\u00e1pida:<\/strong><br>En caso de cortocircuito, la sencilla funci\u00f3n de reinicio permite volver a poner en marcha el sistema r\u00e1pidamente, lo que reduce considerablemente los tiempos de inactividad.<\/p>\n\n\n\n<p><strong>Menos desarrollo de calor:<\/strong><br>El innovador sistema de conmutaci\u00f3n reduce la generaci\u00f3n de calor en la estaci\u00f3n, lo que disminuye el desgaste de la aparamenta el\u00e9ctrica y aumenta la fiabilidad.<\/p>\n\n\n\n<p><strong>Control del aislamiento:<\/strong><br>El dispositivo integrado de vigilancia del aislamiento garantiza una mayor seguridad y fiabilidad del sistema inform\u00e1tico.<\/p>\n\n\n\n<p><strong>Supervisi\u00f3n y control remotos completos:<\/strong><br>Las completas opciones de supervisi\u00f3n y control aumentan la fiabilidad operativa y la eficacia de todo el sistema.<\/p>\n\n\n\n<hr class=\"wp-block-separator has-alpha-channel-opacity\"\/>\n\n\n\n<p>La nueva estaci\u00f3n interna de parque solar de Faber E-Tec establece nuevos est\u00e1ndares en el suministro energ\u00e9tico de parques solares. Al utilizar la \u00faltima tecnolog\u00eda y soluciones inteligentes, favorece la producci\u00f3n de energ\u00eda sostenible y mejora la eficiencia operativa. Experimente las ventajas de nuestro \u00faltimo desarrollo y lleve sus proyectos solares a un nuevo nivel.<\/p>\n\n\n\n<p>Para m\u00e1s informaci\u00f3n y consultas espec\u00edficas, no dude en ponerse en contacto con nosotros. Juntos daremos forma al futuro de la gesti\u00f3n energ\u00e9tica.<\/p>","protected":false},"excerpt":{"rendered":"<p>Primera estaci\u00f3n interna solar en Alemania, desarrollada por Faber E-Tec. Paso significativo hacia energ\u00eda en parques solares.<\/p>","protected":false},"author":2,"featured_media":6577,"comment_status":"open","ping_status":"open","sticky":false,"template":"","format":"standard","meta":{"_acf_changed":false,"footnotes":""},"categories":[52],"tags":[48,44,43,46,42,49],"class_list":["post-7025","post","type-post","status-publish","format-standard","has-post-thumbnail","hentry","category-forschung-und-entwicklung","tag-energieversorgung","tag-made-in-germany","tag-normgerecht","tag-photovoltaikanlage","tag-schalttechnologie","tag-solarparkinterne-station"],"acf":[],"_links":{"self":[{"href":"https:\/\/faber-etec.de\/es\/wp-json\/wp\/v2\/posts\/7025","targetHints":{"allow":["GET"]}}],"collection":[{"href":"https:\/\/faber-etec.de\/es\/wp-json\/wp\/v2\/posts"}],"about":[{"href":"https:\/\/faber-etec.de\/es\/wp-json\/wp\/v2\/types\/post"}],"author":[{"embeddable":true,"href":"https:\/\/faber-etec.de\/es\/wp-json\/wp\/v2\/users\/2"}],"replies":[{"embeddable":true,"href":"https:\/\/faber-etec.de\/es\/wp-json\/wp\/v2\/comments?post=7025"}],"version-history":[{"count":1,"href":"https:\/\/faber-etec.de\/es\/wp-json\/wp\/v2\/posts\/7025\/revisions"}],"predecessor-version":[{"id":16177,"href":"https:\/\/faber-etec.de\/es\/wp-json\/wp\/v2\/posts\/7025\/revisions\/16177"}],"wp:featuredmedia":[{"embeddable":true,"href":"https:\/\/faber-etec.de\/es\/wp-json\/wp\/v2\/media\/6577"}],"wp:attachment":[{"href":"https:\/\/faber-etec.de\/es\/wp-json\/wp\/v2\/media?parent=7025"}],"wp:term":[{"taxonomy":"category","embeddable":true,"href":"https:\/\/faber-etec.de\/es\/wp-json\/wp\/v2\/categories?post=7025"},{"taxonomy":"post_tag","embeddable":true,"href":"https:\/\/faber-etec.de\/es\/wp-json\/wp\/v2\/tags?post=7025"}],"curies":[{"name":"wp","href":"https:\/\/api.w.org\/{rel}","templated":true}]}}