{"id":7034,"date":"2024-07-05T14:48:38","date_gmt":"2024-07-05T12:48:38","guid":{"rendered":"https:\/\/faber-etec.de\/?p=7034"},"modified":"2024-10-21T22:45:48","modified_gmt":"2024-10-21T20:45:48","slug":"proteccion-de-red-normalizada-para-sistemas-fotovoltaicos","status":"publish","type":"post","link":"https:\/\/faber-etec.de\/es\/news\/normgerechter-netzschutz-fuer-photovoltaikanlagen\/","title":{"rendered":"Protecci\u00f3n de red normalizada para sistemas fotovoltaicos"},"content":{"rendered":"<h2 class=\"wp-block-heading\">Protecci\u00f3n NA \u00f3ptima para sistemas FV de hasta 300 KW \/ 330 KVA<\/h2>\n\n\n\n<p>Nuestra protecci\u00f3n de red y sistema (protecci\u00f3n NA) para sistemas fotovoltaicos est\u00e1 especialmente dise\u00f1ada para su uso en redes TNS \/ TT y cumple los estrictos requisitos de la norma VDE-AR-N 4105:2018-11. Este mecanismo de protecci\u00f3n es ideal para sistemas fotovoltaicos con una potencia de hasta 300 KW \/ 330 KVA y ofrece una desconexi\u00f3n completa de todos los polos y un interruptor de enlace integrado.<\/p>\n\n\n\n<h3 class=\"wp-block-heading\">Protecci\u00f3n centralizada de NA para la m\u00e1xima seguridad de la red y el sistema<\/h3>\n\n\n\n<p>Nuestro sistema de protecci\u00f3n NA garantiza la seguridad y eficacia de su sistema fotovoltaico gracias a las siguientes caracter\u00edsticas especiales:<\/p>\n\n\n\n<p><strong>Normalizado:<\/strong><br>La protecci\u00f3n de la red y del sistema cumple \u00edntegramente la norma VDE-AR-N 4105:2018-11, por lo que garantiza los m\u00e1s altos est\u00e1ndares de seguridad y rendimiento.<\/p>\n\n\n\n<p><strong>Montaje flexible:<\/strong><br>El sistema puede montarse tanto en la pared como sobre cimientos, lo que permite una instalaci\u00f3n flexible en distintos entornos.<\/p>\n\n\n\n<p><strong>Protecci\u00f3n centralizada de la AN:<\/strong><br>El mecanismo de protecci\u00f3n integrado garantiza la seguridad integral de la red y el sistema y minimiza el riesgo de fallos en la red.<\/p>\n\n\n\n<p><strong>Carcasa robusta:<\/strong><br>La carcasa de poli\u00e9ster reforzado con fibra de vidrio con un alto grado de protecci\u00f3n IP54 es ideal para diversos entornos de instalaci\u00f3n y ofrece una excelente protecci\u00f3n contra las influencias externas.<\/p>\n\n\n\n<p><strong>Desconexi\u00f3n omnipolar:<\/strong><br>Nuestro sistema de protecci\u00f3n NA garantiza la m\u00e1xima seguridad al aislar completamente todos los polos, lo que permite desconectar el sistema fotovoltaico de la red de forma fiable y segura.<\/p>\n\n\n\n<h4 class=\"wp-block-heading\">Ventajas de la protecci\u00f3n NA<\/h4>\n\n\n\n<ul class=\"wp-block-list\">\n<li><strong>M\u00e1xima seguridad:<\/strong> La protecci\u00f3n centralizada NA ofrece amplias medidas de seguridad para su instalaci\u00f3n fotovoltaica.<\/li>\n\n\n\n<li><strong>Fiabilidad:<\/strong> Cumple todas las normas y requisitos pertinentes para garantizar un funcionamiento seguro y estable.<\/li>\n\n\n\n<li><strong>Versatilidad:<\/strong> Puede utilizarse con flexibilidad en diversas configuraciones de red y entornos de instalaci\u00f3n.<\/li>\n\n\n\n<li><strong>Robustez:<\/strong> La robusta carcasa protege eficazmente los componentes internos y garantiza una larga vida \u00fatil.<\/li>\n<\/ul>\n\n\n\n<p>Nuestra protecci\u00f3n de red conforme a la norma para sistemas fotovoltaicos ofrece mecanismos eficaces de desconexi\u00f3n y protecci\u00f3n que se han desarrollado especialmente para los requisitos de los sistemas fotovoltaicos modernos. Descubra las ventajas de nuestro sistema de protecci\u00f3n NA y garantice la fiabilidad y seguridad de su sistema fotovoltaico.<\/p>\n\n\n\n<p>Para m\u00e1s informaci\u00f3n y consultas espec\u00edficas, no dude en ponerse en contacto con nosotros. Dise\u00f1emos juntos el futuro del suministro energ\u00e9tico sostenible.<\/p>\n\n\n\n<p><\/p>","protected":false},"excerpt":{"rendered":"<p>Optimaler NA-Schutz f\u00fcr PV-Anlagen bis 300 KW \/ 330 KVA Unser Netz- und Anlagenschutz (NA-Schutz) f\u00fcr Photovoltaikanlagen ist speziell f\u00fcr den Einsatz in TNS \/ TT-Netzen konzipiert und erf\u00fcllt die strengen Anforderungen der VDE-AR-N 4105:2018-11 Norm. Dieser Schutzmechanismus ist ideal f\u00fcr PV-Anlagen bis zu einer Leistung von 300 KW \/ 330 KVA und bietet eine [&hellip;]<\/p>\n","protected":false},"author":2,"featured_media":6054,"comment_status":"open","ping_status":"open","sticky":false,"template":"","format":"standard","meta":{"_acf_changed":false,"footnotes":""},"categories":[1],"tags":[],"class_list":["post-7034","post","type-post","status-publish","format-standard","has-post-thumbnail","hentry","category-news"],"acf":[],"_links":{"self":[{"href":"https:\/\/faber-etec.de\/es\/wp-json\/wp\/v2\/posts\/7034","targetHints":{"allow":["GET"]}}],"collection":[{"href":"https:\/\/faber-etec.de\/es\/wp-json\/wp\/v2\/posts"}],"about":[{"href":"https:\/\/faber-etec.de\/es\/wp-json\/wp\/v2\/types\/post"}],"author":[{"embeddable":true,"href":"https:\/\/faber-etec.de\/es\/wp-json\/wp\/v2\/users\/2"}],"replies":[{"embeddable":true,"href":"https:\/\/faber-etec.de\/es\/wp-json\/wp\/v2\/comments?post=7034"}],"version-history":[{"count":0,"href":"https:\/\/faber-etec.de\/es\/wp-json\/wp\/v2\/posts\/7034\/revisions"}],"wp:featuredmedia":[{"embeddable":true,"href":"https:\/\/faber-etec.de\/es\/wp-json\/wp\/v2\/media\/6054"}],"wp:attachment":[{"href":"https:\/\/faber-etec.de\/es\/wp-json\/wp\/v2\/media?parent=7034"}],"wp:term":[{"taxonomy":"category","embeddable":true,"href":"https:\/\/faber-etec.de\/es\/wp-json\/wp\/v2\/categories?post=7034"},{"taxonomy":"post_tag","embeddable":true,"href":"https:\/\/faber-etec.de\/es\/wp-json\/wp\/v2\/tags?post=7034"}],"curies":[{"name":"wp","href":"https:\/\/api.w.org\/{rel}","templated":true}]}}