{"id":9654,"date":"2023-11-30T14:14:00","date_gmt":"2023-11-30T13:14:00","guid":{"rendered":"https:\/\/faber-etec.de\/?p=9654"},"modified":"2025-10-29T18:12:06","modified_gmt":"2025-10-29T17:12:06","slug":"soluciones-solares-duesseldorf-2023","status":"publish","type":"post","link":"https:\/\/faber-etec.de\/es\/events\/solar-solutions-duesseldorf-2023\/","title":{"rendered":"Debut ferial - Solar Solutions en D\u00fcsseldorf"},"content":{"rendered":"<h2 class=\"wp-block-heading\"><strong>\u00c9xito de participaci\u00f3n en Solar Solutions D\u00fcsseldorf<\/strong><\/h2>\n\n\n\n<p>Junto con Faber Solartechnik GmbH, nos presentamos en Solar Solutions D\u00fcsseldorf, y la respuesta fue abrumadora. Nuestro equipo in situ mantuvo un di\u00e1logo constante con clientes potenciales, socios interesados y proveedores interesantes. Lo m\u00e1s destacado de nuestro stand fue una estaci\u00f3n compacta de producci\u00f3n propia totalmente equipada. <\/p>\n\n\n\n<p>Muchas gracias al equipo de Faber in situ, a livewelt GmbH &amp; Co. KG por el impresionante stand de la feria y a todos los visitantes por su inter\u00e9s. Esperamos verles de nuevo. #Solar giro<\/p>\n\n\n\n<figure class=\"wp-block-gallery has-nested-images columns-default is-cropped wp-block-gallery-1 is-layout-flex wp-block-gallery-is-layout-flex\">\n<figure class=\"wp-block-image size-large\"><img fetchpriority=\"high\" decoding=\"async\" width=\"1024\" height=\"683\" data-id=\"9660\" src=\"https:\/\/faber-etec.de\/wp-content\/uploads\/sites\/3\/2024\/07\/Solar-Solutions-Duesseldorf-4-1024x683.jpeg\" alt=\"-\" class=\"wp-image-9660\" title=\"{t\u00edtulo de la imagen}\" srcset=\"https:\/\/faber-etec.de\/wp-content\/uploads\/sites\/3\/2024\/07\/Solar-Solutions-Duesseldorf-4-1024x683.jpeg 1024w, https:\/\/faber-etec.de\/wp-content\/uploads\/sites\/3\/2024\/07\/Solar-Solutions-Duesseldorf-4-300x200.jpeg 300w, https:\/\/faber-etec.de\/wp-content\/uploads\/sites\/3\/2024\/07\/Solar-Solutions-Duesseldorf-4-768x512.jpeg 768w, https:\/\/faber-etec.de\/wp-content\/uploads\/sites\/3\/2024\/07\/Solar-Solutions-Duesseldorf-4-1536x1025.jpeg 1536w, https:\/\/faber-etec.de\/wp-content\/uploads\/sites\/3\/2024\/07\/Solar-Solutions-Duesseldorf-4-18x12.jpeg 18w, https:\/\/faber-etec.de\/wp-content\/uploads\/sites\/3\/2024\/07\/Solar-Solutions-Duesseldorf-4.jpeg 2048w\" sizes=\"(max-width: 1024px) 100vw, 1024px\" \/><\/figure>\n\n\n\n<figure class=\"wp-block-image size-large\"><img decoding=\"async\" width=\"1024\" height=\"683\" data-id=\"9658\" src=\"https:\/\/faber-etec.de\/wp-content\/uploads\/sites\/3\/2024\/07\/Solar-Solutions-Duesseldorf-2-1024x683.jpeg\" alt=\"-\" class=\"wp-image-9658\" title=\"{t\u00edtulo de la imagen}\" srcset=\"https:\/\/faber-etec.de\/wp-content\/uploads\/sites\/3\/2024\/07\/Solar-Solutions-Duesseldorf-2-1024x683.jpeg 1024w, https:\/\/faber-etec.de\/wp-content\/uploads\/sites\/3\/2024\/07\/Solar-Solutions-Duesseldorf-2-300x200.jpeg 300w, https:\/\/faber-etec.de\/wp-content\/uploads\/sites\/3\/2024\/07\/Solar-Solutions-Duesseldorf-2-768x512.jpeg 768w, https:\/\/faber-etec.de\/wp-content\/uploads\/sites\/3\/2024\/07\/Solar-Solutions-Duesseldorf-2-1536x1025.jpeg 1536w, https:\/\/faber-etec.de\/wp-content\/uploads\/sites\/3\/2024\/07\/Solar-Solutions-Duesseldorf-2-18x12.jpeg 18w, https:\/\/faber-etec.de\/wp-content\/uploads\/sites\/3\/2024\/07\/Solar-Solutions-Duesseldorf-2.jpeg 2048w\" sizes=\"(max-width: 1024px) 100vw, 1024px\" \/><\/figure>\n\n\n\n<figure class=\"wp-block-image size-large\"><img decoding=\"async\" width=\"1024\" height=\"683\" data-id=\"9657\" src=\"https:\/\/faber-etec.de\/wp-content\/uploads\/sites\/3\/2024\/07\/Solar-Solutions-Duesseldorf-1-1024x683.jpeg\" alt=\"-\" class=\"wp-image-9657\" title=\"{t\u00edtulo de la imagen}\" srcset=\"https:\/\/faber-etec.de\/wp-content\/uploads\/sites\/3\/2024\/07\/Solar-Solutions-Duesseldorf-1-1024x683.jpeg 1024w, https:\/\/faber-etec.de\/wp-content\/uploads\/sites\/3\/2024\/07\/Solar-Solutions-Duesseldorf-1-300x200.jpeg 300w, https:\/\/faber-etec.de\/wp-content\/uploads\/sites\/3\/2024\/07\/Solar-Solutions-Duesseldorf-1-768x512.jpeg 768w, https:\/\/faber-etec.de\/wp-content\/uploads\/sites\/3\/2024\/07\/Solar-Solutions-Duesseldorf-1-1536x1025.jpeg 1536w, https:\/\/faber-etec.de\/wp-content\/uploads\/sites\/3\/2024\/07\/Solar-Solutions-Duesseldorf-1-18x12.jpeg 18w, https:\/\/faber-etec.de\/wp-content\/uploads\/sites\/3\/2024\/07\/Solar-Solutions-Duesseldorf-1.jpeg 2048w\" sizes=\"(max-width: 1024px) 100vw, 1024px\" \/><\/figure>\n<\/figure>\n\n\n\n<p>Solar Solutions D\u00fcsseldorf es una feria l\u00edder de la industria solar que se celebra anualmente en el recinto ferial de D\u00fcsseldorf. Esta feria est\u00e1 dirigida exclusivamente a visitantes profesionales y ofrece una plataforma para presentar y debatir las \u00faltimas innovaciones y tendencias en el campo de la energ\u00eda solar.<\/p>\n\n\n\n<p>M\u00e1s de 300 expositores se dar\u00e1n cita para presentar sus productos y servicios en una superficie de m\u00e1s de 27.000 metros cuadrados. Entre ellos figuran los \u00faltimos paneles solares, sistemas de almacenamiento de energ\u00eda, soluciones para hogares inteligentes e infraestructuras para veh\u00edculos el\u00e9ctricos. La feria abarca una amplia gama de temas, incluidos los sistemas sostenibles de calefacci\u00f3n, ventilaci\u00f3n y aire acondicionado (HVAC).<\/p>\n\n\n\n<p>Uno de los aspectos m\u00e1s destacados de Solar Solutions D\u00fcsseldorf son los m\u00e1s de 60 seminarios de alta calidad en los que expertos del sector comparten sus conocimientos y debaten sobre los \u00faltimos avances. Estos seminarios ofrecen una excelente oportunidad para que los visitantes profesionales aprendan m\u00e1s y obtengan valiosos conocimientos sobre el futuro de la energ\u00eda solar.<\/p>\n\n\n\n<p>La feria no es s\u00f3lo un lugar de presentaci\u00f3n de innovaciones, sino tambi\u00e9n un importante evento para establecer contactos. Expertos de diversos sectores de la industria solar pueden reunirse aqu\u00ed, establecer contactos y encontrar posibles socios comerciales.<\/p>\n\n\n\n<p>Solar Solutions D\u00fcsseldorf es, por tanto, una cita ineludible para todo aquel que trabaje en la industria solar o est\u00e9 interesado en los \u00faltimos avances y oportunidades de este din\u00e1mico sector.<\/p>","protected":false},"excerpt":{"rendered":"<p>Junto con Faber Solartechnik GmbH, nos presentamos con \u00e9xito en Solar Solutions D\u00fcsseldorf y mantuvimos numerosas conversaciones sobre nuestra estaci\u00f3n compacta totalmente equipada, lo que dio lugar a una respuesta abrumadora.<\/p>","protected":false},"author":6,"featured_media":9659,"comment_status":"closed","ping_status":"open","sticky":false,"template":"","format":"standard","meta":{"_acf_changed":false,"footnotes":""},"categories":[58],"tags":[44,64,37],"class_list":["post-9654","post","type-post","status-publish","format-standard","has-post-thumbnail","hentry","category-events","tag-made-in-germany","tag-messe","tag-trafostation"],"acf":[],"_links":{"self":[{"href":"https:\/\/faber-etec.de\/es\/wp-json\/wp\/v2\/posts\/9654","targetHints":{"allow":["GET"]}}],"collection":[{"href":"https:\/\/faber-etec.de\/es\/wp-json\/wp\/v2\/posts"}],"about":[{"href":"https:\/\/faber-etec.de\/es\/wp-json\/wp\/v2\/types\/post"}],"author":[{"embeddable":true,"href":"https:\/\/faber-etec.de\/es\/wp-json\/wp\/v2\/users\/6"}],"replies":[{"embeddable":true,"href":"https:\/\/faber-etec.de\/es\/wp-json\/wp\/v2\/comments?post=9654"}],"version-history":[{"count":1,"href":"https:\/\/faber-etec.de\/es\/wp-json\/wp\/v2\/posts\/9654\/revisions"}],"predecessor-version":[{"id":16179,"href":"https:\/\/faber-etec.de\/es\/wp-json\/wp\/v2\/posts\/9654\/revisions\/16179"}],"wp:featuredmedia":[{"embeddable":true,"href":"https:\/\/faber-etec.de\/es\/wp-json\/wp\/v2\/media\/9659"}],"wp:attachment":[{"href":"https:\/\/faber-etec.de\/es\/wp-json\/wp\/v2\/media?parent=9654"}],"wp:term":[{"taxonomy":"category","embeddable":true,"href":"https:\/\/faber-etec.de\/es\/wp-json\/wp\/v2\/categories?post=9654"},{"taxonomy":"post_tag","embeddable":true,"href":"https:\/\/faber-etec.de\/es\/wp-json\/wp\/v2\/tags?post=9654"}],"curies":[{"name":"wp","href":"https:\/\/api.w.org\/{rel}","templated":true}]}}