{"id":44,"count":4,"description":"\"Made in Germany\" es sin\u00f3nimo de calidad, precisi\u00f3n y fiabilidad en todo el mundo, especialmente en \u00e1mbitos t\u00e9cnicos como el suministro de energ\u00eda. En el \u00e1mbito de los centros de transformaci\u00f3n, las estaciones compactas y las estaciones de transferencia, el sello \"Made in Germany\" desempe\u00f1a un papel decisivo, ya que representa los m\u00e1s altos est\u00e1ndares de producci\u00f3n y dise\u00f1o innovador. Cualquiera que desee encargar un centro de transformaci\u00f3n o informarse sobre una estaci\u00f3n compacta se beneficia de las normas de calidad alemanas, que garantizan que estos sistemas t\u00e9cnicos cumplen los m\u00e1s altos est\u00e1ndares de eficiencia y durabilidad.\r\n\r\nLa ingenier\u00eda alemana es conocida por su atenci\u00f3n al detalle, algo especialmente importante en el sector energ\u00e9tico. Un centro de transformaci\u00f3n fabricado en Alemania est\u00e1 sujeto a estrictas normas y reglamentos, que garantizan no s\u00f3lo su funcionamiento eficiente, sino tambi\u00e9n el cumplimiento de las normas internacionales de seguridad. Esto se aplica igualmente a los centros compactos, que ofrecen una soluci\u00f3n compacta y flexible a los problemas de suministro energ\u00e9tico. Con \"Made in Germany\", los clientes pueden estar seguros de que adquieren un centro compacto de transformaci\u00f3n que ha sido dise\u00f1ado para una larga vida \u00fatil y un bajo mantenimiento.\r\n\r\n\"Made in Germany\" tambi\u00e9n significa que en la fabricaci\u00f3n de centros de transformaci\u00f3n y estaciones de transferencia se utilizan tecnolog\u00edas y materiales de vanguardia. Esto es crucial para afrontar los retos de un suministro de energ\u00eda sostenible y preparado para el futuro. Encargar un centro de transformaci\u00f3n alem\u00e1n significa invertir en una soluci\u00f3n que no s\u00f3lo funcionar\u00e1 con fiabilidad hoy, sino tambi\u00e9n en el futuro. Las subestaciones compactas desarrolladas y fabricadas en Alemania son especialmente adaptables y pueden utilizarse tanto en zonas urbanas como en regiones remotas.\r\n\r\nLas empresas alemanas especializadas en la producci\u00f3n de transformadores y centros de transformaci\u00f3n se centran en la investigaci\u00f3n y el desarrollo continuos. Esto garantiza que un centro de transformaci\u00f3n compacto con el sello \"Made in Germany\" no s\u00f3lo cumpla las normas actuales, sino que a menudo tambi\u00e9n se anticipe a los requisitos futuros. Cuando se trata de solicitar una estaci\u00f3n compacta que se adapte a las necesidades individuales de un lugar, los fabricantes alemanes son l\u00edderes del sector.\r\n\r\nAdem\u00e1s de calidad t\u00e9cnica, \"Made in Germany\" tambi\u00e9n es sin\u00f3nimo de excelente servicio al cliente. Quien encarga un centro de transformaci\u00f3n o una estaci\u00f3n de transferencia made in Germany puede contar con un asesoramiento y una asistencia completos, desde la planificaci\u00f3n hasta la instalaci\u00f3n y el funcionamiento. Esta estrecha colaboraci\u00f3n con el cliente garantiza que el centro de transformaci\u00f3n se adapte de forma \u00f3ptima a los requisitos espec\u00edficos del proyecto.\r\n\r\nEn conclusi\u00f3n, puede decirse que \"Made in Germany\" no es s\u00f3lo un sello de calidad, sino una promesa de calidad y fiabilidad en la infraestructura energ\u00e9tica. Los centros de transformaci\u00f3n, las estaciones compactas y las estaciones de transferencia de Alemania son demandados en todo el mundo porque cumplen las normas m\u00e1s estrictas. Por eso, si quiere pedir un centro de transformaci\u00f3n o informarse sobre una estaci\u00f3n compacta, los productos \"Made in Germany\" son la mejor opci\u00f3n: para un suministro de energ\u00eda sostenible y con garant\u00eda de futuro.","link":"https:\/\/faber-etec.de\/es\/tag\/made-in-germany\/","name":"# Fabricado en Alemania","slug":"fabricado-en-alemania","taxonomy":"post_tag","meta":[],"_links":{"self":[{"href":"https:\/\/faber-etec.de\/es\/wp-json\/wp\/v2\/tags\/44","targetHints":{"allow":["GET"]}}],"collection":[{"href":"https:\/\/faber-etec.de\/es\/wp-json\/wp\/v2\/tags"}],"about":[{"href":"https:\/\/faber-etec.de\/es\/wp-json\/wp\/v2\/taxonomies\/post_tag"}],"wp:post_type":[{"href":"https:\/\/faber-etec.de\/es\/wp-json\/wp\/v2\/posts?tags=44"}],"curies":[{"name":"wp","href":"https:\/\/api.w.org\/{rel}","templated":true}]}}