{"id":66,"count":1,"description":"Paderborn, encantadora ciudad del este de Renania del Norte-Westfalia, es conocida por su singular combinaci\u00f3n de historia, cultura y progreso tecnol\u00f3gico. La ciudad toma su nombre de los manantiales de Pader, conocidos como el r\u00edo m\u00e1s corto de Alemania, que nacen justo en el coraz\u00f3n de la ciudad. Con su impresionante catedral de Paderborn, punto de referencia de la regi\u00f3n, y numerosos edificios hist\u00f3ricos, la ciudad cuenta con una rica historia que se remonta a la Alta Edad Media.\r\n\r\nAdem\u00e1s de su patrimonio hist\u00f3rico, Paderborn es tambi\u00e9n un centro de innovaci\u00f3n y sostenibilidad. La ciudad invierte mucho en energ\u00edas renovables y modernos proyectos de infraestructura, como la instalaci\u00f3n de <strong>Centros de transformaci\u00f3n compactos<\/strong> y <strong>Estaciones de transferencia<\/strong>especialmente para <strong>Proyectos de movilidad el\u00e9ctrica<\/strong> son de importancia. Empresas como Faber E-Tec contribuyen de forma significativa a que los sistemas energ\u00e9ticos de Paderborn est\u00e9n preparados para el futuro proporcionando soluciones eficientes en el \u00e1mbito de <strong>Centros de transformaci\u00f3n<\/strong> y <strong>Estaciones compactas<\/strong> que se integran perfectamente en el paisaje urbano.\r\n\r\nPaderborn no s\u00f3lo ofrece numerosas oportunidades educativas y profesionales, sino que tambi\u00e9n es un lugar atractivo para empresas innovadoras que apuestan por la sostenibilidad y las infraestructuras energ\u00e9ticas modernas. Con sus parques verdes, monumentos hist\u00f3ricos y proyectos orientados al futuro, la ciudad es un lugar ideal para empresas y residentes que valoran la calidad de vida y el progreso.","link":"https:\/\/faber-etec.de\/es\/tag\/paderborn\/","name":"# Paderborn","slug":"paderborn","taxonomy":"post_tag","meta":[],"_links":{"self":[{"href":"https:\/\/faber-etec.de\/es\/wp-json\/wp\/v2\/tags\/66","targetHints":{"allow":["GET"]}}],"collection":[{"href":"https:\/\/faber-etec.de\/es\/wp-json\/wp\/v2\/tags"}],"about":[{"href":"https:\/\/faber-etec.de\/es\/wp-json\/wp\/v2\/taxonomies\/post_tag"}],"wp:post_type":[{"href":"https:\/\/faber-etec.de\/es\/wp-json\/wp\/v2\/posts?tags=66"}],"curies":[{"name":"wp","href":"https:\/\/api.w.org\/{rel}","templated":true}]}}