{"id":74,"count":1,"description":"En la ciudad de Ennigerloh se ha construido un moderno parque solar que supone una importante contribuci\u00f3n a la transici\u00f3n energ\u00e9tica regional.\r\nFaber E-Tec proporciona la base t\u00e9cnica para una distribuci\u00f3n de energ\u00eda segura y eficiente:\r\nUn total de cuatro estaciones transformadoras y una estaci\u00f3n central de transferencia, que alimentan de forma fiable la red p\u00fablica con la energ\u00eda solar generada.\r\n\r\nLas estaciones transformadoras y subestaciones transformadoras compactas instaladas se caracterizan por una elevada potencia de transformaci\u00f3n y unas estaciones de hormig\u00f3n robustas, especialmente dise\u00f1adas para cumplir los requisitos de los sistemas fotovoltaicos.\r\nGracias a una planificaci\u00f3n precisa, una realizaci\u00f3n eficiente y una calidad probada, Faber E-Tec de Ennigerloh garantiza un funcionamiento sin problemas y la m\u00e1xima seguridad de suministro.\r\n\r\nEl proyecto demuestra de forma impresionante c\u00f3mo la generaci\u00f3n de energ\u00eda sostenible y la tecnolog\u00eda moderna van de la mano.\r\nCon estos sistemas, Faber E-Tec refuerza la infraestructura regional y apoya a las autoridades locales y a los socios energ\u00e9ticos en el camino hacia un futuro respetuoso con el clima.\r\n\r\nFaber E-Tec: experiencia energ\u00e9tica que conecta. Por Ennigerloh y el futuro de las energ\u00edas renovables.","link":"https:\/\/faber-etec.de\/es\/tag\/ennigerloh\/","name":"#Ennigerloh","slug":"ennigerloh","taxonomy":"post_tag","meta":[],"_links":{"self":[{"href":"https:\/\/faber-etec.de\/es\/wp-json\/wp\/v2\/tags\/74","targetHints":{"allow":["GET"]}}],"collection":[{"href":"https:\/\/faber-etec.de\/es\/wp-json\/wp\/v2\/tags"}],"about":[{"href":"https:\/\/faber-etec.de\/es\/wp-json\/wp\/v2\/taxonomies\/post_tag"}],"wp:post_type":[{"href":"https:\/\/faber-etec.de\/es\/wp-json\/wp\/v2\/posts?tags=74"}],"curies":[{"name":"wp","href":"https:\/\/api.w.org\/{rel}","templated":true}]}}