{"id":13354,"date":"2024-09-16T11:23:34","date_gmt":"2024-09-16T09:23:34","guid":{"rendered":"https:\/\/faber-etec.de\/?p=13354"},"modified":"2025-10-30T01:01:13","modified_gmt":"2025-10-30T00:01:13","slug":"commander-des-postes-de-transformation-2","status":"publish","type":"post","link":"https:\/\/faber-etec.de\/fr\/forschung-und-entwicklung\/trafostationen-bestellen\/","title":{"rendered":"Commander un poste de transformation - Infrastructure moderne"},"content":{"rendered":"<div data-elementor-type=\"wp-post\" data-elementor-id=\"13354\" class=\"elementor elementor-13354\" data-elementor-post-type=\"post\">\n\t\t\t\t<div class=\"elementor-element elementor-element-470472c2 e-flex e-con-boxed e-con e-parent\" data-id=\"470472c2\" data-element_type=\"container\" data-e-type=\"container\">\n\t\t\t\t\t<div class=\"e-con-inner\">\n\t\t\t\t<div class=\"elementor-element elementor-element-c6e6162 elementor-widget elementor-widget-heading\" data-id=\"c6e6162\" data-element_type=\"widget\" data-e-type=\"widget\" data-widget_type=\"heading.default\">\n\t\t\t\t<div class=\"elementor-widget-container\">\n\t\t\t\t\t<h2 class=\"elementor-heading-title elementor-size-default\">Acheter des stations compactes de transformateur<\/h2>\t\t\t\t<\/div>\n\t\t\t\t<\/div>\n\t\t\t\t<div class=\"elementor-element elementor-element-a02fd32 elementor-widget elementor-widget-text-editor\" data-id=\"a02fd32\" data-element_type=\"widget\" data-e-type=\"widget\" data-widget_type=\"text-editor.default\">\n\t\t\t\t<div class=\"elementor-widget-container\">\n\t\t\t\t\t\t\t\t\t<p>Commander des postes de transformation : On ne soulignera jamais assez l'importance des postes de transformation dans l'infrastructure \u00e9nerg\u00e9tique actuelle. Ces postes sont au c\u0153ur de toute distribution d'\u00e9nergie, en transformant l'\u00e9lectricit\u00e9 des r\u00e9seaux haute ou moyenne tension \u00e0 un niveau utilisable par les m\u00e9nages, les entreprises et les applications industrielles. Sur notre <a  href=\"https:\/\/faber-etec.de\/fr\/poste-de-transformation\/\" title=\"Poste de transformation - Dessous du poste de transformation\">Dessous du poste de transformation<\/a> pour en savoir plus sur la mani\u00e8re dont nos solutions sont con\u00e7ues sur mesure pour r\u00e9pondre aux besoins de diff\u00e9rents projets \u00e9nerg\u00e9tiques.<\/p>\t\t\t\t\t\t\t\t<\/div>\n\t\t\t\t<\/div>\n\t\t\t\t<div class=\"elementor-element elementor-element-cbd1e74 elementor-widget-divider--view-line elementor-widget elementor-widget-divider\" data-id=\"cbd1e74\" data-element_type=\"widget\" data-e-type=\"widget\" data-widget_type=\"divider.default\">\n\t\t\t\t<div class=\"elementor-widget-container\">\n\t\t\t\t\t\t\t<div class=\"elementor-divider\">\n\t\t\t<span class=\"elementor-divider-separator\">\n\t\t\t\t\t\t<\/span>\n\t\t<\/div>\n\t\t\t\t\t\t<\/div>\n\t\t\t\t<\/div>\n\t\t\t\t<div class=\"elementor-element elementor-element-4078e4f elementor-widget elementor-widget-text-editor\" data-id=\"4078e4f\" data-element_type=\"widget\" data-e-type=\"widget\" data-widget_type=\"text-editor.default\">\n\t\t\t\t<div class=\"elementor-widget-container\">\n\t\t\t\t\t\t\t\t\t<h3 class=\"wp-block-heading\"><strong>Pourquoi commander des postes de transformation de Faber E-Tec ?<\/strong><\/h3>\n<p>Avec plus de 25 ans d'exp\u00e9rience, l'association <b>Faber E-Tec<\/b> Des postes de transformation qui convainquent par leur long\u00e9vit\u00e9, leur efficacit\u00e9 et leur flexibilit\u00e9. Nos stations de transformation sont con\u00e7ues et fabriqu\u00e9es individuellement afin de r\u00e9pondre aux exigences sp\u00e9cifiques des projets, qu'il s'agisse d'installations industrielles, de parcs solaires ou de r\u00e9seaux urbains. <a  href=\"https:\/\/faber-etec.de\/fr\/poste-de-transformation\/#warum\" title=\"Poste de transformation - Plus d&#039;informations sur notre page Poste de transformation\">Pour en savoir plus, consultez notre page sur les postes de transformation<\/a>.<\/p>\t\t\t\t\t\t\t\t<\/div>\n\t\t\t\t<\/div>\n\t\t\t\t<div class=\"elementor-element elementor-element-aa15347 elementor-widget-divider--view-line elementor-widget elementor-widget-divider\" data-id=\"aa15347\" data-element_type=\"widget\" data-e-type=\"widget\" data-widget_type=\"divider.default\">\n\t\t\t\t<div class=\"elementor-widget-container\">\n\t\t\t\t\t\t\t<div class=\"elementor-divider\">\n\t\t\t<span class=\"elementor-divider-separator\">\n\t\t\t\t\t\t<\/span>\n\t\t<\/div>\n\t\t\t\t\t\t<\/div>\n\t\t\t\t<\/div>\n\t\t\t\t<div class=\"elementor-element elementor-element-3b842f8a elementor-widget elementor-widget-text-editor\" data-id=\"3b842f8a\" data-element_type=\"widget\" data-e-type=\"widget\" data-widget_type=\"text-editor.default\">\n\t\t\t\t<div class=\"elementor-widget-container\">\n\t\t\t\t\t\t\t\t\t<h3 class=\"wp-block-heading\"><strong>Postes de transformation pour les projets solaires \/ photovolta\u00efques<\/strong><\/h3>\n<p>Les installations photovolta\u00efques profitent \u00e9norm\u00e9ment de nos <b>Postes de transformation<\/b>Ces syst\u00e8mes garantissent une conversion efficace et s\u00fbre de l'\u00e9nergie. En convertissant l'\u00e9lectricit\u00e9 produite au niveau de tension appropri\u00e9, le rendement de vos projets photovolta\u00efques peut \u00eatre maximis\u00e9. <a  href=\"https:\/\/faber-etec.de\/fr\/poste-de-transformation\/#weitere-produkte\" title=\"Poste de transformation - En savoir plus sur nos postes de transformation PV\">En savoir plus sur nos postes de transformation PV<\/a>.<\/p>\t\t\t\t\t\t\t\t<\/div>\n\t\t\t\t<\/div>\n\t\t\t\t<div class=\"elementor-element elementor-element-a9aee04 elementor-widget elementor-widget-image\" data-id=\"a9aee04\" data-element_type=\"widget\" data-e-type=\"widget\" data-widget_type=\"image.default\">\n\t\t\t\t<div class=\"elementor-widget-container\">\n\t\t\t\t\t\t\t\t\t\t\t\t<figure class=\"wp-caption\">\n\t\t\t\t\t\t\t\t\t\t\t<a  href=\"https:\/\/faber-etec.de\/fr\/station-du-parc-solaire\/\" title=\"Station de parc solaire - \">\n\t\t\t\t\t\t\t<img decoding=\"async\" src=\"https:\/\/faber-etec.de\/wp-content\/uploads\/sites\/3\/elementor\/thumbs\/solarparkstation-trafo-photovoltaik-solarpark-kompakstation-qsjez4vvzba3w1ddsny21zrh1ztk7uc6clbh2hml54.webp\" title=\"Station de parc solaire pour transformateur et photovolta\u00efque dans les parcs solaires et les projets PV - Faber E-Tec\" alt=\"Station de parc solaire pour transformateur et photovolta\u00efque dans les parcs solaires - Faber E-Tec\" loading=\"lazy\" \/>\t\t\t\t\t\t\t\t<\/a>\n\t\t\t\t\t\t\t\t\t\t\t<figcaption class=\"widget-image-caption wp-caption-text\">Station de parc solaire - Transformateur haute performance pour les parcs solaires photovolta\u00efques<\/figcaption>\n\t\t\t\t\t\t\t\t\t\t<\/figure>\n\t\t\t\t\t\t\t\t\t<\/div>\n\t\t\t\t<\/div>\n\t\t\t\t<div class=\"elementor-element elementor-element-b27e331 elementor-align-center elementor-widget elementor-widget-button\" data-id=\"b27e331\" data-element_type=\"widget\" data-e-type=\"widget\" data-widget_type=\"button.default\">\n\t\t\t\t<div class=\"elementor-widget-container\">\n\t\t\t\t\t\t\t\t\t<div class=\"elementor-button-wrapper\">\n\t\t\t\t\t<a class=\"elementor-button elementor-button-link elementor-size-sm\"  href=\"https:\/\/faber-etec.de\/fr\/station-du-parc-solaire\/\" title=\"Station de parc solaire - Demander une station de transformation de parc solaire\">\n\t\t\t\t\t\t<span class=\"elementor-button-content-wrapper\">\n\t\t\t\t\t\t<span class=\"elementor-button-icon\">\n\t\t\t\t<i aria-hidden=\"true\" class=\"fas fa-angle-right\"><\/i>\t\t\t<\/span>\n\t\t\t\t\t\t\t\t\t<span class=\"elementor-button-text\">Demander un poste de transformation pour parc solaire<\/span>\n\t\t\t\t\t<\/span>\n\t\t\t\t\t<\/a>\n\t\t\t\t<\/div>\n\t\t\t\t\t\t\t\t<\/div>\n\t\t\t\t<\/div>\n\t\t\t\t<div class=\"elementor-element elementor-element-e6ade9f elementor-widget elementor-widget-text-editor\" data-id=\"e6ade9f\" data-element_type=\"widget\" data-e-type=\"widget\" data-widget_type=\"text-editor.default\">\n\t\t\t\t<div class=\"elementor-widget-container\">\n\t\t\t\t\t\t\t\t\t<p><span style=\"color: var( --e-global-color-text ); font-family: var( --e-global-typography-text-font-family ), sans-serif; font-size: var( --e-global-typography-text-font-size ); font-weight: var( --e-global-typography-text-font-weight ); text-align: var(--text-align);\">Si vous avez un <\/span><a style=\"font-family: var( --e-global-typography-text-font-family ), sans-serif; font-size: var( --e-global-typography-text-font-size ); font-weight: var( --e-global-typography-text-font-weight ); text-align: var(--text-align); background-color: #ffffff;\" href=\"https:\/\/faber-solartechnik.de\/epc\/\" title=\"Epc - Construire un parc solaire\" target=\"_blank\" rel=\"noopener\">souhaitent construire un parc solaire<\/a><span style=\"color: var( --e-global-color-text ); font-family: var( --e-global-typography-text-font-family ), sans-serif; font-size: var( --e-global-typography-text-font-size ); font-weight: var( --e-global-typography-text-font-weight ); text-align: var(--text-align);\"> ou si vous avez besoin d'aide pour votre projet photovolta\u00efque, vous trouverez sur notre site Internet de <\/span><a style=\"font-family: var( --e-global-typography-text-font-family ), sans-serif; font-size: var( --e-global-typography-text-font-size ); font-weight: var( --e-global-typography-text-font-weight ); text-align: var(--text-align); background-color: #ffffff;\" href=\"https:\/\/faber-solartechnik.de\/\" title=\" - Faber Technique solaire\" target=\"_blank\" rel=\"noopener\">Faber Technique solaire<\/a><span style=\"color: var( --e-global-color-text ); font-family: var( --e-global-typography-text-font-family ), sans-serif; font-size: var( --e-global-typography-text-font-size ); font-weight: var( --e-global-typography-text-font-weight ); text-align: var(--text-align);\"> toutes les informations importantes et un service complet. Nous proposons des solutions sur mesure et des conseils professionnels afin de garantir la r\u00e9ussite de votre projet. De la <\/span><a style=\"font-family: var( --e-global-typography-text-font-family ), sans-serif; font-size: var( --e-global-typography-text-font-size ); font-weight: var( --e-global-typography-text-font-weight ); text-align: var(--text-align); background-color: #ffffff;\" href=\"https:\/\/faber-solartechnik.de\/solartechnik\/\" title=\"Technique solaire - Planification jusqu&#039;\u00e0 la mise en service\" target=\"_blank\" rel=\"noopener\">Planification jusqu'\u00e0 la mise en service<\/a><span style=\"color: var( --e-global-color-text ); font-family: var( --e-global-typography-text-font-family ), sans-serif; font-size: var( --e-global-typography-text-font-size ); font-weight: var( --e-global-typography-text-font-weight ); text-align: var(--text-align);\"> nous sommes \u00e0 vos c\u00f4t\u00e9s avec notre expertise.<\/span><\/p>\t\t\t\t\t\t\t\t<\/div>\n\t\t\t\t<\/div>\n\t\t\t\t<div class=\"elementor-element elementor-element-c470138 elementor-widget-divider--view-line elementor-widget elementor-widget-divider\" data-id=\"c470138\" data-element_type=\"widget\" data-e-type=\"widget\" data-widget_type=\"divider.default\">\n\t\t\t\t<div class=\"elementor-widget-container\">\n\t\t\t\t\t\t\t<div class=\"elementor-divider\">\n\t\t\t<span class=\"elementor-divider-separator\">\n\t\t\t\t\t\t<\/span>\n\t\t<\/div>\n\t\t\t\t\t\t<\/div>\n\t\t\t\t<\/div>\n\t\t\t\t<div class=\"elementor-element elementor-element-f5f23b5 elementor-widget elementor-widget-text-editor\" data-id=\"f5f23b5\" data-element_type=\"widget\" data-e-type=\"widget\" data-widget_type=\"text-editor.default\">\n\t\t\t\t<div class=\"elementor-widget-container\">\n\t\t\t\t\t\t\t\t\t<h3 class=\"wp-block-heading\">Commander des stations de transformation - E-mobilit\u00e9 \/ infrastructure de recharge<\/h3>\n<p>L'\u00e9lectromobilit\u00e9 exige des infrastructures de recharge fiables. Nos stations de transformation pour l'\u00e9lectromobilit\u00e9 sont sp\u00e9cialement con\u00e7ues pour r\u00e9pondre aux exigences des stations de recharge pour v\u00e9hicules \u00e9lectriques. Elles assurent une distribution d'\u00e9nergie stable et s\u00fbre et soutiennent ainsi le d\u00e9veloppement d'une mobilit\u00e9 durable. <a href=\"https:\/\/faber-etec.de\/fr\/e-mobilite\/\" title=\"E Mobilitaet - En savoir plus sur nos stations de transformation pour l&#039;e-mobilit\u00e9\">En savoir plus sur nos stations de transformation pour l'e-mobilit\u00e9<\/a>.<\/p>\t\t\t\t\t\t\t\t<\/div>\n\t\t\t\t<\/div>\n\t\t\t\t<div class=\"elementor-element elementor-element-2d11a43 elementor-widget elementor-widget-image\" data-id=\"2d11a43\" data-element_type=\"widget\" data-e-type=\"widget\" data-widget_type=\"image.default\">\n\t\t\t\t<div class=\"elementor-widget-container\">\n\t\t\t\t\t\t\t\t\t\t\t\t<figure class=\"wp-caption\">\n\t\t\t\t\t\t\t\t\t\t\t<a href=\"https:\/\/faber-etec.de\/fr\/e-mobilite\/\" title=\"E Mobilit\u00e9 - \">\n\t\t\t\t\t\t\t<img decoding=\"async\" src=\"https:\/\/faber-etec.de\/wp-content\/uploads\/sites\/3\/elementor\/thumbs\/trafo-e-mobilitaet-ladesaeulen-ladeinfrastruktur-elektrofahrzeuge-eauto-parkplatz-qsjezyyq20fa7k5ox0y49s682bpb25nl4q70fcdzm0.webp\" title=\"Transformateur pour l&#039;e-mobilit\u00e9 - Une alimentation en \u00e9nergie fiable pour les stations de recharge\" alt=\"Station compacte Transformateur pour l&#039;e-mobilit\u00e9, infrastructure de station de recharge pour v\u00e9hicules \u00e9lectriques. . Cette station de transformation en b\u00e9ton offre une distribution d&#039;\u00e9nergie fiable pour les v\u00e9hicules \u00e9lectriques. La station de transformation robuste en b\u00e9ton garantit une alimentation efficace. Notre station compacte de transformateur est id\u00e9ale pour une utilisation dans les projets d&#039;e-mobilit\u00e9.\" loading=\"lazy\" \/>\t\t\t\t\t\t\t\t<\/a>\n\t\t\t\t\t\t\t\t\t\t\t<figcaption class=\"widget-image-caption wp-caption-text\">Transformateur de Faber E-Tec, con\u00e7u pour une alimentation en \u00e9nergie fiable dans le domaine de l'e-mobilit\u00e9. Id\u00e9al pour les stations de recharge et l'infrastructure d'alimentation des v\u00e9hicules \u00e9lectriques.<\/figcaption>\n\t\t\t\t\t\t\t\t\t\t<\/figure>\n\t\t\t\t\t\t\t\t\t<\/div>\n\t\t\t\t<\/div>\n\t\t\t\t<div class=\"elementor-element elementor-element-c7efc0f elementor-align-center elementor-widget elementor-widget-button\" data-id=\"c7efc0f\" data-element_type=\"widget\" data-e-type=\"widget\" data-widget_type=\"button.default\">\n\t\t\t\t<div class=\"elementor-widget-container\">\n\t\t\t\t\t\t\t\t\t<div class=\"elementor-button-wrapper\">\n\t\t\t\t\t<a class=\"elementor-button elementor-button-link elementor-size-sm\" href=\"https:\/\/faber-etec.de\/fr\/e-mobilite\/#produktanfrage\" title=\"E Mobilitaet - Bornes de recharge - Demande de station de transformation\">\n\t\t\t\t\t\t<span class=\"elementor-button-content-wrapper\">\n\t\t\t\t\t\t<span class=\"elementor-button-icon\">\n\t\t\t\t<i aria-hidden=\"true\" class=\"fas fa-angle-right\"><\/i>\t\t\t<\/span>\n\t\t\t\t\t\t\t\t\t<span class=\"elementor-button-text\">Colonnes de recharge - Demander un poste de transformation<\/span>\n\t\t\t\t\t<\/span>\n\t\t\t\t\t<\/a>\n\t\t\t\t<\/div>\n\t\t\t\t\t\t\t\t<\/div>\n\t\t\t\t<\/div>\n\t\t\t\t<div class=\"elementor-element elementor-element-ea34a86 elementor-widget-divider--view-line elementor-widget elementor-widget-divider\" data-id=\"ea34a86\" data-element_type=\"widget\" data-e-type=\"widget\" data-widget_type=\"divider.default\">\n\t\t\t\t<div class=\"elementor-widget-container\">\n\t\t\t\t\t\t\t<div class=\"elementor-divider\">\n\t\t\t<span class=\"elementor-divider-separator\">\n\t\t\t\t\t\t<\/span>\n\t\t<\/div>\n\t\t\t\t\t\t<\/div>\n\t\t\t\t<\/div>\n\t\t\t\t<div class=\"elementor-element elementor-element-f10ce06 elementor-widget elementor-widget-text-editor\" data-id=\"f10ce06\" data-element_type=\"widget\" data-e-type=\"widget\" data-widget_type=\"text-editor.default\">\n\t\t\t\t<div class=\"elementor-widget-container\">\n\t\t\t\t\t\t\t\t\t<h3 class=\"wp-block-heading\"><strong style=\"color: inherit; text-align: var(--text-align);\">Nos services autour de votre poste de transformation<\/strong><\/h3>\n<p>Chez Faber E-Tec, nous proposons des services complets pour les postes de transformation, de la planification initiale \u00e0 la maintenance. Nous assurons une mise en service s\u00fbre et dans les d\u00e9lais ainsi que l'int\u00e9gration dans les r\u00e9seaux existants. Nous garantissons ainsi que chaque poste de transformation r\u00e9pond aux exigences de vos projets \u00e9nerg\u00e9tiques. <a href=\"https:\/\/faber-etec.de\/fr\/services\/\" title=\"Services - En savoir plus sur nos services\">En savoir plus sur nos services<\/a>.<\/p>\t\t\t\t\t\t\t\t<\/div>\n\t\t\t\t<\/div>\n\t\t\t\t<div class=\"elementor-element elementor-element-0790117 elementor-widget-divider--view-line elementor-widget elementor-widget-divider\" data-id=\"0790117\" data-element_type=\"widget\" data-e-type=\"widget\" data-widget_type=\"divider.default\">\n\t\t\t\t<div class=\"elementor-widget-container\">\n\t\t\t\t\t\t\t<div class=\"elementor-divider\">\n\t\t\t<span class=\"elementor-divider-separator\">\n\t\t\t\t\t\t<\/span>\n\t\t<\/div>\n\t\t\t\t\t\t<\/div>\n\t\t\t\t<\/div>\n\t\t\t\t<div class=\"elementor-element elementor-element-9f82db0 elementor-widget elementor-widget-text-editor\" data-id=\"9f82db0\" data-element_type=\"widget\" data-e-type=\"widget\" data-widget_type=\"text-editor.default\">\n\t\t\t\t<div class=\"elementor-widget-container\">\n\t\t\t\t\t\t\t\t\t<h3 class=\"wp-block-heading\"><strong>Commander des postes de transformation en ligne<\/strong><\/h3>\n<p>Gr\u00e2ce \u00e0 notre plateforme en ligne moderne, vous pouvez d\u00e9sormais commander des postes de transformation - une demande en ligne pratique et simple. Que ce soit pour des applications industrielles, des projets PV ou l'e-mobilit\u00e9, nous proposons un large choix de postes de transformation de haute qualit\u00e9. Visitez notre\u00a0<a href=\"https:\/\/faber-etec.de\/fr\/produits\/\" title=\"Produits - Page des produits\">Page produit<\/a>Pour trouver la solution la plus adapt\u00e9e \u00e0 vos besoins et commander votre poste de transformation directement en ligne, cliquez ici.<\/p>\t\t\t\t\t\t\t\t<\/div>\n\t\t\t\t<\/div>\n\t\t\t\t<div class=\"elementor-element elementor-element-68ba907 elementor-widget elementor-widget-button\" data-id=\"68ba907\" data-element_type=\"widget\" data-e-type=\"widget\" data-widget_type=\"button.default\">\n\t\t\t\t<div class=\"elementor-widget-container\">\n\t\t\t\t\t\t\t\t\t<div class=\"elementor-button-wrapper\">\n\t\t\t\t\t<a class=\"elementor-button elementor-button-link elementor-size-sm\" href=\"https:\/\/faber-etec.de\/fr\/demander\/\" title=\"Demandes - Configurer un poste de transformation\">\n\t\t\t\t\t\t<span class=\"elementor-button-content-wrapper\">\n\t\t\t\t\t\t<span class=\"elementor-button-icon\">\n\t\t\t\t<i aria-hidden=\"true\" class=\"fas fa-angle-right\"><\/i>\t\t\t<\/span>\n\t\t\t\t\t\t\t\t\t<span class=\"elementor-button-text\">Configurer un poste de transformation<\/span>\n\t\t\t\t\t<\/span>\n\t\t\t\t\t<\/a>\n\t\t\t\t<\/div>\n\t\t\t\t\t\t\t\t<\/div>\n\t\t\t\t<\/div>\n\t\t\t\t<div class=\"elementor-element elementor-element-fa3acd5 elementor-widget-divider--view-line elementor-widget elementor-widget-divider\" data-id=\"fa3acd5\" data-element_type=\"widget\" data-e-type=\"widget\" data-widget_type=\"divider.default\">\n\t\t\t\t<div class=\"elementor-widget-container\">\n\t\t\t\t\t\t\t<div class=\"elementor-divider\">\n\t\t\t<span class=\"elementor-divider-separator\">\n\t\t\t\t\t\t<\/span>\n\t\t<\/div>\n\t\t\t\t\t\t<\/div>\n\t\t\t\t<\/div>\n\t\t\t\t<div class=\"elementor-element elementor-element-5527e38 elementor-widget elementor-widget-text-editor\" data-id=\"5527e38\" data-element_type=\"widget\" data-e-type=\"widget\" data-widget_type=\"text-editor.default\">\n\t\t\t\t<div class=\"elementor-widget-container\">\n\t\t\t\t\t\t\t\t\t<h3 class=\"wp-block-heading\"><strong style=\"color: inherit; text-align: var(--text-align);\">Diff\u00e9rents domaines d'utilisation des postes de transformation<\/strong><\/h3>\n<p>Les postes de transformation sont utilis\u00e9s de mani\u00e8re polyvalente, que ce soit dans des installations industrielles, pour des installations photovolta\u00efques ou \u00e9oliennes, ou dans des r\u00e9seaux urbains. Notre site\u00a0<a href=\"https:\/\/faber-etec.de\/fr\/poste-de-transformation\/\" title=\"Poste de transformation - Aper\u00e7u des diff\u00e9rents postes de transformation\">Aper\u00e7u des diff\u00e9rents postes de transformation<\/a>\u00a0montre quelles solutions nous proposons pour diff\u00e9rentes exigences, de <a href=\"https:\/\/faber-etec.de\/fr\/stations-compactes\/\" title=\"Stations compactes - Stations compactes\">Stations compactes<\/a> jusqu'aux stations de conteneurs pour un approvisionnement en \u00e9nergie flexible.<\/p>\t\t\t\t\t\t\t\t<\/div>\n\t\t\t\t<\/div>\n\t\t\t\t<div class=\"elementor-element elementor-element-1d3591d elementor-widget elementor-widget-gallery\" data-id=\"1d3591d\" data-element_type=\"widget\" data-e-type=\"widget\" data-settings=\"{&quot;columns&quot;:3,&quot;lazyload&quot;:&quot;yes&quot;,&quot;gallery_layout&quot;:&quot;grid&quot;,&quot;columns_tablet&quot;:2,&quot;columns_mobile&quot;:1,&quot;gap&quot;:{&quot;unit&quot;:&quot;px&quot;,&quot;size&quot;:10,&quot;sizes&quot;:[]},&quot;gap_laptop&quot;:{&quot;unit&quot;:&quot;px&quot;,&quot;size&quot;:10,&quot;sizes&quot;:[]},&quot;gap_tablet_extra&quot;:{&quot;unit&quot;:&quot;px&quot;,&quot;size&quot;:10,&quot;sizes&quot;:[]},&quot;gap_tablet&quot;:{&quot;unit&quot;:&quot;px&quot;,&quot;size&quot;:10,&quot;sizes&quot;:[]},&quot;gap_mobile&quot;:{&quot;unit&quot;:&quot;px&quot;,&quot;size&quot;:10,&quot;sizes&quot;:[]},&quot;link_to&quot;:&quot;file&quot;,&quot;aspect_ratio&quot;:&quot;3:2&quot;,&quot;overlay_background&quot;:&quot;yes&quot;,&quot;content_hover_animation&quot;:&quot;fade-in&quot;}\" data-widget_type=\"gallery.default\">\n\t\t\t\t<div class=\"elementor-widget-container\">\n\t\t\t\t\t\t\t<div class=\"elementor-gallery__container\">\n\t\t\t\t\t\t\t<a class=\"e-gallery-item elementor-gallery-item elementor-animated-content\" href=\"https:\/\/faber-etec.de\/wp-content\/uploads\/sites\/3\/2024\/08\/Transformatoren-fuer-E-Mobilitaets-Infrastruktur-Ladesaeuleninfrastruktur-Trafo-fuer-E-Mobilitaet-Footer-BG-comp.webp\" title=\"Transformateurs pour E Mobility Infrastructure de bornes de recharge Transformateur pour E Mobility Footer BG Comp.webp - \" data-elementor-open-lightbox=\"yes\" data-elementor-lightbox-slideshow=\"1d3591d\" data-e-action-hash=\"#elementor-action%3Aaction%3Dlightbox%26settings%3DeyJpZCI6MTIwNzcsInVybCI6Imh0dHBzOlwvXC9mYWJlci1ldGVjLmRlXC93cC1jb250ZW50XC91cGxvYWRzXC9zaXRlc1wvM1wvMjAyNFwvMDhcL1RyYW5zZm9ybWF0b3Jlbi1mdWVyLUUtTW9iaWxpdGFldHMtSW5mcmFzdHJ1a3R1ci1MYWRlc2FldWxlbmluZnJhc3RydWt0dXItVHJhZm8tZnVlci1FLU1vYmlsaXRhZXQtRm9vdGVyLUJHLWNvbXAud2VicCIsInNsaWRlc2hvdyI6IjFkMzU5MWQifQ%3D%3D\">\n\t\t\t\t\t<div class=\"e-gallery-image elementor-gallery-item__image\" data-thumbnail=\"https:\/\/faber-etec.de\/wp-content\/uploads\/sites\/3\/2024\/08\/Transformatoren-fuer-E-Mobilitaets-Infrastruktur-Ladesaeuleninfrastruktur-Trafo-fuer-E-Mobilitaet-Footer-BG-comp-768x384.webp\" data-width=\"768\" data-height=\"384\" aria-label=\"Station d&#039;accueil pour v\u00e9hicules \u00e9lectriques avec station compacte Transformateurs pour une alimentation en \u00e9nergie fiable\" role=\"img\" ><\/div>\n\t\t\t\t\t\t\t\t\t\t\t<div class=\"elementor-gallery-item__overlay\"><\/div>\n\t\t\t\t\t\t\t\t\t\t\t\t\t\t<\/a>\n\t\t\t\t\t\t\t<a class=\"e-gallery-item elementor-gallery-item elementor-animated-content\" href=\"https:\/\/faber-etec.de\/wp-content\/uploads\/sites\/3\/2024\/08\/Windrader-Windkraft-Kompaktstationen-Faber-E-Tec-Trafostationen-Footer-BG-comp.webp\" title=\"Windrader Windkraft Stations compactes Faber E Tec Stations de transformation Footer BG Comp.webp - \" data-elementor-open-lightbox=\"yes\" data-elementor-lightbox-slideshow=\"1d3591d\" data-e-action-hash=\"#elementor-action%3Aaction%3Dlightbox%26settings%3DeyJpZCI6MTIwNzgsInVybCI6Imh0dHBzOlwvXC9mYWJlci1ldGVjLmRlXC93cC1jb250ZW50XC91cGxvYWRzXC9zaXRlc1wvM1wvMjAyNFwvMDhcL1dpbmRyYWRlci1XaW5ka3JhZnQtS29tcGFrdHN0YXRpb25lbi1GYWJlci1FLVRlYy1UcmFmb3N0YXRpb25lbi1Gb290ZXItQkctY29tcC53ZWJwIiwic2xpZGVzaG93IjoiMWQzNTkxZCJ9\">\n\t\t\t\t\t<div class=\"e-gallery-image elementor-gallery-item__image\" data-thumbnail=\"https:\/\/faber-etec.de\/wp-content\/uploads\/sites\/3\/2024\/08\/Windrader-Windkraft-Kompaktstationen-Faber-E-Tec-Trafostationen-Footer-BG-comp-768x432.webp\" data-width=\"768\" data-height=\"432\" aria-label=\"Eoliennes avec transformateur Station compacte et poste de transformation compact d&#039;E-Tec pour un transfert d&#039;\u00e9nergie stable\" role=\"img\" ><\/div>\n\t\t\t\t\t\t\t\t\t\t\t<div class=\"elementor-gallery-item__overlay\"><\/div>\n\t\t\t\t\t\t\t\t\t\t\t\t\t\t<\/a>\n\t\t\t\t\t\t\t<a class=\"e-gallery-item elementor-gallery-item elementor-animated-content\" href=\"https:\/\/faber-etec.de\/wp-content\/uploads\/sites\/3\/2024\/08\/Ladeinfrastruktur-fuer-Elektrofahrzeuge-Kompakstationen.webp\" title=\"Infrastructure de recharge pour v\u00e9hicules \u00e9lectriques Kompakstationen.webp - \" data-elementor-open-lightbox=\"yes\" data-elementor-lightbox-slideshow=\"1d3591d\" data-e-action-hash=\"#elementor-action%3Aaction%3Dlightbox%26settings%3DeyJpZCI6MTI1NzQsInVybCI6Imh0dHBzOlwvXC9mYWJlci1ldGVjLmRlXC93cC1jb250ZW50XC91cGxvYWRzXC9zaXRlc1wvM1wvMjAyNFwvMDhcL0xhZGVpbmZyYXN0cnVrdHVyLWZ1ZXItRWxla3Ryb2ZhaHJ6ZXVnZS1Lb21wYWtzdGF0aW9uZW4ud2VicCIsInNsaWRlc2hvdyI6IjFkMzU5MWQifQ%3D%3D\">\n\t\t\t\t\t<div class=\"e-gallery-image elementor-gallery-item__image\" data-thumbnail=\"https:\/\/faber-etec.de\/wp-content\/uploads\/sites\/3\/2024\/08\/Ladeinfrastruktur-fuer-Elektrofahrzeuge-Kompakstationen-768x430.webp\" data-width=\"768\" data-height=\"430\" aria-label=\"Infrastructure de recharge pour v\u00e9hicules \u00e9lectriques avec syst\u00e8me de recharge moderne\" role=\"img\" ><\/div>\n\t\t\t\t\t\t\t\t\t\t\t<div class=\"elementor-gallery-item__overlay\"><\/div>\n\t\t\t\t\t\t\t\t\t\t\t\t\t\t<\/a>\n\t\t\t\t\t\t\t<a class=\"e-gallery-item elementor-gallery-item elementor-animated-content\" href=\"https:\/\/faber-etec.de\/wp-content\/uploads\/sites\/3\/2024\/09\/Netzbetreiber-Trafostation-1.webp\" title=\"Gestionnaire de r\u00e9seau Poste de transformation 1.webp - \" data-elementor-open-lightbox=\"yes\" data-elementor-lightbox-slideshow=\"1d3591d\" data-e-action-hash=\"#elementor-action%3Aaction%3Dlightbox%26settings%3DeyJpZCI6MTMzMjcsInVybCI6Imh0dHBzOlwvXC9mYWJlci1ldGVjLmRlXC93cC1jb250ZW50XC91cGxvYWRzXC9zaXRlc1wvM1wvMjAyNFwvMDlcL05ldHpiZXRyZWliZXItVHJhZm9zdGF0aW9uLTEud2VicCIsInNsaWRlc2hvdyI6IjFkMzU5MWQifQ%3D%3D\">\n\t\t\t\t\t<div class=\"e-gallery-image elementor-gallery-item__image\" data-thumbnail=\"https:\/\/faber-etec.de\/wp-content\/uploads\/sites\/3\/2024\/09\/Netzbetreiber-Trafostation-1-768x510.webp\" data-width=\"768\" data-height=\"510\" aria-label=\"Poste de transformation : les postes du r\u00e9seau local en Allemagne transf\u00e8rent l&#039;\u00e9nergie \u00e9lectrique de la moyenne \u00e0 la basse tension\" role=\"img\" ><\/div>\n\t\t\t\t\t\t\t\t\t\t\t<div class=\"elementor-gallery-item__overlay\"><\/div>\n\t\t\t\t\t\t\t\t\t\t\t\t\t\t<\/a>\n\t\t\t\t\t\t\t<a class=\"e-gallery-item elementor-gallery-item elementor-animated-content\" href=\"https:\/\/faber-etec.de\/wp-content\/uploads\/sites\/3\/2024\/08\/Solarpark-Freiland-Footer-BG-comp.webp\" title=\"Parc solaire \u00e0 ciel ouvert Footer BG Comp.webp - \" data-elementor-open-lightbox=\"yes\" data-elementor-lightbox-slideshow=\"1d3591d\" data-e-action-hash=\"#elementor-action%3Aaction%3Dlightbox%26settings%3DeyJpZCI6MTIwODAsInVybCI6Imh0dHBzOlwvXC9mYWJlci1ldGVjLmRlXC93cC1jb250ZW50XC91cGxvYWRzXC9zaXRlc1wvM1wvMjAyNFwvMDhcL1NvbGFycGFyay1GcmVpbGFuZC1Gb290ZXItQkctY29tcC53ZWJwIiwic2xpZGVzaG93IjoiMWQzNTkxZCJ9\">\n\t\t\t\t\t<div class=\"e-gallery-image elementor-gallery-item__image\" data-thumbnail=\"https:\/\/faber-etec.de\/wp-content\/uploads\/sites\/3\/2024\/08\/Solarpark-Freiland-Footer-BG-comp-768x405.webp\" data-width=\"768\" data-height=\"405\" aria-label=\"Grand parc solaire en plein air au lever du soleil avec station compacte et station de transformation compacte pour une production d&#039;\u00e9nergie respectueuse de l&#039;environnement\" role=\"img\" ><\/div>\n\t\t\t\t\t\t\t\t\t\t\t<div class=\"elementor-gallery-item__overlay\"><\/div>\n\t\t\t\t\t\t\t\t\t\t\t\t\t\t<\/a>\n\t\t\t\t\t\t\t<a class=\"e-gallery-item elementor-gallery-item elementor-animated-content\" href=\"https:\/\/faber-etec.de\/wp-content\/uploads\/sites\/3\/2024\/08\/Industrie-und-urbane-Energieversorgung-Kompakstationen.webp\" title=\"Industrie Et \u00c9nergie Urbaine Kompakstationen.webp - \" data-elementor-open-lightbox=\"yes\" data-elementor-lightbox-slideshow=\"1d3591d\" data-e-action-hash=\"#elementor-action%3Aaction%3Dlightbox%26settings%3DeyJpZCI6MTI1NzYsInVybCI6Imh0dHBzOlwvXC9mYWJlci1ldGVjLmRlXC93cC1jb250ZW50XC91cGxvYWRzXC9zaXRlc1wvM1wvMjAyNFwvMDhcL0luZHVzdHJpZS11bmQtdXJiYW5lLUVuZXJnaWV2ZXJzb3JndW5nLUtvbXBha3N0YXRpb25lbi53ZWJwIiwic2xpZGVzaG93IjoiMWQzNTkxZCJ9\">\n\t\t\t\t\t<div class=\"e-gallery-image elementor-gallery-item__image\" data-thumbnail=\"https:\/\/faber-etec.de\/wp-content\/uploads\/sites\/3\/2024\/08\/Industrie-und-urbane-Energieversorgung-Kompakstationen-768x432.webp\" data-width=\"768\" data-height=\"432\" aria-label=\"L&#039;industrie et l&#039;\u00e9nergie urbaine avec des stations compactes\" role=\"img\" ><\/div>\n\t\t\t\t\t\t\t\t\t\t\t<div class=\"elementor-gallery-item__overlay\"><\/div>\n\t\t\t\t\t\t\t\t\t\t\t\t\t\t<\/a>\n\t\t\t\t\t<\/div>\n\t\t\t\t\t<\/div>\n\t\t\t\t<\/div>\n\t\t\t\t<div class=\"elementor-element elementor-element-8ffc627 elementor-widget elementor-widget-text-editor\" data-id=\"8ffc627\" data-element_type=\"widget\" data-e-type=\"widget\" data-widget_type=\"text-editor.default\">\n\t\t\t\t<div class=\"elementor-widget-container\">\n\t\t\t\t\t\t\t\t\t<h3 class=\"wp-block-heading\">Contactez-nous pour votre poste de transformation individuel<\/h3>\n<p><!-- \/wp:heading --><!-- wp:paragraph --><\/p>\n<p>Avoir <a href=\"https:\/\/faber-etec.de\/fr\/contact\/\" title=\"Contact - vous avez des questions sur nos postes de transformation\">Vous avez des questions sur nos stations de transformation<\/a> ou vous avez besoin d'une offre sans engagement ? Notre \u00e9quipe d'experts se tient \u00e0 votre disposition. Utilisez notre <a href=\"https:\/\/faber-etec.de\/fr\/service-de-rappel\/\" title=\"Service de rappel - Service de rappel\">Service de rappel<\/a> pour un conseil rapide et simple.<\/p>\n<p><!-- \/wp:paragraph --><!-- wp:paragraph --><\/p>\n<p>D\u00e9couvrez le monde des postes de transformation et comment ils jouent un r\u00f4le d\u00e9cisif dans la distribution moderne de l'\u00e9nergie. Trouvons ensemble la solution optimale pour r\u00e9pondre \u00e0 vos besoins. <a href=\"https:\/\/faber-etec.de\/fr\/poste-de-transformation\/\" title=\"Poste de transformation - En savoir plus sur les postes de transformation\">En savoir plus sur les postes de transformation<\/a>.<\/p>\t\t\t\t\t\t\t\t<\/div>\n\t\t\t\t<\/div>\n\t\t\t\t<div class=\"elementor-element elementor-element-1d2724f elementor-widget-divider--view-line elementor-widget elementor-widget-divider\" data-id=\"1d2724f\" data-element_type=\"widget\" data-e-type=\"widget\" data-widget_type=\"divider.default\">\n\t\t\t\t<div class=\"elementor-widget-container\">\n\t\t\t\t\t\t\t<div class=\"elementor-divider\">\n\t\t\t<span class=\"elementor-divider-separator\">\n\t\t\t\t\t\t<\/span>\n\t\t<\/div>\n\t\t\t\t\t\t<\/div>\n\t\t\t\t<\/div>\n\t\t\t\t<div class=\"elementor-element elementor-element-9d6097d elementor-widget elementor-widget-text-editor\" data-id=\"9d6097d\" data-element_type=\"widget\" data-e-type=\"widget\" data-widget_type=\"text-editor.default\">\n\t\t\t\t<div class=\"elementor-widget-container\">\n\t\t\t\t\t\t\t\t\t<h2>Conclusion<\/h2>\n<p><!-- wp:paragraph --><\/p>\n<p>Un poste de transformation , \u00e9galement <strong>Poste de transformation<\/strong> ou <strong>Sous-station<\/strong> est un \u00e9l\u00e9ment essentiel de l'infrastructure \u00e9nerg\u00e9tique. Elle assume la t\u00e2che de convertir l'\u00e9nergie \u00e9lectrique d'un niveau de tension plus \u00e9lev\u00e9, comme le r\u00e9seau moyenne tension, \u00e0 un niveau de tension plus bas, comme le r\u00e9seau basse tension. L'\u00e9lectricit\u00e9 est ainsi amen\u00e9e \u00e0 un niveau de tension qui est s\u00fbr et utilisable pour le consommateur final, qu'il s'agisse de m\u00e9nages ou d'entreprises.<\/p>\n<p><!-- \/wp:paragraph --><!-- wp:paragraph --><\/p>\n<p><b>Postes de transformation <\/b>se composent d'un transformateur et de diff\u00e9rentes techniques de commutation et de r\u00e9gulation. Le transformateur lui-m\u00eame est la pi\u00e8ce ma\u00eetresse qui transforme la tension, tandis que la technique de commutation assure la distribution et la protection du courant. Dans les stations de transformation modernes, on accorde en outre une grande importance \u00e0 l'efficacit\u00e9 et \u00e0 la s\u00e9curit\u00e9 afin de minimiser les pertes d'\u00e9nergie et de garantir un fonctionnement sans faille.<\/p>\n<p><!-- \/wp:paragraph --><!-- wp:paragraph --><\/p>\n<p>Les domaines d'application des postes de transformation sont tr\u00e8s vari\u00e9s. Ils sont utilis\u00e9s dans les r\u00e9seaux urbains pour assurer l'approvisionnement en \u00e9nergie des zones r\u00e9sidentielles et commerciales. Dans l'industrie, ils servent \u00e0 alimenter les grandes installations et machines qui n\u00e9cessitent une alimentation \u00e9lectrique stable. En outre, ils jouent un r\u00f4le crucial dans les projets d'\u00e9nergie renouvelable, comme les installations photovolta\u00efques et \u00e9oliennes, en injectant l'\u00e9lectricit\u00e9 produite dans le r\u00e9seau.<\/p>\n<p><!-- \/wp:paragraph --><!-- wp:paragraph --><\/p>\n<p>Globalement, les postes de transformation sont indispensables \u00e0 une distribution fiable et efficace de l'\u00e9lectricit\u00e9. Ils veillent \u00e0 ce que l'\u00e9nergie \u00e9lectrique arrive l\u00e0 o\u00f9 elle est n\u00e9cessaire, \u00e0 la bonne tension et avec la qualit\u00e9 requise.<\/p>\n<p><!-- \/wp:paragraph --><!-- wp:paragraph --><!-- \/wp:paragraph --><!-- wp:paragraph --><!-- \/wp:paragraph --><\/p>\t\t\t\t\t\t\t\t<\/div>\n\t\t\t\t<\/div>\n\t\t\t\t<div class=\"elementor-element elementor-element-4e000d3 elementor-widget elementor-widget-button\" data-id=\"4e000d3\" data-element_type=\"widget\" data-e-type=\"widget\" data-widget_type=\"button.default\">\n\t\t\t\t<div class=\"elementor-widget-container\">\n\t\t\t\t\t\t\t\t\t<div class=\"elementor-button-wrapper\">\n\t\t\t\t\t<a class=\"elementor-button elementor-button-link elementor-size-sm\" href=\"https:\/\/faber-etec.de\/fr\/demander\/\" title=\"Demandes - Commander maintenant des postes de transformation\">\n\t\t\t\t\t\t<span class=\"elementor-button-content-wrapper\">\n\t\t\t\t\t\t<span class=\"elementor-button-icon\">\n\t\t\t\t<i aria-hidden=\"true\" class=\"fas fa-angle-right\"><\/i>\t\t\t<\/span>\n\t\t\t\t\t\t\t\t\t<span class=\"elementor-button-text\">Commander maintenant des postes de transformation<\/span>\n\t\t\t\t\t<\/span>\n\t\t\t\t\t<\/a>\n\t\t\t\t<\/div>\n\t\t\t\t\t\t\t\t<\/div>\n\t\t\t\t<\/div>\n\t\t\t\t\t<\/div>\n\t\t\t\t<\/div>\n\t\t\t\t<\/div>","protected":false},"excerpt":{"rendered":"<p>Un poste de transformation est essentiel pour la conversion de l'\u00e9nergie \u00e9lectrique de la moyenne tension \u00e0 la basse tension et donc pour la s\u00e9curit\u00e9 de l'approvisionnement en \u00e9lectricit\u00e9. Il garantit une distribution efficace de l'\u00e9nergie pour les m\u00e9nages, les entreprises et les installations industrielles.<\/p>","protected":false},"author":2,"featured_media":10648,"comment_status":"closed","ping_status":"open","sticky":false,"template":"","format":"standard","meta":{"_acf_changed":false,"footnotes":""},"categories":[52],"tags":[48,44,37],"class_list":["post-13354","post","type-post","status-publish","format-standard","has-post-thumbnail","hentry","category-forschung-und-entwicklung","tag-energieversorgung","tag-made-in-germany","tag-trafostation"],"acf":[],"_links":{"self":[{"href":"https:\/\/faber-etec.de\/fr\/wp-json\/wp\/v2\/posts\/13354","targetHints":{"allow":["GET"]}}],"collection":[{"href":"https:\/\/faber-etec.de\/fr\/wp-json\/wp\/v2\/posts"}],"about":[{"href":"https:\/\/faber-etec.de\/fr\/wp-json\/wp\/v2\/types\/post"}],"author":[{"embeddable":true,"href":"https:\/\/faber-etec.de\/fr\/wp-json\/wp\/v2\/users\/2"}],"replies":[{"embeddable":true,"href":"https:\/\/faber-etec.de\/fr\/wp-json\/wp\/v2\/comments?post=13354"}],"version-history":[{"count":12,"href":"https:\/\/faber-etec.de\/fr\/wp-json\/wp\/v2\/posts\/13354\/revisions"}],"predecessor-version":[{"id":16185,"href":"https:\/\/faber-etec.de\/fr\/wp-json\/wp\/v2\/posts\/13354\/revisions\/16185"}],"wp:featuredmedia":[{"embeddable":true,"href":"https:\/\/faber-etec.de\/fr\/wp-json\/wp\/v2\/media\/10648"}],"wp:attachment":[{"href":"https:\/\/faber-etec.de\/fr\/wp-json\/wp\/v2\/media?parent=13354"}],"wp:term":[{"taxonomy":"category","embeddable":true,"href":"https:\/\/faber-etec.de\/fr\/wp-json\/wp\/v2\/categories?post=13354"},{"taxonomy":"post_tag","embeddable":true,"href":"https:\/\/faber-etec.de\/fr\/wp-json\/wp\/v2\/tags?post=13354"}],"curies":[{"name":"wp","href":"https:\/\/api.w.org\/{rel}","templated":true}]}}