{"id":13529,"date":"2024-09-17T09:55:18","date_gmt":"2024-09-17T07:55:18","guid":{"rendered":"https:\/\/faber-etec.de\/?p=13529"},"modified":"2024-11-14T23:45:56","modified_gmt":"2024-11-14T22:45:56","slug":"choisir-un-poste-de-transformation-2","status":"publish","type":"post","link":"https:\/\/faber-etec.de\/fr\/forschung-und-entwicklung\/trafostation-auswaehlen\/","title":{"rendered":"Choisir un poste de transformation - Le guide pour faire le bon choix"},"content":{"rendered":"<div data-elementor-type=\"wp-post\" data-elementor-id=\"13529\" class=\"elementor elementor-13529\" data-elementor-post-type=\"post\">\n\t\t\t\t<div class=\"elementor-element elementor-element-b1ac1ae e-flex e-con-boxed e-con e-parent\" data-id=\"b1ac1ae\" data-element_type=\"container\" data-e-type=\"container\">\n\t\t\t\t\t<div class=\"e-con-inner\">\n\t\t\t\t<div class=\"elementor-element elementor-element-b070be0 elementor-widget elementor-widget-heading\" data-id=\"b070be0\" data-element_type=\"widget\" data-e-type=\"widget\" data-widget_type=\"heading.default\">\n\t\t\t\t<div class=\"elementor-widget-container\">\n\t\t\t\t\t<h2 class=\"elementor-heading-title elementor-size-default\">S\u00e9lectionner un poste de transformation<\/h2>\t\t\t\t<\/div>\n\t\t\t\t<\/div>\n\t\t\t\t<div class=\"elementor-element elementor-element-8b6f0c1 elementor-widget elementor-widget-text-editor\" data-id=\"8b6f0c1\" data-element_type=\"widget\" data-e-type=\"widget\" data-widget_type=\"text-editor.default\">\n\t\t\t\t<div class=\"elementor-widget-container\">\n\t\t\t\t\t\t\t\t\t<p><strong>S\u00e9lectionner un poste de transformation<\/strong> et profiter d'une distribution d'\u00e9nergie optimale ! Gr\u00e2ce \u00e0 notre guide, vous trouverez la solution adapt\u00e9e \u00e0 vos besoins, qu'il s'agisse d'un parc solaire, de l'\u00e9lectromobilit\u00e9 ou d'applications industrielles. D\u00e9couvrez maintenant le poste de transformation id\u00e9al et r\u00e9alisez vos projets \u00e9nerg\u00e9tiques avec succ\u00e8s !<\/p><p>Le choix de la bonne <a  href=\"https:\/\/faber-etec.de\/fr\/poste-de-transformation\/\" title=\"Poste de transformation - Poste de transformation \">Poste de transformation <\/a>est essentiel pour la r\u00e9ussite de votre projet \u00e9nerg\u00e9tique. Que vous ayez besoin d'une <strong>Poste de transformation pour parcs solaires<\/strong>, une solution pour les <strong>Infrastructure de bornes de recharge<\/strong> ou une <strong>poste de transformation mobile<\/strong> il y a plusieurs facteurs \u00e0 prendre en compte. Dans cet article, nous vous donnons un aper\u00e7u des diff\u00e9rents <a  href=\"https:\/\/faber-etec.de\/fr\/stations-compactes\/\" title=\"Postes compacts - Postes de transformation compacts\">Postes de transformation compacts<\/a> et comment trouver la solution adapt\u00e9e \u00e0 vos besoins.<\/p>\t\t\t\t\t\t\t\t<\/div>\n\t\t\t\t<\/div>\n\t\t\t\t<div class=\"elementor-element elementor-element-bb69fdd elementor-widget-divider--view-line elementor-widget elementor-widget-divider\" data-id=\"bb69fdd\" data-element_type=\"widget\" data-e-type=\"widget\" data-widget_type=\"divider.default\">\n\t\t\t\t<div class=\"elementor-widget-container\">\n\t\t\t\t\t\t\t<div class=\"elementor-divider\">\n\t\t\t<span class=\"elementor-divider-separator\">\n\t\t\t\t\t\t<\/span>\n\t\t<\/div>\n\t\t\t\t\t\t<\/div>\n\t\t\t\t<\/div>\n\t\t\t\t<div class=\"elementor-element elementor-element-bae8ac9 elementor-widget elementor-widget-heading\" data-id=\"bae8ac9\" data-element_type=\"widget\" data-e-type=\"widget\" data-widget_type=\"heading.default\">\n\t\t\t\t<div class=\"elementor-widget-container\">\n\t\t\t\t\t<h3 class=\"elementor-heading-title elementor-size-default\">Station de transfert &amp; stations compactes de transformateur\n<\/h3>\t\t\t\t<\/div>\n\t\t\t\t<\/div>\n\t\t\t\t<div class=\"elementor-element elementor-element-423eeec elementor-widget elementor-widget-text-editor\" data-id=\"423eeec\" data-element_type=\"widget\" data-e-type=\"widget\" data-widget_type=\"text-editor.default\">\n\t\t\t\t<div class=\"elementor-widget-container\">\n\t\t\t\t\t\t\t\t\t<p>Une <strong>Station de transfert<\/strong> est id\u00e9al lorsque vous devez transf\u00e9rer de l'\u00e9nergie entre diff\u00e9rents niveaux de r\u00e9seau. Elle est utilis\u00e9e lorsque l'\u00e9nergie doit \u00eatre transf\u00e9r\u00e9e du niveau moyenne tension au niveau basse tension ou inversement. Ce <strong>Stations compactes<\/strong> sont parfaits pour les applications industrielles ou les b\u00e2timents qui n\u00e9cessitent une alimentation en \u00e9nergie fiable.<\/p>\t\t\t\t\t\t\t\t<\/div>\n\t\t\t\t<\/div>\n\t\t<div class=\"elementor-element elementor-element-ee7647b e-con-full e-flex e-con e-child\" data-id=\"ee7647b\" data-element_type=\"container\" data-e-type=\"container\" data-settings=\"{&quot;background_background&quot;:&quot;classic&quot;}\">\n\t\t<div class=\"elementor-element elementor-element-4856d7a e-con-full e-flex e-con e-child\" data-id=\"4856d7a\" data-element_type=\"container\" data-e-type=\"container\">\n\t\t\t\t<div class=\"elementor-element elementor-element-85b6ecd elementor-widget elementor-widget-image\" data-id=\"85b6ecd\" data-element_type=\"widget\" data-e-type=\"widget\" data-widget_type=\"image.default\">\n\t\t\t\t<div class=\"elementor-widget-container\">\n\t\t\t\t\t\t\t\t\t\t\t\t<figure class=\"wp-caption\">\n\t\t\t\t\t\t\t\t\t\t\t<a  href=\"https:\/\/faber-etec.de\/fr\/station-compacte\/\" title=\"Station compacte - \">\n\t\t\t\t\t\t\t<img decoding=\"async\" src=\"https:\/\/faber-etec.de\/wp-content\/uploads\/sites\/3\/elementor\/thumbs\/kompaktstation-trafo-photovoltaik-windkraft-e-mobilitaet-uebergabestation-trafostation-qsjez06hq0fwwxb8r0476l21s9fyk9f4cm06whl31c.webp\" title=\"Station compacte - Distribution d&#039;\u00e9nergie efficace pour le photovolta\u00efque, l&#039;\u00e9olien et l&#039;e-mobilit\u00e9\" alt=\"Station compacte pour transformateur, photovolta\u00efque, \u00e9nergie \u00e9olienne et e-mobilit\u00e9\" loading=\"lazy\" \/>\t\t\t\t\t\t\t\t<\/a>\n\t\t\t\t\t\t\t\t\t\t\t<figcaption class=\"widget-image-caption wp-caption-text\">Station compacte de Faber E-Tec, id\u00e9ale pour une distribution efficace de l'\u00e9nergie dans les installations photovolta\u00efques, les projets d'\u00e9nergie \u00e9olienne et l'e-mobilit\u00e9. Fiable et compacte pour de multiples applications.<\/figcaption>\n\t\t\t\t\t\t\t\t\t\t<\/figure>\n\t\t\t\t\t\t\t\t\t<\/div>\n\t\t\t\t<\/div>\n\t\t\t\t<\/div>\n\t\t<div class=\"elementor-element elementor-element-0c457b5 e-con-full e-flex e-con e-child\" data-id=\"0c457b5\" data-element_type=\"container\" data-e-type=\"container\">\n\t\t\t\t<div class=\"elementor-element elementor-element-6359744 elementor-widget elementor-widget-heading\" data-id=\"6359744\" data-element_type=\"widget\" data-e-type=\"widget\" data-widget_type=\"heading.default\">\n\t\t\t\t<div class=\"elementor-widget-container\">\n\t\t\t\t\t<h4 class=\"elementor-heading-title elementor-size-default\">Stations compactes Exemple :<\/h4>\t\t\t\t<\/div>\n\t\t\t\t<\/div>\n\t\t\t\t<div class=\"elementor-element elementor-element-a6a5d6a elementor-widget elementor-widget-text-editor\" data-id=\"a6a5d6a\" data-element_type=\"widget\" data-e-type=\"widget\" data-widget_type=\"text-editor.default\">\n\t\t\t\t<div class=\"elementor-widget-container\">\n\t\t\t\t\t\t\t\t\t<p>Une entreprise de taille moyenne pr\u00e9voit d'agrandir son hall de production et a besoin d'une station de transfert pour \u00e9tendre l'infrastructure existante. Dans ce cas, le poste de transformation est int\u00e9gr\u00e9 au r\u00e9seau existant et assure un transfert d'\u00e9nergie sans probl\u00e8me. En savoir plus sur nos <a  href=\"https:\/\/faber-etec.de\/fr\/station-compacte\/\" title=\"Station compacte - Station de transfert &amp; stations compactes de transformateur\" rel=\"noopener\">Station de transfert &amp; stations compactes de transformateur<\/a> et comment les utiliser dans votre projet.<\/p>\t\t\t\t\t\t\t\t<\/div>\n\t\t\t\t<\/div>\n\t\t\t\t<div class=\"elementor-element elementor-element-1241e77 elementor-widget elementor-widget-button\" data-id=\"1241e77\" data-element_type=\"widget\" data-e-type=\"widget\" data-widget_type=\"button.default\">\n\t\t\t\t<div class=\"elementor-widget-container\">\n\t\t\t\t\t\t\t\t\t<div class=\"elementor-button-wrapper\">\n\t\t\t\t\t<a class=\"elementor-button elementor-button-link elementor-size-sm\"  href=\"https:\/\/faber-etec.de\/fr\/station-compacte\/\" title=\"Station compacte - Transformateur Station compacte\">\n\t\t\t\t\t\t<span class=\"elementor-button-content-wrapper\">\n\t\t\t\t\t\t<span class=\"elementor-button-icon\">\n\t\t\t\t<i aria-hidden=\"true\" class=\"fas fa-angle-right\"><\/i>\t\t\t<\/span>\n\t\t\t\t\t\t\t\t\t<span class=\"elementor-button-text\">Transformateur station compacte<\/span>\n\t\t\t\t\t<\/span>\n\t\t\t\t\t<\/a>\n\t\t\t\t<\/div>\n\t\t\t\t\t\t\t\t<\/div>\n\t\t\t\t<\/div>\n\t\t\t\t<\/div>\n\t\t\t\t<\/div>\n\t\t\t\t<div class=\"elementor-element elementor-element-0126e0e elementor-widget-divider--view-line elementor-widget elementor-widget-divider\" data-id=\"0126e0e\" data-element_type=\"widget\" data-e-type=\"widget\" data-widget_type=\"divider.default\">\n\t\t\t\t<div class=\"elementor-widget-container\">\n\t\t\t\t\t\t\t<div class=\"elementor-divider\">\n\t\t\t<span class=\"elementor-divider-separator\">\n\t\t\t\t\t\t<\/span>\n\t\t<\/div>\n\t\t\t\t\t\t<\/div>\n\t\t\t\t<\/div>\n\t\t\t\t<div class=\"elementor-element elementor-element-b1959ba elementor-widget elementor-widget-heading\" data-id=\"b1959ba\" data-element_type=\"widget\" data-e-type=\"widget\" data-widget_type=\"heading.default\">\n\t\t\t\t<div class=\"elementor-widget-container\">\n\t\t\t\t\t<h3 class=\"elementor-heading-title elementor-size-default\">Station solaire<\/h3>\t\t\t\t<\/div>\n\t\t\t\t<\/div>\n\t\t\t\t<div class=\"elementor-element elementor-element-247ced7 elementor-widget elementor-widget-text-editor\" data-id=\"247ced7\" data-element_type=\"widget\" data-e-type=\"widget\" data-widget_type=\"text-editor.default\">\n\t\t\t\t<div class=\"elementor-widget-container\">\n\t\t\t\t\t\t\t\t\t<p>Pour <strong>Installations PV<\/strong> et les parcs solaires (photovolta\u00efque au sol), les stations pour parcs solaires sp\u00e9cialement con\u00e7ues sont le meilleur choix. Ces stations de transformation assurent une injection efficace de l'\u00e9nergie produite dans le r\u00e9seau \u00e9lectrique et sont id\u00e9ales pour les grands projets solaires. Elles sont con\u00e7ues pour r\u00e9pondre aux exigences particuli\u00e8res des installations photovolta\u00efques et pour assurer une distribution fiable de l'\u00e9nergie.<\/p>\t\t\t\t\t\t\t\t<\/div>\n\t\t\t\t<\/div>\n\t\t<div class=\"elementor-element elementor-element-db73903 e-con-full e-flex e-con e-child\" data-id=\"db73903\" data-element_type=\"container\" data-e-type=\"container\" data-settings=\"{&quot;background_background&quot;:&quot;classic&quot;}\">\n\t\t<div class=\"elementor-element elementor-element-cad5e9f e-con-full e-flex e-con e-child\" data-id=\"cad5e9f\" data-element_type=\"container\" data-e-type=\"container\">\n\t\t\t\t<div class=\"elementor-element elementor-element-bdb80da elementor-widget elementor-widget-image\" data-id=\"bdb80da\" data-element_type=\"widget\" data-e-type=\"widget\" data-widget_type=\"image.default\">\n\t\t\t\t<div class=\"elementor-widget-container\">\n\t\t\t\t\t\t\t\t\t\t\t\t<figure class=\"wp-caption\">\n\t\t\t\t\t\t\t\t\t\t<img decoding=\"async\" src=\"https:\/\/faber-etec.de\/wp-content\/uploads\/sites\/3\/elementor\/thumbs\/Solarpark-Freiland-Footer-BG-comp-qsi71klrcjkvmyfj7f4o5nji6k4g8r8pl8v7t6e3kw.webp\" title=\"Parc solaire au sol au lever du soleil\" alt=\"Grand parc solaire en plein air au lever du soleil avec station compacte et station de transformation compacte pour une production d&#039;\u00e9nergie respectueuse de l&#039;environnement\" loading=\"lazy\" \/>\t\t\t\t\t\t\t\t\t\t\t<figcaption class=\"widget-image-caption wp-caption-text\">Un parc solaire impressionnant, situ\u00e9 sur un espace ouvert en pleine nature. Les panneaux solaires s'\u00e9tendent sur une grande surface et transforment la lumi\u00e8re du soleil en \u00e9nergie propre.<\/figcaption>\n\t\t\t\t\t\t\t\t\t\t<\/figure>\n\t\t\t\t\t\t\t\t\t<\/div>\n\t\t\t\t<\/div>\n\t\t\t\t<\/div>\n\t\t<div class=\"elementor-element elementor-element-25a8a86 e-con-full e-flex e-con e-child\" data-id=\"25a8a86\" data-element_type=\"container\" data-e-type=\"container\">\n\t\t\t\t<div class=\"elementor-element elementor-element-71e58d3 elementor-widget elementor-widget-heading\" data-id=\"71e58d3\" data-element_type=\"widget\" data-e-type=\"widget\" data-widget_type=\"heading.default\">\n\t\t\t\t<div class=\"elementor-widget-container\">\n\t\t\t\t\t<h4 class=\"elementor-heading-title elementor-size-default\">Exemple de parc solaire :<\/h4>\t\t\t\t<\/div>\n\t\t\t\t<\/div>\n\t\t\t\t<div class=\"elementor-element elementor-element-e47a076 elementor-widget elementor-widget-text-editor\" data-id=\"e47a076\" data-element_type=\"widget\" data-e-type=\"widget\" data-widget_type=\"text-editor.default\">\n\t\t\t\t<div class=\"elementor-widget-container\">\n\t\t\t\t\t\t\t\t\t<p>Un parc solaire d'une puissance install\u00e9e de 5 MW n\u00e9cessite une station de transformation qui injecte l'\u00e9lectricit\u00e9 produite dans le r\u00e9seau de mani\u00e8re s\u00fbre et efficace. Notre station pour parc solaire est con\u00e7ue pour r\u00e9pondre \u00e0 ces exigences et assure une distribution optimale de l'\u00e9nergie.<\/p><p>En savoir plus sur nos <a  href=\"https:\/\/faber-etec.de\/fr\/station-du-parc-solaire\/\" title=\"Station de parc solaire - Station de parc solaire \">Station solaire <\/a>et comment elle peut soutenir votre projet PV<\/p>\t\t\t\t\t\t\t\t<\/div>\n\t\t\t\t<\/div>\n\t\t\t\t<div class=\"elementor-element elementor-element-3339144 elementor-widget elementor-widget-button\" data-id=\"3339144\" data-element_type=\"widget\" data-e-type=\"widget\" data-widget_type=\"button.default\">\n\t\t\t\t<div class=\"elementor-widget-container\">\n\t\t\t\t\t\t\t\t\t<div class=\"elementor-button-wrapper\">\n\t\t\t\t\t<a class=\"elementor-button elementor-button-link elementor-size-sm\"  href=\"https:\/\/faber-etec.de\/fr\/station-du-parc-solaire\/\" title=\"Station de parc solaire - Station de transformation de parc solaire\">\n\t\t\t\t\t\t<span class=\"elementor-button-content-wrapper\">\n\t\t\t\t\t\t<span class=\"elementor-button-icon\">\n\t\t\t\t<i aria-hidden=\"true\" class=\"fas fa-angle-right\"><\/i>\t\t\t<\/span>\n\t\t\t\t\t\t\t\t\t<span class=\"elementor-button-text\">Parc solaire Poste de transformation<\/span>\n\t\t\t\t\t<\/span>\n\t\t\t\t\t<\/a>\n\t\t\t\t<\/div>\n\t\t\t\t\t\t\t\t<\/div>\n\t\t\t\t<\/div>\n\t\t\t\t<\/div>\n\t\t\t\t<\/div>\n\t\t\t\t<div class=\"elementor-element elementor-element-ad54396 elementor-widget-divider--view-line elementor-widget elementor-widget-divider\" data-id=\"ad54396\" data-element_type=\"widget\" data-e-type=\"widget\" data-widget_type=\"divider.default\">\n\t\t\t\t<div class=\"elementor-widget-container\">\n\t\t\t\t\t\t\t<div class=\"elementor-divider\">\n\t\t\t<span class=\"elementor-divider-separator\">\n\t\t\t\t\t\t<\/span>\n\t\t<\/div>\n\t\t\t\t\t\t<\/div>\n\t\t\t\t<\/div>\n\t\t\t\t<div class=\"elementor-element elementor-element-e096eb2 elementor-widget elementor-widget-heading\" data-id=\"e096eb2\" data-element_type=\"widget\" data-e-type=\"widget\" data-widget_type=\"heading.default\">\n\t\t\t\t<div class=\"elementor-widget-container\">\n\t\t\t\t\t<h3 class=\"elementor-heading-title elementor-size-default\">Station d'e-mobilit\u00e9<\/h3>\t\t\t\t<\/div>\n\t\t\t\t<\/div>\n\t\t\t\t<div class=\"elementor-element elementor-element-c8de88b elementor-widget elementor-widget-text-editor\" data-id=\"c8de88b\" data-element_type=\"widget\" data-e-type=\"widget\" data-widget_type=\"text-editor.default\">\n\t\t\t\t<div class=\"elementor-widget-container\">\n\t\t\t\t\t\t\t\t\t<p>Le site <strong>Station d'e-mobilit\u00e9<\/strong> est sp\u00e9cialement con\u00e7ue pour l'infrastructure de recharge des v\u00e9hicules \u00e9lectriques. Elle assure la mise \u00e0 disposition de la puissance n\u00e9cessaire et soutient l'int\u00e9gration de bornes de recharge rapide et d'autres bornes de recharge pour voitures \u00e9lectriques. Ces stations de transformation sont id\u00e9ales pour les services municipaux, les entreprises et les institutions publiques qui souhaitent mettre en place une infrastructure de bornes de recharge fiable.<\/p>\t\t\t\t\t\t\t\t<\/div>\n\t\t\t\t<\/div>\n\t\t<div class=\"elementor-element elementor-element-10b3233 e-con-full e-flex e-con e-child\" data-id=\"10b3233\" data-element_type=\"container\" data-e-type=\"container\" data-settings=\"{&quot;background_background&quot;:&quot;classic&quot;}\">\n\t\t<div class=\"elementor-element elementor-element-b67ef4f e-con-full e-flex e-con e-child\" data-id=\"b67ef4f\" data-element_type=\"container\" data-e-type=\"container\">\n\t\t\t\t<div class=\"elementor-element elementor-element-4587496 elementor-widget elementor-widget-image\" data-id=\"4587496\" data-element_type=\"widget\" data-e-type=\"widget\" data-widget_type=\"image.default\">\n\t\t\t\t<div class=\"elementor-widget-container\">\n\t\t\t\t\t\t\t\t\t\t\t\t<figure class=\"wp-caption\">\n\t\t\t\t\t\t\t\t\t\t\t<a  href=\"https:\/\/faber-etec.de\/fr\/e-mobilite\/\" title=\"E Mobilit\u00e9 - \">\n\t\t\t\t\t\t\t<img decoding=\"async\" src=\"https:\/\/faber-etec.de\/wp-content\/uploads\/sites\/3\/elementor\/thumbs\/Transformatoren-fuer-E-Mobilitaets-Infrastruktur-Ladesaeuleninfrastruktur-Trafo-fuer-E-Mobilitaet-Footer-BG-comp-qsi71eyq7jd5panq4cowqoyqm8w8ykmbkgyaximgm8.webp\" title=\"Transformateurs pour l&#039;infrastructure de bornes de recharge de l&#039;e-mobilit\u00e9\" alt=\"Station d&#039;accueil pour v\u00e9hicules \u00e9lectriques avec station compacte Transformateurs pour une alimentation en \u00e9nergie fiable\" loading=\"lazy\" \/>\t\t\t\t\t\t\t\t<\/a>\n\t\t\t\t\t\t\t\t\t\t\t<figcaption class=\"widget-image-caption wp-caption-text\">Une station de recharge moderne pour v\u00e9hicules \u00e9lectriques, \u00e9quip\u00e9e de transformateurs qui assurent une alimentation \u00e9lectrique stable et efficace. Id\u00e9al pour le d\u00e9veloppement de l'infrastructure d'e-mobilit\u00e9.<\/figcaption>\n\t\t\t\t\t\t\t\t\t\t<\/figure>\n\t\t\t\t\t\t\t\t\t<\/div>\n\t\t\t\t<\/div>\n\t\t\t\t<\/div>\n\t\t<div class=\"elementor-element elementor-element-8c362e5 e-con-full e-flex e-con e-child\" data-id=\"8c362e5\" data-element_type=\"container\" data-e-type=\"container\">\n\t\t\t\t<div class=\"elementor-element elementor-element-a38f713 elementor-widget elementor-widget-heading\" data-id=\"a38f713\" data-element_type=\"widget\" data-e-type=\"widget\" data-widget_type=\"heading.default\">\n\t\t\t\t<div class=\"elementor-widget-container\">\n\t\t\t\t\t<h4 class=\"elementor-heading-title elementor-size-default\">Infrastructure de bornes de recharge Exemple :<\/h4>\t\t\t\t<\/div>\n\t\t\t\t<\/div>\n\t\t\t\t<div class=\"elementor-element elementor-element-11b19e7 elementor-widget elementor-widget-text-editor\" data-id=\"11b19e7\" data-element_type=\"widget\" data-e-type=\"widget\" data-widget_type=\"text-editor.default\">\n\t\t\t\t<div class=\"elementor-widget-container\">\n\t\t\t\t\t\t\t\t\t<p>Un centre commercial pr\u00e9voit de mettre en place une infrastructure de bornes de recharge pour ses clients. La station d'e-mobilit\u00e9 garantit la mise \u00e0 disposition de la puissance n\u00e9cessaire pour faire fonctionner simultan\u00e9ment plusieurs bornes de recharge rapide et permet une distribution efficace de l'\u00e9nergie.<\/p><p>En savoir plus sur nos <a  href=\"https:\/\/faber-etec.de\/fr\/e-mobilite\/\" title=\"E Mobilitaet - Station de mobilit\u00e9 \u00e9lectrique\">Station d'e-mobilit\u00e9<\/a> et comment elle soutient votre projet d'infrastructure de recharge.<\/p>\t\t\t\t\t\t\t\t<\/div>\n\t\t\t\t<\/div>\n\t\t\t\t<div class=\"elementor-element elementor-element-c3b1ff2 elementor-widget elementor-widget-button\" data-id=\"c3b1ff2\" data-element_type=\"widget\" data-e-type=\"widget\" data-widget_type=\"button.default\">\n\t\t\t\t<div class=\"elementor-widget-container\">\n\t\t\t\t\t\t\t\t\t<div class=\"elementor-button-wrapper\">\n\t\t\t\t\t<a class=\"elementor-button elementor-button-link elementor-size-sm\"  href=\"https:\/\/faber-etec.de\/fr\/e-mobilite\/\" title=\"E Mobilitaet - Station de transformation de l&#039;e-mobilit\u00e9\">\n\t\t\t\t\t\t<span class=\"elementor-button-content-wrapper\">\n\t\t\t\t\t\t<span class=\"elementor-button-icon\">\n\t\t\t\t<i aria-hidden=\"true\" class=\"fas fa-angle-right\"><\/i>\t\t\t<\/span>\n\t\t\t\t\t\t\t\t\t<span class=\"elementor-button-text\">E-mobilit\u00e9 Poste de transformation<\/span>\n\t\t\t\t\t<\/span>\n\t\t\t\t\t<\/a>\n\t\t\t\t<\/div>\n\t\t\t\t\t\t\t\t<\/div>\n\t\t\t\t<\/div>\n\t\t\t\t<\/div>\n\t\t\t\t<\/div>\n\t\t\t\t<div class=\"elementor-element elementor-element-a6fbc71 elementor-widget-divider--view-line elementor-widget elementor-widget-divider\" data-id=\"a6fbc71\" data-element_type=\"widget\" data-e-type=\"widget\" data-widget_type=\"divider.default\">\n\t\t\t\t<div class=\"elementor-widget-container\">\n\t\t\t\t\t\t\t<div class=\"elementor-divider\">\n\t\t\t<span class=\"elementor-divider-separator\">\n\t\t\t\t\t\t<\/span>\n\t\t<\/div>\n\t\t\t\t\t\t<\/div>\n\t\t\t\t<\/div>\n\t\t\t\t<div class=\"elementor-element elementor-element-ed760e0 elementor-widget elementor-widget-heading\" data-id=\"ed760e0\" data-element_type=\"widget\" data-e-type=\"widget\" data-widget_type=\"heading.default\">\n\t\t\t\t<div class=\"elementor-widget-container\">\n\t\t\t\t\t<h3 class=\"elementor-heading-title elementor-size-default\">Station de conteneurs<\/h3>\t\t\t\t<\/div>\n\t\t\t\t<\/div>\n\t\t\t\t<div class=\"elementor-element elementor-element-81e7327 elementor-widget elementor-widget-text-editor\" data-id=\"81e7327\" data-element_type=\"widget\" data-e-type=\"widget\" data-widget_type=\"text-editor.default\">\n\t\t\t\t<div class=\"elementor-widget-container\">\n\t\t\t\t\t\t\t\t\t<p>Pour les projets qui n\u00e9cessitent flexibilit\u00e9 et mobilit\u00e9, notre <strong>Station de conteneurs<\/strong> la solution optimale. Sp\u00e9cialement con\u00e7us pour les parcs solaires, nos <strong>Postes de transformation en conteneur<\/strong> une solution compacte et mobile pour les projets temporaires ou isol\u00e9s. D\u00e9couvrez le Container-Revolution de 7200 kW de Faber E-Tec - un poste de transformation efficace pour les grands parcs solaires.<\/p><p>Cette station en conteneur permet une \u00e9valuation num\u00e9rique compl\u00e8te de tous les onduleurs ainsi que de toutes les valeurs de courant et de tension, des temp\u00e9ratures et des mesures d'humidit\u00e9 pertinentes. Elle offre non seulement une manipulation simple, mais aussi une s\u00e9curit\u00e9 et une fiabilit\u00e9 maximales, gr\u00e2ce aux capteurs int\u00e9gr\u00e9s et au concept de ventilation innovant.<\/p>\t\t\t\t\t\t\t\t<\/div>\n\t\t\t\t<\/div>\n\t\t<div class=\"elementor-element elementor-element-c34bff4 e-con-full e-flex e-con e-child\" data-id=\"c34bff4\" data-element_type=\"container\" data-e-type=\"container\" data-settings=\"{&quot;background_background&quot;:&quot;classic&quot;}\">\n\t\t<div class=\"elementor-element elementor-element-f5890f7 e-con-full e-flex e-con e-child\" data-id=\"f5890f7\" data-element_type=\"container\" data-e-type=\"container\">\n\t\t\t\t<div class=\"elementor-element elementor-element-01bbf0b elementor-widget elementor-widget-image\" data-id=\"01bbf0b\" data-element_type=\"widget\" data-e-type=\"widget\" data-widget_type=\"image.default\">\n\t\t\t\t<div class=\"elementor-widget-container\">\n\t\t\t\t\t\t\t\t\t\t\t\t<figure class=\"wp-caption\">\n\t\t\t\t\t\t\t\t\t\t\t<a  href=\"https:\/\/faber-etec.de\/fr\/station-de-conteneurs\/\" title=\"Station de conteneurs - \">\n\t\t\t\t\t\t\t<img decoding=\"async\" src=\"https:\/\/faber-etec.de\/wp-content\/uploads\/sites\/3\/elementor\/thumbs\/containerstation-trafo-solarparks-container-trafostation-pv-qsjezpk4ujf82zmnyvrl30hi7if2lz721l44vx2few.webp\" title=\"Station de conteneurs - Distribution d&#039;\u00e9nergie flexible pour les parcs solaires et l&#039;industrie\" alt=\"Station de conteneurs pour transformateur dans les parcs solaires, l&#039;e-mobilit\u00e9 et l&#039;industrie\" loading=\"lazy\" \/>\t\t\t\t\t\t\t\t<\/a>\n\t\t\t\t\t\t\t\t\t\t\t<figcaption class=\"widget-image-caption wp-caption-text\">Station en conteneur de Faber E-Tec, offre une distribution d'\u00e9nergie flexible et fiable pour les parcs solaires, l'e-mobilit\u00e9 et les applications industrielles. Id\u00e9al pour une installation rapide et des solutions transportables.<\/figcaption>\n\t\t\t\t\t\t\t\t\t\t<\/figure>\n\t\t\t\t\t\t\t\t\t<\/div>\n\t\t\t\t<\/div>\n\t\t\t\t<\/div>\n\t\t<div class=\"elementor-element elementor-element-1dc0a85 e-con-full e-flex e-con e-child\" data-id=\"1dc0a85\" data-element_type=\"container\" data-e-type=\"container\">\n\t\t\t\t<div class=\"elementor-element elementor-element-1a3fcf8 elementor-widget elementor-widget-heading\" data-id=\"1a3fcf8\" data-element_type=\"widget\" data-e-type=\"widget\" data-widget_type=\"heading.default\">\n\t\t\t\t<div class=\"elementor-widget-container\">\n\t\t\t\t\t<h4 class=\"elementor-heading-title elementor-size-default\">Exemple de station de conteneurs :<\/h4>\t\t\t\t<\/div>\n\t\t\t\t<\/div>\n\t\t\t\t<div class=\"elementor-element elementor-element-68f752c elementor-widget elementor-widget-text-editor\" data-id=\"68f752c\" data-element_type=\"widget\" data-e-type=\"widget\" data-widget_type=\"text-editor.default\">\n\t\t\t\t<div class=\"elementor-widget-container\">\n\t\t\t\t\t\t\t\t\t<p>Un parc solaire a besoin d'une station de transformation puissante, interne au parc, qui soit en m\u00eame temps flexible et facile \u00e0 installer. C'est exactement ce qu'offre notre station en conteneur de 7200 kW. Gr\u00e2ce \u00e0 deux disjoncteurs de 3 200 amp\u00e8res, il est possible de raccorder jusqu'\u00e0 18 onduleurs d'une puissance de 350 kW AC chacun. En outre, la station peut \u00eatre raccord\u00e9e aux r\u00e9seaux internes du parc jusqu'\u00e0 30 kV via un tableau de distribution moyenne tension de Schneider Electric.\u00a0<\/p><p><span style=\"color: var( --e-global-color-text ); font-family: var( --e-global-typography-text-font-family ), sans-serif; font-size: var( --e-global-typography-text-font-size ); font-weight: var( --e-global-typography-text-font-weight ); text-align: var(--text-align); background-color: var( --e-global-color-cf23183 );\">En savoir plus sur nos <\/span><a style=\"font-family: var( --e-global-typography-text-font-family ), sans-serif; font-size: var( --e-global-typography-text-font-size ); font-weight: var( --e-global-typography-text-font-weight ); text-align: var(--text-align);\"  href=\"https:\/\/faber-etec.de\/fr\/station-de-conteneurs\/\" title=\"Station de conteneurs - Station de conteneurs\">Station de conteneurs<\/a><span style=\"color: var( --e-global-color-text ); font-family: var( --e-global-typography-text-font-family ), sans-serif; font-size: var( --e-global-typography-text-font-size ); font-weight: var( --e-global-typography-text-font-weight ); text-align: var(--text-align); background-color: var( --e-global-color-cf23183 );\"> et comment elle permet une distribution d'\u00e9nergie efficace et fiable en s'int\u00e9grant \u00e0 votre parc solaire.<\/span><\/p>\t\t\t\t\t\t\t\t<\/div>\n\t\t\t\t<\/div>\n\t\t\t\t<div class=\"elementor-element elementor-element-1d13d33 elementor-widget elementor-widget-button\" data-id=\"1d13d33\" data-element_type=\"widget\" data-e-type=\"widget\" data-widget_type=\"button.default\">\n\t\t\t\t<div class=\"elementor-widget-container\">\n\t\t\t\t\t\t\t\t\t<div class=\"elementor-button-wrapper\">\n\t\t\t\t\t<a class=\"elementor-button elementor-button-link elementor-size-sm\"  href=\"https:\/\/faber-etec.de\/fr\/station-de-conteneurs\/\" title=\"Station de conteneurs - Poste de transformation de conteneurs\">\n\t\t\t\t\t\t<span class=\"elementor-button-content-wrapper\">\n\t\t\t\t\t\t<span class=\"elementor-button-icon\">\n\t\t\t\t<i aria-hidden=\"true\" class=\"fas fa-angle-right\"><\/i>\t\t\t<\/span>\n\t\t\t\t\t\t\t\t\t<span class=\"elementor-button-text\">Conteneur Poste de transformation<\/span>\n\t\t\t\t\t<\/span>\n\t\t\t\t\t<\/a>\n\t\t\t\t<\/div>\n\t\t\t\t\t\t\t\t<\/div>\n\t\t\t\t<\/div>\n\t\t\t\t<\/div>\n\t\t\t\t<\/div>\n\t\t\t\t<div class=\"elementor-element elementor-element-0225020 elementor-widget-divider--view-line elementor-widget elementor-widget-divider\" data-id=\"0225020\" data-element_type=\"widget\" data-e-type=\"widget\" data-widget_type=\"divider.default\">\n\t\t\t\t<div class=\"elementor-widget-container\">\n\t\t\t\t\t\t\t<div class=\"elementor-divider\">\n\t\t\t<span class=\"elementor-divider-separator\">\n\t\t\t\t\t\t<\/span>\n\t\t<\/div>\n\t\t\t\t\t\t<\/div>\n\t\t\t\t<\/div>\n\t\t\t\t<div class=\"elementor-element elementor-element-8c76573 elementor-widget elementor-widget-heading\" data-id=\"8c76573\" data-element_type=\"widget\" data-e-type=\"widget\" data-widget_type=\"heading.default\">\n\t\t\t\t<div class=\"elementor-widget-container\">\n\t\t\t\t\t<h3 class=\"elementor-heading-title elementor-size-default\">Ce \u00e0 quoi il faut faire attention lors du choix<\/h3>\t\t\t\t<\/div>\n\t\t\t\t<\/div>\n\t\t\t\t<div class=\"elementor-element elementor-element-9dd3b84 elementor-widget elementor-widget-text-editor\" data-id=\"9dd3b84\" data-element_type=\"widget\" data-e-type=\"widget\" data-widget_type=\"text-editor.default\">\n\t\t\t\t<div class=\"elementor-widget-container\">\n\t\t\t\t\t\t\t\t\t<ul><li>Domaine d'utilisation : d\u00e9terminez si le poste de transformation est n\u00e9cessaire pour un parc solaire, une infrastructure de bornes de recharge ou des applications industrielles.<\/li><li>Puissance requise : d\u00e9terminez la puissance n\u00e9cessaire pour choisir le poste de transformation ad\u00e9quat.<\/li><li>Flexibilit\u00e9 : r\u00e9fl\u00e9chissez si vous avez besoin d'une solution fixe ou mobile, comme une station de conteneurs.<\/li><li>Raccordement : v\u00e9rifiez les conditions de raccordement au r\u00e9seau afin de garantir l'int\u00e9gration du poste de transformation<\/li><\/ul>\t\t\t\t\t\t\t\t<\/div>\n\t\t\t\t<\/div>\n\t\t\t\t<div class=\"elementor-element elementor-element-501439e elementor-widget-divider--view-line elementor-widget elementor-widget-divider\" data-id=\"501439e\" data-element_type=\"widget\" data-e-type=\"widget\" data-widget_type=\"divider.default\">\n\t\t\t\t<div class=\"elementor-widget-container\">\n\t\t\t\t\t\t\t<div class=\"elementor-divider\">\n\t\t\t<span class=\"elementor-divider-separator\">\n\t\t\t\t\t\t<\/span>\n\t\t<\/div>\n\t\t\t\t\t\t<\/div>\n\t\t\t\t<\/div>\n\t\t\t\t<div class=\"elementor-element elementor-element-cd4bf5f elementor-widget elementor-widget-heading\" data-id=\"cd4bf5f\" data-element_type=\"widget\" data-e-type=\"widget\" data-widget_type=\"heading.default\">\n\t\t\t\t<div class=\"elementor-widget-container\">\n\t\t\t\t\t<h2 class=\"elementor-heading-title elementor-size-default\">Pourquoi Faber E-Tec ?<\/h2>\t\t\t\t<\/div>\n\t\t\t\t<\/div>\n\t\t\t\t<div class=\"elementor-element elementor-element-4e30f18 elementor-widget elementor-widget-text-editor\" data-id=\"4e30f18\" data-element_type=\"widget\" data-e-type=\"widget\" data-widget_type=\"text-editor.default\">\n\t\t\t\t<div class=\"elementor-widget-container\">\n\t\t\t\t\t\t\t\t\t<p>Chez Faber E-Tec, nous proposons une large gamme de postes de transformation et de stations compactes pour diff\u00e9rentes applications. Que vous planifiez un poste de transformation pour un parc solaire, que vous mettiez en place une infrastructure de bornes de recharge ou que vous ayez besoin d'un poste de transformation mobile, nous avons la solution qui vous convient. Nos produits se distinguent par leur grande qualit\u00e9, leur efficacit\u00e9 et leur livraison rapide. Contactez-nous pour acheter, commander ou demander votre station de transformation.<\/p>\t\t\t\t\t\t\t\t<\/div>\n\t\t\t\t<\/div>\n\t\t<div class=\"elementor-element elementor-element-0674878 e-con-full e-flex e-con e-child\" data-id=\"0674878\" data-element_type=\"container\" data-e-type=\"container\" data-settings=\"{&quot;background_background&quot;:&quot;classic&quot;}\">\n\t\t<div class=\"elementor-element elementor-element-b0cb3c5 e-con-full e-flex e-con e-child\" data-id=\"b0cb3c5\" data-element_type=\"container\" data-e-type=\"container\">\n\t\t\t\t<div class=\"elementor-element elementor-element-f8d1568 elementor-widget elementor-widget-heading\" data-id=\"f8d1568\" data-element_type=\"widget\" data-e-type=\"widget\" data-widget_type=\"heading.default\">\n\t\t\t\t<div class=\"elementor-widget-container\">\n\t\t\t\t\t<h3 class=\"elementor-heading-title elementor-size-default\">Photovolta\u00efque et EPC <\/h3>\t\t\t\t<\/div>\n\t\t\t\t<\/div>\n\t\t\t\t<div class=\"elementor-element elementor-element-39e7374 elementor-widget elementor-widget-text-editor\" data-id=\"39e7374\" data-element_type=\"widget\" data-e-type=\"widget\" data-widget_type=\"text-editor.default\">\n\t\t\t\t<div class=\"elementor-widget-container\">\n\t\t\t\t\t\t\t\t\t<p>Visitez \u00e9galement notre site partenaire <a href=\"https:\/\/faber-solartechnik.de\/\" title=\" - Faber Technique solaire\" target=\"_new\" rel=\"noopener\">Faber Technique solaire<\/a> pour plus d'informations sur les installations photovolta\u00efques et notre <a href=\"https:\/\/faber-solartechnik.de\/epc\/\" title=\"Epc - Offre EPC\" target=\"_new\" rel=\"noopener\">Offre EPC<\/a> pour des solutions compl\u00e8tes dans le domaine de l'\u00e9nergie solaire.<\/p>\t\t\t\t\t\t\t\t<\/div>\n\t\t\t\t<\/div>\n\t\t\t\t<\/div>\n\t\t<div class=\"elementor-element elementor-element-b717664 e-con-full e-flex e-con e-child\" data-id=\"b717664\" data-element_type=\"container\" data-e-type=\"container\">\n\t\t\t\t<div class=\"elementor-element elementor-element-2ca81b3 elementor-widget elementor-widget-image\" data-id=\"2ca81b3\" data-element_type=\"widget\" data-e-type=\"widget\" data-widget_type=\"image.default\">\n\t\t\t\t<div class=\"elementor-widget-container\">\n\t\t\t\t\t\t\t\t\t\t\t\t\t\t\t<img decoding=\"async\" width=\"332\" height=\"107\" src=\"https:\/\/faber-etec.de\/wp-content\/uploads\/sites\/3\/2020\/05\/Faber_Solartechnik_Logo_PNG.png\" class=\"attachment-full size-full wp-image-1281\" alt=\"-\" srcset=\"https:\/\/faber-etec.de\/wp-content\/uploads\/sites\/3\/2020\/05\/Faber_Solartechnik_Logo_PNG.png 332w, https:\/\/faber-etec.de\/wp-content\/uploads\/sites\/3\/2020\/05\/Faber_Solartechnik_Logo_PNG-300x97.png 300w\" sizes=\"(max-width: 332px) 100vw, 332px\" title=\"Faber_Solartechnik_Logo_PNG\">\t\t\t\t\t\t\t\t\t\t\t\t\t\t\t<\/div>\n\t\t\t\t<\/div>\n\t\t\t\t<\/div>\n\t\t\t\t<\/div>\n\t\t\t\t<div class=\"elementor-element elementor-element-9ffdd92 elementor-widget-divider--view-line elementor-widget elementor-widget-divider\" data-id=\"9ffdd92\" data-element_type=\"widget\" data-e-type=\"widget\" data-widget_type=\"divider.default\">\n\t\t\t\t<div class=\"elementor-widget-container\">\n\t\t\t\t\t\t\t<div class=\"elementor-divider\">\n\t\t\t<span class=\"elementor-divider-separator\">\n\t\t\t\t\t\t<\/span>\n\t\t<\/div>\n\t\t\t\t\t\t<\/div>\n\t\t\t\t<\/div>\n\t\t\t\t<div class=\"elementor-element elementor-element-a0bbf60 elementor-widget elementor-widget-heading\" data-id=\"a0bbf60\" data-element_type=\"widget\" data-e-type=\"widget\" data-widget_type=\"heading.default\">\n\t\t\t\t<div class=\"elementor-widget-container\">\n\t\t\t\t\t<h2 class=\"elementor-heading-title elementor-size-default\">Conclusion :\n<\/h2>\t\t\t\t<\/div>\n\t\t\t\t<\/div>\n\t\t\t\t<div class=\"elementor-element elementor-element-e9dd26c elementor-widget elementor-widget-text-editor\" data-id=\"e9dd26c\" data-element_type=\"widget\" data-e-type=\"widget\" data-widget_type=\"text-editor.default\">\n\t\t\t\t<div class=\"elementor-widget-container\">\n\t\t\t\t\t\t\t\t\t<p>Le choix de la bonne station de transformation d\u00e9pend des exigences sp\u00e9cifiques de votre projet. Qu'il s'agisse d'une station de transfert, d'une station de parc solaire, d'une station d'e-mobilit\u00e9 ou d'une station de conteneurs, vous trouverez la solution ad\u00e9quate chez Faber E-Tec. Nos experts se tiennent \u00e0 votre disposition pour vous aider \u00e0 trouver la meilleure station de transformation pour votre projet. Demandez maintenant et profitez de notre livraison rapide !<\/p>\t\t\t\t\t\t\t\t<\/div>\n\t\t\t\t<\/div>\n\t\t\t\t<div class=\"elementor-element elementor-element-b43e9b7 elementor-widget elementor-widget-spacer\" data-id=\"b43e9b7\" data-element_type=\"widget\" data-e-type=\"widget\" data-widget_type=\"spacer.default\">\n\t\t\t\t<div class=\"elementor-widget-container\">\n\t\t\t\t\t\t\t<div class=\"elementor-spacer\">\n\t\t\t<div class=\"elementor-spacer-inner\"><\/div>\n\t\t<\/div>\n\t\t\t\t\t\t<\/div>\n\t\t\t\t<\/div>\n\t\t\t\t\t<\/div>\n\t\t\t\t<\/div>\n\t\t\t\t<\/div>","protected":false},"excerpt":{"rendered":"<p>D\u00e9couvrez comment choisir la station de transformation adapt\u00e9e \u00e0 votre projet. Entre les postes de livraison, les postes pour parcs solaires, les postes pour l'\u00e9lectromobilit\u00e9 et les postes pour conteneurs, notre guide vous aidera \u00e0 trouver la solution qui vous convient.<\/p>","protected":false},"author":2,"featured_media":13572,"comment_status":"closed","ping_status":"open","sticky":false,"template":"","format":"standard","meta":{"_acf_changed":false,"footnotes":""},"categories":[52],"tags":[],"class_list":["post-13529","post","type-post","status-publish","format-standard","has-post-thumbnail","hentry","category-forschung-und-entwicklung"],"acf":[],"_links":{"self":[{"href":"https:\/\/faber-etec.de\/fr\/wp-json\/wp\/v2\/posts\/13529","targetHints":{"allow":["GET"]}}],"collection":[{"href":"https:\/\/faber-etec.de\/fr\/wp-json\/wp\/v2\/posts"}],"about":[{"href":"https:\/\/faber-etec.de\/fr\/wp-json\/wp\/v2\/types\/post"}],"author":[{"embeddable":true,"href":"https:\/\/faber-etec.de\/fr\/wp-json\/wp\/v2\/users\/2"}],"replies":[{"embeddable":true,"href":"https:\/\/faber-etec.de\/fr\/wp-json\/wp\/v2\/comments?post=13529"}],"version-history":[{"count":3,"href":"https:\/\/faber-etec.de\/fr\/wp-json\/wp\/v2\/posts\/13529\/revisions"}],"predecessor-version":[{"id":14866,"href":"https:\/\/faber-etec.de\/fr\/wp-json\/wp\/v2\/posts\/13529\/revisions\/14866"}],"wp:featuredmedia":[{"embeddable":true,"href":"https:\/\/faber-etec.de\/fr\/wp-json\/wp\/v2\/media\/13572"}],"wp:attachment":[{"href":"https:\/\/faber-etec.de\/fr\/wp-json\/wp\/v2\/media?parent=13529"}],"wp:term":[{"taxonomy":"category","embeddable":true,"href":"https:\/\/faber-etec.de\/fr\/wp-json\/wp\/v2\/categories?post=13529"},{"taxonomy":"post_tag","embeddable":true,"href":"https:\/\/faber-etec.de\/fr\/wp-json\/wp\/v2\/tags?post=13529"}],"curies":[{"name":"wp","href":"https:\/\/api.w.org\/{rel}","templated":true}]}}