{"id":13653,"date":"2024-10-22T10:54:42","date_gmt":"2024-10-22T08:54:42","guid":{"rendered":"https:\/\/faber-etec.de\/?p=13653"},"modified":"2025-10-30T21:06:10","modified_gmt":"2025-10-30T20:06:10","slug":"kompaktstation-ladestation-paderborn","status":"publish","type":"post","link":"https:\/\/faber-etec.de\/fr\/projekte\/kompaktstation-ladestation-paderborn\/","title":{"rendered":"Poste de transformation pour station de recharge pour voitures \u00e9lectriques \u00e0 Paderborn"},"content":{"rendered":"<div data-elementor-type=\"wp-post\" data-elementor-id=\"13653\" class=\"elementor elementor-13653\" data-elementor-post-type=\"post\">\n\t\t\t\t<div class=\"elementor-element elementor-element-38b3fd4 e-con-full e-flex e-con e-parent\" data-id=\"38b3fd4\" data-element_type=\"container\" data-e-type=\"container\">\n\t\t\t\t<div class=\"elementor-element elementor-element-59822a3 elementor-widget elementor-widget-heading\" data-id=\"59822a3\" data-element_type=\"widget\" data-e-type=\"widget\" data-widget_type=\"heading.default\">\n\t\t\t\t<div class=\"elementor-widget-container\">\n\t\t\t\t\t<h2 class=\"elementor-heading-title elementor-size-default\">Notre r\u00f4le dans la promotion de l'\u00e9lectromobilit\u00e9 en Rh\u00e9nanie-du-Nord-Westphalie<\/h2>\t\t\t\t<\/div>\n\t\t\t\t<\/div>\n\t\t\t\t<div class=\"elementor-element elementor-element-e4d8ea6 elementor-widget elementor-widget-text-editor\" data-id=\"e4d8ea6\" data-element_type=\"widget\" data-e-type=\"widget\" data-widget_type=\"text-editor.default\">\n\t\t\t\t<div class=\"elementor-widget-container\">\n\t\t\t\t\t\t\t\t\t<p><strong>Mobilit\u00e9 \u00e9lectrique<\/strong> devient de plus en plus importante, et nous sommes fiers d'y contribuer avec notre station compacte de transformation \u00e0 Paderborn. Il est d\u00e9sormais possible de charger simultan\u00e9ment huit voitures \u00e9lectriques sur le parking du supermarch\u00e9 ! Cette solution innovante montre comment nous am\u00e9liorons l'infrastructure pour les v\u00e9hicules \u00e9lectriques et facilitons le quotidien des conducteurs. Nos stations de recharge n'offrent pas seulement du confort, mais aussi une solution d'avenir pour la mobilit\u00e9 durable. D\u00e9couvrez \u00e0 quel point la recharge de vos voitures \u00e9lectriques peut \u00eatre simple et rapide. Misez avec nous sur l'avenir de la mobilit\u00e9 !<\/p>\t\t\t\t\t\t\t\t<\/div>\n\t\t\t\t<\/div>\n\t\t\t\t<div class=\"elementor-element elementor-element-25fec9a elementor-widget elementor-widget-gallery\" data-id=\"25fec9a\" data-element_type=\"widget\" data-e-type=\"widget\" data-settings=\"{&quot;gallery_layout&quot;:&quot;justified&quot;,&quot;ideal_row_height&quot;:{&quot;unit&quot;:&quot;px&quot;,&quot;size&quot;:201,&quot;sizes&quot;:[]},&quot;lazyload&quot;:&quot;yes&quot;,&quot;ideal_row_height_laptop&quot;:{&quot;unit&quot;:&quot;px&quot;,&quot;size&quot;:150,&quot;sizes&quot;:[]},&quot;ideal_row_height_tablet_extra&quot;:{&quot;unit&quot;:&quot;px&quot;,&quot;size&quot;:150,&quot;sizes&quot;:[]},&quot;ideal_row_height_tablet&quot;:{&quot;unit&quot;:&quot;px&quot;,&quot;size&quot;:150,&quot;sizes&quot;:[]},&quot;ideal_row_height_mobile&quot;:{&quot;unit&quot;:&quot;px&quot;,&quot;size&quot;:150,&quot;sizes&quot;:[]},&quot;gap&quot;:{&quot;unit&quot;:&quot;px&quot;,&quot;size&quot;:10,&quot;sizes&quot;:[]},&quot;gap_laptop&quot;:{&quot;unit&quot;:&quot;px&quot;,&quot;size&quot;:10,&quot;sizes&quot;:[]},&quot;gap_tablet_extra&quot;:{&quot;unit&quot;:&quot;px&quot;,&quot;size&quot;:10,&quot;sizes&quot;:[]},&quot;gap_tablet&quot;:{&quot;unit&quot;:&quot;px&quot;,&quot;size&quot;:10,&quot;sizes&quot;:[]},&quot;gap_mobile&quot;:{&quot;unit&quot;:&quot;px&quot;,&quot;size&quot;:10,&quot;sizes&quot;:[]},&quot;link_to&quot;:&quot;file&quot;,&quot;overlay_background&quot;:&quot;yes&quot;,&quot;content_hover_animation&quot;:&quot;fade-in&quot;}\" data-widget_type=\"gallery.default\">\n\t\t\t\t<div class=\"elementor-widget-container\">\n\t\t\t\t\t\t\t<div class=\"elementor-gallery__container\">\n\t\t\t\t\t\t\t<a class=\"e-gallery-item elementor-gallery-item elementor-animated-content\"  href=\"https:\/\/faber-etec.de\/wp-content\/uploads\/sites\/3\/2024\/10\/Trafostation-E-Auto-Allego-Rewe-Paderbon-OKT-2024-032-scaled.webp\" title=\"Poste de transformation E Auto Allego Rewe Paderbon OKT 2024 032 Scaled.webp - \" data-elementor-open-lightbox=\"yes\" data-elementor-lightbox-slideshow=\"25fec9a\" data-e-action-hash=\"#elementor-action%3Aaction%3Dlightbox%26settings%3DeyJpZCI6MTM2NjUsInVybCI6Imh0dHBzOlwvXC9mYWJlci1ldGVjLmRlXC93cC1jb250ZW50XC91cGxvYWRzXC9zaXRlc1wvM1wvMjAyNFwvMTBcL1RyYWZvc3RhdGlvbi1FLUF1dG8tQWxsZWdvLVJld2UtUGFkZXJib24tT0tULTIwMjQtMDMyLXNjYWxlZC53ZWJwIiwic2xpZGVzaG93IjoiMjVmZWM5YSJ9\">\n\t\t\t\t\t<div class=\"e-gallery-image elementor-gallery-item__image\" data-thumbnail=\"https:\/\/faber-etec.de\/wp-content\/uploads\/sites\/3\/2024\/10\/Trafostation-E-Auto-Allego-Rewe-Paderbon-OKT-2024-032-768x512.webp\" data-width=\"768\" data-height=\"512\" aria-label=\"Poste de transformation pour station de recharge de voitures \u00e9lectriques sur le parking REWE \u00e0 Paderborn\" role=\"img\" ><\/div>\n\t\t\t\t\t\t\t\t\t\t\t<div class=\"elementor-gallery-item__overlay\"><\/div>\n\t\t\t\t\t\t\t\t\t\t\t\t\t\t<\/a>\n\t\t\t\t\t\t\t<a class=\"e-gallery-item elementor-gallery-item elementor-animated-content\"  href=\"https:\/\/faber-etec.de\/wp-content\/uploads\/sites\/3\/2024\/10\/Trafostation-E-Auto-Allego-Rewe-Paderbon-OKT-2024-001-scaled.jpg\" title=\"Poste de transformation E Auto Allego Rewe Paderbon OKT 2024 001 Scaled.jpg - \" data-elementor-open-lightbox=\"yes\" data-elementor-lightbox-slideshow=\"25fec9a\" data-e-action-hash=\"#elementor-action%3Aaction%3Dlightbox%26settings%3DeyJpZCI6MTM2NTUsInVybCI6Imh0dHBzOlwvXC9mYWJlci1ldGVjLmRlXC93cC1jb250ZW50XC91cGxvYWRzXC9zaXRlc1wvM1wvMjAyNFwvMTBcL1RyYWZvc3RhdGlvbi1FLUF1dG8tQWxsZWdvLVJld2UtUGFkZXJib24tT0tULTIwMjQtMDAxLXNjYWxlZC5qcGciLCJzbGlkZXNob3ciOiIyNWZlYzlhIn0%3D\">\n\t\t\t\t\t<div class=\"e-gallery-image elementor-gallery-item__image\" data-thumbnail=\"https:\/\/faber-etec.de\/wp-content\/uploads\/sites\/3\/2024\/10\/Trafostation-E-Auto-Allego-Rewe-Paderbon-OKT-2024-001-768x365.jpg\" data-width=\"768\" data-height=\"365\" aria-label=\"Quatre bornes de recharge avec des places pour huit voitures \u00e9lectriques \u00e0 Paderborn\" role=\"img\" ><\/div>\n\t\t\t\t\t\t\t\t\t\t\t<div class=\"elementor-gallery-item__overlay\"><\/div>\n\t\t\t\t\t\t\t\t\t\t\t\t\t\t<\/a>\n\t\t\t\t\t<\/div>\n\t\t\t\t\t<\/div>\n\t\t\t\t<\/div>\n\t\t\t\t<div class=\"elementor-element elementor-element-f74c26d elementor-widget elementor-widget-spacer\" data-id=\"f74c26d\" data-element_type=\"widget\" data-e-type=\"widget\" data-widget_type=\"spacer.default\">\n\t\t\t\t<div class=\"elementor-widget-container\">\n\t\t\t\t\t\t\t<div class=\"elementor-spacer\">\n\t\t\t<div class=\"elementor-spacer-inner\"><\/div>\n\t\t<\/div>\n\t\t\t\t\t\t<\/div>\n\t\t\t\t<\/div>\n\t\t\t\t<div class=\"elementor-element elementor-element-3e4645d elementor-widget elementor-widget-heading\" data-id=\"3e4645d\" data-element_type=\"widget\" data-e-type=\"widget\" data-widget_type=\"heading.default\">\n\t\t\t\t<div class=\"elementor-widget-container\">\n\t\t\t\t\t<h3 class=\"elementor-heading-title elementor-size-default\">Description du projet<\/h3>\t\t\t\t<\/div>\n\t\t\t\t<\/div>\n\t\t\t\t<div class=\"elementor-element elementor-element-3b9b504 elementor-widget elementor-widget-heading\" data-id=\"3b9b504\" data-element_type=\"widget\" data-e-type=\"widget\" data-widget_type=\"heading.default\">\n\t\t\t\t<div class=\"elementor-widget-container\">\n\t\t\t\t\t<h3 class=\"elementor-heading-title elementor-size-default\">Station compacte de transformation sur mesure<\/h3>\t\t\t\t<\/div>\n\t\t\t\t<\/div>\n\t\t\t\t<div class=\"elementor-element elementor-element-4b702cb elementor-widget elementor-widget-text-editor\" data-id=\"4b702cb\" data-element_type=\"widget\" data-e-type=\"widget\" data-widget_type=\"text-editor.default\">\n\t\t\t\t<div class=\"elementor-widget-container\">\n\t\t\t\t\t\t\t\t\t<p>Pour notre client\u00a0<a href=\"https:\/\/www.allego.eu\/de\/\" title=\"Fr - Allego GmbH\" target=\"_blank\" rel=\"noopener\">Allego GmbH<\/a>Nous avons d\u00e9velopp\u00e9 une solution de recharge compacte pour les v\u00e9hicules \u00e9lectriques. <a href=\"https:\/\/faber-etec.de\/fr\/poste-de-transformation\/\" title=\"Poste de transformation - Poste de transformation (\u00e0 commander maintenant)\">Poste de transformation (\u00e0 commander maintenant)<\/a> a \u00e9t\u00e9 con\u00e7u, construit et livr\u00e9. La station d\u00e9velopp\u00e9e individuellement soutient une borne de recharge pour voitures \u00e9lectriques avec quatre points de charge et permet de charger huit v\u00e9hicules simultan\u00e9ment. Le site se trouve sur un <a href=\"https:\/\/maps.app.goo.gl\/jnKZUb7HSQ7JQhtz6\" title=\"JnKZUb7HSQ7JQhtz6 - Parking REWE \u00e0 Paderborn\" target=\"_blank\" rel=\"noopener\">Parking REWE \u00e0 Paderborn<\/a>La ville de Bonn est une ville technologiquement importante de Rh\u00e9nanie-du-Nord-Westphalie.<\/p>\t\t\t\t\t\t\t\t<\/div>\n\t\t\t\t<\/div>\n\t\t\t\t<div class=\"elementor-element elementor-element-180dab9 elementor-widget elementor-widget-text-editor\" data-id=\"180dab9\" data-element_type=\"widget\" data-e-type=\"widget\" data-widget_type=\"text-editor.default\">\n\t\t\t\t<div class=\"elementor-widget-container\">\n\t\t\t\t\t\t\t\t\t<p>Le poste de transformation a \u00e9t\u00e9 d\u00e9velopp\u00e9 en \u00e9troite collaboration avec notre client et a \u00e9t\u00e9 sp\u00e9cialement con\u00e7u pour r\u00e9pondre aux exigences de ce projet.<\/p>\t\t\t\t\t\t\t\t<\/div>\n\t\t\t\t<\/div>\n\t\t\t\t<div class=\"elementor-element elementor-element-a35c483 elementor-cta--skin-cover elementor-cta--valign-middle elementor-bg-transform elementor-bg-transform-zoom-in elementor-widget elementor-widget-call-to-action\" data-id=\"a35c483\" data-element_type=\"widget\" data-e-type=\"widget\" data-widget_type=\"call-to-action.default\">\n\t\t\t\t<div class=\"elementor-widget-container\">\n\t\t\t\t\t\t\t<div class=\"elementor-cta\">\n\t\t\t\t\t<div class=\"elementor-cta__bg-wrapper\">\n\t\t\t\t<div class=\"elementor-cta__bg elementor-bg\" style=\"background-image: url(https:\/\/faber-etec.de\/wp-content\/uploads\/sites\/3\/2024\/09\/Ladeinfrastruktur-Elektromobilitaet-Trafostation-1024x396.webp);\" role=\"img\" aria-label=\"Poste de transformation avec infrastructure de recharge int\u00e9gr\u00e9e pour v\u00e9hicules \u00e9lectriques\"><\/div>\n\t\t\t\t<div class=\"elementor-cta__bg-overlay\"><\/div>\n\t\t\t<\/div>\n\t\t\t\t\t\t\t<div class=\"elementor-cta__content\">\n\t\t\t\t\n\t\t\t\t\t\t\t\t\t<h4 class=\"elementor-cta__title elementor-cta__content-item elementor-content-item\">\n\t\t\t\t\t\tStations de transformation E-Mobility\t\t\t\t\t<\/h4>\n\t\t\t\t\n\t\t\t\t\t\t\t\t\t<div class=\"elementor-cta__description elementor-cta__content-item elementor-content-item\">\n\t\t\t\t\t\tNos stations de transformation E-Mobility sont sp\u00e9cialement optimis\u00e9es pour alimenter les infrastructures de recharge.\t\t\t\t\t<\/div>\n\t\t\t\t\n\t\t\t\t\t\t\t\t\t<div class=\"elementor-cta__button-wrapper elementor-cta__content-item elementor-content-item\">\n\t\t\t\t\t<a class=\"elementor-cta__button elementor-button elementor-size-\" href=\"https:\/\/faber-etec.de\/fr\/e-mobilite\/\" title=\"E Mobilitaet - Stations de transformation pour l&#039;e-mobilit\u00e9\">\n\t\t\t\t\t\tPostes de transformation pour l'e-mobilit\u00e9 <i aria-hidden=\"true\" class=\"fas fa-angle-right\"><\/i>\t\t\t\t\t<\/a>\n\t\t\t\t\t<\/div>\n\t\t\t\t\t\t\t<\/div>\n\t\t\t\t\t\t<\/div>\n\t\t\t\t\t\t<\/div>\n\t\t\t\t<\/div>\n\t\t\t\t<div class=\"elementor-element elementor-element-892e7de elementor-widget elementor-widget-spacer\" data-id=\"892e7de\" data-element_type=\"widget\" data-e-type=\"widget\" data-widget_type=\"spacer.default\">\n\t\t\t\t<div class=\"elementor-widget-container\">\n\t\t\t\t\t\t\t<div class=\"elementor-spacer\">\n\t\t\t<div class=\"elementor-spacer-inner\"><\/div>\n\t\t<\/div>\n\t\t\t\t\t\t<\/div>\n\t\t\t\t<\/div>\n\t\t\t\t<div class=\"elementor-element elementor-element-a992a27 elementor-widget elementor-widget-heading\" data-id=\"a992a27\" data-element_type=\"widget\" data-e-type=\"widget\" data-widget_type=\"heading.default\">\n\t\t\t\t<div class=\"elementor-widget-container\">\n\t\t\t\t\t<h3 class=\"elementor-heading-title elementor-size-default\">FE01WF2020HK.AL<\/h3>\t\t\t\t<\/div>\n\t\t\t\t<\/div>\n\t\t\t\t<div class=\"elementor-element elementor-element-9e190bc elementor-widget elementor-widget-heading\" data-id=\"9e190bc\" data-element_type=\"widget\" data-e-type=\"widget\" data-widget_type=\"heading.default\">\n\t\t\t\t<div class=\"elementor-widget-container\">\n\t\t\t\t\t<h3 class=\"elementor-heading-title elementor-size-default\">Donn\u00e9es et faits sur la station compacte de transformation<\/h3>\t\t\t\t<\/div>\n\t\t\t\t<\/div>\n\t\t\t\t<div class=\"elementor-element elementor-element-b4d9ac0 elementor-widget elementor-widget-text-editor\" data-id=\"b4d9ac0\" data-element_type=\"widget\" data-e-type=\"widget\" data-widget_type=\"text-editor.default\">\n\t\t\t\t<div class=\"elementor-widget-container\">\n\t\t\t\t\t\t\t\t\t<p>Pour le projet de Paderborn, nous avons install\u00e9 sur le parking du REWE une station compacte sp\u00e9cialement con\u00e7ue pour le poste de transformation, dont nous avons assur\u00e9 la conception et la construction. Cette installation garantit une alimentation sans faille des quatre bornes de la station de recharge pour voitures \u00e9lectriques et la recharge simultan\u00e9e de huit automobiles \u00e9lectriques. Pour r\u00e9pondre aux exigences de notre client, la station a \u00e9t\u00e9 con\u00e7ue exactement en fonction du projet et fabriqu\u00e9e selon les normes techniques les plus modernes.<\/p><p>Le site <a href=\"https:\/\/faber-etec.de\/fr\/recherche-et-developpement\/commander-des-postes-de-transformation-2\/\" title=\"Commander des postes de transformation - Poste de transformation\">Poste de transformation<\/a> avec la d\u00e9signation <b>FE01WF2020HK.AL<\/b> convainc par sa construction robuste et son enveloppe ext\u00e9rieure esth\u00e9tique en blanc pur. Les portes, les bandes et le toit sont en gris anthracite RAL 7016, ce qui permet \u00e0 la station de s'int\u00e9grer harmonieusement dans l'environnement du parking. Le choix des couleurs a \u00e9t\u00e9 cibl\u00e9 afin de garantir non seulement un look moderne, mais aussi une r\u00e9sistance durable aux intemp\u00e9ries.<\/p>\t\t\t\t\t\t\t\t<\/div>\n\t\t\t\t<\/div>\n\t\t\t\t<div class=\"elementor-element elementor-element-8395b58 elementor-widget elementor-widget-image\" data-id=\"8395b58\" data-element_type=\"widget\" data-e-type=\"widget\" data-widget_type=\"image.default\">\n\t\t\t\t<div class=\"elementor-widget-container\">\n\t\t\t\t\t\t\t\t\t\t\t\t\t\t\t<img decoding=\"async\" src=\"https:\/\/faber-etec.de\/wp-content\/uploads\/sites\/3\/elementor\/thumbs\/Trafostation-E-Auto-Allego-Rewe-Paderbon-OKT-2024-013-scaled-qvxcmzuiafia4h3632rwi7ojp8m345zl5vmt2k56rs.webp\" title=\"Transformateur \u00e0 huile de la station compacte de transformation pour l&#039;e-mobilit\u00e9\" alt=\"Transformateur \u00e0 huile pour poste de transformation \u00e0 Paderborn\" loading=\"lazy\" \/>\t\t\t\t\t\t\t\t\t\t\t\t\t\t\t<\/div>\n\t\t\t\t<\/div>\n\t\t\t\t<div class=\"elementor-element elementor-element-d1b9f31 elementor-widget elementor-widget-gallery\" data-id=\"d1b9f31\" data-element_type=\"widget\" data-e-type=\"widget\" data-settings=\"{&quot;gallery_layout&quot;:&quot;justified&quot;,&quot;ideal_row_height&quot;:{&quot;unit&quot;:&quot;px&quot;,&quot;size&quot;:180,&quot;sizes&quot;:[]},&quot;lazyload&quot;:&quot;yes&quot;,&quot;ideal_row_height_laptop&quot;:{&quot;unit&quot;:&quot;px&quot;,&quot;size&quot;:150,&quot;sizes&quot;:[]},&quot;ideal_row_height_tablet_extra&quot;:{&quot;unit&quot;:&quot;px&quot;,&quot;size&quot;:150,&quot;sizes&quot;:[]},&quot;ideal_row_height_tablet&quot;:{&quot;unit&quot;:&quot;px&quot;,&quot;size&quot;:150,&quot;sizes&quot;:[]},&quot;ideal_row_height_mobile&quot;:{&quot;unit&quot;:&quot;px&quot;,&quot;size&quot;:150,&quot;sizes&quot;:[]},&quot;gap&quot;:{&quot;unit&quot;:&quot;px&quot;,&quot;size&quot;:10,&quot;sizes&quot;:[]},&quot;gap_laptop&quot;:{&quot;unit&quot;:&quot;px&quot;,&quot;size&quot;:10,&quot;sizes&quot;:[]},&quot;gap_tablet_extra&quot;:{&quot;unit&quot;:&quot;px&quot;,&quot;size&quot;:10,&quot;sizes&quot;:[]},&quot;gap_tablet&quot;:{&quot;unit&quot;:&quot;px&quot;,&quot;size&quot;:10,&quot;sizes&quot;:[]},&quot;gap_mobile&quot;:{&quot;unit&quot;:&quot;px&quot;,&quot;size&quot;:10,&quot;sizes&quot;:[]},&quot;link_to&quot;:&quot;file&quot;,&quot;overlay_background&quot;:&quot;yes&quot;,&quot;content_hover_animation&quot;:&quot;fade-in&quot;}\" data-widget_type=\"gallery.default\">\n\t\t\t\t<div class=\"elementor-widget-container\">\n\t\t\t\t\t\t\t<div class=\"elementor-gallery__container\">\n\t\t\t\t\t\t\t<a class=\"e-gallery-item elementor-gallery-item elementor-animated-content\" href=\"https:\/\/faber-etec.de\/wp-content\/uploads\/sites\/3\/2024\/10\/Trafostation-E-Auto-Allego-Rewe-Paderbon-OKT-2024-013-scaled.webp\" title=\"Poste de transformation E Auto Allego Rewe Paderbon OKT 2024 013 Scaled.webp - \" data-elementor-open-lightbox=\"yes\" data-elementor-lightbox-slideshow=\"d1b9f31\" data-e-action-hash=\"#elementor-action%3Aaction%3Dlightbox%26settings%3DeyJpZCI6MTM2NTksInVybCI6Imh0dHBzOlwvXC9mYWJlci1ldGVjLmRlXC93cC1jb250ZW50XC91cGxvYWRzXC9zaXRlc1wvM1wvMjAyNFwvMTBcL1RyYWZvc3RhdGlvbi1FLUF1dG8tQWxsZWdvLVJld2UtUGFkZXJib24tT0tULTIwMjQtMDEzLXNjYWxlZC53ZWJwIiwic2xpZGVzaG93IjoiZDFiOWYzMSJ9\">\n\t\t\t\t\t<div class=\"e-gallery-image elementor-gallery-item__image\" data-thumbnail=\"https:\/\/faber-etec.de\/wp-content\/uploads\/sites\/3\/2024\/10\/Trafostation-E-Auto-Allego-Rewe-Paderbon-OKT-2024-013-768x512.webp\" data-width=\"768\" data-height=\"512\" aria-label=\"Transformateur \u00e0 huile pour poste de transformation \u00e0 Paderborn\" role=\"img\" ><\/div>\n\t\t\t\t\t\t\t\t\t\t\t<div class=\"elementor-gallery-item__overlay\"><\/div>\n\t\t\t\t\t\t\t\t\t\t\t\t\t\t<\/a>\n\t\t\t\t\t\t\t<a class=\"e-gallery-item elementor-gallery-item elementor-animated-content\" href=\"https:\/\/faber-etec.de\/wp-content\/uploads\/sites\/3\/2024\/10\/Trafostation-E-Auto-Allego-Rewe-Paderbon-OKT-2024-003-scaled.webp\" title=\"Poste de transformation E Auto Allego Rewe Paderbon OKT 2024 003 Scaled.webp - \" data-elementor-open-lightbox=\"yes\" data-elementor-lightbox-slideshow=\"d1b9f31\" data-e-action-hash=\"#elementor-action%3Aaction%3Dlightbox%26settings%3DeyJpZCI6MTM2NTYsInVybCI6Imh0dHBzOlwvXC9mYWJlci1ldGVjLmRlXC93cC1jb250ZW50XC91cGxvYWRzXC9zaXRlc1wvM1wvMjAyNFwvMTBcL1RyYWZvc3RhdGlvbi1FLUF1dG8tQWxsZWdvLVJld2UtUGFkZXJib24tT0tULTIwMjQtMDAzLXNjYWxlZC53ZWJwIiwic2xpZGVzaG93IjoiZDFiOWYzMSJ9\">\n\t\t\t\t\t<div class=\"e-gallery-image elementor-gallery-item__image\" data-thumbnail=\"https:\/\/faber-etec.de\/wp-content\/uploads\/sites\/3\/2024\/10\/Trafostation-E-Auto-Allego-Rewe-Paderbon-OKT-2024-003-768x512.webp\" data-width=\"768\" data-height=\"512\" aria-label=\"Station compacte transfo dans une construction en b\u00e9ton, qui montre une station compacte transfo moderne. Id\u00e9al pour les applications telles que le photovolta\u00efque, l&#039;e-mobilit\u00e9 et les op\u00e9rateurs de r\u00e9seau. Cette station de transformation est synonyme d&#039;efficacit\u00e9 et de design peu encombrant.\" role=\"img\" ><\/div>\n\t\t\t\t\t\t\t\t\t\t\t<div class=\"elementor-gallery-item__overlay\"><\/div>\n\t\t\t\t\t\t\t\t\t\t\t\t\t\t<\/a>\n\t\t\t\t\t\t\t<a class=\"e-gallery-item elementor-gallery-item elementor-animated-content\" href=\"https:\/\/faber-etec.de\/wp-content\/uploads\/sites\/3\/2024\/10\/Trafostation-E-Auto-Allego-Rewe-Paderbon-OKT-2024-020-scaled.webp\" title=\"Poste de transformation E Auto Allego Rewe Paderbon OKT 2024 020 Scaled.webp - \" data-elementor-open-lightbox=\"yes\" data-elementor-lightbox-slideshow=\"d1b9f31\" data-e-action-hash=\"#elementor-action%3Aaction%3Dlightbox%26settings%3DeyJpZCI6MTM2NjIsInVybCI6Imh0dHBzOlwvXC9mYWJlci1ldGVjLmRlXC93cC1jb250ZW50XC91cGxvYWRzXC9zaXRlc1wvM1wvMjAyNFwvMTBcL1RyYWZvc3RhdGlvbi1FLUF1dG8tQWxsZWdvLVJld2UtUGFkZXJib24tT0tULTIwMjQtMDIwLXNjYWxlZC53ZWJwIiwic2xpZGVzaG93IjoiZDFiOWYzMSJ9\">\n\t\t\t\t\t<div class=\"e-gallery-image elementor-gallery-item__image\" data-thumbnail=\"https:\/\/faber-etec.de\/wp-content\/uploads\/sites\/3\/2024\/10\/Trafostation-E-Auto-Allego-Rewe-Paderbon-OKT-2024-020-768x512.webp\" data-width=\"768\" data-height=\"512\" aria-label=\"Quatre bornes de recharge avec des places pour huit voitures \u00e9lectriques \u00e0 Paderborn\" role=\"img\" ><\/div>\n\t\t\t\t\t\t\t\t\t\t\t<div class=\"elementor-gallery-item__overlay\"><\/div>\n\t\t\t\t\t\t\t\t\t\t\t\t\t\t<\/a>\n\t\t\t\t\t\t\t<a class=\"e-gallery-item elementor-gallery-item elementor-animated-content\" href=\"https:\/\/faber-etec.de\/wp-content\/uploads\/sites\/3\/2024\/10\/Trafostation-E-Auto-Allego-Rewe-Paderbon-OKT-2024-029-scaled.webp\" title=\"Poste de transformation E Auto Allego Rewe Paderbon OKT 2024 029 Scaled.webp - \" data-elementor-open-lightbox=\"yes\" data-elementor-lightbox-slideshow=\"d1b9f31\" data-e-action-hash=\"#elementor-action%3Aaction%3Dlightbox%26settings%3DeyJpZCI6MTM2NjMsInVybCI6Imh0dHBzOlwvXC9mYWJlci1ldGVjLmRlXC93cC1jb250ZW50XC91cGxvYWRzXC9zaXRlc1wvM1wvMjAyNFwvMTBcL1RyYWZvc3RhdGlvbi1FLUF1dG8tQWxsZWdvLVJld2UtUGFkZXJib24tT0tULTIwMjQtMDI5LXNjYWxlZC53ZWJwIiwic2xpZGVzaG93IjoiZDFiOWYzMSJ9\">\n\t\t\t\t\t<div class=\"e-gallery-image elementor-gallery-item__image\" data-thumbnail=\"https:\/\/faber-etec.de\/wp-content\/uploads\/sites\/3\/2024\/10\/Trafostation-E-Auto-Allego-Rewe-Paderbon-OKT-2024-029-768x512.webp\" data-width=\"768\" data-height=\"512\" aria-label=\"Quatre bornes de recharge avec des places pour huit voitures \u00e9lectriques \u00e0 Paderborn\" role=\"img\" ><\/div>\n\t\t\t\t\t\t\t\t\t\t\t<div class=\"elementor-gallery-item__overlay\"><\/div>\n\t\t\t\t\t\t\t\t\t\t\t\t\t\t<\/a>\n\t\t\t\t\t\t\t<a class=\"e-gallery-item elementor-gallery-item elementor-animated-content\" href=\"https:\/\/faber-etec.de\/wp-content\/uploads\/sites\/3\/2024\/10\/Trafostation-E-Auto-Allego-Rewe-Paderbon-OKT-2024-046-scaled.webp\" title=\"Poste de transformation E Auto Allego Rewe Paderbon OKT 2024 046 Scaled.webp - \" data-elementor-open-lightbox=\"yes\" data-elementor-lightbox-slideshow=\"d1b9f31\" data-e-action-hash=\"#elementor-action%3Aaction%3Dlightbox%26settings%3DeyJpZCI6MTM2NjksInVybCI6Imh0dHBzOlwvXC9mYWJlci1ldGVjLmRlXC93cC1jb250ZW50XC91cGxvYWRzXC9zaXRlc1wvM1wvMjAyNFwvMTBcL1RyYWZvc3RhdGlvbi1FLUF1dG8tQWxsZWdvLVJld2UtUGFkZXJib24tT0tULTIwMjQtMDQ2LXNjYWxlZC53ZWJwIiwic2xpZGVzaG93IjoiZDFiOWYzMSJ9\">\n\t\t\t\t\t<div class=\"e-gallery-image elementor-gallery-item__image\" data-thumbnail=\"https:\/\/faber-etec.de\/wp-content\/uploads\/sites\/3\/2024\/10\/Trafostation-E-Auto-Allego-Rewe-Paderbon-OKT-2024-046-768x512.jpg\" data-width=\"768\" data-height=\"512\" aria-label=\"Poste de transformation pour station de recharge de voitures \u00e9lectriques sur le parking REWE \u00e0 Paderborn\" role=\"img\" ><\/div>\n\t\t\t\t\t\t\t\t\t\t\t<div class=\"elementor-gallery-item__overlay\"><\/div>\n\t\t\t\t\t\t\t\t\t\t\t\t\t\t<\/a>\n\t\t\t\t\t\t\t<a class=\"e-gallery-item elementor-gallery-item elementor-animated-content\" href=\"https:\/\/faber-etec.de\/wp-content\/uploads\/sites\/3\/2024\/10\/Allego-Rewe-Paderbon-OKT-2024-022-scaled.jpg\" title=\"Allego Rewe Paderbon OKT 2024 022 Scaled.jpg - \" data-elementor-open-lightbox=\"yes\" data-elementor-lightbox-slideshow=\"d1b9f31\" data-e-action-hash=\"#elementor-action%3Aaction%3Dlightbox%26settings%3DeyJpZCI6MTM3MDQsInVybCI6Imh0dHBzOlwvXC9mYWJlci1ldGVjLmRlXC93cC1jb250ZW50XC91cGxvYWRzXC9zaXRlc1wvM1wvMjAyNFwvMTBcL0FsbGVnby1SZXdlLVBhZGVyYm9uLU9LVC0yMDI0LTAyMi1zY2FsZWQuanBnIiwic2xpZGVzaG93IjoiZDFiOWYzMSJ9\">\n\t\t\t\t\t<div class=\"e-gallery-image elementor-gallery-item__image\" data-thumbnail=\"https:\/\/faber-etec.de\/wp-content\/uploads\/sites\/3\/2024\/10\/Allego-Rewe-Paderbon-OKT-2024-022-768x512.jpg\" data-width=\"768\" data-height=\"512\" aria-label=\"\" role=\"img\" ><\/div>\n\t\t\t\t\t\t\t\t\t\t\t<div class=\"elementor-gallery-item__overlay\"><\/div>\n\t\t\t\t\t\t\t\t\t\t\t\t\t\t<\/a>\n\t\t\t\t\t<\/div>\n\t\t\t\t\t<\/div>\n\t\t\t\t<\/div>\n\t\t\t\t<div class=\"elementor-element elementor-element-1a152d9 elementor-widget elementor-widget-text-editor\" data-id=\"1a152d9\" data-element_type=\"widget\" data-e-type=\"widget\" data-widget_type=\"text-editor.default\">\n\t\t\t\t<div class=\"elementor-widget-container\">\n\t\t\t\t\t\t\t\t\t<p><span style=\"color: var( --e-global-color-text ); font-family: var( --e-global-typography-text-font-family ), sans-serif; font-size: var( --e-global-typography-text-font-size ); font-weight: var( --e-global-typography-text-font-weight ); text-align: var(--text-align);\">A l'int\u00e9rieur de la station, un transformateur \u00e0 huile d'une puissance nominale de <strong>1000 kVA<\/strong> est utilis\u00e9. Le transformateur est commutable et assure une conversion efficace entre la basse tension de 400 volts et la moyenne tension de 1020 kV. Cette flexibilit\u00e9 technique rend l'installation id\u00e9ale pour une utilisation dans le domaine de la mobilit\u00e9 \u00e9lectrique, car elle garantit une alimentation \u00e9lectrique fiable des stations de recharge.<\/span><\/p><p>En outre, la station est \u00e9quip\u00e9e d'une technique de protection et de r\u00e9gulation avanc\u00e9e. Le relais de protection Symap Compact+F3 surveille la station et s'assure qu'elle fonctionne de mani\u00e8re fiable, m\u00eame en cas de forte charge. La cellule de mesure est configur\u00e9e selon les sp\u00e9cifications de l'exploitant du r\u00e9seau, le transformateur de courant \u00e9tant plac\u00e9 en mode \"courant avant tension\" afin de garantir une d\u00e9tection pr\u00e9cise des flux de courant. Le disjoncteur basse tension int\u00e9gr\u00e9 NS1600 N 3P (400V\/1600A) assure une distribution stable du courant et prot\u00e8ge l'installation contre les surcharges. Tous les composants de la station de transformation ont \u00e9t\u00e9 exactement adapt\u00e9s les uns aux autres et r\u00e9pondent \u00e0 toutes les normes en vigueur, ce qui garantit un fonctionnement sans probl\u00e8me et en toute s\u00e9curit\u00e9 de l'installation. La dur\u00e9e totale du projet n'a \u00e9t\u00e9 que de 25 semaines, de la planification \u00e0 la livraison.<\/p><p>Notre station compacte de transformation sur mesure offre non seulement une solution d'avenir pour les exigences actuelles dans le domaine de la mobilit\u00e9 \u00e9lectrique, mais aussi la flexibilit\u00e9 n\u00e9cessaire pour pouvoir r\u00e9agir aux d\u00e9veloppements futurs. La station est un \u00e9l\u00e9ment central de <strong>Infrastructure de recharge<\/strong> et veille \u00e0 ce que les v\u00e9hicules \u00e9lectriques puissent \u00eatre charg\u00e9s de mani\u00e8re fiable et rapide.<\/p>\t\t\t\t\t\t\t\t<\/div>\n\t\t\t\t<\/div>\n\t\t\t\t<div class=\"elementor-element elementor-element-b29b928 elementor-widget elementor-widget-text-editor\" data-id=\"b29b928\" data-element_type=\"widget\" data-e-type=\"widget\" data-widget_type=\"text-editor.default\">\n\t\t\t\t<div class=\"elementor-widget-container\">\n\t\t\t\t\t\t\t\t\t<p>Gr\u00e2ce \u00e0 une planification pr\u00e9cise et une ex\u00e9cution de haute qualit\u00e9, la station de transformation sur le parking REWE \u00e0 Paderborn repr\u00e9sente un projet exemplaire et contribue activement \u00e0 la promotion de la mobilit\u00e9 \u00e9lectrique.<\/p>\t\t\t\t\t\t\t\t<\/div>\n\t\t\t\t<\/div>\n\t\t\t\t<div class=\"elementor-element elementor-element-4fce859 elementor-cta--skin-cover elementor-cta--valign-middle elementor-bg-transform elementor-bg-transform-zoom-in elementor-widget elementor-widget-call-to-action\" data-id=\"4fce859\" data-element_type=\"widget\" data-e-type=\"widget\" data-widget_type=\"call-to-action.default\">\n\t\t\t\t<div class=\"elementor-widget-container\">\n\t\t\t\t\t\t\t<div class=\"elementor-cta\">\n\t\t\t\t\t<div class=\"elementor-cta__bg-wrapper\">\n\t\t\t\t<div class=\"elementor-cta__bg elementor-bg\" style=\"background-image: url(https:\/\/faber-etec.de\/wp-content\/uploads\/sites\/3\/2024\/08\/trafo-e-mobilitaet-ladesaeulen-ladeinfrastruktur-elektrofahrzeuge-eauto-parkplatz-1024x655.webp);\" role=\"img\" aria-label=\"Station compacte Transformateur pour l&#039;e-mobilit\u00e9, infrastructure de station de recharge pour v\u00e9hicules \u00e9lectriques. . Cette station de transformation en b\u00e9ton offre une distribution d&#039;\u00e9nergie fiable pour les v\u00e9hicules \u00e9lectriques. La station de transformation robuste en b\u00e9ton garantit une alimentation efficace. Notre station compacte de transformateur est id\u00e9ale pour une utilisation dans les projets d&#039;e-mobilit\u00e9.\"><\/div>\n\t\t\t\t<div class=\"elementor-cta__bg-overlay\"><\/div>\n\t\t\t<\/div>\n\t\t\t\t\t\t\t<div class=\"elementor-cta__content\">\n\t\t\t\t\n\t\t\t\t\t\t\t\t\t<h4 class=\"elementor-cta__title elementor-cta__content-item elementor-content-item\">\n\t\t\t\t\t\tPostes de transformation pour <br> vos besoins en \u00e9nergie\t\t\t\t\t<\/h4>\n\t\t\t\t\n\t\t\t\t\n\t\t\t\t\t\t\t\t\t<div class=\"elementor-cta__button-wrapper elementor-cta__content-item elementor-content-item\">\n\t\t\t\t\t<a class=\"elementor-cta__button elementor-button elementor-size-\" href=\"https:\/\/faber-etec.de\/fr\/produits\/\" title=\"Produits - Notre station compacte\">\n\t\t\t\t\t\tNotre station compacte <i aria-hidden=\"true\" class=\"fas fa-angle-right\"><\/i>\t\t\t\t\t<\/a>\n\t\t\t\t\t<\/div>\n\t\t\t\t\t\t\t<\/div>\n\t\t\t\t\t\t<\/div>\n\t\t\t\t\t\t<\/div>\n\t\t\t\t<\/div>\n\t\t\t\t<div class=\"elementor-element elementor-element-70b2c11 elementor-widget elementor-widget-spacer\" data-id=\"70b2c11\" data-element_type=\"widget\" data-e-type=\"widget\" data-widget_type=\"spacer.default\">\n\t\t\t\t<div class=\"elementor-widget-container\">\n\t\t\t\t\t\t\t<div class=\"elementor-spacer\">\n\t\t\t<div class=\"elementor-spacer-inner\"><\/div>\n\t\t<\/div>\n\t\t\t\t\t\t<\/div>\n\t\t\t\t<\/div>\n\t\t\t\t<div class=\"elementor-element elementor-element-1f1d551 elementor-widget elementor-widget-heading\" data-id=\"1f1d551\" data-element_type=\"widget\" data-e-type=\"widget\" data-widget_type=\"heading.default\">\n\t\t\t\t<div class=\"elementor-widget-container\">\n\t\t\t\t\t<h3 class=\"elementor-heading-title elementor-size-default\">Site : De la puissance pour l'avenir<\/h3>\t\t\t\t<\/div>\n\t\t\t\t<\/div>\n\t\t\t\t<div class=\"elementor-element elementor-element-1441cd2 elementor-widget elementor-widget-heading\" data-id=\"1441cd2\" data-element_type=\"widget\" data-e-type=\"widget\" data-widget_type=\"heading.default\">\n\t\t\t\t<div class=\"elementor-widget-container\">\n\t\t\t\t\t<h3 class=\"elementor-heading-title elementor-size-default\">Le pivot de l'e-mobilit\u00e9 \u00e0 Paderborn<\/h3>\t\t\t\t<\/div>\n\t\t\t\t<\/div>\n\t\t\t\t<div class=\"elementor-element elementor-element-ad6f0dc elementor-widget elementor-widget-text-editor\" data-id=\"ad6f0dc\" data-element_type=\"widget\" data-e-type=\"widget\" data-widget_type=\"text-editor.default\">\n\t\t\t\t<div class=\"elementor-widget-container\">\n\t\t\t\t\t\t\t\t\t<p>Le poste de transformation a \u00e9t\u00e9 install\u00e9 sur le parking REWE \u00e0 <a href=\"https:\/\/de.wikipedia.org\/wiki\/Paderborn\" title=\"Paderborn - Paderborn\" target=\"_blank\" rel=\"noopener\">Paderborn<\/a> un point central pour l'\u00e9lectromobilit\u00e9 dans la r\u00e9gion. Paderborn, une ville situ\u00e9e \u00e0 l'est de la Rh\u00e9nanie-du-Nord-Westphalie, n'est pas seulement connue pour sa longue histoire et la cath\u00e9drale de Paderborn, mais aussi pour \u00eatre un site important pour l'informatique et la technologie. Gr\u00e2ce \u00e0 son excellente infrastructure, Paderborn offre des conditions optimales pour la mise en place d'infrastructures de recharge modernes.<\/p>\t\t\t\t\t\t\t\t<\/div>\n\t\t\t\t<\/div>\n\t\t\t\t<div class=\"elementor-element elementor-element-f9c2e5e elementor-widget elementor-widget-image\" data-id=\"f9c2e5e\" data-element_type=\"widget\" data-e-type=\"widget\" data-widget_type=\"image.default\">\n\t\t\t\t<div class=\"elementor-widget-container\">\n\t\t\t\t\t\t\t\t\t\t\t\t<figure class=\"wp-caption\">\n\t\t\t\t\t\t\t\t\t\t<img decoding=\"async\" src=\"https:\/\/faber-etec.de\/wp-content\/uploads\/sites\/3\/elementor\/thumbs\/Wasserschloss-Schloss-Neuhaus-in-Paderborn-Westfalen-Von-mojolo-scaled-qvxj8d1a5aga7syy77thxd90a1w1jhazfh4vxjgn0c.jpeg\" title=\"Ch\u00e2teau Neuhaus \u00e0 Paderborn, Westphalie\" alt=\"Ch\u00e2teau Neuhaus \u00e0 Paderborn, Westphalie\" loading=\"lazy\" \/>\t\t\t\t\t\t\t\t\t\t\t<figcaption class=\"widget-image-caption wp-caption-text\">\u00a9 mojolo | Moritz Loew 2012<\/figcaption>\n\t\t\t\t\t\t\t\t\t\t<\/figure>\n\t\t\t\t\t\t\t\t\t<\/div>\n\t\t\t\t<\/div>\n\t\t\t\t<div class=\"elementor-element elementor-element-4b4b062 elementor-widget elementor-widget-text-editor\" data-id=\"4b4b062\" data-element_type=\"widget\" data-e-type=\"widget\" data-widget_type=\"text-editor.default\">\n\t\t\t\t<div class=\"elementor-widget-container\">\n\t\t\t\t\t\t\t\t\t<p>Le site\u00a0<a href=\"https:\/\/www.rewe.de\/\" title=\" - Supermarch\u00e9 REWE\" target=\"_blank\" rel=\"noopener\">Supermarch\u00e9 REWE<\/a>\u00a0\u00e0 Paderborn fait partie de l'une des plus grandes cha\u00eenes de supermarch\u00e9s d'Allemagne. En installant la station de transformation sur son parking, REWE contribue activement \u00e0 la promotion de l'\u00e9lectromobilit\u00e9 en permettant aux clients de recharger leur v\u00e9hicule pendant leurs achats. L'emplacement est id\u00e9al, car les supermarch\u00e9s REWE sont quotidiennement fr\u00e9quent\u00e9s par de nombreux automobilistes, ce qui maximise l'utilisation de la station de recharge.<\/p><p>Outre son excellente accessibilit\u00e9, le site est \u00e9galement tr\u00e8s bien desservi en termes d'infrastructures. L'alimentation en \u00e9lectricit\u00e9 est assur\u00e9e par l'op\u00e9rateur r\u00e9gional\u00a0<a href=\"https:\/\/www.ww-netz.com\/\" title=\" - Westfalen Weser Netz GmbH\" target=\"_blank\" rel=\"noopener\">Westfalen Weser Netz GmbH<\/a>\u00a0qui est r\u00e9put\u00e9 dans la r\u00e9gion pour la fiabilit\u00e9 et la stabilit\u00e9 de son approvisionnement en \u00e9lectricit\u00e9. Gr\u00e2ce \u00e0 la connexion \u00e0 la zone de r\u00e9gulation de\u00a0<a href=\"https:\/\/www.tennet.eu\/de\" title=\"Fr - TenneT TSO GmbH\" target=\"_blank\" rel=\"noopener\">TenneT TSO GmbH<\/a>Gr\u00e2ce \u00e0 l'utilisation de l'\u00e9lectricit\u00e9 produite par l'un des plus grands gestionnaires de r\u00e9seau de transport d'Europe, l'approvisionnement en \u00e9lectricit\u00e9 est assur\u00e9 m\u00eame en p\u00e9riode de forte demande.<\/p><p>Le choix du site souligne l'importance croissante de la mobilit\u00e9 durable dans les zones urbaines et montre l'importance de l'infrastructure de recharge dans des lieux centraux tels que les supermarch\u00e9s pour l'avenir de la mobilit\u00e9 \u00e9lectrique.<\/p>\t\t\t\t\t\t\t\t<\/div>\n\t\t\t\t<\/div>\n\t\t<div class=\"elementor-element elementor-element-a8beb71 e-flex e-con-boxed e-con e-child\" data-id=\"a8beb71\" data-element_type=\"container\" data-e-type=\"container\">\n\t\t\t\t\t<div class=\"e-con-inner\">\n\t\t\t\t<div class=\"elementor-element elementor-element-84cfa2d elementor-widget elementor-widget-button\" data-id=\"84cfa2d\" data-element_type=\"widget\" data-e-type=\"widget\" data-widget_type=\"button.default\">\n\t\t\t\t<div class=\"elementor-widget-container\">\n\t\t\t\t\t\t\t\t\t<div class=\"elementor-button-wrapper\">\n\t\t\t\t\t<a class=\"elementor-button elementor-button-link elementor-size-sm\" href=\"https:\/\/maps.app.goo.gl\/MQkXLDmfA4gd52ob8\" title=\"MQkXLDmfA4gd52ob8 - Ouvrir la carte Google\" target=\"_blank\" rel=\"noopener\">\n\t\t\t\t\t\t<span class=\"elementor-button-content-wrapper\">\n\t\t\t\t\t\t<span class=\"elementor-button-icon\">\n\t\t\t\t<i aria-hidden=\"true\" class=\"fas fa-map-marker-alt\"><\/i>\t\t\t<\/span>\n\t\t\t\t\t\t\t\t\t<span class=\"elementor-button-text\">Ouvrir la carte Google<\/span>\n\t\t\t\t\t<\/span>\n\t\t\t\t\t<\/a>\n\t\t\t\t<\/div>\n\t\t\t\t\t\t\t\t<\/div>\n\t\t\t\t<\/div>\n\t\t\t\t\t<\/div>\n\t\t\t\t<\/div>\n\t\t\t\t<div class=\"elementor-element elementor-element-4e25da7 elementor-widget-divider--view-line elementor-widget elementor-widget-divider\" data-id=\"4e25da7\" data-element_type=\"widget\" data-e-type=\"widget\" data-widget_type=\"divider.default\">\n\t\t\t\t<div class=\"elementor-widget-container\">\n\t\t\t\t\t\t\t<div class=\"elementor-divider\">\n\t\t\t<span class=\"elementor-divider-separator\">\n\t\t\t\t\t\t<\/span>\n\t\t<\/div>\n\t\t\t\t\t\t<\/div>\n\t\t\t\t<\/div>\n\t\t\t\t<div class=\"elementor-element elementor-element-6f872df elementor-widget elementor-widget-heading\" data-id=\"6f872df\" data-element_type=\"widget\" data-e-type=\"widget\" data-widget_type=\"heading.default\">\n\t\t\t\t<div class=\"elementor-widget-container\">\n\t\t\t\t\t<h3 class=\"elementor-heading-title elementor-size-default\">Mot de la fin<\/h3>\t\t\t\t<\/div>\n\t\t\t\t<\/div>\n\t\t\t\t<div class=\"elementor-element elementor-element-8b87f1c elementor-widget elementor-widget-heading\" data-id=\"8b87f1c\" data-element_type=\"widget\" data-e-type=\"widget\" data-widget_type=\"heading.default\">\n\t\t\t\t<div class=\"elementor-widget-container\">\n\t\t\t\t\t<h4 class=\"elementor-heading-title elementor-size-default\">L'\u00e9nergie durable pour demain : les stations de transformation individuelles, la cl\u00e9 de l'\u00e9lectromobilit\u00e9<\/h4>\t\t\t\t<\/div>\n\t\t\t\t<\/div>\n\t\t\t\t<div class=\"elementor-element elementor-element-72b0524 elementor-widget elementor-widget-text-editor\" data-id=\"72b0524\" data-element_type=\"widget\" data-e-type=\"widget\" data-widget_type=\"text-editor.default\">\n\t\t\t\t<div class=\"elementor-widget-container\">\n\t\t\t\t\t\t\t\t\t<p>Ce projet montre comment des postes de transformation bien pens\u00e9s et adapt\u00e9s individuellement peuvent contribuer \u00e0 la promotion de la mobilit\u00e9 \u00e9lectrique. Avec la mise en \u0153uvre r\u00e9ussie sur le parking REWE \u00e0 Paderborn, nous ne contribuons pas seulement \u00e0 une infrastructure \u00e9nerg\u00e9tique moderne, mais aussi \u00e0 la promotion d'un avenir durable.<\/p>\t\t\t\t\t\t\t\t<\/div>\n\t\t\t\t<\/div>\n\t\t\t\t<div class=\"elementor-element elementor-element-236a067 elementor-widget-divider--view-line elementor-widget elementor-widget-divider\" data-id=\"236a067\" data-element_type=\"widget\" data-e-type=\"widget\" data-widget_type=\"divider.default\">\n\t\t\t\t<div class=\"elementor-widget-container\">\n\t\t\t\t\t\t\t<div class=\"elementor-divider\">\n\t\t\t<span class=\"elementor-divider-separator\">\n\t\t\t\t\t\t<\/span>\n\t\t<\/div>\n\t\t\t\t\t\t<\/div>\n\t\t\t\t<\/div>\n\t\t\t\t<div class=\"elementor-element elementor-element-f9d0108 elementor-widget elementor-widget-heading\" data-id=\"f9d0108\" data-element_type=\"widget\" data-e-type=\"widget\" data-widget_type=\"heading.default\">\n\t\t\t\t<div class=\"elementor-widget-container\">\n\t\t\t\t\t<h2 class=\"elementor-heading-title elementor-size-default\">Vous planifiez votre propre projet d'e-mobilit\u00e9 ? <\/h2>\t\t\t\t<\/div>\n\t\t\t\t<\/div>\n\t\t\t\t<div class=\"elementor-element elementor-element-c567992 elementor-widget elementor-widget-heading\" data-id=\"c567992\" data-element_type=\"widget\" data-e-type=\"widget\" data-widget_type=\"heading.default\">\n\t\t\t\t<div class=\"elementor-widget-container\">\n\t\t\t\t\t<h3 class=\"elementor-heading-title elementor-size-default\">Nous avons la solution ad\u00e9quate !<\/h3>\t\t\t\t<\/div>\n\t\t\t\t<\/div>\n\t\t\t\t<div class=\"elementor-element elementor-element-d992556 elementor-widget elementor-widget-text-editor\" data-id=\"d992556\" data-element_type=\"widget\" data-e-type=\"widget\" data-widget_type=\"text-editor.default\">\n\t\t\t\t<div class=\"elementor-widget-container\">\n\t\t\t\t\t\t\t\t\t<p>Que ce soit pour les supermarch\u00e9s, les entreprises ou les parkings publics, nos stations de transformation compactes sur mesure sont la solution parfaite pour vos projets d'e-mobilit\u00e9. Gr\u00e2ce \u00e0 notre longue exp\u00e9rience dans la planification, la fabrication et l'installation, nous vous proposons des stations de transformation individuelles qui r\u00e9pondent exactement \u00e0 vos exigences.<\/p><p>De l'alimentation \u00e9lectrique fiable \u00e0 la technique de protection et de contr\u00f4le moderne : nos solutions sont \u00e0 l'\u00e9preuve du temps et contribuent largement \u00e0 une infrastructure durable. Faites confiance \u00e0 notre comp\u00e9tence et faisons avancer ensemble l'\u00e9lectromobilit\u00e9.<\/p><p>Contactez-nous d\u00e8s aujourd'hui et d\u00e9couvrez comment nous pouvons \u00e9galement soutenir votre projet gr\u00e2ce \u00e0 notre technologie innovante !<\/p>\t\t\t\t\t\t\t\t<\/div>\n\t\t\t\t<\/div>\n\t\t<div class=\"elementor-element elementor-element-56bbc6c e-flex e-con-boxed e-con e-child\" data-id=\"56bbc6c\" data-element_type=\"container\" data-e-type=\"container\">\n\t\t\t\t\t<div class=\"e-con-inner\">\n\t\t\t\t<div class=\"elementor-element elementor-element-470d7d9 elementor-widget elementor-widget-button\" data-id=\"470d7d9\" data-element_type=\"widget\" data-e-type=\"widget\" data-widget_type=\"button.default\">\n\t\t\t\t<div class=\"elementor-widget-container\">\n\t\t\t\t\t\t\t\t\t<div class=\"elementor-button-wrapper\">\n\t\t\t\t\t<a class=\"elementor-button elementor-button-link elementor-size-sm\" href=\"https:\/\/faber-etec.de\/fr\/e-mobilite\/#produktanfrage\" title=\"E Mobilitaet - Envoyer une demande\">\n\t\t\t\t\t\t<span class=\"elementor-button-content-wrapper\">\n\t\t\t\t\t\t<span class=\"elementor-button-icon\">\n\t\t\t\t<i aria-hidden=\"true\" class=\"fas fa-arrow-right\"><\/i>\t\t\t<\/span>\n\t\t\t\t\t\t\t\t\t<span class=\"elementor-button-text\">Anfragen senden<\/span>\n\t\t\t\t\t<\/span>\n\t\t\t\t\t<\/a>\n\t\t\t\t<\/div>\n\t\t\t\t\t\t\t\t<\/div>\n\t\t\t\t<\/div>\n\t\t\t\t<div class=\"elementor-element elementor-element-66c1f37 elementor-widget elementor-widget-button\" data-id=\"66c1f37\" data-element_type=\"widget\" data-e-type=\"widget\" data-widget_type=\"button.default\">\n\t\t\t\t<div class=\"elementor-widget-container\">\n\t\t\t\t\t\t\t\t\t<div class=\"elementor-button-wrapper\">\n\t\t\t\t\t<a class=\"elementor-button elementor-button-link elementor-size-sm\" href=\"https:\/\/faber-etec.de\/fr\/e-mobilite\/\" title=\"E Mobilitaet - En savoir plus sur l&#039;e-mobilit\u00e9\">\n\t\t\t\t\t\t<span class=\"elementor-button-content-wrapper\">\n\t\t\t\t\t\t<span class=\"elementor-button-icon\">\n\t\t\t\t<i aria-hidden=\"true\" class=\"fas fa-arrow-right\"><\/i>\t\t\t<\/span>\n\t\t\t\t\t\t\t\t\t<span class=\"elementor-button-text\">En savoir plus sur l'e-mobilit\u00e9<\/span>\n\t\t\t\t\t<\/span>\n\t\t\t\t\t<\/a>\n\t\t\t\t<\/div>\n\t\t\t\t\t\t\t\t<\/div>\n\t\t\t\t<\/div>\n\t\t\t\t\t<\/div>\n\t\t\t\t<\/div>\n\t\t\t\t<\/div>\n\t\t\t\t<\/div>","protected":false},"excerpt":{"rendered":"<p>Notre station compacte de transformation sur mesure \u00e0 Paderborn soutient la charge simultan\u00e9e de huit voitures \u00e9lectriques sur le parking d'un supermarch\u00e9. Gr\u00e2ce \u00e0 une technique innovante et \u00e0 une planification parfaitement adapt\u00e9e, nous contribuons activement \u00e0 une \u00e9lectromobilit\u00e9 durable.<\/p>","protected":false},"author":2,"featured_media":13672,"comment_status":"closed","ping_status":"open","sticky":false,"template":"","format":"standard","meta":{"_acf_changed":false,"footnotes":""},"categories":[9],"tags":[66,37],"class_list":["post-13653","post","type-post","status-publish","format-standard","has-post-thumbnail","hentry","category-projekte","tag-paderborn","tag-trafostation"],"acf":[],"_links":{"self":[{"href":"https:\/\/faber-etec.de\/fr\/wp-json\/wp\/v2\/posts\/13653","targetHints":{"allow":["GET"]}}],"collection":[{"href":"https:\/\/faber-etec.de\/fr\/wp-json\/wp\/v2\/posts"}],"about":[{"href":"https:\/\/faber-etec.de\/fr\/wp-json\/wp\/v2\/types\/post"}],"author":[{"embeddable":true,"href":"https:\/\/faber-etec.de\/fr\/wp-json\/wp\/v2\/users\/2"}],"replies":[{"embeddable":true,"href":"https:\/\/faber-etec.de\/fr\/wp-json\/wp\/v2\/comments?post=13653"}],"version-history":[{"count":9,"href":"https:\/\/faber-etec.de\/fr\/wp-json\/wp\/v2\/posts\/13653\/revisions"}],"predecessor-version":[{"id":16230,"href":"https:\/\/faber-etec.de\/fr\/wp-json\/wp\/v2\/posts\/13653\/revisions\/16230"}],"wp:featuredmedia":[{"embeddable":true,"href":"https:\/\/faber-etec.de\/fr\/wp-json\/wp\/v2\/media\/13672"}],"wp:attachment":[{"href":"https:\/\/faber-etec.de\/fr\/wp-json\/wp\/v2\/media?parent=13653"}],"wp:term":[{"taxonomy":"category","embeddable":true,"href":"https:\/\/faber-etec.de\/fr\/wp-json\/wp\/v2\/categories?post=13653"},{"taxonomy":"post_tag","embeddable":true,"href":"https:\/\/faber-etec.de\/fr\/wp-json\/wp\/v2\/tags?post=13653"}],"curies":[{"name":"wp","href":"https:\/\/api.w.org\/{rel}","templated":true}]}}