{"id":14370,"date":"2024-11-07T21:27:24","date_gmt":"2024-11-07T20:27:24","guid":{"rendered":"https:\/\/faber-etec.de\/?p=14370"},"modified":"2024-11-17T00:49:22","modified_gmt":"2024-11-16T23:49:22","slug":"pv-aufdachanlage-dortmund-trafostationen","status":"publish","type":"post","link":"https:\/\/faber-etec.de\/fr\/news\/pv-aufdachanlage-dortmund-trafostationen\/","title":{"rendered":"D\u00e9marrage d'une installation photovolta\u00efque sur toiture \u00e0 Dortmund"},"content":{"rendered":"<div data-elementor-type=\"wp-post\" data-elementor-id=\"14370\" class=\"elementor elementor-14370\" data-elementor-post-type=\"post\">\n\t\t\t\t<div class=\"elementor-element elementor-element-94dd862 e-flex e-con-boxed e-con e-parent\" data-id=\"94dd862\" data-element_type=\"container\" data-e-type=\"container\">\n\t\t\t\t\t<div class=\"e-con-inner\">\n\t\t\t\t<div class=\"elementor-element elementor-element-d0aba11 elementor-widget elementor-widget-heading\" data-id=\"d0aba11\" data-element_type=\"widget\" data-e-type=\"widget\" data-widget_type=\"heading.default\">\n\t\t\t\t<div class=\"elementor-widget-container\">\n\t\t\t\t\t<h2 class=\"elementor-heading-title elementor-size-default\">Faber Solartechnik et Faber E-Tec r\u00e9alisent des projets durables de PV et de transformateurs - m\u00eame en automne<\/h2>\t\t\t\t<\/div>\n\t\t\t\t<\/div>\n\t\t\t\t<div class=\"elementor-element elementor-element-53ca6a4 elementor-widget elementor-widget-text-editor\" data-id=\"53ca6a4\" data-element_type=\"widget\" data-e-type=\"widget\" data-widget_type=\"text-editor.default\">\n\t\t\t\t<div class=\"elementor-widget-container\">\n\t\t\t\t\t\t\t\t\t<p>Faber Solartechnik et Faber E-Tec poursuivent leurs projets durables de PV et de transformateurs en automne et assurent un approvisionnement \u00e9nerg\u00e9tique fiable, quelle que soit la saison, gr\u00e2ce \u00e0 des solutions performantes.<\/p>\t\t\t\t\t\t\t\t<\/div>\n\t\t\t\t<\/div>\n\t\t\t\t<div class=\"elementor-element elementor-element-e3d25ea elementor-widget elementor-widget-text-editor\" data-id=\"e3d25ea\" data-element_type=\"widget\" data-e-type=\"widget\" data-widget_type=\"text-editor.default\">\n\t\t\t\t<div class=\"elementor-widget-container\">\n\t\t\t\t\t\t\t\t\t<p>Les feuilles color\u00e9es commencent \u00e0 tomber des arbres et c'est le moment o\u00f9 l'on pr\u00e9f\u00e8re rester \u00e0 l'int\u00e9rieur. Mais quel que soit le temps\u00a0<a href=\"https:\/\/faber-solartechnik.de\/\" title=\" - Faber Technique solaire\" target=\"_blank\" rel=\"noopener\">Faber Technique solaire<\/a>\u00a0et <a title=\"Qui sommes-nous ?\" href=\"https:\/\/faber-etec.de\/fr\/entreprise\/\" target=\"_blank\" rel=\"noopener\">Faber E-Tec - Postes de transformation<\/a> sont toujours pr\u00eats \u00e0 cr\u00e9er des solutions innovantes pour l'approvisionnement en \u00e9nergie. M\u00eame en cet automne dor\u00e9, l'installation d'un syst\u00e8me photovolta\u00efque \u00e0 grande \u00e9chelle est en cours \u00e0 Dortmund. Un coup d'\u0153il sur les toits montre non seulement la beaut\u00e9 de la saison, mais aussi comment l'\u00e9nergie solaire est rendue utilisable gr\u00e2ce \u00e0 une technique ultramoderne.<\/p>\t\t\t\t\t\t\t\t<\/div>\n\t\t\t\t<\/div>\n\t\t\t\t<div class=\"elementor-element elementor-element-ba975b3 elementor-widget__width-initial elementor-widget elementor-widget-gallery\" data-id=\"ba975b3\" data-element_type=\"widget\" data-e-type=\"widget\" data-settings=\"{&quot;gallery_layout&quot;:&quot;justified&quot;,&quot;ideal_row_height_mobile&quot;:{&quot;unit&quot;:&quot;px&quot;,&quot;size&quot;:115,&quot;sizes&quot;:[]},&quot;lazyload&quot;:&quot;yes&quot;,&quot;ideal_row_height&quot;:{&quot;unit&quot;:&quot;px&quot;,&quot;size&quot;:200,&quot;sizes&quot;:[]},&quot;ideal_row_height_laptop&quot;:{&quot;unit&quot;:&quot;px&quot;,&quot;size&quot;:150,&quot;sizes&quot;:[]},&quot;ideal_row_height_tablet_extra&quot;:{&quot;unit&quot;:&quot;px&quot;,&quot;size&quot;:150,&quot;sizes&quot;:[]},&quot;ideal_row_height_tablet&quot;:{&quot;unit&quot;:&quot;px&quot;,&quot;size&quot;:150,&quot;sizes&quot;:[]},&quot;gap&quot;:{&quot;unit&quot;:&quot;px&quot;,&quot;size&quot;:10,&quot;sizes&quot;:[]},&quot;gap_laptop&quot;:{&quot;unit&quot;:&quot;px&quot;,&quot;size&quot;:10,&quot;sizes&quot;:[]},&quot;gap_tablet_extra&quot;:{&quot;unit&quot;:&quot;px&quot;,&quot;size&quot;:10,&quot;sizes&quot;:[]},&quot;gap_tablet&quot;:{&quot;unit&quot;:&quot;px&quot;,&quot;size&quot;:10,&quot;sizes&quot;:[]},&quot;gap_mobile&quot;:{&quot;unit&quot;:&quot;px&quot;,&quot;size&quot;:10,&quot;sizes&quot;:[]},&quot;overlay_background&quot;:&quot;yes&quot;,&quot;content_hover_animation&quot;:&quot;fade-in&quot;}\" data-widget_type=\"gallery.default\">\n\t\t\t\t<div class=\"elementor-widget-container\">\n\t\t\t\t\t\t\t<div class=\"elementor-gallery__container\">\n\t\t\t\t\t\t\t<div class=\"e-gallery-item elementor-gallery-item elementor-animated-content\">\n\t\t\t\t\t<div class=\"e-gallery-image elementor-gallery-item__image\" data-thumbnail=\"https:\/\/faber-etec.de\/wp-content\/uploads\/sites\/3\/2024\/11\/13-Photovoltaik-Trafostation-Kompaktstation-Dortmund-Aufdach-OKT-2024-768x512.avif\" data-width=\"768\" data-height=\"512\" aria-label=\"Installation d&#039;un poste de transformation pour une installation PV en Rh\u00e9nanie-du-Nord-Westphalie pour l&#039;alimentation en \u00e9nergie solaire\" role=\"img\" ><\/div>\n\t\t\t\t\t\t\t\t\t\t\t<div class=\"elementor-gallery-item__overlay\"><\/div>\n\t\t\t\t\t\t\t\t\t\t\t\t\t\t<\/div>\n\t\t\t\t\t\t\t<div class=\"e-gallery-item elementor-gallery-item elementor-animated-content\">\n\t\t\t\t\t<div class=\"e-gallery-image elementor-gallery-item__image\" data-thumbnail=\"https:\/\/faber-etec.de\/wp-content\/uploads\/sites\/3\/2024\/11\/14-Photovoltaik-Trafostation-Kompaktstation-Dortmund-Aufdach-OKT-2024-768x512.avif\" data-width=\"768\" data-height=\"512\" aria-label=\"Installation d&#039;un poste de transformation pour une installation PV en Rh\u00e9nanie-du-Nord-Westphalie pour l&#039;alimentation en \u00e9nergie solaire\" role=\"img\" ><\/div>\n\t\t\t\t\t\t\t\t\t\t\t<div class=\"elementor-gallery-item__overlay\"><\/div>\n\t\t\t\t\t\t\t\t\t\t\t\t\t\t<\/div>\n\t\t\t\t\t<\/div>\n\t\t\t\t\t<\/div>\n\t\t\t\t<\/div>\n\t\t\t\t<div class=\"elementor-element elementor-element-98b34b3 elementor-widget elementor-widget-gallery\" data-id=\"98b34b3\" data-element_type=\"widget\" data-e-type=\"widget\" data-settings=\"{&quot;gallery_layout&quot;:&quot;justified&quot;,&quot;lazyload&quot;:&quot;yes&quot;,&quot;ideal_row_height&quot;:{&quot;unit&quot;:&quot;px&quot;,&quot;size&quot;:200,&quot;sizes&quot;:[]},&quot;ideal_row_height_laptop&quot;:{&quot;unit&quot;:&quot;px&quot;,&quot;size&quot;:150,&quot;sizes&quot;:[]},&quot;ideal_row_height_tablet_extra&quot;:{&quot;unit&quot;:&quot;px&quot;,&quot;size&quot;:150,&quot;sizes&quot;:[]},&quot;ideal_row_height_tablet&quot;:{&quot;unit&quot;:&quot;px&quot;,&quot;size&quot;:150,&quot;sizes&quot;:[]},&quot;ideal_row_height_mobile&quot;:{&quot;unit&quot;:&quot;px&quot;,&quot;size&quot;:150,&quot;sizes&quot;:[]},&quot;gap&quot;:{&quot;unit&quot;:&quot;px&quot;,&quot;size&quot;:10,&quot;sizes&quot;:[]},&quot;gap_laptop&quot;:{&quot;unit&quot;:&quot;px&quot;,&quot;size&quot;:10,&quot;sizes&quot;:[]},&quot;gap_tablet_extra&quot;:{&quot;unit&quot;:&quot;px&quot;,&quot;size&quot;:10,&quot;sizes&quot;:[]},&quot;gap_tablet&quot;:{&quot;unit&quot;:&quot;px&quot;,&quot;size&quot;:10,&quot;sizes&quot;:[]},&quot;gap_mobile&quot;:{&quot;unit&quot;:&quot;px&quot;,&quot;size&quot;:10,&quot;sizes&quot;:[]},&quot;overlay_background&quot;:&quot;yes&quot;,&quot;content_hover_animation&quot;:&quot;fade-in&quot;}\" data-widget_type=\"gallery.default\">\n\t\t\t\t<div class=\"elementor-widget-container\">\n\t\t\t\t\t\t\t<div class=\"elementor-gallery__container\">\n\t\t\t\t\t\t\t<div class=\"e-gallery-item elementor-gallery-item elementor-animated-content\">\n\t\t\t\t\t<div class=\"e-gallery-image elementor-gallery-item__image\" data-thumbnail=\"https:\/\/faber-etec.de\/wp-content\/uploads\/sites\/3\/2024\/11\/05-Photovoltaik-Trafostation-Kompaktstation-Dortmund-Aufdach-OKT-2024-768x1152.avif\" data-width=\"768\" data-height=\"1152\" aria-label=\"Stations en b\u00e9ton pour le fonctionnement s\u00fbr du transformateur et de la station de transformation pour les installations solaires, station compacte de transformation pour station de transformation solaire et station solaire en automne en Rh\u00e9nanie-du-Nord-Westphalie\" role=\"img\" ><\/div>\n\t\t\t\t\t\t\t\t\t\t\t<div class=\"elementor-gallery-item__overlay\"><\/div>\n\t\t\t\t\t\t\t\t\t\t\t\t\t\t<\/div>\n\t\t\t\t\t\t\t<div class=\"e-gallery-item elementor-gallery-item elementor-animated-content\">\n\t\t\t\t\t<div class=\"e-gallery-image elementor-gallery-item__image\" data-thumbnail=\"https:\/\/faber-etec.de\/wp-content\/uploads\/sites\/3\/2024\/11\/08-Photovoltaik-Trafostation-Kompaktstation-Dortmund-Aufdach-OKT-2024-768x464.avif\" data-width=\"768\" data-height=\"464\" aria-label=\"Transformateur de moyenne tension pour le raccordement d&#039;une installation photovolta\u00efque au r\u00e9seau \u00e9lectrique\" role=\"img\" ><\/div>\n\t\t\t\t\t\t\t\t\t\t\t<div class=\"elementor-gallery-item__overlay\"><\/div>\n\t\t\t\t\t\t\t\t\t\t\t\t\t\t<\/div>\n\t\t\t\t\t\t\t<div class=\"e-gallery-item elementor-gallery-item elementor-animated-content\">\n\t\t\t\t\t<div class=\"e-gallery-image elementor-gallery-item__image\" data-thumbnail=\"https:\/\/faber-etec.de\/wp-content\/uploads\/sites\/3\/2024\/11\/03-Photovoltaik-Trafostation-Kompaktstation-Dortmund-Aufdach-OKT-2024-768x512.avif\" data-width=\"768\" data-height=\"512\" aria-label=\"Installation photovolta\u00efque avec station de transformation et station compacte de transformation de Faber E-Tec \u00e0 Dortmund\" role=\"img\" ><\/div>\n\t\t\t\t\t\t\t\t\t\t\t<div class=\"elementor-gallery-item__overlay\"><\/div>\n\t\t\t\t\t\t\t\t\t\t\t\t\t\t<\/div>\n\t\t\t\t\t\t\t<div class=\"e-gallery-item elementor-gallery-item elementor-animated-content\">\n\t\t\t\t\t<div class=\"e-gallery-image elementor-gallery-item__image\" data-thumbnail=\"https:\/\/faber-etec.de\/wp-content\/uploads\/sites\/3\/2024\/11\/02-Photovoltaik-Trafostation-Kompaktstation-Dortmund-Aufdach-OKT-2024-768x512.avif\" data-width=\"768\" data-height=\"512\" aria-label=\"Transformateur compact pour la transformation de la tension du r\u00e9seau pour l&#039;installation photovolta\u00efque\" role=\"img\" ><\/div>\n\t\t\t\t\t\t\t\t\t\t\t<div class=\"elementor-gallery-item__overlay\"><\/div>\n\t\t\t\t\t\t\t\t\t\t\t\t\t\t<\/div>\n\t\t\t\t\t\t\t<div class=\"e-gallery-item elementor-gallery-item elementor-animated-content\">\n\t\t\t\t\t<div class=\"e-gallery-image elementor-gallery-item__image\" data-thumbnail=\"https:\/\/faber-etec.de\/wp-content\/uploads\/sites\/3\/2024\/11\/07-Photovoltaik-Trafostation-Kompaktstation-Dortmund-Aufdach-OKT-2024-768x1152.avif\" data-width=\"768\" data-height=\"1152\" aria-label=\"Faber E-Tec Transfo Station compacte pour installations photovolta\u00efques en Allemagne\" role=\"img\" ><\/div>\n\t\t\t\t\t\t\t\t\t\t\t<div class=\"elementor-gallery-item__overlay\"><\/div>\n\t\t\t\t\t\t\t\t\t\t\t\t\t\t<\/div>\n\t\t\t\t\t\t\t<div class=\"e-gallery-item elementor-gallery-item elementor-animated-content\">\n\t\t\t\t\t<div class=\"e-gallery-image elementor-gallery-item__image\" data-thumbnail=\"https:\/\/faber-etec.de\/wp-content\/uploads\/sites\/3\/2024\/11\/04-Photovoltaik-Trafostation-Kompaktstation-Dortmund-Aufdach-OKT-2024-768x512.avif\" data-width=\"768\" data-height=\"512\" aria-label=\"Installation photovolta\u00efque automnale sur le toit avec poste de transformation pour une alimentation \u00e9lectrique efficace\" role=\"img\" ><\/div>\n\t\t\t\t\t\t\t\t\t\t\t<div class=\"elementor-gallery-item__overlay\"><\/div>\n\t\t\t\t\t\t\t\t\t\t\t\t\t\t<\/div>\n\t\t\t\t\t<\/div>\n\t\t\t\t\t<\/div>\n\t\t\t\t<\/div>\n\t\t\t\t<div class=\"elementor-element elementor-element-bf05b5f elementor-widget elementor-widget-text-editor\" data-id=\"bf05b5f\" data-element_type=\"widget\" data-e-type=\"widget\" data-widget_type=\"text-editor.default\">\n\t\t\t\t<div class=\"elementor-widget-container\">\n\t\t\t\t\t\t\t\t\t<p>Pour ce projet, Faber Solartechnik se charge de la mise en place des\u00a0<a href=\"https:\/\/faber-solartechnik.de\/epc\/\" title=\"Epc - Installation photovolta\u00efque\" target=\"_blank\" rel=\"noopener\">Installation photovolta\u00efque<\/a>La production d'\u00e9lectricit\u00e9 est un processus efficace qui permet de produire de l'\u00e9lectricit\u00e9 et de l'utiliser. Le site <strong>Poste de transformation<\/strong>\u00a0\/\u00a0<a href=\"https:\/\/faber-etec.de\/fr\/station-compacte\/\" title=\"Station compacte - Transformateur Station compacte\">Transformateur station compacte<\/a>Les syst\u00e8mes d'alimentation \u00e9lectrique, fournis par Faber E-Tec, sont des \u00e9l\u00e9ments essentiels de l'infrastructure. Ils garantissent que l'\u00e9nergie solaire produite est inject\u00e9e dans le r\u00e9seau de mani\u00e8re s\u00fbre et efficace. Dans un projet de cette envergure, les stations compactes de transformation jouent un r\u00f4le d\u00e9cisif pour assurer le bon fonctionnement et la haute performance de l'installation.<\/p><p>Mais <strong>que fait un transformateur<\/strong> exactement ? Les stations compactes de transformation et les stations de transformation sont responsables de mani\u00e8re d\u00e9cisive de la transformation de l'\u00e9nergie produite \u00e0 la moyenne tension n\u00e9cessaire et de son int\u00e9gration dans le r\u00e9seau d'alimentation. Que ce soit <strong>Transformateur de moyenne tension<\/strong>, <strong>Poste de transformation<\/strong> ou des stations en b\u00e9ton - en tant que fabricant exp\u00e9riment\u00e9, Faber E-Tec mise sur une technique \u00e9prouv\u00e9e et des solutions innovantes, sp\u00e9cialement con\u00e7ues pour les installations photovolta\u00efques comme celle-ci \u00e0 <strong>NRW<\/strong> ont \u00e9t\u00e9 d\u00e9velopp\u00e9s.<\/p><p><strong>Toiture industrielle <\/strong>Installation PV<strong>: <\/strong>Faber Solartechnik et Faber E-Tec agissent avec leur savoir-faire dans toute l'Allemagne et sont aussi particuli\u00e8rement demand\u00e9s en Rh\u00e9nanie-du-Nord-Westphalie lorsqu'il s'agit de projets \u00e9nerg\u00e9tiques durables. En particulier <strong>Stations en b\u00e9ton<\/strong>Les produits utilis\u00e9s ici sont stables et durables, et offrent la s\u00e9curit\u00e9 n\u00e9cessaire pour les enfants. <strong>Puissances des transformateurs<\/strong>comme cela est n\u00e9cessaire pour les installations solaires. La combinaison de <strong>Transformateur solaire<\/strong> et station de transformation montre comment l'\u00e9lectricit\u00e9 solaire est mise \u00e0 disposition de mani\u00e8re fiable, du soleil \u00e0 la prise de courant.<\/p>\t\t\t\t\t\t\t\t<\/div>\n\t\t\t\t<\/div>\n\t\t\t\t<div class=\"elementor-element elementor-element-d8aa080 elementor-widget elementor-widget-image\" data-id=\"d8aa080\" data-element_type=\"widget\" data-e-type=\"widget\" data-widget_type=\"image.default\">\n\t\t\t\t<div class=\"elementor-widget-container\">\n\t\t\t\t\t\t\t\t\t\t\t\t\t\t\t\t<a href=\"https:\/\/faber-etec.de\/wp-content\/uploads\/sites\/3\/2024\/11\/15-Photovoltaik-Trafostation-Kompaktstation-Dortmund-Aufdach-OKT-2024.avif\" title=\"15 Station de transformation photovolta\u00efque Station compacte Dortmund sur toiture OKT 2024.avif - \" data-elementor-open-lightbox=\"yes\" data-e-action-hash=\"#elementor-action%3Aaction%3Dlightbox%26settings%3DeyJpZCI6MTQzOTcsInVybCI6Imh0dHBzOlwvXC9mYWJlci1ldGVjLmRlXC93cC1jb250ZW50XC91cGxvYWRzXC9zaXRlc1wvM1wvMjAyNFwvMTFcLzE1LVBob3Rvdm9sdGFpay1UcmFmb3N0YXRpb24tS29tcGFrdHN0YXRpb24tRG9ydG11bmQtQXVmZGFjaC1PS1QtMjAyNC5hdmlmIn0%3D\">\n\t\t\t\t\t\t\t<img fetchpriority=\"high\" decoding=\"async\" width=\"800\" height=\"534\" src=\"https:\/\/faber-etec.de\/wp-content\/uploads\/sites\/3\/2024\/11\/15-Photovoltaik-Trafostation-Kompaktstation-Dortmund-Aufdach-OKT-2024-1024x683.avif\" class=\"attachment-large size-large wp-image-14397\" alt=\"Installation photovolta\u00efque avec station de transformation et station compacte de transformation de Faber E-Tec \u00e0 Dortmund\" srcset=\"https:\/\/faber-etec.de\/wp-content\/uploads\/sites\/3\/2024\/11\/15-Photovoltaik-Trafostation-Kompaktstation-Dortmund-Aufdach-OKT-2024-1024x683.avif 1024w, https:\/\/faber-etec.de\/wp-content\/uploads\/sites\/3\/2024\/11\/15-Photovoltaik-Trafostation-Kompaktstation-Dortmund-Aufdach-OKT-2024-300x200.avif 300w, https:\/\/faber-etec.de\/wp-content\/uploads\/sites\/3\/2024\/11\/15-Photovoltaik-Trafostation-Kompaktstation-Dortmund-Aufdach-OKT-2024-768x512.avif 768w, https:\/\/faber-etec.de\/wp-content\/uploads\/sites\/3\/2024\/11\/15-Photovoltaik-Trafostation-Kompaktstation-Dortmund-Aufdach-OKT-2024-1536x1024.avif 1536w, https:\/\/faber-etec.de\/wp-content\/uploads\/sites\/3\/2024\/11\/15-Photovoltaik-Trafostation-Kompaktstation-Dortmund-Aufdach-OKT-2024-2048x1366.avif 2048w, https:\/\/faber-etec.de\/wp-content\/uploads\/sites\/3\/2024\/11\/15-Photovoltaik-Trafostation-Kompaktstation-Dortmund-Aufdach-OKT-2024-18x12.avif 18w\" sizes=\"(max-width: 800px) 100vw, 800px\" title=\"Installation photovolta\u00efque avec station de transformation et station compacte de transformation de Faber E-Tec \u00e0 Dortmund\" \/>\t\t\t\t\t\t\t\t<\/a>\n\t\t\t\t\t\t\t\t\t\t\t\t\t\t\t<\/div>\n\t\t\t\t<\/div>\n\t\t\t\t<div class=\"elementor-element elementor-element-f7bfbd5 elementor-widget elementor-widget-gallery\" data-id=\"f7bfbd5\" data-element_type=\"widget\" data-e-type=\"widget\" data-settings=\"{&quot;gallery_layout&quot;:&quot;justified&quot;,&quot;lazyload&quot;:&quot;yes&quot;,&quot;ideal_row_height&quot;:{&quot;unit&quot;:&quot;px&quot;,&quot;size&quot;:200,&quot;sizes&quot;:[]},&quot;ideal_row_height_laptop&quot;:{&quot;unit&quot;:&quot;px&quot;,&quot;size&quot;:150,&quot;sizes&quot;:[]},&quot;ideal_row_height_tablet_extra&quot;:{&quot;unit&quot;:&quot;px&quot;,&quot;size&quot;:150,&quot;sizes&quot;:[]},&quot;ideal_row_height_tablet&quot;:{&quot;unit&quot;:&quot;px&quot;,&quot;size&quot;:150,&quot;sizes&quot;:[]},&quot;ideal_row_height_mobile&quot;:{&quot;unit&quot;:&quot;px&quot;,&quot;size&quot;:150,&quot;sizes&quot;:[]},&quot;gap&quot;:{&quot;unit&quot;:&quot;px&quot;,&quot;size&quot;:10,&quot;sizes&quot;:[]},&quot;gap_laptop&quot;:{&quot;unit&quot;:&quot;px&quot;,&quot;size&quot;:10,&quot;sizes&quot;:[]},&quot;gap_tablet_extra&quot;:{&quot;unit&quot;:&quot;px&quot;,&quot;size&quot;:10,&quot;sizes&quot;:[]},&quot;gap_tablet&quot;:{&quot;unit&quot;:&quot;px&quot;,&quot;size&quot;:10,&quot;sizes&quot;:[]},&quot;gap_mobile&quot;:{&quot;unit&quot;:&quot;px&quot;,&quot;size&quot;:10,&quot;sizes&quot;:[]},&quot;overlay_background&quot;:&quot;yes&quot;,&quot;content_hover_animation&quot;:&quot;fade-in&quot;}\" data-widget_type=\"gallery.default\">\n\t\t\t\t<div class=\"elementor-widget-container\">\n\t\t\t\t\t\t\t<div class=\"elementor-gallery__container\">\n\t\t\t\t\t\t\t<div class=\"e-gallery-item elementor-gallery-item elementor-animated-content\">\n\t\t\t\t\t<div class=\"e-gallery-image elementor-gallery-item__image\" data-thumbnail=\"https:\/\/faber-etec.de\/wp-content\/uploads\/sites\/3\/2024\/11\/06-Photovoltaik-Trafostation-Kompaktstation-Dortmund-Aufdach-OKT-2024-768x512.avif\" data-width=\"768\" data-height=\"512\" aria-label=\"Stations en b\u00e9ton pour le fonctionnement s\u00fbr du transformateur et de la station de transformation pour les installations solaires\" role=\"img\" ><\/div>\n\t\t\t\t\t\t\t\t\t\t\t<div class=\"elementor-gallery-item__overlay\"><\/div>\n\t\t\t\t\t\t\t\t\t\t\t\t\t\t<\/div>\n\t\t\t\t\t\t\t<div class=\"e-gallery-item elementor-gallery-item elementor-animated-content\">\n\t\t\t\t\t<div class=\"e-gallery-image elementor-gallery-item__image\" data-thumbnail=\"https:\/\/faber-etec.de\/wp-content\/uploads\/sites\/3\/2024\/11\/09-Photovoltaik-Trafostation-Kompaktstation-Dortmund-Aufdach-OKT-2024-768x469.avif\" data-width=\"768\" data-height=\"469\" aria-label=\"Installation photovolta\u00efque avec station de transformation et station compacte de transformation de Faber E-Tec \u00e0 Dortmund\" role=\"img\" ><\/div>\n\t\t\t\t\t\t\t\t\t\t\t<div class=\"elementor-gallery-item__overlay\"><\/div>\n\t\t\t\t\t\t\t\t\t\t\t\t\t\t<\/div>\n\t\t\t\t\t\t\t<div class=\"e-gallery-item elementor-gallery-item elementor-animated-content\">\n\t\t\t\t\t<div class=\"e-gallery-image elementor-gallery-item__image\" data-thumbnail=\"https:\/\/faber-etec.de\/wp-content\/uploads\/sites\/3\/2024\/11\/11-Photovoltaik-Trafostation-Kompaktstation-Dortmund-Aufdach-OKT-2024-768x512.avif\" data-width=\"768\" data-height=\"512\" aria-label=\"Station compacte de transformation pour le solaire Station de transformation et station solaire en automne en Rh\u00e9nanie-du-Nord-Westphalie\" role=\"img\" ><\/div>\n\t\t\t\t\t\t\t\t\t\t\t<div class=\"elementor-gallery-item__overlay\"><\/div>\n\t\t\t\t\t\t\t\t\t\t\t\t\t\t<\/div>\n\t\t\t\t\t\t\t<div class=\"e-gallery-item elementor-gallery-item elementor-animated-content\">\n\t\t\t\t\t<div class=\"e-gallery-image elementor-gallery-item__image\" data-thumbnail=\"https:\/\/faber-etec.de\/wp-content\/uploads\/sites\/3\/2024\/11\/10-Photovoltaik-Trafostation-Kompaktstation-Dortmund-Aufdach-OKT-2024-768x512.avif\" data-width=\"768\" data-height=\"512\" aria-label=\"Installation photovolta\u00efque avec station de transformation et station compacte de transformation de Faber E-Tec \u00e0 Dortmund\" role=\"img\" ><\/div>\n\t\t\t\t\t\t\t\t\t\t\t<div class=\"elementor-gallery-item__overlay\"><\/div>\n\t\t\t\t\t\t\t\t\t\t\t\t\t\t<\/div>\n\t\t\t\t\t\t\t<div class=\"e-gallery-item elementor-gallery-item elementor-animated-content\">\n\t\t\t\t\t<div class=\"e-gallery-image elementor-gallery-item__image\" data-thumbnail=\"https:\/\/faber-etec.de\/wp-content\/uploads\/sites\/3\/2024\/11\/01-Photovoltaik-Trafostation-Kompaktstation-Dortmund-Aufdach-OKT-2024-768x1152.avif\" data-width=\"768\" data-height=\"1152\" aria-label=\"Transformateur Station compacte pour la transformation de la tension du r\u00e9seau pour installation photovolta\u00efque, transformateur moyenne tension pour le raccordement d&#039;une installation photovolta\u00efque au r\u00e9seau \u00e9lectrique\" role=\"img\" ><\/div>\n\t\t\t\t\t\t\t\t\t\t\t<div class=\"elementor-gallery-item__overlay\"><\/div>\n\t\t\t\t\t\t\t\t\t\t\t\t\t\t<\/div>\n\t\t\t\t\t\t\t<div class=\"e-gallery-item elementor-gallery-item elementor-animated-content\">\n\t\t\t\t\t<div class=\"e-gallery-image elementor-gallery-item__image\" data-thumbnail=\"https:\/\/faber-etec.de\/wp-content\/uploads\/sites\/3\/2024\/11\/12-Photovoltaik-Trafostation-Kompaktstation-Dortmund-Aufdach-OKT-2024-768x512.avif\" data-width=\"768\" data-height=\"512\" aria-label=\"Station compacte de transformation pour le solaire Station de transformation et station solaire en automne en Rh\u00e9nanie-du-Nord-Westphalie\" role=\"img\" ><\/div>\n\t\t\t\t\t\t\t\t\t\t\t<div class=\"elementor-gallery-item__overlay\"><\/div>\n\t\t\t\t\t\t\t\t\t\t\t\t\t\t<\/div>\n\t\t\t\t\t<\/div>\n\t\t\t\t\t<\/div>\n\t\t\t\t<\/div>\n\t\t\t\t<div class=\"elementor-element elementor-element-d5354a6 elementor-widget-divider--view-line elementor-widget elementor-widget-divider\" data-id=\"d5354a6\" data-element_type=\"widget\" data-e-type=\"widget\" data-widget_type=\"divider.default\">\n\t\t\t\t<div class=\"elementor-widget-container\">\n\t\t\t\t\t\t\t<div class=\"elementor-divider\">\n\t\t\t<span class=\"elementor-divider-separator\">\n\t\t\t\t\t\t<\/span>\n\t\t<\/div>\n\t\t\t\t\t\t<\/div>\n\t\t\t\t<\/div>\n\t\t\t\t<div class=\"elementor-element elementor-element-5e86871 elementor-widget elementor-widget-heading\" data-id=\"5e86871\" data-element_type=\"widget\" data-e-type=\"widget\" data-widget_type=\"heading.default\">\n\t\t\t\t<div class=\"elementor-widget-container\">\n\t\t\t\t\t<h3 class=\"elementor-heading-title elementor-size-default\">En savoir plus sur notre projet \u00e0 Dortmund !\n<\/h3>\t\t\t\t<\/div>\n\t\t\t\t<\/div>\n\t\t\t\t<div class=\"elementor-element elementor-element-2508222 elementor-widget elementor-widget-text-editor\" data-id=\"2508222\" data-element_type=\"widget\" data-e-type=\"widget\" data-widget_type=\"text-editor.default\">\n\t\t\t\t<div class=\"elementor-widget-container\">\n\t\t\t\t\t\t\t\t\t<p>Si vous souhaitez en savoir plus sur ce projet passionnant ou si vous \u00eates int\u00e9ress\u00e9 par les derniers d\u00e9veloppements concernant les postes de transformation et les stations compactes Trafo, suivez-nous sur Facebook, Instagram, Threads, LinkedIn, X (Twitter) et YouTube. Nous vous y tiendrons au courant des informations et des mises \u00e0 jour concernant nos projets.<\/p>\t\t\t\t\t\t\t\t<\/div>\n\t\t\t\t<\/div>\n\t\t\t\t<div class=\"elementor-element elementor-element-543af26 elementor-widget elementor-widget-heading\" data-id=\"543af26\" data-element_type=\"widget\" data-e-type=\"widget\" data-widget_type=\"heading.default\">\n\t\t\t\t<div class=\"elementor-widget-container\">\n\t\t\t\t\t<h4 class=\"elementor-heading-title elementor-size-default\">Suivez-nous !<\/h4>\t\t\t\t<\/div>\n\t\t\t\t<\/div>\n\t\t\t\t<div class=\"elementor-element elementor-element-58f04c6 e-grid-align-left elementor-shape-rounded elementor-grid-0 elementor-widget elementor-widget-social-icons\" data-id=\"58f04c6\" data-element_type=\"widget\" data-e-type=\"widget\" data-widget_type=\"social-icons.default\">\n\t\t\t\t<div class=\"elementor-widget-container\">\n\t\t\t\t\t\t\t<div class=\"elementor-social-icons-wrapper elementor-grid\" role=\"list\">\n\t\t\t\t\t\t\t<span class=\"elementor-grid-item\" role=\"listitem\">\n\t\t\t\t\t<a class=\"elementor-icon elementor-social-icon elementor-social-icon-instagram elementor-animation-grow elementor-repeater-item-c4ec2f4\" href=\"https:\/\/www.instagram.com\/faber.energy\/\" target=\"_blank\" title=\"Suivez-nous sur Instagram\" rel=\"noopener\">\n\t\t\t\t\t\t<span class=\"elementor-screen-only\">Instagram<\/span>\n\t\t\t\t\t\t<i aria-hidden=\"true\" class=\"fab fa-instagram\"><\/i>\t\t\t\t\t<\/a>\n\t\t\t\t<\/span>\n\t\t\t\t\t\t\t<span class=\"elementor-grid-item\" role=\"listitem\">\n\t\t\t\t\t<a class=\"elementor-icon elementor-social-icon elementor-social-icon-facebook elementor-animation-grow elementor-repeater-item-2651a5f\" href=\"https:\/\/www.facebook.com\/profile.php?id=61566434640105\" target=\"_blank\" title=\"Suivez-nous sur Facebook\" rel=\"noopener\">\n\t\t\t\t\t\t<span class=\"elementor-screen-only\">Facebook<\/span>\n\t\t\t\t\t\t<i aria-hidden=\"true\" class=\"fab fa-facebook\"><\/i>\t\t\t\t\t<\/a>\n\t\t\t\t<\/span>\n\t\t\t\t\t\t\t<span class=\"elementor-grid-item\" role=\"listitem\">\n\t\t\t\t\t<a class=\"elementor-icon elementor-social-icon elementor-social-icon-threads elementor-animation-grow elementor-repeater-item-c864bea\" href=\"https:\/\/www.threads.net\/@faber.energy\" target=\"_blank\" title=\"Suivez-nous sur les fils de discussion\" rel=\"noopener\">\n\t\t\t\t\t\t<span class=\"elementor-screen-only\">Fils de discussion<\/span>\n\t\t\t\t\t\t<i aria-hidden=\"true\" class=\"fab fa-threads\"><\/i>\t\t\t\t\t<\/a>\n\t\t\t\t<\/span>\n\t\t\t\t\t\t\t<span class=\"elementor-grid-item\" role=\"listitem\">\n\t\t\t\t\t<a class=\"elementor-icon elementor-social-icon elementor-social-icon-linkedin elementor-animation-grow elementor-repeater-item-2b87a25\" href=\"https:\/\/www.linkedin.com\/company\/faber-etec\/\" target=\"_blank\" title=\"Suivez-nous sur Linkedin\" rel=\"noopener\">\n\t\t\t\t\t\t<span class=\"elementor-screen-only\">Linkedin<\/span>\n\t\t\t\t\t\t<i aria-hidden=\"true\" class=\"fab fa-linkedin\"><\/i>\t\t\t\t\t<\/a>\n\t\t\t\t<\/span>\n\t\t\t\t\t\t\t<span class=\"elementor-grid-item\" role=\"listitem\">\n\t\t\t\t\t<a class=\"elementor-icon elementor-social-icon elementor-social-icon-x-twitter elementor-animation-grow elementor-repeater-item-4ef3195\" href=\"https:\/\/x.com\/Faber_Energy\" target=\"_blank\" title=\"Suivez-nous sur X Twitter\">\n\t\t\t\t\t\t<span class=\"elementor-screen-only\">X-twitter<\/span>\n\t\t\t\t\t\t<i aria-hidden=\"true\" class=\"fab fa-x-twitter\"><\/i>\t\t\t\t\t<\/a>\n\t\t\t\t<\/span>\n\t\t\t\t\t\t\t<span class=\"elementor-grid-item\" role=\"listitem\">\n\t\t\t\t\t<a class=\"elementor-icon elementor-social-icon elementor-social-icon-youtube elementor-animation-grow elementor-repeater-item-837340d\" href=\"https:\/\/www.youtube.com\/@Faber.Energy\" target=\"_blank\" title=\"Suivez-nous sur Youtube\" rel=\"noopener\">\n\t\t\t\t\t\t<span class=\"elementor-screen-only\">Youtube<\/span>\n\t\t\t\t\t\t<i aria-hidden=\"true\" class=\"fab fa-youtube\"><\/i>\t\t\t\t\t<\/a>\n\t\t\t\t<\/span>\n\t\t\t\t\t<\/div>\n\t\t\t\t\t\t<\/div>\n\t\t\t\t<\/div>\n\t\t\t\t<div class=\"elementor-element elementor-element-8cfe629 elementor-widget-divider--view-line elementor-widget elementor-widget-divider\" data-id=\"8cfe629\" data-element_type=\"widget\" data-e-type=\"widget\" data-widget_type=\"divider.default\">\n\t\t\t\t<div class=\"elementor-widget-container\">\n\t\t\t\t\t\t\t<div class=\"elementor-divider\">\n\t\t\t<span class=\"elementor-divider-separator\">\n\t\t\t\t\t\t<\/span>\n\t\t<\/div>\n\t\t\t\t\t\t<\/div>\n\t\t\t\t<\/div>\n\t\t\t\t<div class=\"elementor-element elementor-element-e06302b elementor-widget elementor-widget-heading\" data-id=\"e06302b\" data-element_type=\"widget\" data-e-type=\"widget\" data-widget_type=\"heading.default\">\n\t\t\t\t<div class=\"elementor-widget-container\">\n\t\t\t\t\t<h2 class=\"elementor-heading-title elementor-size-default\">Postes de transformation pour installation photovolta\u00efque<\/h2>\t\t\t\t<\/div>\n\t\t\t\t<\/div>\n\t\t\t\t<div class=\"elementor-element elementor-element-b8f89cd elementor-widget elementor-widget-text-editor\" data-id=\"b8f89cd\" data-element_type=\"widget\" data-e-type=\"widget\" data-widget_type=\"text-editor.default\">\n\t\t\t\t<div class=\"elementor-widget-container\">\n\t\t\t\t\t\t\t\t\tLes stations de transformation sont un \u00e9l\u00e9ment essentiel de toute installation photovolta\u00efque et transforment l'\u00e9nergie solaire produite en la tension de r\u00e9seau n\u00e9cessaire pour une alimentation efficace. Faber E-Tec propose des stations de transformation et des stations compactes de transformation sp\u00e9cialement adapt\u00e9es pour une alimentation en \u00e9nergie durable.\t\t\t\t\t\t\t\t<\/div>\n\t\t\t\t<\/div>\n\t\t\t\t<div class=\"elementor-element elementor-element-874800f elementor-align-center elementor-mobile-align-justify elementor-widget elementor-widget-button\" data-id=\"874800f\" data-element_type=\"widget\" data-e-type=\"widget\" data-widget_type=\"button.default\">\n\t\t\t\t<div class=\"elementor-widget-container\">\n\t\t\t\t\t\t\t\t\t<div class=\"elementor-button-wrapper\">\n\t\t\t\t\t<a class=\"elementor-button elementor-button-link elementor-size-sm\" href=\"https:\/\/faber-etec.de\/fr\/produits\/\" title=\"Produits - D\u00e9couvrir nos postes de transformation\">\n\t\t\t\t\t\t<span class=\"elementor-button-content-wrapper\">\n\t\t\t\t\t\t<span class=\"elementor-button-icon\">\n\t\t\t\t<i aria-hidden=\"true\" class=\"fas fa-arrow-right\"><\/i>\t\t\t<\/span>\n\t\t\t\t\t\t\t\t\t<span class=\"elementor-button-text\">D\u00e9couvrir nos postes de transformation<\/span>\n\t\t\t\t\t<\/span>\n\t\t\t\t\t<\/a>\n\t\t\t\t<\/div>\n\t\t\t\t\t\t\t\t<\/div>\n\t\t\t\t<\/div>\n\t\t\t\t<div class=\"elementor-element elementor-element-ff95cd8 elementor-widget elementor-widget-image\" data-id=\"ff95cd8\" data-element_type=\"widget\" data-e-type=\"widget\" data-widget_type=\"image.default\">\n\t\t\t\t<div class=\"elementor-widget-container\">\n\t\t\t\t\t\t\t\t\t\t\t\t<figure class=\"wp-caption\">\n\t\t\t\t\t\t\t\t\t\t\t<a href=\"https:\/\/faber-etec.de\/fr\/station-du-parc-solaire\/\" title=\"Demander une station de parc solaire Faber E-Tec\">\n\t\t\t\t\t\t\t<img decoding=\"async\" width=\"800\" height=\"512\" src=\"https:\/\/faber-etec.de\/wp-content\/uploads\/sites\/3\/2024\/11\/Trafostation-fuer-Solarparks-Solarpark-Netzanschluss-Kompaktstationen-Kompakt-Trafostationen-Transformatorkompaktstationen-1024x655.avif\" class=\"attachment-large size-large wp-image-14351\" alt=\"Station de transformation pour le raccordement au r\u00e9seau d&#039;un parc solaire avec station compacte Transformateur et stations de transformation compactes pour un transfert d&#039;\u00e9nergie fiable et une alimentation en \u00e9nergie durable.\" srcset=\"https:\/\/faber-etec.de\/wp-content\/uploads\/sites\/3\/2024\/11\/Trafostation-fuer-Solarparks-Solarpark-Netzanschluss-Kompaktstationen-Kompakt-Trafostationen-Transformatorkompaktstationen-1024x655.avif 1024w, https:\/\/faber-etec.de\/wp-content\/uploads\/sites\/3\/2024\/11\/Trafostation-fuer-Solarparks-Solarpark-Netzanschluss-Kompaktstationen-Kompakt-Trafostationen-Transformatorkompaktstationen-300x192.avif 300w, https:\/\/faber-etec.de\/wp-content\/uploads\/sites\/3\/2024\/11\/Trafostation-fuer-Solarparks-Solarpark-Netzanschluss-Kompaktstationen-Kompakt-Trafostationen-Transformatorkompaktstationen-768x491.avif 768w, https:\/\/faber-etec.de\/wp-content\/uploads\/sites\/3\/2024\/11\/Trafostation-fuer-Solarparks-Solarpark-Netzanschluss-Kompaktstationen-Kompakt-Trafostationen-Transformatorkompaktstationen-1536x983.avif 1536w, https:\/\/faber-etec.de\/wp-content\/uploads\/sites\/3\/2024\/11\/Trafostation-fuer-Solarparks-Solarpark-Netzanschluss-Kompaktstationen-Kompakt-Trafostationen-Transformatorkompaktstationen-2048x1310.avif 2048w, https:\/\/faber-etec.de\/wp-content\/uploads\/sites\/3\/2024\/11\/Trafostation-fuer-Solarparks-Solarpark-Netzanschluss-Kompaktstationen-Kompakt-Trafostationen-Transformatorkompaktstationen-18x12.avif 18w\" sizes=\"(max-width: 800px) 100vw, 800px\" title=\"Poste de transformation pour parcs solaires avec poste de transformation compact et raccordement au r\u00e9seau\" \/>\t\t\t\t\t\t\t\t<\/a>\n\t\t\t\t\t\t\t\t\t\t\t<figcaption class=\"widget-image-caption wp-caption-text\">Station de transformation pour le raccordement au r\u00e9seau d'un parc solaire avec station compacte Transformateur et stations de transformation compactes pour un transfert d'\u00e9nergie fiable et une alimentation en \u00e9nergie durable.<\/figcaption>\n\t\t\t\t\t\t\t\t\t\t<\/figure>\n\t\t\t\t\t\t\t\t\t<\/div>\n\t\t\t\t<\/div>\n\t\t\t\t<div class=\"elementor-element elementor-element-6ac5876 elementor-widget elementor-widget-text-editor\" data-id=\"6ac5876\" data-element_type=\"widget\" data-e-type=\"widget\" data-widget_type=\"text-editor.default\">\n\t\t\t\t<div class=\"elementor-widget-container\">\n\t\t\t\t\t\t\t\t\t<p>Les stations de transformation sont un \u00e9l\u00e9ment d\u00e9cisif de toute installation photovolta\u00efque. Ils se chargent de transformer l'\u00e9nergie solaire produite en la tension de r\u00e9seau requise et de garantir ainsi une injection efficace dans le r\u00e9seau \u00e9lectrique public. Des postes de transformation fiables et performants sont indispensables, en particulier pour les installations solaires de grande envergure. Faber E-Tec propose des solutions sur mesure pour les stations de transformation et les stations compactes de transformation qui sont parfaitement adapt\u00e9es aux exigences des installations photovolta\u00efques et qui soutiennent un approvisionnement en \u00e9nergie s\u00fbr et durable.<\/p>\t\t\t\t\t\t\t\t<\/div>\n\t\t\t\t<\/div>\n\t\t\t\t<div class=\"elementor-element elementor-element-3c86e8b elementor-align-center elementor-mobile-align-justify elementor-widget elementor-widget-button\" data-id=\"3c86e8b\" data-element_type=\"widget\" data-e-type=\"widget\" data-widget_type=\"button.default\">\n\t\t\t\t<div class=\"elementor-widget-container\">\n\t\t\t\t\t\t\t\t\t<div class=\"elementor-button-wrapper\">\n\t\t\t\t\t<a class=\"elementor-button elementor-button-link elementor-size-sm\" href=\"https:\/\/faber-etec.de\/fr\/station-compacte\/#produktanfrage\" title=\"Station compacte - Demander une station compacte\">\n\t\t\t\t\t\t<span class=\"elementor-button-content-wrapper\">\n\t\t\t\t\t\t<span class=\"elementor-button-icon\">\n\t\t\t\t<i aria-hidden=\"true\" class=\"fas fa-arrow-right\"><\/i>\t\t\t<\/span>\n\t\t\t\t\t\t\t\t\t<span class=\"elementor-button-text\">Demander une station compacte<\/span>\n\t\t\t\t\t<\/span>\n\t\t\t\t\t<\/a>\n\t\t\t\t<\/div>\n\t\t\t\t\t\t\t\t<\/div>\n\t\t\t\t<\/div>\n\t\t\t\t<div class=\"elementor-element elementor-element-b0b1fb6 elementor-widget elementor-widget-spacer\" data-id=\"b0b1fb6\" data-element_type=\"widget\" data-e-type=\"widget\" data-widget_type=\"spacer.default\">\n\t\t\t\t<div class=\"elementor-widget-container\">\n\t\t\t\t\t\t\t<div class=\"elementor-spacer\">\n\t\t\t<div class=\"elementor-spacer-inner\"><\/div>\n\t\t<\/div>\n\t\t\t\t\t\t<\/div>\n\t\t\t\t<\/div>\n\t\t\t\t<div class=\"elementor-element elementor-element-38c1114 elementor-widget elementor-widget-heading\" data-id=\"38c1114\" data-element_type=\"widget\" data-e-type=\"widget\" data-widget_type=\"heading.default\">\n\t\t\t\t<div class=\"elementor-widget-container\">\n\t\t\t\t\t<h3 class=\"elementor-heading-title elementor-size-default\">Pourquoi des installations photovolta\u00efques compl\u00e8tes ?<\/h3>\t\t\t\t<\/div>\n\t\t\t\t<\/div>\n\t\t\t\t<div class=\"elementor-element elementor-element-f09d4d0 elementor-widget elementor-widget-text-editor\" data-id=\"f09d4d0\" data-element_type=\"widget\" data-e-type=\"widget\" data-widget_type=\"text-editor.default\">\n\t\t\t\t<div class=\"elementor-widget-container\">\n\t\t\t\t\t\t\t\t\t<p><a title=\"Installations photovolta\u00efques compl\u00e8tes\" href=\"https:\/\/faber-solartechnik.de\/solartechnik\/\" target=\"_blank\" rel=\"noopener\">Installations photovolta\u00efques compl\u00e8tes<\/a> offrent une solution compl\u00e8te pour la production durable d'\u00e9nergie. De la planification et de l'installation \u00e0 la mise en service et \u00e0 la maintenance, elles couvrent toutes les \u00e9tapes permettant d'utiliser le soleil de mani\u00e8re optimale pour la production d'\u00e9lectricit\u00e9. Ces solutions compl\u00e8tes facilitent l'acc\u00e8s \u00e0 l'\u00e9nergie solaire et offrent une efficacit\u00e9 maximale ainsi qu'une \u00e9conomie \u00e0 long terme sur les co\u00fbts \u00e9nerg\u00e9tiques.<\/p>\t\t\t\t\t\t\t\t<\/div>\n\t\t\t\t<\/div>\n\t\t\t\t<div class=\"elementor-element elementor-element-1f4db70 elementor-widget elementor-widget-spacer\" data-id=\"1f4db70\" data-element_type=\"widget\" data-e-type=\"widget\" data-widget_type=\"spacer.default\">\n\t\t\t\t<div class=\"elementor-widget-container\">\n\t\t\t\t\t\t\t<div class=\"elementor-spacer\">\n\t\t\t<div class=\"elementor-spacer-inner\"><\/div>\n\t\t<\/div>\n\t\t\t\t\t\t<\/div>\n\t\t\t\t<\/div>\n\t\t\t\t<div class=\"elementor-element elementor-element-c076db5 elementor-widget elementor-widget-heading\" data-id=\"c076db5\" data-element_type=\"widget\" data-e-type=\"widget\" data-widget_type=\"heading.default\">\n\t\t\t\t<div class=\"elementor-widget-container\">\n\t\t\t\t\t<h4 class=\"elementor-heading-title elementor-size-default\">D\u00e9couvrez les avantages des installations photovolta\u00efques compl\u00e8tes<\/h4>\t\t\t\t<\/div>\n\t\t\t\t<\/div>\n\t\t\t\t<div class=\"elementor-element elementor-element-26c9ab9 elementor-widget elementor-widget-text-editor\" data-id=\"26c9ab9\" data-element_type=\"widget\" data-e-type=\"widget\" data-widget_type=\"text-editor.default\">\n\t\t\t\t<div class=\"elementor-widget-container\">\n\t\t\t\t\t\t\t\t\t<p>Les installations photovolta\u00efques compl\u00e8tes offrent non seulement une source d'\u00e9nergie respectueuse de l'environnement, mais aussi des avantages financiers : Gr\u00e2ce \u00e0 l'autoconsommation et \u00e0 l'injection de l'\u00e9lectricit\u00e9 exc\u00e9dentaire dans le r\u00e9seau, les co\u00fbts \u00e9nerg\u00e9tiques peuvent \u00eatre consid\u00e9rablement r\u00e9duits. Les installations compl\u00e8tes sont sp\u00e9cialement con\u00e7ues pour fonctionner de mani\u00e8re fiable et efficace - id\u00e9al pour les m\u00e9nages priv\u00e9s et les entreprises qui souhaitent contribuer \u00e0 la transition \u00e9nerg\u00e9tique.<\/p>\t\t\t\t\t\t\t\t<\/div>\n\t\t\t\t<\/div>\n\t\t\t\t<div class=\"elementor-element elementor-element-3f1eaa2 elementor-widget elementor-widget-spacer\" data-id=\"3f1eaa2\" data-element_type=\"widget\" data-e-type=\"widget\" data-widget_type=\"spacer.default\">\n\t\t\t\t<div class=\"elementor-widget-container\">\n\t\t\t\t\t\t\t<div class=\"elementor-spacer\">\n\t\t\t<div class=\"elementor-spacer-inner\"><\/div>\n\t\t<\/div>\n\t\t\t\t\t\t<\/div>\n\t\t\t\t<\/div>\n\t\t\t\t<div class=\"elementor-element elementor-element-7048ace elementor-widget elementor-widget-heading\" data-id=\"7048ace\" data-element_type=\"widget\" data-e-type=\"widget\" data-widget_type=\"heading.default\">\n\t\t\t\t<div class=\"elementor-widget-container\">\n\t\t\t\t\t<h3 class=\"elementor-heading-title elementor-size-default\">Poste de transformation pour le raccordement de panneaux solaires<\/h3>\t\t\t\t<\/div>\n\t\t\t\t<\/div>\n\t\t\t\t<div class=\"elementor-element elementor-element-262adeb elementor-widget elementor-widget-text-editor\" data-id=\"262adeb\" data-element_type=\"widget\" data-e-type=\"widget\" data-widget_type=\"text-editor.default\">\n\t\t\t\t<div class=\"elementor-widget-container\">\n\t\t\t\t\t\t\t\t\t<p>Une station de transformation est indispensable pour le raccordement d'une installation solaire au r\u00e9seau \u00e9lectrique. Elle transforme l'\u00e9nergie g\u00e9n\u00e9r\u00e9e par l'installation photovolta\u00efque en tension de r\u00e9seau requise et permet une alimentation s\u00fbre. Gr\u00e2ce \u00e0 l'utilisation d'une station compacte de transformateur sp\u00e9cialement con\u00e7ue, le transfert de courant est efficace - un \u00e9l\u00e9ment important pour une utilisation fiable de l'\u00e9nergie solaire \u00e0 grande \u00e9chelle.<\/p>\t\t\t\t\t\t\t\t<\/div>\n\t\t\t\t<\/div>\n\t\t\t\t<div class=\"elementor-element elementor-element-2e465c6 elementor-align-center elementor-widget elementor-widget-button\" data-id=\"2e465c6\" data-element_type=\"widget\" data-e-type=\"widget\" data-widget_type=\"button.default\">\n\t\t\t\t<div class=\"elementor-widget-container\">\n\t\t\t\t\t\t\t\t\t<div class=\"elementor-button-wrapper\">\n\t\t\t\t\t<a class=\"elementor-button elementor-button-link elementor-size-sm\" href=\"https:\/\/faber-etec.de\/fr\/demander\/\" title=\"Demandes - Demander un poste de transformation en ligne\">\n\t\t\t\t\t\t<span class=\"elementor-button-content-wrapper\">\n\t\t\t\t\t\t<span class=\"elementor-button-icon\">\n\t\t\t\t<i aria-hidden=\"true\" class=\"fas fa-arrow-right\"><\/i>\t\t\t<\/span>\n\t\t\t\t\t\t\t\t\t<span class=\"elementor-button-text\">Demander un poste de transformation en ligne<\/span>\n\t\t\t\t\t<\/span>\n\t\t\t\t\t<\/a>\n\t\t\t\t<\/div>\n\t\t\t\t\t\t\t\t<\/div>\n\t\t\t\t<\/div>\n\t\t\t\t\t<\/div>\n\t\t\t\t<\/div>\n\t\t\t\t<\/div>","protected":false},"excerpt":{"rendered":"<p>Entre-temps, les feuilles color\u00e9es tombent des arbres et la saison dor\u00e9e de l'automne s'installe. Pour Faber Solartechnik et Faber E-Tec, c'est le moment id\u00e9al pour faire avancer l'installation d'un syst\u00e8me photovolta\u00efque de grande envergure \u00e0 Dortmund. Gr\u00e2ce \u00e0 une station de transformation et \u00e0 une station compacte de transformation performantes, l'\u00e9nergie propre est mise \u00e0 disposition et inject\u00e9e dans le r\u00e9seau.<\/p>","protected":false},"author":2,"featured_media":14371,"comment_status":"closed","ping_status":"open","sticky":false,"template":"","format":"standard","meta":{"_acf_changed":false,"footnotes":""},"categories":[1,9],"tags":[48,38,46,37],"class_list":["post-14370","post","type-post","status-publish","format-standard","has-post-thumbnail","hentry","category-news","category-projekte","tag-energieversorgung","tag-photovoltaik","tag-photovoltaikanlage","tag-trafostation"],"acf":[],"_links":{"self":[{"href":"https:\/\/faber-etec.de\/fr\/wp-json\/wp\/v2\/posts\/14370","targetHints":{"allow":["GET"]}}],"collection":[{"href":"https:\/\/faber-etec.de\/fr\/wp-json\/wp\/v2\/posts"}],"about":[{"href":"https:\/\/faber-etec.de\/fr\/wp-json\/wp\/v2\/types\/post"}],"author":[{"embeddable":true,"href":"https:\/\/faber-etec.de\/fr\/wp-json\/wp\/v2\/users\/2"}],"replies":[{"embeddable":true,"href":"https:\/\/faber-etec.de\/fr\/wp-json\/wp\/v2\/comments?post=14370"}],"version-history":[{"count":6,"href":"https:\/\/faber-etec.de\/fr\/wp-json\/wp\/v2\/posts\/14370\/revisions"}],"predecessor-version":[{"id":14965,"href":"https:\/\/faber-etec.de\/fr\/wp-json\/wp\/v2\/posts\/14370\/revisions\/14965"}],"wp:featuredmedia":[{"embeddable":true,"href":"https:\/\/faber-etec.de\/fr\/wp-json\/wp\/v2\/media\/14371"}],"wp:attachment":[{"href":"https:\/\/faber-etec.de\/fr\/wp-json\/wp\/v2\/media?parent=14370"}],"wp:term":[{"taxonomy":"category","embeddable":true,"href":"https:\/\/faber-etec.de\/fr\/wp-json\/wp\/v2\/categories?post=14370"},{"taxonomy":"post_tag","embeddable":true,"href":"https:\/\/faber-etec.de\/fr\/wp-json\/wp\/v2\/tags?post=14370"}],"curies":[{"name":"wp","href":"https:\/\/api.w.org\/{rel}","templated":true}]}}