{"id":14774,"date":"2024-11-14T11:23:59","date_gmt":"2024-11-14T10:23:59","guid":{"rendered":"https:\/\/faber-etec.de\/?p=14774"},"modified":"2025-10-28T15:21:17","modified_gmt":"2025-10-28T14:21:17","slug":"trafostation-wiki","status":"publish","type":"post","link":"https:\/\/faber-etec.de\/fr\/forschung-und-entwicklung\/trafostation-wiki\/","title":{"rendered":"Wiki postes de transformation | Fonction"},"content":{"rendered":"<div data-elementor-type=\"wp-post\" data-elementor-id=\"14774\" class=\"elementor elementor-14774\" data-elementor-post-type=\"post\">\n\t\t\t\t<div class=\"elementor-element elementor-element-8bc4657 e-flex e-con-boxed e-con e-parent\" data-id=\"8bc4657\" data-element_type=\"container\" data-e-type=\"container\">\n\t\t\t\t\t<div class=\"e-con-inner\">\n\t\t\t\t<div class=\"elementor-element elementor-element-7e35268 elementor-widget elementor-widget-heading\" data-id=\"7e35268\" data-element_type=\"widget\" data-e-type=\"widget\" data-widget_type=\"heading.default\">\n\t\t\t\t<div class=\"elementor-widget-container\">\n\t\t\t\t\t<h2 class=\"elementor-heading-title elementor-size-default\">Qu'est-ce qu'un poste de transformation ? Fonction, structure et importance pour l'approvisionnement en \u00e9lectricit\u00e9\n\n<\/h2>\t\t\t\t<\/div>\n\t\t\t\t<\/div>\n\t\t\t\t<div class=\"elementor-element elementor-element-15ac814 elementor-widget elementor-widget-text-editor\" data-id=\"15ac814\" data-element_type=\"widget\" data-e-type=\"widget\" data-widget_type=\"text-editor.default\">\n\t\t\t\t<div class=\"elementor-widget-container\">\n\t\t\t\t\t\t\t\t\t<p><b>Postes de transformation<\/b> aussi comme <b>Sous-stations<\/b> ou poste de r\u00e9seau, sont des \u00e9l\u00e9ments essentiels de notre r\u00e9seau \u00e9lectrique. Ils veillent \u00e0 ce que l'\u00e9nergie \u00e9lectrique soit transport\u00e9e efficacement de la centrale \u00e9lectrique jusqu'au consommateur final. Mais comment fonctionnent-ils exactement et pourquoi sont-ils si importants pour notre approvisionnement en \u00e9nergie ? Pour en savoir plus, consultez notre article sur les postes de transformation !<\/p>\t\t\t\t\t\t\t\t<\/div>\n\t\t\t\t<\/div>\n\t\t\t\t<div class=\"elementor-element elementor-element-160bb6a elementor-cta--skin-cover elementor-cta--valign-middle elementor-bg-transform elementor-bg-transform-zoom-in elementor-widget elementor-widget-call-to-action\" data-id=\"160bb6a\" data-element_type=\"widget\" data-e-type=\"widget\" data-widget_type=\"call-to-action.default\">\n\t\t\t\t<div class=\"elementor-widget-container\">\n\t\t\t\t\t\t\t<div class=\"elementor-cta\">\n\t\t\t\t\t<div class=\"elementor-cta__bg-wrapper\">\n\t\t\t\t<div class=\"elementor-cta__bg elementor-bg\" style=\"background-image: url(https:\/\/faber-etec.de\/wp-content\/uploads\/sites\/3\/2024\/04\/Trafo-Kompaktstation-fuer-PV-kaufen-1024x537.jpg);\" role=\"img\" aria-label=\"Stations compactes ou stations compactes \u00e0 transformateur pour une distribution d&#039;\u00e9nergie efficace \u00e0 l&#039;ext\u00e9rieur\"><\/div>\n\t\t\t\t<div class=\"elementor-cta__bg-overlay\"><\/div>\n\t\t\t<\/div>\n\t\t\t\t\t\t\t<div class=\"elementor-cta__content\">\n\t\t\t\t\n\t\t\t\t\t\t\t\t\t<h3 class=\"elementor-cta__title elementor-cta__content-item elementor-content-item\">\n\t\t\t\t\t\tAcheter un poste de transformation !\t\t\t\t\t<\/h3>\n\t\t\t\t\n\t\t\t\t\n\t\t\t\t\t\t\t\t\t<div class=\"elementor-cta__button-wrapper elementor-cta__content-item elementor-content-item\">\n\t\t\t\t\t<a class=\"elementor-cta__button elementor-button elementor-size-\"  href=\"https:\/\/faber-etec.de\/fr\/anfrage\/\" title=\"Demande - Demander un poste de transformation\">\n\t\t\t\t\t\tDemander un poste de transformation <i aria-hidden=\"true\" class=\"fas fa-angle-right\"><\/i>\t\t\t\t\t<\/a>\n\t\t\t\t\t<\/div>\n\t\t\t\t\t\t\t<\/div>\n\t\t\t\t\t\t<\/div>\n\t\t\t\t\t\t<\/div>\n\t\t\t\t<\/div>\n\t\t\t\t<div class=\"elementor-element elementor-element-9e9d081 elementor-widget elementor-widget-gallery\" data-id=\"9e9d081\" data-element_type=\"widget\" data-e-type=\"widget\" data-settings=\"{&quot;gallery_layout&quot;:&quot;justified&quot;,&quot;ideal_row_height&quot;:{&quot;unit&quot;:&quot;px&quot;,&quot;size&quot;:255,&quot;sizes&quot;:[]},&quot;lazyload&quot;:&quot;yes&quot;,&quot;ideal_row_height_laptop&quot;:{&quot;unit&quot;:&quot;px&quot;,&quot;size&quot;:150,&quot;sizes&quot;:[]},&quot;ideal_row_height_tablet_extra&quot;:{&quot;unit&quot;:&quot;px&quot;,&quot;size&quot;:150,&quot;sizes&quot;:[]},&quot;ideal_row_height_tablet&quot;:{&quot;unit&quot;:&quot;px&quot;,&quot;size&quot;:150,&quot;sizes&quot;:[]},&quot;ideal_row_height_mobile&quot;:{&quot;unit&quot;:&quot;px&quot;,&quot;size&quot;:150,&quot;sizes&quot;:[]},&quot;gap&quot;:{&quot;unit&quot;:&quot;px&quot;,&quot;size&quot;:10,&quot;sizes&quot;:[]},&quot;gap_laptop&quot;:{&quot;unit&quot;:&quot;px&quot;,&quot;size&quot;:10,&quot;sizes&quot;:[]},&quot;gap_tablet_extra&quot;:{&quot;unit&quot;:&quot;px&quot;,&quot;size&quot;:10,&quot;sizes&quot;:[]},&quot;gap_tablet&quot;:{&quot;unit&quot;:&quot;px&quot;,&quot;size&quot;:10,&quot;sizes&quot;:[]},&quot;gap_mobile&quot;:{&quot;unit&quot;:&quot;px&quot;,&quot;size&quot;:10,&quot;sizes&quot;:[]},&quot;link_to&quot;:&quot;file&quot;,&quot;overlay_background&quot;:&quot;yes&quot;,&quot;content_hover_animation&quot;:&quot;fade-in&quot;}\" data-widget_type=\"gallery.default\">\n\t\t\t\t<div class=\"elementor-widget-container\">\n\t\t\t\t\t\t\t<div class=\"elementor-gallery__container\">\n\t\t\t\t\t\t\t<a class=\"e-gallery-item elementor-gallery-item elementor-animated-content\"  href=\"https:\/\/faber-etec.de\/wp-content\/uploads\/sites\/3\/2024\/07\/016-Trafostation-Faber-E-Tec-Solarparkstation-Kompaktstation-E-Mobilitaet.webp\" title=\"016 Poste de transformation Faber E Tec Station de parc solaire Station compacte E Mobilitaet.webp - \" data-elementor-open-lightbox=\"yes\" data-elementor-lightbox-slideshow=\"9e9d081\" data-e-action-hash=\"#elementor-action%3Aaction%3Dlightbox%26settings%3DeyJpZCI6OTQyMCwidXJsIjoiaHR0cHM6XC9cL2ZhYmVyLWV0ZWMuZGVcL3dwLWNvbnRlbnRcL3VwbG9hZHNcL3NpdGVzXC8zXC8yMDI0XC8wN1wvMDE2LVRyYWZvc3RhdGlvbi1GYWJlci1FLVRlYy1Tb2xhcnBhcmtzdGF0aW9uLUtvbXBha3RzdGF0aW9uLUUtTW9iaWxpdGFldC53ZWJwIiwic2xpZGVzaG93IjoiOWU5ZDA4MSJ9\">\n\t\t\t\t\t<div class=\"e-gallery-image elementor-gallery-item__image\" data-thumbnail=\"https:\/\/faber-etec.de\/wp-content\/uploads\/sites\/3\/elementor\/thumbs\/016-Trafostation-Faber-E-Tec-Solarparkstation-Kompaktstation-E-Mobilitaet-qrgkhpmi6rgugbalk6biw49cuf6nw56pslnzuwy45q.webp\" data-width=\"400\" data-height=\"\" aria-label=\"Station de transformation \u00e9lectrique compacte ouverte avec tableaux de distribution et composants de commande\" role=\"img\" ><\/div>\n\t\t\t\t\t\t\t\t\t\t\t<div class=\"elementor-gallery-item__overlay\"><\/div>\n\t\t\t\t\t\t\t\t\t\t\t\t\t\t<\/a>\n\t\t\t\t\t\t\t<a class=\"e-gallery-item elementor-gallery-item elementor-animated-content\"  href=\"https:\/\/faber-etec.de\/wp-content\/uploads\/sites\/3\/2024\/07\/015-Trafostation-Faber-E-Tec-Solarparkstation-Kompaktstation-E-Mobilitaet.webp\" title=\"015 Poste de transformation Faber E Tec Station de parc solaire Station compacte E Mobilitaet.webp - \" data-elementor-open-lightbox=\"yes\" data-elementor-lightbox-slideshow=\"9e9d081\" data-e-action-hash=\"#elementor-action%3Aaction%3Dlightbox%26settings%3DeyJpZCI6OTQxOSwidXJsIjoiaHR0cHM6XC9cL2ZhYmVyLWV0ZWMuZGVcL3dwLWNvbnRlbnRcL3VwbG9hZHNcL3NpdGVzXC8zXC8yMDI0XC8wN1wvMDE1LVRyYWZvc3RhdGlvbi1GYWJlci1FLVRlYy1Tb2xhcnBhcmtzdGF0aW9uLUtvbXBha3RzdGF0aW9uLUUtTW9iaWxpdGFldC53ZWJwIiwic2xpZGVzaG93IjoiOWU5ZDA4MSJ9\">\n\t\t\t\t\t<div class=\"e-gallery-image elementor-gallery-item__image\" data-thumbnail=\"https:\/\/faber-etec.de\/wp-content\/uploads\/sites\/3\/elementor\/thumbs\/015-Trafostation-Faber-E-Tec-Solarparkstation-Kompaktstation-E-Mobilitaet-qrgkhjzh1r94inish3vrh5ola3yglykbrtr2z96h72.webp\" data-width=\"400\" data-height=\"\" aria-label=\"Vue int\u00e9rieure d&#039;un poste compact de transformation \u00e9lectrique avec technique de commutation et de protection\" role=\"img\" ><\/div>\n\t\t\t\t\t\t\t\t\t\t\t<div class=\"elementor-gallery-item__overlay\"><\/div>\n\t\t\t\t\t\t\t\t\t\t\t\t\t\t<\/a>\n\t\t\t\t\t<\/div>\n\t\t\t\t\t<\/div>\n\t\t\t\t<\/div>\n\t\t\t\t<div class=\"elementor-element elementor-element-8c87905 elementor-widget-divider--view-line elementor-widget elementor-widget-divider\" data-id=\"8c87905\" data-element_type=\"widget\" data-e-type=\"widget\" data-widget_type=\"divider.default\">\n\t\t\t\t<div class=\"elementor-widget-container\">\n\t\t\t\t\t\t\t<div class=\"elementor-divider\">\n\t\t\t<span class=\"elementor-divider-separator\">\n\t\t\t\t\t\t<\/span>\n\t\t<\/div>\n\t\t\t\t\t\t<\/div>\n\t\t\t\t<\/div>\n\t\t\t\t<div class=\"elementor-element elementor-element-766ebb1 elementor-widget elementor-widget-text-editor\" data-id=\"766ebb1\" data-element_type=\"widget\" data-e-type=\"widget\" data-widget_type=\"text-editor.default\">\n\t\t\t\t<div class=\"elementor-widget-container\">\n\t\t\t\t\t\t\t\t\t<h3>D\u00e9finition et fonction :<\/h3><p>Un poste de transformation est une installation qui transforme l'\u00e9nergie \u00e9lectrique d'un <b>R\u00e9seau moyenne tension <\/b>(typiquement de 10 kV \u00e0 36 kV) \u00e0 la tension requise pour les <b>R\u00e9seaux basse tension <\/b>400\/230 V n\u00e9cessaires. Cette transformation permet de garantir un approvisionnement s\u00fbr et efficace des m\u00e9nages et des entreprises. Sans stations de r\u00e9seau, il serait impossible d'utiliser l'\u00e9lectricit\u00e9 sous sa forme actuelle.<\/p>\t\t\t\t\t\t\t\t<\/div>\n\t\t\t\t<\/div>\n\t\t\t\t<div class=\"elementor-element elementor-element-f5e2578 elementor-widget elementor-widget-image\" data-id=\"f5e2578\" data-element_type=\"widget\" data-e-type=\"widget\" data-widget_type=\"image.default\">\n\t\t\t\t<div class=\"elementor-widget-container\">\n\t\t\t\t\t\t\t\t\t\t\t\t<figure class=\"wp-caption\">\n\t\t\t\t\t\t\t\t\t\t\t<a  href=\"https:\/\/faber-etec.de\/wp-content\/uploads\/sites\/3\/2024\/07\/SL10241.jpg\" title=\"SL10241.jpg - \" data-elementor-open-lightbox=\"yes\" data-e-action-hash=\"#elementor-action%3Aaction%3Dlightbox%26settings%3DeyJpZCI6OTUyMSwidXJsIjoiaHR0cHM6XC9cL2ZhYmVyLWV0ZWMuZGVcL3dwLWNvbnRlbnRcL3VwbG9hZHNcL3NpdGVzXC8zXC8yMDI0XC8wN1wvU0wxMDI0MS5qcGcifQ%3D%3D\">\n\t\t\t\t\t\t\t<img fetchpriority=\"high\" decoding=\"async\" width=\"768\" height=\"507\" src=\"https:\/\/faber-etec.de\/wp-content\/uploads\/sites\/3\/2024\/07\/SL10241-768x507.jpg\" class=\"attachment-medium_large size-medium_large wp-image-9521\" alt=\"Vue ext\u00e9rieure d&#039;un poste de transformation de construction compacte pour une alimentation \u00e9lectrique efficace dans les zones urbaines.\" srcset=\"https:\/\/faber-etec.de\/wp-content\/uploads\/sites\/3\/2024\/07\/SL10241-768x507.jpg 768w, https:\/\/faber-etec.de\/wp-content\/uploads\/sites\/3\/2024\/07\/SL10241-300x198.jpg 300w, https:\/\/faber-etec.de\/wp-content\/uploads\/sites\/3\/2024\/07\/SL10241-1024x677.jpg 1024w, https:\/\/faber-etec.de\/wp-content\/uploads\/sites\/3\/2024\/07\/SL10241-1536x1015.jpg 1536w, https:\/\/faber-etec.de\/wp-content\/uploads\/sites\/3\/2024\/07\/SL10241-2048x1353.jpg 2048w, https:\/\/faber-etec.de\/wp-content\/uploads\/sites\/3\/2024\/07\/SL10241-18x12.jpg 18w\" sizes=\"(max-width: 768px) 100vw, 768px\" title=\"Poste de transformation en tant que station compacte pour l&#039;approvisionnement \u00e9nerg\u00e9tique urbain\" \/>\t\t\t\t\t\t\t\t<\/a>\n\t\t\t\t\t\t\t\t\t\t\t<figcaption class=\"widget-image-caption wp-caption-text\">Poste compact ouvert de Faber E-Tec, id\u00e9al pour les applications industrielles comme les parcs solaires et les stations de recharge. L'installation de commutation moyenne tension et la distribution basse tension sont visibles.<\/figcaption>\n\t\t\t\t\t\t\t\t\t\t<\/figure>\n\t\t\t\t\t\t\t\t\t<\/div>\n\t\t\t\t<\/div>\n\t\t\t\t<div class=\"elementor-element elementor-element-ecf3c39 elementor-widget-divider--view-line elementor-widget elementor-widget-divider\" data-id=\"ecf3c39\" data-element_type=\"widget\" data-e-type=\"widget\" data-widget_type=\"divider.default\">\n\t\t\t\t<div class=\"elementor-widget-container\">\n\t\t\t\t\t\t\t<div class=\"elementor-divider\">\n\t\t\t<span class=\"elementor-divider-separator\">\n\t\t\t\t\t\t<\/span>\n\t\t<\/div>\n\t\t\t\t\t\t<\/div>\n\t\t\t\t<\/div>\n\t\t\t\t<div class=\"elementor-element elementor-element-76f0d85 elementor-widget elementor-widget-text-editor\" data-id=\"76f0d85\" data-element_type=\"widget\" data-e-type=\"widget\" data-widget_type=\"text-editor.default\">\n\t\t\t\t<div class=\"elementor-widget-container\">\n\t\t\t\t\t\t\t\t\t<h4>Montage d'un poste de transformation (Trafo-Wiki) :<\/h4><ol><li><strong>Transformateur<\/strong> - le c\u0153ur du poste de transformation, qui transforme la tension.<\/li><li><strong>Tableau de distribution moyenne tension<\/strong> - relie la station au r\u00e9seau moyenne tension et permet de commuter et de prot\u00e9ger l'installation.<\/li><li><strong>Distribution basse tension<\/strong> - distribue la basse tension transform\u00e9e aux consommateurs finaux.<\/li><\/ol><h4>Modes de construction des postes de transformation :<\/h4><ol><li><a  href=\"https:\/\/faber-etec.de\/fr\/news\/types-de-construction-poste-de-transformation-non-accessible-2\/\" title=\"Types de construction Postes de transformation non accessibles - Postes accessibles :\">Stations accessibles :<\/a> Installations plus grandes offrant suffisamment d'espace pour les travaux de maintenance.<\/li><li><a  href=\"https:\/\/faber-etec.de\/fr\/stations-compactes\/\" title=\"Stations compactes - Stations compactes\">Stations compactes<\/a>: unit\u00e9s peu encombrantes, souvent utilis\u00e9es dans les zones urbaines.<\/li><li><a  href=\"https:\/\/faber-etec.de\/fr\/station-de-conteneurs\/\" title=\"Station de conteneurs - Stations de conteneurs\">Stations de conteneurs<\/a>: Postes de transformation mobiles dans un bo\u00eetier de conteneur - id\u00e9al pour des utilisations flexibles et temporaires dans l'industrie.<\/li><\/ol>\t\t\t\t\t\t\t\t<\/div>\n\t\t\t\t<\/div>\n\t\t\t\t<div class=\"elementor-element elementor-element-035f749 elementor-widget elementor-widget-image\" data-id=\"035f749\" data-element_type=\"widget\" data-e-type=\"widget\" data-widget_type=\"image.default\">\n\t\t\t\t<div class=\"elementor-widget-container\">\n\t\t\t\t\t\t\t\t\t\t\t\t<figure class=\"wp-caption\">\n\t\t\t\t\t\t\t\t\t\t\t<a  href=\"https:\/\/faber-etec.de\/wp-content\/uploads\/sites\/3\/2024\/08\/Container-Trafostation-fuer-Solarparks-Faber-E-Tec-weiss-scaled.jpg\" title=\"Container Poste de transformation pour parcs solaires Faber E Tec Weiss Scaled.jpg - \" data-elementor-open-lightbox=\"yes\" data-e-action-hash=\"#elementor-action%3Aaction%3Dlightbox%26settings%3DeyJpZCI6MTE5NzUsInVybCI6Imh0dHBzOlwvXC9mYWJlci1ldGVjLmRlXC93cC1jb250ZW50XC91cGxvYWRzXC9zaXRlc1wvM1wvMjAyNFwvMDhcL0NvbnRhaW5lci1UcmFmb3N0YXRpb24tZnVlci1Tb2xhcnBhcmtzLUZhYmVyLUUtVGVjLXdlaXNzLXNjYWxlZC5qcGcifQ%3D%3D\">\n\t\t\t\t\t\t\t<img decoding=\"async\" src=\"https:\/\/faber-etec.de\/wp-content\/uploads\/sites\/3\/elementor\/thumbs\/Container-Trafostation-fuer-Solarparks-Faber-E-Tec-weiss-scaled-qshm1lwpgy2qzlhq9soerp6htwttr5ef7xk5b9i4sg.jpg\" title=\"Station de transformation en conteneur pour parcs solaires - Station de transformation en conteneur de Faber E-Tec\" alt=\"Station de transformation en conteneur pour parcs solaires, station de transformation en conteneur vue \u00e0 45\" loading=\"lazy\" \/>\t\t\t\t\t\t\t\t<\/a>\n\t\t\t\t\t\t\t\t\t\t\t<figcaption class=\"widget-image-caption wp-caption-text\">Illustration d'une station de transformation en conteneur pour les parcs solaires. Cette solution de conteneur offre une solution de distribution d'\u00e9nergie efficace et flexible en tant que station de transformation, id\u00e9ale pour une utilisation dans des parcs solaires et autres projets \u00e9nerg\u00e9tiques.<\/figcaption>\n\t\t\t\t\t\t\t\t\t\t<\/figure>\n\t\t\t\t\t\t\t\t\t<\/div>\n\t\t\t\t<\/div>\n\t\t\t\t<div class=\"elementor-element elementor-element-e0f291d elementor-widget-divider--view-line elementor-widget elementor-widget-divider\" data-id=\"e0f291d\" data-element_type=\"widget\" data-e-type=\"widget\" data-widget_type=\"divider.default\">\n\t\t\t\t<div class=\"elementor-widget-container\">\n\t\t\t\t\t\t\t<div class=\"elementor-divider\">\n\t\t\t<span class=\"elementor-divider-separator\">\n\t\t\t\t\t\t<\/span>\n\t\t<\/div>\n\t\t\t\t\t\t<\/div>\n\t\t\t\t<\/div>\n\t\t\t\t<div class=\"elementor-element elementor-element-4b6b4e7 elementor-widget elementor-widget-text-editor\" data-id=\"4b6b4e7\" data-element_type=\"widget\" data-e-type=\"widget\" data-widget_type=\"text-editor.default\">\n\t\t\t\t<div class=\"elementor-widget-container\">\n\t\t\t\t\t\t\t\t\t<h4><strong>Importance pour l'approvisionnement en \u00e9lectricit\u00e9 :<\/strong><\/h4><p>Les transformateurs \/ stations sont indispensables pour l'approvisionnement en \u00e9nergie \u00e0 proximit\u00e9 des consommateurs finaux. Ils veillent \u00e0 ce que l'\u00e9nergie \u00e9lectrique soit achemin\u00e9e de mani\u00e8re s\u00fbre et efficace du producteur au consommateur. Ces stations contribuent donc largement \u00e0 la stabilit\u00e9 et \u00e0 la fiabilit\u00e9 du r\u00e9seau \u00e9lectrique.<\/p>\t\t\t\t\t\t\t\t<\/div>\n\t\t\t\t<\/div>\n\t\t\t\t<div class=\"elementor-element elementor-element-9407cb6 elementor-widget elementor-widget-image\" data-id=\"9407cb6\" data-element_type=\"widget\" data-e-type=\"widget\" data-widget_type=\"image.default\">\n\t\t\t\t<div class=\"elementor-widget-container\">\n\t\t\t\t\t\t\t\t\t\t\t\t<figure class=\"wp-caption\">\n\t\t\t\t\t\t\t\t\t\t\t<a  href=\"https:\/\/faber-etec.de\/wp-content\/uploads\/sites\/3\/2024\/07\/SL358D1.jpg\" title=\"SL358D1.jpg - \" data-elementor-open-lightbox=\"yes\" data-e-action-hash=\"#elementor-action%3Aaction%3Dlightbox%26settings%3DeyJpZCI6OTUxOCwidXJsIjoiaHR0cHM6XC9cL2ZhYmVyLWV0ZWMuZGVcL3dwLWNvbnRlbnRcL3VwbG9hZHNcL3NpdGVzXC8zXC8yMDI0XC8wN1wvU0wzNThEMS5qcGcifQ%3D%3D\">\n\t\t\t\t\t\t\t<img decoding=\"async\" width=\"768\" height=\"507\" src=\"https:\/\/faber-etec.de\/wp-content\/uploads\/sites\/3\/2024\/07\/SL358D1-768x507.jpg\" class=\"attachment-medium_large size-medium_large wp-image-9518\" alt=\"Poste de transformation avec transformateur et distribution basse tension pour l&#039;adaptation de la tension et une alimentation en \u00e9nergie s\u00fbre.\" srcset=\"https:\/\/faber-etec.de\/wp-content\/uploads\/sites\/3\/2024\/07\/SL358D1-768x507.jpg 768w, https:\/\/faber-etec.de\/wp-content\/uploads\/sites\/3\/2024\/07\/SL358D1-300x198.jpg 300w, https:\/\/faber-etec.de\/wp-content\/uploads\/sites\/3\/2024\/07\/SL358D1-1024x677.jpg 1024w, https:\/\/faber-etec.de\/wp-content\/uploads\/sites\/3\/2024\/07\/SL358D1-1536x1015.jpg 1536w, https:\/\/faber-etec.de\/wp-content\/uploads\/sites\/3\/2024\/07\/SL358D1-2048x1353.jpg 2048w, https:\/\/faber-etec.de\/wp-content\/uploads\/sites\/3\/2024\/07\/SL358D1-18x12.jpg 18w\" sizes=\"(max-width: 768px) 100vw, 768px\" title=\"Le wiki des transformateurs : Fonctionnement d&#039;une station compacte\" \/>\t\t\t\t\t\t\t\t<\/a>\n\t\t\t\t\t\t\t\t\t\t\t<figcaption class=\"widget-image-caption wp-caption-text\">Station de parc solaire ouverte de Faber E-Tec, sp\u00e9cialement con\u00e7ue pour la distribution interne d'\u00e9lectricit\u00e9 dans les parcs solaires. Pr\u00e9sente les \u00e9l\u00e9ments de commutation et les ventilateurs int\u00e9gr\u00e9s pour une gestion efficace de l'\u00e9nergie et du refroidissement.<\/figcaption>\n\t\t\t\t\t\t\t\t\t\t<\/figure>\n\t\t\t\t\t\t\t\t\t<\/div>\n\t\t\t\t<\/div>\n\t\t\t\t<div class=\"elementor-element elementor-element-fb20f82 elementor-cta--skin-cover elementor-cta--valign-middle elementor-bg-transform elementor-bg-transform-zoom-in elementor-widget elementor-widget-call-to-action\" data-id=\"fb20f82\" data-element_type=\"widget\" data-e-type=\"widget\" data-widget_type=\"call-to-action.default\">\n\t\t\t\t<div class=\"elementor-widget-container\">\n\t\t\t\t\t\t\t<div class=\"elementor-cta\">\n\t\t\t\t\t<div class=\"elementor-cta__bg-wrapper\">\n\t\t\t\t<div class=\"elementor-cta__bg elementor-bg\" style=\"background-image: url(https:\/\/faber-etec.de\/wp-content\/uploads\/sites\/3\/2024\/11\/Trafostation-fuer-Solarparks-Solarpark-Netzanschluss-Kompaktstationen-Kompakt-Trafostationen-Transformatorkompaktstationen-1024x655.avif);\" role=\"img\" aria-label=\"Station de transformation pour le raccordement au r\u00e9seau d&#039;un parc solaire avec station compacte Transformateur et stations de transformation compactes pour un transfert d&#039;\u00e9nergie fiable et une alimentation en \u00e9nergie durable.\"><\/div>\n\t\t\t\t<div class=\"elementor-cta__bg-overlay\"><\/div>\n\t\t\t<\/div>\n\t\t\t\t\t\t\t<div class=\"elementor-cta__content\">\n\t\t\t\t\n\t\t\t\t\t\t\t\t\t<h3 class=\"elementor-cta__title elementor-cta__content-item elementor-content-item\">\n\t\t\t\t\t\tStation compacte de transformation - Livraison rapide !\t\t\t\t\t<\/h3>\n\t\t\t\t\n\t\t\t\t\n\t\t\t\t\t\t\t\t\t<div class=\"elementor-cta__button-wrapper elementor-cta__content-item elementor-content-item\">\n\t\t\t\t\t<a class=\"elementor-cta__button elementor-button elementor-size-\"  href=\"https:\/\/faber-etec.de\/fr\/station-compacte\/\" title=\"Station compacte - Demander une station compacte\">\n\t\t\t\t\t\tDemander une station compacte <i aria-hidden=\"true\" class=\"fas fa-angle-right\"><\/i>\t\t\t\t\t<\/a>\n\t\t\t\t\t<\/div>\n\t\t\t\t\t\t\t<\/div>\n\t\t\t\t\t\t<\/div>\n\t\t\t\t\t\t<\/div>\n\t\t\t\t<\/div>\n\t\t\t\t<div class=\"elementor-element elementor-element-35451c9 elementor-widget-divider--view-line elementor-widget elementor-widget-divider\" data-id=\"35451c9\" data-element_type=\"widget\" data-e-type=\"widget\" data-widget_type=\"divider.default\">\n\t\t\t\t<div class=\"elementor-widget-container\">\n\t\t\t\t\t\t\t<div class=\"elementor-divider\">\n\t\t\t<span class=\"elementor-divider-separator\">\n\t\t\t\t\t\t<\/span>\n\t\t<\/div>\n\t\t\t\t\t\t<\/div>\n\t\t\t\t<\/div>\n\t\t\t\t<div class=\"elementor-element elementor-element-7215e9a elementor-widget elementor-widget-text-editor\" data-id=\"7215e9a\" data-element_type=\"widget\" data-e-type=\"widget\" data-widget_type=\"text-editor.default\">\n\t\t\t\t<div class=\"elementor-widget-container\">\n\t\t\t\t\t\t\t\t\t<h3>Aspects de s\u00e9curit\u00e9 (wiki sur les postes de transformation) :<\/h3><p>Les stations de transformation g\u00e9n\u00e8rent des champs magn\u00e9tiques \u00e0 basse fr\u00e9quence dont l'intensit\u00e9 d\u00e9pend de la charge et de la distance. Des densit\u00e9s de flux magn\u00e9tique d'environ 100 microtesla peuvent appara\u00eetre sur la paroi ext\u00e9rieure des stations compactes, ce qui correspond \u00e0 la valeur limite du 26e d\u00e9cret d'application de la loi f\u00e9d\u00e9rale sur la protection contre les immissions (26. BImSchV).<\/p>\t\t\t\t\t\t\t\t<\/div>\n\t\t\t\t<\/div>\n\t\t\t\t<div class=\"elementor-element elementor-element-e4f0204 elementor-widget elementor-widget-gallery\" data-id=\"e4f0204\" data-element_type=\"widget\" data-e-type=\"widget\" data-settings=\"{&quot;gallery_layout&quot;:&quot;justified&quot;,&quot;ideal_row_height&quot;:{&quot;unit&quot;:&quot;px&quot;,&quot;size&quot;:255,&quot;sizes&quot;:[]},&quot;lazyload&quot;:&quot;yes&quot;,&quot;ideal_row_height_laptop&quot;:{&quot;unit&quot;:&quot;px&quot;,&quot;size&quot;:150,&quot;sizes&quot;:[]},&quot;ideal_row_height_tablet_extra&quot;:{&quot;unit&quot;:&quot;px&quot;,&quot;size&quot;:150,&quot;sizes&quot;:[]},&quot;ideal_row_height_tablet&quot;:{&quot;unit&quot;:&quot;px&quot;,&quot;size&quot;:150,&quot;sizes&quot;:[]},&quot;ideal_row_height_mobile&quot;:{&quot;unit&quot;:&quot;px&quot;,&quot;size&quot;:150,&quot;sizes&quot;:[]},&quot;gap&quot;:{&quot;unit&quot;:&quot;px&quot;,&quot;size&quot;:10,&quot;sizes&quot;:[]},&quot;gap_laptop&quot;:{&quot;unit&quot;:&quot;px&quot;,&quot;size&quot;:10,&quot;sizes&quot;:[]},&quot;gap_tablet_extra&quot;:{&quot;unit&quot;:&quot;px&quot;,&quot;size&quot;:10,&quot;sizes&quot;:[]},&quot;gap_tablet&quot;:{&quot;unit&quot;:&quot;px&quot;,&quot;size&quot;:10,&quot;sizes&quot;:[]},&quot;gap_mobile&quot;:{&quot;unit&quot;:&quot;px&quot;,&quot;size&quot;:10,&quot;sizes&quot;:[]},&quot;link_to&quot;:&quot;file&quot;,&quot;overlay_background&quot;:&quot;yes&quot;,&quot;content_hover_animation&quot;:&quot;fade-in&quot;}\" data-widget_type=\"gallery.default\">\n\t\t\t\t<div class=\"elementor-widget-container\">\n\t\t\t\t\t\t\t<div class=\"elementor-gallery__container\">\n\t\t\t\t\t\t\t<a class=\"e-gallery-item elementor-gallery-item elementor-animated-content\"  href=\"https:\/\/faber-etec.de\/wp-content\/uploads\/sites\/3\/2024\/07\/SLIDER1.jpg\" title=\"SLIDER1.jpg - \" data-elementor-open-lightbox=\"yes\" data-elementor-lightbox-slideshow=\"e4f0204\" data-e-action-hash=\"#elementor-action%3Aaction%3Dlightbox%26settings%3DeyJpZCI6OTUxMCwidXJsIjoiaHR0cHM6XC9cL2ZhYmVyLWV0ZWMuZGVcL3dwLWNvbnRlbnRcL3VwbG9hZHNcL3NpdGVzXC8zXC8yMDI0XC8wN1wvU0xJREVSMS5qcGciLCJzbGlkZXNob3ciOiJlNGYwMjA0In0%3D\">\n\t\t\t\t\t<div class=\"e-gallery-image elementor-gallery-item__image\" data-thumbnail=\"https:\/\/faber-etec.de\/wp-content\/uploads\/sites\/3\/elementor\/thumbs\/SLIDER1-qrh9l0ixz40rpv72wmsl26884qx50r8hzja6rplzyo.jpg\" data-width=\"400\" data-height=\"\" aria-label=\"Poste de transformation peu encombrant pour une distribution fiable de l&#039;\u00e9lectricit\u00e9 en Rh\u00e9nanie-du-Nord-Westphalie.\" role=\"img\" ><\/div>\n\t\t\t\t\t\t\t\t\t\t\t<div class=\"elementor-gallery-item__overlay\"><\/div>\n\t\t\t\t\t\t\t\t\t\t\t\t\t\t<\/a>\n\t\t\t\t\t\t\t<a class=\"e-gallery-item elementor-gallery-item elementor-animated-content\"  href=\"https:\/\/faber-etec.de\/wp-content\/uploads\/sites\/3\/2024\/07\/001-Trafostation-Faber-E-Tec-Solarparkstation-Kompaktstation-E-Mobilitaet.webp\" title=\"001 Poste de transformation Faber E Tec Station de parc solaire Station compacte E Mobilitaet.webp - \" data-elementor-open-lightbox=\"yes\" data-elementor-lightbox-slideshow=\"e4f0204\" data-e-action-hash=\"#elementor-action%3Aaction%3Dlightbox%26settings%3DeyJpZCI6OTQwNSwidXJsIjoiaHR0cHM6XC9cL2ZhYmVyLWV0ZWMuZGVcL3dwLWNvbnRlbnRcL3VwbG9hZHNcL3NpdGVzXC8zXC8yMDI0XC8wN1wvMDAxLVRyYWZvc3RhdGlvbi1GYWJlci1FLVRlYy1Tb2xhcnBhcmtzdGF0aW9uLUtvbXBha3RzdGF0aW9uLUUtTW9iaWxpdGFldC53ZWJwIiwic2xpZGVzaG93IjoiZTRmMDIwNCJ9\">\n\t\t\t\t\t<div class=\"e-gallery-image elementor-gallery-item__image\" data-thumbnail=\"https:\/\/faber-etec.de\/wp-content\/uploads\/sites\/3\/elementor\/thumbs\/001-Trafostation-Faber-E-Tec-Solarparkstation-Kompaktstation-E-Mobilitaet-qrgkex1rvhn5y1covgufzbn1a6ye0j3fqrv1ib37wk.webp\" data-width=\"400\" data-height=\"\" aria-label=\"Poste de transformation avec transformateur et distribution basse tension pour l&#039;adaptation de la tension et une alimentation en \u00e9nergie s\u00fbre.\" role=\"img\" ><\/div>\n\t\t\t\t\t\t\t\t\t\t\t<div class=\"elementor-gallery-item__overlay\"><\/div>\n\t\t\t\t\t\t\t\t\t\t\t\t\t\t<\/a>\n\t\t\t\t\t\t\t<a class=\"e-gallery-item elementor-gallery-item elementor-animated-content\"  href=\"https:\/\/faber-etec.de\/wp-content\/uploads\/sites\/3\/2024\/07\/002-Trafostation-Faber-E-Tec-Solarparkstation-Kompaktstation-E-Mobilitaet.webp\" title=\"002 Poste de transformation Faber E Tec Station de parc solaire Station compacte E Mobilitaet.webp - \" data-elementor-open-lightbox=\"yes\" data-elementor-lightbox-slideshow=\"e4f0204\" data-e-action-hash=\"#elementor-action%3Aaction%3Dlightbox%26settings%3DeyJpZCI6OTQwNiwidXJsIjoiaHR0cHM6XC9cL2ZhYmVyLWV0ZWMuZGVcL3dwLWNvbnRlbnRcL3VwbG9hZHNcL3NpdGVzXC8zXC8yMDI0XC8wN1wvMDAyLVRyYWZvc3RhdGlvbi1GYWJlci1FLVRlYy1Tb2xhcnBhcmtzdGF0aW9uLUtvbXBha3RzdGF0aW9uLUUtTW9iaWxpdGFldC53ZWJwIiwic2xpZGVzaG93IjoiZTRmMDIwNCJ9\">\n\t\t\t\t\t<div class=\"e-gallery-image elementor-gallery-item__image\" data-thumbnail=\"https:\/\/faber-etec.de\/wp-content\/uploads\/sites\/3\/elementor\/thumbs\/002-Trafostation-Faber-E-Tec-Solarparkstation-Kompaktstation-E-Mobilitaet-qrgkf3mn7bw67b34t1otyrz9fw1yietk3offv8tgka.webp\" data-width=\"400\" data-height=\"\" aria-label=\"Poste de transformation moderne pour soutenir l&#039;extension du r\u00e9seau et adapter la distribution d&#039;\u00e9lectricit\u00e9 aux besoins \u00e9nerg\u00e9tiques croissants.\" role=\"img\" ><\/div>\n\t\t\t\t\t\t\t\t\t\t\t<div class=\"elementor-gallery-item__overlay\"><\/div>\n\t\t\t\t\t\t\t\t\t\t\t\t\t\t<\/a>\n\t\t\t\t\t\t\t<a class=\"e-gallery-item elementor-gallery-item elementor-animated-content\"  href=\"https:\/\/faber-etec.de\/wp-content\/uploads\/sites\/3\/2024\/07\/SLAD0A1.jpg\" title=\"SLAD0A1.jpg - \" data-elementor-open-lightbox=\"yes\" data-elementor-lightbox-slideshow=\"e4f0204\" data-e-action-hash=\"#elementor-action%3Aaction%3Dlightbox%26settings%3DeyJpZCI6OTUxNiwidXJsIjoiaHR0cHM6XC9cL2ZhYmVyLWV0ZWMuZGVcL3dwLWNvbnRlbnRcL3VwbG9hZHNcL3NpdGVzXC8zXC8yMDI0XC8wN1wvU0xBRDBBMS5qcGciLCJzbGlkZXNob3ciOiJlNGYwMjA0In0%3D\">\n\t\t\t\t\t<div class=\"e-gallery-image elementor-gallery-item__image\" data-thumbnail=\"https:\/\/faber-etec.de\/wp-content\/uploads\/sites\/3\/elementor\/thumbs\/SLAD0A1-qrh9o5bkr8b6f2n8lzjtddrjezh6ofoaf1kgcwyr80.jpg\" data-width=\"400\" data-height=\"\" aria-label=\"Installation ext\u00e9rieure d&#039;un poste de transformation pour une distribution efficace de l&#039;\u00e9lectricit\u00e9 moyenne tension dans les zones r\u00e9sidentielles allemandes.\" role=\"img\" ><\/div>\n\t\t\t\t\t\t\t\t\t\t\t<div class=\"elementor-gallery-item__overlay\"><\/div>\n\t\t\t\t\t\t\t\t\t\t\t\t\t\t<\/a>\n\t\t\t\t\t<\/div>\n\t\t\t\t\t<\/div>\n\t\t\t\t<\/div>\n\t\t\t\t<div class=\"elementor-element elementor-element-34cfcb6 elementor-widget elementor-widget-text-editor\" data-id=\"34cfcb6\" data-element_type=\"widget\" data-e-type=\"widget\" data-widget_type=\"text-editor.default\">\n\t\t\t\t<div class=\"elementor-widget-container\">\n\t\t\t\t\t\t\t\t\t<h3>Conclusion - Trafo-Wiki :<\/h3><p>Les stations de transformation jouent un r\u00f4le central dans l'approvisionnement moderne en \u00e9lectricit\u00e9. Ils permettent la transformation et la distribution n\u00e9cessaires de l'\u00e9nergie \u00e9lectrique et contribuent ainsi de mani\u00e8re d\u00e9cisive \u00e0 la stabilit\u00e9 et \u00e0 la fiabilit\u00e9 de notre r\u00e9seau \u00e9lectrique. Un poste de transformation permet de franchir de mani\u00e8re s\u00fbre et efficace le passage de la moyenne tension \u00e0 la basse tension - un \u00e9l\u00e9ment indispensable de toute infrastructure \u00e9nerg\u00e9tique moderne.<\/p>\t\t\t\t\t\t\t\t<\/div>\n\t\t\t\t<\/div>\n\t\t\t\t<div class=\"elementor-element elementor-element-a286c5a elementor-widget elementor-widget-image\" data-id=\"a286c5a\" data-element_type=\"widget\" data-e-type=\"widget\" data-widget_type=\"image.default\">\n\t\t\t\t<div class=\"elementor-widget-container\">\n\t\t\t\t\t\t\t\t\t\t\t\t<figure class=\"wp-caption\">\n\t\t\t\t\t\t\t\t\t\t\t<a  href=\"https:\/\/faber-etec.de\/wp-content\/uploads\/sites\/3\/2024\/07\/SLAB8F1.jpg\" title=\"SLAB8F1.jpg - \" data-elementor-open-lightbox=\"yes\" data-e-action-hash=\"#elementor-action%3Aaction%3Dlightbox%26settings%3DeyJpZCI6OTUyMiwidXJsIjoiaHR0cHM6XC9cL2ZhYmVyLWV0ZWMuZGVcL3dwLWNvbnRlbnRcL3VwbG9hZHNcL3NpdGVzXC8zXC8yMDI0XC8wN1wvU0xBQjhGMS5qcGcifQ%3D%3D\">\n\t\t\t\t\t\t\t<img decoding=\"async\" src=\"https:\/\/faber-etec.de\/wp-content\/uploads\/sites\/3\/elementor\/thumbs\/SLAB8F1-qrh9vk9uxo8p3xru3gneyw6q4y4bzic9aiea7d6590.jpg\" title=\"Poste de transformation avec bo\u00eetier de poste en b\u00e9ton pour une s\u00e9curit\u00e9 \u00e9lev\u00e9e\" alt=\"Poste de transformation en b\u00e9ton r\u00e9pondant \u00e0 des exigences de s\u00e9curit\u00e9 \u00e9lev\u00e9es et contr\u00f4lant les champs magn\u00e9tiques.\" loading=\"lazy\" \/>\t\t\t\t\t\t\t\t<\/a>\n\t\t\t\t\t\t\t\t\t\t\t<figcaption class=\"widget-image-caption wp-caption-text\">Station de parc solaire ferm\u00e9e de Faber E-Tec. Le bo\u00eetier compact et r\u00e9sistant aux intemp\u00e9ries prot\u00e8ge la technique interne et assure une alimentation \u00e9lectrique fiable.<\/figcaption>\n\t\t\t\t\t\t\t\t\t\t<\/figure>\n\t\t\t\t\t\t\t\t\t<\/div>\n\t\t\t\t<\/div>\n\t\t\t\t<div class=\"elementor-element elementor-element-c3229d5 elementor-widget-divider--view-line elementor-widget elementor-widget-divider\" data-id=\"c3229d5\" data-element_type=\"widget\" data-e-type=\"widget\" data-widget_type=\"divider.default\">\n\t\t\t\t<div class=\"elementor-widget-container\">\n\t\t\t\t\t\t\t<div class=\"elementor-divider\">\n\t\t\t<span class=\"elementor-divider-separator\">\n\t\t\t\t\t\t<\/span>\n\t\t<\/div>\n\t\t\t\t\t\t<\/div>\n\t\t\t\t<\/div>\n\t\t\t\t<div class=\"elementor-element elementor-element-dd1748f elementor-widget elementor-widget-heading\" data-id=\"dd1748f\" data-element_type=\"widget\" data-e-type=\"widget\" data-widget_type=\"heading.default\">\n\t\t\t\t<div class=\"elementor-widget-container\">\n\t\t\t\t\t<h2 class=\"elementor-heading-title elementor-size-default\">FOIRE AUX QUESTIONS (FAQ) : Autres questions <\/h2>\t\t\t\t<\/div>\n\t\t\t\t<\/div>\n\t\t\t\t<div class=\"elementor-element elementor-element-7b28902 faqaccordion elementor-widget elementor-widget-n-accordion\" data-id=\"7b28902\" data-element_type=\"widget\" data-e-type=\"widget\" data-settings=\"{&quot;default_state&quot;:&quot;all_collapsed&quot;,&quot;max_items_expended&quot;:&quot;one&quot;,&quot;n_accordion_animation_duration&quot;:{&quot;unit&quot;:&quot;ms&quot;,&quot;size&quot;:400,&quot;sizes&quot;:[]}}\" data-widget_type=\"nested-accordion.default\">\n\t\t\t\t<div class=\"elementor-widget-container\">\n\t\t\t\t\t\t\t<div class=\"e-n-accordion\" aria-label=\"L&#039;accord\u00e9on. Ouvre les liens avec Enter ou Space, ferme avec Escape, et navigue avec Arrow Keys.\">\n\t\t\t\t\t\t<details id=\"e-n-accordion-item-1290\" class=\"e-n-accordion-item\" >\n\t\t\t\t<summary class=\"e-n-accordion-item-title\" data-accordion-index=\"1\" tabindex=\"0\" aria-expanded=\"false\" aria-controls=\"e-n-accordion-item-1290\" >\n\t\t\t\t\t<span class='e-n-accordion-item-title-header'><div class=\"e-n-accordion-item-title-text\"> Quand ai-je besoin d'un poste de transformation ? <\/div><\/span>\n\t\t\t\t\t\t\t<span class='e-n-accordion-item-title-icon'>\n\t\t\t<span class='e-opened' ><i aria-hidden=\"true\" class=\"fas fa-minus\"><\/i><\/span>\n\t\t\t<span class='e-closed'><i aria-hidden=\"true\" class=\"fas fa-plus\"><\/i><\/span>\n\t\t<\/span>\n\n\t\t\t\t\t\t<\/summary>\n\t\t\t\t<div role=\"region\" aria-labelledby=\"e-n-accordion-item-1290\" class=\"elementor-element elementor-element-8f21c11 e-con-full e-flex e-con e-child\" data-id=\"8f21c11\" data-element_type=\"container\" data-e-type=\"container\">\n\t\t\t\t<div class=\"elementor-element elementor-element-7d45894 elementor-widget elementor-widget-text-editor\" data-id=\"7d45894\" data-element_type=\"widget\" data-e-type=\"widget\" data-widget_type=\"text-editor.default\">\n\t\t\t\t<div class=\"elementor-widget-container\">\n\t\t\t\t\t\t\t\t\t<p>Un poste de transformation est n\u00e9cessaire lorsque l'\u00e9nergie \u00e9lectrique doit \u00eatre convertie de la moyenne \u00e0 la basse tension. C'est surtout le cas pour les grands projets \u00e9nerg\u00e9tiques tels que les installations industrielles, les stations de recharge et les parcs solaires.<\/p>\t\t\t\t\t\t\t\t<\/div>\n\t\t\t\t<\/div>\n\t\t\t\t<\/div>\n\t\t\t\t\t<\/details>\n\t\t\t\t\t\t<details id=\"e-n-accordion-item-1291\" class=\"e-n-accordion-item\" >\n\t\t\t\t<summary class=\"e-n-accordion-item-title\" data-accordion-index=\"2\" tabindex=\"-1\" aria-expanded=\"false\" aria-controls=\"e-n-accordion-item-1291\" >\n\t\t\t\t\t<span class='e-n-accordion-item-title-header'><div class=\"e-n-accordion-item-title-text\"> Que fait un poste de transformation ? <\/div><\/span>\n\t\t\t\t\t\t\t<span class='e-n-accordion-item-title-icon'>\n\t\t\t<span class='e-opened' ><i aria-hidden=\"true\" class=\"fas fa-minus\"><\/i><\/span>\n\t\t\t<span class='e-closed'><i aria-hidden=\"true\" class=\"fas fa-plus\"><\/i><\/span>\n\t\t<\/span>\n\n\t\t\t\t\t\t<\/summary>\n\t\t\t\t<div role=\"region\" aria-labelledby=\"e-n-accordion-item-1291\" class=\"elementor-element elementor-element-ad75eaa e-con-full e-flex e-con e-child\" data-id=\"ad75eaa\" data-element_type=\"container\" data-e-type=\"container\">\n\t\t\t\t<div class=\"elementor-element elementor-element-7dfbcd5 elementor-widget elementor-widget-text-editor\" data-id=\"7dfbcd5\" data-element_type=\"widget\" data-e-type=\"widget\" data-widget_type=\"text-editor.default\">\n\t\t\t\t<div class=\"elementor-widget-container\">\n\t\t\t\t\t\t\t\t\t<p>Un poste de transformation transforme la moyenne tension en basse tension et distribue l'\u00e9lectricit\u00e9 en toute s\u00e9curit\u00e9 aux diff\u00e9rents consommateurs finaux. Elle assure ainsi un approvisionnement stable en \u00e9nergie et prot\u00e8ge le r\u00e9seau contre les surcharges.<\/p>\t\t\t\t\t\t\t\t<\/div>\n\t\t\t\t<\/div>\n\t\t\t\t<\/div>\n\t\t\t\t\t<\/details>\n\t\t\t\t\t\t<details id=\"e-n-accordion-item-1292\" class=\"e-n-accordion-item\" >\n\t\t\t\t<summary class=\"e-n-accordion-item-title\" data-accordion-index=\"3\" tabindex=\"-1\" aria-expanded=\"false\" aria-controls=\"e-n-accordion-item-1292\" >\n\t\t\t\t\t<span class='e-n-accordion-item-title-header'><div class=\"e-n-accordion-item-title-text\"> Combien de kW a un poste de transformation ? <\/div><\/span>\n\t\t\t\t\t\t\t<span class='e-n-accordion-item-title-icon'>\n\t\t\t<span class='e-opened' ><i aria-hidden=\"true\" class=\"fas fa-minus\"><\/i><\/span>\n\t\t\t<span class='e-closed'><i aria-hidden=\"true\" class=\"fas fa-plus\"><\/i><\/span>\n\t\t<\/span>\n\n\t\t\t\t\t\t<\/summary>\n\t\t\t\t<div role=\"region\" aria-labelledby=\"e-n-accordion-item-1292\" class=\"elementor-element elementor-element-f2ab2e4 e-con-full e-flex e-con e-child\" data-id=\"f2ab2e4\" data-element_type=\"container\" data-e-type=\"container\">\n\t\t\t\t<div class=\"elementor-element elementor-element-fd6104e elementor-widget elementor-widget-text-editor\" data-id=\"fd6104e\" data-element_type=\"widget\" data-e-type=\"widget\" data-widget_type=\"text-editor.default\">\n\t\t\t\t<div class=\"elementor-widget-container\">\n\t\t\t\t\t\t\t\t\t<p>La puissance d'un poste de transformation peut varier consid\u00e9rablement et se situe souvent entre 100 kW et plusieurs m\u00e9gawatts. La puissance exacte d\u00e9pend des exigences de chaque projet. <a  href=\"https:\/\/faber-etec.de\/fr\/produits\/\" title=\"Produits - Tous les produits\">Tous les produits<\/a><\/p>\t\t\t\t\t\t\t\t<\/div>\n\t\t\t\t<\/div>\n\t\t\t\t<\/div>\n\t\t\t\t\t<\/details>\n\t\t\t\t\t\t<details id=\"e-n-accordion-item-1293\" class=\"e-n-accordion-item\" >\n\t\t\t\t<summary class=\"e-n-accordion-item-title\" data-accordion-index=\"4\" tabindex=\"-1\" aria-expanded=\"false\" aria-controls=\"e-n-accordion-item-1293\" >\n\t\t\t\t\t<span class='e-n-accordion-item-title-header'><div class=\"e-n-accordion-item-title-text\"> Combien co\u00fbte un poste de transformation ? <\/div><\/span>\n\t\t\t\t\t\t\t<span class='e-n-accordion-item-title-icon'>\n\t\t\t<span class='e-opened' ><i aria-hidden=\"true\" class=\"fas fa-minus\"><\/i><\/span>\n\t\t\t<span class='e-closed'><i aria-hidden=\"true\" class=\"fas fa-plus\"><\/i><\/span>\n\t\t<\/span>\n\n\t\t\t\t\t\t<\/summary>\n\t\t\t\t<div role=\"region\" aria-labelledby=\"e-n-accordion-item-1293\" class=\"elementor-element elementor-element-701412f e-con-full e-flex e-con e-child\" data-id=\"701412f\" data-element_type=\"container\" data-e-type=\"container\">\n\t\t\t\t<div class=\"elementor-element elementor-element-a735e25 elementor-widget elementor-widget-text-editor\" data-id=\"a735e25\" data-element_type=\"widget\" data-e-type=\"widget\" data-widget_type=\"text-editor.default\">\n\t\t\t\t<div class=\"elementor-widget-container\">\n\t\t\t\t\t\t\t\t\t<p>Le co\u00fbt d'un poste de transformation d\u00e9pend de sa taille et de son utilisation. Typiquement, les co\u00fbts sont de l'ordre de plusieurs dizaines de milliers \u00e0 plusieurs centaines de milliers d'euros. <a  href=\"https:\/\/faber-etec.de\/fr\/demander\/\" title=\"Demandes - Envoyer une demande de transformateur\">Envoyer une demande de transformateur<\/a><\/p>\t\t\t\t\t\t\t\t<\/div>\n\t\t\t\t<\/div>\n\t\t\t\t<\/div>\n\t\t\t\t\t<\/details>\n\t\t\t\t\t\t<details id=\"e-n-accordion-item-1294\" class=\"e-n-accordion-item\" >\n\t\t\t\t<summary class=\"e-n-accordion-item-title\" data-accordion-index=\"5\" tabindex=\"-1\" aria-expanded=\"false\" aria-controls=\"e-n-accordion-item-1294\" >\n\t\t\t\t\t<span class='e-n-accordion-item-title-header'><div class=\"e-n-accordion-item-title-text\"> \u00c0 quelle fr\u00e9quence un poste de transformation doit-il \u00eatre entretenu ? <\/div><\/span>\n\t\t\t\t\t\t\t<span class='e-n-accordion-item-title-icon'>\n\t\t\t<span class='e-opened' ><i aria-hidden=\"true\" class=\"fas fa-minus\"><\/i><\/span>\n\t\t\t<span class='e-closed'><i aria-hidden=\"true\" class=\"fas fa-plus\"><\/i><\/span>\n\t\t<\/span>\n\n\t\t\t\t\t\t<\/summary>\n\t\t\t\t<div role=\"region\" aria-labelledby=\"e-n-accordion-item-1294\" class=\"elementor-element elementor-element-9f18bf9 e-con-full e-flex e-con e-child\" data-id=\"9f18bf9\" data-element_type=\"container\" data-e-type=\"container\">\n\t\t\t\t<div class=\"elementor-element elementor-element-a7f801b elementor-widget elementor-widget-text-editor\" data-id=\"a7f801b\" data-element_type=\"widget\" data-e-type=\"widget\" data-widget_type=\"text-editor.default\">\n\t\t\t\t<div class=\"elementor-widget-container\">\n\t\t\t\t\t\t\t\t\t<p>Un poste de transformation doit \u00eatre entretenu r\u00e9guli\u00e8rement, g\u00e9n\u00e9ralement une fois par an, afin de garantir son efficacit\u00e9 et sa s\u00e9curit\u00e9 \u00e0 long terme.<a  href=\"https:\/\/faber-etec.de\/fr\/recherche-et-developpement\/trafostation-reinigen\/\" title=\"Nettoyage des postes de transformation - En savoir plus sur le nettoyage des postes de transformation\"> En savoir plus sur le nettoyage des postes de transformation<\/a><\/p>\t\t\t\t\t\t\t\t<\/div>\n\t\t\t\t<\/div>\n\t\t\t\t<\/div>\n\t\t\t\t\t<\/details>\n\t\t\t\t\t<\/div>\n\t\t\t\t\t\n\t\t\t\t\t\t\t<\/div>\n\t\t\t\t<\/div>\n\t\t\t\t<div class=\"elementor-element elementor-element-c0234f7 elementor-align-center elementor-widget__width-auto elementor-widget elementor-widget-button\" data-id=\"c0234f7\" data-element_type=\"widget\" data-e-type=\"widget\" data-widget_type=\"button.default\">\n\t\t\t\t<div class=\"elementor-widget-container\">\n\t\t\t\t\t\t\t\t\t<div class=\"elementor-button-wrapper\">\n\t\t\t\t\t<a class=\"elementor-button elementor-button-link elementor-size-sm\"  href=\"https:\/\/faber-etec.de\/fr\/faq\/\" title=\"Faq - FAQ : questions et r\u00e9ponses\" target=\"_blank\">\n\t\t\t\t\t\t<span class=\"elementor-button-content-wrapper\">\n\t\t\t\t\t\t<span class=\"elementor-button-icon\">\n\t\t\t\t<i aria-hidden=\"true\" class=\"fas fa-angle-right\"><\/i>\t\t\t<\/span>\n\t\t\t\t\t\t\t\t\t<span class=\"elementor-button-text\">FAQ : questions et r\u00e9ponses<\/span>\n\t\t\t\t\t<\/span>\n\t\t\t\t\t<\/a>\n\t\t\t\t<\/div>\n\t\t\t\t\t\t\t\t<\/div>\n\t\t\t\t<\/div>\n\t\t\t\t<div class=\"elementor-element elementor-element-16f2c60 elementor-widget-divider--view-line elementor-widget elementor-widget-divider\" data-id=\"16f2c60\" data-element_type=\"widget\" data-e-type=\"widget\" data-widget_type=\"divider.default\">\n\t\t\t\t<div class=\"elementor-widget-container\">\n\t\t\t\t\t\t\t<div class=\"elementor-divider\">\n\t\t\t<span class=\"elementor-divider-separator\">\n\t\t\t\t\t\t<\/span>\n\t\t<\/div>\n\t\t\t\t\t\t<\/div>\n\t\t\t\t<\/div>\n\t\t\t\t<div class=\"elementor-element elementor-element-2abd892 elementor-widget elementor-widget-heading\" data-id=\"2abd892\" data-element_type=\"widget\" data-e-type=\"widget\" data-widget_type=\"heading.default\">\n\t\t\t\t<div class=\"elementor-widget-container\">\n\t\t\t\t\t<h3 class=\"elementor-heading-title elementor-size-default\">Informations compl\u00e9mentaires et liens externes\n<\/h3>\t\t\t\t<\/div>\n\t\t\t\t<\/div>\n\t\t\t\t<div class=\"elementor-element elementor-element-4231cdf elementor-widget elementor-widget-text-editor\" data-id=\"4231cdf\" data-element_type=\"widget\" data-e-type=\"widget\" data-widget_type=\"text-editor.default\">\n\t\t\t\t<div class=\"elementor-widget-container\">\n\t\t\t\t\t\t\t\t\t<ul><li><a href=\"https:\/\/de.wikipedia.org\/wiki\/Transformatorenstation\" title=\"Poste de transformation - Wikipedia - Poste de transformation\" target=\"_blank\" rel=\"noopener\">Wikipedia - Poste de transformation<\/a><\/li><li><a href=\"https:\/\/de.wikipedia.org\/wiki\/Transformator\" title=\"Transformateur - Wikipedia - Transformateur\" target=\"_blank\" rel=\"nofollow noopener\">Wikipedia - Transformateur<\/a><\/li><li><a href=\"https:\/\/de.wikipedia.org\/wiki\/Leistungstransformator\" title=\"Transformateur de puissance - Wikipedia - Transformateur de puissance\" target=\"_blank\" rel=\"nofollow noopener\">Wikipedia - Transformateur de puissance<\/a><\/li><li><a href=\"https:\/\/sync.einsatzleiterwiki.de\/doku.php?id=brand:trafostation\" title=\"Doku.php - Einsatzleiterwiki - Poste de transformation \/ sous-station \u00e9lectrique\" target=\"_blank\" rel=\"nofollow noopener\">Einsatzleiterwiki - Poste de transformation \/ sous-station \u00e9lectrique<\/a><\/li><\/ul>\t\t\t\t\t\t\t\t<\/div>\n\t\t\t\t<\/div>\n\t\t\t\t\t<\/div>\n\t\t\t\t<\/div>\n\t\t\t\t<\/div>","protected":false},"excerpt":{"rendered":"<p>Les stations de transformation sont des n\u0153uds importants du r\u00e9seau \u00e9lectrique. Ils transforment la moyenne tension en basse tension n\u00e9cessaire et assurent ainsi une alimentation \u00e9lectrique fiable pour les installations industrielles, les stations de recharge, les parcs solaires et autres applications \u00e0 grande \u00e9chelle.<\/p>","protected":false},"author":2,"featured_media":14811,"comment_status":"closed","ping_status":"open","sticky":false,"template":"","format":"standard","meta":{"_acf_changed":false,"footnotes":""},"categories":[52],"tags":[37],"class_list":["post-14774","post","type-post","status-publish","format-standard","has-post-thumbnail","hentry","category-forschung-und-entwicklung","tag-trafostation"],"acf":[],"_links":{"self":[{"href":"https:\/\/faber-etec.de\/fr\/wp-json\/wp\/v2\/posts\/14774","targetHints":{"allow":["GET"]}}],"collection":[{"href":"https:\/\/faber-etec.de\/fr\/wp-json\/wp\/v2\/posts"}],"about":[{"href":"https:\/\/faber-etec.de\/fr\/wp-json\/wp\/v2\/types\/post"}],"author":[{"embeddable":true,"href":"https:\/\/faber-etec.de\/fr\/wp-json\/wp\/v2\/users\/2"}],"replies":[{"embeddable":true,"href":"https:\/\/faber-etec.de\/fr\/wp-json\/wp\/v2\/comments?post=14774"}],"version-history":[{"count":11,"href":"https:\/\/faber-etec.de\/fr\/wp-json\/wp\/v2\/posts\/14774\/revisions"}],"predecessor-version":[{"id":17411,"href":"https:\/\/faber-etec.de\/fr\/wp-json\/wp\/v2\/posts\/14774\/revisions\/17411"}],"wp:featuredmedia":[{"embeddable":true,"href":"https:\/\/faber-etec.de\/fr\/wp-json\/wp\/v2\/media\/14811"}],"wp:attachment":[{"href":"https:\/\/faber-etec.de\/fr\/wp-json\/wp\/v2\/media?parent=14774"}],"wp:term":[{"taxonomy":"category","embeddable":true,"href":"https:\/\/faber-etec.de\/fr\/wp-json\/wp\/v2\/categories?post=14774"},{"taxonomy":"post_tag","embeddable":true,"href":"https:\/\/faber-etec.de\/fr\/wp-json\/wp\/v2\/tags?post=14774"}],"curies":[{"name":"wp","href":"https:\/\/api.w.org\/{rel}","templated":true}]}}