{"id":15047,"date":"2024-12-02T01:46:57","date_gmt":"2024-12-02T00:46:57","guid":{"rendered":"https:\/\/faber-etec.de\/?p=15047"},"modified":"2024-12-09T15:20:15","modified_gmt":"2024-12-09T14:20:15","slug":"trafostation-supercharger","status":"publish","type":"post","link":"https:\/\/faber-etec.de\/fr\/projekte\/trafostation-supercharger\/","title":{"rendered":"Postes de transformation compacts individuels utilis\u00e9s pour les stations de recharge rapide"},"content":{"rendered":"<div data-elementor-type=\"wp-post\" data-elementor-id=\"15047\" class=\"elementor elementor-15047\" data-elementor-post-type=\"post\">\n\t\t\t\t<div class=\"elementor-element elementor-element-0f59f83 e-flex e-con-boxed e-con e-parent\" data-id=\"0f59f83\" data-element_type=\"container\" data-e-type=\"container\">\n\t\t\t\t\t<div class=\"e-con-inner\">\n\t\t\t\t<div class=\"elementor-element elementor-element-32965d9 elementor-widget elementor-widget-heading\" data-id=\"32965d9\" data-element_type=\"widget\" data-e-type=\"widget\" data-widget_type=\"heading.default\">\n\t\t\t\t<div class=\"elementor-widget-container\">\n\t\t\t\t\t<h2 class=\"elementor-heading-title elementor-size-default\">Une alimentation en \u00e9nergie parfaite pour les stations de recharge rapide \u00e0 Bissendorf - Notre station compacte Trafo en action<\/h2>\t\t\t\t<\/div>\n\t\t\t\t<\/div>\n\t\t\t\t<div class=\"elementor-element elementor-element-1d134c4 elementor-widget elementor-widget-text-editor\" data-id=\"1d134c4\" data-element_type=\"widget\" data-e-type=\"widget\" data-widget_type=\"text-editor.default\">\n\t\t\t\t<div class=\"elementor-widget-container\">\n\t\t\t\t\t\t\t\t\t<p>La demande croissante d'e-mobilit\u00e9 n\u00e9cessite des solutions innovantes et performantes en mati\u00e8re d'infrastructure de recharge. C'est pr\u00e9cis\u00e9ment l\u00e0 qu'intervient notre <strong>Transformateur <a  href=\"https:\/\/faber-etec.de\/fr\/station-compacte\/\" title=\"Station compacte - Station compacte\">Station compacte<\/a><\/strong> que nous avons cr\u00e9\u00e9s sp\u00e9cialement pour le nouveau <a title=\"\" href=\"https:\/\/de.wikipedia.org\/wiki\/Ladestation_(Elektrofahrzeug)\" target=\"_blank\" rel=\"noopener\">Stations de recharge rapide<\/a>\u00a0-\u00e0 Bissendorf, en Allemagne. Avec 16 places de chargement et une puissance de chargement allant jusqu'\u00e0 250 kW par borne, ce site assure un chargement efficace et rapide - 24 heures sur 24.<\/p>\t\t\t\t\t\t\t\t<\/div>\n\t\t\t\t<\/div>\n\t\t\t\t<div class=\"elementor-element elementor-element-f33b454 elementor-widget elementor-widget-image\" data-id=\"f33b454\" data-element_type=\"widget\" data-e-type=\"widget\" data-widget_type=\"image.default\">\n\t\t\t\t<div class=\"elementor-widget-container\">\n\t\t\t\t\t\t\t\t\t\t\t\t<figure class=\"wp-caption\">\n\t\t\t\t\t\t\t\t\t\t<img fetchpriority=\"high\" decoding=\"async\" width=\"800\" height=\"449\" src=\"https:\/\/faber-etec.de\/wp-content\/uploads\/sites\/3\/2024\/12\/027-Supercharger-Faber-E-Tec-Kompakt-Trafostation-Schnellladestationen-Elektromobilitaet-1024x575.jpg\" class=\"attachment-large size-large wp-image-15055\" alt=\"Station compacte de transformation sur mesure pour le parc de recharge Tesla\" srcset=\"https:\/\/faber-etec.de\/wp-content\/uploads\/sites\/3\/2024\/12\/027-Supercharger-Faber-E-Tec-Kompakt-Trafostation-Schnellladestationen-Elektromobilitaet-1024x575.jpg 1024w, https:\/\/faber-etec.de\/wp-content\/uploads\/sites\/3\/2024\/12\/027-Supercharger-Faber-E-Tec-Kompakt-Trafostation-Schnellladestationen-Elektromobilitaet-300x168.jpg 300w, https:\/\/faber-etec.de\/wp-content\/uploads\/sites\/3\/2024\/12\/027-Supercharger-Faber-E-Tec-Kompakt-Trafostation-Schnellladestationen-Elektromobilitaet-768x431.jpg 768w, https:\/\/faber-etec.de\/wp-content\/uploads\/sites\/3\/2024\/12\/027-Supercharger-Faber-E-Tec-Kompakt-Trafostation-Schnellladestationen-Elektromobilitaet-18x10.jpg 18w, https:\/\/faber-etec.de\/wp-content\/uploads\/sites\/3\/2024\/12\/027-Supercharger-Faber-E-Tec-Kompakt-Trafostation-Schnellladestationen-Elektromobilitaet.jpg 1500w\" sizes=\"(max-width: 800px) 100vw, 800px\" title=\"Station compacte de transformation pour stations de recharge \u00e9lectriques puissantes\" \/>\t\t\t\t\t\t\t\t\t\t\t<figcaption class=\"widget-image-caption wp-caption-text\">La photo montre la station de transformation compacte \u00e0 la station de recharge rapide de Bissendorf. La station a \u00e9t\u00e9 con\u00e7ue pour r\u00e9pondre exactement aux exigences de l'infrastructure de recharge et s'int\u00e8gre harmonieusement dans l'environnement avec la station-service, le Netto et d'autres installations.<\/figcaption>\n\t\t\t\t\t\t\t\t\t\t<\/figure>\n\t\t\t\t\t\t\t\t\t<\/div>\n\t\t\t\t<\/div>\n\t\t\t\t<div class=\"elementor-element elementor-element-45dc452 elementor-widget elementor-widget-heading\" data-id=\"45dc452\" data-element_type=\"widget\" data-e-type=\"widget\" data-widget_type=\"heading.default\">\n\t\t\t\t<div class=\"elementor-widget-container\">\n\t\t\t\t\t<h3 class=\"elementor-heading-title elementor-size-default\">Technique sur mesure pour les stations de recharge rapide pour voitures \u00e9lectriques<\/h3>\t\t\t\t<\/div>\n\t\t\t\t<\/div>\n\t\t\t\t<div class=\"elementor-element elementor-element-90a8b17 elementor-widget elementor-widget-text-editor\" data-id=\"90a8b17\" data-element_type=\"widget\" data-e-type=\"widget\" data-widget_type=\"text-editor.default\">\n\t\t\t\t<div class=\"elementor-widget-container\">\n\t\t\t\t\t\t\t\t\t<p>Notre site <strong>Poste de transformation compact<\/strong> est la pi\u00e8ce ma\u00eetresse de ce parc de recharge et assure de mani\u00e8re fiable l'alimentation en \u00e9nergie des stations de recharge rapide. La station a \u00e9t\u00e9 adapt\u00e9e aux exigences du client non seulement sur le plan technique, mais aussi sur le plan esth\u00e9tique : la peinture a \u00e9t\u00e9 r\u00e9alis\u00e9e dans les couleurs de l'entreprise. <strong>Couleurs de l'entreprise<\/strong> du client, ce qui est non seulement fonctionnel, mais aussi esth\u00e9tique. Notre poste de transformation s'int\u00e8gre ainsi parfaitement \u00e0 l'image de l'installation.<\/p><h4>Avantages de notre station compacte de transformateur :<\/h4><ul><li><strong>Haute performance pour l'e-mobilit\u00e9<\/strong>Avec une construction robuste et une technologie de pointe, la station est id\u00e9ale pour les parcs de charge comme celui-ci, qui doivent fournir de grandes quantit\u00e9s d'\u00e9nergie de mani\u00e8re fiable.<\/li><li>Adaptabilit\u00e9 : la personnalisation aux couleurs du client montre la flexibilit\u00e9 dont nous faisons preuve pour r\u00e9pondre aux souhaits des clients.<\/li><li>Durabilit\u00e9 : nos stations compactes de transformation sont con\u00e7ues pour une efficacit\u00e9 et une long\u00e9vit\u00e9 maximales, ce qui permet non seulement de r\u00e9duire les co\u00fbts, mais aussi de contribuer \u00e0 la transition \u00e9nerg\u00e9tique.<\/li><\/ul>\t\t\t\t\t\t\t\t<\/div>\n\t\t\t\t<\/div>\n\t\t\t\t<div class=\"elementor-element elementor-element-8ff2dc0 elementor-widget__width-initial elementor-widget elementor-widget-gallery\" data-id=\"8ff2dc0\" data-element_type=\"widget\" data-e-type=\"widget\" data-settings=\"{&quot;gallery_layout&quot;:&quot;justified&quot;,&quot;ideal_row_height_mobile&quot;:{&quot;unit&quot;:&quot;px&quot;,&quot;size&quot;:115,&quot;sizes&quot;:[]},&quot;lazyload&quot;:&quot;yes&quot;,&quot;ideal_row_height&quot;:{&quot;unit&quot;:&quot;px&quot;,&quot;size&quot;:200,&quot;sizes&quot;:[]},&quot;ideal_row_height_laptop&quot;:{&quot;unit&quot;:&quot;px&quot;,&quot;size&quot;:150,&quot;sizes&quot;:[]},&quot;ideal_row_height_tablet_extra&quot;:{&quot;unit&quot;:&quot;px&quot;,&quot;size&quot;:150,&quot;sizes&quot;:[]},&quot;ideal_row_height_tablet&quot;:{&quot;unit&quot;:&quot;px&quot;,&quot;size&quot;:150,&quot;sizes&quot;:[]},&quot;gap&quot;:{&quot;unit&quot;:&quot;px&quot;,&quot;size&quot;:10,&quot;sizes&quot;:[]},&quot;gap_laptop&quot;:{&quot;unit&quot;:&quot;px&quot;,&quot;size&quot;:10,&quot;sizes&quot;:[]},&quot;gap_tablet_extra&quot;:{&quot;unit&quot;:&quot;px&quot;,&quot;size&quot;:10,&quot;sizes&quot;:[]},&quot;gap_tablet&quot;:{&quot;unit&quot;:&quot;px&quot;,&quot;size&quot;:10,&quot;sizes&quot;:[]},&quot;gap_mobile&quot;:{&quot;unit&quot;:&quot;px&quot;,&quot;size&quot;:10,&quot;sizes&quot;:[]},&quot;overlay_background&quot;:&quot;yes&quot;,&quot;content_hover_animation&quot;:&quot;fade-in&quot;}\" data-widget_type=\"gallery.default\">\n\t\t\t\t<div class=\"elementor-widget-container\">\n\t\t\t\t\t\t\t<div class=\"elementor-gallery__container\">\n\t\t\t\t\t\t\t<div class=\"e-gallery-item elementor-gallery-item elementor-animated-content\">\n\t\t\t\t\t<div class=\"e-gallery-image elementor-gallery-item__image\" data-thumbnail=\"https:\/\/faber-etec.de\/wp-content\/uploads\/sites\/3\/2024\/12\/Supercharger-Faber-E-Tec-Kompakt-Trafostation-Schnellladestationen-Elektromobilitaet_19-768x512.jpg\" data-width=\"768\" data-height=\"512\" aria-label=\"Transformateur compact aux couleurs du client pour la station de recharge pour voitures \u00e9lectriques de Bissendorf\" role=\"img\" ><\/div>\n\t\t\t\t\t\t\t\t\t\t\t<div class=\"elementor-gallery-item__overlay\"><\/div>\n\t\t\t\t\t\t\t\t\t\t\t\t\t\t<\/div>\n\t\t\t\t\t\t\t<div class=\"e-gallery-item elementor-gallery-item elementor-animated-content\">\n\t\t\t\t\t<div class=\"e-gallery-image elementor-gallery-item__image\" data-thumbnail=\"https:\/\/faber-etec.de\/wp-content\/uploads\/sites\/3\/2024\/12\/035-Supercharger-Faber-E-Tec-Kompakt-Trafostation-Schnellladestationen-Elektromobilitaet-768x430.jpg\" data-width=\"768\" data-height=\"430\" aria-label=\"Poste de transformation compact pour station de recharge \u00e0 Bissendorf\" role=\"img\" ><\/div>\n\t\t\t\t\t\t\t\t\t\t\t<div class=\"elementor-gallery-item__overlay\"><\/div>\n\t\t\t\t\t\t\t\t\t\t\t\t\t\t<\/div>\n\t\t\t\t\t<\/div>\n\t\t\t\t\t<\/div>\n\t\t\t\t<\/div>\n\t\t\t\t<div class=\"elementor-element elementor-element-11a59fd elementor-widget elementor-widget-text-editor\" data-id=\"11a59fd\" data-element_type=\"widget\" data-e-type=\"widget\" data-widget_type=\"text-editor.default\">\n\t\t\t\t<div class=\"elementor-widget-container\">\n\t\t\t\t\t\t\t\t\t<h4>Bornes de recharge rapide pour voitures \u00e9lectriques \u00e0 Bissendorf<\/h4><p>Le site ne convainc pas seulement par son excellente connexion aux autoroutes A30 et A33, mais aussi par les commodit\u00e9s suppl\u00e9mentaires sur place :<\/p><ul><li>Acc\u00e8s 24h\/24 aux bornes de recharge.<\/li><li>des possibilit\u00e9s d'achat comme Netto et Getr\u00e4nke Hoffmann ainsi que des offres de restauration comme la station-service Westfalen, la boulangerie Wellmann et d'autres magasins<\/li><li>Une exp\u00e9rience de recharge confortable avec des connecteurs modernes compatibles CCS.<\/li><\/ul><p>Les visiteurs appr\u00e9cient particuli\u00e8rement la proximit\u00e9 de l'autoroute, l'acc\u00e8s rapide et la possibilit\u00e9 d'utiliser le temps de charge pour faire des courses ou des pauses. Notre station de transformation compacte veille \u00e0 ce que tout cela fonctionne sans probl\u00e8me.<\/p>\t\t\t\t\t\t\t\t<\/div>\n\t\t\t\t<\/div>\n\t\t\t\t<div class=\"elementor-element elementor-element-1df176b elementor-widget elementor-widget-image\" data-id=\"1df176b\" data-element_type=\"widget\" data-e-type=\"widget\" data-widget_type=\"image.default\">\n\t\t\t\t<div class=\"elementor-widget-container\">\n\t\t\t\t\t\t\t\t\t\t\t\t<figure class=\"wp-caption\">\n\t\t\t\t\t\t\t\t\t\t<img decoding=\"async\" width=\"800\" height=\"448\" src=\"https:\/\/faber-etec.de\/wp-content\/uploads\/sites\/3\/2024\/12\/2-Supercharger-Faber-E-Tec-Kompakt-Trafostation-Schnellladestationen-Elektromobilitaet-1024x574.avif\" class=\"attachment-large size-large wp-image-15049\" alt=\"Poste de transformation peint individuellement pour l&#039;e-mobilit\u00e9 en Basse-Saxe\" srcset=\"https:\/\/faber-etec.de\/wp-content\/uploads\/sites\/3\/2024\/12\/2-Supercharger-Faber-E-Tec-Kompakt-Trafostation-Schnellladestationen-Elektromobilitaet-1024x574.avif 1024w, https:\/\/faber-etec.de\/wp-content\/uploads\/sites\/3\/2024\/12\/2-Supercharger-Faber-E-Tec-Kompakt-Trafostation-Schnellladestationen-Elektromobilitaet-300x168.avif 300w, https:\/\/faber-etec.de\/wp-content\/uploads\/sites\/3\/2024\/12\/2-Supercharger-Faber-E-Tec-Kompakt-Trafostation-Schnellladestationen-Elektromobilitaet-768x431.avif 768w, https:\/\/faber-etec.de\/wp-content\/uploads\/sites\/3\/2024\/12\/2-Supercharger-Faber-E-Tec-Kompakt-Trafostation-Schnellladestationen-Elektromobilitaet-18x10.avif 18w, https:\/\/faber-etec.de\/wp-content\/uploads\/sites\/3\/2024\/12\/2-Supercharger-Faber-E-Tec-Kompakt-Trafostation-Schnellladestationen-Elektromobilitaet.avif 1500w\" sizes=\"(max-width: 800px) 100vw, 800px\" title=\"Poste de transformation personnalis\u00e9 aux couleurs du client\" \/>\t\t\t\t\t\t\t\t\t\t\t<figcaption class=\"widget-image-caption wp-caption-text\">Notre station de transformation compacte personnalis\u00e9e assure une alimentation en \u00e9nergie fiable de la station de recharge rapide. Gr\u00e2ce \u00e0 sa construction compacte et \u00e0 sa technologie de pointe, elle permet une utilisation efficace de la surface - id\u00e9ale pour les stations de recharge rapide dans l'infrastructure d'e-mobilit\u00e9.<\/figcaption>\n\t\t\t\t\t\t\t\t\t\t<\/figure>\n\t\t\t\t\t\t\t\t\t<\/div>\n\t\t\t\t<\/div>\n\t\t\t\t<div class=\"elementor-element elementor-element-9a0b08d elementor-widget elementor-widget-heading\" data-id=\"9a0b08d\" data-element_type=\"widget\" data-e-type=\"widget\" data-widget_type=\"heading.default\">\n\t\t\t\t<div class=\"elementor-widget-container\">\n\t\t\t\t\t<h2 class=\"elementor-heading-title elementor-size-default\">Pourquoi Faber E-Tec ?<\/h2>\t\t\t\t<\/div>\n\t\t\t\t<\/div>\n\t\t\t\t<div class=\"elementor-element elementor-element-924bcfa elementor-widget elementor-widget-text-editor\" data-id=\"924bcfa\" data-element_type=\"widget\" data-e-type=\"widget\" data-widget_type=\"text-editor.default\">\n\t\t\t\t<div class=\"elementor-widget-container\">\n\t\t\t\t\t\t\t\t\t<p>Chez Faber E-Tec, nous sommes synonymes de qualit\u00e9 et de fiabilit\u00e9 dans les domaines suivants <strong>Postes de transformation compacts<\/strong> et <strong>Postes de transformation<\/strong>. Que ce soit pour les bornes de recharge \u00e9lectrique, les applications industrielles ou les installations photovolta\u00efques, nos solutions sont toujours adapt\u00e9es aux exigences sp\u00e9cifiques de nos clients. Gr\u00e2ce \u00e0 notre savoir-faire et \u00e0 la possibilit\u00e9 de personnalisation, nous \u00e9tablissons de nouvelles r\u00e9f\u00e9rences en mati\u00e8re d'approvisionnement en \u00e9nergie.<\/p><p>Vous \u00eates int\u00e9ress\u00e9(e) par une formation sur mesure ? <strong>Transformateur station compacte<\/strong> pour votre projet ? Contactez-nous - nous nous ferons un plaisir de vous conseiller et de transformer vos exigences en une solution parfaite.<\/p>\t\t\t\t\t\t\t\t<\/div>\n\t\t\t\t<\/div>\n\t\t\t\t<div class=\"elementor-element elementor-element-bceab22 elementor-align-center elementor-mobile-align-justify elementor-widget elementor-widget-button\" data-id=\"bceab22\" data-element_type=\"widget\" data-e-type=\"widget\" data-widget_type=\"button.default\">\n\t\t\t\t<div class=\"elementor-widget-container\">\n\t\t\t\t\t\t\t\t\t<div class=\"elementor-button-wrapper\">\n\t\t\t\t\t<a class=\"elementor-button elementor-button-link elementor-size-sm\" href=\"https:\/\/faber-etec.de\/fr\/e-mobilite\/\" title=\"E Mobilitaet - Demander un transformateur pour l&#039;e-mobilit\u00e9\">\n\t\t\t\t\t\t<span class=\"elementor-button-content-wrapper\">\n\t\t\t\t\t\t<span class=\"elementor-button-icon\">\n\t\t\t\t<i aria-hidden=\"true\" class=\"fas fa-arrow-right\"><\/i>\t\t\t<\/span>\n\t\t\t\t\t\t\t\t\t<span class=\"elementor-button-text\">Demander un transformateur pour l'e-mobilit\u00e9<\/span>\n\t\t\t\t\t<\/span>\n\t\t\t\t\t<\/a>\n\t\t\t\t<\/div>\n\t\t\t\t\t\t\t\t<\/div>\n\t\t\t\t<\/div>\n\t\t\t\t<div class=\"elementor-element elementor-element-860beca elementor-widget elementor-widget-image\" data-id=\"860beca\" data-element_type=\"widget\" data-e-type=\"widget\" data-widget_type=\"image.default\">\n\t\t\t\t<div class=\"elementor-widget-container\">\n\t\t\t\t\t\t\t\t\t\t\t\t<figure class=\"wp-caption\">\n\t\t\t\t\t\t\t\t\t\t\t<a href=\"https:\/\/faber-etec.de\/fr\/station-du-parc-solaire\/\" title=\"Demander une station de parc solaire Faber E-Tec\">\n\t\t\t\t\t\t\t<img decoding=\"async\" width=\"800\" height=\"512\" src=\"https:\/\/faber-etec.de\/wp-content\/uploads\/sites\/3\/2024\/08\/trafo-e-mobilitaet-ladesaeulen-ladeinfrastruktur-elektrofahrzeuge-eauto-parkplatz-1024x655.jpg\" class=\"attachment-large size-large wp-image-12093\" alt=\"Station de transformation pour bornes de recharge pour voitures \u00e9lectriques et v\u00e9hicules \u00e9lectriques sur le parking\" srcset=\"https:\/\/faber-etec.de\/wp-content\/uploads\/sites\/3\/2024\/08\/trafo-e-mobilitaet-ladesaeulen-ladeinfrastruktur-elektrofahrzeuge-eauto-parkplatz-1024x655.jpg 1024w, https:\/\/faber-etec.de\/wp-content\/uploads\/sites\/3\/2024\/08\/trafo-e-mobilitaet-ladesaeulen-ladeinfrastruktur-elektrofahrzeuge-eauto-parkplatz-300x192.jpg 300w, https:\/\/faber-etec.de\/wp-content\/uploads\/sites\/3\/2024\/08\/trafo-e-mobilitaet-ladesaeulen-ladeinfrastruktur-elektrofahrzeuge-eauto-parkplatz-768x492.jpg 768w, https:\/\/faber-etec.de\/wp-content\/uploads\/sites\/3\/2024\/08\/trafo-e-mobilitaet-ladesaeulen-ladeinfrastruktur-elektrofahrzeuge-eauto-parkplatz-1536x983.jpg 1536w, https:\/\/faber-etec.de\/wp-content\/uploads\/sites\/3\/2024\/08\/trafo-e-mobilitaet-ladesaeulen-ladeinfrastruktur-elektrofahrzeuge-eauto-parkplatz-2048x1311.jpg 2048w, https:\/\/faber-etec.de\/wp-content\/uploads\/sites\/3\/2024\/08\/trafo-e-mobilitaet-ladesaeulen-ladeinfrastruktur-elektrofahrzeuge-eauto-parkplatz-18x12.jpg 18w\" sizes=\"(max-width: 800px) 100vw, 800px\" title=\"Poste de transformation compact pour l&#039;e-mobilit\u00e9 et l&#039;infrastructure de recharge\" \/>\t\t\t\t\t\t\t\t<\/a>\n\t\t\t\t\t\t\t\t\t\t\t<figcaption class=\"widget-image-caption wp-caption-text\"><\/figcaption>\n\t\t\t\t\t\t\t\t\t\t<\/figure>\n\t\t\t\t\t\t\t\t\t<\/div>\n\t\t\t\t<\/div>\n\t\t\t\t<div class=\"elementor-element elementor-element-9428121 elementor-widget elementor-widget-heading\" data-id=\"9428121\" data-element_type=\"widget\" data-e-type=\"widget\" data-widget_type=\"heading.default\">\n\t\t\t\t<div class=\"elementor-widget-container\">\n\t\t\t\t\t<h2 class=\"elementor-heading-title elementor-size-default\">Demandez des transformateurs pour l'infrastructure d'e-mobilit\u00e9 directement chez nous<\/h2>\t\t\t\t<\/div>\n\t\t\t\t<\/div>\n\t\t\t\t<div class=\"elementor-element elementor-element-7908cc2 elementor-widget elementor-widget-text-editor\" data-id=\"7908cc2\" data-element_type=\"widget\" data-e-type=\"widget\" data-widget_type=\"text-editor.default\">\n\t\t\t\t<div class=\"elementor-widget-container\">\n\t\t\t\t\t\t\t\t\t<p>Nos stations de transformation et nos stations compactes de transformation offrent la solution id\u00e9ale pour r\u00e9pondre aux exigences croissantes de l'infrastructure d'e-mobilit\u00e9. Avec une puissance de transformateur allant jusqu'\u00e0 2.500 kVA et la possibilit\u00e9 d'\u00eatre directement raccord\u00e9s au r\u00e9seau de distribution public, nous garantissons une efficacit\u00e9 et une flexibilit\u00e9 maximales.<\/p><p>Gr\u00e2ce \u00e0 un encombrement minimal de moins de 10 m\u00b2, nos stations compactes de transformateurs permettent une utilisation optimale de l'espace - id\u00e9al pour les parkings et les parcs de recharge. Des disjoncteurs innovants du c\u00f4t\u00e9 basse tension garantissent une efficacit\u00e9 \u00e9lev\u00e9e, un faible d\u00e9gagement de chaleur et une maintenance ais\u00e9e.<\/p><p>Qu'il s'agisse d'une sous-station ou d'une solution de r\u00e9seau directe, nos stations de transformation sont pr\u00eates \u00e0 relever tous les d\u00e9fis. Demandez-nous d\u00e8s maintenant votre station personnalis\u00e9e pour l'infrastructure d'e-mobilit\u00e9 et misez sur la technologie la plus moderne et la qualit\u00e9 la plus \u00e9lev\u00e9e.<\/p>\t\t\t\t\t\t\t\t<\/div>\n\t\t\t\t<\/div>\n\t\t\t\t<div class=\"elementor-element elementor-element-3a04b2c elementor-widget-divider--view-line elementor-widget elementor-widget-divider\" data-id=\"3a04b2c\" data-element_type=\"widget\" data-e-type=\"widget\" data-widget_type=\"divider.default\">\n\t\t\t\t<div class=\"elementor-widget-container\">\n\t\t\t\t\t\t\t<div class=\"elementor-divider\">\n\t\t\t<span class=\"elementor-divider-separator\">\n\t\t\t\t\t\t<\/span>\n\t\t<\/div>\n\t\t\t\t\t\t<\/div>\n\t\t\t\t<\/div>\n\t\t\t\t<div class=\"elementor-element elementor-element-99a4078 elementor-widget elementor-widget-heading\" data-id=\"99a4078\" data-element_type=\"widget\" data-e-type=\"widget\" data-widget_type=\"heading.default\">\n\t\t\t\t<div class=\"elementor-widget-container\">\n\t\t\t\t\t<h2 class=\"elementor-heading-title elementor-size-default\">Demander maintenant une station compacte individuelle<\/h2>\t\t\t\t<\/div>\n\t\t\t\t<\/div>\n\t\t\t\t<div class=\"elementor-element elementor-element-94a9f8a elementor-widget elementor-widget-text-editor\" data-id=\"94a9f8a\" data-element_type=\"widget\" data-e-type=\"widget\" data-widget_type=\"text-editor.default\">\n\t\t\t\t<div class=\"elementor-widget-container\">\n\t\t\t\t\t\t\t\t\t<p>Nos stations compactes convainquent par leur polyvalence, leur construction compacte et leur technologie de pointe. Que ce soit pour l'industrie, le commerce ou l'e-mobilit\u00e9, avec des puissances de transformateur allant jusqu'\u00e0 2.500 kVA, nous offrons la solution parfaite pour chaque exigence.<\/p>\t\t\t\t\t\t\t\t<\/div>\n\t\t\t\t<\/div>\n\t\t\t\t<div class=\"elementor-element elementor-element-f0b08d6 elementor-align-center elementor-mobile-align-justify elementor-widget elementor-widget-button\" data-id=\"f0b08d6\" data-element_type=\"widget\" data-e-type=\"widget\" data-widget_type=\"button.default\">\n\t\t\t\t<div class=\"elementor-widget-container\">\n\t\t\t\t\t\t\t\t\t<div class=\"elementor-button-wrapper\">\n\t\t\t\t\t<a class=\"elementor-button elementor-button-link elementor-size-sm\" href=\"https:\/\/faber-etec.de\/fr\/station-compacte\/#produktanfrage\" title=\"Station compacte - Demander une station compacte\">\n\t\t\t\t\t\t<span class=\"elementor-button-content-wrapper\">\n\t\t\t\t\t\t<span class=\"elementor-button-icon\">\n\t\t\t\t<i aria-hidden=\"true\" class=\"fas fa-arrow-right\"><\/i>\t\t\t<\/span>\n\t\t\t\t\t\t\t\t\t<span class=\"elementor-button-text\">Demander une station compacte<\/span>\n\t\t\t\t\t<\/span>\n\t\t\t\t\t<\/a>\n\t\t\t\t<\/div>\n\t\t\t\t\t\t\t\t<\/div>\n\t\t\t\t<\/div>\n\t\t\t\t<div class=\"elementor-element elementor-element-a3e0d28 elementor-widget-divider--view-line elementor-widget elementor-widget-divider\" data-id=\"a3e0d28\" data-element_type=\"widget\" data-e-type=\"widget\" data-widget_type=\"divider.default\">\n\t\t\t\t<div class=\"elementor-widget-container\">\n\t\t\t\t\t\t\t<div class=\"elementor-divider\">\n\t\t\t<span class=\"elementor-divider-separator\">\n\t\t\t\t\t\t<\/span>\n\t\t<\/div>\n\t\t\t\t\t\t<\/div>\n\t\t\t\t<\/div>\n\t\t\t\t<div class=\"elementor-element elementor-element-71ebabb elementor-widget elementor-widget-heading\" data-id=\"71ebabb\" data-element_type=\"widget\" data-e-type=\"widget\" data-widget_type=\"heading.default\">\n\t\t\t\t<div class=\"elementor-widget-container\">\n\t\t\t\t\t<h3 class=\"elementor-heading-title elementor-size-default\">Demander un poste de transformation en ligne - rapide et simple<\/h3>\t\t\t\t<\/div>\n\t\t\t\t<\/div>\n\t\t\t\t<div class=\"elementor-element elementor-element-e37c1cf elementor-widget elementor-widget-text-editor\" data-id=\"e37c1cf\" data-element_type=\"widget\" data-e-type=\"widget\" data-widget_type=\"text-editor.default\">\n\t\t\t\t<div class=\"elementor-widget-container\">\n\t\t\t\t\t\t\t\t\t<p>Demandez votre station de transformation en ligne et obtenez des solutions sur mesure pour vos besoins - rapidement, facilement et directement de l'expert ! Contactez-nous pour planifier et r\u00e9aliser votre station compacte personnalis\u00e9e. Nous proposons des solutions sur mesure, parfaitement adapt\u00e9es \u00e0 vos besoins.<\/p>\t\t\t\t\t\t\t\t<\/div>\n\t\t\t\t<\/div>\n\t\t\t\t<div class=\"elementor-element elementor-element-82a1c1f elementor-align-center elementor-widget elementor-widget-button\" data-id=\"82a1c1f\" data-element_type=\"widget\" data-e-type=\"widget\" data-widget_type=\"button.default\">\n\t\t\t\t<div class=\"elementor-widget-container\">\n\t\t\t\t\t\t\t\t\t<div class=\"elementor-button-wrapper\">\n\t\t\t\t\t<a class=\"elementor-button elementor-button-link elementor-size-sm\" href=\"https:\/\/faber-etec.de\/fr\/demander\/\" title=\"Demandes - Demander un poste de transformation en ligne\">\n\t\t\t\t\t\t<span class=\"elementor-button-content-wrapper\">\n\t\t\t\t\t\t<span class=\"elementor-button-icon\">\n\t\t\t\t<i aria-hidden=\"true\" class=\"fas fa-arrow-right\"><\/i>\t\t\t<\/span>\n\t\t\t\t\t\t\t\t\t<span class=\"elementor-button-text\">Demander un poste de transformation en ligne<\/span>\n\t\t\t\t\t<\/span>\n\t\t\t\t\t<\/a>\n\t\t\t\t<\/div>\n\t\t\t\t\t\t\t\t<\/div>\n\t\t\t\t<\/div>\n\t\t\t\t<div class=\"elementor-element elementor-element-e4f6c52 elementor-widget-divider--view-line elementor-widget elementor-widget-divider\" data-id=\"e4f6c52\" data-element_type=\"widget\" data-e-type=\"widget\" data-widget_type=\"divider.default\">\n\t\t\t\t<div class=\"elementor-widget-container\">\n\t\t\t\t\t\t\t<div class=\"elementor-divider\">\n\t\t\t<span class=\"elementor-divider-separator\">\n\t\t\t\t\t\t<\/span>\n\t\t<\/div>\n\t\t\t\t\t\t<\/div>\n\t\t\t\t<\/div>\n\t\t\t\t<div class=\"elementor-element elementor-element-2689a99 elementor-widget elementor-widget-heading\" data-id=\"2689a99\" data-element_type=\"widget\" data-e-type=\"widget\" data-widget_type=\"heading.default\">\n\t\t\t\t<div class=\"elementor-widget-container\">\n\t\t\t\t\t<h4 class=\"elementor-heading-title elementor-size-default\">Suivez-nous !<\/h4>\t\t\t\t<\/div>\n\t\t\t\t<\/div>\n\t\t\t\t<div class=\"elementor-element elementor-element-c02b8b3 e-grid-align-left elementor-shape-rounded elementor-grid-0 elementor-widget elementor-widget-social-icons\" data-id=\"c02b8b3\" data-element_type=\"widget\" data-e-type=\"widget\" data-widget_type=\"social-icons.default\">\n\t\t\t\t<div class=\"elementor-widget-container\">\n\t\t\t\t\t\t\t<div class=\"elementor-social-icons-wrapper elementor-grid\" role=\"list\">\n\t\t\t\t\t\t\t<span class=\"elementor-grid-item\" role=\"listitem\">\n\t\t\t\t\t<a class=\"elementor-icon elementor-social-icon elementor-social-icon-instagram elementor-animation-grow elementor-repeater-item-c4ec2f4\" href=\"https:\/\/www.instagram.com\/faber.energy\/\" target=\"_blank\" title=\"Suivez-nous sur Instagram\" rel=\"noopener\">\n\t\t\t\t\t\t<span class=\"elementor-screen-only\">Instagram<\/span>\n\t\t\t\t\t\t<i aria-hidden=\"true\" class=\"fab fa-instagram\"><\/i>\t\t\t\t\t<\/a>\n\t\t\t\t<\/span>\n\t\t\t\t\t\t\t<span class=\"elementor-grid-item\" role=\"listitem\">\n\t\t\t\t\t<a class=\"elementor-icon elementor-social-icon elementor-social-icon-facebook elementor-animation-grow elementor-repeater-item-2651a5f\" href=\"https:\/\/www.facebook.com\/profile.php?id=61566434640105\" target=\"_blank\" title=\"Suivez-nous sur Facebook\" rel=\"noopener\">\n\t\t\t\t\t\t<span class=\"elementor-screen-only\">Facebook<\/span>\n\t\t\t\t\t\t<i aria-hidden=\"true\" class=\"fab fa-facebook\"><\/i>\t\t\t\t\t<\/a>\n\t\t\t\t<\/span>\n\t\t\t\t\t\t\t<span class=\"elementor-grid-item\" role=\"listitem\">\n\t\t\t\t\t<a class=\"elementor-icon elementor-social-icon elementor-social-icon-threads elementor-animation-grow elementor-repeater-item-c864bea\" href=\"https:\/\/www.threads.net\/@faber.energy\" target=\"_blank\" title=\"Suivez-nous sur les fils de discussion\" rel=\"noopener\">\n\t\t\t\t\t\t<span class=\"elementor-screen-only\">Fils de discussion<\/span>\n\t\t\t\t\t\t<i aria-hidden=\"true\" class=\"fab fa-threads\"><\/i>\t\t\t\t\t<\/a>\n\t\t\t\t<\/span>\n\t\t\t\t\t\t\t<span class=\"elementor-grid-item\" role=\"listitem\">\n\t\t\t\t\t<a class=\"elementor-icon elementor-social-icon elementor-social-icon-linkedin elementor-animation-grow elementor-repeater-item-2b87a25\" href=\"https:\/\/www.linkedin.com\/company\/faber-etec\/\" target=\"_blank\" title=\"Suivez-nous sur Linkedin\" rel=\"noopener\">\n\t\t\t\t\t\t<span class=\"elementor-screen-only\">Linkedin<\/span>\n\t\t\t\t\t\t<i aria-hidden=\"true\" class=\"fab fa-linkedin\"><\/i>\t\t\t\t\t<\/a>\n\t\t\t\t<\/span>\n\t\t\t\t\t\t\t<span class=\"elementor-grid-item\" role=\"listitem\">\n\t\t\t\t\t<a class=\"elementor-icon elementor-social-icon elementor-social-icon-x-twitter elementor-animation-grow elementor-repeater-item-4ef3195\" href=\"https:\/\/x.com\/Faber_Energy\" target=\"_blank\" title=\"Suivez-nous sur X Twitter\">\n\t\t\t\t\t\t<span class=\"elementor-screen-only\">X-twitter<\/span>\n\t\t\t\t\t\t<i aria-hidden=\"true\" class=\"fab fa-x-twitter\"><\/i>\t\t\t\t\t<\/a>\n\t\t\t\t<\/span>\n\t\t\t\t\t\t\t<span class=\"elementor-grid-item\" role=\"listitem\">\n\t\t\t\t\t<a class=\"elementor-icon elementor-social-icon elementor-social-icon-youtube elementor-animation-grow elementor-repeater-item-837340d\" href=\"https:\/\/www.youtube.com\/@Faber.Energy\" target=\"_blank\" title=\"Suivez-nous sur Youtube\" rel=\"noopener\">\n\t\t\t\t\t\t<span class=\"elementor-screen-only\">Youtube<\/span>\n\t\t\t\t\t\t<i aria-hidden=\"true\" class=\"fab fa-youtube\"><\/i>\t\t\t\t\t<\/a>\n\t\t\t\t<\/span>\n\t\t\t\t\t<\/div>\n\t\t\t\t\t\t<\/div>\n\t\t\t\t<\/div>\n\t\t\t\t\t<\/div>\n\t\t\t\t<\/div>\n\t\t\t\t<\/div>","protected":false},"excerpt":{"rendered":"<p>Un poste de transformation compact personnalis\u00e9 alimente les stations de recharge rapide de Bissendorf - puissant, efficace et aux couleurs du client.<\/p>","protected":false},"author":2,"featured_media":15048,"comment_status":"closed","ping_status":"open","sticky":false,"template":"","format":"standard","meta":{"_acf_changed":false,"footnotes":""},"categories":[9],"tags":[48,67],"class_list":["post-15047","post","type-post","status-publish","format-standard","has-post-thumbnail","hentry","category-projekte","tag-energieversorgung","tag-supercharger"],"acf":[],"_links":{"self":[{"href":"https:\/\/faber-etec.de\/fr\/wp-json\/wp\/v2\/posts\/15047","targetHints":{"allow":["GET"]}}],"collection":[{"href":"https:\/\/faber-etec.de\/fr\/wp-json\/wp\/v2\/posts"}],"about":[{"href":"https:\/\/faber-etec.de\/fr\/wp-json\/wp\/v2\/types\/post"}],"author":[{"embeddable":true,"href":"https:\/\/faber-etec.de\/fr\/wp-json\/wp\/v2\/users\/2"}],"replies":[{"embeddable":true,"href":"https:\/\/faber-etec.de\/fr\/wp-json\/wp\/v2\/comments?post=15047"}],"version-history":[{"count":23,"href":"https:\/\/faber-etec.de\/fr\/wp-json\/wp\/v2\/posts\/15047\/revisions"}],"predecessor-version":[{"id":15085,"href":"https:\/\/faber-etec.de\/fr\/wp-json\/wp\/v2\/posts\/15047\/revisions\/15085"}],"wp:featuredmedia":[{"embeddable":true,"href":"https:\/\/faber-etec.de\/fr\/wp-json\/wp\/v2\/media\/15048"}],"wp:attachment":[{"href":"https:\/\/faber-etec.de\/fr\/wp-json\/wp\/v2\/media?parent=15047"}],"wp:term":[{"taxonomy":"category","embeddable":true,"href":"https:\/\/faber-etec.de\/fr\/wp-json\/wp\/v2\/categories?post=15047"},{"taxonomy":"post_tag","embeddable":true,"href":"https:\/\/faber-etec.de\/fr\/wp-json\/wp\/v2\/tags?post=15047"}],"curies":[{"name":"wp","href":"https:\/\/api.w.org\/{rel}","templated":true}]}}