{"id":15088,"date":"2024-12-12T15:05:16","date_gmt":"2024-12-12T14:05:16","guid":{"rendered":"https:\/\/faber-etec.de\/?p=15088"},"modified":"2025-10-30T20:58:44","modified_gmt":"2025-10-30T19:58:44","slug":"repowering-solarparks","status":"publish","type":"post","link":"https:\/\/faber-etec.de\/fr\/news\/repowering-solarparks\/","title":{"rendered":"Construction et repowering d'un parc solaire \u00e0 Ohorn"},"content":{"rendered":"<div data-elementor-type=\"wp-post\" data-elementor-id=\"15088\" class=\"elementor elementor-15088\" data-elementor-post-type=\"post\">\n\t\t\t\t<div class=\"elementor-element elementor-element-49f85ac e-flex e-con-boxed e-con e-parent\" data-id=\"49f85ac\" data-element_type=\"container\" data-e-type=\"container\">\n\t\t\t\t\t<div class=\"e-con-inner\">\n\t\t\t\t<div class=\"elementor-element elementor-element-1ae167e elementor-widget elementor-widget-heading\" data-id=\"1ae167e\" data-element_type=\"widget\" data-e-type=\"widget\" data-widget_type=\"heading.default\">\n\t\t\t\t<div class=\"elementor-widget-container\">\n\t\t\t\t\t<span class=\"elementor-heading-title elementor-size-default\">PARC SOLAIRE REPOWERING<\/span>\t\t\t\t<\/div>\n\t\t\t\t<\/div>\n\t\t\t\t<div class=\"elementor-element elementor-element-b89c319 elementor-widget elementor-widget-heading\" data-id=\"b89c319\" data-element_type=\"widget\" data-e-type=\"widget\" data-widget_type=\"heading.default\">\n\t\t\t\t<div class=\"elementor-widget-container\">\n\t\t\t\t\t<h2 class=\"elementor-heading-title elementor-size-default\">Ensemble pour des projets \u00e9nerg\u00e9tiques durables et efficaces - la combinaison id\u00e9ale<\/h2>\t\t\t\t<\/div>\n\t\t\t\t<\/div>\n\t\t\t\t<div class=\"elementor-element elementor-element-5d02981 elementor-widget elementor-widget-text-editor\" data-id=\"5d02981\" data-element_type=\"widget\" data-e-type=\"widget\" data-widget_type=\"text-editor.default\">\n\t\t\t\t<div class=\"elementor-widget-container\">\n\t\t\t\t\t\t\t\t\t<p>Un parc solaire moderne d'une puissance totale de 3,3 m\u00e9gawatts est en cours de construction \u00e0 Ohorn, en Saxe. Le parc combine une installation photovolta\u00efque nouvellement construite avec une installation existante modernis\u00e9e qui sera remise en service. Cette combinaison assure une efficacit\u00e9 et une rentabilit\u00e9 particuli\u00e8rement \u00e9lev\u00e9es.<\/p>\t\t\t\t\t\t\t\t<\/div>\n\t\t\t\t<\/div>\n\t\t\t\t<div class=\"elementor-element elementor-element-49fb8ef elementor-widget elementor-widget-image\" data-id=\"49fb8ef\" data-element_type=\"widget\" data-e-type=\"widget\" data-widget_type=\"image.default\">\n\t\t\t\t<div class=\"elementor-widget-container\">\n\t\t\t\t\t\t\t\t\t\t\t\t<figure class=\"wp-caption\">\n\t\t\t\t\t\t\t\t\t\t<img fetchpriority=\"high\" decoding=\"async\" width=\"800\" height=\"534\" src=\"https:\/\/faber-etec.de\/wp-content\/uploads\/sites\/3\/2024\/12\/Ohorn-Solarpark-2024-DSC02587-1024x683.jpg\" class=\"attachment-large size-large wp-image-15114\" alt=\"-\" srcset=\"https:\/\/faber-etec.de\/wp-content\/uploads\/sites\/3\/2024\/12\/Ohorn-Solarpark-2024-DSC02587-1024x683.jpg 1024w, https:\/\/faber-etec.de\/wp-content\/uploads\/sites\/3\/2024\/12\/Ohorn-Solarpark-2024-DSC02587-300x200.jpg 300w, https:\/\/faber-etec.de\/wp-content\/uploads\/sites\/3\/2024\/12\/Ohorn-Solarpark-2024-DSC02587-768x512.jpg 768w, https:\/\/faber-etec.de\/wp-content\/uploads\/sites\/3\/2024\/12\/Ohorn-Solarpark-2024-DSC02587-18x12.jpg 18w, https:\/\/faber-etec.de\/wp-content\/uploads\/sites\/3\/2024\/12\/Ohorn-Solarpark-2024-DSC02587.jpg 1500w\" sizes=\"(max-width: 800px) 100vw, 800px\" title=\"Parc solaire d&#039;Ohorn 2024 - DSC02587\">\t\t\t\t\t\t\t\t\t\t\t<figcaption class=\"widget-image-caption wp-caption-text\"><\/figcaption>\n\t\t\t\t\t\t\t\t\t\t<\/figure>\n\t\t\t\t\t\t\t\t\t<\/div>\n\t\t\t\t<\/div>\n\t\t\t\t<div class=\"elementor-element elementor-element-8e9a426 elementor-widget elementor-widget-text-editor\" data-id=\"8e9a426\" data-element_type=\"widget\" data-e-type=\"widget\" data-widget_type=\"text-editor.default\">\n\t\t\t\t<div class=\"elementor-widget-container\">\n\t\t\t\t\t\t\t\t\t<p>La mise en \u0153uvre r\u00e9ussie du <b>Parcs solaires <\/b>dans\u00a0<a href=\"https:\/\/www.ohorn-sachsen.de\/aktuelles.html\" title=\"Actualit\u00e9s.html - Ohorn\" target=\"_blank\" rel=\"noopener\">Ohorn<\/a>\u00a0montre de mani\u00e8re impressionnante la force de la collaboration entre\u00a0<a href=\"https:\/\/faber-solartechnik.de\/\" title=\" - Faber Technique solaire\" target=\"_blank\" rel=\"noopener\">Faber Technique solaire<\/a>\u00a0et Faber<a href=\"https:\/\/faber-etec.de\/fr\/\" title=\" - E-Tec\" target=\"_blank\" rel=\"noopener\"> E-Tec<\/a>. Cette combinaison unique de deux secteurs d'activit\u00e9 sp\u00e9cialis\u00e9s nous permet de proposer des projets de bout en bout, de la planification \u00e0 la construction et \u00e0 la solution de raccordement au r\u00e9seau.<\/p><p>Faber E-Tec compl\u00e8te ces comp\u00e9tences avec des produits innovants. <strong>Postes de transformation compacts<\/strong>Les syst\u00e8mes de distribution d'\u00e9lectricit\u00e9 sont sp\u00e9cialement con\u00e7us pour r\u00e9pondre aux exigences des parcs solaires, des infrastructures d'e-mobilit\u00e9 et des projets industriels. La connexion pr\u00e9cise au r\u00e9seau moyenne tension et la fiabilit\u00e9 de la technologie garantissent la performance et l'efficacit\u00e9 \u00e0 long terme des installations.<\/p><p>Gr\u00e2ce \u00e0 l'\u00e9troite collaboration entre Faber Solartechnik et Faber E-Tec, nous r\u00e9alisons des projets de mani\u00e8re efficace, avec une qualit\u00e9 maximale et dans des d\u00e9lais tr\u00e8s courts. Ensemble, nous \u00e9tablissons de nouveaux crit\u00e8res avec des solutions durables et \u00e0 l'\u00e9preuve du temps.<\/p>\t\t\t\t\t\t\t\t<\/div>\n\t\t\t\t<\/div>\n\t\t\t\t<div class=\"elementor-element elementor-element-143a9aa elementor-widget elementor-widget-image\" data-id=\"143a9aa\" data-element_type=\"widget\" data-e-type=\"widget\" data-widget_type=\"image.default\">\n\t\t\t\t<div class=\"elementor-widget-container\">\n\t\t\t\t\t\t\t\t\t\t\t\t<figure class=\"wp-caption\">\n\t\t\t\t\t\t\t\t\t\t<img decoding=\"async\" width=\"800\" height=\"400\" src=\"https:\/\/faber-etec.de\/wp-content\/uploads\/sites\/3\/2024\/12\/Ohorn-Solarpark-Drohne-4-1024x512.avif\" class=\"attachment-large size-large wp-image-15095\" alt=\"Vue par drone de l&#039;installation de modules Portrait dans le parc solaire d&#039;Ohorn. Nouvelle station de transformation compacte \/ station compacte de Faber E-Tec\" srcset=\"https:\/\/faber-etec.de\/wp-content\/uploads\/sites\/3\/2024\/12\/Ohorn-Solarpark-Drohne-4-1024x512.avif 1024w, https:\/\/faber-etec.de\/wp-content\/uploads\/sites\/3\/2024\/12\/Ohorn-Solarpark-Drohne-4-300x150.avif 300w, https:\/\/faber-etec.de\/wp-content\/uploads\/sites\/3\/2024\/12\/Ohorn-Solarpark-Drohne-4-768x384.avif 768w, https:\/\/faber-etec.de\/wp-content\/uploads\/sites\/3\/2024\/12\/Ohorn-Solarpark-Drohne-4-1536x768.avif 1536w, https:\/\/faber-etec.de\/wp-content\/uploads\/sites\/3\/2024\/12\/Ohorn-Solarpark-Drohne-4-2048x1024.avif 2048w, https:\/\/faber-etec.de\/wp-content\/uploads\/sites\/3\/2024\/12\/Ohorn-Solarpark-Drohne-4-18x9.avif 18w\" sizes=\"(max-width: 800px) 100vw, 800px\" title=\"Modules portraits dans le parc solaire d&#039;Ohorn - prise de vue par drone\" \/>\t\t\t\t\t\t\t\t\t\t\t<figcaption class=\"widget-image-caption wp-caption-text\">Cette photo prise par drone montre l'installation des modules Portrait orient\u00e9s vers le sud dans le parc solaire d'Ohorn - pour une efficacit\u00e9 maximale tout au long de l'ann\u00e9e.<\/figcaption>\n\t\t\t\t\t\t\t\t\t\t<\/figure>\n\t\t\t\t\t\t\t\t\t<\/div>\n\t\t\t\t<\/div>\n\t\t\t\t<div class=\"elementor-element elementor-element-af4b162 elementor-widget-divider--view-line elementor-widget elementor-widget-divider\" data-id=\"af4b162\" data-element_type=\"widget\" data-e-type=\"widget\" data-widget_type=\"divider.default\">\n\t\t\t\t<div class=\"elementor-widget-container\">\n\t\t\t\t\t\t\t<div class=\"elementor-divider\">\n\t\t\t<span class=\"elementor-divider-separator\">\n\t\t\t\t\t\t<\/span>\n\t\t<\/div>\n\t\t\t\t\t\t<\/div>\n\t\t\t\t<\/div>\n\t\t\t\t<div class=\"elementor-element elementor-element-a61a37d elementor-widget elementor-widget-heading\" data-id=\"a61a37d\" data-element_type=\"widget\" data-e-type=\"widget\" data-widget_type=\"heading.default\">\n\t\t\t\t<div class=\"elementor-widget-container\">\n\t\t\t\t\t<h3 class=\"elementor-heading-title elementor-size-default\">Le parc solaire d'Ohorn se distingue par les particularit\u00e9s suivantes<\/h3>\t\t\t\t<\/div>\n\t\t\t\t<\/div>\n\t\t\t\t<div class=\"elementor-element elementor-element-4927f5f elementor-widget elementor-widget-text-editor\" data-id=\"4927f5f\" data-element_type=\"widget\" data-e-type=\"widget\" data-widget_type=\"text-editor.default\">\n\t\t\t\t<div class=\"elementor-widget-container\">\n\t\t\t\t\t\t\t\t\t<h4>Nouvelle installation et repowering<\/h4><p>Les deux tiers de la puissance totale proviennent d'une installation photovolta\u00efque nouvellement construite, orient\u00e9e vers le sud et \u00e9quip\u00e9e de trois modules Portrait. Cette orientation assure un rendement \u00e9lectrique optimal tout au long de l'ann\u00e9e. Un tiers du parc est constitu\u00e9 d'une installation repowering, qui permet au client de continuer \u00e0 b\u00e9n\u00e9ficier du tarif EEG existant. Ces tarifs sont souvent nettement plus \u00e9lev\u00e9s que les tarifs de rachat actuels, ce qui augmente consid\u00e9rablement la rentabilit\u00e9 du parc.<\/p><h4>Construction hivernale - D\u00e9fis et solutions<\/h4><p>La construction a lieu de mani\u00e8re cibl\u00e9e en hiver, car les rendements \u00e9lectriques de l'installation photovolta\u00efque sont de toute fa\u00e7on faibles \u00e0 cette p\u00e9riode de l'ann\u00e9e. Cela r\u00e9duit les temps d'arr\u00eat potentiels de la production d'\u00e9lectricit\u00e9. Malgr\u00e9 des conditions m\u00e9t\u00e9orologiques d\u00e9favorables telles que la neige, le gel au sol et le d\u00e9gel, les machines de haute qualit\u00e9 et les \u00e9quipes de construction exp\u00e9riment\u00e9es de Faber Solartechnik garantissent une r\u00e9alisation sans probl\u00e8me sur place.<\/p>\t\t\t\t\t\t\t\t<\/div>\n\t\t\t\t<\/div>\n\t\t\t\t<div class=\"elementor-element elementor-element-dc7c326 elementor-widget__width-initial elementor-widget elementor-widget-gallery\" data-id=\"dc7c326\" data-element_type=\"widget\" data-e-type=\"widget\" data-settings=\"{&quot;gallery_layout&quot;:&quot;masonry&quot;,&quot;columns&quot;:2,&quot;lazyload&quot;:&quot;yes&quot;,&quot;columns_tablet&quot;:2,&quot;columns_mobile&quot;:1,&quot;gap&quot;:{&quot;unit&quot;:&quot;px&quot;,&quot;size&quot;:10,&quot;sizes&quot;:[]},&quot;gap_laptop&quot;:{&quot;unit&quot;:&quot;px&quot;,&quot;size&quot;:10,&quot;sizes&quot;:[]},&quot;gap_tablet_extra&quot;:{&quot;unit&quot;:&quot;px&quot;,&quot;size&quot;:10,&quot;sizes&quot;:[]},&quot;gap_tablet&quot;:{&quot;unit&quot;:&quot;px&quot;,&quot;size&quot;:10,&quot;sizes&quot;:[]},&quot;gap_mobile&quot;:{&quot;unit&quot;:&quot;px&quot;,&quot;size&quot;:10,&quot;sizes&quot;:[]},&quot;overlay_background&quot;:&quot;yes&quot;,&quot;content_hover_animation&quot;:&quot;fade-in&quot;}\" data-widget_type=\"gallery.default\">\n\t\t\t\t<div class=\"elementor-widget-container\">\n\t\t\t\t\t\t\t<div class=\"elementor-gallery__container\">\n\t\t\t\t\t\t\t<div class=\"e-gallery-item elementor-gallery-item elementor-animated-content\">\n\t\t\t\t\t<div class=\"e-gallery-image elementor-gallery-item__image\" data-thumbnail=\"https:\/\/faber-etec.de\/wp-content\/uploads\/sites\/3\/2024\/12\/Ohorn-Solarpark-2024-DSC02327-768x512.jpg\" data-width=\"768\" data-height=\"512\" aria-label=\"\" role=\"img\" ><\/div>\n\t\t\t\t\t\t\t\t\t\t\t<div class=\"elementor-gallery-item__overlay\"><\/div>\n\t\t\t\t\t\t\t\t\t\t\t\t\t\t<\/div>\n\t\t\t\t\t\t\t<div class=\"e-gallery-item elementor-gallery-item elementor-animated-content\">\n\t\t\t\t\t<div class=\"e-gallery-image elementor-gallery-item__image\" data-thumbnail=\"https:\/\/faber-etec.de\/wp-content\/uploads\/sites\/3\/2024\/12\/Ohorn-Solarpark-2024-DSC02138-768x512.jpg\" data-width=\"768\" data-height=\"512\" aria-label=\"\" role=\"img\" ><\/div>\n\t\t\t\t\t\t\t\t\t\t\t<div class=\"elementor-gallery-item__overlay\"><\/div>\n\t\t\t\t\t\t\t\t\t\t\t\t\t\t<\/div>\n\t\t\t\t\t\t\t<div class=\"e-gallery-item elementor-gallery-item elementor-animated-content\">\n\t\t\t\t\t<div class=\"e-gallery-image elementor-gallery-item__image\" data-thumbnail=\"https:\/\/faber-etec.de\/wp-content\/uploads\/sites\/3\/2024\/12\/Ohorn-Solarpark-2024-DSC02087-768x512.jpg\" data-width=\"768\" data-height=\"512\" aria-label=\"\" role=\"img\" ><\/div>\n\t\t\t\t\t\t\t\t\t\t\t<div class=\"elementor-gallery-item__overlay\"><\/div>\n\t\t\t\t\t\t\t\t\t\t\t\t\t\t<\/div>\n\t\t\t\t\t\t\t<div class=\"e-gallery-item elementor-gallery-item elementor-animated-content\">\n\t\t\t\t\t<div class=\"e-gallery-image elementor-gallery-item__image\" data-thumbnail=\"https:\/\/faber-etec.de\/wp-content\/uploads\/sites\/3\/2024\/12\/Ohorn-Solarpark-2024-DSC02381-768x512.jpg\" data-width=\"768\" data-height=\"512\" aria-label=\"\" role=\"img\" ><\/div>\n\t\t\t\t\t\t\t\t\t\t\t<div class=\"elementor-gallery-item__overlay\"><\/div>\n\t\t\t\t\t\t\t\t\t\t\t\t\t\t<\/div>\n\t\t\t\t\t<\/div>\n\t\t\t\t\t<\/div>\n\t\t\t\t<\/div>\n\t\t\t\t<div class=\"elementor-element elementor-element-0d631c9 elementor-widget-divider--view-line elementor-widget elementor-widget-divider\" data-id=\"0d631c9\" data-element_type=\"widget\" data-e-type=\"widget\" data-widget_type=\"divider.default\">\n\t\t\t\t<div class=\"elementor-widget-container\">\n\t\t\t\t\t\t\t<div class=\"elementor-divider\">\n\t\t\t<span class=\"elementor-divider-separator\">\n\t\t\t\t\t\t<\/span>\n\t\t<\/div>\n\t\t\t\t\t\t<\/div>\n\t\t\t\t<\/div>\n\t\t\t\t<div class=\"elementor-element elementor-element-46a64fa elementor-widget elementor-widget-text-editor\" data-id=\"46a64fa\" data-element_type=\"widget\" data-e-type=\"widget\" data-widget_type=\"text-editor.default\">\n\t\t\t\t<div class=\"elementor-widget-container\">\n\t\t\t\t\t\t\t\t\t<h3>Faber E-Tec : Le poste de transformation en point de mire<\/h3><p>Un aspect central du projet est la <a href=\"https:\/\/faber-etec.de\/fr\/station-compacte\/\" title=\"Station compacte - Station compacte \u00e0 transformateur\">Station compacte \u00e0 transformateur<\/a> de Faber E-Tec, qui connecte efficacement le parc solaire au <a href=\"https:\/\/faber-etec.de\/fr\/produits\/\" title=\"Produits - R\u00e9seau moyenne tension\">R\u00e9seau moyenne tension<\/a> de l'entreprise. Notre technique innovante offre de nombreux avantages :<\/p><h4>Transformateur puissant<\/h4><p>Un transformateur de 3.150 kVA permet de relier le parc solaire \u00e0 l'infrastructure existante. Cette solution robuste garantit que les besoins accrus en puissance pourront \u00eatre satisfaits sans probl\u00e8me.<\/p><h4>Tableaux \u00e9lectriques modernes<\/h4><p>Le raccordement se fait via un tableau de distribution de haute qualit\u00e9 de Schneider Electric, sp\u00e9cialement con\u00e7u pour \u00eatre utilis\u00e9 dans des projets exigeants. De plus, un \u00e9change de convertisseurs est effectu\u00e9 afin de r\u00e9pondre aux nouvelles exigences de puissance.<\/p><h4>Une mise en \u0153uvre efficace par un seul fournisseur<\/h4><p>Gr\u00e2ce \u00e0 la collaboration entre Faber Solartechnik et Faber E-Tec, l'ensemble du projet est r\u00e9alis\u00e9 par notre propre personnel. Cela permet un ach\u00e8vement rapide et rentable - un v\u00e9ritable avantage pour nos clients.<\/p>\t\t\t\t\t\t\t\t<\/div>\n\t\t\t\t<\/div>\n\t\t\t\t<div class=\"elementor-element elementor-element-075fd80 elementor-widget elementor-widget-image\" data-id=\"075fd80\" data-element_type=\"widget\" data-e-type=\"widget\" data-widget_type=\"image.default\">\n\t\t\t\t<div class=\"elementor-widget-container\">\n\t\t\t\t\t\t\t\t\t\t\t\t<figure class=\"wp-caption\">\n\t\t\t\t\t\t\t\t\t\t<img decoding=\"async\" width=\"800\" height=\"452\" src=\"https:\/\/faber-etec.de\/wp-content\/uploads\/sites\/3\/2024\/12\/Ohorn-Solarpark-2024-DSC02193-1024x578.jpg\" class=\"attachment-large size-large wp-image-15127\" alt=\"-\" srcset=\"https:\/\/faber-etec.de\/wp-content\/uploads\/sites\/3\/2024\/12\/Ohorn-Solarpark-2024-DSC02193-1024x578.jpg 1024w, https:\/\/faber-etec.de\/wp-content\/uploads\/sites\/3\/2024\/12\/Ohorn-Solarpark-2024-DSC02193-300x169.jpg 300w, https:\/\/faber-etec.de\/wp-content\/uploads\/sites\/3\/2024\/12\/Ohorn-Solarpark-2024-DSC02193-768x433.jpg 768w, https:\/\/faber-etec.de\/wp-content\/uploads\/sites\/3\/2024\/12\/Ohorn-Solarpark-2024-DSC02193-18x10.jpg 18w, https:\/\/faber-etec.de\/wp-content\/uploads\/sites\/3\/2024\/12\/Ohorn-Solarpark-2024-DSC02193.jpg 1500w\" sizes=\"(max-width: 800px) 100vw, 800px\" title=\"Parc solaire d&#039;Ohorn 2024 - DSC02193\">\t\t\t\t\t\t\t\t\t\t\t<figcaption class=\"widget-image-caption wp-caption-text\"><\/figcaption>\n\t\t\t\t\t\t\t\t\t\t<\/figure>\n\t\t\t\t\t\t\t\t\t<\/div>\n\t\t\t\t<\/div>\n\t\t\t\t<div class=\"elementor-element elementor-element-f3cabe4 elementor-widget__width-initial elementor-widget elementor-widget-gallery\" data-id=\"f3cabe4\" data-element_type=\"widget\" data-e-type=\"widget\" data-settings=\"{&quot;gallery_layout&quot;:&quot;masonry&quot;,&quot;columns&quot;:2,&quot;lazyload&quot;:&quot;yes&quot;,&quot;columns_tablet&quot;:2,&quot;columns_mobile&quot;:1,&quot;gap&quot;:{&quot;unit&quot;:&quot;px&quot;,&quot;size&quot;:10,&quot;sizes&quot;:[]},&quot;gap_laptop&quot;:{&quot;unit&quot;:&quot;px&quot;,&quot;size&quot;:10,&quot;sizes&quot;:[]},&quot;gap_tablet_extra&quot;:{&quot;unit&quot;:&quot;px&quot;,&quot;size&quot;:10,&quot;sizes&quot;:[]},&quot;gap_tablet&quot;:{&quot;unit&quot;:&quot;px&quot;,&quot;size&quot;:10,&quot;sizes&quot;:[]},&quot;gap_mobile&quot;:{&quot;unit&quot;:&quot;px&quot;,&quot;size&quot;:10,&quot;sizes&quot;:[]},&quot;overlay_background&quot;:&quot;yes&quot;,&quot;content_hover_animation&quot;:&quot;fade-in&quot;}\" data-widget_type=\"gallery.default\">\n\t\t\t\t<div class=\"elementor-widget-container\">\n\t\t\t\t\t\t\t<div class=\"elementor-gallery__container\">\n\t\t\t\t\t\t\t<div class=\"e-gallery-item elementor-gallery-item elementor-animated-content\">\n\t\t\t\t\t<div class=\"e-gallery-image elementor-gallery-item__image\" data-thumbnail=\"https:\/\/faber-etec.de\/wp-content\/uploads\/sites\/3\/2024\/12\/Ohorn-Solarpark-2024-DSC02099-768x512.jpg\" data-width=\"768\" data-height=\"512\" aria-label=\"\" role=\"img\" ><\/div>\n\t\t\t\t\t\t\t\t\t\t\t<div class=\"elementor-gallery-item__overlay\"><\/div>\n\t\t\t\t\t\t\t\t\t\t\t\t\t\t<\/div>\n\t\t\t\t\t\t\t<div class=\"e-gallery-item elementor-gallery-item elementor-animated-content\">\n\t\t\t\t\t<div class=\"e-gallery-image elementor-gallery-item__image\" data-thumbnail=\"https:\/\/faber-etec.de\/wp-content\/uploads\/sites\/3\/2024\/12\/Ohorn-Solarpark-2024-DSC02454-768x512.jpg\" data-width=\"768\" data-height=\"512\" aria-label=\"\" role=\"img\" ><\/div>\n\t\t\t\t\t\t\t\t\t\t\t<div class=\"elementor-gallery-item__overlay\"><\/div>\n\t\t\t\t\t\t\t\t\t\t\t\t\t\t<\/div>\n\t\t\t\t\t\t\t<div class=\"e-gallery-item elementor-gallery-item elementor-animated-content\">\n\t\t\t\t\t<div class=\"e-gallery-image elementor-gallery-item__image\" data-thumbnail=\"https:\/\/faber-etec.de\/wp-content\/uploads\/sites\/3\/2024\/12\/Ohorn-Solarpark-2024-DSC02517-768x512.jpg\" data-width=\"768\" data-height=\"512\" aria-label=\"\" role=\"img\" ><\/div>\n\t\t\t\t\t\t\t\t\t\t\t<div class=\"elementor-gallery-item__overlay\"><\/div>\n\t\t\t\t\t\t\t\t\t\t\t\t\t\t<\/div>\n\t\t\t\t\t\t\t<div class=\"e-gallery-item elementor-gallery-item elementor-animated-content\">\n\t\t\t\t\t<div class=\"e-gallery-image elementor-gallery-item__image\" data-thumbnail=\"https:\/\/faber-etec.de\/wp-content\/uploads\/sites\/3\/2024\/12\/Ohorn-Solarpark-2024-DSC01991-768x512.jpg\" data-width=\"768\" data-height=\"512\" aria-label=\"\" role=\"img\" ><\/div>\n\t\t\t\t\t\t\t\t\t\t\t<div class=\"elementor-gallery-item__overlay\"><\/div>\n\t\t\t\t\t\t\t\t\t\t\t\t\t\t<\/div>\n\t\t\t\t\t\t\t<div class=\"e-gallery-item elementor-gallery-item elementor-animated-content\">\n\t\t\t\t\t<div class=\"e-gallery-image elementor-gallery-item__image\" data-thumbnail=\"https:\/\/faber-etec.de\/wp-content\/uploads\/sites\/3\/2024\/12\/Ohorn-Solarpark-Drohne-2-768x384.avif\" data-width=\"768\" data-height=\"384\" aria-label=\"Vue par drone de la station compacte de transformation dans le parc solaire d&#039;Ohorn. Nouvelle station de transformation compacte \/ station compacte de Faber E-Tec\" role=\"img\" ><\/div>\n\t\t\t\t\t\t\t\t\t\t\t<div class=\"elementor-gallery-item__overlay\"><\/div>\n\t\t\t\t\t\t\t\t\t\t\t\t\t\t<\/div>\n\t\t\t\t\t\t\t<div class=\"e-gallery-item elementor-gallery-item elementor-animated-content\">\n\t\t\t\t\t<div class=\"e-gallery-image elementor-gallery-item__image\" data-thumbnail=\"https:\/\/faber-etec.de\/wp-content\/uploads\/sites\/3\/2024\/12\/Ohorn-Solarpark-Drohne-1-768x384.avif\" data-width=\"768\" data-height=\"384\" aria-label=\"Vue a\u00e9rienne du parc solaire d&#039;Ohorn avec un terrain couvert de neige en hiver. Nouvelle station de transformation compacte \/ station compacte de Faber E-Tec\" role=\"img\" ><\/div>\n\t\t\t\t\t\t\t\t\t\t\t<div class=\"elementor-gallery-item__overlay\"><\/div>\n\t\t\t\t\t\t\t\t\t\t\t\t\t\t<\/div>\n\t\t\t\t\t\t\t<div class=\"e-gallery-item elementor-gallery-item elementor-animated-content\">\n\t\t\t\t\t<div class=\"e-gallery-image elementor-gallery-item__image\" data-thumbnail=\"https:\/\/faber-etec.de\/wp-content\/uploads\/sites\/3\/2024\/12\/Ohorn-Solarpark-2024-DSC02121-768x512.jpg\" data-width=\"768\" data-height=\"512\" aria-label=\"\" role=\"img\" ><\/div>\n\t\t\t\t\t\t\t\t\t\t\t<div class=\"elementor-gallery-item__overlay\"><\/div>\n\t\t\t\t\t\t\t\t\t\t\t\t\t\t<\/div>\n\t\t\t\t\t\t\t<div class=\"e-gallery-item elementor-gallery-item elementor-animated-content\">\n\t\t\t\t\t<div class=\"e-gallery-image elementor-gallery-item__image\" data-thumbnail=\"https:\/\/faber-etec.de\/wp-content\/uploads\/sites\/3\/2024\/12\/Ohorn-Solarpark-Drohne-3-768x384.avif\" data-width=\"768\" data-height=\"384\" aria-label=\"Vue a\u00e9rienne de la zone de repowering du parc solaire d&#039;Ohorn avec un paysage enneig\u00e9. Nouvelle station de transformation compacte \/ station compacte de Faber E-Tec\" role=\"img\" ><\/div>\n\t\t\t\t\t\t\t\t\t\t\t<div class=\"elementor-gallery-item__overlay\"><\/div>\n\t\t\t\t\t\t\t\t\t\t\t\t\t\t<\/div>\n\t\t\t\t\t\t\t<div class=\"e-gallery-item elementor-gallery-item elementor-animated-content\">\n\t\t\t\t\t<div class=\"e-gallery-image elementor-gallery-item__image\" data-thumbnail=\"https:\/\/faber-etec.de\/wp-content\/uploads\/sites\/3\/2024\/12\/Ohorn-Solarpark-2024-DSC02465-768x1152.jpg\" data-width=\"768\" data-height=\"1152\" aria-label=\"\" role=\"img\" ><\/div>\n\t\t\t\t\t\t\t\t\t\t\t<div class=\"elementor-gallery-item__overlay\"><\/div>\n\t\t\t\t\t\t\t\t\t\t\t\t\t\t<\/div>\n\t\t\t\t\t\t\t<div class=\"e-gallery-item elementor-gallery-item elementor-animated-content\">\n\t\t\t\t\t<div class=\"e-gallery-image elementor-gallery-item__image\" data-thumbnail=\"https:\/\/faber-etec.de\/wp-content\/uploads\/sites\/3\/2024\/12\/Ohorn-Solarpark-2024-DSC02378-768x512.jpg\" data-width=\"768\" data-height=\"512\" aria-label=\"\" role=\"img\" ><\/div>\n\t\t\t\t\t\t\t\t\t\t\t<div class=\"elementor-gallery-item__overlay\"><\/div>\n\t\t\t\t\t\t\t\t\t\t\t\t\t\t<\/div>\n\t\t\t\t\t\t\t<div class=\"e-gallery-item elementor-gallery-item elementor-animated-content\">\n\t\t\t\t\t<div class=\"e-gallery-image elementor-gallery-item__image\" data-thumbnail=\"https:\/\/faber-etec.de\/wp-content\/uploads\/sites\/3\/2024\/12\/Ohorn-Solarpark-Drohne-5-768x423.avif\" data-width=\"768\" data-height=\"423\" aria-label=\"Installations PV orient\u00e9es vers le sud dans le parc solaire d&#039;Ohorn. Nouvelle station de transformation compacte \/ station compacte de Faber E-Tec\" role=\"img\" ><\/div>\n\t\t\t\t\t\t\t\t\t\t\t<div class=\"elementor-gallery-item__overlay\"><\/div>\n\t\t\t\t\t\t\t\t\t\t\t\t\t\t<\/div>\n\t\t\t\t\t\t\t<div class=\"e-gallery-item elementor-gallery-item elementor-animated-content\">\n\t\t\t\t\t<div class=\"e-gallery-image elementor-gallery-item__image\" data-thumbnail=\"https:\/\/faber-etec.de\/wp-content\/uploads\/sites\/3\/2024\/12\/Ohorn-Solarpark-2024-DSC02576-768x512.jpg\" data-width=\"768\" data-height=\"512\" aria-label=\"\" role=\"img\" ><\/div>\n\t\t\t\t\t\t\t\t\t\t\t<div class=\"elementor-gallery-item__overlay\"><\/div>\n\t\t\t\t\t\t\t\t\t\t\t\t\t\t<\/div>\n\t\t\t\t\t<\/div>\n\t\t\t\t\t<\/div>\n\t\t\t\t<\/div>\n\t\t\t\t<div class=\"elementor-element elementor-element-eb1a183 elementor-widget-divider--view-line elementor-widget elementor-widget-divider\" data-id=\"eb1a183\" data-element_type=\"widget\" data-e-type=\"widget\" data-widget_type=\"divider.default\">\n\t\t\t\t<div class=\"elementor-widget-container\">\n\t\t\t\t\t\t\t<div class=\"elementor-divider\">\n\t\t\t<span class=\"elementor-divider-separator\">\n\t\t\t\t\t\t<\/span>\n\t\t<\/div>\n\t\t\t\t\t\t<\/div>\n\t\t\t\t<\/div>\n\t\t\t\t<div class=\"elementor-element elementor-element-a825d5b elementor-widget elementor-widget-heading\" data-id=\"a825d5b\" data-element_type=\"widget\" data-e-type=\"widget\" data-widget_type=\"heading.default\">\n\t\t\t\t<div class=\"elementor-widget-container\">\n\t\t\t\t\t<h2 class=\"elementor-heading-title elementor-size-default\">Un projet phare en mati\u00e8re de durabilit\u00e9<\/h2>\t\t\t\t<\/div>\n\t\t\t\t<\/div>\n\t\t\t\t<div class=\"elementor-element elementor-element-6c2a07e elementor-widget elementor-widget-text-editor\" data-id=\"6c2a07e\" data-element_type=\"widget\" data-e-type=\"widget\" data-widget_type=\"text-editor.default\">\n\t\t\t\t<div class=\"elementor-widget-container\">\n\t\t\t\t\t\t\t\t\t<p>Le parc solaire d'Ohorn montre de mani\u00e8re impressionnante comment une technologie solaire moderne et des raccordements au r\u00e9seau bien pens\u00e9s peuvent s'associer pour r\u00e9aliser des projets \u00e9nerg\u00e9tiques durables de haut niveau. La construction devrait \u00eatre achev\u00e9e comme pr\u00e9vu afin de mettre en service les premi\u00e8res parties de l'installation avant la fin de l'ann\u00e9e et d'assurer la r\u00e9mun\u00e9ration.<\/p><p>Avec des projets comme celui-ci, nous soulignons chez Faber E-Tec et Faber Solartechnik notre engagement pour la transition \u00e9nerg\u00e9tique. Notre site <strong>Postes de transformation compacts<\/strong> jouent un r\u00f4le cl\u00e9 dans ce domaine en garantissant un approvisionnement en \u00e9lectricit\u00e9 fiable et la s\u00e9curit\u00e9 du r\u00e9seau.<\/p>\t\t\t\t\t\t\t\t<\/div>\n\t\t\t\t<\/div>\n\t\t\t\t<div class=\"elementor-element elementor-element-33ae9de elementor-align-center elementor-mobile-align-justify elementor-widget elementor-widget-button\" data-id=\"33ae9de\" data-element_type=\"widget\" data-e-type=\"widget\" data-widget_type=\"button.default\">\n\t\t\t\t<div class=\"elementor-widget-container\">\n\t\t\t\t\t\t\t\t\t<div class=\"elementor-button-wrapper\">\n\t\t\t\t\t<a class=\"elementor-button elementor-button-link elementor-size-sm\" href=\"https:\/\/faber-etec.de\/fr\/station-de-conteneurs\/\" title=\"Station de conteneurs - parc solaire Conteneur comme station de transformateurs\">\n\t\t\t\t\t\t<span class=\"elementor-button-content-wrapper\">\n\t\t\t\t\t\t<span class=\"elementor-button-icon\">\n\t\t\t\t<i aria-hidden=\"true\" class=\"fas fa-arrow-right\"><\/i>\t\t\t<\/span>\n\t\t\t\t\t\t\t\t\t<span class=\"elementor-button-text\">Parc solaire : un conteneur comme station de transformation<\/span>\n\t\t\t\t\t<\/span>\n\t\t\t\t\t<\/a>\n\t\t\t\t<\/div>\n\t\t\t\t\t\t\t\t<\/div>\n\t\t\t\t<\/div>\n\t\t\t\t<div class=\"elementor-element elementor-element-1772b49 elementor-widget elementor-widget-image\" data-id=\"1772b49\" data-element_type=\"widget\" data-e-type=\"widget\" data-widget_type=\"image.default\">\n\t\t\t\t<div class=\"elementor-widget-container\">\n\t\t\t\t\t\t\t\t\t\t\t\t<figure class=\"wp-caption\">\n\t\t\t\t\t\t\t\t\t\t\t<a href=\"https:\/\/faber-etec.de\/fr\/station-de-conteneurs\/\" title=\"Demander une station de parc solaire Faber E-Tec\">\n\t\t\t\t\t\t\t<img loading=\"lazy\" decoding=\"async\" width=\"800\" height=\"512\" src=\"https:\/\/faber-etec.de\/wp-content\/uploads\/sites\/3\/2024\/08\/containerstation-trafo-solarparks-container-trafostation-pv-1024x655.jpg\" class=\"attachment-large size-large wp-image-12092\" alt=\"Station de conteneurs pour transformateur dans les parcs solaires, l&#039;e-mobilit\u00e9 et l&#039;industrie\" srcset=\"https:\/\/faber-etec.de\/wp-content\/uploads\/sites\/3\/2024\/08\/containerstation-trafo-solarparks-container-trafostation-pv-1024x655.jpg 1024w, https:\/\/faber-etec.de\/wp-content\/uploads\/sites\/3\/2024\/08\/containerstation-trafo-solarparks-container-trafostation-pv-300x192.jpg 300w, https:\/\/faber-etec.de\/wp-content\/uploads\/sites\/3\/2024\/08\/containerstation-trafo-solarparks-container-trafostation-pv-768x492.jpg 768w, https:\/\/faber-etec.de\/wp-content\/uploads\/sites\/3\/2024\/08\/containerstation-trafo-solarparks-container-trafostation-pv-1536x983.jpg 1536w, https:\/\/faber-etec.de\/wp-content\/uploads\/sites\/3\/2024\/08\/containerstation-trafo-solarparks-container-trafostation-pv-2048x1311.jpg 2048w, https:\/\/faber-etec.de\/wp-content\/uploads\/sites\/3\/2024\/08\/containerstation-trafo-solarparks-container-trafostation-pv-18x12.jpg 18w\" sizes=\"(max-width: 800px) 100vw, 800px\" title=\"Station de conteneurs - Distribution d&#039;\u00e9nergie flexible pour les parcs solaires et l&#039;industrie\" \/>\t\t\t\t\t\t\t\t<\/a>\n\t\t\t\t\t\t\t\t\t\t\t<figcaption class=\"widget-image-caption wp-caption-text\">La station en conteneur de Faber E-Tec offre une solution flexible et fiable pour la distribution d'\u00e9nergie dans les parcs solaires, les projets d'e-mobilit\u00e9 et les applications industrielles. Elle se distingue par sa rapidit\u00e9 d'installation et sa facilit\u00e9 de transport, ce qui en fait le choix id\u00e9al pour des applications polyvalentes.<\/figcaption>\n\t\t\t\t\t\t\t\t\t\t<\/figure>\n\t\t\t\t\t\t\t\t\t<\/div>\n\t\t\t\t<\/div>\n\t\t\t\t<div class=\"elementor-element elementor-element-caa74a1 elementor-widget-divider--view-line elementor-widget elementor-widget-divider\" data-id=\"caa74a1\" data-element_type=\"widget\" data-e-type=\"widget\" data-widget_type=\"divider.default\">\n\t\t\t\t<div class=\"elementor-widget-container\">\n\t\t\t\t\t\t\t<div class=\"elementor-divider\">\n\t\t\t<span class=\"elementor-divider-separator\">\n\t\t\t\t\t\t<\/span>\n\t\t<\/div>\n\t\t\t\t\t\t<\/div>\n\t\t\t\t<\/div>\n\t\t\t\t<div class=\"elementor-element elementor-element-354d842 elementor-widget elementor-widget-heading\" data-id=\"354d842\" data-element_type=\"widget\" data-e-type=\"widget\" data-widget_type=\"heading.default\">\n\t\t\t\t<div class=\"elementor-widget-container\">\n\t\t\t\t\t<h2 class=\"elementor-heading-title elementor-size-default\">Votre partenaire pour les postes de transformation et les projets solaires<\/h2>\t\t\t\t<\/div>\n\t\t\t\t<\/div>\n\t\t\t\t<div class=\"elementor-element elementor-element-8627874 elementor-widget elementor-widget-text-editor\" data-id=\"8627874\" data-element_type=\"widget\" data-e-type=\"widget\" data-widget_type=\"text-editor.default\">\n\t\t\t\t<div class=\"elementor-widget-container\">\n\t\t\t\t\t\t\t\t\t<p>Qu'il s'agisse d'une nouvelle construction, d'un repowering ou d'un raccordement au r\u00e9seau, nous sommes votre partenaire de confiance gr\u00e2ce \u00e0 nos postes de transformation performants et \u00e0 nos solutions sur mesure. Contactez-nous d\u00e8s aujourd'hui pour r\u00e9aliser ensemble votre id\u00e9e. Suivez-nous \u00e9galement sur nos canaux de m\u00e9dias sociaux pour d\u00e9couvrir d'autres projets passionnants et des nouveaut\u00e9s dans le monde des postes de transformation et de la technologie solaire.<\/p>\t\t\t\t\t\t\t\t<\/div>\n\t\t\t\t<\/div>\n\t\t\t\t<div class=\"elementor-element elementor-element-37e38ca elementor-align-center elementor-mobile-align-justify elementor-widget elementor-widget-button\" data-id=\"37e38ca\" data-element_type=\"widget\" data-e-type=\"widget\" data-widget_type=\"button.default\">\n\t\t\t\t<div class=\"elementor-widget-container\">\n\t\t\t\t\t\t\t\t\t<div class=\"elementor-button-wrapper\">\n\t\t\t\t\t<a class=\"elementor-button elementor-button-link elementor-size-sm\" href=\"https:\/\/faber-etec.de\/fr\/station-du-parc-solaire\/\" title=\"Station pour parc solaire - Station de transformation pour parc solaire\">\n\t\t\t\t\t\t<span class=\"elementor-button-content-wrapper\">\n\t\t\t\t\t\t<span class=\"elementor-button-icon\">\n\t\t\t\t<i aria-hidden=\"true\" class=\"fas fa-arrow-right\"><\/i>\t\t\t<\/span>\n\t\t\t\t\t\t\t\t\t<span class=\"elementor-button-text\">Poste de transformation pour parcs solaires<\/span>\n\t\t\t\t\t<\/span>\n\t\t\t\t\t<\/a>\n\t\t\t\t<\/div>\n\t\t\t\t\t\t\t\t<\/div>\n\t\t\t\t<\/div>\n\t\t\t\t<div class=\"elementor-element elementor-element-3696b7b elementor-widget elementor-widget-image\" data-id=\"3696b7b\" data-element_type=\"widget\" data-e-type=\"widget\" data-widget_type=\"image.default\">\n\t\t\t\t<div class=\"elementor-widget-container\">\n\t\t\t\t\t\t\t\t\t\t\t\t<figure class=\"wp-caption\">\n\t\t\t\t\t\t\t\t\t\t\t<a href=\"https:\/\/faber-etec.de\/fr\/station-du-parc-solaire\/\" title=\"Demander une station de parc solaire Faber E-Tec\">\n\t\t\t\t\t\t\t<img loading=\"lazy\" decoding=\"async\" width=\"800\" height=\"512\" src=\"https:\/\/faber-etec.de\/wp-content\/uploads\/sites\/3\/2024\/11\/Trafostation-fuer-Solarparks-Solarpark-Netzanschluss-Kompaktstationen-Kompakt-Trafostationen-Transformatorkompaktstationen-1024x655.avif\" class=\"attachment-large size-large wp-image-14351\" alt=\"Station de transformation pour le raccordement au r\u00e9seau d&#039;un parc solaire avec station compacte Transformateur et stations de transformation compactes pour un transfert d&#039;\u00e9nergie fiable et une alimentation en \u00e9nergie durable.\" srcset=\"https:\/\/faber-etec.de\/wp-content\/uploads\/sites\/3\/2024\/11\/Trafostation-fuer-Solarparks-Solarpark-Netzanschluss-Kompaktstationen-Kompakt-Trafostationen-Transformatorkompaktstationen-1024x655.avif 1024w, https:\/\/faber-etec.de\/wp-content\/uploads\/sites\/3\/2024\/11\/Trafostation-fuer-Solarparks-Solarpark-Netzanschluss-Kompaktstationen-Kompakt-Trafostationen-Transformatorkompaktstationen-300x192.avif 300w, https:\/\/faber-etec.de\/wp-content\/uploads\/sites\/3\/2024\/11\/Trafostation-fuer-Solarparks-Solarpark-Netzanschluss-Kompaktstationen-Kompakt-Trafostationen-Transformatorkompaktstationen-768x491.avif 768w, https:\/\/faber-etec.de\/wp-content\/uploads\/sites\/3\/2024\/11\/Trafostation-fuer-Solarparks-Solarpark-Netzanschluss-Kompaktstationen-Kompakt-Trafostationen-Transformatorkompaktstationen-1536x983.avif 1536w, https:\/\/faber-etec.de\/wp-content\/uploads\/sites\/3\/2024\/11\/Trafostation-fuer-Solarparks-Solarpark-Netzanschluss-Kompaktstationen-Kompakt-Trafostationen-Transformatorkompaktstationen-2048x1310.avif 2048w, https:\/\/faber-etec.de\/wp-content\/uploads\/sites\/3\/2024\/11\/Trafostation-fuer-Solarparks-Solarpark-Netzanschluss-Kompaktstationen-Kompakt-Trafostationen-Transformatorkompaktstationen-18x12.avif 18w\" sizes=\"(max-width: 800px) 100vw, 800px\" title=\"Poste de transformation pour parcs solaires avec poste de transformation compact et raccordement au r\u00e9seau\" \/>\t\t\t\t\t\t\t\t<\/a>\n\t\t\t\t\t\t\t\t\t\t\t<figcaption class=\"widget-image-caption wp-caption-text\">Postes de transformation pour le raccordement au r\u00e9seau du parc solaire : nos postes de transformation compacts garantissent un transfert d'\u00e9nergie fiable et assurent un approvisionnement \u00e9nerg\u00e9tique durable.<\/figcaption>\n\t\t\t\t\t\t\t\t\t\t<\/figure>\n\t\t\t\t\t\t\t\t\t<\/div>\n\t\t\t\t<\/div>\n\t\t\t\t<div class=\"elementor-element elementor-element-099b433 elementor-widget-divider--view-line elementor-widget elementor-widget-divider\" data-id=\"099b433\" data-element_type=\"widget\" data-e-type=\"widget\" data-widget_type=\"divider.default\">\n\t\t\t\t<div class=\"elementor-widget-container\">\n\t\t\t\t\t\t\t<div class=\"elementor-divider\">\n\t\t\t<span class=\"elementor-divider-separator\">\n\t\t\t\t\t\t<\/span>\n\t\t<\/div>\n\t\t\t\t\t\t<\/div>\n\t\t\t\t<\/div>\n\t\t<div class=\"elementor-element elementor-element-1d06f7c e-con-full e-flex e-con e-child\" data-id=\"1d06f7c\" data-element_type=\"container\" data-e-type=\"container\" data-settings=\"{&quot;background_background&quot;:&quot;classic&quot;}\">\n\t\t\t\t<div class=\"elementor-element elementor-element-fbd61f3 elementor-widget elementor-widget-heading\" data-id=\"fbd61f3\" data-element_type=\"widget\" data-e-type=\"widget\" data-widget_type=\"heading.default\">\n\t\t\t\t<div class=\"elementor-widget-container\">\n\t\t\t\t\t<h3 class=\"elementor-heading-title elementor-size-default\">Postes de transformation compacts pour les parcs solaires\n<\/h3>\t\t\t\t<\/div>\n\t\t\t\t<\/div>\n\t\t\t\t<div class=\"elementor-element elementor-element-bb7777e elementor-widget elementor-widget-text-editor\" data-id=\"bb7777e\" data-element_type=\"widget\" data-e-type=\"widget\" data-widget_type=\"text-editor.default\">\n\t\t\t\t<div class=\"elementor-widget-container\">\n\t\t\t\t\t\t\t\t\t<p>Faber E-Tec est synonyme de stations de transformation compactes innovantes et sur mesure, parfaitement adapt\u00e9es aux exigences des parcs solaires. Nos solutions garantissent un raccordement fiable au r\u00e9seau et une efficacit\u00e9 \u00e9nerg\u00e9tique maximale, que ce soit pour des projets de construction neuve ou des installations de repowering.<\/p><p>Gr\u00e2ce \u00e0 une technologie de pointe et \u00e0 des d\u00e9cennies d'exp\u00e9rience, nous fournissons des stations compactes de transformateurs qui garantissent une qualit\u00e9 et une s\u00e9curit\u00e9 maximales. Faites confiance \u00e0 Faber E-Tec lorsqu'il s'agit de la connexion parfaite entre votre parc solaire et le r\u00e9seau \u00e9lectrique.<\/p><p>Contactez-nous d\u00e8s aujourd'hui et misez sur des solutions d'avenir pour vos projets \u00e9nerg\u00e9tiques !<\/p>\t\t\t\t\t\t\t\t<\/div>\n\t\t\t\t<\/div>\n\t\t\t\t<div class=\"elementor-element elementor-element-e7b339b elementor-align-center elementor-mobile-align-justify elementor-widget elementor-widget-button\" data-id=\"e7b339b\" data-element_type=\"widget\" data-e-type=\"widget\" data-widget_type=\"button.default\">\n\t\t\t\t<div class=\"elementor-widget-container\">\n\t\t\t\t\t\t\t\t\t<div class=\"elementor-button-wrapper\">\n\t\t\t\t\t<a class=\"elementor-button elementor-button-link elementor-size-sm\" href=\"https:\/\/faber-etec.de\/fr\/station-compacte\/#produktanfrage\" title=\"Station compacte - Demander une station de transformation compacte\">\n\t\t\t\t\t\t<span class=\"elementor-button-content-wrapper\">\n\t\t\t\t\t\t<span class=\"elementor-button-icon\">\n\t\t\t\t<i aria-hidden=\"true\" class=\"fas fa-arrow-right\"><\/i>\t\t\t<\/span>\n\t\t\t\t\t\t\t\t\t<span class=\"elementor-button-text\">Demander un poste de transformation compact<\/span>\n\t\t\t\t\t<\/span>\n\t\t\t\t\t<\/a>\n\t\t\t\t<\/div>\n\t\t\t\t\t\t\t\t<\/div>\n\t\t\t\t<\/div>\n\t\t\t\t<\/div>\n\t\t<div class=\"elementor-element elementor-element-9420e3b e-con-full e-flex e-con e-child\" data-id=\"9420e3b\" data-element_type=\"container\" data-e-type=\"container\" data-settings=\"{&quot;background_background&quot;:&quot;classic&quot;}\">\n\t\t\t\t<div class=\"elementor-element elementor-element-748bfeb elementor-widget elementor-widget-heading\" data-id=\"748bfeb\" data-element_type=\"widget\" data-e-type=\"widget\" data-widget_type=\"heading.default\">\n\t\t\t\t<div class=\"elementor-widget-container\">\n\t\t\t\t\t<h4 class=\"elementor-heading-title elementor-size-default\">Suivez-nous !<\/h4>\t\t\t\t<\/div>\n\t\t\t\t<\/div>\n\t\t\t\t<div class=\"elementor-element elementor-element-21103b1 e-grid-align-left elementor-shape-rounded elementor-grid-0 elementor-widget elementor-widget-social-icons\" data-id=\"21103b1\" data-element_type=\"widget\" data-e-type=\"widget\" data-widget_type=\"social-icons.default\">\n\t\t\t\t<div class=\"elementor-widget-container\">\n\t\t\t\t\t\t\t<div class=\"elementor-social-icons-wrapper elementor-grid\" role=\"list\">\n\t\t\t\t\t\t\t<span class=\"elementor-grid-item\" role=\"listitem\">\n\t\t\t\t\t<a class=\"elementor-icon elementor-social-icon elementor-social-icon-instagram elementor-animation-grow elementor-repeater-item-c4ec2f4\" href=\"https:\/\/www.instagram.com\/faber.energy\/\" target=\"_blank\" title=\"Suivez-nous sur Instagram\" rel=\"noopener\">\n\t\t\t\t\t\t<span class=\"elementor-screen-only\">Instagram<\/span>\n\t\t\t\t\t\t<i aria-hidden=\"true\" class=\"fab fa-instagram\"><\/i>\t\t\t\t\t<\/a>\n\t\t\t\t<\/span>\n\t\t\t\t\t\t\t<span class=\"elementor-grid-item\" role=\"listitem\">\n\t\t\t\t\t<a class=\"elementor-icon elementor-social-icon elementor-social-icon-facebook elementor-animation-grow elementor-repeater-item-2651a5f\" href=\"https:\/\/www.facebook.com\/profile.php?id=61566434640105\" target=\"_blank\" title=\"Suivez-nous sur Facebook\" rel=\"noopener\">\n\t\t\t\t\t\t<span class=\"elementor-screen-only\">Facebook<\/span>\n\t\t\t\t\t\t<i aria-hidden=\"true\" class=\"fab fa-facebook\"><\/i>\t\t\t\t\t<\/a>\n\t\t\t\t<\/span>\n\t\t\t\t\t\t\t<span class=\"elementor-grid-item\" role=\"listitem\">\n\t\t\t\t\t<a class=\"elementor-icon elementor-social-icon elementor-social-icon-threads elementor-animation-grow elementor-repeater-item-c864bea\" href=\"https:\/\/www.threads.net\/@faber.energy\" target=\"_blank\" title=\"Suivez-nous sur les fils de discussion\" rel=\"noopener\">\n\t\t\t\t\t\t<span class=\"elementor-screen-only\">Fils de discussion<\/span>\n\t\t\t\t\t\t<i aria-hidden=\"true\" class=\"fab fa-threads\"><\/i>\t\t\t\t\t<\/a>\n\t\t\t\t<\/span>\n\t\t\t\t\t\t\t<span class=\"elementor-grid-item\" role=\"listitem\">\n\t\t\t\t\t<a class=\"elementor-icon elementor-social-icon elementor-social-icon-linkedin elementor-animation-grow elementor-repeater-item-2b87a25\" href=\"https:\/\/www.linkedin.com\/company\/faber-etec\/\" target=\"_blank\" title=\"Suivez-nous sur Linkedin\" rel=\"noopener\">\n\t\t\t\t\t\t<span class=\"elementor-screen-only\">Linkedin<\/span>\n\t\t\t\t\t\t<i aria-hidden=\"true\" class=\"fab fa-linkedin\"><\/i>\t\t\t\t\t<\/a>\n\t\t\t\t<\/span>\n\t\t\t\t\t\t\t<span class=\"elementor-grid-item\" role=\"listitem\">\n\t\t\t\t\t<a class=\"elementor-icon elementor-social-icon elementor-social-icon-x-twitter elementor-animation-grow elementor-repeater-item-4ef3195\" href=\"https:\/\/x.com\/Faber_Energy\" target=\"_blank\" title=\"Suivez-nous sur X Twitter\">\n\t\t\t\t\t\t<span class=\"elementor-screen-only\">X-twitter<\/span>\n\t\t\t\t\t\t<i aria-hidden=\"true\" class=\"fab fa-x-twitter\"><\/i>\t\t\t\t\t<\/a>\n\t\t\t\t<\/span>\n\t\t\t\t\t\t\t<span class=\"elementor-grid-item\" role=\"listitem\">\n\t\t\t\t\t<a class=\"elementor-icon elementor-social-icon elementor-social-icon-youtube elementor-animation-grow elementor-repeater-item-837340d\" href=\"https:\/\/www.youtube.com\/@Faber.Energy\" target=\"_blank\" title=\"Suivez-nous sur Youtube\" rel=\"noopener\">\n\t\t\t\t\t\t<span class=\"elementor-screen-only\">Youtube<\/span>\n\t\t\t\t\t\t<i aria-hidden=\"true\" class=\"fab fa-youtube\"><\/i>\t\t\t\t\t<\/a>\n\t\t\t\t<\/span>\n\t\t\t\t\t<\/div>\n\t\t\t\t\t\t<\/div>\n\t\t\t\t<\/div>\n\t\t\t\t<\/div>\n\t\t\t\t\t<\/div>\n\t\t\t\t<\/div>\n\t\t\t\t<\/div>","protected":false},"excerpt":{"rendered":"<p>Un parc solaire moderne d'une puissance de 3,3 MWp est en cours de construction \u00e0 Ohorn, en Saxe - une combinaison de nouvelle construction et de repowering. Gr\u00e2ce au poste compact de transformation de Faber E-Tec, le parc solaire est raccord\u00e9 de mani\u00e8re fiable au r\u00e9seau moyenne tension.<\/p>","protected":false},"author":2,"featured_media":15097,"comment_status":"closed","ping_status":"open","sticky":false,"template":"","format":"standard","meta":{"_acf_changed":false,"footnotes":""},"categories":[1,9],"tags":[38,34,37],"class_list":["post-15088","post","type-post","status-publish","format-standard","has-post-thumbnail","hentry","category-news","category-projekte","tag-photovoltaik","tag-solarpark","tag-trafostation"],"acf":[],"_links":{"self":[{"href":"https:\/\/faber-etec.de\/fr\/wp-json\/wp\/v2\/posts\/15088","targetHints":{"allow":["GET"]}}],"collection":[{"href":"https:\/\/faber-etec.de\/fr\/wp-json\/wp\/v2\/posts"}],"about":[{"href":"https:\/\/faber-etec.de\/fr\/wp-json\/wp\/v2\/types\/post"}],"author":[{"embeddable":true,"href":"https:\/\/faber-etec.de\/fr\/wp-json\/wp\/v2\/users\/2"}],"replies":[{"embeddable":true,"href":"https:\/\/faber-etec.de\/fr\/wp-json\/wp\/v2\/comments?post=15088"}],"version-history":[{"count":41,"href":"https:\/\/faber-etec.de\/fr\/wp-json\/wp\/v2\/posts\/15088\/revisions"}],"predecessor-version":[{"id":16212,"href":"https:\/\/faber-etec.de\/fr\/wp-json\/wp\/v2\/posts\/15088\/revisions\/16212"}],"wp:featuredmedia":[{"embeddable":true,"href":"https:\/\/faber-etec.de\/fr\/wp-json\/wp\/v2\/media\/15097"}],"wp:attachment":[{"href":"https:\/\/faber-etec.de\/fr\/wp-json\/wp\/v2\/media?parent=15088"}],"wp:term":[{"taxonomy":"category","embeddable":true,"href":"https:\/\/faber-etec.de\/fr\/wp-json\/wp\/v2\/categories?post=15088"},{"taxonomy":"post_tag","embeddable":true,"href":"https:\/\/faber-etec.de\/fr\/wp-json\/wp\/v2\/tags?post=15088"}],"curies":[{"name":"wp","href":"https:\/\/api.w.org\/{rel}","templated":true}]}}