{"id":15297,"date":"2025-02-04T11:20:20","date_gmt":"2025-02-04T10:20:20","guid":{"rendered":"https:\/\/faber-etec.de\/?p=15297"},"modified":"2025-10-30T15:05:29","modified_gmt":"2025-10-30T14:05:29","slug":"platz-1-solartechnik-faber","status":"publish","type":"post","link":"https:\/\/faber-etec.de\/fr\/news\/platz-1-solartechnik-faber\/","title":{"rendered":"Le groupe Faber Energy \u00e0 la premi\u00e8re place du classement Regio Manager !"},"content":{"rendered":"<div data-elementor-type=\"wp-post\" data-elementor-id=\"15297\" class=\"elementor elementor-15297\" data-elementor-post-type=\"post\">\n\t\t\t\t<div class=\"elementor-element elementor-element-60df408 e-flex e-con-boxed e-con e-parent\" data-id=\"60df408\" data-element_type=\"container\" data-e-type=\"container\">\n\t\t\t\t\t<div class=\"e-con-inner\">\n\t\t\t\t<div class=\"elementor-element elementor-element-ce54698 elementor-widget elementor-widget-text-editor\" data-id=\"ce54698\" data-element_type=\"widget\" data-e-type=\"widget\" data-widget_type=\"text-editor.default\">\n\t\t\t\t<div class=\"elementor-widget-container\">\n\t\t\t\t\t\t\t\t\t<h2>Notre soci\u00e9t\u00e9 m\u00e8re est le leader de la technologie solaire en Rh\u00e9nanie-du-Nord-Westphalie !<\/h2><p>Le site <strong>Groupe Faber Energy<\/strong>notre soci\u00e9t\u00e9 m\u00e8re, l'a fait ! Selon le dernier <strong>Manager r\u00e9gional<\/strong> Le groupe d'entreprises occupe la premi\u00e8re place parmi les plus grands fournisseurs de technique solaire \u00e0 B\u00fcnde, dans le district de Herford, en Westphalie orientale-Lippe et dans toute l'Allemagne. <strong>NRW<\/strong>! \ud83c\udf1e\ud83d\ude80<\/p><p>Cette distinction confirme la forte position du Faber Energy Group sur le march\u00e9 et souligne notre engagement commun pour un avenir \u00e9nerg\u00e9tique durable.<\/p>\t\t\t\t\t\t\t\t<\/div>\n\t\t\t\t<\/div>\n\t\t\t\t<div class=\"elementor-element elementor-element-3696132 elementor-widget elementor-widget-image\" data-id=\"3696132\" data-element_type=\"widget\" data-e-type=\"widget\" data-widget_type=\"image.default\">\n\t\t\t\t<div class=\"elementor-widget-container\">\n\t\t\t\t\t\t\t\t\t\t\t\t\t\t\t<img fetchpriority=\"high\" decoding=\"async\" width=\"768\" height=\"214\" src=\"https:\/\/faber-etec.de\/wp-content\/uploads\/sites\/3\/2025\/02\/FEG-Logo-PNG-Farbe-768x214.png\" class=\"attachment-medium_large size-medium_large wp-image-15301\" alt=\"Logo du groupe Faber Energy - fournisseur leader de technologies solaires et de solutions \u00e9nerg\u00e9tiques en Rh\u00e9nanie-du-Nord-Westphalie.\" srcset=\"https:\/\/faber-etec.de\/wp-content\/uploads\/sites\/3\/2025\/02\/FEG-Logo-PNG-Farbe-768x214.png 768w, https:\/\/faber-etec.de\/wp-content\/uploads\/sites\/3\/2025\/02\/FEG-Logo-PNG-Farbe-300x84.png 300w, https:\/\/faber-etec.de\/wp-content\/uploads\/sites\/3\/2025\/02\/FEG-Logo-PNG-Farbe-1024x285.png 1024w, https:\/\/faber-etec.de\/wp-content\/uploads\/sites\/3\/2025\/02\/FEG-Logo-PNG-Farbe-1536x428.png 1536w, https:\/\/faber-etec.de\/wp-content\/uploads\/sites\/3\/2025\/02\/FEG-Logo-PNG-Farbe-18x5.png 18w, https:\/\/faber-etec.de\/wp-content\/uploads\/sites\/3\/2025\/02\/FEG-Logo-PNG-Farbe.png 1590w\" sizes=\"(max-width: 768px) 100vw, 768px\" title=\"Faber Energy Group - Experts en \u00e9nergies renouvelables et en technologie solaire\" \/>\t\t\t\t\t\t\t\t\t\t\t\t\t\t\t<\/div>\n\t\t\t\t<\/div>\n\t\t\t\t<div class=\"elementor-element elementor-element-57c4437 elementor-widget-divider--view-line elementor-widget elementor-widget-divider\" data-id=\"57c4437\" data-element_type=\"widget\" data-e-type=\"widget\" data-widget_type=\"divider.default\">\n\t\t\t\t<div class=\"elementor-widget-container\">\n\t\t\t\t\t\t\t<div class=\"elementor-divider\">\n\t\t\t<span class=\"elementor-divider-separator\">\n\t\t\t\t\t\t<\/span>\n\t\t<\/div>\n\t\t\t\t\t\t<\/div>\n\t\t\t\t<\/div>\n\t\t\t\t<div class=\"elementor-element elementor-element-05dbe19 elementor-widget elementor-widget-text-editor\" data-id=\"05dbe19\" data-element_type=\"widget\" data-e-type=\"widget\" data-widget_type=\"text-editor.default\">\n\t\t\t\t<div class=\"elementor-widget-container\">\n\t\t\t\t\t\t\t\t\t<h3>Qu'est-ce que le Regio Manager ?<\/h3><p>Le Regio Manager est une plateforme \u00e9conomique bien \u00e9tablie qui \u00e9value les entreprises sur la base de diff\u00e9rents crit\u00e8res et les classe dans des rankings sectoriels. Ces classements se basent sur le chiffre d'affaires, le nombre d'employ\u00e9s et d'autres facteurs de gestion d'entreprise. Les entreprises qui arrivent en t\u00eate font partie des acteurs les plus puissants de leur secteur.<\/p><h4>Le Faber Energy Group s'est impos\u00e9 dans quatre cat\u00e9gories et occupe \u00e0 chaque fois la premi\u00e8re place en tant que :<\/h4><ul><li>\u2705 Le plus grand technicien solaire de B\u00fcnde<\/li><li>\u2705 Le plus grand technicien solaire du district de Herford<\/li><li>\u2705 Le plus grand technicien solaire de Westphalie orientale-Lippe<\/li><li>\u2705 Le plus grand technicien solaire de Rh\u00e9nanie-du-Nord-Westphalie<\/li><\/ul><h5>Ces classements en t\u00eate montrent<\/h5><p>Faber est le leader du secteur et fait figure de r\u00e9f\u00e9rence en mati\u00e8re de technologie solaire !<\/p>\t\t\t\t\t\t\t\t<\/div>\n\t\t\t\t<\/div>\n\t\t\t\t<div class=\"elementor-element elementor-element-6932b69 elementor-widget elementor-widget-gallery\" data-id=\"6932b69\" data-element_type=\"widget\" data-e-type=\"widget\" data-settings=\"{&quot;gallery_layout&quot;:&quot;justified&quot;,&quot;ideal_row_height&quot;:{&quot;unit&quot;:&quot;px&quot;,&quot;size&quot;:220,&quot;sizes&quot;:[]},&quot;gap&quot;:{&quot;unit&quot;:&quot;px&quot;,&quot;size&quot;:15,&quot;sizes&quot;:[]},&quot;lazyload&quot;:&quot;yes&quot;,&quot;ideal_row_height_laptop&quot;:{&quot;unit&quot;:&quot;px&quot;,&quot;size&quot;:150,&quot;sizes&quot;:[]},&quot;ideal_row_height_tablet_extra&quot;:{&quot;unit&quot;:&quot;px&quot;,&quot;size&quot;:150,&quot;sizes&quot;:[]},&quot;ideal_row_height_tablet&quot;:{&quot;unit&quot;:&quot;px&quot;,&quot;size&quot;:150,&quot;sizes&quot;:[]},&quot;ideal_row_height_mobile&quot;:{&quot;unit&quot;:&quot;px&quot;,&quot;size&quot;:150,&quot;sizes&quot;:[]},&quot;gap_laptop&quot;:{&quot;unit&quot;:&quot;px&quot;,&quot;size&quot;:10,&quot;sizes&quot;:[]},&quot;gap_tablet_extra&quot;:{&quot;unit&quot;:&quot;px&quot;,&quot;size&quot;:10,&quot;sizes&quot;:[]},&quot;gap_tablet&quot;:{&quot;unit&quot;:&quot;px&quot;,&quot;size&quot;:10,&quot;sizes&quot;:[]},&quot;gap_mobile&quot;:{&quot;unit&quot;:&quot;px&quot;,&quot;size&quot;:10,&quot;sizes&quot;:[]},&quot;link_to&quot;:&quot;file&quot;,&quot;overlay_background&quot;:&quot;yes&quot;,&quot;content_hover_animation&quot;:&quot;fade-in&quot;}\" data-widget_type=\"gallery.default\">\n\t\t\t\t<div class=\"elementor-widget-container\">\n\t\t\t\t\t\t\t<div class=\"elementor-gallery__container\">\n\t\t\t\t\t\t\t<a class=\"e-gallery-item elementor-gallery-item elementor-animated-content\"  href=\"https:\/\/faber-etec.de\/wp-content\/uploads\/sites\/3\/2025\/02\/Regio-Manager-Platz-1-Ranking-r1_c1.jpg\" title=\"Regio Manager Place 1 Classement R1 C1.jpg - \" data-elementor-open-lightbox=\"yes\" data-elementor-lightbox-slideshow=\"6932b69\" data-e-action-hash=\"#elementor-action%3Aaction%3Dlightbox%26settings%3DeyJpZCI6MTUzMDgsInVybCI6Imh0dHBzOlwvXC9mYWJlci1ldGVjLmRlXC93cC1jb250ZW50XC91cGxvYWRzXC9zaXRlc1wvM1wvMjAyNVwvMDJcL1JlZ2lvLU1hbmFnZXItUGxhdHotMS1SYW5raW5nLXIxX2MxLmpwZyIsInNsaWRlc2hvdyI6IjY5MzJiNjkifQ%3D%3D\">\n\t\t\t\t\t<div class=\"e-gallery-image elementor-gallery-item__image\" data-thumbnail=\"https:\/\/faber-etec.de\/wp-content\/uploads\/sites\/3\/2025\/02\/Regio-Manager-Platz-1-Ranking-r1_c1-768x361.jpg\" data-width=\"768\" data-height=\"361\" aria-label=\"Installation photovolta\u00efque sur un grand hall industriel - approvisionnement \u00e9nerg\u00e9tique durable pour les entreprises.\" role=\"img\" ><\/div>\n\t\t\t\t\t\t\t\t\t\t\t<div class=\"elementor-gallery-item__overlay\"><\/div>\n\t\t\t\t\t\t\t\t\t\t\t\t\t\t<\/a>\n\t\t\t\t\t\t\t<a class=\"e-gallery-item elementor-gallery-item elementor-animated-content\"  href=\"https:\/\/faber-etec.de\/wp-content\/uploads\/sites\/3\/2025\/02\/Regio-Manager-Platz-1-Ranking-r1_c9.jpg\" title=\"Regio Manager Place 1 Classement R1 C9.jpg - \" data-elementor-open-lightbox=\"yes\" data-elementor-lightbox-slideshow=\"6932b69\" data-e-action-hash=\"#elementor-action%3Aaction%3Dlightbox%26settings%3DeyJpZCI6MTUzMTAsInVybCI6Imh0dHBzOlwvXC9mYWJlci1ldGVjLmRlXC93cC1jb250ZW50XC91cGxvYWRzXC9zaXRlc1wvM1wvMjAyNVwvMDJcL1JlZ2lvLU1hbmFnZXItUGxhdHotMS1SYW5raW5nLXIxX2M5LmpwZyIsInNsaWRlc2hvdyI6IjY5MzJiNjkifQ%3D%3D\">\n\t\t\t\t\t<div class=\"e-gallery-image elementor-gallery-item__image\" data-thumbnail=\"https:\/\/faber-etec.de\/wp-content\/uploads\/sites\/3\/2025\/02\/Regio-Manager-Platz-1-Ranking-r1_c9-768x577.jpg\" data-width=\"768\" data-height=\"577\" aria-label=\"Combinaison d&#039;une installation photovolta\u00efque sur un toit et d&#039;un parc solaire dans un champ pour une production d&#039;\u00e9nergie durable.\" role=\"img\" ><\/div>\n\t\t\t\t\t\t\t\t\t\t\t<div class=\"elementor-gallery-item__overlay\"><\/div>\n\t\t\t\t\t\t\t\t\t\t\t\t\t\t<\/a>\n\t\t\t\t\t\t\t<a class=\"e-gallery-item elementor-gallery-item elementor-animated-content\"  href=\"https:\/\/faber-etec.de\/wp-content\/uploads\/sites\/3\/2025\/02\/Regio-Manager-Platz-1-Ranking-r4_c1.jpg\" title=\"Regio Manager Place 1 Classement R4 C1.jpg - \" data-elementor-open-lightbox=\"yes\" data-elementor-lightbox-slideshow=\"6932b69\" data-e-action-hash=\"#elementor-action%3Aaction%3Dlightbox%26settings%3DeyJpZCI6MTUzMTEsInVybCI6Imh0dHBzOlwvXC9mYWJlci1ldGVjLmRlXC93cC1jb250ZW50XC91cGxvYWRzXC9zaXRlc1wvM1wvMjAyNVwvMDJcL1JlZ2lvLU1hbmFnZXItUGxhdHotMS1SYW5raW5nLXI0X2MxLmpwZyIsInNsaWRlc2hvdyI6IjY5MzJiNjkifQ%3D%3D\">\n\t\t\t\t\t<div class=\"e-gallery-image elementor-gallery-item__image\" data-thumbnail=\"https:\/\/faber-etec.de\/wp-content\/uploads\/sites\/3\/2025\/02\/Regio-Manager-Platz-1-Ranking-r4_c1-768x593.jpg\" data-width=\"768\" data-height=\"593\" aria-label=\"Grand champ solaire \u00e0 usage commercial et industriel pour une production d&#039;\u00e9lectricit\u00e9 durable.\" role=\"img\" ><\/div>\n\t\t\t\t\t\t\t\t\t\t\t<div class=\"elementor-gallery-item__overlay\"><\/div>\n\t\t\t\t\t\t\t\t\t\t\t\t\t\t<\/a>\n\t\t\t\t\t\t\t<a class=\"e-gallery-item elementor-gallery-item elementor-animated-content\"  href=\"https:\/\/faber-etec.de\/wp-content\/uploads\/sites\/3\/2025\/02\/Regio-Manager-Platz-1-Ranking-r1_c5.jpg\" title=\"Regio Manager Place 1 Classement R1 C5.jpg - \" data-elementor-open-lightbox=\"yes\" data-elementor-lightbox-slideshow=\"6932b69\" data-e-action-hash=\"#elementor-action%3Aaction%3Dlightbox%26settings%3DeyJpZCI6MTUzMDksInVybCI6Imh0dHBzOlwvXC9mYWJlci1ldGVjLmRlXC93cC1jb250ZW50XC91cGxvYWRzXC9zaXRlc1wvM1wvMjAyNVwvMDJcL1JlZ2lvLU1hbmFnZXItUGxhdHotMS1SYW5raW5nLXIxX2M1LmpwZyIsInNsaWRlc2hvdyI6IjY5MzJiNjkifQ%3D%3D\">\n\t\t\t\t\t<div class=\"e-gallery-image elementor-gallery-item__image\" data-thumbnail=\"https:\/\/faber-etec.de\/wp-content\/uploads\/sites\/3\/2025\/02\/Regio-Manager-Platz-1-Ranking-r1_c5-768x387.jpg\" data-width=\"768\" data-height=\"387\" aria-label=\"Installation photovolta\u00efque sur un centre logistique pour une utilisation durable de l&#039;\u00e9lectricit\u00e9 propre.\" role=\"img\" ><\/div>\n\t\t\t\t\t\t\t\t\t\t\t<div class=\"elementor-gallery-item__overlay\"><\/div>\n\t\t\t\t\t\t\t\t\t\t\t\t\t\t<\/a>\n\t\t\t\t\t\t\t<a class=\"e-gallery-item elementor-gallery-item elementor-animated-content\"  href=\"https:\/\/faber-etec.de\/wp-content\/uploads\/sites\/3\/2025\/02\/Regio-Manager-Platz-1-Ranking-r4_c3.jpg\" title=\"Regio Manager Place 1 Classement R4 C3.jpg - \" data-elementor-open-lightbox=\"yes\" data-elementor-lightbox-slideshow=\"6932b69\" data-e-action-hash=\"#elementor-action%3Aaction%3Dlightbox%26settings%3DeyJpZCI6MTUzMTIsInVybCI6Imh0dHBzOlwvXC9mYWJlci1ldGVjLmRlXC93cC1jb250ZW50XC91cGxvYWRzXC9zaXRlc1wvM1wvMjAyNVwvMDJcL1JlZ2lvLU1hbmFnZXItUGxhdHotMS1SYW5raW5nLXI0X2MzLmpwZyIsInNsaWRlc2hvdyI6IjY5MzJiNjkifQ%3D%3D\">\n\t\t\t\t\t<div class=\"e-gallery-image elementor-gallery-item__image\" data-thumbnail=\"https:\/\/faber-etec.de\/wp-content\/uploads\/sites\/3\/2025\/02\/Regio-Manager-Platz-1-Ranking-r4_c3-768x376.jpg\" data-width=\"768\" data-height=\"376\" aria-label=\"Un parc solaire avec des modules PV de grande surface pour une production d&#039;\u00e9nergie durable.\" role=\"img\" ><\/div>\n\t\t\t\t\t\t\t\t\t\t\t<div class=\"elementor-gallery-item__overlay\"><\/div>\n\t\t\t\t\t\t\t\t\t\t\t\t\t\t<\/a>\n\t\t\t\t\t\t\t<a class=\"e-gallery-item elementor-gallery-item elementor-animated-content\"  href=\"https:\/\/faber-etec.de\/wp-content\/uploads\/sites\/3\/2025\/02\/Regio-Manager-Platz-1-Ranking-r4_c7.jpg\" title=\"Regio Manager Place 1 Classement R4 C7.jpg - \" data-elementor-open-lightbox=\"yes\" data-elementor-lightbox-slideshow=\"6932b69\" data-e-action-hash=\"#elementor-action%3Aaction%3Dlightbox%26settings%3DeyJpZCI6MTUzMTMsInVybCI6Imh0dHBzOlwvXC9mYWJlci1ldGVjLmRlXC93cC1jb250ZW50XC91cGxvYWRzXC9zaXRlc1wvM1wvMjAyNVwvMDJcL1JlZ2lvLU1hbmFnZXItUGxhdHotMS1SYW5raW5nLXI0X2M3LmpwZyIsInNsaWRlc2hvdyI6IjY5MzJiNjkifQ%3D%3D\">\n\t\t\t\t\t<div class=\"e-gallery-image elementor-gallery-item__image\" data-thumbnail=\"https:\/\/faber-etec.de\/wp-content\/uploads\/sites\/3\/2025\/02\/Regio-Manager-Platz-1-Ranking-r4_c7-768x364.jpg\" data-width=\"768\" data-height=\"364\" aria-label=\"Technique solaire moderne sur les b\u00e2timents commerciaux pour optimiser l&#039;efficacit\u00e9 \u00e9nerg\u00e9tique.\" role=\"img\" ><\/div>\n\t\t\t\t\t\t\t\t\t\t\t<div class=\"elementor-gallery-item__overlay\"><\/div>\n\t\t\t\t\t\t\t\t\t\t\t\t\t\t<\/a>\n\t\t\t\t\t<\/div>\n\t\t\t\t\t<\/div>\n\t\t\t\t<\/div>\n\t\t\t\t<div class=\"elementor-element elementor-element-5b6f723 elementor-widget-divider--view-line elementor-widget elementor-widget-divider\" data-id=\"5b6f723\" data-element_type=\"widget\" data-e-type=\"widget\" data-widget_type=\"divider.default\">\n\t\t\t\t<div class=\"elementor-widget-container\">\n\t\t\t\t\t\t\t<div class=\"elementor-divider\">\n\t\t\t<span class=\"elementor-divider-separator\">\n\t\t\t\t\t\t<\/span>\n\t\t<\/div>\n\t\t\t\t\t\t<\/div>\n\t\t\t\t<\/div>\n\t\t\t\t<div class=\"elementor-element elementor-element-09705e0 elementor-widget elementor-widget-text-editor\" data-id=\"09705e0\" data-element_type=\"widget\" data-e-type=\"widget\" data-widget_type=\"text-editor.default\">\n\t\t\t\t<div class=\"elementor-widget-container\">\n\t\t\t\t\t\t\t\t\t<h3>Signification pour Faber E-Tec<\/h3><p>En tant que membre du groupe Faber, nous profitons de ce succ\u00e8s chez Faber E-Tec. Gr\u00e2ce \u00e0 son expertise dans le domaine de la technologie solaire, notre soci\u00e9t\u00e9 m\u00e8re fait avancer le tournant \u00e9nerg\u00e9tique durable. Nous aussi, avec nos <strong>Postes de transformation<\/strong> pour l'e-mobilit\u00e9, l'industrie et les \u00e9nergies renouvelables sur des technologies d'avenir.<\/p><p>Cette distinction souligne notre vision commune : une infrastructure \u00e9nerg\u00e9tique innovante pour un avenir durable !<\/p><p><strong>Nous disons MERCI !<\/strong><br \/>Ce classement n'aurait pas \u00e9t\u00e9 possible sans notre \u00e9quipe solide, nos clients et partenaires fid\u00e8les. Ensemble, continuons \u00e0 faire avancer le tournant \u00e9nerg\u00e9tique !<\/p><p>\ud83d\udd17 Pour en savoir plus, consultez le Regio Manager Ranking :<br \/>\ud83d\udc49 <a href=\"https:\/\/www.regiomanager.de\/unternehmen\/faber-energy-group-gmbh\/\" title=\"Faber Energy Group Gmbh - https:\/\/www.regiomanager.de\/unternehmen\/faber-energy-group-gmbh\/\" target=\"_new\" rel=\"noopener\">https:\/\/www.regiomanager.de\/unternehmen\/faber-energy-group-gmbh\/<\/a><\/p>\t\t\t\t\t\t\t\t<\/div>\n\t\t\t\t<\/div>\n\t\t\t\t<div class=\"elementor-element elementor-element-cb258ae elementor-widget elementor-widget-gallery\" data-id=\"cb258ae\" data-element_type=\"widget\" data-e-type=\"widget\" data-settings=\"{&quot;gallery_layout&quot;:&quot;justified&quot;,&quot;ideal_row_height&quot;:{&quot;unit&quot;:&quot;px&quot;,&quot;size&quot;:280,&quot;sizes&quot;:[]},&quot;gap&quot;:{&quot;unit&quot;:&quot;px&quot;,&quot;size&quot;:15,&quot;sizes&quot;:[]},&quot;lazyload&quot;:&quot;yes&quot;,&quot;ideal_row_height_laptop&quot;:{&quot;unit&quot;:&quot;px&quot;,&quot;size&quot;:150,&quot;sizes&quot;:[]},&quot;ideal_row_height_tablet_extra&quot;:{&quot;unit&quot;:&quot;px&quot;,&quot;size&quot;:150,&quot;sizes&quot;:[]},&quot;ideal_row_height_tablet&quot;:{&quot;unit&quot;:&quot;px&quot;,&quot;size&quot;:150,&quot;sizes&quot;:[]},&quot;ideal_row_height_mobile&quot;:{&quot;unit&quot;:&quot;px&quot;,&quot;size&quot;:150,&quot;sizes&quot;:[]},&quot;gap_laptop&quot;:{&quot;unit&quot;:&quot;px&quot;,&quot;size&quot;:10,&quot;sizes&quot;:[]},&quot;gap_tablet_extra&quot;:{&quot;unit&quot;:&quot;px&quot;,&quot;size&quot;:10,&quot;sizes&quot;:[]},&quot;gap_tablet&quot;:{&quot;unit&quot;:&quot;px&quot;,&quot;size&quot;:10,&quot;sizes&quot;:[]},&quot;gap_mobile&quot;:{&quot;unit&quot;:&quot;px&quot;,&quot;size&quot;:10,&quot;sizes&quot;:[]},&quot;link_to&quot;:&quot;file&quot;,&quot;overlay_background&quot;:&quot;yes&quot;,&quot;content_hover_animation&quot;:&quot;fade-in&quot;}\" data-widget_type=\"gallery.default\">\n\t\t\t\t<div class=\"elementor-widget-container\">\n\t\t\t\t\t\t\t<div class=\"elementor-gallery__container\">\n\t\t\t\t\t\t\t<a class=\"e-gallery-item elementor-gallery-item elementor-animated-content\" href=\"https:\/\/faber-etec.de\/wp-content\/uploads\/sites\/3\/2025\/02\/Solartechnik-in-der-Region-NRW-_r1_c1.jpg\" title=\"Technologie Solaire Dans La R\u00e9gion NRW R1 C1.jpg - \" data-elementor-open-lightbox=\"yes\" data-elementor-lightbox-slideshow=\"cb258ae\" data-e-action-hash=\"#elementor-action%3Aaction%3Dlightbox%26settings%3DeyJpZCI6MTUzMTUsInVybCI6Imh0dHBzOlwvXC9mYWJlci1ldGVjLmRlXC93cC1jb250ZW50XC91cGxvYWRzXC9zaXRlc1wvM1wvMjAyNVwvMDJcL1NvbGFydGVjaG5pay1pbi1kZXItUmVnaW9uLU5SVy1fcjFfYzEuanBnIiwic2xpZGVzaG93IjoiY2IyNThhZSJ9\">\n\t\t\t\t\t<div class=\"e-gallery-image elementor-gallery-item__image\" data-thumbnail=\"https:\/\/faber-etec.de\/wp-content\/uploads\/sites\/3\/2025\/02\/Solartechnik-in-der-Region-NRW-_r1_c1-768x332.jpg\" data-width=\"768\" data-height=\"332\" aria-label=\"Des ouvriers qualifi\u00e9s montent un poste de transformation dans un hall de production avec une grue.\" role=\"img\" ><\/div>\n\t\t\t\t\t\t\t\t\t\t\t<div class=\"elementor-gallery-item__overlay\"><\/div>\n\t\t\t\t\t\t\t\t\t\t\t\t\t\t<\/a>\n\t\t\t\t\t\t\t<a class=\"e-gallery-item elementor-gallery-item elementor-animated-content\" href=\"https:\/\/faber-etec.de\/wp-content\/uploads\/sites\/3\/2025\/02\/Solartechnik-in-der-Region-NRW-_r3_c4.jpg\" title=\"La technologie solaire dans la r\u00e9gion NRW R3 C4.jpg - \" data-elementor-open-lightbox=\"yes\" data-elementor-lightbox-slideshow=\"cb258ae\" data-e-action-hash=\"#elementor-action%3Aaction%3Dlightbox%26settings%3DeyJpZCI6MTUzMTQsInVybCI6Imh0dHBzOlwvXC9mYWJlci1ldGVjLmRlXC93cC1jb250ZW50XC91cGxvYWRzXC9zaXRlc1wvM1wvMjAyNVwvMDJcL1NvbGFydGVjaG5pay1pbi1kZXItUmVnaW9uLU5SVy1fcjNfYzQuanBnIiwic2xpZGVzaG93IjoiY2IyNThhZSJ9\">\n\t\t\t\t\t<div class=\"e-gallery-image elementor-gallery-item__image\" data-thumbnail=\"https:\/\/faber-etec.de\/wp-content\/uploads\/sites\/3\/2025\/02\/Solartechnik-in-der-Region-NRW-_r3_c4-768x695.jpg\" data-width=\"768\" data-height=\"695\" aria-label=\"Un monteur portant un casque de protection et un gilet de s\u00e9curit\u00e9 installe un module photovolta\u00efque sur une structure m\u00e9tallique.\" role=\"img\" ><\/div>\n\t\t\t\t\t\t\t\t\t\t\t<div class=\"elementor-gallery-item__overlay\"><\/div>\n\t\t\t\t\t\t\t\t\t\t\t\t\t\t<\/a>\n\t\t\t\t\t\t\t<a class=\"e-gallery-item elementor-gallery-item elementor-animated-content\" href=\"https:\/\/faber-etec.de\/wp-content\/uploads\/sites\/3\/2025\/02\/Solartechnik-in-der-Region-NRW-_r3_c2.jpg\" title=\"La technologie solaire dans la r\u00e9gion NRW R3 C2.jpg - \" data-elementor-open-lightbox=\"yes\" data-elementor-lightbox-slideshow=\"cb258ae\" data-e-action-hash=\"#elementor-action%3Aaction%3Dlightbox%26settings%3DeyJpZCI6MTUzMTYsInVybCI6Imh0dHBzOlwvXC9mYWJlci1ldGVjLmRlXC93cC1jb250ZW50XC91cGxvYWRzXC9zaXRlc1wvM1wvMjAyNVwvMDJcL1NvbGFydGVjaG5pay1pbi1kZXItUmVnaW9uLU5SVy1fcjNfYzIuanBnIiwic2xpZGVzaG93IjoiY2IyNThhZSJ9\">\n\t\t\t\t\t<div class=\"e-gallery-image elementor-gallery-item__image\" data-thumbnail=\"https:\/\/faber-etec.de\/wp-content\/uploads\/sites\/3\/2025\/02\/Solartechnik-in-der-Region-NRW-_r3_c2-768x682.jpg\" data-width=\"768\" data-height=\"682\" aria-label=\"Deux ouvriers \u00e9quip\u00e9s de gilets de protection et de casques lors du montage d&#039;une sous-structure de parc solaire avec une machine de battage.\" role=\"img\" ><\/div>\n\t\t\t\t\t\t\t\t\t\t\t<div class=\"elementor-gallery-item__overlay\"><\/div>\n\t\t\t\t\t\t\t\t\t\t\t\t\t\t<\/a>\n\t\t\t\t\t<\/div>\n\t\t\t\t\t<\/div>\n\t\t\t\t<\/div>\n\t\t\t\t<div class=\"elementor-element elementor-element-c32a988 elementor-widget elementor-widget-image\" data-id=\"c32a988\" data-element_type=\"widget\" data-e-type=\"widget\" data-widget_type=\"image.default\">\n\t\t\t\t<div class=\"elementor-widget-container\">\n\t\t\t\t\t\t\t\t\t\t\t\t<figure class=\"wp-caption\">\n\t\t\t\t\t\t\t\t\t\t\t<a href=\"https:\/\/faber-etec.de\/fr\/station-du-parc-solaire\/\" title=\"Demander une station de parc solaire Faber E-Tec\">\n\t\t\t\t\t\t\t<img decoding=\"async\" width=\"800\" height=\"512\" src=\"https:\/\/faber-etec.de\/wp-content\/uploads\/sites\/3\/2024\/11\/Trafostation-fuer-Solarparks-Solarpark-Netzanschluss-Kompaktstationen-Kompakt-Trafostationen-Transformatorkompaktstationen-1024x655.avif\" class=\"attachment-large size-large wp-image-14351\" alt=\"Station de transformation pour le raccordement au r\u00e9seau d&#039;un parc solaire avec station compacte Transformateur et stations de transformation compactes pour un transfert d&#039;\u00e9nergie fiable et une alimentation en \u00e9nergie durable.\" srcset=\"https:\/\/faber-etec.de\/wp-content\/uploads\/sites\/3\/2024\/11\/Trafostation-fuer-Solarparks-Solarpark-Netzanschluss-Kompaktstationen-Kompakt-Trafostationen-Transformatorkompaktstationen-1024x655.avif 1024w, https:\/\/faber-etec.de\/wp-content\/uploads\/sites\/3\/2024\/11\/Trafostation-fuer-Solarparks-Solarpark-Netzanschluss-Kompaktstationen-Kompakt-Trafostationen-Transformatorkompaktstationen-300x192.avif 300w, https:\/\/faber-etec.de\/wp-content\/uploads\/sites\/3\/2024\/11\/Trafostation-fuer-Solarparks-Solarpark-Netzanschluss-Kompaktstationen-Kompakt-Trafostationen-Transformatorkompaktstationen-768x491.avif 768w, https:\/\/faber-etec.de\/wp-content\/uploads\/sites\/3\/2024\/11\/Trafostation-fuer-Solarparks-Solarpark-Netzanschluss-Kompaktstationen-Kompakt-Trafostationen-Transformatorkompaktstationen-1536x983.avif 1536w, https:\/\/faber-etec.de\/wp-content\/uploads\/sites\/3\/2024\/11\/Trafostation-fuer-Solarparks-Solarpark-Netzanschluss-Kompaktstationen-Kompakt-Trafostationen-Transformatorkompaktstationen-2048x1310.avif 2048w, https:\/\/faber-etec.de\/wp-content\/uploads\/sites\/3\/2024\/11\/Trafostation-fuer-Solarparks-Solarpark-Netzanschluss-Kompaktstationen-Kompakt-Trafostationen-Transformatorkompaktstationen-18x12.avif 18w\" sizes=\"(max-width: 800px) 100vw, 800px\" title=\"Poste de transformation pour parcs solaires avec poste de transformation compact et raccordement au r\u00e9seau\" \/>\t\t\t\t\t\t\t\t<\/a>\n\t\t\t\t\t\t\t\t\t\t\t<figcaption class=\"widget-image-caption wp-caption-text\">Postes de transformation pour le raccordement au r\u00e9seau du parc solaire : nos postes de transformation compacts garantissent un transfert d'\u00e9nergie fiable et assurent un approvisionnement \u00e9nerg\u00e9tique durable.<\/figcaption>\n\t\t\t\t\t\t\t\t\t\t<\/figure>\n\t\t\t\t\t\t\t\t\t<\/div>\n\t\t\t\t<\/div>\n\t\t\t\t<div class=\"elementor-element elementor-element-5d842cb elementor-widget-divider--view-line elementor-widget elementor-widget-divider\" data-id=\"5d842cb\" data-element_type=\"widget\" data-e-type=\"widget\" data-widget_type=\"divider.default\">\n\t\t\t\t<div class=\"elementor-widget-container\">\n\t\t\t\t\t\t\t<div class=\"elementor-divider\">\n\t\t\t<span class=\"elementor-divider-separator\">\n\t\t\t\t\t\t<\/span>\n\t\t<\/div>\n\t\t\t\t\t\t<\/div>\n\t\t\t\t<\/div>\n\t\t<div class=\"elementor-element elementor-element-1b2518c e-con-full e-flex e-con e-child\" data-id=\"1b2518c\" data-element_type=\"container\" data-e-type=\"container\" data-settings=\"{&quot;background_background&quot;:&quot;classic&quot;}\">\n\t\t\t\t<div class=\"elementor-element elementor-element-d2314d3 elementor-widget elementor-widget-text-editor\" data-id=\"d2314d3\" data-element_type=\"widget\" data-e-type=\"widget\" data-widget_type=\"text-editor.default\">\n\t\t\t\t<div class=\"elementor-widget-container\">\n\t\t\t\t\t\t\t\t\t<h3>Suivez-nous sur les r\u00e9seaux sociaux<\/h3><p>Restez inform\u00e9s et suivez-nous sur nos canaux de m\u00e9dias sociaux pour obtenir les derni\u00e8res nouvelles, des projets passionnants et un aper\u00e7u des coulisses !<\/p>\t\t\t\t\t\t\t\t<\/div>\n\t\t\t\t<\/div>\n\t\t\t\t<div class=\"elementor-element elementor-element-53775f3 e-grid-align-left elementor-shape-rounded elementor-grid-0 elementor-widget elementor-widget-social-icons\" data-id=\"53775f3\" data-element_type=\"widget\" data-e-type=\"widget\" data-widget_type=\"social-icons.default\">\n\t\t\t\t<div class=\"elementor-widget-container\">\n\t\t\t\t\t\t\t<div class=\"elementor-social-icons-wrapper elementor-grid\" role=\"list\">\n\t\t\t\t\t\t\t<span class=\"elementor-grid-item\" role=\"listitem\">\n\t\t\t\t\t<a class=\"elementor-icon elementor-social-icon elementor-social-icon-instagram elementor-animation-grow elementor-repeater-item-c4ec2f4\" href=\"https:\/\/www.instagram.com\/faber.energy\/\" target=\"_blank\" title=\"Suivez-nous sur Instagram\" rel=\"noopener\">\n\t\t\t\t\t\t<span class=\"elementor-screen-only\">Instagram<\/span>\n\t\t\t\t\t\t<i aria-hidden=\"true\" class=\"fab fa-instagram\"><\/i>\t\t\t\t\t<\/a>\n\t\t\t\t<\/span>\n\t\t\t\t\t\t\t<span class=\"elementor-grid-item\" role=\"listitem\">\n\t\t\t\t\t<a class=\"elementor-icon elementor-social-icon elementor-social-icon-facebook elementor-animation-grow elementor-repeater-item-2651a5f\" href=\"https:\/\/www.facebook.com\/profile.php?id=61566434640105\" target=\"_blank\" title=\"Suivez-nous sur Facebook\" rel=\"noopener\">\n\t\t\t\t\t\t<span class=\"elementor-screen-only\">Facebook<\/span>\n\t\t\t\t\t\t<i aria-hidden=\"true\" class=\"fab fa-facebook\"><\/i>\t\t\t\t\t<\/a>\n\t\t\t\t<\/span>\n\t\t\t\t\t\t\t<span class=\"elementor-grid-item\" role=\"listitem\">\n\t\t\t\t\t<a class=\"elementor-icon elementor-social-icon elementor-social-icon-threads elementor-animation-grow elementor-repeater-item-c864bea\" href=\"https:\/\/www.threads.net\/@faber.energy\" target=\"_blank\" title=\"Suivez-nous sur les fils de discussion\" rel=\"noopener\">\n\t\t\t\t\t\t<span class=\"elementor-screen-only\">Fils de discussion<\/span>\n\t\t\t\t\t\t<i aria-hidden=\"true\" class=\"fab fa-threads\"><\/i>\t\t\t\t\t<\/a>\n\t\t\t\t<\/span>\n\t\t\t\t\t\t\t<span class=\"elementor-grid-item\" role=\"listitem\">\n\t\t\t\t\t<a class=\"elementor-icon elementor-social-icon elementor-social-icon-linkedin elementor-animation-grow elementor-repeater-item-2b87a25\" href=\"https:\/\/www.linkedin.com\/company\/faber-etec\/\" target=\"_blank\" title=\"Suivez-nous sur Linkedin\" rel=\"noopener\">\n\t\t\t\t\t\t<span class=\"elementor-screen-only\">Linkedin<\/span>\n\t\t\t\t\t\t<i aria-hidden=\"true\" class=\"fab fa-linkedin\"><\/i>\t\t\t\t\t<\/a>\n\t\t\t\t<\/span>\n\t\t\t\t\t\t\t<span class=\"elementor-grid-item\" role=\"listitem\">\n\t\t\t\t\t<a class=\"elementor-icon elementor-social-icon elementor-social-icon-x-twitter elementor-animation-grow elementor-repeater-item-4ef3195\" href=\"https:\/\/x.com\/Faber_Energy\" target=\"_blank\" title=\"Suivez-nous sur X Twitter\">\n\t\t\t\t\t\t<span class=\"elementor-screen-only\">X-twitter<\/span>\n\t\t\t\t\t\t<i aria-hidden=\"true\" class=\"fab fa-x-twitter\"><\/i>\t\t\t\t\t<\/a>\n\t\t\t\t<\/span>\n\t\t\t\t\t\t\t<span class=\"elementor-grid-item\" role=\"listitem\">\n\t\t\t\t\t<a class=\"elementor-icon elementor-social-icon elementor-social-icon-youtube elementor-animation-grow elementor-repeater-item-837340d\" href=\"https:\/\/www.youtube.com\/@Faber.Energy\" target=\"_blank\" title=\"Suivez-nous sur Youtube\" rel=\"noopener\">\n\t\t\t\t\t\t<span class=\"elementor-screen-only\">Youtube<\/span>\n\t\t\t\t\t\t<i aria-hidden=\"true\" class=\"fab fa-youtube\"><\/i>\t\t\t\t\t<\/a>\n\t\t\t\t<\/span>\n\t\t\t\t\t<\/div>\n\t\t\t\t\t\t<\/div>\n\t\t\t\t<\/div>\n\t\t\t\t<\/div>\n\t\t\t\t<div class=\"elementor-element elementor-element-3ed889a elementor-widget-divider--view-line elementor-widget elementor-widget-divider\" data-id=\"3ed889a\" data-element_type=\"widget\" data-e-type=\"widget\" data-widget_type=\"divider.default\">\n\t\t\t\t<div class=\"elementor-widget-container\">\n\t\t\t\t\t\t\t<div class=\"elementor-divider\">\n\t\t\t<span class=\"elementor-divider-separator\">\n\t\t\t\t\t\t<\/span>\n\t\t<\/div>\n\t\t\t\t\t\t<\/div>\n\t\t\t\t<\/div>\n\t\t\t\t<div class=\"elementor-element elementor-element-04306bc elementor-widget elementor-widget-text-editor\" data-id=\"04306bc\" data-element_type=\"widget\" data-e-type=\"widget\" data-widget_type=\"text-editor.default\">\n\t\t\t\t<div class=\"elementor-widget-container\">\n\t\t\t\t\t\t\t\t\t<h2>Faber Solartechnik : l'innovation au service d'un avenir durable<\/h2><p>Le site <a title=\"Faber Solartechnik GmbH\" href=\"https:\/\/faber-solartechnik.de\/\" target=\"_blank\" rel=\"noopener\">Faber Technique solaire<\/a> est un \u00e9l\u00e9ment central du Faber Energy Group et compte parmi les principaux fournisseurs de solutions photovolta\u00efques en Rh\u00e9nanie-du-Nord-Westphalie. Forts d'une longue exp\u00e9rience dans le d\u00e9veloppement et la mise en \u0153uvre de parcs solaires, d'installations photovolta\u00efques commerciales et de solutions de stockage d'\u00e9nergie, nous apportons une contribution importante \u00e0 la transition \u00e9nerg\u00e9tique.<\/p><h3>Nous nous concentrons sur<\/h3><ul><li>\u2705 Installations photovolta\u00efques industrielles pour une auto-alimentation durable en \u00e9lectricit\u00e9.<\/li><li>\u2705 Parcs solaires pour l'utilisation \u00e0 grande \u00e9chelle de l'\u00e9nergie solaire.<\/li><li>\u2705 Infrastructure \u00e9nerg\u00e9tique pour les entreprises, les communes et les commerces.<\/li><li>\u2705 Int\u00e9gration de stations de transformation pour un raccordement efficace au r\u00e9seau.<\/li><\/ul><p>Gr\u00e2ce \u00e0 nos solutions sur mesure, nous permettons \u00e0 nos clients de b\u00e9n\u00e9ficier d'un approvisionnement en \u00e9lectricit\u00e9 s\u00fbr, \u00e9cologique et \u00e9conomique.<\/p>\t\t\t\t\t\t\t\t<\/div>\n\t\t\t\t<\/div>\n\t\t\t\t<div class=\"elementor-element elementor-element-d3fac30 elementor-widget-divider--view-line elementor-widget elementor-widget-divider\" data-id=\"d3fac30\" data-element_type=\"widget\" data-e-type=\"widget\" data-widget_type=\"divider.default\">\n\t\t\t\t<div class=\"elementor-widget-container\">\n\t\t\t\t\t\t\t<div class=\"elementor-divider\">\n\t\t\t<span class=\"elementor-divider-separator\">\n\t\t\t\t\t\t<\/span>\n\t\t<\/div>\n\t\t\t\t\t\t<\/div>\n\t\t\t\t<\/div>\n\t\t\t\t<div class=\"elementor-element elementor-element-6551215 elementor-widget elementor-widget-text-editor\" data-id=\"6551215\" data-element_type=\"widget\" data-e-type=\"widget\" data-widget_type=\"text-editor.default\">\n\t\t\t\t<div class=\"elementor-widget-container\">\n\t\t\t\t\t\t\t\t\t<h2>Rh\u00e9nanie-du-Nord-Westphalie : un hotspot pour les \u00e9nergies renouvelables<\/h2>\n<p>La Rh\u00e9nanie-du-Nord-Westphalie (NRW) est l'un des principaux sites \u00e9conomiques d'Allemagne et joue un r\u00f4le d\u00e9cisif dans le domaine des \u00e9nergies renouvelables. Alors que le Land a \u00e9t\u00e9 historiquement fortement marqu\u00e9 par l'\u00e9nergie au charbon, on assiste aujourd'hui \u00e0 une \u00e9volution vers des sources d'\u00e9nergie durables telles que le photovolta\u00efque, l'\u00e9olien et l'hydro\u00e9lectricit\u00e9.<\/p>\n<h3>Pourquoi la NRW est un site important :<\/h3>\n<ul>\n<li>\u2705 Forte densit\u00e9 industrielle et commerciale avec un besoin croissant d'\u00e9lectricit\u00e9 durable.<\/li>\n<li>\u2705 Programmes de soutien public pour les \u00e9nergies renouvelables et la r\u00e9duction du CO\u2082<\/li>\n<li>\u2705 De nombreuses surfaces de toitures inutilis\u00e9es sur des b\u00e2timents commerciaux qui se pr\u00eatent id\u00e9alement \u00e0 des installations photovolta\u00efques.<\/li>\n<li>\u2705 Rayonnement solaire \u00e0 un niveau \u00e9lev\u00e9, notamment en Westphalie orientale-Lippe.<\/li>\n<\/ul>\n<p><br \/>Le Faber Energy Group apporte une contribution importante \u00e0 la r\u00e9alisation des objectifs climatiques de la Rh\u00e9nanie-du-Nord-Westphalie et joue un r\u00f4le de premier plan dans la transition \u00e9nerg\u00e9tique.<\/p>\t\t\t\t\t\t\t\t<\/div>\n\t\t\t\t<\/div>\n\t\t\t\t<div class=\"elementor-element elementor-element-1ea4f11 elementor-widget elementor-widget-image\" data-id=\"1ea4f11\" data-element_type=\"widget\" data-e-type=\"widget\" data-widget_type=\"image.default\">\n\t\t\t\t<div class=\"elementor-widget-container\">\n\t\t\t\t\t\t\t\t\t\t\t\t<figure class=\"wp-caption\">\n\t\t\t\t\t\t\t\t\t\t\t<a href=\"https:\/\/www.land.nrw\/\" target=\"_blank\" title=\"Demander une station de parc solaire Faber E-Tec\" rel=\"noopener\">\n\t\t\t\t\t\t\t<img decoding=\"async\" width=\"768\" height=\"513\" src=\"https:\/\/faber-etec.de\/wp-content\/uploads\/sites\/3\/2025\/02\/NRW-Nordrhein-Westfalen-768x513.avif\" class=\"attachment-medium_large size-medium_large wp-image-15322\" alt=\"-\" srcset=\"https:\/\/faber-etec.de\/wp-content\/uploads\/sites\/3\/2025\/02\/NRW-Nordrhein-Westfalen-768x513.avif 768w, https:\/\/faber-etec.de\/wp-content\/uploads\/sites\/3\/2025\/02\/NRW-Nordrhein-Westfalen-300x200.avif 300w, https:\/\/faber-etec.de\/wp-content\/uploads\/sites\/3\/2025\/02\/NRW-Nordrhein-Westfalen-1024x684.avif 1024w, https:\/\/faber-etec.de\/wp-content\/uploads\/sites\/3\/2025\/02\/NRW-Nordrhein-Westfalen-1536x1025.avif 1536w, https:\/\/faber-etec.de\/wp-content\/uploads\/sites\/3\/2025\/02\/NRW-Nordrhein-Westfalen-18x12.avif 18w, https:\/\/faber-etec.de\/wp-content\/uploads\/sites\/3\/2025\/02\/NRW-Nordrhein-Westfalen.avif 1600w\" sizes=\"(max-width: 768px) 100vw, 768px\" title=\"NRW - Rh\u00e9nanie-du-Nord-Westphalie\">\t\t\t\t\t\t\t\t<\/a>\n\t\t\t\t\t\t\t\t\t\t\t<figcaption class=\"widget-image-caption wp-caption-text\">La Rh\u00e9nanie-du-Nord-Westphalie est un site de premier plan pour les \u00e9nergies renouvelables, avec un d\u00e9veloppement croissant de parcs solaires, d'installations photovolta\u00efques et d'infrastructures \u00e9nerg\u00e9tiques durables.<\/figcaption>\n\t\t\t\t\t\t\t\t\t\t<\/figure>\n\t\t\t\t\t\t\t\t\t<\/div>\n\t\t\t\t<\/div>\n\t\t\t\t\t<\/div>\n\t\t\t\t<\/div>\n\t\t\t\t<\/div>","protected":false},"excerpt":{"rendered":"<p>Le Faber Energy Group atteint la premi\u00e8re place du classement Regio Manager en tant que leader des techniciens solaires en Rh\u00e9nanie-du-Nord-Westphalie - une \u00e9tape importante pour l'\u00e9nergie durable !<\/p>","protected":false},"author":2,"featured_media":15299,"comment_status":"closed","ping_status":"open","sticky":false,"template":"","format":"standard","meta":{"_acf_changed":false,"footnotes":""},"categories":[1],"tags":[69],"class_list":["post-15297","post","type-post","status-publish","format-standard","has-post-thumbnail","hentry","category-news","tag-faber-energy-group"],"acf":[],"_links":{"self":[{"href":"https:\/\/faber-etec.de\/fr\/wp-json\/wp\/v2\/posts\/15297","targetHints":{"allow":["GET"]}}],"collection":[{"href":"https:\/\/faber-etec.de\/fr\/wp-json\/wp\/v2\/posts"}],"about":[{"href":"https:\/\/faber-etec.de\/fr\/wp-json\/wp\/v2\/types\/post"}],"author":[{"embeddable":true,"href":"https:\/\/faber-etec.de\/fr\/wp-json\/wp\/v2\/users\/2"}],"replies":[{"embeddable":true,"href":"https:\/\/faber-etec.de\/fr\/wp-json\/wp\/v2\/comments?post=15297"}],"version-history":[{"count":16,"href":"https:\/\/faber-etec.de\/fr\/wp-json\/wp\/v2\/posts\/15297\/revisions"}],"predecessor-version":[{"id":16188,"href":"https:\/\/faber-etec.de\/fr\/wp-json\/wp\/v2\/posts\/15297\/revisions\/16188"}],"wp:featuredmedia":[{"embeddable":true,"href":"https:\/\/faber-etec.de\/fr\/wp-json\/wp\/v2\/media\/15299"}],"wp:attachment":[{"href":"https:\/\/faber-etec.de\/fr\/wp-json\/wp\/v2\/media?parent=15297"}],"wp:term":[{"taxonomy":"category","embeddable":true,"href":"https:\/\/faber-etec.de\/fr\/wp-json\/wp\/v2\/categories?post=15297"},{"taxonomy":"post_tag","embeddable":true,"href":"https:\/\/faber-etec.de\/fr\/wp-json\/wp\/v2\/tags?post=15297"}],"curies":[{"name":"wp","href":"https:\/\/api.w.org\/{rel}","templated":true}]}}