{"id":15830,"date":"2025-06-17T20:26:00","date_gmt":"2025-06-17T18:26:00","guid":{"rendered":"https:\/\/faber-etec.de\/?p=15830"},"modified":"2025-10-30T20:59:30","modified_gmt":"2025-10-30T19:59:30","slug":"solarpark-oelde-ennigerloh-netzanschluss","status":"publish","type":"post","link":"https:\/\/faber-etec.de\/fr\/news\/solarpark-oelde-ennigerloh-netzanschluss\/","title":{"rendered":"Une r\u00e9alisation r\u00e9ussie : un parc solaire raccord\u00e9 au r\u00e9seau entre Oelde et Ennigerloh"},"content":{"rendered":"<div data-elementor-type=\"wp-post\" data-elementor-id=\"15830\" class=\"elementor elementor-15830\" data-elementor-post-type=\"post\">\n\t\t\t\t<div class=\"elementor-element elementor-element-4c3a53b e-con-full e-flex e-con e-parent\" data-id=\"4c3a53b\" data-element_type=\"container\" data-e-type=\"container\">\n\t\t\t\t<div class=\"elementor-element elementor-element-ffcdb9f elementor-widget elementor-widget-heading\" data-id=\"ffcdb9f\" data-element_type=\"widget\" data-e-type=\"widget\" data-widget_type=\"heading.default\">\n\t\t\t\t<div class=\"elementor-widget-container\">\n\t\t\t\t\t<h2 class=\"elementor-heading-title elementor-size-default\">Raccordement au r\u00e9seau r\u00e9ussi pour un nouveau parc solaire dans le M\u00fcnsterland<\/h2>\t\t\t\t<\/div>\n\t\t\t\t<\/div>\n\t\t\t\t<div class=\"elementor-element elementor-element-27bb492 elementor-widget elementor-widget-text-editor\" data-id=\"27bb492\" data-element_type=\"widget\" data-e-type=\"widget\" data-widget_type=\"text-editor.default\">\n\t\t\t\t<div class=\"elementor-widget-container\">\n\t\t\t\t\t\t\t\t\t<h3><strong data-start=\"506\" data-end=\"556\">Une technique forte. Des partenaires forts. Une r\u00e9gion forte.<\/strong><\/h3><p>Entre <strong data-start=\"568\" data-end=\"592\">Oelde <\/strong>et <strong data-start=\"568\" data-end=\"592\">Ennigerloh<\/strong> un nouveau parc solaire a \u00e9t\u00e9 construit ces derni\u00e8res semaines - dans le cadre d'un pipeline de projets en expansion du fournisseur d'\u00e9nergie int\u00e9gr\u00e9 <strong data-start=\"734\" data-end=\"751\">LichtBlick SE<\/strong>. En \u00e9troite collaboration avec la <strong data-start=\"785\" data-end=\"804\">SolarBlick GmbH<\/strong>, Le projet a pu \u00eatre r\u00e9alis\u00e9 et raccord\u00e9 au r\u00e9seau avec succ\u00e8s gr\u00e2ce \u00e0 l'aide de Faber Solartechnik, prestataire de services EPC, et de Faber E-Tec, sp\u00e9cialiste des stations de transformation et des techniques de raccordement au r\u00e9seau.<\/p>\t\t\t\t\t\t\t\t<\/div>\n\t\t\t\t<\/div>\n\t\t\t\t<div class=\"elementor-element elementor-element-68d611c elementor-widget elementor-widget-image\" data-id=\"68d611c\" data-element_type=\"widget\" data-e-type=\"widget\" data-widget_type=\"image.default\">\n\t\t\t\t<div class=\"elementor-widget-container\">\n\t\t\t\t\t\t\t\t\t\t\t\t\t\t\t\t<a  href=\"https:\/\/faber-etec.de\/wp-content\/uploads\/sites\/3\/2025\/06\/Oelde-Ennigerloh-LichtBlick-SolarBlick-Faber-EPC-2025-DSC07625.jpg\" title=\"Oelde Ennigerloh LichtBlick SolarBlick Faber EPC 2025 DSC07625.jpg - \" data-elementor-open-lightbox=\"yes\" data-e-action-hash=\"#elementor-action%3Aaction%3Dlightbox%26settings%3DeyJpZCI6MTU4ODYsInVybCI6Imh0dHBzOlwvXC9mYWJlci1ldGVjLmRlXC93cC1jb250ZW50XC91cGxvYWRzXC9zaXRlc1wvM1wvMjAyNVwvMDZcL09lbGRlLUVubmlnZXJsb2gtTGljaHRCbGljay1Tb2xhckJsaWNrLUZhYmVyLUVQQy0yMDI1LURTQzA3NjI1LmpwZyJ9\">\n\t\t\t\t\t\t\t<img decoding=\"async\" src=\"https:\/\/faber-etec.de\/wp-content\/uploads\/sites\/3\/elementor\/thumbs\/Oelde-Ennigerloh-LichtBlick-SolarBlick-Faber-EPC-2025-DSC07625-r7gp2dd5yucel4n3vr8km9otkqnldbk1h0r3fo34i0.jpg\" title=\"Poste de transformation compact en construction devant un paysage du M\u00fcnsterland\" alt=\"Poste de transformation compact en construction dans le paysage du M\u00fcnsterland. Poste de transformation compact de Faber E-Tec en action dans le cadre d&#039;un projet solaire \u00e0 Ennigerloh\" loading=\"lazy\" \/>\t\t\t\t\t\t\t\t<\/a>\n\t\t\t\t\t\t\t\t\t\t\t\t\t\t\t<\/div>\n\t\t\t\t<\/div>\n\t\t\t\t<div class=\"elementor-element elementor-element-2ac00fe elementor-widget elementor-widget-gallery\" data-id=\"2ac00fe\" data-element_type=\"widget\" data-e-type=\"widget\" data-settings=\"{&quot;gallery_layout&quot;:&quot;justified&quot;,&quot;ideal_row_height&quot;:{&quot;unit&quot;:&quot;px&quot;,&quot;size&quot;:201,&quot;sizes&quot;:[]},&quot;lazyload&quot;:&quot;yes&quot;,&quot;ideal_row_height_laptop&quot;:{&quot;unit&quot;:&quot;px&quot;,&quot;size&quot;:150,&quot;sizes&quot;:[]},&quot;ideal_row_height_tablet_extra&quot;:{&quot;unit&quot;:&quot;px&quot;,&quot;size&quot;:150,&quot;sizes&quot;:[]},&quot;ideal_row_height_tablet&quot;:{&quot;unit&quot;:&quot;px&quot;,&quot;size&quot;:150,&quot;sizes&quot;:[]},&quot;ideal_row_height_mobile&quot;:{&quot;unit&quot;:&quot;px&quot;,&quot;size&quot;:150,&quot;sizes&quot;:[]},&quot;gap&quot;:{&quot;unit&quot;:&quot;px&quot;,&quot;size&quot;:10,&quot;sizes&quot;:[]},&quot;gap_laptop&quot;:{&quot;unit&quot;:&quot;px&quot;,&quot;size&quot;:10,&quot;sizes&quot;:[]},&quot;gap_tablet_extra&quot;:{&quot;unit&quot;:&quot;px&quot;,&quot;size&quot;:10,&quot;sizes&quot;:[]},&quot;gap_tablet&quot;:{&quot;unit&quot;:&quot;px&quot;,&quot;size&quot;:10,&quot;sizes&quot;:[]},&quot;gap_mobile&quot;:{&quot;unit&quot;:&quot;px&quot;,&quot;size&quot;:10,&quot;sizes&quot;:[]},&quot;link_to&quot;:&quot;file&quot;,&quot;overlay_background&quot;:&quot;yes&quot;,&quot;content_hover_animation&quot;:&quot;fade-in&quot;}\" data-widget_type=\"gallery.default\">\n\t\t\t\t<div class=\"elementor-widget-container\">\n\t\t\t\t\t\t\t<div class=\"elementor-gallery__container\">\n\t\t\t\t\t\t\t<a class=\"e-gallery-item elementor-gallery-item elementor-animated-content\"  href=\"https:\/\/faber-etec.de\/wp-content\/uploads\/sites\/3\/2025\/06\/Oelde-Ennigerloh-LichtBlick-SolarBlick-Faber-EPC-2025-DSC06784_1.jpg\" title=\"Oelde Ennigerloh LichtBlick SolarBlick Faber EPC 2025 DSC06784 1.jpg - \" data-elementor-open-lightbox=\"yes\" data-elementor-lightbox-slideshow=\"2ac00fe\" data-e-action-hash=\"#elementor-action%3Aaction%3Dlightbox%26settings%3DeyJpZCI6MTU4NjYsInVybCI6Imh0dHBzOlwvXC9mYWJlci1ldGVjLmRlXC93cC1jb250ZW50XC91cGxvYWRzXC9zaXRlc1wvM1wvMjAyNVwvMDZcL09lbGRlLUVubmlnZXJsb2gtTGljaHRCbGljay1Tb2xhckJsaWNrLUZhYmVyLUVQQy0yMDI1LURTQzA2Nzg0XzEuanBnIiwic2xpZGVzaG93IjoiMmFjMDBmZSJ9\">\n\t\t\t\t\t<div class=\"e-gallery-image elementor-gallery-item__image\" data-thumbnail=\"https:\/\/faber-etec.de\/wp-content\/uploads\/sites\/3\/2025\/06\/Oelde-Ennigerloh-LichtBlick-SolarBlick-Faber-EPC-2025-DSC06784_1-768x1152.jpg\" data-width=\"768\" data-height=\"1152\" aria-label=\"Projet EPC du Faber Energy Group avec des postes de transformation compacts et une installation PV\" role=\"img\" ><\/div>\n\t\t\t\t\t\t\t\t\t\t\t<div class=\"elementor-gallery-item__overlay\"><\/div>\n\t\t\t\t\t\t\t\t\t\t\t\t\t\t<\/a>\n\t\t\t\t\t\t\t<a class=\"e-gallery-item elementor-gallery-item elementor-animated-content\"  href=\"https:\/\/faber-etec.de\/wp-content\/uploads\/sites\/3\/2025\/06\/Oelde-Ennigerloh-LichtBlick-SolarBlick-Faber-EPC-2025-DSC06749_1.jpg\" title=\"Oelde Ennigerloh LichtBlick SolarBlick Faber EPC 2025 DSC06749 1.jpg - \" data-elementor-open-lightbox=\"yes\" data-elementor-lightbox-slideshow=\"2ac00fe\" data-e-action-hash=\"#elementor-action%3Aaction%3Dlightbox%26settings%3DeyJpZCI6MTU4NjUsInVybCI6Imh0dHBzOlwvXC9mYWJlci1ldGVjLmRlXC93cC1jb250ZW50XC91cGxvYWRzXC9zaXRlc1wvM1wvMjAyNVwvMDZcL09lbGRlLUVubmlnZXJsb2gtTGljaHRCbGljay1Tb2xhckJsaWNrLUZhYmVyLUVQQy0yMDI1LURTQzA2NzQ5XzEuanBnIiwic2xpZGVzaG93IjoiMmFjMDBmZSJ9\">\n\t\t\t\t\t<div class=\"e-gallery-image elementor-gallery-item__image\" data-thumbnail=\"https:\/\/faber-etec.de\/wp-content\/uploads\/sites\/3\/2025\/06\/Oelde-Ennigerloh-LichtBlick-SolarBlick-Faber-EPC-2025-DSC06749_1-768x512.jpg\" data-width=\"768\" data-height=\"512\" aria-label=\"Projet EPC du Faber Energy Group avec des postes de transformation compacts et une installation PV\" role=\"img\" ><\/div>\n\t\t\t\t\t\t\t\t\t\t\t<div class=\"elementor-gallery-item__overlay\"><\/div>\n\t\t\t\t\t\t\t\t\t\t\t\t\t\t<\/a>\n\t\t\t\t\t\t\t<a class=\"e-gallery-item elementor-gallery-item elementor-animated-content\"  href=\"https:\/\/faber-etec.de\/wp-content\/uploads\/sites\/3\/2025\/06\/Oelde-Ennigerloh-LichtBlick-SolarBlick-Faber-EPC-2025-DSC06717_1.jpg\" title=\"Oelde Ennigerloh LichtBlick SolarBlick Faber EPC 2025 DSC06717 1.jpg - \" data-elementor-open-lightbox=\"yes\" data-elementor-lightbox-slideshow=\"2ac00fe\" data-e-action-hash=\"#elementor-action%3Aaction%3Dlightbox%26settings%3DeyJpZCI6MTU4NjQsInVybCI6Imh0dHBzOlwvXC9mYWJlci1ldGVjLmRlXC93cC1jb250ZW50XC91cGxvYWRzXC9zaXRlc1wvM1wvMjAyNVwvMDZcL09lbGRlLUVubmlnZXJsb2gtTGljaHRCbGljay1Tb2xhckJsaWNrLUZhYmVyLUVQQy0yMDI1LURTQzA2NzE3XzEuanBnIiwic2xpZGVzaG93IjoiMmFjMDBmZSJ9\">\n\t\t\t\t\t<div class=\"e-gallery-image elementor-gallery-item__image\" data-thumbnail=\"https:\/\/faber-etec.de\/wp-content\/uploads\/sites\/3\/2025\/06\/Oelde-Ennigerloh-LichtBlick-SolarBlick-Faber-EPC-2025-DSC06717_1-768x443.jpg\" data-width=\"768\" data-height=\"443\" aria-label=\"Projet \u00e9nerg\u00e9tique entre Oelde et Ennigerloh - parc solaire du groupe Faber Energy\" role=\"img\" ><\/div>\n\t\t\t\t\t\t\t\t\t\t\t<div class=\"elementor-gallery-item__overlay\"><\/div>\n\t\t\t\t\t\t\t\t\t\t\t\t\t\t<\/a>\n\t\t\t\t\t\t\t<a class=\"e-gallery-item elementor-gallery-item elementor-animated-content\"  href=\"https:\/\/faber-etec.de\/wp-content\/uploads\/sites\/3\/2025\/06\/Oelde-Ennigerloh-LichtBlick-SolarBlick-Faber-EPC-2025-DSC06674_1.jpg\" title=\"Oelde Ennigerloh LichtBlick SolarBlick Faber EPC 2025 DSC06674 1.jpg - \" data-elementor-open-lightbox=\"yes\" data-elementor-lightbox-slideshow=\"2ac00fe\" data-e-action-hash=\"#elementor-action%3Aaction%3Dlightbox%26settings%3DeyJpZCI6MTU4NjIsInVybCI6Imh0dHBzOlwvXC9mYWJlci1ldGVjLmRlXC93cC1jb250ZW50XC91cGxvYWRzXC9zaXRlc1wvM1wvMjAyNVwvMDZcL09lbGRlLUVubmlnZXJsb2gtTGljaHRCbGljay1Tb2xhckJsaWNrLUZhYmVyLUVQQy0yMDI1LURTQzA2Njc0XzEuanBnIiwic2xpZGVzaG93IjoiMmFjMDBmZSJ9\">\n\t\t\t\t\t<div class=\"e-gallery-image elementor-gallery-item__image\" data-thumbnail=\"https:\/\/faber-etec.de\/wp-content\/uploads\/sites\/3\/2025\/06\/Oelde-Ennigerloh-LichtBlick-SolarBlick-Faber-EPC-2025-DSC06674_1-768x492.jpg\" data-width=\"768\" data-height=\"492\" aria-label=\"Projet \u00e9nerg\u00e9tique entre Oelde et Ennigerloh - parc solaire du groupe Faber Energy\" role=\"img\" ><\/div>\n\t\t\t\t\t\t\t\t\t\t\t<div class=\"elementor-gallery-item__overlay\"><\/div>\n\t\t\t\t\t\t\t\t\t\t\t\t\t\t<\/a>\n\t\t\t\t\t\t\t<a class=\"e-gallery-item elementor-gallery-item elementor-animated-content\"  href=\"https:\/\/faber-etec.de\/wp-content\/uploads\/sites\/3\/2025\/06\/Oelde-Ennigerloh-LichtBlick-SolarBlick-Faber-EPC-2025-DSC06990.jpg\" title=\"Oelde Ennigerloh LichtBlick SolarBlick Faber EPC 2025 DSC06990.jpg - \" data-elementor-open-lightbox=\"yes\" data-elementor-lightbox-slideshow=\"2ac00fe\" data-e-action-hash=\"#elementor-action%3Aaction%3Dlightbox%26settings%3DeyJpZCI6MTU4NzIsInVybCI6Imh0dHBzOlwvXC9mYWJlci1ldGVjLmRlXC93cC1jb250ZW50XC91cGxvYWRzXC9zaXRlc1wvM1wvMjAyNVwvMDZcL09lbGRlLUVubmlnZXJsb2gtTGljaHRCbGljay1Tb2xhckJsaWNrLUZhYmVyLUVQQy0yMDI1LURTQzA2OTkwLmpwZyIsInNsaWRlc2hvdyI6IjJhYzAwZmUifQ%3D%3D\">\n\t\t\t\t\t<div class=\"e-gallery-image elementor-gallery-item__image\" data-thumbnail=\"https:\/\/faber-etec.de\/wp-content\/uploads\/sites\/3\/2025\/06\/Oelde-Ennigerloh-LichtBlick-SolarBlick-Faber-EPC-2025-DSC06990-768x512.jpg\" data-width=\"768\" data-height=\"512\" aria-label=\"Dans le projet entre Oelde et Ennigerloh, Faber Energy Group a mis\u00e9 sur des structures EPC \u00e9prouv\u00e9es - avec des postes de transformation compacts de Faber E-Tec.\" role=\"img\" ><\/div>\n\t\t\t\t\t\t\t\t\t\t\t<div class=\"elementor-gallery-item__overlay\"><\/div>\n\t\t\t\t\t\t\t\t\t\t\t\t\t\t<\/a>\n\t\t\t\t\t\t\t<a class=\"e-gallery-item elementor-gallery-item elementor-animated-content\"  href=\"https:\/\/faber-etec.de\/wp-content\/uploads\/sites\/3\/2025\/06\/Oelde-Ennigerloh-LichtBlick-SolarBlick-Faber-EPC-2025-Luft-DJI_20250613143947_0667_D.jpg\" title=\"Oelde Ennigerloh LichtBlick SolarBlick Faber EPC 2025 Air DJI 20250613143947 0667 D.jpg - \" data-elementor-open-lightbox=\"yes\" data-elementor-lightbox-slideshow=\"2ac00fe\" data-e-action-hash=\"#elementor-action%3Aaction%3Dlightbox%26settings%3DeyJpZCI6MTU4OTIsInVybCI6Imh0dHBzOlwvXC9mYWJlci1ldGVjLmRlXC93cC1jb250ZW50XC91cGxvYWRzXC9zaXRlc1wvM1wvMjAyNVwvMDZcL09lbGRlLUVubmlnZXJsb2gtTGljaHRCbGljay1Tb2xhckJsaWNrLUZhYmVyLUVQQy0yMDI1LUx1ZnQtREpJXzIwMjUwNjEzMTQzOTQ3XzA2NjdfRC5qcGciLCJzbGlkZXNob3ciOiIyYWMwMGZlIn0%3D\">\n\t\t\t\t\t<div class=\"e-gallery-image elementor-gallery-item__image\" data-thumbnail=\"https:\/\/faber-etec.de\/wp-content\/uploads\/sites\/3\/2025\/06\/Oelde-Ennigerloh-LichtBlick-SolarBlick-Faber-EPC-2025-Luft-DJI_20250613143947_0667_D-768x576.jpg\" data-width=\"768\" data-height=\"576\" aria-label=\"Aper\u00e7u de la technique : Hermann Kromm ouvre la station compacte aux visiteurs int\u00e9ress\u00e9s\" role=\"img\" ><\/div>\n\t\t\t\t\t\t\t\t\t\t\t<div class=\"elementor-gallery-item__overlay\"><\/div>\n\t\t\t\t\t\t\t\t\t\t\t\t\t\t<\/a>\n\t\t\t\t\t\t\t<a class=\"e-gallery-item elementor-gallery-item elementor-animated-content\"  href=\"https:\/\/faber-etec.de\/wp-content\/uploads\/sites\/3\/2025\/06\/Oelde-Ennigerloh-LichtBlick-SolarBlick-Faber-EPC-2025-DSC07557.jpg\" title=\"Oelde Ennigerloh LichtBlick SolarBlick Faber EPC 2025 DSC07557.jpg - \" data-elementor-open-lightbox=\"yes\" data-elementor-lightbox-slideshow=\"2ac00fe\" data-e-action-hash=\"#elementor-action%3Aaction%3Dlightbox%26settings%3DeyJpZCI6MTU4ODQsInVybCI6Imh0dHBzOlwvXC9mYWJlci1ldGVjLmRlXC93cC1jb250ZW50XC91cGxvYWRzXC9zaXRlc1wvM1wvMjAyNVwvMDZcL09lbGRlLUVubmlnZXJsb2gtTGljaHRCbGljay1Tb2xhckJsaWNrLUZhYmVyLUVQQy0yMDI1LURTQzA3NTU3LmpwZyIsInNsaWRlc2hvdyI6IjJhYzAwZmUifQ%3D%3D\">\n\t\t\t\t\t<div class=\"e-gallery-image elementor-gallery-item__image\" data-thumbnail=\"https:\/\/faber-etec.de\/wp-content\/uploads\/sites\/3\/2025\/06\/Oelde-Ennigerloh-LichtBlick-SolarBlick-Faber-EPC-2025-DSC07557-768x512.jpg\" data-width=\"768\" data-height=\"512\" aria-label=\"Hermann Kromm explique aux invit\u00e9s le poste de transformation compact du parc solaire d&#039;Oelde Ennigerloh\" role=\"img\" ><\/div>\n\t\t\t\t\t\t\t\t\t\t\t<div class=\"elementor-gallery-item__overlay\"><\/div>\n\t\t\t\t\t\t\t\t\t\t\t\t\t\t<\/a>\n\t\t\t\t\t\t\t<a class=\"e-gallery-item elementor-gallery-item elementor-animated-content\"  href=\"https:\/\/faber-etec.de\/wp-content\/uploads\/sites\/3\/2025\/06\/Oelde-Ennigerloh-LichtBlick-SolarBlick-Faber-EPC-2025-DSC07449.jpg\" title=\"Oelde Ennigerloh LichtBlick SolarBlick Faber EPC 2025 DSC07449.jpg - \" data-elementor-open-lightbox=\"yes\" data-elementor-lightbox-slideshow=\"2ac00fe\" data-e-action-hash=\"#elementor-action%3Aaction%3Dlightbox%26settings%3DeyJpZCI6MTU4NzksInVybCI6Imh0dHBzOlwvXC9mYWJlci1ldGVjLmRlXC93cC1jb250ZW50XC91cGxvYWRzXC9zaXRlc1wvM1wvMjAyNVwvMDZcL09lbGRlLUVubmlnZXJsb2gtTGljaHRCbGljay1Tb2xhckJsaWNrLUZhYmVyLUVQQy0yMDI1LURTQzA3NDQ5LmpwZyIsInNsaWRlc2hvdyI6IjJhYzAwZmUifQ%3D%3D\">\n\t\t\t\t\t<div class=\"e-gallery-image elementor-gallery-item__image\" data-thumbnail=\"https:\/\/faber-etec.de\/wp-content\/uploads\/sites\/3\/2025\/06\/Oelde-Ennigerloh-LichtBlick-SolarBlick-Faber-EPC-2025-DSC07449-768x512.jpg\" data-width=\"768\" data-height=\"512\" aria-label=\"Hermann Kromm pr\u00e9sente la technique au parc solaire de M\u00fcnsterland\" role=\"img\" ><\/div>\n\t\t\t\t\t\t\t\t\t\t\t<div class=\"elementor-gallery-item__overlay\"><\/div>\n\t\t\t\t\t\t\t\t\t\t\t\t\t\t<\/a>\n\t\t\t\t\t\t\t<a class=\"e-gallery-item elementor-gallery-item elementor-animated-content\"  href=\"https:\/\/faber-etec.de\/wp-content\/uploads\/sites\/3\/2025\/06\/Oelde-Ennigerloh-LichtBlick-SolarBlick-Faber-EPC-2025-DSC07362.jpg\" title=\"Oelde Ennigerloh LichtBlick SolarBlick Faber EPC 2025 DSC07362.jpg - \" data-elementor-open-lightbox=\"yes\" data-elementor-lightbox-slideshow=\"2ac00fe\" data-e-action-hash=\"#elementor-action%3Aaction%3Dlightbox%26settings%3DeyJpZCI6MTU4NzgsInVybCI6Imh0dHBzOlwvXC9mYWJlci1ldGVjLmRlXC93cC1jb250ZW50XC91cGxvYWRzXC9zaXRlc1wvM1wvMjAyNVwvMDZcL09lbGRlLUVubmlnZXJsb2gtTGljaHRCbGljay1Tb2xhckJsaWNrLUZhYmVyLUVQQy0yMDI1LURTQzA3MzYyLmpwZyIsInNsaWRlc2hvdyI6IjJhYzAwZmUifQ%3D%3D\">\n\t\t\t\t\t<div class=\"e-gallery-image elementor-gallery-item__image\" data-thumbnail=\"https:\/\/faber-etec.de\/wp-content\/uploads\/sites\/3\/2025\/06\/Oelde-Ennigerloh-LichtBlick-SolarBlick-Faber-EPC-2025-DSC07362-768x485.jpg\" data-width=\"768\" data-height=\"485\" aria-label=\"Installation PV au sol avec postes de transformation et station de transfert pour le raccordement au r\u00e9seau\" role=\"img\" ><\/div>\n\t\t\t\t\t\t\t\t\t\t\t<div class=\"elementor-gallery-item__overlay\"><\/div>\n\t\t\t\t\t\t\t\t\t\t\t\t\t\t<\/a>\n\t\t\t\t\t<\/div>\n\t\t\t\t\t<\/div>\n\t\t\t\t<\/div>\n\t\t\t\t<div class=\"elementor-element elementor-element-c372162 elementor-widget elementor-widget-heading\" data-id=\"c372162\" data-element_type=\"widget\" data-e-type=\"widget\" data-widget_type=\"heading.default\">\n\t\t\t\t<div class=\"elementor-widget-container\">\n\t\t\t\t\t<h3 class=\"elementor-heading-title elementor-size-default\">Inauguration avec invit\u00e9s et technique \u00e0 port\u00e9e de main\n<\/h3>\t\t\t\t<\/div>\n\t\t\t\t<\/div>\n\t\t\t\t<div class=\"elementor-element elementor-element-6966400 elementor-widget elementor-widget-text-editor\" data-id=\"6966400\" data-element_type=\"widget\" data-e-type=\"widget\" data-widget_type=\"text-editor.default\">\n\t\t\t\t<div class=\"elementor-widget-container\">\n\t\t\t\t\t\t\t\t\t<p data-start=\"303\" data-end=\"664\">Pour marquer l'ach\u00e8vement du parc solaire, une petite c\u00e9r\u00e9monie d'inauguration a eu lieu directement sur place. Une trentaine d'invit\u00e9s issus de l'administration, de l'environnement du projet et des entreprises partenaires \u00e9taient pr\u00e9sents pour f\u00eater ensemble la r\u00e9ussite de l'ach\u00e8vement. Autour de snacks et de boissons, tous les participants ont profit\u00e9 de l'occasion pour discuter, avoir un aper\u00e7u et faire des rencontres personnelles.<\/p>\n<p data-start=\"666\" data-end=\"1055\">La pr\u00e9sentation technique par Faber Energy Group a \u00e9t\u00e9 un moment fort : en collaboration avec Hermann Kromm, nous avons ouvert l'un des postes de transformation compacts install\u00e9s et avons donn\u00e9 aux invit\u00e9s un aper\u00e7u exclusif du c\u0153ur de la technique de raccordement au r\u00e9seau. Nous avons expliqu\u00e9 clairement comment l'\u00e9lectricit\u00e9 produite par les installations photovolta\u00efques est transf\u00e9r\u00e9e de mani\u00e8re fiable dans le r\u00e9seau moyenne tension.<\/p>\n<p data-start=\"1057\" data-end=\"1299\">En compl\u00e9ment, nous avons \u00e9galement expliqu\u00e9 sur place les \u00e9tapes essentielles de la construction d'un parc solaire - du premier coup de pelle \u00e0 la mise en service. Une petite galerie de photos avec des impressions du chantier a compl\u00e9t\u00e9 la mise en perspective technique.<\/p>\t\t\t\t\t\t\t\t<\/div>\n\t\t\t\t<\/div>\n\t\t\t\t<div class=\"elementor-element elementor-element-86cdc66 elementor-widget elementor-widget-image\" data-id=\"86cdc66\" data-element_type=\"widget\" data-e-type=\"widget\" data-widget_type=\"image.default\">\n\t\t\t\t<div class=\"elementor-widget-container\">\n\t\t\t\t\t\t\t\t\t\t\t\t\t\t\t\t<a  href=\"https:\/\/faber-etec.de\/wp-content\/uploads\/sites\/3\/2025\/06\/Oelde-Ennigerloh-LichtBlick-SolarBlick-Faber-EPC-2025-Luft-DJI_20250613135509_0629_D.jpg\" title=\"Oelde Ennigerloh LichtBlick SolarBlick Faber EPC 2025 Air DJI 20250613135509 0629 D.jpg - \" data-elementor-open-lightbox=\"yes\" data-e-action-hash=\"#elementor-action%3Aaction%3Dlightbox%26settings%3DeyJpZCI6MTU4ODgsInVybCI6Imh0dHBzOlwvXC9mYWJlci1ldGVjLmRlXC93cC1jb250ZW50XC91cGxvYWRzXC9zaXRlc1wvM1wvMjAyNVwvMDZcL09lbGRlLUVubmlnZXJsb2gtTGljaHRCbGljay1Tb2xhckJsaWNrLUZhYmVyLUVQQy0yMDI1LUx1ZnQtREpJXzIwMjUwNjEzMTM1NTA5XzA2MjlfRC5qcGcifQ%3D%3D\">\n\t\t\t\t\t\t\t<img decoding=\"async\" src=\"https:\/\/faber-etec.de\/wp-content\/uploads\/sites\/3\/elementor\/thumbs\/Oelde-Ennigerloh-LichtBlick-SolarBlick-Faber-EPC-2025-Luft-DJI_20250613135509_0629_D-r7gp2j073uk4isewytoc189l51vsni6fhso0bburgo.jpg\" title=\"Syst\u00e8me photovolta\u00efque install\u00e9 avec station de transformation compacte du Faber Energy Group\" alt=\"Syst\u00e8me photovolta\u00efque install\u00e9 avec station de transformation compacte du Faber Energy Group\" loading=\"lazy\" \/>\t\t\t\t\t\t\t\t<\/a>\n\t\t\t\t\t\t\t\t\t\t\t\t\t\t\t<\/div>\n\t\t\t\t<\/div>\n\t\t\t\t<div class=\"elementor-element elementor-element-4d482de elementor-widget elementor-widget-gallery\" data-id=\"4d482de\" data-element_type=\"widget\" data-e-type=\"widget\" data-settings=\"{&quot;gallery_layout&quot;:&quot;justified&quot;,&quot;ideal_row_height&quot;:{&quot;unit&quot;:&quot;px&quot;,&quot;size&quot;:201,&quot;sizes&quot;:[]},&quot;lazyload&quot;:&quot;yes&quot;,&quot;ideal_row_height_laptop&quot;:{&quot;unit&quot;:&quot;px&quot;,&quot;size&quot;:150,&quot;sizes&quot;:[]},&quot;ideal_row_height_tablet_extra&quot;:{&quot;unit&quot;:&quot;px&quot;,&quot;size&quot;:150,&quot;sizes&quot;:[]},&quot;ideal_row_height_tablet&quot;:{&quot;unit&quot;:&quot;px&quot;,&quot;size&quot;:150,&quot;sizes&quot;:[]},&quot;ideal_row_height_mobile&quot;:{&quot;unit&quot;:&quot;px&quot;,&quot;size&quot;:150,&quot;sizes&quot;:[]},&quot;gap&quot;:{&quot;unit&quot;:&quot;px&quot;,&quot;size&quot;:10,&quot;sizes&quot;:[]},&quot;gap_laptop&quot;:{&quot;unit&quot;:&quot;px&quot;,&quot;size&quot;:10,&quot;sizes&quot;:[]},&quot;gap_tablet_extra&quot;:{&quot;unit&quot;:&quot;px&quot;,&quot;size&quot;:10,&quot;sizes&quot;:[]},&quot;gap_tablet&quot;:{&quot;unit&quot;:&quot;px&quot;,&quot;size&quot;:10,&quot;sizes&quot;:[]},&quot;gap_mobile&quot;:{&quot;unit&quot;:&quot;px&quot;,&quot;size&quot;:10,&quot;sizes&quot;:[]},&quot;link_to&quot;:&quot;file&quot;,&quot;overlay_background&quot;:&quot;yes&quot;,&quot;content_hover_animation&quot;:&quot;fade-in&quot;}\" data-widget_type=\"gallery.default\">\n\t\t\t\t<div class=\"elementor-widget-container\">\n\t\t\t\t\t\t\t<div class=\"elementor-gallery__container\">\n\t\t\t\t\t\t\t<a class=\"e-gallery-item elementor-gallery-item elementor-animated-content\"  href=\"https:\/\/faber-etec.de\/wp-content\/uploads\/sites\/3\/2025\/06\/Oelde-Ennigerloh-LichtBlick-SolarBlick-Faber-EPC-2025-DSC07481.jpg\" title=\"Oelde Ennigerloh LichtBlick SolarBlick Faber EPC 2025 DSC07481.jpg - \" data-elementor-open-lightbox=\"yes\" data-elementor-lightbox-slideshow=\"4d482de\" data-e-action-hash=\"#elementor-action%3Aaction%3Dlightbox%26settings%3DeyJpZCI6MTU4ODAsInVybCI6Imh0dHBzOlwvXC9mYWJlci1ldGVjLmRlXC93cC1jb250ZW50XC91cGxvYWRzXC9zaXRlc1wvM1wvMjAyNVwvMDZcL09lbGRlLUVubmlnZXJsb2gtTGljaHRCbGljay1Tb2xhckJsaWNrLUZhYmVyLUVQQy0yMDI1LURTQzA3NDgxLmpwZyIsInNsaWRlc2hvdyI6IjRkNDgyZGUifQ%3D%3D\">\n\t\t\t\t\t<div class=\"e-gallery-image elementor-gallery-item__image\" data-thumbnail=\"https:\/\/faber-etec.de\/wp-content\/uploads\/sites\/3\/2025\/06\/Oelde-Ennigerloh-LichtBlick-SolarBlick-Faber-EPC-2025-DSC07481-768x512.jpg\" data-width=\"768\" data-height=\"512\" aria-label=\"Faber Energy Group lors de la mise en \u0153uvre d&#039;un projet EPC cl\u00e9 en main dans le M\u00fcnsterland\" role=\"img\" ><\/div>\n\t\t\t\t\t\t\t\t\t\t\t<div class=\"elementor-gallery-item__overlay\"><\/div>\n\t\t\t\t\t\t\t\t\t\t\t\t\t\t<\/a>\n\t\t\t\t\t\t\t<a class=\"e-gallery-item elementor-gallery-item elementor-animated-content\"  href=\"https:\/\/faber-etec.de\/wp-content\/uploads\/sites\/3\/2025\/06\/Oelde-Ennigerloh-LichtBlick-SolarBlick-Faber-EPC-2025-DSC07286.jpg\" title=\"Oelde Ennigerloh LichtBlick SolarBlick Faber EPC 2025 DSC07286.jpg - \" data-elementor-open-lightbox=\"yes\" data-elementor-lightbox-slideshow=\"4d482de\" data-e-action-hash=\"#elementor-action%3Aaction%3Dlightbox%26settings%3DeyJpZCI6MTU4NzYsInVybCI6Imh0dHBzOlwvXC9mYWJlci1ldGVjLmRlXC93cC1jb250ZW50XC91cGxvYWRzXC9zaXRlc1wvM1wvMjAyNVwvMDZcL09lbGRlLUVubmlnZXJsb2gtTGljaHRCbGljay1Tb2xhckJsaWNrLUZhYmVyLUVQQy0yMDI1LURTQzA3Mjg2LmpwZyIsInNsaWRlc2hvdyI6IjRkNDgyZGUifQ%3D%3D\">\n\t\t\t\t\t<div class=\"e-gallery-image elementor-gallery-item__image\" data-thumbnail=\"https:\/\/faber-etec.de\/wp-content\/uploads\/sites\/3\/2025\/06\/Oelde-Ennigerloh-LichtBlick-SolarBlick-Faber-EPC-2025-DSC07286-768x512.jpg\" data-width=\"768\" data-height=\"512\" aria-label=\"Projet \u00e9nerg\u00e9tique entre Oelde et Ennigerloh - parc solaire du groupe Faber Energy\" role=\"img\" ><\/div>\n\t\t\t\t\t\t\t\t\t\t\t<div class=\"elementor-gallery-item__overlay\"><\/div>\n\t\t\t\t\t\t\t\t\t\t\t\t\t\t<\/a>\n\t\t\t\t\t\t\t<a class=\"e-gallery-item elementor-gallery-item elementor-animated-content\"  href=\"https:\/\/faber-etec.de\/wp-content\/uploads\/sites\/3\/2025\/06\/Oelde-Ennigerloh-LichtBlick-SolarBlick-Faber-EPC-2025-DSC07551.jpg\" title=\"Oelde Ennigerloh LichtBlick SolarBlick Faber EPC 2025 DSC07551.jpg - \" data-elementor-open-lightbox=\"yes\" data-elementor-lightbox-slideshow=\"4d482de\" data-e-action-hash=\"#elementor-action%3Aaction%3Dlightbox%26settings%3DeyJpZCI6MTU4ODMsInVybCI6Imh0dHBzOlwvXC9mYWJlci1ldGVjLmRlXC93cC1jb250ZW50XC91cGxvYWRzXC9zaXRlc1wvM1wvMjAyNVwvMDZcL09lbGRlLUVubmlnZXJsb2gtTGljaHRCbGljay1Tb2xhckJsaWNrLUZhYmVyLUVQQy0yMDI1LURTQzA3NTUxLmpwZyIsInNsaWRlc2hvdyI6IjRkNDgyZGUifQ%3D%3D\">\n\t\t\t\t\t<div class=\"e-gallery-image elementor-gallery-item__image\" data-thumbnail=\"https:\/\/faber-etec.de\/wp-content\/uploads\/sites\/3\/2025\/06\/Oelde-Ennigerloh-LichtBlick-SolarBlick-Faber-EPC-2025-DSC07551-768x512.jpg\" data-width=\"768\" data-height=\"512\" aria-label=\"\" role=\"img\" ><\/div>\n\t\t\t\t\t\t\t\t\t\t\t<div class=\"elementor-gallery-item__overlay\"><\/div>\n\t\t\t\t\t\t\t\t\t\t\t\t\t\t<\/a>\n\t\t\t\t\t\t\t<a class=\"e-gallery-item elementor-gallery-item elementor-animated-content\"  href=\"https:\/\/faber-etec.de\/wp-content\/uploads\/sites\/3\/2025\/06\/Oelde-Ennigerloh-LichtBlick-SolarBlick-Faber-EPC-2025-DSC07532.jpg\" title=\"Oelde Ennigerloh LichtBlick SolarBlick Faber EPC 2025 DSC07532.jpg - \" data-elementor-open-lightbox=\"yes\" data-elementor-lightbox-slideshow=\"4d482de\" data-e-action-hash=\"#elementor-action%3Aaction%3Dlightbox%26settings%3DeyJpZCI6MTU4ODEsInVybCI6Imh0dHBzOlwvXC9mYWJlci1ldGVjLmRlXC93cC1jb250ZW50XC91cGxvYWRzXC9zaXRlc1wvM1wvMjAyNVwvMDZcL09lbGRlLUVubmlnZXJsb2gtTGljaHRCbGljay1Tb2xhckJsaWNrLUZhYmVyLUVQQy0yMDI1LURTQzA3NTMyLmpwZyIsInNsaWRlc2hvdyI6IjRkNDgyZGUifQ%3D%3D\">\n\t\t\t\t\t<div class=\"e-gallery-image elementor-gallery-item__image\" data-thumbnail=\"https:\/\/faber-etec.de\/wp-content\/uploads\/sites\/3\/2025\/06\/Oelde-Ennigerloh-LichtBlick-SolarBlick-Faber-EPC-2025-DSC07532-768x1152.jpg\" data-width=\"768\" data-height=\"1152\" aria-label=\"Poste de transformation compact de Faber E-Tec en action dans le cadre d&#039;un projet solaire \u00e0 Ennigerloh\" role=\"img\" ><\/div>\n\t\t\t\t\t\t\t\t\t\t\t<div class=\"elementor-gallery-item__overlay\"><\/div>\n\t\t\t\t\t\t\t\t\t\t\t\t\t\t<\/a>\n\t\t\t\t\t\t\t<a class=\"e-gallery-item elementor-gallery-item elementor-animated-content\"  href=\"https:\/\/faber-etec.de\/wp-content\/uploads\/sites\/3\/2025\/06\/Oelde-Ennigerloh-LichtBlick-SolarBlick-Faber-EPC-2025-DSC07346.jpg\" title=\"Oelde Ennigerloh LichtBlick SolarBlick Faber EPC 2025 DSC07346.jpg - \" data-elementor-open-lightbox=\"yes\" data-elementor-lightbox-slideshow=\"4d482de\" data-e-action-hash=\"#elementor-action%3Aaction%3Dlightbox%26settings%3DeyJpZCI6MTU4NzcsInVybCI6Imh0dHBzOlwvXC9mYWJlci1ldGVjLmRlXC93cC1jb250ZW50XC91cGxvYWRzXC9zaXRlc1wvM1wvMjAyNVwvMDZcL09lbGRlLUVubmlnZXJsb2gtTGljaHRCbGljay1Tb2xhckJsaWNrLUZhYmVyLUVQQy0yMDI1LURTQzA3MzQ2LmpwZyIsInNsaWRlc2hvdyI6IjRkNDgyZGUifQ%3D%3D\">\n\t\t\t\t\t<div class=\"e-gallery-image elementor-gallery-item__image\" data-thumbnail=\"https:\/\/faber-etec.de\/wp-content\/uploads\/sites\/3\/2025\/06\/Oelde-Ennigerloh-LichtBlick-SolarBlick-Faber-EPC-2025-DSC07346-768x512.jpg\" data-width=\"768\" data-height=\"512\" aria-label=\"Projet \u00e9nerg\u00e9tique entre Oelde et Ennigerloh - parc solaire du groupe Faber Energy\" role=\"img\" ><\/div>\n\t\t\t\t\t\t\t\t\t\t\t<div class=\"elementor-gallery-item__overlay\"><\/div>\n\t\t\t\t\t\t\t\t\t\t\t\t\t\t<\/a>\n\t\t\t\t\t\t\t<a class=\"e-gallery-item elementor-gallery-item elementor-animated-content\"  href=\"https:\/\/faber-etec.de\/wp-content\/uploads\/sites\/3\/2025\/06\/Oelde-Ennigerloh-LichtBlick-SolarBlick-Faber-EPC-2025-DSC07548.jpg\" title=\"Oelde Ennigerloh LichtBlick SolarBlick Faber EPC 2025 DSC07548.jpg - \" data-elementor-open-lightbox=\"yes\" data-elementor-lightbox-slideshow=\"4d482de\" data-e-action-hash=\"#elementor-action%3Aaction%3Dlightbox%26settings%3DeyJpZCI6MTU4ODIsInVybCI6Imh0dHBzOlwvXC9mYWJlci1ldGVjLmRlXC93cC1jb250ZW50XC91cGxvYWRzXC9zaXRlc1wvM1wvMjAyNVwvMDZcL09lbGRlLUVubmlnZXJsb2gtTGljaHRCbGljay1Tb2xhckJsaWNrLUZhYmVyLUVQQy0yMDI1LURTQzA3NTQ4LmpwZyIsInNsaWRlc2hvdyI6IjRkNDgyZGUifQ%3D%3D\">\n\t\t\t\t\t<div class=\"e-gallery-image elementor-gallery-item__image\" data-thumbnail=\"https:\/\/faber-etec.de\/wp-content\/uploads\/sites\/3\/2025\/06\/Oelde-Ennigerloh-LichtBlick-SolarBlick-Faber-EPC-2025-DSC07548-768x512.jpg\" data-width=\"768\" data-height=\"512\" aria-label=\"\" role=\"img\" ><\/div>\n\t\t\t\t\t\t\t\t\t\t\t<div class=\"elementor-gallery-item__overlay\"><\/div>\n\t\t\t\t\t\t\t\t\t\t\t\t\t\t<\/a>\n\t\t\t\t\t<\/div>\n\t\t\t\t\t<\/div>\n\t\t\t\t<\/div>\n\t\t\t\t<div class=\"elementor-element elementor-element-aae4e83 elementor-widget-divider--view-line elementor-widget elementor-widget-divider\" data-id=\"aae4e83\" data-element_type=\"widget\" data-e-type=\"widget\" data-widget_type=\"divider.default\">\n\t\t\t\t<div class=\"elementor-widget-container\">\n\t\t\t\t\t\t\t<div class=\"elementor-divider\">\n\t\t\t<span class=\"elementor-divider-separator\">\n\t\t\t\t\t\t<\/span>\n\t\t<\/div>\n\t\t\t\t\t\t<\/div>\n\t\t\t\t<\/div>\n\t\t\t\t<div class=\"elementor-element elementor-element-4126769 elementor-widget elementor-widget-heading\" data-id=\"4126769\" data-element_type=\"widget\" data-e-type=\"widget\" data-widget_type=\"heading.default\">\n\t\t\t\t<div class=\"elementor-widget-container\">\n\t\t\t\t\t<h2 class=\"elementor-heading-title elementor-size-default\">EPC : Faber Solartechnik + Faber E-Tec\n<\/h2>\t\t\t\t<\/div>\n\t\t\t\t<\/div>\n\t\t\t\t<div class=\"elementor-element elementor-element-48f6f32 elementor-widget elementor-widget-text-editor\" data-id=\"48f6f32\" data-element_type=\"widget\" data-e-type=\"widget\" data-widget_type=\"text-editor.default\">\n\t\t\t\t<div class=\"elementor-widget-container\">\n\t\t\t\t\t\t\t\t\t<p data-start=\"860\" data-end=\"1141\">L'installation s'\u00e9tend sur une surface d'environ dix hectares et dispose d'une puissance install\u00e9e de 11.732,04 kWp. Faber Solartechnik \u00e9tait responsable de la construction cl\u00e9 en main du parc solaire, de la planification technique \u00e0 la mise en service. Faber E-Tec a pris en charge la r\u00e9alisation technique du raccordement au r\u00e9seau et a fourni les composants suivants :<\/p><p data-start=\"1249\" data-end=\"1395\">\u2705 4 postes de transformation compacts pour la transformation et l'alimentation du r\u00e9seau<br data-start=\"1314\" data-end=\"1317\" \/>\u2705 1 poste de livraison pour le raccordement au r\u00e9seau public de moyenne tension<\/p><p data-start=\"1397\" data-end=\"1559\">Nous nous assurons ainsi que l'\u00e9lectricit\u00e9 produite est transf\u00e9r\u00e9e au r\u00e9seau de mani\u00e8re stable, s\u00fbre et conforme - un \u00e9l\u00e9ment central de tout projet photovolta\u00efque de grande envergure r\u00e9ussi.<\/p>\t\t\t\t\t\t\t\t<\/div>\n\t\t\t\t<\/div>\n\t\t\t\t<div class=\"elementor-element elementor-element-b94cb92 elementor-cta--skin-cover elementor-cta--valign-middle elementor-bg-transform elementor-bg-transform-zoom-in elementor-widget elementor-widget-call-to-action\" data-id=\"b94cb92\" data-element_type=\"widget\" data-e-type=\"widget\" data-widget_type=\"call-to-action.default\">\n\t\t\t\t<div class=\"elementor-widget-container\">\n\t\t\t\t\t\t\t<div class=\"elementor-cta\">\n\t\t\t\t\t<div class=\"elementor-cta__bg-wrapper\">\n\t\t\t\t<div class=\"elementor-cta__bg elementor-bg\" style=\"background-image: url(https:\/\/faber-etec.de\/wp-content\/uploads\/sites\/3\/2025\/02\/Solartechnik-in-der-Region-NRW-_r1_c1-1024x443.jpg);\" role=\"img\" aria-label=\"Des ouvriers qualifi\u00e9s montent un poste de transformation dans un hall de production avec une grue.\"><\/div>\n\t\t\t\t<div class=\"elementor-cta__bg-overlay\"><\/div>\n\t\t\t<\/div>\n\t\t\t\t\t\t\t<div class=\"elementor-cta__content\">\n\t\t\t\t\n\t\t\t\t\t\t\t\t\t<h4 class=\"elementor-cta__title elementor-cta__content-item elementor-content-item\">\n\t\t\t\t\t\tPostes de transformation compacts\t\t\t\t\t<\/h4>\n\t\t\t\t\n\t\t\t\t\n\t\t\t\t\t\t\t\t\t<div class=\"elementor-cta__button-wrapper elementor-cta__content-item elementor-content-item\">\n\t\t\t\t\t<a class=\"elementor-cta__button elementor-button elementor-size-\"  href=\"https:\/\/faber-etec.de\/fr\/station-du-parc-solaire\/\" title=\"Station pour parc solaire - Stations de transformation pour parc solaire\">\n\t\t\t\t\t\tPostes de transformation pour parc solaire <i aria-hidden=\"true\" class=\"fas fa-angle-right\"><\/i>\t\t\t\t\t<\/a>\n\t\t\t\t\t<\/div>\n\t\t\t\t\t\t\t<\/div>\n\t\t\t\t\t\t<\/div>\n\t\t\t\t\t\t<\/div>\n\t\t\t\t<\/div>\n\t\t\t\t<div class=\"elementor-element elementor-element-879a446 elementor-widget elementor-widget-heading\" data-id=\"879a446\" data-element_type=\"widget\" data-e-type=\"widget\" data-widget_type=\"heading.default\">\n\t\t\t\t<div class=\"elementor-widget-container\">\n\t\t\t\t\t<h3 class=\"elementor-heading-title elementor-size-default\">Coop\u00e9ration intercommunale : Oelde et Ennigerloh donnent le ton<\/h3>\t\t\t\t<\/div>\n\t\t\t\t<\/div>\n\t\t\t\t<div class=\"elementor-element elementor-element-35d2469 elementor-widget elementor-widget-text-editor\" data-id=\"35d2469\" data-element_type=\"widget\" data-e-type=\"widget\" data-widget_type=\"text-editor.default\">\n\t\t\t\t<div class=\"elementor-widget-container\">\n\t\t\t\t\t\t\t\t\t<p data-start=\"1735\" data-end=\"2003\">Une caract\u00e9ristique particuli\u00e8re du projet est sa mise en \u0153uvre r\u00e9ussie par les villes d'Oelde et d'Ennigerloh. Les deux communes ont accompagn\u00e9 activement le projet et l'ont rendu possible ensemble - un exemple fort de coop\u00e9ration r\u00e9gionale.<\/p><p data-start=\"2005\" data-end=\"2307\">Nous remercions tout particuli\u00e8rement Karin Rodeheger, maire de la ville d'Oelde, ainsi que Berthold L\u00fclf, maire de la ville d'Ennigerloh.<br data-start=\"2154\" data-end=\"2157\" \/>Leur soutien orient\u00e9 vers les solutions, l'avenir et la confiance a \u00e9t\u00e9 d\u00e9cisif pour la r\u00e9alisation r\u00e9ussie de ce grand projet photovolta\u00efque.<\/p>\t\t\t\t\t\t\t\t<\/div>\n\t\t\t\t<\/div>\n\t\t\t\t<div class=\"elementor-element elementor-element-756a46f elementor-widget elementor-widget-image\" data-id=\"756a46f\" data-element_type=\"widget\" data-e-type=\"widget\" data-widget_type=\"image.default\">\n\t\t\t\t<div class=\"elementor-widget-container\">\n\t\t\t\t\t\t\t\t\t\t\t\t\t\t\t<img decoding=\"async\" src=\"https:\/\/faber-etec.de\/wp-content\/uploads\/sites\/3\/elementor\/thumbs\/Oelde-Ennigerloh-LichtBlick-SolarBlick-Faber-EPC-2025-DSC06689_1-r7gp0b3wyxir3xmyxd51nafenatlh8d8ut7qit585k.jpg\" title=\"Projet \u00e9nerg\u00e9tique entre Oelde et Ennigerloh - parc solaire du groupe Faber Energy\" alt=\"Projet \u00e9nerg\u00e9tique entre Oelde et Ennigerloh - parc solaire du groupe Faber Energy\" loading=\"lazy\" \/>\t\t\t\t\t\t\t\t\t\t\t\t\t\t\t<\/div>\n\t\t\t\t<\/div>\n\t\t\t\t<div class=\"elementor-element elementor-element-6b12790 elementor-widget elementor-widget-gallery\" data-id=\"6b12790\" data-element_type=\"widget\" data-e-type=\"widget\" data-settings=\"{&quot;gallery_layout&quot;:&quot;justified&quot;,&quot;ideal_row_height&quot;:{&quot;unit&quot;:&quot;px&quot;,&quot;size&quot;:201,&quot;sizes&quot;:[]},&quot;lazyload&quot;:&quot;yes&quot;,&quot;ideal_row_height_laptop&quot;:{&quot;unit&quot;:&quot;px&quot;,&quot;size&quot;:150,&quot;sizes&quot;:[]},&quot;ideal_row_height_tablet_extra&quot;:{&quot;unit&quot;:&quot;px&quot;,&quot;size&quot;:150,&quot;sizes&quot;:[]},&quot;ideal_row_height_tablet&quot;:{&quot;unit&quot;:&quot;px&quot;,&quot;size&quot;:150,&quot;sizes&quot;:[]},&quot;ideal_row_height_mobile&quot;:{&quot;unit&quot;:&quot;px&quot;,&quot;size&quot;:150,&quot;sizes&quot;:[]},&quot;gap&quot;:{&quot;unit&quot;:&quot;px&quot;,&quot;size&quot;:10,&quot;sizes&quot;:[]},&quot;gap_laptop&quot;:{&quot;unit&quot;:&quot;px&quot;,&quot;size&quot;:10,&quot;sizes&quot;:[]},&quot;gap_tablet_extra&quot;:{&quot;unit&quot;:&quot;px&quot;,&quot;size&quot;:10,&quot;sizes&quot;:[]},&quot;gap_tablet&quot;:{&quot;unit&quot;:&quot;px&quot;,&quot;size&quot;:10,&quot;sizes&quot;:[]},&quot;gap_mobile&quot;:{&quot;unit&quot;:&quot;px&quot;,&quot;size&quot;:10,&quot;sizes&quot;:[]},&quot;link_to&quot;:&quot;file&quot;,&quot;overlay_background&quot;:&quot;yes&quot;,&quot;content_hover_animation&quot;:&quot;fade-in&quot;}\" data-widget_type=\"gallery.default\">\n\t\t\t\t<div class=\"elementor-widget-container\">\n\t\t\t\t\t\t\t<div class=\"elementor-gallery__container\">\n\t\t\t\t\t\t\t<a class=\"e-gallery-item elementor-gallery-item elementor-animated-content\"  href=\"https:\/\/faber-etec.de\/wp-content\/uploads\/sites\/3\/2025\/06\/Oelde-Ennigerloh-LichtBlick-SolarBlick-Faber-EPC-2025-DSC07608.jpg\" title=\"Oelde Ennigerloh LichtBlick SolarBlick Faber EPC 2025 DSC07608.jpg - \" data-elementor-open-lightbox=\"yes\" data-elementor-lightbox-slideshow=\"6b12790\" data-e-action-hash=\"#elementor-action%3Aaction%3Dlightbox%26settings%3DeyJpZCI6MTU4ODUsInVybCI6Imh0dHBzOlwvXC9mYWJlci1ldGVjLmRlXC93cC1jb250ZW50XC91cGxvYWRzXC9zaXRlc1wvM1wvMjAyNVwvMDZcL09lbGRlLUVubmlnZXJsb2gtTGljaHRCbGljay1Tb2xhckJsaWNrLUZhYmVyLUVQQy0yMDI1LURTQzA3NjA4LmpwZyIsInNsaWRlc2hvdyI6IjZiMTI3OTAifQ%3D%3D\">\n\t\t\t\t\t<div class=\"e-gallery-image elementor-gallery-item__image\" data-thumbnail=\"https:\/\/faber-etec.de\/wp-content\/uploads\/sites\/3\/2025\/06\/Oelde-Ennigerloh-LichtBlick-SolarBlick-Faber-EPC-2025-DSC07608-768x1152.jpg\" data-width=\"768\" data-height=\"1152\" aria-label=\"Vue sur le parc solaire presque termin\u00e9 avec la station technique au premier plan\" role=\"img\" ><\/div>\n\t\t\t\t\t\t\t\t\t\t\t<div class=\"elementor-gallery-item__overlay\"><\/div>\n\t\t\t\t\t\t\t\t\t\t\t\t\t\t<\/a>\n\t\t\t\t\t\t\t<a class=\"e-gallery-item elementor-gallery-item elementor-animated-content\"  href=\"https:\/\/faber-etec.de\/wp-content\/uploads\/sites\/3\/2025\/06\/Oelde-Ennigerloh-LichtBlick-SolarBlick-Faber-EPC-2025-DSC06862_1.jpg\" title=\"Oelde Ennigerloh LichtBlick SolarBlick Faber EPC 2025 DSC06862 1.jpg - \" data-elementor-open-lightbox=\"yes\" data-elementor-lightbox-slideshow=\"6b12790\" data-e-action-hash=\"#elementor-action%3Aaction%3Dlightbox%26settings%3DeyJpZCI6MTU4NjgsInVybCI6Imh0dHBzOlwvXC9mYWJlci1ldGVjLmRlXC93cC1jb250ZW50XC91cGxvYWRzXC9zaXRlc1wvM1wvMjAyNVwvMDZcL09lbGRlLUVubmlnZXJsb2gtTGljaHRCbGljay1Tb2xhckJsaWNrLUZhYmVyLUVQQy0yMDI1LURTQzA2ODYyXzEuanBnIiwic2xpZGVzaG93IjoiNmIxMjc5MCJ9\">\n\t\t\t\t\t<div class=\"e-gallery-image elementor-gallery-item__image\" data-thumbnail=\"https:\/\/faber-etec.de\/wp-content\/uploads\/sites\/3\/2025\/06\/Oelde-Ennigerloh-LichtBlick-SolarBlick-Faber-EPC-2025-DSC06862_1-768x512.jpg\" data-width=\"768\" data-height=\"512\" aria-label=\"Parc solaire dans le M\u00fcnsterland - Photovoltaik, Netzanschluss und Technik - Logo Faber Solartechnik Poste de transformation\" role=\"img\" ><\/div>\n\t\t\t\t\t\t\t\t\t\t\t<div class=\"elementor-gallery-item__overlay\"><\/div>\n\t\t\t\t\t\t\t\t\t\t\t\t\t\t<\/a>\n\t\t\t\t\t\t\t<a class=\"e-gallery-item elementor-gallery-item elementor-animated-content\"  href=\"https:\/\/faber-etec.de\/wp-content\/uploads\/sites\/3\/2025\/06\/Oelde-Ennigerloh-LichtBlick-SolarBlick-Faber-EPC-2025-DSC01579.jpg\" title=\"Oelde Ennigerloh LichtBlick SolarBlick Faber EPC 2025 DSC01579.jpg - \" data-elementor-open-lightbox=\"yes\" data-elementor-lightbox-slideshow=\"6b12790\" data-e-action-hash=\"#elementor-action%3Aaction%3Dlightbox%26settings%3DeyJpZCI6MTU4OTQsInVybCI6Imh0dHBzOlwvXC9mYWJlci1ldGVjLmRlXC93cC1jb250ZW50XC91cGxvYWRzXC9zaXRlc1wvM1wvMjAyNVwvMDZcL09lbGRlLUVubmlnZXJsb2gtTGljaHRCbGljay1Tb2xhckJsaWNrLUZhYmVyLUVQQy0yMDI1LURTQzAxNTc5LmpwZyIsInNsaWRlc2hvdyI6IjZiMTI3OTAifQ%3D%3D\">\n\t\t\t\t\t<div class=\"e-gallery-image elementor-gallery-item__image\" data-thumbnail=\"https:\/\/faber-etec.de\/wp-content\/uploads\/sites\/3\/2025\/06\/Oelde-Ennigerloh-LichtBlick-SolarBlick-Faber-EPC-2025-DSC01579-768x512.jpg\" data-width=\"768\" data-height=\"512\" aria-label=\"\" role=\"img\" ><\/div>\n\t\t\t\t\t\t\t\t\t\t\t<div class=\"elementor-gallery-item__overlay\"><\/div>\n\t\t\t\t\t\t\t\t\t\t\t\t\t\t<\/a>\n\t\t\t\t\t\t\t<a class=\"e-gallery-item elementor-gallery-item elementor-animated-content\"  href=\"https:\/\/faber-etec.de\/wp-content\/uploads\/sites\/3\/2025\/06\/Oelde-Ennigerloh-LichtBlick-SolarBlick-Faber-EPC-2025-Luft-DJI_20250613143953_0668_D.jpg\" title=\"Oelde Ennigerloh LichtBlick SolarBlick Faber EPC 2025 Air DJI 20250613143953 0668 D.jpg - \" data-elementor-open-lightbox=\"yes\" data-elementor-lightbox-slideshow=\"6b12790\" data-e-action-hash=\"#elementor-action%3Aaction%3Dlightbox%26settings%3DeyJpZCI6MTU4OTMsInVybCI6Imh0dHBzOlwvXC9mYWJlci1ldGVjLmRlXC93cC1jb250ZW50XC91cGxvYWRzXC9zaXRlc1wvM1wvMjAyNVwvMDZcL09lbGRlLUVubmlnZXJsb2gtTGljaHRCbGljay1Tb2xhckJsaWNrLUZhYmVyLUVQQy0yMDI1LUx1ZnQtREpJXzIwMjUwNjEzMTQzOTUzXzA2NjhfRC5qcGciLCJzbGlkZXNob3ciOiI2YjEyNzkwIn0%3D\">\n\t\t\t\t\t<div class=\"e-gallery-image elementor-gallery-item__image\" data-thumbnail=\"https:\/\/faber-etec.de\/wp-content\/uploads\/sites\/3\/2025\/06\/Oelde-Ennigerloh-LichtBlick-SolarBlick-Faber-EPC-2025-Luft-DJI_20250613143953_0668_D-768x576.jpg\" data-width=\"768\" data-height=\"576\" aria-label=\"Vue a\u00e9rienne du parc solaire dans le M\u00fcnsterland entre Oelde et Ennigerloh\" role=\"img\" ><\/div>\n\t\t\t\t\t\t\t\t\t\t\t<div class=\"elementor-gallery-item__overlay\"><\/div>\n\t\t\t\t\t\t\t\t\t\t\t\t\t\t<\/a>\n\t\t\t\t\t\t\t<a class=\"e-gallery-item elementor-gallery-item elementor-animated-content\"  href=\"https:\/\/faber-etec.de\/wp-content\/uploads\/sites\/3\/2025\/06\/Oelde-Ennigerloh-LichtBlick-SolarBlick-Faber-EPC-2025-Luft-DJI_20250613135836_0637_D.jpg\" title=\"Oelde Ennigerloh LichtBlick SolarBlick Faber EPC 2025 Air DJI 20250613135836 0637 D.jpg - \" data-elementor-open-lightbox=\"yes\" data-elementor-lightbox-slideshow=\"6b12790\" data-e-action-hash=\"#elementor-action%3Aaction%3Dlightbox%26settings%3DeyJpZCI6MTU4OTAsInVybCI6Imh0dHBzOlwvXC9mYWJlci1ldGVjLmRlXC93cC1jb250ZW50XC91cGxvYWRzXC9zaXRlc1wvM1wvMjAyNVwvMDZcL09lbGRlLUVubmlnZXJsb2gtTGljaHRCbGljay1Tb2xhckJsaWNrLUZhYmVyLUVQQy0yMDI1LUx1ZnQtREpJXzIwMjUwNjEzMTM1ODM2XzA2MzdfRC5qcGciLCJzbGlkZXNob3ciOiI2YjEyNzkwIn0%3D\">\n\t\t\t\t\t<div class=\"e-gallery-image elementor-gallery-item__image\" data-thumbnail=\"https:\/\/faber-etec.de\/wp-content\/uploads\/sites\/3\/2025\/06\/Oelde-Ennigerloh-LichtBlick-SolarBlick-Faber-EPC-2025-Luft-DJI_20250613135836_0637_D-768x1024.jpg\" data-width=\"768\" data-height=\"1024\" aria-label=\"Vue a\u00e9rienne du parc solaire dans le M\u00fcnsterland entre Oelde et Ennigerloh\" role=\"img\" ><\/div>\n\t\t\t\t\t\t\t\t\t\t\t<div class=\"elementor-gallery-item__overlay\"><\/div>\n\t\t\t\t\t\t\t\t\t\t\t\t\t\t<\/a>\n\t\t\t\t\t\t\t<a class=\"e-gallery-item elementor-gallery-item elementor-animated-content\"  href=\"https:\/\/faber-etec.de\/wp-content\/uploads\/sites\/3\/2025\/06\/Oelde-Ennigerloh-LichtBlick-SolarBlick-Faber-EPC-2025-Luft-DJI_20250613135434_0622_D.jpg\" title=\"Oelde Ennigerloh LichtBlick SolarBlick Faber EPC 2025 Air DJI 20250613135434 0622 D.jpg - \" data-elementor-open-lightbox=\"yes\" data-elementor-lightbox-slideshow=\"6b12790\" data-e-action-hash=\"#elementor-action%3Aaction%3Dlightbox%26settings%3DeyJpZCI6MTU4ODcsInVybCI6Imh0dHBzOlwvXC9mYWJlci1ldGVjLmRlXC93cC1jb250ZW50XC91cGxvYWRzXC9zaXRlc1wvM1wvMjAyNVwvMDZcL09lbGRlLUVubmlnZXJsb2gtTGljaHRCbGljay1Tb2xhckJsaWNrLUZhYmVyLUVQQy0yMDI1LUx1ZnQtREpJXzIwMjUwNjEzMTM1NDM0XzA2MjJfRC5qcGciLCJzbGlkZXNob3ciOiI2YjEyNzkwIn0%3D\">\n\t\t\t\t\t<div class=\"e-gallery-image elementor-gallery-item__image\" data-thumbnail=\"https:\/\/faber-etec.de\/wp-content\/uploads\/sites\/3\/2025\/06\/Oelde-Ennigerloh-LichtBlick-SolarBlick-Faber-EPC-2025-Luft-DJI_20250613135434_0622_D-768x576.jpg\" data-width=\"768\" data-height=\"576\" aria-label=\"Syst\u00e8me photovolta\u00efque install\u00e9 avec station de transformation compacte du Faber Energy Group\" role=\"img\" ><\/div>\n\t\t\t\t\t\t\t\t\t\t\t<div class=\"elementor-gallery-item__overlay\"><\/div>\n\t\t\t\t\t\t\t\t\t\t\t\t\t\t<\/a>\n\t\t\t\t\t<\/div>\n\t\t\t\t\t<\/div>\n\t\t\t\t<\/div>\n\t\t\t\t<div class=\"elementor-element elementor-element-622d961 elementor-widget-divider--view-line elementor-widget elementor-widget-divider\" data-id=\"622d961\" data-element_type=\"widget\" data-e-type=\"widget\" data-widget_type=\"divider.default\">\n\t\t\t\t<div class=\"elementor-widget-container\">\n\t\t\t\t\t\t\t<div class=\"elementor-divider\">\n\t\t\t<span class=\"elementor-divider-separator\">\n\t\t\t\t\t\t<\/span>\n\t\t<\/div>\n\t\t\t\t\t\t<\/div>\n\t\t\t\t<\/div>\n\t\t\t\t<div class=\"elementor-element elementor-element-9e2daf0 elementor-widget elementor-widget-heading\" data-id=\"9e2daf0\" data-element_type=\"widget\" data-e-type=\"widget\" data-widget_type=\"heading.default\">\n\t\t\t\t<div class=\"elementor-widget-container\">\n\t\t\t\t\t<h3 class=\"elementor-heading-title elementor-size-default\">Mise en \u0153uvre par des partenaires solides<\/h3>\t\t\t\t<\/div>\n\t\t\t\t<\/div>\n\t\t\t\t<div class=\"elementor-element elementor-element-156c4f4 elementor-widget elementor-widget-text-editor\" data-id=\"156c4f4\" data-element_type=\"widget\" data-e-type=\"widget\" data-widget_type=\"text-editor.default\">\n\t\t\t\t<div class=\"elementor-widget-container\">\n\t\t\t\t\t\t\t\t\t<p data-start=\"2388\" data-end=\"2548\">Le fait que LichtBlick ait \u00e0 nouveau choisi de collaborer avec SolarBlick ainsi qu'avec le groupe Faber souligne l'importance de partenariats techniques bien rod\u00e9s - en particulier pour des projets exigeants de cette envergure.<\/p>\t\t\t\t\t\t\t\t<\/div>\n\t\t\t\t<\/div>\n\t\t\t\t<div class=\"elementor-element elementor-element-dfcd756 elementor-widget elementor-widget-image\" data-id=\"dfcd756\" data-element_type=\"widget\" data-e-type=\"widget\" data-widget_type=\"image.default\">\n\t\t\t\t<div class=\"elementor-widget-container\">\n\t\t\t\t\t\t\t\t\t\t\t\t\t\t\t<img decoding=\"async\" src=\"https:\/\/faber-etec.de\/wp-content\/uploads\/sites\/3\/elementor\/thumbs\/Oelde-Ennigerloh-LichtBlick-SolarBlick-Faber-EPC-2025-DSC06963-r7gp0ylvpsex66ou45apvmhxhxlrtnyja1iviq6du0.jpg\" title=\"Le parc solaire du M\u00fcnsterland est un exemple de r\u00e9alisation r\u00e9ussie de projets d&#039;\u00e9nergie renouvelable avec des comp\u00e9tences claires en mati\u00e8re de technique et de r\u00e9seau.\" alt=\"Le parc solaire du M\u00fcnsterland est un exemple de r\u00e9alisation r\u00e9ussie de projets d&#039;\u00e9nergie renouvelable avec des comp\u00e9tences claires en mati\u00e8re de technique et de r\u00e9seau.\" loading=\"lazy\" \/>\t\t\t\t\t\t\t\t\t\t\t\t\t\t\t<\/div>\n\t\t\t\t<\/div>\n\t\t\t\t<div class=\"elementor-element elementor-element-75f4c7d elementor-widget elementor-widget-gallery\" data-id=\"75f4c7d\" data-element_type=\"widget\" data-e-type=\"widget\" data-settings=\"{&quot;gallery_layout&quot;:&quot;justified&quot;,&quot;ideal_row_height&quot;:{&quot;unit&quot;:&quot;px&quot;,&quot;size&quot;:201,&quot;sizes&quot;:[]},&quot;lazyload&quot;:&quot;yes&quot;,&quot;ideal_row_height_laptop&quot;:{&quot;unit&quot;:&quot;px&quot;,&quot;size&quot;:150,&quot;sizes&quot;:[]},&quot;ideal_row_height_tablet_extra&quot;:{&quot;unit&quot;:&quot;px&quot;,&quot;size&quot;:150,&quot;sizes&quot;:[]},&quot;ideal_row_height_tablet&quot;:{&quot;unit&quot;:&quot;px&quot;,&quot;size&quot;:150,&quot;sizes&quot;:[]},&quot;ideal_row_height_mobile&quot;:{&quot;unit&quot;:&quot;px&quot;,&quot;size&quot;:150,&quot;sizes&quot;:[]},&quot;gap&quot;:{&quot;unit&quot;:&quot;px&quot;,&quot;size&quot;:10,&quot;sizes&quot;:[]},&quot;gap_laptop&quot;:{&quot;unit&quot;:&quot;px&quot;,&quot;size&quot;:10,&quot;sizes&quot;:[]},&quot;gap_tablet_extra&quot;:{&quot;unit&quot;:&quot;px&quot;,&quot;size&quot;:10,&quot;sizes&quot;:[]},&quot;gap_tablet&quot;:{&quot;unit&quot;:&quot;px&quot;,&quot;size&quot;:10,&quot;sizes&quot;:[]},&quot;gap_mobile&quot;:{&quot;unit&quot;:&quot;px&quot;,&quot;size&quot;:10,&quot;sizes&quot;:[]},&quot;link_to&quot;:&quot;file&quot;,&quot;overlay_background&quot;:&quot;yes&quot;,&quot;content_hover_animation&quot;:&quot;fade-in&quot;}\" data-widget_type=\"gallery.default\">\n\t\t\t\t<div class=\"elementor-widget-container\">\n\t\t\t\t\t\t\t<div class=\"elementor-gallery__container\">\n\t\t\t\t\t\t\t<a class=\"e-gallery-item elementor-gallery-item elementor-animated-content\"  href=\"https:\/\/faber-etec.de\/wp-content\/uploads\/sites\/3\/2025\/06\/Oelde-Ennigerloh-LichtBlick-SolarBlick-Faber-EPC-2025-DSC07047.jpg\" title=\"Oelde Ennigerloh LichtBlick SolarBlick Faber EPC 2025 DSC07047.jpg - \" data-elementor-open-lightbox=\"yes\" data-elementor-lightbox-slideshow=\"75f4c7d\" data-e-action-hash=\"#elementor-action%3Aaction%3Dlightbox%26settings%3DeyJpZCI6MTU4NzQsInVybCI6Imh0dHBzOlwvXC9mYWJlci1ldGVjLmRlXC93cC1jb250ZW50XC91cGxvYWRzXC9zaXRlc1wvM1wvMjAyNVwvMDZcL09lbGRlLUVubmlnZXJsb2gtTGljaHRCbGljay1Tb2xhckJsaWNrLUZhYmVyLUVQQy0yMDI1LURTQzA3MDQ3LmpwZyIsInNsaWRlc2hvdyI6Ijc1ZjRjN2QifQ%3D%3D\">\n\t\t\t\t\t<div class=\"e-gallery-image elementor-gallery-item__image\" data-thumbnail=\"https:\/\/faber-etec.de\/wp-content\/uploads\/sites\/3\/2025\/06\/Oelde-Ennigerloh-LichtBlick-SolarBlick-Faber-EPC-2025-DSC07047-768x512.jpg\" data-width=\"768\" data-height=\"512\" aria-label=\"Faber Energy Group lors de la mise en \u0153uvre d&#039;un projet EPC cl\u00e9 en main dans le M\u00fcnsterland\" role=\"img\" ><\/div>\n\t\t\t\t\t\t\t\t\t\t\t<div class=\"elementor-gallery-item__overlay\"><\/div>\n\t\t\t\t\t\t\t\t\t\t\t\t\t\t<\/a>\n\t\t\t\t\t\t\t<a class=\"e-gallery-item elementor-gallery-item elementor-animated-content\"  href=\"https:\/\/faber-etec.de\/wp-content\/uploads\/sites\/3\/2025\/06\/Oelde-Ennigerloh-LichtBlick-SolarBlick-Faber-EPC-2025-DSC06829_1.jpg\" title=\"Oelde Ennigerloh LichtBlick SolarBlick Faber EPC 2025 DSC06829 1.jpg - \" data-elementor-open-lightbox=\"yes\" data-elementor-lightbox-slideshow=\"75f4c7d\" data-e-action-hash=\"#elementor-action%3Aaction%3Dlightbox%26settings%3DeyJpZCI6MTU4NjcsInVybCI6Imh0dHBzOlwvXC9mYWJlci1ldGVjLmRlXC93cC1jb250ZW50XC91cGxvYWRzXC9zaXRlc1wvM1wvMjAyNVwvMDZcL09lbGRlLUVubmlnZXJsb2gtTGljaHRCbGljay1Tb2xhckJsaWNrLUZhYmVyLUVQQy0yMDI1LURTQzA2ODI5XzEuanBnIiwic2xpZGVzaG93IjoiNzVmNGM3ZCJ9\">\n\t\t\t\t\t<div class=\"e-gallery-image elementor-gallery-item__image\" data-thumbnail=\"https:\/\/faber-etec.de\/wp-content\/uploads\/sites\/3\/2025\/06\/Oelde-Ennigerloh-LichtBlick-SolarBlick-Faber-EPC-2025-DSC06829_1-768x512.jpg\" data-width=\"768\" data-height=\"512\" aria-label=\"Projet EPC du Faber Energy Group avec des postes de transformation compacts et une installation PV\" role=\"img\" ><\/div>\n\t\t\t\t\t\t\t\t\t\t\t<div class=\"elementor-gallery-item__overlay\"><\/div>\n\t\t\t\t\t\t\t\t\t\t\t\t\t\t<\/a>\n\t\t\t\t\t\t\t<a class=\"e-gallery-item elementor-gallery-item elementor-animated-content\"  href=\"https:\/\/faber-etec.de\/wp-content\/uploads\/sites\/3\/2025\/06\/Oelde-Ennigerloh-LichtBlick-SolarBlick-Faber-EPC-2025-DSC07072.jpg\" title=\"Oelde Ennigerloh LichtBlick SolarBlick Faber EPC 2025 DSC07072.jpg - \" data-elementor-open-lightbox=\"yes\" data-elementor-lightbox-slideshow=\"75f4c7d\" data-e-action-hash=\"#elementor-action%3Aaction%3Dlightbox%26settings%3DeyJpZCI6MTU4NzUsInVybCI6Imh0dHBzOlwvXC9mYWJlci1ldGVjLmRlXC93cC1jb250ZW50XC91cGxvYWRzXC9zaXRlc1wvM1wvMjAyNVwvMDZcL09lbGRlLUVubmlnZXJsb2gtTGljaHRCbGljay1Tb2xhckJsaWNrLUZhYmVyLUVQQy0yMDI1LURTQzA3MDcyLmpwZyIsInNsaWRlc2hvdyI6Ijc1ZjRjN2QifQ%3D%3D\">\n\t\t\t\t\t<div class=\"e-gallery-image elementor-gallery-item__image\" data-thumbnail=\"https:\/\/faber-etec.de\/wp-content\/uploads\/sites\/3\/2025\/06\/Oelde-Ennigerloh-LichtBlick-SolarBlick-Faber-EPC-2025-DSC07072-768x512.jpg\" data-width=\"768\" data-height=\"512\" aria-label=\"Projet \u00e9nerg\u00e9tique entre Oelde et Ennigerloh - parc solaire d&#039;EPC Faber Solartechnik et Faber E-Tec\" role=\"img\" ><\/div>\n\t\t\t\t\t\t\t\t\t\t\t<div class=\"elementor-gallery-item__overlay\"><\/div>\n\t\t\t\t\t\t\t\t\t\t\t\t\t\t<\/a>\n\t\t\t\t\t\t\t<a class=\"e-gallery-item elementor-gallery-item elementor-animated-content\"  href=\"https:\/\/faber-etec.de\/wp-content\/uploads\/sites\/3\/2025\/06\/Oelde-Ennigerloh-LichtBlick-SolarBlick-Faber-EPC-2025-DSC06864.jpg\" title=\"Oelde Ennigerloh LichtBlick SolarBlick Faber EPC 2025 DSC06864.jpg - \" data-elementor-open-lightbox=\"yes\" data-elementor-lightbox-slideshow=\"75f4c7d\" data-e-action-hash=\"#elementor-action%3Aaction%3Dlightbox%26settings%3DeyJpZCI6MTU4NjksInVybCI6Imh0dHBzOlwvXC9mYWJlci1ldGVjLmRlXC93cC1jb250ZW50XC91cGxvYWRzXC9zaXRlc1wvM1wvMjAyNVwvMDZcL09lbGRlLUVubmlnZXJsb2gtTGljaHRCbGljay1Tb2xhckJsaWNrLUZhYmVyLUVQQy0yMDI1LURTQzA2ODY0LmpwZyIsInNsaWRlc2hvdyI6Ijc1ZjRjN2QifQ%3D%3D\">\n\t\t\t\t\t<div class=\"e-gallery-image elementor-gallery-item__image\" data-thumbnail=\"https:\/\/faber-etec.de\/wp-content\/uploads\/sites\/3\/2025\/06\/Oelde-Ennigerloh-LichtBlick-SolarBlick-Faber-EPC-2025-DSC06864-768x512.jpg\" data-width=\"768\" data-height=\"512\" aria-label=\"Parc solaire dans le M\u00fcnsterland - Photovolta\u00efque, raccordement au r\u00e9seau et technique\" role=\"img\" ><\/div>\n\t\t\t\t\t\t\t\t\t\t\t<div class=\"elementor-gallery-item__overlay\"><\/div>\n\t\t\t\t\t\t\t\t\t\t\t\t\t\t<\/a>\n\t\t\t\t\t\t\t<a class=\"e-gallery-item elementor-gallery-item elementor-animated-content\"  href=\"https:\/\/faber-etec.de\/wp-content\/uploads\/sites\/3\/2025\/06\/Oelde-Ennigerloh-LichtBlick-SolarBlick-Faber-EPC-2025-DSC01635_1.jpg\" title=\"Oelde Ennigerloh LichtBlick SolarBlick Faber EPC 2025 DSC01635 1.jpg - \" data-elementor-open-lightbox=\"yes\" data-elementor-lightbox-slideshow=\"75f4c7d\" data-e-action-hash=\"#elementor-action%3Aaction%3Dlightbox%26settings%3DeyJpZCI6MTU4NjAsInVybCI6Imh0dHBzOlwvXC9mYWJlci1ldGVjLmRlXC93cC1jb250ZW50XC91cGxvYWRzXC9zaXRlc1wvM1wvMjAyNVwvMDZcL09lbGRlLUVubmlnZXJsb2gtTGljaHRCbGljay1Tb2xhckJsaWNrLUZhYmVyLUVQQy0yMDI1LURTQzAxNjM1XzEuanBnIiwic2xpZGVzaG93IjoiNzVmNGM3ZCJ9\">\n\t\t\t\t\t<div class=\"e-gallery-image elementor-gallery-item__image\" data-thumbnail=\"https:\/\/faber-etec.de\/wp-content\/uploads\/sites\/3\/2025\/06\/Oelde-Ennigerloh-LichtBlick-SolarBlick-Faber-EPC-2025-DSC01635_1-768x512.jpg\" data-width=\"768\" data-height=\"512\" aria-label=\"Projet \u00e9nerg\u00e9tique entre Oelde et Ennigerloh - parc solaire du groupe Faber Energy\" role=\"img\" ><\/div>\n\t\t\t\t\t\t\t\t\t\t\t<div class=\"elementor-gallery-item__overlay\"><\/div>\n\t\t\t\t\t\t\t\t\t\t\t\t\t\t<\/a>\n\t\t\t\t\t\t\t<a class=\"e-gallery-item elementor-gallery-item elementor-animated-content\"  href=\"https:\/\/faber-etec.de\/wp-content\/uploads\/sites\/3\/2025\/06\/Oelde-Ennigerloh-LichtBlick-SolarBlick-Faber-EPC-2025-DSC07014.jpg\" title=\"Oelde Ennigerloh LichtBlick SolarBlick Faber EPC 2025 DSC07014.jpg - \" data-elementor-open-lightbox=\"yes\" data-elementor-lightbox-slideshow=\"75f4c7d\" data-e-action-hash=\"#elementor-action%3Aaction%3Dlightbox%26settings%3DeyJpZCI6MTU4NzMsInVybCI6Imh0dHBzOlwvXC9mYWJlci1ldGVjLmRlXC93cC1jb250ZW50XC91cGxvYWRzXC9zaXRlc1wvM1wvMjAyNVwvMDZcL09lbGRlLUVubmlnZXJsb2gtTGljaHRCbGljay1Tb2xhckJsaWNrLUZhYmVyLUVQQy0yMDI1LURTQzA3MDE0LmpwZyIsInNsaWRlc2hvdyI6Ijc1ZjRjN2QifQ%3D%3D\">\n\t\t\t\t\t<div class=\"e-gallery-image elementor-gallery-item__image\" data-thumbnail=\"https:\/\/faber-etec.de\/wp-content\/uploads\/sites\/3\/2025\/06\/Oelde-Ennigerloh-LichtBlick-SolarBlick-Faber-EPC-2025-DSC07014-768x512.jpg\" data-width=\"768\" data-height=\"512\" aria-label=\"Construction et mise en service d&#039;un parc solaire \u00e0 Oelde-Ennigerloh - Logo LichtBlick Helm\" role=\"img\" ><\/div>\n\t\t\t\t\t\t\t\t\t\t\t<div class=\"elementor-gallery-item__overlay\"><\/div>\n\t\t\t\t\t\t\t\t\t\t\t\t\t\t<\/a>\n\t\t\t\t\t<\/div>\n\t\t\t\t\t<\/div>\n\t\t\t\t<\/div>\n\t\t\t\t<div class=\"elementor-element elementor-element-df7b679 elementor-widget-divider--view-line elementor-widget elementor-widget-divider\" data-id=\"df7b679\" data-element_type=\"widget\" data-e-type=\"widget\" data-widget_type=\"divider.default\">\n\t\t\t\t<div class=\"elementor-widget-container\">\n\t\t\t\t\t\t\t<div class=\"elementor-divider\">\n\t\t\t<span class=\"elementor-divider-separator\">\n\t\t\t\t\t\t<\/span>\n\t\t<\/div>\n\t\t\t\t\t\t<\/div>\n\t\t\t\t<\/div>\n\t\t\t\t<div class=\"elementor-element elementor-element-cc73359 elementor-widget elementor-widget-heading\" data-id=\"cc73359\" data-element_type=\"widget\" data-e-type=\"widget\" data-widget_type=\"heading.default\">\n\t\t\t\t<div class=\"elementor-widget-container\">\n\t\t\t\t\t<h4 class=\"elementor-heading-title elementor-size-default\">Technique, confiance, responsabilit\u00e9 - pour l'avenir \u00e9nerg\u00e9tique\n<\/h4>\t\t\t\t<\/div>\n\t\t\t\t<\/div>\n\t\t\t\t<div class=\"elementor-element elementor-element-8d06e4a elementor-widget elementor-widget-text-editor\" data-id=\"8d06e4a\" data-element_type=\"widget\" data-e-type=\"widget\" data-widget_type=\"text-editor.default\">\n\t\t\t\t<div class=\"elementor-widget-container\">\n\t\t\t\t\t\t\t\t\t<p data-start=\"2864\" data-end=\"3116\">Faber E-Tec remercie LichtBlick SE pour sa confiance en notre technique et SolarBlick GmbH pour le d\u00e9veloppement professionnel du projet. De m\u00eame, nous remercions Faber Solartechnik pour la forte interaction au niveau de l'EPC.<\/p><p data-start=\"3118\" data-end=\"3304\">Ensemble, nous montrons comment les grands projets renouvelables peuvent \u00eatre planifi\u00e9s au niveau r\u00e9gional, mis en \u0153uvre techniquement de mani\u00e8re propre et exploit\u00e9s \u00e0 long terme - pour un approvisionnement \u00e9nerg\u00e9tique durable et s\u00fbr.<\/p><p data-start=\"3306\" data-end=\"3524\">\u27a1\ufe0f Vers la contribution officielle de LichtBlick sur LinkedIn :<br data-start=\"3361\" data-end=\"3364\" \/><a class=\"\" href=\"https:\/\/www.linkedin.com\/posts\/lichtblick-se_gro%C3%9Fartige-news-unser-neuer-solarpark-im-activity-7340662483940007937-u78m?utm_source=share&#038;utm_medium=member_desktop&#038;rcm=ACoAADaoTvkB_BMCy0p3hfTbW7wluh5m4xuJyww\" title=\"Lichtblick Se Gro%C3%9Fartige News Unser Neuer Solarpark Im Activity 7340662483940007937 U78m - \ud83d\udd17 Beitrag auf LinkedIn ansehen\" target=\"_new\" rel=\"noopener\" data-start=\"3364\" data-end=\"3524\">\ud83d\udd17 Voir le post sur LinkedIn<\/a><\/p>\t\t\t\t\t\t\t\t<\/div>\n\t\t\t\t<\/div>\n\t\t\t\t<div class=\"elementor-element elementor-element-eef7e64 elementor-widget-divider--view-line elementor-widget elementor-widget-divider\" data-id=\"eef7e64\" data-element_type=\"widget\" data-e-type=\"widget\" data-widget_type=\"divider.default\">\n\t\t\t\t<div class=\"elementor-widget-container\">\n\t\t\t\t\t\t\t<div class=\"elementor-divider\">\n\t\t\t<span class=\"elementor-divider-separator\">\n\t\t\t\t\t\t<\/span>\n\t\t<\/div>\n\t\t\t\t\t\t<\/div>\n\t\t\t\t<\/div>\n\t\t\t\t<div class=\"elementor-element elementor-element-3456145 elementor-widget elementor-widget-heading\" data-id=\"3456145\" data-element_type=\"widget\" data-e-type=\"widget\" data-widget_type=\"heading.default\">\n\t\t\t\t<div class=\"elementor-widget-container\">\n\t\t\t\t\t<h2 class=\"elementor-heading-title elementor-size-default\">Stadt Oelde - Participer \u00e0 la construction de l'avenir gr\u00e2ce \u00e0 des projets \u00e9nerg\u00e9tiques r\u00e9gionaux<\/h2>\t\t\t\t<\/div>\n\t\t\t\t<\/div>\n\t\t\t\t<div class=\"elementor-element elementor-element-63440b7 elementor-widget elementor-widget-heading\" data-id=\"63440b7\" data-element_type=\"widget\" data-e-type=\"widget\" data-widget_type=\"heading.default\">\n\t\t\t\t<div class=\"elementor-widget-container\">\n\t\t\t\t\t<h3 class=\"elementor-heading-title elementor-size-default\">Oelde soutient le tournant \u00e9nerg\u00e9tique r\u00e9gional avec un projet de parc solaire\n\n<\/h3>\t\t\t\t<\/div>\n\t\t\t\t<\/div>\n\t\t\t\t<div class=\"elementor-element elementor-element-4fc2163 elementor-widget elementor-widget-text-editor\" data-id=\"4fc2163\" data-element_type=\"widget\" data-e-type=\"widget\" data-widget_type=\"text-editor.default\">\n\t\t\t\t<div class=\"elementor-widget-container\">\n\t\t\t\t\t\t\t\t\t<p data-start=\"339\" data-end=\"647\">Avec sa participation au parc solaire entre Oelde et Ennigerloh, la ville d'Oelde montre \u00e0 quoi peut ressembler la responsabilit\u00e9 communale dans la pratique.<br data-start=\"487\" data-end=\"490\" \/>Avec une vision \u00e0 long terme, une ouverture aux nouveaux concepts \u00e9nerg\u00e9tiques et une gestion orient\u00e9e vers les solutions, le projet a \u00e9t\u00e9 soutenu et activement accompagn\u00e9 d\u00e8s le d\u00e9but.<\/p><p data-start=\"649\" data-end=\"1011\">La maire Karin Rodeheger s'est engag\u00e9e avec tous les participants pour que le d\u00e9veloppement des surfaces et la mise en \u0153uvre du projet se d\u00e9roulent de mani\u00e8re efficace et dans l'int\u00e9r\u00eat de la r\u00e9gion. Oelde apporte ainsi une contribution importante au tournant \u00e9nerg\u00e9tique r\u00e9gional - et montre que des projets d'infrastructure d'avenir sont possibles et r\u00e9alisables dans les r\u00e9gions rurales.<\/p>\t\t\t\t\t\t\t\t<\/div>\n\t\t\t\t<\/div>\n\t\t\t\t<div class=\"elementor-element elementor-element-caa0bbc elementor-widget elementor-widget-image\" data-id=\"caa0bbc\" data-element_type=\"widget\" data-e-type=\"widget\" data-widget_type=\"image.default\">\n\t\t\t\t<div class=\"elementor-widget-container\">\n\t\t\t\t\t\t\t\t\t\t\t\t<figure class=\"wp-caption\">\n\t\t\t\t\t\t\t\t\t\t<img decoding=\"async\" src=\"https:\/\/faber-etec.de\/wp-content\/uploads\/sites\/3\/elementor\/thumbs\/Oelde-Stadt-Blick-auf-die-Kreuzkirche-im-Wallfahrtsort-Stromberg-einem-Ortsteil-der-Stadt-Oelde-im-Muensterland-r7fzfpybi9baktihoh16w5eeati8fxoqx2h0xbdfng.avif\" title=\"Oelde Stadt - Vue sur l&#039;\u00e9glise de la Croix dans le lieu de p\u00e8lerinage Stromberg, un quartier de la ville d&#039;Oelde dans le M\u00fcnsterland\" alt=\"Vue sur la Kreuzkirche dans le quartier de Stromberg de la ville d&#039;Oelde dans le M\u00fcnsterland\" loading=\"lazy\" \/>\t\t\t\t\t\t\t\t\t\t\t<figcaption class=\"widget-image-caption wp-caption-text\">L'\u00e9glise de la Croix dans le lieu de p\u00e8lerinage de Stromberg, un quartier d'Oelde, est exemplaire de l'identit\u00e9 culturelle et historique de cette ville du M\u00fcnsterland. \u00a9 Pixel62<\/figcaption>\n\t\t\t\t\t\t\t\t\t\t<\/figure>\n\t\t\t\t\t\t\t\t\t<\/div>\n\t\t\t\t<\/div>\n\t\t<div class=\"elementor-element elementor-element-2492510 e-flex e-con-boxed e-con e-child\" data-id=\"2492510\" data-element_type=\"container\" data-e-type=\"container\">\n\t\t\t\t\t<div class=\"e-con-inner\">\n\t\t\t\t<div class=\"elementor-element elementor-element-7589d47 elementor-widget elementor-widget-button\" data-id=\"7589d47\" data-element_type=\"widget\" data-e-type=\"widget\" data-widget_type=\"button.default\">\n\t\t\t\t<div class=\"elementor-widget-container\">\n\t\t\t\t\t\t\t\t\t<div class=\"elementor-button-wrapper\">\n\t\t\t\t\t<a class=\"elementor-button elementor-button-link elementor-size-sm\" href=\"https:\/\/maps.app.goo.gl\/MRmVqe2CxMJJNXW7A\" title=\"MRmVqe2CxMJJNXW7A - Carte Google - Oelde\" target=\"_blank\" rel=\"noopener\">\n\t\t\t\t\t\t<span class=\"elementor-button-content-wrapper\">\n\t\t\t\t\t\t<span class=\"elementor-button-icon\">\n\t\t\t\t<i aria-hidden=\"true\" class=\"fas fa-map-marker-alt\"><\/i>\t\t\t<\/span>\n\t\t\t\t\t\t\t\t\t<span class=\"elementor-button-text\">Carte Google - Oelde<\/span>\n\t\t\t\t\t<\/span>\n\t\t\t\t\t<\/a>\n\t\t\t\t<\/div>\n\t\t\t\t\t\t\t\t<\/div>\n\t\t\t\t<\/div>\n\t\t\t\t<div class=\"elementor-element elementor-element-6843211 elementor-widget elementor-widget-button\" data-id=\"6843211\" data-element_type=\"widget\" data-e-type=\"widget\" data-widget_type=\"button.default\">\n\t\t\t\t<div class=\"elementor-widget-container\">\n\t\t\t\t\t\t\t\t\t<div class=\"elementor-button-wrapper\">\n\t\t\t\t\t<a class=\"elementor-button elementor-button-link elementor-size-sm\" href=\"https:\/\/www.oelde.de\/de\/\" title=\"Fr - www.oelde.de\" target=\"_blank\" rel=\"noopener\">\n\t\t\t\t\t\t<span class=\"elementor-button-content-wrapper\">\n\t\t\t\t\t\t<span class=\"elementor-button-icon\">\n\t\t\t\t<i aria-hidden=\"true\" class=\"fas fa-globe\"><\/i>\t\t\t<\/span>\n\t\t\t\t\t\t\t\t\t<span class=\"elementor-button-text\">www.oelde.de<\/span>\n\t\t\t\t\t<\/span>\n\t\t\t\t\t<\/a>\n\t\t\t\t<\/div>\n\t\t\t\t\t\t\t\t<\/div>\n\t\t\t\t<\/div>\n\t\t\t\t\t<\/div>\n\t\t\t\t<\/div>\n\t\t\t\t<div class=\"elementor-element elementor-element-ac49ef7 elementor-widget-divider--view-line elementor-widget elementor-widget-divider\" data-id=\"ac49ef7\" data-element_type=\"widget\" data-e-type=\"widget\" data-widget_type=\"divider.default\">\n\t\t\t\t<div class=\"elementor-widget-container\">\n\t\t\t\t\t\t\t<div class=\"elementor-divider\">\n\t\t\t<span class=\"elementor-divider-separator\">\n\t\t\t\t\t\t<\/span>\n\t\t<\/div>\n\t\t\t\t\t\t<\/div>\n\t\t\t\t<\/div>\n\t\t\t\t<div class=\"elementor-element elementor-element-f1ac047 elementor-widget elementor-widget-heading\" data-id=\"f1ac047\" data-element_type=\"widget\" data-e-type=\"widget\" data-widget_type=\"heading.default\">\n\t\t\t\t<div class=\"elementor-widget-container\">\n\t\t\t\t\t<h2 class=\"elementor-heading-title elementor-size-default\"> Stadt Ennigerloh - Engagement pour la durabilit\u00e9 et la coop\u00e9ration<\/h2>\t\t\t\t<\/div>\n\t\t\t\t<\/div>\n\t\t\t\t<div class=\"elementor-element elementor-element-4b9c482 elementor-widget elementor-widget-heading\" data-id=\"4b9c482\" data-element_type=\"widget\" data-e-type=\"widget\" data-widget_type=\"heading.default\">\n\t\t\t\t<div class=\"elementor-widget-container\">\n\t\t\t\t\t<h3 class=\"elementor-heading-title elementor-size-default\">Ennigerloh mise sur l'\u00e9nergie durable gr\u00e2ce \u00e0 la coop\u00e9ration communale<\/h3>\t\t\t\t<\/div>\n\t\t\t\t<\/div>\n\t\t\t\t<div class=\"elementor-element elementor-element-6b2e7ba elementor-widget elementor-widget-text-editor\" data-id=\"6b2e7ba\" data-element_type=\"widget\" data-e-type=\"widget\" data-widget_type=\"text-editor.default\">\n\t\t\t\t<div class=\"elementor-widget-container\">\n\t\t\t\t\t\t\t\t\t<p data-start=\"1093\" data-end=\"1359\">La ville d'Ennigerloh a \u00e9galement \u00e9t\u00e9 un partenaire fiable d\u00e8s le d\u00e9but de la planification et de la r\u00e9alisation du parc solaire. Gr\u00e2ce \u00e0 son ouverture aux projets d'\u00e9nergie renouvelable et \u00e0 son engagement communal, elle a largement contribu\u00e9 au d\u00e9veloppement du projet.<\/p><p data-start=\"1361\" data-end=\"1694\">Sous la direction du maire Berthold L\u00fclf, l'approche intercommunale a \u00e9t\u00e9 activement soutenue. La ville a donn\u00e9 des signaux clairs en faveur de la coop\u00e9ration r\u00e9gionale, du d\u00e9veloppement durable du site et de la responsabilit\u00e9 envers les g\u00e9n\u00e9rations futures.<br data-start=\"1607\" data-end=\"1610\" \/>R\u00e9sultat : un projet r\u00e9ussi dont l'impact d\u00e9passe les fronti\u00e8res de la ville.<\/p>\t\t\t\t\t\t\t\t<\/div>\n\t\t\t\t<\/div>\n\t\t\t\t<div class=\"elementor-element elementor-element-0baa0a0 elementor-widget elementor-widget-image\" data-id=\"0baa0a0\" data-element_type=\"widget\" data-e-type=\"widget\" data-widget_type=\"image.default\">\n\t\t\t\t<div class=\"elementor-widget-container\">\n\t\t\t\t\t\t\t\t\t\t\t\t<figure class=\"wp-caption\">\n\t\t\t\t\t\t\t\t\t\t<img decoding=\"async\" src=\"https:\/\/faber-etec.de\/wp-content\/uploads\/sites\/3\/elementor\/thumbs\/ennigerloh-windmuehle-muensterland-r7fzttj60sm4q917ckfqalbb2w0fwhnsuur82qgubg.avif\" title=\"Moulin \u00e0 vent \u00e0 Ennigerloh - symbole r\u00e9gional dans le M\u00fcnsterland\" alt=\"Moulin \u00e0 vent historique \u00e0 Ennigerloh dans le M\u00fcnsterland par temps ensoleill\u00e9\" loading=\"lazy\" \/>\t\t\t\t\t\t\t\t\t\t\t<figcaption class=\"widget-image-caption wp-caption-text\">Le moulin \u00e0 vent d'Ennigerloh symbolise l'attachement de la ville \u00e0 son histoire r\u00e9gionale et au paysage culturel naturel du M\u00fcnsterland. \u00a9 Marcus Retkowietz<\/figcaption>\n\t\t\t\t\t\t\t\t\t\t<\/figure>\n\t\t\t\t\t\t\t\t\t<\/div>\n\t\t\t\t<\/div>\n\t\t<div class=\"elementor-element elementor-element-8f4e5bd e-flex e-con-boxed e-con e-child\" data-id=\"8f4e5bd\" data-element_type=\"container\" data-e-type=\"container\">\n\t\t\t\t\t<div class=\"e-con-inner\">\n\t\t\t\t<div class=\"elementor-element elementor-element-fdfcee3 elementor-widget elementor-widget-button\" data-id=\"fdfcee3\" data-element_type=\"widget\" data-e-type=\"widget\" data-widget_type=\"button.default\">\n\t\t\t\t<div class=\"elementor-widget-container\">\n\t\t\t\t\t\t\t\t\t<div class=\"elementor-button-wrapper\">\n\t\t\t\t\t<a class=\"elementor-button elementor-button-link elementor-size-sm\" href=\"https:\/\/maps.app.goo.gl\/FXfE3xx74YtB9GnG8\" title=\"FXfE3xx74YtB9GnG8 - Carte Google - Ennigerloh\" target=\"_blank\" rel=\"noopener\">\n\t\t\t\t\t\t<span class=\"elementor-button-content-wrapper\">\n\t\t\t\t\t\t<span class=\"elementor-button-icon\">\n\t\t\t\t<i aria-hidden=\"true\" class=\"fas fa-map-marker-alt\"><\/i>\t\t\t<\/span>\n\t\t\t\t\t\t\t\t\t<span class=\"elementor-button-text\">Carte Google - Ennigerloh <\/span>\n\t\t\t\t\t<\/span>\n\t\t\t\t\t<\/a>\n\t\t\t\t<\/div>\n\t\t\t\t\t\t\t\t<\/div>\n\t\t\t\t<\/div>\n\t\t\t\t<div class=\"elementor-element elementor-element-c640f99 elementor-widget elementor-widget-button\" data-id=\"c640f99\" data-element_type=\"widget\" data-e-type=\"widget\" data-widget_type=\"button.default\">\n\t\t\t\t<div class=\"elementor-widget-container\">\n\t\t\t\t\t\t\t\t\t<div class=\"elementor-button-wrapper\">\n\t\t\t\t\t<a class=\"elementor-button elementor-button-link elementor-size-sm\" href=\"https:\/\/www.ennigerloh.de\/\" title=\" - www.ennigerloh.de\" target=\"_blank\" rel=\"noopener\">\n\t\t\t\t\t\t<span class=\"elementor-button-content-wrapper\">\n\t\t\t\t\t\t<span class=\"elementor-button-icon\">\n\t\t\t\t<i aria-hidden=\"true\" class=\"fas fa-globe\"><\/i>\t\t\t<\/span>\n\t\t\t\t\t\t\t\t\t<span class=\"elementor-button-text\">www.ennigerloh.de<\/span>\n\t\t\t\t\t<\/span>\n\t\t\t\t\t<\/a>\n\t\t\t\t<\/div>\n\t\t\t\t\t\t\t\t<\/div>\n\t\t\t\t<\/div>\n\t\t\t\t\t<\/div>\n\t\t\t\t<\/div>\n\t\t\t\t<\/div>\n\t\t\t\t<\/div>","protected":false},"excerpt":{"rendered":"<p>Un nouveau parc solaire a \u00e9t\u00e9 raccord\u00e9 au r\u00e9seau entre Oelde et Ennigerloh - un exemple fort de coop\u00e9ration r\u00e9ussie au niveau communal, technique et de projet.<\/p>","protected":false},"author":2,"featured_media":15831,"comment_status":"closed","ping_status":"open","sticky":false,"template":"","format":"standard","meta":{"_acf_changed":false,"footnotes":""},"categories":[1,58],"tags":[74,71,73,72],"class_list":["post-15830","post","type-post","status-publish","format-standard","has-post-thumbnail","hentry","category-news","category-events","tag-ennigerloh","tag-lichtblick","tag-oelde","tag-solarblick"],"acf":[],"_links":{"self":[{"href":"https:\/\/faber-etec.de\/fr\/wp-json\/wp\/v2\/posts\/15830","targetHints":{"allow":["GET"]}}],"collection":[{"href":"https:\/\/faber-etec.de\/fr\/wp-json\/wp\/v2\/posts"}],"about":[{"href":"https:\/\/faber-etec.de\/fr\/wp-json\/wp\/v2\/types\/post"}],"author":[{"embeddable":true,"href":"https:\/\/faber-etec.de\/fr\/wp-json\/wp\/v2\/users\/2"}],"replies":[{"embeddable":true,"href":"https:\/\/faber-etec.de\/fr\/wp-json\/wp\/v2\/comments?post=15830"}],"version-history":[{"count":39,"href":"https:\/\/faber-etec.de\/fr\/wp-json\/wp\/v2\/posts\/15830\/revisions"}],"predecessor-version":[{"id":16214,"href":"https:\/\/faber-etec.de\/fr\/wp-json\/wp\/v2\/posts\/15830\/revisions\/16214"}],"wp:featuredmedia":[{"embeddable":true,"href":"https:\/\/faber-etec.de\/fr\/wp-json\/wp\/v2\/media\/15831"}],"wp:attachment":[{"href":"https:\/\/faber-etec.de\/fr\/wp-json\/wp\/v2\/media?parent=15830"}],"wp:term":[{"taxonomy":"category","embeddable":true,"href":"https:\/\/faber-etec.de\/fr\/wp-json\/wp\/v2\/categories?post=15830"},{"taxonomy":"post_tag","embeddable":true,"href":"https:\/\/faber-etec.de\/fr\/wp-json\/wp\/v2\/tags?post=15830"}],"curies":[{"name":"wp","href":"https:\/\/api.w.org\/{rel}","templated":true}]}}