{"id":15995,"date":"2025-10-27T20:21:09","date_gmt":"2025-10-27T19:21:09","guid":{"rendered":"https:\/\/faber-etec.de\/?p=15995"},"modified":"2025-10-27T22:39:15","modified_gmt":"2025-10-27T21:39:15","slug":"solarfeld-in-roedinghausen","status":"publish","type":"post","link":"https:\/\/faber-etec.de\/fr\/news\/solarfeld-in-roedinghausen\/","title":{"rendered":"Nouveau champ solaire \u00e0 R\u00f6dinghausen-Bruchm\u00fchlen : Une \u00e9nergie durable \u00e0 notre porte"},"content":{"rendered":"<div data-elementor-type=\"wp-post\" data-elementor-id=\"15995\" class=\"elementor elementor-15995\" data-elementor-post-type=\"post\">\n\t\t\t\t<div class=\"elementor-element elementor-element-aea8630 e-con-full e-flex e-con e-parent\" data-id=\"aea8630\" data-element_type=\"container\" data-e-type=\"container\">\n\t\t\t\t<div class=\"elementor-element elementor-element-91938fd elementor-widget elementor-widget-heading\" data-id=\"91938fd\" data-element_type=\"widget\" data-e-type=\"widget\" data-widget_type=\"heading.default\">\n\t\t\t\t<div class=\"elementor-widget-container\">\n\t\t\t\t\t<h2 class=\"elementor-heading-title elementor-size-default\">Installation photovolta\u00efque au sol &amp; transformateur<\/h2>\t\t\t\t<\/div>\n\t\t\t\t<\/div>\n\t\t\t\t<div class=\"elementor-element elementor-element-d85cddc elementor-widget elementor-widget-text-editor\" data-id=\"d85cddc\" data-element_type=\"widget\" data-e-type=\"widget\" data-widget_type=\"text-editor.default\">\n\t\t\t\t<div class=\"elementor-widget-container\">\n\t\t\t\t\t\t\t\t\t<p>Une nouvelle installation photovolta\u00efque au sol d'une puissance nominale de 3.234 kilowatts est actuellement en construction \u00e0 R\u00f6dinghausen-Bruchm\u00fchlen. Sur une surface d'environ 2,5 hectares le long de la ligne de chemin de fer au \u201eSchwarzen Weg\u201c, le Faber Energy Group de B\u00fcnde construit une installation qui pourra \u00e0 l'avenir alimenter environ 711 maisons individuelles par an en \u00e9lectricit\u00e9 \u00e9cologique.<\/p><p data-start=\"457\" data-end=\"746\">L'injection efficace de l'\u00e9lectricit\u00e9 produite est assur\u00e9e par une installation moderne de production d'\u00e9lectricit\u00e9. <strong data-start=\"528\" data-end=\"552\">Station compacte de transformation<\/strong>, qui r\u00e9pondent parfaitement aux exigences de <strong data-start=\"592\" data-end=\"627\">Installations photovolta\u00efques au sol<\/strong> est adapt\u00e9.<br data-start=\"643\" data-end=\"646\" \/>Ainsi, l'\u00e9nergie est produite directement sur place via une <strong data-start=\"691\" data-end=\"707\">Poste de transformation<\/strong> est inject\u00e9 dans le r\u00e9seau public.<\/p>\t\t\t\t\t\t\t\t<\/div>\n\t\t\t\t<\/div>\n\t\t\t\t<div class=\"elementor-element elementor-element-88bce4a elementor-align-left elementor-widget elementor-widget-button\" data-id=\"88bce4a\" data-element_type=\"widget\" data-e-type=\"widget\" data-widget_type=\"button.default\">\n\t\t\t\t<div class=\"elementor-widget-container\">\n\t\t\t\t\t\t\t\t\t<div class=\"elementor-button-wrapper\">\n\t\t\t\t\t<a class=\"elementor-button elementor-button-link elementor-size-sm\" href=\"https:\/\/www.roedinghausen.de\/Kurzmen%C3%BC\/Startseite\/Nachhaltige-Energieversorgung-Neues-Solarfeld-in-Bruchm%C3%BChlen.php?object=tx,3463.190&#038;ModID=7&#038;FID=3463.1039.1&#038;NavID=3463.1&#038;La=1&#038;NavID=3463.34\" title=\"Nachhaltige Energieversorgung Neues Solarfeld In Bruchm%C3%BChlen.php - Originalartikel der Stadt R\u00f6dinghausen\" target=\"_blank\" rel=\"noopener\">\n\t\t\t\t\t\t<span class=\"elementor-button-content-wrapper\">\n\t\t\t\t\t\t<span class=\"elementor-button-icon\">\n\t\t\t\t<i aria-hidden=\"true\" class=\"fas fa-link\"><\/i>\t\t\t<\/span>\n\t\t\t\t\t\t\t\t\t<span class=\"elementor-button-text\">Article original de la ville de R\u00f6dinghausen<\/span>\n\t\t\t\t\t<\/span>\n\t\t\t\t\t<\/a>\n\t\t\t\t<\/div>\n\t\t\t\t\t\t\t\t<\/div>\n\t\t\t\t<\/div>\n\t\t\t\t<div class=\"elementor-element elementor-element-41210e1 elementor-widget elementor-widget-image\" data-id=\"41210e1\" data-element_type=\"widget\" data-e-type=\"widget\" data-widget_type=\"image.default\">\n\t\t\t\t<div class=\"elementor-widget-container\">\n\t\t\t\t\t\t\t\t\t\t\t\t<figure class=\"wp-caption\">\n\t\t\t\t\t\t\t\t\t\t<img decoding=\"async\" src=\"https:\/\/faber-etec.de\/wp-content\/uploads\/sites\/3\/elementor\/thumbs\/faber-e-tec-trafo-kompaktstation-pv-anlage-roedinghausen-rdu60wq9rb1oywhdnojkzak998ty4m99rbfpo08oeg.webp\" title=\"Poste de transformation Faber E-Tec pr\u00e8s de R\u00f6dinghausen\" alt=\"Poste de transformation Faber E-Tec pr\u00e8s d&#039;une installation solaire en plein air \u00e0 R\u00f6dinghausen, sous un ciel bleu\" loading=\"lazy\" \/>\t\t\t\t\t\t\t\t\t\t\t<figcaption class=\"widget-image-caption wp-caption-text\">Station compacte Faber E-Tec pour installation PV au sol \u00e0 R\u00f6dinghausen<\/figcaption>\n\t\t\t\t\t\t\t\t\t\t<\/figure>\n\t\t\t\t\t\t\t\t\t<\/div>\n\t\t\t\t<\/div>\n\t\t\t\t<div class=\"elementor-element elementor-element-8da179e elementor-widget elementor-widget-heading\" data-id=\"8da179e\" data-element_type=\"widget\" data-e-type=\"widget\" data-widget_type=\"heading.default\">\n\t\t\t\t<div class=\"elementor-widget-container\">\n\t\t\t\t\t<h3 class=\"elementor-heading-title elementor-size-default\">Valeur ajout\u00e9e r\u00e9gionale et approvisionnement \u00e9nerg\u00e9tique<\/h3>\t\t\t\t<\/div>\n\t\t\t\t<\/div>\n\t\t\t\t<div class=\"elementor-element elementor-element-133b89e elementor-widget elementor-widget-text-editor\" data-id=\"133b89e\" data-element_type=\"widget\" data-e-type=\"widget\" data-widget_type=\"text-editor.default\">\n\t\t\t\t<div class=\"elementor-widget-container\">\n\t\t\t\t\t\t\t\t\t<p>\u201eL'installation solaire \u00e0 R\u00f6dinghausen, juste devant notre porte, n'est certes pas notre plus grand projet - mais c'est un projet tr\u00e8s particulier en raison de sa proximit\u00e9\u201c, d\u00e9clare le directeur Hermann Kromm.<\/p><p>Quelques minutes seulement s\u00e9parent cette surface du si\u00e8ge de l'entreprise \u00e0 B\u00fcnde, o\u00f9 les installations solaires sont planifi\u00e9es, les raccordements au r\u00e9seau con\u00e7us, les stations en b\u00e9ton coul\u00e9es et les installations de distribution construites. La majeure partie de la valeur ajout\u00e9e est cr\u00e9\u00e9e dans la r\u00e9gion : du d\u00e9veloppement du projet \u00e0 l'installation en passant par la pr\u00e9paration de la construction, le projet est enti\u00e8rement r\u00e9alis\u00e9 par l'\u00e9quipe de B\u00fcnde. Les monteurs sont \u00e9galement employ\u00e9s \u00e0 plein temps par le Faber Energy Group.<\/p><p>L'ensemble de la cr\u00e9ation de valeur - de la planification au raccordement au r\u00e9seau - se fait au niveau r\u00e9gional, soutenu par nos stations compactes de fabrication propre.<br data-start=\"964\" data-end=\"967\" \/>Chaque poste de transformation de Faber E-Tec est synonyme de qualit\u00e9, de pr\u00e9cision et d'une alimentation en \u00e9nergie fiable Made in Germany.<\/p>\t\t\t\t\t\t\t\t<\/div>\n\t\t\t\t<\/div>\n\t\t\t\t<div class=\"elementor-element elementor-element-2426179 elementor-widget elementor-widget-image\" data-id=\"2426179\" data-element_type=\"widget\" data-e-type=\"widget\" data-widget_type=\"image.default\">\n\t\t\t\t<div class=\"elementor-widget-container\">\n\t\t\t\t\t\t\t\t\t\t\t\t<figure class=\"wp-caption\">\n\t\t\t\t\t\t\t\t\t\t<img decoding=\"async\" src=\"https:\/\/faber-etec.de\/wp-content\/uploads\/sites\/3\/elementor\/thumbs\/freiflaechen-photovoltaikanlage-roedinghausen-rdu61l62ozz5crhvoz3vs4e8p9hhoqyaioec578fwo.webp\" title=\"Champ photovolta\u00efque de R\u00f6dinghausen\" alt=\"Champ PV avec modules solaires mont\u00e9s sur un espace vert \u00e0 R\u00f6dinghausen\" loading=\"lazy\" \/>\t\t\t\t\t\t\t\t\t\t\t<figcaption class=\"widget-image-caption wp-caption-text\">Installation au sol du groupe Faber Energy \u00e0 R\u00f6dinghausen<\/figcaption>\n\t\t\t\t\t\t\t\t\t\t<\/figure>\n\t\t\t\t\t\t\t\t\t<\/div>\n\t\t\t\t<\/div>\n\t\t\t\t<div class=\"elementor-element elementor-element-0f5681d elementor-widget elementor-widget-heading\" data-id=\"0f5681d\" data-element_type=\"widget\" data-e-type=\"widget\" data-widget_type=\"heading.default\">\n\t\t\t\t<div class=\"elementor-widget-container\">\n\t\t\t\t\t<h3 class=\"elementor-heading-title elementor-size-default\">Trois millions de kilowattheures d'\u00e9lectricit\u00e9 verte par an<\/h3>\t\t\t\t<\/div>\n\t\t\t\t<\/div>\n\t\t\t\t<div class=\"elementor-element elementor-element-952e8bb elementor-widget elementor-widget-text-editor\" data-id=\"952e8bb\" data-element_type=\"widget\" data-e-type=\"widget\" data-widget_type=\"text-editor.default\">\n\t\t\t\t<div class=\"elementor-widget-container\">\n\t\t\t\t\t\t\t\t\t<p>D\u00e8s l'ann\u00e9e prochaine, l'installation produira environ 3 millions de kilowattheures d'\u00e9lectricit\u00e9 verte par an. Le raccordement au r\u00e9seau devrait avoir lieu en novembre 2025.<\/p><p>En outre, il est pr\u00e9vu d'ajouter un accumulateur de batterie d'une capacit\u00e9 de plus de 6 m\u00e9gawattheures, soit plus de 60 fois la capacit\u00e9 d'une grande batterie de voiture \u00e9lectrique.<br \/>Cela permet de garantir un approvisionnement \u00e9nerg\u00e9tique stable et efficace.<\/p><p>Pour que l'\u00e9lectricit\u00e9 verte produite puisse \u00eatre transmise efficacement et en toute s\u00e9curit\u00e9, l'installation mise sur un poste de transformation compact performant de Faber E-Tec. Celui-ci assure une tension stable et une s\u00e9curit\u00e9 de fonctionnement maximale sur l'ensemble du r\u00e9seau.<\/p>\t\t\t\t\t\t\t\t<\/div>\n\t\t\t\t<\/div>\n\t\t\t\t<div class=\"elementor-element elementor-element-bb3388b elementor-widget elementor-widget-image\" data-id=\"bb3388b\" data-element_type=\"widget\" data-e-type=\"widget\" data-widget_type=\"image.default\">\n\t\t\t\t<div class=\"elementor-widget-container\">\n\t\t\t\t\t\t\t\t\t\t\t\t<figure class=\"wp-caption\">\n\t\t\t\t\t\t\t\t\t\t<img decoding=\"async\" src=\"https:\/\/faber-etec.de\/wp-content\/uploads\/sites\/3\/elementor\/thumbs\/made-in-germany-faber-energy-group-pv-roedinghausen-rdu61qt3u06vaf9os1jn72z09kpoyxkojgb90v02vc.webp\" title=\"Installation PV et poste de transformation compact Made in Germany\" alt=\"Made in Germany - Installation photovolta\u00efque du Faber Energy Group \u00e0 R\u00f6dinghausen\" loading=\"lazy\" \/>\t\t\t\t\t\t\t\t\t\t\t<figcaption class=\"widget-image-caption wp-caption-text\">Technique PV et transformateur compact \u201eMade in Germany\u201c fabriqu\u00e9s localement\u201c<\/figcaption>\n\t\t\t\t\t\t\t\t\t\t<\/figure>\n\t\t\t\t\t\t\t\t\t<\/div>\n\t\t\t\t<\/div>\n\t\t\t\t<div class=\"elementor-element elementor-element-a3349f5 elementor-widget elementor-widget-heading\" data-id=\"a3349f5\" data-element_type=\"widget\" data-e-type=\"widget\" data-widget_type=\"heading.default\">\n\t\t\t\t<div class=\"elementor-widget-container\">\n\t\t\t\t\t<h3 class=\"elementor-heading-title elementor-size-default\">Importance pour la commune de R\u00f6dinghausen<\/h3>\t\t\t\t<\/div>\n\t\t\t\t<\/div>\n\t\t\t\t<div class=\"elementor-element elementor-element-3df4871 elementor-widget elementor-widget-text-editor\" data-id=\"3df4871\" data-element_type=\"widget\" data-e-type=\"widget\" data-widget_type=\"text-editor.default\">\n\t\t\t\t<div class=\"elementor-widget-container\">\n\t\t\t\t\t\t\t\t\t<p>\u201eCette installation photovolta\u00efque au sol est un projet pilote important pour une utilisation efficace des \u00e9nergies renouvelables\u201c, souligne le bourgmestre Siegfried Lux. La commune soutient le projet avec une contre-valeur de 5.000 unit\u00e9s de valeur \u00e9cologiques, d\u00e9cid\u00e9e par la commission de l'environnement, du climat et de la mobilit\u00e9.<\/p><p>Une haie sera plant\u00e9e en direction des zones r\u00e9sidentielles pour les d\u00e9limiter, le site sera am\u00e9nag\u00e9 en espaces verts et des mesures de compensation auront lieu directement sur la surface du \u201eSchwarzer Weg\u201c. Pour R\u00f6dinghausen, le projet n'est pas seulement synonyme de progr\u00e8s, mais aussi de renforcement de l'infrastructure r\u00e9gionale. L'utilisation de postes de transformation et de stations compactes modernes permet de cr\u00e9er une base s\u00fbre pour l'avenir pour un approvisionnement \u00e9nerg\u00e9tique durable dans la r\u00e9gion.<\/p>\t\t\t\t\t\t\t\t<\/div>\n\t\t\t\t<\/div>\n\t\t\t\t<div class=\"elementor-element elementor-element-1bc36c6 elementor-cta--skin-cover elementor-cta--valign-middle elementor-bg-transform elementor-bg-transform-zoom-in elementor-widget elementor-widget-call-to-action\" data-id=\"1bc36c6\" data-element_type=\"widget\" data-e-type=\"widget\" data-widget_type=\"call-to-action.default\">\n\t\t\t\t<div class=\"elementor-widget-container\">\n\t\t\t\t\t\t\t<div class=\"elementor-cta\">\n\t\t\t\t\t<div class=\"elementor-cta__bg-wrapper\">\n\t\t\t\t<div class=\"elementor-cta__bg elementor-bg\" style=\"background-image: url(https:\/\/faber-etec.de\/wp-content\/uploads\/sites\/3\/2024\/09\/Ladeinfrastruktur-Elektromobilitaet-Trafostation-1024x396.webp);\" role=\"img\" aria-label=\"Poste de transformation avec infrastructure de recharge int\u00e9gr\u00e9e pour v\u00e9hicules \u00e9lectriques\"><\/div>\n\t\t\t\t<div class=\"elementor-cta__bg-overlay\"><\/div>\n\t\t\t<\/div>\n\t\t\t\t\t\t\t<div class=\"elementor-cta__content\">\n\t\t\t\t\n\t\t\t\t\t\t\t\t\t<h4 class=\"elementor-cta__title elementor-cta__content-item elementor-content-item\">\n\t\t\t\t\t\tInfrastructure de recharge\t\t\t\t\t<\/h4>\n\t\t\t\t\n\t\t\t\t\t\t\t\t\t<div class=\"elementor-cta__description elementor-cta__content-item elementor-content-item\">\n\t\t\t\t\t\tNos stations de transformation compactes sont sp\u00e9cialement con\u00e7ues pour alimenter une infrastructure de recharge fiable et performante pour l'\u00e9lectromobilit\u00e9.\t\t\t\t\t<\/div>\n\t\t\t\t\n\t\t\t\t\t\t\t\t\t<div class=\"elementor-cta__button-wrapper elementor-cta__content-item elementor-content-item\">\n\t\t\t\t\t<a class=\"elementor-cta__button elementor-button elementor-size-\" href=\"https:\/\/faber-etec.de\/fr\/e-mobilite\/\" title=\"E Mobilitaet - Stations de transformation pour l&#039;e-mobilit\u00e9\">\n\t\t\t\t\t\tPostes de transformation pour l'e-mobilit\u00e9 <i aria-hidden=\"true\" class=\"fas fa-angle-right\"><\/i>\t\t\t\t\t<\/a>\n\t\t\t\t\t<\/div>\n\t\t\t\t\t\t\t<\/div>\n\t\t\t\t\t\t<\/div>\n\t\t\t\t\t\t<\/div>\n\t\t\t\t<\/div>\n\t\t\t\t<div class=\"elementor-element elementor-element-c1dc583 elementor-widget elementor-widget-text-editor\" data-id=\"c1dc583\" data-element_type=\"widget\" data-e-type=\"widget\" data-widget_type=\"text-editor.default\">\n\t\t\t\t<div class=\"elementor-widget-container\">\n\t\t\t\t\t\t\t\t\t<p>Nos stations de transformation E-Mobility sont sp\u00e9cialement con\u00e7ues pour alimenter en \u00e9nergie de mani\u00e8re fiable les infrastructures de recharge de toutes tailles. Qu'il s'agisse d'un parc de recharge rapide ou d'un site d'entreprise, chaque station de transformation Kompakt est adapt\u00e9e individuellement \u00e0 la puissance requise.<\/p>\t\t\t\t\t\t\t\t<\/div>\n\t\t\t\t<\/div>\n\t\t\t\t<div class=\"elementor-element elementor-element-dbc7c28 elementor-widget-divider--view-line elementor-widget elementor-widget-divider\" data-id=\"dbc7c28\" data-element_type=\"widget\" data-e-type=\"widget\" data-widget_type=\"divider.default\">\n\t\t\t\t<div class=\"elementor-widget-container\">\n\t\t\t\t\t\t\t<div class=\"elementor-divider\">\n\t\t\t<span class=\"elementor-divider-separator\">\n\t\t\t\t\t\t<\/span>\n\t\t<\/div>\n\t\t\t\t\t\t<\/div>\n\t\t\t\t<\/div>\n\t\t\t\t<div class=\"elementor-element elementor-element-3993809 elementor-widget elementor-widget-image\" data-id=\"3993809\" data-element_type=\"widget\" data-e-type=\"widget\" data-widget_type=\"image.default\">\n\t\t\t\t<div class=\"elementor-widget-container\">\n\t\t\t\t\t\t\t\t\t\t\t\t<figure class=\"wp-caption\">\n\t\t\t\t\t\t\t\t\t\t<img decoding=\"async\" src=\"https:\/\/faber-etec.de\/wp-content\/uploads\/sites\/3\/elementor\/thumbs\/montage-pv-module-faber-solartechnik-roedinghausen-rdu6223640mb5qtay6f6104je763jatgl052s6jcso.webp\" title=\"Montage PV R\u00f6dinghausen\" alt=\"Un monteur de Faber Solartechnik monte un panneau solaire \u00e0 R\u00f6dinghausen\" loading=\"lazy\" \/>\t\t\t\t\t\t\t\t\t\t\t<figcaption class=\"widget-image-caption wp-caption-text\">Installation professionnelle des modules solaires par Faber Solartechnik<\/figcaption>\n\t\t\t\t\t\t\t\t\t\t<\/figure>\n\t\t\t\t\t\t\t\t\t<\/div>\n\t\t\t\t<\/div>\n\t\t\t\t<div class=\"elementor-element elementor-element-942924b elementor-widget elementor-widget-heading\" data-id=\"942924b\" data-element_type=\"widget\" data-e-type=\"widget\" data-widget_type=\"heading.default\">\n\t\t\t\t<div class=\"elementor-widget-container\">\n\t\t\t\t\t<h3 class=\"elementor-heading-title elementor-size-default\">La technique de B\u00fcnde : Faber E-Tec et Faber Solartechnik en action<\/h3>\t\t\t\t<\/div>\n\t\t\t\t<\/div>\n\t\t\t\t<div class=\"elementor-element elementor-element-3a4e590 elementor-widget elementor-widget-text-editor\" data-id=\"3a4e590\" data-element_type=\"widget\" data-e-type=\"widget\" data-widget_type=\"text-editor.default\">\n\t\t\t\t<div class=\"elementor-widget-container\">\n\t\t\t\t\t\t\t\t\t<p>Dans ce projet, les composants techniques et les installations proviennent de nos propres rangs :<\/p><ul><li>Faber E-Tec fournit les stations de transformation compactes et la technique de commutation,<\/li><li>Faber Solartechnik r\u00e9alise le montage des modules photovolta\u00efques,<\/li><li>La planification et la direction du projet sont assur\u00e9es par Faber Energy Group.<\/li><\/ul><p><br \/>Ainsi, toute l'infrastructure \u00e9nerg\u00e9tique - de l'installation photovolta\u00efque au raccordement au r\u00e9seau en passant par la station de transformation - est r\u00e9alis\u00e9e par un seul et m\u00eame fournisseur. Des solutions \u00e9prouv\u00e9es de B\u00fcnde sont utilis\u00e9es pour la mise en \u0153uvre : Faber E-Tec fournit les postes compacts de transformation et la technique de commutation, tandis que Faber Solartechnik r\u00e9alise l'installation photovolta\u00efque. Il en r\u00e9sulte des solutions compl\u00e8tes avec une technologie de station compacte parfaitement adapt\u00e9e.<\/p>\t\t\t\t\t\t\t\t<\/div>\n\t\t\t\t<\/div>\n\t\t\t\t<div class=\"elementor-element elementor-element-290b366 elementor-widget elementor-widget-image\" data-id=\"290b366\" data-element_type=\"widget\" data-e-type=\"widget\" data-widget_type=\"image.default\">\n\t\t\t\t<div class=\"elementor-widget-container\">\n\t\t\t\t\t\t\t\t\t\t\t\t<figure class=\"wp-caption\">\n\t\t\t\t\t\t\t\t\t\t<img decoding=\"async\" src=\"https:\/\/faber-etec.de\/wp-content\/uploads\/sites\/3\/elementor\/thumbs\/faber-solartechnik-trafoinstallation-roedinghausen-rdu61el7d5q53hrfre9hso20jkdx6v865rtxs9i748.webp\" title=\"Installation d&#039;une station compacte de transformation \u00e0 R\u00f6dinghausen\" alt=\"Installation photovolta\u00efque au sol \u00e0 R\u00f6dinghausen - Installation d&#039;une station compacte de transformation par Faber Solartechnik\" loading=\"lazy\" \/>\t\t\t\t\t\t\t\t\t\t\t<figcaption class=\"widget-image-caption wp-caption-text\">Montage du poste de transformation par Faber Solartechnik \u00e0 R\u00f6dinghausen<\/figcaption>\n\t\t\t\t\t\t\t\t\t\t<\/figure>\n\t\t\t\t\t\t\t\t\t<\/div>\n\t\t\t\t<\/div>\n\t\t\t\t<div class=\"elementor-element elementor-element-e16096c elementor-widget elementor-widget-image\" data-id=\"e16096c\" data-element_type=\"widget\" data-e-type=\"widget\" data-widget_type=\"image.default\">\n\t\t\t\t<div class=\"elementor-widget-container\">\n\t\t\t\t\t\t\t\t\t\t\t\t<figure class=\"wp-caption\">\n\t\t\t\t\t\t\t\t\t\t<img decoding=\"async\" src=\"https:\/\/faber-etec.de\/wp-content\/uploads\/sites\/3\/elementor\/thumbs\/pv-anlage-roedinghausen-faber-energy-group-rdu628o1fuvbf0jqvr9k0ggrjw9o16jkxwph549ll4.webp\" title=\"Champ solaire de R\u00f6dinghausen\" alt=\"Installation photovolta\u00efque de grande envergure du Faber Energy Group \u00e0 R\u00f6dinghausen\" loading=\"lazy\" \/>\t\t\t\t\t\t\t\t\t\t\t<figcaption class=\"widget-image-caption wp-caption-text\">Grande installation du Faber Energy Group pour la production durable d'\u00e9lectricit\u00e9<\/figcaption>\n\t\t\t\t\t\t\t\t\t\t<\/figure>\n\t\t\t\t\t\t\t\t\t<\/div>\n\t\t\t\t<\/div>\n\t\t\t\t<div class=\"elementor-element elementor-element-a859900 elementor-widget elementor-widget-heading\" data-id=\"a859900\" data-element_type=\"widget\" data-e-type=\"widget\" data-widget_type=\"heading.default\">\n\t\t\t\t<div class=\"elementor-widget-container\">\n\t\t\t\t\t<h3 class=\"elementor-heading-title elementor-size-default\">Perspectives d'avenir : L'\u00e9nergie pour les 30 prochaines ann\u00e9es<\/h3>\t\t\t\t<\/div>\n\t\t\t\t<\/div>\n\t\t\t\t<div class=\"elementor-element elementor-element-e907bb1 elementor-widget elementor-widget-text-editor\" data-id=\"e907bb1\" data-element_type=\"widget\" data-e-type=\"widget\" data-widget_type=\"text-editor.default\">\n\t\t\t\t<div class=\"elementor-widget-container\">\n\t\t\t\t\t\t\t\t\t<p>\u201eLe stockage par batterie est absolument n\u00e9cessaire pour compenser les fluctuations de la production d'\u00e9lectricit\u00e9\u201c, explique le directeur Hermann Kromm. Une fois raccord\u00e9e au r\u00e9seau, l'installation devrait fournir de l'\u00e9lectricit\u00e9 propre pendant au moins 30 ans, apportant ainsi une pr\u00e9cieuse contribution \u00e0 la transition \u00e9nerg\u00e9tique r\u00e9gionale.<br \/><br \/>\u00c0 l'avenir, nous continuerons \u00e0 miser sur des stations de transformation et des stations compactes ultramodernes, con\u00e7ues pour fonctionner de mani\u00e8re fiable pendant des d\u00e9cennies. Chaque poste compact de transformation est con\u00e7u de mani\u00e8re \u00e0 pouvoir \u00eatre \u00e9tendu de mani\u00e8re flexible et adapt\u00e9 aux nouvelles exigences \u00e9nerg\u00e9tiques.<\/p>\t\t\t\t\t\t\t\t<\/div>\n\t\t\t\t<\/div>\n\t\t\t\t<div class=\"elementor-element elementor-element-dae8c1d elementor-widget elementor-widget-image\" data-id=\"dae8c1d\" data-element_type=\"widget\" data-e-type=\"widget\" data-widget_type=\"image.default\">\n\t\t\t\t<div class=\"elementor-widget-container\">\n\t\t\t\t\t\t\t\t\t\t\t\t<figure class=\"wp-caption\">\n\t\t\t\t\t\t\t\t\t\t<img decoding=\"async\" src=\"https:\/\/faber-etec.de\/wp-content\/uploads\/sites\/3\/elementor\/thumbs\/solarpaneele-freiflaechenanlage-roedinghausen-rdu62eb2kv31cobjytpbff1j47hvbd5yyome0s18js.webp\" title=\"Modules photovolta\u00efques R\u00f6dinghausen\" alt=\"Modules PV sur ch\u00e2ssis m\u00e9tallique de l&#039;installation au sol de R\u00f6dinghausen\" loading=\"lazy\" \/>\t\t\t\t\t\t\t\t\t\t\t<figcaption class=\"widget-image-caption wp-caption-text\">Modules solaires de l'installation au sol de R\u00f6dinghausen<\/figcaption>\n\t\t\t\t\t\t\t\t\t\t<\/figure>\n\t\t\t\t\t\t\t\t\t<\/div>\n\t\t\t\t<\/div>\n\t\t\t\t<div class=\"elementor-element elementor-element-d3035dc elementor-widget-divider--view-line elementor-widget elementor-widget-divider\" data-id=\"d3035dc\" data-element_type=\"widget\" data-e-type=\"widget\" data-widget_type=\"divider.default\">\n\t\t\t\t<div class=\"elementor-widget-container\">\n\t\t\t\t\t\t\t<div class=\"elementor-divider\">\n\t\t\t<span class=\"elementor-divider-separator\">\n\t\t\t\t\t\t<\/span>\n\t\t<\/div>\n\t\t\t\t\t\t<\/div>\n\t\t\t\t<\/div>\n\t\t\t\t<div class=\"elementor-element elementor-element-6654162 elementor-widget elementor-widget-heading\" data-id=\"6654162\" data-element_type=\"widget\" data-e-type=\"widget\" data-widget_type=\"heading.default\">\n\t\t\t\t<div class=\"elementor-widget-container\">\n\t\t\t\t\t<h2 class=\"elementor-heading-title elementor-size-default\">Acheter un transformateur compact<\/h2>\t\t\t\t<\/div>\n\t\t\t\t<\/div>\n\t\t\t\t<div class=\"elementor-element elementor-element-114bf74 elementor-widget elementor-widget-text-editor\" data-id=\"114bf74\" data-element_type=\"widget\" data-e-type=\"widget\" data-widget_type=\"text-editor.default\">\n\t\t\t\t<div class=\"elementor-widget-container\">\n\t\t\t\t\t\t\t\t\t<p data-start=\"471\" data-end=\"797\">Chez Faber E-Tec, nous d\u00e9veloppons et fabriquons <strong>Postes de transformation<\/strong> et <strong>Postes de transformation compacts<\/strong>, Les solutions d'\u00e9nergie renouvelable sont con\u00e7ues pour s'adapter \u00e0 presque tous les sc\u00e9narios et toutes les applications \u00e9nerg\u00e9tiques, des parcs photovolta\u00efques et \u00e9oliens aux installations industrielles et aux projets d'e-mobilit\u00e9. <strong>BESS<\/strong>-(<strong>Syst\u00e8mes de stockage d'\u00e9nergie par batterie<\/strong>).<\/p><p data-start=\"799\" data-end=\"987\">Nos solutions sont planifi\u00e9es individuellement, livr\u00e9es pr\u00eates \u00e0 \u00eatre mont\u00e9es et garantissent une fiabilit\u00e9 maximale - Made in Germany, de la <strong>Moyenne tension<\/strong> jusqu'au dernier connecteur.<\/p>\t\t\t\t\t\t\t\t<\/div>\n\t\t\t\t<\/div>\n\t\t\t\t<div class=\"elementor-element elementor-element-179a70c elementor-cta--skin-cover elementor-cta--valign-middle elementor-bg-transform elementor-bg-transform-zoom-in elementor-widget elementor-widget-call-to-action\" data-id=\"179a70c\" data-element_type=\"widget\" data-e-type=\"widget\" data-widget_type=\"call-to-action.default\">\n\t\t\t\t<div class=\"elementor-widget-container\">\n\t\t\t\t\t\t\t<div class=\"elementor-cta\">\n\t\t\t\t\t<div class=\"elementor-cta__bg-wrapper\">\n\t\t\t\t<div class=\"elementor-cta__bg elementor-bg\" style=\"background-image: url(https:\/\/faber-etec.de\/wp-content\/uploads\/sites\/3\/2025\/02\/Solartechnik-in-der-Region-NRW-_r1_c1-1024x443.jpg);\" role=\"img\" aria-label=\"Des ouvriers qualifi\u00e9s montent un poste de transformation dans un hall de production avec une grue.\"><\/div>\n\t\t\t\t<div class=\"elementor-cta__bg-overlay\"><\/div>\n\t\t\t<\/div>\n\t\t\t\t\t\t\t<div class=\"elementor-cta__content\">\n\t\t\t\t\n\t\t\t\t\t\t\t\t\t<h4 class=\"elementor-cta__title elementor-cta__content-item elementor-content-item\">\n\t\t\t\t\t\tPostes de transformation compacts\t\t\t\t\t<\/h4>\n\t\t\t\t\n\t\t\t\t\n\t\t\t\t\t\t\t\t\t<div class=\"elementor-cta__button-wrapper elementor-cta__content-item elementor-content-item\">\n\t\t\t\t\t<a class=\"elementor-cta__button elementor-button elementor-size-\" href=\"https:\/\/faber-etec.de\/fr\/station-du-parc-solaire\/\" title=\"Station pour parc solaire - Stations de transformation pour parc solaire\">\n\t\t\t\t\t\tPostes de transformation pour parc solaire <i aria-hidden=\"true\" class=\"fas fa-angle-right\"><\/i>\t\t\t\t\t<\/a>\n\t\t\t\t\t<\/div>\n\t\t\t\t\t\t\t<\/div>\n\t\t\t\t\t\t<\/div>\n\t\t\t\t\t\t<\/div>\n\t\t\t\t<\/div>\n\t\t\t\t<div class=\"elementor-element elementor-element-852a697 elementor-widget-divider--view-line elementor-widget elementor-widget-divider\" data-id=\"852a697\" data-element_type=\"widget\" data-e-type=\"widget\" data-widget_type=\"divider.default\">\n\t\t\t\t<div class=\"elementor-widget-container\">\n\t\t\t\t\t\t\t<div class=\"elementor-divider\">\n\t\t\t<span class=\"elementor-divider-separator\">\n\t\t\t\t\t\t<\/span>\n\t\t<\/div>\n\t\t\t\t\t\t<\/div>\n\t\t\t\t<\/div>\n\t\t\t\t<div class=\"elementor-element elementor-element-15733a3 elementor-widget elementor-widget-heading\" data-id=\"15733a3\" data-element_type=\"widget\" data-e-type=\"widget\" data-widget_type=\"heading.default\">\n\t\t\t\t<div class=\"elementor-widget-container\">\n\t\t\t\t\t<h3 class=\"elementor-heading-title elementor-size-default\">Une \u00e9nergie durable - directement issue de notre r\u00e9gion !<\/h3>\t\t\t\t<\/div>\n\t\t\t\t<\/div>\n\t\t\t\t<div class=\"elementor-element elementor-element-276c4e3 elementor-widget elementor-widget-text-editor\" data-id=\"276c4e3\" data-element_type=\"widget\" data-e-type=\"widget\" data-widget_type=\"text-editor.default\">\n\t\t\t\t<div class=\"elementor-widget-container\">\n\t\t\t\t\t\t\t\t\t<p>Une \u00e9nergie durable directement issue de notre r\u00e9gion - un projet qui nous tient particuli\u00e8rement \u00e0 c\u0153ur. \ud83d\udc9a Une nouvelle installation photovolta\u00efque au sol, planifi\u00e9e et r\u00e9alis\u00e9e par le Faber Energy Group de B\u00fcnde, est actuellement en construction \u00e0 R\u00f6dinghausen. \u00c0 quelques minutes seulement de notre si\u00e8ge social, c'est un pas de plus vers un approvisionnement \u00e9nerg\u00e9tique propre et r\u00e9gional qui est en train de voir le jour. En collaboration avec la commune de R\u00f6dinghausen, nous cr\u00e9ons un lien entre le progr\u00e8s et la patrie - avec une \u00e9nergie qui reste. \u26a1<\/p>\t\t\t\t\t\t\t\t<\/div>\n\t\t\t\t<\/div>\n\t\t\t\t<div class=\"elementor-element elementor-element-35fa48d elementor-widget elementor-widget-button\" data-id=\"35fa48d\" data-element_type=\"widget\" data-e-type=\"widget\" data-widget_type=\"button.default\">\n\t\t\t\t<div class=\"elementor-widget-container\">\n\t\t\t\t\t\t\t\t\t<div class=\"elementor-button-wrapper\">\n\t\t\t\t\t<a class=\"elementor-button elementor-button-link elementor-size-sm\" href=\"https:\/\/www.roedinghausen.de\/\" title=\" - www.roedinghausen.de\" target=\"_blank\" rel=\"noopener\">\n\t\t\t\t\t\t<span class=\"elementor-button-content-wrapper\">\n\t\t\t\t\t\t<span class=\"elementor-button-icon\">\n\t\t\t\t<i aria-hidden=\"true\" class=\"fas fa-globe\"><\/i>\t\t\t<\/span>\n\t\t\t\t\t\t\t\t\t<span class=\"elementor-button-text\">www.roedinghausen.de<\/span>\n\t\t\t\t\t<\/span>\n\t\t\t\t\t<\/a>\n\t\t\t\t<\/div>\n\t\t\t\t\t\t\t\t<\/div>\n\t\t\t\t<\/div>\n\t\t\t\t<div class=\"elementor-element elementor-element-b79da6a elementor-widget elementor-widget-image\" data-id=\"b79da6a\" data-element_type=\"widget\" data-e-type=\"widget\" data-widget_type=\"image.default\">\n\t\t\t\t<div class=\"elementor-widget-container\">\n\t\t\t\t\t\t\t\t\t\t\t\t<figure class=\"wp-caption\">\n\t\t\t\t\t\t\t\t\t\t<img decoding=\"async\" src=\"https:\/\/faber-etec.de\/wp-content\/uploads\/sites\/3\/elementor\/thumbs\/faber-solartechnik-monteure-installation-pv-anlage-roedinghausen-rdu6172huhfuim2czb0h8pybshezhaebgqm1y1tci0.webp\" title=\"Travail d&#039;\u00e9quipe chez PV-Montage R\u00f6dinghausen\" alt=\"Deux monteurs de Faber Solartechnik installent des modules solaires sur un ch\u00e2ssis\" loading=\"lazy\" \/>\t\t\t\t\t\t\t\t\t\t\t<figcaption class=\"widget-image-caption wp-caption-text\">Les employ\u00e9s de Faber Solartechnik montent les modules de l'installation au sol<\/figcaption>\n\t\t\t\t\t\t\t\t\t\t<\/figure>\n\t\t\t\t\t\t\t\t\t<\/div>\n\t\t\t\t<\/div>\n\t\t\t\t<div class=\"elementor-element elementor-element-7b912f7 elementor-widget-divider--view-line elementor-widget elementor-widget-divider\" data-id=\"7b912f7\" data-element_type=\"widget\" data-e-type=\"widget\" data-widget_type=\"divider.default\">\n\t\t\t\t<div class=\"elementor-widget-container\">\n\t\t\t\t\t\t\t<div class=\"elementor-divider\">\n\t\t\t<span class=\"elementor-divider-separator\">\n\t\t\t\t\t\t<\/span>\n\t\t<\/div>\n\t\t\t\t\t\t<\/div>\n\t\t\t\t<\/div>\n\t\t\t\t<div class=\"elementor-element elementor-element-a705df6 elementor-widget elementor-widget-heading\" data-id=\"a705df6\" data-element_type=\"widget\" data-e-type=\"widget\" data-widget_type=\"heading.default\">\n\t\t\t\t<div class=\"elementor-widget-container\">\n\t\t\t\t\t<h3 class=\"elementor-heading-title elementor-size-default\">Article de la Neue Westf\u00e4lische<\/h3>\t\t\t\t<\/div>\n\t\t\t\t<\/div>\n\t\t\t\t<div class=\"elementor-element elementor-element-d740931 elementor-widget elementor-widget-text-editor\" data-id=\"d740931\" data-element_type=\"widget\" data-e-type=\"widget\" data-widget_type=\"text-editor.default\">\n\t\t\t\t<div class=\"elementor-widget-container\">\n\t\t\t\t\t\t\t\t\t<p>Le journal Neue Westf\u00e4lische a \u00e9galement publi\u00e9 un article sur le champ solaire de R\u00f6dinghausen, un projet passionnant auquel participe le Faber Energy Group.<\/p>\t\t\t\t\t\t\t\t<\/div>\n\t\t\t\t<\/div>\n\t\t\t\t<div class=\"elementor-element elementor-element-0a027ee elementor-align-left elementor-widget elementor-widget-button\" data-id=\"0a027ee\" data-element_type=\"widget\" data-e-type=\"widget\" data-widget_type=\"button.default\">\n\t\t\t\t<div class=\"elementor-widget-container\">\n\t\t\t\t\t\t\t\t\t<div class=\"elementor-button-wrapper\">\n\t\t\t\t\t<a class=\"elementor-button elementor-button-link elementor-size-sm\" href=\"https:\/\/www.nw.de\/lokal\/kreis_herford\/roedinghausen\/24200531_Solarfeld-in-Roedinghausen-soll-im-November-Strom-liefern.html\" title=\"24200531 Le champ solaire de Roedinghausen devrait fournir de l&#039;\u00e9lectricit\u00e9 en novembre.html - Le champ solaire de R\u00f6dinghausen devrait fournir de l&#039;\u00e9lectricit\u00e9 en novembre\" target=\"_blank\" rel=\"noopener\">\n\t\t\t\t\t\t<span class=\"elementor-button-content-wrapper\">\n\t\t\t\t\t\t<span class=\"elementor-button-icon\">\n\t\t\t\t<i aria-hidden=\"true\" class=\"fas fa-link\"><\/i>\t\t\t<\/span>\n\t\t\t\t\t\t\t\t\t<span class=\"elementor-button-text\">Le champ solaire de R\u00f6dinghausen devrait fournir de l'\u00e9lectricit\u00e9 en novembre<\/span>\n\t\t\t\t\t<\/span>\n\t\t\t\t\t<\/a>\n\t\t\t\t<\/div>\n\t\t\t\t\t\t\t\t<\/div>\n\t\t\t\t<\/div>\n\t\t\t\t<\/div>\n\t\t\t\t<\/div>","protected":false},"excerpt":{"rendered":"<p>Gr\u00e2ce \u00e0 la station compacte de transformation de haute qualit\u00e9 de Faber E-Tec, la ville est aliment\u00e9e en \u00e9nergie de mani\u00e8re fiable.<\/p>","protected":false},"author":2,"featured_media":15996,"comment_status":"closed","ping_status":"open","sticky":false,"template":"","format":"standard","meta":{"_acf_changed":false,"footnotes":""},"categories":[1,9],"tags":[75,48,38,34],"class_list":["post-15995","post","type-post","status-publish","format-standard","has-post-thumbnail","hentry","category-news","category-projekte","tag-bess","tag-energieversorgung","tag-photovoltaik","tag-solarpark"],"acf":[],"_links":{"self":[{"href":"https:\/\/faber-etec.de\/fr\/wp-json\/wp\/v2\/posts\/15995","targetHints":{"allow":["GET"]}}],"collection":[{"href":"https:\/\/faber-etec.de\/fr\/wp-json\/wp\/v2\/posts"}],"about":[{"href":"https:\/\/faber-etec.de\/fr\/wp-json\/wp\/v2\/types\/post"}],"author":[{"embeddable":true,"href":"https:\/\/faber-etec.de\/fr\/wp-json\/wp\/v2\/users\/2"}],"replies":[{"embeddable":true,"href":"https:\/\/faber-etec.de\/fr\/wp-json\/wp\/v2\/comments?post=15995"}],"version-history":[{"count":16,"href":"https:\/\/faber-etec.de\/fr\/wp-json\/wp\/v2\/posts\/15995\/revisions"}],"predecessor-version":[{"id":16026,"href":"https:\/\/faber-etec.de\/fr\/wp-json\/wp\/v2\/posts\/15995\/revisions\/16026"}],"wp:featuredmedia":[{"embeddable":true,"href":"https:\/\/faber-etec.de\/fr\/wp-json\/wp\/v2\/media\/15996"}],"wp:attachment":[{"href":"https:\/\/faber-etec.de\/fr\/wp-json\/wp\/v2\/media?parent=15995"}],"wp:term":[{"taxonomy":"category","embeddable":true,"href":"https:\/\/faber-etec.de\/fr\/wp-json\/wp\/v2\/categories?post=15995"},{"taxonomy":"post_tag","embeddable":true,"href":"https:\/\/faber-etec.de\/fr\/wp-json\/wp\/v2\/tags?post=15995"}],"curies":[{"name":"wp","href":"https:\/\/api.w.org\/{rel}","templated":true}]}}