{"id":16033,"date":"2025-10-28T00:01:25","date_gmt":"2025-10-27T23:01:25","guid":{"rendered":"https:\/\/faber-etec.de\/?p=16033"},"modified":"2025-10-29T18:22:56","modified_gmt":"2025-10-29T17:22:56","slug":"trafostation-kaufen","status":"publish","type":"post","link":"https:\/\/faber-etec.de\/fr\/news\/trafostation-kaufen\/","title":{"rendered":"Acheter un poste de transformation"},"content":{"rendered":"<div data-elementor-type=\"wp-post\" data-elementor-id=\"16033\" class=\"elementor elementor-16033\" data-elementor-post-type=\"post\">\n\t\t\t\t<div class=\"elementor-element elementor-element-4ceef313 e-flex e-con-boxed e-con e-parent\" data-id=\"4ceef313\" data-element_type=\"container\" data-e-type=\"container\">\n\t\t\t\t\t<div class=\"e-con-inner\">\n\t\t\t\t<div class=\"elementor-element elementor-element-f3a1609 elementor-widget elementor-widget-text-editor\" data-id=\"f3a1609\" data-element_type=\"widget\" data-e-type=\"widget\" data-widget_type=\"text-editor.default\">\n\t\t\t\t<div class=\"elementor-widget-container\">\n\t\t\t\t\t\t\t\t\t<h2 class=\"wp-block-heading\">Acheter un poste de transformation - Postes compacts du fabricant Faber E-Tec<\/h2>\n<p><!-- \/wp:heading --><!-- wp:paragraph --><\/p>\n<p>Lorsque vous souhaitez acheter un poste compact, la fiabilit\u00e9, la s\u00e9curit\u00e9 et la long\u00e9vit\u00e9 sont primordiales. Faber E-Tec est votre fabricant de postes de transformation exp\u00e9riment\u00e9 pour les postes de transformation compacts sur mesure et les postes de transformation en b\u00e9ton robuste.<\/p>\n<p><!-- \/wp:paragraph --><!-- wp:paragraph --><\/p>\n<p>Nos stations compactes r\u00e9pondent aux normes de qualit\u00e9 et de s\u00e9curit\u00e9 les plus \u00e9lev\u00e9es selon VDE et IEC et offrent une solution efficace pour l'industrie, le commerce, l'infrastructure de recharge et les installations photovolta\u00efques. Qu'il s'agisse d'une station compacte ou d'une station de transfert, nous fournissons une technique \u201eMade in Germany\u201c qui convainc.<\/p>\t\t\t\t\t\t\t\t<\/div>\n\t\t\t\t<\/div>\n\t\t\t\t<div class=\"elementor-element elementor-element-983a1e4 elementor-widget elementor-widget-text-editor\" data-id=\"983a1e4\" data-element_type=\"widget\" data-e-type=\"widget\" data-widget_type=\"text-editor.default\">\n\t\t\t\t<div class=\"elementor-widget-container\">\n\t\t\t\t\t\t\t\t\t<h3 class=\"wp-block-heading\">Pourquoi acheter une station compacte de transformation plut\u00f4t que de la louer ?<\/h3>\n<p><!-- \/wp:heading --><!-- wp:paragraph --><\/p>\n<p>L'achat d'un poste compact de transformation est un investissement dans l'ind\u00e9pendance et l'efficacit\u00e9. Contrairement \u00e0 la location, vous vous assurez une s\u00e9curit\u00e9 de planification \u00e0 long terme et \u00e9conomisez des co\u00fbts r\u00e9currents. Une propre station de transformation \/ de transfert assure un approvisionnement en \u00e9nergie stable, une adaptation individuelle et des possibilit\u00e9s d'extension flexibles.<\/p>\n<p><!-- \/wp:paragraph --><!-- wp:paragraph --><\/p>\n<p>L'achat d'un poste de transformation compact est particuli\u00e8rement int\u00e9ressant pour les entreprises disposant d'installations photovolta\u00efques, de points de recharge pour l'\u00e9lectromobilit\u00e9 ou d'installations industrielles. Profitez de notre exp\u00e9rience en tant que fabricant de stations de transformation, qui adapte chaque station exactement \u00e0 vos exigences en mati\u00e8re de r\u00e9seau et de puissance.<\/p>\t\t\t\t\t\t\t\t<\/div>\n\t\t\t\t<\/div>\n\t\t\t\t<div class=\"elementor-element elementor-element-8aa1da1 elementor-cta--skin-cover elementor-cta--valign-middle elementor-bg-transform elementor-bg-transform-zoom-in elementor-widget elementor-widget-call-to-action\" data-id=\"8aa1da1\" data-element_type=\"widget\" data-e-type=\"widget\" data-widget_type=\"call-to-action.default\">\n\t\t\t\t<div class=\"elementor-widget-container\">\n\t\t\t\t\t\t\t<div class=\"elementor-cta\">\n\t\t\t\t\t<div class=\"elementor-cta__bg-wrapper\">\n\t\t\t\t<div class=\"elementor-cta__bg elementor-bg\" style=\"background-image: url(https:\/\/faber-etec.de\/wp-content\/uploads\/sites\/3\/2025\/02\/Solartechnik-in-der-Region-NRW-_r1_c1-1024x443.jpg);\" role=\"img\" aria-label=\"Des ouvriers qualifi\u00e9s montent un poste de transformation dans un hall de production avec une grue.\"><\/div>\n\t\t\t\t<div class=\"elementor-cta__bg-overlay\"><\/div>\n\t\t\t<\/div>\n\t\t\t\t\t\t\t<div class=\"elementor-cta__content\">\n\t\t\t\t\n\t\t\t\t\t\t\t\t\t<h3 class=\"elementor-cta__title elementor-cta__content-item elementor-content-item\">\n\t\t\t\t\t\tPostes de transformation compacts\t\t\t\t\t<\/h3>\n\t\t\t\t\n\t\t\t\t\n\t\t\t\t\t\t\t\t\t<div class=\"elementor-cta__button-wrapper elementor-cta__content-item elementor-content-item\">\n\t\t\t\t\t<a class=\"elementor-cta__button elementor-button elementor-size-\"  href=\"https:\/\/faber-etec.de\/fr\/station-du-parc-solaire\/\" title=\"Station pour parc solaire - Stations de transformation pour parc solaire\">\n\t\t\t\t\t\tPostes de transformation pour parc solaire <i aria-hidden=\"true\" class=\"fas fa-angle-right\"><\/i>\t\t\t\t\t<\/a>\n\t\t\t\t\t<\/div>\n\t\t\t\t\t\t\t<\/div>\n\t\t\t\t\t\t<\/div>\n\t\t\t\t\t\t<\/div>\n\t\t\t\t<\/div>\n\t\t\t\t<div class=\"elementor-element elementor-element-6ebecd8 elementor-widget elementor-widget-image\" data-id=\"6ebecd8\" data-element_type=\"widget\" data-e-type=\"widget\" data-widget_type=\"image.default\">\n\t\t\t\t<div class=\"elementor-widget-container\">\n\t\t\t\t\t\t\t\t\t\t\t\t<figure class=\"wp-caption\">\n\t\t\t\t\t\t\t\t\t\t<img decoding=\"async\" src=\"https:\/\/faber-etec.de\/wp-content\/uploads\/sites\/3\/elementor\/thumbs\/Trafostation-kaufen-\u2013-Kompaktstation-Trafo-vom-Hersteller-Faber-E-Tec-scaled-rdukjyz0fnjfknqncmzk3epoh6fbcbak2d21fs1vgc.webp\" title=\"Acheter un poste de transformation - poste compact &amp; transformateur du fabricant Faber E-Tec\" alt=\"Acheter un poste de transformation directement aupr\u00e8s du fabricant Faber E-Tec.Transformateurs compacts et postes compacts pour l&#039;industrie, le solaire et l&#039;e-mobilit\u00e9. Demandez une offre maintenant !\" loading=\"lazy\" \/>\t\t\t\t\t\t\t\t\t\t\t<figcaption class=\"widget-image-caption wp-caption-text\">Acheter un poste de transformation directement aupr\u00e8s du fabricant Faber E-Tec.\nTransformateurs compacts et stations compactes pour l'industrie, le solaire et l'e-mobilit\u00e9. Demandez une offre maintenant !<\/figcaption>\n\t\t\t\t\t\t\t\t\t\t<\/figure>\n\t\t\t\t\t\t\t\t\t<\/div>\n\t\t\t\t<\/div>\n\t\t\t\t<div class=\"elementor-element elementor-element-d86b422 elementor-widget elementor-widget-text-editor\" data-id=\"d86b422\" data-element_type=\"widget\" data-e-type=\"widget\" data-widget_type=\"text-editor.default\">\n\t\t\t\t<div class=\"elementor-widget-container\">\n\t\t\t\t\t\t\t\t\t<h2 class=\"wp-block-heading\">Quelle station Trafo Kompakt convient \u00e0 votre projet ?<\/h2>\n<p><!-- \/wp:heading --><!-- wp:paragraph --><\/p>\n<p>Chaque projet n\u00e9cessite un poste de transformation d'une puissance, d'une taille et d'un type sp\u00e9cifiques. Nous fabriquons des postes compacts, des maisons de transformation et des postes de transformation de diff\u00e9rentes dimensions et tailles - de 250 kVA \u00e0 630 kVA en passant par 400 kVA. Qu'il s'agisse d'un poste compact de 250 kVA, d'un poste compact de 400 kVA ou d'un poste compact de 630 kVA, nous configurons l'installation exactement selon vos besoins. Nos stations de transformation sont modulaires, con\u00e7ues pour une utilisation en ext\u00e9rieur et, au choix, accessibles ou mobiles. Vous pouvez \u00e9galement louer chez nous des postes de transformation mobiles, par exemple pour des projets temporaires \u00e0 Viersen ou dans toute l'Allemagne.<\/p>\t\t\t\t\t\t\t\t<\/div>\n\t\t\t\t<\/div>\n\t\t\t\t<div class=\"elementor-element elementor-element-7eb5feb elementor-widget elementor-widget-text-editor\" data-id=\"7eb5feb\" data-element_type=\"widget\" data-e-type=\"widget\" data-widget_type=\"text-editor.default\">\n\t\t\t\t<div class=\"elementor-widget-container\">\n\t\t\t\t\t\t\t\t\t<h3 class=\"wp-block-heading\">\u00c9quipement et construction de votre station compacte<\/h3>\n<p><!-- \/wp:heading --><!-- wp:paragraph --><\/p>\n<p>Nos stations de transformation impressionnent par leur design bien pens\u00e9 :<\/p>\n<p><!-- \/wp:paragraph --><!-- wp:list --><\/p>\n<ul class=\"wp-block-list\">\n<li style=\"list-style-type: none;\">\n<ul class=\"wp-block-list\"><!-- wp:list-item --><\/ul>\n<\/li>\n<\/ul>\n<ul>\n<li>Maison de transformateur en b\u00e9ton, r\u00e9sistante aux intemp\u00e9ries<!-- \/wp:list-item --><!-- wp:list-item --><\/li>\n<li>Une ventilation efficace pour un refroidissement optimal<!-- \/wp:list-item --><!-- wp:list-item --><\/li>\n<li>Distribution basse tension int\u00e9gr\u00e9e pour une distribution d'\u00e9nergie s\u00fbre<!-- \/wp:list-item --><!-- wp:list-item --><\/li>\n<li>En option : transformateur de moyenne tension, transformateur de haute tension 10 kV, connexions de donn\u00e9es et syst\u00e8mes de surveillance<\/li>\n<\/ul>\n<p><!-- \/wp:list-item --><\/p>\n<p><!-- \/wp:list --><!-- wp:paragraph --><\/p>\n<p>Nous proposons des solutions sur mesure pour les postes de transformation, y compris des tailles individuelles et des adaptations techniques \u00e0 votre environnement r\u00e9seau.<\/p>\t\t\t\t\t\t\t\t<\/div>\n\t\t\t\t<\/div>\n\t\t\t\t<div class=\"elementor-element elementor-element-a193d52 elementor-widget elementor-widget-image\" data-id=\"a193d52\" data-element_type=\"widget\" data-e-type=\"widget\" data-widget_type=\"image.default\">\n\t\t\t\t<div class=\"elementor-widget-container\">\n\t\t\t\t\t\t\t\t\t\t\t\t<figure class=\"wp-caption\">\n\t\t\t\t\t\t\t\t\t\t<img decoding=\"async\" src=\"https:\/\/faber-etec.de\/wp-content\/uploads\/sites\/3\/elementor\/thumbs\/trafostation-montage-bess-solarpark-speicher-pv-scaled-r934hra81lya4874hlus3qi8urpymk5hszigi09ll4.avif\" title=\"Acheter maintenant : mise en service rapide d&#039;un poste de transformation BESS\" alt=\"Installation d&#039;un poste de transformation compact pour syst\u00e8mes de stockage par batterie (BESS) par grue - solution de transformation compatible avec le r\u00e9seau \u00e9lectrique avec 400V, 690V ou 800V pour peak-shading, installations PV hybrides, puissance de r\u00e9gulation et infrastructure de stockage industrielle.\" loading=\"lazy\" \/>\t\t\t\t\t\t\t\t\t\t\t<figcaption class=\"widget-image-caption wp-caption-text\">D\u00e9couvrez des stations compactes &amp; des transformateurs efficaces directement du fabricant.\nFaber E-Tec est synonyme de qualit\u00e9, de s\u00e9curit\u00e9 et de comp\u00e9tence \u00e9nerg\u00e9tique - Made in Germany.<\/figcaption>\n\t\t\t\t\t\t\t\t\t\t<\/figure>\n\t\t\t\t\t\t\t\t\t<\/div>\n\t\t\t\t<\/div>\n\t\t\t\t<div class=\"elementor-element elementor-element-44ebb888 elementor-widget elementor-widget-text-editor\" data-id=\"44ebb888\" data-element_type=\"widget\" data-e-type=\"widget\" data-widget_type=\"text-editor.default\">\n\t\t\t\t<div class=\"elementor-widget-container\">\n\t\t\t\t\t\t\t\t\t<h2>Le d\u00e9roulement - Voici comment se d\u00e9roule l'achat de votre poste de transformation<\/h2>\n<p><!-- \/wp:paragraph --><!-- wp:heading --><\/p>\n<p><!-- \/wp:paragraph --><!-- wp:heading --><\/p>\n<p><!-- \/wp:heading --><!-- wp:paragraph --><\/p>\n<p>Si vous souhaitez acheter un poste de transformation, nous vous proposons des solutions compactes sp\u00e9cialement con\u00e7ues pour l'industrie. Qu'il s'agisse d'une station compacte ou d'un poste de transformation, nous sommes \u00e0 vos c\u00f4t\u00e9s de la demande \u00e0 la mise en service. Notre liste de prix des postes de transformation Komapt et les informations sur les dimensions et les tailles vous aideront \u00e0 faire votre choix. En \u00e9troite collaboration avec les principaux fabricants de postes de transformation, nous garantissons une qualit\u00e9 maximale.<\/p>\n<p><!-- \/wp:paragraph --><!-- wp:paragraph --><\/p>\n<p>Nos stations compactes, comme les mod\u00e8les 630 kVA et 400 kVA, sont adaptables en toute flexibilit\u00e9 \u00e0 vos besoins. Si n\u00e9cessaire, vous pouvez \u00e9galement acheter un transformateur d'occasion pour r\u00e9duire les co\u00fbts. Gr\u00e2ce \u00e0 une planification optimis\u00e9e et \u00e0 des solutions individuelles, y compris la ventilation et l'\u00e9quipement, nous r\u00e9duisons vos \u201eco\u00fbts de poste de transformation\u201c. Profitez de notre service complet pour votre station moyenne tension et assurez-vous un approvisionnement \u00e9nerg\u00e9tique efficace.<\/p>\n<p><!-- \/wp:paragraph --><!-- wp:heading --><\/p>\n<p><!-- \/wp:paragraph --><\/p>\t\t\t\t\t\t\t\t<\/div>\n\t\t\t\t<\/div>\n\t\t\t\t<div class=\"elementor-element elementor-element-87ce7a5 elementor-widget elementor-widget-text-editor\" data-id=\"87ce7a5\" data-element_type=\"widget\" data-e-type=\"widget\" data-widget_type=\"text-editor.default\">\n\t\t\t\t<div class=\"elementor-widget-container\">\n\t\t\t\t\t\t\t\t\t<h3 class=\"wp-block-heading\">Vos avantages avec nous en tant que fabricant<\/h3>\n<p><!-- \/wp:heading --><!-- wp:paragraph --><\/p>\n<p>Lorsque vous achetez un poste de transformation pour l'industrie, vous disposez de nombreuses options. Vous pouvez acheter un poste de transformation ou choisir une solution compacte en b\u00e9ton pour une utilisation en ext\u00e9rieur. Nos stations de transformation sont conformes aux normes VDE et CEI afin de garantir un flux d'\u00e9nergie s\u00fbr. Un interlocuteur vous accompagne de la planification au service apr\u00e8s-vente. Dans la liste de prix, vous trouverez diff\u00e9rents mod\u00e8les, comme des stations compactes de 400 kVA. Le prix de la station compacte de transformation varie en fonction de l'\u00e9quipement. Gr\u00e2ce \u00e0 notre propre production, nous offrons des d\u00e9lais de livraison courts et un design facile \u00e0 entretenir. Que vous ayez besoin d'un poste de transformation d'occasion ou d'un nouveau poste compact, nous proposons des solutions sur mesure. Des fabricants de postes de transformation r\u00e9put\u00e9s garantissent la qualit\u00e9. Informez-vous sur les dimensions des postes de transformation et les co\u00fbts de votre poste compact de transformation. Faites confiance \u00e0 des fabricants de postes de transformation exp\u00e9riment\u00e9s pour la fiabilit\u00e9 et la s\u00e9curit\u00e9.<\/p>\t\t\t\t\t\t\t\t<\/div>\n\t\t\t\t<\/div>\n\t\t\t\t<div class=\"elementor-element elementor-element-8e379ec elementor-widget elementor-widget-image\" data-id=\"8e379ec\" data-element_type=\"widget\" data-e-type=\"widget\" data-widget_type=\"image.default\">\n\t\t\t\t<div class=\"elementor-widget-container\">\n\t\t\t\t\t\t\t\t\t\t\t\t<figure class=\"wp-caption\">\n\t\t\t\t\t\t\t\t\t\t<img decoding=\"async\" src=\"https:\/\/faber-etec.de\/wp-content\/uploads\/sites\/3\/elementor\/thumbs\/herstellung-betonkoerper-kompakttrafostation-r6sdbe21qca8vbc9b1n8szqup34pklmm8ycccxgebs.jpg\" title=\"Poste de transformation en b\u00e9ton - R\u00e9alisation d&#039;un corps en b\u00e9ton pour un poste de transformation compact\" alt=\"Poste de transformation Construction en b\u00e9ton - Corps en b\u00e9ton d&#039;un poste de transformation compact pendant le coulage avec coffrage et armature apparents\" loading=\"lazy\" \/>\t\t\t\t\t\t\t\t\t\t\t<figcaption class=\"widget-image-caption wp-caption-text\">Poste de transformation en b\u00e9ton - Aper\u00e7u du processus de construction : c'est ainsi que na\u00eet le corps massif en b\u00e9ton pour un poste de transformation compact.<\/figcaption>\n\t\t\t\t\t\t\t\t\t\t<\/figure>\n\t\t\t\t\t\t\t\t\t<\/div>\n\t\t\t\t<\/div>\n\t\t\t\t<div class=\"elementor-element elementor-element-72b414d elementor-widget elementor-widget-text-editor\" data-id=\"72b414d\" data-element_type=\"widget\" data-e-type=\"widget\" data-widget_type=\"text-editor.default\">\n\t\t\t\t<div class=\"elementor-widget-container\">\n\t\t\t\t\t\t\t\t\t<h2 class=\"wp-block-heading\">Facteurs de co\u00fbts &amp; planification budg\u00e9taire<\/h2>\n<p>Si vous souhaitez acheter un poste de transformation, nous vous proposons des solutions sur mesure et compactes pour l'industrie. Nos fabricants de stations compactes sont sp\u00e9cialis\u00e9s dans la minimisation de l'espace n\u00e9cessaire tout en maximisant la performance de la station compacte. Le co\u00fbt d'une station de transformation peut varier en fonction des besoins sp\u00e9cifiques et de l'\u00e9quipement de la station de transformation.<\/p>\n<p>Nous mettons \u00e0 votre disposition des informations compl\u00e8tes, comme la fiche technique du transformateur moyenne tension, afin que vous puissiez faire le bon choix. Que vous cherchiez \u00e0 vendre un poste de transformation ou que vous ayez besoin d'un nouveau poste compact de transformation, nos solutions sont polyvalentes. Des petites tailles de transformateurs aux unit\u00e9s plus grandes, nous proposons une large gamme d'options. Nos mod\u00e8les de construction en b\u00e9ton pour transformateurs garantissent durabilit\u00e9 et stabilit\u00e9. Faites confiance \u00e0 notre expertise pour vos besoins industriels.<\/p>\n<p>Dans l'industrie, l'achat d'un poste de transformation adapt\u00e9 est crucial pour r\u00e9pondre \u00e0 des besoins sp\u00e9cifiques. Les stations compactes offrent des solutions efficaces et peu encombrantes. Pour les besoins temporaires, il est \u00e9galement possible de louer une station de transformation mobile. Cette flexibilit\u00e9 permet de s'adapter rapidement \u00e0 l'\u00e9volution des besoins. Notre service de vente directe propose des conditions \u00e9quitables et des offres sur mesure. Faites confiance \u00e0 notre expertise et \u00e0 la qualit\u00e9 de nos stations de transformation robustes.<\/p>\t\t\t\t\t\t\t\t<\/div>\n\t\t\t\t<\/div>\n\t\t\t\t<div class=\"elementor-element elementor-element-2dd1735 elementor-cta--skin-cover elementor-cta--valign-middle elementor-bg-transform elementor-bg-transform-zoom-in elementor-widget elementor-widget-call-to-action\" data-id=\"2dd1735\" data-element_type=\"widget\" data-e-type=\"widget\" data-widget_type=\"call-to-action.default\">\n\t\t\t\t<div class=\"elementor-widget-container\">\n\t\t\t\t\t\t\t<div class=\"elementor-cta\">\n\t\t\t\t\t<div class=\"elementor-cta__bg-wrapper\">\n\t\t\t\t<div class=\"elementor-cta__bg elementor-bg\" style=\"background-image: url(https:\/\/faber-etec.de\/wp-content\/uploads\/sites\/3\/2024\/04\/Trafo-Kompaktstation-fuer-PV-kaufen-1024x537.jpg);\" role=\"img\" aria-label=\"Stations compactes ou stations compactes \u00e0 transformateur pour une distribution d&#039;\u00e9nergie efficace \u00e0 l&#039;ext\u00e9rieur\"><\/div>\n\t\t\t\t<div class=\"elementor-cta__bg-overlay\"><\/div>\n\t\t\t<\/div>\n\t\t\t\t\t\t\t<div class=\"elementor-cta__content\">\n\t\t\t\t\n\t\t\t\t\t\t\t\t\t<h3 class=\"elementor-cta__title elementor-cta__content-item elementor-content-item\">\n\t\t\t\t\t\tAcheter un poste de transformation !\t\t\t\t\t<\/h3>\n\t\t\t\t\n\t\t\t\t\n\t\t\t\t\t\t\t\t\t<div class=\"elementor-cta__button-wrapper elementor-cta__content-item elementor-content-item\">\n\t\t\t\t\t<a class=\"elementor-cta__button elementor-button elementor-size-\"  href=\"https:\/\/faber-etec.de\/fr\/anfrage\/\" title=\"Demande - Demander un poste de transformation\">\n\t\t\t\t\t\tDemander un poste de transformation <i aria-hidden=\"true\" class=\"fas fa-angle-right\"><\/i>\t\t\t\t\t<\/a>\n\t\t\t\t\t<\/div>\n\t\t\t\t\t\t\t<\/div>\n\t\t\t\t\t\t<\/div>\n\t\t\t\t\t\t<\/div>\n\t\t\t\t<\/div>\n\t\t\t\t<div class=\"elementor-element elementor-element-5c169d5 elementor-widget elementor-widget-text-editor\" data-id=\"5c169d5\" data-element_type=\"widget\" data-e-type=\"widget\" data-widget_type=\"text-editor.default\">\n\t\t\t\t<div class=\"elementor-widget-container\">\n\t\t\t\t\t\t\t\t\t<h3 class=\"wp-block-heading\">Conclusion et appel \u00e0 l'action<\/h3>\n<p>Si vous souhaitez acheter un poste de transformation, vous trouverez chez Faber E-Tec la combinaison parfaite entre qualit\u00e9, rentabilit\u00e9 et s\u00e9curit\u00e9. Achetez maintenant notre station compacte de transformateur, car elle a une longue dur\u00e9e de vie, est facile \u00e0 entretenir et est fabriqu\u00e9e selon les normes les plus strictes.<\/p>\n<p>Qu'il s'agisse d'acheter un poste de transformation, d'acheter un transformateur d'occasion ou de commander une station compacte, nous vous proposons un service complet. Contactez-nous pour un conseil personnalis\u00e9 ou demandez directement votre offre individuelle.<\/p>\n<p>Lors de l'achat d'un poste compact de transformation, des solutions compactes sp\u00e9cialement adapt\u00e9es \u00e0 vos besoins industriels s'offrent \u00e0 vous. Une station compacte de transformateur, comme la station compacte 630 kVA ou 250 kVA, offre des possibilit\u00e9s d'utilisation flexibles. Les tailles des stations de transformation varient afin de r\u00e9pondre aux besoins sp\u00e9cifiques.<\/p>\n<p>Les prix varient en fonction de l'\u00e9quipement et de la puissance, comme le montre la \u201eListe de prix des postes de transformation\u201c. Les fabricants proposent une multitude d'options pour les transformateurs de moyenne tension et les postes de transformation. La distribution basse tension dans un poste de transformation est d\u00e9terminante pour la performance. Les stations de transformation mobiles peuvent \u00e9galement \u00eatre lou\u00e9es, comme \u00e0 Viersen.<\/p>\n<p>Lors de l'achat d'un poste de transformation neuf ou d'occasion, comme un poste compact 630 kVA, il convient de calculer soigneusement les \u201eco\u00fbts du poste de transformation\u201c. Avoir sa propre station compacte pr\u00e9sente de nombreux avantages, mais l'investissement n\u00e9cessite une planification pr\u00e9cise. R\u00e9fl\u00e9chissez si vous souhaitez acheter un poste de transformation ou acqu\u00e9rir un ancien poste de transformation. Tenez compte de la taille du poste de transformation et de son \u00e9quipement pour vous assurer qu'il r\u00e9pond \u00e0 vos besoins.<\/p>\n<p>Un autre point important est la ventilation de la station de transformation ainsi que la construction en b\u00e9ton afin de garantir un environnement d'exploitation optimal. Diff\u00e9rents fabricants de postes compacts proposent des solutions r\u00e9pondant \u00e0 diff\u00e9rentes exigences, comme des postes compacts de 250 kVA, 400 kVA ou 630 kVA. Consultez \u00e9galement les tailles de transformateurs et les fiches techniques des fabricants de transformateurs moyenne tension. La distribution basse tension et le transformateur haute tension 10 kV sont d'autres facteurs d\u00e9terminants pour la performance de votre station.<\/p>\t\t\t\t\t\t\t\t<\/div>\n\t\t\t\t<\/div>\n\t\t\t\t<div class=\"elementor-element elementor-element-0340e28 elementor-widget elementor-widget-image\" data-id=\"0340e28\" data-element_type=\"widget\" data-e-type=\"widget\" data-widget_type=\"image.default\">\n\t\t\t\t<div class=\"elementor-widget-container\">\n\t\t\t\t\t\t\t\t\t\t\t\t<figure class=\"wp-caption\">\n\t\t\t\t\t\t\t\t\t\t<img decoding=\"async\" src=\"https:\/\/faber-etec.de\/wp-content\/uploads\/sites\/3\/elementor\/thumbs\/faber-e-tec-trafo-kompaktstation-pv-anlage-roedinghausen-rdu60wq9rb1oywhdnojkzak998ty4m99rbfpo08oeg.webp\" title=\"Poste de transformation Faber E-Tec pr\u00e8s de R\u00f6dinghausen\" alt=\"Poste de transformation Faber E-Tec pr\u00e8s d&#039;une installation solaire en plein air \u00e0 R\u00f6dinghausen, sous un ciel bleu\" loading=\"lazy\" \/>\t\t\t\t\t\t\t\t\t\t\t<figcaption class=\"widget-image-caption wp-caption-text\">Station compacte Faber E-Tec pour installation PV au sol \u00e0 R\u00f6dinghausen<\/figcaption>\n\t\t\t\t\t\t\t\t\t\t<\/figure>\n\t\t\t\t\t\t\t\t\t<\/div>\n\t\t\t\t<\/div>\n\t\t\t\t<div class=\"elementor-element elementor-element-0a5a418 elementor-shape-rounded elementor-grid-0 e-grid-align-center elementor-widget elementor-widget-social-icons\" data-id=\"0a5a418\" data-element_type=\"widget\" data-e-type=\"widget\" data-widget_type=\"social-icons.default\">\n\t\t\t\t<div class=\"elementor-widget-container\">\n\t\t\t\t\t\t\t<div class=\"elementor-social-icons-wrapper elementor-grid\" role=\"list\">\n\t\t\t\t\t\t\t<span class=\"elementor-grid-item\" role=\"listitem\">\n\t\t\t\t\t<a class=\"elementor-icon elementor-social-icon elementor-social-icon-instagram elementor-animation-grow elementor-repeater-item-c4ec2f4\" href=\"https:\/\/www.instagram.com\/faber.energy\/\" target=\"_blank\" title=\"Suivez-nous sur Instagram\" rel=\"noopener\">\n\t\t\t\t\t\t<span class=\"elementor-screen-only\">Instagram<\/span>\n\t\t\t\t\t\t<i aria-hidden=\"true\" class=\"fab fa-instagram\"><\/i>\t\t\t\t\t<\/a>\n\t\t\t\t<\/span>\n\t\t\t\t\t\t\t<span class=\"elementor-grid-item\" role=\"listitem\">\n\t\t\t\t\t<a class=\"elementor-icon elementor-social-icon elementor-social-icon-facebook elementor-animation-grow elementor-repeater-item-2651a5f\" href=\"https:\/\/www.facebook.com\/profile.php?id=61566434640105\" target=\"_blank\" title=\"Suivez-nous sur Facebook\" rel=\"noopener\">\n\t\t\t\t\t\t<span class=\"elementor-screen-only\">Facebook<\/span>\n\t\t\t\t\t\t<i aria-hidden=\"true\" class=\"fab fa-facebook\"><\/i>\t\t\t\t\t<\/a>\n\t\t\t\t<\/span>\n\t\t\t\t\t\t\t<span class=\"elementor-grid-item\" role=\"listitem\">\n\t\t\t\t\t<a class=\"elementor-icon elementor-social-icon elementor-social-icon-threads elementor-animation-grow elementor-repeater-item-c864bea\" href=\"https:\/\/www.threads.net\/@faber.energy\" target=\"_blank\" title=\"Suivez-nous sur les fils de discussion\" rel=\"noopener\">\n\t\t\t\t\t\t<span class=\"elementor-screen-only\">Fils de discussion<\/span>\n\t\t\t\t\t\t<i aria-hidden=\"true\" class=\"fab fa-threads\"><\/i>\t\t\t\t\t<\/a>\n\t\t\t\t<\/span>\n\t\t\t\t\t\t\t<span class=\"elementor-grid-item\" role=\"listitem\">\n\t\t\t\t\t<a class=\"elementor-icon elementor-social-icon elementor-social-icon-linkedin elementor-animation-grow elementor-repeater-item-2b87a25\" href=\"https:\/\/www.linkedin.com\/company\/faber-etec\/\" target=\"_blank\" title=\"Suivez-nous sur Linkedin\" rel=\"noopener\">\n\t\t\t\t\t\t<span class=\"elementor-screen-only\">Linkedin<\/span>\n\t\t\t\t\t\t<i aria-hidden=\"true\" class=\"fab fa-linkedin\"><\/i>\t\t\t\t\t<\/a>\n\t\t\t\t<\/span>\n\t\t\t\t\t\t\t<span class=\"elementor-grid-item\" role=\"listitem\">\n\t\t\t\t\t<a class=\"elementor-icon elementor-social-icon elementor-social-icon-x-twitter elementor-animation-grow elementor-repeater-item-4ef3195\" href=\"https:\/\/x.com\/Faber_Energy\" target=\"_blank\" title=\"Suivez-nous sur X Twitter\">\n\t\t\t\t\t\t<span class=\"elementor-screen-only\">X-twitter<\/span>\n\t\t\t\t\t\t<i aria-hidden=\"true\" class=\"fab fa-x-twitter\"><\/i>\t\t\t\t\t<\/a>\n\t\t\t\t<\/span>\n\t\t\t\t\t\t\t<span class=\"elementor-grid-item\" role=\"listitem\">\n\t\t\t\t\t<a class=\"elementor-icon elementor-social-icon elementor-social-icon-youtube elementor-animation-grow elementor-repeater-item-837340d\" href=\"https:\/\/www.youtube.com\/@Faber.Energy\" target=\"_blank\" title=\"Suivez-nous sur Youtube\" rel=\"noopener\">\n\t\t\t\t\t\t<span class=\"elementor-screen-only\">Youtube<\/span>\n\t\t\t\t\t\t<i aria-hidden=\"true\" class=\"fab fa-youtube\"><\/i>\t\t\t\t\t<\/a>\n\t\t\t\t<\/span>\n\t\t\t\t\t<\/div>\n\t\t\t\t\t\t<\/div>\n\t\t\t\t<\/div>\n\t\t\t\t\t<\/div>\n\t\t\t\t<\/div>\n\t\t\t\t<\/div>","protected":false},"excerpt":{"rendered":"<p>Acheter un poste de transformation directement aupr\u00e8s du fabricant Faber E-Tec. Postes de transformation compacts en b\u00e9ton pour l'industrie, le solaire &amp; l'e-mobilit\u00e9. Demandez une offre maintenant !<\/p>","protected":false},"author":2,"featured_media":16037,"comment_status":"closed","ping_status":"open","sticky":false,"template":"","format":"standard","meta":{"_acf_changed":false,"footnotes":""},"categories":[1],"tags":[],"class_list":["post-16033","post","type-post","status-publish","format-standard","has-post-thumbnail","hentry","category-news"],"acf":[],"_links":{"self":[{"href":"https:\/\/faber-etec.de\/fr\/wp-json\/wp\/v2\/posts\/16033","targetHints":{"allow":["GET"]}}],"collection":[{"href":"https:\/\/faber-etec.de\/fr\/wp-json\/wp\/v2\/posts"}],"about":[{"href":"https:\/\/faber-etec.de\/fr\/wp-json\/wp\/v2\/types\/post"}],"author":[{"embeddable":true,"href":"https:\/\/faber-etec.de\/fr\/wp-json\/wp\/v2\/users\/2"}],"replies":[{"embeddable":true,"href":"https:\/\/faber-etec.de\/fr\/wp-json\/wp\/v2\/comments?post=16033"}],"version-history":[{"count":29,"href":"https:\/\/faber-etec.de\/fr\/wp-json\/wp\/v2\/posts\/16033\/revisions"}],"predecessor-version":[{"id":16184,"href":"https:\/\/faber-etec.de\/fr\/wp-json\/wp\/v2\/posts\/16033\/revisions\/16184"}],"wp:featuredmedia":[{"embeddable":true,"href":"https:\/\/faber-etec.de\/fr\/wp-json\/wp\/v2\/media\/16037"}],"wp:attachment":[{"href":"https:\/\/faber-etec.de\/fr\/wp-json\/wp\/v2\/media?parent=16033"}],"wp:term":[{"taxonomy":"category","embeddable":true,"href":"https:\/\/faber-etec.de\/fr\/wp-json\/wp\/v2\/categories?post=16033"},{"taxonomy":"post_tag","embeddable":true,"href":"https:\/\/faber-etec.de\/fr\/wp-json\/wp\/v2\/tags?post=16033"}],"curies":[{"name":"wp","href":"https:\/\/api.w.org\/{rel}","templated":true}]}}