{"id":17365,"date":"2025-11-21T14:03:16","date_gmt":"2025-11-21T13:03:16","guid":{"rendered":"https:\/\/faber-etec.de\/?p=17365"},"modified":"2025-11-21T16:29:02","modified_gmt":"2025-11-21T15:29:02","slug":"co2-ausstoss-reduzieren-mit-bess","status":"publish","type":"post","link":"https:\/\/faber-etec.de\/fr\/forschung-und-entwicklung\/co2-ausstoss-reduzieren-mit-bess\/","title":{"rendered":"R\u00e9duire les \u00e9missions de CO\u2082 avec des syst\u00e8mes intelligents de stockage par batterie (BESS)"},"content":{"rendered":"<div data-elementor-type=\"wp-post\" data-elementor-id=\"17365\" class=\"elementor elementor-17365\" data-elementor-post-type=\"post\">\n\t\t\t\t<div class=\"elementor-element elementor-element-dba63be e-flex e-con-boxed e-con e-parent\" data-id=\"dba63be\" data-element_type=\"container\" data-e-type=\"container\">\n\t\t\t\t\t<div class=\"e-con-inner\">\n\t\t\t\t<div class=\"elementor-element elementor-element-342d805 elementor-widget elementor-widget-text-editor\" data-id=\"342d805\" data-element_type=\"widget\" data-e-type=\"widget\" data-widget_type=\"text-editor.default\">\n\t\t\t\t<div class=\"elementor-widget-container\">\n\t\t\t\t\t\t\t\t\t<h2>Pourquoi la r\u00e9duction du CO\u2082 dans l'industrie est maintenant cruciale<\/h2><p>La pression exerc\u00e9e sur les entreprises pour qu'elles <strong>\u00c9missions de CO\u2082<\/strong> ne cesse d'augmenter. L'augmentation des co\u00fbts de l'\u00e9nergie, les directives climatiques plus strictes et la responsabilit\u00e9 croissante en mati\u00e8re de production durable font que de plus en plus d'entreprises commerciales et industrielles s'int\u00e9ressent \u00e0 l'efficacit\u00e9 \u00e9nerg\u00e9tique et \u00e0 la d\u00e9carbonisation.<\/p><p>L'une des mesures les plus efficaces et les plus prometteuses \u00e0 cet \u00e9gard est l'utilisation de syst\u00e8mes modernes de stockage par batterie (<strong>BESS<\/strong>). En effet, le stockage d'\u00e9nergie est depuis longtemps bien plus qu'un simple backup - il est au c\u0153ur d'une infrastructure \u00e9nerg\u00e9tique intelligente, durable et \u00e0 faible \u00e9mission de CO\u2082.<\/p>\t\t\t\t\t\t\t\t<\/div>\n\t\t\t\t<\/div>\n\t\t\t\t<div class=\"elementor-element elementor-element-4c26913 elementor-widget-divider--view-line elementor-widget elementor-widget-divider\" data-id=\"4c26913\" data-element_type=\"widget\" data-e-type=\"widget\" data-widget_type=\"divider.default\">\n\t\t\t\t<div class=\"elementor-widget-container\">\n\t\t\t\t\t\t\t<div class=\"elementor-divider\">\n\t\t\t<span class=\"elementor-divider-separator\">\n\t\t\t\t\t\t<\/span>\n\t\t<\/div>\n\t\t\t\t\t\t<\/div>\n\t\t\t\t<\/div>\n\t\t\t\t<div class=\"elementor-element elementor-element-3b0e00b elementor-widget elementor-widget-text-editor\" data-id=\"3b0e00b\" data-element_type=\"widget\" data-e-type=\"widget\" data-widget_type=\"text-editor.default\">\n\t\t\t\t<div class=\"elementor-widget-container\">\n\t\t\t\t\t\t\t\t\t<h3>Avantages de BESS dans les applications commerciales<\/h3><p>Un BESS (<strong>Syst\u00e8me de stockage d'\u00e9nergie par batterie<\/strong>) permet d'utiliser plus efficacement les \u00e9nergies renouvelables. En p\u00e9riode de forte production d'\u00e9lectricit\u00e9 - par exemple en cas de fort ensoleillement ou d'\u00e9nergie \u00e9olienne - l'\u00e9nergie exc\u00e9dentaire est stock\u00e9e temporairement dans la batterie de stockage. D\u00e8s que les besoins en \u00e9nergie augmentent ou que moins d'\u00e9lectricit\u00e9 est disponible \u00e0 partir de sources renouvelables, le syst\u00e8me restitue l'\u00e9nergie stock\u00e9e.<\/p><p>Il est ainsi possible d'\u00e9viter les pics de charge, d'augmenter la consommation propre et de r\u00e9duire de mani\u00e8re cibl\u00e9e les sources d'\u00e9nergie fossiles. R\u00e9sultat : moins d'\u00e9missions de CO\u2082, des co\u00fbts \u00e9nerg\u00e9tiques r\u00e9duits et une plus grande ind\u00e9pendance vis-\u00e0-vis du r\u00e9seau \u00e9lectrique.<\/p>\t\t\t\t\t\t\t\t<\/div>\n\t\t\t\t<\/div>\n\t\t\t\t<div class=\"elementor-element elementor-element-6693a2f elementor-widget elementor-widget-image\" data-id=\"6693a2f\" data-element_type=\"widget\" data-e-type=\"widget\" data-widget_type=\"image.default\">\n\t\t\t\t<div class=\"elementor-widget-container\">\n\t\t\t\t\t\t\t\t\t\t\t\t<figure class=\"wp-caption\">\n\t\t\t\t\t\t\t\t\t\t<img decoding=\"async\" src=\"https:\/\/faber-etec.de\/wp-content\/uploads\/sites\/3\/elementor\/thumbs\/bess-co2-reduzierung-faber-etec-industrie-rf1a1q12oj6dff4yodfnglato0jmbiyxm73vgif918.avif\" title=\"R\u00e9duire les \u00e9missions de CO\u2082 avec BESS de Faber E-Tec - Stockage d&#039;\u00e9nergie pour l&#039;industrie et le commerce\" alt=\"Chemin\u00e9e industrielle avec inscription CO\u2082 en fum\u00e9e - image symbolique des \u00e9missions et de la r\u00e9duction de CO\u2082 gr\u00e2ce \u00e0 l&#039;accumulateur \u00e0 batterie BESS de Faber E-Tec\" loading=\"lazy\" \/>\t\t\t\t\t\t\t\t\t\t\t<figcaption class=\"widget-image-caption wp-caption-text\">Photo symbolique pour la r\u00e9duction des \u00e9missions de CO\u2082 : une chemin\u00e9e industrielle crache de la fum\u00e9e qui forme les lettres CO\u2082 - repr\u00e9sente l'\u00e9nergie durable et l'utilisation de syst\u00e8mes de stockage par batterie (BESS) pour r\u00e9duire les \u00e9missions dans l'industrie.<\/figcaption>\n\t\t\t\t\t\t\t\t\t\t<\/figure>\n\t\t\t\t\t\t\t\t\t<\/div>\n\t\t\t\t<\/div>\n\t\t\t\t<div class=\"elementor-element elementor-element-3f26dea elementor-widget-divider--view-line elementor-widget elementor-widget-divider\" data-id=\"3f26dea\" data-element_type=\"widget\" data-e-type=\"widget\" data-widget_type=\"divider.default\">\n\t\t\t\t<div class=\"elementor-widget-container\">\n\t\t\t\t\t\t\t<div class=\"elementor-divider\">\n\t\t\t<span class=\"elementor-divider-separator\">\n\t\t\t\t\t\t<\/span>\n\t\t<\/div>\n\t\t\t\t\t\t<\/div>\n\t\t\t\t<\/div>\n\t\t\t\t<div class=\"elementor-element elementor-element-fdaefbe elementor-widget elementor-widget-text-editor\" data-id=\"fdaefbe\" data-element_type=\"widget\" data-e-type=\"widget\" data-widget_type=\"text-editor.default\">\n\t\t\t\t<div class=\"elementor-widget-container\">\n\t\t\t\t\t\t\t\t\t<h3>Comment les syst\u00e8mes de stockage par batterie r\u00e9duisent les \u00e9missions de CO\u2082<\/h3><p>Les entreprises qui g\u00e8rent activement leurs flux d'\u00e9nergie peuvent non seulement am\u00e9liorer leur bilan climatique, mais aussi en tirer des avantages \u00e9conomiques. Un syst\u00e8me de stockage par batterie bien dimensionn\u00e9 offre plusieurs avantages \u00e0 la fois :<\/p><ol><li>Optimisation de la consommation propre :<br \/>L'\u00e9lectricit\u00e9 solaire autoproduite est utilis\u00e9e directement sur place - neutre en termes de CO\u2082 et permettant de r\u00e9duire les co\u00fbts.<br \/><br \/><\/li><li>Gestion des pics de consommation :<br \/>Les pics de charge sont compens\u00e9s, ce qui permet de r\u00e9duire la quantit\u00e9 d'\u00e9nergie fossile de r\u00e9serve n\u00e9cessaire.<br \/><br \/><\/li><li>Fonction d'alimentation de secours et de sauvegarde :<br \/>BESS s\u00e9curise l'approvisionnement en \u00e9nergie en cas de perturbations du r\u00e9seau - en particulier dans les processus industriels critiques.<br \/><br \/><\/li><li>D\u00e9charge du r\u00e9seau :<br \/>Le stockage local de l'\u00e9nergie permet de stabiliser le r\u00e9seau public d'\u00e9lectricit\u00e9 et de soulager les centrales \u00e9lectriques de pointe \u00e0 forte intensit\u00e9 de CO\u2082.<br \/><br \/><\/li><li>Int\u00e9gration des \u00e9nergies renouvelables :<br \/>L'\u00e9lectricit\u00e9 solaire et \u00e9olienne peut \u00eatre enti\u00e8rement utilis\u00e9e au lieu d'\u00eatre perdue sans \u00eatre utilis\u00e9e. Les syst\u00e8mes BESS sont donc un facteur d\u00e9cisif sur la voie de la neutralit\u00e9 climatique de l'industrie.<\/li><\/ol>\t\t\t\t\t\t\t\t<\/div>\n\t\t\t\t<\/div>\n\t\t\t\t<div class=\"elementor-element elementor-element-b115f47 elementor-cta--skin-cover elementor-cta--valign-middle elementor-bg-transform elementor-bg-transform-zoom-in elementor-widget elementor-widget-call-to-action\" data-id=\"b115f47\" data-element_type=\"widget\" data-e-type=\"widget\" data-widget_type=\"call-to-action.default\">\n\t\t\t\t<div class=\"elementor-widget-container\">\n\t\t\t\t\t\t\t<div class=\"elementor-cta\">\n\t\t\t\t\t<div class=\"elementor-cta__bg-wrapper\">\n\t\t\t\t<div class=\"elementor-cta__bg elementor-bg\" style=\"background-image: url(https:\/\/faber-etec.de\/wp-content\/uploads\/sites\/3\/2025\/11\/kompakt-trafostation-faber-etec-kompaktstation-von-unten-Perspektive-1024x444.avif);\" role=\"img\" aria-label=\"Poste de transformation compact pour moyenne tension en ext\u00e9rieur - Faber E-Tec - Kompakt Transfostation, Trafostation, Transformatorenstation, Trafo Kompaktstation, Betonstation, Mittelpannung, Photovoltaikanlage, Solarstrom\"><\/div>\n\t\t\t\t<div class=\"elementor-cta__bg-overlay\"><\/div>\n\t\t\t<\/div>\n\t\t\t\t\t\t\t<div class=\"elementor-cta__content\">\n\t\t\t\t\n\t\t\t\t\t\t\t\t\t<h3 class=\"elementor-cta__title elementor-cta__content-item elementor-content-item\">\n\t\t\t\t\t\tStation compacte BESS\t\t\t\t\t<\/h3>\n\t\t\t\t\n\t\t\t\t\n\t\t\t\t\t\t\t\t\t<div class=\"elementor-cta__button-wrapper elementor-cta__content-item elementor-content-item\">\n\t\t\t\t\t<a class=\"elementor-cta__button elementor-button elementor-size-\"  href=\"https:\/\/faber-etec.de\/fr\/station-compacte\/\" title=\"Station compacte - Demander une station compacte\">\n\t\t\t\t\t\tDemander une station compacte <i aria-hidden=\"true\" class=\"fas fa-angle-right\"><\/i>\t\t\t\t\t<\/a>\n\t\t\t\t\t<\/div>\n\t\t\t\t\t\t\t<\/div>\n\t\t\t\t\t\t<\/div>\n\t\t\t\t\t\t<\/div>\n\t\t\t\t<\/div>\n\t\t\t\t<div class=\"elementor-element elementor-element-1892acc elementor-widget-divider--view-line elementor-widget elementor-widget-divider\" data-id=\"1892acc\" data-element_type=\"widget\" data-e-type=\"widget\" data-widget_type=\"divider.default\">\n\t\t\t\t<div class=\"elementor-widget-container\">\n\t\t\t\t\t\t\t<div class=\"elementor-divider\">\n\t\t\t<span class=\"elementor-divider-separator\">\n\t\t\t\t\t\t<\/span>\n\t\t<\/div>\n\t\t\t\t\t\t<\/div>\n\t\t\t\t<\/div>\n\t\t\t\t<div class=\"elementor-element elementor-element-1c6b995 elementor-widget elementor-widget-text-editor\" data-id=\"1c6b995\" data-element_type=\"widget\" data-e-type=\"widget\" data-widget_type=\"text-editor.default\">\n\t\t\t\t<div class=\"elementor-widget-container\">\n\t\t\t\t\t\t\t\t\t<h3>Aper\u00e7u de nos solutions BESS<\/h3><h4>Accumulateur \u00e0 batterie 418 kWh - compact et efficace<\/h4><p>Id\u00e9al pour les entreprises commerciales qui souhaitent utiliser elles-m\u00eames l'\u00e9lectricit\u00e9 solaire et \u00e9viter les pics de charge. Cet accumulateur compact permet d'atteindre un taux d'autoconsommation \u00e9lev\u00e9 et de stabiliser l'approvisionnement du r\u00e9seau, notamment en combinaison avec des installations photovolta\u00efques.<\/p><h4>Accumulateur de batterie 836 kWh - la solution modulaire pour l'industrie<\/h4><p>Un syst\u00e8me de stockage par batterie \u00e9volutif qui g\u00e8re intelligemment le flux d'\u00e9nergie dans l'entreprise. Avec un EMS (Energy Management System) int\u00e9gr\u00e9 et la technologie LFP, il offre une s\u00e9curit\u00e9 et une efficacit\u00e9 maximales.<\/p><h4>Conteneur BESS 3 340 kWh et 5 015 kWh + transformateur + PCS<\/h4><p>Pour les parcs solaires, les centres industriels ou l'infrastructure de recharge : nos conteneurs BESS sont la r\u00e9ponse performante aux besoins croissants en \u00e9nergie - y compris le refroidissement par liquide, l'extinction d'incendie par a\u00e9rosol et la protection robuste IP54. Associ\u00e9s \u00e0 une station de transformation compacte Faber E-Tec, ils constituent une solution \u00e9nerg\u00e9tique compl\u00e8te pour les projets industriels respectueux du climat.<\/p>\t\t\t\t\t\t\t\t<\/div>\n\t\t\t\t<\/div>\n\t\t\t\t<div class=\"elementor-element elementor-element-e1eadf7 elementor-widget-divider--view-line elementor-widget elementor-widget-divider\" data-id=\"e1eadf7\" data-element_type=\"widget\" data-e-type=\"widget\" data-widget_type=\"divider.default\">\n\t\t\t\t<div class=\"elementor-widget-container\">\n\t\t\t\t\t\t\t<div class=\"elementor-divider\">\n\t\t\t<span class=\"elementor-divider-separator\">\n\t\t\t\t\t\t<\/span>\n\t\t<\/div>\n\t\t\t\t\t\t<\/div>\n\t\t\t\t<\/div>\n\t\t\t\t<div class=\"elementor-element elementor-element-741ec9c elementor-widget elementor-widget-text-editor\" data-id=\"741ec9c\" data-element_type=\"widget\" data-e-type=\"widget\" data-widget_type=\"text-editor.default\">\n\t\t\t\t<div class=\"elementor-widget-container\">\n\t\t\t\t\t\t\t\t\t<h3>Faber E-Tec - solutions globales pour une infrastructure \u00e9nerg\u00e9tique \u00e0 faible \u00e9mission de CO\u2082<\/h3><p>Faber E-Tec est l'un des principaux fournisseurs dans le domaine de l'infrastructure \u00e9nerg\u00e9tique industrielle - des postes de transformation compacts aux solutions BESS modulaires. Nos produits ne sont pas seulement technologiquement avanc\u00e9s, ils sont \u00e9galement con\u00e7us pour une durabilit\u00e9, une efficacit\u00e9 et une s\u00e9curit\u00e9 maximales.<\/p><p>Nous relions le poste de transformation et le syst\u00e8me de stockage par batterie en une unit\u00e9 intelligente : l'\u00e9nergie est produite localement, stock\u00e9e, transform\u00e9e et utilis\u00e9e de mani\u00e8re cibl\u00e9e - exactement l\u00e0 o\u00f9 elle est n\u00e9cessaire. Cela permet non seulement de r\u00e9duire les co\u00fbts d'exploitation, mais aussi de diminuer consid\u00e9rablement les \u00e9missions de CO\u2082.<\/p>\t\t\t\t\t\t\t\t<\/div>\n\t\t\t\t<\/div>\n\t\t\t\t<div class=\"elementor-element elementor-element-0ed2b51 elementor-widget elementor-widget-image\" data-id=\"0ed2b51\" data-element_type=\"widget\" data-e-type=\"widget\" data-widget_type=\"image.default\">\n\t\t\t\t<div class=\"elementor-widget-container\">\n\t\t\t\t\t\t\t\t\t\t\t\t<figure class=\"wp-caption\">\n\t\t\t\t\t\t\t\t\t\t<img decoding=\"async\" src=\"https:\/\/faber-etec.de\/wp-content\/uploads\/sites\/3\/elementor\/thumbs\/batter-sunrise-scaled-re615yydrtl1vwtw9jpq8tiksz2smil24jrqe672o0.avif\" title=\"Accumulateurs \u00e0 batterie BESS de Faber E-Tec - des solutions de stockage d&#039;\u00e9nergie durables pour l&#039;industrie et le commerce\" alt=\"Accumulateur de batterie BESS de Faber E-Tec au lever du soleil - image symbolique du stockage d&#039;\u00e9nergie durable et de l&#039;efficacit\u00e9 \u00e9nerg\u00e9tique industrielle\" loading=\"lazy\" \/>\t\t\t\t\t\t\t\t\t\t\t<figcaption class=\"widget-image-caption wp-caption-text\">Conteneur moderne de stockage de batteries (BESS) de Faber E-Tec dans la lumi\u00e8re du matin. Cette image symbolise l'\u00e9volution vers des solutions de stockage d'\u00e9nergie durables et la r\u00e9duction du CO\u2082 dans l'industrie et le commerce.<\/figcaption>\n\t\t\t\t\t\t\t\t\t\t<\/figure>\n\t\t\t\t\t\t\t\t\t<\/div>\n\t\t\t\t<\/div>\n\t\t\t\t<div class=\"elementor-element elementor-element-3384b8d elementor-widget-divider--view-line elementor-widget elementor-widget-divider\" data-id=\"3384b8d\" data-element_type=\"widget\" data-e-type=\"widget\" data-widget_type=\"divider.default\">\n\t\t\t\t<div class=\"elementor-widget-container\">\n\t\t\t\t\t\t\t<div class=\"elementor-divider\">\n\t\t\t<span class=\"elementor-divider-separator\">\n\t\t\t\t\t\t<\/span>\n\t\t<\/div>\n\t\t\t\t\t\t<\/div>\n\t\t\t\t<\/div>\n\t\t\t\t<div class=\"elementor-element elementor-element-3fe972e elementor-widget elementor-widget-text-editor\" data-id=\"3fe972e\" data-element_type=\"widget\" data-e-type=\"widget\" data-widget_type=\"text-editor.default\">\n\t\t\t\t<div class=\"elementor-widget-container\">\n\t\t\t\t\t\t\t\t\t<h2>BESS + poste de transformation = efficacit\u00e9 CO\u2082 au plus haut niveau<\/h2><p data-start=\"4679\" data-end=\"4975\">Une station de transformation est le lien entre le r\u00e9seau et le stockage. Faber E-Tec d\u00e9veloppe des stations de transformation compactes, sp\u00e9cialement con\u00e7ues pour \u00eatre utilis\u00e9es avec les syst\u00e8mes BESS. Ils permettent une distribution efficace de l'\u00e9nergie, une fr\u00e9quence de r\u00e9seau stable et une s\u00e9curit\u00e9 de fonctionnement maximale.<\/p><p data-start=\"4977\" data-end=\"5207\">La combinaison d'un poste de transformation et d'un stockage sur batterie permet d'injecter l'\u00e9nergie stock\u00e9e directement dans l'infrastructure industrielle - sans d\u00e9tours, sans pertes, et avec une r\u00e9duction mesurable des \u00e9missions de CO\u2082.<\/p>\t\t\t\t\t\t\t\t<\/div>\n\t\t\t\t<\/div>\n\t\t\t\t<div class=\"elementor-element elementor-element-d61f3c2 elementor-widget-divider--view-line elementor-widget elementor-widget-divider\" data-id=\"d61f3c2\" data-element_type=\"widget\" data-e-type=\"widget\" data-widget_type=\"divider.default\">\n\t\t\t\t<div class=\"elementor-widget-container\">\n\t\t\t\t\t\t\t<div class=\"elementor-divider\">\n\t\t\t<span class=\"elementor-divider-separator\">\n\t\t\t\t\t\t<\/span>\n\t\t<\/div>\n\t\t\t\t\t\t<\/div>\n\t\t\t\t<\/div>\n\t\t\t\t<div class=\"elementor-element elementor-element-900e10f elementor-widget elementor-widget-text-editor\" data-id=\"900e10f\" data-element_type=\"widget\" data-e-type=\"widget\" data-widget_type=\"text-editor.default\">\n\t\t\t\t<div class=\"elementor-widget-container\">\n\t\t\t\t\t\t\t\t\t<h3>Conclusion : une r\u00e9duction de CO\u2082 \u00e0 l'\u00e9preuve du temps avec Faber E-Tec<\/h3><p>Les entreprises qui souhaitent agir de mani\u00e8re durable ne peuvent plus ignorer les syst\u00e8mes de stockage sur batterie. Ils sont le fondement d'un avenir \u00e9nerg\u00e9tique respectueux du climat - \u00e9conomique, s\u00fbr et efficace.<\/p><p>Avec les syst\u00e8mes BESS et les postes de transformation de Faber E-Tec, vous b\u00e9n\u00e9ficiez non seulement d'une technologie de pointe, mais aussi d'une solution compl\u00e8te qui contribue activement \u00e0 la r\u00e9duction des \u00e9missions de CO\u2082 et fait passer votre approvisionnement en \u00e9nergie au niveau sup\u00e9rieur.<\/p>\t\t\t\t\t\t\t\t<\/div>\n\t\t\t\t<\/div>\n\t\t\t\t<div class=\"elementor-element elementor-element-413c5ac elementor-widget-divider--view-line elementor-widget elementor-widget-divider\" data-id=\"413c5ac\" data-element_type=\"widget\" data-e-type=\"widget\" data-widget_type=\"divider.default\">\n\t\t\t\t<div class=\"elementor-widget-container\">\n\t\t\t\t\t\t\t<div class=\"elementor-divider\">\n\t\t\t<span class=\"elementor-divider-separator\">\n\t\t\t\t\t\t<\/span>\n\t\t<\/div>\n\t\t\t\t\t\t<\/div>\n\t\t\t\t<\/div>\n\t\t\t\t<div class=\"elementor-element elementor-element-70d1c26 elementor-widget elementor-widget-heading\" data-id=\"70d1c26\" data-element_type=\"widget\" data-e-type=\"widget\" data-widget_type=\"heading.default\">\n\t\t\t\t<div class=\"elementor-widget-container\">\n\t\t\t\t\t<h3 class=\"elementor-heading-title elementor-size-default\">FAQ : R\u00e9duire les \u00e9missions de CO\u2082 gr\u00e2ce au stockage intelligent sur batterie (BESS)<\/h3>\t\t\t\t<\/div>\n\t\t\t\t<\/div>\n\t\t\t\t<div class=\"elementor-element elementor-element-61a034f faqaccordion elementor-widget elementor-widget-n-accordion\" data-id=\"61a034f\" data-element_type=\"widget\" data-e-type=\"widget\" data-settings=\"{&quot;default_state&quot;:&quot;all_collapsed&quot;,&quot;max_items_expended&quot;:&quot;one&quot;,&quot;n_accordion_animation_duration&quot;:{&quot;unit&quot;:&quot;ms&quot;,&quot;size&quot;:400,&quot;sizes&quot;:[]}}\" data-widget_type=\"nested-accordion.default\">\n\t\t\t\t<div class=\"elementor-widget-container\">\n\t\t\t\t\t\t\t<div class=\"e-n-accordion\" aria-label=\"L&#039;accord\u00e9on. Ouvre les liens avec Enter ou Space, ferme avec Escape, et navigue avec Arrow Keys.\">\n\t\t\t\t\t\t<details id=\"e-n-accordion-item-1020\" class=\"e-n-accordion-item\" >\n\t\t\t\t<summary class=\"e-n-accordion-item-title\" data-accordion-index=\"1\" tabindex=\"0\" aria-expanded=\"false\" aria-controls=\"e-n-accordion-item-1020\" >\n\t\t\t\t\t<span class='e-n-accordion-item-title-header'><div class=\"e-n-accordion-item-title-text\"> Comment un BESS contribue-t-il activement \u00e0 la r\u00e9duction du CO\u2082 ? <\/div><\/span>\n\t\t\t\t\t\t\t<span class='e-n-accordion-item-title-icon'>\n\t\t\t<span class='e-opened' ><i aria-hidden=\"true\" class=\"fas fa-minus\"><\/i><\/span>\n\t\t\t<span class='e-closed'><i aria-hidden=\"true\" class=\"fas fa-plus\"><\/i><\/span>\n\t\t<\/span>\n\n\t\t\t\t\t\t<\/summary>\n\t\t\t\t<div role=\"region\" aria-labelledby=\"e-n-accordion-item-1020\" class=\"elementor-element elementor-element-1e3c7fc e-con-full e-flex e-con e-child\" data-id=\"1e3c7fc\" data-element_type=\"container\" data-e-type=\"container\">\n\t\t\t\t<div class=\"elementor-element elementor-element-2b35d8a elementor-widget elementor-widget-text-editor\" data-id=\"2b35d8a\" data-element_type=\"widget\" data-e-type=\"widget\" data-widget_type=\"text-editor.default\">\n\t\t\t\t<div class=\"elementor-widget-container\">\n\t\t\t\t\t\t\t\t\t<p data-path-to-node=\"6\">Un syst\u00e8me de stockage d'\u00e9nergie par batterie (BESS) r\u00e9duit les \u00e9missions de CO\u2082 de deux mani\u00e8res :<\/p><ol start=\"1\" data-path-to-node=\"7\"><li><p data-path-to-node=\"7,0,0\">Int\u00e9gration des \u00e9nergies renouvelables : il stocke l'\u00e9lectricit\u00e9 exc\u00e9dentaire produite par les installations photovolta\u00efques ou \u00e9oliennes et la rend utilisable lorsque le soleil ne brille pas (nuit ou temps nuageux). Cela permet de r\u00e9duire la quantit\u00e9 d'\u00e9lectricit\u00e9 \u201egrise\u201c (issue de combustibles fossiles) n\u00e9cessaire au r\u00e9seau.<\/p><\/li><li><p data-path-to-node=\"7,1,0\">Remplacement de l'\u00e9nergie de r\u00e9gulation fossile : sans stockage, les centrales \u00e0 gaz doivent souvent se mettre en marche pour absorber les pics de charge sur le r\u00e9seau. Un BESS prend en charge cette t\u00e2che sans \u00e9missions.<\/p><\/li><\/ol>\t\t\t\t\t\t\t\t<\/div>\n\t\t\t\t<\/div>\n\t\t\t\t<\/div>\n\t\t\t\t\t<\/details>\n\t\t\t\t\t\t<details id=\"e-n-accordion-item-1021\" class=\"e-n-accordion-item\" >\n\t\t\t\t<summary class=\"e-n-accordion-item-title\" data-accordion-index=\"2\" tabindex=\"-1\" aria-expanded=\"false\" aria-controls=\"e-n-accordion-item-1021\" >\n\t\t\t\t\t<span class='e-n-accordion-item-title-header'><div class=\"e-n-accordion-item-title-text\"> Un accumulateur \u00e0 batterie peut-il remplacer les g\u00e9n\u00e9rateurs diesel ? <\/div><\/span>\n\t\t\t\t\t\t\t<span class='e-n-accordion-item-title-icon'>\n\t\t\t<span class='e-opened' ><i aria-hidden=\"true\" class=\"fas fa-minus\"><\/i><\/span>\n\t\t\t<span class='e-closed'><i aria-hidden=\"true\" class=\"fas fa-plus\"><\/i><\/span>\n\t\t<\/span>\n\n\t\t\t\t\t\t<\/summary>\n\t\t\t\t<div role=\"region\" aria-labelledby=\"e-n-accordion-item-1021\" class=\"elementor-element elementor-element-33def60 e-con-full e-flex e-con e-child\" data-id=\"33def60\" data-element_type=\"container\" data-e-type=\"container\">\n\t\t\t\t<div class=\"elementor-element elementor-element-79c1acc elementor-widget elementor-widget-text-editor\" data-id=\"79c1acc\" data-element_type=\"widget\" data-e-type=\"widget\" data-widget_type=\"text-editor.default\">\n\t\t\t\t<div class=\"elementor-widget-container\">\n\t\t\t\t\t\t\t\t\tOui, c'est l'un des leviers les plus efficaces pour la protection du climat dans l'industrie. Jusqu'\u00e0 pr\u00e9sent, de nombreuses entreprises utilisaient des groupes \u00e9lectrog\u00e8nes diesel pour la gestion des charges de pointe (peak shaving) ou comme alimentation de secours. Un BESS de Faber E-Tec remplace enti\u00e8rement ces groupes \u00e9lectrog\u00e8nes : Il fonctionne silencieusement, n\u00e9cessite peu d'entretien et ne produit aucun gaz d'\u00e9chappement local. Cela am\u00e9liore imm\u00e9diatement le bilan CO\u2082 du site.\t\t\t\t\t\t\t\t<\/div>\n\t\t\t\t<\/div>\n\t\t\t\t<\/div>\n\t\t\t\t\t<\/details>\n\t\t\t\t\t\t<details id=\"e-n-accordion-item-1022\" class=\"e-n-accordion-item\" >\n\t\t\t\t<summary class=\"e-n-accordion-item-title\" data-accordion-index=\"3\" tabindex=\"-1\" aria-expanded=\"false\" aria-controls=\"e-n-accordion-item-1022\" >\n\t\t\t\t\t<span class='e-n-accordion-item-title-header'><div class=\"e-n-accordion-item-title-text\"> Comment BESS am\u00e9liore-t-il le bilan ESG de mon entreprise ? <\/div><\/span>\n\t\t\t\t\t\t\t<span class='e-n-accordion-item-title-icon'>\n\t\t\t<span class='e-opened' ><i aria-hidden=\"true\" class=\"fas fa-minus\"><\/i><\/span>\n\t\t\t<span class='e-closed'><i aria-hidden=\"true\" class=\"fas fa-plus\"><\/i><\/span>\n\t\t<\/span>\n\n\t\t\t\t\t\t<\/summary>\n\t\t\t\t<div role=\"region\" aria-labelledby=\"e-n-accordion-item-1022\" class=\"elementor-element elementor-element-53a3383 e-con-full e-flex e-con e-child\" data-id=\"53a3383\" data-element_type=\"container\" data-e-type=\"container\">\n\t\t\t\t<div class=\"elementor-element elementor-element-2ae05a0 elementor-widget elementor-widget-text-editor\" data-id=\"2ae05a0\" data-element_type=\"widget\" data-e-type=\"widget\" data-widget_type=\"text-editor.default\">\n\t\t\t\t<div class=\"elementor-widget-container\">\n\t\t\t\t\t\t\t\t\t<p>Dans le cadre des rapports ESG (Environnemental, Social, Gouvernance), les entreprises doivent d\u00e9montrer des strat\u00e9gies de d\u00e9carbonisation. L'installation d'un BESS est consid\u00e9r\u00e9e comme une mesure active d'am\u00e9lioration de l'efficacit\u00e9 \u00e9nerg\u00e9tique et de promotion des \u00e9nergies renouvelables. Cela am\u00e9liore votre notation aupr\u00e8s des banques, des investisseurs et des clients qui attachent de l'importance \u00e0 une \u201echa\u00eene d'approvisionnement verte\u201c.<\/p>\t\t\t\t\t\t\t\t<\/div>\n\t\t\t\t<\/div>\n\t\t\t\t<\/div>\n\t\t\t\t\t<\/details>\n\t\t\t\t\t\t<details id=\"e-n-accordion-item-1023\" class=\"e-n-accordion-item\" >\n\t\t\t\t<summary class=\"e-n-accordion-item-title\" data-accordion-index=\"4\" tabindex=\"-1\" aria-expanded=\"false\" aria-controls=\"e-n-accordion-item-1023\" >\n\t\t\t\t\t<span class='e-n-accordion-item-title-header'><div class=\"e-n-accordion-item-title-text\"> Un BESS augmente-t-il la part d'autoconsommation de mon installation PV ? <\/div><\/span>\n\t\t\t\t\t\t\t<span class='e-n-accordion-item-title-icon'>\n\t\t\t<span class='e-opened' ><i aria-hidden=\"true\" class=\"fas fa-minus\"><\/i><\/span>\n\t\t\t<span class='e-closed'><i aria-hidden=\"true\" class=\"fas fa-plus\"><\/i><\/span>\n\t\t<\/span>\n\n\t\t\t\t\t\t<\/summary>\n\t\t\t\t<div role=\"region\" aria-labelledby=\"e-n-accordion-item-1023\" class=\"elementor-element elementor-element-a4cc2fb e-con-full e-flex e-con e-child\" data-id=\"a4cc2fb\" data-element_type=\"container\" data-e-type=\"container\">\n\t\t\t\t<div class=\"elementor-element elementor-element-eadcbcc elementor-widget elementor-widget-text-editor\" data-id=\"eadcbcc\" data-element_type=\"widget\" data-e-type=\"widget\" data-widget_type=\"text-editor.default\">\n\t\t\t\t<div class=\"elementor-widget-container\">\n\t\t\t\t\t\t\t\t\t<p>Absolument. Dans l'industrie, l'\u00e9lectricit\u00e9 solaire est souvent produite lorsque la demande est faible (par exemple le week-end ou pendant les heures de pause). Sans stockage, cette \u00e9lectricit\u00e9 verte s'\u00e9coule dans le r\u00e9seau. Avec un BESS, il est stock\u00e9 et utilis\u00e9 lorsque les machines fonctionnent \u00e0 pleine charge. Cela maximise l'autoconsommation, r\u00e9duit la facture d'\u00e9lectricit\u00e9 et minimise l'empreinte CO\u2082 par produit fabriqu\u00e9.<\/p>\t\t\t\t\t\t\t\t<\/div>\n\t\t\t\t<\/div>\n\t\t\t\t<\/div>\n\t\t\t\t\t<\/details>\n\t\t\t\t\t<\/div>\n\t\t\t\t\t\n\t\t\t\t\t\t\t<\/div>\n\t\t\t\t<\/div>\n\t\t\t\t\t<\/div>\n\t\t\t\t<\/div>\n\t\t\t\t<\/div>","protected":false},"excerpt":{"rendered":"<p>Les accumulateurs \u00e0 batterie BESS modernes de Faber E-Tec permettent une efficacit\u00e9 \u00e9nerg\u00e9tique durable, des \u00e9missions r\u00e9duites et une alimentation en \u00e9nergie stable et p\u00e9renne pour le commerce et l'industrie.<\/p>","protected":false},"author":2,"featured_media":16568,"comment_status":"closed","ping_status":"open","sticky":false,"template":"","format":"standard","meta":{"_acf_changed":false,"footnotes":""},"categories":[52],"tags":[],"class_list":["post-17365","post","type-post","status-publish","format-standard","has-post-thumbnail","hentry","category-forschung-und-entwicklung"],"acf":[],"_links":{"self":[{"href":"https:\/\/faber-etec.de\/fr\/wp-json\/wp\/v2\/posts\/17365","targetHints":{"allow":["GET"]}}],"collection":[{"href":"https:\/\/faber-etec.de\/fr\/wp-json\/wp\/v2\/posts"}],"about":[{"href":"https:\/\/faber-etec.de\/fr\/wp-json\/wp\/v2\/types\/post"}],"author":[{"embeddable":true,"href":"https:\/\/faber-etec.de\/fr\/wp-json\/wp\/v2\/users\/2"}],"replies":[{"embeddable":true,"href":"https:\/\/faber-etec.de\/fr\/wp-json\/wp\/v2\/comments?post=17365"}],"version-history":[{"count":14,"href":"https:\/\/faber-etec.de\/fr\/wp-json\/wp\/v2\/posts\/17365\/revisions"}],"predecessor-version":[{"id":17418,"href":"https:\/\/faber-etec.de\/fr\/wp-json\/wp\/v2\/posts\/17365\/revisions\/17418"}],"wp:featuredmedia":[{"embeddable":true,"href":"https:\/\/faber-etec.de\/fr\/wp-json\/wp\/v2\/media\/16568"}],"wp:attachment":[{"href":"https:\/\/faber-etec.de\/fr\/wp-json\/wp\/v2\/media?parent=17365"}],"wp:term":[{"taxonomy":"category","embeddable":true,"href":"https:\/\/faber-etec.de\/fr\/wp-json\/wp\/v2\/categories?post=17365"},{"taxonomy":"post_tag","embeddable":true,"href":"https:\/\/faber-etec.de\/fr\/wp-json\/wp\/v2\/tags?post=17365"}],"curies":[{"name":"wp","href":"https:\/\/api.w.org\/{rel}","templated":true}]}}