{"id":17383,"date":"2025-11-22T15:09:00","date_gmt":"2025-11-22T14:09:00","guid":{"rendered":"https:\/\/faber-etec.de\/?p=17383"},"modified":"2025-11-21T16:24:39","modified_gmt":"2025-11-21T15:24:39","slug":"bess-spitzenlastmanagement","status":"publish","type":"post","link":"https:\/\/faber-etec.de\/fr\/forschung-und-entwicklung\/bess-spitzenlastmanagement\/","title":{"rendered":"Gestion des pics de consommation : g\u00e9rer l'\u00e9nergie de mani\u00e8re intelligente avec BESS"},"content":{"rendered":"<div data-elementor-type=\"wp-post\" data-elementor-id=\"17383\" class=\"elementor elementor-17383\" data-elementor-post-type=\"post\">\n\t\t\t\t<div class=\"elementor-element elementor-element-7bcf84d e-flex e-con-boxed e-con e-parent\" data-id=\"7bcf84d\" data-element_type=\"container\" data-e-type=\"container\">\n\t\t\t\t\t<div class=\"e-con-inner\">\n\t\t\t\t<div class=\"elementor-element elementor-element-8c46f2a elementor-widget elementor-widget-text-editor\" data-id=\"8c46f2a\" data-element_type=\"widget\" data-e-type=\"widget\" data-widget_type=\"text-editor.default\">\n\t\t\t\t<div class=\"elementor-widget-container\">\n\t\t\t\t\t\t\t\t\t<p>Gestion des pics de charge et syst\u00e8mes BESS : Dans les entreprises industrielles et commerciales modernes (<strong>M\u00e9moire industrielle<\/strong> &amp; <strong>M\u00e9moire commerciale<\/strong>), l'\u00e9nergie est plus qu'un simple facteur de co\u00fbt - c'est une ressource strat\u00e9gique. Or, c'est justement lorsque de grandes machines se mettent en marche ou que des processus de production sont men\u00e9s en parall\u00e8le que des pannes de courte dur\u00e9e surviennent. <b>Pics de puissance<\/b> (pics de charge). Le probl\u00e8me : les fournisseurs d'\u00e9nergie calculent souvent les frais de r\u00e9seau en fonction de la plus grande puissance absorb\u00e9e de l'ann\u00e9e. Un seul pic peut ainsi faire grimper massivement la facture d'\u00e9lectricit\u00e9.<\/p><p data-path-to-node=\"9\">La solution est aussi efficace que simple : <b>Gestion des pics de consommation<\/b> (\u00e9galement connu sous le nom de <i>Peak Shaving<\/i>) avec des moyens modernes <b>Syst\u00e8me BESS <\/b>Solutions (Battery Energy Storage Systems) de Faber E-Tec GmbH.<\/p>\t\t\t\t\t\t\t\t<\/div>\n\t\t\t\t<\/div>\n\t\t\t\t<div class=\"elementor-element elementor-element-7d5a311 elementor-widget-divider--view-line elementor-widget elementor-widget-divider\" data-id=\"7d5a311\" data-element_type=\"widget\" data-e-type=\"widget\" data-widget_type=\"divider.default\">\n\t\t\t\t<div class=\"elementor-widget-container\">\n\t\t\t\t\t\t\t<div class=\"elementor-divider\">\n\t\t\t<span class=\"elementor-divider-separator\">\n\t\t\t\t\t\t<\/span>\n\t\t<\/div>\n\t\t\t\t\t\t<\/div>\n\t\t\t\t<\/div>\n\t\t\t\t<div class=\"elementor-element elementor-element-3874cb9 elementor-widget elementor-widget-text-editor\" data-id=\"3874cb9\" data-element_type=\"widget\" data-e-type=\"widget\" data-widget_type=\"text-editor.default\">\n\t\t\t\t<div class=\"elementor-widget-container\">\n\t\t\t\t\t\t\t\t\t<h2>Qu'est-ce que la gestion des pics de consommation et pourquoi est-elle indispensable ?<\/h2>\n<p>La gestion des pics de consommation consiste \u00e0 surveiller votre consommation d'\u00e9nergie en temps r\u00e9el. L'objectif est de lisser les \u201epics\u201c co\u00fbteux dans la courbe de charge afin d'obtenir un profil de consommation r\u00e9gulier.<\/p>\n<p>C'est ainsi que fonctionne le principe :<\/p>\n<ol start=\"1\">\n<li>\n<p>Surveillance : le syst\u00e8me mesure en permanence les besoins en \u00e9lectricit\u00e9.<\/p>\n<\/li>\n<li>\n<p>D\u00e9charger (<strong>Peak Shaving<\/strong>) : Si les besoins d\u00e9passent une valeur seuil d\u00e9finie, le BESS se met en marche en un clin d'\u0153il et fournit l'\u00e9nergie n\u00e9cessaire \u00e0 partir de l'accumulateur au lieu de la puiser dans le r\u00e9seau.<\/p>\n<\/li>\n<li>\n<p>La recharge : Si la charge baisse \u00e0 nouveau pendant l'utilisation, le BESS se recharge automatiquement (par exemple via le courant de r\u00e9seau bon march\u00e9 ou l'installation photovolta\u00efque personnelle).<br \/><br \/><\/p>\n<\/li>\n<\/ol>\n<p>Le r\u00e9sultat pour votre entreprise :<\/p>\n<ol>\n<li>\n<p>R\u00e9duction massive des co\u00fbts : gr\u00e2ce \u00e0 la r\u00e9duction de la pointe de puissance, les tarifs de r\u00e9seau mis \u00e0 disposition diminuent drastiquement.<\/p>\n<\/li>\n<li>\n<p>Achat d'\u00e9nergie r\u00e9gulier : s\u00e9curit\u00e9 de planification pour votre budget.<\/p>\n<\/li>\n<li>\n<p>All\u00e8gement de l'infrastructure : moins de stress pour les transformateurs et les lignes.<\/p>\n<\/li>\n<\/ol>\t\t\t\t\t\t\t\t<\/div>\n\t\t\t\t<\/div>\n\t\t\t\t<div class=\"elementor-element elementor-element-2c9b0ad elementor-widget elementor-widget-image\" data-id=\"2c9b0ad\" data-element_type=\"widget\" data-e-type=\"widget\" data-widget_type=\"image.default\">\n\t\t\t\t<div class=\"elementor-widget-container\">\n\t\t\t\t\t\t\t\t\t\t\t\t<figure class=\"wp-caption\">\n\t\t\t\t\t\t\t\t\t\t<img decoding=\"async\" src=\"https:\/\/faber-etec.de\/wp-content\/uploads\/sites\/3\/elementor\/thumbs\/AdobeStock_584279663-scaled-re4wn7bfa0lokif2lsuca62j0v16mbfnqlrauet3lo.jpeg\" title=\"Solutions BESS pour la gestion des pics de charge de Faber E-Tec\" alt=\"Stockage industriel sur batterie BESS Conteneur pour la gestion des pics de consommation (peak shaving) afin de r\u00e9duire les frais de r\u00e9seau.\" loading=\"lazy\" \/>\t\t\t\t\t\t\t\t\t\t\t<figcaption class=\"widget-image-caption wp-caption-text\">Peak Shaving - Installation d'\u00e9nergie industrielle \/ Accumulateur de batterie Industrie : Les syst\u00e8mes BESS modernes permettent d'absorber les pics de charge de mani\u00e8re fiable. <\/figcaption>\n\t\t\t\t\t\t\t\t\t\t<\/figure>\n\t\t\t\t\t\t\t\t\t<\/div>\n\t\t\t\t<\/div>\n\t\t\t\t<div class=\"elementor-element elementor-element-b41c874 elementor-widget-divider--view-line elementor-widget elementor-widget-divider\" data-id=\"b41c874\" data-element_type=\"widget\" data-e-type=\"widget\" data-widget_type=\"divider.default\">\n\t\t\t\t<div class=\"elementor-widget-container\">\n\t\t\t\t\t\t\t<div class=\"elementor-divider\">\n\t\t\t<span class=\"elementor-divider-separator\">\n\t\t\t\t\t\t<\/span>\n\t\t<\/div>\n\t\t\t\t\t\t<\/div>\n\t\t\t\t<\/div>\n\t\t\t\t<div class=\"elementor-element elementor-element-c709f0b elementor-widget elementor-widget-text-editor\" data-id=\"c709f0b\" data-element_type=\"widget\" data-e-type=\"widget\" data-widget_type=\"text-editor.default\">\n\t\t\t\t<div class=\"elementor-widget-container\">\n\t\t\t\t\t\t\t\t\t<h3>Pourquoi le syst\u00e8me BESS est la technologie sup\u00e9rieure<\/h3>\n<p>Auparavant, les entreprises utilisaient des g\u00e9n\u00e9rateurs diesel ou des contrats de d\u00e9lestage complexes pour \u00e9viter les pics. Un syst\u00e8me moderne de stockage d'\u00e9nergie par batterie (BESS) offre ici des avantages d\u00e9cisifs :<\/p>\n<p data-path-to-node=\"18,0,0\">Temps de r\u00e9action en millisecondes : Contrairement aux g\u00e9n\u00e9rateurs inertes, les syst\u00e8mes BESS compensent les variations de charge presque instantan\u00e9ment.<\/p>\n<p data-path-to-node=\"18,1,0\">Int\u00e9gration sans faille : en tant que partenaire EPC exp\u00e9riment\u00e9, nous int\u00e9grons BESS sans probl\u00e8me dans votre infrastructure existante - qu'il s'agisse d'un poste de transformation, d'une installation PV ou directement dans le hall industriel.<\/p>\n<p data-path-to-node=\"18,2,0\">Rentabilit\u00e9 : un stockage bien dimensionn\u00e9 est souvent amorti en quelques ann\u00e9es gr\u00e2ce aux \u00e9conomies r\u00e9alis\u00e9es sur les tarifs de r\u00e9seau.<\/p>\n<p data-path-to-node=\"18,3,0\">S\u00e9curit\u00e9 d'approvisionnement maximale : gr\u00e2ce au syst\u00e8me intelligent EMS (Energy Management System) et BMS (Battery Management System), l'installation fonctionne en toute s\u00e9curit\u00e9 en continu.<\/p>\t\t\t\t\t\t\t\t<\/div>\n\t\t\t\t<\/div>\n\t\t\t\t<div class=\"elementor-element elementor-element-762bdc0 elementor-cta--skin-cover elementor-cta--valign-middle elementor-bg-transform elementor-bg-transform-zoom-in elementor-widget elementor-widget-call-to-action\" data-id=\"762bdc0\" data-element_type=\"widget\" data-e-type=\"widget\" data-widget_type=\"call-to-action.default\">\n\t\t\t\t<div class=\"elementor-widget-container\">\n\t\t\t\t\t\t\t<div class=\"elementor-cta\">\n\t\t\t\t\t<div class=\"elementor-cta__bg-wrapper\">\n\t\t\t\t<div class=\"elementor-cta__bg elementor-bg\" style=\"background-image: url(https:\/\/faber-etec.de\/wp-content\/uploads\/sites\/3\/2025\/11\/kompakt-trafostation-faber-etec-kompaktstation-von-unten-Perspektive-1024x444.avif);\" role=\"img\" aria-label=\"Poste de transformation compact pour moyenne tension en ext\u00e9rieur - Faber E-Tec - Kompakt Transfostation, Trafostation, Transformatorenstation, Trafo Kompaktstation, Betonstation, Mittelpannung, Photovoltaikanlage, Solarstrom\"><\/div>\n\t\t\t\t<div class=\"elementor-cta__bg-overlay\"><\/div>\n\t\t\t<\/div>\n\t\t\t\t\t\t\t<div class=\"elementor-cta__content\">\n\t\t\t\t\n\t\t\t\t\t\t\t\t\t<h3 class=\"elementor-cta__title elementor-cta__content-item elementor-content-item\">\n\t\t\t\t\t\tStation compacte BESS\t\t\t\t\t<\/h3>\n\t\t\t\t\n\t\t\t\t\n\t\t\t\t\t\t\t\t\t<div class=\"elementor-cta__button-wrapper elementor-cta__content-item elementor-content-item\">\n\t\t\t\t\t<a class=\"elementor-cta__button elementor-button elementor-size-\"  href=\"https:\/\/faber-etec.de\/fr\/station-compacte\/\" title=\"Station compacte - Demander une station compacte\">\n\t\t\t\t\t\tDemander une station compacte <i aria-hidden=\"true\" class=\"fas fa-angle-right\"><\/i>\t\t\t\t\t<\/a>\n\t\t\t\t\t<\/div>\n\t\t\t\t\t\t\t<\/div>\n\t\t\t\t\t\t<\/div>\n\t\t\t\t\t\t<\/div>\n\t\t\t\t<\/div>\n\t\t\t\t<div class=\"elementor-element elementor-element-d112e2c elementor-widget-divider--view-line elementor-widget elementor-widget-divider\" data-id=\"d112e2c\" data-element_type=\"widget\" data-e-type=\"widget\" data-widget_type=\"divider.default\">\n\t\t\t\t<div class=\"elementor-widget-container\">\n\t\t\t\t\t\t\t<div class=\"elementor-divider\">\n\t\t\t<span class=\"elementor-divider-separator\">\n\t\t\t\t\t\t<\/span>\n\t\t<\/div>\n\t\t\t\t\t\t<\/div>\n\t\t\t\t<\/div>\n\t\t\t\t<div class=\"elementor-element elementor-element-3ca16d3 elementor-widget elementor-widget-text-editor\" data-id=\"3ca16d3\" data-element_type=\"widget\" data-e-type=\"widget\" data-widget_type=\"text-editor.default\">\n\t\t\t\t<div class=\"elementor-widget-container\">\n\t\t\t\t\t\t\t\t\t<h3>Faber E-Tec : votre partenaire EPC pour le stockage int\u00e9gral de l'\u00e9nergie<\/h3>\n<p>Chez Faber E-Tec GmbH, nous ne nous consid\u00e9rons pas seulement comme un fournisseur, mais aussi comme votre partenaire EPC (Engineering, Procurement &amp; Construction). Cela signifie que nous ne vous livrons pas une \u201ebo\u00eete\u201c, mais une centrale \u00e9nerg\u00e9tique cl\u00e9 en main.<\/p>\n<p>Nos solutions BESS sont modulaires, \u00e9volutives et con\u00e7ues pour r\u00e9sister aux rigueurs du quotidien industriel. Nous combinons des accumulateurs haute performance avec nos stations de transformation compactes \u00e9prouv\u00e9es afin de garantir une efficacit\u00e9 et une s\u00e9curit\u00e9 maximales (VDE 4110\/4120, IEC 62619).<\/p>\t\t\t\t\t\t\t\t<\/div>\n\t\t\t\t<\/div>\n\t\t\t\t<div class=\"elementor-element elementor-element-070949e elementor-widget elementor-widget-text-editor\" data-id=\"070949e\" data-element_type=\"widget\" data-e-type=\"widget\" data-widget_type=\"text-editor.default\">\n\t\t\t\t<div class=\"elementor-widget-container\">\n\t\t\t\t\t\t\t\t\t<h4>Aper\u00e7u de nos solutions de produits BESS<\/h4>\n<p>Qu'il s'agisse d'une entreprise commerciale de taille moyenne ou d'un grand parc industriel, nous avons la mise \u00e0 l'\u00e9chelle qui convient.<\/p>\n<table style=\"width: 100%; border-collapse: collapse; text-align: left;\">\n<thead>\n<tr style=\"background-color: #f2f2f2; border-bottom: 2px solid #333;\">\n<th style=\"padding: 10px; border: 1px solid #ddd;\">Mod\u00e8le<\/th>\n<th style=\"padding: 10px; border: 1px solid #ddd;\">Capacit\u00e9<\/th>\n<th style=\"padding: 10px; border: 1px solid #ddd;\">Utilisation id\u00e9ale<\/th>\n<\/tr>\n<\/thead>\n<tbody>\n<tr>\n<td style=\"padding: 10px; border: 1px solid #ddd;\"><strong>Greencube 418 kWh<\/strong><\/td>\n<td style=\"padding: 10px; border: 1px solid #ddd;\">418 kWh<\/td>\n<td style=\"padding: 10px; border: 1px solid #ddd;\">Parfait pour <strong>Commerce<\/strong>. Compact et id\u00e9al pour couvrir les pics \u00e0 court terme dans les petites installations.<\/td>\n<\/tr>\n<tr>\n<td style=\"padding: 10px; border: 1px solid #ddd;\"><strong>Greencube 835 kWh<\/strong><\/td>\n<td style=\"padding: 10px; border: 1px solid #ddd;\">835 kWh<\/td>\n<td style=\"padding: 10px; border: 1px solid #ddd;\">La solution pour le <strong>Classes moyennes<\/strong>. Tr\u00e8s efficace gr\u00e2ce au refroidissement par liquide et \u00e0 la commande EMS.<\/td>\n<\/tr>\n<tr>\n<td style=\"padding: 10px; border: 1px solid #ddd;\"><strong>Conteneur BESS<\/strong><\/td>\n<td style=\"padding: 10px; border: 1px solid #ddd;\">3.340 - 5.015 kWh<\/td>\n<td style=\"padding: 10px; border: 1px solid #ddd;\">Des solutions de conteneurs performantes pour <strong>Grandes industries &amp; parcs \u00e9nerg\u00e9tiques<\/strong>. Puissance maximale pour la stabilisation du r\u00e9seau et le fonctionnement en mode tampon.<\/td>\n<\/tr>\n<\/tbody>\n<\/table>\t\t\t\t\t\t\t\t<\/div>\n\t\t\t\t<\/div>\n\t\t\t\t<div class=\"elementor-element elementor-element-b42a74f elementor-widget elementor-widget-text-editor\" data-id=\"b42a74f\" data-element_type=\"widget\" data-e-type=\"widget\" data-widget_type=\"text-editor.default\">\n\t\t\t\t<div class=\"elementor-widget-container\">\n\t\t\t\t\t\t\t\t\t<h3>Focus sur la technologie et la s\u00e9curit\u00e9<\/h3>\n<p>La s\u00e9curit\u00e9 est notre priorit\u00e9. Tous les syst\u00e8mes Faber E-Tec utilisent la technologie moderne des cellules LFP (lithium-phosphate de fer), qui est consid\u00e9r\u00e9e comme particuli\u00e8rement s\u00fbre et durable. Compl\u00e9t\u00e9s par un refroidissement liquide efficace et des syst\u00e8mes d'extinction d'incendie par a\u00e9rosols int\u00e9gr\u00e9s, nos accumulateurs sont \u00e9quip\u00e9s pour un fonctionnement industriel continu.<\/p>\t\t\t\t\t\t\t\t<\/div>\n\t\t\t\t<\/div>\n\t\t\t\t<div class=\"elementor-element elementor-element-f5ad339 elementor-widget-divider--view-line elementor-widget elementor-widget-divider\" data-id=\"f5ad339\" data-element_type=\"widget\" data-e-type=\"widget\" data-widget_type=\"divider.default\">\n\t\t\t\t<div class=\"elementor-widget-container\">\n\t\t\t\t\t\t\t<div class=\"elementor-divider\">\n\t\t\t<span class=\"elementor-divider-separator\">\n\t\t\t\t\t\t<\/span>\n\t\t<\/div>\n\t\t\t\t\t\t<\/div>\n\t\t\t\t<\/div>\n\t\t\t\t<div class=\"elementor-element elementor-element-010be0b elementor-widget elementor-widget-text-editor\" data-id=\"010be0b\" data-element_type=\"widget\" data-e-type=\"widget\" data-widget_type=\"text-editor.default\">\n\t\t\t\t<div class=\"elementor-widget-container\">\n\t\t\t\t\t\t\t\t\t<h2>Conclusion : avantages concurrentiels gr\u00e2ce \u00e0 l'\u00e9nergie intelligente<\/h2>\n<p>Aujourd'hui, l'interaction entre BESS et la gestion des pics de consommation n'est plus un luxe, mais une n\u00e9cessit\u00e9 \u00e9conomique. Avec les solutions de Faber E-Tec GmbH, vous vous assurez trois avantages d\u00e9cisifs :<\/p>\n<ol start=\"1\" data-path-to-node=\"31\">\n<li>\n<p data-path-to-node=\"31,0,0\">R\u00e9duction des co\u00fbts li\u00e9s \u00e0 la r\u00e9mun\u00e9ration du r\u00e9seau.<br \/><br \/><\/p>\n<\/li>\n<li>\n<p data-path-to-node=\"31,1,0\">S\u00e9curit\u00e9 de fonctionnement gr\u00e2ce \u00e0 une alimentation en tension stable.<br \/><br \/><\/p>\n<\/li>\n<li>\n<p data-path-to-node=\"31,2,0\">S\u00e9curit\u00e9 pour l'avenir gr\u00e2ce \u00e0 la possibilit\u00e9 d'int\u00e9grer le PV et d'optimiser l'autoconsommation.<br \/><br \/><\/p>\n<\/li>\n<\/ol>\n<p data-path-to-node=\"32\">Vous voulez savoir combien vous pouvez \u00e9conomiser gr\u00e2ce au Peak Shaving ? Laissez-nous analyser votre courbe de charge. Contactez-nous d\u00e8s aujourd'hui pour une consultation sans engagement.<\/p>\t\t\t\t\t\t\t\t<\/div>\n\t\t\t\t<\/div>\n\t\t\t\t<div class=\"elementor-element elementor-element-389f31e elementor-widget elementor-widget-image\" data-id=\"389f31e\" data-element_type=\"widget\" data-e-type=\"widget\" data-widget_type=\"image.default\">\n\t\t\t\t<div class=\"elementor-widget-container\">\n\t\t\t\t\t\t\t\t\t\t\t\t<figure class=\"wp-caption\">\n\t\t\t\t\t\t\t\t\t\t<img decoding=\"async\" src=\"https:\/\/faber-etec.de\/wp-content\/uploads\/sites\/3\/elementor\/thumbs\/batter-sunrise-scaled-re615yydrtl1vwtw9jpq8tiksz2smil24jrqe672o0.avif\" title=\"Accumulateurs \u00e0 batterie BESS de Faber E-Tec - des solutions de stockage d&#039;\u00e9nergie durables pour l&#039;industrie et le commerce\" alt=\"Accumulateur de batterie BESS de Faber E-Tec au lever du soleil - image symbolique du stockage d&#039;\u00e9nergie durable et de l&#039;efficacit\u00e9 \u00e9nerg\u00e9tique industrielle\" loading=\"lazy\" \/>\t\t\t\t\t\t\t\t\t\t\t<figcaption class=\"widget-image-caption wp-caption-text\">Conteneur moderne de stockage de batteries (BESS) de Faber E-Tec dans la lumi\u00e8re du matin. Cette image symbolise l'\u00e9volution vers des solutions de stockage d'\u00e9nergie durables et la r\u00e9duction du CO\u2082 dans l'industrie et le commerce.<\/figcaption>\n\t\t\t\t\t\t\t\t\t\t<\/figure>\n\t\t\t\t\t\t\t\t\t<\/div>\n\t\t\t\t<\/div>\n\t\t\t\t<div class=\"elementor-element elementor-element-4b2c2ce elementor-widget elementor-widget-heading\" data-id=\"4b2c2ce\" data-element_type=\"widget\" data-e-type=\"widget\" data-widget_type=\"heading.default\">\n\t\t\t\t<div class=\"elementor-widget-container\">\n\t\t\t\t\t<h3 class=\"elementor-heading-title elementor-size-default\">Questions fr\u00e9quentes sur la gestion des pics de consommation &amp; BESS<\/h3>\t\t\t\t<\/div>\n\t\t\t\t<\/div>\n\t\t\t\t<div class=\"elementor-element elementor-element-d9f2303 faqaccordion elementor-widget elementor-widget-n-accordion\" data-id=\"d9f2303\" data-element_type=\"widget\" data-e-type=\"widget\" data-settings=\"{&quot;default_state&quot;:&quot;all_collapsed&quot;,&quot;max_items_expended&quot;:&quot;one&quot;,&quot;n_accordion_animation_duration&quot;:{&quot;unit&quot;:&quot;ms&quot;,&quot;size&quot;:400,&quot;sizes&quot;:[]}}\" data-widget_type=\"nested-accordion.default\">\n\t\t\t\t<div class=\"elementor-widget-container\">\n\t\t\t\t\t\t\t<div class=\"e-n-accordion\" aria-label=\"L&#039;accord\u00e9on. Ouvre les liens avec Enter ou Space, ferme avec Escape, et navigue avec Arrow Keys.\">\n\t\t\t\t\t\t<details id=\"e-n-accordion-item-2280\" class=\"e-n-accordion-item\" >\n\t\t\t\t<summary class=\"e-n-accordion-item-title\" data-accordion-index=\"1\" tabindex=\"0\" aria-expanded=\"false\" aria-controls=\"e-n-accordion-item-2280\" >\n\t\t\t\t\t<span class='e-n-accordion-item-title-header'><div class=\"e-n-accordion-item-title-text\"> Qu'entend-on par gestion des pics de consommation (peak shaving) ? <\/div><\/span>\n\t\t\t\t\t\t\t<span class='e-n-accordion-item-title-icon'>\n\t\t\t<span class='e-opened' ><i aria-hidden=\"true\" class=\"fas fa-minus\"><\/i><\/span>\n\t\t\t<span class='e-closed'><i aria-hidden=\"true\" class=\"fas fa-plus\"><\/i><\/span>\n\t\t<\/span>\n\n\t\t\t\t\t\t<\/summary>\n\t\t\t\t<div role=\"region\" aria-labelledby=\"e-n-accordion-item-2280\" class=\"elementor-element elementor-element-49bb7a4 e-con-full e-flex e-con e-child\" data-id=\"49bb7a4\" data-element_type=\"container\" data-e-type=\"container\">\n\t\t\t\t<div class=\"elementor-element elementor-element-98a3be1 elementor-widget elementor-widget-text-editor\" data-id=\"98a3be1\" data-element_type=\"widget\" data-e-type=\"widget\" data-widget_type=\"text-editor.default\">\n\t\t\t\t<div class=\"elementor-widget-container\">\n\t\t\t\t\t\t\t\t\t<p>La gestion des pics de consommation d\u00e9signe la r\u00e9duction cibl\u00e9e ou le d\u00e9placement temporel de la consommation d'\u00e9lectricit\u00e9 pendant les p\u00e9riodes de demande particuli\u00e8rement \u00e9lev\u00e9e. L'objectif est de lisser ce que l'on appelle les pics de charge (peaks). Pour les entreprises industrielles, cela est crucial pour r\u00e9duire les tarifs du r\u00e9seau, car ceux-ci sont souvent bas\u00e9s sur la puissance maximale mesur\u00e9e pendant 15 minutes au cours de l'ann\u00e9e.<\/p>\t\t\t\t\t\t\t\t<\/div>\n\t\t\t\t<\/div>\n\t\t\t\t<\/div>\n\t\t\t\t\t<\/details>\n\t\t\t\t\t\t<details id=\"e-n-accordion-item-2281\" class=\"e-n-accordion-item\" >\n\t\t\t\t<summary class=\"e-n-accordion-item-title\" data-accordion-index=\"2\" tabindex=\"-1\" aria-expanded=\"false\" aria-controls=\"e-n-accordion-item-2281\" >\n\t\t\t\t\t<span class='e-n-accordion-item-title-header'><div class=\"e-n-accordion-item-title-text\"> Pourquoi les pics de charge sont-ils si co\u00fbteux pour les entreprises ? <\/div><\/span>\n\t\t\t\t\t\t\t<span class='e-n-accordion-item-title-icon'>\n\t\t\t<span class='e-opened' ><i aria-hidden=\"true\" class=\"fas fa-minus\"><\/i><\/span>\n\t\t\t<span class='e-closed'><i aria-hidden=\"true\" class=\"fas fa-plus\"><\/i><\/span>\n\t\t<\/span>\n\n\t\t\t\t\t\t<\/summary>\n\t\t\t\t<div role=\"region\" aria-labelledby=\"e-n-accordion-item-2281\" class=\"elementor-element elementor-element-7a7a455 e-con-full e-flex e-con e-child\" data-id=\"7a7a455\" data-element_type=\"container\" data-e-type=\"container\">\n\t\t\t\t<div class=\"elementor-element elementor-element-fe221a3 elementor-widget elementor-widget-text-editor\" data-id=\"fe221a3\" data-element_type=\"widget\" data-e-type=\"widget\" data-widget_type=\"text-editor.default\">\n\t\t\t\t<div class=\"elementor-widget-container\">\n\t\t\t\t\t\t\t\t\tLes fournisseurs d'\u00e9nergie facturent aux clients industriels non seulement la consommation r\u00e9elle (prix de travail), mais aussi un prix de puissance. Celui-ci est fonction de la puissance maximale consomm\u00e9e au cours de l'ann\u00e9e. Un seul pic de courte dur\u00e9e - par exemple lors du d\u00e9marrage simultan\u00e9 de grandes machines - peut faire grimper massivement les tarifs du r\u00e9seau pour toute l'ann\u00e9e.\t\t\t\t\t\t\t\t<\/div>\n\t\t\t\t<\/div>\n\t\t\t\t<\/div>\n\t\t\t\t\t<\/details>\n\t\t\t\t\t\t<details id=\"e-n-accordion-item-2282\" class=\"e-n-accordion-item\" >\n\t\t\t\t<summary class=\"e-n-accordion-item-title\" data-accordion-index=\"3\" tabindex=\"-1\" aria-expanded=\"false\" aria-controls=\"e-n-accordion-item-2282\" >\n\t\t\t\t\t<span class='e-n-accordion-item-title-header'><div class=\"e-n-accordion-item-title-text\"> Comment un accumulateur \u00e0 batterie (BESS) aide-t-il \u00e0 g\u00e9rer les pics de consommation ? <\/div><\/span>\n\t\t\t\t\t\t\t<span class='e-n-accordion-item-title-icon'>\n\t\t\t<span class='e-opened' ><i aria-hidden=\"true\" class=\"fas fa-minus\"><\/i><\/span>\n\t\t\t<span class='e-closed'><i aria-hidden=\"true\" class=\"fas fa-plus\"><\/i><\/span>\n\t\t<\/span>\n\n\t\t\t\t\t\t<\/summary>\n\t\t\t\t<div role=\"region\" aria-labelledby=\"e-n-accordion-item-2282\" class=\"elementor-element elementor-element-daccf8b e-con-full e-flex e-con e-child\" data-id=\"daccf8b\" data-element_type=\"container\" data-e-type=\"container\">\n\t\t\t\t<div class=\"elementor-element elementor-element-8990eb5 elementor-widget elementor-widget-text-editor\" data-id=\"8990eb5\" data-element_type=\"widget\" data-e-type=\"widget\" data-widget_type=\"text-editor.default\">\n\t\t\t\t<div class=\"elementor-widget-container\">\n\t\t\t\t\t\t\t\t\t<p>Un BESS (Battery Energy Storage System) est la m\u00e9thode la plus confortable pour le Peak Shaving. Au lieu d'arr\u00eater les machines (d\u00e9lestage), l'accumulateur prend le relais : il fournit l'\u00e9nergie n\u00e9cessaire au moment pr\u00e9cis o\u00f9 le pic de charge se produit. Le r\u00e9seau public n'est pas sollicit\u00e9, l'entreprise continue \u00e0 fonctionner sans \u00eatre perturb\u00e9e et le pic de puissance dans la facturation est supprim\u00e9.<\/p>\t\t\t\t\t\t\t\t<\/div>\n\t\t\t\t<\/div>\n\t\t\t\t<\/div>\n\t\t\t\t\t<\/details>\n\t\t\t\t\t\t<details id=\"e-n-accordion-item-2283\" class=\"e-n-accordion-item\" >\n\t\t\t\t<summary class=\"e-n-accordion-item-title\" data-accordion-index=\"4\" tabindex=\"-1\" aria-expanded=\"false\" aria-controls=\"e-n-accordion-item-2283\" >\n\t\t\t\t\t<span class='e-n-accordion-item-title-header'><div class=\"e-n-accordion-item-title-text\"> Quelles sont les m\u00e9thodes pour \u00e9viter les pics de consommation ? <\/div><\/span>\n\t\t\t\t\t\t\t<span class='e-n-accordion-item-title-icon'>\n\t\t\t<span class='e-opened' ><i aria-hidden=\"true\" class=\"fas fa-minus\"><\/i><\/span>\n\t\t\t<span class='e-closed'><i aria-hidden=\"true\" class=\"fas fa-plus\"><\/i><\/span>\n\t\t<\/span>\n\n\t\t\t\t\t\t<\/summary>\n\t\t\t\t<div role=\"region\" aria-labelledby=\"e-n-accordion-item-2283\" class=\"elementor-element elementor-element-898183b e-con-full e-flex e-con e-child\" data-id=\"898183b\" data-element_type=\"container\" data-e-type=\"container\">\n\t\t\t\t<div class=\"elementor-element elementor-element-cb148b9 elementor-widget elementor-widget-text-editor\" data-id=\"cb148b9\" data-element_type=\"widget\" data-e-type=\"widget\" data-widget_type=\"text-editor.default\">\n\t\t\t\t<div class=\"elementor-widget-container\">\n\t\t\t\t\t\t\t\t\t<p data-path-to-node=\"12\">Outre l'efficacit\u00e9 \u00e9nerg\u00e9tique (r\u00e9duction g\u00e9n\u00e9rale de la consommation), il existe trois m\u00e9thodes principales :<\/p><ol start=\"1\" data-path-to-node=\"13\"><li><p data-path-to-node=\"13,0,0\">D\u00e9lestage : d\u00e9connexion des consommateurs non essentiels (inconv\u00e9nient : intervention dans le fonctionnement).<\/p><\/li><li><p data-path-to-node=\"13,1,0\">R\u00e9ponse \u00e0 la demande : utilisation d'incitations \u00e0 la r\u00e9duction de la consommation.<\/p><\/li><li><p data-path-to-node=\"13,2,0\">Syst\u00e8mes de stockage (BESS) : Tamponnage des pics de charge par des batteries (avantage : pas d'interruption de service).<\/p><\/li><\/ol>\t\t\t\t\t\t\t\t<\/div>\n\t\t\t\t<\/div>\n\t\t\t\t<\/div>\n\t\t\t\t\t<\/details>\n\t\t\t\t\t\t<details id=\"e-n-accordion-item-2284\" class=\"e-n-accordion-item\" >\n\t\t\t\t<summary class=\"e-n-accordion-item-title\" data-accordion-index=\"5\" tabindex=\"-1\" aria-expanded=\"false\" aria-controls=\"e-n-accordion-item-2284\" >\n\t\t\t\t\t<span class='e-n-accordion-item-title-header'><div class=\"e-n-accordion-item-title-text\"> Quels sont les avantages de la gestion des pics de consommation pour l'industrie ? <\/div><\/span>\n\t\t\t\t\t\t\t<span class='e-n-accordion-item-title-icon'>\n\t\t\t<span class='e-opened' ><i aria-hidden=\"true\" class=\"fas fa-minus\"><\/i><\/span>\n\t\t\t<span class='e-closed'><i aria-hidden=\"true\" class=\"fas fa-plus\"><\/i><\/span>\n\t\t<\/span>\n\n\t\t\t\t\t\t<\/summary>\n\t\t\t\t<div role=\"region\" aria-labelledby=\"e-n-accordion-item-2284\" class=\"elementor-element elementor-element-6ce5f45 e-con-full e-flex e-con e-child\" data-id=\"6ce5f45\" data-element_type=\"container\" data-e-type=\"container\">\n\t\t\t\t<div class=\"elementor-element elementor-element-f47326a elementor-widget elementor-widget-text-editor\" data-id=\"f47326a\" data-element_type=\"widget\" data-e-type=\"widget\" data-widget_type=\"text-editor.default\">\n\t\t\t\t<div class=\"elementor-widget-container\">\n\t\t\t\t\t\t\t\t\t<p>Le principal avantage est la r\u00e9duction imm\u00e9diate des co\u00fbts de l'\u00e9lectricit\u00e9 (r\u00e9mun\u00e9ration du r\u00e9seau). De plus, il augmente la s\u00e9curit\u00e9 de l'approvisionnement, puisque des r\u00e9serves propres sont disponibles, et soulage le r\u00e9seau \u00e9lectrique public, ce qui r\u00e9duit le besoin de d\u00e9velopper des infrastructures co\u00fbteuses.<\/p>\t\t\t\t\t\t\t\t<\/div>\n\t\t\t\t<\/div>\n\t\t\t\t<\/div>\n\t\t\t\t\t<\/details>\n\t\t\t\t\t<\/div>\n\t\t\t\t\t\n\t\t\t\t\t\t\t<\/div>\n\t\t\t\t<\/div>\n\t\t\t\t\t<\/div>\n\t\t\t\t<\/div>\n\t\t\t\t<\/div>","protected":false},"excerpt":{"rendered":"<p>R\u00e9duisez efficacement vos frais de r\u00e9seau gr\u00e2ce \u00e0 la gestion des charges de pointe (peak shaving). D\u00e9couvrez comment les solutions BESS de Faber E-Tec r\u00e9duisent durablement vos co\u00fbts \u00e9nerg\u00e9tiques.<\/p>","protected":false},"author":2,"featured_media":17384,"comment_status":"closed","ping_status":"open","sticky":false,"template":"","format":"standard","meta":{"_acf_changed":false,"footnotes":""},"categories":[52],"tags":[],"class_list":["post-17383","post","type-post","status-publish","format-standard","has-post-thumbnail","hentry","category-forschung-und-entwicklung"],"acf":[],"_links":{"self":[{"href":"https:\/\/faber-etec.de\/fr\/wp-json\/wp\/v2\/posts\/17383","targetHints":{"allow":["GET"]}}],"collection":[{"href":"https:\/\/faber-etec.de\/fr\/wp-json\/wp\/v2\/posts"}],"about":[{"href":"https:\/\/faber-etec.de\/fr\/wp-json\/wp\/v2\/types\/post"}],"author":[{"embeddable":true,"href":"https:\/\/faber-etec.de\/fr\/wp-json\/wp\/v2\/users\/2"}],"replies":[{"embeddable":true,"href":"https:\/\/faber-etec.de\/fr\/wp-json\/wp\/v2\/comments?post=17383"}],"version-history":[{"count":27,"href":"https:\/\/faber-etec.de\/fr\/wp-json\/wp\/v2\/posts\/17383\/revisions"}],"predecessor-version":[{"id":17415,"href":"https:\/\/faber-etec.de\/fr\/wp-json\/wp\/v2\/posts\/17383\/revisions\/17415"}],"wp:featuredmedia":[{"embeddable":true,"href":"https:\/\/faber-etec.de\/fr\/wp-json\/wp\/v2\/media\/17384"}],"wp:attachment":[{"href":"https:\/\/faber-etec.de\/fr\/wp-json\/wp\/v2\/media?parent=17383"}],"wp:term":[{"taxonomy":"category","embeddable":true,"href":"https:\/\/faber-etec.de\/fr\/wp-json\/wp\/v2\/categories?post=17383"},{"taxonomy":"post_tag","embeddable":true,"href":"https:\/\/faber-etec.de\/fr\/wp-json\/wp\/v2\/tags?post=17383"}],"curies":[{"name":"wp","href":"https:\/\/api.w.org\/{rel}","templated":true}]}}