{"id":17838,"date":"2025-12-15T23:52:52","date_gmt":"2025-12-15T22:52:52","guid":{"rendered":"https:\/\/faber-etec.de\/?p=17838"},"modified":"2025-12-15T23:52:59","modified_gmt":"2025-12-15T22:52:59","slug":"pv-solar-bess-zwischenspeicherung","status":"publish","type":"post","link":"https:\/\/faber-etec.de\/fr\/forschung-und-entwicklung\/pv-solar-bess-zwischenspeicherung\/","title":{"rendered":"Stockage interm\u00e9diaire PV : utiliser efficacement l'\u00e9lectricit\u00e9 solaire avec un stockage sur batterie commercial"},"content":{"rendered":"<p>Les installations photovolta\u00efques jouent un r\u00f4le central dans la strat\u00e9gie \u00e9nerg\u00e9tique moderne des entreprises. Mais les exploitants sont souvent confront\u00e9s \u00e0 un probl\u00e8me physique : la production d'\u00e9lectricit\u00e9 est rarement synchrone avec la consommation. \u00c0 midi, l'installation photovolta\u00efque produit d'importants exc\u00e9dents, alors que les besoins \u00e9nerg\u00e9tiques de la production et de la logistique sont souvent les plus \u00e9lev\u00e9s le matin ou le soir.<\/p>\n\n\n\n<p>Venir ici <strong>Syst\u00e8mes BESS (Battery Energy Storage Systems)<\/strong> entrent en jeu. Ils comblent le foss\u00e9 entre la production et l'utilisation en jouant le r\u00f4le d'accumulateur d'\u00e9nergie intelligent.<\/p>\n\n\n\n<h2 class=\"wp-block-heading\">Pourquoi le stockage interm\u00e9diaire PV est crucial pour les professionnels<\/h2>\n\n\n\n<p>Avec la hausse des prix de l'\u00e9lectricit\u00e9 et la volatilit\u00e9 des march\u00e9s de l'\u00e9nergie, le <strong>Consommation propre<\/strong> toujours plus pr\u00e9cieux que la simple injection dans le r\u00e9seau. Un accumulateur de batterie permet de ne pas vendre votre \u00e9lectricit\u00e9 solaire pour quelques centimes, mais de l'utiliser en interne, au moment pr\u00e9cis o\u00f9 vos machines ou vos bornes de recharge en ont besoin.<\/p>\n\n\n\n<p><strong>Aper\u00e7u des avantages pour les entreprises :<\/strong><\/p>\n\n\n\n<ul class=\"wp-block-list\">\n<li><strong>Augmentation de l'autoconsommation :<\/strong> Utilisation maximale de l'\u00e9lectricit\u00e9 bon march\u00e9 produite par l'entreprise.<\/li>\n\n\n\n<li><strong>R\u00e9duction des co\u00fbts :<\/strong> Achat moins co\u00fbteux du r\u00e9seau aupr\u00e8s du fournisseur d'\u00e9nergie.<\/li>\n\n\n\n<li><strong>Peak Shaving (gestion des pics de charge) :<\/strong> \u00c9viter les pics de puissance co\u00fbteux qui font grimper les tarifs du r\u00e9seau.<\/li>\n\n\n\n<li><strong>la s\u00e9curit\u00e9 de l'approvisionnement :<\/strong> Un approvisionnement en \u00e9nergie stable, m\u00eame en cas de fluctuations du r\u00e9seau.<\/li>\n\n\n\n<li><strong>Ind\u00e9pendance :<\/strong> Moins d'influence due aux augmentations externes des prix de l'\u00e9lectricit\u00e9.<\/li>\n<\/ul>\n\n\n\n<h2 class=\"wp-block-heading\">Technologie : Comment fonctionne le syst\u00e8me BESS<\/h2>\n\n\n\n<p>Un accumulateur commercial est bien plus qu'une simple batterie. La pi\u00e8ce ma\u00eetresse est le <strong>EMS (syst\u00e8me de gestion de l'\u00e9nergie)<\/strong>. Les installations PV fournissent du courant continu qui est stock\u00e9 dans l'accumulateur. L'EMS d\u00e9cide alors en temps r\u00e9el et de mani\u00e8re enti\u00e8rement automatique des flux d'\u00e9nergie :<\/p>\n\n\n\n<ol start=\"1\" class=\"wp-block-list\">\n<li><strong>Quand charger ?<\/strong> (En cas d'exc\u00e9dent PV)<\/li>\n\n\n\n<li><strong>Quand d\u00e9charger ?<\/strong> (En cas de consommation \u00e9lev\u00e9e ou de prix de l'\u00e9lectricit\u00e9 \u00e9lev\u00e9s)<\/li>\n\n\n\n<li><strong>Quand couper ?<\/strong> (r\u00e9duction des pics de charge)<\/li>\n<\/ol>\n\n\n\n<p>Le r\u00e9sultat est un profil \u00e9nerg\u00e9tique intelligent et dynamique qui optimise la structure des co\u00fbts de votre entreprise.<\/p>\n\n\n\n<h2 class=\"wp-block-heading\">Quelle est la taille de m\u00e9moire appropri\u00e9e pour votre entreprise ?<\/h2>\n\n\n\n<p>Faber E-Tec propose des solutions \u00e9volutives qui s'adaptent exactement \u00e0 la puissance de production de votre installation photovolta\u00efque et \u00e0 votre profil de charge :<\/p>\n\n\n\n<h3 class=\"wp-block-heading\">Greencube 418 kWh - Pour les petits commerces<\/h3>\n\n\n\n<p>La solution d'entr\u00e9e de gamme est id\u00e9ale pour les entreprises artisanales ou les b\u00e2timents de bureaux avec une puissance PV d'environ. <strong>de 50 \u00e0 150 kW<\/strong>.<\/p>\n\n\n\n<h3 class=\"wp-block-heading\">Greencube 835 kWh - Le standard pour les moyennes entreprises<\/h3>\n\n\n\n<p>Parfaitement dimensionn\u00e9 pour les entrep\u00f4ts, les concessions automobiles, les supermarch\u00e9s ou les centres commerciaux. Cet accumulateur offre une capacit\u00e9 suffisante pour couvrir les charges de base, m\u00eame la nuit.<\/p>\n\n\n\n<h3 class=\"wp-block-heading\">BESS Container 3.340 \u00e0 5.015 kWh - La solution industrielle<\/h3>\n\n\n\n<p>Pour les entreprises industrielles \u00e0 forte consommation d'\u00e9nergie et les parcs solaires. Le site <strong>5 015 kWh Conteneur<\/strong> convainc avec une performance de <strong>2,5 MW<\/strong> et offre des avantages d\u00e9cisifs :<\/p>\n\n\n\n<ul class=\"wp-block-list\">\n<li>Absorption de courants de charge extr\u00eamement \u00e9lev\u00e9s de grandes installations photovolta\u00efques.<\/li>\n\n\n\n<li>Possibilit\u00e9 de faire fonctionner plusieurs conteneurs en parall\u00e8le (gamme multi-m\u00e9gawatts).<\/li>\n\n\n\n<li>Optimisation maximale du r\u00e9seau et autosuffisance.<\/li>\n<\/ul>\n\n\n\n<h2 class=\"wp-block-heading\">Exemple pratique : augmenter la consommation propre et r\u00e9duire les co\u00fbts<\/h2>\n\n\n\n<p>Quel est l'impact concret d'une m\u00e9moire sur les chiffres ? Consid\u00e9rons une entreprise avec une <strong>Installation PV de 500 kWp<\/strong> sur le toit :<\/p>\n\n\n\n<ul class=\"wp-block-list\">\n<li><strong>Sans m\u00e9moire :<\/strong> La part d'autoconsommation n'est souvent que d'environ. <strong>40 %<\/strong>. Le reste est inject\u00e9 \u00e0 bas prix, tandis que l'\u00e9lectricit\u00e9 du r\u00e9seau doit \u00eatre achet\u00e9e \u00e0 un prix \u00e9lev\u00e9.<\/li>\n\n\n\n<li><strong>Avec 835 kWh BESS :<\/strong> L'autoconsommation passe \u00e0 environ. <strong>75 %<\/strong>.<\/li>\n\n\n\n<li><strong>Avec un conteneur de 5 MWh :<\/strong> Avec une conception ad\u00e9quate, des taux d'autoconsommation de <strong>90 % et plus<\/strong> possible.<\/li>\n<\/ul>\n\n\n\n<p>L'\u00e9conomie \u00e9conomique r\u00e9sulte de trois facteurs : Moins d'achats sur le r\u00e9seau, des tarifs de r\u00e9seau r\u00e9duits gr\u00e2ce \u00e0 des pics de charge \u00e9cr\u00eat\u00e9s et une utilisation optimis\u00e9e de sa propre \u00e9nergie.<\/p>\n\n\n\n<h2 class=\"wp-block-heading\">Tout d'une seule source : int\u00e9gration avec les stations de transformation<\/h2>\n\n\n\n<p>Un accumulateur seul ne suffit souvent pas - le raccordement au r\u00e9seau moyenne tension doit \u00eatre assur\u00e9. Faber E-Tec propose pour cela des <strong>Postes de transformation compacts<\/strong>.<\/p>\n\n\n\n<p>Vous obtenez ainsi une infrastructure \u00e9nerg\u00e9tique compl\u00e8te et harmonis\u00e9e :<\/p>\n\n\n\n<ol start=\"1\" class=\"wp-block-list\">\n<li>Installation PV (int\u00e9gration)<\/li>\n\n\n\n<li>Syst\u00e8me de stockage BESS<\/li>\n\n\n\n<li>Poste de transformation<\/li>\n\n\n\n<li>Raccordement au r\u00e9seau<\/li>\n<\/ol>\n\n\n\n<h2 class=\"wp-block-heading\">Conclusion : le stockage interm\u00e9diaire PV devient un standard \u00e9conomique<\/h2>\n\n\n\n<p>Si vous souhaitez utiliser efficacement l'\u00e9lectricit\u00e9 solaire \u00e0 l'\u00e9chelle commerciale, vous ne pouvez pas passer \u00e0 c\u00f4t\u00e9 des accumulateurs \u00e0 batterie. Les syst\u00e8mes BESS transforment une simple installation photovolta\u00efque en une centrale \u00e9lectrique intelligente qui r\u00e9duit durablement vos co\u00fbts d'exploitation et vous offre une s\u00e9curit\u00e9 de planification.<\/p>","protected":false},"excerpt":{"rendered":"<p>Utilisez efficacement votre \u00e9lectricit\u00e9 solaire : les accumulateurs \u00e0 batterie professionnels (BESS) augmentent la consommation propre jusqu'\u00e0 90% et r\u00e9duisent les co\u00fbts de r\u00e9seau. Informez-vous ici !<\/p>","protected":false},"author":2,"featured_media":17755,"comment_status":"closed","ping_status":"open","sticky":false,"template":"","format":"standard","meta":{"_acf_changed":false,"footnotes":""},"categories":[52],"tags":[],"class_list":["post-17838","post","type-post","status-publish","format-standard","has-post-thumbnail","hentry","category-forschung-und-entwicklung"],"acf":[],"_links":{"self":[{"href":"https:\/\/faber-etec.de\/fr\/wp-json\/wp\/v2\/posts\/17838","targetHints":{"allow":["GET"]}}],"collection":[{"href":"https:\/\/faber-etec.de\/fr\/wp-json\/wp\/v2\/posts"}],"about":[{"href":"https:\/\/faber-etec.de\/fr\/wp-json\/wp\/v2\/types\/post"}],"author":[{"embeddable":true,"href":"https:\/\/faber-etec.de\/fr\/wp-json\/wp\/v2\/users\/2"}],"replies":[{"embeddable":true,"href":"https:\/\/faber-etec.de\/fr\/wp-json\/wp\/v2\/comments?post=17838"}],"version-history":[{"count":1,"href":"https:\/\/faber-etec.de\/fr\/wp-json\/wp\/v2\/posts\/17838\/revisions"}],"predecessor-version":[{"id":17840,"href":"https:\/\/faber-etec.de\/fr\/wp-json\/wp\/v2\/posts\/17838\/revisions\/17840"}],"wp:featuredmedia":[{"embeddable":true,"href":"https:\/\/faber-etec.de\/fr\/wp-json\/wp\/v2\/media\/17755"}],"wp:attachment":[{"href":"https:\/\/faber-etec.de\/fr\/wp-json\/wp\/v2\/media?parent=17838"}],"wp:term":[{"taxonomy":"category","embeddable":true,"href":"https:\/\/faber-etec.de\/fr\/wp-json\/wp\/v2\/categories?post=17838"},{"taxonomy":"post_tag","embeddable":true,"href":"https:\/\/faber-etec.de\/fr\/wp-json\/wp\/v2\/tags?post=17838"}],"curies":[{"name":"wp","href":"https:\/\/api.w.org\/{rel}","templated":true}]}}