{"id":17841,"date":"2025-12-15T23:57:48","date_gmt":"2025-12-15T22:57:48","guid":{"rendered":"https:\/\/faber-etec.de\/?p=17841"},"modified":"2025-12-15T23:57:56","modified_gmt":"2025-12-15T22:57:56","slug":"notstromversorgung-batteriespeicher","status":"publish","type":"post","link":"https:\/\/faber-etec.de\/fr\/forschung-und-entwicklung\/notstromversorgung-batteriespeicher\/","title":{"rendered":"Alimentation de secours avec accumulateurs \u00e0 batterie - Une solution de s\u00e9curit\u00e9 fiable pour le commerce et l'industrie"},"content":{"rendered":"<p>La d\u00e9pendance \u00e0 l'\u00e9gard d'une alimentation \u00e9lectrique stable n'a jamais \u00e9t\u00e9 aussi grande. Dans l'industrie, le commerce et les infrastructures critiques, des probl\u00e8mes de r\u00e9seau, m\u00eame de courte dur\u00e9e, peuvent entra\u00eener des dommages massifs, des co\u00fbts \u00e9lev\u00e9s et des pertes de donn\u00e9es.<\/p>\n\n\n\n<p>moderne <strong>Syst\u00e8mes de stockage par batterie (BESS)<\/strong> offrent ici une solution d'avenir et imm\u00e9diatement disponible pour les <strong>Alimentation de secours<\/strong>. Ils s\u00e9curisent de mani\u00e8re fiable les installations de production, les salles de serveurs, les commandes de machines et les processus importants pour la s\u00e9curit\u00e9.<\/p>\n\n\n\n<h2 class=\"wp-block-heading\">Pourquoi BESS est la meilleure solution d'alimentation de secours<\/h2>\n\n\n\n<p>Par rapport aux solutions d'alimentation de secours traditionnelles (comme les g\u00e9n\u00e9rateurs diesel), les accumulateurs \u00e0 batterie offrent un avantage d\u00e9cisif : la <strong>Temps de r\u00e9action<\/strong>.<\/p>\n\n\n\n<p>Un BESS ne d\u00e9marre pas - il commute. L'\u00e9nergie est d\u00e9j\u00e0 stock\u00e9e et disponible.<\/p>\n\n\n\n<p><strong>Vos avantages avec l'alimentation de secours BESS :<\/strong><\/p>\n\n\n\n<ul class=\"wp-block-list\">\n<li><strong>Disponibilit\u00e9 imm\u00e9diate :<\/strong> Commutation en <strong>Millisecondes<\/strong> (v\u00e9ritable fonction UPS).<\/li>\n\n\n\n<li><strong>Pas de retard :<\/strong> Pas de temps de mont\u00e9e en puissance, comme c'est le cas pour les g\u00e9n\u00e9rateurs.<\/li>\n\n\n\n<li><strong>Protection contre les dommages :<\/strong> Pr\u00e9vention des pertes de donn\u00e9es et des dommages aux infrastructures sensibles.<\/li>\n\n\n\n<li><strong>Peu d'entretien :<\/strong> Co\u00fbts d'exploitation plus faibles et moins d'entretien que les installations diesel.<\/li>\n\n\n\n<li><strong>Respectueux de l'environnement :<\/strong> Fonctionnement sans \u00e9missions.<\/li>\n<\/ul>\n\n\n\n<blockquote class=\"wp-block-quote is-layout-flow wp-block-quote-is-layout-flow\">\n<p><strong>Important :<\/strong> Les syst\u00e8mes BESS passent automatiquement en mode d'alimentation de secours d\u00e8s qu'une perturbation du r\u00e9seau est d\u00e9tect\u00e9e. Le fonctionnement sans interruption est garanti.<\/p>\n<\/blockquote>\n\n\n\n<h2 class=\"wp-block-heading\">Capacit\u00e9 et performance pour les applications critiques<\/h2>\n\n\n\n<p>La capacit\u00e9 de l'accumulateur d\u00e9termine la dur\u00e9e pendant laquelle les charges critiques peuvent \u00eatre surmont\u00e9es.<\/p>\n\n\n\n<p>Avec une capacit\u00e9 de d\u00e9charge de jusqu'\u00e0 <strong>2,5 MW<\/strong> le <strong>5 015 kWh Conteneur<\/strong> de Faber E-Tec alimentent sans probl\u00e8me de grandes installations industrielles de mani\u00e8re stable pendant des minutes ou des heures, en fonction du profil de charge des consommateurs critiques. C'est essentiel pour les entreprises qui ont besoin de temps de transition plus longs.<\/p>\n\n\n\n<h3 class=\"wp-block-heading\">Les entreprises qui b\u00e9n\u00e9ficient de BESS<\/h3>\n\n\n\n<ul class=\"wp-block-list\">\n<li><strong>les entreprises de production et de fabrication :<\/strong> S\u00e9curisation des machines et des cha\u00eenes de processus critiques.<\/li>\n\n\n\n<li><strong>Centres de donn\u00e9es \/ entreprises informatiques :<\/strong> Protection contre les pannes de serveur et la perte de donn\u00e9es (fonctionnalit\u00e9 UPS).<\/li>\n\n\n\n<li><strong>Cliniques et laboratoires :<\/strong> Garantir les fonctions vitales et la cha\u00eene du froid.<\/li>\n\n\n\n<li><strong>Centres logistiques :<\/strong> Maintien de la technique de convoyage et de commande.<\/li>\n\n\n\n<li><strong>Entreprises municipales et de s\u00e9curit\u00e9 :<\/strong> Assurer l'infrastructure publique.<\/li>\n<\/ul>\n\n\n\n<h2 class=\"wp-block-heading\">Architecture de s\u00e9curit\u00e9 des syst\u00e8mes BESS modernes<\/h2>\n\n\n\n<p>La s\u00e9curit\u00e9 est la priorit\u00e9 absolue, surtout en mode d'alimentation de secours. Nos syst\u00e8mes BESS modernes offrent plusieurs niveaux de protection :<\/p>\n\n\n\n<ul class=\"wp-block-list\">\n<li><strong>Surveillance des cellules :<\/strong> Le BMS (Battery Management System) surveille chaque cellule.<\/li>\n\n\n\n<li><strong>Protection contre les incendies :<\/strong> Extinction par a\u00e9rosol, syst\u00e8me d'arrosage d'urgence et structure cellulaire LFP (pour une grande stabilit\u00e9 thermique).<\/li>\n\n\n\n<li><strong>Bo\u00eetier et fonctionnement :<\/strong> Refroidissement par liquide, bo\u00eetier ext\u00e9rieur IP54 et protection contre les incendies conform\u00e9ment aux directives pertinentes (par ex. NFPA).<\/li>\n<\/ul>\n\n\n\n<h2 class=\"wp-block-heading\">Int\u00e9gration et flexibilit\u00e9 dans le syst\u00e8me \u00e9nerg\u00e9tique<\/h2>\n\n\n\n<p>Un accumulateur \u00e0 batterie peut faire plus que fournir de l'\u00e9lectricit\u00e9 de secours. Il s'int\u00e8gre parfaitement dans les syst\u00e8mes \u00e9nerg\u00e9tiques existants et futurs :<\/p>\n\n\n\n<ul class=\"wp-block-list\">\n<li><strong>Fonction UPS :<\/strong> Prise en charge des charges critiques sans interruption.<\/li>\n\n\n\n<li><strong>Fonctionnement en \u00eelot :<\/strong> Isoler et soigner des sous-secteurs sp\u00e9cifiques et prioritaires.<\/li>\n\n\n\n<li><strong>combinaison :<\/strong> Utilisation de l'\u00e9lectricit\u00e9 photovolta\u00efque et de l'\u00e9lectricit\u00e9 du r\u00e9seau en fonctionnement normal.<\/li>\n\n\n\n<li><strong>Connexion :<\/strong> Int\u00e9gration sans probl\u00e8me avec une station compacte Faber E-Tec pour le raccordement \u00e0 la moyenne tension.<\/li>\n<\/ul>\n\n\n\n<h2 class=\"wp-block-heading\">Conclusion : une alimentation de secours moderne n\u00e9cessite un stockage sur batterie<\/h2>\n\n\n\n<p>Les syst\u00e8mes BESS sont l'alternative d'avenir aux g\u00e9n\u00e9rateurs. Ils sont rapides, fiables, flexibles dans leur utilisation et offrent une fonctionnalit\u00e9 nettement sup\u00e9rieure aux solutions classiques d'alimentation de secours.<\/p>\n\n\n\n<p>Pour le commerce et l'industrie, l'alimentation de secours avec des accumulateurs \u00e0 batterie ne signifie pas seulement la s\u00e9curisation des processus, mais aussi une <strong>Assurance qualit\u00e9<\/strong> et <strong>S\u00e9curit\u00e9 de la planification<\/strong> en cas de black-out<\/p>\n\n\n\n<p><\/p>","protected":false},"excerpt":{"rendered":"<p>Alimentation de secours instantan\u00e9e en quelques millisecondes : Les syst\u00e8mes BESS s\u00e9curisent la production, les salles de serveurs et les processus critiques dans le commerce &amp; l'industrie.<\/p>","protected":false},"author":2,"featured_media":16508,"comment_status":"closed","ping_status":"open","sticky":false,"template":"","format":"standard","meta":{"_acf_changed":false,"footnotes":""},"categories":[52],"tags":[],"class_list":["post-17841","post","type-post","status-publish","format-standard","has-post-thumbnail","hentry","category-forschung-und-entwicklung"],"acf":[],"_links":{"self":[{"href":"https:\/\/faber-etec.de\/fr\/wp-json\/wp\/v2\/posts\/17841","targetHints":{"allow":["GET"]}}],"collection":[{"href":"https:\/\/faber-etec.de\/fr\/wp-json\/wp\/v2\/posts"}],"about":[{"href":"https:\/\/faber-etec.de\/fr\/wp-json\/wp\/v2\/types\/post"}],"author":[{"embeddable":true,"href":"https:\/\/faber-etec.de\/fr\/wp-json\/wp\/v2\/users\/2"}],"replies":[{"embeddable":true,"href":"https:\/\/faber-etec.de\/fr\/wp-json\/wp\/v2\/comments?post=17841"}],"version-history":[{"count":1,"href":"https:\/\/faber-etec.de\/fr\/wp-json\/wp\/v2\/posts\/17841\/revisions"}],"predecessor-version":[{"id":17842,"href":"https:\/\/faber-etec.de\/fr\/wp-json\/wp\/v2\/posts\/17841\/revisions\/17842"}],"wp:featuredmedia":[{"embeddable":true,"href":"https:\/\/faber-etec.de\/fr\/wp-json\/wp\/v2\/media\/16508"}],"wp:attachment":[{"href":"https:\/\/faber-etec.de\/fr\/wp-json\/wp\/v2\/media?parent=17841"}],"wp:term":[{"taxonomy":"category","embeddable":true,"href":"https:\/\/faber-etec.de\/fr\/wp-json\/wp\/v2\/categories?post=17841"},{"taxonomy":"post_tag","embeddable":true,"href":"https:\/\/faber-etec.de\/fr\/wp-json\/wp\/v2\/tags?post=17841"}],"curies":[{"name":"wp","href":"https:\/\/api.w.org\/{rel}","templated":true}]}}