{"id":7024,"date":"2024-07-05T14:39:38","date_gmt":"2024-07-05T12:39:38","guid":{"rendered":"https:\/\/faber-etec.de\/?p=7024"},"modified":"2024-11-17T00:44:39","modified_gmt":"2024-11-16T23:44:39","slug":"poste-de-transformation-en-conteneur-de-7200-kw-pour-parcs-solaires","status":"publish","type":"post","link":"https:\/\/faber-etec.de\/fr\/news\/7200-kw-container-trafostation-fuer-solarparks\/","title":{"rendered":"Une gestion parfaite de l'\u00e9nergie : un poste de transformation efficace pour les parcs solaires"},"content":{"rendered":"<div data-elementor-type=\"wp-post\" data-elementor-id=\"7024\" class=\"elementor elementor-7024\" data-elementor-post-type=\"post\">\n\t\t\t\t<div class=\"elementor-element elementor-element-170ab2ec e-flex e-con-boxed e-con e-parent\" data-id=\"170ab2ec\" data-element_type=\"container\" data-e-type=\"container\">\n\t\t\t\t\t<div class=\"e-con-inner\">\n\t\t\t\t<div class=\"elementor-element elementor-element-457d251a elementor-widget elementor-widget-text-editor\" data-id=\"457d251a\" data-element_type=\"widget\" data-e-type=\"widget\" data-widget_type=\"text-editor.default\">\n\t\t\t\t<div class=\"elementor-widget-container\">\n\t\t\t\t\t\t\t\t\t\n<h2 class=\"wp-block-heading\">Poste de transformation pour parcs solaires<\/h2>\n\n<p>Nous avons le plaisir de vous pr\u00e9senter notre tout dernier produit : le conteneur 7200 KW de Faber E-Tec. Ce container transformateur innovant offre une manipulation simple et une \u00e9valuation num\u00e9rique compl\u00e8te de tous les onduleurs ainsi que de toutes les valeurs de courant et de tension n\u00e9cessaires, des temp\u00e9ratures et des mesures d'humidit\u00e9. Il constitue ainsi le poste de transformation interne id\u00e9al et rentable pour les grands parcs solaires.<\/p>\n\n<h4 class=\"wp-block-heading\">7200 KW de puissance pour les grands projets solaires<\/h4>\n\n<p>Notre <a  href=\"https:\/\/faber-etec.de\/fr\/station-de-conteneurs\/\" title=\"Station de conteneurs - Conteneur efficace de 7200 KW\" data-type=\"page\" data-id=\"7452\">Conteneur efficace de 7200 KW<\/a> est sp\u00e9cialement con\u00e7u pour les grands projets solaires. Avec sa puissance impressionnante de 7200 KW, il offre la capacit\u00e9 n\u00e9cessaire pour r\u00e9pondre aux besoins les plus exigeants des parcs solaires.<\/p>\n\n<h4 class=\"wp-block-heading\">D\u00e9couvrir les principales caract\u00e9ristiques<\/h4>\n\n<p><strong>Remise en service rapide :<\/strong><br \/>Gr\u00e2ce \u00e0 sa construction robuste et \u00e0 sa technologie intelligente, le conteneur 7200 KW est rapidement pr\u00eat \u00e0 l'emploi, ce qui minimise les temps d'arr\u00eat et maximise l'efficacit\u00e9.<\/p>\n\n<p><strong>Commande \u00e0 distance :<\/strong><br \/>L'installation peut \u00eatre command\u00e9e \u00e0 distance, tant en moyenne qu'en basse tension. Cette possibilit\u00e9 de commande \u00e0 distance facilite la gestion et r\u00e9duit le besoin de pr\u00e9sence sur place.<\/p>\n\n<p><strong>Concept de ventilation innovant :<\/strong><br \/>Notre concept de ventilation avanc\u00e9 permet de refroidir efficacement les composants et de prolonger leur dur\u00e9e de vie. Gr\u00e2ce \u00e0 une ventilation optimale, les performances de l'installation restent stables.<\/p>\n\n<p><strong>\u00c9valuation enti\u00e8rement num\u00e9rique :<\/strong><br \/>L'\u00e9valuation int\u00e9gr\u00e9e et enti\u00e8rement num\u00e9rique permet de surveiller et d'analyser avec pr\u00e9cision tous les onduleurs ainsi que tous les param\u00e8tres pertinents tels que les valeurs de courant et de tension. Cette fonction permet une surveillance d\u00e9taill\u00e9e et fiable de l'ensemble du syst\u00e8me.<\/p>\n\n<p><strong>Capteurs int\u00e9gr\u00e9s :<\/strong><br \/>Le conteneur 7200 KW est \u00e9quip\u00e9 de capteurs de chaleur et de mesures d'humidit\u00e9 modernes. Ces capteurs garantissent des conditions de fonctionnement optimales et contribuent \u00e0 la s\u00e9curit\u00e9 et \u00e0 l'efficacit\u00e9 de l'installation.<\/p>\n\n<p><strong>S\u00e9paration herm\u00e9tique :<\/strong><br \/>Pour une s\u00e9curit\u00e9 et une fiabilit\u00e9 maximales, toutes les zones techniques du conteneur sont s\u00e9par\u00e9es herm\u00e9tiquement les unes des autres. Cette s\u00e9paration herm\u00e9tique emp\u00eache l'humidit\u00e9 et la poussi\u00e8re de p\u00e9n\u00e9trer dans les zones critiques et prot\u00e8ge la technique des influences ext\u00e9rieures.<\/p>\n\n<h4 class=\"wp-block-heading\">Fiche produit<\/h4>\n\n<p>Pour des informations techniques d\u00e9taill\u00e9es et des donn\u00e9es sp\u00e9cifiques, nous vous invitons \u00e0 consulter la fiche technique de notre conteneur 7200 KW. Vous y trouverez des informations compl\u00e8tes sur tous les aspects techniques et pourrez vous faire une id\u00e9e pr\u00e9cise des caract\u00e9ristiques exceptionnelles de ce produit.<\/p>\n\n<div class=\"wp-block-buttons is-layout-flex wp-block-buttons-is-layout-flex\">\n<div class=\"wp-block-button\"><a class=\"wp-block-button__link wp-element-button\"  href=\"https:\/\/faber-etec.de\/wp-content\/uploads\/sites\/3\/2024\/06\/7200-KW-Container-Datenblatt-Faber-E-Tec.pdf\" title=\"7200 KW Container Fiche technique Faber E Tec.pdf - Ouvrir la fiche technique PDF\" target=\"_blank\" rel=\"noreferrer noopener\">Ouvrir la fiche technique PDF<\/a><\/div>\n\n<div class=\"wp-block-button is-style-outline is-style-outline--2\"><a class=\"wp-block-button__link wp-element-button\"  href=\"https:\/\/faber-etec.de\/fr\/station-de-conteneurs\/\" title=\"Station de conteneurs - Conteneur 7200 KW - Page de produit\" target=\"_blank\" rel=\"noreferrer noopener\">Conteneur 7200 KW - Page produit<\/a><\/div>\n<\/div>\n<hr class=\"wp-block-separator has-alpha-channel-opacity\" \/>\n<p>Le conteneur efficace de 7200 KW de Faber E-Tec pose de nouveaux jalons dans la gestion de l'\u00e9nergie pour les parcs solaires. Gr\u00e2ce \u00e0 sa technologie puissante, fiable et con\u00e7ue de mani\u00e8re efficace, il soutient la production durable d'\u00e9nergie et contribue \u00e0 l'optimisation des processus d'exploitation des grands projets solaires. D\u00e9couvrez les possibilit\u00e9s et les avantages de notre dernier produit et faites passer vos projets solaires au niveau sup\u00e9rieur.<\/p>\n\n<p>N'h\u00e9sitez pas \u00e0 nous contacter pour toute information ou demande d'informations compl\u00e9mentaires. Construisons ensemble l'avenir de la gestion de l'\u00e9nergie !<\/p>\n\t\t\t\t\t\t\t\t<\/div>\n\t\t\t\t<\/div>\n\t\t\t\t\t<\/div>\n\t\t\t\t<\/div>\n\t\t\t\t<\/div>","protected":false},"excerpt":{"rendered":"<p>D\u00e9couvrez le container 7200 KW Station de transformation pour parcs solaires - la solution parfaite pour les grands projets solaires.<\/p>","protected":false},"author":2,"featured_media":7450,"comment_status":"closed","ping_status":"open","sticky":false,"template":"","format":"standard","meta":{"_acf_changed":false,"footnotes":""},"categories":[1,9],"tags":[38,34,37],"class_list":["post-7024","post","type-post","status-publish","format-standard","has-post-thumbnail","hentry","category-news","category-projekte","tag-photovoltaik","tag-solarpark","tag-trafostation"],"acf":[],"_links":{"self":[{"href":"https:\/\/faber-etec.de\/fr\/wp-json\/wp\/v2\/posts\/7024","targetHints":{"allow":["GET"]}}],"collection":[{"href":"https:\/\/faber-etec.de\/fr\/wp-json\/wp\/v2\/posts"}],"about":[{"href":"https:\/\/faber-etec.de\/fr\/wp-json\/wp\/v2\/types\/post"}],"author":[{"embeddable":true,"href":"https:\/\/faber-etec.de\/fr\/wp-json\/wp\/v2\/users\/2"}],"replies":[{"embeddable":true,"href":"https:\/\/faber-etec.de\/fr\/wp-json\/wp\/v2\/comments?post=7024"}],"version-history":[{"count":6,"href":"https:\/\/faber-etec.de\/fr\/wp-json\/wp\/v2\/posts\/7024\/revisions"}],"predecessor-version":[{"id":14961,"href":"https:\/\/faber-etec.de\/fr\/wp-json\/wp\/v2\/posts\/7024\/revisions\/14961"}],"wp:featuredmedia":[{"embeddable":true,"href":"https:\/\/faber-etec.de\/fr\/wp-json\/wp\/v2\/media\/7450"}],"wp:attachment":[{"href":"https:\/\/faber-etec.de\/fr\/wp-json\/wp\/v2\/media?parent=7024"}],"wp:term":[{"taxonomy":"category","embeddable":true,"href":"https:\/\/faber-etec.de\/fr\/wp-json\/wp\/v2\/categories?post=7024"},{"taxonomy":"post_tag","embeddable":true,"href":"https:\/\/faber-etec.de\/fr\/wp-json\/wp\/v2\/tags?post=7024"}],"curies":[{"name":"wp","href":"https:\/\/api.w.org\/{rel}","templated":true}]}}