{"id":7034,"date":"2024-07-05T14:48:38","date_gmt":"2024-07-05T12:48:38","guid":{"rendered":"https:\/\/faber-etec.de\/?p=7034"},"modified":"2024-10-21T22:45:48","modified_gmt":"2024-10-21T20:45:48","slug":"protection-du-reseau-electrique-conforme-aux-normes-pour-les-installations-photovoltaiques","status":"publish","type":"post","link":"https:\/\/faber-etec.de\/fr\/news\/normgerechter-netzschutz-fuer-photovoltaikanlagen\/","title":{"rendered":"Protection r\u00e9seau conforme pour installations photovolta\u00efques"},"content":{"rendered":"<h2 class=\"wp-block-heading\">Protection NA optimale pour les installations PV jusqu'\u00e0 300 KW \/ 330 KVA<\/h2>\n\n\n\n<p>Notre protection de r\u00e9seau et d'installation (protection NA) pour les installations photovolta\u00efques est sp\u00e9cialement con\u00e7ue pour \u00eatre utilis\u00e9e dans les r\u00e9seaux TNS \/ TT et r\u00e9pond aux exigences strictes de la norme VDE-AR-N 4105:2018-11. Ce m\u00e9canisme de protection est id\u00e9al pour les installations photovolta\u00efques d'une puissance maximale de 300 KW \/ 330 KVA et offre une isolation compl\u00e8te sur tous les p\u00f4les ainsi qu'un interrupteur de couplage int\u00e9gr\u00e9.<\/p>\n\n\n\n<h3 class=\"wp-block-heading\">Protection NA centrale pour une s\u00e9curit\u00e9 maximale du r\u00e9seau et des installations<\/h3>\n\n\n\n<p>Notre syst\u00e8me de protection NA garantit la s\u00e9curit\u00e9 et l'efficacit\u00e9 de votre installation photovolta\u00efque gr\u00e2ce aux caract\u00e9ristiques particuli\u00e8res suivantes :<\/p>\n\n\n\n<p><strong>Conforme aux normes :<\/strong><br>La protection du r\u00e9seau et de l'installation est enti\u00e8rement conforme \u00e0 la norme VDE-AR-N 4105:2018-11 et garantit ainsi les normes de s\u00e9curit\u00e9 et de performance les plus \u00e9lev\u00e9es.<\/p>\n\n\n\n<p><strong>Montage flexible :<\/strong><br>Le syst\u00e8me peut \u00eatre mont\u00e9 au mur ou sur une fondation, ce qui permet une installation flexible dans diff\u00e9rents environnements.<\/p>\n\n\n\n<p><strong>Protection NA centrale :<\/strong><br>Le m\u00e9canisme de protection int\u00e9gr\u00e9 assure une s\u00e9curit\u00e9 globale du r\u00e9seau et des installations et minimise le risque de d\u00e9faillance du r\u00e9seau.<\/p>\n\n\n\n<p><strong>Bo\u00eetier robuste :<\/strong><br>Le bo\u00eetier en polyester renforc\u00e9 de fibres de verre avec un indice de protection \u00e9lev\u00e9 IP54 est id\u00e9al pour divers environnements d'installation et offre une excellente protection contre les influences ext\u00e9rieures.<\/p>\n\n\n\n<p><strong>S\u00e9paration de tous les p\u00f4les :<\/strong><br>Notre syst\u00e8me de protection NA garantit une s\u00e9curit\u00e9 maximale gr\u00e2ce \u00e0 la s\u00e9paration compl\u00e8te de tous les p\u00f4les, ce qui permet une d\u00e9connexion fiable et s\u00fbre de l'installation photovolta\u00efque du r\u00e9seau.<\/p>\n\n\n\n<h4 class=\"wp-block-heading\">Avantages de la protection NA<\/h4>\n\n\n\n<ul class=\"wp-block-list\">\n<li><strong>S\u00e9curit\u00e9 maximale :<\/strong> La protection NA centrale offre des mesures de s\u00e9curit\u00e9 compl\u00e8tes pour votre installation photovolta\u00efque.<\/li>\n\n\n\n<li><strong>La fiabilit\u00e9 :<\/strong> Conforme \u00e0 toutes les normes et exigences pertinentes afin de garantir un fonctionnement s\u00fbr et stable.<\/li>\n\n\n\n<li><strong>Polyvalence :<\/strong> Souplesse d'utilisation dans diff\u00e9rentes configurations de r\u00e9seau et environnements d'installation.<\/li>\n\n\n\n<li><strong>La robustesse :<\/strong> Le bo\u00eetier robuste prot\u00e8ge efficacement les composants internes et garantit une longue dur\u00e9e de vie.<\/li>\n<\/ul>\n\n\n\n<p>Notre protection de r\u00e9seau conforme aux normes pour les installations photovolta\u00efques offre une s\u00e9paration efficace et des m\u00e9canismes de protection sp\u00e9cialement con\u00e7us pour r\u00e9pondre aux exigences des installations photovolta\u00efques modernes. D\u00e9couvrez les avantages de notre syst\u00e8me de protection NA et assurez la fiabilit\u00e9 et la s\u00e9curit\u00e9 de votre installation photovolta\u00efque.<\/p>\n\n\n\n<p>N'h\u00e9sitez pas \u00e0 nous contacter pour toute information compl\u00e9mentaire ou demande sp\u00e9cifique. Construisons ensemble l'avenir de l'\u00e9nergie durable !<\/p>\n\n\n\n<p><\/p>","protected":false},"excerpt":{"rendered":"<p>Optimaler NA-Schutz f\u00fcr PV-Anlagen bis 300 KW \/ 330 KVA Unser Netz- und Anlagenschutz (NA-Schutz) f\u00fcr Photovoltaikanlagen ist speziell f\u00fcr den Einsatz in TNS \/ TT-Netzen konzipiert und erf\u00fcllt die strengen Anforderungen der VDE-AR-N 4105:2018-11 Norm. Dieser Schutzmechanismus ist ideal f\u00fcr PV-Anlagen bis zu einer Leistung von 300 KW \/ 330 KVA und bietet eine [&hellip;]<\/p>\n","protected":false},"author":2,"featured_media":6054,"comment_status":"open","ping_status":"open","sticky":false,"template":"","format":"standard","meta":{"_acf_changed":false,"footnotes":""},"categories":[1],"tags":[],"class_list":["post-7034","post","type-post","status-publish","format-standard","has-post-thumbnail","hentry","category-news"],"acf":[],"_links":{"self":[{"href":"https:\/\/faber-etec.de\/fr\/wp-json\/wp\/v2\/posts\/7034","targetHints":{"allow":["GET"]}}],"collection":[{"href":"https:\/\/faber-etec.de\/fr\/wp-json\/wp\/v2\/posts"}],"about":[{"href":"https:\/\/faber-etec.de\/fr\/wp-json\/wp\/v2\/types\/post"}],"author":[{"embeddable":true,"href":"https:\/\/faber-etec.de\/fr\/wp-json\/wp\/v2\/users\/2"}],"replies":[{"embeddable":true,"href":"https:\/\/faber-etec.de\/fr\/wp-json\/wp\/v2\/comments?post=7034"}],"version-history":[{"count":0,"href":"https:\/\/faber-etec.de\/fr\/wp-json\/wp\/v2\/posts\/7034\/revisions"}],"wp:featuredmedia":[{"embeddable":true,"href":"https:\/\/faber-etec.de\/fr\/wp-json\/wp\/v2\/media\/6054"}],"wp:attachment":[{"href":"https:\/\/faber-etec.de\/fr\/wp-json\/wp\/v2\/media?parent=7034"}],"wp:term":[{"taxonomy":"category","embeddable":true,"href":"https:\/\/faber-etec.de\/fr\/wp-json\/wp\/v2\/categories?post=7034"},{"taxonomy":"post_tag","embeddable":true,"href":"https:\/\/faber-etec.de\/fr\/wp-json\/wp\/v2\/tags?post=7034"}],"curies":[{"name":"wp","href":"https:\/\/api.w.org\/{rel}","templated":true}]}}