{"id":9654,"date":"2023-11-30T14:14:00","date_gmt":"2023-11-30T13:14:00","guid":{"rendered":"https:\/\/faber-etec.de\/?p=9654"},"modified":"2025-10-29T18:12:06","modified_gmt":"2025-10-29T17:12:06","slug":"solutions-solaires-duesseldorf-2023","status":"publish","type":"post","link":"https:\/\/faber-etec.de\/fr\/events\/solar-solutions-duesseldorf-2023\/","title":{"rendered":"D\u00e9but du salon - Solar Solutions \u00e0 D\u00fcsseldorf"},"content":{"rendered":"<h2 class=\"wp-block-heading\"><strong>Succ\u00e8s au salon Solar Solutions D\u00fcsseldorf<\/strong><\/h2>\n\n\n\n<p>En collaboration avec Faber Solartechnik GmbH, nous nous sommes pr\u00e9sent\u00e9s au salon Solar Solutions D\u00fcsseldorf - et nous sommes submerg\u00e9s par la r\u00e9sonance. Notre \u00e9quipe sur place a eu des entretiens ininterrompus avec des clients potentiels, des partenaires int\u00e9ress\u00e9s et des fournisseurs passionnants. Le point fort de notre stand \u00e9tait une station compacte enti\u00e8rement \u00e9quip\u00e9e de notre propre fabrication. <\/p>\n\n\n\n<p>Un grand merci \u00e0 l'\u00e9quipe Faber sur place, \u00e0 livewelt GmbH &amp; Co. KG pour l'impressionnant stand et \u00e0 tous les visiteurs pour leur int\u00e9r\u00eat. Nous nous r\u00e9jouissons de vous revoir ! #Solarwende<\/p>\n\n\n\n<figure class=\"wp-block-gallery has-nested-images columns-default is-cropped wp-block-gallery-1 is-layout-flex wp-block-gallery-is-layout-flex\">\n<figure class=\"wp-block-image size-large\"><img fetchpriority=\"high\" decoding=\"async\" width=\"1024\" height=\"683\" data-id=\"9660\" src=\"https:\/\/faber-etec.de\/wp-content\/uploads\/sites\/3\/2024\/07\/Solar-Solutions-Duesseldorf-4-1024x683.jpeg\" alt=\"-\" class=\"wp-image-9660\" title=\"{titre de l&#039;image}\" srcset=\"https:\/\/faber-etec.de\/wp-content\/uploads\/sites\/3\/2024\/07\/Solar-Solutions-Duesseldorf-4-1024x683.jpeg 1024w, https:\/\/faber-etec.de\/wp-content\/uploads\/sites\/3\/2024\/07\/Solar-Solutions-Duesseldorf-4-300x200.jpeg 300w, https:\/\/faber-etec.de\/wp-content\/uploads\/sites\/3\/2024\/07\/Solar-Solutions-Duesseldorf-4-768x512.jpeg 768w, https:\/\/faber-etec.de\/wp-content\/uploads\/sites\/3\/2024\/07\/Solar-Solutions-Duesseldorf-4-1536x1025.jpeg 1536w, https:\/\/faber-etec.de\/wp-content\/uploads\/sites\/3\/2024\/07\/Solar-Solutions-Duesseldorf-4-18x12.jpeg 18w, https:\/\/faber-etec.de\/wp-content\/uploads\/sites\/3\/2024\/07\/Solar-Solutions-Duesseldorf-4.jpeg 2048w\" sizes=\"(max-width: 1024px) 100vw, 1024px\" \/><\/figure>\n\n\n\n<figure class=\"wp-block-image size-large\"><img decoding=\"async\" width=\"1024\" height=\"683\" data-id=\"9658\" src=\"https:\/\/faber-etec.de\/wp-content\/uploads\/sites\/3\/2024\/07\/Solar-Solutions-Duesseldorf-2-1024x683.jpeg\" alt=\"-\" class=\"wp-image-9658\" title=\"{titre de l&#039;image}\" srcset=\"https:\/\/faber-etec.de\/wp-content\/uploads\/sites\/3\/2024\/07\/Solar-Solutions-Duesseldorf-2-1024x683.jpeg 1024w, https:\/\/faber-etec.de\/wp-content\/uploads\/sites\/3\/2024\/07\/Solar-Solutions-Duesseldorf-2-300x200.jpeg 300w, https:\/\/faber-etec.de\/wp-content\/uploads\/sites\/3\/2024\/07\/Solar-Solutions-Duesseldorf-2-768x512.jpeg 768w, https:\/\/faber-etec.de\/wp-content\/uploads\/sites\/3\/2024\/07\/Solar-Solutions-Duesseldorf-2-1536x1025.jpeg 1536w, https:\/\/faber-etec.de\/wp-content\/uploads\/sites\/3\/2024\/07\/Solar-Solutions-Duesseldorf-2-18x12.jpeg 18w, https:\/\/faber-etec.de\/wp-content\/uploads\/sites\/3\/2024\/07\/Solar-Solutions-Duesseldorf-2.jpeg 2048w\" sizes=\"(max-width: 1024px) 100vw, 1024px\" \/><\/figure>\n\n\n\n<figure class=\"wp-block-image size-large\"><img decoding=\"async\" width=\"1024\" height=\"683\" data-id=\"9657\" src=\"https:\/\/faber-etec.de\/wp-content\/uploads\/sites\/3\/2024\/07\/Solar-Solutions-Duesseldorf-1-1024x683.jpeg\" alt=\"-\" class=\"wp-image-9657\" title=\"{titre de l&#039;image}\" srcset=\"https:\/\/faber-etec.de\/wp-content\/uploads\/sites\/3\/2024\/07\/Solar-Solutions-Duesseldorf-1-1024x683.jpeg 1024w, https:\/\/faber-etec.de\/wp-content\/uploads\/sites\/3\/2024\/07\/Solar-Solutions-Duesseldorf-1-300x200.jpeg 300w, https:\/\/faber-etec.de\/wp-content\/uploads\/sites\/3\/2024\/07\/Solar-Solutions-Duesseldorf-1-768x512.jpeg 768w, https:\/\/faber-etec.de\/wp-content\/uploads\/sites\/3\/2024\/07\/Solar-Solutions-Duesseldorf-1-1536x1025.jpeg 1536w, https:\/\/faber-etec.de\/wp-content\/uploads\/sites\/3\/2024\/07\/Solar-Solutions-Duesseldorf-1-18x12.jpeg 18w, https:\/\/faber-etec.de\/wp-content\/uploads\/sites\/3\/2024\/07\/Solar-Solutions-Duesseldorf-1.jpeg 2048w\" sizes=\"(max-width: 1024px) 100vw, 1024px\" \/><\/figure>\n<\/figure>\n\n\n\n<p>Solar Solutions D\u00fcsseldorf est un salon professionnel de premier plan pour l'industrie solaire, qui se tient chaque ann\u00e9e au centre d'exposition de D\u00fcsseldorf. Ce salon s'adresse exclusivement aux visiteurs professionnels et offre une plate-forme pour pr\u00e9senter et discuter des derni\u00e8res innovations et tendances dans le domaine de l'\u00e9nergie solaire.<\/p>\n\n\n\n<p>Sur une surface de plus de 27.000 m\u00b2, plus de 300 exposants se rassemblent pour pr\u00e9senter leurs produits et services. Il s'agit notamment des derniers panneaux solaires, des syst\u00e8mes de stockage d'\u00e9nergie, des solutions pour maisons intelligentes et des infrastructures pour v\u00e9hicules \u00e9lectriques. Le salon couvre un large \u00e9ventail de sujets, dont les syst\u00e8mes de chauffage, de ventilation et de climatisation (CVC) durables.<\/p>\n\n\n\n<p>L'un des points forts de Solar Solutions D\u00fcsseldorf est la soixantaine de s\u00e9minaires de grande qualit\u00e9 au cours desquels des experts du secteur partagent leurs connaissances et discutent des derniers d\u00e9veloppements. Ces s\u00e9minaires sont une excellente occasion pour les visiteurs professionnels de se perfectionner et d'obtenir des informations pr\u00e9cieuses sur l'avenir de l'\u00e9nergie solaire.<\/p>\n\n\n\n<p>Le salon n'est pas seulement un lieu de pr\u00e9sentation d'innovations, mais aussi un \u00e9v\u00e9nement de r\u00e9seautage important. Les professionnels de diff\u00e9rents secteurs de l'industrie solaire peuvent s'y rencontrer, nouer des contacts et trouver des partenaires commerciaux potentiels.<\/p>\n\n\n\n<p>Solar Solutions D\u00fcsseldorf est donc un \u00e9v\u00e9nement incontournable pour tous ceux qui travaillent dans le secteur de l'\u00e9nergie solaire ou qui s'int\u00e9ressent aux derniers d\u00e9veloppements et opportunit\u00e9s dans ce secteur dynamique.<\/p>","protected":false},"excerpt":{"rendered":"<p>En collaboration avec Faber Solartechnik GmbH, nous nous sommes pr\u00e9sent\u00e9s avec succ\u00e8s au salon Solar Solutions D\u00fcsseldorf et avons men\u00e9 de nombreux entretiens sur notre station compacte enti\u00e8rement \u00e9quip\u00e9e, ce qui a suscit\u00e9 un \u00e9cho retentissant.<\/p>","protected":false},"author":6,"featured_media":9659,"comment_status":"closed","ping_status":"open","sticky":false,"template":"","format":"standard","meta":{"_acf_changed":false,"footnotes":""},"categories":[58],"tags":[44,64,37],"class_list":["post-9654","post","type-post","status-publish","format-standard","has-post-thumbnail","hentry","category-events","tag-made-in-germany","tag-messe","tag-trafostation"],"acf":[],"_links":{"self":[{"href":"https:\/\/faber-etec.de\/fr\/wp-json\/wp\/v2\/posts\/9654","targetHints":{"allow":["GET"]}}],"collection":[{"href":"https:\/\/faber-etec.de\/fr\/wp-json\/wp\/v2\/posts"}],"about":[{"href":"https:\/\/faber-etec.de\/fr\/wp-json\/wp\/v2\/types\/post"}],"author":[{"embeddable":true,"href":"https:\/\/faber-etec.de\/fr\/wp-json\/wp\/v2\/users\/6"}],"replies":[{"embeddable":true,"href":"https:\/\/faber-etec.de\/fr\/wp-json\/wp\/v2\/comments?post=9654"}],"version-history":[{"count":1,"href":"https:\/\/faber-etec.de\/fr\/wp-json\/wp\/v2\/posts\/9654\/revisions"}],"predecessor-version":[{"id":16179,"href":"https:\/\/faber-etec.de\/fr\/wp-json\/wp\/v2\/posts\/9654\/revisions\/16179"}],"wp:featuredmedia":[{"embeddable":true,"href":"https:\/\/faber-etec.de\/fr\/wp-json\/wp\/v2\/media\/9659"}],"wp:attachment":[{"href":"https:\/\/faber-etec.de\/fr\/wp-json\/wp\/v2\/media?parent=9654"}],"wp:term":[{"taxonomy":"category","embeddable":true,"href":"https:\/\/faber-etec.de\/fr\/wp-json\/wp\/v2\/categories?post=9654"},{"taxonomy":"post_tag","embeddable":true,"href":"https:\/\/faber-etec.de\/fr\/wp-json\/wp\/v2\/tags?post=9654"}],"curies":[{"name":"wp","href":"https:\/\/api.w.org\/{rel}","templated":true}]}}