{"id":66,"count":1,"description":"Paderborn, une charmante ville situ\u00e9e \u00e0 l'est de la Rh\u00e9nanie-du-Nord-Westphalie, est connue pour sa combinaison unique d'histoire, de culture et de progr\u00e8s technologique. La ville tire son nom des sources de la Pader, connues pour \u00eatre la rivi\u00e8re la plus courte d'Allemagne, qui prennent leur source en plein c\u0153ur de la ville. Avec son impressionnante cath\u00e9drale de Paderborn, un symbole de la r\u00e9gion, et ses nombreux monuments historiques, la ville raconte une histoire riche qui remonte au d\u00e9but du Moyen \u00c2ge.\r\n\r\nOutre son patrimoine historique, Paderborn est \u00e9galement un centre d'innovation et de durabilit\u00e9. La ville investit fortement dans les \u00e9nergies renouvelables et les projets d'infrastructure modernes, comme l'installation de <strong>Stations de transformation compactes<\/strong> et <strong>Stations de transfert<\/strong>qui sont notamment utilis\u00e9s pour <strong>Projets d'e-mobilit\u00e9<\/strong> sont d'une grande importance. Des entreprises comme Faber E-Tec contribuent de mani\u00e8re d\u00e9cisive \u00e0 rendre les syst\u00e8mes \u00e9nerg\u00e9tiques de Paderborn viables, en proposant des solutions efficaces dans le domaine <strong>Postes de transformation<\/strong> et <strong>Stations compactes<\/strong> qui s'int\u00e8grent parfaitement dans le paysage urbain.\r\n\r\nPaderborn offre non seulement de nombreuses possibilit\u00e9s de formation et de carri\u00e8re, mais est \u00e9galement un site attrayant pour les entreprises innovantes qui misent sur la durabilit\u00e9 et une infrastructure \u00e9nerg\u00e9tique moderne. Avec ses parcs verdoyants, ses sites historiques et ses projets tourn\u00e9s vers l'avenir, la ville est un lieu id\u00e9al pour les entreprises et les habitants qui attachent de l'importance \u00e0 la qualit\u00e9 de vie et au progr\u00e8s.","link":"https:\/\/faber-etec.de\/fr\/tag\/paderborn\/","name":"# Paderborn","slug":"paderborn","taxonomy":"post_tag","meta":[],"_links":{"self":[{"href":"https:\/\/faber-etec.de\/fr\/wp-json\/wp\/v2\/tags\/66","targetHints":{"allow":["GET"]}}],"collection":[{"href":"https:\/\/faber-etec.de\/fr\/wp-json\/wp\/v2\/tags"}],"about":[{"href":"https:\/\/faber-etec.de\/fr\/wp-json\/wp\/v2\/taxonomies\/post_tag"}],"wp:post_type":[{"href":"https:\/\/faber-etec.de\/fr\/wp-json\/wp\/v2\/posts?tags=66"}],"curies":[{"name":"wp","href":"https:\/\/api.w.org\/{rel}","templated":true}]}}