{"id":75,"count":3,"description":"Les syst\u00e8mes modernes de stockage d'\u00e9nergie par batterie (BESS) sont un \u00e9l\u00e9ment central de la transition \u00e9nerg\u00e9tique et jouent un r\u00f4le d\u00e9cisif dans la transformation de notre approvisionnement en \u00e9nergie. Ils stockent l'\u00e9nergie exc\u00e9dentaire provenant de sources renouvelables telles que les installations solaires et \u00e9oliennes et la remettent \u00e0 disposition en cas de besoin - rapidement, de mani\u00e8re fiable et efficace. Cette flexibilit\u00e9 en fait un \u00e9l\u00e9ment indispensable \u00e0 la stabilisation des r\u00e9seaux \u00e9lectriques et \u00e0 l'int\u00e9gration des \u00e9nergies renouvelables volatiles. Pour que ces syst\u00e8mes complexes fonctionnent sans probl\u00e8me et puissent d\u00e9ployer tout leur potentiel, Faber E-Tec fournit l'infrastructure \u00e9lectrique appropri\u00e9e : des postes de transformation compacts sur mesure, des stations de transfert et des postes de transformation sp\u00e9cialement con\u00e7us pour r\u00e9pondre aux exigences techniques \u00e9lev\u00e9es des syst\u00e8mes de stockage d'\u00e9nergie.\r\n\r\nLes stations compactes de transformation utilis\u00e9es offrent une puissance de transformateur \u00e9lev\u00e9e et assurent une connexion stable et \u00e0 faibles pertes entre le r\u00e9seau \u00e9lectrique public et le syst\u00e8me de stockage. Ils garantissent une adaptation s\u00fbre de la tension et permettent aussi bien la charge que la d\u00e9charge des accumulateurs \u00e0 batterie dans les conditions d'exploitation les plus diverses. Gr\u00e2ce \u00e0 la construction robuste des stations en b\u00e9ton, qui offrent une protection m\u00e9canique et \u00e9lectrique \u00e9lev\u00e9e, et \u00e0 la conception compacte des stations techniques, les installations peuvent \u00eatre int\u00e9gr\u00e9es de mani\u00e8re efficace et peu encombrante dans tout projet \u00e9nerg\u00e9tique - que ce soit \u00e0 l'\u00e9chelle industrielle, dans de grands parcs solaires et \u00e9oliens ou dans des solutions de stockage d\u00e9centralis\u00e9es pour le commerce et l'industrie. La construction modulaire permet en outre une extension flexible des syst\u00e8mes en fonction de l'augmentation des besoins \u00e9nerg\u00e9tiques.\r\nChaque installation est planifi\u00e9e individuellement et adapt\u00e9e aux exigences sp\u00e9cifiques du projet. Pour ce faire, nos ing\u00e9nieurs tiennent compte non seulement des param\u00e8tres \u00e9lectriques, mais aussi des conditions locales, des conditions climatiques et des possibilit\u00e9s d'extension futures. La fabrication est r\u00e9alis\u00e9e en Allemagne selon les normes de qualit\u00e9 les plus strictes, ce qui garantit des d\u00e9lais de livraison courts et une documentation compl\u00e8te.\r\n\r\nGr\u00e2ce \u00e0 la combinaison d'une planification pr\u00e9cise, d'une fabrication fiable et d'un savoir-faire technique de longue date, Faber E-Tec cr\u00e9e la base d'un avenir \u00e9nerg\u00e9tique s\u00fbr et \u00e9volutif. Nos solutions \u00e9prouv\u00e9es dans le domaine BESS contribuent activement \u00e0 d\u00e9sengorger les r\u00e9seaux \u00e9lectriques, \u00e0 augmenter la disponibilit\u00e9 de l'\u00e9nergie, \u00e0 absorber les pics de charge et \u00e0 accro\u00eetre durablement la part des \u00e9nergies renouvelables. Nous aidons ainsi nos clients \u00e0 apporter une contribution importante \u00e0 la transition \u00e9nerg\u00e9tique tout en profitant de mani\u00e8re \u00e9conomique des possibilit\u00e9s de stockage de l'\u00e9nergie.\r\n\r\nFaber E-Tec - Stocker l'\u00e9nergie. Assurer l'avenir.","link":"https:\/\/faber-etec.de\/fr\/tag\/bess\/","name":"# BESS","slug":"bess","taxonomy":"post_tag","meta":[],"_links":{"self":[{"href":"https:\/\/faber-etec.de\/fr\/wp-json\/wp\/v2\/tags\/75","targetHints":{"allow":["GET"]}}],"collection":[{"href":"https:\/\/faber-etec.de\/fr\/wp-json\/wp\/v2\/tags"}],"about":[{"href":"https:\/\/faber-etec.de\/fr\/wp-json\/wp\/v2\/taxonomies\/post_tag"}],"wp:post_type":[{"href":"https:\/\/faber-etec.de\/fr\/wp-json\/wp\/v2\/posts?tags=75"}],"curies":[{"name":"wp","href":"https:\/\/api.w.org\/{rel}","templated":true}]}}