{"id":15913,"date":"2025-07-21T16:02:11","date_gmt":"2025-07-21T14:02:11","guid":{"rendered":"https:\/\/faber-etec.de\/?p=15913"},"modified":"2025-10-29T17:08:46","modified_gmt":"2025-10-29T16:08:46","slug":"transformator-bess-systeme","status":"publish","type":"post","link":"https:\/\/faber-etec.de\/nl\/forschung-und-entwicklung\/transformator-bess-systeme\/","title":{"rendered":"Transformatoren voor BESS-systemen"},"content":{"rendered":"\t\t<div data-elementor-type=\"wp-post\" data-elementor-id=\"15913\" class=\"elementor elementor-15913\" data-elementor-post-type=\"post\">\n\t\t\t\t<div class=\"elementor-element elementor-element-68cd9c26 e-flex e-con-boxed e-con e-parent\" data-id=\"68cd9c26\" data-element_type=\"container\" data-e-type=\"container\">\n\t\t\t\t\t<div class=\"e-con-inner\">\n\t\t\t\t<div class=\"elementor-element elementor-element-42a56b6 elementor-widget elementor-widget-heading\" data-id=\"42a56b6\" data-element_type=\"widget\" data-e-type=\"widget\" data-widget_type=\"heading.default\">\n\t\t\t\t<div class=\"elementor-widget-container\">\n\t\t\t\t\t<h2 class=\"elementor-heading-title elementor-size-default\">Faber E-Tec \u2013 Energie intelligent verbinden<\/h2>\t\t\t\t<\/div>\n\t\t\t\t<\/div>\n\t\t\t\t<div class=\"elementor-element elementor-element-447de64 elementor-widget elementor-widget-heading\" data-id=\"447de64\" data-element_type=\"widget\" data-e-type=\"widget\" data-widget_type=\"heading.default\">\n\t\t\t\t<div class=\"elementor-widget-container\">\n\t\t\t\t\t<h3 class=\"elementor-heading-title elementor-size-default\">Niederspannungsseitige Flexibilit\u00e4t: 400V | 690V | 800V<\/h3>\t\t\t\t<\/div>\n\t\t\t\t<\/div>\n\t\t\t\t<div class=\"elementor-element elementor-element-5da333e5 elementor-widget elementor-widget-text-editor\" data-id=\"5da333e5\" data-element_type=\"widget\" data-e-type=\"widget\" data-widget_type=\"text-editor.default\">\n\t\t\t\t<div class=\"elementor-widget-container\">\n\t\t\t\t\t\t\t\t\t<p class=\"wp-block-heading\">Unsere <a  href=\"https:\/\/faber-etec.de\/produkte\/\" title=\"Produkte - Transformatorl\u00f6sungen\">Transformatorl\u00f6sungen<\/a> sind speziell darauf ausgelegt, moderne <strong>Batteriespeichersysteme<\/strong> effizient und zuverl\u00e4ssig zu integrieren. Dank unserer Erfahrung im Trafobau, PV-Technik, Energietechnik und Systemintegration bieten wir Transformatoren, die auf die Anforderungen g\u00e4ngiger <strong>BESS<\/strong>-Technologien abgestimmt sind:<\/p>\n<p><!-- \/wp:heading --><\/p>\n<p><!-- wp:paragraph --><\/p>\n<p><!-- \/wp:paragraph --><\/p>\n<p><!-- wp:paragraph --><\/p>\n<p><!-- \/wp:paragraph --><\/p>\n<p><!-- wp:paragraph --><\/p>\n<p><!-- \/wp:paragraph --><\/p>\n<p><!-- wp:list --><\/p>\n<ul class=\"wp-block-list\">\n<li style=\"list-style-type: none;\">\n<ul class=\"wp-block-list\"><!-- wp:list-item --><\/ul>\n<\/li>\n<\/ul>\n<ul>\n<li>Niederspannungsseitige Ausg\u00e4nge in <strong>400V<\/strong>, <strong>690V<\/strong> und <strong>800V<\/strong> \u2013 vollst\u00e4ndig kompatibel mit markt\u00fcblichen Batteriewechselrichtern.<br \/><br \/><\/li>\n<li>Optimale Anpassung an <strong>DC\/AC-Systemtopologien<\/strong> f\u00fcr station\u00e4re Speichersysteme, On-\/Off-Grid-Anwendungen und Netzdienstleistungen.<\/li>\n<\/ul>\n<p><!-- \/wp:list-item --><\/p>\n<p><!-- wp:list-item --><\/p>\n<p><!-- \/wp:paragraph --><\/p>\t\t\t\t\t\t\t\t<\/div>\n\t\t\t\t<\/div>\n\t\t\t\t<div class=\"elementor-element elementor-element-b6dcb97 elementor-widget elementor-widget-image\" data-id=\"b6dcb97\" data-element_type=\"widget\" data-e-type=\"widget\" data-widget_type=\"image.default\">\n\t\t\t\t<div class=\"elementor-widget-container\">\n\t\t\t\t\t\t\t\t\t\t\t\t<figure class=\"wp-caption\">\n\t\t\t\t\t\t\t\t\t\t\t<a href=\"https:\/\/faber-etec.de\/solarparkstation\/\" title=\"Faber E-Tec Solarparkstation anfragen\">\n\t\t\t\t\t\t\t<img fetchpriority=\"high\" decoding=\"async\" width=\"800\" height=\"450\" src=\"https:\/\/faber-etec.de\/wp-content\/uploads\/sites\/3\/2025\/07\/trafostation-kranmontage-bess-1024x576.avif\" class=\"attachment-large size-large wp-image-15930\" alt=\"Installation einer Kompakttrafostation f\u00fcr Batteriespeicher mit Kran \u2013 Aufbau einer BESS-Infrastruktur\" srcset=\"https:\/\/faber-etec.de\/wp-content\/uploads\/sites\/3\/2025\/07\/trafostation-kranmontage-bess-1024x576.avif 1024w, https:\/\/faber-etec.de\/wp-content\/uploads\/sites\/3\/2025\/07\/trafostation-kranmontage-bess-300x169.avif 300w, https:\/\/faber-etec.de\/wp-content\/uploads\/sites\/3\/2025\/07\/trafostation-kranmontage-bess-768x432.avif 768w, https:\/\/faber-etec.de\/wp-content\/uploads\/sites\/3\/2025\/07\/trafostation-kranmontage-bess-1536x864.avif 1536w, https:\/\/faber-etec.de\/wp-content\/uploads\/sites\/3\/2025\/07\/trafostation-kranmontage-bess-2048x1152.avif 2048w, https:\/\/faber-etec.de\/wp-content\/uploads\/sites\/3\/2025\/07\/trafostation-kranmontage-bess-18x10.avif 18w\" sizes=\"(max-width: 800px) 100vw, 800px\" title=\"Installation einer Kompakttrafostation mit Kran\" \/>\t\t\t\t\t\t\t\t<\/a>\n\t\t\t\t\t\t\t\t\t\t\t<figcaption class=\"widget-image-caption wp-caption-text\">Unsere Kompakt-Trafostationen erm\u00f6glichen einen sicheren und effizienten Netzanschluss von Solarparks. Sie gew\u00e4hrleisten eine stabile Energie\u00fcbertragung und unterst\u00fctzen eine nachhaltige Stromversorgung.<\/figcaption>\n\t\t\t\t\t\t\t\t\t\t<\/figure>\n\t\t\t\t\t\t\t\t\t<\/div>\n\t\t\t\t<\/div>\n\t\t\t\t<div class=\"elementor-element elementor-element-f20a75a elementor-align-center elementor-widget elementor-widget-button\" data-id=\"f20a75a\" data-element_type=\"widget\" data-e-type=\"widget\" data-widget_type=\"button.default\">\n\t\t\t\t<div class=\"elementor-widget-container\">\n\t\t\t\t\t\t\t\t\t<div class=\"elementor-button-wrapper\">\n\t\t\t\t\t<a class=\"elementor-button elementor-button-link elementor-size-sm\"  href=\"https:\/\/faber-etec.de\/anfragen\/\" title=\"Anfragen - Trafostation konfigurieren\">\n\t\t\t\t\t\t<span class=\"elementor-button-content-wrapper\">\n\t\t\t\t\t\t<span class=\"elementor-button-icon\">\n\t\t\t\t<i aria-hidden=\"true\" class=\"fas fa-angle-right\"><\/i>\t\t\t<\/span>\n\t\t\t\t\t\t\t\t\t<span class=\"elementor-button-text\">Trafostation konfigurieren<\/span>\n\t\t\t\t\t<\/span>\n\t\t\t\t\t<\/a>\n\t\t\t\t<\/div>\n\t\t\t\t\t\t\t\t<\/div>\n\t\t\t\t<\/div>\n\t\t\t\t<div class=\"elementor-element elementor-element-a918404 elementor-widget-divider--view-line elementor-widget elementor-widget-divider\" data-id=\"a918404\" data-element_type=\"widget\" data-e-type=\"widget\" data-widget_type=\"divider.default\">\n\t\t\t\t<div class=\"elementor-widget-container\">\n\t\t\t\t\t\t\t<div class=\"elementor-divider\">\n\t\t\t<span class=\"elementor-divider-separator\">\n\t\t\t\t\t\t<\/span>\n\t\t<\/div>\n\t\t\t\t\t\t<\/div>\n\t\t\t\t<\/div>\n\t\t\t\t<div class=\"elementor-element elementor-element-66108cc elementor-widget elementor-widget-heading\" data-id=\"66108cc\" data-element_type=\"widget\" data-e-type=\"widget\" data-widget_type=\"heading.default\">\n\t\t\t\t<div class=\"elementor-widget-container\">\n\t\t\t\t\t<h3 class=\"elementor-heading-title elementor-size-default\">IT- und TN-Systeme f\u00fcr maximale Netzkompatibilit\u00e4t<\/h3>\t\t\t\t<\/div>\n\t\t\t\t<\/div>\n\t\t\t\t<div class=\"elementor-element elementor-element-e2b15c3 elementor-widget elementor-widget-text-editor\" data-id=\"e2b15c3\" data-element_type=\"widget\" data-e-type=\"widget\" data-widget_type=\"text-editor.default\">\n\t\t\t\t<div class=\"elementor-widget-container\">\n\t\t\t\t\t\t\t\t\t<p>Wir liefern <strong>Transformatoren<\/strong>, die sowohl IT- als auch TN-Netzsysteme unterst\u00fctzen. <br \/>Dies erlaubt:<\/p>\n<ul>\n<li>Flexiblen Netzanschluss der BESS-Systeme (je nach Normenanforderung, Applikation oder Herstellervorgabe).<br \/><br \/><\/li>\n<li>Sichere galvanische Trennung \u2013 besonders wichtig f\u00fcr netzgekoppelte Systeme mit Isolations\u00fcberwachung.<br \/><br \/><\/li>\n<li>Die M\u00f6glichkeit zur feinjustierten Netzintegration, auch in komplexen Hybridl\u00f6sungen.<\/li>\n<\/ul>\n<p><!-- \/wp:list-item --><\/p>\n<p><!-- wp:list-item --><\/p>\n<p><!-- \/wp:paragraph --><\/p>\t\t\t\t\t\t\t\t<\/div>\n\t\t\t\t<\/div>\n\t\t\t\t<div class=\"elementor-element elementor-element-ed037c5 elementor-widget-divider--view-line elementor-widget elementor-widget-divider\" data-id=\"ed037c5\" data-element_type=\"widget\" data-e-type=\"widget\" data-widget_type=\"divider.default\">\n\t\t\t\t<div class=\"elementor-widget-container\">\n\t\t\t\t\t\t\t<div class=\"elementor-divider\">\n\t\t\t<span class=\"elementor-divider-separator\">\n\t\t\t\t\t\t<\/span>\n\t\t<\/div>\n\t\t\t\t\t\t<\/div>\n\t\t\t\t<\/div>\n\t\t\t\t<div class=\"elementor-element elementor-element-b78c3db elementor-widget elementor-widget-heading\" data-id=\"b78c3db\" data-element_type=\"widget\" data-e-type=\"widget\" data-widget_type=\"heading.default\">\n\t\t\t\t<div class=\"elementor-widget-container\">\n\t\t\t\t\t<h3 class=\"elementor-heading-title elementor-size-default\">Kompakt Trafostationen von 250 kVA bis 3.150 kVA \u2013 modular erweiterbar<\/h3>\t\t\t\t<\/div>\n\t\t\t\t<\/div>\n\t\t\t\t<div class=\"elementor-element elementor-element-27ee547 elementor-widget elementor-widget-text-editor\" data-id=\"27ee547\" data-element_type=\"widget\" data-e-type=\"widget\" data-widget_type=\"text-editor.default\">\n\t\t\t\t<div class=\"elementor-widget-container\">\n\t\t\t\t\t\t\t\t\t<p>Unsere <strong>Trafostationen<\/strong> decken ein breites Leistungsspektrum ab:<\/p>\n<ul>\n<li>Standardleistung von 250 kVA bis 3.150 kVA \u2013 optimal f\u00fcr gewerbliche und industrielle <strong>Speicherl\u00f6sungen<\/strong> oder Trading Speicher<br \/><br \/><\/li>\n<li>Bei Bedarf realisieren wir Leistungen bis zu 20.000 kVA, abh\u00e4ngig von Spannungsebene der Mittelspannung, Betriebsumgebung und der eingesetzten Mittelspannungstechnik.<br \/><br \/><\/li>\n<li>Modulare Ausf\u00fchrung: Kombination mit weiteren Funktionsmodulen (z.\u202fB. \u00dcbergabeschr\u00e4nkung, Schalttechnik, Z\u00e4hlerpl\u00e4tze, Energiemanagementeinheiten).<\/li>\n<\/ul>\n<p><!-- \/wp:list-item --><\/p>\n<p><!-- wp:list-item --><\/p>\n<p><!-- \/wp:paragraph --><\/p>\t\t\t\t\t\t\t\t<\/div>\n\t\t\t\t<\/div>\n\t\t\t\t<div class=\"elementor-element elementor-element-3499e66 elementor-widget-divider--view-line elementor-widget elementor-widget-divider\" data-id=\"3499e66\" data-element_type=\"widget\" data-e-type=\"widget\" data-widget_type=\"divider.default\">\n\t\t\t\t<div class=\"elementor-widget-container\">\n\t\t\t\t\t\t\t<div class=\"elementor-divider\">\n\t\t\t<span class=\"elementor-divider-separator\">\n\t\t\t\t\t\t<\/span>\n\t\t<\/div>\n\t\t\t\t\t\t<\/div>\n\t\t\t\t<\/div>\n\t\t\t\t<div class=\"elementor-element elementor-element-bd0e4dc elementor-widget elementor-widget-heading\" data-id=\"bd0e4dc\" data-element_type=\"widget\" data-e-type=\"widget\" data-widget_type=\"heading.default\">\n\t\t\t\t<div class=\"elementor-widget-container\">\n\t\t\t\t\t<h3 class=\"elementor-heading-title elementor-size-default\">Einsatzbereiche<\/h3>\t\t\t\t<\/div>\n\t\t\t\t<\/div>\n\t\t\t\t<div class=\"elementor-element elementor-element-9b011e6 elementor-widget elementor-widget-text-editor\" data-id=\"9b011e6\" data-element_type=\"widget\" data-e-type=\"widget\" data-widget_type=\"text-editor.default\">\n\t\t\t\t<div class=\"elementor-widget-container\">\n\t\t\t\t\t\t\t\t\t<p data-start=\"199\" data-end=\"534\">Unsere Transformatoren und Trafostationen f\u00fcr BESS-Systeme kommen in vielf\u00e4ltigen Anwendungen zum Einsatz \u2013 von Ladeinfrastruktur mit Pufferbatterien \u00fcber industrielle Speicherl\u00f6sungen zur Peak-Shaving und Eigenverbrauchsoptimierung bis hin zu Regelleistung, Hybridanlagen mit PV, Wind oder Diesel sowie skalierbaren Trading-Speichern.<\/p>\n<ul>\n<li><a  href=\"https:\/\/faber-etec.de\/projekte\/trafostation-supercharger\/\" title=\"Trafostation Supercharger - Ladeinfrastruktur\" target=\"_blank\" rel=\"noopener\">Ladeinfrastruktur<\/a> mit Pufferbatterien<br \/><br \/><\/li>\n<li>Industriespeicher zur Peak-Shaving \/ Eigenverbrauchsoptimierunn<br \/><br \/><\/li>\n<li>Regelleistungsbereitstellung \/ Netzdienstleistungen<br \/><br \/><\/li>\n<li>Hybridl\u00f6sungen in Kombination mit Photovoltaik, Wind oder Dieselgeneratoren<br \/><br \/><\/li>\n<li>Trading Speicher<\/li>\n<\/ul>\n<p><!-- \/wp:list-item --><\/p>\n<p><!-- wp:list-item --><\/p>\n<p><!-- \/wp:paragraph --><\/p>\t\t\t\t\t\t\t\t<\/div>\n\t\t\t\t<\/div>\n\t\t\t\t<div class=\"elementor-element elementor-element-c57b799 elementor-widget elementor-widget-image\" data-id=\"c57b799\" data-element_type=\"widget\" data-e-type=\"widget\" data-widget_type=\"image.default\">\n\t\t\t\t<div class=\"elementor-widget-container\">\n\t\t\t\t\t\t\t\t\t\t\t\t<figure class=\"wp-caption\">\n\t\t\t\t\t\t\t\t\t\t\t<a href=\"https:\/\/faber-etec.de\/solarparkstation\/\" title=\"Faber E-Tec Solarparkstation anfragen\">\n\t\t\t\t\t\t\t<img decoding=\"async\" width=\"800\" height=\"450\" src=\"https:\/\/faber-etec.de\/wp-content\/uploads\/sites\/3\/2025\/07\/trafostation-montage-bess-solarpark-speicher-pv-1024x576.avif\" class=\"attachment-large size-large wp-image-15928\" alt=\"Installation einer Kompakttrafostation f\u00fcr Batteriespeichersysteme (BESS) per Kran \u2013 netzkompatible Trafol\u00f6sung mit 400V, 690V oder 800V f\u00fcr Peak-Shaving, PV-Hybridanlagen, Regelleistung und industrielle Speicherinfrastruktur.\" srcset=\"https:\/\/faber-etec.de\/wp-content\/uploads\/sites\/3\/2025\/07\/trafostation-montage-bess-solarpark-speicher-pv-1024x576.avif 1024w, https:\/\/faber-etec.de\/wp-content\/uploads\/sites\/3\/2025\/07\/trafostation-montage-bess-solarpark-speicher-pv-300x169.avif 300w, https:\/\/faber-etec.de\/wp-content\/uploads\/sites\/3\/2025\/07\/trafostation-montage-bess-solarpark-speicher-pv-768x432.avif 768w, https:\/\/faber-etec.de\/wp-content\/uploads\/sites\/3\/2025\/07\/trafostation-montage-bess-solarpark-speicher-pv-1536x864.avif 1536w, https:\/\/faber-etec.de\/wp-content\/uploads\/sites\/3\/2025\/07\/trafostation-montage-bess-solarpark-speicher-pv-2048x1152.avif 2048w, https:\/\/faber-etec.de\/wp-content\/uploads\/sites\/3\/2025\/07\/trafostation-montage-bess-solarpark-speicher-pv-18x10.avif 18w\" sizes=\"(max-width: 800px) 100vw, 800px\" title=\"Jetzt Kaufen: Schnelle Inbetriebnahme einer BESS-Trafostation\" \/>\t\t\t\t\t\t\t\t<\/a>\n\t\t\t\t\t\t\t\t\t\t\t<figcaption class=\"widget-image-caption wp-caption-text\">Trafostationen f\u00fcr den Solarpark-Netzanschluss: Unsere Kompakt-Trafostationen gew\u00e4hrleisten eine zuverl\u00e4ssige Energie\u00fcbertragung und sorgen f\u00fcr eine nachhaltige Energieversorgung.<\/figcaption>\n\t\t\t\t\t\t\t\t\t\t<\/figure>\n\t\t\t\t\t\t\t\t\t<\/div>\n\t\t\t\t<\/div>\n\t\t\t\t<div class=\"elementor-element elementor-element-3c4e003 elementor-align-center elementor-widget elementor-widget-button\" data-id=\"3c4e003\" data-element_type=\"widget\" data-e-type=\"widget\" data-widget_type=\"button.default\">\n\t\t\t\t<div class=\"elementor-widget-container\">\n\t\t\t\t\t\t\t\t\t<div class=\"elementor-button-wrapper\">\n\t\t\t\t\t<a class=\"elementor-button elementor-button-link elementor-size-sm\"  href=\"https:\/\/faber-etec.de\/solarparkstation\/\" title=\"Solarparkstation - Solarpark-Trafostation anfragen\">\n\t\t\t\t\t\t<span class=\"elementor-button-content-wrapper\">\n\t\t\t\t\t\t<span class=\"elementor-button-icon\">\n\t\t\t\t<i aria-hidden=\"true\" class=\"fas fa-angle-right\"><\/i>\t\t\t<\/span>\n\t\t\t\t\t\t\t\t\t<span class=\"elementor-button-text\">Solarpark-Trafostation anfragen<\/span>\n\t\t\t\t\t<\/span>\n\t\t\t\t\t<\/a>\n\t\t\t\t<\/div>\n\t\t\t\t\t\t\t\t<\/div>\n\t\t\t\t<\/div>\n\t\t\t\t<div class=\"elementor-element elementor-element-3250e5b elementor-widget-divider--view-line elementor-widget elementor-widget-divider\" data-id=\"3250e5b\" data-element_type=\"widget\" data-e-type=\"widget\" data-widget_type=\"divider.default\">\n\t\t\t\t<div class=\"elementor-widget-container\">\n\t\t\t\t\t\t\t<div class=\"elementor-divider\">\n\t\t\t<span class=\"elementor-divider-separator\">\n\t\t\t\t\t\t<\/span>\n\t\t<\/div>\n\t\t\t\t\t\t<\/div>\n\t\t\t\t<\/div>\n\t\t\t\t<div class=\"elementor-element elementor-element-2e06a3c elementor-widget elementor-widget-text-editor\" data-id=\"2e06a3c\" data-element_type=\"widget\" data-e-type=\"widget\" data-widget_type=\"text-editor.default\">\n\t\t\t\t<div class=\"elementor-widget-container\">\n\t\t\t\t\t\t\t\t\t<!-- wp:heading --><!-- \/wp:separator --><!-- wp:paragraph -->\n<h2>Fazit<\/h2>\n<p>Mit Transformatoren und Trafostationen von <strong>Faber E-Tec<\/strong> erhalten Sie eine zukunftssichere, normgerechte und anpassbare L\u00f6sung zur Integration moderner Batteriespeichersysteme \u2013 sei es f\u00fcr industrielle Anwendungen, Energieversorger oder komplexe Netzanbindungen.<\/p>\n<!-- \/wp:paragraph --><!-- wp:paragraph --><!-- \/wp:paragraph -->\t\t\t\t\t\t\t\t<\/div>\n\t\t\t\t<\/div>\n\t\t\t\t<div class=\"elementor-element elementor-element-39187eb elementor-widget elementor-widget-image\" data-id=\"39187eb\" data-element_type=\"widget\" data-e-type=\"widget\" data-widget_type=\"image.default\">\n\t\t\t\t<div class=\"elementor-widget-container\">\n\t\t\t\t\t\t\t\t\t\t\t\t<figure class=\"wp-caption\">\n\t\t\t\t\t\t\t\t\t\t<img decoding=\"async\" width=\"800\" height=\"534\" src=\"https:\/\/faber-etec.de\/wp-content\/uploads\/sites\/3\/2025\/07\/kompakt-trafostation-bess-solarpark-1024x683.avif\" class=\"attachment-large size-large wp-image-15929\" alt=\"Kompakttrafostation f\u00fcr Batteriespeichersystem (BESS) im Solarpark \u2013 netzgekoppelte L\u00f6sung mit PV-Anlage\" srcset=\"https:\/\/faber-etec.de\/wp-content\/uploads\/sites\/3\/2025\/07\/kompakt-trafostation-bess-solarpark-1024x683.avif 1024w, https:\/\/faber-etec.de\/wp-content\/uploads\/sites\/3\/2025\/07\/kompakt-trafostation-bess-solarpark-300x200.avif 300w, https:\/\/faber-etec.de\/wp-content\/uploads\/sites\/3\/2025\/07\/kompakt-trafostation-bess-solarpark-768x512.avif 768w, https:\/\/faber-etec.de\/wp-content\/uploads\/sites\/3\/2025\/07\/kompakt-trafostation-bess-solarpark-1536x1024.avif 1536w, https:\/\/faber-etec.de\/wp-content\/uploads\/sites\/3\/2025\/07\/kompakt-trafostation-bess-solarpark-2048x1365.avif 2048w, https:\/\/faber-etec.de\/wp-content\/uploads\/sites\/3\/2025\/07\/kompakt-trafostation-bess-solarpark-18x12.avif 18w\" sizes=\"(max-width: 800px) 100vw, 800px\" title=\"BESS-Trafostation im Einsatz am Solarpark\" \/>\t\t\t\t\t\t\t\t\t\t\t<figcaption class=\"widget-image-caption wp-caption-text\">Modulare Kompakttrafostation zur Einbindung von BESS-Systemen in Photovoltaikanlagen. Optimale L\u00f6sung f\u00fcr erneuerbare Energien und Eigenverbrauch.<\/figcaption>\n\t\t\t\t\t\t\t\t\t\t<\/figure>\n\t\t\t\t\t\t\t\t\t<\/div>\n\t\t\t\t<\/div>\n\t\t\t\t<div class=\"elementor-element elementor-element-123fb1f elementor-widget elementor-widget-text-editor\" data-id=\"123fb1f\" data-element_type=\"widget\" data-e-type=\"widget\" data-widget_type=\"text-editor.default\">\n\t\t\t\t<div class=\"elementor-widget-container\">\n\t\t\t\t\t\t\t\t\t<h3>\ud83d\udd0c Batteriespeicher geplant?<\/h3>\n<p>Unsere Kompakt-Trafostationen sind optimal auf BESS-Anwendungen abgestimmt \u2013 inklusive Mittelspannungsanschluss und Schutztechnik. Wir liefern die passende <strong data-start=\"284\" data-end=\"332\">Kompaktstation f\u00fcr Ihr Energiespeichersystem<\/strong>.<\/p>\t\t\t\t\t\t\t\t<\/div>\n\t\t\t\t<\/div>\n\t\t\t\t<div class=\"elementor-element elementor-element-aadc2f2 elementor-align-left elementor-widget elementor-widget-button\" data-id=\"aadc2f2\" data-element_type=\"widget\" data-e-type=\"widget\" data-widget_type=\"button.default\">\n\t\t\t\t<div class=\"elementor-widget-container\">\n\t\t\t\t\t\t\t\t\t<div class=\"elementor-button-wrapper\">\n\t\t\t\t\t<a class=\"elementor-button elementor-button-link elementor-size-sm\"  href=\"https:\/\/faber-etec.de\/anfragen\/\" title=\"Anfragen - Jetzt anfragen und beraten lassen\">\n\t\t\t\t\t\t<span class=\"elementor-button-content-wrapper\">\n\t\t\t\t\t\t<span class=\"elementor-button-icon\">\n\t\t\t\t<i aria-hidden=\"true\" class=\"fas fa-angle-right\"><\/i>\t\t\t<\/span>\n\t\t\t\t\t\t\t\t\t<span class=\"elementor-button-text\">Jetzt anfragen und beraten lassen<\/span>\n\t\t\t\t\t<\/span>\n\t\t\t\t\t<\/a>\n\t\t\t\t<\/div>\n\t\t\t\t\t\t\t\t<\/div>\n\t\t\t\t<\/div>\n\t\t\t\t<div class=\"elementor-element elementor-element-55dae61 elementor-widget-divider--view-line elementor-widget elementor-widget-divider\" data-id=\"55dae61\" data-element_type=\"widget\" data-e-type=\"widget\" data-widget_type=\"divider.default\">\n\t\t\t\t<div class=\"elementor-widget-container\">\n\t\t\t\t\t\t\t<div class=\"elementor-divider\">\n\t\t\t<span class=\"elementor-divider-separator\">\n\t\t\t\t\t\t<\/span>\n\t\t<\/div>\n\t\t\t\t\t\t<\/div>\n\t\t\t\t<\/div>\n\t\t\t\t<div class=\"elementor-element elementor-element-7344f4d elementor-widget elementor-widget-heading\" data-id=\"7344f4d\" data-element_type=\"widget\" data-e-type=\"widget\" data-widget_type=\"heading.default\">\n\t\t\t\t<div class=\"elementor-widget-container\">\n\t\t\t\t\t<h2 class=\"elementor-heading-title elementor-size-default\">\ud83d\udd0bBESS - FAQs<\/h2>\t\t\t\t<\/div>\n\t\t\t\t<\/div>\n\t\t\t\t<div class=\"elementor-element elementor-element-8cf6767 faqaccordion elementor-widget elementor-widget-n-accordion\" data-id=\"8cf6767\" data-element_type=\"widget\" data-e-type=\"widget\" data-settings=\"{&quot;default_state&quot;:&quot;all_collapsed&quot;,&quot;max_items_expended&quot;:&quot;one&quot;,&quot;n_accordion_animation_duration&quot;:{&quot;unit&quot;:&quot;ms&quot;,&quot;size&quot;:400,&quot;sizes&quot;:[]}}\" data-widget_type=\"nested-accordion.default\">\n\t\t\t\t<div class=\"elementor-widget-container\">\n\t\t\t\t\t\t\t<div class=\"e-n-accordion\" aria-label=\"Accordion. Open links with Enter or Space, close with Escape, and navigate with Arrow Keys\">\n\t\t\t\t\t\t<details id=\"e-n-accordion-item-1470\" class=\"e-n-accordion-item\" >\n\t\t\t\t<summary class=\"e-n-accordion-item-title\" data-accordion-index=\"1\" tabindex=\"0\" aria-expanded=\"false\" aria-controls=\"e-n-accordion-item-1470\" >\n\t\t\t\t\t<span class='e-n-accordion-item-title-header'><div class=\"e-n-accordion-item-title-text\"> Was ist ein BESS? <\/div><\/span>\n\t\t\t\t\t\t\t<span class='e-n-accordion-item-title-icon'>\n\t\t\t<span class='e-opened' ><i aria-hidden=\"true\" class=\"fas fa-minus\"><\/i><\/span>\n\t\t\t<span class='e-closed'><i aria-hidden=\"true\" class=\"fas fa-plus\"><\/i><\/span>\n\t\t<\/span>\n\n\t\t\t\t\t\t<\/summary>\n\t\t\t\t<div role=\"region\" aria-labelledby=\"e-n-accordion-item-1470\" class=\"elementor-element elementor-element-9290f72 e-con-full e-flex e-con e-child\" data-id=\"9290f72\" data-element_type=\"container\" data-e-type=\"container\">\n\t\t\t\t<div class=\"elementor-element elementor-element-130abc1 elementor-widget elementor-widget-text-editor\" data-id=\"130abc1\" data-element_type=\"widget\" data-e-type=\"widget\" data-widget_type=\"text-editor.default\">\n\t\t\t\t<div class=\"elementor-widget-container\">\n\t\t\t\t\t\t\t\t\t<p><span class=\"relative -mx-px my-[-0.2rem] rounded px-px py-[0.2rem] transition-colors duration-100 ease-in-out\">Ein BESS (Battery Energy Storage Systems) ist ein Batteriespeicher, der Strom (z.\u202fB. aus Sonne oder Wind) zwischenspeichert und bei Bedarf wieder einspeist \u2013 etwa wenn Erzeugung und Verbrauch auseinanderklaffen.<\/span><\/p>\t\t\t\t\t\t\t\t<\/div>\n\t\t\t\t<\/div>\n\t\t\t\t<\/div>\n\t\t\t\t\t<\/details>\n\t\t\t\t\t\t<details id=\"e-n-accordion-item-1471\" class=\"e-n-accordion-item\" >\n\t\t\t\t<summary class=\"e-n-accordion-item-title\" data-accordion-index=\"2\" tabindex=\"-1\" aria-expanded=\"false\" aria-controls=\"e-n-accordion-item-1471\" >\n\t\t\t\t\t<span class='e-n-accordion-item-title-header'><div class=\"e-n-accordion-item-title-text\"> Wie funktioniert ein BESS? <\/div><\/span>\n\t\t\t\t\t\t\t<span class='e-n-accordion-item-title-icon'>\n\t\t\t<span class='e-opened' ><i aria-hidden=\"true\" class=\"fas fa-minus\"><\/i><\/span>\n\t\t\t<span class='e-closed'><i aria-hidden=\"true\" class=\"fas fa-plus\"><\/i><\/span>\n\t\t<\/span>\n\n\t\t\t\t\t\t<\/summary>\n\t\t\t\t<div role=\"region\" aria-labelledby=\"e-n-accordion-item-1471\" class=\"elementor-element elementor-element-e2be80c e-con-full e-flex e-con e-child\" data-id=\"e2be80c\" data-element_type=\"container\" data-e-type=\"container\">\n\t\t\t\t<div class=\"elementor-element elementor-element-9304a2c elementor-widget elementor-widget-text-editor\" data-id=\"9304a2c\" data-element_type=\"widget\" data-e-type=\"widget\" data-widget_type=\"text-editor.default\">\n\t\t\t\t<div class=\"elementor-widget-container\">\n\t\t\t\t\t\t\t\t\t<p><span class=\"relative -mx-px my-[-0.2rem] rounded px-px py-[0.2rem] transition-colors duration-100 ease-in-out\">\u2013 <span style=\"text-decoration: underline;\">Ladephase<\/span>: Energie wird gespeichert (aus Netz oder Erzeuger).<\/span><br data-start=\"238\" data-end=\"241\" \/><span class=\"relative -mx-px my-[-0.2rem] rounded px-px py-[0.2rem] transition-colors duration-100 ease-in-out\">\u2013 <span style=\"text-decoration: underline;\">Entladephase<\/span>: Bei Bedarf wird Energie entnommen und \u00fcber Wechselrichter ins Wechselstromnetz eingespeist. Ein Energiemanagementsystem (EMS) optimiert Lade-\/Entladekurven und sch\u00fctzt vor \u00dcberlastung.<\/span><\/p>\t\t\t\t\t\t\t\t<\/div>\n\t\t\t\t<\/div>\n\t\t\t\t<\/div>\n\t\t\t\t\t<\/details>\n\t\t\t\t\t\t<details id=\"e-n-accordion-item-1472\" class=\"e-n-accordion-item\" >\n\t\t\t\t<summary class=\"e-n-accordion-item-title\" data-accordion-index=\"3\" tabindex=\"-1\" aria-expanded=\"false\" aria-controls=\"e-n-accordion-item-1472\" >\n\t\t\t\t\t<span class='e-n-accordion-item-title-header'><div class=\"e-n-accordion-item-title-text\"> Welche Technologien werden verwendet? <\/div><\/span>\n\t\t\t\t\t\t\t<span class='e-n-accordion-item-title-icon'>\n\t\t\t<span class='e-opened' ><i aria-hidden=\"true\" class=\"fas fa-minus\"><\/i><\/span>\n\t\t\t<span class='e-closed'><i aria-hidden=\"true\" class=\"fas fa-plus\"><\/i><\/span>\n\t\t<\/span>\n\n\t\t\t\t\t\t<\/summary>\n\t\t\t\t<div role=\"region\" aria-labelledby=\"e-n-accordion-item-1472\" class=\"elementor-element elementor-element-99739dd e-con-full e-flex e-con e-child\" data-id=\"99739dd\" data-element_type=\"container\" data-e-type=\"container\">\n\t\t\t\t<div class=\"elementor-element elementor-element-1d96ea2 elementor-widget elementor-widget-text-editor\" data-id=\"1d96ea2\" data-element_type=\"widget\" data-e-type=\"widget\" data-widget_type=\"text-editor.default\">\n\t\t\t\t<div class=\"elementor-widget-container\">\n\t\t\t\t\t\t\t\t\t<p>Am h\u00e4ufigsten Lithium-Ionen, daneben auch Natrium-Ionen oder station\u00e4re Systeme wie Natrium-Schwefel.<\/p>\t\t\t\t\t\t\t\t<\/div>\n\t\t\t\t<\/div>\n\t\t\t\t<\/div>\n\t\t\t\t\t<\/details>\n\t\t\t\t\t\t<details id=\"e-n-accordion-item-1473\" class=\"e-n-accordion-item\" >\n\t\t\t\t<summary class=\"e-n-accordion-item-title\" data-accordion-index=\"4\" tabindex=\"-1\" aria-expanded=\"false\" aria-controls=\"e-n-accordion-item-1473\" >\n\t\t\t\t\t<span class='e-n-accordion-item-title-header'><div class=\"e-n-accordion-item-title-text\"> Wie lange h\u00e4lt ein BESS? <\/div><\/span>\n\t\t\t\t\t\t\t<span class='e-n-accordion-item-title-icon'>\n\t\t\t<span class='e-opened' ><i aria-hidden=\"true\" class=\"fas fa-minus\"><\/i><\/span>\n\t\t\t<span class='e-closed'><i aria-hidden=\"true\" class=\"fas fa-plus\"><\/i><\/span>\n\t\t<\/span>\n\n\t\t\t\t\t\t<\/summary>\n\t\t\t\t<div role=\"region\" aria-labelledby=\"e-n-accordion-item-1473\" class=\"elementor-element elementor-element-10f75d2 e-con-full e-flex e-con e-child\" data-id=\"10f75d2\" data-element_type=\"container\" data-e-type=\"container\">\n\t\t\t\t<div class=\"elementor-element elementor-element-2490ce5 elementor-widget elementor-widget-text-editor\" data-id=\"2490ce5\" data-element_type=\"widget\" data-e-type=\"widget\" data-widget_type=\"text-editor.default\">\n\t\t\t\t<div class=\"elementor-widget-container\">\n\t\t\t\t\t\t\t\t\t<p><span class=\"relative -mx-px my-[-0.2rem] rounded px-px py-[0.2rem] transition-colors duration-100 ease-in-out\">In der Regel 5 bis 15 Jahre \u2013 abh\u00e4ngig von Zustand, Nutzung und Technologie.<\/span><\/p>\t\t\t\t\t\t\t\t<\/div>\n\t\t\t\t<\/div>\n\t\t\t\t<\/div>\n\t\t\t\t\t<\/details>\n\t\t\t\t\t\t<details id=\"e-n-accordion-item-1474\" class=\"e-n-accordion-item\" >\n\t\t\t\t<summary class=\"e-n-accordion-item-title\" data-accordion-index=\"5\" tabindex=\"-1\" aria-expanded=\"false\" aria-controls=\"e-n-accordion-item-1474\" >\n\t\t\t\t\t<span class='e-n-accordion-item-title-header'><div class=\"e-n-accordion-item-title-text\"> Welche Vorteile bieten BESS? <\/div><\/span>\n\t\t\t\t\t\t\t<span class='e-n-accordion-item-title-icon'>\n\t\t\t<span class='e-opened' ><i aria-hidden=\"true\" class=\"fas fa-minus\"><\/i><\/span>\n\t\t\t<span class='e-closed'><i aria-hidden=\"true\" class=\"fas fa-plus\"><\/i><\/span>\n\t\t<\/span>\n\n\t\t\t\t\t\t<\/summary>\n\t\t\t\t<div role=\"region\" aria-labelledby=\"e-n-accordion-item-1474\" class=\"elementor-element elementor-element-dde8b86 e-con-full e-flex e-con e-child\" data-id=\"dde8b86\" data-element_type=\"container\" data-e-type=\"container\">\n\t\t\t\t<div class=\"elementor-element elementor-element-8380ee3 elementor-widget elementor-widget-text-editor\" data-id=\"8380ee3\" data-element_type=\"widget\" data-e-type=\"widget\" data-widget_type=\"text-editor.default\">\n\t\t\t\t<div class=\"elementor-widget-container\">\n\t\t\t\t\t\t\t\t\t<p><span class=\"relative -mx-px my-[-0.2rem] rounded px-px py-[0.2rem] transition-colors duration-100 ease-in-out\">\u2013 Netzstabilit\u00e4t: Pufferfunktion bei Lastspitzen oder Einspeiseschwankungen.<\/span><br data-start=\"630\" data-end=\"633\" \/><span class=\"relative -mx-px my-[-0.2rem] rounded px-px py-[0.2rem] transition-colors duration-100 ease-in-out\">\u2013 Kostenoptimierung: Speicherung von g\u00fcnstiger Energie, Nutzung bei teuren Spitzenzeiten.<\/span><br data-start=\"672\" data-end=\"675\" \/><span class=\"relative -mx-px my-[-0.2rem] rounded px-px py-[0.2rem] transition-colors duration-100 ease-in-out\">\u2013 Unabh\u00e4ngigkeit: Autarkie bei Netzausf\u00e4llen oder instabiler Versorgung.<\/span><br data-start=\"714\" data-end=\"717\" \/><span class=\"relative -mx-px my-[-0.2rem] rounded px-px py-[0.2rem] transition-colors duration-100 ease-in-out\">\u2013 Umweltfreundlich: F\u00f6rderung erneuerbarer Energien.<\/span><\/p>\t\t\t\t\t\t\t\t<\/div>\n\t\t\t\t<\/div>\n\t\t\t\t<\/div>\n\t\t\t\t\t<\/details>\n\t\t\t\t\t\t<details id=\"e-n-accordion-item-1475\" class=\"e-n-accordion-item\" >\n\t\t\t\t<summary class=\"e-n-accordion-item-title\" data-accordion-index=\"6\" tabindex=\"-1\" aria-expanded=\"false\" aria-controls=\"e-n-accordion-item-1475\" >\n\t\t\t\t\t<span class='e-n-accordion-item-title-header'><div class=\"e-n-accordion-item-title-text\"> Wann wird gespeicherte Energie eingesetzt? <\/div><\/span>\n\t\t\t\t\t\t\t<span class='e-n-accordion-item-title-icon'>\n\t\t\t<span class='e-opened' ><i aria-hidden=\"true\" class=\"fas fa-minus\"><\/i><\/span>\n\t\t\t<span class='e-closed'><i aria-hidden=\"true\" class=\"fas fa-plus\"><\/i><\/span>\n\t\t<\/span>\n\n\t\t\t\t\t\t<\/summary>\n\t\t\t\t<div role=\"region\" aria-labelledby=\"e-n-accordion-item-1475\" class=\"elementor-element elementor-element-25e7ae2 e-con-full e-flex e-con e-child\" data-id=\"25e7ae2\" data-element_type=\"container\" data-e-type=\"container\">\n\t\t\t\t<div class=\"elementor-element elementor-element-1be73ce elementor-widget elementor-widget-text-editor\" data-id=\"1be73ce\" data-element_type=\"widget\" data-e-type=\"widget\" data-widget_type=\"text-editor.default\">\n\t\t\t\t<div class=\"elementor-widget-container\">\n\t\t\t\t\t\t\t\t\t<p><span class=\"relative -mx-px my-[-0.2rem] rounded px-px py-[0.2rem] transition-colors duration-100 ease-in-out\">\u2013 Zu Spitzenlastzeiten (teure Strompreise),<\/span><br data-start=\"889\" data-end=\"892\" \/><span class=\"relative -mx-px my-[-0.2rem] rounded px-px py-[0.2rem] transition-colors duration-100 ease-in-out\">\u2013 bei niedriger Erzeugung (z.\u202fB. nachts),<\/span><br data-start=\"931\" data-end=\"934\" \/><span class=\"relative -mx-px my-[-0.2rem] rounded px-px py-[0.2rem] transition-colors duration-100 ease-in-out\">\u2013 bei Netzausf\u00e4llen als Notstromversorgung.<\/span><\/p>\t\t\t\t\t\t\t\t<\/div>\n\t\t\t\t<\/div>\n\t\t\t\t<\/div>\n\t\t\t\t\t<\/details>\n\t\t\t\t\t\t<details id=\"e-n-accordion-item-1476\" class=\"e-n-accordion-item\" >\n\t\t\t\t<summary class=\"e-n-accordion-item-title\" data-accordion-index=\"7\" tabindex=\"-1\" aria-expanded=\"false\" aria-controls=\"e-n-accordion-item-1476\" >\n\t\t\t\t\t<span class='e-n-accordion-item-title-header'><div class=\"e-n-accordion-item-title-text\"> Sind BESS f\u00fcr private und gewerbliche Nutzer geeignet? <\/div><\/span>\n\t\t\t\t\t\t\t<span class='e-n-accordion-item-title-icon'>\n\t\t\t<span class='e-opened' ><i aria-hidden=\"true\" class=\"fas fa-minus\"><\/i><\/span>\n\t\t\t<span class='e-closed'><i aria-hidden=\"true\" class=\"fas fa-plus\"><\/i><\/span>\n\t\t<\/span>\n\n\t\t\t\t\t\t<\/summary>\n\t\t\t\t<div role=\"region\" aria-labelledby=\"e-n-accordion-item-1476\" class=\"elementor-element elementor-element-6de0e3a e-con-full e-flex e-con e-child\" data-id=\"6de0e3a\" data-element_type=\"container\" data-e-type=\"container\">\n\t\t\t\t<div class=\"elementor-element elementor-element-1f82d19 elementor-widget elementor-widget-text-editor\" data-id=\"1f82d19\" data-element_type=\"widget\" data-e-type=\"widget\" data-widget_type=\"text-editor.default\">\n\t\t\t\t<div class=\"elementor-widget-container\">\n\t\t\t\t\t\t\t\t\t<p>Ja, f\u00fcr Zuhause, Industrie und Versorgungsnetze \u2013 sie passen sich an unterschiedliche Gr\u00f6\u00dfen und Anforderungen an.<\/p>\t\t\t\t\t\t\t\t<\/div>\n\t\t\t\t<\/div>\n\t\t\t\t<\/div>\n\t\t\t\t\t<\/details>\n\t\t\t\t\t\t<details id=\"e-n-accordion-item-1477\" class=\"e-n-accordion-item\" >\n\t\t\t\t<summary class=\"e-n-accordion-item-title\" data-accordion-index=\"8\" tabindex=\"-1\" aria-expanded=\"false\" aria-controls=\"e-n-accordion-item-1477\" >\n\t\t\t\t\t<span class='e-n-accordion-item-title-header'><div class=\"e-n-accordion-item-title-text\"> Welche Komponenten hat ein BESS? <\/div><\/span>\n\t\t\t\t\t\t\t<span class='e-n-accordion-item-title-icon'>\n\t\t\t<span class='e-opened' ><i aria-hidden=\"true\" class=\"fas fa-minus\"><\/i><\/span>\n\t\t\t<span class='e-closed'><i aria-hidden=\"true\" class=\"fas fa-plus\"><\/i><\/span>\n\t\t<\/span>\n\n\t\t\t\t\t\t<\/summary>\n\t\t\t\t<div role=\"region\" aria-labelledby=\"e-n-accordion-item-1477\" class=\"elementor-element elementor-element-155d5e6 e-con-full e-flex e-con e-child\" data-id=\"155d5e6\" data-element_type=\"container\" data-e-type=\"container\">\n\t\t\t\t<div class=\"elementor-element elementor-element-bd974d0 elementor-widget elementor-widget-text-editor\" data-id=\"bd974d0\" data-element_type=\"widget\" data-e-type=\"widget\" data-widget_type=\"text-editor.default\">\n\t\t\t\t<div class=\"elementor-widget-container\">\n\t\t\t\t\t\t\t\t\t<p>\u2013 Akkuzellen\/Module<br data-start=\"1221\" data-end=\"1224\" \/>\u2013 Batteriemanagementsystem (BMS)<br data-start=\"1256\" data-end=\"1259\" \/>\u2013 Wechselrichter<br data-start=\"1275\" data-end=\"1278\" \/>\u2013 EMS (Energiemanagementsystem)<br data-start=\"1309\" data-end=\"1312\" \/><span class=\"relative -mx-px my-[-0.2rem] rounded px-px py-[0.2rem] transition-colors duration-100 ease-in-out\">\u2013 Sicherheitseinrichtungen (K\u00fchlung, Brandschutz)<\/span><\/p>\t\t\t\t\t\t\t\t<\/div>\n\t\t\t\t<\/div>\n\t\t\t\t<\/div>\n\t\t\t\t\t<\/details>\n\t\t\t\t\t\t<details id=\"e-n-accordion-item-1478\" class=\"e-n-accordion-item\" >\n\t\t\t\t<summary class=\"e-n-accordion-item-title\" data-accordion-index=\"9\" tabindex=\"-1\" aria-expanded=\"false\" aria-controls=\"e-n-accordion-item-1478\" >\n\t\t\t\t\t<span class='e-n-accordion-item-title-header'><div class=\"e-n-accordion-item-title-text\"> Welche Sicherheitsaspekte sind wichtig? <\/div><\/span>\n\t\t\t\t\t\t\t<span class='e-n-accordion-item-title-icon'>\n\t\t\t<span class='e-opened' ><i aria-hidden=\"true\" class=\"fas fa-minus\"><\/i><\/span>\n\t\t\t<span class='e-closed'><i aria-hidden=\"true\" class=\"fas fa-plus\"><\/i><\/span>\n\t\t<\/span>\n\n\t\t\t\t\t\t<\/summary>\n\t\t\t\t<div role=\"region\" aria-labelledby=\"e-n-accordion-item-1478\" class=\"elementor-element elementor-element-afc4203 e-con-full e-flex e-con e-child\" data-id=\"afc4203\" data-element_type=\"container\" data-e-type=\"container\">\n\t\t\t\t<div class=\"elementor-element elementor-element-ba3a916 elementor-widget elementor-widget-text-editor\" data-id=\"ba3a916\" data-element_type=\"widget\" data-e-type=\"widget\" data-widget_type=\"text-editor.default\">\n\t\t\t\t<div class=\"elementor-widget-container\">\n\t\t\t\t\t\t\t\t\t<p><span class=\"relative -mx-px my-[-0.2rem] rounded px-px py-[0.2rem] transition-colors duration-100 ease-in-out\">Brandschutz ist entscheidend: Systeme enthalten moderne Detektions- und L\u00f6schtechnik, physische Trennung einzelner Einheiten und strenge Standards.<\/span><\/p>\t\t\t\t\t\t\t\t<\/div>\n\t\t\t\t<\/div>\n\t\t\t\t<\/div>\n\t\t\t\t\t<\/details>\n\t\t\t\t\t\t<details id=\"e-n-accordion-item-1479\" class=\"e-n-accordion-item\" >\n\t\t\t\t<summary class=\"e-n-accordion-item-title\" data-accordion-index=\"10\" tabindex=\"-1\" aria-expanded=\"false\" aria-controls=\"e-n-accordion-item-1479\" >\n\t\t\t\t\t<span class='e-n-accordion-item-title-header'><div class=\"e-n-accordion-item-title-text\"> Gibt es Umwelt- und Regulierungsanforderungen? <\/div><\/span>\n\t\t\t\t\t\t\t<span class='e-n-accordion-item-title-icon'>\n\t\t\t<span class='e-opened' ><i aria-hidden=\"true\" class=\"fas fa-minus\"><\/i><\/span>\n\t\t\t<span class='e-closed'><i aria-hidden=\"true\" class=\"fas fa-plus\"><\/i><\/span>\n\t\t<\/span>\n\n\t\t\t\t\t\t<\/summary>\n\t\t\t\t<div role=\"region\" aria-labelledby=\"e-n-accordion-item-1479\" class=\"elementor-element elementor-element-9814222 e-con-full e-flex e-con e-child\" data-id=\"9814222\" data-element_type=\"container\" data-e-type=\"container\">\n\t\t\t\t<div class=\"elementor-element elementor-element-6ab383e elementor-widget elementor-widget-text-editor\" data-id=\"6ab383e\" data-element_type=\"widget\" data-e-type=\"widget\" data-widget_type=\"text-editor.default\">\n\t\t\t\t<div class=\"elementor-widget-container\">\n\t\t\t\t\t\t\t\t\t<p><span class=\"relative -mx-px my-[-0.2rem] rounded px-px py-[0.2rem] transition-colors duration-100 ease-in-out\">Ja: Die EU verlangt ab 2026 eine CO\u2082-Fu\u00dfabdruckkennzeichnung f\u00fcr industrielle Systeme ab 2\u202fkWh.<\/span><\/p>\t\t\t\t\t\t\t\t<\/div>\n\t\t\t\t<\/div>\n\t\t\t\t<\/div>\n\t\t\t\t\t<\/details>\n\t\t\t\t\t<\/div>\n\t\t\t\t\t\n\t\t\t\t\t\t\t<\/div>\n\t\t\t\t<\/div>\n\t\t\t\t<div class=\"elementor-element elementor-element-758120d elementor-widget elementor-widget-text-editor\" data-id=\"758120d\" data-element_type=\"widget\" data-e-type=\"widget\" data-widget_type=\"text-editor.default\">\n\t\t\t\t<div class=\"elementor-widget-container\">\n\t\t\t\t\t\t\t\t\t<p>Wenn Sie Beratung zu passenden Systemgr\u00f6\u00dfen, Kosten, F\u00f6rderung oder Genehmigung ben\u00f6tigen, helfe ich gerne weiter \u2013 sagen Sie einfach Bescheid! Quellen ChatGPT fragen<\/p>\t\t\t\t\t\t\t\t<\/div>\n\t\t\t\t<\/div>\n\t\t\t\t\t<\/div>\n\t\t\t\t<\/div>\n\t\t\t\t<\/div>\n\t\t","protected":false},"excerpt":{"rendered":"<p>Faber E-Tec biedt krachtige transformatoren voor BESS met IT\/TN-systeem, 250 kVA-20 MVA, 400V\/690V\/800V - ideaal voor opslag, PV &amp; netdiensten.<\/p>","protected":false},"author":2,"featured_media":15914,"comment_status":"closed","ping_status":"open","sticky":false,"template":"","format":"standard","meta":{"_acf_changed":false,"footnotes":""},"categories":[52],"tags":[75,37],"class_list":["post-15913","post","type-post","status-publish","format-standard","has-post-thumbnail","hentry","category-forschung-und-entwicklung","tag-bess","tag-trafostation"],"acf":[],"_links":{"self":[{"href":"https:\/\/faber-etec.de\/nl\/wp-json\/wp\/v2\/posts\/15913","targetHints":{"allow":["GET"]}}],"collection":[{"href":"https:\/\/faber-etec.de\/nl\/wp-json\/wp\/v2\/posts"}],"about":[{"href":"https:\/\/faber-etec.de\/nl\/wp-json\/wp\/v2\/types\/post"}],"author":[{"embeddable":true,"href":"https:\/\/faber-etec.de\/nl\/wp-json\/wp\/v2\/users\/2"}],"replies":[{"embeddable":true,"href":"https:\/\/faber-etec.de\/nl\/wp-json\/wp\/v2\/comments?post=15913"}],"version-history":[{"count":25,"href":"https:\/\/faber-etec.de\/nl\/wp-json\/wp\/v2\/posts\/15913\/revisions"}],"predecessor-version":[{"id":16163,"href":"https:\/\/faber-etec.de\/nl\/wp-json\/wp\/v2\/posts\/15913\/revisions\/16163"}],"wp:featuredmedia":[{"embeddable":true,"href":"https:\/\/faber-etec.de\/nl\/wp-json\/wp\/v2\/media\/15914"}],"wp:attachment":[{"href":"https:\/\/faber-etec.de\/nl\/wp-json\/wp\/v2\/media?parent=15913"}],"wp:term":[{"taxonomy":"category","embeddable":true,"href":"https:\/\/faber-etec.de\/nl\/wp-json\/wp\/v2\/categories?post=15913"},{"taxonomy":"post_tag","embeddable":true,"href":"https:\/\/faber-etec.de\/nl\/wp-json\/wp\/v2\/tags?post=15913"}],"curies":[{"name":"wp","href":"https:\/\/api.w.org\/{rel}","templated":true}]}}