{"id":17365,"date":"2025-11-21T14:03:16","date_gmt":"2025-11-21T13:03:16","guid":{"rendered":"https:\/\/faber-etec.de\/?p=17365"},"modified":"2025-11-21T16:29:02","modified_gmt":"2025-11-21T15:29:02","slug":"co2-ausstoss-reduzieren-mit-bess","status":"publish","type":"post","link":"https:\/\/faber-etec.de\/nl\/forschung-und-entwicklung\/co2-ausstoss-reduzieren-mit-bess\/","title":{"rendered":"CO\u2082-uitstoot verminderen met intelligente batterijopslagsystemen (BESS)"},"content":{"rendered":"<div data-elementor-type=\"wp-post\" data-elementor-id=\"17365\" class=\"elementor elementor-17365\" data-elementor-post-type=\"post\">\n\t\t\t\t<div class=\"elementor-element elementor-element-dba63be e-flex e-con-boxed e-con e-parent\" data-id=\"dba63be\" data-element_type=\"container\" data-e-type=\"container\">\n\t\t\t\t\t<div class=\"e-con-inner\">\n\t\t\t\t<div class=\"elementor-element elementor-element-342d805 elementor-widget elementor-widget-text-editor\" data-id=\"342d805\" data-element_type=\"widget\" data-e-type=\"widget\" data-widget_type=\"text-editor.default\">\n\t\t\t\t<div class=\"elementor-widget-container\">\n\t\t\t\t\t\t\t\t\t<h2>Waarom CO\u2082-reductie in de industrie nu cruciaal is<\/h2><p>De druk op bedrijven om <strong>CO\u2082-emissies<\/strong> neemt voortdurend toe. Stijgende energiekosten, strengere klimaatregelgeving en de groeiende verantwoordelijkheid voor duurzame productie zorgen ervoor dat steeds meer commerci\u00eble en industri\u00eble bedrijven zich richten op energie-effici\u00ebntie en decarbonisatie.<\/p><p>Een van de meest effectieve en toekomstgerichte maatregelen hier is het gebruik van moderne batterijopslagsystemen (<strong>BESS<\/strong>). Energieopslagsystemen zijn immers al lang meer dan alleen een back-up - ze vormen de kern van een intelligente, duurzame en koolstofarme energie-infrastructuur.<\/p>\t\t\t\t\t\t\t\t<\/div>\n\t\t\t\t<\/div>\n\t\t\t\t<div class=\"elementor-element elementor-element-4c26913 elementor-widget-divider--view-line elementor-widget elementor-widget-divider\" data-id=\"4c26913\" data-element_type=\"widget\" data-e-type=\"widget\" data-widget_type=\"divider.default\">\n\t\t\t\t<div class=\"elementor-widget-container\">\n\t\t\t\t\t\t\t<div class=\"elementor-divider\">\n\t\t\t<span class=\"elementor-divider-separator\">\n\t\t\t\t\t\t<\/span>\n\t\t<\/div>\n\t\t\t\t\t\t<\/div>\n\t\t\t\t<\/div>\n\t\t\t\t<div class=\"elementor-element elementor-element-3b0e00b elementor-widget elementor-widget-text-editor\" data-id=\"3b0e00b\" data-element_type=\"widget\" data-e-type=\"widget\" data-widget_type=\"text-editor.default\">\n\t\t\t\t<div class=\"elementor-widget-container\">\n\t\t\t\t\t\t\t\t\t<h3>Voordelen van BESS in commerci\u00eble toepassingen<\/h3><p>EEN BESS (<strong>Energieopslagsysteem met batterijen<\/strong>) maakt het mogelijk om hernieuwbare energie effici\u00ebnter te gebruiken. Op momenten van hoge elektriciteitsproductie - zoals wanneer er veel zonneschijn of windenergie is - wordt overtollige energie tijdelijk opgeslagen in het batterijopslagsysteem. Zodra de energievraag toeneemt of er minder elektriciteit beschikbaar is uit hernieuwbare bronnen, geeft het systeem de opgeslagen energie weer vrij.<\/p><p>Op deze manier kunnen piekbelastingen worden vermeden, kan het eigenverbruik worden verhoogd en kunnen fossiele brandstoffen gericht worden gereduceerd. Het resultaat: minder CO\u2082-uitstoot, lagere energiekosten en een grotere onafhankelijkheid van het elektriciteitsnet.<\/p>\t\t\t\t\t\t\t\t<\/div>\n\t\t\t\t<\/div>\n\t\t\t\t<div class=\"elementor-element elementor-element-6693a2f elementor-widget elementor-widget-image\" data-id=\"6693a2f\" data-element_type=\"widget\" data-e-type=\"widget\" data-widget_type=\"image.default\">\n\t\t\t\t<div class=\"elementor-widget-container\">\n\t\t\t\t\t\t\t\t\t\t\t\t<figure class=\"wp-caption\">\n\t\t\t\t\t\t\t\t\t\t<img decoding=\"async\" src=\"https:\/\/faber-etec.de\/wp-content\/uploads\/sites\/3\/elementor\/thumbs\/bess-co2-reduzierung-faber-etec-industrie-rf1a1q12oj6dff4yodfnglato0jmbiyxm73vgif918.avif\" title=\"Verminder de CO\u2082-uitstoot met BESS van Faber E-Tec - energieopslag voor industrie en handel\" alt=\"Industri\u00eble schoorsteen met CO\u2082-letters gemaakt van rook - symbolisch beeld voor uitstoot en CO\u2082-reductie met BESS batterijopslag van Faber E-Tec\" loading=\"lazy\" \/>\t\t\t\t\t\t\t\t\t\t\t<figcaption class=\"widget-image-caption wp-caption-text\">Symbolische foto voor de vermindering van CO\u2082-uitstoot: Een industri\u00eble schoorsteen stoot rook uit die de letters CO\u2082 vormt - symbool voor duurzame energie en het gebruik van energieopslagsystemen op batterijen (BESS) om de uitstoot in de industrie te verminderen.<\/figcaption>\n\t\t\t\t\t\t\t\t\t\t<\/figure>\n\t\t\t\t\t\t\t\t\t<\/div>\n\t\t\t\t<\/div>\n\t\t\t\t<div class=\"elementor-element elementor-element-3f26dea elementor-widget-divider--view-line elementor-widget elementor-widget-divider\" data-id=\"3f26dea\" data-element_type=\"widget\" data-e-type=\"widget\" data-widget_type=\"divider.default\">\n\t\t\t\t<div class=\"elementor-widget-container\">\n\t\t\t\t\t\t\t<div class=\"elementor-divider\">\n\t\t\t<span class=\"elementor-divider-separator\">\n\t\t\t\t\t\t<\/span>\n\t\t<\/div>\n\t\t\t\t\t\t<\/div>\n\t\t\t\t<\/div>\n\t\t\t\t<div class=\"elementor-element elementor-element-fdaefbe elementor-widget elementor-widget-text-editor\" data-id=\"fdaefbe\" data-element_type=\"widget\" data-e-type=\"widget\" data-widget_type=\"text-editor.default\">\n\t\t\t\t<div class=\"elementor-widget-container\">\n\t\t\t\t\t\t\t\t\t<h3>Hoe batterijopslagsystemen de CO\u2082-uitstoot verminderen<\/h3><p>Bedrijven die hun energiestromen actief beheren, kunnen niet alleen hun ecologische voetafdruk verbeteren, maar er ook economisch voordeel uit halen. Een goed gedimensioneerd batterijopslagsysteem biedt verschillende voordelen:<\/p><ol><li>Optimalisatie van zelfverbruik:<br \/>Zelf opgewekte zonne-energie wordt direct ter plaatse gebruikt - CO\u2082-neutraal en kostenbesparend.<br \/><br \/><\/li><li>Beheer van piekbelasting:<br \/>Ladingspieken worden ge\u00ebgaliseerd, wat betekent dat er minder fossiele reserve-energie nodig is.<br \/><br \/><\/li><li>Noodstroom- en back-upfunctie:<br \/>BESS stelt de stroomtoevoer veilig bij storingen in het elektriciteitsnet, vooral in kritieke industri\u00eble processen.<br \/><br \/><\/li><li>Netreli\u00ebf:<br \/>Lokale energieopslag stabiliseert het openbare elektriciteitsnet en ontlast de CO\u2082-intensieve piekbelastingscentrales.<br \/><br \/><\/li><li>Integratie van hernieuwbare energiebronnen:<br \/>Zonne- en windenergie kan volledig worden benut in plaats van ongebruikt verloren te gaan. Dit maakt BESS-systemen tot een beslissende factor op weg naar een klimaatneutrale industrie.<\/li><\/ol>\t\t\t\t\t\t\t\t<\/div>\n\t\t\t\t<\/div>\n\t\t\t\t<div class=\"elementor-element elementor-element-b115f47 elementor-cta--skin-cover elementor-cta--valign-middle elementor-bg-transform elementor-bg-transform-zoom-in elementor-widget elementor-widget-call-to-action\" data-id=\"b115f47\" data-element_type=\"widget\" data-e-type=\"widget\" data-widget_type=\"call-to-action.default\">\n\t\t\t\t<div class=\"elementor-widget-container\">\n\t\t\t\t\t\t\t<div class=\"elementor-cta\">\n\t\t\t\t\t<div class=\"elementor-cta__bg-wrapper\">\n\t\t\t\t<div class=\"elementor-cta__bg elementor-bg\" style=\"background-image: url(https:\/\/faber-etec.de\/wp-content\/uploads\/sites\/3\/2025\/11\/kompakt-trafostation-faber-etec-kompaktstation-von-unten-Perspektive-1024x444.avif);\" role=\"img\" aria-label=\"Compact transformatorstation voor middenspanning buiten - Faber E-Tec - compact transformatorstation, transformatorstation, transformator compact station, betonstation, middenspanning, fotovolta\u00efsch systeem, zonne-energie\"><\/div>\n\t\t\t\t<div class=\"elementor-cta__bg-overlay\"><\/div>\n\t\t\t<\/div>\n\t\t\t\t\t\t\t<div class=\"elementor-cta__content\">\n\t\t\t\t\n\t\t\t\t\t\t\t\t\t<h3 class=\"elementor-cta__title elementor-cta__content-item elementor-content-item\">\n\t\t\t\t\t\tBESS compact station\t\t\t\t\t<\/h3>\n\t\t\t\t\n\t\t\t\t\n\t\t\t\t\t\t\t\t\t<div class=\"elementor-cta__button-wrapper elementor-cta__content-item elementor-content-item\">\n\t\t\t\t\t<a class=\"elementor-cta__button elementor-button elementor-size-\"  href=\"https:\/\/faber-etec.de\/nl\/compactstation\/\" title=\"Compact station - Compact station aanvragen\">\n\t\t\t\t\t\tCompact station aanvragen <i aria-hidden=\"true\" class=\"fas fa-angle-right\"><\/i>\t\t\t\t\t<\/a>\n\t\t\t\t\t<\/div>\n\t\t\t\t\t\t\t<\/div>\n\t\t\t\t\t\t<\/div>\n\t\t\t\t\t\t<\/div>\n\t\t\t\t<\/div>\n\t\t\t\t<div class=\"elementor-element elementor-element-1892acc elementor-widget-divider--view-line elementor-widget elementor-widget-divider\" data-id=\"1892acc\" data-element_type=\"widget\" data-e-type=\"widget\" data-widget_type=\"divider.default\">\n\t\t\t\t<div class=\"elementor-widget-container\">\n\t\t\t\t\t\t\t<div class=\"elementor-divider\">\n\t\t\t<span class=\"elementor-divider-separator\">\n\t\t\t\t\t\t<\/span>\n\t\t<\/div>\n\t\t\t\t\t\t<\/div>\n\t\t\t\t<\/div>\n\t\t\t\t<div class=\"elementor-element elementor-element-1c6b995 elementor-widget elementor-widget-text-editor\" data-id=\"1c6b995\" data-element_type=\"widget\" data-e-type=\"widget\" data-widget_type=\"text-editor.default\">\n\t\t\t\t<div class=\"elementor-widget-container\">\n\t\t\t\t\t\t\t\t\t<h3>Onze BESS oplossingen in een oogopslag<\/h3><h4>Batterijopslag 418 kWh - compact en effici\u00ebnt<\/h4><p>Ideaal voor commerci\u00eble bedrijven die zelf zonne-energie gebruiken en piekbelastingen willen vermijden. Dit compacte batterijopslagsysteem maakt een hoog zelfverbruik mogelijk en stabiliseert de netvoeding - vooral in combinatie met fotovolta\u00efsche systemen.<\/p><h4>Batterijopslag 836 kWh - de modulaire oplossing voor de industrie<\/h4><p>Een schaalbaar batterijopslagsysteem dat de energiestroom intelligent regelt tijdens gebruik. Met een ge\u00efntegreerd EMS (Energy Management System) en LFP-technologie biedt het maximale veiligheid en effici\u00ebntie.<\/p><h4>BESS container 3.340 kWh en 5.015 kWh + transformator + PCS<\/h4><p>Voor zonneparken, industri\u00eble centra of oplaadinfrastructuur: onze BESS-containers zijn het krachtige antwoord op toenemende energiebehoeften - inclusief vloeistofkoeling, aerosol-brandblussing en robuuste IP54-bescherming. In combinatie met een Faber E-Tec compact transformatorstation ontstaat een complete energieoplossing voor klimaatvriendelijke industri\u00eble projecten.<\/p>\t\t\t\t\t\t\t\t<\/div>\n\t\t\t\t<\/div>\n\t\t\t\t<div class=\"elementor-element elementor-element-e1eadf7 elementor-widget-divider--view-line elementor-widget elementor-widget-divider\" data-id=\"e1eadf7\" data-element_type=\"widget\" data-e-type=\"widget\" data-widget_type=\"divider.default\">\n\t\t\t\t<div class=\"elementor-widget-container\">\n\t\t\t\t\t\t\t<div class=\"elementor-divider\">\n\t\t\t<span class=\"elementor-divider-separator\">\n\t\t\t\t\t\t<\/span>\n\t\t<\/div>\n\t\t\t\t\t\t<\/div>\n\t\t\t\t<\/div>\n\t\t\t\t<div class=\"elementor-element elementor-element-741ec9c elementor-widget elementor-widget-text-editor\" data-id=\"741ec9c\" data-element_type=\"widget\" data-e-type=\"widget\" data-widget_type=\"text-editor.default\">\n\t\t\t\t<div class=\"elementor-widget-container\">\n\t\t\t\t\t\t\t\t\t<h3>Faber E-Tec - holistische oplossingen voor CO2-arme energie-infrastructuur<\/h3><p>Faber E-Tec is een van de toonaangevende leveranciers op het gebied van industri\u00eble energie-infrastructuur - van compacte transformatorstations tot modulaire BESS-oplossingen. Onze producten zijn niet alleen technologisch geavanceerd, maar ook ontworpen met het oog op maximale duurzaamheid, effici\u00ebntie en veiligheid.<\/p><p>We combineren het transformatorstation en het batterijopslagsysteem tot een intelligente eenheid: energie wordt lokaal opgewekt, opgeslagen, omgezet en gebruikt - precies waar het nodig is. Dit verlaagt niet alleen de bedrijfskosten, maar vermindert ook de CO\u2082-uitstoot aanzienlijk.<\/p>\t\t\t\t\t\t\t\t<\/div>\n\t\t\t\t<\/div>\n\t\t\t\t<div class=\"elementor-element elementor-element-0ed2b51 elementor-widget elementor-widget-image\" data-id=\"0ed2b51\" data-element_type=\"widget\" data-e-type=\"widget\" data-widget_type=\"image.default\">\n\t\t\t\t<div class=\"elementor-widget-container\">\n\t\t\t\t\t\t\t\t\t\t\t\t<figure class=\"wp-caption\">\n\t\t\t\t\t\t\t\t\t\t<img decoding=\"async\" src=\"https:\/\/faber-etec.de\/wp-content\/uploads\/sites\/3\/elementor\/thumbs\/batter-sunrise-scaled-re615yydrtl1vwtw9jpq8tiksz2smil24jrqe672o0.avif\" title=\"BESS batterijopslagsystemen van Faber E-Tec - duurzame oplossingen voor energieopslag voor industrie en handel\" alt=\"BESS batterijopslagsysteem van Faber E-Tec bij zonsopgang - symbolisch beeld voor duurzame energieopslag en industri\u00eble energie-effici\u00ebntie\" loading=\"lazy\" \/>\t\t\t\t\t\t\t\t\t\t\t<figcaption class=\"widget-image-caption wp-caption-text\">Moderne batterijopslagcontainer (BESS) van Faber E-Tec in het ochtendlicht. Het beeld symboliseert de verschuiving naar duurzame oplossingen voor energieopslag en CO\u2082-reductie in industrie en handel.<\/figcaption>\n\t\t\t\t\t\t\t\t\t\t<\/figure>\n\t\t\t\t\t\t\t\t\t<\/div>\n\t\t\t\t<\/div>\n\t\t\t\t<div class=\"elementor-element elementor-element-3384b8d elementor-widget-divider--view-line elementor-widget elementor-widget-divider\" data-id=\"3384b8d\" data-element_type=\"widget\" data-e-type=\"widget\" data-widget_type=\"divider.default\">\n\t\t\t\t<div class=\"elementor-widget-container\">\n\t\t\t\t\t\t\t<div class=\"elementor-divider\">\n\t\t\t<span class=\"elementor-divider-separator\">\n\t\t\t\t\t\t<\/span>\n\t\t<\/div>\n\t\t\t\t\t\t<\/div>\n\t\t\t\t<\/div>\n\t\t\t\t<div class=\"elementor-element elementor-element-3fe972e elementor-widget elementor-widget-text-editor\" data-id=\"3fe972e\" data-element_type=\"widget\" data-e-type=\"widget\" data-widget_type=\"text-editor.default\">\n\t\t\t\t<div class=\"elementor-widget-container\">\n\t\t\t\t\t\t\t\t\t<h2>BESS + transformatorstation = CO\u2082-effici\u00ebntie op het hoogste niveau<\/h2><p data-start=\"4679\" data-end=\"4975\">Een transformatorstation is de schakel tussen het elektriciteitsnet en het opslagsysteem. Faber E-Tec ontwikkelt compacte transformatorstations die speciaal zijn ontworpen voor gebruik met BESS-systemen. Ze maken een effici\u00ebnte energiedistributie, een stabiele netfrequentie en een maximale bedrijfszekerheid mogelijk.<\/p><p data-start=\"4977\" data-end=\"5207\">De combinatie van transformatorstation en batterijopslagsysteem zorgt ervoor dat opgeslagen energie direct kan worden toegevoerd aan de industri\u00eble infrastructuur - zonder omwegen, zonder verliezen en met een meetbaar lagere CO\u2082-uitstoot.<\/p>\t\t\t\t\t\t\t\t<\/div>\n\t\t\t\t<\/div>\n\t\t\t\t<div class=\"elementor-element elementor-element-d61f3c2 elementor-widget-divider--view-line elementor-widget elementor-widget-divider\" data-id=\"d61f3c2\" data-element_type=\"widget\" data-e-type=\"widget\" data-widget_type=\"divider.default\">\n\t\t\t\t<div class=\"elementor-widget-container\">\n\t\t\t\t\t\t\t<div class=\"elementor-divider\">\n\t\t\t<span class=\"elementor-divider-separator\">\n\t\t\t\t\t\t<\/span>\n\t\t<\/div>\n\t\t\t\t\t\t<\/div>\n\t\t\t\t<\/div>\n\t\t\t\t<div class=\"elementor-element elementor-element-900e10f elementor-widget elementor-widget-text-editor\" data-id=\"900e10f\" data-element_type=\"widget\" data-e-type=\"widget\" data-widget_type=\"text-editor.default\">\n\t\t\t\t<div class=\"elementor-widget-container\">\n\t\t\t\t\t\t\t\t\t<h3>Conclusie: Toekomstbestendige CO\u2082-reductie met Faber E-Tec<\/h3><p>Bedrijven die duurzaam willen handelen, kunnen niet langer om batterijopslagsystemen heen. Ze vormen de basis van een klimaatvriendelijke energietoekomst - zuinig, veilig en effici\u00ebnt.<\/p><p>Met de BESS-systemen en transformatorstations van Faber E-Tec krijgt u niet alleen state-of-the-art technologie, maar ook een complete oplossing die actief bijdraagt aan het terugdringen van de CO\u2082-uitstoot en die uw energievoorziening naar een hoger niveau tilt.<\/p>\t\t\t\t\t\t\t\t<\/div>\n\t\t\t\t<\/div>\n\t\t\t\t<div class=\"elementor-element elementor-element-413c5ac elementor-widget-divider--view-line elementor-widget elementor-widget-divider\" data-id=\"413c5ac\" data-element_type=\"widget\" data-e-type=\"widget\" data-widget_type=\"divider.default\">\n\t\t\t\t<div class=\"elementor-widget-container\">\n\t\t\t\t\t\t\t<div class=\"elementor-divider\">\n\t\t\t<span class=\"elementor-divider-separator\">\n\t\t\t\t\t\t<\/span>\n\t\t<\/div>\n\t\t\t\t\t\t<\/div>\n\t\t\t\t<\/div>\n\t\t\t\t<div class=\"elementor-element elementor-element-70d1c26 elementor-widget elementor-widget-heading\" data-id=\"70d1c26\" data-element_type=\"widget\" data-e-type=\"widget\" data-widget_type=\"heading.default\">\n\t\t\t\t<div class=\"elementor-widget-container\">\n\t\t\t\t\t<h3 class=\"elementor-heading-title elementor-size-default\">FAQ: CO\u2082-emissies verminderen met intelligente batterijopslagsystemen (BESS)<\/h3>\t\t\t\t<\/div>\n\t\t\t\t<\/div>\n\t\t\t\t<div class=\"elementor-element elementor-element-61a034f faqaccordion elementor-widget elementor-widget-n-accordion\" data-id=\"61a034f\" data-element_type=\"widget\" data-e-type=\"widget\" data-settings=\"{&quot;default_state&quot;:&quot;all_collapsed&quot;,&quot;max_items_expended&quot;:&quot;one&quot;,&quot;n_accordion_animation_duration&quot;:{&quot;unit&quot;:&quot;ms&quot;,&quot;size&quot;:400,&quot;sizes&quot;:[]}}\" data-widget_type=\"nested-accordion.default\">\n\t\t\t\t<div class=\"elementor-widget-container\">\n\t\t\t\t\t\t\t<div class=\"e-n-accordion\" aria-label=\"Accordeon. Links openen met Enter of Spatie, sluiten met Escape en navigeren met Pijltjestoetsen\">\n\t\t\t\t\t\t<details id=\"e-n-accordion-item-1020\" class=\"e-n-accordion-item\" >\n\t\t\t\t<summary class=\"e-n-accordion-item-title\" data-accordion-index=\"1\" tabindex=\"0\" aria-expanded=\"false\" aria-controls=\"e-n-accordion-item-1020\" >\n\t\t\t\t\t<span class='e-n-accordion-item-title-header'><div class=\"e-n-accordion-item-title-text\"> Hoe draagt een BESS actief bij aan CO\u2082-reductie? <\/div><\/span>\n\t\t\t\t\t\t\t<span class='e-n-accordion-item-title-icon'>\n\t\t\t<span class='e-opened' ><i aria-hidden=\"true\" class=\"fas fa-minus\"><\/i><\/span>\n\t\t\t<span class='e-closed'><i aria-hidden=\"true\" class=\"fas fa-plus\"><\/i><\/span>\n\t\t<\/span>\n\n\t\t\t\t\t\t<\/summary>\n\t\t\t\t<div role=\"region\" aria-labelledby=\"e-n-accordion-item-1020\" class=\"elementor-element elementor-element-1e3c7fc e-con-full e-flex e-con e-child\" data-id=\"1e3c7fc\" data-element_type=\"container\" data-e-type=\"container\">\n\t\t\t\t<div class=\"elementor-element elementor-element-2b35d8a elementor-widget elementor-widget-text-editor\" data-id=\"2b35d8a\" data-element_type=\"widget\" data-e-type=\"widget\" data-widget_type=\"text-editor.default\">\n\t\t\t\t<div class=\"elementor-widget-container\">\n\t\t\t\t\t\t\t\t\t<p data-path-to-node=\"6\">Een batterij-energieopslagsysteem (BESS) vermindert de CO\u2082-uitstoot op twee manieren:<\/p><ol start=\"1\" data-path-to-node=\"7\"><li><p data-path-to-node=\"7,0,0\">Integratie van hernieuwbare energie: Het slaat overtollige elektriciteit van PV- of windkrachtcentrales op en maakt deze bruikbaar wanneer de zon niet schijnt (\u201es nachts of wanneer het bewolkt is). Dit betekent dat er minder \u201cgrijze\" netstroom (uit fossiele brandstoffen) nodig is.<\/p><\/li><li><p data-path-to-node=\"7,1,0\">Vervanging van fossiele balanceringsenergie: Zonder opslag moeten gasgestookte elektriciteitscentrales vaak opvoeren om piekbelastingen in het elektriciteitsnet op te vangen. Een BESS neemt deze taak emissievrij over.<\/p><\/li><\/ol>\t\t\t\t\t\t\t\t<\/div>\n\t\t\t\t<\/div>\n\t\t\t\t<\/div>\n\t\t\t\t\t<\/details>\n\t\t\t\t\t\t<details id=\"e-n-accordion-item-1021\" class=\"e-n-accordion-item\" >\n\t\t\t\t<summary class=\"e-n-accordion-item-title\" data-accordion-index=\"2\" tabindex=\"-1\" aria-expanded=\"false\" aria-controls=\"e-n-accordion-item-1021\" >\n\t\t\t\t\t<span class='e-n-accordion-item-title-header'><div class=\"e-n-accordion-item-title-text\"> Kan een batterijopslagsysteem dieselgeneratoren vervangen? <\/div><\/span>\n\t\t\t\t\t\t\t<span class='e-n-accordion-item-title-icon'>\n\t\t\t<span class='e-opened' ><i aria-hidden=\"true\" class=\"fas fa-minus\"><\/i><\/span>\n\t\t\t<span class='e-closed'><i aria-hidden=\"true\" class=\"fas fa-plus\"><\/i><\/span>\n\t\t<\/span>\n\n\t\t\t\t\t\t<\/summary>\n\t\t\t\t<div role=\"region\" aria-labelledby=\"e-n-accordion-item-1021\" class=\"elementor-element elementor-element-33def60 e-con-full e-flex e-con e-child\" data-id=\"33def60\" data-element_type=\"container\" data-e-type=\"container\">\n\t\t\t\t<div class=\"elementor-element elementor-element-79c1acc elementor-widget elementor-widget-text-editor\" data-id=\"79c1acc\" data-element_type=\"widget\" data-e-type=\"widget\" data-widget_type=\"text-editor.default\">\n\t\t\t\t<div class=\"elementor-widget-container\">\n\t\t\t\t\t\t\t\t\tJa, dit is een van de meest effectieve hefbomen voor klimaatbescherming in de industrie. Tot nu toe gebruikten veel bedrijven dieselaggregaten voor piekschakeling of als noodstroomvoorziening. Een BESS van Faber E-Tec vervangt deze stroomaggregaten volledig: Hij werkt geruisloos, heeft weinig onderhoud nodig en produceert geen lokale uitlaatgassen. Dit verbetert onmiddellijk de koolstofvoetafdruk van de locatie.\t\t\t\t\t\t\t\t<\/div>\n\t\t\t\t<\/div>\n\t\t\t\t<\/div>\n\t\t\t\t\t<\/details>\n\t\t\t\t\t\t<details id=\"e-n-accordion-item-1022\" class=\"e-n-accordion-item\" >\n\t\t\t\t<summary class=\"e-n-accordion-item-title\" data-accordion-index=\"3\" tabindex=\"-1\" aria-expanded=\"false\" aria-controls=\"e-n-accordion-item-1022\" >\n\t\t\t\t\t<span class='e-n-accordion-item-title-header'><div class=\"e-n-accordion-item-title-text\"> Hoe verbetert BESS de ESG-balans van mijn bedrijf? <\/div><\/span>\n\t\t\t\t\t\t\t<span class='e-n-accordion-item-title-icon'>\n\t\t\t<span class='e-opened' ><i aria-hidden=\"true\" class=\"fas fa-minus\"><\/i><\/span>\n\t\t\t<span class='e-closed'><i aria-hidden=\"true\" class=\"fas fa-plus\"><\/i><\/span>\n\t\t<\/span>\n\n\t\t\t\t\t\t<\/summary>\n\t\t\t\t<div role=\"region\" aria-labelledby=\"e-n-accordion-item-1022\" class=\"elementor-element elementor-element-53a3383 e-con-full e-flex e-con e-child\" data-id=\"53a3383\" data-element_type=\"container\" data-e-type=\"container\">\n\t\t\t\t<div class=\"elementor-element elementor-element-2ae05a0 elementor-widget elementor-widget-text-editor\" data-id=\"2ae05a0\" data-element_type=\"widget\" data-e-type=\"widget\" data-widget_type=\"text-editor.default\">\n\t\t\t\t<div class=\"elementor-widget-container\">\n\t\t\t\t\t\t\t\t\t<p>Als onderdeel van de ESG-rapportage (Environmental, Social, Governance) moeten bedrijven hun decarbonisatiestrategie\u00ebn aantonen. De installatie van een BESS wordt beschouwd als een actieve maatregel om de energie-effici\u00ebntie te verhogen en hernieuwbare energie te bevorderen. Dit verbetert je rating bij banken, investeerders en klanten die waarde hechten aan een \u201egroene toeleveringsketen\u201c.<\/p>\t\t\t\t\t\t\t\t<\/div>\n\t\t\t\t<\/div>\n\t\t\t\t<\/div>\n\t\t\t\t\t<\/details>\n\t\t\t\t\t\t<details id=\"e-n-accordion-item-1023\" class=\"e-n-accordion-item\" >\n\t\t\t\t<summary class=\"e-n-accordion-item-title\" data-accordion-index=\"4\" tabindex=\"-1\" aria-expanded=\"false\" aria-controls=\"e-n-accordion-item-1023\" >\n\t\t\t\t\t<span class='e-n-accordion-item-title-header'><div class=\"e-n-accordion-item-title-text\"> Verhoogt een BESS het aandeel eigenverbruik van mijn PV-systeem? <\/div><\/span>\n\t\t\t\t\t\t\t<span class='e-n-accordion-item-title-icon'>\n\t\t\t<span class='e-opened' ><i aria-hidden=\"true\" class=\"fas fa-minus\"><\/i><\/span>\n\t\t\t<span class='e-closed'><i aria-hidden=\"true\" class=\"fas fa-plus\"><\/i><\/span>\n\t\t<\/span>\n\n\t\t\t\t\t\t<\/summary>\n\t\t\t\t<div role=\"region\" aria-labelledby=\"e-n-accordion-item-1023\" class=\"elementor-element elementor-element-a4cc2fb e-con-full e-flex e-con e-child\" data-id=\"a4cc2fb\" data-element_type=\"container\" data-e-type=\"container\">\n\t\t\t\t<div class=\"elementor-element elementor-element-eadcbcc elementor-widget elementor-widget-text-editor\" data-id=\"eadcbcc\" data-element_type=\"widget\" data-e-type=\"widget\" data-widget_type=\"text-editor.default\">\n\t\t\t\t<div class=\"elementor-widget-container\">\n\t\t\t\t\t\t\t\t\t<p>Absoluut. In de industrie wordt zonne-energie vaak geproduceerd wanneer de vraag laag is (bijvoorbeeld in het weekend of tijdens pauzes). Zonder opslag vloeit deze groene stroom naar het elektriciteitsnet. Met een BESS wordt deze opgeslagen en gebruikt wanneer de machines op volle belasting draaien. Dit maximaliseert het eigen verbruik, verlaagt de elektriciteitsrekening en minimaliseert de koolstofvoetafdruk per geproduceerd product.<\/p>\t\t\t\t\t\t\t\t<\/div>\n\t\t\t\t<\/div>\n\t\t\t\t<\/div>\n\t\t\t\t\t<\/details>\n\t\t\t\t\t<\/div>\n\t\t\t\t\t\n\t\t\t\t\t\t\t<\/div>\n\t\t\t\t<\/div>\n\t\t\t\t\t<\/div>\n\t\t\t\t<\/div>\n\t\t\t\t<\/div>","protected":false},"excerpt":{"rendered":"<p>Moderne BESS batterijopslagsystemen van Faber E-Tec maken duurzame energie-effici\u00ebntie, lagere emissies en een stabiele, toekomstvaste energievoorziening voor handel en industrie mogelijk.<\/p>","protected":false},"author":2,"featured_media":16568,"comment_status":"closed","ping_status":"open","sticky":false,"template":"","format":"standard","meta":{"_acf_changed":false,"footnotes":""},"categories":[52],"tags":[],"class_list":["post-17365","post","type-post","status-publish","format-standard","has-post-thumbnail","hentry","category-forschung-und-entwicklung"],"acf":[],"_links":{"self":[{"href":"https:\/\/faber-etec.de\/nl\/wp-json\/wp\/v2\/posts\/17365","targetHints":{"allow":["GET"]}}],"collection":[{"href":"https:\/\/faber-etec.de\/nl\/wp-json\/wp\/v2\/posts"}],"about":[{"href":"https:\/\/faber-etec.de\/nl\/wp-json\/wp\/v2\/types\/post"}],"author":[{"embeddable":true,"href":"https:\/\/faber-etec.de\/nl\/wp-json\/wp\/v2\/users\/2"}],"replies":[{"embeddable":true,"href":"https:\/\/faber-etec.de\/nl\/wp-json\/wp\/v2\/comments?post=17365"}],"version-history":[{"count":14,"href":"https:\/\/faber-etec.de\/nl\/wp-json\/wp\/v2\/posts\/17365\/revisions"}],"predecessor-version":[{"id":17418,"href":"https:\/\/faber-etec.de\/nl\/wp-json\/wp\/v2\/posts\/17365\/revisions\/17418"}],"wp:featuredmedia":[{"embeddable":true,"href":"https:\/\/faber-etec.de\/nl\/wp-json\/wp\/v2\/media\/16568"}],"wp:attachment":[{"href":"https:\/\/faber-etec.de\/nl\/wp-json\/wp\/v2\/media?parent=17365"}],"wp:term":[{"taxonomy":"category","embeddable":true,"href":"https:\/\/faber-etec.de\/nl\/wp-json\/wp\/v2\/categories?post=17365"},{"taxonomy":"post_tag","embeddable":true,"href":"https:\/\/faber-etec.de\/nl\/wp-json\/wp\/v2\/tags?post=17365"}],"curies":[{"name":"wp","href":"https:\/\/api.w.org\/{rel}","templated":true}]}}