{"id":17838,"date":"2025-12-15T23:52:52","date_gmt":"2025-12-15T22:52:52","guid":{"rendered":"https:\/\/faber-etec.de\/?p=17838"},"modified":"2025-12-15T23:52:59","modified_gmt":"2025-12-15T22:52:59","slug":"pv-solar-bess-zwischenspeicherung","status":"publish","type":"post","link":"https:\/\/faber-etec.de\/nl\/forschung-und-entwicklung\/pv-solar-bess-zwischenspeicherung\/","title":{"rendered":"Tussentijdse PV-opslag: effici\u00ebnt gebruik van zonne-energie met commerci\u00eble batterijopslagsystemen"},"content":{"rendered":"<p>Fotovolta\u00efsche systemen spelen een centrale rol in de moderne energiestrategie van bedrijven. Exploitanten worden echter vaak geconfronteerd met een fysiek probleem: de opwekking van elektriciteit loopt zelden synchroon met het verbruik. s Middags produceert het PV-systeem grote overschotten, terwijl de energievraag in de productie en logistiek vaak 's ochtends of 's avonds het hoogst is.<\/p>\n\n\n\n<p>Hier komen <strong>BESS-systemen (batterij-energieopslagsystemen)<\/strong> in het spel komen. Ze dichten de kloof tussen opwekking en gebruik door te fungeren als intelligente energieopslagsystemen.<\/p>\n\n\n\n<h2 class=\"wp-block-heading\">Waarom PV tussentijdse opslag cruciaal is voor de commerci\u00eble sector<\/h2>\n\n\n\n<p>Met stijgende elektriciteitsprijzen en volatiele energiemarkten is de <strong>Eigen verbruik<\/strong> is altijd waardevoller dan het simpelweg terugleveren aan het elektriciteitsnet. Een batterijopslagsysteem zorgt ervoor dat uw zonne-energie niet voor een paar cent wordt verkocht, maar intern wordt gebruikt - precies wanneer uw machines of laadstations het nodig hebben.<\/p>\n\n\n\n<p><strong>De voordelen voor bedrijven op een rij:<\/strong><\/p>\n\n\n\n<ul class=\"wp-block-list\">\n<li><strong>Toename van zelfconsumptie:<\/strong> Maximaal gebruik van zelf geproduceerde, goedkope elektriciteit.<\/li>\n\n\n\n<li><strong>Kostenbesparing:<\/strong> Minder dure netinkoop bij de energieleverancier.<\/li>\n\n\n\n<li><strong>Peak shaving (beheer van piekbelasting):<\/strong> Vermijden van dure stroompieken die de netwerktarieven opdrijven.<\/li>\n\n\n\n<li><strong>Bevoorradingszekerheid:<\/strong> Stabiele energielevering, zelfs bij netschommelingen.<\/li>\n\n\n\n<li><strong>Onafhankelijkheid:<\/strong> Minder invloed van externe elektriciteitsprijsstijgingen.<\/li>\n<\/ul>\n\n\n\n<h2 class=\"wp-block-heading\">Technologie: hoe het BESS-systeem werkt<\/h2>\n\n\n\n<p>Een commercieel opslagsysteem is meer dan alleen een batterij. Het middelpunt is de <strong>EMS (energiebeheersysteem)<\/strong>. PV-systemen leveren gelijkstroom, die wordt gebufferd in het opslagsysteem. Het EMS beslist in realtime en volledig automatisch over de energiestromen:<\/p>\n\n\n\n<ol start=\"1\" class=\"wp-block-list\">\n<li><strong>Wanneer laad je?<\/strong> (Met PV-overschot)<\/li>\n\n\n\n<li><strong>Wanneer los je?<\/strong> (Voor hoog verbruik of dure elektriciteitsprijzen)<\/li>\n\n\n\n<li><strong>Wanneer wordt het afgetopt?<\/strong> (vermindering van piekbelastingen)<\/li>\n<\/ol>\n\n\n\n<p>Het resultaat is een intelligent, dynamisch energieprofiel dat de kostenstructuur van uw bedrijf optimaliseert.<\/p>\n\n\n\n<h2 class=\"wp-block-heading\">Welke opslaggrootte is zinvol voor uw bedrijf?<\/h2>\n\n\n\n<p>Faber E-Tec biedt schaalbare oplossingen die precies zijn afgestemd op de opwekkingscapaciteit van uw PV-systeem en uw belastingsprofiel:<\/p>\n\n\n\n<h3 class=\"wp-block-heading\">Greencube 418 kWh - Voor kleine commerci\u00eble toepassingen<\/h3>\n\n\n\n<p>Het instapmodel is ideaal voor ambachtelijke bedrijven of kantoorgebouwen met een PV-vermogen van ongeveer. <strong>50-150 kW<\/strong>.<\/p>\n\n\n\n<h3 class=\"wp-block-heading\">Greencube 835 kWh - De standaard voor middelgrote bedrijven<\/h3>\n\n\n\n<p>Perfect voor magazijnen, autodealers, supermarkten of winkelcentra. Dit opslagsysteem biedt voldoende capaciteit om 's nachts basisbelastingen te dekken.<\/p>\n\n\n\n<h3 class=\"wp-block-heading\">BESS Container 3.340 tot 5.015 kWh - De industri\u00eble oplossing<\/h3>\n\n\n\n<p>Voor energie-intensieve industri\u00eble bedrijven en zonneparken. De <strong>5.015 kWh Container<\/strong> overtuigt met een optreden van <strong>2,5 MW<\/strong> en biedt doorslaggevende voordelen:<\/p>\n\n\n\n<ul class=\"wp-block-list\">\n<li>Absorptie van extreem hoge laadstromen van grote PV-systemen.<\/li>\n\n\n\n<li>Mogelijkheid tot parallelle werking van meerdere containers (multi-megawatt bereik).<\/li>\n\n\n\n<li>Maximale netoptimalisatie en zelfvoorziening.<\/li>\n<\/ul>\n\n\n\n<h2 class=\"wp-block-heading\">Praktijkvoorbeeld: Zelfverbruik verhogen en kosten verlagen<\/h2>\n\n\n\n<p>Hoe be\u00efnvloedt een opslagfaciliteit de cijfers eigenlijk? Laten we eens kijken naar een bedrijf met een <strong>500 kWp PV-systeem<\/strong> op het dak:<\/p>\n\n\n\n<ul class=\"wp-block-list\">\n<li><strong>Zonder geheugen:<\/strong> Het aandeel van zelfconsumptie is vaak slechts ca. <strong>40 %<\/strong>. De rest wordt tegen lage kosten aan het net geleverd, terwijl dure netstroom moet worden gekocht.<\/li>\n\n\n\n<li><strong>Met 835 kWh BESS:<\/strong> Het zelfverbruik neemt toe tot ca. <strong>75 %<\/strong>.<\/li>\n\n\n\n<li><strong>Met 5 MWh container:<\/strong> Met een geschikt ontwerp kan zelfverbruik van <strong>90 % en meer<\/strong> mogelijk.<\/li>\n<\/ul>\n\n\n\n<p>De economische besparingen zijn het resultaat van drie factoren: Minder netverbruik, lagere netwerktarieven door lagere piekbelastingen en geoptimaliseerd gebruik van eigen energie.<\/p>\n\n\n\n<h2 class=\"wp-block-heading\">Alles uit \u00e9\u00e9n hand: integratie met transformatorstations<\/h2>\n\n\n\n<p>Een opslagsysteem alleen is vaak niet voldoende - de aansluiting op het middenspanningsnet moet worden gewaarborgd. Faber E-Tec biedt geschikte <strong>Compacte transformatorstations<\/strong>.<\/p>\n\n\n\n<p>Zo krijg je een complete, geharmoniseerde energie-infrastructuur:<\/p>\n\n\n\n<ol start=\"1\" class=\"wp-block-list\">\n<li>PV-systeem (integratie)<\/li>\n\n\n\n<li>BESS-opslagsysteem<\/li>\n\n\n\n<li>Transformatorstation<\/li>\n\n\n\n<li>Aansluiting op het lichtnet<\/li>\n<\/ol>\n\n\n\n<h2 class=\"wp-block-heading\">Conclusie: tussentijdse PV-opslag wordt de economische standaard<\/h2>\n\n\n\n<p>Als u effici\u00ebnt gebruik wilt maken van zonne-energie op commerci\u00eble schaal, kunt u niet om batterijopslagsystemen heen. BESS-systemen veranderen een eenvoudig PV-systeem in een intelligente energiecentrale die uw bedrijfskosten duurzaam verlaagt en planningszekerheid cre\u00ebert.<\/p>","protected":false},"excerpt":{"rendered":"<p>Gebruik uw zonne-energie effici\u00ebnt: Commerci\u00eble batterijopslagsystemen (BESS) verhogen het eigen verbruik tot 90% en verlagen de netkosten. Ontdek hier meer!<\/p>","protected":false},"author":2,"featured_media":17755,"comment_status":"closed","ping_status":"open","sticky":false,"template":"","format":"standard","meta":{"_acf_changed":false,"footnotes":""},"categories":[52],"tags":[],"class_list":["post-17838","post","type-post","status-publish","format-standard","has-post-thumbnail","hentry","category-forschung-und-entwicklung"],"acf":[],"_links":{"self":[{"href":"https:\/\/faber-etec.de\/nl\/wp-json\/wp\/v2\/posts\/17838","targetHints":{"allow":["GET"]}}],"collection":[{"href":"https:\/\/faber-etec.de\/nl\/wp-json\/wp\/v2\/posts"}],"about":[{"href":"https:\/\/faber-etec.de\/nl\/wp-json\/wp\/v2\/types\/post"}],"author":[{"embeddable":true,"href":"https:\/\/faber-etec.de\/nl\/wp-json\/wp\/v2\/users\/2"}],"replies":[{"embeddable":true,"href":"https:\/\/faber-etec.de\/nl\/wp-json\/wp\/v2\/comments?post=17838"}],"version-history":[{"count":1,"href":"https:\/\/faber-etec.de\/nl\/wp-json\/wp\/v2\/posts\/17838\/revisions"}],"predecessor-version":[{"id":17840,"href":"https:\/\/faber-etec.de\/nl\/wp-json\/wp\/v2\/posts\/17838\/revisions\/17840"}],"wp:featuredmedia":[{"embeddable":true,"href":"https:\/\/faber-etec.de\/nl\/wp-json\/wp\/v2\/media\/17755"}],"wp:attachment":[{"href":"https:\/\/faber-etec.de\/nl\/wp-json\/wp\/v2\/media?parent=17838"}],"wp:term":[{"taxonomy":"category","embeddable":true,"href":"https:\/\/faber-etec.de\/nl\/wp-json\/wp\/v2\/categories?post=17838"},{"taxonomy":"post_tag","embeddable":true,"href":"https:\/\/faber-etec.de\/nl\/wp-json\/wp\/v2\/tags?post=17838"}],"curies":[{"name":"wp","href":"https:\/\/api.w.org\/{rel}","templated":true}]}}